{"id":4559,"date":"2018-09-28T09:58:41","date_gmt":"2018-09-28T12:58:41","guid":{"rendered":"https:\/\/www.suno.com.br\/noticias\/?p=4559"},"modified":"2018-09-28T12:46:02","modified_gmt":"2018-09-28T15:46:02","slug":"bolsonaro-escondeu-furtou-agressivo","status":"publish","type":"post","link":"https:\/\/www.suno.com.br\/noticias\/bolsonaro-escondeu-furtou-agressivo\/","title":{"rendered":"Bolsonaro escondeu bens, tinha renda inexplicada, furtou cofre e era agressivo, acusa processo de ex-mulher"},"content":{"rendered":"<p>Jair Bolsonaro (PSL) est\u00e1 mais uma vez no centro das controv\u00e9rsias. A mat\u00e9ria de capa da revista Veja desta semana faz diversas den\u00fancias contra o candidato baseada em um processo da ex-mulher do deputado, de mais de 500 p\u00e1ginas.<\/p>\t<div class=\"wrapper-featured-image\">\n\t\t<figure class=\"spotlightImg\">\n\n\t\t\t<picture>\n\t\t\t\t<source media=\"(max-width: 768px)\" srcset=\"https:\/\/files.sunoresearch.com.br\/n\/uploads\/2018\/09\/8410b2ab-veja-o-processo-400x200.webp\">\n\t\t\t\t<img loading=\"lazy\" decoding=\"async\" class=\"newsContent__article__imgCapa lazyloadDisabled newsContent__article__imgCapa--noCaption\" src=\"https:\/\/files.sunoresearch.com.br\/n\/uploads\/2018\/09\/8410b2ab-veja-o-processo.jpg\" width=\"800\" height=\"450\" alt=\"Bolsonaro escondeu bens, tinha renda inexplicada, furtou cofre e era agressivo, acusa processo de ex-mulher\" fetchpriority=high \/>\n\t\t\t<\/picture>\n\n\t\t\t<figcaption class=\"wp-caption-text wp-caption-text--hide\"><\/figcaption>\n\t\t<\/figure>\n\t<\/div>\n\n\n<p>O documento \u00e9 de 2008 e a revista aponta alguns pontos principais do seu cont\u00e9udo: primeiro, o fato de que Bolsonaro teria escondido recursos da Justi\u00e7a Eleitoral. O processo, que envolve disputas sobre a pens\u00e3o paga ao filho, inclui uma declara\u00e7\u00e3o de Imposto de Renda que mostra que o atual candidato teria R$4 milh\u00f5es em bens na \u00e9poca, muito acima dos R$400 mil que declarou ao TSE.<\/p>\n<p>Os bens n\u00e3o declarados \u00e0 Justi\u00e7a Eleitoral e que fazem parte da declara\u00e7\u00e3o contida no processo incluem tr\u00eas casas, um apartamento, uma sala comercial e cinco lotes que, somados, chegariam a R$ 7,8 milh\u00f5es nos valores de hoje.<\/p>\n<p>Ana Cristina Siqueira Valle, que hoje \u00e9 candidata a deputada usando o nome Cristina Bolsonaro, tamb\u00e9m afirma no documento que o deputado teria &#8220;pr\u00f3spera condi\u00e7\u00e3o financeira&#8221;, ganhando cerca de R$100 mil por m\u00eas. Seus proventos como capit\u00e3o da reserva e deputado, no entanto, somavam um ter\u00e7o disso. Ela cita &#8220;outros proventos&#8221; como a fonte da renda adicional, sem especific\u00e1-los.<\/p>\n<p>A mat\u00e9ria tamb\u00e9m cita a ocasi\u00e3o do furto de um cofre de uma ag\u00eancia do Banco do Brasil no centro do Rio. O cofre pertencia a Cristina e, segundo ela, foi esvaziado por Bolsonaro, que teria roubado os conte\u00fados somando\u00a0 cerca de R$1,6 milh\u00e3o nos valores de hoje.<\/p>\n<p>A Veja conversou com um dos gerentes do banco na \u00e9poca, Alberto Carraz, que diz ser amigo do candidato at\u00e9 hoje. Ele confirmou que ambos possu\u00edam cofres no banco e que os conte\u00fados do cofre dela sumiram. Quando Bolsonaro soube que a ex-mulher registrou um boletim de ocorr\u00eancia a respeito, teria dito que &#8220;resolveria a quest\u00e3o&#8221;.<\/p>\n<p>Por fim, o texto da Veja cita os pontos em que Cristina cita a &#8220;desmedida agressividade&#8221; e &#8220;comportamento explosivo&#8221; de Bolsonaro, somando-se \u00e0 reportagem da Folha de S. Paulo do in\u00edcio da semana que indica que ela fugiu do pa\u00eds ap\u00f3s ser amea\u00e7ada de morte pelo deputado. Questionada pela Veja, Cristina negou e disse que &#8220;quando voc\u00ea est\u00e1 magoado, fala coisas que n\u00e3o deveria&#8221; e elogiou a dignidade e carinho do deputado. Sobre as quest\u00f5es financeiras, desconversou e disse n\u00e3o lembrar ter dito isso.<\/p>\n<p>A controv\u00e9rsia veio no mesmo dia em que o candidato a vice-presidente de Bolsonaro, General Mour\u00e3o, atacou os direitos trabalhistas de d\u00e9cimo-terceiro sal\u00e1rio e adicional de f\u00e9rias, abrindo-se a ataques de oponentes.<\/p>\n","protected":false},"excerpt":{"rendered":"<p>Jair Bolsonaro (PSL) est\u00e1 mais uma vez no centro das controv\u00e9rsias. A mat\u00e9ria de capa da revista Veja desta semana faz diversas den\u00fancias contra o candidato baseada em um processo da ex-mulher do deputado, de mais de 500 p\u00e1ginas. O documento \u00e9 de 2008 e a revista aponta alguns pontos principais do seu cont\u00e9udo: primeiro, [&hellip;]<\/p>\n","protected":false},"author":5,"featured_media":4560,"comment_status":"closed","ping_status":"closed","sticky":false,"template":"","format":"standard","meta":[],"categories":[61],"tags":[697,719],"suno_strategy":[],"class_list":["post-4559","post","type-post","status-publish","format-standard","has-post-thumbnail","hentry","category-politica","tag-eleicoes","tag-jair-bolsonaro"],"yoast_head":"<!-- This site is optimized with the Yoast SEO plugin v24.4 - https:\/\/yoast.com\/wordpress\/plugins\/seo\/ -->\n<title>Bolsonaro escondeu bens, tinha renda inexplicada, furtou cofre e era agressivo, acusa processo de ex-mulher<\/title>\n<meta name=\"description\" content=\"Mat\u00e9ria de capa da revista faz diversas den\u00fancias com base em processo de 2008 protocolado pela ex-mulher do candidato. Clique para saber mais.\" \/>\n<meta name=\"robots\" content=\"index, follow, max-snippet:-1, max-image-preview:large, max-video-preview:-1\" \/>\n<link rel=\"canonical\" href=\"https:\/\/www.suno.com.br\/noticias\/bolsonaro-escondeu-furtou-agressivo\/\" \/>\n<meta property=\"og:locale\" content=\"pt_BR\" \/>\n<meta property=\"og:type\" content=\"article\" \/>\n<meta property=\"og:title\" content=\"Bolsonaro escondeu bens, tinha renda inexplicada, furtou cofre e era agressivo, acusa processo de ex-mulher\" \/>\n<meta property=\"og:description\" content=\"Mat\u00e9ria de capa da revista faz diversas den\u00fancias com base em processo de 2008 protocolado pela ex-mulher do candidato. Clique para saber mais.\" \/>\n<meta property=\"og:url\" content=\"https:\/\/www.suno.com.br\/noticias\/bolsonaro-escondeu-furtou-agressivo\/\" \/>\n<meta property=\"og:site_name\" content=\"Suno Not\u00edcias\" \/>\n<meta property=\"article:publisher\" content=\"https:\/\/facebook.com\/sunoresearch\" \/>\n<meta property=\"article:author\" content=\"https:\/\/www.linkedin.com\/in\/daniel-quandt-a49985110\/\" \/>\n<meta property=\"og:image\" content=\"https:\/\/files.sunoresearch.com.br\/n\/uploads\/2018\/09\/8410b2ab-veja-o-processo.jpg\" \/>\n\t<meta property=\"og:image:width\" content=\"570\" \/>\n\t<meta property=\"og:image:height\" content=\"750\" \/>\n\t<meta property=\"og:image:type\" content=\"image\/jpeg\" \/>\n<meta name=\"author\" content=\"Daniel Quandt\" \/>\n<meta name=\"twitter:card\" content=\"summary_large_image\" \/>\n<meta name=\"twitter:creator\" content=\"@sunoresearch\" \/>\n<meta name=\"twitter:site\" content=\"@sunoresearch\" \/>\n<meta name=\"twitter:label1\" content=\"Escrito por\" \/>\n\t<meta name=\"twitter:data1\" content=\"Daniel Quandt\" \/>\n\t<meta name=\"twitter:label2\" content=\"Est. tempo de leitura\" \/>\n\t<meta name=\"twitter:data2\" content=\"2 minutos\" \/>\n<script type=\"application\/ld+json\" class=\"yoast-schema-graph\">{\"@context\":\"https:\/\/schema.org\",\"@graph\":[{\"@type\":\"NewsArticle\",\"@id\":\"https:\/\/www.suno.com.br\/noticias\/bolsonaro-escondeu-furtou-agressivo\/#article\",\"isPartOf\":{\"@id\":\"https:\/\/www.suno.com.br\/noticias\/bolsonaro-escondeu-furtou-agressivo\/\"},\"author\":{\"name\":\"Daniel Quandt\",\"@id\":\"https:\/\/www.suno.com.br\/noticias\/#\/schema\/person\/eca2bab82984722db00d1e6facd8bb26\"},\"headline\":\"Bolsonaro escondeu bens, tinha renda inexplicada, furtou cofre e era agressivo, acusa processo de ex-mulher\",\"datePublished\":\"2018-09-28T12:58:41+00:00\",\"dateModified\":\"2018-09-28T15:46:02+00:00\",\"mainEntityOfPage\":{\"@id\":\"https:\/\/www.suno.com.br\/noticias\/bolsonaro-escondeu-furtou-agressivo\/\"},\"wordCount\":474,\"publisher\":{\"@id\":\"https:\/\/www.suno.com.br\/noticias\/#organization\"},\"image\":{\"@id\":\"https:\/\/www.suno.com.br\/noticias\/bolsonaro-escondeu-furtou-agressivo\/#primaryimage\"},\"thumbnailUrl\":\"https:\/\/files.sunoresearch.com.br\/n\/uploads\/2018\/09\/8410b2ab-veja-o-processo.jpg\",\"keywords\":[\"Elei\u00e7\u00f5es\",\"Jair Bolsonaro\"],\"articleSection\":[\"Pol\u00edtica\"],\"inLanguage\":\"pt-BR\"},{\"@type\":\"WebPage\",\"@id\":\"https:\/\/www.suno.com.br\/noticias\/bolsonaro-escondeu-furtou-agressivo\/\",\"url\":\"https:\/\/www.suno.com.br\/noticias\/bolsonaro-escondeu-furtou-agressivo\/\",\"name\":\"Bolsonaro escondeu bens, tinha renda inexplicada, furtou cofre e era agressivo, acusa processo de ex-mulher\",\"isPartOf\":{\"@id\":\"https:\/\/www.suno.com.br\/noticias\/#website\"},\"primaryImageOfPage\":{\"@id\":\"https:\/\/www.suno.com.br\/noticias\/bolsonaro-escondeu-furtou-agressivo\/#primaryimage\"},\"image\":{\"@id\":\"https:\/\/www.suno.com.br\/noticias\/bolsonaro-escondeu-furtou-agressivo\/#primaryimage\"},\"thumbnailUrl\":\"https:\/\/files.sunoresearch.com.br\/n\/uploads\/2018\/09\/8410b2ab-veja-o-processo.jpg\",\"datePublished\":\"2018-09-28T12:58:41+00:00\",\"dateModified\":\"2018-09-28T15:46:02+00:00\",\"description\":\"Mat\u00e9ria de capa da revista faz diversas den\u00fancias com base em processo de 2008 protocolado pela ex-mulher do candidato. Clique para saber mais.\",\"breadcrumb\":{\"@id\":\"https:\/\/www.suno.com.br\/noticias\/bolsonaro-escondeu-furtou-agressivo\/#breadcrumb\"},\"inLanguage\":\"pt-BR\",\"potentialAction\":[{\"@type\":\"ReadAction\",\"target\":[\"https:\/\/www.suno.com.br\/noticias\/bolsonaro-escondeu-furtou-agressivo\/\"]}]},{\"@type\":\"ImageObject\",\"inLanguage\":\"pt-BR\",\"@id\":\"https:\/\/www.suno.com.br\/noticias\/bolsonaro-escondeu-furtou-agressivo\/#primaryimage\",\"url\":\"https:\/\/files.sunoresearch.com.br\/n\/uploads\/2018\/09\/8410b2ab-veja-o-processo.jpg\",\"contentUrl\":\"https:\/\/files.sunoresearch.com.br\/n\/uploads\/2018\/09\/8410b2ab-veja-o-processo.jpg\",\"width\":570,\"height\":750},{\"@type\":\"BreadcrumbList\",\"@id\":\"https:\/\/www.suno.com.br\/noticias\/bolsonaro-escondeu-furtou-agressivo\/#breadcrumb\",\"itemListElement\":[{\"@type\":\"ListItem\",\"position\":1,\"name\":\"Not\u00edcias\",\"item\":\"https:\/\/www.suno.com.br\/noticias\/\"},{\"@type\":\"ListItem\",\"position\":2,\"name\":\"Pol\u00edtica\",\"item\":\"https:\/\/www.suno.com.br\/noticias\/politica\/\"},{\"@type\":\"ListItem\",\"position\":3,\"name\":\"Bolsonaro escondeu bens, tinha renda inexplicada, furtou cofre e era agressivo, acusa processo de ex-mulher\"}]},{\"@type\":\"WebSite\",\"@id\":\"https:\/\/www.suno.com.br\/noticias\/#website\",\"url\":\"https:\/\/www.suno.com.br\/noticias\/\",\"name\":\"Suno Not\u00edcias\",\"description\":\"Seu portal de informa\u00e7\u00e3o sobre o mundo dos investimentos\",\"publisher\":{\"@id\":\"https:\/\/www.suno.com.br\/noticias\/#organization\"},\"potentialAction\":[{\"@type\":\"SearchAction\",\"target\":{\"@type\":\"EntryPoint\",\"urlTemplate\":\"https:\/\/www.suno.com.br\/noticias\/?s={search_term_string}\"},\"query-input\":{\"@type\":\"PropertyValueSpecification\",\"valueRequired\":true,\"valueName\":\"search_term_string\"}}],\"inLanguage\":\"pt-BR\"},{\"@type\":\"Organization\",\"@id\":\"https:\/\/www.suno.com.br\/noticias\/#organization\",\"name\":\"Suno Not\u00edcias\",\"url\":\"https:\/\/www.suno.com.br\/noticias\/\",\"logo\":{\"@type\":\"ImageObject\",\"inLanguage\":\"pt-BR\",\"@id\":\"https:\/\/www.suno.com.br\/noticias\/#\/schema\/logo\/image\/\",\"url\":\"https:\/\/files.sunoresearch.com.br\/n\/uploads\/2021\/09\/suno-logo.png\",\"contentUrl\":\"https:\/\/files.sunoresearch.com.br\/n\/uploads\/2021\/09\/suno-logo.png\",\"width\":180,\"height\":180,\"caption\":\"Suno Not\u00edcias\"},\"image\":{\"@id\":\"https:\/\/www.suno.com.br\/noticias\/#\/schema\/logo\/image\/\"},\"sameAs\":[\"https:\/\/facebook.com\/sunoresearch\",\"https:\/\/x.com\/sunoresearch\",\"https:\/\/www.instagram.com\/suno\",\"https:\/\/www.linkedin.com\/company\/suno-research\/\",\"https:\/\/www.youtube.com\/c\/sunoresearch\"]},{\"@type\":\"Person\",\"@id\":\"https:\/\/www.suno.com.br\/noticias\/#\/schema\/person\/eca2bab82984722db00d1e6facd8bb26\",\"name\":\"Daniel Quandt\",\"image\":{\"@type\":\"ImageObject\",\"inLanguage\":\"pt-BR\",\"@id\":\"https:\/\/www.suno.com.br\/noticias\/#\/schema\/person\/image\/\",\"url\":\"https:\/\/secure.gravatar.com\/avatar\/5faf4378f9fbf4557a5836a88d66f99a?s=96&r=g\",\"contentUrl\":\"https:\/\/secure.gravatar.com\/avatar\/5faf4378f9fbf4557a5836a88d66f99a?s=96&r=g\",\"caption\":\"Daniel Quandt\"},\"description\":\"Aluno da Universidade de S\u00e3o Paulo, Daniel Quandt escreve sobre economia, mercado financeiro e pol\u00edtica no portal da Suno Research. J\u00e1 passou pela Ag\u00eancia USP de Inova\u00e7\u00e3o e pela startup de v\u00eddeo em blockchain Paratii, desenvolvendo seu conhecimento da aplica\u00e7\u00e3o de tecnologia de ponta ao mercado.\",\"sameAs\":[\"https:\/\/www.suno.com.br\/\",\"https:\/\/www.linkedin.com\/in\/daniel-quandt-a49985110\/\"],\"url\":\"https:\/\/www.suno.com.br\/noticias\/author\/daniel-quandt\/\"}]}<\/script>\n<!-- \/ Yoast SEO plugin. -->","yoast_head_json":{"title":"Bolsonaro escondeu bens, tinha renda inexplicada, furtou cofre e era agressivo, acusa processo de ex-mulher","description":"Mat\u00e9ria de capa da revista faz diversas den\u00fancias com base em processo de 2008 protocolado pela ex-mulher do candidato. Clique para saber mais.","robots":{"index":"index","follow":"follow","max-snippet":"max-snippet:-1","max-image-preview":"max-image-preview:large","max-video-preview":"max-video-preview:-1"},"canonical":"https:\/\/www.suno.com.br\/noticias\/bolsonaro-escondeu-furtou-agressivo\/","og_locale":"pt_BR","og_type":"article","og_title":"Bolsonaro escondeu bens, tinha renda inexplicada, furtou cofre e era agressivo, acusa processo de ex-mulher","og_description":"Mat\u00e9ria de capa da revista faz diversas den\u00fancias com base em processo de 2008 protocolado pela ex-mulher do candidato. Clique para saber mais.","og_url":"https:\/\/www.suno.com.br\/noticias\/bolsonaro-escondeu-furtou-agressivo\/","og_site_name":"Suno Not\u00edcias","article_publisher":"https:\/\/facebook.com\/sunoresearch","article_author":"https:\/\/www.linkedin.com\/in\/daniel-quandt-a49985110\/","og_image":[{"width":570,"height":750,"url":"https:\/\/files.sunoresearch.com.br\/n\/uploads\/2018\/09\/8410b2ab-veja-o-processo.jpg","type":"image\/jpeg"}],"author":"Daniel Quandt","twitter_card":"summary_large_image","twitter_creator":"@sunoresearch","twitter_site":"@sunoresearch","twitter_misc":{"Escrito por":"Daniel Quandt","Est. tempo de leitura":"2 minutos"},"schema":{"@context":"https:\/\/schema.org","@graph":[{"@type":"NewsArticle","@id":"https:\/\/www.suno.com.br\/noticias\/bolsonaro-escondeu-furtou-agressivo\/#article","isPartOf":{"@id":"https:\/\/www.suno.com.br\/noticias\/bolsonaro-escondeu-furtou-agressivo\/"},"author":{"name":"Daniel Quandt","@id":"https:\/\/www.suno.com.br\/noticias\/#\/schema\/person\/eca2bab82984722db00d1e6facd8bb26"},"headline":"Bolsonaro escondeu bens, tinha renda inexplicada, furtou cofre e era agressivo, acusa processo de ex-mulher","datePublished":"2018-09-28T12:58:41+00:00","dateModified":"2018-09-28T15:46:02+00:00","mainEntityOfPage":{"@id":"https:\/\/www.suno.com.br\/noticias\/bolsonaro-escondeu-furtou-agressivo\/"},"wordCount":474,"publisher":{"@id":"https:\/\/www.suno.com.br\/noticias\/#organization"},"image":{"@id":"https:\/\/www.suno.com.br\/noticias\/bolsonaro-escondeu-furtou-agressivo\/#primaryimage"},"thumbnailUrl":"https:\/\/files.sunoresearch.com.br\/n\/uploads\/2018\/09\/8410b2ab-veja-o-processo.jpg","keywords":["Elei\u00e7\u00f5es","Jair Bolsonaro"],"articleSection":["Pol\u00edtica"],"inLanguage":"pt-BR"},{"@type":"WebPage","@id":"https:\/\/www.suno.com.br\/noticias\/bolsonaro-escondeu-furtou-agressivo\/","url":"https:\/\/www.suno.com.br\/noticias\/bolsonaro-escondeu-furtou-agressivo\/","name":"Bolsonaro escondeu bens, tinha renda inexplicada, furtou cofre e era agressivo, acusa processo de ex-mulher","isPartOf":{"@id":"https:\/\/www.suno.com.br\/noticias\/#website"},"primaryImageOfPage":{"@id":"https:\/\/www.suno.com.br\/noticias\/bolsonaro-escondeu-furtou-agressivo\/#primaryimage"},"image":{"@id":"https:\/\/www.suno.com.br\/noticias\/bolsonaro-escondeu-furtou-agressivo\/#primaryimage"},"thumbnailUrl":"https:\/\/files.sunoresearch.com.br\/n\/uploads\/2018\/09\/8410b2ab-veja-o-processo.jpg","datePublished":"2018-09-28T12:58:41+00:00","dateModified":"2018-09-28T15:46:02+00:00","description":"Mat\u00e9ria de capa da revista faz diversas den\u00fancias com base em processo de 2008 protocolado pela ex-mulher do candidato. Clique para saber mais.","breadcrumb":{"@id":"https:\/\/www.suno.com.br\/noticias\/bolsonaro-escondeu-furtou-agressivo\/#breadcrumb"},"inLanguage":"pt-BR","potentialAction":[{"@type":"ReadAction","target":["https:\/\/www.suno.com.br\/noticias\/bolsonaro-escondeu-furtou-agressivo\/"]}]},{"@type":"ImageObject","inLanguage":"pt-BR","@id":"https:\/\/www.suno.com.br\/noticias\/bolsonaro-escondeu-furtou-agressivo\/#primaryimage","url":"https:\/\/files.sunoresearch.com.br\/n\/uploads\/2018\/09\/8410b2ab-veja-o-processo.jpg","contentUrl":"https:\/\/files.sunoresearch.com.br\/n\/uploads\/2018\/09\/8410b2ab-veja-o-processo.jpg","width":570,"height":750},{"@type":"BreadcrumbList","@id":"https:\/\/www.suno.com.br\/noticias\/bolsonaro-escondeu-furtou-agressivo\/#breadcrumb","itemListElement":[{"@type":"ListItem","position":1,"name":"Not\u00edcias","item":"https:\/\/www.suno.com.br\/noticias\/"},{"@type":"ListItem","position":2,"name":"Pol\u00edtica","item":"https:\/\/www.suno.com.br\/noticias\/politica\/"},{"@type":"ListItem","position":3,"name":"Bolsonaro escondeu bens, tinha renda inexplicada, furtou cofre e era agressivo, acusa processo de ex-mulher"}]},{"@type":"WebSite","@id":"https:\/\/www.suno.com.br\/noticias\/#website","url":"https:\/\/www.suno.com.br\/noticias\/","name":"Suno Not\u00edcias","description":"Seu portal de informa\u00e7\u00e3o sobre o mundo dos investimentos","publisher":{"@id":"https:\/\/www.suno.com.br\/noticias\/#organization"},"potentialAction":[{"@type":"SearchAction","target":{"@type":"EntryPoint","urlTemplate":"https:\/\/www.suno.com.br\/noticias\/?s={search_term_string}"},"query-input":{"@type":"PropertyValueSpecification","valueRequired":true,"valueName":"search_term_string"}}],"inLanguage":"pt-BR"},{"@type":"Organization","@id":"https:\/\/www.suno.com.br\/noticias\/#organization","name":"Suno Not\u00edcias","url":"https:\/\/www.suno.com.br\/noticias\/","logo":{"@type":"ImageObject","inLanguage":"pt-BR","@id":"https:\/\/www.suno.com.br\/noticias\/#\/schema\/logo\/image\/","url":"https:\/\/files.sunoresearch.com.br\/n\/uploads\/2021\/09\/suno-logo.png","contentUrl":"https:\/\/files.sunoresearch.com.br\/n\/uploads\/2021\/09\/suno-logo.png","width":180,"height":180,"caption":"Suno Not\u00edcias"},"image":{"@id":"https:\/\/www.suno.com.br\/noticias\/#\/schema\/logo\/image\/"},"sameAs":["https:\/\/facebook.com\/sunoresearch","https:\/\/x.com\/sunoresearch","https:\/\/www.instagram.com\/suno","https:\/\/www.linkedin.com\/company\/suno-research\/","https:\/\/www.youtube.com\/c\/sunoresearch"]},{"@type":"Person","@id":"https:\/\/www.suno.com.br\/noticias\/#\/schema\/person\/eca2bab82984722db00d1e6facd8bb26","name":"Daniel Quandt","image":{"@type":"ImageObject","inLanguage":"pt-BR","@id":"https:\/\/www.suno.com.br\/noticias\/#\/schema\/person\/image\/","url":"https:\/\/secure.gravatar.com\/avatar\/5faf4378f9fbf4557a5836a88d66f99a?s=96&r=g","contentUrl":"https:\/\/secure.gravatar.com\/avatar\/5faf4378f9fbf4557a5836a88d66f99a?s=96&r=g","caption":"Daniel Quandt"},"description":"Aluno da Universidade de S\u00e3o Paulo, Daniel Quandt escreve sobre economia, mercado financeiro e pol\u00edtica no portal da Suno Research. J\u00e1 passou pela Ag\u00eancia USP de Inova\u00e7\u00e3o e pela startup de v\u00eddeo em blockchain Paratii, desenvolvendo seu conhecimento da aplica\u00e7\u00e3o de tecnologia de ponta ao mercado.","sameAs":["https:\/\/www.suno.com.br\/","https:\/\/www.linkedin.com\/in\/daniel-quandt-a49985110\/"],"url":"https:\/\/www.suno.com.br\/noticias\/author\/daniel-quandt\/"}]}},"default_loop_html":"<div class=\"cardsPage__listCard__boxs\"><div class=\"cardsPage__listCard__boxs__img\"><a href=\"https:\/\/www.suno.com.br\/noticias\/bolsonaro-escondeu-furtou-agressivo\/\"><img class=\"mask\" src=\"https:\/\/www.suno.com.br\/noticias\/wp-content\/themes\/suno\/resources\/images\/spotlight\/spotlight1img\/bg-mask.png\" alt=\"Image Mask\"\/><img src=\"https:\/\/files.sunoresearch.com.br\/n\/uploads\/2018\/09\/8410b2ab-veja-o-processo-400x200.webp\" alt=\"Bolsonaro escondeu bens, tinha renda inexplicada, furtou cofre e era agressivo, acusa processo de ex-mulher\"\/><\/a><span class=\"spotlightCategory\"><a href=\"https:\/\/www.suno.com.br\/noticias\/politica\/\">Pol\u00edtica<\/a><\/span><\/div><div class=\"cardsPage__listCard__boxs__content\"><a href=\"https:\/\/www.suno.com.br\/noticias\/bolsonaro-escondeu-furtou-agressivo\/\"><h2 class=\"content__title\">Bolsonaro escondeu bens, tinha renda inexplicada, furtou cofre e era agressivo, acusa processo de ex-mulher<\/h2><\/a><div class=\"newsContent__article__meta\"><div class=\"newsContent__article__meta__authorBox\"><a href=\"https:\/\/www.suno.com.br\/noticias\/author\/daniel-quandt\/\" class=\"authorBox__avatar noMobi\"><img src=\"https:\/\/secure.gravatar.com\/avatar\/5faf4378f9fbf4557a5836a88d66f99a?s=96&#038;r=g\" alt=\"Daniel Quandt\"><\/a><div class=\"authorBox__name\"><span>por\n\t\t\t<a href=\"https:\/\/www.suno.com.br\/noticias\/author\/daniel-quandt\/\"><span itemprop=\"author\">Daniel Quandt<\/span><\/a><\/span><time datetime=\"2018-09-28T09:58:41-03:00\" itemprop=\"datePublished\">28\/09\/2018 09:58<\/time><\/div><\/div><\/div><\/div><\/div>","single_layout":"posts","amp_enabled":true,"_links":{"self":[{"href":"https:\/\/www.suno.com.br\/noticias\/wp-json\/wp\/v2\/posts\/4559"}],"collection":[{"href":"https:\/\/www.suno.com.br\/noticias\/wp-json\/wp\/v2\/posts"}],"about":[{"href":"https:\/\/www.suno.com.br\/noticias\/wp-json\/wp\/v2\/types\/post"}],"author":[{"embeddable":true,"href":"https:\/\/www.suno.com.br\/noticias\/wp-json\/wp\/v2\/users\/5"}],"replies":[{"embeddable":true,"href":"https:\/\/www.suno.com.br\/noticias\/wp-json\/wp\/v2\/comments?post=4559"}],"version-history":[{"count":0,"href":"https:\/\/www.suno.com.br\/noticias\/wp-json\/wp\/v2\/posts\/4559\/revisions"}],"wp:featuredmedia":[{"embeddable":true,"href":"https:\/\/www.suno.com.br\/noticias\/wp-json\/wp\/v2\/media\/4560"}],"wp:attachment":[{"href":"https:\/\/www.suno.com.br\/noticias\/wp-json\/wp\/v2\/media?parent=4559"}],"wp:term":[{"taxonomy":"category","embeddable":true,"href":"https:\/\/www.suno.com.br\/noticias\/wp-json\/wp\/v2\/categories?post=4559"},{"taxonomy":"post_tag","embeddable":true,"href":"https:\/\/www.suno.com.br\/noticias\/wp-json\/wp\/v2\/tags?post=4559"},{"taxonomy":"suno_strategy","embeddable":true,"href":"https:\/\/www.suno.com.br\/noticias\/wp-json\/wp\/v2\/suno_strategy?post=4559"}],"curies":[{"name":"wp","href":"https:\/\/api.w.org\/{rel}","templated":true}]}}