{"id":45508,"date":"2019-11-22T16:59:27","date_gmt":"2019-11-22T18:59:27","guid":{"rendered":"https:\/\/www.suno.com.br\/noticias\/?p=45508"},"modified":"2019-11-30T16:35:58","modified_gmt":"2019-11-30T18:35:58","slug":"guerra-comercial-trump-acordo-china","status":"publish","type":"post","link":"https:\/\/www.suno.com.br\/noticias\/guerra-comercial-trump-acordo-china\/","title":{"rendered":"Guerra comercial: Trump diz que ainda n\u00e3o se decidiu sobre acordo"},"content":{"rendered":"<p>O presidente dos <strong>Estados<\/strong> <strong>Unidos<\/strong>, <a href=\"https:\/\/www.suno.com.br\/tudo-sobre\/elon-musk\/\"><strong>Donald<\/strong> <strong>Trump<\/strong><\/a>, declarou nesta sexta-feira (22) que um potencial acordo com rela\u00e7\u00e3o \u00e0 <a href=\"https:\/\/www.suno.com.br\/artigos\/a-guerra-comercial\/\">guerra comercial<\/a> entre <strong>China<\/strong> e EUA est\u00e1 indo bem, mas que ainda falta se decidir se vai querer finaliz\u00e1-lo.<\/p>\t<div class=\"wrapper-featured-image\">\n\t\t<figure class=\"spotlightImg\">\n\n\t\t\t<picture>\n\t\t\t\t<source media=\"(max-width: 768px)\" srcset=\"https:\/\/files.sunoresearch.com.br\/n\/uploads\/2019\/05\/8d25f5fa-trump-400x200.webp\">\n\t\t\t\t<img loading=\"lazy\" decoding=\"async\" class=\"newsContent__article__imgCapa lazyloadDisabled newsContent__article__imgCapa--noCaption\" src=\"https:\/\/files.sunoresearch.com.br\/n\/uploads\/2019\/05\/8d25f5fa-trump-800x450.webp\" width=\"800\" height=\"450\" alt=\"Guerra comercial: Trump diz que ainda n\u00e3o se decidiu sobre acordo\" fetchpriority=high \/>\n\t\t\t<\/picture>\n\n\t\t\t<figcaption class=\"wp-caption-text wp-caption-text--hide\">Trump desiste de proibir voos entre os EUA e China <\/figcaption>\n\t\t<\/figure>\n\t<\/div>\n\n\n\n<p>\u201cO acordo com a <strong>China<\/strong> est\u00e1 indo muito bem. A quest\u00e3o \u00e9 se eu quero ou n\u00e3o faz\u00ea-lo\u201d, afirmou <strong>Trump<\/strong> sobre a <strong>guerra comercial<\/strong> a rep\u00f3rteres na <strong>Casa Branca<\/strong>.<\/p>\n<p><a href=\"https:\/\/www.suno.com.br\/black-friday-2019\/assinaturas\/\">Black Friday Suno &#8211; pague 2 anos e leve 3 nas principais assinaturas da Suno Research<\/a><\/p>\n<h2>China est\u00e1 &#8220;cautelosamente otimista&#8221; em rela\u00e7\u00e3o \u00e0 guerra comercial<\/h2>\n<p>O principal negociador da <strong>China<\/strong> declarou que est\u00e1 &#8220;cautelosamente otimista&#8221; sobre a possibilidade de fechar um acordo da &#8220;fase um&#8221; da <strong>guerra<\/strong> <strong>comercial <\/strong>com os <strong>Estados<\/strong> <strong>Unidos<\/strong>. A informa\u00e7\u00e3o foi divulgada pela ag\u00eancia &#8220;Bloomberg&#8221; de not\u00edcias.<\/p>\n<p><a href=\"https:\/\/www.suno.com.br\/noticias\/guerra-comercial-china-otimista-acordo\/\">Saiba mais: Guerra comercial: China est\u00e1 &#8220;cautelosamente otimista&#8221; com acordo<\/a><\/p>\n<p>O vice-primeiro-ministro da <strong>China<\/strong>, <strong>Liu<\/strong> <strong>He<\/strong>, fez a afirma\u00e7\u00e3o sobre a <strong>guerra comercial<\/strong> em discurso na \u00faltima quarta (20) em evento em <strong>Pequim<\/strong> antes do come\u00e7o do <strong>F\u00f3rum<\/strong> <strong>da Nova<\/strong> <strong>Economia<\/strong> organizado pela &#8220;Bloomberg&#8221;.<\/p>\n<p>Liu tamb\u00e9m pediu que o principal negociador <strong>norte-americano<\/strong> v\u00e1 at\u00e9 a <strong>China<\/strong> para dar continuidade \u00e0s negocia\u00e7\u00f5es ainda em novembro, o convite ainda n\u00e3o foi aceito.<\/p>\n<p>Em discurso no <strong>F\u00f3rum<\/strong> na \u00faltima quinta (21), o <strong>ex-Secret\u00e1rio<\/strong> de <strong>Estado<\/strong> <strong>dos<\/strong> <strong>EUA<\/strong>, <strong>Henry Kissinger<\/strong>, afirmou que o governo norte-americano e o gigante asi\u00e1tico estariam \u00e0 beira de uma &#8220;<strong>Guerra<\/strong> <strong>Fria<\/strong>&#8221; al\u00e9m de alertar com que o conflito poderia ser pior que a <strong>Primeira<\/strong> <strong>Guerra<\/strong> <strong>Mundial<\/strong> caso n\u00e3o seja contido.<\/p>\n<p>Al\u00e9m de <strong>Kissinger<\/strong>, o <strong>ex-secret\u00e1rio<\/strong> do <strong>Tesouro dos EUA<\/strong>, <strong>Henry Paulson<\/strong>, tamb\u00e9m falou sobre os perigos de distanciamento entre as maiores economias do mundo.<\/p>\n<p>O <strong>Minist\u00e9rio do Com\u00e9rcio da China<\/strong> tamb\u00e9m informou na quinta (21) que <strong>Pequim<\/strong> est\u00e1 trabalhando para resolver a<strong> guerra comercial<\/strong> com os <strong>Estados Unidos<\/strong>.<\/p>\n<p>A declara\u00e7\u00e3o foi do porta-voz do minist\u00e9rio, <strong>Gao Feng<\/strong>, e foi feita ap\u00f3s o presidente norte-americano, <strong><a href=\"https:\/\/www.suno.com.br\/tudo-sobre\/donald-trump\/\">Donald Trump<\/a><\/strong>, afirmar que a <strong>China<\/strong> n\u00e3o fez concess\u00f5es suficientes e por isso hesita em fechar um acordo.<\/p>\n\t<p>\n\t\t<a href=\"https:\/\/lp2.suno.com.br\/pv\/curso-zero-ao-primeiro-rendimento\/?utm_source=suno-noticias&#038;utm_medium=banner&#038;utm_campaign=_SNC4CCF8112_\" target=\"_blank\" data-element=\"shortcode-suno-banner\" title=\"Banner SUNO, clique e saiba mais\">\n\t\t\t<picture>\n\t\t\t\t<source media=\"(max-width: 500px)\" srcset=\"https:\/\/files.sunoresearch.com.br\/n\/uploads\/2025\/12\/Artigos-e-Noticias-Banner-Materias-02-Mobile_-400x300-1-png.webp\">\n\t\t\t\t<img class=\"newsContent__article__imgCapa newsContent__article__imgCapa--banner\"\n\t\t\t\t\tsrc=\"https:\/\/files.sunoresearch.com.br\/n\/uploads\/2025\/12\/Artigos-e-Noticias-Banner-Materias-01-Desktop_-1420x240-1-png.webp\"\n\t\t\t\t\tdata-promo-id=\"635313\"\t\t\t\t\t\t\t\t\t\twidth='1420' height='240'\t\t\t\t\talt=\"https:\/\/files.sunoresearch.com.br\/n\/uploads\/2025\/12\/Artigos-e-Noticias-Banner-Materias-01-Desktop_-1420x240-1-png.webp\"\n\t\t\t\t>\n\t\t\t<\/picture>\n\t\t<\/a>\n\t<\/p>\n\n\n<p>&#8220;Eu posso lhe dizer isso. A <strong>China<\/strong> preferia mais fazer um acordo comercial do que eu. Eu n\u00e3o acho que eles est\u00e3o subindo ao n\u00edvel que eu quero&#8221;, disse <strong>Trump <\/strong>sobre a<strong> guerra comercial<\/strong>.<\/p>\n","protected":false},"excerpt":{"rendered":"<p>O presidente dos Estados Unidos, Donald Trump, declarou nesta sexta-feira (22) que um potencial acordo com rela\u00e7\u00e3o \u00e0 guerra comercial entre China e EUA est\u00e1 indo bem, mas que ainda falta se decidir se vai querer finaliz\u00e1-lo. Trump desiste de proibir voos entre os EUA e China \u201cO acordo com a China est\u00e1 indo muito [&hellip;]<\/p>\n","protected":false},"author":23,"featured_media":24791,"comment_status":"closed","ping_status":"closed","sticky":false,"template":"","format":"standard","meta":[],"categories":[63],"tags":[711,724,793,980],"suno_strategy":[],"class_list":["post-45508","post","type-post","status-publish","format-standard","has-post-thumbnail","hentry","category-internacional","tag-china","tag-donald-trump","tag-estados-unidos-eua","tag-guerra-comercial"],"yoast_head":"<!-- This site is optimized with the Yoast SEO plugin v24.4 - https:\/\/yoast.com\/wordpress\/plugins\/seo\/ -->\n<title>Guerra comercial: Trump diz que ainda n\u00e3o se decidiu sobre acordo<\/title>\n<meta name=\"description\" content=\"Trump declarou que um acordo com rela\u00e7\u00e3o \u00e0 guerra comercial est\u00e1 indo bem, mas ainda n\u00e3o decidiu se quer finaliz\u00e1-lo. Clique aqui para mais.\" \/>\n<meta name=\"robots\" content=\"index, follow, max-snippet:-1, max-image-preview:large, max-video-preview:-1\" \/>\n<link rel=\"canonical\" href=\"https:\/\/www.suno.com.br\/noticias\/guerra-comercial-trump-acordo-china\/\" \/>\n<meta property=\"og:locale\" content=\"pt_BR\" \/>\n<meta property=\"og:type\" content=\"article\" \/>\n<meta property=\"og:title\" content=\"Guerra comercial: Trump diz que ainda n\u00e3o se decidiu sobre acordo\" \/>\n<meta property=\"og:description\" content=\"Trump declarou que um acordo com rela\u00e7\u00e3o \u00e0 guerra comercial est\u00e1 indo bem, mas ainda n\u00e3o decidiu se quer finaliz\u00e1-lo. Clique aqui para mais.\" \/>\n<meta property=\"og:url\" content=\"https:\/\/www.suno.com.br\/noticias\/guerra-comercial-trump-acordo-china\/\" \/>\n<meta property=\"og:site_name\" content=\"Suno Not\u00edcias\" \/>\n<meta property=\"article:publisher\" content=\"https:\/\/facebook.com\/sunoresearch\" \/>\n<meta property=\"og:image\" content=\"https:\/\/files.sunoresearch.com.br\/n\/uploads\/2019\/05\/8d25f5fa-trump.jpg\" \/>\n\t<meta property=\"og:image:width\" content=\"1140\" \/>\n\t<meta property=\"og:image:height\" content=\"760\" \/>\n\t<meta property=\"og:image:type\" content=\"image\/jpeg\" \/>\n<meta name=\"author\" content=\"Rafael Lara\" \/>\n<meta name=\"twitter:card\" content=\"summary_large_image\" \/>\n<meta name=\"twitter:creator\" content=\"@sunoresearch\" \/>\n<meta name=\"twitter:site\" content=\"@sunoresearch\" \/>\n<meta name=\"twitter:label1\" content=\"Escrito por\" \/>\n\t<meta name=\"twitter:data1\" content=\"Rafael Lara\" \/>\n\t<meta name=\"twitter:label2\" content=\"Est. tempo de leitura\" \/>\n\t<meta name=\"twitter:data2\" content=\"2 minutos\" \/>\n<script type=\"application\/ld+json\" class=\"yoast-schema-graph\">{\"@context\":\"https:\/\/schema.org\",\"@graph\":[{\"@type\":\"NewsArticle\",\"@id\":\"https:\/\/www.suno.com.br\/noticias\/guerra-comercial-trump-acordo-china\/#article\",\"isPartOf\":{\"@id\":\"https:\/\/www.suno.com.br\/noticias\/guerra-comercial-trump-acordo-china\/\"},\"author\":{\"name\":\"Rafael Lara\",\"@id\":\"https:\/\/www.suno.com.br\/noticias\/#\/schema\/person\/098743caeed97b37f51315c9576c4078\"},\"headline\":\"Guerra comercial: Trump diz que ainda n\u00e3o se decidiu sobre acordo\",\"datePublished\":\"2019-11-22T18:59:27+00:00\",\"dateModified\":\"2019-11-30T18:35:58+00:00\",\"mainEntityOfPage\":{\"@id\":\"https:\/\/www.suno.com.br\/noticias\/guerra-comercial-trump-acordo-china\/\"},\"wordCount\":406,\"publisher\":{\"@id\":\"https:\/\/www.suno.com.br\/noticias\/#organization\"},\"image\":{\"@id\":\"https:\/\/www.suno.com.br\/noticias\/guerra-comercial-trump-acordo-china\/#primaryimage\"},\"thumbnailUrl\":\"https:\/\/files.sunoresearch.com.br\/n\/uploads\/2019\/05\/8d25f5fa-trump-jpg.webp\",\"keywords\":[\"China\",\"Donald Trump\",\"Estados Unidos (EUA)\",\"guerra comercial\"],\"articleSection\":[\"Internacional\"],\"inLanguage\":\"pt-BR\"},{\"@type\":\"WebPage\",\"@id\":\"https:\/\/www.suno.com.br\/noticias\/guerra-comercial-trump-acordo-china\/\",\"url\":\"https:\/\/www.suno.com.br\/noticias\/guerra-comercial-trump-acordo-china\/\",\"name\":\"Guerra comercial: Trump diz que ainda n\u00e3o se decidiu sobre acordo\",\"isPartOf\":{\"@id\":\"https:\/\/www.suno.com.br\/noticias\/#website\"},\"primaryImageOfPage\":{\"@id\":\"https:\/\/www.suno.com.br\/noticias\/guerra-comercial-trump-acordo-china\/#primaryimage\"},\"image\":{\"@id\":\"https:\/\/www.suno.com.br\/noticias\/guerra-comercial-trump-acordo-china\/#primaryimage\"},\"thumbnailUrl\":\"https:\/\/files.sunoresearch.com.br\/n\/uploads\/2019\/05\/8d25f5fa-trump-jpg.webp\",\"datePublished\":\"2019-11-22T18:59:27+00:00\",\"dateModified\":\"2019-11-30T18:35:58+00:00\",\"description\":\"Trump declarou que um acordo com rela\u00e7\u00e3o \u00e0 guerra comercial est\u00e1 indo bem, mas ainda n\u00e3o decidiu se quer finaliz\u00e1-lo. Clique aqui para mais.\",\"breadcrumb\":{\"@id\":\"https:\/\/www.suno.com.br\/noticias\/guerra-comercial-trump-acordo-china\/#breadcrumb\"},\"inLanguage\":\"pt-BR\",\"potentialAction\":[{\"@type\":\"ReadAction\",\"target\":[\"https:\/\/www.suno.com.br\/noticias\/guerra-comercial-trump-acordo-china\/\"]}]},{\"@type\":\"ImageObject\",\"inLanguage\":\"pt-BR\",\"@id\":\"https:\/\/www.suno.com.br\/noticias\/guerra-comercial-trump-acordo-china\/#primaryimage\",\"url\":\"https:\/\/files.sunoresearch.com.br\/n\/uploads\/2019\/05\/8d25f5fa-trump-jpg.webp\",\"contentUrl\":\"https:\/\/files.sunoresearch.com.br\/n\/uploads\/2019\/05\/8d25f5fa-trump-jpg.webp\",\"width\":1140,\"height\":760,\"caption\":\"Trump desiste de proibir voos entre os EUA e China\"},{\"@type\":\"BreadcrumbList\",\"@id\":\"https:\/\/www.suno.com.br\/noticias\/guerra-comercial-trump-acordo-china\/#breadcrumb\",\"itemListElement\":[{\"@type\":\"ListItem\",\"position\":1,\"name\":\"Not\u00edcias\",\"item\":\"https:\/\/www.suno.com.br\/noticias\/\"},{\"@type\":\"ListItem\",\"position\":2,\"name\":\"Internacional\",\"item\":\"https:\/\/www.suno.com.br\/noticias\/internacional\/\"},{\"@type\":\"ListItem\",\"position\":3,\"name\":\"Guerra comercial: Trump diz que ainda n\u00e3o se decidiu sobre acordo\"}]},{\"@type\":\"WebSite\",\"@id\":\"https:\/\/www.suno.com.br\/noticias\/#website\",\"url\":\"https:\/\/www.suno.com.br\/noticias\/\",\"name\":\"Suno Not\u00edcias\",\"description\":\"Seu portal de informa\u00e7\u00e3o sobre o mundo dos investimentos\",\"publisher\":{\"@id\":\"https:\/\/www.suno.com.br\/noticias\/#organization\"},\"potentialAction\":[{\"@type\":\"SearchAction\",\"target\":{\"@type\":\"EntryPoint\",\"urlTemplate\":\"https:\/\/www.suno.com.br\/noticias\/?s={search_term_string}\"},\"query-input\":{\"@type\":\"PropertyValueSpecification\",\"valueRequired\":true,\"valueName\":\"search_term_string\"}}],\"inLanguage\":\"pt-BR\"},{\"@type\":\"Organization\",\"@id\":\"https:\/\/www.suno.com.br\/noticias\/#organization\",\"name\":\"Suno Not\u00edcias\",\"url\":\"https:\/\/www.suno.com.br\/noticias\/\",\"logo\":{\"@type\":\"ImageObject\",\"inLanguage\":\"pt-BR\",\"@id\":\"https:\/\/www.suno.com.br\/noticias\/#\/schema\/logo\/image\/\",\"url\":\"https:\/\/files.sunoresearch.com.br\/n\/uploads\/2021\/09\/suno-logo.png\",\"contentUrl\":\"https:\/\/files.sunoresearch.com.br\/n\/uploads\/2021\/09\/suno-logo.png\",\"width\":180,\"height\":180,\"caption\":\"Suno Not\u00edcias\"},\"image\":{\"@id\":\"https:\/\/www.suno.com.br\/noticias\/#\/schema\/logo\/image\/\"},\"sameAs\":[\"https:\/\/facebook.com\/sunoresearch\",\"https:\/\/x.com\/sunoresearch\",\"https:\/\/www.instagram.com\/suno\",\"https:\/\/www.linkedin.com\/company\/suno-research\/\",\"https:\/\/www.youtube.com\/c\/sunoresearch\"]},{\"@type\":\"Person\",\"@id\":\"https:\/\/www.suno.com.br\/noticias\/#\/schema\/person\/098743caeed97b37f51315c9576c4078\",\"name\":\"Rafael Lara\",\"image\":{\"@type\":\"ImageObject\",\"inLanguage\":\"pt-BR\",\"@id\":\"https:\/\/www.suno.com.br\/noticias\/#\/schema\/person\/image\/\",\"url\":\"https:\/\/secure.gravatar.com\/avatar\/dfc254ab9bb2ea1895d98b9e9dae4bdd?s=96&r=g\",\"contentUrl\":\"https:\/\/secure.gravatar.com\/avatar\/dfc254ab9bb2ea1895d98b9e9dae4bdd?s=96&r=g\",\"caption\":\"Rafael Lara\"},\"description\":\"Rafael Lara cursa jornalismo na Faculdade C\u00e1sper L\u00edbero. Escreve sobre pol\u00edtica, economia e neg\u00f3cios para o portal Suno Not\u00edcias. Antes, colaborou na TV Gazeta na produ\u00e7\u00e3o do programa Edi\u00e7\u00e3o Extra.\",\"url\":\"https:\/\/www.suno.com.br\/noticias\/author\/rafael\/\"}]}<\/script>\n<!-- \/ Yoast SEO plugin. -->","yoast_head_json":{"title":"Guerra comercial: Trump diz que ainda n\u00e3o se decidiu sobre acordo","description":"Trump declarou que um acordo com rela\u00e7\u00e3o \u00e0 guerra comercial est\u00e1 indo bem, mas ainda n\u00e3o decidiu se quer finaliz\u00e1-lo. Clique aqui para mais.","robots":{"index":"index","follow":"follow","max-snippet":"max-snippet:-1","max-image-preview":"max-image-preview:large","max-video-preview":"max-video-preview:-1"},"canonical":"https:\/\/www.suno.com.br\/noticias\/guerra-comercial-trump-acordo-china\/","og_locale":"pt_BR","og_type":"article","og_title":"Guerra comercial: Trump diz que ainda n\u00e3o se decidiu sobre acordo","og_description":"Trump declarou que um acordo com rela\u00e7\u00e3o \u00e0 guerra comercial est\u00e1 indo bem, mas ainda n\u00e3o decidiu se quer finaliz\u00e1-lo. Clique aqui para mais.","og_url":"https:\/\/www.suno.com.br\/noticias\/guerra-comercial-trump-acordo-china\/","og_site_name":"Suno Not\u00edcias","article_publisher":"https:\/\/facebook.com\/sunoresearch","og_image":[{"width":1140,"height":760,"url":"https:\/\/files.sunoresearch.com.br\/n\/uploads\/2019\/05\/8d25f5fa-trump.jpg","type":"image\/jpeg"}],"author":"Rafael Lara","twitter_card":"summary_large_image","twitter_creator":"@sunoresearch","twitter_site":"@sunoresearch","twitter_misc":{"Escrito por":"Rafael Lara","Est. tempo de leitura":"2 minutos"},"schema":{"@context":"https:\/\/schema.org","@graph":[{"@type":"NewsArticle","@id":"https:\/\/www.suno.com.br\/noticias\/guerra-comercial-trump-acordo-china\/#article","isPartOf":{"@id":"https:\/\/www.suno.com.br\/noticias\/guerra-comercial-trump-acordo-china\/"},"author":{"name":"Rafael Lara","@id":"https:\/\/www.suno.com.br\/noticias\/#\/schema\/person\/098743caeed97b37f51315c9576c4078"},"headline":"Guerra comercial: Trump diz que ainda n\u00e3o se decidiu sobre acordo","datePublished":"2019-11-22T18:59:27+00:00","dateModified":"2019-11-30T18:35:58+00:00","mainEntityOfPage":{"@id":"https:\/\/www.suno.com.br\/noticias\/guerra-comercial-trump-acordo-china\/"},"wordCount":406,"publisher":{"@id":"https:\/\/www.suno.com.br\/noticias\/#organization"},"image":{"@id":"https:\/\/www.suno.com.br\/noticias\/guerra-comercial-trump-acordo-china\/#primaryimage"},"thumbnailUrl":"https:\/\/files.sunoresearch.com.br\/n\/uploads\/2019\/05\/8d25f5fa-trump-jpg.webp","keywords":["China","Donald Trump","Estados Unidos (EUA)","guerra comercial"],"articleSection":["Internacional"],"inLanguage":"pt-BR"},{"@type":"WebPage","@id":"https:\/\/www.suno.com.br\/noticias\/guerra-comercial-trump-acordo-china\/","url":"https:\/\/www.suno.com.br\/noticias\/guerra-comercial-trump-acordo-china\/","name":"Guerra comercial: Trump diz que ainda n\u00e3o se decidiu sobre acordo","isPartOf":{"@id":"https:\/\/www.suno.com.br\/noticias\/#website"},"primaryImageOfPage":{"@id":"https:\/\/www.suno.com.br\/noticias\/guerra-comercial-trump-acordo-china\/#primaryimage"},"image":{"@id":"https:\/\/www.suno.com.br\/noticias\/guerra-comercial-trump-acordo-china\/#primaryimage"},"thumbnailUrl":"https:\/\/files.sunoresearch.com.br\/n\/uploads\/2019\/05\/8d25f5fa-trump-jpg.webp","datePublished":"2019-11-22T18:59:27+00:00","dateModified":"2019-11-30T18:35:58+00:00","description":"Trump declarou que um acordo com rela\u00e7\u00e3o \u00e0 guerra comercial est\u00e1 indo bem, mas ainda n\u00e3o decidiu se quer finaliz\u00e1-lo. Clique aqui para mais.","breadcrumb":{"@id":"https:\/\/www.suno.com.br\/noticias\/guerra-comercial-trump-acordo-china\/#breadcrumb"},"inLanguage":"pt-BR","potentialAction":[{"@type":"ReadAction","target":["https:\/\/www.suno.com.br\/noticias\/guerra-comercial-trump-acordo-china\/"]}]},{"@type":"ImageObject","inLanguage":"pt-BR","@id":"https:\/\/www.suno.com.br\/noticias\/guerra-comercial-trump-acordo-china\/#primaryimage","url":"https:\/\/files.sunoresearch.com.br\/n\/uploads\/2019\/05\/8d25f5fa-trump-jpg.webp","contentUrl":"https:\/\/files.sunoresearch.com.br\/n\/uploads\/2019\/05\/8d25f5fa-trump-jpg.webp","width":1140,"height":760,"caption":"Trump desiste de proibir voos entre os EUA e China"},{"@type":"BreadcrumbList","@id":"https:\/\/www.suno.com.br\/noticias\/guerra-comercial-trump-acordo-china\/#breadcrumb","itemListElement":[{"@type":"ListItem","position":1,"name":"Not\u00edcias","item":"https:\/\/www.suno.com.br\/noticias\/"},{"@type":"ListItem","position":2,"name":"Internacional","item":"https:\/\/www.suno.com.br\/noticias\/internacional\/"},{"@type":"ListItem","position":3,"name":"Guerra comercial: Trump diz que ainda n\u00e3o se decidiu sobre acordo"}]},{"@type":"WebSite","@id":"https:\/\/www.suno.com.br\/noticias\/#website","url":"https:\/\/www.suno.com.br\/noticias\/","name":"Suno Not\u00edcias","description":"Seu portal de informa\u00e7\u00e3o sobre o mundo dos investimentos","publisher":{"@id":"https:\/\/www.suno.com.br\/noticias\/#organization"},"potentialAction":[{"@type":"SearchAction","target":{"@type":"EntryPoint","urlTemplate":"https:\/\/www.suno.com.br\/noticias\/?s={search_term_string}"},"query-input":{"@type":"PropertyValueSpecification","valueRequired":true,"valueName":"search_term_string"}}],"inLanguage":"pt-BR"},{"@type":"Organization","@id":"https:\/\/www.suno.com.br\/noticias\/#organization","name":"Suno Not\u00edcias","url":"https:\/\/www.suno.com.br\/noticias\/","logo":{"@type":"ImageObject","inLanguage":"pt-BR","@id":"https:\/\/www.suno.com.br\/noticias\/#\/schema\/logo\/image\/","url":"https:\/\/files.sunoresearch.com.br\/n\/uploads\/2021\/09\/suno-logo.png","contentUrl":"https:\/\/files.sunoresearch.com.br\/n\/uploads\/2021\/09\/suno-logo.png","width":180,"height":180,"caption":"Suno Not\u00edcias"},"image":{"@id":"https:\/\/www.suno.com.br\/noticias\/#\/schema\/logo\/image\/"},"sameAs":["https:\/\/facebook.com\/sunoresearch","https:\/\/x.com\/sunoresearch","https:\/\/www.instagram.com\/suno","https:\/\/www.linkedin.com\/company\/suno-research\/","https:\/\/www.youtube.com\/c\/sunoresearch"]},{"@type":"Person","@id":"https:\/\/www.suno.com.br\/noticias\/#\/schema\/person\/098743caeed97b37f51315c9576c4078","name":"Rafael Lara","image":{"@type":"ImageObject","inLanguage":"pt-BR","@id":"https:\/\/www.suno.com.br\/noticias\/#\/schema\/person\/image\/","url":"https:\/\/secure.gravatar.com\/avatar\/dfc254ab9bb2ea1895d98b9e9dae4bdd?s=96&r=g","contentUrl":"https:\/\/secure.gravatar.com\/avatar\/dfc254ab9bb2ea1895d98b9e9dae4bdd?s=96&r=g","caption":"Rafael Lara"},"description":"Rafael Lara cursa jornalismo na Faculdade C\u00e1sper L\u00edbero. Escreve sobre pol\u00edtica, economia e neg\u00f3cios para o portal Suno Not\u00edcias. Antes, colaborou na TV Gazeta na produ\u00e7\u00e3o do programa Edi\u00e7\u00e3o Extra.","url":"https:\/\/www.suno.com.br\/noticias\/author\/rafael\/"}]}},"default_loop_html":"<div class=\"cardsPage__listCard__boxs\"><div class=\"cardsPage__listCard__boxs__img\"><a href=\"https:\/\/www.suno.com.br\/noticias\/guerra-comercial-trump-acordo-china\/\"><img class=\"mask\" src=\"https:\/\/www.suno.com.br\/noticias\/wp-content\/themes\/suno\/resources\/images\/spotlight\/spotlight1img\/bg-mask.png\" alt=\"Image Mask\"\/><img src=\"https:\/\/files.sunoresearch.com.br\/n\/uploads\/2019\/05\/8d25f5fa-trump-400x200.webp\" alt=\"Guerra comercial: Trump diz que ainda n\u00e3o se decidiu sobre acordo\"\/><\/a><span class=\"spotlightCategory\"><a href=\"https:\/\/www.suno.com.br\/noticias\/internacional\/\">Internacional<\/a><\/span><\/div><div class=\"cardsPage__listCard__boxs__content\"><a href=\"https:\/\/www.suno.com.br\/noticias\/guerra-comercial-trump-acordo-china\/\"><h2 class=\"content__title\">Guerra comercial: Trump diz que ainda n\u00e3o se decidiu sobre acordo<\/h2><\/a><div class=\"newsContent__article__meta\"><div class=\"newsContent__article__meta__authorBox\"><a href=\"https:\/\/www.suno.com.br\/noticias\/author\/rafael\/\" class=\"authorBox__avatar noMobi\"><img src=\"https:\/\/secure.gravatar.com\/avatar\/dfc254ab9bb2ea1895d98b9e9dae4bdd?s=96&#038;r=g\" alt=\"Rafael Lara\"><\/a><div class=\"authorBox__name\"><span>por\n\t\t\t<a href=\"https:\/\/www.suno.com.br\/noticias\/author\/rafael\/\"><span itemprop=\"author\">Rafael Lara<\/span><\/a><\/span><time datetime=\"2019-11-22T16:59:27-03:00\" itemprop=\"datePublished\">22\/11\/2019 16:59<\/time><\/div><\/div><\/div><\/div><\/div>","single_layout":"posts","amp_enabled":true,"_links":{"self":[{"href":"https:\/\/www.suno.com.br\/noticias\/wp-json\/wp\/v2\/posts\/45508"}],"collection":[{"href":"https:\/\/www.suno.com.br\/noticias\/wp-json\/wp\/v2\/posts"}],"about":[{"href":"https:\/\/www.suno.com.br\/noticias\/wp-json\/wp\/v2\/types\/post"}],"author":[{"embeddable":true,"href":"https:\/\/www.suno.com.br\/noticias\/wp-json\/wp\/v2\/users\/23"}],"replies":[{"embeddable":true,"href":"https:\/\/www.suno.com.br\/noticias\/wp-json\/wp\/v2\/comments?post=45508"}],"version-history":[{"count":0,"href":"https:\/\/www.suno.com.br\/noticias\/wp-json\/wp\/v2\/posts\/45508\/revisions"}],"wp:featuredmedia":[{"embeddable":true,"href":"https:\/\/www.suno.com.br\/noticias\/wp-json\/wp\/v2\/media\/24791"}],"wp:attachment":[{"href":"https:\/\/www.suno.com.br\/noticias\/wp-json\/wp\/v2\/media?parent=45508"}],"wp:term":[{"taxonomy":"category","embeddable":true,"href":"https:\/\/www.suno.com.br\/noticias\/wp-json\/wp\/v2\/categories?post=45508"},{"taxonomy":"post_tag","embeddable":true,"href":"https:\/\/www.suno.com.br\/noticias\/wp-json\/wp\/v2\/tags?post=45508"},{"taxonomy":"suno_strategy","embeddable":true,"href":"https:\/\/www.suno.com.br\/noticias\/wp-json\/wp\/v2\/suno_strategy?post=45508"}],"curies":[{"name":"wp","href":"https:\/\/api.w.org\/{rel}","templated":true}]}}