{"id":455041,"date":"2023-09-12T18:57:35","date_gmt":"2023-09-12T21:57:35","guid":{"rendered":"https:\/\/www.suno.com.br\/noticias\/?p=455041"},"modified":"2023-09-12T18:57:38","modified_gmt":"2023-09-12T21:57:38","slug":"mofficer-entra-recuperacao-judicial","status":"publish","type":"post","link":"https:\/\/www.suno.com.br\/noticias\/mofficer-entra-recuperacao-judicial\/","title":{"rendered":"Com d\u00edvidas de R$ 53,5 milh\u00f5es, M.Officer entra em recupera\u00e7\u00e3o judicial"},"content":{"rendered":"<p>O grupo empresarial que det\u00e9m a marca de roupas <strong>M.Officer<\/strong>, criada pelo estilista Carlos Miele em 1997, teve o pedido de <a class=\"suno-keyword\" target=\"_blank\" data-force=\"no\" data-priority=\"2\" href=\"https:\/\/www.suno.com.br\/artigos\/recuperacao-judicial\/\" rel=\"noopener\">recupera\u00e7\u00e3o judicial<\/a> aceito pela Justi\u00e7a de S\u00e3o Paulo, na quarta-feira, 6. As d\u00edvidas da empresa s\u00e3o da ordem de R$ 53,5 milh\u00f5es, segundo valores apresentados pelos advogados da empresa, representada pelo escrit\u00f3rio de advocacia Thomaz Bastos, Waisberg, Kurzweil Advogados.<\/p>\t<div class=\"wrapper-featured-image\">\n\t\t<figure class=\"spotlightImg\">\n\n\t\t\t<picture>\n\t\t\t\t<source media=\"(max-width: 768px)\" srcset=\"https:\/\/files.sunoresearch.com.br\/n\/uploads\/2023\/09\/M.Officer-400x200.jpg\">\n\t\t\t\t<img loading=\"lazy\" decoding=\"async\" class=\"newsContent__article__imgCapa lazyloadDisabled \" src=\"https:\/\/files.sunoresearch.com.br\/n\/uploads\/2023\/09\/M.Officer-800x450.jpg\" width=\"800\" height=\"450\" alt=\"Com d\u00edvidas de R$ 53,5 milh\u00f5es, M.Officer entra em recupera\u00e7\u00e3o judicial\" fetchpriority=high \/>\n\t\t\t<\/picture>\n\n\t\t\t<figcaption class=\"wp-caption-text wp-caption-text--show\">M.Officer. Foto: Divulga\u00e7\u00e3o<\/figcaption>\n\t\t<\/figure>\n\t<\/div>\n\n\n\n\n\n\t<p>\n\t\t<a href=\"\" target=\"_blank\" data-element=\"shortcode-suno-banner\" title=\"Banner SUNO, clique e saiba mais\">\n\t\t\t<picture>\n\t\t\t\t<source media=\"(max-width: 500px)\" srcset=\"\">\n\t\t\t\t<img class=\"newsContent__article__imgCapa newsContent__article__imgCapa--banner\"\n\t\t\t\t\tsrc=\"\"\n\t\t\t\t\tdata-promo-id=\"240038\"\t\t\t\t\t\t\t\t\t\t\t\t\t\t\talt=\"\"\n\t\t\t\t>\n\t\t\t<\/picture>\n\t\t<\/a>\n\t<\/p>\n\n\n\n\n\n\n\n<p>\u00c0 Justi\u00e7a, a empresa disse ter hoje 12 <strong>lojas f\u00edsicas da M.Officer<\/strong>, distribu\u00eddas em tr\u00eas Estados do Brasil, que geram cerca de 130 empregos diretos e centenas de empregos indiretos. Em m\u00e9dia, s\u00e3o produzidas 200 mil pe\u00e7as de vestu\u00e1rio, com produ\u00e7\u00e3o 100% nacional. Al\u00e9m da venda das pe\u00e7as nas lojas, a empresa tamb\u00e9m vende pelo e-commerce.<\/p>\n\n\n\n\t<div data-element=\"shortcode-read-more\" class=\"readToo\">\n\t\t\t\t<span class=\"readToo__title\">Leia mais<\/span>\n\t\t\t\t<ul class=\"readToo__list\">\n\t\t\t<li><a href=\"https:\/\/www.suno.com.br\/noticias\/magazine-luiza-mglu3-via-viia3-varejo-banco-ibovespa-perspectivas-va\/\">Magazine Lu\u00edza (MGLU3) e Via (VIIA3) sofrem no Ibovespa; banco prefere (e indica) outra empresa do varejo<\/a><\/li><li><a href=\"https:\/\/www.suno.com.br\/noticias\/mercado-livre-meli34-cautela-varejo-eletronico-banco-recomenda-va\/\">Mercado Livre (MELI34): mesmo cauteloso com varejo eletr\u00f4nico, banco recomenda compra das a\u00e7\u00f5es; veja por qu\u00ea<\/a><\/li>\t\t<\/ul>\n\t<\/div>\n\n\n\n\n<p>O principal motivo da <strong>d\u00edvida da<\/strong> <strong>M.Officer<\/strong>, segundo a varejista, foi a <strong>queda das vendas<\/strong> em 91% durante a pandemia da covid-19. Isso agravou a situa\u00e7\u00e3o financeira do grupo, que j\u00e1 era delicada, fruto, dentre outros motivos, de aspectos concorrenciais, &#8220;primordialmente decorrentes da entrada dos gigantes players asi\u00e1ticos no cen\u00e1rio nacional&#8221;, que t\u00eam conseguido vender os produtos &#8220;sem contratar funcion\u00e1rios brasileiros, tampouco estar sujeitos ao recolhimento de todos os tributos&#8221; no Brasil.<\/p>\n\n\n\t<p>\n\t\t<a href=\"https:\/\/lp.suno.com.br\/ebook-gratuito-investindo-no-exterior\/\" target=\"_blank\" data-element=\"shortcode-suno-banner\" title=\"Banner SUNO, clique e saiba mais\">\n\t\t\t<picture>\n\t\t\t\t<source media=\"(max-width: 500px)\" srcset=\"https:\/\/files.sunoresearch.com.br\/n\/uploads\/2023\/03\/400x300-Investindo-no-exterior.png\">\n\t\t\t\t<img class=\"newsContent__article__imgCapa newsContent__article__imgCapa--banner\"\n\t\t\t\t\tsrc=\"https:\/\/files.sunoresearch.com.br\/n\/uploads\/2023\/03\/1420x240-Investindo-no-exterior.png\"\n\t\t\t\t\tdata-promo-id=\"383161\"\t\t\t\t\t\t\t\t\t\twidth='1420' height='240'\t\t\t\t\talt=\"https:\/\/files.sunoresearch.com.br\/n\/uploads\/2023\/03\/1420x240-Investindo-no-exterior.png\"\n\t\t\t\t>\n\t\t\t<\/picture>\n\t\t<\/a>\n\t<\/p>\n\n\n\n\n\n<p>A M.Officer tamb\u00e9m diz que tem enfrentado dificuldades na obten\u00e7\u00e3o de cr\u00e9dito com bancos.<\/p>\n\n\n\n<p>&#8220;As requerentes t\u00eam enfrentado s\u00e9rias restri\u00e7\u00f5es na obten\u00e7\u00e3o de <a class=\"suno-keyword\" target=\"_blank\" data-force=\"no\" data-priority=\"2\" href=\"https:\/\/www.suno.com.br\/artigos\/capital-giro\/\" rel=\"noopener\">capital de giro<\/a> frente \u00e0s <a class=\"suno-keyword\" target=\"_blank\" data-force=\"no\" data-priority=\"1\" href=\"https:\/\/www.suno.com.br\/artigos\/instituicoes-financeiras\/\" rel=\"noopener\">institui\u00e7\u00f5es financeiras<\/a>, o que acaba por prejudicar o regular prosseguimento de suas atividades e, tamb\u00e9m, de seus fornecedores e colaboradores&#8221;, afirmaram os advogados, em peti\u00e7\u00e3o. A empresa diz que a <a class=\"suno-keyword\" target=\"_blank\" data-force=\"no\" data-priority=\"1\" href=\"https:\/\/www.suno.com.br\/artigos\/crise-economica-oportunidade-ou-ameaca\/\" rel=\"noopener\">crise econ\u00f4mica<\/a> \u00e9 passageira e pass\u00edvel de ser resolvida.<\/p>\n\n\n\n<p>Com base nesses argumentos, a ju\u00edza Maria Rita Rebello Pinho Dias, da 3\u00aa Vara de Fal\u00eancias e Recupera\u00e7\u00f5es Judiciais do Tribunal de Justi\u00e7a do Estado de S\u00e3o Paulo (TJ-SP), aceitou o pedido de <strong>recupera\u00e7\u00e3o judicial<\/strong> da empresa, enviado no dia 5 de setembro. Ela nomeou como administrador judicial Adnan Abdel Kader Salem Advogados Associados e determinou o envio de um relat\u00f3rio em 15 dias, para apurar a situa\u00e7\u00e3o financeira da empresa.<\/p>\n\n\n\n<p>O deferimento do pedido de <a class=\"suno-keyword\" target=\"_blank\" data-force=\"no\" data-priority=\"2\" href=\"https:\/\/www.suno.com.br\/artigos\/recuperacao-judicial\/\" rel=\"noopener\">recupera\u00e7\u00e3o judicial<\/a> [do Grupo que det\u00e9m a marca <strong>M.Officer<\/strong>] suspende todas as a\u00e7\u00f5es e execu\u00e7\u00f5es contra a empresa por 180 dias, &#8220;inclusive daqueles dos credores particulares do s\u00f3cio solid\u00e1rio, relativas a cr\u00e9ditos ou obriga\u00e7\u00f5es sujeitos \u00e0 recupera\u00e7\u00e3o judicial&#8221;.<\/p>\n\n\n\n<p>Com Estad\u00e3o Conte\u00fado<\/p>\n\n\n\t<p>\n\t\t<a href=\"https:\/\/lp.suno.com.br\/planilha-da-vida-financeira\/\" target=\"_blank\" data-element=\"shortcode-suno-banner\" title=\"Banner SUNO, clique e saiba mais\">\n\t\t\t<picture>\n\t\t\t\t<source media=\"(max-width: 500px)\" srcset=\"https:\/\/files.sunoresearch.com.br\/n\/uploads\/2023\/04\/400x300-Planilha-vida-financeira-true.png\">\n\t\t\t\t<img class=\"newsContent__article__imgCapa newsContent__article__imgCapa--banner\"\n\t\t\t\t\tsrc=\"https:\/\/files.sunoresearch.com.br\/n\/uploads\/2023\/04\/1420x240-Planilha-vida-financeira-true.png\"\n\t\t\t\t\tdata-promo-id=\"383123\"\t\t\t\t\t\t\t\t\t\twidth='1420' height='240'\t\t\t\t\talt=\"https:\/\/files.sunoresearch.com.br\/n\/uploads\/2023\/04\/1420x240-Planilha-vida-financeira-true.png\"\n\t\t\t\t>\n\t\t\t<\/picture>\n\t\t<\/a>\n\t<\/p>\n\n\n","protected":false},"excerpt":{"rendered":"<p>O grupo empresarial que det\u00e9m a marca de roupas M.Officer, criada pelo estilista Carlos Miele em 1997, teve o pedido de recupera\u00e7\u00e3o judicial aceito pela Justi\u00e7a de S\u00e3o Paulo, na quarta-feira, 6. As d\u00edvidas da empresa s\u00e3o da ordem de R$ 53,5 milh\u00f5es, segundo valores apresentados pelos advogados da empresa, representada pelo escrit\u00f3rio de advocacia [&hellip;]<\/p>\n","protected":false},"author":43,"featured_media":455201,"comment_status":"closed","ping_status":"closed","sticky":false,"template":"","format":"standard","meta":[],"categories":[64],"tags":[314,803],"suno_strategy":[],"class_list":["post-455041","post","type-post","status-publish","format-standard","has-post-thumbnail","hentry","category-negocios","tag-recuperacao-judicial","tag-varejo"],"yoast_head":"<!-- This site is optimized with the Yoast SEO plugin v24.4 - https:\/\/yoast.com\/wordpress\/plugins\/seo\/ -->\n<title>M.Officer entra em recupera\u00e7\u00e3o judicial, com d\u00edvidas de R$ 53,5 milh\u00f5es<\/title>\n<meta name=\"description\" content=\"O grupo empresarial que det\u00e9m a marca de roupas M.Officer teve o pedido de recupera\u00e7\u00e3o judicial aceito pela Justi\u00e7a\" \/>\n<meta name=\"robots\" content=\"index, follow, max-snippet:-1, max-image-preview:large, max-video-preview:-1\" \/>\n<link rel=\"canonical\" href=\"https:\/\/www.suno.com.br\/noticias\/mofficer-entra-recuperacao-judicial\/\" \/>\n<meta property=\"og:locale\" content=\"pt_BR\" \/>\n<meta property=\"og:type\" content=\"article\" \/>\n<meta property=\"og:title\" content=\"M.Officer entra em recupera\u00e7\u00e3o judicial, com d\u00edvidas de R$ 53,5 milh\u00f5es\" \/>\n<meta property=\"og:description\" content=\"O grupo empresarial que det\u00e9m a marca de roupas M.Officer teve o pedido de recupera\u00e7\u00e3o judicial aceito pela Justi\u00e7a\" \/>\n<meta property=\"og:url\" content=\"https:\/\/www.suno.com.br\/noticias\/mofficer-entra-recuperacao-judicial\/\" \/>\n<meta property=\"og:site_name\" content=\"Suno Not\u00edcias\" \/>\n<meta property=\"article:publisher\" content=\"https:\/\/facebook.com\/sunoresearch\" \/>\n<meta property=\"article:author\" content=\"https:\/\/www.facebook.com\/sunonoticias\/\" \/>\n<meta property=\"og:image\" content=\"https:\/\/files.sunoresearch.com.br\/n\/uploads\/2023\/09\/M.Officer.jpg\" \/>\n\t<meta property=\"og:image:width\" content=\"1200\" \/>\n\t<meta property=\"og:image:height\" content=\"815\" \/>\n\t<meta property=\"og:image:type\" content=\"image\/jpeg\" \/>\n<meta name=\"author\" content=\"Reda\u00e7\u00e3o Suno Not\u00edcias\" \/>\n<meta name=\"twitter:card\" content=\"summary_large_image\" \/>\n<meta name=\"twitter:creator\" content=\"@https:\/\/twitter.com\/sunoresearch\" \/>\n<meta name=\"twitter:site\" content=\"@sunoresearch\" \/>\n<meta name=\"twitter:label1\" content=\"Escrito por\" \/>\n\t<meta name=\"twitter:data1\" content=\"Reda\u00e7\u00e3o Suno Not\u00edcias\" \/>\n\t<meta name=\"twitter:label2\" content=\"Est. tempo de leitura\" \/>\n\t<meta name=\"twitter:data2\" content=\"3 minutos\" \/>\n<script type=\"application\/ld+json\" class=\"yoast-schema-graph\">{\"@context\":\"https:\/\/schema.org\",\"@graph\":[{\"@type\":\"NewsArticle\",\"@id\":\"https:\/\/www.suno.com.br\/noticias\/mofficer-entra-recuperacao-judicial\/#article\",\"isPartOf\":{\"@id\":\"https:\/\/www.suno.com.br\/noticias\/mofficer-entra-recuperacao-judicial\/\"},\"author\":{\"name\":\"Reda\u00e7\u00e3o Suno Not\u00edcias\",\"@id\":\"https:\/\/www.suno.com.br\/noticias\/#\/schema\/person\/c1b1bd3727fa852bd045e9dbff3673ea\"},\"headline\":\"Com d\u00edvidas de R$ 53,5 milh\u00f5es, M.Officer entra em recupera\u00e7\u00e3o judicial\",\"datePublished\":\"2023-09-12T21:57:35+00:00\",\"dateModified\":\"2023-09-12T21:57:38+00:00\",\"mainEntityOfPage\":{\"@id\":\"https:\/\/www.suno.com.br\/noticias\/mofficer-entra-recuperacao-judicial\/\"},\"wordCount\":442,\"publisher\":{\"@id\":\"https:\/\/www.suno.com.br\/noticias\/#organization\"},\"image\":{\"@id\":\"https:\/\/www.suno.com.br\/noticias\/mofficer-entra-recuperacao-judicial\/#primaryimage\"},\"thumbnailUrl\":\"https:\/\/files.sunoresearch.com.br\/n\/uploads\/2023\/09\/M.Officer.jpg\",\"keywords\":[\"recupera\u00e7\u00e3o judicial\",\"varejo\"],\"articleSection\":[\"Neg\u00f3cios\"],\"inLanguage\":\"pt-BR\"},{\"@type\":\"WebPage\",\"@id\":\"https:\/\/www.suno.com.br\/noticias\/mofficer-entra-recuperacao-judicial\/\",\"url\":\"https:\/\/www.suno.com.br\/noticias\/mofficer-entra-recuperacao-judicial\/\",\"name\":\"M.Officer entra em recupera\u00e7\u00e3o judicial, com d\u00edvidas de R$ 53,5 milh\u00f5es\",\"isPartOf\":{\"@id\":\"https:\/\/www.suno.com.br\/noticias\/#website\"},\"primaryImageOfPage\":{\"@id\":\"https:\/\/www.suno.com.br\/noticias\/mofficer-entra-recuperacao-judicial\/#primaryimage\"},\"image\":{\"@id\":\"https:\/\/www.suno.com.br\/noticias\/mofficer-entra-recuperacao-judicial\/#primaryimage\"},\"thumbnailUrl\":\"https:\/\/files.sunoresearch.com.br\/n\/uploads\/2023\/09\/M.Officer.jpg\",\"datePublished\":\"2023-09-12T21:57:35+00:00\",\"dateModified\":\"2023-09-12T21:57:38+00:00\",\"description\":\"O grupo empresarial que det\u00e9m a marca de roupas M.Officer teve o pedido de recupera\u00e7\u00e3o judicial aceito pela Justi\u00e7a\",\"breadcrumb\":{\"@id\":\"https:\/\/www.suno.com.br\/noticias\/mofficer-entra-recuperacao-judicial\/#breadcrumb\"},\"inLanguage\":\"pt-BR\",\"potentialAction\":[{\"@type\":\"ReadAction\",\"target\":[\"https:\/\/www.suno.com.br\/noticias\/mofficer-entra-recuperacao-judicial\/\"]}]},{\"@type\":\"ImageObject\",\"inLanguage\":\"pt-BR\",\"@id\":\"https:\/\/www.suno.com.br\/noticias\/mofficer-entra-recuperacao-judicial\/#primaryimage\",\"url\":\"https:\/\/files.sunoresearch.com.br\/n\/uploads\/2023\/09\/M.Officer.jpg\",\"contentUrl\":\"https:\/\/files.sunoresearch.com.br\/n\/uploads\/2023\/09\/M.Officer.jpg\",\"width\":1200,\"height\":815,\"caption\":\"M.Officer. Foto: Divulga\u00e7\u00e3o\"},{\"@type\":\"BreadcrumbList\",\"@id\":\"https:\/\/www.suno.com.br\/noticias\/mofficer-entra-recuperacao-judicial\/#breadcrumb\",\"itemListElement\":[{\"@type\":\"ListItem\",\"position\":1,\"name\":\"Not\u00edcias\",\"item\":\"https:\/\/www.suno.com.br\/noticias\/\"},{\"@type\":\"ListItem\",\"position\":2,\"name\":\"Neg\u00f3cios\",\"item\":\"https:\/\/www.suno.com.br\/noticias\/negocios\/\"},{\"@type\":\"ListItem\",\"position\":3,\"name\":\"Com d\u00edvidas de R$ 53,5 milh\u00f5es, M.Officer entra em recupera\u00e7\u00e3o judicial\"}]},{\"@type\":\"WebSite\",\"@id\":\"https:\/\/www.suno.com.br\/noticias\/#website\",\"url\":\"https:\/\/www.suno.com.br\/noticias\/\",\"name\":\"Suno Not\u00edcias\",\"description\":\"Seu portal de informa\u00e7\u00e3o sobre o mundo dos investimentos\",\"publisher\":{\"@id\":\"https:\/\/www.suno.com.br\/noticias\/#organization\"},\"potentialAction\":[{\"@type\":\"SearchAction\",\"target\":{\"@type\":\"EntryPoint\",\"urlTemplate\":\"https:\/\/www.suno.com.br\/noticias\/?s={search_term_string}\"},\"query-input\":{\"@type\":\"PropertyValueSpecification\",\"valueRequired\":true,\"valueName\":\"search_term_string\"}}],\"inLanguage\":\"pt-BR\"},{\"@type\":\"Organization\",\"@id\":\"https:\/\/www.suno.com.br\/noticias\/#organization\",\"name\":\"Suno Not\u00edcias\",\"url\":\"https:\/\/www.suno.com.br\/noticias\/\",\"logo\":{\"@type\":\"ImageObject\",\"inLanguage\":\"pt-BR\",\"@id\":\"https:\/\/www.suno.com.br\/noticias\/#\/schema\/logo\/image\/\",\"url\":\"https:\/\/files.sunoresearch.com.br\/n\/uploads\/2021\/09\/suno-logo.png\",\"contentUrl\":\"https:\/\/files.sunoresearch.com.br\/n\/uploads\/2021\/09\/suno-logo.png\",\"width\":180,\"height\":180,\"caption\":\"Suno Not\u00edcias\"},\"image\":{\"@id\":\"https:\/\/www.suno.com.br\/noticias\/#\/schema\/logo\/image\/\"},\"sameAs\":[\"https:\/\/facebook.com\/sunoresearch\",\"https:\/\/x.com\/sunoresearch\",\"https:\/\/www.instagram.com\/suno\",\"https:\/\/www.linkedin.com\/company\/suno-research\/\",\"https:\/\/www.youtube.com\/c\/sunoresearch\"]},{\"@type\":\"Person\",\"@id\":\"https:\/\/www.suno.com.br\/noticias\/#\/schema\/person\/c1b1bd3727fa852bd045e9dbff3673ea\",\"name\":\"Reda\u00e7\u00e3o Suno Not\u00edcias\",\"image\":{\"@type\":\"ImageObject\",\"inLanguage\":\"pt-BR\",\"@id\":\"https:\/\/www.suno.com.br\/noticias\/#\/schema\/person\/image\/\",\"url\":\"https:\/\/secure.gravatar.com\/avatar\/b8104b9b5a71985d5238ee59fbe418af?s=96&r=g\",\"contentUrl\":\"https:\/\/secure.gravatar.com\/avatar\/b8104b9b5a71985d5238ee59fbe418af?s=96&r=g\",\"caption\":\"Reda\u00e7\u00e3o Suno Not\u00edcias\"},\"description\":\"O Suno Not\u00edcias \u00e9 um portal de informa\u00e7\u00f5es sobre Mercado Financeiro, Pol\u00edtica, Neg\u00f3cios, Economia e Finan\u00e7as Pessoais.\",\"sameAs\":[\"https:\/\/www.suno.com.br\/noticias\",\"https:\/\/www.facebook.com\/sunonoticias\/\",\"https:\/\/www.instagram.com\/sunonoticias\/\",\"https:\/\/x.com\/https:\/\/twitter.com\/sunoresearch\",\"https:\/\/www.youtube.com\/sunonoticias\"],\"url\":\"https:\/\/www.suno.com.br\/noticias\/author\/redacao-suno\/\"}]}<\/script>\n<!-- \/ Yoast SEO plugin. -->","yoast_head_json":{"title":"M.Officer entra em recupera\u00e7\u00e3o judicial, com d\u00edvidas de R$ 53,5 milh\u00f5es","description":"O grupo empresarial que det\u00e9m a marca de roupas M.Officer teve o pedido de recupera\u00e7\u00e3o judicial aceito pela Justi\u00e7a","robots":{"index":"index","follow":"follow","max-snippet":"max-snippet:-1","max-image-preview":"max-image-preview:large","max-video-preview":"max-video-preview:-1"},"canonical":"https:\/\/www.suno.com.br\/noticias\/mofficer-entra-recuperacao-judicial\/","og_locale":"pt_BR","og_type":"article","og_title":"M.Officer entra em recupera\u00e7\u00e3o judicial, com d\u00edvidas de R$ 53,5 milh\u00f5es","og_description":"O grupo empresarial que det\u00e9m a marca de roupas M.Officer teve o pedido de recupera\u00e7\u00e3o judicial aceito pela Justi\u00e7a","og_url":"https:\/\/www.suno.com.br\/noticias\/mofficer-entra-recuperacao-judicial\/","og_site_name":"Suno Not\u00edcias","article_publisher":"https:\/\/facebook.com\/sunoresearch","article_author":"https:\/\/www.facebook.com\/sunonoticias\/","og_image":[{"width":1200,"height":815,"url":"https:\/\/files.sunoresearch.com.br\/n\/uploads\/2023\/09\/M.Officer.jpg","type":"image\/jpeg"}],"author":"Reda\u00e7\u00e3o Suno Not\u00edcias","twitter_card":"summary_large_image","twitter_creator":"@https:\/\/twitter.com\/sunoresearch","twitter_site":"@sunoresearch","twitter_misc":{"Escrito por":"Reda\u00e7\u00e3o Suno Not\u00edcias","Est. tempo de leitura":"3 minutos"},"schema":{"@context":"https:\/\/schema.org","@graph":[{"@type":"NewsArticle","@id":"https:\/\/www.suno.com.br\/noticias\/mofficer-entra-recuperacao-judicial\/#article","isPartOf":{"@id":"https:\/\/www.suno.com.br\/noticias\/mofficer-entra-recuperacao-judicial\/"},"author":{"name":"Reda\u00e7\u00e3o Suno Not\u00edcias","@id":"https:\/\/www.suno.com.br\/noticias\/#\/schema\/person\/c1b1bd3727fa852bd045e9dbff3673ea"},"headline":"Com d\u00edvidas de R$ 53,5 milh\u00f5es, M.Officer entra em recupera\u00e7\u00e3o judicial","datePublished":"2023-09-12T21:57:35+00:00","dateModified":"2023-09-12T21:57:38+00:00","mainEntityOfPage":{"@id":"https:\/\/www.suno.com.br\/noticias\/mofficer-entra-recuperacao-judicial\/"},"wordCount":442,"publisher":{"@id":"https:\/\/www.suno.com.br\/noticias\/#organization"},"image":{"@id":"https:\/\/www.suno.com.br\/noticias\/mofficer-entra-recuperacao-judicial\/#primaryimage"},"thumbnailUrl":"https:\/\/files.sunoresearch.com.br\/n\/uploads\/2023\/09\/M.Officer.jpg","keywords":["recupera\u00e7\u00e3o judicial","varejo"],"articleSection":["Neg\u00f3cios"],"inLanguage":"pt-BR"},{"@type":"WebPage","@id":"https:\/\/www.suno.com.br\/noticias\/mofficer-entra-recuperacao-judicial\/","url":"https:\/\/www.suno.com.br\/noticias\/mofficer-entra-recuperacao-judicial\/","name":"M.Officer entra em recupera\u00e7\u00e3o judicial, com d\u00edvidas de R$ 53,5 milh\u00f5es","isPartOf":{"@id":"https:\/\/www.suno.com.br\/noticias\/#website"},"primaryImageOfPage":{"@id":"https:\/\/www.suno.com.br\/noticias\/mofficer-entra-recuperacao-judicial\/#primaryimage"},"image":{"@id":"https:\/\/www.suno.com.br\/noticias\/mofficer-entra-recuperacao-judicial\/#primaryimage"},"thumbnailUrl":"https:\/\/files.sunoresearch.com.br\/n\/uploads\/2023\/09\/M.Officer.jpg","datePublished":"2023-09-12T21:57:35+00:00","dateModified":"2023-09-12T21:57:38+00:00","description":"O grupo empresarial que det\u00e9m a marca de roupas M.Officer teve o pedido de recupera\u00e7\u00e3o judicial aceito pela Justi\u00e7a","breadcrumb":{"@id":"https:\/\/www.suno.com.br\/noticias\/mofficer-entra-recuperacao-judicial\/#breadcrumb"},"inLanguage":"pt-BR","potentialAction":[{"@type":"ReadAction","target":["https:\/\/www.suno.com.br\/noticias\/mofficer-entra-recuperacao-judicial\/"]}]},{"@type":"ImageObject","inLanguage":"pt-BR","@id":"https:\/\/www.suno.com.br\/noticias\/mofficer-entra-recuperacao-judicial\/#primaryimage","url":"https:\/\/files.sunoresearch.com.br\/n\/uploads\/2023\/09\/M.Officer.jpg","contentUrl":"https:\/\/files.sunoresearch.com.br\/n\/uploads\/2023\/09\/M.Officer.jpg","width":1200,"height":815,"caption":"M.Officer. Foto: Divulga\u00e7\u00e3o"},{"@type":"BreadcrumbList","@id":"https:\/\/www.suno.com.br\/noticias\/mofficer-entra-recuperacao-judicial\/#breadcrumb","itemListElement":[{"@type":"ListItem","position":1,"name":"Not\u00edcias","item":"https:\/\/www.suno.com.br\/noticias\/"},{"@type":"ListItem","position":2,"name":"Neg\u00f3cios","item":"https:\/\/www.suno.com.br\/noticias\/negocios\/"},{"@type":"ListItem","position":3,"name":"Com d\u00edvidas de R$ 53,5 milh\u00f5es, M.Officer entra em recupera\u00e7\u00e3o judicial"}]},{"@type":"WebSite","@id":"https:\/\/www.suno.com.br\/noticias\/#website","url":"https:\/\/www.suno.com.br\/noticias\/","name":"Suno Not\u00edcias","description":"Seu portal de informa\u00e7\u00e3o sobre o mundo dos investimentos","publisher":{"@id":"https:\/\/www.suno.com.br\/noticias\/#organization"},"potentialAction":[{"@type":"SearchAction","target":{"@type":"EntryPoint","urlTemplate":"https:\/\/www.suno.com.br\/noticias\/?s={search_term_string}"},"query-input":{"@type":"PropertyValueSpecification","valueRequired":true,"valueName":"search_term_string"}}],"inLanguage":"pt-BR"},{"@type":"Organization","@id":"https:\/\/www.suno.com.br\/noticias\/#organization","name":"Suno Not\u00edcias","url":"https:\/\/www.suno.com.br\/noticias\/","logo":{"@type":"ImageObject","inLanguage":"pt-BR","@id":"https:\/\/www.suno.com.br\/noticias\/#\/schema\/logo\/image\/","url":"https:\/\/files.sunoresearch.com.br\/n\/uploads\/2021\/09\/suno-logo.png","contentUrl":"https:\/\/files.sunoresearch.com.br\/n\/uploads\/2021\/09\/suno-logo.png","width":180,"height":180,"caption":"Suno Not\u00edcias"},"image":{"@id":"https:\/\/www.suno.com.br\/noticias\/#\/schema\/logo\/image\/"},"sameAs":["https:\/\/facebook.com\/sunoresearch","https:\/\/x.com\/sunoresearch","https:\/\/www.instagram.com\/suno","https:\/\/www.linkedin.com\/company\/suno-research\/","https:\/\/www.youtube.com\/c\/sunoresearch"]},{"@type":"Person","@id":"https:\/\/www.suno.com.br\/noticias\/#\/schema\/person\/c1b1bd3727fa852bd045e9dbff3673ea","name":"Reda\u00e7\u00e3o Suno Not\u00edcias","image":{"@type":"ImageObject","inLanguage":"pt-BR","@id":"https:\/\/www.suno.com.br\/noticias\/#\/schema\/person\/image\/","url":"https:\/\/secure.gravatar.com\/avatar\/b8104b9b5a71985d5238ee59fbe418af?s=96&r=g","contentUrl":"https:\/\/secure.gravatar.com\/avatar\/b8104b9b5a71985d5238ee59fbe418af?s=96&r=g","caption":"Reda\u00e7\u00e3o Suno Not\u00edcias"},"description":"O Suno Not\u00edcias \u00e9 um portal de informa\u00e7\u00f5es sobre Mercado Financeiro, Pol\u00edtica, Neg\u00f3cios, Economia e Finan\u00e7as Pessoais.","sameAs":["https:\/\/www.suno.com.br\/noticias","https:\/\/www.facebook.com\/sunonoticias\/","https:\/\/www.instagram.com\/sunonoticias\/","https:\/\/x.com\/https:\/\/twitter.com\/sunoresearch","https:\/\/www.youtube.com\/sunonoticias"],"url":"https:\/\/www.suno.com.br\/noticias\/author\/redacao-suno\/"}]}},"default_loop_html":"<div class=\"cardsPage__listCard__boxs\"><div class=\"cardsPage__listCard__boxs__img\"><a href=\"https:\/\/www.suno.com.br\/noticias\/mofficer-entra-recuperacao-judicial\/\"><img class=\"mask\" src=\"https:\/\/www.suno.com.br\/noticias\/wp-content\/themes\/suno\/resources\/images\/spotlight\/spotlight1img\/bg-mask.png\" alt=\"Image Mask\"\/><img src=\"https:\/\/files.sunoresearch.com.br\/n\/uploads\/2023\/09\/M.Officer-400x200.jpg\" alt=\"Com d\u00edvidas de R$ 53,5 milh\u00f5es, M.Officer entra em recupera\u00e7\u00e3o judicial\"\/><\/a><span class=\"spotlightCategory\"><a href=\"https:\/\/www.suno.com.br\/noticias\/negocios\/\">Neg\u00f3cios<\/a><\/span><\/div><div class=\"cardsPage__listCard__boxs__content\"><a href=\"https:\/\/www.suno.com.br\/noticias\/mofficer-entra-recuperacao-judicial\/\"><h2 class=\"content__title\">Com d\u00edvidas de R$ 53,5 milh\u00f5es, M.Officer entra em recupera\u00e7\u00e3o judicial<\/h2><\/a><div class=\"newsContent__article__meta\"><div class=\"newsContent__article__meta__authorBox\"><a href=\"https:\/\/www.suno.com.br\/noticias\/author\/vini08correiagmail-com\/\" class=\"authorBox__avatar noMobi\"><img src=\"https:\/\/files.sunoresearch.com.br\/n\/uploads\/2026\/04\/WhatsApp-Image-2026-04-20-at-19.35.48-150x150.webp\" alt=\"Vin\u00edcius Alves\"><\/a><div class=\"authorBox__name\"><span>por\n\t\t\t<a href=\"https:\/\/www.suno.com.br\/noticias\/author\/vini08correiagmail-com\/\"><span itemprop=\"author\">Vin\u00edcius Alves<\/span><\/a><\/span><time datetime=\"2023-09-12T18:57:35-03:00\" itemprop=\"datePublished\">12\/09\/2023 18:57<\/time><\/div><\/div><\/div><\/div><\/div>","single_layout":"posts","amp_enabled":true,"_links":{"self":[{"href":"https:\/\/www.suno.com.br\/noticias\/wp-json\/wp\/v2\/posts\/455041"}],"collection":[{"href":"https:\/\/www.suno.com.br\/noticias\/wp-json\/wp\/v2\/posts"}],"about":[{"href":"https:\/\/www.suno.com.br\/noticias\/wp-json\/wp\/v2\/types\/post"}],"author":[{"embeddable":true,"href":"https:\/\/www.suno.com.br\/noticias\/wp-json\/wp\/v2\/users\/43"}],"replies":[{"embeddable":true,"href":"https:\/\/www.suno.com.br\/noticias\/wp-json\/wp\/v2\/comments?post=455041"}],"version-history":[{"count":2,"href":"https:\/\/www.suno.com.br\/noticias\/wp-json\/wp\/v2\/posts\/455041\/revisions"}],"predecessor-version":[{"id":455205,"href":"https:\/\/www.suno.com.br\/noticias\/wp-json\/wp\/v2\/posts\/455041\/revisions\/455205"}],"wp:featuredmedia":[{"embeddable":true,"href":"https:\/\/www.suno.com.br\/noticias\/wp-json\/wp\/v2\/media\/455201"}],"wp:attachment":[{"href":"https:\/\/www.suno.com.br\/noticias\/wp-json\/wp\/v2\/media?parent=455041"}],"wp:term":[{"taxonomy":"category","embeddable":true,"href":"https:\/\/www.suno.com.br\/noticias\/wp-json\/wp\/v2\/categories?post=455041"},{"taxonomy":"post_tag","embeddable":true,"href":"https:\/\/www.suno.com.br\/noticias\/wp-json\/wp\/v2\/tags?post=455041"},{"taxonomy":"suno_strategy","embeddable":true,"href":"https:\/\/www.suno.com.br\/noticias\/wp-json\/wp\/v2\/suno_strategy?post=455041"}],"curies":[{"name":"wp","href":"https:\/\/api.w.org\/{rel}","templated":true}]}}