{"id":45503,"date":"2019-11-23T13:50:34","date_gmt":"2019-11-23T15:50:34","guid":{"rendered":"https:\/\/www.suno.com.br\/noticias\/?p=45503"},"modified":"2021-02-18T19:14:29","modified_gmt":"2021-02-18T22:14:29","slug":"resumo-da-semana-previdencia-magazine-luiza-itau-guerra-comercial","status":"publish","type":"post","link":"https:\/\/www.suno.com.br\/noticias\/resumo-da-semana-previdencia-magazine-luiza-itau-guerra-comercial\/","title":{"rendered":"Resumo da Semana: Previd\u00eancia; Magazine Luiza; Ita\u00fa Unibanco; Guerra Comercial"},"content":{"rendered":"<p>A terceira semana do m\u00eas de novembro contou com diversas not\u00edcias que agitaram o mercado interno e, tamb\u00e9m, o cen\u00e1rio internacional. No Resumo da Semana do <strong>SUNO Not\u00edcias<\/strong> voc\u00ea acompanha todas as not\u00edcias mais relevantes dos \u00faltimos sete dias.<\/p>\t<div class=\"wrapper-featured-image\">\n\t\t<figure class=\"spotlightImg\">\n\n\t\t\t<picture>\n\t\t\t\t<source media=\"(max-width: 768px)\" srcset=\"https:\/\/files.sunoresearch.com.br\/n\/uploads\/2019\/10\/556f9a6e-senado-400x200.webp\">\n\t\t\t\t<img loading=\"lazy\" decoding=\"async\" class=\"newsContent__article__imgCapa lazyloadDisabled newsContent__article__imgCapa--noCaption\" src=\"https:\/\/files.sunoresearch.com.br\/n\/uploads\/2019\/10\/556f9a6e-senado-800x450.webp\" width=\"800\" height=\"450\" alt=\"Resumo da Semana: Previd\u00eancia; Magazine Luiza; Ita\u00fa Unibanco; Guerra Comercial\" fetchpriority=high \/>\n\t\t\t<\/picture>\n\n\t\t\t<figcaption class=\"wp-caption-text wp-caption-text--hide\">PEC dos Precat\u00f3rios: altera\u00e7\u00f5es propostas pelo Senado ser\u00e3o votadas na pr\u00f3xima ter\u00e7a-feira (14) no Plen\u00e1rio da C\u00e2mara<\/figcaption>\n\t\t<\/figure>\n\t<\/div>\n\n\n\n<p>O <strong>Senado Federal<\/strong> aprovou, nesta semana, a <strong>Proposta de Emenda \u00e0 Constitui\u00e7\u00e3o (PEC)<\/strong> paralela e esse \u00e9 um dos destaques do<b>\u00a0Resumo da Semana.<\/b> Al\u00e9m disso, a <b>Magazine Luiza <\/b>anunciou uma nova parceria com a <strong>Marisa<\/strong>. A semana ainda contou com mais not\u00edcias sobre a <a href=\"https:\/\/www.suno.com.br\/artigos\/a-guerra-comercial\/\">Guerra Comercial<\/a>.<\/p>\n<p><a href=\"http:\/\/bit.ly\/33ZNYfZ\">Black Friday Suno \u2013 as melhores an\u00e1lises sobre investimentos com descontos incr\u00edveis! Cadastre-se para ser o primeiro a saber.<\/a><\/p>\n<p>Confira os principais pontos do <strong>Resumo da Semana<\/strong>:<\/p>\n<h2>Previd\u00eancia<\/h2>\n<p>Para iniciar o<strong> Resumo da Semana, <\/strong>separamos a not\u00edcia sobre a aprova\u00e7\u00e3o da <strong>Proposta de Emenda \u00e0 Constitui\u00e7\u00e3o (PEC)<\/strong> paralela no Senado Federal, realizada na noite da \u00faltima ter\u00e7a-feira (19), como o principal destaque. O relat\u00f3rio altera t\u00f3picos da reforma da Previd\u00eancia.<\/p>\n<p>A vota\u00e7\u00e3o contou com com 53 votos favor\u00e1veis e sete contr\u00e1rios. Entre as altera\u00e7\u00f5es, a medida inclui estados e munic\u00edpios na <strong>reforma<\/strong> <strong>da Previd\u00eancia<\/strong>.<\/p>\n<p>\u201cVamos entregar [a PEC] agora para a C\u00e2mara, que naturalmente ter\u00e1 um longo debate nas comiss\u00f5es. Mas, sem d\u00favida nenhuma, \u00e9 uma resposta do Senado ao equil\u00edbrio fiscal dos estados e munic\u00edpios\u201d, disse o presidente do Senado, Davi Alcolumbre.<\/p>\n<p>Ap\u00f3s a aprova\u00e7\u00e3o no <strong>Senado<\/strong>, a proposta ser\u00e1 encaminhada \u00e0 <strong>C\u00e2mara dos Deputados<\/strong>. Al\u00e9m da inclus\u00e3o de estados e munic\u00edpios, a PEC altera tamb\u00e9m algumas das regras para a aposentadoria.<\/p>\n<h2>Magazine Luiza<\/h2>\n<p>O Magazine Luiza (MGLU3) teve mais uma semana de brilho no mercado, chamando a aten\u00e7\u00e3o por fazer uma nova parceria. A varejista anunciou, na \u00faltima quinta-feira (21), que ir\u00e1 comercializar produtos do setor eletr\u00f4nico na lojas f\u00edsicas da <strong>Marisa<\/strong>. O projeto \u00e9 denominado &#8220;store in store&#8221;. Ser\u00e3o mais de 500 lojas da varejista de moda com o servi\u00e7o incluso.<\/p>\n<p>O principal objetivo do <strong>Magazine<\/strong> <strong>Luiza<\/strong> \u00e9 expandir sua base de clientes de forma significativa com a nova opera\u00e7\u00e3o. A varejista oferecer\u00e1 smartphones e acess\u00f3rios para eletr\u00f4nicos, al\u00e9m de servi\u00e7os digitais como:<\/p>\n<ul>\n<li><strong>Magalu Conecta<\/strong><\/li>\n<li><strong>Maga Mais<\/strong><\/li>\n<li>Cart\u00f5es de conte\u00fado<\/li>\n<\/ul>\n<p>Ademais, a <strong>varejista<\/strong> tamb\u00e9m ter\u00e1 em seu leque de servi\u00e7os o fornecimento de garantia estendida e prote\u00e7\u00e3o contra roubo e furto ou quebra acidental de aparelhos eletr\u00f4nicos.<\/p>\n<p><a href=\"https:\/\/lp.suno.com.br\/black-friday-2019\/?utm_source=noticias&amp;utm_medium=link\">Black Friday Suno \u2013 as melhores an\u00e1lises sobre investimentos com descontos incr\u00edveis! Cadastre-se para ser o primeiro a saber<\/a><\/p>\n<p>\u201cVale ressaltar que o Magalu ser\u00e1 respons\u00e1vel pela estrat\u00e9gia comercial, disponibilidade de produtos, faturamento, financiamento, log\u00edstica, contrata\u00e7\u00e3o e gest\u00e3o dos colaboradores\u201d, informou a empresa.<\/p>\n\t<p>\n\t\t<a href=\"https:\/\/www.seculus.com.br\/blackfriday\" target=\"_blank\" data-element=\"shortcode-suno-banner\" title=\"Banner SUNO, clique e saiba mais\">\n\t\t\t<picture>\n\t\t\t\t<source media=\"(max-width: 500px)\" srcset=\"https:\/\/files.sunoresearch.com.br\/n\/uploads\/2023\/11\/seculus_suno_mobile_1.jpg\">\n\t\t\t\t<img class=\"newsContent__article__imgCapa newsContent__article__imgCapa--banner\"\n\t\t\t\t\tsrc=\"https:\/\/files.sunoresearch.com.br\/n\/uploads\/2023\/11\/seculus_suno_desktop_1.jpg\"\n\t\t\t\t\tdata-promo-id=\"474122\"\t\t\t\t\t\t\t\t\t\twidth='1420' height='240'\t\t\t\t\talt=\"https:\/\/files.sunoresearch.com.br\/n\/uploads\/2023\/11\/seculus_suno_desktop_1.jpg\"\n\t\t\t\t>\n\t\t\t<\/picture>\n\t\t<\/a>\n\t<\/p>\n\n\n<p>Clientes que moram no Rio de Janeiro e em Bras\u00edlia tem motivos para comemorar. Isso porque a varejista ainda n\u00e3o possui lojas f\u00edsicas nos dois locais e a op\u00e7\u00e3o &#8220;Retire na Loja&#8221; agora ficar\u00e1 dispon\u00edvel com a parceria firmada com a Marisa. Dessa forma, ser\u00e1 poss\u00edvel a retirada de produtos diretamente na varejista de moda.<\/p>\n<p>A Marisa, assim como a Magalu, espera alavancar seu mix de produtos al\u00e9m de aumentar o fluxo de clientes em loja.<\/p>\n<h2>Ita\u00fa<\/h2>\n<p>A <strong>Prefeitura de S\u00e3o Paulo<\/strong> multou o Ita\u00fa Unibanco (<strong>ITUB3<\/strong>; <strong>ITUB4<\/strong>) em R$ 3,8 bilh\u00f5es por uma suposta fraude fiscal. A informa\u00e7\u00e3o inicialmente foi divulgada pelo jornal &#8220;Folha de S.Paulo&#8221; na manh\u00e3 desta sexta-feira (22).<\/p>\n\n<p>Uma <strong>Comiss\u00e3o Parlamentar de Inqu\u00e9rito (CPI)<\/strong> foi realizada na <strong>C\u00e2mara<\/strong> para investigar uma poss\u00edvel sonega\u00e7\u00e3o tribut\u00e1ria de grandes bancos. O <strong>Ita\u00fa<\/strong>, como outras institui\u00e7\u00f5es banc\u00e1rias, transferiu sua sede para uma cidade pr\u00f3xima da capital, tendo que arcar com uma menor tributa\u00e7\u00e3o.<\/p>\n<p><a href=\"https:\/\/www.suno.com.br\/black-friday-2019\/assinaturas\/\">Black Friday Suno &#8211; pague 2 anos e leve 3 nas principais assinaturas da Suno Research<\/a><\/p>\n<p>O maior banco privado do Brasil chegou a fechar um acordo com a C\u00e2mara paulista em maio para trazer de volta \u00e0 cidade as sedes da <strong>Rede<\/strong>, sua credenciadora de pagamentos, e das opera\u00e7\u00f5es de leasing e cart\u00f5es. O retorno equivaleria a uma arrecada\u00e7\u00e3o de aproximadamente R$ 230 milh\u00f5es em impostos.<\/p>\n<p>Ap\u00f3s as informa\u00e7\u00f5es publicadas pela imprensa nesta sexta, o banco confirmou que sua controlada foi multada pela Prefeitura por suposta infra\u00e7\u00e3o \u00e0 legisla\u00e7\u00e3o tribut\u00e1ria do munic\u00edpio, n\u00e3o tendo recolhido o <a href=\"https:\/\/www.suno.com.br\/artigos\/iss\/\">ISS (Imposto sobre Servi\u00e7os)<\/a> aos cofres p\u00fablicos municipais no que diz respeito \u00e0s atividades da Rede.<\/p>\n<p><a href=\"https:\/\/www.suno.com.br\/noticias\/qualidade-impostos-brasil-ruim-diz-itau\/\">Confira: Qualidade dos impostos no Brasil \u00e9 ruim, diz executivo do Ita\u00fa<\/a><\/p>\n<p>&#8220;O Ita\u00fa Unibanco esclarece que segue rigorosamente a legisla\u00e7\u00e3o tribut\u00e1ria e recolhe todos os tributos devidos, sendo que as opera\u00e7\u00f5es da Itaucard em Po\u00e1, antiga sede da sociedade, sempre foram devidamente conduzidas na cidade, com estrutura de pessoal, espa\u00e7o f\u00edsico e tecnologia compat\u00edveis com as atividades realizadas\u201d, afirmou em nota a institui\u00e7\u00e3o financeira.<\/p>\n<h2>Guerra Comercial<\/h2>\n<p>Para fechar o <strong>Resumo<\/strong> <strong>da Semana<\/strong>, a Guerra Comercial teve mais novidades. O presidente dos <strong>Estados<\/strong> <strong>Unidos<\/strong>, <a href=\"https:\/\/www.suno.com.br\/tudo-sobre\/donald-trump\/\"><strong>Donald<\/strong> <strong>Trump<\/strong><\/a>, declarou na \u00fatlima ter\u00e7a-feira (19) que aumentar\u00e1 as tarifas sobre as importa\u00e7\u00f5es de produtos chineses caso n\u00e3o seja fechado nenhum acordo comercial com <strong>Pequim<\/strong> para acabar com a atual <a href=\"https:\/\/www.suno.com.br\/artigos\/a-guerra-comercial\/\">guerra comercial<\/a> retaliat\u00f3ria que vem travando as economias de ambos pa\u00edses.<\/p>\n<p>&#8220;Se n\u00f3s n\u00e3o conseguirmos um acordo com a <strong>China<\/strong>, eu simplesmente aumentarei ainda mais as <strong>tarifas<\/strong>&#8220;, disse <strong>Trump<\/strong> que tamb\u00e9m afirmou que a China ter\u00e1 que fechar um acordo para encerrar a <strong>guerra comercial<\/strong>.<\/p>\n<p>Nesta sexta-feira (22), o presidente da China, <strong>Xi Jinping<\/strong>, afirmou que se for preciso ir\u00e1 retaliar os Estados Unidos, no entanto, o pa\u00eds asi\u00e1tico est\u00e1 trabalhando para alcan\u00e7ar um acordo baseado no &#8220;respeito m\u00fatuo e igualdade&#8221;.<\/p>\n<p>&#8220;Se necess\u00e1rio, retaliaremos, mas estamos trabalhando ativamente para tentar n\u00e3o ter uma guerra comercial. N\u00f3s (<strong>China<\/strong>) n\u00e3o iniciamos essa guerra comercial e n\u00e3o \u00e9 algo que queremos&#8221;, afirmou Jinping durante um f\u00f3rum econ\u00f4mico em Pequim.<\/p>\n<p>O mandat\u00e1rio do pa\u00eds asi\u00e1tico informou ainda que n\u00e3o tem medo dos EUA. &#8220;Sempre dissemos que n\u00e3o quer\u00edamos come\u00e7ar uma guerra comercial, mas n\u00e3o temos medos&#8221;, disse.<\/p>\n<p><a href=\"https:\/\/www.suno.com.br\/black-friday-2019\/assinaturas\/\">Black Friday Suno \u2013 pague 2 anos e leve 3 nas principais assinaturas da Suno Research<\/a><\/p>\n<p>A <strong><a href=\"https:\/\/www.suno.com.br\/artigos\/a-guerra-comercial\/\">disputa comercial<\/a><\/strong> com os norte-americanos &#8220;pode afetar as perspectivas futuras da economia mundial, por isso \u00e9 uma quest\u00e3o muito importante para prestar aten\u00e7\u00e3o&#8221;, completou o presidente chin\u00eas.<\/p>\n<p>No in\u00edcio da semana, entretanto, o vice-primeiro-ministro chin\u00eas e l\u00edder das negocia\u00e7\u00f5es comercias da China, Liu He, declarou que o pa\u00eds estava &#8220;cautelosamente otimista&#8221; com o desdobramento da guerra comercial.<\/p>\n<p>Fique ligado no<strong> Resumo<\/strong> <strong>da<\/strong> <strong>Semana<\/strong> da <strong><a href=\"https:\/\/www.youtube.com\/channel\/UCWDeEIDAIi_oYKDiqwfGyRg\">Suno<\/a> Not\u00edcias <\/strong>para ficar por dentro de todas as informa\u00e7\u00f5es mais relevantes dos \u00faltimos dias.<\/p>\n","protected":false},"excerpt":{"rendered":"<p>A terceira semana do m\u00eas de novembro contou com diversas not\u00edcias que agitaram o mercado interno e, tamb\u00e9m, o cen\u00e1rio internacional. No Resumo da Semana do SUNO Not\u00edcias voc\u00ea acompanha todas as not\u00edcias mais relevantes dos \u00faltimos sete dias. PEC dos Precat\u00f3rios: altera\u00e7\u00f5es propostas pelo Senado ser\u00e3o votadas na pr\u00f3xima ter\u00e7a-feira (14) no Plen\u00e1rio da [&hellip;]<\/p>\n","protected":false},"author":19,"featured_media":39670,"comment_status":"closed","ping_status":"closed","sticky":false,"template":"","format":"standard","meta":[],"categories":[64],"tags":[67860],"suno_strategy":[],"class_list":["post-45503","post","type-post","status-publish","format-standard","has-post-thumbnail","hentry","category-negocios","tag-sonegacao-fiscal"],"yoast_head":"<!-- This site is optimized with the Yoast SEO plugin v24.4 - https:\/\/yoast.com\/wordpress\/plugins\/seo\/ -->\n<title>Resumo da Semana: Previd\u00eancia; Magalu; Ita\u00fa Unibanco; EUA x China<\/title>\n<meta name=\"description\" content=\"Resumo da Semana: Pec parelela da Previd\u00eancia; Magazine Luiza faz parceria com a Marisa; Ita\u00fa Unibanco; Guerra Comercial. Clique e saiba mais\" \/>\n<meta name=\"robots\" content=\"index, follow, max-snippet:-1, max-image-preview:large, max-video-preview:-1\" \/>\n<link rel=\"canonical\" href=\"https:\/\/www.suno.com.br\/noticias\/resumo-da-semana-previdencia-magazine-luiza-itau-guerra-comercial\/\" \/>\n<meta property=\"og:locale\" content=\"pt_BR\" \/>\n<meta property=\"og:type\" content=\"article\" \/>\n<meta property=\"og:title\" content=\"Resumo da Semana: Previd\u00eancia; Magalu; Ita\u00fa Unibanco; EUA x China\" \/>\n<meta property=\"og:description\" content=\"Resumo da Semana: Pec parelela da Previd\u00eancia; Magazine Luiza faz parceria com a Marisa; Ita\u00fa Unibanco; Guerra Comercial. Clique e saiba mais\" \/>\n<meta property=\"og:url\" content=\"https:\/\/www.suno.com.br\/noticias\/resumo-da-semana-previdencia-magazine-luiza-itau-guerra-comercial\/\" \/>\n<meta property=\"og:site_name\" content=\"Suno Not\u00edcias\" \/>\n<meta property=\"article:publisher\" content=\"https:\/\/facebook.com\/sunoresearch\" \/>\n<meta property=\"og:image\" content=\"https:\/\/files.sunoresearch.com.br\/n\/uploads\/2019\/10\/556f9a6e-senado.jpg\" \/>\n\t<meta property=\"og:image:width\" content=\"1920\" \/>\n\t<meta property=\"og:image:height\" content=\"1080\" \/>\n\t<meta property=\"og:image:type\" content=\"image\/jpeg\" \/>\n<meta name=\"author\" content=\"Juliano Passaro\" \/>\n<meta name=\"twitter:card\" content=\"summary_large_image\" \/>\n<meta name=\"twitter:creator\" content=\"@sunoresearch\" \/>\n<meta name=\"twitter:site\" content=\"@sunoresearch\" \/>\n<meta name=\"twitter:label1\" content=\"Escrito por\" \/>\n\t<meta name=\"twitter:data1\" content=\"Juliano Passaro\" \/>\n\t<meta name=\"twitter:label2\" content=\"Est. tempo de leitura\" \/>\n\t<meta name=\"twitter:data2\" content=\"6 minutos\" \/>\n<script type=\"application\/ld+json\" class=\"yoast-schema-graph\">{\"@context\":\"https:\/\/schema.org\",\"@graph\":[{\"@type\":\"NewsArticle\",\"@id\":\"https:\/\/www.suno.com.br\/noticias\/resumo-da-semana-previdencia-magazine-luiza-itau-guerra-comercial\/#article\",\"isPartOf\":{\"@id\":\"https:\/\/www.suno.com.br\/noticias\/resumo-da-semana-previdencia-magazine-luiza-itau-guerra-comercial\/\"},\"author\":{\"name\":\"Juliano Passaro\",\"@id\":\"https:\/\/www.suno.com.br\/noticias\/#\/schema\/person\/1db762f78ffd8919a648a63e425953e3\"},\"headline\":\"Resumo da Semana: Previd\u00eancia; Magazine Luiza; Ita\u00fa Unibanco; Guerra Comercial\",\"datePublished\":\"2019-11-23T15:50:34+00:00\",\"dateModified\":\"2021-02-18T22:14:29+00:00\",\"mainEntityOfPage\":{\"@id\":\"https:\/\/www.suno.com.br\/noticias\/resumo-da-semana-previdencia-magazine-luiza-itau-guerra-comercial\/\"},\"wordCount\":1168,\"publisher\":{\"@id\":\"https:\/\/www.suno.com.br\/noticias\/#organization\"},\"image\":{\"@id\":\"https:\/\/www.suno.com.br\/noticias\/resumo-da-semana-previdencia-magazine-luiza-itau-guerra-comercial\/#primaryimage\"},\"thumbnailUrl\":\"https:\/\/files.sunoresearch.com.br\/n\/uploads\/2019\/10\/556f9a6e-senado-jpg.webp\",\"keywords\":[\"sonega\u00e7\u00e3o fiscal\"],\"articleSection\":[\"Neg\u00f3cios\"],\"inLanguage\":\"pt-BR\"},{\"@type\":\"WebPage\",\"@id\":\"https:\/\/www.suno.com.br\/noticias\/resumo-da-semana-previdencia-magazine-luiza-itau-guerra-comercial\/\",\"url\":\"https:\/\/www.suno.com.br\/noticias\/resumo-da-semana-previdencia-magazine-luiza-itau-guerra-comercial\/\",\"name\":\"Resumo da Semana: Previd\u00eancia; Magalu; Ita\u00fa Unibanco; EUA x China\",\"isPartOf\":{\"@id\":\"https:\/\/www.suno.com.br\/noticias\/#website\"},\"primaryImageOfPage\":{\"@id\":\"https:\/\/www.suno.com.br\/noticias\/resumo-da-semana-previdencia-magazine-luiza-itau-guerra-comercial\/#primaryimage\"},\"image\":{\"@id\":\"https:\/\/www.suno.com.br\/noticias\/resumo-da-semana-previdencia-magazine-luiza-itau-guerra-comercial\/#primaryimage\"},\"thumbnailUrl\":\"https:\/\/files.sunoresearch.com.br\/n\/uploads\/2019\/10\/556f9a6e-senado-jpg.webp\",\"datePublished\":\"2019-11-23T15:50:34+00:00\",\"dateModified\":\"2021-02-18T22:14:29+00:00\",\"description\":\"Resumo da Semana: Pec parelela da Previd\u00eancia; Magazine Luiza faz parceria com a Marisa; Ita\u00fa Unibanco; Guerra Comercial. Clique e saiba mais\",\"breadcrumb\":{\"@id\":\"https:\/\/www.suno.com.br\/noticias\/resumo-da-semana-previdencia-magazine-luiza-itau-guerra-comercial\/#breadcrumb\"},\"inLanguage\":\"pt-BR\",\"potentialAction\":[{\"@type\":\"ReadAction\",\"target\":[\"https:\/\/www.suno.com.br\/noticias\/resumo-da-semana-previdencia-magazine-luiza-itau-guerra-comercial\/\"]}]},{\"@type\":\"ImageObject\",\"inLanguage\":\"pt-BR\",\"@id\":\"https:\/\/www.suno.com.br\/noticias\/resumo-da-semana-previdencia-magazine-luiza-itau-guerra-comercial\/#primaryimage\",\"url\":\"https:\/\/files.sunoresearch.com.br\/n\/uploads\/2019\/10\/556f9a6e-senado-jpg.webp\",\"contentUrl\":\"https:\/\/files.sunoresearch.com.br\/n\/uploads\/2019\/10\/556f9a6e-senado-jpg.webp\",\"width\":1920,\"height\":1080,\"caption\":\"PEC dos Precat\u00f3rios: altera\u00e7\u00f5es propostas pelo Senado ser\u00e3o votadas na pr\u00f3xima ter\u00e7a-feira (14) no Plen\u00e1rio da C\u00e2mara\"},{\"@type\":\"BreadcrumbList\",\"@id\":\"https:\/\/www.suno.com.br\/noticias\/resumo-da-semana-previdencia-magazine-luiza-itau-guerra-comercial\/#breadcrumb\",\"itemListElement\":[{\"@type\":\"ListItem\",\"position\":1,\"name\":\"Not\u00edcias\",\"item\":\"https:\/\/www.suno.com.br\/noticias\/\"},{\"@type\":\"ListItem\",\"position\":2,\"name\":\"Neg\u00f3cios\",\"item\":\"https:\/\/www.suno.com.br\/noticias\/negocios\/\"},{\"@type\":\"ListItem\",\"position\":3,\"name\":\"Resumo da Semana: Previd\u00eancia; Magazine Luiza; Ita\u00fa Unibanco; Guerra Comercial\"}]},{\"@type\":\"WebSite\",\"@id\":\"https:\/\/www.suno.com.br\/noticias\/#website\",\"url\":\"https:\/\/www.suno.com.br\/noticias\/\",\"name\":\"Suno Not\u00edcias\",\"description\":\"Seu portal de informa\u00e7\u00e3o sobre o mundo dos investimentos\",\"publisher\":{\"@id\":\"https:\/\/www.suno.com.br\/noticias\/#organization\"},\"potentialAction\":[{\"@type\":\"SearchAction\",\"target\":{\"@type\":\"EntryPoint\",\"urlTemplate\":\"https:\/\/www.suno.com.br\/noticias\/?s={search_term_string}\"},\"query-input\":{\"@type\":\"PropertyValueSpecification\",\"valueRequired\":true,\"valueName\":\"search_term_string\"}}],\"inLanguage\":\"pt-BR\"},{\"@type\":\"Organization\",\"@id\":\"https:\/\/www.suno.com.br\/noticias\/#organization\",\"name\":\"Suno Not\u00edcias\",\"url\":\"https:\/\/www.suno.com.br\/noticias\/\",\"logo\":{\"@type\":\"ImageObject\",\"inLanguage\":\"pt-BR\",\"@id\":\"https:\/\/www.suno.com.br\/noticias\/#\/schema\/logo\/image\/\",\"url\":\"https:\/\/files.sunoresearch.com.br\/n\/uploads\/2021\/09\/suno-logo.png\",\"contentUrl\":\"https:\/\/files.sunoresearch.com.br\/n\/uploads\/2021\/09\/suno-logo.png\",\"width\":180,\"height\":180,\"caption\":\"Suno Not\u00edcias\"},\"image\":{\"@id\":\"https:\/\/www.suno.com.br\/noticias\/#\/schema\/logo\/image\/\"},\"sameAs\":[\"https:\/\/facebook.com\/sunoresearch\",\"https:\/\/x.com\/sunoresearch\",\"https:\/\/www.instagram.com\/suno\",\"https:\/\/www.linkedin.com\/company\/suno-research\/\",\"https:\/\/www.youtube.com\/c\/sunoresearch\"]},{\"@type\":\"Person\",\"@id\":\"https:\/\/www.suno.com.br\/noticias\/#\/schema\/person\/1db762f78ffd8919a648a63e425953e3\",\"name\":\"Juliano Passaro\",\"image\":{\"@type\":\"ImageObject\",\"inLanguage\":\"pt-BR\",\"@id\":\"https:\/\/www.suno.com.br\/noticias\/#\/schema\/person\/image\/\",\"url\":\"https:\/\/secure.gravatar.com\/avatar\/743d4df28eebf6dcc46b4ad03c319e92?s=96&r=g\",\"contentUrl\":\"https:\/\/secure.gravatar.com\/avatar\/743d4df28eebf6dcc46b4ad03c319e92?s=96&r=g\",\"caption\":\"Juliano Passaro\"},\"description\":\"Juliano Passaro escreve sobre pol\u00edtica, economia e neg\u00f3cios para o portal da Suno Research. Antes da Suno, trabalhou no Portal da Band. \u00c9 formado em jornalismo pela Universidade Presbiteriana Mackenzie.\",\"url\":\"https:\/\/www.suno.com.br\/noticias\/author\/juliano\/\"}]}<\/script>\n<!-- \/ Yoast SEO plugin. -->","yoast_head_json":{"title":"Resumo da Semana: Previd\u00eancia; Magalu; Ita\u00fa Unibanco; EUA x China","description":"Resumo da Semana: Pec parelela da Previd\u00eancia; Magazine Luiza faz parceria com a Marisa; Ita\u00fa Unibanco; Guerra Comercial. Clique e saiba mais","robots":{"index":"index","follow":"follow","max-snippet":"max-snippet:-1","max-image-preview":"max-image-preview:large","max-video-preview":"max-video-preview:-1"},"canonical":"https:\/\/www.suno.com.br\/noticias\/resumo-da-semana-previdencia-magazine-luiza-itau-guerra-comercial\/","og_locale":"pt_BR","og_type":"article","og_title":"Resumo da Semana: Previd\u00eancia; Magalu; Ita\u00fa Unibanco; EUA x China","og_description":"Resumo da Semana: Pec parelela da Previd\u00eancia; Magazine Luiza faz parceria com a Marisa; Ita\u00fa Unibanco; Guerra Comercial. Clique e saiba mais","og_url":"https:\/\/www.suno.com.br\/noticias\/resumo-da-semana-previdencia-magazine-luiza-itau-guerra-comercial\/","og_site_name":"Suno Not\u00edcias","article_publisher":"https:\/\/facebook.com\/sunoresearch","og_image":[{"width":1920,"height":1080,"url":"https:\/\/files.sunoresearch.com.br\/n\/uploads\/2019\/10\/556f9a6e-senado.jpg","type":"image\/jpeg"}],"author":"Juliano Passaro","twitter_card":"summary_large_image","twitter_creator":"@sunoresearch","twitter_site":"@sunoresearch","twitter_misc":{"Escrito por":"Juliano Passaro","Est. tempo de leitura":"6 minutos"},"schema":{"@context":"https:\/\/schema.org","@graph":[{"@type":"NewsArticle","@id":"https:\/\/www.suno.com.br\/noticias\/resumo-da-semana-previdencia-magazine-luiza-itau-guerra-comercial\/#article","isPartOf":{"@id":"https:\/\/www.suno.com.br\/noticias\/resumo-da-semana-previdencia-magazine-luiza-itau-guerra-comercial\/"},"author":{"name":"Juliano Passaro","@id":"https:\/\/www.suno.com.br\/noticias\/#\/schema\/person\/1db762f78ffd8919a648a63e425953e3"},"headline":"Resumo da Semana: Previd\u00eancia; Magazine Luiza; Ita\u00fa Unibanco; Guerra Comercial","datePublished":"2019-11-23T15:50:34+00:00","dateModified":"2021-02-18T22:14:29+00:00","mainEntityOfPage":{"@id":"https:\/\/www.suno.com.br\/noticias\/resumo-da-semana-previdencia-magazine-luiza-itau-guerra-comercial\/"},"wordCount":1168,"publisher":{"@id":"https:\/\/www.suno.com.br\/noticias\/#organization"},"image":{"@id":"https:\/\/www.suno.com.br\/noticias\/resumo-da-semana-previdencia-magazine-luiza-itau-guerra-comercial\/#primaryimage"},"thumbnailUrl":"https:\/\/files.sunoresearch.com.br\/n\/uploads\/2019\/10\/556f9a6e-senado-jpg.webp","keywords":["sonega\u00e7\u00e3o fiscal"],"articleSection":["Neg\u00f3cios"],"inLanguage":"pt-BR"},{"@type":"WebPage","@id":"https:\/\/www.suno.com.br\/noticias\/resumo-da-semana-previdencia-magazine-luiza-itau-guerra-comercial\/","url":"https:\/\/www.suno.com.br\/noticias\/resumo-da-semana-previdencia-magazine-luiza-itau-guerra-comercial\/","name":"Resumo da Semana: Previd\u00eancia; Magalu; Ita\u00fa Unibanco; EUA x China","isPartOf":{"@id":"https:\/\/www.suno.com.br\/noticias\/#website"},"primaryImageOfPage":{"@id":"https:\/\/www.suno.com.br\/noticias\/resumo-da-semana-previdencia-magazine-luiza-itau-guerra-comercial\/#primaryimage"},"image":{"@id":"https:\/\/www.suno.com.br\/noticias\/resumo-da-semana-previdencia-magazine-luiza-itau-guerra-comercial\/#primaryimage"},"thumbnailUrl":"https:\/\/files.sunoresearch.com.br\/n\/uploads\/2019\/10\/556f9a6e-senado-jpg.webp","datePublished":"2019-11-23T15:50:34+00:00","dateModified":"2021-02-18T22:14:29+00:00","description":"Resumo da Semana: Pec parelela da Previd\u00eancia; Magazine Luiza faz parceria com a Marisa; Ita\u00fa Unibanco; Guerra Comercial. Clique e saiba mais","breadcrumb":{"@id":"https:\/\/www.suno.com.br\/noticias\/resumo-da-semana-previdencia-magazine-luiza-itau-guerra-comercial\/#breadcrumb"},"inLanguage":"pt-BR","potentialAction":[{"@type":"ReadAction","target":["https:\/\/www.suno.com.br\/noticias\/resumo-da-semana-previdencia-magazine-luiza-itau-guerra-comercial\/"]}]},{"@type":"ImageObject","inLanguage":"pt-BR","@id":"https:\/\/www.suno.com.br\/noticias\/resumo-da-semana-previdencia-magazine-luiza-itau-guerra-comercial\/#primaryimage","url":"https:\/\/files.sunoresearch.com.br\/n\/uploads\/2019\/10\/556f9a6e-senado-jpg.webp","contentUrl":"https:\/\/files.sunoresearch.com.br\/n\/uploads\/2019\/10\/556f9a6e-senado-jpg.webp","width":1920,"height":1080,"caption":"PEC dos Precat\u00f3rios: altera\u00e7\u00f5es propostas pelo Senado ser\u00e3o votadas na pr\u00f3xima ter\u00e7a-feira (14) no Plen\u00e1rio da C\u00e2mara"},{"@type":"BreadcrumbList","@id":"https:\/\/www.suno.com.br\/noticias\/resumo-da-semana-previdencia-magazine-luiza-itau-guerra-comercial\/#breadcrumb","itemListElement":[{"@type":"ListItem","position":1,"name":"Not\u00edcias","item":"https:\/\/www.suno.com.br\/noticias\/"},{"@type":"ListItem","position":2,"name":"Neg\u00f3cios","item":"https:\/\/www.suno.com.br\/noticias\/negocios\/"},{"@type":"ListItem","position":3,"name":"Resumo da Semana: Previd\u00eancia; Magazine Luiza; Ita\u00fa Unibanco; Guerra Comercial"}]},{"@type":"WebSite","@id":"https:\/\/www.suno.com.br\/noticias\/#website","url":"https:\/\/www.suno.com.br\/noticias\/","name":"Suno Not\u00edcias","description":"Seu portal de informa\u00e7\u00e3o sobre o mundo dos investimentos","publisher":{"@id":"https:\/\/www.suno.com.br\/noticias\/#organization"},"potentialAction":[{"@type":"SearchAction","target":{"@type":"EntryPoint","urlTemplate":"https:\/\/www.suno.com.br\/noticias\/?s={search_term_string}"},"query-input":{"@type":"PropertyValueSpecification","valueRequired":true,"valueName":"search_term_string"}}],"inLanguage":"pt-BR"},{"@type":"Organization","@id":"https:\/\/www.suno.com.br\/noticias\/#organization","name":"Suno Not\u00edcias","url":"https:\/\/www.suno.com.br\/noticias\/","logo":{"@type":"ImageObject","inLanguage":"pt-BR","@id":"https:\/\/www.suno.com.br\/noticias\/#\/schema\/logo\/image\/","url":"https:\/\/files.sunoresearch.com.br\/n\/uploads\/2021\/09\/suno-logo.png","contentUrl":"https:\/\/files.sunoresearch.com.br\/n\/uploads\/2021\/09\/suno-logo.png","width":180,"height":180,"caption":"Suno Not\u00edcias"},"image":{"@id":"https:\/\/www.suno.com.br\/noticias\/#\/schema\/logo\/image\/"},"sameAs":["https:\/\/facebook.com\/sunoresearch","https:\/\/x.com\/sunoresearch","https:\/\/www.instagram.com\/suno","https:\/\/www.linkedin.com\/company\/suno-research\/","https:\/\/www.youtube.com\/c\/sunoresearch"]},{"@type":"Person","@id":"https:\/\/www.suno.com.br\/noticias\/#\/schema\/person\/1db762f78ffd8919a648a63e425953e3","name":"Juliano Passaro","image":{"@type":"ImageObject","inLanguage":"pt-BR","@id":"https:\/\/www.suno.com.br\/noticias\/#\/schema\/person\/image\/","url":"https:\/\/secure.gravatar.com\/avatar\/743d4df28eebf6dcc46b4ad03c319e92?s=96&r=g","contentUrl":"https:\/\/secure.gravatar.com\/avatar\/743d4df28eebf6dcc46b4ad03c319e92?s=96&r=g","caption":"Juliano Passaro"},"description":"Juliano Passaro escreve sobre pol\u00edtica, economia e neg\u00f3cios para o portal da Suno Research. Antes da Suno, trabalhou no Portal da Band. \u00c9 formado em jornalismo pela Universidade Presbiteriana Mackenzie.","url":"https:\/\/www.suno.com.br\/noticias\/author\/juliano\/"}]}},"default_loop_html":"<div class=\"cardsPage__listCard__boxs\"><div class=\"cardsPage__listCard__boxs__img\"><a href=\"https:\/\/www.suno.com.br\/noticias\/resumo-da-semana-previdencia-magazine-luiza-itau-guerra-comercial\/\"><img class=\"mask\" src=\"https:\/\/www.suno.com.br\/noticias\/wp-content\/themes\/suno\/resources\/images\/spotlight\/spotlight1img\/bg-mask.png\" alt=\"Image Mask\"\/><img src=\"https:\/\/files.sunoresearch.com.br\/n\/uploads\/2019\/10\/556f9a6e-senado-400x200.webp\" alt=\"Resumo da Semana: Previd\u00eancia; Magazine Luiza; Ita\u00fa Unibanco; Guerra Comercial\"\/><\/a><span class=\"spotlightCategory\"><a href=\"https:\/\/www.suno.com.br\/noticias\/negocios\/\">Neg\u00f3cios<\/a><\/span><\/div><div class=\"cardsPage__listCard__boxs__content\"><a href=\"https:\/\/www.suno.com.br\/noticias\/resumo-da-semana-previdencia-magazine-luiza-itau-guerra-comercial\/\"><h2 class=\"content__title\">Resumo da Semana: Previd\u00eancia; Magazine Luiza; Ita\u00fa Unibanco; Guerra Comercial<\/h2><\/a><div class=\"newsContent__article__meta\"><div class=\"newsContent__article__meta__authorBox\"><a href=\"https:\/\/www.suno.com.br\/noticias\/author\/juliano\/\" class=\"authorBox__avatar noMobi\"><img src=\"https:\/\/files.sunoresearch.com.br\/n\/uploads\/2019\/06\/7cc3efea-whatsapp-image-2019-07-18-at-21.59.33-e1563499821209-150x150.webp\" alt=\"Juliano Passaro\"><\/a><div class=\"authorBox__name\"><span>por\n\t\t\t<a href=\"https:\/\/www.suno.com.br\/noticias\/author\/juliano\/\"><span itemprop=\"author\">Juliano Passaro<\/span><\/a><\/span><time datetime=\"2019-11-23T13:50:34-03:00\" itemprop=\"datePublished\">23\/11\/2019 13:50<\/time><\/div><\/div><\/div><\/div><\/div>","single_layout":"posts","amp_enabled":true,"_links":{"self":[{"href":"https:\/\/www.suno.com.br\/noticias\/wp-json\/wp\/v2\/posts\/45503"}],"collection":[{"href":"https:\/\/www.suno.com.br\/noticias\/wp-json\/wp\/v2\/posts"}],"about":[{"href":"https:\/\/www.suno.com.br\/noticias\/wp-json\/wp\/v2\/types\/post"}],"author":[{"embeddable":true,"href":"https:\/\/www.suno.com.br\/noticias\/wp-json\/wp\/v2\/users\/19"}],"replies":[{"embeddable":true,"href":"https:\/\/www.suno.com.br\/noticias\/wp-json\/wp\/v2\/comments?post=45503"}],"version-history":[{"count":0,"href":"https:\/\/www.suno.com.br\/noticias\/wp-json\/wp\/v2\/posts\/45503\/revisions"}],"wp:featuredmedia":[{"embeddable":true,"href":"https:\/\/www.suno.com.br\/noticias\/wp-json\/wp\/v2\/media\/39670"}],"wp:attachment":[{"href":"https:\/\/www.suno.com.br\/noticias\/wp-json\/wp\/v2\/media?parent=45503"}],"wp:term":[{"taxonomy":"category","embeddable":true,"href":"https:\/\/www.suno.com.br\/noticias\/wp-json\/wp\/v2\/categories?post=45503"},{"taxonomy":"post_tag","embeddable":true,"href":"https:\/\/www.suno.com.br\/noticias\/wp-json\/wp\/v2\/tags?post=45503"},{"taxonomy":"suno_strategy","embeddable":true,"href":"https:\/\/www.suno.com.br\/noticias\/wp-json\/wp\/v2\/suno_strategy?post=45503"}],"curies":[{"name":"wp","href":"https:\/\/api.w.org\/{rel}","templated":true}]}}