{"id":454857,"date":"2023-09-12T12:36:53","date_gmt":"2023-09-12T15:36:53","guid":{"rendered":"https:\/\/www.suno.com.br\/noticias\/?p=454857"},"modified":"2023-09-12T12:36:58","modified_gmt":"2023-09-12T15:36:58","slug":"ipca-grupos-deflacao-agosto-ibge-evm","status":"publish","type":"post","link":"https:\/\/www.suno.com.br\/noticias\/ipca-grupos-deflacao-agosto-ibge-evm\/","title":{"rendered":"IPCA: 3 dos 9 grupos tiveram defla\u00e7\u00e3o em agosto, mostra IBGE"},"content":{"rendered":"<p>Tr\u00eas dos nove grupos que integram o <a class=\"suno-keyword\" data-force=\"no\" data-priority=\"2\" href=\"https:\/\/www.suno.com.br\/guias\/ipca\/\" target=\"_blank\" rel=\"noopener\">\u00cdndice Nacional de Pre\u00e7os ao Consumidor Amplo (<strong>IPCA<\/strong>)<\/a> registraram quedas de pre\u00e7os em agosto, informou o Instituto Brasileiro de Geografia e Estat\u00edstica (IBGE).<\/p>\t<div class=\"wrapper-featured-image\">\n\t\t<figure class=\"spotlightImg\">\n\n\t\t\t<picture>\n\t\t\t\t<source media=\"(max-width: 768px)\" srcset=\"https:\/\/files.sunoresearch.com.br\/n\/uploads\/2023\/09\/accountant-1238598_1280-400x200.jpg\">\n\t\t\t\t<img loading=\"lazy\" decoding=\"async\" class=\"newsContent__article__imgCapa lazyloadDisabled \" src=\"https:\/\/files.sunoresearch.com.br\/n\/uploads\/2023\/09\/accountant-1238598_1280-800x450.jpg\" width=\"800\" height=\"450\" alt=\"IPCA: 3 dos 9 grupos tiveram defla\u00e7\u00e3o em agosto, mostra IBGE\" fetchpriority=high \/>\n\t\t\t<\/picture>\n\n\t\t\t<figcaption class=\"wp-caption-text wp-caption-text--show\">confian\u00e7a empresarial. Foto: Pixabay.<\/figcaption>\n\t\t<\/figure>\n\t<\/div>\n\n\n\n\n\n\t<p>\n\t\t<a href=\"\" target=\"_blank\" data-element=\"shortcode-suno-banner\" title=\"Banner SUNO, clique e saiba mais\">\n\t\t\t<picture>\n\t\t\t\t<source media=\"(max-width: 500px)\" srcset=\"\">\n\t\t\t\t<img class=\"newsContent__article__imgCapa newsContent__article__imgCapa--banner\"\n\t\t\t\t\tsrc=\"\"\n\t\t\t\t\tdata-promo-id=\"240038\"\t\t\t\t\t\t\t\t\t\t\t\t\t\t\talt=\"\"\n\t\t\t\t>\n\t\t\t<\/picture>\n\t\t<\/a>\n\t<\/p>\n\n\n\n\n\n\n\n<p>As <strong>defla\u00e7\u00f5es<\/strong> nos grupos do IPCA ocorreram em Alimenta\u00e7\u00e3o e Bebidas (-0,85%, impacto de -0,18 p.p.), Artigos de Resid\u00eancia (-0,04%, impacto de 0,00 p.p.) e Comunica\u00e7\u00e3o (-0,09%, impacto de -0,01 p.p.).<\/p>\n\n\n\n<p>As fam\u00edlias gastaram mais com Transportes (0,34%, impacto de 0,07 ponto porcentual), Sa\u00fade e Cuidados Pessoais (0,58%, impacto de 0,08 ponto porcentual), Despesas Pessoais (0,38%, impacto de 0,04 p.p.), Educa\u00e7\u00e3o (0,69%, impacto de 0,04 p.p.), Habita\u00e7\u00e3o (1,11%, impacto de 0,17 p.p.) e Vestu\u00e1rio (0,54%, impacto de 0,02 ponto porcentual).<\/p>\n\n\n\n<p>No grupo Educa\u00e7\u00e3o, os cursos regulares subiram 0,72%, apesar da queda de 0,78% nos cursos de p\u00f3s-gradua\u00e7\u00e3o. <\/p>\n\n\n\n<p>Os maiores reajustes ocorreram nos cursos t\u00e9cnicos (2,14%), creches (1,86%) e ensino superior (1,12%).<\/p>\n\n\n\n<p>Duas das 16 regi\u00f5es investigadas pelo <a href=\"https:\/\/www.suno.com.br\/noticias\/ipca-de-agosto-gpj\/\">IBGE<\/a> registraram defla\u00e7\u00e3o em agosto. <\/p>\n\n\n\n<p>Segundo os dados do <strong>IPCA<\/strong>, o resultado mais baixo foi verificado em Belo Horizonte, -0,08%, enquanto o mais elevado ocorreu em Fortaleza, 0,74%.<\/p>\n\n\n\n<p>Com Estad\u00e3o Conte\u00fado<\/p>\n\n\n\t<p>\n\t\t<a href=\"https:\/\/lp.suno.com.br\/ebook-gratuito-investindo-no-exterior\/\" target=\"_blank\" data-element=\"shortcode-suno-banner\" title=\"Banner SUNO, clique e saiba mais\">\n\t\t\t<picture>\n\t\t\t\t<source media=\"(max-width: 500px)\" srcset=\"https:\/\/files.sunoresearch.com.br\/n\/uploads\/2023\/03\/400x300-Investindo-no-exterior.png\">\n\t\t\t\t<img class=\"newsContent__article__imgCapa newsContent__article__imgCapa--banner\"\n\t\t\t\t\tsrc=\"https:\/\/files.sunoresearch.com.br\/n\/uploads\/2023\/03\/1420x240-Investindo-no-exterior.png\"\n\t\t\t\t\tdata-promo-id=\"383161\"\t\t\t\t\t\t\t\t\t\twidth='1420' height='240'\t\t\t\t\talt=\"https:\/\/files.sunoresearch.com.br\/n\/uploads\/2023\/03\/1420x240-Investindo-no-exterior.png\"\n\t\t\t\t>\n\t\t\t<\/picture>\n\t\t<\/a>\n\t<\/p>\n\n\n","protected":false},"excerpt":{"rendered":"<p>Tr\u00eas dos nove grupos que integram o \u00cdndice Nacional de Pre\u00e7os ao Consumidor Amplo (IPCA) registraram quedas de pre\u00e7os em agosto, informou o Instituto Brasileiro de Geografia e Estat\u00edstica (IBGE). confian\u00e7a empresarial. Foto: Pixabay. As defla\u00e7\u00f5es nos grupos do IPCA ocorreram em Alimenta\u00e7\u00e3o e Bebidas (-0,85%, impacto de -0,18 p.p.), Artigos de Resid\u00eancia (-0,04%, impacto [&hellip;]<\/p>\n","protected":false},"author":73,"featured_media":454695,"comment_status":"closed","ping_status":"closed","sticky":false,"template":"","format":"standard","meta":[],"categories":[62],"tags":[106444,846,850,966],"suno_strategy":[],"class_list":["post-454857","post","type-post","status-publish","format-standard","has-post-thumbnail","hentry","category-economia","tag-agencias","tag-deflacao","tag-inflacao","tag-ipca"],"yoast_head":"<!-- This site is optimized with the Yoast SEO plugin v24.4 - https:\/\/yoast.com\/wordpress\/plugins\/seo\/ -->\n<title>IPCA: 3 dos 9 grupos tiveram defla\u00e7\u00e3o em agosto, mostra IBGE<\/title>\n<meta name=\"description\" content=\"As defla\u00e7\u00f5es nos grupos do IPCA ocorreram em Alimenta\u00e7\u00e3o e Bebidas (-0,85%), Artigos de Resid\u00eancia (-0,04%) e Comunica\u00e7\u00e3o (-0,09%)\" \/>\n<meta name=\"robots\" content=\"index, follow, max-snippet:-1, max-image-preview:large, max-video-preview:-1\" \/>\n<link rel=\"canonical\" href=\"https:\/\/www.suno.com.br\/noticias\/ipca-grupos-deflacao-agosto-ibge-evm\/\" \/>\n<meta property=\"og:locale\" content=\"pt_BR\" \/>\n<meta property=\"og:type\" content=\"article\" \/>\n<meta property=\"og:title\" content=\"IPCA: 3 dos 9 grupos tiveram defla\u00e7\u00e3o em agosto, mostra IBGE\" \/>\n<meta property=\"og:description\" content=\"As defla\u00e7\u00f5es nos grupos do IPCA ocorreram em Alimenta\u00e7\u00e3o e Bebidas (-0,85%), Artigos de Resid\u00eancia (-0,04%) e Comunica\u00e7\u00e3o (-0,09%)\" \/>\n<meta property=\"og:url\" content=\"https:\/\/www.suno.com.br\/noticias\/ipca-grupos-deflacao-agosto-ibge-evm\/\" \/>\n<meta property=\"og:site_name\" content=\"Suno Not\u00edcias\" \/>\n<meta property=\"article:publisher\" content=\"https:\/\/facebook.com\/sunoresearch\" \/>\n<meta property=\"og:image\" content=\"https:\/\/files.sunoresearch.com.br\/n\/uploads\/2023\/09\/accountant-1238598_1280.jpg\" \/>\n\t<meta property=\"og:image:width\" content=\"1280\" \/>\n\t<meta property=\"og:image:height\" content=\"853\" \/>\n\t<meta property=\"og:image:type\" content=\"image\/jpeg\" \/>\n<meta name=\"author\" content=\"Eduardo Vargas\" \/>\n<meta name=\"twitter:card\" content=\"summary_large_image\" \/>\n<meta name=\"twitter:creator\" content=\"@sunoresearch\" \/>\n<meta name=\"twitter:site\" content=\"@sunoresearch\" \/>\n<meta name=\"twitter:label1\" content=\"Escrito por\" \/>\n\t<meta name=\"twitter:data1\" content=\"Eduardo Vargas\" \/>\n\t<meta name=\"twitter:label2\" content=\"Est. tempo de leitura\" \/>\n\t<meta name=\"twitter:data2\" content=\"2 minutos\" \/>\n<script type=\"application\/ld+json\" class=\"yoast-schema-graph\">{\"@context\":\"https:\/\/schema.org\",\"@graph\":[{\"@type\":\"NewsArticle\",\"@id\":\"https:\/\/www.suno.com.br\/noticias\/ipca-grupos-deflacao-agosto-ibge-evm\/#article\",\"isPartOf\":{\"@id\":\"https:\/\/www.suno.com.br\/noticias\/ipca-grupos-deflacao-agosto-ibge-evm\/\"},\"author\":{\"name\":\"Eduardo Vargas\",\"@id\":\"https:\/\/www.suno.com.br\/noticias\/#\/schema\/person\/7f4d362bf3518e76090143ae77bb49a5\"},\"headline\":\"IPCA: 3 dos 9 grupos tiveram defla\u00e7\u00e3o em agosto, mostra IBGE\",\"datePublished\":\"2023-09-12T15:36:53+00:00\",\"dateModified\":\"2023-09-12T15:36:58+00:00\",\"mainEntityOfPage\":{\"@id\":\"https:\/\/www.suno.com.br\/noticias\/ipca-grupos-deflacao-agosto-ibge-evm\/\"},\"wordCount\":201,\"publisher\":{\"@id\":\"https:\/\/www.suno.com.br\/noticias\/#organization\"},\"image\":{\"@id\":\"https:\/\/www.suno.com.br\/noticias\/ipca-grupos-deflacao-agosto-ibge-evm\/#primaryimage\"},\"thumbnailUrl\":\"https:\/\/files.sunoresearch.com.br\/n\/uploads\/2023\/09\/accountant-1238598_1280.jpg\",\"keywords\":[\"Ag\u00eancias\",\"defla\u00e7\u00e3o\",\"infla\u00e7\u00e3o\",\"IPCA\"],\"articleSection\":[\"Economia\"],\"inLanguage\":\"pt-BR\"},{\"@type\":\"WebPage\",\"@id\":\"https:\/\/www.suno.com.br\/noticias\/ipca-grupos-deflacao-agosto-ibge-evm\/\",\"url\":\"https:\/\/www.suno.com.br\/noticias\/ipca-grupos-deflacao-agosto-ibge-evm\/\",\"name\":\"IPCA: 3 dos 9 grupos tiveram defla\u00e7\u00e3o em agosto, mostra IBGE\",\"isPartOf\":{\"@id\":\"https:\/\/www.suno.com.br\/noticias\/#website\"},\"primaryImageOfPage\":{\"@id\":\"https:\/\/www.suno.com.br\/noticias\/ipca-grupos-deflacao-agosto-ibge-evm\/#primaryimage\"},\"image\":{\"@id\":\"https:\/\/www.suno.com.br\/noticias\/ipca-grupos-deflacao-agosto-ibge-evm\/#primaryimage\"},\"thumbnailUrl\":\"https:\/\/files.sunoresearch.com.br\/n\/uploads\/2023\/09\/accountant-1238598_1280.jpg\",\"datePublished\":\"2023-09-12T15:36:53+00:00\",\"dateModified\":\"2023-09-12T15:36:58+00:00\",\"description\":\"As defla\u00e7\u00f5es nos grupos do IPCA ocorreram em Alimenta\u00e7\u00e3o e Bebidas (-0,85%), Artigos de Resid\u00eancia (-0,04%) e Comunica\u00e7\u00e3o (-0,09%)\",\"breadcrumb\":{\"@id\":\"https:\/\/www.suno.com.br\/noticias\/ipca-grupos-deflacao-agosto-ibge-evm\/#breadcrumb\"},\"inLanguage\":\"pt-BR\",\"potentialAction\":[{\"@type\":\"ReadAction\",\"target\":[\"https:\/\/www.suno.com.br\/noticias\/ipca-grupos-deflacao-agosto-ibge-evm\/\"]}]},{\"@type\":\"ImageObject\",\"inLanguage\":\"pt-BR\",\"@id\":\"https:\/\/www.suno.com.br\/noticias\/ipca-grupos-deflacao-agosto-ibge-evm\/#primaryimage\",\"url\":\"https:\/\/files.sunoresearch.com.br\/n\/uploads\/2023\/09\/accountant-1238598_1280.jpg\",\"contentUrl\":\"https:\/\/files.sunoresearch.com.br\/n\/uploads\/2023\/09\/accountant-1238598_1280.jpg\",\"width\":1280,\"height\":853,\"caption\":\"confian\u00e7a empresarial. Foto: Pixabay.\"},{\"@type\":\"BreadcrumbList\",\"@id\":\"https:\/\/www.suno.com.br\/noticias\/ipca-grupos-deflacao-agosto-ibge-evm\/#breadcrumb\",\"itemListElement\":[{\"@type\":\"ListItem\",\"position\":1,\"name\":\"Not\u00edcias\",\"item\":\"https:\/\/www.suno.com.br\/noticias\/\"},{\"@type\":\"ListItem\",\"position\":2,\"name\":\"Economia\",\"item\":\"https:\/\/www.suno.com.br\/noticias\/economia\/\"},{\"@type\":\"ListItem\",\"position\":3,\"name\":\"IPCA: 3 dos 9 grupos tiveram defla\u00e7\u00e3o em agosto, mostra IBGE\"}]},{\"@type\":\"WebSite\",\"@id\":\"https:\/\/www.suno.com.br\/noticias\/#website\",\"url\":\"https:\/\/www.suno.com.br\/noticias\/\",\"name\":\"Suno Not\u00edcias\",\"description\":\"Seu portal de informa\u00e7\u00e3o sobre o mundo dos investimentos\",\"publisher\":{\"@id\":\"https:\/\/www.suno.com.br\/noticias\/#organization\"},\"potentialAction\":[{\"@type\":\"SearchAction\",\"target\":{\"@type\":\"EntryPoint\",\"urlTemplate\":\"https:\/\/www.suno.com.br\/noticias\/?s={search_term_string}\"},\"query-input\":{\"@type\":\"PropertyValueSpecification\",\"valueRequired\":true,\"valueName\":\"search_term_string\"}}],\"inLanguage\":\"pt-BR\"},{\"@type\":\"Organization\",\"@id\":\"https:\/\/www.suno.com.br\/noticias\/#organization\",\"name\":\"Suno Not\u00edcias\",\"url\":\"https:\/\/www.suno.com.br\/noticias\/\",\"logo\":{\"@type\":\"ImageObject\",\"inLanguage\":\"pt-BR\",\"@id\":\"https:\/\/www.suno.com.br\/noticias\/#\/schema\/logo\/image\/\",\"url\":\"https:\/\/files.sunoresearch.com.br\/n\/uploads\/2021\/09\/suno-logo.png\",\"contentUrl\":\"https:\/\/files.sunoresearch.com.br\/n\/uploads\/2021\/09\/suno-logo.png\",\"width\":180,\"height\":180,\"caption\":\"Suno Not\u00edcias\"},\"image\":{\"@id\":\"https:\/\/www.suno.com.br\/noticias\/#\/schema\/logo\/image\/\"},\"sameAs\":[\"https:\/\/facebook.com\/sunoresearch\",\"https:\/\/x.com\/sunoresearch\",\"https:\/\/www.instagram.com\/suno\",\"https:\/\/www.linkedin.com\/company\/suno-research\/\",\"https:\/\/www.youtube.com\/c\/sunoresearch\"]},{\"@type\":\"Person\",\"@id\":\"https:\/\/www.suno.com.br\/noticias\/#\/schema\/person\/7f4d362bf3518e76090143ae77bb49a5\",\"name\":\"Eduardo Vargas\",\"image\":{\"@type\":\"ImageObject\",\"inLanguage\":\"pt-BR\",\"@id\":\"https:\/\/www.suno.com.br\/noticias\/#\/schema\/person\/image\/\",\"url\":\"https:\/\/secure.gravatar.com\/avatar\/dac340933427a22924c9f99d1eb2e3f2?s=96&r=g\",\"contentUrl\":\"https:\/\/secure.gravatar.com\/avatar\/dac340933427a22924c9f99d1eb2e3f2?s=96&r=g\",\"caption\":\"Eduardo Vargas\"},\"description\":\"Jornalista formado pela UFSC, cobre macroeconomia, neg\u00f3cios e startups para o Suno Not\u00edcias, escrevendo principalmente not\u00edcias sobre o mercado financeiro e a bolsa de valores. No YouTube e no Instagram, \u00e9 respons\u00e1vel pela produ\u00e7\u00e3o de Reels e Shorts do Suno Not\u00edcias. Anteriormente, trabalhou cobrindo economia e cotidiano no ND+ e para o ND, maior jornal impresso de Santa Catarina. Cursou um semestre letivo de Estudos de M\u00eddia na Universidad de Buenos Aires.\",\"url\":\"https:\/\/www.suno.com.br\/noticias\/author\/eduardo-vargas\/\"}]}<\/script>\n<!-- \/ Yoast SEO plugin. -->","yoast_head_json":{"title":"IPCA: 3 dos 9 grupos tiveram defla\u00e7\u00e3o em agosto, mostra IBGE","description":"As defla\u00e7\u00f5es nos grupos do IPCA ocorreram em Alimenta\u00e7\u00e3o e Bebidas (-0,85%), Artigos de Resid\u00eancia (-0,04%) e Comunica\u00e7\u00e3o (-0,09%)","robots":{"index":"index","follow":"follow","max-snippet":"max-snippet:-1","max-image-preview":"max-image-preview:large","max-video-preview":"max-video-preview:-1"},"canonical":"https:\/\/www.suno.com.br\/noticias\/ipca-grupos-deflacao-agosto-ibge-evm\/","og_locale":"pt_BR","og_type":"article","og_title":"IPCA: 3 dos 9 grupos tiveram defla\u00e7\u00e3o em agosto, mostra IBGE","og_description":"As defla\u00e7\u00f5es nos grupos do IPCA ocorreram em Alimenta\u00e7\u00e3o e Bebidas (-0,85%), Artigos de Resid\u00eancia (-0,04%) e Comunica\u00e7\u00e3o (-0,09%)","og_url":"https:\/\/www.suno.com.br\/noticias\/ipca-grupos-deflacao-agosto-ibge-evm\/","og_site_name":"Suno Not\u00edcias","article_publisher":"https:\/\/facebook.com\/sunoresearch","og_image":[{"width":1280,"height":853,"url":"https:\/\/files.sunoresearch.com.br\/n\/uploads\/2023\/09\/accountant-1238598_1280.jpg","type":"image\/jpeg"}],"author":"Eduardo Vargas","twitter_card":"summary_large_image","twitter_creator":"@sunoresearch","twitter_site":"@sunoresearch","twitter_misc":{"Escrito por":"Eduardo Vargas","Est. tempo de leitura":"2 minutos"},"schema":{"@context":"https:\/\/schema.org","@graph":[{"@type":"NewsArticle","@id":"https:\/\/www.suno.com.br\/noticias\/ipca-grupos-deflacao-agosto-ibge-evm\/#article","isPartOf":{"@id":"https:\/\/www.suno.com.br\/noticias\/ipca-grupos-deflacao-agosto-ibge-evm\/"},"author":{"name":"Eduardo Vargas","@id":"https:\/\/www.suno.com.br\/noticias\/#\/schema\/person\/7f4d362bf3518e76090143ae77bb49a5"},"headline":"IPCA: 3 dos 9 grupos tiveram defla\u00e7\u00e3o em agosto, mostra IBGE","datePublished":"2023-09-12T15:36:53+00:00","dateModified":"2023-09-12T15:36:58+00:00","mainEntityOfPage":{"@id":"https:\/\/www.suno.com.br\/noticias\/ipca-grupos-deflacao-agosto-ibge-evm\/"},"wordCount":201,"publisher":{"@id":"https:\/\/www.suno.com.br\/noticias\/#organization"},"image":{"@id":"https:\/\/www.suno.com.br\/noticias\/ipca-grupos-deflacao-agosto-ibge-evm\/#primaryimage"},"thumbnailUrl":"https:\/\/files.sunoresearch.com.br\/n\/uploads\/2023\/09\/accountant-1238598_1280.jpg","keywords":["Ag\u00eancias","defla\u00e7\u00e3o","infla\u00e7\u00e3o","IPCA"],"articleSection":["Economia"],"inLanguage":"pt-BR"},{"@type":"WebPage","@id":"https:\/\/www.suno.com.br\/noticias\/ipca-grupos-deflacao-agosto-ibge-evm\/","url":"https:\/\/www.suno.com.br\/noticias\/ipca-grupos-deflacao-agosto-ibge-evm\/","name":"IPCA: 3 dos 9 grupos tiveram defla\u00e7\u00e3o em agosto, mostra IBGE","isPartOf":{"@id":"https:\/\/www.suno.com.br\/noticias\/#website"},"primaryImageOfPage":{"@id":"https:\/\/www.suno.com.br\/noticias\/ipca-grupos-deflacao-agosto-ibge-evm\/#primaryimage"},"image":{"@id":"https:\/\/www.suno.com.br\/noticias\/ipca-grupos-deflacao-agosto-ibge-evm\/#primaryimage"},"thumbnailUrl":"https:\/\/files.sunoresearch.com.br\/n\/uploads\/2023\/09\/accountant-1238598_1280.jpg","datePublished":"2023-09-12T15:36:53+00:00","dateModified":"2023-09-12T15:36:58+00:00","description":"As defla\u00e7\u00f5es nos grupos do IPCA ocorreram em Alimenta\u00e7\u00e3o e Bebidas (-0,85%), Artigos de Resid\u00eancia (-0,04%) e Comunica\u00e7\u00e3o (-0,09%)","breadcrumb":{"@id":"https:\/\/www.suno.com.br\/noticias\/ipca-grupos-deflacao-agosto-ibge-evm\/#breadcrumb"},"inLanguage":"pt-BR","potentialAction":[{"@type":"ReadAction","target":["https:\/\/www.suno.com.br\/noticias\/ipca-grupos-deflacao-agosto-ibge-evm\/"]}]},{"@type":"ImageObject","inLanguage":"pt-BR","@id":"https:\/\/www.suno.com.br\/noticias\/ipca-grupos-deflacao-agosto-ibge-evm\/#primaryimage","url":"https:\/\/files.sunoresearch.com.br\/n\/uploads\/2023\/09\/accountant-1238598_1280.jpg","contentUrl":"https:\/\/files.sunoresearch.com.br\/n\/uploads\/2023\/09\/accountant-1238598_1280.jpg","width":1280,"height":853,"caption":"confian\u00e7a empresarial. Foto: Pixabay."},{"@type":"BreadcrumbList","@id":"https:\/\/www.suno.com.br\/noticias\/ipca-grupos-deflacao-agosto-ibge-evm\/#breadcrumb","itemListElement":[{"@type":"ListItem","position":1,"name":"Not\u00edcias","item":"https:\/\/www.suno.com.br\/noticias\/"},{"@type":"ListItem","position":2,"name":"Economia","item":"https:\/\/www.suno.com.br\/noticias\/economia\/"},{"@type":"ListItem","position":3,"name":"IPCA: 3 dos 9 grupos tiveram defla\u00e7\u00e3o em agosto, mostra IBGE"}]},{"@type":"WebSite","@id":"https:\/\/www.suno.com.br\/noticias\/#website","url":"https:\/\/www.suno.com.br\/noticias\/","name":"Suno Not\u00edcias","description":"Seu portal de informa\u00e7\u00e3o sobre o mundo dos investimentos","publisher":{"@id":"https:\/\/www.suno.com.br\/noticias\/#organization"},"potentialAction":[{"@type":"SearchAction","target":{"@type":"EntryPoint","urlTemplate":"https:\/\/www.suno.com.br\/noticias\/?s={search_term_string}"},"query-input":{"@type":"PropertyValueSpecification","valueRequired":true,"valueName":"search_term_string"}}],"inLanguage":"pt-BR"},{"@type":"Organization","@id":"https:\/\/www.suno.com.br\/noticias\/#organization","name":"Suno Not\u00edcias","url":"https:\/\/www.suno.com.br\/noticias\/","logo":{"@type":"ImageObject","inLanguage":"pt-BR","@id":"https:\/\/www.suno.com.br\/noticias\/#\/schema\/logo\/image\/","url":"https:\/\/files.sunoresearch.com.br\/n\/uploads\/2021\/09\/suno-logo.png","contentUrl":"https:\/\/files.sunoresearch.com.br\/n\/uploads\/2021\/09\/suno-logo.png","width":180,"height":180,"caption":"Suno Not\u00edcias"},"image":{"@id":"https:\/\/www.suno.com.br\/noticias\/#\/schema\/logo\/image\/"},"sameAs":["https:\/\/facebook.com\/sunoresearch","https:\/\/x.com\/sunoresearch","https:\/\/www.instagram.com\/suno","https:\/\/www.linkedin.com\/company\/suno-research\/","https:\/\/www.youtube.com\/c\/sunoresearch"]},{"@type":"Person","@id":"https:\/\/www.suno.com.br\/noticias\/#\/schema\/person\/7f4d362bf3518e76090143ae77bb49a5","name":"Eduardo Vargas","image":{"@type":"ImageObject","inLanguage":"pt-BR","@id":"https:\/\/www.suno.com.br\/noticias\/#\/schema\/person\/image\/","url":"https:\/\/secure.gravatar.com\/avatar\/dac340933427a22924c9f99d1eb2e3f2?s=96&r=g","contentUrl":"https:\/\/secure.gravatar.com\/avatar\/dac340933427a22924c9f99d1eb2e3f2?s=96&r=g","caption":"Eduardo Vargas"},"description":"Jornalista formado pela UFSC, cobre macroeconomia, neg\u00f3cios e startups para o Suno Not\u00edcias, escrevendo principalmente not\u00edcias sobre o mercado financeiro e a bolsa de valores. No YouTube e no Instagram, \u00e9 respons\u00e1vel pela produ\u00e7\u00e3o de Reels e Shorts do Suno Not\u00edcias. Anteriormente, trabalhou cobrindo economia e cotidiano no ND+ e para o ND, maior jornal impresso de Santa Catarina. Cursou um semestre letivo de Estudos de M\u00eddia na Universidad de Buenos Aires.","url":"https:\/\/www.suno.com.br\/noticias\/author\/eduardo-vargas\/"}]}},"default_loop_html":"<div class=\"cardsPage__listCard__boxs\"><div class=\"cardsPage__listCard__boxs__img\"><a href=\"https:\/\/www.suno.com.br\/noticias\/ipca-grupos-deflacao-agosto-ibge-evm\/\"><img class=\"mask\" src=\"https:\/\/www.suno.com.br\/noticias\/wp-content\/themes\/suno\/resources\/images\/spotlight\/spotlight1img\/bg-mask.png\" alt=\"Image Mask\"\/><img src=\"https:\/\/files.sunoresearch.com.br\/n\/uploads\/2023\/09\/accountant-1238598_1280-400x200.jpg\" alt=\"IPCA: 3 dos 9 grupos tiveram defla\u00e7\u00e3o em agosto, mostra IBGE\"\/><\/a><span class=\"spotlightCategory\"><a href=\"https:\/\/www.suno.com.br\/noticias\/economia\/\">Economia<\/a><\/span><\/div><div class=\"cardsPage__listCard__boxs__content\"><a href=\"https:\/\/www.suno.com.br\/noticias\/ipca-grupos-deflacao-agosto-ibge-evm\/\"><h2 class=\"content__title\">IPCA: 3 dos 9 grupos tiveram defla\u00e7\u00e3o em agosto, mostra IBGE<\/h2><\/a><div class=\"newsContent__article__meta\"><div class=\"newsContent__article__meta__authorBox\"><a href=\"https:\/\/www.suno.com.br\/noticias\/author\/eduardo-vargas\/\" class=\"authorBox__avatar noMobi\"><img src=\"https:\/\/secure.gravatar.com\/avatar\/dac340933427a22924c9f99d1eb2e3f2?s=96&#038;r=g\" alt=\"Eduardo Vargas\"><\/a><div class=\"authorBox__name\"><span>por\n\t\t\t<a href=\"https:\/\/www.suno.com.br\/noticias\/author\/eduardo-vargas\/\"><span itemprop=\"author\">Eduardo Vargas<\/span><\/a><\/span><time datetime=\"2023-09-12T12:36:53-03:00\" itemprop=\"datePublished\">12\/09\/2023 12:36<\/time><\/div><\/div><\/div><\/div><\/div>","single_layout":"posts","amp_enabled":true,"_links":{"self":[{"href":"https:\/\/www.suno.com.br\/noticias\/wp-json\/wp\/v2\/posts\/454857"}],"collection":[{"href":"https:\/\/www.suno.com.br\/noticias\/wp-json\/wp\/v2\/posts"}],"about":[{"href":"https:\/\/www.suno.com.br\/noticias\/wp-json\/wp\/v2\/types\/post"}],"author":[{"embeddable":true,"href":"https:\/\/www.suno.com.br\/noticias\/wp-json\/wp\/v2\/users\/73"}],"replies":[{"embeddable":true,"href":"https:\/\/www.suno.com.br\/noticias\/wp-json\/wp\/v2\/comments?post=454857"}],"version-history":[{"count":3,"href":"https:\/\/www.suno.com.br\/noticias\/wp-json\/wp\/v2\/posts\/454857\/revisions"}],"predecessor-version":[{"id":454905,"href":"https:\/\/www.suno.com.br\/noticias\/wp-json\/wp\/v2\/posts\/454857\/revisions\/454905"}],"wp:featuredmedia":[{"embeddable":true,"href":"https:\/\/www.suno.com.br\/noticias\/wp-json\/wp\/v2\/media\/454695"}],"wp:attachment":[{"href":"https:\/\/www.suno.com.br\/noticias\/wp-json\/wp\/v2\/media?parent=454857"}],"wp:term":[{"taxonomy":"category","embeddable":true,"href":"https:\/\/www.suno.com.br\/noticias\/wp-json\/wp\/v2\/categories?post=454857"},{"taxonomy":"post_tag","embeddable":true,"href":"https:\/\/www.suno.com.br\/noticias\/wp-json\/wp\/v2\/tags?post=454857"},{"taxonomy":"suno_strategy","embeddable":true,"href":"https:\/\/www.suno.com.br\/noticias\/wp-json\/wp\/v2\/suno_strategy?post=454857"}],"curies":[{"name":"wp","href":"https:\/\/api.w.org\/{rel}","templated":true}]}}