{"id":45472,"date":"2019-11-24T17:49:16","date_gmt":"2019-11-24T19:49:16","guid":{"rendered":"https:\/\/www.suno.com.br\/noticias\/?p=45472"},"modified":"2021-06-01T20:26:25","modified_gmt":"2021-06-01T23:26:25","slug":"semana-internacional-google-guerra-comercial-hong-kong","status":"publish","type":"post","link":"https:\/\/www.suno.com.br\/noticias\/semana-internacional-google-guerra-comercial-hong-kong\/","title":{"rendered":"Semana Internacional: Google, guerra comercial e Hong Kong"},"content":{"rendered":"<p>As novas informa\u00e7\u00f5es econ\u00f4micas e pol\u00edticas internacionais impactaram os mercados nos \u00faltimos dias. Os investidores mostraram-se de olho nos assuntos corporativos e da pol\u00edticos. Confira as principais not\u00edcias da <a href=\"https:\/\/www.youtube.com\/channel\/UCWDeEIDAIi_oYKDiqwfGyRg\">Semana Internacional<\/a>.<\/p>\t<div class=\"wrapper-featured-image\">\n\t\t<figure class=\"spotlightImg\">\n\n\t\t\t<picture>\n\t\t\t\t<source media=\"(max-width: 768px)\" srcset=\"https:\/\/files.sunoresearch.com.br\/n\/uploads\/2019\/11\/1e92cc0f-google-400x200.webp\">\n\t\t\t\t<img loading=\"lazy\" decoding=\"async\" class=\"newsContent__article__imgCapa lazyloadDisabled newsContent__article__imgCapa--noCaption\" src=\"https:\/\/files.sunoresearch.com.br\/n\/uploads\/2019\/11\/1e92cc0f-google-800x450.webp\" width=\"800\" height=\"450\" alt=\"Semana Internacional: Google, guerra comercial e Hong Kong\" fetchpriority=high \/>\n\t\t\t<\/picture>\n\n\t\t\t<figcaption class=\"wp-caption-text wp-caption-text--hide\">O Google solicitou acesso \u00e0s informa\u00e7\u00f5es do Departamento de Justi\u00e7a, enquanto o \u00f3rg\u00e3o quer os dados recentes da companhia<\/figcaption>\n\t\t<\/figure>\n\t<\/div>\n\n\n\n<p>O <strong>Google<\/strong> (<a href=\"https:\/\/www.suno.com.br\/artigos\/nasdaq\/\">NASDAQ<\/a>: GOOGL) \u00e9 o destaque da Semana Internacional. A gigante multinacional de servi\u00e7os online e softwares anunciou que vai limitar os an\u00fancios pol\u00edticos em sua plataforma. A sua controladora, a <strong>Alphabet<\/strong>, afirmou em seu blog oficial que n\u00e3o permitir\u00e1 mais as publica\u00e7\u00f5es eleitorais de usu\u00e1rios que desejam expor suas prefer\u00eancias pol\u00edticas.<\/p>\n<p><a href=\"https:\/\/www.suno.com.br\/black-friday-2019\/assinaturas\/\">Black Friday Suno &#8211; pague 2 anos e leve 3 nas principais assinaturas da Suno Research<\/a><\/p>\n<p>Tanto o Google como o <strong>Facebook<\/strong> (<a href=\"https:\/\/www.suno.com.br\/artigos\/nyse\/\">NYSE<\/a>: FB) j\u00e1 foram durante criticados pelas chamadas &#8220;deep fakes&#8221;, durante elei\u00e7\u00f5es passadas nos EUA. A decis\u00e3o da companhia pode influenciar as campanhas pol\u00edticas das elei\u00e7\u00f5es presidenciais norte-americanas de 2020.<\/p>\n<p>O <strong>Starbucks<\/strong> (NASDAQ: SBUX) anunciou o lan\u00e7amento de sua maior unidade em todo o planeta. A unidade <strong>Starbucks Reserve Roastery<\/strong>, em Chicago, comp\u00f5e um pr\u00e9dio de cinco andares com quase quatro mil metros quadrados e aposta na experi\u00eancia do cliente.<\/p>\n<p>A <strong>Johnson &amp; Johnson<\/strong> (NYSE: JNJ) teve sua multa reduzida no caso da crise dos opioides, no estado de Oklahoma. A multinacional do ramo farmac\u00eautico soube que o juiz <strong>Thad Balkman<\/strong> reconheceu um erro de c\u00e1lculo, que reduziu em US$ 107 milh\u00f5es os encargos sobre a companhia, pois havia confundido milhares com milh\u00f5es.<\/p>\n<p><a href=\"https:\/\/www.suno.com.br\/noticias\/google-servico-conta-corrente-estados-unidos\/\">Confira: Google anuncia servi\u00e7o de conta-corrente nos Estados Unidos<\/a><\/p>\n<p>Dessa forma, a empresa ser\u00e1 responsabilizada na crise que envolve o abuso das subst\u00e2ncias utilizadas em rem\u00e9dios para dor em US$ 465 milh\u00f5es, ante US$ 572 milh\u00f5es estabelecidos anteriormente. Desde que a not\u00edcia foi divulgada, na \u00faltima segunda-feira (18), as a\u00e7\u00f5es da Johnson &amp; Johnson subiram acima de 4% na Bolsa de Valores de Nova York.<\/p>\n<p>O <strong>J.P. Morgan<\/strong> (NYSE: JPM), maior institui\u00e7\u00e3o banc\u00e1ria dos EUA, fortaleceu sua confian\u00e7a no <a href=\"https:\/\/www.suno.com.br\/artigos\/ibovespa\/\">Ibovespa<\/a>. De acordo com o banco, temos uma narrativa \u00fanica entre os pa\u00edses emergentes, levando em considera\u00e7\u00e3o uma agenda ampla e profunda de reformas que segue adiante apesar da \u201cimplementa\u00e7\u00e3o barulhenta\u201d.<\/p>\n<p><a href=\"https:\/\/www.suno.com.br\/noticias\/starbucks-alta-62-lucro-liquido-trimestre\/\">Saiba mais: Starbucks tem alta de 6,2% no lucro l\u00edquido do \u00faltimo trimestre<\/a><\/p>\n<p>Segundo o banco, os <a href=\"https:\/\/www.suno.com.br\/noticias\/ata-copom-novo-corte-selic-mes-que-vem\/\">juros baixos<\/a> proporcionam um caminho para uma recupera\u00e7\u00e3o puxada pelo consumo, o que permite aumento nos lucros e reduz a preocupa\u00e7\u00e3o com a avalia\u00e7\u00e3o dos ativos. Segundo o J.P. Morgan, ao final de 2020, o principal \u00edndice da <a href=\"https:\/\/www.suno.com.br\/artigos\/b3\/\">Bolsa de Valores de S\u00e3o Paulo<\/a> chegaria a 126 mil pontos.<\/p>\n<h2>Notici\u00e1rio internacional<\/h2>\n<p>Novamente, a <strong><a href=\"https:\/\/www.suno.com.br\/artigos\/a-guerra-comercial\/\">guerra comercial<\/a><\/strong> foi o principal driver das not\u00edcias pol\u00edticas nos mercados internacionais. A guinada da disputa traz constantes novas informa\u00e7\u00f5es que preocupam os <a href=\"https:\/\/www.suno.com.br\/artigos\/o-investidor-aplicado\/\">investidores<\/a>.<\/p>\n\t<p>\n\t\t<a href=\"https:\/\/lp.suno.com.br\/ebook-como-analisar-uma-acao\/\" target=\"_blank\" data-element=\"shortcode-suno-banner\" title=\"Banner SUNO, clique e saiba mais\">\n\t\t\t<picture>\n\t\t\t\t<source media=\"(max-width: 500px)\" srcset=\"https:\/\/files.sunoresearch.com.br\/n\/uploads\/2023\/12\/Ebook-Acoes-Mobile.jpg\">\n\t\t\t\t<img class=\"newsContent__article__imgCapa newsContent__article__imgCapa--banner\"\n\t\t\t\t\tsrc=\"https:\/\/files.sunoresearch.com.br\/n\/uploads\/2023\/12\/Ebook-Acoes-Mobile.jpg\"\n\t\t\t\t\tdata-promo-id=\"101750\"\t\t\t\t\t\t\t\t\t\twidth='400' height='300'\t\t\t\t\talt=\"https:\/\/files.sunoresearch.com.br\/n\/uploads\/2023\/12\/Ebook-Acoes-Mobile.jpg\"\n\t\t\t\t>\n\t\t\t<\/picture>\n\t\t<\/a>\n\t<\/p>\n\n\n<p>A semana come\u00e7ou com a possibilidade de um desfecho para a primeira fase da conflito comercial entre as duas maiores potencias do planeta. O Minist\u00e9rio do Com\u00e9rcio da <strong>China<\/strong> informou que Pequim est\u00e1 trabalhando entrar em acordo com os\u00a0<strong>Estados Unidos<\/strong>.<\/p>\n<p>No entanto, o presidente norte-americano\u00a0<a href=\"https:\/\/www.suno.com.br\/tudo-sobre\/donald-trump\/\"><strong>Donald<\/strong> <strong>Trump<\/strong><\/a>, declarou na \u00faltima ter\u00e7a-feira (19), que aumentar\u00e1 as tarifas sobre as importa\u00e7\u00f5es de produtos chineses caso n\u00e3o seja fechado nenhum acordo comercial com <strong>Pequim<\/strong>.<\/p>\n<p>Al\u00e9m disso, ap\u00f3s o Congresso estadunidense aprovar dois projetos de lei que foram destinados a apoiar manifestantes em <strong>Hong Kong<\/strong>, as tens\u00f5es foram elevadas. Pequim acusa os EUA a interferir em assuntos internos.<\/p>\n<p>O presidente da China, <strong>Xi Jinping<\/strong>, afirmou nesta sexta-feira (22) que se for preciso &#8220;retaliaremos&#8221; os estadunidenses.<\/p>\n<p><a href=\"https:\/\/www.suno.com.br\/noticias\/fed-injeta-us-10365-bi-sistema-financeiro-estados-unidos\/\">Veja tamb\u00e9m: Fed injeta US$ 103,65 bi no sistema financeiro dos Estados Unidos<\/a><\/p>\n<p>Enquanto isso, a guerra civil que ocorre em Hong Kong continua a todo vapor. Alguns manifestantes permanecem na Universidade Polit\u00e9cnica, na pen\u00ednsula de Kowloon, que foi cercada por militares.<\/p>\n<p>Os manifestantes que est\u00e3o em conflito com for\u00e7a policial desde meados deste ano lutam por uma <strong>democracia<\/strong> plena e um inqu\u00e9rito independente sobre a suposta brutalidade armada do governo, al\u00e9m de outras exig\u00eancias.<\/p>\n<p>Na \u00faltima quinta-feira (21), a <a href=\"https:\/\/www.suno.com.br\/artigos\/ocde\/\">Organiza\u00e7\u00e3o para Coopera\u00e7\u00e3o e Desenvolvimento Econ\u00f4mico (OCDE)<\/a> divulgou um relat\u00f3rio sobre o volume do com\u00e9rcio internacional e as perspectivas para o crescimento econ\u00f4mico mundial neste ano e no ano que vem.<\/p>\n<p><a href=\"https:\/\/www.suno.com.br\/noticias\/juro-baixo-pode-elevar-risco-ao-setor-financeiro-diz-bce\/\">Saiba mais: Juro baixo pode elevar risco ao setor financeiro, diz BCE<\/a><\/p>\n<p>Para a organiza\u00e7\u00e3o, a guerra comercial n\u00e3o somente elevou as tarifas, como tamb\u00e9m fomentou a concess\u00e3o de subs\u00eddios e outras distor\u00e7\u00f5es no com\u00e9rcio internacional. Al\u00e9m disso, os conflitos comerciais est\u00e3o fundamentados em quest\u00f5es antigas, como subs\u00eddios para a agricultura, que podem chegar a US$ 700 bilh\u00f5es por ano.<\/p>\n<p>Em rela\u00e7\u00e3o \u00e0 <strong>China<\/strong>, o crescimento econ\u00f4mico poder\u00e1 desacelerar mais do que o projetado. A organiza\u00e7\u00e3o agora espera o crescimento de 6,2% em 2019, caindo para 5,7% em 2020 e para 5,5% em 2021.<\/p>\n<p>A <strong>Semana Internacional <\/strong>da <a href=\"https:\/\/www.suno.com.br\/\"><strong>SUNO Research<\/strong><\/a> levanta os principais acontecimentos da \u00faltima semana e que ir\u00e3o movimentar o mercado internacional.<\/p>\n","protected":false},"excerpt":{"rendered":"<p>As novas informa\u00e7\u00f5es econ\u00f4micas e pol\u00edticas internacionais impactaram os mercados nos \u00faltimos dias. Os investidores mostraram-se de olho nos assuntos corporativos e da pol\u00edticos. Confira as principais not\u00edcias da Semana Internacional. O Google solicitou acesso \u00e0s informa\u00e7\u00f5es do Departamento de Justi\u00e7a, enquanto o \u00f3rg\u00e3o quer os dados recentes da companhia O Google (NASDAQ: GOOGL) \u00e9 [&hellip;]<\/p>\n","protected":false},"author":24,"featured_media":45484,"comment_status":"closed","ping_status":"closed","sticky":false,"template":"","format":"standard","meta":[],"categories":[63],"tags":[1372,701,980,1880],"suno_strategy":[],"class_list":["post-45472","post","type-post","status-publish","format-standard","has-post-thumbnail","hentry","category-internacional","tag-alphabet-gogl34-gogl35","tag-google","tag-guerra-comercial","tag-hong-kong"],"yoast_head":"<!-- This site is optimized with the Yoast SEO plugin v24.4 - https:\/\/yoast.com\/wordpress\/plugins\/seo\/ -->\n<title>Semana Internacional: Google, guerra comercial e Hong Kong<\/title>\n<meta name=\"description\" content=\"A Semana Internacional foi agitada. Os mercados internacionais ficaram atentos \u00e0s not\u00edcias corporativas e pol\u00edticas. Clique e saiba mais.\" \/>\n<meta name=\"robots\" content=\"index, follow, max-snippet:-1, max-image-preview:large, max-video-preview:-1\" \/>\n<link rel=\"canonical\" href=\"https:\/\/www.suno.com.br\/noticias\/semana-internacional-google-guerra-comercial-hong-kong\/\" \/>\n<meta property=\"og:locale\" content=\"pt_BR\" \/>\n<meta property=\"og:type\" content=\"article\" \/>\n<meta property=\"og:title\" content=\"Semana Internacional: Google, guerra comercial e Hong Kong\" \/>\n<meta property=\"og:description\" content=\"A Semana Internacional foi agitada. Os mercados internacionais ficaram atentos \u00e0s not\u00edcias corporativas e pol\u00edticas. Clique e saiba mais.\" \/>\n<meta property=\"og:url\" content=\"https:\/\/www.suno.com.br\/noticias\/semana-internacional-google-guerra-comercial-hong-kong\/\" \/>\n<meta property=\"og:site_name\" content=\"Suno Not\u00edcias\" \/>\n<meta property=\"article:publisher\" content=\"https:\/\/facebook.com\/sunoresearch\" \/>\n<meta property=\"og:image\" content=\"https:\/\/files.sunoresearch.com.br\/n\/uploads\/2019\/11\/1e92cc0f-google-1024x684.jpg\" \/>\n\t<meta property=\"og:image:width\" content=\"1024\" \/>\n\t<meta property=\"og:image:height\" content=\"684\" \/>\n\t<meta property=\"og:image:type\" content=\"image\/jpeg\" \/>\n<meta name=\"author\" content=\"Jader Lazarini\" \/>\n<meta name=\"twitter:card\" content=\"summary_large_image\" \/>\n<meta name=\"twitter:creator\" content=\"@sunoresearch\" \/>\n<meta name=\"twitter:site\" content=\"@sunoresearch\" \/>\n<meta name=\"twitter:label1\" content=\"Escrito por\" \/>\n\t<meta name=\"twitter:data1\" content=\"Jader Lazarini\" \/>\n\t<meta name=\"twitter:label2\" content=\"Est. tempo de leitura\" \/>\n\t<meta name=\"twitter:data2\" content=\"4 minutos\" \/>\n<script type=\"application\/ld+json\" class=\"yoast-schema-graph\">{\"@context\":\"https:\/\/schema.org\",\"@graph\":[{\"@type\":\"NewsArticle\",\"@id\":\"https:\/\/www.suno.com.br\/noticias\/semana-internacional-google-guerra-comercial-hong-kong\/#article\",\"isPartOf\":{\"@id\":\"https:\/\/www.suno.com.br\/noticias\/semana-internacional-google-guerra-comercial-hong-kong\/\"},\"author\":{\"name\":\"Jader Lazarini\",\"@id\":\"https:\/\/www.suno.com.br\/noticias\/#\/schema\/person\/918d79de1f0281f01599b93f9ea6e23f\"},\"headline\":\"Semana Internacional: Google, guerra comercial e Hong Kong\",\"datePublished\":\"2019-11-24T19:49:16+00:00\",\"dateModified\":\"2021-06-01T23:26:25+00:00\",\"mainEntityOfPage\":{\"@id\":\"https:\/\/www.suno.com.br\/noticias\/semana-internacional-google-guerra-comercial-hong-kong\/\"},\"wordCount\":857,\"publisher\":{\"@id\":\"https:\/\/www.suno.com.br\/noticias\/#organization\"},\"image\":{\"@id\":\"https:\/\/www.suno.com.br\/noticias\/semana-internacional-google-guerra-comercial-hong-kong\/#primaryimage\"},\"thumbnailUrl\":\"https:\/\/files.sunoresearch.com.br\/n\/uploads\/2019\/11\/1e92cc0f-google-scaled.webp\",\"keywords\":[\"Alphabet (GOGL34\/GOGL35)\",\"Google\",\"guerra comercial\",\"Hong Kong\"],\"articleSection\":[\"Internacional\"],\"inLanguage\":\"pt-BR\"},{\"@type\":\"WebPage\",\"@id\":\"https:\/\/www.suno.com.br\/noticias\/semana-internacional-google-guerra-comercial-hong-kong\/\",\"url\":\"https:\/\/www.suno.com.br\/noticias\/semana-internacional-google-guerra-comercial-hong-kong\/\",\"name\":\"Semana Internacional: Google, guerra comercial e Hong Kong\",\"isPartOf\":{\"@id\":\"https:\/\/www.suno.com.br\/noticias\/#website\"},\"primaryImageOfPage\":{\"@id\":\"https:\/\/www.suno.com.br\/noticias\/semana-internacional-google-guerra-comercial-hong-kong\/#primaryimage\"},\"image\":{\"@id\":\"https:\/\/www.suno.com.br\/noticias\/semana-internacional-google-guerra-comercial-hong-kong\/#primaryimage\"},\"thumbnailUrl\":\"https:\/\/files.sunoresearch.com.br\/n\/uploads\/2019\/11\/1e92cc0f-google-scaled.webp\",\"datePublished\":\"2019-11-24T19:49:16+00:00\",\"dateModified\":\"2021-06-01T23:26:25+00:00\",\"description\":\"A Semana Internacional foi agitada. Os mercados internacionais ficaram atentos \u00e0s not\u00edcias corporativas e pol\u00edticas. Clique e saiba mais.\",\"breadcrumb\":{\"@id\":\"https:\/\/www.suno.com.br\/noticias\/semana-internacional-google-guerra-comercial-hong-kong\/#breadcrumb\"},\"inLanguage\":\"pt-BR\",\"potentialAction\":[{\"@type\":\"ReadAction\",\"target\":[\"https:\/\/www.suno.com.br\/noticias\/semana-internacional-google-guerra-comercial-hong-kong\/\"]}]},{\"@type\":\"ImageObject\",\"inLanguage\":\"pt-BR\",\"@id\":\"https:\/\/www.suno.com.br\/noticias\/semana-internacional-google-guerra-comercial-hong-kong\/#primaryimage\",\"url\":\"https:\/\/files.sunoresearch.com.br\/n\/uploads\/2019\/11\/1e92cc0f-google-scaled.webp\",\"contentUrl\":\"https:\/\/files.sunoresearch.com.br\/n\/uploads\/2019\/11\/1e92cc0f-google-scaled.webp\",\"width\":2560,\"height\":1709,\"caption\":\"O Google solicitou acesso \u00e0s informa\u00e7\u00f5es do Departamento de Justi\u00e7a, enquanto o \u00f3rg\u00e3o quer os dados recentes da companhia\"},{\"@type\":\"BreadcrumbList\",\"@id\":\"https:\/\/www.suno.com.br\/noticias\/semana-internacional-google-guerra-comercial-hong-kong\/#breadcrumb\",\"itemListElement\":[{\"@type\":\"ListItem\",\"position\":1,\"name\":\"Not\u00edcias\",\"item\":\"https:\/\/www.suno.com.br\/noticias\/\"},{\"@type\":\"ListItem\",\"position\":2,\"name\":\"Internacional\",\"item\":\"https:\/\/www.suno.com.br\/noticias\/internacional\/\"},{\"@type\":\"ListItem\",\"position\":3,\"name\":\"Semana Internacional: Google, guerra comercial e Hong Kong\"}]},{\"@type\":\"WebSite\",\"@id\":\"https:\/\/www.suno.com.br\/noticias\/#website\",\"url\":\"https:\/\/www.suno.com.br\/noticias\/\",\"name\":\"Suno Not\u00edcias\",\"description\":\"Seu portal de informa\u00e7\u00e3o sobre o mundo dos investimentos\",\"publisher\":{\"@id\":\"https:\/\/www.suno.com.br\/noticias\/#organization\"},\"potentialAction\":[{\"@type\":\"SearchAction\",\"target\":{\"@type\":\"EntryPoint\",\"urlTemplate\":\"https:\/\/www.suno.com.br\/noticias\/?s={search_term_string}\"},\"query-input\":{\"@type\":\"PropertyValueSpecification\",\"valueRequired\":true,\"valueName\":\"search_term_string\"}}],\"inLanguage\":\"pt-BR\"},{\"@type\":\"Organization\",\"@id\":\"https:\/\/www.suno.com.br\/noticias\/#organization\",\"name\":\"Suno Not\u00edcias\",\"url\":\"https:\/\/www.suno.com.br\/noticias\/\",\"logo\":{\"@type\":\"ImageObject\",\"inLanguage\":\"pt-BR\",\"@id\":\"https:\/\/www.suno.com.br\/noticias\/#\/schema\/logo\/image\/\",\"url\":\"https:\/\/files.sunoresearch.com.br\/n\/uploads\/2021\/09\/suno-logo.png\",\"contentUrl\":\"https:\/\/files.sunoresearch.com.br\/n\/uploads\/2021\/09\/suno-logo.png\",\"width\":180,\"height\":180,\"caption\":\"Suno Not\u00edcias\"},\"image\":{\"@id\":\"https:\/\/www.suno.com.br\/noticias\/#\/schema\/logo\/image\/\"},\"sameAs\":[\"https:\/\/facebook.com\/sunoresearch\",\"https:\/\/x.com\/sunoresearch\",\"https:\/\/www.instagram.com\/suno\",\"https:\/\/www.linkedin.com\/company\/suno-research\/\",\"https:\/\/www.youtube.com\/c\/sunoresearch\"]},{\"@type\":\"Person\",\"@id\":\"https:\/\/www.suno.com.br\/noticias\/#\/schema\/person\/918d79de1f0281f01599b93f9ea6e23f\",\"name\":\"Jader Lazarini\",\"image\":{\"@type\":\"ImageObject\",\"inLanguage\":\"pt-BR\",\"@id\":\"https:\/\/www.suno.com.br\/noticias\/#\/schema\/person\/image\/\",\"url\":\"https:\/\/secure.gravatar.com\/avatar\/3c1ad8caa51589841baeb923fcddea97?s=96&r=g\",\"contentUrl\":\"https:\/\/secure.gravatar.com\/avatar\/3c1ad8caa51589841baeb923fcddea97?s=96&r=g\",\"caption\":\"Jader Lazarini\"},\"description\":\"Jader Lazarini escreve sobre investimentos, finan\u00e7as, economia e neg\u00f3cios. \u00c9 bacharel em Rela\u00e7\u00f5es Internacionais e analista CNPI (2619).\",\"url\":\"https:\/\/www.suno.com.br\/noticias\/author\/jader-lazarini\/\"}]}<\/script>\n<!-- \/ Yoast SEO plugin. -->","yoast_head_json":{"title":"Semana Internacional: Google, guerra comercial e Hong Kong","description":"A Semana Internacional foi agitada. Os mercados internacionais ficaram atentos \u00e0s not\u00edcias corporativas e pol\u00edticas. Clique e saiba mais.","robots":{"index":"index","follow":"follow","max-snippet":"max-snippet:-1","max-image-preview":"max-image-preview:large","max-video-preview":"max-video-preview:-1"},"canonical":"https:\/\/www.suno.com.br\/noticias\/semana-internacional-google-guerra-comercial-hong-kong\/","og_locale":"pt_BR","og_type":"article","og_title":"Semana Internacional: Google, guerra comercial e Hong Kong","og_description":"A Semana Internacional foi agitada. Os mercados internacionais ficaram atentos \u00e0s not\u00edcias corporativas e pol\u00edticas. Clique e saiba mais.","og_url":"https:\/\/www.suno.com.br\/noticias\/semana-internacional-google-guerra-comercial-hong-kong\/","og_site_name":"Suno Not\u00edcias","article_publisher":"https:\/\/facebook.com\/sunoresearch","og_image":[{"width":1024,"height":684,"url":"https:\/\/files.sunoresearch.com.br\/n\/uploads\/2019\/11\/1e92cc0f-google-1024x684.jpg","type":"image\/jpeg"}],"author":"Jader Lazarini","twitter_card":"summary_large_image","twitter_creator":"@sunoresearch","twitter_site":"@sunoresearch","twitter_misc":{"Escrito por":"Jader Lazarini","Est. tempo de leitura":"4 minutos"},"schema":{"@context":"https:\/\/schema.org","@graph":[{"@type":"NewsArticle","@id":"https:\/\/www.suno.com.br\/noticias\/semana-internacional-google-guerra-comercial-hong-kong\/#article","isPartOf":{"@id":"https:\/\/www.suno.com.br\/noticias\/semana-internacional-google-guerra-comercial-hong-kong\/"},"author":{"name":"Jader Lazarini","@id":"https:\/\/www.suno.com.br\/noticias\/#\/schema\/person\/918d79de1f0281f01599b93f9ea6e23f"},"headline":"Semana Internacional: Google, guerra comercial e Hong Kong","datePublished":"2019-11-24T19:49:16+00:00","dateModified":"2021-06-01T23:26:25+00:00","mainEntityOfPage":{"@id":"https:\/\/www.suno.com.br\/noticias\/semana-internacional-google-guerra-comercial-hong-kong\/"},"wordCount":857,"publisher":{"@id":"https:\/\/www.suno.com.br\/noticias\/#organization"},"image":{"@id":"https:\/\/www.suno.com.br\/noticias\/semana-internacional-google-guerra-comercial-hong-kong\/#primaryimage"},"thumbnailUrl":"https:\/\/files.sunoresearch.com.br\/n\/uploads\/2019\/11\/1e92cc0f-google-scaled.webp","keywords":["Alphabet (GOGL34\/GOGL35)","Google","guerra comercial","Hong Kong"],"articleSection":["Internacional"],"inLanguage":"pt-BR"},{"@type":"WebPage","@id":"https:\/\/www.suno.com.br\/noticias\/semana-internacional-google-guerra-comercial-hong-kong\/","url":"https:\/\/www.suno.com.br\/noticias\/semana-internacional-google-guerra-comercial-hong-kong\/","name":"Semana Internacional: Google, guerra comercial e Hong Kong","isPartOf":{"@id":"https:\/\/www.suno.com.br\/noticias\/#website"},"primaryImageOfPage":{"@id":"https:\/\/www.suno.com.br\/noticias\/semana-internacional-google-guerra-comercial-hong-kong\/#primaryimage"},"image":{"@id":"https:\/\/www.suno.com.br\/noticias\/semana-internacional-google-guerra-comercial-hong-kong\/#primaryimage"},"thumbnailUrl":"https:\/\/files.sunoresearch.com.br\/n\/uploads\/2019\/11\/1e92cc0f-google-scaled.webp","datePublished":"2019-11-24T19:49:16+00:00","dateModified":"2021-06-01T23:26:25+00:00","description":"A Semana Internacional foi agitada. Os mercados internacionais ficaram atentos \u00e0s not\u00edcias corporativas e pol\u00edticas. Clique e saiba mais.","breadcrumb":{"@id":"https:\/\/www.suno.com.br\/noticias\/semana-internacional-google-guerra-comercial-hong-kong\/#breadcrumb"},"inLanguage":"pt-BR","potentialAction":[{"@type":"ReadAction","target":["https:\/\/www.suno.com.br\/noticias\/semana-internacional-google-guerra-comercial-hong-kong\/"]}]},{"@type":"ImageObject","inLanguage":"pt-BR","@id":"https:\/\/www.suno.com.br\/noticias\/semana-internacional-google-guerra-comercial-hong-kong\/#primaryimage","url":"https:\/\/files.sunoresearch.com.br\/n\/uploads\/2019\/11\/1e92cc0f-google-scaled.webp","contentUrl":"https:\/\/files.sunoresearch.com.br\/n\/uploads\/2019\/11\/1e92cc0f-google-scaled.webp","width":2560,"height":1709,"caption":"O Google solicitou acesso \u00e0s informa\u00e7\u00f5es do Departamento de Justi\u00e7a, enquanto o \u00f3rg\u00e3o quer os dados recentes da companhia"},{"@type":"BreadcrumbList","@id":"https:\/\/www.suno.com.br\/noticias\/semana-internacional-google-guerra-comercial-hong-kong\/#breadcrumb","itemListElement":[{"@type":"ListItem","position":1,"name":"Not\u00edcias","item":"https:\/\/www.suno.com.br\/noticias\/"},{"@type":"ListItem","position":2,"name":"Internacional","item":"https:\/\/www.suno.com.br\/noticias\/internacional\/"},{"@type":"ListItem","position":3,"name":"Semana Internacional: Google, guerra comercial e Hong Kong"}]},{"@type":"WebSite","@id":"https:\/\/www.suno.com.br\/noticias\/#website","url":"https:\/\/www.suno.com.br\/noticias\/","name":"Suno Not\u00edcias","description":"Seu portal de informa\u00e7\u00e3o sobre o mundo dos investimentos","publisher":{"@id":"https:\/\/www.suno.com.br\/noticias\/#organization"},"potentialAction":[{"@type":"SearchAction","target":{"@type":"EntryPoint","urlTemplate":"https:\/\/www.suno.com.br\/noticias\/?s={search_term_string}"},"query-input":{"@type":"PropertyValueSpecification","valueRequired":true,"valueName":"search_term_string"}}],"inLanguage":"pt-BR"},{"@type":"Organization","@id":"https:\/\/www.suno.com.br\/noticias\/#organization","name":"Suno Not\u00edcias","url":"https:\/\/www.suno.com.br\/noticias\/","logo":{"@type":"ImageObject","inLanguage":"pt-BR","@id":"https:\/\/www.suno.com.br\/noticias\/#\/schema\/logo\/image\/","url":"https:\/\/files.sunoresearch.com.br\/n\/uploads\/2021\/09\/suno-logo.png","contentUrl":"https:\/\/files.sunoresearch.com.br\/n\/uploads\/2021\/09\/suno-logo.png","width":180,"height":180,"caption":"Suno Not\u00edcias"},"image":{"@id":"https:\/\/www.suno.com.br\/noticias\/#\/schema\/logo\/image\/"},"sameAs":["https:\/\/facebook.com\/sunoresearch","https:\/\/x.com\/sunoresearch","https:\/\/www.instagram.com\/suno","https:\/\/www.linkedin.com\/company\/suno-research\/","https:\/\/www.youtube.com\/c\/sunoresearch"]},{"@type":"Person","@id":"https:\/\/www.suno.com.br\/noticias\/#\/schema\/person\/918d79de1f0281f01599b93f9ea6e23f","name":"Jader Lazarini","image":{"@type":"ImageObject","inLanguage":"pt-BR","@id":"https:\/\/www.suno.com.br\/noticias\/#\/schema\/person\/image\/","url":"https:\/\/secure.gravatar.com\/avatar\/3c1ad8caa51589841baeb923fcddea97?s=96&r=g","contentUrl":"https:\/\/secure.gravatar.com\/avatar\/3c1ad8caa51589841baeb923fcddea97?s=96&r=g","caption":"Jader Lazarini"},"description":"Jader Lazarini escreve sobre investimentos, finan\u00e7as, economia e neg\u00f3cios. \u00c9 bacharel em Rela\u00e7\u00f5es Internacionais e analista CNPI (2619).","url":"https:\/\/www.suno.com.br\/noticias\/author\/jader-lazarini\/"}]}},"default_loop_html":"<div class=\"cardsPage__listCard__boxs\"><div class=\"cardsPage__listCard__boxs__img\"><a href=\"https:\/\/www.suno.com.br\/noticias\/semana-internacional-google-guerra-comercial-hong-kong\/\"><img class=\"mask\" src=\"https:\/\/www.suno.com.br\/noticias\/wp-content\/themes\/suno\/resources\/images\/spotlight\/spotlight1img\/bg-mask.png\" alt=\"Image Mask\"\/><img src=\"https:\/\/files.sunoresearch.com.br\/n\/uploads\/2019\/11\/1e92cc0f-google-400x200.webp\" alt=\"Semana Internacional: Google, guerra comercial e Hong Kong\"\/><\/a><span class=\"spotlightCategory\"><a href=\"https:\/\/www.suno.com.br\/noticias\/internacional\/\">Internacional<\/a><\/span><\/div><div class=\"cardsPage__listCard__boxs__content\"><a href=\"https:\/\/www.suno.com.br\/noticias\/semana-internacional-google-guerra-comercial-hong-kong\/\"><h2 class=\"content__title\">Semana Internacional: Google, guerra comercial e Hong Kong<\/h2><\/a><div class=\"newsContent__article__meta\"><div class=\"newsContent__article__meta__authorBox\"><a href=\"https:\/\/www.suno.com.br\/noticias\/author\/jader-lazarini\/\" class=\"authorBox__avatar noMobi\"><img src=\"https:\/\/files.sunoresearch.com.br\/n\/uploads\/2021\/01\/178e6598-foto-perfil-2-150x150.jpg\" alt=\"Jader Lazarini\"><\/a><div class=\"authorBox__name\"><span>por\n\t\t\t<a href=\"https:\/\/www.suno.com.br\/noticias\/author\/jader-lazarini\/\"><span itemprop=\"author\">Jader Lazarini<\/span><\/a><\/span><time datetime=\"2019-11-24T17:49:16-03:00\" itemprop=\"datePublished\">24\/11\/2019 17:49<\/time><\/div><\/div><\/div><\/div><\/div>","single_layout":"posts","amp_enabled":true,"_links":{"self":[{"href":"https:\/\/www.suno.com.br\/noticias\/wp-json\/wp\/v2\/posts\/45472"}],"collection":[{"href":"https:\/\/www.suno.com.br\/noticias\/wp-json\/wp\/v2\/posts"}],"about":[{"href":"https:\/\/www.suno.com.br\/noticias\/wp-json\/wp\/v2\/types\/post"}],"author":[{"embeddable":true,"href":"https:\/\/www.suno.com.br\/noticias\/wp-json\/wp\/v2\/users\/24"}],"replies":[{"embeddable":true,"href":"https:\/\/www.suno.com.br\/noticias\/wp-json\/wp\/v2\/comments?post=45472"}],"version-history":[{"count":1,"href":"https:\/\/www.suno.com.br\/noticias\/wp-json\/wp\/v2\/posts\/45472\/revisions"}],"predecessor-version":[{"id":153770,"href":"https:\/\/www.suno.com.br\/noticias\/wp-json\/wp\/v2\/posts\/45472\/revisions\/153770"}],"wp:featuredmedia":[{"embeddable":true,"href":"https:\/\/www.suno.com.br\/noticias\/wp-json\/wp\/v2\/media\/45484"}],"wp:attachment":[{"href":"https:\/\/www.suno.com.br\/noticias\/wp-json\/wp\/v2\/media?parent=45472"}],"wp:term":[{"taxonomy":"category","embeddable":true,"href":"https:\/\/www.suno.com.br\/noticias\/wp-json\/wp\/v2\/categories?post=45472"},{"taxonomy":"post_tag","embeddable":true,"href":"https:\/\/www.suno.com.br\/noticias\/wp-json\/wp\/v2\/tags?post=45472"},{"taxonomy":"suno_strategy","embeddable":true,"href":"https:\/\/www.suno.com.br\/noticias\/wp-json\/wp\/v2\/suno_strategy?post=45472"}],"curies":[{"name":"wp","href":"https:\/\/api.w.org\/{rel}","templated":true}]}}