{"id":454582,"date":"2023-09-11T21:42:42","date_gmt":"2023-09-12T00:42:42","guid":{"rendered":"https:\/\/www.suno.com.br\/noticias\/?p=454582"},"modified":"2023-09-11T21:42:53","modified_gmt":"2023-09-12T00:42:53","slug":"radar-telefonica-vivt3-pao-de-acucar-pcar3-nubank-roxo34","status":"publish","type":"post","link":"https:\/\/www.suno.com.br\/noticias\/radar-telefonica-vivt3-pao-de-acucar-pcar3-nubank-roxo34\/","title":{"rendered":"Radar: Telef\u00f4nica (VIVT3) anuncia JCP milion\u00e1rio, P\u00e3o de A\u00e7\u00facar (PCAR3) dispara no Ibovespa e a\u00e7\u00f5es do Nubank (ROXO34) tem maior alta"},"content":{"rendered":"<p>O&nbsp;<a href=\"https:\/\/www.suno.com.br\/artigos\/conselho-administracao\/\" target=\"_blank\" rel=\"noreferrer noopener\">conselho de administra\u00e7\u00e3o<\/a>&nbsp;da&nbsp;<a href=\"https:\/\/www.suno.com.br\/acoes\/VIVT3\/\" target=\"_blank\" rel=\"noreferrer noopener\"><strong>Telef\u00f4nica<\/strong>&nbsp;(VIVT3)<\/a>&nbsp;deliberou hoje (11) sobre a declara\u00e7\u00e3o de&nbsp;<a href=\"https:\/\/www.suno.com.br\/artigos\/entenda-o-jcp\/\" target=\"_blank\" rel=\"noreferrer noopener\">juros sobre capital pr\u00f3prio<\/a>&nbsp;(JCP), no valor de R$ 200 milh\u00f5es.<\/p>\t<div class=\"wrapper-featured-image\">\n\t\t<figure class=\"spotlightImg\">\n\n\t\t\t<picture>\n\t\t\t\t<source media=\"(max-width: 768px)\" srcset=\"https:\/\/files.sunoresearch.com.br\/n\/uploads\/2020\/07\/a591b6cf-telefonica-400x200.webp\">\n\t\t\t\t<img loading=\"lazy\" decoding=\"async\" class=\"newsContent__article__imgCapa lazyloadDisabled \" src=\"https:\/\/files.sunoresearch.com.br\/n\/uploads\/2020\/07\/a591b6cf-telefonica-800x450.webp\" width=\"800\" height=\"450\" alt=\"Radar: Telef\u00f4nica (VIVT3) anuncia JCP milion\u00e1rio, P\u00e3o de A\u00e7\u00facar (PCAR3) dispara no Ibovespa e a\u00e7\u00f5es do Nubank (ROXO34) tem maior alta\" fetchpriority=high \/>\n\t\t\t<\/picture>\n\n\t\t\t<figcaption class=\"wp-caption-text wp-caption-text--show\">Telefonica (VIVT3). Foto: Divulga\u00e7\u00e3o<\/figcaption>\n\t\t<\/figure>\n\t<\/div>\n\n\n\n\n\n\t<p>\n\t\t<a href=\"https:\/\/lp.suno.com.br\/planilha-da-vida-financeira\/\" target=\"_blank\" data-element=\"shortcode-suno-banner\" title=\"Banner SUNO, clique e saiba mais\">\n\t\t\t<picture>\n\t\t\t\t<source media=\"(max-width: 500px)\" srcset=\"https:\/\/files.sunoresearch.com.br\/n\/uploads\/2023\/04\/400x300-Planilha-vida-financeira-true.png\">\n\t\t\t\t<img class=\"newsContent__article__imgCapa newsContent__article__imgCapa--banner\"\n\t\t\t\t\tsrc=\"https:\/\/files.sunoresearch.com.br\/n\/uploads\/2023\/04\/1420x240-Planilha-vida-financeira-true.png\"\n\t\t\t\t\tdata-promo-id=\"106682\"\t\t\t\t\t\t\t\t\t\twidth='1420' height='240'\t\t\t\t\talt=\"https:\/\/files.sunoresearch.com.br\/n\/uploads\/2023\/04\/1420x240-Planilha-vida-financeira-true.png\"\n\t\t\t\t>\n\t\t\t<\/picture>\n\t\t<\/a>\n\t<\/p>\n\n\n\n\n\n\n\n<p>Os&nbsp;<strong>JCP da Telef\u00f4nica<\/strong>&nbsp;est\u00e3o sujeitos a reten\u00e7\u00e3o de imposto de renda na fonte, com uma al\u00edquota de 15%, resultando em uma distribui\u00e7\u00e3o l\u00edquida de R$ 170 milh\u00f5es.<\/p>\n\n\n\n<p>Os novos proventos da companhia t\u00eam como base o balan\u00e7o patrimonial de 31 de julho de 2023. O valor bruto por a\u00e7\u00e3o \u00e9 de R$ 0,12073237961, enquanto o valor l\u00edquido de IR \u00e9 de R$ 0,10262252267.<\/p>\n\n\n\n<p>Os<strong>&nbsp;juros sobre capital pr\u00f3prio da Telef\u00f4nica&nbsp;<\/strong>ser\u00e3o pagos at\u00e9 30 de abril de 2024. Os investidores com direito a receber ser\u00e3o aqueles que tiveram comprado a\u00e7\u00f5es da companhia at\u00e9 o final do preg\u00e3o de 22 de setembro de 2023.<\/p>\n\n\n\n<h2 class=\"wp-block-heading\">JCP da Telef\u00f4nica<\/h2>\n\n\n\n<ul class=\"wp-block-list\">\n<li>Valor bruto: R$ 200.000.000,00<\/li>\n\n\n\n<li>Valor bruto por a\u00e7\u00e3o: R$ 0,12073237961<\/li>\n\n\n\n<li>Valor l\u00edquido por a\u00e7\u00e3o: R$ 0,10262252267<\/li>\n\n\n\n<li>Data de corte: 22 de setembro de 2023<\/li>\n\n\n\n<li>Data de pagamento: at\u00e9 30 de abril de 2024<\/li>\n<\/ul>\n\n\n\n<p>Os JCP da Telef\u00f4nica ser\u00e3o imputados ao dividendo obrigat\u00f3rio do&nbsp;<a target=\"_blank\" href=\"https:\/\/www.suno.com.br\/artigos\/exercicio-social\/\" rel=\"noreferrer noopener\">exerc\u00edcio social<\/a>&nbsp;de 2023. O valor por a\u00e7\u00e3o ainda poder\u00e1 ter ajustes futuros, considerando a base acion\u00e1ria da empresa em 22 de setembro de 2023.<\/p>\n\n\n\n<p>Esse poss\u00edvel ajuste se d\u00e1 em fun\u00e7\u00e3o de poss\u00edveis compras de pap\u00e9is no programa de recompra de&nbsp;<strong>a\u00e7\u00f5es da Telef\u00f4nica<\/strong>&nbsp;para permanecer em tesouraria, que podem ser usadas para posterior venda ou cancelamento.<\/p>\n\n\n\n<p>Os investidores imunes ou isentos do imposto de renda, conforme a legisla\u00e7\u00e3o vigente, dever\u00e3o comprovar essa condi\u00e7\u00e3o at\u00e9 27 de setembro de 2023, ao departamento de a\u00e7\u00f5es e cust\u00f3dia do banco&nbsp;<a href=\"https:\/\/www.suno.com.br\/acoes\/BBDC4\/\" target=\"_blank\" rel=\"noreferrer noopener\">Bradesco (BBDC4)<\/a>, que \u00e9 a institui\u00e7\u00e3o deposit\u00e1ria das a\u00e7\u00f5es.<\/p>\n\n\n\n<p>Al\u00e9m de Telef\u00f4nica, confira outros destaques desta segunda-feira:<\/p>\n\n\n\n<h2 class=\"wp-block-heading\">P\u00e3o de A\u00e7\u00facar (PCAR3) lidera altas nesta segunda-feira no Ibovespa; saiba por qu\u00ea<\/h2>\n\n\n\n<ul class=\"wp-block-list\">\n<li>As a\u00e7\u00f5es do Grupo&nbsp;<a href=\"https:\/\/www.suno.com.br\/acoes\/PCAR3\/\"><strong>P\u00e3o de A\u00e7\u00facar<\/strong>&nbsp;(PCAR3)<\/a>&nbsp;disparam no Ibovespa nesta segunda-feira (11), liderando as altas do \u00edndice, com o mercado repercutindo com mais aten\u00e7\u00e3o o an\u00fancio da varejista de que seu controlador, o grupo franc\u00eas Casino Guichard-Perrachon, prop\u00f4s iniciar negocia\u00e7\u00f5es para a venda de sua participa\u00e7\u00e3o na empresa de com\u00e9rcio eletr\u00f4nico Cnova.<\/li>\n<\/ul>\n\n\n\n<ul class=\"wp-block-list\">\n<li>Perto das 15h50, as&nbsp;<strong><a href=\"https:\/\/www.suno.com.br\/artigos\/o-que-sao-acoes-ordinarias-preferenciais-e-units\/\">a\u00e7\u00f5es ordin\u00e1rias<\/a>&nbsp;do Grupo P\u00e3o de A\u00e7\u00facar<\/strong>&nbsp;subiam 3,70%, cotadas a R$ 4,76.<\/li>\n<\/ul>\n\n\n\n<ul class=\"wp-block-list\">\n<li>\u201cEm um primeiro momento, o mercado viu o movimento como positivo, pois a venda da participa\u00e7\u00e3o na&nbsp;<strong>Cnova&nbsp;<\/strong>reduziria a alavancagem da companhia, que vem sofrendo ultimamente com margens apertadas. Hoje, a Cnova n\u00e3o agrega grande valor ao P\u00e3o de A\u00e7\u00facar. Em segundo plano, isso mostra, junto com outros movimentos como a recente cis\u00e3o com o&nbsp;<strong>grupo \u00caxito<\/strong>, que a companhia est\u00e1 comprometida em sanear seu balan\u00e7o\u201d, pontuou F\u00e1bio Lemos, s\u00f3cio da Fatorial Investimentos.<\/li>\n<\/ul>\n\n\n\n<ul class=\"wp-block-list\">\n<li>Segundo comunicado divulgado pelo P\u00e3o de A\u00e7\u00facar na \u00faltima sexta-feira (8), o Casino prop\u00f5e acertar a compra por meio de uma unidade da empresa por um pre\u00e7o a ser definido com base \u201cem metodologias usuais de avalia\u00e7\u00e3o financeira\u201d. Atualmente, o&nbsp;<strong>GPA&nbsp;<\/strong>det\u00e9m uma participa\u00e7\u00e3o societ\u00e1ria indireta de 34% no&nbsp;<a href=\"https:\/\/www.suno.com.br\/artigos\/capital-social\/\">capital social<\/a>&nbsp;da&nbsp;<strong>Cnova<\/strong>.<\/li>\n<\/ul>\n\n\n\n<ul class=\"wp-block-list\">\n<li>A varejista brasileira disse, ainda, que montou um comit\u00ea formado pelos tr\u00eas membros independentes do&nbsp;<a href=\"https:\/\/www.suno.com.br\/artigos\/conselho-administracao\/\"><strong>conselho de administra\u00e7\u00e3o<\/strong><\/a>&nbsp;para avaliar e negociar os termos com o Casino.<\/li>\n<\/ul>\n\n\n\n<h2 class=\"wp-block-heading\">A\u00e7\u00f5es do Nubank (ROXO34) tem maior alta em 10 meses; entenda<\/h2>\n\n\n\n<ul class=\"wp-block-list\">\n<li>As a\u00e7\u00f5es do&nbsp;<a href=\"https:\/\/www.suno.com.br\/noticias\/nubank-roxo34-nupay-insitituicao-pagamento-cpf\/\" target=\"_blank\" rel=\"noreferrer noopener\"><strong>Nubank<\/strong>&nbsp;(ROXO34)<\/a>&nbsp;tiveram alta de 8,37% no intradia desta segunda-feira (11) em Nova York, a uma cota\u00e7\u00e3o de US$ 7,38 \u2013 configurando a maior alta di\u00e1ria desde meados de novembro de 2022.<\/li>\n<\/ul>\n\n\n\n<ul class=\"wp-block-list\">\n<li>Os&nbsp;<strong>BDRs do Nubank<\/strong>&nbsp;acompanharam o desempenho e subiram 4,62% no intradia da&nbsp;<a href=\"https:\/\/www.suno.com.br\/guias\/bolsa-de-valores\/\" target=\"_blank\" rel=\"noreferrer noopener\">bolsa de valores<\/a>&nbsp;brasileira, a R$ 6,11.<\/li>\n<\/ul>\n\n\n\n<ul class=\"wp-block-list\">\n<li>Em grande medida, a alta se d\u00e1 por revis\u00f5es de analistas de sell-side.<\/li>\n<\/ul>\n\n\n\n<ul class=\"wp-block-list\">\n<li>O JPMorgan elevou sua recomenda\u00e7\u00e3o de neutra para compra, firmando um pre\u00e7o-alvo de US$ 9. Parte do otimismo dos analistas vem do fato de que o Nubank \u00e9 o banco principal de 27% dos seus clientes.<\/li>\n<\/ul>\n\n\n\n<ul class=\"wp-block-list\">\n<li>Isso, em uma base de clientes de mais de 84 milh\u00f5es, que j\u00e1 supera concorrentes gigantes como o&nbsp;<a href=\"https:\/\/www.suno.com.br\/acoes\/BBAS3\/\" target=\"_blank\" rel=\"noreferrer noopener\">Banco do Brasil (BBAS3)<\/a>. No total, 82% s\u00e3o clientes ativos da fintech.<\/li>\n<\/ul>\n\n\n\n<ul class=\"wp-block-list\">\n<li>\u201cAl\u00e9m disso, os dados da empresa tamb\u00e9m indicam que os clientes tornam o Nubank seu principal banco cada vez mais rapidamente\u201d, apontam os analistas do J.P. Morgan.<\/li>\n<\/ul>\n\n\n\n<ul class=\"wp-block-list\">\n<li>\u201cTer mais principalidade implica ganhos de participa\u00e7\u00e3o de mercado por v\u00e1rios anos, j\u00e1 que o Nubank tem apenas de zero a 14% de participa\u00e7\u00e3o na maioria dos produtos que oferece hoje. A principalidade tamb\u00e9m significa qualidade de cr\u00e9dito resiliente em um ambiente desafiador\u201d, completam.<\/li>\n<\/ul>\n\n\n\n<ul class=\"wp-block-list\">\n<li>Segundo a casa, mesmo que a principalidade seja um \u2018conceito abstrato\u2019, o fato de muitos clientes citarem o&nbsp;<strong>banco digital<\/strong>&nbsp;como seu principal mostram \u201cque o Nubank tem toda uma avenida para ganhar participa\u00e7\u00e3o de mercado no Brasil por v\u00e1rios anos\u201d.<\/li>\n<\/ul>\n\n\n\t<p>\n\t\t<a href=\"https:\/\/lp.suno.com.br\/ebook-como-analisar-uma-acao\/\" target=\"_blank\" data-element=\"shortcode-suno-banner\" title=\"Banner SUNO, clique e saiba mais\">\n\t\t\t<picture>\n\t\t\t\t<source media=\"(max-width: 500px)\" srcset=\"https:\/\/files.sunoresearch.com.br\/n\/uploads\/2023\/03\/Ebook-Acoes-Mobile.jpg\">\n\t\t\t\t<img class=\"newsContent__article__imgCapa newsContent__article__imgCapa--banner\"\n\t\t\t\t\tsrc=\"https:\/\/files.sunoresearch.com.br\/n\/uploads\/2023\/03\/Ebook-Acoes-Desktop.jpg\"\n\t\t\t\t\tdata-promo-id=\"378302\"\t\t\t\t\t\t\t\t\t\twidth='1420' height='286'\t\t\t\t\talt=\"https:\/\/files.sunoresearch.com.br\/n\/uploads\/2023\/03\/Ebook-Acoes-Desktop.jpg\"\n\t\t\t\t>\n\t\t\t<\/picture>\n\t\t<\/a>\n\t<\/p>\n\n\n\n\n\n<h2 class=\"wp-block-heading\">Privatiza\u00e7\u00e3o da Sabesp (SBSP3): Presidente promete tarifa menor e mais investimentos<\/h2>\n\n\n\n<ul class=\"wp-block-list\">\n<li>O&nbsp;<a href=\"https:\/\/www.suno.com.br\/artigos\/ceo\/\" target=\"_blank\" rel=\"noreferrer noopener\">diretor-presidente<\/a>&nbsp;da&nbsp;<a href=\"https:\/\/www.suno.com.br\/acoes\/SBSP3\/\" target=\"_blank\" rel=\"noreferrer noopener\"><strong>Sabesp<\/strong>&nbsp;(SBSP3)<\/a>, Andr\u00e9 Salcedo, prometeu queda nas tarifas e antecipa\u00e7\u00e3o em quatro anos da meta prevista no Novo Marco do Saneamento em declara\u00e7\u00f5es dadas \u00e0 Folha de S. Paulo.<\/li>\n<\/ul>\n\n\n\n<ul class=\"wp-block-list\">\n<li>No caso da meta da Sabesp, a expectativa \u00e9 de entregar \u00e1gua a 99% da popula\u00e7\u00e3o e coletar e tratar o esgoto de 90% at\u00e9 2033.<\/li>\n<\/ul>\n\n\n\n<ul class=\"wp-block-list\">\n<li>A expectativa \u00e9 de que a&nbsp;<strong>privatiza\u00e7\u00e3o da Sabesp<\/strong>&nbsp;ocorra em meados do primeiro semestre de 2024, por meio de uma oferta subsequente de a\u00e7\u00f5es (follow-on).<\/li>\n<\/ul>\n\n\n\n<ul class=\"wp-block-list\">\n<li>Apesar disso, a companhia ainda ter\u00e1 um acionista de refer\u00eancia \u2013 que ainda est\u00e1 em avalia\u00e7\u00e3o pela companhia, assim sobre como ficar\u00e1 a participa\u00e7\u00e3o societ\u00e1ria do governo.<\/li>\n<\/ul>\n\n\n\n<ul class=\"wp-block-list\">\n<li>\u201cNo estado, tem todo o ciclo de presta\u00e7\u00e3o de contas, via Tribunal de Contas, Lei de Licita\u00e7\u00f5es, que temos que seguir. Quando a empresa passa a ser privada, consegue mais flexibilidade na gest\u00e3o de forma ampla. Tende a ser mais eficiente, prestar o mesmo servi\u00e7o, eventualmente com melhor qualidade e a um custo menor. E entregar mais antes\u201d, disse o&nbsp;<strong>presidente da Sabesp<\/strong>&nbsp;\u00e0 Folha.<\/li>\n<\/ul>\n\n\n\n<ul class=\"wp-block-list\">\n<li>\u201cAcelerando a universaliza\u00e7\u00e3o, todo o ecossistema das comunidades se transforma. H\u00e1 desonera\u00e7\u00e3o do sistema de sa\u00fade local. \u00c9 a crian\u00e7a que n\u00e3o fica doente e o pai n\u00e3o deixa de trabalhar\u201d, acrescentou.<\/li>\n<\/ul>\n\n\n\n<h2 class=\"wp-block-heading\">VISC11 vai pagar dividendos recordes e rentabilidade total do FII chega a 89%; Veja valores<\/h2>\n\n\n\n<ul class=\"wp-block-list\">\n<li>Em novo relat\u00f3rio gerencial de agosto, o fundo imobili\u00e1rio&nbsp;<a href=\"https:\/\/www.suno.com.br\/fundos-imobiliarios\/visc11\/\" target=\"_blank\" rel=\"noreferrer noopener\"><strong>VISC11<\/strong><\/a>&nbsp;anunciou um lucro mensal de R$ 16,363 milh\u00f5es. Dessa quantia, cerca de R$ 17,104 milh\u00f5es v\u00e3o ser pagos aos cotistas em&nbsp;<a href=\"https:\/\/www.suno.com.br\/guias\/dividendos\/\" target=\"_blank\" rel=\"noreferrer noopener\">dividendos<\/a>.<\/li>\n<\/ul>\n\n\n\n<ul class=\"wp-block-list\">\n<li>Os<strong>&nbsp;rendimentos do VISC11<\/strong>&nbsp;s\u00e3o de R$ 0,92 por cota, que corresponde ao maior valor j\u00e1 pago pelo fundo, se igualando a quantia paga em setembro de 2019 e tamb\u00e9m em outubro do mesmo ano.<\/li>\n<\/ul>\n\n\n\n<ul class=\"wp-block-list\">\n<li>O pagamento vai acontecer em 15 de setembro de 2023, aos cotistas que detinham cotas do FII ap\u00f3s o fechamento do preg\u00e3o do dia 31 de agosto.<\/li>\n<\/ul>\n\n\n\n<ul class=\"wp-block-list\">\n<li>O resultado por cota do FII foi de R$ 0,88 em agosto. Contribuindo para esse resultado, as remessas dos shoppings somaram R$ 19,773 milh\u00f5es, ou R$ 1,06 por cota. J\u00e1 o resultado acumulado n\u00e3o-distribu\u00eddo foi de R$ 11,263 milh\u00f5es, ou R$ 0,61 por cota.<\/li>\n<\/ul>\n\n\n\n<ul class=\"wp-block-list\">\n<li>Vale destacar que o FII fechou um novo memorando de entendimentos em junho, para uma potencial venda de participa\u00e7\u00e3o em 3 shoppings. Com 2 das 3 vendas parciais conclu\u00eddos, a proje\u00e7\u00e3o da gest\u00e3o \u00e9 de que os<strong>&nbsp;dividendos do VISC11&nbsp;<\/strong>fiquem entre R$ 0,90 e R$ 1,00 por cota at\u00e9 dezembro deste ano.<\/li>\n<\/ul>\n\n\n\n<ul class=\"wp-block-list\">\n<li>O pre\u00e7o da cota do VISC11 no encerramento de agosto era de R$ 119,84, com uma alta mensal de 1,2%. Somando essa valoriza\u00e7\u00e3o com os rendimentos pagos, a rentabilidade total foi de 2% no m\u00eas, com 1,3 ponto percentual inferior \u00e0 rentabilidade do IFIX nesse mesmo per\u00edodo.<\/li>\n<\/ul>\n\n\n\n<ul class=\"wp-block-list\">\n<li>Desde o in\u00edcio do&nbsp;<strong>FII VISC11<\/strong>, a rentabilidade total bruta \u00e9 de 89,1%, enquanto do IFIX \u00e9 de 44,3% no mesmo per\u00edodo de compara\u00e7\u00e3o.<\/li>\n<\/ul>\n\n\n\n<h2 class=\"wp-block-heading\">Brookfield e Soci\u00e9t\u00e9 G\u00e9n\u00e9rale fazem parceria de US$ 10,7 bilh\u00f5es para fundo de d\u00edvida privada<\/h2>\n\n\n\n<ul class=\"wp-block-list\">\n<li>A&nbsp;<strong>Brookfield Asset Management (NYSE: BAM)<\/strong>&nbsp;anunciou a parceria com o banco franc\u00eas Soci\u00e9t\u00e9 G\u00e9n\u00e9rale (EPA: GLE) para atender \u00e0 alta demanda por cr\u00e9dito privado.<\/li>\n<\/ul>\n\n\n\n<ul class=\"wp-block-list\">\n<li>A parceira do fundo de investimentos canadense com um dos maiores bancos da&nbsp;<strong>Europa&nbsp;<\/strong>tem o objetivo de criar um fundo de d\u00edvida privada no valor de 10 bilh\u00f5es de euros, (aproximadamente US$ 10,7 bilh\u00f5es na cota\u00e7\u00e3o atual) para os pr\u00f3ximos quatro anos. De acordo com os grupos, a estrat\u00e9gia dever\u00e1 ampliar significativamente a presen\u00e7a das duas empresas em financiamento, assim como atender a demanda por cr\u00e9dito privado.<\/li>\n<\/ul>\n\n\n\n<ul class=\"wp-block-list\">\n<li>O grupo franc\u00eas<strong>&nbsp;Soci\u00e9t\u00e9 G\u00e9n\u00e9rale<\/strong>&nbsp;comunicou nesta segunda-feira (11) que o fundo ser\u00e1 lan\u00e7ado inicialmente com 2,5 bilh\u00f5es de euros e ter\u00e1 como alvo os setores de energia, renov\u00e1veis, dados, transporte, armazenamento e comercializa\u00e7\u00e3o de petr\u00f3leo e de transportes geral. Para o futuro, a parceria dever\u00e1 usar de suas capacidades e&nbsp;<a href=\"https:\/\/www.suno.com.br\/artigos\/relacoes-com-investidores\/\" target=\"_blank\" rel=\"noreferrer noopener\">rela\u00e7\u00f5es com investidores<\/a>&nbsp;institucionais para encontrar outras estrat\u00e9gias e estruturas de investimentos.<\/li>\n<\/ul>\n\n\n\n<ul class=\"wp-block-list\">\n<li>Al\u00e9m disso, o fundo tamb\u00e9m dever\u00e1 ajudar a&nbsp;<strong>Brookfield&nbsp;<\/strong>e o Soci\u00e9t\u00e9 G\u00e9n\u00e9rale a fazer frente \u00e0s necessidades de companhias seguradoras por produtos de&nbsp;<a href=\"https:\/\/www.suno.com.br\/artigos\/grau-de-investimento\/\" target=\"_blank\" rel=\"noreferrer noopener\">grau de investimento<\/a>&nbsp;com base em suas exig\u00eancias de rating e prazo m\u00e9dio (duration).<\/li>\n<\/ul>\n\n\n\n<h2 class=\"wp-block-heading\">Bradespar (BRAP4) \u00e9 autuada pela Receita Federal; A\u00e7\u00f5es recuam mais de 1%<\/h2>\n\n\n\n<ul class=\"wp-block-list\">\n<li>As a\u00e7\u00f5es da&nbsp;<a href=\"https:\/\/www.suno.com.br\/acoes\/brap4\/\"><strong>Bradespar<\/strong>&nbsp;(BRAP4)<\/a>&nbsp;caem na manh\u00e3 desta segunda-feira (11), com o mercado repercutindo a not\u00edcia de que a empresa, que det\u00e9m participa\u00e7\u00e3o na&nbsp;<a href=\"https:\/\/www.suno.com.br\/acoes\/VALE3\/\">Vale (VALE3)<\/a>, recebeu auto de infra\u00e7\u00e3o da Receita Federal questionando despesas apropriadas pela companhia em 2018, derivadas de pagamentos realizados \u00e0 El\u00e9tron, ve\u00edculo de investimento da Opportunity na mineradora.<\/li>\n<\/ul>\n\n\n\n<ul class=\"wp-block-list\">\n<li>Perto das 12h00,&nbsp;<strong>as a\u00e7\u00f5es preferenciais da Bradespar<\/strong>&nbsp;ca\u00edam 1,09%, cotadas a R$ 22,61.<\/li>\n<\/ul>\n\n\n\n<ul class=\"wp-block-list\">\n<li>Em comunicado ao mercado na sexta-feira (8), a Bradespar informou que as autoridades fiscais buscam exigir da companhia o pagamento de quase R$ 800 milh\u00f5es, referente ao Imposto de Renda das Pessoas Jur\u00eddicas (IRPJ) e \u00e0 Contribui\u00e7\u00e3o Social sobre o Lucro (CSL) que seriam devidos caso a Bradespar n\u00e3o houvesse exclu\u00eddo referidas despesas para fins da apura\u00e7\u00e3o do lucro real e do&nbsp;<a href=\"https:\/\/www.suno.com.br\/artigos\/lucro-liquido\/\">lucro l\u00edquido<\/a>&nbsp;ajustado.<\/li>\n<\/ul>\n\n\n\n<ul class=\"wp-block-list\">\n<li>Ao valor, devem ser acrescidos 75% de multa de of\u00edcio, al\u00e9m de multa isolada e&nbsp;<a href=\"https:\/\/www.suno.com.br\/artigos\/juros-de-mora\/\">juros de mora<\/a>&nbsp;\u00e0&nbsp;<strong>taxa Selic<\/strong>.<\/li>\n<\/ul>\n\n\n\n<ul class=\"wp-block-list\">\n<li>\u201cA Bradespar refor\u00e7a que est\u00e1 segura da corre\u00e7\u00e3o dos procedimentos adotados no ano de 2018, e apresentar\u00e1 tempestivamente impugna\u00e7\u00e3o aos autos de infra\u00e7\u00e3o. Na avalia\u00e7\u00e3o de seus assessores jur\u00eddicos externos, a Bradespar possui s\u00f3lidos argumentos para afastar referida exig\u00eancia nos tribunais administrativos e\/ou judiciais, sendo o risco de perda classificado como poss\u00edvel\u201d, informou.<\/li>\n<\/ul>\n\n\n\t<p>\n\t\t<a href=\"https:\/\/lp.suno.com.br\/planilha-da-vida-financeira\/\" target=\"_blank\" data-element=\"shortcode-suno-banner\" title=\"Banner SUNO, clique e saiba mais\">\n\t\t\t<picture>\n\t\t\t\t<source media=\"(max-width: 500px)\" srcset=\"https:\/\/files.sunoresearch.com.br\/n\/uploads\/2023\/04\/400x300-Planilha-vida-financeira-true.png\">\n\t\t\t\t<img class=\"newsContent__article__imgCapa newsContent__article__imgCapa--banner\"\n\t\t\t\t\tsrc=\"https:\/\/files.sunoresearch.com.br\/n\/uploads\/2023\/04\/1420x240-Planilha-vida-financeira-true.png\"\n\t\t\t\t\tdata-promo-id=\"383123\"\t\t\t\t\t\t\t\t\t\twidth='1420' height='240'\t\t\t\t\talt=\"https:\/\/files.sunoresearch.com.br\/n\/uploads\/2023\/04\/1420x240-Planilha-vida-financeira-true.png\"\n\t\t\t\t>\n\t\t\t<\/picture>\n\t\t<\/a>\n\t<\/p>\n\n\n","protected":false},"excerpt":{"rendered":"<p>O&nbsp;conselho de administra\u00e7\u00e3o&nbsp;da&nbsp;Telef\u00f4nica&nbsp;(VIVT3)&nbsp;deliberou hoje (11) sobre a declara\u00e7\u00e3o de&nbsp;juros sobre capital pr\u00f3prio&nbsp;(JCP), no valor de R$ 200 milh\u00f5es. Telefonica (VIVT3). Foto: Divulga\u00e7\u00e3o Os&nbsp;JCP da Telef\u00f4nica&nbsp;est\u00e3o sujeitos a reten\u00e7\u00e3o de imposto de renda na fonte, com uma al\u00edquota de 15%, resultando em uma distribui\u00e7\u00e3o l\u00edquida de R$ 170 milh\u00f5es. Os novos proventos da companhia t\u00eam como [&hellip;]<\/p>\n","protected":false},"author":227,"featured_media":75216,"comment_status":"closed","ping_status":"closed","sticky":false,"template":"","format":"standard","meta":[],"categories":[64],"tags":[393,1964,107135,106765,659],"suno_strategy":[],"class_list":["post-454582","post","type-post","status-publish","format-standard","has-post-thumbnail","hentry","category-negocios","tag-bradespar-brap3-brap4","tag-grupo-pao-de-acucar-pcar3-pcar4","tag-roxo34","tag-sabesp-sbsp3","tag-telefonica-vivt3"],"yoast_head":"<!-- This site is optimized with the Yoast SEO plugin v24.4 - https:\/\/yoast.com\/wordpress\/plugins\/seo\/ -->\n<title>Radar: Telef\u00f4nica (VIVT3) anuncia JCP milion\u00e1rio, P\u00e3o de A\u00e7\u00facar (PCAR3) dispara no Ibovespa<\/title>\n<meta name=\"description\" content=\"Telef\u00f4nica (VIVT3) anuncia JCP milion\u00e1rio, P\u00e3o de A\u00e7\u00facar (PCAR3) dispara no Ibovespa e a\u00e7\u00f5es do Nubank (ROXO34) tem maior alta\" \/>\n<meta name=\"robots\" content=\"index, follow, max-snippet:-1, max-image-preview:large, max-video-preview:-1\" \/>\n<link rel=\"canonical\" href=\"https:\/\/www.suno.com.br\/noticias\/radar-telefonica-vivt3-pao-de-acucar-pcar3-nubank-roxo34\/\" \/>\n<meta property=\"og:locale\" content=\"pt_BR\" \/>\n<meta property=\"og:type\" content=\"article\" \/>\n<meta property=\"og:title\" content=\"Radar: Telef\u00f4nica (VIVT3) anuncia JCP milion\u00e1rio, P\u00e3o de A\u00e7\u00facar (PCAR3) dispara no Ibovespa\" \/>\n<meta property=\"og:description\" content=\"Telef\u00f4nica (VIVT3) anuncia JCP milion\u00e1rio, P\u00e3o de A\u00e7\u00facar (PCAR3) dispara no Ibovespa e a\u00e7\u00f5es do Nubank (ROXO34) tem maior alta\" \/>\n<meta property=\"og:url\" content=\"https:\/\/www.suno.com.br\/noticias\/radar-telefonica-vivt3-pao-de-acucar-pcar3-nubank-roxo34\/\" \/>\n<meta property=\"og:site_name\" content=\"Suno Not\u00edcias\" \/>\n<meta property=\"article:publisher\" content=\"https:\/\/facebook.com\/sunoresearch\" \/>\n<meta property=\"og:image\" content=\"https:\/\/files.sunoresearch.com.br\/n\/uploads\/2020\/07\/a591b6cf-telefonica.jpg\" \/>\n\t<meta property=\"og:image:width\" content=\"1280\" \/>\n\t<meta property=\"og:image:height\" content=\"720\" \/>\n\t<meta property=\"og:image:type\" content=\"image\/jpeg\" \/>\n<meta name=\"author\" content=\"Vanessa Loiola\" \/>\n<meta name=\"twitter:card\" content=\"summary_large_image\" \/>\n<meta name=\"twitter:creator\" content=\"@sunoresearch\" \/>\n<meta name=\"twitter:site\" content=\"@sunoresearch\" \/>\n<meta name=\"twitter:label1\" content=\"Escrito por\" \/>\n\t<meta name=\"twitter:data1\" content=\"Vanessa Loiola\" \/>\n\t<meta name=\"twitter:label2\" content=\"Est. tempo de leitura\" \/>\n\t<meta name=\"twitter:data2\" content=\"10 minutos\" \/>\n<script type=\"application\/ld+json\" class=\"yoast-schema-graph\">{\"@context\":\"https:\/\/schema.org\",\"@graph\":[{\"@type\":\"NewsArticle\",\"@id\":\"https:\/\/www.suno.com.br\/noticias\/radar-telefonica-vivt3-pao-de-acucar-pcar3-nubank-roxo34\/#article\",\"isPartOf\":{\"@id\":\"https:\/\/www.suno.com.br\/noticias\/radar-telefonica-vivt3-pao-de-acucar-pcar3-nubank-roxo34\/\"},\"author\":{\"name\":\"Vanessa Loiola\",\"@id\":\"https:\/\/www.suno.com.br\/noticias\/#\/schema\/person\/450c455ecff319bab1f1a0e643451479\"},\"headline\":\"Radar: Telef\u00f4nica (VIVT3) anuncia JCP milion\u00e1rio, P\u00e3o de A\u00e7\u00facar (PCAR3) dispara no Ibovespa e a\u00e7\u00f5es do Nubank (ROXO34) tem maior alta\",\"datePublished\":\"2023-09-12T00:42:42+00:00\",\"dateModified\":\"2023-09-12T00:42:53+00:00\",\"mainEntityOfPage\":{\"@id\":\"https:\/\/www.suno.com.br\/noticias\/radar-telefonica-vivt3-pao-de-acucar-pcar3-nubank-roxo34\/\"},\"wordCount\":1924,\"publisher\":{\"@id\":\"https:\/\/www.suno.com.br\/noticias\/#organization\"},\"image\":{\"@id\":\"https:\/\/www.suno.com.br\/noticias\/radar-telefonica-vivt3-pao-de-acucar-pcar3-nubank-roxo34\/#primaryimage\"},\"thumbnailUrl\":\"https:\/\/files.sunoresearch.com.br\/n\/uploads\/2020\/07\/a591b6cf-telefonica-jpg.webp\",\"keywords\":[\"Bradespar (BRAP3\/BRAP4)\",\"Grupo P\u00e3o de A\u00e7\u00facar (PCAR3\/PCAR4)\",\"ROXO34\",\"Sabesp (SBSP3)\",\"Telef\u00f4nica (VIVT3)\"],\"articleSection\":[\"Neg\u00f3cios\"],\"inLanguage\":\"pt-BR\"},{\"@type\":\"WebPage\",\"@id\":\"https:\/\/www.suno.com.br\/noticias\/radar-telefonica-vivt3-pao-de-acucar-pcar3-nubank-roxo34\/\",\"url\":\"https:\/\/www.suno.com.br\/noticias\/radar-telefonica-vivt3-pao-de-acucar-pcar3-nubank-roxo34\/\",\"name\":\"Radar: Telef\u00f4nica (VIVT3) anuncia JCP milion\u00e1rio, P\u00e3o de A\u00e7\u00facar (PCAR3) dispara no Ibovespa\",\"isPartOf\":{\"@id\":\"https:\/\/www.suno.com.br\/noticias\/#website\"},\"primaryImageOfPage\":{\"@id\":\"https:\/\/www.suno.com.br\/noticias\/radar-telefonica-vivt3-pao-de-acucar-pcar3-nubank-roxo34\/#primaryimage\"},\"image\":{\"@id\":\"https:\/\/www.suno.com.br\/noticias\/radar-telefonica-vivt3-pao-de-acucar-pcar3-nubank-roxo34\/#primaryimage\"},\"thumbnailUrl\":\"https:\/\/files.sunoresearch.com.br\/n\/uploads\/2020\/07\/a591b6cf-telefonica-jpg.webp\",\"datePublished\":\"2023-09-12T00:42:42+00:00\",\"dateModified\":\"2023-09-12T00:42:53+00:00\",\"description\":\"Telef\u00f4nica (VIVT3) anuncia JCP milion\u00e1rio, P\u00e3o de A\u00e7\u00facar (PCAR3) dispara no Ibovespa e a\u00e7\u00f5es do Nubank (ROXO34) tem maior alta\",\"breadcrumb\":{\"@id\":\"https:\/\/www.suno.com.br\/noticias\/radar-telefonica-vivt3-pao-de-acucar-pcar3-nubank-roxo34\/#breadcrumb\"},\"inLanguage\":\"pt-BR\",\"potentialAction\":[{\"@type\":\"ReadAction\",\"target\":[\"https:\/\/www.suno.com.br\/noticias\/radar-telefonica-vivt3-pao-de-acucar-pcar3-nubank-roxo34\/\"]}]},{\"@type\":\"ImageObject\",\"inLanguage\":\"pt-BR\",\"@id\":\"https:\/\/www.suno.com.br\/noticias\/radar-telefonica-vivt3-pao-de-acucar-pcar3-nubank-roxo34\/#primaryimage\",\"url\":\"https:\/\/files.sunoresearch.com.br\/n\/uploads\/2020\/07\/a591b6cf-telefonica-jpg.webp\",\"contentUrl\":\"https:\/\/files.sunoresearch.com.br\/n\/uploads\/2020\/07\/a591b6cf-telefonica-jpg.webp\",\"width\":1280,\"height\":720,\"caption\":\"Telefonica (VIVT3). Foto: Divulga\u00e7\u00e3o\"},{\"@type\":\"BreadcrumbList\",\"@id\":\"https:\/\/www.suno.com.br\/noticias\/radar-telefonica-vivt3-pao-de-acucar-pcar3-nubank-roxo34\/#breadcrumb\",\"itemListElement\":[{\"@type\":\"ListItem\",\"position\":1,\"name\":\"Not\u00edcias\",\"item\":\"https:\/\/www.suno.com.br\/noticias\/\"},{\"@type\":\"ListItem\",\"position\":2,\"name\":\"Neg\u00f3cios\",\"item\":\"https:\/\/www.suno.com.br\/noticias\/negocios\/\"},{\"@type\":\"ListItem\",\"position\":3,\"name\":\"Radar: Telef\u00f4nica (VIVT3) anuncia JCP milion\u00e1rio, P\u00e3o de A\u00e7\u00facar (PCAR3) dispara no Ibovespa e a\u00e7\u00f5es do Nubank (ROXO34) tem maior alta\"}]},{\"@type\":\"WebSite\",\"@id\":\"https:\/\/www.suno.com.br\/noticias\/#website\",\"url\":\"https:\/\/www.suno.com.br\/noticias\/\",\"name\":\"Suno Not\u00edcias\",\"description\":\"Seu portal de informa\u00e7\u00e3o sobre o mundo dos investimentos\",\"publisher\":{\"@id\":\"https:\/\/www.suno.com.br\/noticias\/#organization\"},\"potentialAction\":[{\"@type\":\"SearchAction\",\"target\":{\"@type\":\"EntryPoint\",\"urlTemplate\":\"https:\/\/www.suno.com.br\/noticias\/?s={search_term_string}\"},\"query-input\":{\"@type\":\"PropertyValueSpecification\",\"valueRequired\":true,\"valueName\":\"search_term_string\"}}],\"inLanguage\":\"pt-BR\"},{\"@type\":\"Organization\",\"@id\":\"https:\/\/www.suno.com.br\/noticias\/#organization\",\"name\":\"Suno Not\u00edcias\",\"url\":\"https:\/\/www.suno.com.br\/noticias\/\",\"logo\":{\"@type\":\"ImageObject\",\"inLanguage\":\"pt-BR\",\"@id\":\"https:\/\/www.suno.com.br\/noticias\/#\/schema\/logo\/image\/\",\"url\":\"https:\/\/files.sunoresearch.com.br\/n\/uploads\/2021\/09\/suno-logo.png\",\"contentUrl\":\"https:\/\/files.sunoresearch.com.br\/n\/uploads\/2021\/09\/suno-logo.png\",\"width\":180,\"height\":180,\"caption\":\"Suno Not\u00edcias\"},\"image\":{\"@id\":\"https:\/\/www.suno.com.br\/noticias\/#\/schema\/logo\/image\/\"},\"sameAs\":[\"https:\/\/facebook.com\/sunoresearch\",\"https:\/\/x.com\/sunoresearch\",\"https:\/\/www.instagram.com\/suno\",\"https:\/\/www.linkedin.com\/company\/suno-research\/\",\"https:\/\/www.youtube.com\/c\/sunoresearch\"]},{\"@type\":\"Person\",\"@id\":\"https:\/\/www.suno.com.br\/noticias\/#\/schema\/person\/450c455ecff319bab1f1a0e643451479\",\"name\":\"Vanessa Loiola\",\"image\":{\"@type\":\"ImageObject\",\"inLanguage\":\"pt-BR\",\"@id\":\"https:\/\/www.suno.com.br\/noticias\/#\/schema\/person\/image\/\",\"url\":\"https:\/\/secure.gravatar.com\/avatar\/8b41117f9780831919eb38da349c3f20?s=96&r=g\",\"contentUrl\":\"https:\/\/secure.gravatar.com\/avatar\/8b41117f9780831919eb38da349c3f20?s=96&r=g\",\"caption\":\"Vanessa Loiola\"},\"description\":\"Jornalista formada pela PUC-SP, com experi\u00eancia na cobertura das editorias de economia, finan\u00e7as, bolsa de valores, pol\u00edtica, energia solar e entretenimento. Com passagem pela BM&amp;C News e RedeTV!\",\"url\":\"https:\/\/www.suno.com.br\/noticias\/author\/vanessal-loiolagmail-com\/\"}]}<\/script>\n<!-- \/ Yoast SEO plugin. -->","yoast_head_json":{"title":"Radar: Telef\u00f4nica (VIVT3) anuncia JCP milion\u00e1rio, P\u00e3o de A\u00e7\u00facar (PCAR3) dispara no Ibovespa","description":"Telef\u00f4nica (VIVT3) anuncia JCP milion\u00e1rio, P\u00e3o de A\u00e7\u00facar (PCAR3) dispara no Ibovespa e a\u00e7\u00f5es do Nubank (ROXO34) tem maior alta","robots":{"index":"index","follow":"follow","max-snippet":"max-snippet:-1","max-image-preview":"max-image-preview:large","max-video-preview":"max-video-preview:-1"},"canonical":"https:\/\/www.suno.com.br\/noticias\/radar-telefonica-vivt3-pao-de-acucar-pcar3-nubank-roxo34\/","og_locale":"pt_BR","og_type":"article","og_title":"Radar: Telef\u00f4nica (VIVT3) anuncia JCP milion\u00e1rio, P\u00e3o de A\u00e7\u00facar (PCAR3) dispara no Ibovespa","og_description":"Telef\u00f4nica (VIVT3) anuncia JCP milion\u00e1rio, P\u00e3o de A\u00e7\u00facar (PCAR3) dispara no Ibovespa e a\u00e7\u00f5es do Nubank (ROXO34) tem maior alta","og_url":"https:\/\/www.suno.com.br\/noticias\/radar-telefonica-vivt3-pao-de-acucar-pcar3-nubank-roxo34\/","og_site_name":"Suno Not\u00edcias","article_publisher":"https:\/\/facebook.com\/sunoresearch","og_image":[{"width":1280,"height":720,"url":"https:\/\/files.sunoresearch.com.br\/n\/uploads\/2020\/07\/a591b6cf-telefonica.jpg","type":"image\/jpeg"}],"author":"Vanessa Loiola","twitter_card":"summary_large_image","twitter_creator":"@sunoresearch","twitter_site":"@sunoresearch","twitter_misc":{"Escrito por":"Vanessa Loiola","Est. tempo de leitura":"10 minutos"},"schema":{"@context":"https:\/\/schema.org","@graph":[{"@type":"NewsArticle","@id":"https:\/\/www.suno.com.br\/noticias\/radar-telefonica-vivt3-pao-de-acucar-pcar3-nubank-roxo34\/#article","isPartOf":{"@id":"https:\/\/www.suno.com.br\/noticias\/radar-telefonica-vivt3-pao-de-acucar-pcar3-nubank-roxo34\/"},"author":{"name":"Vanessa Loiola","@id":"https:\/\/www.suno.com.br\/noticias\/#\/schema\/person\/450c455ecff319bab1f1a0e643451479"},"headline":"Radar: Telef\u00f4nica (VIVT3) anuncia JCP milion\u00e1rio, P\u00e3o de A\u00e7\u00facar (PCAR3) dispara no Ibovespa e a\u00e7\u00f5es do Nubank (ROXO34) tem maior alta","datePublished":"2023-09-12T00:42:42+00:00","dateModified":"2023-09-12T00:42:53+00:00","mainEntityOfPage":{"@id":"https:\/\/www.suno.com.br\/noticias\/radar-telefonica-vivt3-pao-de-acucar-pcar3-nubank-roxo34\/"},"wordCount":1924,"publisher":{"@id":"https:\/\/www.suno.com.br\/noticias\/#organization"},"image":{"@id":"https:\/\/www.suno.com.br\/noticias\/radar-telefonica-vivt3-pao-de-acucar-pcar3-nubank-roxo34\/#primaryimage"},"thumbnailUrl":"https:\/\/files.sunoresearch.com.br\/n\/uploads\/2020\/07\/a591b6cf-telefonica-jpg.webp","keywords":["Bradespar (BRAP3\/BRAP4)","Grupo P\u00e3o de A\u00e7\u00facar (PCAR3\/PCAR4)","ROXO34","Sabesp (SBSP3)","Telef\u00f4nica (VIVT3)"],"articleSection":["Neg\u00f3cios"],"inLanguage":"pt-BR"},{"@type":"WebPage","@id":"https:\/\/www.suno.com.br\/noticias\/radar-telefonica-vivt3-pao-de-acucar-pcar3-nubank-roxo34\/","url":"https:\/\/www.suno.com.br\/noticias\/radar-telefonica-vivt3-pao-de-acucar-pcar3-nubank-roxo34\/","name":"Radar: Telef\u00f4nica (VIVT3) anuncia JCP milion\u00e1rio, P\u00e3o de A\u00e7\u00facar (PCAR3) dispara no Ibovespa","isPartOf":{"@id":"https:\/\/www.suno.com.br\/noticias\/#website"},"primaryImageOfPage":{"@id":"https:\/\/www.suno.com.br\/noticias\/radar-telefonica-vivt3-pao-de-acucar-pcar3-nubank-roxo34\/#primaryimage"},"image":{"@id":"https:\/\/www.suno.com.br\/noticias\/radar-telefonica-vivt3-pao-de-acucar-pcar3-nubank-roxo34\/#primaryimage"},"thumbnailUrl":"https:\/\/files.sunoresearch.com.br\/n\/uploads\/2020\/07\/a591b6cf-telefonica-jpg.webp","datePublished":"2023-09-12T00:42:42+00:00","dateModified":"2023-09-12T00:42:53+00:00","description":"Telef\u00f4nica (VIVT3) anuncia JCP milion\u00e1rio, P\u00e3o de A\u00e7\u00facar (PCAR3) dispara no Ibovespa e a\u00e7\u00f5es do Nubank (ROXO34) tem maior alta","breadcrumb":{"@id":"https:\/\/www.suno.com.br\/noticias\/radar-telefonica-vivt3-pao-de-acucar-pcar3-nubank-roxo34\/#breadcrumb"},"inLanguage":"pt-BR","potentialAction":[{"@type":"ReadAction","target":["https:\/\/www.suno.com.br\/noticias\/radar-telefonica-vivt3-pao-de-acucar-pcar3-nubank-roxo34\/"]}]},{"@type":"ImageObject","inLanguage":"pt-BR","@id":"https:\/\/www.suno.com.br\/noticias\/radar-telefonica-vivt3-pao-de-acucar-pcar3-nubank-roxo34\/#primaryimage","url":"https:\/\/files.sunoresearch.com.br\/n\/uploads\/2020\/07\/a591b6cf-telefonica-jpg.webp","contentUrl":"https:\/\/files.sunoresearch.com.br\/n\/uploads\/2020\/07\/a591b6cf-telefonica-jpg.webp","width":1280,"height":720,"caption":"Telefonica (VIVT3). Foto: Divulga\u00e7\u00e3o"},{"@type":"BreadcrumbList","@id":"https:\/\/www.suno.com.br\/noticias\/radar-telefonica-vivt3-pao-de-acucar-pcar3-nubank-roxo34\/#breadcrumb","itemListElement":[{"@type":"ListItem","position":1,"name":"Not\u00edcias","item":"https:\/\/www.suno.com.br\/noticias\/"},{"@type":"ListItem","position":2,"name":"Neg\u00f3cios","item":"https:\/\/www.suno.com.br\/noticias\/negocios\/"},{"@type":"ListItem","position":3,"name":"Radar: Telef\u00f4nica (VIVT3) anuncia JCP milion\u00e1rio, P\u00e3o de A\u00e7\u00facar (PCAR3) dispara no Ibovespa e a\u00e7\u00f5es do Nubank (ROXO34) tem maior alta"}]},{"@type":"WebSite","@id":"https:\/\/www.suno.com.br\/noticias\/#website","url":"https:\/\/www.suno.com.br\/noticias\/","name":"Suno Not\u00edcias","description":"Seu portal de informa\u00e7\u00e3o sobre o mundo dos investimentos","publisher":{"@id":"https:\/\/www.suno.com.br\/noticias\/#organization"},"potentialAction":[{"@type":"SearchAction","target":{"@type":"EntryPoint","urlTemplate":"https:\/\/www.suno.com.br\/noticias\/?s={search_term_string}"},"query-input":{"@type":"PropertyValueSpecification","valueRequired":true,"valueName":"search_term_string"}}],"inLanguage":"pt-BR"},{"@type":"Organization","@id":"https:\/\/www.suno.com.br\/noticias\/#organization","name":"Suno Not\u00edcias","url":"https:\/\/www.suno.com.br\/noticias\/","logo":{"@type":"ImageObject","inLanguage":"pt-BR","@id":"https:\/\/www.suno.com.br\/noticias\/#\/schema\/logo\/image\/","url":"https:\/\/files.sunoresearch.com.br\/n\/uploads\/2021\/09\/suno-logo.png","contentUrl":"https:\/\/files.sunoresearch.com.br\/n\/uploads\/2021\/09\/suno-logo.png","width":180,"height":180,"caption":"Suno Not\u00edcias"},"image":{"@id":"https:\/\/www.suno.com.br\/noticias\/#\/schema\/logo\/image\/"},"sameAs":["https:\/\/facebook.com\/sunoresearch","https:\/\/x.com\/sunoresearch","https:\/\/www.instagram.com\/suno","https:\/\/www.linkedin.com\/company\/suno-research\/","https:\/\/www.youtube.com\/c\/sunoresearch"]},{"@type":"Person","@id":"https:\/\/www.suno.com.br\/noticias\/#\/schema\/person\/450c455ecff319bab1f1a0e643451479","name":"Vanessa Loiola","image":{"@type":"ImageObject","inLanguage":"pt-BR","@id":"https:\/\/www.suno.com.br\/noticias\/#\/schema\/person\/image\/","url":"https:\/\/secure.gravatar.com\/avatar\/8b41117f9780831919eb38da349c3f20?s=96&r=g","contentUrl":"https:\/\/secure.gravatar.com\/avatar\/8b41117f9780831919eb38da349c3f20?s=96&r=g","caption":"Vanessa Loiola"},"description":"Jornalista formada pela PUC-SP, com experi\u00eancia na cobertura das editorias de economia, finan\u00e7as, bolsa de valores, pol\u00edtica, energia solar e entretenimento. Com passagem pela BM&amp;C News e RedeTV!","url":"https:\/\/www.suno.com.br\/noticias\/author\/vanessal-loiolagmail-com\/"}]}},"default_loop_html":"<div class=\"cardsPage__listCard__boxs\"><div class=\"cardsPage__listCard__boxs__img\"><a href=\"https:\/\/www.suno.com.br\/noticias\/radar-telefonica-vivt3-pao-de-acucar-pcar3-nubank-roxo34\/\"><img class=\"mask\" src=\"https:\/\/www.suno.com.br\/noticias\/wp-content\/themes\/suno\/resources\/images\/spotlight\/spotlight1img\/bg-mask.png\" alt=\"Image Mask\"\/><img src=\"https:\/\/files.sunoresearch.com.br\/n\/uploads\/2020\/07\/a591b6cf-telefonica-400x200.webp\" alt=\"Radar: Telef\u00f4nica (VIVT3) anuncia JCP milion\u00e1rio, P\u00e3o de A\u00e7\u00facar (PCAR3) dispara no Ibovespa e a\u00e7\u00f5es do Nubank (ROXO34) tem maior alta\"\/><\/a><span class=\"spotlightCategory\"><a href=\"https:\/\/www.suno.com.br\/noticias\/negocios\/\">Neg\u00f3cios<\/a><\/span><\/div><div class=\"cardsPage__listCard__boxs__content\"><a href=\"https:\/\/www.suno.com.br\/noticias\/radar-telefonica-vivt3-pao-de-acucar-pcar3-nubank-roxo34\/\"><h2 class=\"content__title\">Radar: Telef\u00f4nica (VIVT3) anuncia JCP milion\u00e1rio, P\u00e3o de A\u00e7\u00facar (PCAR3) dispara no Ibovespa e a\u00e7\u00f5es do Nubank (ROXO34) tem maior alta<\/h2><\/a><div class=\"newsContent__article__meta\"><div class=\"newsContent__article__meta__authorBox\"><a href=\"https:\/\/www.suno.com.br\/noticias\/author\/vanessal-loiolagmail-com\/\" class=\"authorBox__avatar noMobi\"><img src=\"https:\/\/secure.gravatar.com\/avatar\/8b41117f9780831919eb38da349c3f20?s=96&#038;r=g\" alt=\"Vanessa Loiola\"><\/a><div class=\"authorBox__name\"><span>por\n\t\t\t<a href=\"https:\/\/www.suno.com.br\/noticias\/author\/vanessal-loiolagmail-com\/\"><span itemprop=\"author\">Vanessa Loiola<\/span><\/a><\/span><time datetime=\"2023-09-11T21:42:42-03:00\" itemprop=\"datePublished\">11\/09\/2023 21:42<\/time><\/div><\/div><\/div><\/div><\/div>","single_layout":"posts","amp_enabled":true,"_links":{"self":[{"href":"https:\/\/www.suno.com.br\/noticias\/wp-json\/wp\/v2\/posts\/454582"}],"collection":[{"href":"https:\/\/www.suno.com.br\/noticias\/wp-json\/wp\/v2\/posts"}],"about":[{"href":"https:\/\/www.suno.com.br\/noticias\/wp-json\/wp\/v2\/types\/post"}],"author":[{"embeddable":true,"href":"https:\/\/www.suno.com.br\/noticias\/wp-json\/wp\/v2\/users\/227"}],"replies":[{"embeddable":true,"href":"https:\/\/www.suno.com.br\/noticias\/wp-json\/wp\/v2\/comments?post=454582"}],"version-history":[{"count":3,"href":"https:\/\/www.suno.com.br\/noticias\/wp-json\/wp\/v2\/posts\/454582\/revisions"}],"predecessor-version":[{"id":454611,"href":"https:\/\/www.suno.com.br\/noticias\/wp-json\/wp\/v2\/posts\/454582\/revisions\/454611"}],"wp:featuredmedia":[{"embeddable":true,"href":"https:\/\/www.suno.com.br\/noticias\/wp-json\/wp\/v2\/media\/75216"}],"wp:attachment":[{"href":"https:\/\/www.suno.com.br\/noticias\/wp-json\/wp\/v2\/media?parent=454582"}],"wp:term":[{"taxonomy":"category","embeddable":true,"href":"https:\/\/www.suno.com.br\/noticias\/wp-json\/wp\/v2\/categories?post=454582"},{"taxonomy":"post_tag","embeddable":true,"href":"https:\/\/www.suno.com.br\/noticias\/wp-json\/wp\/v2\/tags?post=454582"},{"taxonomy":"suno_strategy","embeddable":true,"href":"https:\/\/www.suno.com.br\/noticias\/wp-json\/wp\/v2\/suno_strategy?post=454582"}],"curies":[{"name":"wp","href":"https:\/\/api.w.org\/{rel}","templated":true}]}}