{"id":454557,"date":"2023-09-12T08:20:44","date_gmt":"2023-09-12T11:20:44","guid":{"rendered":"https:\/\/www.suno.com.br\/noticias\/?p=454557"},"modified":"2023-09-12T08:20:50","modified_gmt":"2023-09-12T11:20:50","slug":"diesel-preco-medio-anp-gpj","status":"publish","type":"post","link":"https:\/\/www.suno.com.br\/noticias\/diesel-preco-medio-anp-gpj\/","title":{"rendered":"Diesel: pre\u00e7o m\u00e9dio nos postos sobe a R$ 6,18 por litro, diz ANP"},"content":{"rendered":"<p>O <a href=\"https:\/\/www.suno.com.br\/artigos\/preco-medio\/\">pre\u00e7o m\u00e9dio<\/a> do <strong>diesel<\/strong> S-10 nos postos de abastecimento pelo pa\u00eds teve nova alta de 0,8%, saltando para R$ 6,18 por litro entre os dias 3 e 9 de setembro. Foi a sexta semana seguida de aumento no pre\u00e7o m\u00e9dio do combust\u00edvel para os consumidores, segundo informa\u00e7\u00f5es da Ag\u00eancia Nacional de Petr\u00f3leo, G\u00e1s Natural e Bicombust\u00edveis (ANP).<\/p>\t<div class=\"wrapper-featured-image\">\n\t\t<figure class=\"spotlightImg\">\n\n\t\t\t<picture>\n\t\t\t\t<source media=\"(max-width: 768px)\" srcset=\"https:\/\/files.sunoresearch.com.br\/n\/uploads\/2023\/09\/refuel-2157211_1280-400x200.jpg\">\n\t\t\t\t<img loading=\"lazy\" decoding=\"async\" class=\"newsContent__article__imgCapa lazyloadDisabled \" src=\"https:\/\/files.sunoresearch.com.br\/n\/uploads\/2023\/09\/refuel-2157211_1280-800x450.jpg\" width=\"800\" height=\"450\" alt=\"Diesel: pre\u00e7o m\u00e9dio nos postos sobe a R$ 6,18 por litro, diz ANP\" fetchpriority=high \/>\n\t\t\t<\/picture>\n\n\t\t\t<figcaption class=\"wp-caption-text wp-caption-text--show\">Diesel. Foto: Pixabay<\/figcaption>\n\t\t<\/figure>\n\t<\/div>\n\n\n\n\n\n\n\n\t<p>\n\t\t<a href=\"https:\/\/lp.suno.com.br\/planilha-da-vida-financeira\/\" target=\"_blank\" data-element=\"shortcode-suno-banner\" title=\"Banner SUNO, clique e saiba mais\">\n\t\t\t<picture>\n\t\t\t\t<source media=\"(max-width: 500px)\" srcset=\"https:\/\/files.sunoresearch.com.br\/n\/uploads\/2023\/04\/400x300-Planilha-vida-financeira-true.png\">\n\t\t\t\t<img class=\"newsContent__article__imgCapa newsContent__article__imgCapa--banner\"\n\t\t\t\t\tsrc=\"https:\/\/files.sunoresearch.com.br\/n\/uploads\/2023\/04\/1420x240-Planilha-vida-financeira-true.png\"\n\t\t\t\t\tdata-promo-id=\"383123\"\t\t\t\t\t\t\t\t\t\twidth='1420' height='240'\t\t\t\t\talt=\"https:\/\/files.sunoresearch.com.br\/n\/uploads\/2023\/04\/1420x240-Planilha-vida-financeira-true.png\"\n\t\t\t\t>\n\t\t\t<\/picture>\n\t\t<\/a>\n\t<\/p>\n\n\n\n\n\n<p>Nos sete dias anteriores, o produto custou, na m\u00e9dia nacional, R$ 6,13 ao consumidor final.<\/p>\n\n\n\n<p>Desta vez, pesou no pre\u00e7o a volta de parte dos impostos federais <strong>PIS\/Cofins<\/strong>. A al\u00edquota, que estava zerada desde meados de 2022, passou a R$ 0,11 por litro em 5 de setembro e, em outubro, o governo subir\u00e1 essa parcela para R$ 0,13. H\u00e1 tamb\u00e9m retomada da cobran\u00e7a sobre o biodiesel, que representa 12% da mistura vendida nos postos.<\/p>\n\n\n\n<p>Nas semanas anteriores, a alta de pre\u00e7os do diesel S-10 foi animada pelo reajuste de 25,8% ou R$ 0,78 por litro <a href=\"https:\/\/www.suno.com.br\/noticias\/petrobras-petr4-novo-reajuste-preco-gasolina-fb\/\" target=\"_blank\" rel=\"noreferrer noopener\">aplicado pela Petrobras nas refinarias em 15 de agosto<\/a>, o que foi gradualmente absorvido pelo varejo.<\/p>\n\n\n\t<div data-element=\"shortcode-read-more\" class=\"knowMore\">\n\t\t\t\t<span class=\"knowMore__title\">Leia mais<\/span>\n\t\t\t\t<a class=\"knowMore__link\" href=\"https:\/\/www.suno.com.br\/noticias\/diesel-mais-caro-combustivel-gpj\/\">\n\t\t\tDiesel fica mais caro a partir desta ter\u00e7a-feira (5); saiba por qu\u00ea\t\t<\/a>\n\t<\/div>\n\n\n\n\n<h2 class=\"wp-block-heading\">Gasolina<\/h2>\n\n\n\n<p>Tamb\u00e9m de acordo com a ANP, o <a href=\"https:\/\/www.suno.com.br\/artigos\/preco-medio\/\">pre\u00e7o m\u00e9dio<\/a> da gasolina nos postos ficou pr\u00f3ximo da estabilidade na semana entre 3 e 9 de setembro. Pela segunda semana seguida, a gasolina caiu R$ 0,01 ou 0,1%, para R$ 5,86 por litro. <\/p>\n\n\n\n<p>Na pen\u00faltima semana de agosto, a gasolina teve alta de 4% no varejo, ligada ao reajuste da Petrobras em suas refinarias (16,2%) em 15 de agosto. Ent\u00e3o, o insumo havia chegado ao maior pre\u00e7o em um ano de medi\u00e7\u00f5es da ANP, R$ 5,88.<\/p>\n\n\n\n<p>A estabilidade, em setembro, pode ser explicada por um ajuste natural de pre\u00e7os ligado \u00e0 l\u00f3gica concorrencial do varejo, comum depois de grandes saltos.<\/p>\n\n\n\n<p>O <strong>etanol anidro<\/strong>, que comp\u00f5e 27,5% da mistura da gasolina comum e teve leve alta, mas n\u00e3o o suficiente para impactar o pre\u00e7o final do combust\u00edvel nos postos. O insumo subiu 0,41%, para R$ 2,53 nas usinas paulistas nos sete dias at\u00e9 8 de setembro, informou o Centro de Estudos Avan\u00e7ados em Economia Aplicada da Escola Superior de Agricultura da<strong> Universidade de S\u00e3o Paulo<\/strong> (Cepea\/Esalq-USP).<\/p>\n\n\n\n<p>Essa alta veio ap\u00f3s seguidas semanas de recuo nos pre\u00e7os, que ajudaram a segurar a gasolina. Em pouco mais de tr\u00eas meses, desde 9 de junho, o litro do etanol anidro recuou 15,3%.<\/p>\n\n\n\n<h2 class=\"wp-block-heading\">GLP<\/h2>\n\n\n\n<p>Ainda segundo a ANP, o g\u00e1s liquefeito de petr\u00f3leo (GLP), ou <strong>g\u00e1s de cozinha<\/strong>, apresentou leve alta, de 0,1%, no <a href=\"https:\/\/www.suno.com.br\/artigos\/preco-medio\/\">pre\u00e7o m\u00e9dio<\/a> do botij\u00e3o de 13 quilos essa semana. O produto passou a custar R$ 100,85 na m\u00e9dia nacional, ante R$ 100,69 na semana anterior.<\/p>\n\n\n\t<p>\n\t\t<a href=\"https:\/\/lp.suno.com.br\/ebook-10-livros\/\" target=\"_blank\" data-element=\"shortcode-suno-banner\" title=\"Banner SUNO, clique e saiba mais\">\n\t\t\t<picture>\n\t\t\t\t<source media=\"(max-width: 500px)\" srcset=\"https:\/\/files.sunoresearch.com.br\/n\/uploads\/2023\/03\/400x300-10-livros.png\">\n\t\t\t\t<img class=\"newsContent__article__imgCapa newsContent__article__imgCapa--banner\"\n\t\t\t\t\tsrc=\"https:\/\/files.sunoresearch.com.br\/n\/uploads\/2023\/03\/1420x240-10-livros.png\"\n\t\t\t\t\tdata-promo-id=\"383159\"\t\t\t\t\t\t\t\t\t\twidth='1420' height='240'\t\t\t\t\talt=\"https:\/\/files.sunoresearch.com.br\/n\/uploads\/2023\/03\/1420x240-10-livros.png\"\n\t\t\t\t>\n\t\t\t<\/picture>\n\t\t<\/a>\n\t<\/p>\n\n\n\n\n\n<h2 class=\"wp-block-heading\">Petrobras (PETR4): pre\u00e7os da gasolina ficam defasados em 14%, diz CBIE<\/h2>\n\n\n\n<p>Dados divulgados pelo Centro Brasileiro de Infraestrutura (CBIE) nesta segunda-feira (11) mostram que os pre\u00e7os da gasolina da\u00a0Petrobras\u00a0e do diesel no Brasil ficaram defasados em rela\u00e7\u00e3o \u00e0 cota\u00e7\u00e3o internacional em 14,28% e 15,37%, respectivamente.<\/p>\n\n\n\n<p>Por outro lado, o GLP apresentou avan\u00e7o de 8,07% em rela\u00e7\u00e3o ao pre\u00e7o internacional.<\/p>\n\n\n\n<p>Segundo o CBIE, com base no <a href=\"https:\/\/www.suno.com.br\/artigos\/fechamento-do-mercado\/\">fechamento do mercado<\/a> da \u00faltima sexta-feira (8), os contratos futuros do petr\u00f3leo e seus derivados tiveram ganhos modestos, sendo que a principal influ\u00eancia sobre as negocia\u00e7\u00f5es da\u00a0<strong>commodity<\/strong>\u00a0foram os an\u00fancios de prorroga\u00e7\u00e3o dos cortes de produ\u00e7\u00e3o da\u00a0<strong>Ar\u00e1bia Saudita<\/strong>\u00a0e\u00a0<strong>R\u00fassia<\/strong>, que anunciaram a medida no in\u00edcio da semana.<\/p>\n\n\n\n<p>\u201cCom isso, a oferta dos dois maiores exportadores de petr\u00f3leo do mundo estar\u00e1 reduzida at\u00e9 o fim de 2023, pressionando o equil\u00edbrio dos mercados internacionais\u201d, destacou.<\/p>\n\n\n\n<p>Ainda de acordo com a entidade, outro fator de suporte para a cota\u00e7\u00e3o do barril foi a queda observada nos estoques comerciais de<strong>&nbsp;petr\u00f3leo dos Estados Unidos<\/strong>. \u201cO Weekly Petroleum Status Report, da U.S. Energy Information Agency, trouxe uma redu\u00e7\u00e3o de 6,3 milh\u00f5es de barris, levando os invent\u00e1rios ao patamar mais baixo dos \u00faltimos 9 meses\u201d, acrescentou o CBIE.<\/p>\n\n\n\n<p>Vale lembrar que a Petrobras anunciou um aumento de R$ 0,41 por litro no\u00a0<a href=\"https:\/\/www.suno.com.br\/artigos\/preco-medio\/\" target=\"_blank\" rel=\"noreferrer noopener\">pre\u00e7o m\u00e9dio<\/a>\u00a0da gasolina tipo A para as distribuidoras\u00a0e de R$ 0,78 para o\u00a0<strong>diesel <\/strong>do tipo A\u00a0no \u00faltimo dia 15 de agosto.\u00a0<a href=\"https:\/\/www.suno.com.br\/noticias\/petrobras-petr4-novo-reajuste-preco-gasolina-fb\/\" target=\"_blank\" rel=\"noreferrer noopener\">As mudan\u00e7as come\u00e7aram a valer no dia seguinte.<\/a><\/p>\n\n\n\n<p><em>Com informa\u00e7\u00f5es de Estad\u00e3o Conte\u00fado<\/em><\/p>\n\n\n\t<p>\n\t\t<a href=\"https:\/\/lp.suno.com.br\/planilha-da-vida-financeira\/\" target=\"_blank\" data-element=\"shortcode-suno-banner\" title=\"Banner SUNO, clique e saiba mais\">\n\t\t\t<picture>\n\t\t\t\t<source media=\"(max-width: 500px)\" srcset=\"https:\/\/files.sunoresearch.com.br\/n\/uploads\/2023\/04\/400x300-Planilha-vida-financeira-true.png\">\n\t\t\t\t<img class=\"newsContent__article__imgCapa newsContent__article__imgCapa--banner\"\n\t\t\t\t\tsrc=\"https:\/\/files.sunoresearch.com.br\/n\/uploads\/2023\/04\/1420x240-Planilha-vida-financeira-true.png\"\n\t\t\t\t\tdata-promo-id=\"383123\"\t\t\t\t\t\t\t\t\t\twidth='1420' height='240'\t\t\t\t\talt=\"https:\/\/files.sunoresearch.com.br\/n\/uploads\/2023\/04\/1420x240-Planilha-vida-financeira-true.png\"\n\t\t\t\t>\n\t\t\t<\/picture>\n\t\t<\/a>\n\t<\/p>\n\n\n","protected":false},"excerpt":{"rendered":"<p>O pre\u00e7o m\u00e9dio do diesel S-10 nos postos de abastecimento pelo pa\u00eds teve nova alta de 0,8%, saltando para R$ 6,18 por litro entre os dias 3 e 9 de setembro. Foi a sexta semana seguida de aumento no pre\u00e7o m\u00e9dio do combust\u00edvel para os consumidores, segundo informa\u00e7\u00f5es da Ag\u00eancia Nacional de Petr\u00f3leo, G\u00e1s Natural [&hellip;]<\/p>\n","protected":false},"author":313,"featured_media":454665,"comment_status":"closed","ping_status":"closed","sticky":false,"template":"","format":"standard","meta":[],"categories":[65],"tags":[1437],"suno_strategy":[],"class_list":["post-454557","post","type-post","status-publish","format-standard","has-post-thumbnail","hentry","category-financas-pessoais","tag-combustiveis"],"yoast_head":"<!-- This site is optimized with the Yoast SEO plugin v24.4 - https:\/\/yoast.com\/wordpress\/plugins\/seo\/ -->\n<title>Diesel: pre\u00e7o m\u00e9dio nos postos sobe a R$ 6,18 por litro, diz ANP<\/title>\n<meta name=\"description\" content=\"Foi a sexta semana seguida de aumento no pre\u00e7o m\u00e9dio do diesel para os consumidores, segundo informa\u00e7\u00f5es da ANP. Saiba mais!\" \/>\n<meta name=\"robots\" content=\"index, follow, max-snippet:-1, max-image-preview:large, max-video-preview:-1\" \/>\n<link rel=\"canonical\" href=\"https:\/\/www.suno.com.br\/noticias\/diesel-preco-medio-anp-gpj\/\" \/>\n<meta property=\"og:locale\" content=\"pt_BR\" \/>\n<meta property=\"og:type\" content=\"article\" \/>\n<meta property=\"og:title\" content=\"Diesel: pre\u00e7o m\u00e9dio nos postos sobe a R$ 6,18 por litro, diz ANP\" \/>\n<meta property=\"og:description\" content=\"Foi a sexta semana seguida de aumento no pre\u00e7o m\u00e9dio do diesel para os consumidores, segundo informa\u00e7\u00f5es da ANP. Saiba mais!\" \/>\n<meta property=\"og:url\" content=\"https:\/\/www.suno.com.br\/noticias\/diesel-preco-medio-anp-gpj\/\" \/>\n<meta property=\"og:site_name\" content=\"Suno Not\u00edcias\" \/>\n<meta property=\"article:publisher\" content=\"https:\/\/facebook.com\/sunoresearch\" \/>\n<meta property=\"og:image\" content=\"https:\/\/files.sunoresearch.com.br\/n\/uploads\/2023\/09\/refuel-2157211_1280.jpg\" \/>\n\t<meta property=\"og:image:width\" content=\"1280\" \/>\n\t<meta property=\"og:image:height\" content=\"850\" \/>\n\t<meta property=\"og:image:type\" content=\"image\/jpeg\" \/>\n<meta name=\"author\" content=\"Giovanni Porf\u00edrio Jacomino\" \/>\n<meta name=\"twitter:card\" content=\"summary_large_image\" \/>\n<meta name=\"twitter:creator\" content=\"@sunoresearch\" \/>\n<meta name=\"twitter:site\" content=\"@sunoresearch\" \/>\n<meta name=\"twitter:label1\" content=\"Escrito por\" \/>\n\t<meta name=\"twitter:data1\" content=\"Giovanni Porf\u00edrio Jacomino\" \/>\n\t<meta name=\"twitter:label2\" content=\"Est. tempo de leitura\" \/>\n\t<meta name=\"twitter:data2\" content=\"4 minutos\" \/>\n<script type=\"application\/ld+json\" class=\"yoast-schema-graph\">{\"@context\":\"https:\/\/schema.org\",\"@graph\":[{\"@type\":\"NewsArticle\",\"@id\":\"https:\/\/www.suno.com.br\/noticias\/diesel-preco-medio-anp-gpj\/#article\",\"isPartOf\":{\"@id\":\"https:\/\/www.suno.com.br\/noticias\/diesel-preco-medio-anp-gpj\/\"},\"author\":{\"name\":\"Giovanni Porf\u00edrio Jacomino\",\"@id\":\"https:\/\/www.suno.com.br\/noticias\/#\/schema\/person\/d0f32748bbca4bee871fa191ee4e2d40\"},\"headline\":\"Diesel: pre\u00e7o m\u00e9dio nos postos sobe a R$ 6,18 por litro, diz ANP\",\"datePublished\":\"2023-09-12T11:20:44+00:00\",\"dateModified\":\"2023-09-12T11:20:50+00:00\",\"mainEntityOfPage\":{\"@id\":\"https:\/\/www.suno.com.br\/noticias\/diesel-preco-medio-anp-gpj\/\"},\"wordCount\":730,\"publisher\":{\"@id\":\"https:\/\/www.suno.com.br\/noticias\/#organization\"},\"image\":{\"@id\":\"https:\/\/www.suno.com.br\/noticias\/diesel-preco-medio-anp-gpj\/#primaryimage\"},\"thumbnailUrl\":\"https:\/\/files.sunoresearch.com.br\/n\/uploads\/2023\/09\/refuel-2157211_1280.jpg\",\"keywords\":[\"combust\u00edveis\"],\"articleSection\":[\"Finan\u00e7as Pessoais\"],\"inLanguage\":\"pt-BR\"},{\"@type\":\"WebPage\",\"@id\":\"https:\/\/www.suno.com.br\/noticias\/diesel-preco-medio-anp-gpj\/\",\"url\":\"https:\/\/www.suno.com.br\/noticias\/diesel-preco-medio-anp-gpj\/\",\"name\":\"Diesel: pre\u00e7o m\u00e9dio nos postos sobe a R$ 6,18 por litro, diz ANP\",\"isPartOf\":{\"@id\":\"https:\/\/www.suno.com.br\/noticias\/#website\"},\"primaryImageOfPage\":{\"@id\":\"https:\/\/www.suno.com.br\/noticias\/diesel-preco-medio-anp-gpj\/#primaryimage\"},\"image\":{\"@id\":\"https:\/\/www.suno.com.br\/noticias\/diesel-preco-medio-anp-gpj\/#primaryimage\"},\"thumbnailUrl\":\"https:\/\/files.sunoresearch.com.br\/n\/uploads\/2023\/09\/refuel-2157211_1280.jpg\",\"datePublished\":\"2023-09-12T11:20:44+00:00\",\"dateModified\":\"2023-09-12T11:20:50+00:00\",\"description\":\"Foi a sexta semana seguida de aumento no pre\u00e7o m\u00e9dio do diesel para os consumidores, segundo informa\u00e7\u00f5es da ANP. Saiba mais!\",\"breadcrumb\":{\"@id\":\"https:\/\/www.suno.com.br\/noticias\/diesel-preco-medio-anp-gpj\/#breadcrumb\"},\"inLanguage\":\"pt-BR\",\"potentialAction\":[{\"@type\":\"ReadAction\",\"target\":[\"https:\/\/www.suno.com.br\/noticias\/diesel-preco-medio-anp-gpj\/\"]}]},{\"@type\":\"ImageObject\",\"inLanguage\":\"pt-BR\",\"@id\":\"https:\/\/www.suno.com.br\/noticias\/diesel-preco-medio-anp-gpj\/#primaryimage\",\"url\":\"https:\/\/files.sunoresearch.com.br\/n\/uploads\/2023\/09\/refuel-2157211_1280.jpg\",\"contentUrl\":\"https:\/\/files.sunoresearch.com.br\/n\/uploads\/2023\/09\/refuel-2157211_1280.jpg\",\"width\":1280,\"height\":850,\"caption\":\"Diesel. Foto: Pixabay\"},{\"@type\":\"BreadcrumbList\",\"@id\":\"https:\/\/www.suno.com.br\/noticias\/diesel-preco-medio-anp-gpj\/#breadcrumb\",\"itemListElement\":[{\"@type\":\"ListItem\",\"position\":1,\"name\":\"Not\u00edcias\",\"item\":\"https:\/\/www.suno.com.br\/noticias\/\"},{\"@type\":\"ListItem\",\"position\":2,\"name\":\"Finan\u00e7as Pessoais\",\"item\":\"https:\/\/www.suno.com.br\/noticias\/financas-pessoais\/\"},{\"@type\":\"ListItem\",\"position\":3,\"name\":\"Diesel: pre\u00e7o m\u00e9dio nos postos sobe a R$ 6,18 por litro, diz ANP\"}]},{\"@type\":\"WebSite\",\"@id\":\"https:\/\/www.suno.com.br\/noticias\/#website\",\"url\":\"https:\/\/www.suno.com.br\/noticias\/\",\"name\":\"Suno Not\u00edcias\",\"description\":\"Seu portal de informa\u00e7\u00e3o sobre o mundo dos investimentos\",\"publisher\":{\"@id\":\"https:\/\/www.suno.com.br\/noticias\/#organization\"},\"potentialAction\":[{\"@type\":\"SearchAction\",\"target\":{\"@type\":\"EntryPoint\",\"urlTemplate\":\"https:\/\/www.suno.com.br\/noticias\/?s={search_term_string}\"},\"query-input\":{\"@type\":\"PropertyValueSpecification\",\"valueRequired\":true,\"valueName\":\"search_term_string\"}}],\"inLanguage\":\"pt-BR\"},{\"@type\":\"Organization\",\"@id\":\"https:\/\/www.suno.com.br\/noticias\/#organization\",\"name\":\"Suno Not\u00edcias\",\"url\":\"https:\/\/www.suno.com.br\/noticias\/\",\"logo\":{\"@type\":\"ImageObject\",\"inLanguage\":\"pt-BR\",\"@id\":\"https:\/\/www.suno.com.br\/noticias\/#\/schema\/logo\/image\/\",\"url\":\"https:\/\/files.sunoresearch.com.br\/n\/uploads\/2021\/09\/suno-logo.png\",\"contentUrl\":\"https:\/\/files.sunoresearch.com.br\/n\/uploads\/2021\/09\/suno-logo.png\",\"width\":180,\"height\":180,\"caption\":\"Suno Not\u00edcias\"},\"image\":{\"@id\":\"https:\/\/www.suno.com.br\/noticias\/#\/schema\/logo\/image\/\"},\"sameAs\":[\"https:\/\/facebook.com\/sunoresearch\",\"https:\/\/x.com\/sunoresearch\",\"https:\/\/www.instagram.com\/suno\",\"https:\/\/www.linkedin.com\/company\/suno-research\/\",\"https:\/\/www.youtube.com\/c\/sunoresearch\"]},{\"@type\":\"Person\",\"@id\":\"https:\/\/www.suno.com.br\/noticias\/#\/schema\/person\/d0f32748bbca4bee871fa191ee4e2d40\",\"name\":\"Giovanni Porf\u00edrio Jacomino\",\"image\":{\"@type\":\"ImageObject\",\"inLanguage\":\"pt-BR\",\"@id\":\"https:\/\/www.suno.com.br\/noticias\/#\/schema\/person\/image\/\",\"url\":\"https:\/\/secure.gravatar.com\/avatar\/efb32e19b730a121cb7a80f41ffec01a?s=96&r=g\",\"contentUrl\":\"https:\/\/secure.gravatar.com\/avatar\/efb32e19b730a121cb7a80f41ffec01a?s=96&r=g\",\"caption\":\"Giovanni Porf\u00edrio Jacomino\"},\"description\":\"Giovanni Porf\u00edrio Jacomino \u00e9 jornalista formado pela Universidade Estadual de Londrina (UEL) e p\u00f3s-graduado em Produ\u00e7\u00e3o e Pr\u00e1ticas Jornal\u00edsticas na Contemporaneidade na Faculdade C\u00e1sper L\u00edbero (FCL). Foi editor web no Startupi e no Finsiders, atuando ainda como editor no TC Mover, portal de not\u00edcias da TradersClub, fazendo a cobertura de assuntos relacionados ao mercado financeiro interno e externo. Atualmente, \u00e9 Rep\u00f3rter do Suno Not\u00edcias.\",\"url\":\"https:\/\/www.suno.com.br\/noticias\/author\/giovanni-porfiriosuno-com-br\/\"}]}<\/script>\n<!-- \/ Yoast SEO plugin. -->","yoast_head_json":{"title":"Diesel: pre\u00e7o m\u00e9dio nos postos sobe a R$ 6,18 por litro, diz ANP","description":"Foi a sexta semana seguida de aumento no pre\u00e7o m\u00e9dio do diesel para os consumidores, segundo informa\u00e7\u00f5es da ANP. Saiba mais!","robots":{"index":"index","follow":"follow","max-snippet":"max-snippet:-1","max-image-preview":"max-image-preview:large","max-video-preview":"max-video-preview:-1"},"canonical":"https:\/\/www.suno.com.br\/noticias\/diesel-preco-medio-anp-gpj\/","og_locale":"pt_BR","og_type":"article","og_title":"Diesel: pre\u00e7o m\u00e9dio nos postos sobe a R$ 6,18 por litro, diz ANP","og_description":"Foi a sexta semana seguida de aumento no pre\u00e7o m\u00e9dio do diesel para os consumidores, segundo informa\u00e7\u00f5es da ANP. Saiba mais!","og_url":"https:\/\/www.suno.com.br\/noticias\/diesel-preco-medio-anp-gpj\/","og_site_name":"Suno Not\u00edcias","article_publisher":"https:\/\/facebook.com\/sunoresearch","og_image":[{"width":1280,"height":850,"url":"https:\/\/files.sunoresearch.com.br\/n\/uploads\/2023\/09\/refuel-2157211_1280.jpg","type":"image\/jpeg"}],"author":"Giovanni Porf\u00edrio Jacomino","twitter_card":"summary_large_image","twitter_creator":"@sunoresearch","twitter_site":"@sunoresearch","twitter_misc":{"Escrito por":"Giovanni Porf\u00edrio Jacomino","Est. tempo de leitura":"4 minutos"},"schema":{"@context":"https:\/\/schema.org","@graph":[{"@type":"NewsArticle","@id":"https:\/\/www.suno.com.br\/noticias\/diesel-preco-medio-anp-gpj\/#article","isPartOf":{"@id":"https:\/\/www.suno.com.br\/noticias\/diesel-preco-medio-anp-gpj\/"},"author":{"name":"Giovanni Porf\u00edrio Jacomino","@id":"https:\/\/www.suno.com.br\/noticias\/#\/schema\/person\/d0f32748bbca4bee871fa191ee4e2d40"},"headline":"Diesel: pre\u00e7o m\u00e9dio nos postos sobe a R$ 6,18 por litro, diz ANP","datePublished":"2023-09-12T11:20:44+00:00","dateModified":"2023-09-12T11:20:50+00:00","mainEntityOfPage":{"@id":"https:\/\/www.suno.com.br\/noticias\/diesel-preco-medio-anp-gpj\/"},"wordCount":730,"publisher":{"@id":"https:\/\/www.suno.com.br\/noticias\/#organization"},"image":{"@id":"https:\/\/www.suno.com.br\/noticias\/diesel-preco-medio-anp-gpj\/#primaryimage"},"thumbnailUrl":"https:\/\/files.sunoresearch.com.br\/n\/uploads\/2023\/09\/refuel-2157211_1280.jpg","keywords":["combust\u00edveis"],"articleSection":["Finan\u00e7as Pessoais"],"inLanguage":"pt-BR"},{"@type":"WebPage","@id":"https:\/\/www.suno.com.br\/noticias\/diesel-preco-medio-anp-gpj\/","url":"https:\/\/www.suno.com.br\/noticias\/diesel-preco-medio-anp-gpj\/","name":"Diesel: pre\u00e7o m\u00e9dio nos postos sobe a R$ 6,18 por litro, diz ANP","isPartOf":{"@id":"https:\/\/www.suno.com.br\/noticias\/#website"},"primaryImageOfPage":{"@id":"https:\/\/www.suno.com.br\/noticias\/diesel-preco-medio-anp-gpj\/#primaryimage"},"image":{"@id":"https:\/\/www.suno.com.br\/noticias\/diesel-preco-medio-anp-gpj\/#primaryimage"},"thumbnailUrl":"https:\/\/files.sunoresearch.com.br\/n\/uploads\/2023\/09\/refuel-2157211_1280.jpg","datePublished":"2023-09-12T11:20:44+00:00","dateModified":"2023-09-12T11:20:50+00:00","description":"Foi a sexta semana seguida de aumento no pre\u00e7o m\u00e9dio do diesel para os consumidores, segundo informa\u00e7\u00f5es da ANP. Saiba mais!","breadcrumb":{"@id":"https:\/\/www.suno.com.br\/noticias\/diesel-preco-medio-anp-gpj\/#breadcrumb"},"inLanguage":"pt-BR","potentialAction":[{"@type":"ReadAction","target":["https:\/\/www.suno.com.br\/noticias\/diesel-preco-medio-anp-gpj\/"]}]},{"@type":"ImageObject","inLanguage":"pt-BR","@id":"https:\/\/www.suno.com.br\/noticias\/diesel-preco-medio-anp-gpj\/#primaryimage","url":"https:\/\/files.sunoresearch.com.br\/n\/uploads\/2023\/09\/refuel-2157211_1280.jpg","contentUrl":"https:\/\/files.sunoresearch.com.br\/n\/uploads\/2023\/09\/refuel-2157211_1280.jpg","width":1280,"height":850,"caption":"Diesel. Foto: Pixabay"},{"@type":"BreadcrumbList","@id":"https:\/\/www.suno.com.br\/noticias\/diesel-preco-medio-anp-gpj\/#breadcrumb","itemListElement":[{"@type":"ListItem","position":1,"name":"Not\u00edcias","item":"https:\/\/www.suno.com.br\/noticias\/"},{"@type":"ListItem","position":2,"name":"Finan\u00e7as Pessoais","item":"https:\/\/www.suno.com.br\/noticias\/financas-pessoais\/"},{"@type":"ListItem","position":3,"name":"Diesel: pre\u00e7o m\u00e9dio nos postos sobe a R$ 6,18 por litro, diz ANP"}]},{"@type":"WebSite","@id":"https:\/\/www.suno.com.br\/noticias\/#website","url":"https:\/\/www.suno.com.br\/noticias\/","name":"Suno Not\u00edcias","description":"Seu portal de informa\u00e7\u00e3o sobre o mundo dos investimentos","publisher":{"@id":"https:\/\/www.suno.com.br\/noticias\/#organization"},"potentialAction":[{"@type":"SearchAction","target":{"@type":"EntryPoint","urlTemplate":"https:\/\/www.suno.com.br\/noticias\/?s={search_term_string}"},"query-input":{"@type":"PropertyValueSpecification","valueRequired":true,"valueName":"search_term_string"}}],"inLanguage":"pt-BR"},{"@type":"Organization","@id":"https:\/\/www.suno.com.br\/noticias\/#organization","name":"Suno Not\u00edcias","url":"https:\/\/www.suno.com.br\/noticias\/","logo":{"@type":"ImageObject","inLanguage":"pt-BR","@id":"https:\/\/www.suno.com.br\/noticias\/#\/schema\/logo\/image\/","url":"https:\/\/files.sunoresearch.com.br\/n\/uploads\/2021\/09\/suno-logo.png","contentUrl":"https:\/\/files.sunoresearch.com.br\/n\/uploads\/2021\/09\/suno-logo.png","width":180,"height":180,"caption":"Suno Not\u00edcias"},"image":{"@id":"https:\/\/www.suno.com.br\/noticias\/#\/schema\/logo\/image\/"},"sameAs":["https:\/\/facebook.com\/sunoresearch","https:\/\/x.com\/sunoresearch","https:\/\/www.instagram.com\/suno","https:\/\/www.linkedin.com\/company\/suno-research\/","https:\/\/www.youtube.com\/c\/sunoresearch"]},{"@type":"Person","@id":"https:\/\/www.suno.com.br\/noticias\/#\/schema\/person\/d0f32748bbca4bee871fa191ee4e2d40","name":"Giovanni Porf\u00edrio Jacomino","image":{"@type":"ImageObject","inLanguage":"pt-BR","@id":"https:\/\/www.suno.com.br\/noticias\/#\/schema\/person\/image\/","url":"https:\/\/secure.gravatar.com\/avatar\/efb32e19b730a121cb7a80f41ffec01a?s=96&r=g","contentUrl":"https:\/\/secure.gravatar.com\/avatar\/efb32e19b730a121cb7a80f41ffec01a?s=96&r=g","caption":"Giovanni Porf\u00edrio Jacomino"},"description":"Giovanni Porf\u00edrio Jacomino \u00e9 jornalista formado pela Universidade Estadual de Londrina (UEL) e p\u00f3s-graduado em Produ\u00e7\u00e3o e Pr\u00e1ticas Jornal\u00edsticas na Contemporaneidade na Faculdade C\u00e1sper L\u00edbero (FCL). Foi editor web no Startupi e no Finsiders, atuando ainda como editor no TC Mover, portal de not\u00edcias da TradersClub, fazendo a cobertura de assuntos relacionados ao mercado financeiro interno e externo. Atualmente, \u00e9 Rep\u00f3rter do Suno Not\u00edcias.","url":"https:\/\/www.suno.com.br\/noticias\/author\/giovanni-porfiriosuno-com-br\/"}]}},"default_loop_html":"<div class=\"cardsPage__listCard__boxs\"><div class=\"cardsPage__listCard__boxs__img\"><a href=\"https:\/\/www.suno.com.br\/noticias\/diesel-preco-medio-anp-gpj\/\"><img class=\"mask\" src=\"https:\/\/www.suno.com.br\/noticias\/wp-content\/themes\/suno\/resources\/images\/spotlight\/spotlight1img\/bg-mask.png\" alt=\"Image Mask\"\/><img src=\"https:\/\/files.sunoresearch.com.br\/n\/uploads\/2023\/09\/refuel-2157211_1280-400x200.jpg\" alt=\"Diesel: pre\u00e7o m\u00e9dio nos postos sobe a R$ 6,18 por litro, diz ANP\"\/><\/a><span class=\"spotlightCategory\"><a href=\"https:\/\/www.suno.com.br\/noticias\/financas-pessoais\/\">Finan\u00e7as Pessoais<\/a><\/span><\/div><div class=\"cardsPage__listCard__boxs__content\"><a href=\"https:\/\/www.suno.com.br\/noticias\/diesel-preco-medio-anp-gpj\/\"><h2 class=\"content__title\">Diesel: pre\u00e7o m\u00e9dio nos postos sobe a R$ 6,18 por litro, diz ANP<\/h2><\/a><div class=\"newsContent__article__meta\"><div class=\"newsContent__article__meta__authorBox\"><a href=\"https:\/\/www.suno.com.br\/noticias\/author\/giovanni-porfiriosuno-com-br\/\" class=\"authorBox__avatar noMobi\"><img src=\"https:\/\/files.sunoresearch.com.br\/n\/uploads\/2024\/05\/DSCF4115-1-1-150x150.webp\" alt=\"Giovanni Porf\u00edrio Jacomino\"><\/a><div class=\"authorBox__name\"><span>por\n\t\t\t<a href=\"https:\/\/www.suno.com.br\/noticias\/author\/giovanni-porfiriosuno-com-br\/\"><span itemprop=\"author\">Giovanni Porf\u00edrio Jacomino<\/span><\/a><\/span><time datetime=\"2023-09-12T08:20:44-03:00\" itemprop=\"datePublished\">12\/09\/2023 08:20<\/time><\/div><\/div><\/div><\/div><\/div>","single_layout":"posts","amp_enabled":true,"_links":{"self":[{"href":"https:\/\/www.suno.com.br\/noticias\/wp-json\/wp\/v2\/posts\/454557"}],"collection":[{"href":"https:\/\/www.suno.com.br\/noticias\/wp-json\/wp\/v2\/posts"}],"about":[{"href":"https:\/\/www.suno.com.br\/noticias\/wp-json\/wp\/v2\/types\/post"}],"author":[{"embeddable":true,"href":"https:\/\/www.suno.com.br\/noticias\/wp-json\/wp\/v2\/users\/313"}],"replies":[{"embeddable":true,"href":"https:\/\/www.suno.com.br\/noticias\/wp-json\/wp\/v2\/comments?post=454557"}],"version-history":[{"count":3,"href":"https:\/\/www.suno.com.br\/noticias\/wp-json\/wp\/v2\/posts\/454557\/revisions"}],"predecessor-version":[{"id":454675,"href":"https:\/\/www.suno.com.br\/noticias\/wp-json\/wp\/v2\/posts\/454557\/revisions\/454675"}],"wp:featuredmedia":[{"embeddable":true,"href":"https:\/\/www.suno.com.br\/noticias\/wp-json\/wp\/v2\/media\/454665"}],"wp:attachment":[{"href":"https:\/\/www.suno.com.br\/noticias\/wp-json\/wp\/v2\/media?parent=454557"}],"wp:term":[{"taxonomy":"category","embeddable":true,"href":"https:\/\/www.suno.com.br\/noticias\/wp-json\/wp\/v2\/categories?post=454557"},{"taxonomy":"post_tag","embeddable":true,"href":"https:\/\/www.suno.com.br\/noticias\/wp-json\/wp\/v2\/tags?post=454557"},{"taxonomy":"suno_strategy","embeddable":true,"href":"https:\/\/www.suno.com.br\/noticias\/wp-json\/wp\/v2\/suno_strategy?post=454557"}],"curies":[{"name":"wp","href":"https:\/\/api.w.org\/{rel}","templated":true}]}}