{"id":454277,"date":"2023-09-11T12:39:26","date_gmt":"2023-09-11T15:39:26","guid":{"rendered":"https:\/\/www.suno.com.br\/noticias\/?p=454277"},"modified":"2023-09-11T12:39:30","modified_gmt":"2023-09-11T15:39:30","slug":"divorcio-sucrilhos-kellogg-cereais-separacao-evm","status":"publish","type":"post","link":"https:\/\/www.suno.com.br\/noticias\/divorcio-sucrilhos-kellogg-cereais-separacao-evm\/","title":{"rendered":"&#8216;Div\u00f3rcio do Sucrilhos&#8217;: Kellogg decide por separa\u00e7\u00e3o da divis\u00e3o de cereais"},"content":{"rendered":"<p>O Conselho da Kellogg &#8211; detentora de marcas de cereal como Corn Flakes e Sucrilhos &#8211; aprovou o plano da empresa de alimentos de separar sua divis\u00e3o de cereais na Am\u00e9rica do Norte, que entra em vigor em 2 de outubro. <\/p>\t<div class=\"wrapper-featured-image\">\n\t\t<figure class=\"spotlightImg\">\n\n\t\t\t<picture>\n\t\t\t\t<source media=\"(max-width: 768px)\" srcset=\"https:\/\/files.sunoresearch.com.br\/n\/uploads\/2023\/09\/sucrilhos-1-400x200.jpeg\">\n\t\t\t\t<img loading=\"lazy\" decoding=\"async\" class=\"newsContent__article__imgCapa lazyloadDisabled \" src=\"https:\/\/files.sunoresearch.com.br\/n\/uploads\/2023\/09\/sucrilhos-1-800x450.jpeg\" width=\"800\" height=\"450\" alt=\"&#8216;Div\u00f3rcio do Sucrilhos&#8217;: Kellogg decide por separa\u00e7\u00e3o da divis\u00e3o de cereais\" fetchpriority=high \/>\n\t\t\t<\/picture>\n\n\t\t\t<figcaption class=\"wp-caption-text wp-caption-text--show\">Sucrilhos, da marca Kellog&#039;s - Foto: DIvulga\u00e7\u00e3o<\/figcaption>\n\t\t<\/figure>\n\t<\/div>\n\n\n\n\n\n\t<p>\n\t\t<a href=\"https:\/\/lp.suno.com.br\/planilha-da-vida-financeira\/\" target=\"_blank\" data-element=\"shortcode-suno-banner\" title=\"Banner SUNO, clique e saiba mais\">\n\t\t\t<picture>\n\t\t\t\t<source media=\"(max-width: 500px)\" srcset=\"https:\/\/files.sunoresearch.com.br\/n\/uploads\/2023\/04\/400x300-Planilha-vida-financeira-true.png\">\n\t\t\t\t<img class=\"newsContent__article__imgCapa newsContent__article__imgCapa--banner\"\n\t\t\t\t\tsrc=\"https:\/\/files.sunoresearch.com.br\/n\/uploads\/2023\/04\/1420x240-Planilha-vida-financeira-true.png\"\n\t\t\t\t\tdata-promo-id=\"106682\"\t\t\t\t\t\t\t\t\t\twidth='1420' height='240'\t\t\t\t\talt=\"https:\/\/files.sunoresearch.com.br\/n\/uploads\/2023\/04\/1420x240-Planilha-vida-financeira-true.png\"\n\t\t\t\t>\n\t\t\t<\/picture>\n\t\t<\/a>\n\t<\/p>\n\n\n\n\n\n\n\n<p>A <strong>Kellogg<\/strong> informou nesta segunda-feira (11), que planeja distribuir uma a\u00e7\u00e3o da WK Kellogg, empresa resultante da separa\u00e7\u00e3o, para cada quatro a\u00e7\u00f5es da Kellogg obtidas pelos acionistas registrados at\u00e9 21 de setembro.<\/p>\n\n\n\n<p>Em comunicado aos investidores no m\u00eas passado, a empresa informou que o neg\u00f3cio de cereais na Am\u00e9rica do Norte, que engloba Estados Unidos, Canad\u00e1 e Caribe, seria incorporado \u00e0 nova marca WK Kellogg Co., sob o c\u00f3digo &#8220;KLG&#8221;.<\/p>\n\n\n\n<p>O restante do neg\u00f3cio seria incorporado a uma empresa chamada Kellanova, que vai seguir com o c\u00f3digo &#8220;K.&#8221; As a\u00e7\u00f5es da WK Kellogg est\u00e3o programadas para iniciar a negocia\u00e7\u00e3o na <a class=\"suno-keyword\" target=\"_blank\" data-force=\"no\" data-priority=\"3\" href=\"https:\/\/www.suno.com.br\/guias\/bolsa-de-valores\/\" rel=\"noopener\">Bolsa de Valores<\/a> de Nova York j\u00e1 em 2 de outubro.<\/p>\n\n\n\n<p>&#8220;Depois de mais de um ano de planejamento e execu\u00e7\u00e3o, estamos mais confiantes do que nunca de que a separa\u00e7\u00e3o produzir\u00e1 duas empresas mais fortes e criar\u00e1 um valor substancial para os acionistas&#8221;, afirmou Steve Cahillane, presidente da Kellogg Company.<\/p>\n\n\n\n<p>Com Estad\u00e3o Conte\u00fado<\/p>\n\n\n\t<p>\n\t\t<a href=\"https:\/\/lp.suno.com.br\/ebook-como-analisar-uma-acao\/\" target=\"_blank\" data-element=\"shortcode-suno-banner\" title=\"Banner SUNO, clique e saiba mais\">\n\t\t\t<picture>\n\t\t\t\t<source media=\"(max-width: 500px)\" srcset=\"https:\/\/files.sunoresearch.com.br\/n\/uploads\/2023\/03\/Ebook-Acoes-Mobile.jpg\">\n\t\t\t\t<img class=\"newsContent__article__imgCapa newsContent__article__imgCapa--banner\"\n\t\t\t\t\tsrc=\"https:\/\/files.sunoresearch.com.br\/n\/uploads\/2023\/03\/Ebook-Acoes-Desktop.jpg\"\n\t\t\t\t\tdata-promo-id=\"378302\"\t\t\t\t\t\t\t\t\t\twidth='1420' height='286'\t\t\t\t\talt=\"https:\/\/files.sunoresearch.com.br\/n\/uploads\/2023\/03\/Ebook-Acoes-Desktop.jpg\"\n\t\t\t\t>\n\t\t\t<\/picture>\n\t\t<\/a>\n\t<\/p>\n\n\n","protected":false},"excerpt":{"rendered":"<p>O Conselho da Kellogg &#8211; detentora de marcas de cereal como Corn Flakes e Sucrilhos &#8211; aprovou o plano da empresa de alimentos de separar sua divis\u00e3o de cereais na Am\u00e9rica do Norte, que entra em vigor em 2 de outubro. Sucrilhos, da marca Kellog&#039;s &#8211; Foto: DIvulga\u00e7\u00e3o A Kellogg informou nesta segunda-feira (11), que [&hellip;]<\/p>\n","protected":false},"author":73,"featured_media":454313,"comment_status":"closed","ping_status":"closed","sticky":false,"template":"","format":"standard","meta":[],"categories":[64],"tags":[2721],"suno_strategy":[],"class_list":["post-454277","post","type-post","status-publish","format-standard","has-post-thumbnail","hentry","category-negocios","tag-conselho-de-administracao"],"yoast_head":"<!-- This site is optimized with the Yoast SEO plugin v24.4 - https:\/\/yoast.com\/wordpress\/plugins\/seo\/ -->\n<title>&#039;Div\u00f3rcio do Sucrilhos&#039;: Kellogg decide por separa\u00e7\u00e3o da divis\u00e3o de cereais<\/title>\n<meta name=\"description\" content=\"O Conselho da Kellogg - detentora de marcas como o Sucrilhos - aprovou o plano que entra em vigor em 2 de outubro\" \/>\n<meta name=\"robots\" content=\"index, follow, max-snippet:-1, max-image-preview:large, max-video-preview:-1\" \/>\n<link rel=\"canonical\" href=\"https:\/\/www.suno.com.br\/noticias\/divorcio-sucrilhos-kellogg-cereais-separacao-evm\/\" \/>\n<meta property=\"og:locale\" content=\"pt_BR\" \/>\n<meta property=\"og:type\" content=\"article\" \/>\n<meta property=\"og:title\" content=\"&#039;Div\u00f3rcio do Sucrilhos&#039;: Kellogg decide por separa\u00e7\u00e3o da divis\u00e3o de cereais\" \/>\n<meta property=\"og:description\" content=\"O Conselho da Kellogg - detentora de marcas como o Sucrilhos - aprovou o plano que entra em vigor em 2 de outubro\" \/>\n<meta property=\"og:url\" content=\"https:\/\/www.suno.com.br\/noticias\/divorcio-sucrilhos-kellogg-cereais-separacao-evm\/\" \/>\n<meta property=\"og:site_name\" content=\"Suno Not\u00edcias\" \/>\n<meta property=\"article:publisher\" content=\"https:\/\/facebook.com\/sunoresearch\" \/>\n<meta property=\"og:image\" content=\"https:\/\/files.sunoresearch.com.br\/n\/uploads\/2023\/09\/sucrilhos-1.jpeg\" \/>\n\t<meta property=\"og:image:width\" content=\"1273\" \/>\n\t<meta property=\"og:image:height\" content=\"1107\" \/>\n\t<meta property=\"og:image:type\" content=\"image\/jpeg\" \/>\n<meta name=\"author\" content=\"Eduardo Vargas\" \/>\n<meta name=\"twitter:card\" content=\"summary_large_image\" \/>\n<meta name=\"twitter:creator\" content=\"@sunoresearch\" \/>\n<meta name=\"twitter:site\" content=\"@sunoresearch\" \/>\n<meta name=\"twitter:label1\" content=\"Escrito por\" \/>\n\t<meta name=\"twitter:data1\" content=\"Eduardo Vargas\" \/>\n\t<meta name=\"twitter:label2\" content=\"Est. tempo de leitura\" \/>\n\t<meta name=\"twitter:data2\" content=\"2 minutos\" \/>\n<script type=\"application\/ld+json\" class=\"yoast-schema-graph\">{\"@context\":\"https:\/\/schema.org\",\"@graph\":[{\"@type\":\"NewsArticle\",\"@id\":\"https:\/\/www.suno.com.br\/noticias\/divorcio-sucrilhos-kellogg-cereais-separacao-evm\/#article\",\"isPartOf\":{\"@id\":\"https:\/\/www.suno.com.br\/noticias\/divorcio-sucrilhos-kellogg-cereais-separacao-evm\/\"},\"author\":{\"name\":\"Eduardo Vargas\",\"@id\":\"https:\/\/www.suno.com.br\/noticias\/#\/schema\/person\/7f4d362bf3518e76090143ae77bb49a5\"},\"headline\":\"&#8216;Div\u00f3rcio do Sucrilhos&#8217;: Kellogg decide por separa\u00e7\u00e3o da divis\u00e3o de cereais\",\"datePublished\":\"2023-09-11T15:39:26+00:00\",\"dateModified\":\"2023-09-11T15:39:30+00:00\",\"mainEntityOfPage\":{\"@id\":\"https:\/\/www.suno.com.br\/noticias\/divorcio-sucrilhos-kellogg-cereais-separacao-evm\/\"},\"wordCount\":228,\"publisher\":{\"@id\":\"https:\/\/www.suno.com.br\/noticias\/#organization\"},\"image\":{\"@id\":\"https:\/\/www.suno.com.br\/noticias\/divorcio-sucrilhos-kellogg-cereais-separacao-evm\/#primaryimage\"},\"thumbnailUrl\":\"https:\/\/files.sunoresearch.com.br\/n\/uploads\/2023\/09\/sucrilhos-1.jpeg\",\"keywords\":[\"Conselho de Administra\u00e7\u00e3o\"],\"articleSection\":[\"Neg\u00f3cios\"],\"inLanguage\":\"pt-BR\"},{\"@type\":\"WebPage\",\"@id\":\"https:\/\/www.suno.com.br\/noticias\/divorcio-sucrilhos-kellogg-cereais-separacao-evm\/\",\"url\":\"https:\/\/www.suno.com.br\/noticias\/divorcio-sucrilhos-kellogg-cereais-separacao-evm\/\",\"name\":\"'Div\u00f3rcio do Sucrilhos': Kellogg decide por separa\u00e7\u00e3o da divis\u00e3o de cereais\",\"isPartOf\":{\"@id\":\"https:\/\/www.suno.com.br\/noticias\/#website\"},\"primaryImageOfPage\":{\"@id\":\"https:\/\/www.suno.com.br\/noticias\/divorcio-sucrilhos-kellogg-cereais-separacao-evm\/#primaryimage\"},\"image\":{\"@id\":\"https:\/\/www.suno.com.br\/noticias\/divorcio-sucrilhos-kellogg-cereais-separacao-evm\/#primaryimage\"},\"thumbnailUrl\":\"https:\/\/files.sunoresearch.com.br\/n\/uploads\/2023\/09\/sucrilhos-1.jpeg\",\"datePublished\":\"2023-09-11T15:39:26+00:00\",\"dateModified\":\"2023-09-11T15:39:30+00:00\",\"description\":\"O Conselho da Kellogg - detentora de marcas como o Sucrilhos - aprovou o plano que entra em vigor em 2 de outubro\",\"breadcrumb\":{\"@id\":\"https:\/\/www.suno.com.br\/noticias\/divorcio-sucrilhos-kellogg-cereais-separacao-evm\/#breadcrumb\"},\"inLanguage\":\"pt-BR\",\"potentialAction\":[{\"@type\":\"ReadAction\",\"target\":[\"https:\/\/www.suno.com.br\/noticias\/divorcio-sucrilhos-kellogg-cereais-separacao-evm\/\"]}]},{\"@type\":\"ImageObject\",\"inLanguage\":\"pt-BR\",\"@id\":\"https:\/\/www.suno.com.br\/noticias\/divorcio-sucrilhos-kellogg-cereais-separacao-evm\/#primaryimage\",\"url\":\"https:\/\/files.sunoresearch.com.br\/n\/uploads\/2023\/09\/sucrilhos-1.jpeg\",\"contentUrl\":\"https:\/\/files.sunoresearch.com.br\/n\/uploads\/2023\/09\/sucrilhos-1.jpeg\",\"width\":1273,\"height\":1107,\"caption\":\"Sucrilhos, da marca Kellog's - Foto: DIvulga\u00e7\u00e3o\"},{\"@type\":\"BreadcrumbList\",\"@id\":\"https:\/\/www.suno.com.br\/noticias\/divorcio-sucrilhos-kellogg-cereais-separacao-evm\/#breadcrumb\",\"itemListElement\":[{\"@type\":\"ListItem\",\"position\":1,\"name\":\"Not\u00edcias\",\"item\":\"https:\/\/www.suno.com.br\/noticias\/\"},{\"@type\":\"ListItem\",\"position\":2,\"name\":\"Neg\u00f3cios\",\"item\":\"https:\/\/www.suno.com.br\/noticias\/negocios\/\"},{\"@type\":\"ListItem\",\"position\":3,\"name\":\"&#8216;Div\u00f3rcio do Sucrilhos&#8217;: Kellogg decide por separa\u00e7\u00e3o da divis\u00e3o de cereais\"}]},{\"@type\":\"WebSite\",\"@id\":\"https:\/\/www.suno.com.br\/noticias\/#website\",\"url\":\"https:\/\/www.suno.com.br\/noticias\/\",\"name\":\"Suno Not\u00edcias\",\"description\":\"Seu portal de informa\u00e7\u00e3o sobre o mundo dos investimentos\",\"publisher\":{\"@id\":\"https:\/\/www.suno.com.br\/noticias\/#organization\"},\"potentialAction\":[{\"@type\":\"SearchAction\",\"target\":{\"@type\":\"EntryPoint\",\"urlTemplate\":\"https:\/\/www.suno.com.br\/noticias\/?s={search_term_string}\"},\"query-input\":{\"@type\":\"PropertyValueSpecification\",\"valueRequired\":true,\"valueName\":\"search_term_string\"}}],\"inLanguage\":\"pt-BR\"},{\"@type\":\"Organization\",\"@id\":\"https:\/\/www.suno.com.br\/noticias\/#organization\",\"name\":\"Suno Not\u00edcias\",\"url\":\"https:\/\/www.suno.com.br\/noticias\/\",\"logo\":{\"@type\":\"ImageObject\",\"inLanguage\":\"pt-BR\",\"@id\":\"https:\/\/www.suno.com.br\/noticias\/#\/schema\/logo\/image\/\",\"url\":\"https:\/\/files.sunoresearch.com.br\/n\/uploads\/2021\/09\/suno-logo.png\",\"contentUrl\":\"https:\/\/files.sunoresearch.com.br\/n\/uploads\/2021\/09\/suno-logo.png\",\"width\":180,\"height\":180,\"caption\":\"Suno Not\u00edcias\"},\"image\":{\"@id\":\"https:\/\/www.suno.com.br\/noticias\/#\/schema\/logo\/image\/\"},\"sameAs\":[\"https:\/\/facebook.com\/sunoresearch\",\"https:\/\/x.com\/sunoresearch\",\"https:\/\/www.instagram.com\/suno\",\"https:\/\/www.linkedin.com\/company\/suno-research\/\",\"https:\/\/www.youtube.com\/c\/sunoresearch\"]},{\"@type\":\"Person\",\"@id\":\"https:\/\/www.suno.com.br\/noticias\/#\/schema\/person\/7f4d362bf3518e76090143ae77bb49a5\",\"name\":\"Eduardo Vargas\",\"image\":{\"@type\":\"ImageObject\",\"inLanguage\":\"pt-BR\",\"@id\":\"https:\/\/www.suno.com.br\/noticias\/#\/schema\/person\/image\/\",\"url\":\"https:\/\/secure.gravatar.com\/avatar\/dac340933427a22924c9f99d1eb2e3f2?s=96&r=g\",\"contentUrl\":\"https:\/\/secure.gravatar.com\/avatar\/dac340933427a22924c9f99d1eb2e3f2?s=96&r=g\",\"caption\":\"Eduardo Vargas\"},\"description\":\"Jornalista formado pela UFSC, cobre macroeconomia, neg\u00f3cios e startups para o Suno Not\u00edcias, escrevendo principalmente not\u00edcias sobre o mercado financeiro e a bolsa de valores. No YouTube e no Instagram, \u00e9 respons\u00e1vel pela produ\u00e7\u00e3o de Reels e Shorts do Suno Not\u00edcias. Anteriormente, trabalhou cobrindo economia e cotidiano no ND+ e para o ND, maior jornal impresso de Santa Catarina. Cursou um semestre letivo de Estudos de M\u00eddia na Universidad de Buenos Aires.\",\"url\":\"https:\/\/www.suno.com.br\/noticias\/author\/eduardo-vargas\/\"}]}<\/script>\n<!-- \/ Yoast SEO plugin. -->","yoast_head_json":{"title":"'Div\u00f3rcio do Sucrilhos': Kellogg decide por separa\u00e7\u00e3o da divis\u00e3o de cereais","description":"O Conselho da Kellogg - detentora de marcas como o Sucrilhos - aprovou o plano que entra em vigor em 2 de outubro","robots":{"index":"index","follow":"follow","max-snippet":"max-snippet:-1","max-image-preview":"max-image-preview:large","max-video-preview":"max-video-preview:-1"},"canonical":"https:\/\/www.suno.com.br\/noticias\/divorcio-sucrilhos-kellogg-cereais-separacao-evm\/","og_locale":"pt_BR","og_type":"article","og_title":"'Div\u00f3rcio do Sucrilhos': Kellogg decide por separa\u00e7\u00e3o da divis\u00e3o de cereais","og_description":"O Conselho da Kellogg - detentora de marcas como o Sucrilhos - aprovou o plano que entra em vigor em 2 de outubro","og_url":"https:\/\/www.suno.com.br\/noticias\/divorcio-sucrilhos-kellogg-cereais-separacao-evm\/","og_site_name":"Suno Not\u00edcias","article_publisher":"https:\/\/facebook.com\/sunoresearch","og_image":[{"width":1273,"height":1107,"url":"https:\/\/files.sunoresearch.com.br\/n\/uploads\/2023\/09\/sucrilhos-1.jpeg","type":"image\/jpeg"}],"author":"Eduardo Vargas","twitter_card":"summary_large_image","twitter_creator":"@sunoresearch","twitter_site":"@sunoresearch","twitter_misc":{"Escrito por":"Eduardo Vargas","Est. tempo de leitura":"2 minutos"},"schema":{"@context":"https:\/\/schema.org","@graph":[{"@type":"NewsArticle","@id":"https:\/\/www.suno.com.br\/noticias\/divorcio-sucrilhos-kellogg-cereais-separacao-evm\/#article","isPartOf":{"@id":"https:\/\/www.suno.com.br\/noticias\/divorcio-sucrilhos-kellogg-cereais-separacao-evm\/"},"author":{"name":"Eduardo Vargas","@id":"https:\/\/www.suno.com.br\/noticias\/#\/schema\/person\/7f4d362bf3518e76090143ae77bb49a5"},"headline":"&#8216;Div\u00f3rcio do Sucrilhos&#8217;: Kellogg decide por separa\u00e7\u00e3o da divis\u00e3o de cereais","datePublished":"2023-09-11T15:39:26+00:00","dateModified":"2023-09-11T15:39:30+00:00","mainEntityOfPage":{"@id":"https:\/\/www.suno.com.br\/noticias\/divorcio-sucrilhos-kellogg-cereais-separacao-evm\/"},"wordCount":228,"publisher":{"@id":"https:\/\/www.suno.com.br\/noticias\/#organization"},"image":{"@id":"https:\/\/www.suno.com.br\/noticias\/divorcio-sucrilhos-kellogg-cereais-separacao-evm\/#primaryimage"},"thumbnailUrl":"https:\/\/files.sunoresearch.com.br\/n\/uploads\/2023\/09\/sucrilhos-1.jpeg","keywords":["Conselho de Administra\u00e7\u00e3o"],"articleSection":["Neg\u00f3cios"],"inLanguage":"pt-BR"},{"@type":"WebPage","@id":"https:\/\/www.suno.com.br\/noticias\/divorcio-sucrilhos-kellogg-cereais-separacao-evm\/","url":"https:\/\/www.suno.com.br\/noticias\/divorcio-sucrilhos-kellogg-cereais-separacao-evm\/","name":"'Div\u00f3rcio do Sucrilhos': Kellogg decide por separa\u00e7\u00e3o da divis\u00e3o de cereais","isPartOf":{"@id":"https:\/\/www.suno.com.br\/noticias\/#website"},"primaryImageOfPage":{"@id":"https:\/\/www.suno.com.br\/noticias\/divorcio-sucrilhos-kellogg-cereais-separacao-evm\/#primaryimage"},"image":{"@id":"https:\/\/www.suno.com.br\/noticias\/divorcio-sucrilhos-kellogg-cereais-separacao-evm\/#primaryimage"},"thumbnailUrl":"https:\/\/files.sunoresearch.com.br\/n\/uploads\/2023\/09\/sucrilhos-1.jpeg","datePublished":"2023-09-11T15:39:26+00:00","dateModified":"2023-09-11T15:39:30+00:00","description":"O Conselho da Kellogg - detentora de marcas como o Sucrilhos - aprovou o plano que entra em vigor em 2 de outubro","breadcrumb":{"@id":"https:\/\/www.suno.com.br\/noticias\/divorcio-sucrilhos-kellogg-cereais-separacao-evm\/#breadcrumb"},"inLanguage":"pt-BR","potentialAction":[{"@type":"ReadAction","target":["https:\/\/www.suno.com.br\/noticias\/divorcio-sucrilhos-kellogg-cereais-separacao-evm\/"]}]},{"@type":"ImageObject","inLanguage":"pt-BR","@id":"https:\/\/www.suno.com.br\/noticias\/divorcio-sucrilhos-kellogg-cereais-separacao-evm\/#primaryimage","url":"https:\/\/files.sunoresearch.com.br\/n\/uploads\/2023\/09\/sucrilhos-1.jpeg","contentUrl":"https:\/\/files.sunoresearch.com.br\/n\/uploads\/2023\/09\/sucrilhos-1.jpeg","width":1273,"height":1107,"caption":"Sucrilhos, da marca Kellog's - Foto: DIvulga\u00e7\u00e3o"},{"@type":"BreadcrumbList","@id":"https:\/\/www.suno.com.br\/noticias\/divorcio-sucrilhos-kellogg-cereais-separacao-evm\/#breadcrumb","itemListElement":[{"@type":"ListItem","position":1,"name":"Not\u00edcias","item":"https:\/\/www.suno.com.br\/noticias\/"},{"@type":"ListItem","position":2,"name":"Neg\u00f3cios","item":"https:\/\/www.suno.com.br\/noticias\/negocios\/"},{"@type":"ListItem","position":3,"name":"&#8216;Div\u00f3rcio do Sucrilhos&#8217;: Kellogg decide por separa\u00e7\u00e3o da divis\u00e3o de cereais"}]},{"@type":"WebSite","@id":"https:\/\/www.suno.com.br\/noticias\/#website","url":"https:\/\/www.suno.com.br\/noticias\/","name":"Suno Not\u00edcias","description":"Seu portal de informa\u00e7\u00e3o sobre o mundo dos investimentos","publisher":{"@id":"https:\/\/www.suno.com.br\/noticias\/#organization"},"potentialAction":[{"@type":"SearchAction","target":{"@type":"EntryPoint","urlTemplate":"https:\/\/www.suno.com.br\/noticias\/?s={search_term_string}"},"query-input":{"@type":"PropertyValueSpecification","valueRequired":true,"valueName":"search_term_string"}}],"inLanguage":"pt-BR"},{"@type":"Organization","@id":"https:\/\/www.suno.com.br\/noticias\/#organization","name":"Suno Not\u00edcias","url":"https:\/\/www.suno.com.br\/noticias\/","logo":{"@type":"ImageObject","inLanguage":"pt-BR","@id":"https:\/\/www.suno.com.br\/noticias\/#\/schema\/logo\/image\/","url":"https:\/\/files.sunoresearch.com.br\/n\/uploads\/2021\/09\/suno-logo.png","contentUrl":"https:\/\/files.sunoresearch.com.br\/n\/uploads\/2021\/09\/suno-logo.png","width":180,"height":180,"caption":"Suno Not\u00edcias"},"image":{"@id":"https:\/\/www.suno.com.br\/noticias\/#\/schema\/logo\/image\/"},"sameAs":["https:\/\/facebook.com\/sunoresearch","https:\/\/x.com\/sunoresearch","https:\/\/www.instagram.com\/suno","https:\/\/www.linkedin.com\/company\/suno-research\/","https:\/\/www.youtube.com\/c\/sunoresearch"]},{"@type":"Person","@id":"https:\/\/www.suno.com.br\/noticias\/#\/schema\/person\/7f4d362bf3518e76090143ae77bb49a5","name":"Eduardo Vargas","image":{"@type":"ImageObject","inLanguage":"pt-BR","@id":"https:\/\/www.suno.com.br\/noticias\/#\/schema\/person\/image\/","url":"https:\/\/secure.gravatar.com\/avatar\/dac340933427a22924c9f99d1eb2e3f2?s=96&r=g","contentUrl":"https:\/\/secure.gravatar.com\/avatar\/dac340933427a22924c9f99d1eb2e3f2?s=96&r=g","caption":"Eduardo Vargas"},"description":"Jornalista formado pela UFSC, cobre macroeconomia, neg\u00f3cios e startups para o Suno Not\u00edcias, escrevendo principalmente not\u00edcias sobre o mercado financeiro e a bolsa de valores. No YouTube e no Instagram, \u00e9 respons\u00e1vel pela produ\u00e7\u00e3o de Reels e Shorts do Suno Not\u00edcias. Anteriormente, trabalhou cobrindo economia e cotidiano no ND+ e para o ND, maior jornal impresso de Santa Catarina. Cursou um semestre letivo de Estudos de M\u00eddia na Universidad de Buenos Aires.","url":"https:\/\/www.suno.com.br\/noticias\/author\/eduardo-vargas\/"}]}},"default_loop_html":"<div class=\"cardsPage__listCard__boxs\"><div class=\"cardsPage__listCard__boxs__img\"><a href=\"https:\/\/www.suno.com.br\/noticias\/divorcio-sucrilhos-kellogg-cereais-separacao-evm\/\"><img class=\"mask\" src=\"https:\/\/www.suno.com.br\/noticias\/wp-content\/themes\/suno\/resources\/images\/spotlight\/spotlight1img\/bg-mask.png\" alt=\"Image Mask\"\/><img src=\"https:\/\/files.sunoresearch.com.br\/n\/uploads\/2023\/09\/sucrilhos-1-400x200.jpeg\" alt=\"&#8216;Div\u00f3rcio do Sucrilhos&#8217;: Kellogg decide por separa\u00e7\u00e3o da divis\u00e3o de cereais\"\/><\/a><span class=\"spotlightCategory\"><a href=\"https:\/\/www.suno.com.br\/noticias\/negocios\/\">Neg\u00f3cios<\/a><\/span><\/div><div class=\"cardsPage__listCard__boxs__content\"><a href=\"https:\/\/www.suno.com.br\/noticias\/divorcio-sucrilhos-kellogg-cereais-separacao-evm\/\"><h2 class=\"content__title\">&#8216;Div\u00f3rcio do Sucrilhos&#8217;: Kellogg decide por separa\u00e7\u00e3o da divis\u00e3o de cereais<\/h2><\/a><div class=\"newsContent__article__meta\"><div class=\"newsContent__article__meta__authorBox\"><a href=\"https:\/\/www.suno.com.br\/noticias\/author\/eduardo-vargas\/\" class=\"authorBox__avatar noMobi\"><img src=\"https:\/\/secure.gravatar.com\/avatar\/dac340933427a22924c9f99d1eb2e3f2?s=96&#038;r=g\" alt=\"Eduardo Vargas\"><\/a><div class=\"authorBox__name\"><span>por\n\t\t\t<a href=\"https:\/\/www.suno.com.br\/noticias\/author\/eduardo-vargas\/\"><span itemprop=\"author\">Eduardo Vargas<\/span><\/a><\/span><time datetime=\"2023-09-11T12:39:26-03:00\" itemprop=\"datePublished\">11\/09\/2023 12:39<\/time><\/div><\/div><\/div><\/div><\/div>","single_layout":"posts","amp_enabled":true,"_links":{"self":[{"href":"https:\/\/www.suno.com.br\/noticias\/wp-json\/wp\/v2\/posts\/454277"}],"collection":[{"href":"https:\/\/www.suno.com.br\/noticias\/wp-json\/wp\/v2\/posts"}],"about":[{"href":"https:\/\/www.suno.com.br\/noticias\/wp-json\/wp\/v2\/types\/post"}],"author":[{"embeddable":true,"href":"https:\/\/www.suno.com.br\/noticias\/wp-json\/wp\/v2\/users\/73"}],"replies":[{"embeddable":true,"href":"https:\/\/www.suno.com.br\/noticias\/wp-json\/wp\/v2\/comments?post=454277"}],"version-history":[{"count":3,"href":"https:\/\/www.suno.com.br\/noticias\/wp-json\/wp\/v2\/posts\/454277\/revisions"}],"predecessor-version":[{"id":454318,"href":"https:\/\/www.suno.com.br\/noticias\/wp-json\/wp\/v2\/posts\/454277\/revisions\/454318"}],"wp:featuredmedia":[{"embeddable":true,"href":"https:\/\/www.suno.com.br\/noticias\/wp-json\/wp\/v2\/media\/454313"}],"wp:attachment":[{"href":"https:\/\/www.suno.com.br\/noticias\/wp-json\/wp\/v2\/media?parent=454277"}],"wp:term":[{"taxonomy":"category","embeddable":true,"href":"https:\/\/www.suno.com.br\/noticias\/wp-json\/wp\/v2\/categories?post=454277"},{"taxonomy":"post_tag","embeddable":true,"href":"https:\/\/www.suno.com.br\/noticias\/wp-json\/wp\/v2\/tags?post=454277"},{"taxonomy":"suno_strategy","embeddable":true,"href":"https:\/\/www.suno.com.br\/noticias\/wp-json\/wp\/v2\/suno_strategy?post=454277"}],"curies":[{"name":"wp","href":"https:\/\/api.w.org\/{rel}","templated":true}]}}