{"id":454098,"date":"2023-09-11T08:44:56","date_gmt":"2023-09-11T11:44:56","guid":{"rendered":"https:\/\/www.suno.com.br\/noticias\/?p=454098"},"modified":"2023-09-11T08:53:36","modified_gmt":"2023-09-11T11:53:36","slug":"americanas-amer3-ex-ceo-processo-gpj","status":"publish","type":"post","link":"https:\/\/www.suno.com.br\/noticias\/americanas-amer3-ex-ceo-processo-gpj\/","title":{"rendered":"Americanas (AMER3) nega afirma\u00e7\u00f5es de ex-CEO apresentadas em processo; saiba mais"},"content":{"rendered":"<p>Em manifesta\u00e7\u00e3o protocolada no \u00faltimo domingo (10), a <a href=\"https:\/\/www.suno.com.br\/acoes\/amer3\/\" target=\"_blank\" rel=\"noreferrer noopener\"><strong>Americanas<\/strong> (AMER3)<\/a> voltou a negar as argumenta\u00e7\u00f5es do ex-<a href=\"https:\/\/www.suno.com.br\/artigos\/ceo\/\">diretor-presidente<\/a> da empresa, Miguel Gutierrez, apresentadas em processo judicial movido pelo <a href=\"https:\/\/www.suno.com.br\/acoes\/BBDC4\/\">Bradesco (BBDC4)<\/a> contra a varejista.<\/p>\t<div class=\"wrapper-featured-image\">\n\t\t<figure class=\"spotlightImg\">\n\n\t\t\t<picture>\n\t\t\t\t<source media=\"(max-width: 768px)\" srcset=\"https:\/\/files.sunoresearch.com.br\/n\/uploads\/2023\/01\/Americanas-divulgacao-400x200.jpg\">\n\t\t\t\t<img loading=\"lazy\" decoding=\"async\" class=\"newsContent__article__imgCapa lazyloadDisabled \" src=\"https:\/\/files.sunoresearch.com.br\/n\/uploads\/2023\/01\/Americanas-divulgacao-800x450.jpg\" width=\"800\" height=\"450\" alt=\"Americanas (AMER3) nega afirma\u00e7\u00f5es de ex-CEO apresentadas em processo; saiba mais\" fetchpriority=high \/>\n\t\t\t<\/picture>\n\n\t\t\t<figcaption class=\"wp-caption-text wp-caption-text--show\">MAXR11, Americanas (AMER3). Foto: Divulga\u00e7\u00e3o<\/figcaption>\n\t\t<\/figure>\n\t<\/div>\n\n\n\n\n\n\n\n\t<p>\n\t\t<a href=\"\" target=\"_blank\" data-element=\"shortcode-suno-banner\" title=\"Banner SUNO, clique e saiba mais\">\n\t\t\t<picture>\n\t\t\t\t<source media=\"(max-width: 500px)\" srcset=\"\">\n\t\t\t\t<img class=\"newsContent__article__imgCapa newsContent__article__imgCapa--banner\"\n\t\t\t\t\tsrc=\"\"\n\t\t\t\t\tdata-promo-id=\"265277\"\t\t\t\t\t\t\t\t\t\t\t\t\t\t\talt=\"\"\n\t\t\t\t>\n\t\t\t<\/picture>\n\t\t<\/a>\n\t<\/p>\n\n\n\n\n\n<p>Em comunicado \u00e0 imprensa, a companhia reiterou que Gutierrez &#8220;n\u00e3o apresentou contraprovas, em nenhum momento, para os documentos e fatos apresentados \u00e0<strong> Comiss\u00e3o Parlamentar de Inqu\u00e9rito (CPI) <\/strong>no dia 13 de junho de 2023, que demonstram a sua participa\u00e7\u00e3o na fraude, evidenciada novamente em mais dados apresentados nesta manifesta\u00e7\u00e3o aos autos do referido processo&#8221;. <\/p>\n\n\n\n<p>O mesmo se deu com os demais \u00f3rg\u00e3os competentes que atuam nas investiga\u00e7\u00f5es do ocorrido, disse a varejista, e que j\u00e1 acataram e homologaram dela\u00e7\u00f5es premiadas de <strong>ex-executivos da Americanas.<\/strong><\/p>\n\n\n\n<p>A empresa refor\u00e7ou, tamb\u00e9m, que foi a \u00fanica parte a apresentar provas no \u00e2mbito do processo judicial e reiterou a afirma\u00e7\u00e3o sobre a fraude e a responsabilidade direta do ex-CEO a partir da exposi\u00e7\u00e3o de novas evid\u00eancias apresentadas nesta manifesta\u00e7\u00e3o, tais como:<\/p>\n\n\n\n<ul class=\"wp-block-list\">\n<li>&#8220;arquivo digitalizado com anota\u00e7\u00f5es de pr\u00f3prio punho de Miguel Gutierrez, localizadas em equipamento eletr\u00f4nico da companhia por ele utilizado, em materiais que apontam a exist\u00eancia de duas vers\u00f5es dos demonstrativos da Americanas, uma de uso interno da antiga diretoria e outra destinada ao Conselho de Administra\u00e7\u00e3o&#8221;;<\/li>\n\n\n\n<li>&#8220;e-mail enviado por Miguel Gutierrez aos ex-diretores, com orienta\u00e7\u00f5es para que n\u00e3o fossem levadas, em reuni\u00e3o com <strong>S\u00e9rgio Rial<\/strong>, respostas a d\u00favidas sens\u00edveis em rela\u00e7\u00e3o ao 4T22 e endividamento da companhia&#8221;;<\/li>\n\n\n\n<li>&#8220;e-mail enviado pelo ex-CEO aos ex-diretores envolvidos na fraude, pelo qual Miguel Gutierrez reclama do &#8220;mar de coment\u00e1rios&#8221;, referindo-se a diligentes questionamentos dos membros do Comit\u00ea de Auditoria, em linha com as boas pr\u00e1ticas de governan\u00e7a recomendadas&#8221;.<\/li>\n<\/ul>\n\n\n\n<p>Ainda na nota, a Americanas destacou que, adicionalmente, foram identificadas &#8216;v\u00e1rias contradi\u00e7\u00f5es e mentiras&#8217; nas alega\u00e7\u00f5es contidas na carta apresentada por <strong>Miguel Gutierrez<\/strong>, tais como:<\/p>\n\n\n\n<ul class=\"wp-block-list\">\n<li>&#8220;O senhor Miguel Gutierrez alega que a companhia passava por situa\u00e7\u00e3o financeira dif\u00edcil no segundo semestre, que precisaria de aporte de capital e que todos os \u00f3rg\u00e3os da administra\u00e7\u00e3o tinham ci\u00eancia desse fato. Documentos apresentados ao Comit\u00ea Financeiro em 07\/11\/22, arquivados no portal de governan\u00e7a da companhia e j\u00e1 disponibilizados \u00e0 CPI e demais autoridades, mostram de forma inequ\u00edvoca que a antiga diretoria, liderada por Miguel Gutierrez, apresentou aos conselheiros vis\u00e3o de que a Americanas geraria R$ 500 milh\u00f5es de caixa no 4\u00ba trimestre de 2022 e continuaria gerando caixa nos anos subsequentes, mantendo \u00edndice de endividamento financeiro saud\u00e1vel&#8221;;<\/li>\n\n\n\n<li>&#8220;Outra argumenta\u00e7\u00e3o sem fundamento apresentada \u00e9 a de que os \u00f3rg\u00e3os sociais deliberavam sobre quest\u00f5es estrat\u00e9gicas da Americanas sem conhecimento e participa\u00e7\u00e3o do ex-CEO Miguel Gutierrez. Esta falsa afirmativa cai por terra diante de mensagem sobre a\u00e7\u00f5es do Comit\u00ea Financeiro, assim como de agendas de reuni\u00f5es do Conselho, que mostram que o senhor Miguel Gutierrez era ativo na gest\u00e3o da companhia, como \u00e9 de se esperar de qualquer Presidente de empresa&#8221;.<\/li>\n<\/ul>\n\n\n\n<p>A Americanas explicou que tanto as afirma\u00e7\u00f5es supracitadas quanto as evid\u00eancias que as certificam constam da peti\u00e7\u00e3o protocolada em resposta ao agravo em processo judicial de autoria do Bradesco e que &#8220;lamenta a posi\u00e7\u00e3o da institui\u00e7\u00e3o financeira, n\u00e3o compartilhada pelos demais bancos credores da companhia, que seguem empenhados num consenso ao <a href=\"https:\/\/www.suno.com.br\/artigos\/plano-de-recuperacao\/\"><strong>plano de recupera\u00e7\u00e3o judicial<\/strong><\/a>&#8220;.<\/p>\n\n\n\n<p>Na nota, a empresa reafirmou &#8220;que o relat\u00f3rio preliminar apresentado na Comiss\u00e3o Parlamentar de Inqu\u00e9rito se baseia em documentos levantados pelo <strong>Comit\u00ea de Investiga\u00e7\u00e3o Independente<\/strong>, al\u00e9m de documentos complementares identificados pela administra\u00e7\u00e3o e seus assessores jur\u00eddicos, que formataram os documentos em um relat\u00f3rio que indica que as <strong><a href=\"https:\/\/www.suno.com.br\/artigos\/demonstracoes-financeiras\/\">demonstra\u00e7\u00f5es financeiras<\/a> da companhia<\/strong> vinham sendo fraudadas pela diretoria anterior da Americanas, capitaneada pelo senhor Miguel Gutierrez&#8221;.<\/p>\n\n\n\n<p>&#8220;A companhia confia na compet\u00eancia de todas as autoridades envolvidas nas apura\u00e7\u00f5es e investiga\u00e7\u00f5es, \u00e0 frente das condu\u00e7\u00f5es de dela\u00e7\u00f5es homologadas j\u00e1 em segredo de justi\u00e7a, que devem trazer ainda mais robustez \u00e0s j\u00e1 contundentes provas apresentadas. A Americanas refor\u00e7a que \u00e9 a maior interessada no esclarecimento dos fatos e que ir\u00e1 responsabilizar judicialmente todos os envolvidos na fraude&#8221;, finalizou.<\/p>\n\n\n\n\t<div data-element=\"shortcode-read-more\" class=\"readToo\">\n\t\t\t\t<span class=\"readToo__title\">Leia mais<\/span>\n\t\t\t\t<ul class=\"readToo__list\">\n\t\t\t<li><a href=\"https:\/\/www.suno.com.br\/noticias\/americanas-amer3-b3-abre-processo-conselho-auditoria-va\/\">Americanas (AMER3): B3 abre processo contra conselho e comit\u00ea de auditoria, diz jornal\u00a0<\/a><\/li><li><a href=\"https:\/\/www.suno.com.br\/noticias\/americanas-amer3-justica-bradesco-acionistas-gpj\/\">Americanas (AMER3): Justi\u00e7a aceita recurso do Bradesco (BBDC4) sobre patrim\u00f4nio de acionistas<\/a><\/li>\t\t<\/ul>\n\t<\/div>\n\n\n\n\t<p>\n\t\t<a href=\"https:\/\/lp.suno.com.br\/planilha-da-vida-financeira\/\" target=\"_blank\" data-element=\"shortcode-suno-banner\" title=\"Banner SUNO, clique e saiba mais\">\n\t\t\t<picture>\n\t\t\t\t<source media=\"(max-width: 500px)\" srcset=\"https:\/\/files.sunoresearch.com.br\/n\/uploads\/2023\/04\/400x300-Planilha-vida-financeira-true.png\">\n\t\t\t\t<img class=\"newsContent__article__imgCapa newsContent__article__imgCapa--banner\"\n\t\t\t\t\tsrc=\"https:\/\/files.sunoresearch.com.br\/n\/uploads\/2023\/04\/1420x240-Planilha-vida-financeira-true.png\"\n\t\t\t\t\tdata-promo-id=\"383123\"\t\t\t\t\t\t\t\t\t\twidth='1420' height='240'\t\t\t\t\talt=\"https:\/\/files.sunoresearch.com.br\/n\/uploads\/2023\/04\/1420x240-Planilha-vida-financeira-true.png\"\n\t\t\t\t>\n\t\t\t<\/picture>\n\t\t<\/a>\n\t<\/p>\n\n\n\n\n\n<h2 class=\"wp-block-heading\">Americanas (AMER3): bancos entram com pedido contra Bradesco para evitar \u201cdrible\u201d na <a href=\"https:\/\/www.suno.com.br\/artigos\/recuperacao-judicial\/\">recupera\u00e7\u00e3o judicial<\/a>, diz jornal<\/h2>\n\n\n\n<p>Em mais um cap\u00edtulo da crise na&nbsp;<strong>Americanas<\/strong>&nbsp;(AMER3), os bancos&nbsp;<a target=\"_blank\" href=\"https:\/\/www.suno.com.br\/acoes\/ITUB4\/\" rel=\"noreferrer noopener\">Ita\u00fa (ITUB4)<\/a>,&nbsp;<a target=\"_blank\" href=\"https:\/\/www.suno.com.br\/acoes\/SANB11\/\" rel=\"noreferrer noopener\">Santander (SANB11)<\/a>&nbsp;e ABC Brasil (ABCB4) entraram com pedido na 4\u00aa Vara Empresarial do Rio de Janeiro para que seja rejeitada uma tentativa do&nbsp;<a target=\"_blank\" href=\"https:\/\/www.suno.com.br\/acoes\/BBDC4\/\" rel=\"noreferrer noopener\">Bradesco (BBDC4)<\/a>&nbsp;impugnar cr\u00e9ditos na recupera\u00e7\u00e3o judicial da varejista e negoci\u00e1-los \u00e0 parte dos outros credores.&nbsp;<\/p>\n\n\n\n<p>Segundo o blog do Lauro Jardim, do Globo, os tr\u00eas bancos avaliam que a resist\u00eancia do Bradesco pode prejudicar a paridade entre os credores e atrapalhar a coletividade.<\/p>\n\n\n\n<p>Recentemente, a 2\u00aa C\u00e2mara Reservada de Direito Empresarial do Tribunal de Justi\u00e7a de S\u00e3o Paulo deu uma vit\u00f3ria ao Bradesco em processo que tenta dificultar uma eventual venda do patrim\u00f4nio dos acionistas de refer\u00eancia \u2013 Jorge Paulo Lemann, Beto Sicupira e Marcel Telles \u2013 da Americanas.<\/p>\n\n\n\n<p>A<strong> Americanas<\/strong> tem uma d\u00edvida de R$ 4,7 bilh\u00f5es com o banco.<\/p>\n\n\n\t<p>\n\t\t<a href=\"https:\/\/lp.suno.com.br\/ebook-como-analisar-uma-acao\/\" target=\"_blank\" data-element=\"shortcode-suno-banner\" title=\"Banner SUNO, clique e saiba mais\">\n\t\t\t<picture>\n\t\t\t\t<source media=\"(max-width: 500px)\" srcset=\"https:\/\/files.sunoresearch.com.br\/n\/uploads\/2023\/03\/Ebook-Acoes-Mobile-1.jpg\">\n\t\t\t\t<img class=\"newsContent__article__imgCapa newsContent__article__imgCapa--banner\"\n\t\t\t\t\tsrc=\"https:\/\/files.sunoresearch.com.br\/n\/uploads\/2023\/03\/Ebook-Acoes-Desktop-1.jpg\"\n\t\t\t\t\tdata-promo-id=\"171998\"\t\t\t\t\t\t\t\t\t\twidth='1420' height='286'\t\t\t\t\talt=\"https:\/\/files.sunoresearch.com.br\/n\/uploads\/2023\/03\/Ebook-Acoes-Desktop-1.jpg\"\n\t\t\t\t>\n\t\t\t<\/picture>\n\t\t<\/a>\n\t<\/p>\n\n\n","protected":false},"excerpt":{"rendered":"<p>Em manifesta\u00e7\u00e3o protocolada no \u00faltimo domingo (10), a Americanas (AMER3) voltou a negar as argumenta\u00e7\u00f5es do ex-diretor-presidente da empresa, Miguel Gutierrez, apresentadas em processo judicial movido pelo Bradesco (BBDC4) contra a varejista. MAXR11, Americanas (AMER3). Foto: Divulga\u00e7\u00e3o Em comunicado \u00e0 imprensa, a companhia reiterou que Gutierrez &#8220;n\u00e3o apresentou contraprovas, em nenhum momento, para os documentos [&hellip;]<\/p>\n","protected":false},"author":313,"featured_media":350274,"comment_status":"closed","ping_status":"closed","sticky":false,"template":"","format":"standard","meta":[],"categories":[64],"tags":[286,106605,392,314],"suno_strategy":[],"class_list":["post-454098","post","type-post","status-publish","format-standard","has-post-thumbnail","hentry","category-negocios","tag-acoes","tag-americanas-s-a-amer3","tag-bradesco-bbdc3-bbdc4","tag-recuperacao-judicial"],"yoast_head":"<!-- This site is optimized with the Yoast SEO plugin v24.4 - https:\/\/yoast.com\/wordpress\/plugins\/seo\/ -->\n<title>Americanas (AMER3) nega afirma\u00e7\u00f5es de ex-CEO expostas em processo<\/title>\n<meta name=\"description\" content=\"A Americanas voltou a negar as argumenta\u00e7\u00f5es de Miguel Gutierrez, apresentadas em processo movido pelo Bradesco (BBDC4) contra a varejista.\" \/>\n<meta name=\"robots\" content=\"index, follow, max-snippet:-1, max-image-preview:large, max-video-preview:-1\" \/>\n<link rel=\"canonical\" href=\"https:\/\/www.suno.com.br\/noticias\/americanas-amer3-ex-ceo-processo-gpj\/\" \/>\n<meta property=\"og:locale\" content=\"pt_BR\" \/>\n<meta property=\"og:type\" content=\"article\" \/>\n<meta property=\"og:title\" content=\"Americanas (AMER3) nega afirma\u00e7\u00f5es de ex-CEO expostas em processo\" \/>\n<meta property=\"og:description\" content=\"A Americanas voltou a negar as argumenta\u00e7\u00f5es de Miguel Gutierrez, apresentadas em processo movido pelo Bradesco (BBDC4) contra a varejista.\" \/>\n<meta property=\"og:url\" content=\"https:\/\/www.suno.com.br\/noticias\/americanas-amer3-ex-ceo-processo-gpj\/\" \/>\n<meta property=\"og:site_name\" content=\"Suno Not\u00edcias\" \/>\n<meta property=\"article:publisher\" content=\"https:\/\/facebook.com\/sunoresearch\" \/>\n<meta property=\"og:image\" content=\"https:\/\/files.sunoresearch.com.br\/n\/uploads\/2023\/01\/Americanas-divulgacao.jpg\" \/>\n\t<meta property=\"og:image:width\" content=\"1200\" \/>\n\t<meta property=\"og:image:height\" content=\"800\" \/>\n\t<meta property=\"og:image:type\" content=\"image\/jpeg\" \/>\n<meta name=\"author\" content=\"Giovanni Porf\u00edrio Jacomino\" \/>\n<meta name=\"twitter:card\" content=\"summary_large_image\" \/>\n<meta name=\"twitter:creator\" content=\"@sunoresearch\" \/>\n<meta name=\"twitter:site\" content=\"@sunoresearch\" \/>\n<meta name=\"twitter:label1\" content=\"Escrito por\" \/>\n\t<meta name=\"twitter:data1\" content=\"Giovanni Porf\u00edrio Jacomino\" \/>\n\t<meta name=\"twitter:label2\" content=\"Est. tempo de leitura\" \/>\n\t<meta name=\"twitter:data2\" content=\"5 minutos\" \/>\n<script type=\"application\/ld+json\" class=\"yoast-schema-graph\">{\"@context\":\"https:\/\/schema.org\",\"@graph\":[{\"@type\":\"NewsArticle\",\"@id\":\"https:\/\/www.suno.com.br\/noticias\/americanas-amer3-ex-ceo-processo-gpj\/#article\",\"isPartOf\":{\"@id\":\"https:\/\/www.suno.com.br\/noticias\/americanas-amer3-ex-ceo-processo-gpj\/\"},\"author\":{\"name\":\"Giovanni Porf\u00edrio Jacomino\",\"@id\":\"https:\/\/www.suno.com.br\/noticias\/#\/schema\/person\/d0f32748bbca4bee871fa191ee4e2d40\"},\"headline\":\"Americanas (AMER3) nega afirma\u00e7\u00f5es de ex-CEO apresentadas em processo; saiba mais\",\"datePublished\":\"2023-09-11T11:44:56+00:00\",\"dateModified\":\"2023-09-11T11:53:36+00:00\",\"mainEntityOfPage\":{\"@id\":\"https:\/\/www.suno.com.br\/noticias\/americanas-amer3-ex-ceo-processo-gpj\/\"},\"wordCount\":901,\"publisher\":{\"@id\":\"https:\/\/www.suno.com.br\/noticias\/#organization\"},\"image\":{\"@id\":\"https:\/\/www.suno.com.br\/noticias\/americanas-amer3-ex-ceo-processo-gpj\/#primaryimage\"},\"thumbnailUrl\":\"https:\/\/files.sunoresearch.com.br\/n\/uploads\/2023\/01\/Americanas-divulgacao.jpg\",\"keywords\":[\"A\u00e7\u00f5es\",\"Americanas (AMER3)\",\"Bradesco (BBDC3\/BBDC4)\",\"recupera\u00e7\u00e3o judicial\"],\"articleSection\":[\"Neg\u00f3cios\"],\"inLanguage\":\"pt-BR\"},{\"@type\":\"WebPage\",\"@id\":\"https:\/\/www.suno.com.br\/noticias\/americanas-amer3-ex-ceo-processo-gpj\/\",\"url\":\"https:\/\/www.suno.com.br\/noticias\/americanas-amer3-ex-ceo-processo-gpj\/\",\"name\":\"Americanas (AMER3) nega afirma\u00e7\u00f5es de ex-CEO expostas em processo\",\"isPartOf\":{\"@id\":\"https:\/\/www.suno.com.br\/noticias\/#website\"},\"primaryImageOfPage\":{\"@id\":\"https:\/\/www.suno.com.br\/noticias\/americanas-amer3-ex-ceo-processo-gpj\/#primaryimage\"},\"image\":{\"@id\":\"https:\/\/www.suno.com.br\/noticias\/americanas-amer3-ex-ceo-processo-gpj\/#primaryimage\"},\"thumbnailUrl\":\"https:\/\/files.sunoresearch.com.br\/n\/uploads\/2023\/01\/Americanas-divulgacao.jpg\",\"datePublished\":\"2023-09-11T11:44:56+00:00\",\"dateModified\":\"2023-09-11T11:53:36+00:00\",\"description\":\"A Americanas voltou a negar as argumenta\u00e7\u00f5es de Miguel Gutierrez, apresentadas em processo movido pelo Bradesco (BBDC4) contra a varejista.\",\"breadcrumb\":{\"@id\":\"https:\/\/www.suno.com.br\/noticias\/americanas-amer3-ex-ceo-processo-gpj\/#breadcrumb\"},\"inLanguage\":\"pt-BR\",\"potentialAction\":[{\"@type\":\"ReadAction\",\"target\":[\"https:\/\/www.suno.com.br\/noticias\/americanas-amer3-ex-ceo-processo-gpj\/\"]}]},{\"@type\":\"ImageObject\",\"inLanguage\":\"pt-BR\",\"@id\":\"https:\/\/www.suno.com.br\/noticias\/americanas-amer3-ex-ceo-processo-gpj\/#primaryimage\",\"url\":\"https:\/\/files.sunoresearch.com.br\/n\/uploads\/2023\/01\/Americanas-divulgacao.jpg\",\"contentUrl\":\"https:\/\/files.sunoresearch.com.br\/n\/uploads\/2023\/01\/Americanas-divulgacao.jpg\",\"width\":1200,\"height\":800,\"caption\":\"MAXR11, Americanas (AMER3). Foto: Divulga\u00e7\u00e3o\"},{\"@type\":\"BreadcrumbList\",\"@id\":\"https:\/\/www.suno.com.br\/noticias\/americanas-amer3-ex-ceo-processo-gpj\/#breadcrumb\",\"itemListElement\":[{\"@type\":\"ListItem\",\"position\":1,\"name\":\"Not\u00edcias\",\"item\":\"https:\/\/www.suno.com.br\/noticias\/\"},{\"@type\":\"ListItem\",\"position\":2,\"name\":\"Neg\u00f3cios\",\"item\":\"https:\/\/www.suno.com.br\/noticias\/negocios\/\"},{\"@type\":\"ListItem\",\"position\":3,\"name\":\"Americanas (AMER3) nega afirma\u00e7\u00f5es de ex-CEO apresentadas em processo; saiba mais\"}]},{\"@type\":\"WebSite\",\"@id\":\"https:\/\/www.suno.com.br\/noticias\/#website\",\"url\":\"https:\/\/www.suno.com.br\/noticias\/\",\"name\":\"Suno Not\u00edcias\",\"description\":\"Seu portal de informa\u00e7\u00e3o sobre o mundo dos investimentos\",\"publisher\":{\"@id\":\"https:\/\/www.suno.com.br\/noticias\/#organization\"},\"potentialAction\":[{\"@type\":\"SearchAction\",\"target\":{\"@type\":\"EntryPoint\",\"urlTemplate\":\"https:\/\/www.suno.com.br\/noticias\/?s={search_term_string}\"},\"query-input\":{\"@type\":\"PropertyValueSpecification\",\"valueRequired\":true,\"valueName\":\"search_term_string\"}}],\"inLanguage\":\"pt-BR\"},{\"@type\":\"Organization\",\"@id\":\"https:\/\/www.suno.com.br\/noticias\/#organization\",\"name\":\"Suno Not\u00edcias\",\"url\":\"https:\/\/www.suno.com.br\/noticias\/\",\"logo\":{\"@type\":\"ImageObject\",\"inLanguage\":\"pt-BR\",\"@id\":\"https:\/\/www.suno.com.br\/noticias\/#\/schema\/logo\/image\/\",\"url\":\"https:\/\/files.sunoresearch.com.br\/n\/uploads\/2021\/09\/suno-logo.png\",\"contentUrl\":\"https:\/\/files.sunoresearch.com.br\/n\/uploads\/2021\/09\/suno-logo.png\",\"width\":180,\"height\":180,\"caption\":\"Suno Not\u00edcias\"},\"image\":{\"@id\":\"https:\/\/www.suno.com.br\/noticias\/#\/schema\/logo\/image\/\"},\"sameAs\":[\"https:\/\/facebook.com\/sunoresearch\",\"https:\/\/x.com\/sunoresearch\",\"https:\/\/www.instagram.com\/suno\",\"https:\/\/www.linkedin.com\/company\/suno-research\/\",\"https:\/\/www.youtube.com\/c\/sunoresearch\"]},{\"@type\":\"Person\",\"@id\":\"https:\/\/www.suno.com.br\/noticias\/#\/schema\/person\/d0f32748bbca4bee871fa191ee4e2d40\",\"name\":\"Giovanni Porf\u00edrio Jacomino\",\"image\":{\"@type\":\"ImageObject\",\"inLanguage\":\"pt-BR\",\"@id\":\"https:\/\/www.suno.com.br\/noticias\/#\/schema\/person\/image\/\",\"url\":\"https:\/\/secure.gravatar.com\/avatar\/efb32e19b730a121cb7a80f41ffec01a?s=96&r=g\",\"contentUrl\":\"https:\/\/secure.gravatar.com\/avatar\/efb32e19b730a121cb7a80f41ffec01a?s=96&r=g\",\"caption\":\"Giovanni Porf\u00edrio Jacomino\"},\"description\":\"Giovanni Porf\u00edrio Jacomino \u00e9 jornalista formado pela Universidade Estadual de Londrina (UEL) e p\u00f3s-graduado em Produ\u00e7\u00e3o e Pr\u00e1ticas Jornal\u00edsticas na Contemporaneidade na Faculdade C\u00e1sper L\u00edbero (FCL). Foi editor web no Startupi e no Finsiders, atuando ainda como editor no TC Mover, portal de not\u00edcias da TradersClub, fazendo a cobertura de assuntos relacionados ao mercado financeiro interno e externo. Atualmente, \u00e9 Rep\u00f3rter do Suno Not\u00edcias.\",\"url\":\"https:\/\/www.suno.com.br\/noticias\/author\/giovanni-porfiriosuno-com-br\/\"}]}<\/script>\n<!-- \/ Yoast SEO plugin. -->","yoast_head_json":{"title":"Americanas (AMER3) nega afirma\u00e7\u00f5es de ex-CEO expostas em processo","description":"A Americanas voltou a negar as argumenta\u00e7\u00f5es de Miguel Gutierrez, apresentadas em processo movido pelo Bradesco (BBDC4) contra a varejista.","robots":{"index":"index","follow":"follow","max-snippet":"max-snippet:-1","max-image-preview":"max-image-preview:large","max-video-preview":"max-video-preview:-1"},"canonical":"https:\/\/www.suno.com.br\/noticias\/americanas-amer3-ex-ceo-processo-gpj\/","og_locale":"pt_BR","og_type":"article","og_title":"Americanas (AMER3) nega afirma\u00e7\u00f5es de ex-CEO expostas em processo","og_description":"A Americanas voltou a negar as argumenta\u00e7\u00f5es de Miguel Gutierrez, apresentadas em processo movido pelo Bradesco (BBDC4) contra a varejista.","og_url":"https:\/\/www.suno.com.br\/noticias\/americanas-amer3-ex-ceo-processo-gpj\/","og_site_name":"Suno Not\u00edcias","article_publisher":"https:\/\/facebook.com\/sunoresearch","og_image":[{"width":1200,"height":800,"url":"https:\/\/files.sunoresearch.com.br\/n\/uploads\/2023\/01\/Americanas-divulgacao.jpg","type":"image\/jpeg"}],"author":"Giovanni Porf\u00edrio Jacomino","twitter_card":"summary_large_image","twitter_creator":"@sunoresearch","twitter_site":"@sunoresearch","twitter_misc":{"Escrito por":"Giovanni Porf\u00edrio Jacomino","Est. tempo de leitura":"5 minutos"},"schema":{"@context":"https:\/\/schema.org","@graph":[{"@type":"NewsArticle","@id":"https:\/\/www.suno.com.br\/noticias\/americanas-amer3-ex-ceo-processo-gpj\/#article","isPartOf":{"@id":"https:\/\/www.suno.com.br\/noticias\/americanas-amer3-ex-ceo-processo-gpj\/"},"author":{"name":"Giovanni Porf\u00edrio Jacomino","@id":"https:\/\/www.suno.com.br\/noticias\/#\/schema\/person\/d0f32748bbca4bee871fa191ee4e2d40"},"headline":"Americanas (AMER3) nega afirma\u00e7\u00f5es de ex-CEO apresentadas em processo; saiba mais","datePublished":"2023-09-11T11:44:56+00:00","dateModified":"2023-09-11T11:53:36+00:00","mainEntityOfPage":{"@id":"https:\/\/www.suno.com.br\/noticias\/americanas-amer3-ex-ceo-processo-gpj\/"},"wordCount":901,"publisher":{"@id":"https:\/\/www.suno.com.br\/noticias\/#organization"},"image":{"@id":"https:\/\/www.suno.com.br\/noticias\/americanas-amer3-ex-ceo-processo-gpj\/#primaryimage"},"thumbnailUrl":"https:\/\/files.sunoresearch.com.br\/n\/uploads\/2023\/01\/Americanas-divulgacao.jpg","keywords":["A\u00e7\u00f5es","Americanas (AMER3)","Bradesco (BBDC3\/BBDC4)","recupera\u00e7\u00e3o judicial"],"articleSection":["Neg\u00f3cios"],"inLanguage":"pt-BR"},{"@type":"WebPage","@id":"https:\/\/www.suno.com.br\/noticias\/americanas-amer3-ex-ceo-processo-gpj\/","url":"https:\/\/www.suno.com.br\/noticias\/americanas-amer3-ex-ceo-processo-gpj\/","name":"Americanas (AMER3) nega afirma\u00e7\u00f5es de ex-CEO expostas em processo","isPartOf":{"@id":"https:\/\/www.suno.com.br\/noticias\/#website"},"primaryImageOfPage":{"@id":"https:\/\/www.suno.com.br\/noticias\/americanas-amer3-ex-ceo-processo-gpj\/#primaryimage"},"image":{"@id":"https:\/\/www.suno.com.br\/noticias\/americanas-amer3-ex-ceo-processo-gpj\/#primaryimage"},"thumbnailUrl":"https:\/\/files.sunoresearch.com.br\/n\/uploads\/2023\/01\/Americanas-divulgacao.jpg","datePublished":"2023-09-11T11:44:56+00:00","dateModified":"2023-09-11T11:53:36+00:00","description":"A Americanas voltou a negar as argumenta\u00e7\u00f5es de Miguel Gutierrez, apresentadas em processo movido pelo Bradesco (BBDC4) contra a varejista.","breadcrumb":{"@id":"https:\/\/www.suno.com.br\/noticias\/americanas-amer3-ex-ceo-processo-gpj\/#breadcrumb"},"inLanguage":"pt-BR","potentialAction":[{"@type":"ReadAction","target":["https:\/\/www.suno.com.br\/noticias\/americanas-amer3-ex-ceo-processo-gpj\/"]}]},{"@type":"ImageObject","inLanguage":"pt-BR","@id":"https:\/\/www.suno.com.br\/noticias\/americanas-amer3-ex-ceo-processo-gpj\/#primaryimage","url":"https:\/\/files.sunoresearch.com.br\/n\/uploads\/2023\/01\/Americanas-divulgacao.jpg","contentUrl":"https:\/\/files.sunoresearch.com.br\/n\/uploads\/2023\/01\/Americanas-divulgacao.jpg","width":1200,"height":800,"caption":"MAXR11, Americanas (AMER3). Foto: Divulga\u00e7\u00e3o"},{"@type":"BreadcrumbList","@id":"https:\/\/www.suno.com.br\/noticias\/americanas-amer3-ex-ceo-processo-gpj\/#breadcrumb","itemListElement":[{"@type":"ListItem","position":1,"name":"Not\u00edcias","item":"https:\/\/www.suno.com.br\/noticias\/"},{"@type":"ListItem","position":2,"name":"Neg\u00f3cios","item":"https:\/\/www.suno.com.br\/noticias\/negocios\/"},{"@type":"ListItem","position":3,"name":"Americanas (AMER3) nega afirma\u00e7\u00f5es de ex-CEO apresentadas em processo; saiba mais"}]},{"@type":"WebSite","@id":"https:\/\/www.suno.com.br\/noticias\/#website","url":"https:\/\/www.suno.com.br\/noticias\/","name":"Suno Not\u00edcias","description":"Seu portal de informa\u00e7\u00e3o sobre o mundo dos investimentos","publisher":{"@id":"https:\/\/www.suno.com.br\/noticias\/#organization"},"potentialAction":[{"@type":"SearchAction","target":{"@type":"EntryPoint","urlTemplate":"https:\/\/www.suno.com.br\/noticias\/?s={search_term_string}"},"query-input":{"@type":"PropertyValueSpecification","valueRequired":true,"valueName":"search_term_string"}}],"inLanguage":"pt-BR"},{"@type":"Organization","@id":"https:\/\/www.suno.com.br\/noticias\/#organization","name":"Suno Not\u00edcias","url":"https:\/\/www.suno.com.br\/noticias\/","logo":{"@type":"ImageObject","inLanguage":"pt-BR","@id":"https:\/\/www.suno.com.br\/noticias\/#\/schema\/logo\/image\/","url":"https:\/\/files.sunoresearch.com.br\/n\/uploads\/2021\/09\/suno-logo.png","contentUrl":"https:\/\/files.sunoresearch.com.br\/n\/uploads\/2021\/09\/suno-logo.png","width":180,"height":180,"caption":"Suno Not\u00edcias"},"image":{"@id":"https:\/\/www.suno.com.br\/noticias\/#\/schema\/logo\/image\/"},"sameAs":["https:\/\/facebook.com\/sunoresearch","https:\/\/x.com\/sunoresearch","https:\/\/www.instagram.com\/suno","https:\/\/www.linkedin.com\/company\/suno-research\/","https:\/\/www.youtube.com\/c\/sunoresearch"]},{"@type":"Person","@id":"https:\/\/www.suno.com.br\/noticias\/#\/schema\/person\/d0f32748bbca4bee871fa191ee4e2d40","name":"Giovanni Porf\u00edrio Jacomino","image":{"@type":"ImageObject","inLanguage":"pt-BR","@id":"https:\/\/www.suno.com.br\/noticias\/#\/schema\/person\/image\/","url":"https:\/\/secure.gravatar.com\/avatar\/efb32e19b730a121cb7a80f41ffec01a?s=96&r=g","contentUrl":"https:\/\/secure.gravatar.com\/avatar\/efb32e19b730a121cb7a80f41ffec01a?s=96&r=g","caption":"Giovanni Porf\u00edrio Jacomino"},"description":"Giovanni Porf\u00edrio Jacomino \u00e9 jornalista formado pela Universidade Estadual de Londrina (UEL) e p\u00f3s-graduado em Produ\u00e7\u00e3o e Pr\u00e1ticas Jornal\u00edsticas na Contemporaneidade na Faculdade C\u00e1sper L\u00edbero (FCL). Foi editor web no Startupi e no Finsiders, atuando ainda como editor no TC Mover, portal de not\u00edcias da TradersClub, fazendo a cobertura de assuntos relacionados ao mercado financeiro interno e externo. Atualmente, \u00e9 Rep\u00f3rter do Suno Not\u00edcias.","url":"https:\/\/www.suno.com.br\/noticias\/author\/giovanni-porfiriosuno-com-br\/"}]}},"default_loop_html":"<div class=\"cardsPage__listCard__boxs\"><div class=\"cardsPage__listCard__boxs__img\"><a href=\"https:\/\/www.suno.com.br\/noticias\/americanas-amer3-ex-ceo-processo-gpj\/\"><img class=\"mask\" src=\"https:\/\/www.suno.com.br\/noticias\/wp-content\/themes\/suno\/resources\/images\/spotlight\/spotlight1img\/bg-mask.png\" alt=\"Image Mask\"\/><img src=\"https:\/\/files.sunoresearch.com.br\/n\/uploads\/2023\/01\/Americanas-divulgacao-400x200.jpg\" alt=\"Americanas (AMER3) nega afirma\u00e7\u00f5es de ex-CEO apresentadas em processo; saiba mais\"\/><\/a><span class=\"spotlightCategory\"><a href=\"https:\/\/www.suno.com.br\/noticias\/negocios\/\">Neg\u00f3cios<\/a><\/span><\/div><div class=\"cardsPage__listCard__boxs__content\"><a href=\"https:\/\/www.suno.com.br\/noticias\/americanas-amer3-ex-ceo-processo-gpj\/\"><h2 class=\"content__title\">Americanas (AMER3) nega afirma\u00e7\u00f5es de ex-CEO apresentadas em processo; saiba mais<\/h2><\/a><div class=\"newsContent__article__meta\"><div class=\"newsContent__article__meta__authorBox\"><a href=\"https:\/\/www.suno.com.br\/noticias\/author\/giovanni-porfiriosuno-com-br\/\" class=\"authorBox__avatar noMobi\"><img src=\"https:\/\/files.sunoresearch.com.br\/n\/uploads\/2024\/05\/DSCF4115-1-1-150x150.webp\" alt=\"Giovanni Porf\u00edrio Jacomino\"><\/a><div class=\"authorBox__name\"><span>por\n\t\t\t<a href=\"https:\/\/www.suno.com.br\/noticias\/author\/giovanni-porfiriosuno-com-br\/\"><span itemprop=\"author\">Giovanni Porf\u00edrio Jacomino<\/span><\/a><\/span><time datetime=\"2023-09-11T08:44:56-03:00\" itemprop=\"datePublished\">11\/09\/2023 08:44<\/time><\/div><\/div><\/div><\/div><\/div>","single_layout":"posts","amp_enabled":true,"_links":{"self":[{"href":"https:\/\/www.suno.com.br\/noticias\/wp-json\/wp\/v2\/posts\/454098"}],"collection":[{"href":"https:\/\/www.suno.com.br\/noticias\/wp-json\/wp\/v2\/posts"}],"about":[{"href":"https:\/\/www.suno.com.br\/noticias\/wp-json\/wp\/v2\/types\/post"}],"author":[{"embeddable":true,"href":"https:\/\/www.suno.com.br\/noticias\/wp-json\/wp\/v2\/users\/313"}],"replies":[{"embeddable":true,"href":"https:\/\/www.suno.com.br\/noticias\/wp-json\/wp\/v2\/comments?post=454098"}],"version-history":[{"count":3,"href":"https:\/\/www.suno.com.br\/noticias\/wp-json\/wp\/v2\/posts\/454098\/revisions"}],"predecessor-version":[{"id":454125,"href":"https:\/\/www.suno.com.br\/noticias\/wp-json\/wp\/v2\/posts\/454098\/revisions\/454125"}],"wp:featuredmedia":[{"embeddable":true,"href":"https:\/\/www.suno.com.br\/noticias\/wp-json\/wp\/v2\/media\/350274"}],"wp:attachment":[{"href":"https:\/\/www.suno.com.br\/noticias\/wp-json\/wp\/v2\/media?parent=454098"}],"wp:term":[{"taxonomy":"category","embeddable":true,"href":"https:\/\/www.suno.com.br\/noticias\/wp-json\/wp\/v2\/categories?post=454098"},{"taxonomy":"post_tag","embeddable":true,"href":"https:\/\/www.suno.com.br\/noticias\/wp-json\/wp\/v2\/tags?post=454098"},{"taxonomy":"suno_strategy","embeddable":true,"href":"https:\/\/www.suno.com.br\/noticias\/wp-json\/wp\/v2\/suno_strategy?post=454098"}],"curies":[{"name":"wp","href":"https:\/\/api.w.org\/{rel}","templated":true}]}}