{"id":454044,"date":"2023-09-11T08:38:11","date_gmt":"2023-09-11T11:38:11","guid":{"rendered":"https:\/\/www.suno.com.br\/noticias\/?p=454044"},"modified":"2023-09-11T08:38:19","modified_gmt":"2023-09-11T11:38:19","slug":"agenda-ofertas-xplg11-rinv11-setembro-cpf","status":"publish","type":"post","link":"https:\/\/www.suno.com.br\/noticias\/agenda-ofertas-xplg11-rinv11-setembro-cpf\/","title":{"rendered":"XPLG11, RINV11: Veja a agenda de ofertas de fundos imobili\u00e1rios desta semana"},"content":{"rendered":"<p>Nesta semana, as ofertas de <a class=\"suno-keyword\" data-force=\"no\" data-priority=\"2\" href=\"https:\/\/www.suno.com.br\/fundos-imobiliarios\/\" target=\"_blank\" rel=\"noopener\">fundos imobili\u00e1rios<\/a> como XPLG11 e RINV11 devem ficar no radar dos investidores. As ofertas destes e mais FIIs dever\u00e1 atrair a aten\u00e7\u00e3o dos cotistas para o prazo dos per\u00edodos de prefer\u00eancia. <\/p>\t<div class=\"wrapper-featured-image\">\n\t\t<figure class=\"spotlightImg\">\n\n\t\t\t<picture>\n\t\t\t\t<source media=\"(max-width: 768px)\" srcset=\"https:\/\/files.sunoresearch.com.br\/n\/uploads\/2023\/05\/fundos-imobiliarios-victor-freitas-unsplash-400x200.jpg\">\n\t\t\t\t<img loading=\"lazy\" decoding=\"async\" class=\"newsContent__article__imgCapa lazyloadDisabled \" src=\"https:\/\/files.sunoresearch.com.br\/n\/uploads\/2023\/05\/fundos-imobiliarios-victor-freitas-unsplash-800x450.jpg\" width=\"800\" height=\"450\" alt=\"XPLG11, RINV11: Veja a agenda de ofertas de fundos imobili\u00e1rios desta semana\" fetchpriority=high \/>\n\t\t\t<\/picture>\n\n\t\t\t<figcaption class=\"wp-caption-text wp-caption-text--show\">Fundos imobili\u00e1rios - Foto: Unsplash<\/figcaption>\n\t\t<\/figure>\n\t<\/div>\n\n\n\n\n\n\t<p>\n\t\t<a href=\"\" target=\"_blank\" data-element=\"shortcode-suno-banner\" title=\"Banner SUNO, clique e saiba mais\">\n\t\t\t<picture>\n\t\t\t\t<source media=\"(max-width: 500px)\" srcset=\"\">\n\t\t\t\t<img class=\"newsContent__article__imgCapa newsContent__article__imgCapa--banner\"\n\t\t\t\t\tsrc=\"\"\n\t\t\t\t\tdata-promo-id=\"77050\"\t\t\t\t\t\t\t\t\t\t\t\t\t\t\talt=\"\"\n\t\t\t\t>\n\t\t\t<\/picture>\n\t\t<\/a>\n\t<\/p>\n\n\n\n\n\n<p>O investidor precisa ficar atento para n\u00e3o perder os prazos de prefer\u00eancia dos <strong>fundos imobili\u00e1rios<\/strong>, caso deseja participar das ofertas.<\/p>\n\n\n\n<p>Veja abaixo o cronograma das emiss\u00f5es desta semana:<\/p>\n\n\n\n<h2 class=\"wp-block-heading\">In\u00edcio do per\u00edodo de prefer\u00eancia dos FIIs<\/h2>\n\n\n\n<p>N\u00e3o h\u00e1 nenhuma <strong>oferta de fundo imobili\u00e1rio<\/strong> cujo per\u00edodo de prefer\u00eancia ter\u00e1 in\u00edcio nesta semana.<\/p>\n\n\n\n<p>O per\u00edodo prefer\u00eancia nas ofertas \u00e9 importante para os atuais cotistas que desejam adquirir mais cotas do FII durante a emiss\u00e3o.<\/p>\n\n\n\n<h2 class=\"wp-block-heading\">Per\u00edodos de prefer\u00eancia que terminam essa semana<\/h2>\n\n\n\n<p><strong>RINV11<\/strong><\/p>\n\n\n\n<p>O FII RINV11 \u00e9 um fundo com investimentos mistos.<\/p>\n\n\n\n<p>Essa \u00e9 a 2\u00aa emiss\u00e3o de cotas do fundo imobili\u00e1rio RINV11, que est\u00e1 ofertando 545.306 novas cotas.<\/p>\n\n\n\n<p>A <a class=\"suno-keyword\" data-force=\"no\" data-priority=\"1\" href=\"https:\/\/www.suno.com.br\/artigos\/oferta-restrita\/\" target=\"_blank\" rel=\"noopener\">oferta restrita<\/a> quer captar R$ 60.000.019,18.A data de prefer\u00eancia ficou definida de 01\/09\/2023 a 14\/09\/2023. A propor\u00e7\u00e3o do per\u00edodo de prefer\u00eancia soma 151,41 e o coordenador-l\u00edder \u00e9 Terra.<\/p>\n\n\n\n<p><strong>XPLG11<\/strong><\/p>\n\n\n\n<p>O FII XPLG11 \u00e9 um fundo de Im\u00f3veis Industriais e Log\u00edsticos, com investimentos em Fundo de Tijolo.<\/p>\n\n\n\n<p>Essa \u00e9 a 6\u00aa emiss\u00e3o de cotas do fundo imobili\u00e1rio XPLG11, que est\u00e1 ofertando 4.491.153 novas cotas.<\/p>\n\n\n\n<p>A <a class=\"suno-keyword\" data-force=\"no\" data-priority=\"1\" href=\"https:\/\/www.suno.com.br\/artigos\/oferta-restrita\/\" target=\"_blank\" rel=\"noopener\">oferta restrita<\/a> quer captar R$ 500.000.063,49. A data de prefer\u00eancia ficou definida de 04\/09\/2023 a 15\/09\/2023. A propor\u00e7\u00e3o do per\u00edodo de prefer\u00eancia soma 13,26.<\/p>\n\n\n\n<p>A taxa de emiss\u00e3o ficou em 1,54% e o coordenador-l\u00edder \u00e9 XP.<\/p>\n\n\n\t<p>\n\t\t<a href=\"https:\/\/lp.suno.com.br\/planilha-controle-gastos\/\" target=\"_blank\" data-element=\"shortcode-suno-banner\" title=\"Banner SUNO, clique e saiba mais\">\n\t\t\t<picture>\n\t\t\t\t<source media=\"(max-width: 500px)\" srcset=\"https:\/\/files.sunoresearch.com.br\/n\/uploads\/2023\/03\/400x300-Planilha-controle-de-gastos.png\">\n\t\t\t\t<img class=\"newsContent__article__imgCapa newsContent__article__imgCapa--banner\"\n\t\t\t\t\tsrc=\"https:\/\/files.sunoresearch.com.br\/n\/uploads\/2023\/03\/1420x240-Planilha-controle-de-gastos.png\"\n\t\t\t\t\tdata-promo-id=\"101751\"\t\t\t\t\t\t\t\t\t\twidth='1420' height='240'\t\t\t\t\talt=\"https:\/\/files.sunoresearch.com.br\/n\/uploads\/2023\/03\/1420x240-Planilha-controle-de-gastos.png\"\n\t\t\t\t>\n\t\t\t<\/picture>\n\t\t<\/a>\n\t<\/p>\n\n\n\n\n\n<h2 class=\"wp-block-heading\">Per\u00edodos de sobra de ofertas de FII que come\u00e7am essa semana<\/h2>\n\n\n\n<p><strong>HGBS11<\/strong><\/p>\n\n\n\n<p>O FII <a class=\"suno-keyword\" target=\"_blank\" data-force=\"yes\" data-priority=\"2\" href=\"https:\/\/www.suno.com.br\/fundos-imobiliarios\/hgbs11\/\" rel=\"noopener\">HGBS11<\/a> \u00e9 um fundo de Shoppings, com investimentos em Fundo de Tijolo.<\/p>\n\n\n\n<p>Essa \u00e9 a 9\u00aa emiss\u00e3o de cotas do fundo imobili\u00e1rio HGBS11, que est\u00e1 ofertando 2.812.500 novas cotas.<\/p>\n\n\n\n<p>A oferta p\u00fablica quer captar R$ 625.331.250,00.<\/p>\n\n\n\n<p>A data de prefer\u00eancia ficou definida de 11\/09\/2023 a 15\/09\/2023. A propor\u00e7\u00e3o do per\u00edodo de prefer\u00eancia soma 22,50. A taxa de emiss\u00e3o ficou em 2,10% e o coordenador-l\u00edder \u00e9 a Hedge.<\/p>\n\n\n\n<h2 class=\"wp-block-heading\">Fim do per\u00edodo de sobra de ofertas de fundos imobili\u00e1rios<\/h2>\n\n\n\n<p><strong>GGRC11<\/strong><\/p>\n\n\n\n<p>O FII <a class=\"suno-keyword\" target=\"_blank\" data-force=\"yes\" data-priority=\"2\" href=\"https:\/\/www.suno.com.br\/fundos-imobiliarios\/ggrc11\/\" rel=\"noopener\">GGRC11<\/a> \u00e9 um fundo de Im\u00f3veis Industriais e Log\u00edsticos, com investimentos em Fundo de Tijolo.<\/p>\n\n\n\n<p>Essa \u00e9 a 6\u00aa emiss\u00e3o de cotas do fundo imobili\u00e1rio GGRC11, que est\u00e1 ofertando 2.165.571 novas cotas.<\/p>\n\n\n\n<p>A oferta p\u00fablica quer captar R$ 246.875.094,00. A data de prefer\u00eancia ficou definida de 05\/09\/2023 a 12\/09\/2023.<\/p>\n\n\n\n<p>A propor\u00e7\u00e3o do per\u00edodo de prefer\u00eancia soma 21,30. A taxa de emiss\u00e3o ficou em 1,32% e o coordenador-l\u00edder \u00e9 Guide.<\/p>\n\n\n\n<p><strong>HFOF11<\/strong><\/p>\n\n\n\n<p>O FII <a class=\"suno-keyword\" target=\"_blank\" data-force=\"yes\" data-priority=\"2\" href=\"https:\/\/www.suno.com.br\/fundos-imobiliarios\/hfof11\/\" rel=\"noopener\">HFOF11<\/a> \u00e9 um fundo de Fundo de Fundos, com investimentos em Fundo de Papel.<\/p>\n\n\n\n<p>Essa \u00e9 a 15\u00aa emiss\u00e3o de cotas do fundo imobili\u00e1rio HFOF11, que est\u00e1 ofertando 4.320.000 novas cotas.<\/p>\n\n\n\n<p>A <a class=\"suno-keyword\" data-force=\"no\" data-priority=\"1\" href=\"https:\/\/www.suno.com.br\/artigos\/oferta-restrita\/\" target=\"_blank\" rel=\"noopener\">oferta restrita<\/a> quer captar R$ 357.134.400,00. A data de prefer\u00eancia ficou definida de 05\/09\/2023 a 12\/09\/2023. A propor\u00e7\u00e3o do per\u00edodo de prefer\u00eancia soma 15,63. A taxa de emiss\u00e3o ficou em 1,50% e o coordenador-l\u00edder \u00e9 Hedge.<\/p>\n\n\n\n<p><strong>HGBS11<\/strong><\/p>\n\n\n\n<p>O FII <a class=\"suno-keyword\" target=\"_blank\" data-force=\"yes\" data-priority=\"2\" href=\"https:\/\/www.suno.com.br\/fundos-imobiliarios\/hgbs11\/\" rel=\"noopener\">HGBS11<\/a> \u00e9 um fundo de Shoppings, com investimentos em Fundo de Tijolo.<\/p>\n\n\n\n<p>Essa \u00e9 a 9\u00aa emiss\u00e3o de cotas do fundo imobili\u00e1rio HGBS11, que est\u00e1 ofertando 2.812.500 novas cotas.<\/p>\n\n\n\n<p>A oferta p\u00fablica quer captar R$ 625.331.250,00.A data de prefer\u00eancia ficou definida de 11\/09\/2023 a 15\/09\/2023. A propor\u00e7\u00e3o do per\u00edodo de prefer\u00eancia soma 22,50. A taxa de emiss\u00e3o ficou em 2,10% e o coordenador-l\u00edder \u00e9 Hedge.<\/p>\n\n\n\n<p><strong>VVCO11<\/strong><\/p>\n\n\n\n<p>O FII VVCO11 \u00e9 um fundo de <a class=\"suno-keyword\" target=\"_blank\" data-force=\"no\" data-priority=\"1\" href=\"https:\/\/www.suno.com.br\/artigos\/lajes-corporativas\/\" rel=\"noopener\">Lajes Corporativas<\/a>, com investimentos em Fundo de Tijolo.<\/p>\n\n\n\n<p>Essa \u00e9 a 7\u00aa emiss\u00e3o de cotas do fundo imobili\u00e1rio VVCO11, que est\u00e1 ofertando 4.948.576 novas cotas.<\/p>\n\n\n\n<p>A <a class=\"suno-keyword\" data-force=\"no\" data-priority=\"1\" href=\"https:\/\/www.suno.com.br\/artigos\/oferta-restrita\/\" target=\"_blank\" rel=\"noopener\">oferta restrita<\/a> quer captar R$ 62.550.000,64. A data de prefer\u00eancia ficou definida de 05\/09\/2023 a 11\/09\/2023. A propor\u00e7\u00e3o do per\u00edodo de prefer\u00eancia soma 98,68. A taxa de emiss\u00e3o ficou em 0,32% e o coordenador-l\u00edder \u00e9 o BTG.<\/p>\n\n\n\n<h2 class=\"wp-block-heading\">In\u00edcio do per\u00edodo de oferta p\u00fablica de FIIs<\/h2>\n\n\n\n<p>N\u00e3o est\u00e1 agendado para esta semana o in\u00edcio de oferta p\u00fablica de FIIs.<\/p>\n\n\n\n<h2 class=\"wp-block-heading\">Fim do per\u00edodo de ofertas p\u00fablica de FIIs<\/h2>\n\n\n\n<p><strong>SPXS11<\/strong><\/p>\n\n\n\n<p>O FII SPXS11 \u00e9 um fundo de investimentos mistos.<\/p>\n\n\n\n<p>Essa \u00e9 a 2\u00aa emiss\u00e3o de cotas do fundo imobili\u00e1rio SPXS11, que est\u00e1 ofertando 2.595.430 novas cotas.<\/p>\n\n\n\n<p>A oferta p\u00fablica quer captar R$ 249.991.817,60. A data de prefer\u00eancia ficou definida de 21\/07\/2023 a 17\/08\/2023. A propor\u00e7\u00e3o do per\u00edodo de prefer\u00eancia soma 167,69. A taxa de emiss\u00e3o ficou em 3,75% e o coordenador-l\u00edder \u00e9 BTG.<\/p>\n\n\n\n<h2 class=\"wp-block-heading\">Emiss\u00f5es de FIIs<\/h2>\n\n\n\n<p>Em geral, os <a class=\"suno-keyword\" target=\"_blank\" data-force=\"no\" data-priority=\"2\" href=\"https:\/\/www.suno.com.br\/fundos-imobiliarios\/\" rel=\"noopener\">fundos imobili\u00e1rios<\/a> emitem novas cotas para aumentar seu capital, ou ent\u00e3o quando est\u00e3o sendo estruturados.<\/p>\n\n\n\n<p>Neste processo, o fundo emite novas cota e as vende no mercado. O dinheiro arrecadado na oferta permite que o FII invista em novos ativos ou reforme aqueles que j\u00e1 est\u00e3o em sua carteira.<\/p>\n\n\n\n<p>Esta mat\u00e9ria n\u00e3o \u00e9 uma recomenda\u00e7\u00e3o de<strong> investimento em Fundos imobili\u00e1rios<\/strong>. Lembre-se de que, antes de investir em renda vari\u00e1vel, \u00e9 fundamental quitar suas d\u00edvidas e fazer uma reserva de emerg\u00eancia.<\/p>\n\n\n\t<p>\n\t\t<a href=\"https:\/\/lp.suno.com.br\/ebook-como-analisar-uma-acao\/\" target=\"_blank\" data-element=\"shortcode-suno-banner\" title=\"Banner SUNO, clique e saiba mais\">\n\t\t\t<picture>\n\t\t\t\t<source media=\"(max-width: 500px)\" srcset=\"https:\/\/files.sunoresearch.com.br\/n\/uploads\/2023\/03\/Ebook-Acoes-Mobile-1.jpg\">\n\t\t\t\t<img class=\"newsContent__article__imgCapa newsContent__article__imgCapa--banner\"\n\t\t\t\t\tsrc=\"https:\/\/files.sunoresearch.com.br\/n\/uploads\/2023\/03\/Ebook-Acoes-Desktop-1.jpg\"\n\t\t\t\t\tdata-promo-id=\"171998\"\t\t\t\t\t\t\t\t\t\twidth='1420' height='286'\t\t\t\t\talt=\"https:\/\/files.sunoresearch.com.br\/n\/uploads\/2023\/03\/Ebook-Acoes-Desktop-1.jpg\"\n\t\t\t\t>\n\t\t\t<\/picture>\n\t\t<\/a>\n\t<\/p>\n\n\n","protected":false},"excerpt":{"rendered":"<p>Nesta semana, as ofertas de fundos imobili\u00e1rios como XPLG11 e RINV11 devem ficar no radar dos investidores. As ofertas destes e mais FIIs dever\u00e1 atrair a aten\u00e7\u00e3o dos cotistas para o prazo dos per\u00edodos de prefer\u00eancia. Fundos imobili\u00e1rios &#8211; Foto: Unsplash O investidor precisa ficar atento para n\u00e3o perder os prazos de prefer\u00eancia dos fundos [&hellip;]<\/p>\n","protected":false},"author":283,"featured_media":400438,"comment_status":"closed","ping_status":"closed","sticky":false,"template":"","format":"standard","meta":[],"categories":[66],"tags":[315,2025,105842,106161],"suno_strategy":[],"class_list":["post-454044","post","type-post","status-publish","format-standard","has-post-thumbnail","hentry","category-fiis","tag-fundos-imobiliarios-fiis","tag-ggrc11","tag-hgbs11","tag-xplg11"],"yoast_head":"<!-- This site is optimized with the Yoast SEO plugin v24.4 - https:\/\/yoast.com\/wordpress\/plugins\/seo\/ -->\n<title>XPLG11, RINV11: Veja a agenda de ofertas de fundos desta semana<\/title>\n<meta name=\"description\" content=\"O per\u00edodo de prefer\u00eancia para investir em XPLG11 termina nesta semana. Veja as datas e emiss\u00f5es de cotas de outros FIIs.\" \/>\n<meta name=\"robots\" content=\"index, follow, max-snippet:-1, max-image-preview:large, max-video-preview:-1\" \/>\n<link rel=\"canonical\" href=\"https:\/\/www.suno.com.br\/noticias\/agenda-ofertas-xplg11-rinv11-setembro-cpf\/\" \/>\n<meta property=\"og:locale\" content=\"pt_BR\" \/>\n<meta property=\"og:type\" content=\"article\" \/>\n<meta property=\"og:title\" content=\"XPLG11, RINV11: Veja a agenda de ofertas de fundos desta semana\" \/>\n<meta property=\"og:description\" content=\"O per\u00edodo de prefer\u00eancia para investir em XPLG11 termina nesta semana. Veja as datas e emiss\u00f5es de cotas de outros FIIs.\" \/>\n<meta property=\"og:url\" content=\"https:\/\/www.suno.com.br\/noticias\/agenda-ofertas-xplg11-rinv11-setembro-cpf\/\" \/>\n<meta property=\"og:site_name\" content=\"Suno Not\u00edcias\" \/>\n<meta property=\"article:publisher\" content=\"https:\/\/facebook.com\/sunoresearch\" \/>\n<meta property=\"og:image\" content=\"https:\/\/files.sunoresearch.com.br\/n\/uploads\/2023\/05\/fundos-imobiliarios-victor-freitas-unsplash.jpg\" \/>\n\t<meta property=\"og:image:width\" content=\"1200\" \/>\n\t<meta property=\"og:image:height\" content=\"800\" \/>\n\t<meta property=\"og:image:type\" content=\"image\/jpeg\" \/>\n<meta name=\"author\" content=\"Camila Paim\" \/>\n<meta name=\"twitter:card\" content=\"summary_large_image\" \/>\n<meta name=\"twitter:creator\" content=\"@sunoresearch\" \/>\n<meta name=\"twitter:site\" content=\"@sunoresearch\" \/>\n<meta name=\"twitter:label1\" content=\"Escrito por\" \/>\n\t<meta name=\"twitter:data1\" content=\"Camila Paim\" \/>\n\t<meta name=\"twitter:label2\" content=\"Est. tempo de leitura\" \/>\n\t<meta name=\"twitter:data2\" content=\"5 minutos\" \/>\n<script type=\"application\/ld+json\" class=\"yoast-schema-graph\">{\"@context\":\"https:\/\/schema.org\",\"@graph\":[{\"@type\":\"NewsArticle\",\"@id\":\"https:\/\/www.suno.com.br\/noticias\/agenda-ofertas-xplg11-rinv11-setembro-cpf\/#article\",\"isPartOf\":{\"@id\":\"https:\/\/www.suno.com.br\/noticias\/agenda-ofertas-xplg11-rinv11-setembro-cpf\/\"},\"author\":{\"name\":\"Camila Paim\",\"@id\":\"https:\/\/www.suno.com.br\/noticias\/#\/schema\/person\/f341d3ae5d1cc685176c9a5327cdfdbb\"},\"headline\":\"XPLG11, RINV11: Veja a agenda de ofertas de fundos imobili\u00e1rios desta semana\",\"datePublished\":\"2023-09-11T11:38:11+00:00\",\"dateModified\":\"2023-09-11T11:38:19+00:00\",\"mainEntityOfPage\":{\"@id\":\"https:\/\/www.suno.com.br\/noticias\/agenda-ofertas-xplg11-rinv11-setembro-cpf\/\"},\"wordCount\":852,\"publisher\":{\"@id\":\"https:\/\/www.suno.com.br\/noticias\/#organization\"},\"image\":{\"@id\":\"https:\/\/www.suno.com.br\/noticias\/agenda-ofertas-xplg11-rinv11-setembro-cpf\/#primaryimage\"},\"thumbnailUrl\":\"https:\/\/files.sunoresearch.com.br\/n\/uploads\/2023\/05\/fundos-imobiliarios-victor-freitas-unsplash.jpg\",\"keywords\":[\"Fundos Imobili\u00e1rios (FIIs)\",\"GGRC11\",\"HGBS11\",\"XPLG11\"],\"articleSection\":[\"FIIs\"],\"inLanguage\":\"pt-BR\"},{\"@type\":\"WebPage\",\"@id\":\"https:\/\/www.suno.com.br\/noticias\/agenda-ofertas-xplg11-rinv11-setembro-cpf\/\",\"url\":\"https:\/\/www.suno.com.br\/noticias\/agenda-ofertas-xplg11-rinv11-setembro-cpf\/\",\"name\":\"XPLG11, RINV11: Veja a agenda de ofertas de fundos desta semana\",\"isPartOf\":{\"@id\":\"https:\/\/www.suno.com.br\/noticias\/#website\"},\"primaryImageOfPage\":{\"@id\":\"https:\/\/www.suno.com.br\/noticias\/agenda-ofertas-xplg11-rinv11-setembro-cpf\/#primaryimage\"},\"image\":{\"@id\":\"https:\/\/www.suno.com.br\/noticias\/agenda-ofertas-xplg11-rinv11-setembro-cpf\/#primaryimage\"},\"thumbnailUrl\":\"https:\/\/files.sunoresearch.com.br\/n\/uploads\/2023\/05\/fundos-imobiliarios-victor-freitas-unsplash.jpg\",\"datePublished\":\"2023-09-11T11:38:11+00:00\",\"dateModified\":\"2023-09-11T11:38:19+00:00\",\"description\":\"O per\u00edodo de prefer\u00eancia para investir em XPLG11 termina nesta semana. Veja as datas e emiss\u00f5es de cotas de outros FIIs.\",\"breadcrumb\":{\"@id\":\"https:\/\/www.suno.com.br\/noticias\/agenda-ofertas-xplg11-rinv11-setembro-cpf\/#breadcrumb\"},\"inLanguage\":\"pt-BR\",\"potentialAction\":[{\"@type\":\"ReadAction\",\"target\":[\"https:\/\/www.suno.com.br\/noticias\/agenda-ofertas-xplg11-rinv11-setembro-cpf\/\"]}]},{\"@type\":\"ImageObject\",\"inLanguage\":\"pt-BR\",\"@id\":\"https:\/\/www.suno.com.br\/noticias\/agenda-ofertas-xplg11-rinv11-setembro-cpf\/#primaryimage\",\"url\":\"https:\/\/files.sunoresearch.com.br\/n\/uploads\/2023\/05\/fundos-imobiliarios-victor-freitas-unsplash.jpg\",\"contentUrl\":\"https:\/\/files.sunoresearch.com.br\/n\/uploads\/2023\/05\/fundos-imobiliarios-victor-freitas-unsplash.jpg\",\"width\":1200,\"height\":800,\"caption\":\"Fundos imobili\u00e1rios - Foto: Unsplash\"},{\"@type\":\"BreadcrumbList\",\"@id\":\"https:\/\/www.suno.com.br\/noticias\/agenda-ofertas-xplg11-rinv11-setembro-cpf\/#breadcrumb\",\"itemListElement\":[{\"@type\":\"ListItem\",\"position\":1,\"name\":\"Not\u00edcias\",\"item\":\"https:\/\/www.suno.com.br\/noticias\/\"},{\"@type\":\"ListItem\",\"position\":2,\"name\":\"FIIs\",\"item\":\"https:\/\/www.suno.com.br\/noticias\/fiis\/\"},{\"@type\":\"ListItem\",\"position\":3,\"name\":\"XPLG11, RINV11: Veja a agenda de ofertas de fundos imobili\u00e1rios desta semana\"}]},{\"@type\":\"WebSite\",\"@id\":\"https:\/\/www.suno.com.br\/noticias\/#website\",\"url\":\"https:\/\/www.suno.com.br\/noticias\/\",\"name\":\"Suno Not\u00edcias\",\"description\":\"Seu portal de informa\u00e7\u00e3o sobre o mundo dos investimentos\",\"publisher\":{\"@id\":\"https:\/\/www.suno.com.br\/noticias\/#organization\"},\"potentialAction\":[{\"@type\":\"SearchAction\",\"target\":{\"@type\":\"EntryPoint\",\"urlTemplate\":\"https:\/\/www.suno.com.br\/noticias\/?s={search_term_string}\"},\"query-input\":{\"@type\":\"PropertyValueSpecification\",\"valueRequired\":true,\"valueName\":\"search_term_string\"}}],\"inLanguage\":\"pt-BR\"},{\"@type\":\"Organization\",\"@id\":\"https:\/\/www.suno.com.br\/noticias\/#organization\",\"name\":\"Suno Not\u00edcias\",\"url\":\"https:\/\/www.suno.com.br\/noticias\/\",\"logo\":{\"@type\":\"ImageObject\",\"inLanguage\":\"pt-BR\",\"@id\":\"https:\/\/www.suno.com.br\/noticias\/#\/schema\/logo\/image\/\",\"url\":\"https:\/\/files.sunoresearch.com.br\/n\/uploads\/2021\/09\/suno-logo.png\",\"contentUrl\":\"https:\/\/files.sunoresearch.com.br\/n\/uploads\/2021\/09\/suno-logo.png\",\"width\":180,\"height\":180,\"caption\":\"Suno Not\u00edcias\"},\"image\":{\"@id\":\"https:\/\/www.suno.com.br\/noticias\/#\/schema\/logo\/image\/\"},\"sameAs\":[\"https:\/\/facebook.com\/sunoresearch\",\"https:\/\/x.com\/sunoresearch\",\"https:\/\/www.instagram.com\/suno\",\"https:\/\/www.linkedin.com\/company\/suno-research\/\",\"https:\/\/www.youtube.com\/c\/sunoresearch\"]},{\"@type\":\"Person\",\"@id\":\"https:\/\/www.suno.com.br\/noticias\/#\/schema\/person\/f341d3ae5d1cc685176c9a5327cdfdbb\",\"name\":\"Camila Paim\",\"image\":{\"@type\":\"ImageObject\",\"inLanguage\":\"pt-BR\",\"@id\":\"https:\/\/www.suno.com.br\/noticias\/#\/schema\/person\/image\/\",\"url\":\"https:\/\/secure.gravatar.com\/avatar\/f33728e65febb1aa7ecf6792956f9b20?s=96&r=g\",\"contentUrl\":\"https:\/\/secure.gravatar.com\/avatar\/f33728e65febb1aa7ecf6792956f9b20?s=96&r=g\",\"caption\":\"Camila Paim\"},\"description\":\"Jornalista formada pela USP, tem experi\u00eancia em reda\u00e7\u00f5es, SEO, Branded Content e Webdesign. Com passagem pelo Jornal da USP, Empiricus e C6 Bank, hoje \u00e9 rep\u00f3rter no Suno Not\u00edcias cobrindo macroeconomia, finan\u00e7as pessoais e startups.\",\"url\":\"https:\/\/www.suno.com.br\/noticias\/author\/camila-figueiredosuno-com-br\/\"}]}<\/script>\n<!-- \/ Yoast SEO plugin. -->","yoast_head_json":{"title":"XPLG11, RINV11: Veja a agenda de ofertas de fundos desta semana","description":"O per\u00edodo de prefer\u00eancia para investir em XPLG11 termina nesta semana. Veja as datas e emiss\u00f5es de cotas de outros FIIs.","robots":{"index":"index","follow":"follow","max-snippet":"max-snippet:-1","max-image-preview":"max-image-preview:large","max-video-preview":"max-video-preview:-1"},"canonical":"https:\/\/www.suno.com.br\/noticias\/agenda-ofertas-xplg11-rinv11-setembro-cpf\/","og_locale":"pt_BR","og_type":"article","og_title":"XPLG11, RINV11: Veja a agenda de ofertas de fundos desta semana","og_description":"O per\u00edodo de prefer\u00eancia para investir em XPLG11 termina nesta semana. Veja as datas e emiss\u00f5es de cotas de outros FIIs.","og_url":"https:\/\/www.suno.com.br\/noticias\/agenda-ofertas-xplg11-rinv11-setembro-cpf\/","og_site_name":"Suno Not\u00edcias","article_publisher":"https:\/\/facebook.com\/sunoresearch","og_image":[{"width":1200,"height":800,"url":"https:\/\/files.sunoresearch.com.br\/n\/uploads\/2023\/05\/fundos-imobiliarios-victor-freitas-unsplash.jpg","type":"image\/jpeg"}],"author":"Camila Paim","twitter_card":"summary_large_image","twitter_creator":"@sunoresearch","twitter_site":"@sunoresearch","twitter_misc":{"Escrito por":"Camila Paim","Est. tempo de leitura":"5 minutos"},"schema":{"@context":"https:\/\/schema.org","@graph":[{"@type":"NewsArticle","@id":"https:\/\/www.suno.com.br\/noticias\/agenda-ofertas-xplg11-rinv11-setembro-cpf\/#article","isPartOf":{"@id":"https:\/\/www.suno.com.br\/noticias\/agenda-ofertas-xplg11-rinv11-setembro-cpf\/"},"author":{"name":"Camila Paim","@id":"https:\/\/www.suno.com.br\/noticias\/#\/schema\/person\/f341d3ae5d1cc685176c9a5327cdfdbb"},"headline":"XPLG11, RINV11: Veja a agenda de ofertas de fundos imobili\u00e1rios desta semana","datePublished":"2023-09-11T11:38:11+00:00","dateModified":"2023-09-11T11:38:19+00:00","mainEntityOfPage":{"@id":"https:\/\/www.suno.com.br\/noticias\/agenda-ofertas-xplg11-rinv11-setembro-cpf\/"},"wordCount":852,"publisher":{"@id":"https:\/\/www.suno.com.br\/noticias\/#organization"},"image":{"@id":"https:\/\/www.suno.com.br\/noticias\/agenda-ofertas-xplg11-rinv11-setembro-cpf\/#primaryimage"},"thumbnailUrl":"https:\/\/files.sunoresearch.com.br\/n\/uploads\/2023\/05\/fundos-imobiliarios-victor-freitas-unsplash.jpg","keywords":["Fundos Imobili\u00e1rios (FIIs)","GGRC11","HGBS11","XPLG11"],"articleSection":["FIIs"],"inLanguage":"pt-BR"},{"@type":"WebPage","@id":"https:\/\/www.suno.com.br\/noticias\/agenda-ofertas-xplg11-rinv11-setembro-cpf\/","url":"https:\/\/www.suno.com.br\/noticias\/agenda-ofertas-xplg11-rinv11-setembro-cpf\/","name":"XPLG11, RINV11: Veja a agenda de ofertas de fundos desta semana","isPartOf":{"@id":"https:\/\/www.suno.com.br\/noticias\/#website"},"primaryImageOfPage":{"@id":"https:\/\/www.suno.com.br\/noticias\/agenda-ofertas-xplg11-rinv11-setembro-cpf\/#primaryimage"},"image":{"@id":"https:\/\/www.suno.com.br\/noticias\/agenda-ofertas-xplg11-rinv11-setembro-cpf\/#primaryimage"},"thumbnailUrl":"https:\/\/files.sunoresearch.com.br\/n\/uploads\/2023\/05\/fundos-imobiliarios-victor-freitas-unsplash.jpg","datePublished":"2023-09-11T11:38:11+00:00","dateModified":"2023-09-11T11:38:19+00:00","description":"O per\u00edodo de prefer\u00eancia para investir em XPLG11 termina nesta semana. Veja as datas e emiss\u00f5es de cotas de outros FIIs.","breadcrumb":{"@id":"https:\/\/www.suno.com.br\/noticias\/agenda-ofertas-xplg11-rinv11-setembro-cpf\/#breadcrumb"},"inLanguage":"pt-BR","potentialAction":[{"@type":"ReadAction","target":["https:\/\/www.suno.com.br\/noticias\/agenda-ofertas-xplg11-rinv11-setembro-cpf\/"]}]},{"@type":"ImageObject","inLanguage":"pt-BR","@id":"https:\/\/www.suno.com.br\/noticias\/agenda-ofertas-xplg11-rinv11-setembro-cpf\/#primaryimage","url":"https:\/\/files.sunoresearch.com.br\/n\/uploads\/2023\/05\/fundos-imobiliarios-victor-freitas-unsplash.jpg","contentUrl":"https:\/\/files.sunoresearch.com.br\/n\/uploads\/2023\/05\/fundos-imobiliarios-victor-freitas-unsplash.jpg","width":1200,"height":800,"caption":"Fundos imobili\u00e1rios - Foto: Unsplash"},{"@type":"BreadcrumbList","@id":"https:\/\/www.suno.com.br\/noticias\/agenda-ofertas-xplg11-rinv11-setembro-cpf\/#breadcrumb","itemListElement":[{"@type":"ListItem","position":1,"name":"Not\u00edcias","item":"https:\/\/www.suno.com.br\/noticias\/"},{"@type":"ListItem","position":2,"name":"FIIs","item":"https:\/\/www.suno.com.br\/noticias\/fiis\/"},{"@type":"ListItem","position":3,"name":"XPLG11, RINV11: Veja a agenda de ofertas de fundos imobili\u00e1rios desta semana"}]},{"@type":"WebSite","@id":"https:\/\/www.suno.com.br\/noticias\/#website","url":"https:\/\/www.suno.com.br\/noticias\/","name":"Suno Not\u00edcias","description":"Seu portal de informa\u00e7\u00e3o sobre o mundo dos investimentos","publisher":{"@id":"https:\/\/www.suno.com.br\/noticias\/#organization"},"potentialAction":[{"@type":"SearchAction","target":{"@type":"EntryPoint","urlTemplate":"https:\/\/www.suno.com.br\/noticias\/?s={search_term_string}"},"query-input":{"@type":"PropertyValueSpecification","valueRequired":true,"valueName":"search_term_string"}}],"inLanguage":"pt-BR"},{"@type":"Organization","@id":"https:\/\/www.suno.com.br\/noticias\/#organization","name":"Suno Not\u00edcias","url":"https:\/\/www.suno.com.br\/noticias\/","logo":{"@type":"ImageObject","inLanguage":"pt-BR","@id":"https:\/\/www.suno.com.br\/noticias\/#\/schema\/logo\/image\/","url":"https:\/\/files.sunoresearch.com.br\/n\/uploads\/2021\/09\/suno-logo.png","contentUrl":"https:\/\/files.sunoresearch.com.br\/n\/uploads\/2021\/09\/suno-logo.png","width":180,"height":180,"caption":"Suno Not\u00edcias"},"image":{"@id":"https:\/\/www.suno.com.br\/noticias\/#\/schema\/logo\/image\/"},"sameAs":["https:\/\/facebook.com\/sunoresearch","https:\/\/x.com\/sunoresearch","https:\/\/www.instagram.com\/suno","https:\/\/www.linkedin.com\/company\/suno-research\/","https:\/\/www.youtube.com\/c\/sunoresearch"]},{"@type":"Person","@id":"https:\/\/www.suno.com.br\/noticias\/#\/schema\/person\/f341d3ae5d1cc685176c9a5327cdfdbb","name":"Camila Paim","image":{"@type":"ImageObject","inLanguage":"pt-BR","@id":"https:\/\/www.suno.com.br\/noticias\/#\/schema\/person\/image\/","url":"https:\/\/secure.gravatar.com\/avatar\/f33728e65febb1aa7ecf6792956f9b20?s=96&r=g","contentUrl":"https:\/\/secure.gravatar.com\/avatar\/f33728e65febb1aa7ecf6792956f9b20?s=96&r=g","caption":"Camila Paim"},"description":"Jornalista formada pela USP, tem experi\u00eancia em reda\u00e7\u00f5es, SEO, Branded Content e Webdesign. Com passagem pelo Jornal da USP, Empiricus e C6 Bank, hoje \u00e9 rep\u00f3rter no Suno Not\u00edcias cobrindo macroeconomia, finan\u00e7as pessoais e startups.","url":"https:\/\/www.suno.com.br\/noticias\/author\/camila-figueiredosuno-com-br\/"}]}},"default_loop_html":"<div class=\"cardsPage__listCard__boxs\"><div class=\"cardsPage__listCard__boxs__img\"><a href=\"https:\/\/www.suno.com.br\/noticias\/agenda-ofertas-xplg11-rinv11-setembro-cpf\/\"><img class=\"mask\" src=\"https:\/\/www.suno.com.br\/noticias\/wp-content\/themes\/suno\/resources\/images\/spotlight\/spotlight1img\/bg-mask.png\" alt=\"Image Mask\"\/><img src=\"https:\/\/files.sunoresearch.com.br\/n\/uploads\/2023\/05\/fundos-imobiliarios-victor-freitas-unsplash-400x200.jpg\" alt=\"XPLG11, RINV11: Veja a agenda de ofertas de fundos imobili\u00e1rios desta semana\"\/><\/a><span class=\"spotlightCategory\"><a href=\"https:\/\/www.suno.com.br\/noticias\/fiis\/\">FIIs<\/a><\/span><\/div><div class=\"cardsPage__listCard__boxs__content\"><a href=\"https:\/\/www.suno.com.br\/noticias\/agenda-ofertas-xplg11-rinv11-setembro-cpf\/\"><h2 class=\"content__title\">XPLG11, RINV11: Veja a agenda de ofertas de fundos imobili\u00e1rios desta semana<\/h2><\/a><div class=\"newsContent__article__meta\"><div class=\"newsContent__article__meta__authorBox\"><a href=\"https:\/\/www.suno.com.br\/noticias\/author\/camila-figueiredosuno-com-br\/\" class=\"authorBox__avatar noMobi\"><img src=\"https:\/\/files.sunoresearch.com.br\/n\/uploads\/2024\/05\/camila-paim-square-150x150.jpg\" alt=\"Camila Paim\"><\/a><div class=\"authorBox__name\"><span>por\n\t\t\t<a href=\"https:\/\/www.suno.com.br\/noticias\/author\/camila-figueiredosuno-com-br\/\"><span itemprop=\"author\">Camila Paim<\/span><\/a><\/span><time datetime=\"2023-09-11T08:38:11-03:00\" itemprop=\"datePublished\">11\/09\/2023 08:38<\/time><\/div><\/div><\/div><\/div><\/div>","single_layout":"posts","amp_enabled":true,"_links":{"self":[{"href":"https:\/\/www.suno.com.br\/noticias\/wp-json\/wp\/v2\/posts\/454044"}],"collection":[{"href":"https:\/\/www.suno.com.br\/noticias\/wp-json\/wp\/v2\/posts"}],"about":[{"href":"https:\/\/www.suno.com.br\/noticias\/wp-json\/wp\/v2\/types\/post"}],"author":[{"embeddable":true,"href":"https:\/\/www.suno.com.br\/noticias\/wp-json\/wp\/v2\/users\/283"}],"replies":[{"embeddable":true,"href":"https:\/\/www.suno.com.br\/noticias\/wp-json\/wp\/v2\/comments?post=454044"}],"version-history":[{"count":3,"href":"https:\/\/www.suno.com.br\/noticias\/wp-json\/wp\/v2\/posts\/454044\/revisions"}],"predecessor-version":[{"id":454109,"href":"https:\/\/www.suno.com.br\/noticias\/wp-json\/wp\/v2\/posts\/454044\/revisions\/454109"}],"wp:featuredmedia":[{"embeddable":true,"href":"https:\/\/www.suno.com.br\/noticias\/wp-json\/wp\/v2\/media\/400438"}],"wp:attachment":[{"href":"https:\/\/www.suno.com.br\/noticias\/wp-json\/wp\/v2\/media?parent=454044"}],"wp:term":[{"taxonomy":"category","embeddable":true,"href":"https:\/\/www.suno.com.br\/noticias\/wp-json\/wp\/v2\/categories?post=454044"},{"taxonomy":"post_tag","embeddable":true,"href":"https:\/\/www.suno.com.br\/noticias\/wp-json\/wp\/v2\/tags?post=454044"},{"taxonomy":"suno_strategy","embeddable":true,"href":"https:\/\/www.suno.com.br\/noticias\/wp-json\/wp\/v2\/suno_strategy?post=454044"}],"curies":[{"name":"wp","href":"https:\/\/api.w.org\/{rel}","templated":true}]}}