{"id":453978,"date":"2023-09-09T18:06:53","date_gmt":"2023-09-09T21:06:53","guid":{"rendered":"https:\/\/www.suno.com.br\/noticias\/?p=453978"},"modified":"2023-09-09T18:07:00","modified_gmt":"2023-09-09T21:07:00","slug":"americanas-amer3-bancos-entram-pedido-contra-bradesco-evitar-drible-recuperacao-judicial-va","status":"publish","type":"post","link":"https:\/\/www.suno.com.br\/noticias\/americanas-amer3-bancos-entram-pedido-contra-bradesco-evitar-drible-recuperacao-judicial-va\/","title":{"rendered":"Americanas (AMER3): bancos entram com pedido contra Bradesco para evitar \u201cdrible\u201d na recupera\u00e7\u00e3o judicial, diz jornal"},"content":{"rendered":"<p>Em mais um cap\u00edtulo da crise na <strong>Americanas<\/strong> (AMER3), os bancos <a class=\"suno-keyword\" target=\"_blank\" data-force=\"yes\" data-priority=\"2\" href=\"https:\/\/www.suno.com.br\/acoes\/ITUB4\/\" rel=\"noopener\">Ita\u00fa (ITUB4)<\/a>, <a class=\"suno-keyword\" target=\"_blank\" data-force=\"yes\" data-priority=\"2\" href=\"https:\/\/www.suno.com.br\/acoes\/SANB11\/\" rel=\"noopener\">Santander (SANB11)<\/a> e ABC Brasil (ABCB4) entraram com pedido na 4\u00aa Vara Empresarial do Rio de Janeiro para que seja rejeitada uma tentativa do <a class=\"suno-keyword\" target=\"_blank\" data-force=\"yes\" data-priority=\"2\" href=\"https:\/\/www.suno.com.br\/acoes\/BBDC4\/\" rel=\"noopener\">Bradesco (BBDC4)<\/a> impugnar cr\u00e9ditos na recupera\u00e7\u00e3o judicial da varejista e negoci\u00e1-los \u00e0 parte dos outros credores.&nbsp;<\/p>\t<div class=\"wrapper-featured-image\">\n\t\t<figure class=\"spotlightImg\">\n\n\t\t\t<picture>\n\t\t\t\t<source media=\"(max-width: 768px)\" srcset=\"https:\/\/files.sunoresearch.com.br\/n\/uploads\/2023\/02\/Americanas-400x200.jpg\">\n\t\t\t\t<img loading=\"lazy\" decoding=\"async\" class=\"newsContent__article__imgCapa lazyloadDisabled \" src=\"https:\/\/files.sunoresearch.com.br\/n\/uploads\/2023\/02\/Americanas-800x450.jpg\" width=\"800\" height=\"450\" alt=\"Americanas (AMER3): bancos entram com pedido contra Bradesco para evitar \u201cdrible\u201d na recupera\u00e7\u00e3o judicial, diz jornal\" fetchpriority=high \/>\n\t\t\t<\/picture>\n\n\t\t\t<figcaption class=\"wp-caption-text wp-caption-text--show\">Americanas. Foto: Wikimedia Commons<\/figcaption>\n\t\t<\/figure>\n\t<\/div>\n\n\n\n\n\n\n<p>Segundo o blog do Lauro Jardim, do GLOBO, os tr\u00eas bancos avaliam que a resist\u00eancia do Bradesco pode prejudicar a paridade entre os credores e atrapalhar a coletividade.<\/p>\n\n\n\t<p>\n\t\t<a href=\"https:\/\/lp.suno.com.br\/planilha-da-vida-financeira\/\" target=\"_blank\" data-element=\"shortcode-suno-banner\" title=\"Banner SUNO, clique e saiba mais\">\n\t\t\t<picture>\n\t\t\t\t<source media=\"(max-width: 500px)\" srcset=\"https:\/\/files.sunoresearch.com.br\/n\/uploads\/2023\/04\/400x300-Planilha-vida-financeira-true.png\">\n\t\t\t\t<img class=\"newsContent__article__imgCapa newsContent__article__imgCapa--banner\"\n\t\t\t\t\tsrc=\"https:\/\/files.sunoresearch.com.br\/n\/uploads\/2023\/04\/1420x240-Planilha-vida-financeira-true.png\"\n\t\t\t\t\tdata-promo-id=\"106682\"\t\t\t\t\t\t\t\t\t\twidth='1420' height='240'\t\t\t\t\talt=\"https:\/\/files.sunoresearch.com.br\/n\/uploads\/2023\/04\/1420x240-Planilha-vida-financeira-true.png\"\n\t\t\t\t>\n\t\t\t<\/picture>\n\t\t<\/a>\n\t<\/p>\n\n\n\n\n\n<p>Recentemente, a 2\u00aa C\u00e2mara Reservada de Direito Empresarial do Tribunal de Justi\u00e7a de S\u00e3o Paulo deu uma vit\u00f3ria ao Bradesco em processo que tenta dificultar uma eventual venda do patrim\u00f4nio dos acionistas de refer\u00eancia \u2013 Jorge Paulo Lemann, Beto Sicupira e Marcel Telles \u2013 da Americanas.<\/p>\n\n\n\n<p>A varejista tem uma d\u00edvida de R$ 4,7 bilh\u00f5es com o banco.<\/p>\n\n\n\n<h2 class=\"wp-block-heading\">Americanas: ex-CEO acusa acionistas de refer\u00eancia de participarem de gest\u00e3o, diz jornal<\/h2>\n\n\n\n<p>O ex-<a href=\"https:\/\/www.suno.com.br\/artigos\/ceo\/\">diretor-presidente<\/a>&nbsp;da&nbsp;Americanas, Miguel Gutierrez, enviou \u00e0 Comiss\u00e3o Parlamentar de Inqu\u00e9rito (CPI) da C\u00e2mara que investiga a fraude cont\u00e1bil na varejista uma carta em que acusa os acionistas de refer\u00eancia, o trio Jorge Paulo Lemann, Alberto Sicupira e Marcel Telles, de participarem ativamente da gest\u00e3o financeira da empresa, segundo informa\u00e7\u00f5es do jornal Valor Econ\u00f4mico.<\/p>\n\n\n\n<p>\u201cMe tornei conveniente \u2018bode expiat\u00f3rio\u2019 para ser sacrificado em nome da prote\u00e7\u00e3o de figuras not\u00f3rias e poderosas do capitalismo brasileiro\u201d, diz Gutierrez em uma carta enviada por seus advogados \u00e0 CPI e obtida pelo Valor.<\/p>\n\n\n\n<p>O ex-executivo tamb\u00e9m acusa seu sucessor, S\u00e9rgio Rial, de mentir \u00e0 CPI quando disse que o\u00a0<strong>trio de acionistas<\/strong>\u00a0<strong>da Americanas<\/strong>\u00a0n\u00e3o tinha conhecimento do que acontecia na contabilidade da empresa.<\/p>\n\n\n\n\t<div data-element=\"shortcode-read-more\" class=\"readToo\">\n\t\t\t\t<span class=\"readToo__title\">Leia mais<\/span>\n\t\t\t\t<ul class=\"readToo__list\">\n\t\t\t<li><a href=\"https:\/\/www.suno.com.br\/noticias\/americanas-amer3-b3-abre-processo-conselho-auditoria-va\/\">Americanas (AMER3): B3 abre processo contra conselho e comit\u00ea de auditoria, diz jornal\u00a0<\/a><\/li><li><a href=\"https:\/\/www.suno.com.br\/noticias\/cade-vibra-vbbr3-americanas-amer3-parceria-fim-mal\/\">Cade aprova fim da parceria entre Vibra (VBBR3) e Americanas (AMER3) em lojas de conveni\u00eancia<\/a><\/li>\t\t<\/ul>\n\t<\/div>\n\n\n\n\n<p>Em junho, Leonardo Coelho Pereira,&nbsp;<strong>atual diretor-presidente da Americanas<\/strong>, acusou a antiga diretoria, liderada por Gutierrez, de fraude na contabilidade, afirmou o Valor. Na \u00e9poca, Pereira apresentou ao colegiado c\u00f3pias de documentos internos e e-mails que, segundo ele, corroboram as irregularidades, incluindo a falsifica\u00e7\u00e3o de n\u00fameros para gerar suposto lucro.<\/p>\n\n\n\n<p>De acordo com o jornal, Gutierrez est\u00e1 na Espanha em um tratamento m\u00e9dico. O executivo pediu para ser ouvido por videoconfer\u00eancia, mas teve a solicita\u00e7\u00e3o negada pela c\u00fapula da comiss\u00e3o.<\/p>\n\n\n\n<h2 class=\"wp-block-heading\">Companhia demitiu mais de 9 mil funcion\u00e1rios em oito meses<\/h2>\n\n\n\n<p>A&nbsp;Americanas informou ao mercado que desligou 1.448 funcion\u00e1rios na semana entre os dias 14 e 20 de agosto, de acordo com um documento divulgado na&nbsp;<a href=\"https:\/\/www.suno.com.br\/artigos\/cvm\/\">Comiss\u00e3o de Valores Mobili\u00e1rios (CVM)<\/a>. Desde o esc\u00e2ndalo de rombo cont\u00e1bil de R$ 20 bilh\u00f5es e a&nbsp;<a href=\"https:\/\/www.suno.com.br\/artigos\/recuperacao-judicial\/\" target=\"_blank\" rel=\"noreferrer noopener\">recupera\u00e7\u00e3o judicial<\/a>&nbsp;em janeiro, a varejista contabiliza mais de 9 mil demiss\u00f5es.<\/p>\n\n\n\n<p>Na semana em quest\u00e3o, a&nbsp;<strong>varejista&nbsp;<\/strong>tamb\u00e9m informou 2 desligamentos na ST Importa\u00e7\u00f5es, incluindo os desligamentos volunt\u00e1rios, isto \u00e9, por iniciativa do funcion\u00e1rio. At\u00e9 o \u00faltimo domingo (20), a varejista tinha 33.948 colaboradores.<\/p>\n\n\n\n<p>\u201cO quadro de&nbsp;<strong>funcion\u00e1rios da Americanas<\/strong>&nbsp;\u00e9 sazonal por natureza, variando conforme oscila\u00e7\u00f5es do mercado de varejo e com picos nas \u00e9pocas de datas comemorativas, como P\u00e1scoa, Black Friday e Natal. O n\u00famero absoluto de desligamentos permanece em linha com os per\u00edodos anteriores \u00e0 decreta\u00e7\u00e3o da recupera\u00e7\u00e3o judicial\u201d, informou a Americanas.<\/p>\n\n\n\t<p>\n\t\t<a href=\"https:\/\/lp.suno.com.br\/ebook-como-analisar-uma-acao\/\" target=\"_blank\" data-element=\"shortcode-suno-banner\" title=\"Banner SUNO, clique e saiba mais\">\n\t\t\t<picture>\n\t\t\t\t<source media=\"(max-width: 500px)\" srcset=\"https:\/\/files.sunoresearch.com.br\/n\/uploads\/2023\/03\/Ebook-Acoes-Mobile.jpg\">\n\t\t\t\t<img class=\"newsContent__article__imgCapa newsContent__article__imgCapa--banner\"\n\t\t\t\t\tsrc=\"https:\/\/files.sunoresearch.com.br\/n\/uploads\/2023\/03\/Ebook-Acoes-Desktop.jpg\"\n\t\t\t\t\tdata-promo-id=\"378302\"\t\t\t\t\t\t\t\t\t\twidth='1420' height='286'\t\t\t\t\talt=\"https:\/\/files.sunoresearch.com.br\/n\/uploads\/2023\/03\/Ebook-Acoes-Desktop.jpg\"\n\t\t\t\t>\n\t\t\t<\/picture>\n\t\t<\/a>\n\t<\/p>\n\n\n\n\n\n<p>Entre os dias 14 e 20 de agosto, a varejista efetuou R$ 370 milh\u00f5es em pagamentos e somou R$ 432 milh\u00f5es em recebimentos.<\/p>\n\n\n\n<p>Al\u00e9m disso, a Americanas informou que o n\u00famero total de lojas somava 1.806 at\u00e9 o \u00faltimo dia 20 de agosto, correspondente a 96% do per\u00edodo anterior ao deferimento da&nbsp;<strong>recupera\u00e7\u00e3o judicial<\/strong>. \u201cHouve o encerramento de tr\u00eas lojas durante a semana base deste relat\u00f3rio, representando 0,16% do total de lojas ativas\u201d, disse.<\/p>\n\n\n\n<p>Em nota enviada ao Suno Not\u00edcias, a Americanas informou que realizou o desligamento de&nbsp;<strong>colaboradores da Americanas<\/strong>&nbsp;diante da reestrutura\u00e7\u00e3o de algumas frentes de neg\u00f3cio em seu plano de transforma\u00e7\u00e3o.<\/p>\n\n\n\n<p>\u201cA&nbsp;<strong>Americanas<\/strong>&nbsp;continua focada na manuten\u00e7\u00e3o de suas opera\u00e7\u00f5es e no aumento de sua efici\u00eancia e refor\u00e7a seu comprometimento com a transpar\u00eancia na rela\u00e7\u00e3o com os sindicatos e o cumprimento integral e tempestivo de suas obriga\u00e7\u00f5es trabalhistas, na forma da legisla\u00e7\u00e3o vigente\u201d, destacou.<\/p>\n\n\n\n\n\t<p>\n\t\t<a href=\"https:\/\/lp.suno.com.br\/planilha-da-vida-financeira\/\" target=\"_blank\" data-element=\"shortcode-suno-banner\" title=\"Banner SUNO, clique e saiba mais\">\n\t\t\t<picture>\n\t\t\t\t<source media=\"(max-width: 500px)\" srcset=\"https:\/\/files.sunoresearch.com.br\/n\/uploads\/2023\/04\/400x300-Planilha-vida-financeira-true.png\">\n\t\t\t\t<img class=\"newsContent__article__imgCapa newsContent__article__imgCapa--banner\"\n\t\t\t\t\tsrc=\"https:\/\/files.sunoresearch.com.br\/n\/uploads\/2023\/04\/1420x240-Planilha-vida-financeira-true.png\"\n\t\t\t\t\tdata-promo-id=\"383123\"\t\t\t\t\t\t\t\t\t\twidth='1420' height='240'\t\t\t\t\talt=\"https:\/\/files.sunoresearch.com.br\/n\/uploads\/2023\/04\/1420x240-Planilha-vida-financeira-true.png\"\n\t\t\t\t>\n\t\t\t<\/picture>\n\t\t<\/a>\n\t<\/p>\n\n\n","protected":false},"excerpt":{"rendered":"<p>Em mais um cap\u00edtulo da crise na Americanas (AMER3), os bancos Ita\u00fa (ITUB4), Santander (SANB11) e ABC Brasil (ABCB4) entraram com pedido na 4\u00aa Vara Empresarial do Rio de Janeiro para que seja rejeitada uma tentativa do Bradesco (BBDC4) impugnar cr\u00e9ditos na recupera\u00e7\u00e3o judicial da varejista e negoci\u00e1-los \u00e0 parte dos outros credores.&nbsp; Americanas. Foto: [&hellip;]<\/p>\n","protected":false},"author":301,"featured_media":366560,"comment_status":"closed","ping_status":"closed","sticky":false,"template":"","format":"standard","meta":[],"categories":[64],"tags":[286,106605,392,314],"suno_strategy":[],"class_list":["post-453978","post","type-post","status-publish","format-standard","has-post-thumbnail","hentry","category-negocios","tag-acoes","tag-americanas-s-a-amer3","tag-bradesco-bbdc3-bbdc4","tag-recuperacao-judicial"],"yoast_head":"<!-- This site is optimized with the Yoast SEO plugin v24.4 - https:\/\/yoast.com\/wordpress\/plugins\/seo\/ -->\n<title>Americanas (AMER3): bancos tentam evitar que Bradesco \u201cdrible\u201d RJ<\/title>\n<meta name=\"description\" content=\"Em mais um cap\u00edtulo da crise na Americanas (AMER3), bancos entraram com pedido na 4\u00aa Vara Empresarial do Rio de Janeiro contra o Bradesco.\" \/>\n<meta name=\"robots\" content=\"index, follow, max-snippet:-1, max-image-preview:large, max-video-preview:-1\" \/>\n<link rel=\"canonical\" href=\"https:\/\/www.suno.com.br\/noticias\/americanas-amer3-bancos-entram-pedido-contra-bradesco-evitar-drible-recuperacao-judicial-va\/\" \/>\n<meta property=\"og:locale\" content=\"pt_BR\" \/>\n<meta property=\"og:type\" content=\"article\" \/>\n<meta property=\"og:title\" content=\"Americanas (AMER3): bancos tentam evitar que Bradesco \u201cdrible\u201d RJ\" \/>\n<meta property=\"og:description\" content=\"Em mais um cap\u00edtulo da crise na Americanas (AMER3), bancos entraram com pedido na 4\u00aa Vara Empresarial do Rio de Janeiro contra o Bradesco.\" \/>\n<meta property=\"og:url\" content=\"https:\/\/www.suno.com.br\/noticias\/americanas-amer3-bancos-entram-pedido-contra-bradesco-evitar-drible-recuperacao-judicial-va\/\" \/>\n<meta property=\"og:site_name\" content=\"Suno Not\u00edcias\" \/>\n<meta property=\"article:publisher\" content=\"https:\/\/facebook.com\/sunoresearch\" \/>\n<meta property=\"og:image\" content=\"https:\/\/files.sunoresearch.com.br\/n\/uploads\/2023\/02\/Americanas.jpg\" \/>\n\t<meta property=\"og:image:width\" content=\"1200\" \/>\n\t<meta property=\"og:image:height\" content=\"1033\" \/>\n\t<meta property=\"og:image:type\" content=\"image\/jpeg\" \/>\n<meta name=\"author\" content=\"Vin\u00edcius Alves\" \/>\n<meta name=\"twitter:card\" content=\"summary_large_image\" \/>\n<meta name=\"twitter:creator\" content=\"@sunoresearch\" \/>\n<meta name=\"twitter:site\" content=\"@sunoresearch\" \/>\n<meta name=\"twitter:label1\" content=\"Escrito por\" \/>\n\t<meta name=\"twitter:data1\" content=\"Vin\u00edcius Alves\" \/>\n\t<meta name=\"twitter:label2\" content=\"Est. tempo de leitura\" \/>\n\t<meta name=\"twitter:data2\" content=\"4 minutos\" \/>\n<script type=\"application\/ld+json\" class=\"yoast-schema-graph\">{\"@context\":\"https:\/\/schema.org\",\"@graph\":[{\"@type\":\"NewsArticle\",\"@id\":\"https:\/\/www.suno.com.br\/noticias\/americanas-amer3-bancos-entram-pedido-contra-bradesco-evitar-drible-recuperacao-judicial-va\/#article\",\"isPartOf\":{\"@id\":\"https:\/\/www.suno.com.br\/noticias\/americanas-amer3-bancos-entram-pedido-contra-bradesco-evitar-drible-recuperacao-judicial-va\/\"},\"author\":{\"name\":\"Vin\u00edcius Alves\",\"@id\":\"https:\/\/www.suno.com.br\/noticias\/#\/schema\/person\/4a180549702d0e236b3e420862bcded3\"},\"headline\":\"Americanas (AMER3): bancos entram com pedido contra Bradesco para evitar \u201cdrible\u201d na recupera\u00e7\u00e3o judicial, diz jornal\",\"datePublished\":\"2023-09-09T21:06:53+00:00\",\"dateModified\":\"2023-09-09T21:07:00+00:00\",\"mainEntityOfPage\":{\"@id\":\"https:\/\/www.suno.com.br\/noticias\/americanas-amer3-bancos-entram-pedido-contra-bradesco-evitar-drible-recuperacao-judicial-va\/\"},\"wordCount\":741,\"publisher\":{\"@id\":\"https:\/\/www.suno.com.br\/noticias\/#organization\"},\"image\":{\"@id\":\"https:\/\/www.suno.com.br\/noticias\/americanas-amer3-bancos-entram-pedido-contra-bradesco-evitar-drible-recuperacao-judicial-va\/#primaryimage\"},\"thumbnailUrl\":\"https:\/\/files.sunoresearch.com.br\/n\/uploads\/2023\/02\/Americanas.jpg\",\"keywords\":[\"A\u00e7\u00f5es\",\"Americanas (AMER3)\",\"Bradesco (BBDC3\/BBDC4)\",\"recupera\u00e7\u00e3o judicial\"],\"articleSection\":[\"Neg\u00f3cios\"],\"inLanguage\":\"pt-BR\"},{\"@type\":\"WebPage\",\"@id\":\"https:\/\/www.suno.com.br\/noticias\/americanas-amer3-bancos-entram-pedido-contra-bradesco-evitar-drible-recuperacao-judicial-va\/\",\"url\":\"https:\/\/www.suno.com.br\/noticias\/americanas-amer3-bancos-entram-pedido-contra-bradesco-evitar-drible-recuperacao-judicial-va\/\",\"name\":\"Americanas (AMER3): bancos tentam evitar que Bradesco \u201cdrible\u201d RJ\",\"isPartOf\":{\"@id\":\"https:\/\/www.suno.com.br\/noticias\/#website\"},\"primaryImageOfPage\":{\"@id\":\"https:\/\/www.suno.com.br\/noticias\/americanas-amer3-bancos-entram-pedido-contra-bradesco-evitar-drible-recuperacao-judicial-va\/#primaryimage\"},\"image\":{\"@id\":\"https:\/\/www.suno.com.br\/noticias\/americanas-amer3-bancos-entram-pedido-contra-bradesco-evitar-drible-recuperacao-judicial-va\/#primaryimage\"},\"thumbnailUrl\":\"https:\/\/files.sunoresearch.com.br\/n\/uploads\/2023\/02\/Americanas.jpg\",\"datePublished\":\"2023-09-09T21:06:53+00:00\",\"dateModified\":\"2023-09-09T21:07:00+00:00\",\"description\":\"Em mais um cap\u00edtulo da crise na Americanas (AMER3), bancos entraram com pedido na 4\u00aa Vara Empresarial do Rio de Janeiro contra o Bradesco.\",\"breadcrumb\":{\"@id\":\"https:\/\/www.suno.com.br\/noticias\/americanas-amer3-bancos-entram-pedido-contra-bradesco-evitar-drible-recuperacao-judicial-va\/#breadcrumb\"},\"inLanguage\":\"pt-BR\",\"potentialAction\":[{\"@type\":\"ReadAction\",\"target\":[\"https:\/\/www.suno.com.br\/noticias\/americanas-amer3-bancos-entram-pedido-contra-bradesco-evitar-drible-recuperacao-judicial-va\/\"]}]},{\"@type\":\"ImageObject\",\"inLanguage\":\"pt-BR\",\"@id\":\"https:\/\/www.suno.com.br\/noticias\/americanas-amer3-bancos-entram-pedido-contra-bradesco-evitar-drible-recuperacao-judicial-va\/#primaryimage\",\"url\":\"https:\/\/files.sunoresearch.com.br\/n\/uploads\/2023\/02\/Americanas.jpg\",\"contentUrl\":\"https:\/\/files.sunoresearch.com.br\/n\/uploads\/2023\/02\/Americanas.jpg\",\"width\":1200,\"height\":1033,\"caption\":\"Americanas. Foto: Wikimedia Commons\"},{\"@type\":\"BreadcrumbList\",\"@id\":\"https:\/\/www.suno.com.br\/noticias\/americanas-amer3-bancos-entram-pedido-contra-bradesco-evitar-drible-recuperacao-judicial-va\/#breadcrumb\",\"itemListElement\":[{\"@type\":\"ListItem\",\"position\":1,\"name\":\"Not\u00edcias\",\"item\":\"https:\/\/www.suno.com.br\/noticias\/\"},{\"@type\":\"ListItem\",\"position\":2,\"name\":\"Neg\u00f3cios\",\"item\":\"https:\/\/www.suno.com.br\/noticias\/negocios\/\"},{\"@type\":\"ListItem\",\"position\":3,\"name\":\"Americanas (AMER3): bancos entram com pedido contra Bradesco para evitar \u201cdrible\u201d na recupera\u00e7\u00e3o judicial, diz jornal\"}]},{\"@type\":\"WebSite\",\"@id\":\"https:\/\/www.suno.com.br\/noticias\/#website\",\"url\":\"https:\/\/www.suno.com.br\/noticias\/\",\"name\":\"Suno Not\u00edcias\",\"description\":\"Seu portal de informa\u00e7\u00e3o sobre o mundo dos investimentos\",\"publisher\":{\"@id\":\"https:\/\/www.suno.com.br\/noticias\/#organization\"},\"potentialAction\":[{\"@type\":\"SearchAction\",\"target\":{\"@type\":\"EntryPoint\",\"urlTemplate\":\"https:\/\/www.suno.com.br\/noticias\/?s={search_term_string}\"},\"query-input\":{\"@type\":\"PropertyValueSpecification\",\"valueRequired\":true,\"valueName\":\"search_term_string\"}}],\"inLanguage\":\"pt-BR\"},{\"@type\":\"Organization\",\"@id\":\"https:\/\/www.suno.com.br\/noticias\/#organization\",\"name\":\"Suno Not\u00edcias\",\"url\":\"https:\/\/www.suno.com.br\/noticias\/\",\"logo\":{\"@type\":\"ImageObject\",\"inLanguage\":\"pt-BR\",\"@id\":\"https:\/\/www.suno.com.br\/noticias\/#\/schema\/logo\/image\/\",\"url\":\"https:\/\/files.sunoresearch.com.br\/n\/uploads\/2021\/09\/suno-logo.png\",\"contentUrl\":\"https:\/\/files.sunoresearch.com.br\/n\/uploads\/2021\/09\/suno-logo.png\",\"width\":180,\"height\":180,\"caption\":\"Suno Not\u00edcias\"},\"image\":{\"@id\":\"https:\/\/www.suno.com.br\/noticias\/#\/schema\/logo\/image\/\"},\"sameAs\":[\"https:\/\/facebook.com\/sunoresearch\",\"https:\/\/x.com\/sunoresearch\",\"https:\/\/www.instagram.com\/suno\",\"https:\/\/www.linkedin.com\/company\/suno-research\/\",\"https:\/\/www.youtube.com\/c\/sunoresearch\"]},{\"@type\":\"Person\",\"@id\":\"https:\/\/www.suno.com.br\/noticias\/#\/schema\/person\/4a180549702d0e236b3e420862bcded3\",\"name\":\"Vin\u00edcius Alves\",\"image\":{\"@type\":\"ImageObject\",\"inLanguage\":\"pt-BR\",\"@id\":\"https:\/\/www.suno.com.br\/noticias\/#\/schema\/person\/image\/\",\"url\":\"https:\/\/secure.gravatar.com\/avatar\/a95b7fe6d1b813f7907d4f476d5a39e1?s=96&r=g\",\"contentUrl\":\"https:\/\/secure.gravatar.com\/avatar\/a95b7fe6d1b813f7907d4f476d5a39e1?s=96&r=g\",\"caption\":\"Vin\u00edcius Alves\"},\"description\":\"Jornalista formado na Faculdade C\u00e1sper L\u00edbero. Com passagens pela Ag\u00eancia Estado, InfoMoney e Editora Globo.\",\"url\":\"https:\/\/www.suno.com.br\/noticias\/author\/vini08correiagmail-com\/\"}]}<\/script>\n<!-- \/ Yoast SEO plugin. -->","yoast_head_json":{"title":"Americanas (AMER3): bancos tentam evitar que Bradesco \u201cdrible\u201d RJ","description":"Em mais um cap\u00edtulo da crise na Americanas (AMER3), bancos entraram com pedido na 4\u00aa Vara Empresarial do Rio de Janeiro contra o Bradesco.","robots":{"index":"index","follow":"follow","max-snippet":"max-snippet:-1","max-image-preview":"max-image-preview:large","max-video-preview":"max-video-preview:-1"},"canonical":"https:\/\/www.suno.com.br\/noticias\/americanas-amer3-bancos-entram-pedido-contra-bradesco-evitar-drible-recuperacao-judicial-va\/","og_locale":"pt_BR","og_type":"article","og_title":"Americanas (AMER3): bancos tentam evitar que Bradesco \u201cdrible\u201d RJ","og_description":"Em mais um cap\u00edtulo da crise na Americanas (AMER3), bancos entraram com pedido na 4\u00aa Vara Empresarial do Rio de Janeiro contra o Bradesco.","og_url":"https:\/\/www.suno.com.br\/noticias\/americanas-amer3-bancos-entram-pedido-contra-bradesco-evitar-drible-recuperacao-judicial-va\/","og_site_name":"Suno Not\u00edcias","article_publisher":"https:\/\/facebook.com\/sunoresearch","og_image":[{"width":1200,"height":1033,"url":"https:\/\/files.sunoresearch.com.br\/n\/uploads\/2023\/02\/Americanas.jpg","type":"image\/jpeg"}],"author":"Vin\u00edcius Alves","twitter_card":"summary_large_image","twitter_creator":"@sunoresearch","twitter_site":"@sunoresearch","twitter_misc":{"Escrito por":"Vin\u00edcius Alves","Est. tempo de leitura":"4 minutos"},"schema":{"@context":"https:\/\/schema.org","@graph":[{"@type":"NewsArticle","@id":"https:\/\/www.suno.com.br\/noticias\/americanas-amer3-bancos-entram-pedido-contra-bradesco-evitar-drible-recuperacao-judicial-va\/#article","isPartOf":{"@id":"https:\/\/www.suno.com.br\/noticias\/americanas-amer3-bancos-entram-pedido-contra-bradesco-evitar-drible-recuperacao-judicial-va\/"},"author":{"name":"Vin\u00edcius Alves","@id":"https:\/\/www.suno.com.br\/noticias\/#\/schema\/person\/4a180549702d0e236b3e420862bcded3"},"headline":"Americanas (AMER3): bancos entram com pedido contra Bradesco para evitar \u201cdrible\u201d na recupera\u00e7\u00e3o judicial, diz jornal","datePublished":"2023-09-09T21:06:53+00:00","dateModified":"2023-09-09T21:07:00+00:00","mainEntityOfPage":{"@id":"https:\/\/www.suno.com.br\/noticias\/americanas-amer3-bancos-entram-pedido-contra-bradesco-evitar-drible-recuperacao-judicial-va\/"},"wordCount":741,"publisher":{"@id":"https:\/\/www.suno.com.br\/noticias\/#organization"},"image":{"@id":"https:\/\/www.suno.com.br\/noticias\/americanas-amer3-bancos-entram-pedido-contra-bradesco-evitar-drible-recuperacao-judicial-va\/#primaryimage"},"thumbnailUrl":"https:\/\/files.sunoresearch.com.br\/n\/uploads\/2023\/02\/Americanas.jpg","keywords":["A\u00e7\u00f5es","Americanas (AMER3)","Bradesco (BBDC3\/BBDC4)","recupera\u00e7\u00e3o judicial"],"articleSection":["Neg\u00f3cios"],"inLanguage":"pt-BR"},{"@type":"WebPage","@id":"https:\/\/www.suno.com.br\/noticias\/americanas-amer3-bancos-entram-pedido-contra-bradesco-evitar-drible-recuperacao-judicial-va\/","url":"https:\/\/www.suno.com.br\/noticias\/americanas-amer3-bancos-entram-pedido-contra-bradesco-evitar-drible-recuperacao-judicial-va\/","name":"Americanas (AMER3): bancos tentam evitar que Bradesco \u201cdrible\u201d RJ","isPartOf":{"@id":"https:\/\/www.suno.com.br\/noticias\/#website"},"primaryImageOfPage":{"@id":"https:\/\/www.suno.com.br\/noticias\/americanas-amer3-bancos-entram-pedido-contra-bradesco-evitar-drible-recuperacao-judicial-va\/#primaryimage"},"image":{"@id":"https:\/\/www.suno.com.br\/noticias\/americanas-amer3-bancos-entram-pedido-contra-bradesco-evitar-drible-recuperacao-judicial-va\/#primaryimage"},"thumbnailUrl":"https:\/\/files.sunoresearch.com.br\/n\/uploads\/2023\/02\/Americanas.jpg","datePublished":"2023-09-09T21:06:53+00:00","dateModified":"2023-09-09T21:07:00+00:00","description":"Em mais um cap\u00edtulo da crise na Americanas (AMER3), bancos entraram com pedido na 4\u00aa Vara Empresarial do Rio de Janeiro contra o Bradesco.","breadcrumb":{"@id":"https:\/\/www.suno.com.br\/noticias\/americanas-amer3-bancos-entram-pedido-contra-bradesco-evitar-drible-recuperacao-judicial-va\/#breadcrumb"},"inLanguage":"pt-BR","potentialAction":[{"@type":"ReadAction","target":["https:\/\/www.suno.com.br\/noticias\/americanas-amer3-bancos-entram-pedido-contra-bradesco-evitar-drible-recuperacao-judicial-va\/"]}]},{"@type":"ImageObject","inLanguage":"pt-BR","@id":"https:\/\/www.suno.com.br\/noticias\/americanas-amer3-bancos-entram-pedido-contra-bradesco-evitar-drible-recuperacao-judicial-va\/#primaryimage","url":"https:\/\/files.sunoresearch.com.br\/n\/uploads\/2023\/02\/Americanas.jpg","contentUrl":"https:\/\/files.sunoresearch.com.br\/n\/uploads\/2023\/02\/Americanas.jpg","width":1200,"height":1033,"caption":"Americanas. Foto: Wikimedia Commons"},{"@type":"BreadcrumbList","@id":"https:\/\/www.suno.com.br\/noticias\/americanas-amer3-bancos-entram-pedido-contra-bradesco-evitar-drible-recuperacao-judicial-va\/#breadcrumb","itemListElement":[{"@type":"ListItem","position":1,"name":"Not\u00edcias","item":"https:\/\/www.suno.com.br\/noticias\/"},{"@type":"ListItem","position":2,"name":"Neg\u00f3cios","item":"https:\/\/www.suno.com.br\/noticias\/negocios\/"},{"@type":"ListItem","position":3,"name":"Americanas (AMER3): bancos entram com pedido contra Bradesco para evitar \u201cdrible\u201d na recupera\u00e7\u00e3o judicial, diz jornal"}]},{"@type":"WebSite","@id":"https:\/\/www.suno.com.br\/noticias\/#website","url":"https:\/\/www.suno.com.br\/noticias\/","name":"Suno Not\u00edcias","description":"Seu portal de informa\u00e7\u00e3o sobre o mundo dos investimentos","publisher":{"@id":"https:\/\/www.suno.com.br\/noticias\/#organization"},"potentialAction":[{"@type":"SearchAction","target":{"@type":"EntryPoint","urlTemplate":"https:\/\/www.suno.com.br\/noticias\/?s={search_term_string}"},"query-input":{"@type":"PropertyValueSpecification","valueRequired":true,"valueName":"search_term_string"}}],"inLanguage":"pt-BR"},{"@type":"Organization","@id":"https:\/\/www.suno.com.br\/noticias\/#organization","name":"Suno Not\u00edcias","url":"https:\/\/www.suno.com.br\/noticias\/","logo":{"@type":"ImageObject","inLanguage":"pt-BR","@id":"https:\/\/www.suno.com.br\/noticias\/#\/schema\/logo\/image\/","url":"https:\/\/files.sunoresearch.com.br\/n\/uploads\/2021\/09\/suno-logo.png","contentUrl":"https:\/\/files.sunoresearch.com.br\/n\/uploads\/2021\/09\/suno-logo.png","width":180,"height":180,"caption":"Suno Not\u00edcias"},"image":{"@id":"https:\/\/www.suno.com.br\/noticias\/#\/schema\/logo\/image\/"},"sameAs":["https:\/\/facebook.com\/sunoresearch","https:\/\/x.com\/sunoresearch","https:\/\/www.instagram.com\/suno","https:\/\/www.linkedin.com\/company\/suno-research\/","https:\/\/www.youtube.com\/c\/sunoresearch"]},{"@type":"Person","@id":"https:\/\/www.suno.com.br\/noticias\/#\/schema\/person\/4a180549702d0e236b3e420862bcded3","name":"Vin\u00edcius Alves","image":{"@type":"ImageObject","inLanguage":"pt-BR","@id":"https:\/\/www.suno.com.br\/noticias\/#\/schema\/person\/image\/","url":"https:\/\/secure.gravatar.com\/avatar\/a95b7fe6d1b813f7907d4f476d5a39e1?s=96&r=g","contentUrl":"https:\/\/secure.gravatar.com\/avatar\/a95b7fe6d1b813f7907d4f476d5a39e1?s=96&r=g","caption":"Vin\u00edcius Alves"},"description":"Jornalista formado na Faculdade C\u00e1sper L\u00edbero. Com passagens pela Ag\u00eancia Estado, InfoMoney e Editora Globo.","url":"https:\/\/www.suno.com.br\/noticias\/author\/vini08correiagmail-com\/"}]}},"default_loop_html":"<div class=\"cardsPage__listCard__boxs\"><div class=\"cardsPage__listCard__boxs__img\"><a href=\"https:\/\/www.suno.com.br\/noticias\/americanas-amer3-bancos-entram-pedido-contra-bradesco-evitar-drible-recuperacao-judicial-va\/\"><img class=\"mask\" src=\"https:\/\/www.suno.com.br\/noticias\/wp-content\/themes\/suno\/resources\/images\/spotlight\/spotlight1img\/bg-mask.png\" alt=\"Image Mask\"\/><img src=\"https:\/\/files.sunoresearch.com.br\/n\/uploads\/2023\/02\/Americanas-400x200.jpg\" alt=\"Americanas (AMER3): bancos entram com pedido contra Bradesco para evitar \u201cdrible\u201d na recupera\u00e7\u00e3o judicial, diz jornal\"\/><\/a><span class=\"spotlightCategory\"><a href=\"https:\/\/www.suno.com.br\/noticias\/negocios\/\">Neg\u00f3cios<\/a><\/span><\/div><div class=\"cardsPage__listCard__boxs__content\"><a href=\"https:\/\/www.suno.com.br\/noticias\/americanas-amer3-bancos-entram-pedido-contra-bradesco-evitar-drible-recuperacao-judicial-va\/\"><h2 class=\"content__title\">Americanas (AMER3): bancos entram com pedido contra Bradesco para evitar \u201cdrible\u201d na recupera\u00e7\u00e3o judicial, diz jornal<\/h2><\/a><div class=\"newsContent__article__meta\"><div class=\"newsContent__article__meta__authorBox\"><a href=\"https:\/\/www.suno.com.br\/noticias\/author\/marco-lopes\/\" class=\"authorBox__avatar noMobi\"><img src=\"https:\/\/secure.gravatar.com\/avatar\/385167b012fbc1cde32c5446ee253313?s=96&#038;r=g\" alt=\"Marco Ant\u00f4nio Lopes\"><\/a><div class=\"authorBox__name\"><span>por\n\t\t\t<a href=\"https:\/\/www.suno.com.br\/noticias\/author\/marco-lopes\/\"><span itemprop=\"author\">Marco Ant\u00f4nio Lopes<\/span><\/a><\/span><time datetime=\"2023-09-09T18:06:53-03:00\" itemprop=\"datePublished\">09\/09\/2023 18:06<\/time><\/div><\/div><\/div><\/div><\/div>","single_layout":"posts","amp_enabled":true,"_links":{"self":[{"href":"https:\/\/www.suno.com.br\/noticias\/wp-json\/wp\/v2\/posts\/453978"}],"collection":[{"href":"https:\/\/www.suno.com.br\/noticias\/wp-json\/wp\/v2\/posts"}],"about":[{"href":"https:\/\/www.suno.com.br\/noticias\/wp-json\/wp\/v2\/types\/post"}],"author":[{"embeddable":true,"href":"https:\/\/www.suno.com.br\/noticias\/wp-json\/wp\/v2\/users\/301"}],"replies":[{"embeddable":true,"href":"https:\/\/www.suno.com.br\/noticias\/wp-json\/wp\/v2\/comments?post=453978"}],"version-history":[{"count":3,"href":"https:\/\/www.suno.com.br\/noticias\/wp-json\/wp\/v2\/posts\/453978\/revisions"}],"predecessor-version":[{"id":453989,"href":"https:\/\/www.suno.com.br\/noticias\/wp-json\/wp\/v2\/posts\/453978\/revisions\/453989"}],"wp:featuredmedia":[{"embeddable":true,"href":"https:\/\/www.suno.com.br\/noticias\/wp-json\/wp\/v2\/media\/366560"}],"wp:attachment":[{"href":"https:\/\/www.suno.com.br\/noticias\/wp-json\/wp\/v2\/media?parent=453978"}],"wp:term":[{"taxonomy":"category","embeddable":true,"href":"https:\/\/www.suno.com.br\/noticias\/wp-json\/wp\/v2\/categories?post=453978"},{"taxonomy":"post_tag","embeddable":true,"href":"https:\/\/www.suno.com.br\/noticias\/wp-json\/wp\/v2\/tags?post=453978"},{"taxonomy":"suno_strategy","embeddable":true,"href":"https:\/\/www.suno.com.br\/noticias\/wp-json\/wp\/v2\/suno_strategy?post=453978"}],"curies":[{"name":"wp","href":"https:\/\/api.w.org\/{rel}","templated":true}]}}