{"id":453936,"date":"2023-09-09T17:34:51","date_gmt":"2023-09-09T20:34:51","guid":{"rendered":"https:\/\/www.suno.com.br\/noticias\/?p=453936"},"modified":"2023-09-09T17:36:37","modified_gmt":"2023-09-09T20:36:37","slug":"morre-germano-gerdau-acionista-do-grupo-siderurgico-gerdau-aos-91-anos","status":"publish","type":"post","link":"https:\/\/www.suno.com.br\/noticias\/morre-germano-gerdau-acionista-do-grupo-siderurgico-gerdau-aos-91-anos\/","title":{"rendered":"Morre Germano Gerdau, acionista do grupo sider\u00fargico Gerdau, aos 91 anos"},"content":{"rendered":"<p>Empres\u00e1rio e um dos acionistas da <strong>Gerdau <\/strong>(GGBR4), Germano Gerdau Johannpeter, 91, faleceu ontem, 8, no Rio de Janeiro. De acordo com comunicado, Germano morreu por causas naturais. O empres\u00e1rio deixa duas filhas, Fernanda e Germana, al\u00e9m de seis netos.<\/p>\t<div class=\"wrapper-featured-image\">\n\t\t<figure class=\"spotlightImg\">\n\n\t\t\t<picture>\n\t\t\t\t<source media=\"(max-width: 768px)\" srcset=\"https:\/\/files.sunoresearch.com.br\/n\/uploads\/2023\/09\/1_germano-29390072-400x200.jpg\">\n\t\t\t\t<img loading=\"lazy\" decoding=\"async\" class=\"newsContent__article__imgCapa lazyloadDisabled \" src=\"https:\/\/files.sunoresearch.com.br\/n\/uploads\/2023\/09\/1_germano-29390072-800x450.jpg\" width=\"800\" height=\"450\" alt=\"Morre Germano Gerdau, acionista do grupo sider\u00fargico Gerdau, aos 91 anos\" fetchpriority=high \/>\n\t\t\t<\/picture>\n\n\t\t\t<figcaption class=\"wp-caption-text wp-caption-text--show\">Germano Gerdau. Foto: Divulga\u00e7\u00e3o.<\/figcaption>\n\t\t<\/figure>\n\t<\/div>\n\n\n\n\n\n\n<p>Junto com seus irm\u00e3os Jorge, Klaus e Frederico, Germano formou a quarta gera\u00e7\u00e3o que comandou o grupo sider\u00fargico Gerdau. &#8220;Juntamente com seus irm\u00e3os [&#8230;] fez parte da gera\u00e7\u00e3o que transformou, n\u00e3o apenas a Gerdau, mas a ind\u00fastria brasileira do <a href=\"https:\/\/www.suno.com.br\/noticias\/gerdau-ggbr4-resultado-lucro-2t23-jvj\/\">a\u00e7o<\/a>, construindo a centen\u00e1ria multinacional brasileira que hoje atua em nove pa\u00edses&#8221;, diz nota.<\/p>\n\n\n\t<p>\n\t\t<a href=\"\" target=\"_blank\" data-element=\"shortcode-suno-banner\" title=\"Banner SUNO, clique e saiba mais\">\n\t\t\t<picture>\n\t\t\t\t<source media=\"(max-width: 500px)\" srcset=\"\">\n\t\t\t\t<img class=\"newsContent__article__imgCapa newsContent__article__imgCapa--banner\"\n\t\t\t\t\tsrc=\"\"\n\t\t\t\t\tdata-promo-id=\"240038\"\t\t\t\t\t\t\t\t\t\t\t\t\t\t\talt=\"\"\n\t\t\t\t>\n\t\t\t<\/picture>\n\t\t<\/a>\n\t<\/p>\n\n\n\n\n\n<p>O comunicado lembra que o empres\u00e1rio tinha senso de humor e intelig\u00eancia marcantes, assim como era um ex\u00edmio contador de hist\u00f3rias, muitas delas registradas no seu livro Mem\u00f3rias de A\u00e7o. Sua atitude sempre otimista, ressalta a nota, foi fundamental para superar as dificuldades que se apresentaram ao longo da hist\u00f3ria e crescimento da Gerdau.<\/p>\n\n\n\t<p>\n\t\t<a href=\"https:\/\/lp.suno.com.br\/ebook-gratuito-investindo-no-exterior\/\" target=\"_blank\" data-element=\"shortcode-suno-banner\" title=\"Banner SUNO, clique e saiba mais\">\n\t\t\t<picture>\n\t\t\t\t<source media=\"(max-width: 500px)\" srcset=\"https:\/\/files.sunoresearch.com.br\/n\/uploads\/2023\/03\/400x300-Investindo-no-exterior.png\">\n\t\t\t\t<img class=\"newsContent__article__imgCapa newsContent__article__imgCapa--banner\"\n\t\t\t\t\tsrc=\"https:\/\/files.sunoresearch.com.br\/n\/uploads\/2023\/03\/1420x240-Investindo-no-exterior.png\"\n\t\t\t\t\tdata-promo-id=\"383161\"\t\t\t\t\t\t\t\t\t\twidth='1420' height='240'\t\t\t\t\talt=\"https:\/\/files.sunoresearch.com.br\/n\/uploads\/2023\/03\/1420x240-Investindo-no-exterior.png\"\n\t\t\t\t>\n\t\t\t<\/picture>\n\t\t<\/a>\n\t<\/p>\n\n\n\n\n\n<p>&#8220;Os irm\u00e3os Klaus, Jorge e Frederico reconhecem e agradecem imensamente a capacidade do Germano de conduzir de forma harm\u00f4nica a rela\u00e7\u00e3o entre os familiares. Ele foi decisivo no sucesso da companhia por essa capacidade conciliadora, al\u00e9m de ter sido l\u00edder absoluto e incondicional na \u00e1rea comercial da empresa&#8221;, conclui a nota.<\/p>\n\n\n\n<p>O <strong>grupo <a href=\"https:\/\/www.suno.com.br\/noticias\/gerdau-ggbr4-banco-recomenda-acoes-dividendos-va\/\">Gerdau <\/a><\/strong>\u00e9 comandado desde 2018 por um profissional fora da fam\u00edlia, e est\u00e1 na quinta gera\u00e7\u00e3o.<\/p>\n\n\n\n<p>Com Estad\u00e3o Conte\u00fado<\/p>\n\n\n\n\n\t<p>\n\t\t<a href=\"https:\/\/lp.suno.com.br\/planilha-da-vida-financeira\/\" target=\"_blank\" data-element=\"shortcode-suno-banner\" title=\"Banner SUNO, clique e saiba mais\">\n\t\t\t<picture>\n\t\t\t\t<source media=\"(max-width: 500px)\" srcset=\"https:\/\/files.sunoresearch.com.br\/n\/uploads\/2023\/04\/400x300-Planilha-vida-financeira-true.png\">\n\t\t\t\t<img class=\"newsContent__article__imgCapa newsContent__article__imgCapa--banner\"\n\t\t\t\t\tsrc=\"https:\/\/files.sunoresearch.com.br\/n\/uploads\/2023\/04\/1420x240-Planilha-vida-financeira-true.png\"\n\t\t\t\t\tdata-promo-id=\"383123\"\t\t\t\t\t\t\t\t\t\twidth='1420' height='240'\t\t\t\t\talt=\"https:\/\/files.sunoresearch.com.br\/n\/uploads\/2023\/04\/1420x240-Planilha-vida-financeira-true.png\"\n\t\t\t\t>\n\t\t\t<\/picture>\n\t\t<\/a>\n\t<\/p>\n\n\n","protected":false},"excerpt":{"rendered":"<p>Empres\u00e1rio e um dos acionistas da Gerdau (GGBR4), Germano Gerdau Johannpeter, 91, faleceu ontem, 8, no Rio de Janeiro. De acordo com comunicado, Germano morreu por causas naturais. O empres\u00e1rio deixa duas filhas, Fernanda e Germana, al\u00e9m de seis netos. Germano Gerdau. Foto: Divulga\u00e7\u00e3o. Junto com seus irm\u00e3os Jorge, Klaus e Frederico, Germano formou a [&hellip;]<\/p>\n","protected":false},"author":43,"featured_media":453971,"comment_status":"closed","ping_status":"closed","sticky":false,"template":"","format":"standard","meta":[],"categories":[62],"tags":[740,488],"suno_strategy":[],"class_list":["post-453936","post","type-post","status-publish","format-standard","has-post-thumbnail","hentry","category-economia","tag-economia","tag-gerdau-ggbr3-ggbr4"],"yoast_head":"<!-- This site is optimized with the Yoast SEO plugin v24.4 - https:\/\/yoast.com\/wordpress\/plugins\/seo\/ -->\n<title>Morre Germano Gerdau, acionista do grupo sider\u00fargico Gerdau<\/title>\n<meta name=\"description\" content=\"Empres\u00e1rio e um dos acionistas da Gerdau (GGBR4), Germano Gerdau Johannpeter, 91, faleceu ontem, 8, no Rio de Janeiro.\" \/>\n<meta name=\"robots\" content=\"index, follow, max-snippet:-1, max-image-preview:large, max-video-preview:-1\" \/>\n<link rel=\"canonical\" href=\"https:\/\/www.suno.com.br\/noticias\/morre-germano-gerdau-acionista-do-grupo-siderurgico-gerdau-aos-91-anos\/\" \/>\n<meta property=\"og:locale\" content=\"pt_BR\" \/>\n<meta property=\"og:type\" content=\"article\" \/>\n<meta property=\"og:title\" content=\"Morre Germano Gerdau, acionista do grupo sider\u00fargico Gerdau\" \/>\n<meta property=\"og:description\" content=\"Empres\u00e1rio e um dos acionistas da Gerdau (GGBR4), Germano Gerdau Johannpeter, 91, faleceu ontem, 8, no Rio de Janeiro.\" \/>\n<meta property=\"og:url\" content=\"https:\/\/www.suno.com.br\/noticias\/morre-germano-gerdau-acionista-do-grupo-siderurgico-gerdau-aos-91-anos\/\" \/>\n<meta property=\"og:site_name\" content=\"Suno Not\u00edcias\" \/>\n<meta property=\"article:publisher\" content=\"https:\/\/facebook.com\/sunoresearch\" \/>\n<meta property=\"article:author\" content=\"https:\/\/www.facebook.com\/sunonoticias\/\" \/>\n<meta property=\"og:image\" content=\"https:\/\/files.sunoresearch.com.br\/n\/uploads\/2023\/09\/1_germano-29390072.jpg\" \/>\n\t<meta property=\"og:image:width\" content=\"1200\" \/>\n\t<meta property=\"og:image:height\" content=\"800\" \/>\n\t<meta property=\"og:image:type\" content=\"image\/jpeg\" \/>\n<meta name=\"author\" content=\"Reda\u00e7\u00e3o Suno Not\u00edcias\" \/>\n<meta name=\"twitter:card\" content=\"summary_large_image\" \/>\n<meta name=\"twitter:creator\" content=\"@https:\/\/twitter.com\/sunoresearch\" \/>\n<meta name=\"twitter:site\" content=\"@sunoresearch\" \/>\n<meta name=\"twitter:label1\" content=\"Escrito por\" \/>\n\t<meta name=\"twitter:data1\" content=\"Reda\u00e7\u00e3o Suno Not\u00edcias\" \/>\n\t<meta name=\"twitter:label2\" content=\"Est. tempo de leitura\" \/>\n\t<meta name=\"twitter:data2\" content=\"2 minutos\" \/>\n<script type=\"application\/ld+json\" class=\"yoast-schema-graph\">{\"@context\":\"https:\/\/schema.org\",\"@graph\":[{\"@type\":\"NewsArticle\",\"@id\":\"https:\/\/www.suno.com.br\/noticias\/morre-germano-gerdau-acionista-do-grupo-siderurgico-gerdau-aos-91-anos\/#article\",\"isPartOf\":{\"@id\":\"https:\/\/www.suno.com.br\/noticias\/morre-germano-gerdau-acionista-do-grupo-siderurgico-gerdau-aos-91-anos\/\"},\"author\":{\"name\":\"Reda\u00e7\u00e3o Suno Not\u00edcias\",\"@id\":\"https:\/\/www.suno.com.br\/noticias\/#\/schema\/person\/c1b1bd3727fa852bd045e9dbff3673ea\"},\"headline\":\"Morre Germano Gerdau, acionista do grupo sider\u00fargico Gerdau, aos 91 anos\",\"datePublished\":\"2023-09-09T20:34:51+00:00\",\"dateModified\":\"2023-09-09T20:36:37+00:00\",\"mainEntityOfPage\":{\"@id\":\"https:\/\/www.suno.com.br\/noticias\/morre-germano-gerdau-acionista-do-grupo-siderurgico-gerdau-aos-91-anos\/\"},\"wordCount\":263,\"publisher\":{\"@id\":\"https:\/\/www.suno.com.br\/noticias\/#organization\"},\"image\":{\"@id\":\"https:\/\/www.suno.com.br\/noticias\/morre-germano-gerdau-acionista-do-grupo-siderurgico-gerdau-aos-91-anos\/#primaryimage\"},\"thumbnailUrl\":\"https:\/\/files.sunoresearch.com.br\/n\/uploads\/2023\/09\/1_germano-29390072.jpg\",\"keywords\":[\"Economia\",\"Gerdau (GGBR3\/GGBR4)\"],\"articleSection\":[\"Economia\"],\"inLanguage\":\"pt-BR\"},{\"@type\":\"WebPage\",\"@id\":\"https:\/\/www.suno.com.br\/noticias\/morre-germano-gerdau-acionista-do-grupo-siderurgico-gerdau-aos-91-anos\/\",\"url\":\"https:\/\/www.suno.com.br\/noticias\/morre-germano-gerdau-acionista-do-grupo-siderurgico-gerdau-aos-91-anos\/\",\"name\":\"Morre Germano Gerdau, acionista do grupo sider\u00fargico Gerdau\",\"isPartOf\":{\"@id\":\"https:\/\/www.suno.com.br\/noticias\/#website\"},\"primaryImageOfPage\":{\"@id\":\"https:\/\/www.suno.com.br\/noticias\/morre-germano-gerdau-acionista-do-grupo-siderurgico-gerdau-aos-91-anos\/#primaryimage\"},\"image\":{\"@id\":\"https:\/\/www.suno.com.br\/noticias\/morre-germano-gerdau-acionista-do-grupo-siderurgico-gerdau-aos-91-anos\/#primaryimage\"},\"thumbnailUrl\":\"https:\/\/files.sunoresearch.com.br\/n\/uploads\/2023\/09\/1_germano-29390072.jpg\",\"datePublished\":\"2023-09-09T20:34:51+00:00\",\"dateModified\":\"2023-09-09T20:36:37+00:00\",\"description\":\"Empres\u00e1rio e um dos acionistas da Gerdau (GGBR4), Germano Gerdau Johannpeter, 91, faleceu ontem, 8, no Rio de Janeiro.\",\"breadcrumb\":{\"@id\":\"https:\/\/www.suno.com.br\/noticias\/morre-germano-gerdau-acionista-do-grupo-siderurgico-gerdau-aos-91-anos\/#breadcrumb\"},\"inLanguage\":\"pt-BR\",\"potentialAction\":[{\"@type\":\"ReadAction\",\"target\":[\"https:\/\/www.suno.com.br\/noticias\/morre-germano-gerdau-acionista-do-grupo-siderurgico-gerdau-aos-91-anos\/\"]}]},{\"@type\":\"ImageObject\",\"inLanguage\":\"pt-BR\",\"@id\":\"https:\/\/www.suno.com.br\/noticias\/morre-germano-gerdau-acionista-do-grupo-siderurgico-gerdau-aos-91-anos\/#primaryimage\",\"url\":\"https:\/\/files.sunoresearch.com.br\/n\/uploads\/2023\/09\/1_germano-29390072.jpg\",\"contentUrl\":\"https:\/\/files.sunoresearch.com.br\/n\/uploads\/2023\/09\/1_germano-29390072.jpg\",\"width\":1200,\"height\":800,\"caption\":\"Germano Gerdau. Foto: Divulga\u00e7\u00e3o.\"},{\"@type\":\"BreadcrumbList\",\"@id\":\"https:\/\/www.suno.com.br\/noticias\/morre-germano-gerdau-acionista-do-grupo-siderurgico-gerdau-aos-91-anos\/#breadcrumb\",\"itemListElement\":[{\"@type\":\"ListItem\",\"position\":1,\"name\":\"Not\u00edcias\",\"item\":\"https:\/\/www.suno.com.br\/noticias\/\"},{\"@type\":\"ListItem\",\"position\":2,\"name\":\"Economia\",\"item\":\"https:\/\/www.suno.com.br\/noticias\/economia\/\"},{\"@type\":\"ListItem\",\"position\":3,\"name\":\"Morre Germano Gerdau, acionista do grupo sider\u00fargico Gerdau, aos 91 anos\"}]},{\"@type\":\"WebSite\",\"@id\":\"https:\/\/www.suno.com.br\/noticias\/#website\",\"url\":\"https:\/\/www.suno.com.br\/noticias\/\",\"name\":\"Suno Not\u00edcias\",\"description\":\"Seu portal de informa\u00e7\u00e3o sobre o mundo dos investimentos\",\"publisher\":{\"@id\":\"https:\/\/www.suno.com.br\/noticias\/#organization\"},\"potentialAction\":[{\"@type\":\"SearchAction\",\"target\":{\"@type\":\"EntryPoint\",\"urlTemplate\":\"https:\/\/www.suno.com.br\/noticias\/?s={search_term_string}\"},\"query-input\":{\"@type\":\"PropertyValueSpecification\",\"valueRequired\":true,\"valueName\":\"search_term_string\"}}],\"inLanguage\":\"pt-BR\"},{\"@type\":\"Organization\",\"@id\":\"https:\/\/www.suno.com.br\/noticias\/#organization\",\"name\":\"Suno Not\u00edcias\",\"url\":\"https:\/\/www.suno.com.br\/noticias\/\",\"logo\":{\"@type\":\"ImageObject\",\"inLanguage\":\"pt-BR\",\"@id\":\"https:\/\/www.suno.com.br\/noticias\/#\/schema\/logo\/image\/\",\"url\":\"https:\/\/files.sunoresearch.com.br\/n\/uploads\/2021\/09\/suno-logo.png\",\"contentUrl\":\"https:\/\/files.sunoresearch.com.br\/n\/uploads\/2021\/09\/suno-logo.png\",\"width\":180,\"height\":180,\"caption\":\"Suno Not\u00edcias\"},\"image\":{\"@id\":\"https:\/\/www.suno.com.br\/noticias\/#\/schema\/logo\/image\/\"},\"sameAs\":[\"https:\/\/facebook.com\/sunoresearch\",\"https:\/\/x.com\/sunoresearch\",\"https:\/\/www.instagram.com\/suno\",\"https:\/\/www.linkedin.com\/company\/suno-research\/\",\"https:\/\/www.youtube.com\/c\/sunoresearch\"]},{\"@type\":\"Person\",\"@id\":\"https:\/\/www.suno.com.br\/noticias\/#\/schema\/person\/c1b1bd3727fa852bd045e9dbff3673ea\",\"name\":\"Reda\u00e7\u00e3o Suno Not\u00edcias\",\"image\":{\"@type\":\"ImageObject\",\"inLanguage\":\"pt-BR\",\"@id\":\"https:\/\/www.suno.com.br\/noticias\/#\/schema\/person\/image\/\",\"url\":\"https:\/\/secure.gravatar.com\/avatar\/b8104b9b5a71985d5238ee59fbe418af?s=96&r=g\",\"contentUrl\":\"https:\/\/secure.gravatar.com\/avatar\/b8104b9b5a71985d5238ee59fbe418af?s=96&r=g\",\"caption\":\"Reda\u00e7\u00e3o Suno Not\u00edcias\"},\"description\":\"O Suno Not\u00edcias \u00e9 um portal de informa\u00e7\u00f5es sobre Mercado Financeiro, Pol\u00edtica, Neg\u00f3cios, Economia e Finan\u00e7as Pessoais.\",\"sameAs\":[\"https:\/\/www.suno.com.br\/noticias\",\"https:\/\/www.facebook.com\/sunonoticias\/\",\"https:\/\/www.instagram.com\/sunonoticias\/\",\"https:\/\/x.com\/https:\/\/twitter.com\/sunoresearch\",\"https:\/\/www.youtube.com\/sunonoticias\"],\"url\":\"https:\/\/www.suno.com.br\/noticias\/author\/redacao-suno\/\"}]}<\/script>\n<!-- \/ Yoast SEO plugin. -->","yoast_head_json":{"title":"Morre Germano Gerdau, acionista do grupo sider\u00fargico Gerdau","description":"Empres\u00e1rio e um dos acionistas da Gerdau (GGBR4), Germano Gerdau Johannpeter, 91, faleceu ontem, 8, no Rio de Janeiro.","robots":{"index":"index","follow":"follow","max-snippet":"max-snippet:-1","max-image-preview":"max-image-preview:large","max-video-preview":"max-video-preview:-1"},"canonical":"https:\/\/www.suno.com.br\/noticias\/morre-germano-gerdau-acionista-do-grupo-siderurgico-gerdau-aos-91-anos\/","og_locale":"pt_BR","og_type":"article","og_title":"Morre Germano Gerdau, acionista do grupo sider\u00fargico Gerdau","og_description":"Empres\u00e1rio e um dos acionistas da Gerdau (GGBR4), Germano Gerdau Johannpeter, 91, faleceu ontem, 8, no Rio de Janeiro.","og_url":"https:\/\/www.suno.com.br\/noticias\/morre-germano-gerdau-acionista-do-grupo-siderurgico-gerdau-aos-91-anos\/","og_site_name":"Suno Not\u00edcias","article_publisher":"https:\/\/facebook.com\/sunoresearch","article_author":"https:\/\/www.facebook.com\/sunonoticias\/","og_image":[{"width":1200,"height":800,"url":"https:\/\/files.sunoresearch.com.br\/n\/uploads\/2023\/09\/1_germano-29390072.jpg","type":"image\/jpeg"}],"author":"Reda\u00e7\u00e3o Suno Not\u00edcias","twitter_card":"summary_large_image","twitter_creator":"@https:\/\/twitter.com\/sunoresearch","twitter_site":"@sunoresearch","twitter_misc":{"Escrito por":"Reda\u00e7\u00e3o Suno Not\u00edcias","Est. tempo de leitura":"2 minutos"},"schema":{"@context":"https:\/\/schema.org","@graph":[{"@type":"NewsArticle","@id":"https:\/\/www.suno.com.br\/noticias\/morre-germano-gerdau-acionista-do-grupo-siderurgico-gerdau-aos-91-anos\/#article","isPartOf":{"@id":"https:\/\/www.suno.com.br\/noticias\/morre-germano-gerdau-acionista-do-grupo-siderurgico-gerdau-aos-91-anos\/"},"author":{"name":"Reda\u00e7\u00e3o Suno Not\u00edcias","@id":"https:\/\/www.suno.com.br\/noticias\/#\/schema\/person\/c1b1bd3727fa852bd045e9dbff3673ea"},"headline":"Morre Germano Gerdau, acionista do grupo sider\u00fargico Gerdau, aos 91 anos","datePublished":"2023-09-09T20:34:51+00:00","dateModified":"2023-09-09T20:36:37+00:00","mainEntityOfPage":{"@id":"https:\/\/www.suno.com.br\/noticias\/morre-germano-gerdau-acionista-do-grupo-siderurgico-gerdau-aos-91-anos\/"},"wordCount":263,"publisher":{"@id":"https:\/\/www.suno.com.br\/noticias\/#organization"},"image":{"@id":"https:\/\/www.suno.com.br\/noticias\/morre-germano-gerdau-acionista-do-grupo-siderurgico-gerdau-aos-91-anos\/#primaryimage"},"thumbnailUrl":"https:\/\/files.sunoresearch.com.br\/n\/uploads\/2023\/09\/1_germano-29390072.jpg","keywords":["Economia","Gerdau (GGBR3\/GGBR4)"],"articleSection":["Economia"],"inLanguage":"pt-BR"},{"@type":"WebPage","@id":"https:\/\/www.suno.com.br\/noticias\/morre-germano-gerdau-acionista-do-grupo-siderurgico-gerdau-aos-91-anos\/","url":"https:\/\/www.suno.com.br\/noticias\/morre-germano-gerdau-acionista-do-grupo-siderurgico-gerdau-aos-91-anos\/","name":"Morre Germano Gerdau, acionista do grupo sider\u00fargico Gerdau","isPartOf":{"@id":"https:\/\/www.suno.com.br\/noticias\/#website"},"primaryImageOfPage":{"@id":"https:\/\/www.suno.com.br\/noticias\/morre-germano-gerdau-acionista-do-grupo-siderurgico-gerdau-aos-91-anos\/#primaryimage"},"image":{"@id":"https:\/\/www.suno.com.br\/noticias\/morre-germano-gerdau-acionista-do-grupo-siderurgico-gerdau-aos-91-anos\/#primaryimage"},"thumbnailUrl":"https:\/\/files.sunoresearch.com.br\/n\/uploads\/2023\/09\/1_germano-29390072.jpg","datePublished":"2023-09-09T20:34:51+00:00","dateModified":"2023-09-09T20:36:37+00:00","description":"Empres\u00e1rio e um dos acionistas da Gerdau (GGBR4), Germano Gerdau Johannpeter, 91, faleceu ontem, 8, no Rio de Janeiro.","breadcrumb":{"@id":"https:\/\/www.suno.com.br\/noticias\/morre-germano-gerdau-acionista-do-grupo-siderurgico-gerdau-aos-91-anos\/#breadcrumb"},"inLanguage":"pt-BR","potentialAction":[{"@type":"ReadAction","target":["https:\/\/www.suno.com.br\/noticias\/morre-germano-gerdau-acionista-do-grupo-siderurgico-gerdau-aos-91-anos\/"]}]},{"@type":"ImageObject","inLanguage":"pt-BR","@id":"https:\/\/www.suno.com.br\/noticias\/morre-germano-gerdau-acionista-do-grupo-siderurgico-gerdau-aos-91-anos\/#primaryimage","url":"https:\/\/files.sunoresearch.com.br\/n\/uploads\/2023\/09\/1_germano-29390072.jpg","contentUrl":"https:\/\/files.sunoresearch.com.br\/n\/uploads\/2023\/09\/1_germano-29390072.jpg","width":1200,"height":800,"caption":"Germano Gerdau. Foto: Divulga\u00e7\u00e3o."},{"@type":"BreadcrumbList","@id":"https:\/\/www.suno.com.br\/noticias\/morre-germano-gerdau-acionista-do-grupo-siderurgico-gerdau-aos-91-anos\/#breadcrumb","itemListElement":[{"@type":"ListItem","position":1,"name":"Not\u00edcias","item":"https:\/\/www.suno.com.br\/noticias\/"},{"@type":"ListItem","position":2,"name":"Economia","item":"https:\/\/www.suno.com.br\/noticias\/economia\/"},{"@type":"ListItem","position":3,"name":"Morre Germano Gerdau, acionista do grupo sider\u00fargico Gerdau, aos 91 anos"}]},{"@type":"WebSite","@id":"https:\/\/www.suno.com.br\/noticias\/#website","url":"https:\/\/www.suno.com.br\/noticias\/","name":"Suno Not\u00edcias","description":"Seu portal de informa\u00e7\u00e3o sobre o mundo dos investimentos","publisher":{"@id":"https:\/\/www.suno.com.br\/noticias\/#organization"},"potentialAction":[{"@type":"SearchAction","target":{"@type":"EntryPoint","urlTemplate":"https:\/\/www.suno.com.br\/noticias\/?s={search_term_string}"},"query-input":{"@type":"PropertyValueSpecification","valueRequired":true,"valueName":"search_term_string"}}],"inLanguage":"pt-BR"},{"@type":"Organization","@id":"https:\/\/www.suno.com.br\/noticias\/#organization","name":"Suno Not\u00edcias","url":"https:\/\/www.suno.com.br\/noticias\/","logo":{"@type":"ImageObject","inLanguage":"pt-BR","@id":"https:\/\/www.suno.com.br\/noticias\/#\/schema\/logo\/image\/","url":"https:\/\/files.sunoresearch.com.br\/n\/uploads\/2021\/09\/suno-logo.png","contentUrl":"https:\/\/files.sunoresearch.com.br\/n\/uploads\/2021\/09\/suno-logo.png","width":180,"height":180,"caption":"Suno Not\u00edcias"},"image":{"@id":"https:\/\/www.suno.com.br\/noticias\/#\/schema\/logo\/image\/"},"sameAs":["https:\/\/facebook.com\/sunoresearch","https:\/\/x.com\/sunoresearch","https:\/\/www.instagram.com\/suno","https:\/\/www.linkedin.com\/company\/suno-research\/","https:\/\/www.youtube.com\/c\/sunoresearch"]},{"@type":"Person","@id":"https:\/\/www.suno.com.br\/noticias\/#\/schema\/person\/c1b1bd3727fa852bd045e9dbff3673ea","name":"Reda\u00e7\u00e3o Suno Not\u00edcias","image":{"@type":"ImageObject","inLanguage":"pt-BR","@id":"https:\/\/www.suno.com.br\/noticias\/#\/schema\/person\/image\/","url":"https:\/\/secure.gravatar.com\/avatar\/b8104b9b5a71985d5238ee59fbe418af?s=96&r=g","contentUrl":"https:\/\/secure.gravatar.com\/avatar\/b8104b9b5a71985d5238ee59fbe418af?s=96&r=g","caption":"Reda\u00e7\u00e3o Suno Not\u00edcias"},"description":"O Suno Not\u00edcias \u00e9 um portal de informa\u00e7\u00f5es sobre Mercado Financeiro, Pol\u00edtica, Neg\u00f3cios, Economia e Finan\u00e7as Pessoais.","sameAs":["https:\/\/www.suno.com.br\/noticias","https:\/\/www.facebook.com\/sunonoticias\/","https:\/\/www.instagram.com\/sunonoticias\/","https:\/\/x.com\/https:\/\/twitter.com\/sunoresearch","https:\/\/www.youtube.com\/sunonoticias"],"url":"https:\/\/www.suno.com.br\/noticias\/author\/redacao-suno\/"}]}},"default_loop_html":"<div class=\"cardsPage__listCard__boxs\"><div class=\"cardsPage__listCard__boxs__img\"><a href=\"https:\/\/www.suno.com.br\/noticias\/morre-germano-gerdau-acionista-do-grupo-siderurgico-gerdau-aos-91-anos\/\"><img class=\"mask\" src=\"https:\/\/www.suno.com.br\/noticias\/wp-content\/themes\/suno\/resources\/images\/spotlight\/spotlight1img\/bg-mask.png\" alt=\"Image Mask\"\/><img src=\"https:\/\/files.sunoresearch.com.br\/n\/uploads\/2023\/09\/1_germano-29390072-400x200.jpg\" alt=\"Morre Germano Gerdau, acionista do grupo sider\u00fargico Gerdau, aos 91 anos\"\/><\/a><span class=\"spotlightCategory\"><a href=\"https:\/\/www.suno.com.br\/noticias\/economia\/\">Economia<\/a><\/span><\/div><div class=\"cardsPage__listCard__boxs__content\"><a href=\"https:\/\/www.suno.com.br\/noticias\/morre-germano-gerdau-acionista-do-grupo-siderurgico-gerdau-aos-91-anos\/\"><h2 class=\"content__title\">Morre Germano Gerdau, acionista do grupo sider\u00fargico Gerdau, aos 91 anos<\/h2><\/a><div class=\"newsContent__article__meta\"><div class=\"newsContent__article__meta__authorBox\"><a href=\"https:\/\/www.suno.com.br\/noticias\/author\/redacao-suno\/\" class=\"authorBox__avatar noMobi\"><img src=\"https:\/\/files.sunoresearch.com.br\/n\/uploads\/2020\/08\/0ace682d-redacao-1-150x150.webp\" alt=\"Reda\u00e7\u00e3o Suno Not\u00edcias\"><\/a><div class=\"authorBox__name\"><span>por\n\t\t\t<a href=\"https:\/\/www.suno.com.br\/noticias\/author\/redacao-suno\/\"><span itemprop=\"author\">Reda\u00e7\u00e3o Suno Not\u00edcias<\/span><\/a><\/span><time datetime=\"2023-09-09T17:34:51-03:00\" itemprop=\"datePublished\">09\/09\/2023 17:34<\/time><\/div><\/div><\/div><\/div><\/div>","single_layout":"posts","amp_enabled":true,"_links":{"self":[{"href":"https:\/\/www.suno.com.br\/noticias\/wp-json\/wp\/v2\/posts\/453936"}],"collection":[{"href":"https:\/\/www.suno.com.br\/noticias\/wp-json\/wp\/v2\/posts"}],"about":[{"href":"https:\/\/www.suno.com.br\/noticias\/wp-json\/wp\/v2\/types\/post"}],"author":[{"embeddable":true,"href":"https:\/\/www.suno.com.br\/noticias\/wp-json\/wp\/v2\/users\/43"}],"replies":[{"embeddable":true,"href":"https:\/\/www.suno.com.br\/noticias\/wp-json\/wp\/v2\/comments?post=453936"}],"version-history":[{"count":3,"href":"https:\/\/www.suno.com.br\/noticias\/wp-json\/wp\/v2\/posts\/453936\/revisions"}],"predecessor-version":[{"id":453977,"href":"https:\/\/www.suno.com.br\/noticias\/wp-json\/wp\/v2\/posts\/453936\/revisions\/453977"}],"wp:featuredmedia":[{"embeddable":true,"href":"https:\/\/www.suno.com.br\/noticias\/wp-json\/wp\/v2\/media\/453971"}],"wp:attachment":[{"href":"https:\/\/www.suno.com.br\/noticias\/wp-json\/wp\/v2\/media?parent=453936"}],"wp:term":[{"taxonomy":"category","embeddable":true,"href":"https:\/\/www.suno.com.br\/noticias\/wp-json\/wp\/v2\/categories?post=453936"},{"taxonomy":"post_tag","embeddable":true,"href":"https:\/\/www.suno.com.br\/noticias\/wp-json\/wp\/v2\/tags?post=453936"},{"taxonomy":"suno_strategy","embeddable":true,"href":"https:\/\/www.suno.com.br\/noticias\/wp-json\/wp\/v2\/suno_strategy?post=453936"}],"curies":[{"name":"wp","href":"https:\/\/api.w.org\/{rel}","templated":true}]}}