{"id":45385,"date":"2019-11-21T21:42:33","date_gmt":"2019-11-21T23:42:33","guid":{"rendered":"https:\/\/www.suno.com.br\/noticias\/?p=45385"},"modified":"2019-11-21T21:42:33","modified_gmt":"2019-11-21T23:42:33","slug":"fleury-emissao-milhoes-debentures","status":"publish","type":"post","link":"https:\/\/www.suno.com.br\/noticias\/fleury-emissao-milhoes-debentures\/","title":{"rendered":"Fleury aprova emiss\u00e3o de R$ 500 milh\u00f5es em deb\u00eantures"},"content":{"rendered":"<p>O conselho de administra\u00e7\u00e3o da Fleury (<strong>FLRY3<\/strong>) aprovou a emiss\u00e3o de R$ 500 milh\u00f5es em <strong>deb\u00eantures<\/strong>. A <strong>primeira<\/strong> <strong>s\u00e9rie<\/strong> ser\u00e1 de R$ 200 milh\u00f5es, j\u00e1 a <strong>segunda<\/strong> <strong>s\u00e9rie<\/strong> ser\u00e1 de R$ 300 milh\u00f5es. A empresa divulgou a informa\u00e7\u00e3o atrav\u00e9s de fato relevante nesta quinta-feira (21).<\/p>\t<div class=\"wrapper-featured-image\">\n\t\t<figure class=\"spotlightImg\">\n\n\t\t\t<picture>\n\t\t\t\t<source media=\"(max-width: 768px)\" srcset=\"https:\/\/files.sunoresearch.com.br\/n\/uploads\/2019\/02\/0c63e59b-fleury-400x200.webp\">\n\t\t\t\t<img loading=\"lazy\" decoding=\"async\" class=\"newsContent__article__imgCapa lazyloadDisabled newsContent__article__imgCapa--noCaption\" src=\"https:\/\/files.sunoresearch.com.br\/n\/uploads\/2019\/02\/0c63e59b-fleury-jpg.webp\" width=\"800\" height=\"450\" alt=\"Fleury aprova emiss\u00e3o de R$ 500 milh\u00f5es em deb\u00eantures\" fetchpriority=high \/>\n\t\t\t<\/picture>\n\n\t\t\t<figcaption class=\"wp-caption-text wp-caption-text--hide\">Fleury (FLRY3)<\/figcaption>\n\t\t<\/figure>\n\t<\/div>\n\n\n\n<p>Segundo a <strong>Fleury<\/strong>, o prazo de vencimento ser\u00e1 de cinco anos para a primeira s\u00e9rie e oito anos para a segunda s\u00e9rie.<\/p>\n<p><a href=\"https:\/\/lp.suno.com.br\/black-friday-2019\/?utm_source=noticias&amp;utm_medium=link\">Black Friday Suno \u2013 as melhores an\u00e1lises sobre investimentos com descontos incr\u00edveis! Cadastre-se para ser o primeiro a saber<\/a><\/p>\n<p>Ainda de acordo com a empresa, os recursos l\u00edquidos captados ser\u00e3o destinados ao refor\u00e7o de <strong>capital de giro<\/strong> e <strong>alongamento<\/strong> <strong>passivo<\/strong> da companhia.<\/p>\n<h2>Lucro l\u00edquido da Fleury no 3T19<\/h2>\n<p>A Fleury registrou um <a href=\"https:\/\/www.suno.com.br\/artigos\/lucro-liquido\/\"><strong>lucro l\u00edquido<\/strong><\/a> de R$ 94,8 milh\u00f5es no terceiro trimestre de 2019. O montante foi 4,9% maior do que o adquirido no ano anterior, segundo os dados divulgados pela empresa no dia 24 de outubro.<\/p>\n<p>[<span style=\"font-size: 1.21429rem;\">obi_random_banners<\/span><span style=\"font-size: 1.21429rem;\">]<\/span><\/p>\n<p>Al\u00e9m disso, a <strong>margem l\u00edquida<\/strong> da <strong>Fleury<\/strong> recuou de 13,2% para 12,5%. Nos nove primeiros meses do ano, a margem l\u00edquida recuou de 13,6% a 12,3% em compara\u00e7\u00e3o a 2018.<\/p>\n<p>Na compara\u00e7\u00e3o de nove meses deste ano, houve um aumento no <strong>lucro bruto.<\/strong> O crescimento foi de 2,4% ante o mesmo per\u00edodo do ano anterior. Assim, o valor passou de R$ 636 milh\u00f5es no ano passado para R$ 118 milh\u00f5es neste ano.<\/p>\n<h2>Receita no 3T19<\/h2>\n<p>A <a href=\"https:\/\/www.suno.com.br\/artigos\/o-que-receita-bruta\/\"><strong>receita bruta<\/strong><\/a> obtida no terceiro trimestre de 2019 foi de R$ 818 milh\u00f5es. Entre janeiro e setembro, o valor foi de R$ 2,363 bilh\u00f5es. O n\u00famero representa um aumento de 10,8% em compara\u00e7\u00e3o ao ano passado.<\/p>\n<p><a href=\"https:\/\/www.suno.com.br\/noticias\/fleury-registra-lucro-liquido-3t19\/\">Saiba mais: Fleury registra lucro l\u00edquido de R$ 94,8 mi no 3T19<\/a><\/p>\n<p>A <a href=\"https:\/\/www.suno.com.br\/artigos\/o-que-receita-liquida\/\"><strong>receita l\u00edquida<\/strong><\/a> registrada do grupo <strong>Fleury<\/strong> foi de R$ 755,7 milh\u00f5es, com crescimento de 10,6% ante o mesmo per\u00edodo do ano passado. No balan\u00e7o de resultados de nove meses, o valor foi de R$ 2,1 bilh\u00f5es, indicando aumento de 8,7% em compara\u00e7\u00e3o aos nove primeiros meses de 2018.<\/p>\n","protected":false},"excerpt":{"rendered":"<p>O conselho de administra\u00e7\u00e3o da Fleury (FLRY3) aprovou a emiss\u00e3o de R$ 500 milh\u00f5es em deb\u00eantures. A primeira s\u00e9rie ser\u00e1 de R$ 200 milh\u00f5es, j\u00e1 a segunda s\u00e9rie ser\u00e1 de R$ 300 milh\u00f5es. A empresa divulgou a informa\u00e7\u00e3o atrav\u00e9s de fato relevante nesta quinta-feira (21). Fleury (FLRY3) Segundo a Fleury, o prazo de vencimento ser\u00e1 [&hellip;]<\/p>\n","protected":false},"author":23,"featured_media":16915,"comment_status":"closed","ping_status":"closed","sticky":false,"template":"","format":"standard","meta":[],"categories":[64],"tags":[1151,479],"suno_strategy":[],"class_list":["post-45385","post","type-post","status-publish","format-standard","has-post-thumbnail","hentry","category-negocios","tag-debentures","tag-fleury-flry3"],"yoast_head":"<!-- This site is optimized with the Yoast SEO plugin v24.4 - https:\/\/yoast.com\/wordpress\/plugins\/seo\/ -->\n<title>Fleury aprova emiss\u00e3o de R$ 500 milh\u00f5es em deb\u00eantures<\/title>\n<meta name=\"description\" content=\"A Fleury emitir\u00e1 de R$ 500 mi em deb\u00eantures. A primeira s\u00e9rie ser\u00e1 de R$ 200 mi, j\u00e1 a segunda s\u00e9rie ser\u00e1 de R$ 300 mi. Clique para mais.\" \/>\n<meta name=\"robots\" content=\"index, follow, max-snippet:-1, max-image-preview:large, max-video-preview:-1\" \/>\n<link rel=\"canonical\" href=\"https:\/\/www.suno.com.br\/noticias\/fleury-emissao-milhoes-debentures\/\" \/>\n<meta property=\"og:locale\" content=\"pt_BR\" \/>\n<meta property=\"og:type\" content=\"article\" \/>\n<meta property=\"og:title\" content=\"Fleury aprova emiss\u00e3o de R$ 500 milh\u00f5es em deb\u00eantures\" \/>\n<meta property=\"og:description\" content=\"A Fleury emitir\u00e1 de R$ 500 mi em deb\u00eantures. A primeira s\u00e9rie ser\u00e1 de R$ 200 mi, j\u00e1 a segunda s\u00e9rie ser\u00e1 de R$ 300 mi. Clique para mais.\" \/>\n<meta property=\"og:url\" content=\"https:\/\/www.suno.com.br\/noticias\/fleury-emissao-milhoes-debentures\/\" \/>\n<meta property=\"og:site_name\" content=\"Suno Not\u00edcias\" \/>\n<meta property=\"article:publisher\" content=\"https:\/\/facebook.com\/sunoresearch\" \/>\n<meta property=\"og:image\" content=\"https:\/\/files.sunoresearch.com.br\/n\/uploads\/2019\/02\/0c63e59b-fleury.jpg\" \/>\n\t<meta property=\"og:image:width\" content=\"680\" \/>\n\t<meta property=\"og:image:height\" content=\"453\" \/>\n\t<meta property=\"og:image:type\" content=\"image\/jpeg\" \/>\n<meta name=\"author\" content=\"Rafael Lara\" \/>\n<meta name=\"twitter:card\" content=\"summary_large_image\" \/>\n<meta name=\"twitter:creator\" content=\"@sunoresearch\" \/>\n<meta name=\"twitter:site\" content=\"@sunoresearch\" \/>\n<meta name=\"twitter:label1\" content=\"Escrito por\" \/>\n\t<meta name=\"twitter:data1\" content=\"Rafael Lara\" \/>\n\t<meta name=\"twitter:label2\" content=\"Est. tempo de leitura\" \/>\n\t<meta name=\"twitter:data2\" content=\"2 minutos\" \/>\n<script type=\"application\/ld+json\" class=\"yoast-schema-graph\">{\"@context\":\"https:\/\/schema.org\",\"@graph\":[{\"@type\":\"NewsArticle\",\"@id\":\"https:\/\/www.suno.com.br\/noticias\/fleury-emissao-milhoes-debentures\/#article\",\"isPartOf\":{\"@id\":\"https:\/\/www.suno.com.br\/noticias\/fleury-emissao-milhoes-debentures\/\"},\"author\":{\"name\":\"Rafael Lara\",\"@id\":\"https:\/\/www.suno.com.br\/noticias\/#\/schema\/person\/098743caeed97b37f51315c9576c4078\"},\"headline\":\"Fleury aprova emiss\u00e3o de R$ 500 milh\u00f5es em deb\u00eantures\",\"datePublished\":\"2019-11-21T23:42:33+00:00\",\"mainEntityOfPage\":{\"@id\":\"https:\/\/www.suno.com.br\/noticias\/fleury-emissao-milhoes-debentures\/\"},\"wordCount\":354,\"publisher\":{\"@id\":\"https:\/\/www.suno.com.br\/noticias\/#organization\"},\"image\":{\"@id\":\"https:\/\/www.suno.com.br\/noticias\/fleury-emissao-milhoes-debentures\/#primaryimage\"},\"thumbnailUrl\":\"https:\/\/files.sunoresearch.com.br\/n\/uploads\/2019\/02\/0c63e59b-fleury-jpg.webp\",\"keywords\":[\"deb\u00eantures\",\"Fleury (FLRY3)\"],\"articleSection\":[\"Neg\u00f3cios\"],\"inLanguage\":\"pt-BR\"},{\"@type\":\"WebPage\",\"@id\":\"https:\/\/www.suno.com.br\/noticias\/fleury-emissao-milhoes-debentures\/\",\"url\":\"https:\/\/www.suno.com.br\/noticias\/fleury-emissao-milhoes-debentures\/\",\"name\":\"Fleury aprova emiss\u00e3o de R$ 500 milh\u00f5es em deb\u00eantures\",\"isPartOf\":{\"@id\":\"https:\/\/www.suno.com.br\/noticias\/#website\"},\"primaryImageOfPage\":{\"@id\":\"https:\/\/www.suno.com.br\/noticias\/fleury-emissao-milhoes-debentures\/#primaryimage\"},\"image\":{\"@id\":\"https:\/\/www.suno.com.br\/noticias\/fleury-emissao-milhoes-debentures\/#primaryimage\"},\"thumbnailUrl\":\"https:\/\/files.sunoresearch.com.br\/n\/uploads\/2019\/02\/0c63e59b-fleury-jpg.webp\",\"datePublished\":\"2019-11-21T23:42:33+00:00\",\"description\":\"A Fleury emitir\u00e1 de R$ 500 mi em deb\u00eantures. A primeira s\u00e9rie ser\u00e1 de R$ 200 mi, j\u00e1 a segunda s\u00e9rie ser\u00e1 de R$ 300 mi. Clique para mais.\",\"breadcrumb\":{\"@id\":\"https:\/\/www.suno.com.br\/noticias\/fleury-emissao-milhoes-debentures\/#breadcrumb\"},\"inLanguage\":\"pt-BR\",\"potentialAction\":[{\"@type\":\"ReadAction\",\"target\":[\"https:\/\/www.suno.com.br\/noticias\/fleury-emissao-milhoes-debentures\/\"]}]},{\"@type\":\"ImageObject\",\"inLanguage\":\"pt-BR\",\"@id\":\"https:\/\/www.suno.com.br\/noticias\/fleury-emissao-milhoes-debentures\/#primaryimage\",\"url\":\"https:\/\/files.sunoresearch.com.br\/n\/uploads\/2019\/02\/0c63e59b-fleury-jpg.webp\",\"contentUrl\":\"https:\/\/files.sunoresearch.com.br\/n\/uploads\/2019\/02\/0c63e59b-fleury-jpg.webp\",\"width\":680,\"height\":453,\"caption\":\"Fleury (FLRY3)\"},{\"@type\":\"BreadcrumbList\",\"@id\":\"https:\/\/www.suno.com.br\/noticias\/fleury-emissao-milhoes-debentures\/#breadcrumb\",\"itemListElement\":[{\"@type\":\"ListItem\",\"position\":1,\"name\":\"Not\u00edcias\",\"item\":\"https:\/\/www.suno.com.br\/noticias\/\"},{\"@type\":\"ListItem\",\"position\":2,\"name\":\"Neg\u00f3cios\",\"item\":\"https:\/\/www.suno.com.br\/noticias\/negocios\/\"},{\"@type\":\"ListItem\",\"position\":3,\"name\":\"Fleury aprova emiss\u00e3o de R$ 500 milh\u00f5es em deb\u00eantures\"}]},{\"@type\":\"WebSite\",\"@id\":\"https:\/\/www.suno.com.br\/noticias\/#website\",\"url\":\"https:\/\/www.suno.com.br\/noticias\/\",\"name\":\"Suno Not\u00edcias\",\"description\":\"Seu portal de informa\u00e7\u00e3o sobre o mundo dos investimentos\",\"publisher\":{\"@id\":\"https:\/\/www.suno.com.br\/noticias\/#organization\"},\"potentialAction\":[{\"@type\":\"SearchAction\",\"target\":{\"@type\":\"EntryPoint\",\"urlTemplate\":\"https:\/\/www.suno.com.br\/noticias\/?s={search_term_string}\"},\"query-input\":{\"@type\":\"PropertyValueSpecification\",\"valueRequired\":true,\"valueName\":\"search_term_string\"}}],\"inLanguage\":\"pt-BR\"},{\"@type\":\"Organization\",\"@id\":\"https:\/\/www.suno.com.br\/noticias\/#organization\",\"name\":\"Suno Not\u00edcias\",\"url\":\"https:\/\/www.suno.com.br\/noticias\/\",\"logo\":{\"@type\":\"ImageObject\",\"inLanguage\":\"pt-BR\",\"@id\":\"https:\/\/www.suno.com.br\/noticias\/#\/schema\/logo\/image\/\",\"url\":\"https:\/\/files.sunoresearch.com.br\/n\/uploads\/2021\/09\/suno-logo.png\",\"contentUrl\":\"https:\/\/files.sunoresearch.com.br\/n\/uploads\/2021\/09\/suno-logo.png\",\"width\":180,\"height\":180,\"caption\":\"Suno Not\u00edcias\"},\"image\":{\"@id\":\"https:\/\/www.suno.com.br\/noticias\/#\/schema\/logo\/image\/\"},\"sameAs\":[\"https:\/\/facebook.com\/sunoresearch\",\"https:\/\/x.com\/sunoresearch\",\"https:\/\/www.instagram.com\/suno\",\"https:\/\/www.linkedin.com\/company\/suno-research\/\",\"https:\/\/www.youtube.com\/c\/sunoresearch\"]},{\"@type\":\"Person\",\"@id\":\"https:\/\/www.suno.com.br\/noticias\/#\/schema\/person\/098743caeed97b37f51315c9576c4078\",\"name\":\"Rafael Lara\",\"image\":{\"@type\":\"ImageObject\",\"inLanguage\":\"pt-BR\",\"@id\":\"https:\/\/www.suno.com.br\/noticias\/#\/schema\/person\/image\/\",\"url\":\"https:\/\/secure.gravatar.com\/avatar\/dfc254ab9bb2ea1895d98b9e9dae4bdd?s=96&r=g\",\"contentUrl\":\"https:\/\/secure.gravatar.com\/avatar\/dfc254ab9bb2ea1895d98b9e9dae4bdd?s=96&r=g\",\"caption\":\"Rafael Lara\"},\"description\":\"Rafael Lara cursa jornalismo na Faculdade C\u00e1sper L\u00edbero. Escreve sobre pol\u00edtica, economia e neg\u00f3cios para o portal Suno Not\u00edcias. Antes, colaborou na TV Gazeta na produ\u00e7\u00e3o do programa Edi\u00e7\u00e3o Extra.\",\"url\":\"https:\/\/www.suno.com.br\/noticias\/author\/rafael\/\"}]}<\/script>\n<!-- \/ Yoast SEO plugin. -->","yoast_head_json":{"title":"Fleury aprova emiss\u00e3o de R$ 500 milh\u00f5es em deb\u00eantures","description":"A Fleury emitir\u00e1 de R$ 500 mi em deb\u00eantures. A primeira s\u00e9rie ser\u00e1 de R$ 200 mi, j\u00e1 a segunda s\u00e9rie ser\u00e1 de R$ 300 mi. Clique para mais.","robots":{"index":"index","follow":"follow","max-snippet":"max-snippet:-1","max-image-preview":"max-image-preview:large","max-video-preview":"max-video-preview:-1"},"canonical":"https:\/\/www.suno.com.br\/noticias\/fleury-emissao-milhoes-debentures\/","og_locale":"pt_BR","og_type":"article","og_title":"Fleury aprova emiss\u00e3o de R$ 500 milh\u00f5es em deb\u00eantures","og_description":"A Fleury emitir\u00e1 de R$ 500 mi em deb\u00eantures. A primeira s\u00e9rie ser\u00e1 de R$ 200 mi, j\u00e1 a segunda s\u00e9rie ser\u00e1 de R$ 300 mi. Clique para mais.","og_url":"https:\/\/www.suno.com.br\/noticias\/fleury-emissao-milhoes-debentures\/","og_site_name":"Suno Not\u00edcias","article_publisher":"https:\/\/facebook.com\/sunoresearch","og_image":[{"width":680,"height":453,"url":"https:\/\/files.sunoresearch.com.br\/n\/uploads\/2019\/02\/0c63e59b-fleury.jpg","type":"image\/jpeg"}],"author":"Rafael Lara","twitter_card":"summary_large_image","twitter_creator":"@sunoresearch","twitter_site":"@sunoresearch","twitter_misc":{"Escrito por":"Rafael Lara","Est. tempo de leitura":"2 minutos"},"schema":{"@context":"https:\/\/schema.org","@graph":[{"@type":"NewsArticle","@id":"https:\/\/www.suno.com.br\/noticias\/fleury-emissao-milhoes-debentures\/#article","isPartOf":{"@id":"https:\/\/www.suno.com.br\/noticias\/fleury-emissao-milhoes-debentures\/"},"author":{"name":"Rafael Lara","@id":"https:\/\/www.suno.com.br\/noticias\/#\/schema\/person\/098743caeed97b37f51315c9576c4078"},"headline":"Fleury aprova emiss\u00e3o de R$ 500 milh\u00f5es em deb\u00eantures","datePublished":"2019-11-21T23:42:33+00:00","mainEntityOfPage":{"@id":"https:\/\/www.suno.com.br\/noticias\/fleury-emissao-milhoes-debentures\/"},"wordCount":354,"publisher":{"@id":"https:\/\/www.suno.com.br\/noticias\/#organization"},"image":{"@id":"https:\/\/www.suno.com.br\/noticias\/fleury-emissao-milhoes-debentures\/#primaryimage"},"thumbnailUrl":"https:\/\/files.sunoresearch.com.br\/n\/uploads\/2019\/02\/0c63e59b-fleury-jpg.webp","keywords":["deb\u00eantures","Fleury (FLRY3)"],"articleSection":["Neg\u00f3cios"],"inLanguage":"pt-BR"},{"@type":"WebPage","@id":"https:\/\/www.suno.com.br\/noticias\/fleury-emissao-milhoes-debentures\/","url":"https:\/\/www.suno.com.br\/noticias\/fleury-emissao-milhoes-debentures\/","name":"Fleury aprova emiss\u00e3o de R$ 500 milh\u00f5es em deb\u00eantures","isPartOf":{"@id":"https:\/\/www.suno.com.br\/noticias\/#website"},"primaryImageOfPage":{"@id":"https:\/\/www.suno.com.br\/noticias\/fleury-emissao-milhoes-debentures\/#primaryimage"},"image":{"@id":"https:\/\/www.suno.com.br\/noticias\/fleury-emissao-milhoes-debentures\/#primaryimage"},"thumbnailUrl":"https:\/\/files.sunoresearch.com.br\/n\/uploads\/2019\/02\/0c63e59b-fleury-jpg.webp","datePublished":"2019-11-21T23:42:33+00:00","description":"A Fleury emitir\u00e1 de R$ 500 mi em deb\u00eantures. A primeira s\u00e9rie ser\u00e1 de R$ 200 mi, j\u00e1 a segunda s\u00e9rie ser\u00e1 de R$ 300 mi. Clique para mais.","breadcrumb":{"@id":"https:\/\/www.suno.com.br\/noticias\/fleury-emissao-milhoes-debentures\/#breadcrumb"},"inLanguage":"pt-BR","potentialAction":[{"@type":"ReadAction","target":["https:\/\/www.suno.com.br\/noticias\/fleury-emissao-milhoes-debentures\/"]}]},{"@type":"ImageObject","inLanguage":"pt-BR","@id":"https:\/\/www.suno.com.br\/noticias\/fleury-emissao-milhoes-debentures\/#primaryimage","url":"https:\/\/files.sunoresearch.com.br\/n\/uploads\/2019\/02\/0c63e59b-fleury-jpg.webp","contentUrl":"https:\/\/files.sunoresearch.com.br\/n\/uploads\/2019\/02\/0c63e59b-fleury-jpg.webp","width":680,"height":453,"caption":"Fleury (FLRY3)"},{"@type":"BreadcrumbList","@id":"https:\/\/www.suno.com.br\/noticias\/fleury-emissao-milhoes-debentures\/#breadcrumb","itemListElement":[{"@type":"ListItem","position":1,"name":"Not\u00edcias","item":"https:\/\/www.suno.com.br\/noticias\/"},{"@type":"ListItem","position":2,"name":"Neg\u00f3cios","item":"https:\/\/www.suno.com.br\/noticias\/negocios\/"},{"@type":"ListItem","position":3,"name":"Fleury aprova emiss\u00e3o de R$ 500 milh\u00f5es em deb\u00eantures"}]},{"@type":"WebSite","@id":"https:\/\/www.suno.com.br\/noticias\/#website","url":"https:\/\/www.suno.com.br\/noticias\/","name":"Suno Not\u00edcias","description":"Seu portal de informa\u00e7\u00e3o sobre o mundo dos investimentos","publisher":{"@id":"https:\/\/www.suno.com.br\/noticias\/#organization"},"potentialAction":[{"@type":"SearchAction","target":{"@type":"EntryPoint","urlTemplate":"https:\/\/www.suno.com.br\/noticias\/?s={search_term_string}"},"query-input":{"@type":"PropertyValueSpecification","valueRequired":true,"valueName":"search_term_string"}}],"inLanguage":"pt-BR"},{"@type":"Organization","@id":"https:\/\/www.suno.com.br\/noticias\/#organization","name":"Suno Not\u00edcias","url":"https:\/\/www.suno.com.br\/noticias\/","logo":{"@type":"ImageObject","inLanguage":"pt-BR","@id":"https:\/\/www.suno.com.br\/noticias\/#\/schema\/logo\/image\/","url":"https:\/\/files.sunoresearch.com.br\/n\/uploads\/2021\/09\/suno-logo.png","contentUrl":"https:\/\/files.sunoresearch.com.br\/n\/uploads\/2021\/09\/suno-logo.png","width":180,"height":180,"caption":"Suno Not\u00edcias"},"image":{"@id":"https:\/\/www.suno.com.br\/noticias\/#\/schema\/logo\/image\/"},"sameAs":["https:\/\/facebook.com\/sunoresearch","https:\/\/x.com\/sunoresearch","https:\/\/www.instagram.com\/suno","https:\/\/www.linkedin.com\/company\/suno-research\/","https:\/\/www.youtube.com\/c\/sunoresearch"]},{"@type":"Person","@id":"https:\/\/www.suno.com.br\/noticias\/#\/schema\/person\/098743caeed97b37f51315c9576c4078","name":"Rafael Lara","image":{"@type":"ImageObject","inLanguage":"pt-BR","@id":"https:\/\/www.suno.com.br\/noticias\/#\/schema\/person\/image\/","url":"https:\/\/secure.gravatar.com\/avatar\/dfc254ab9bb2ea1895d98b9e9dae4bdd?s=96&r=g","contentUrl":"https:\/\/secure.gravatar.com\/avatar\/dfc254ab9bb2ea1895d98b9e9dae4bdd?s=96&r=g","caption":"Rafael Lara"},"description":"Rafael Lara cursa jornalismo na Faculdade C\u00e1sper L\u00edbero. Escreve sobre pol\u00edtica, economia e neg\u00f3cios para o portal Suno Not\u00edcias. Antes, colaborou na TV Gazeta na produ\u00e7\u00e3o do programa Edi\u00e7\u00e3o Extra.","url":"https:\/\/www.suno.com.br\/noticias\/author\/rafael\/"}]}},"default_loop_html":"<div class=\"cardsPage__listCard__boxs\"><div class=\"cardsPage__listCard__boxs__img\"><a href=\"https:\/\/www.suno.com.br\/noticias\/fleury-emissao-milhoes-debentures\/\"><img class=\"mask\" src=\"https:\/\/www.suno.com.br\/noticias\/wp-content\/themes\/suno\/resources\/images\/spotlight\/spotlight1img\/bg-mask.png\" alt=\"Image Mask\"\/><img src=\"https:\/\/files.sunoresearch.com.br\/n\/uploads\/2019\/02\/0c63e59b-fleury-400x200.webp\" alt=\"Fleury aprova emiss\u00e3o de R$ 500 milh\u00f5es em deb\u00eantures\"\/><\/a><span class=\"spotlightCategory\"><a href=\"https:\/\/www.suno.com.br\/noticias\/negocios\/\">Neg\u00f3cios<\/a><\/span><\/div><div class=\"cardsPage__listCard__boxs__content\"><a href=\"https:\/\/www.suno.com.br\/noticias\/fleury-emissao-milhoes-debentures\/\"><h2 class=\"content__title\">Fleury aprova emiss\u00e3o de R$ 500 milh\u00f5es em deb\u00eantures<\/h2><\/a><div class=\"newsContent__article__meta\"><div class=\"newsContent__article__meta__authorBox\"><a href=\"https:\/\/www.suno.com.br\/noticias\/author\/rafael\/\" class=\"authorBox__avatar noMobi\"><img src=\"https:\/\/secure.gravatar.com\/avatar\/dfc254ab9bb2ea1895d98b9e9dae4bdd?s=96&#038;r=g\" alt=\"Rafael Lara\"><\/a><div class=\"authorBox__name\"><span>por\n\t\t\t<a href=\"https:\/\/www.suno.com.br\/noticias\/author\/rafael\/\"><span itemprop=\"author\">Rafael Lara<\/span><\/a><\/span><time datetime=\"2019-11-21T21:42:33-03:00\" itemprop=\"datePublished\">21\/11\/2019 21:42<\/time><\/div><\/div><\/div><\/div><\/div>","single_layout":"posts","amp_enabled":true,"_links":{"self":[{"href":"https:\/\/www.suno.com.br\/noticias\/wp-json\/wp\/v2\/posts\/45385"}],"collection":[{"href":"https:\/\/www.suno.com.br\/noticias\/wp-json\/wp\/v2\/posts"}],"about":[{"href":"https:\/\/www.suno.com.br\/noticias\/wp-json\/wp\/v2\/types\/post"}],"author":[{"embeddable":true,"href":"https:\/\/www.suno.com.br\/noticias\/wp-json\/wp\/v2\/users\/23"}],"replies":[{"embeddable":true,"href":"https:\/\/www.suno.com.br\/noticias\/wp-json\/wp\/v2\/comments?post=45385"}],"version-history":[{"count":0,"href":"https:\/\/www.suno.com.br\/noticias\/wp-json\/wp\/v2\/posts\/45385\/revisions"}],"wp:featuredmedia":[{"embeddable":true,"href":"https:\/\/www.suno.com.br\/noticias\/wp-json\/wp\/v2\/media\/16915"}],"wp:attachment":[{"href":"https:\/\/www.suno.com.br\/noticias\/wp-json\/wp\/v2\/media?parent=45385"}],"wp:term":[{"taxonomy":"category","embeddable":true,"href":"https:\/\/www.suno.com.br\/noticias\/wp-json\/wp\/v2\/categories?post=45385"},{"taxonomy":"post_tag","embeddable":true,"href":"https:\/\/www.suno.com.br\/noticias\/wp-json\/wp\/v2\/tags?post=45385"},{"taxonomy":"suno_strategy","embeddable":true,"href":"https:\/\/www.suno.com.br\/noticias\/wp-json\/wp\/v2\/suno_strategy?post=45385"}],"curies":[{"name":"wp","href":"https:\/\/api.w.org\/{rel}","templated":true}]}}