{"id":453741,"date":"2023-09-08T19:35:10","date_gmt":"2023-09-08T22:35:10","guid":{"rendered":"https:\/\/www.suno.com.br\/noticias\/?p=453741"},"modified":"2023-09-08T19:35:14","modified_gmt":"2023-09-08T22:35:14","slug":"dolar-fecha-estavel-alta-semana","status":"publish","type":"post","link":"https:\/\/www.suno.com.br\/noticias\/dolar-fecha-estavel-alta-semana\/","title":{"rendered":"D\u00f3lar fecha est\u00e1vel na sess\u00e3o, mas tem alta na semana"},"content":{"rendered":"<p>O \u00faltimo preg\u00e3o da semana foi de estabilidade para o<strong> d\u00f3lar<\/strong> na compara\u00e7\u00e3o com o real, com a moeda oscilando entre perdas e ganhos ao longo do dia, mas terminando a sess\u00e3o praticamente inalterada, dada a falta de not\u00edcias e indicadores capazes de sanar as d\u00favidas do mercado quanto \u00e0 trajet\u00f3ria dos juros americanos e o cen\u00e1rio fiscal brasileiro.<\/p>\t<div class=\"wrapper-featured-image\">\n\t\t<figure class=\"spotlightImg\">\n\n\t\t\t<picture>\n\t\t\t\t<source media=\"(max-width: 768px)\" srcset=\"https:\/\/files.sunoresearch.com.br\/n\/uploads\/2023\/05\/dolar-real-400x200.jpg\">\n\t\t\t\t<img loading=\"lazy\" decoding=\"async\" class=\"newsContent__article__imgCapa lazyloadDisabled \" src=\"https:\/\/files.sunoresearch.com.br\/n\/uploads\/2023\/05\/dolar-real-800x450.jpg\" width=\"800\" height=\"450\" alt=\"D\u00f3lar fecha est\u00e1vel na sess\u00e3o, mas tem alta na semana\" fetchpriority=high \/>\n\t\t\t<\/picture>\n\n\t\t\t<figcaption class=\"wp-caption-text wp-caption-text--show\">KNCR11 aumenta dividendos e vai pagar maior valor em 27 meses. Foto: iStock<\/figcaption>\n\t\t<\/figure>\n\t<\/div>\n\n\n\n\n\n\t<p>\n\t\t<a href=\"\" target=\"_blank\" data-element=\"shortcode-suno-banner\" title=\"Banner SUNO, clique e saiba mais\">\n\t\t\t<picture>\n\t\t\t\t<source media=\"(max-width: 500px)\" srcset=\"\">\n\t\t\t\t<img class=\"newsContent__article__imgCapa newsContent__article__imgCapa--banner\"\n\t\t\t\t\tsrc=\"\"\n\t\t\t\t\tdata-promo-id=\"240038\"\t\t\t\t\t\t\t\t\t\t\t\t\t\t\talt=\"\"\n\t\t\t\t>\n\t\t\t<\/picture>\n\t\t<\/a>\n\t<\/p>\n\n\n\n\n\n\n\n<p>&#8220;Numa semana meio vazia de dados econ\u00f4micos, o mercado fica nessa indecis\u00e3o&#8221;, disse Leandro Petrokas, diretor de Research e s\u00f3cio da Quantzed.<\/p>\n\n\n\n<p>No mercado \u00e0 vista, a<strong> cota\u00e7\u00e3o do d\u00f3lar<\/strong> terminou o preg\u00e3o em baixa de 0,02%, a R$ 4,9828, enquanto no <a class=\"suno-keyword\" target=\"_blank\" data-force=\"no\" data-priority=\"1\" href=\"https:\/\/www.suno.com.br\/artigos\/contrato-futuro\/\" rel=\"noopener\">mercado futuro<\/a> o <strong>contrato do d\u00f3lar<\/strong> para outubro tinha alta de 0,08%, a R$ 5,0012. <\/p>\n\n\n\n<p>No acumulado da semana, a <strong>moeda americana<\/strong> acumulou ganho em rela\u00e7\u00e3o ao real &#8211; de 0,86% no mercado \u00e0 vista e de 0,68% no futuro (parcial).<\/p>\n\n\n\n<p>Durante boa parte da sess\u00e3o o movimento do <strong>d\u00f3lar ante o real <\/strong>destoou do comportamento da moeda em rela\u00e7\u00e3o a divisas emergentes ou ligadas a commodities. L\u00e1 fora, a moeda passou quase toda a sexta-feira em baixa, num movimento atribu\u00eddo \u00e0 realiza\u00e7\u00e3o de lucros ap\u00f3s os fortes ganhos acumulados nas \u00faltimas semanas. No entanto, conforme o fim da sess\u00e3o se aproximava, o d\u00f3lar ganhou for\u00e7a no exterior e devolveu as perdas, acompanhando a revers\u00e3o do movimento dos juros dos Treasuries, que ca\u00edam no in\u00edcio do dia e depois passaram a subir.<\/p>\n\n\n\n<p>Essa invers\u00e3o est\u00e1 relacionada \u00e0s d\u00favidas dos investidores em rela\u00e7\u00e3o a qual devem ser as pr\u00f3ximas decis\u00f5es do Federal Reserve, o banco central dos Estados Unidos, com o clima de incerteza ganhando mais espa\u00e7o na mente dos investidores antes da divulga\u00e7\u00e3o de n\u00fameros sobre a infla\u00e7\u00e3o do pa\u00eds, na quarta-feira (13) e diante do aumento nos pre\u00e7os do petr\u00f3leo ao maior n\u00edvel em 10 meses.<\/p>\n\n\n\t<p>\n\t\t<a href=\"https:\/\/lp.suno.com.br\/ebook-gratuito-investindo-no-exterior\/\" target=\"_blank\" data-element=\"shortcode-suno-banner\" title=\"Banner SUNO, clique e saiba mais\">\n\t\t\t<picture>\n\t\t\t\t<source media=\"(max-width: 500px)\" srcset=\"https:\/\/files.sunoresearch.com.br\/n\/uploads\/2023\/03\/400x300-Investindo-no-exterior.png\">\n\t\t\t\t<img class=\"newsContent__article__imgCapa newsContent__article__imgCapa--banner\"\n\t\t\t\t\tsrc=\"https:\/\/files.sunoresearch.com.br\/n\/uploads\/2023\/03\/1420x240-Investindo-no-exterior.png\"\n\t\t\t\t\tdata-promo-id=\"383161\"\t\t\t\t\t\t\t\t\t\twidth='1420' height='240'\t\t\t\t\talt=\"https:\/\/files.sunoresearch.com.br\/n\/uploads\/2023\/03\/1420x240-Investindo-no-exterior.png\"\n\t\t\t\t>\n\t\t\t<\/picture>\n\t\t<\/a>\n\t<\/p>\n\n\n\n\n\n<p>O real, por\u00e9m, se destacou no<strong> mercado de c\u00e2mbio<\/strong> hoje por ter mantido uma margem de oscila\u00e7\u00e3o mais estreita que a de seus pares em rela\u00e7\u00e3o ao d\u00f3lar &#8211; n\u00e3o se distanciou da estabilidade durante o preg\u00e3o inteiro. Contribu\u00edram para isso tanto a proximidade do feriado, que baixou o volume de neg\u00f3cios, quanto a cautela do mercado em escolher uma dire\u00e7\u00e3o, dado o pano de fundo dom\u00e9stico.<\/p>\n\n\n\n<p>No Brasil, a incerteza em torno do ajuste nas contas p\u00fablicas &#8211; que ganhou um novo elemento diante das not\u00edcias de que o governo avalia uma proposta de reforma administrativa para cortar gastos &#8211; limita o apetite por risco e as perdas do d\u00f3lar.<\/p>\n\n\n\n<p>At\u00e9 ent\u00e3o, o plano de <a class=\"suno-keyword\" target=\"_blank\" data-force=\"no\" data-priority=\"1\" href=\"https:\/\/www.suno.com.br\/artigos\/ajuste-fiscal\/\" rel=\"noopener\">ajuste fiscal<\/a> era baseado essencialmente em medidas que aumentavam a arrecada\u00e7\u00e3o, mas consideradas custosas para o governo em termos de capital pol\u00edtico e incapazes de conduzir ao prometido <a class=\"suno-keyword\" target=\"_blank\" data-force=\"no\" data-priority=\"1\" href=\"https:\/\/www.suno.com.br\/artigos\/deficit-primario\/\" rel=\"noopener\">d\u00e9ficit prim\u00e1rio<\/a> zero em 2024.<\/p>\n\n\n\n<p>&#8220;O fiscal acabou pesando um pouco. Minha leitura \u00e9 de que realmente faltam planos concretos do Executivo em rela\u00e7\u00e3o ao fiscal um pouco mais robusto. Tudo parece estar ainda no campo das ideias&#8221;, disse Petrokas.<\/p>\n\n\n\n<p>Por outro lado, o receio de que a infla\u00e7\u00e3o possa ganhar for\u00e7a com a alta nos pre\u00e7os do petr\u00f3leo &#8211; e por tabela nos pre\u00e7os dos combust\u00edveis, a depender do repasse feito pela Petrobras  (PETR4) &#8211; evita que o <strong>d\u00f3lar<\/strong> ganhe muito mais for\u00e7a, j\u00e1 que a acelera\u00e7\u00e3o na alta dos pre\u00e7os poderia deixar a queda dos juros mais vagarosa por aqui.<\/p>\n\n\n\n<p><em>Com Estad\u00e3o Conte\u00fado<\/em><\/p>\n\n\n\t<p>\n\t\t<a href=\"https:\/\/lp.suno.com.br\/planilha-da-vida-financeira\/\" target=\"_blank\" data-element=\"shortcode-suno-banner\" title=\"Banner SUNO, clique e saiba mais\">\n\t\t\t<picture>\n\t\t\t\t<source media=\"(max-width: 500px)\" srcset=\"https:\/\/files.sunoresearch.com.br\/n\/uploads\/2023\/04\/400x300-Planilha-vida-financeira-true.png\">\n\t\t\t\t<img class=\"newsContent__article__imgCapa newsContent__article__imgCapa--banner\"\n\t\t\t\t\tsrc=\"https:\/\/files.sunoresearch.com.br\/n\/uploads\/2023\/04\/1420x240-Planilha-vida-financeira-true.png\"\n\t\t\t\t\tdata-promo-id=\"383123\"\t\t\t\t\t\t\t\t\t\twidth='1420' height='240'\t\t\t\t\talt=\"https:\/\/files.sunoresearch.com.br\/n\/uploads\/2023\/04\/1420x240-Planilha-vida-financeira-true.png\"\n\t\t\t\t>\n\t\t\t<\/picture>\n\t\t<\/a>\n\t<\/p>\n\n\n","protected":false},"excerpt":{"rendered":"<p>O \u00faltimo preg\u00e3o da semana foi de estabilidade para o d\u00f3lar na compara\u00e7\u00e3o com o real, com a moeda oscilando entre perdas e ganhos ao longo do dia, mas terminando a sess\u00e3o praticamente inalterada, dada a falta de not\u00edcias e indicadores capazes de sanar as d\u00favidas do mercado quanto \u00e0 trajet\u00f3ria dos juros americanos e [&hellip;]<\/p>\n","protected":false},"author":98,"featured_media":408451,"comment_status":"closed","ping_status":"closed","sticky":false,"template":"","format":"standard","meta":[],"categories":[60],"tags":[326],"suno_strategy":[],"class_list":["post-453741","post","type-post","status-publish","format-standard","has-post-thumbnail","hentry","category-mercado","tag-dolar"],"yoast_head":"<!-- This site is optimized with the Yoast SEO plugin v24.4 - https:\/\/yoast.com\/wordpress\/plugins\/seo\/ -->\n<title>D\u00f3lar fecha est\u00e1vel no dia, mas tem alta na semana<\/title>\n<meta name=\"description\" content=\"O d\u00f3lar terminou o preg\u00e3o em baixa de 0,02%, a R$ 4,9828, no acumulado da semana a moeda americana acumulou ganho em rela\u00e7\u00e3o ao real\" \/>\n<meta name=\"robots\" content=\"index, follow, max-snippet:-1, max-image-preview:large, max-video-preview:-1\" \/>\n<link rel=\"canonical\" href=\"https:\/\/www.suno.com.br\/noticias\/dolar-fecha-estavel-alta-semana\/\" \/>\n<meta property=\"og:locale\" content=\"pt_BR\" \/>\n<meta property=\"og:type\" content=\"article\" \/>\n<meta property=\"og:title\" content=\"D\u00f3lar fecha est\u00e1vel no dia, mas tem alta na semana\" \/>\n<meta property=\"og:description\" content=\"O d\u00f3lar terminou o preg\u00e3o em baixa de 0,02%, a R$ 4,9828, no acumulado da semana a moeda americana acumulou ganho em rela\u00e7\u00e3o ao real\" \/>\n<meta property=\"og:url\" content=\"https:\/\/www.suno.com.br\/noticias\/dolar-fecha-estavel-alta-semana\/\" \/>\n<meta property=\"og:site_name\" content=\"Suno Not\u00edcias\" \/>\n<meta property=\"article:publisher\" content=\"https:\/\/facebook.com\/sunoresearch\" \/>\n<meta property=\"og:image\" content=\"https:\/\/files.sunoresearch.com.br\/n\/uploads\/2023\/05\/dolar-real.jpg\" \/>\n\t<meta property=\"og:image:width\" content=\"1200\" \/>\n\t<meta property=\"og:image:height\" content=\"800\" \/>\n\t<meta property=\"og:image:type\" content=\"image\/jpeg\" \/>\n<meta name=\"author\" content=\"Marco Ant\u00f4nio Lopes\" \/>\n<meta name=\"twitter:card\" content=\"summary_large_image\" \/>\n<meta name=\"twitter:creator\" content=\"@sunoresearch\" \/>\n<meta name=\"twitter:site\" content=\"@sunoresearch\" \/>\n<meta name=\"twitter:label1\" content=\"Escrito por\" \/>\n\t<meta name=\"twitter:data1\" content=\"Marco Ant\u00f4nio Lopes\" \/>\n\t<meta name=\"twitter:label2\" content=\"Est. tempo de leitura\" \/>\n\t<meta name=\"twitter:data2\" content=\"4 minutos\" \/>\n<script type=\"application\/ld+json\" class=\"yoast-schema-graph\">{\"@context\":\"https:\/\/schema.org\",\"@graph\":[{\"@type\":\"NewsArticle\",\"@id\":\"https:\/\/www.suno.com.br\/noticias\/dolar-fecha-estavel-alta-semana\/#article\",\"isPartOf\":{\"@id\":\"https:\/\/www.suno.com.br\/noticias\/dolar-fecha-estavel-alta-semana\/\"},\"author\":{\"name\":\"Marco Ant\u00f4nio Lopes\",\"@id\":\"https:\/\/www.suno.com.br\/noticias\/#\/schema\/person\/829bbe8d57f84333b966b96229c6bf5f\"},\"headline\":\"D\u00f3lar fecha est\u00e1vel na sess\u00e3o, mas tem alta na semana\",\"datePublished\":\"2023-09-08T22:35:10+00:00\",\"dateModified\":\"2023-09-08T22:35:14+00:00\",\"mainEntityOfPage\":{\"@id\":\"https:\/\/www.suno.com.br\/noticias\/dolar-fecha-estavel-alta-semana\/\"},\"wordCount\":628,\"publisher\":{\"@id\":\"https:\/\/www.suno.com.br\/noticias\/#organization\"},\"image\":{\"@id\":\"https:\/\/www.suno.com.br\/noticias\/dolar-fecha-estavel-alta-semana\/#primaryimage\"},\"thumbnailUrl\":\"https:\/\/files.sunoresearch.com.br\/n\/uploads\/2023\/05\/dolar-real.jpg\",\"keywords\":[\"d\u00f3lar\"],\"articleSection\":[\"Mercado\"],\"inLanguage\":\"pt-BR\"},{\"@type\":\"WebPage\",\"@id\":\"https:\/\/www.suno.com.br\/noticias\/dolar-fecha-estavel-alta-semana\/\",\"url\":\"https:\/\/www.suno.com.br\/noticias\/dolar-fecha-estavel-alta-semana\/\",\"name\":\"D\u00f3lar fecha est\u00e1vel no dia, mas tem alta na semana\",\"isPartOf\":{\"@id\":\"https:\/\/www.suno.com.br\/noticias\/#website\"},\"primaryImageOfPage\":{\"@id\":\"https:\/\/www.suno.com.br\/noticias\/dolar-fecha-estavel-alta-semana\/#primaryimage\"},\"image\":{\"@id\":\"https:\/\/www.suno.com.br\/noticias\/dolar-fecha-estavel-alta-semana\/#primaryimage\"},\"thumbnailUrl\":\"https:\/\/files.sunoresearch.com.br\/n\/uploads\/2023\/05\/dolar-real.jpg\",\"datePublished\":\"2023-09-08T22:35:10+00:00\",\"dateModified\":\"2023-09-08T22:35:14+00:00\",\"description\":\"O d\u00f3lar terminou o preg\u00e3o em baixa de 0,02%, a R$ 4,9828, no acumulado da semana a moeda americana acumulou ganho em rela\u00e7\u00e3o ao real\",\"breadcrumb\":{\"@id\":\"https:\/\/www.suno.com.br\/noticias\/dolar-fecha-estavel-alta-semana\/#breadcrumb\"},\"inLanguage\":\"pt-BR\",\"potentialAction\":[{\"@type\":\"ReadAction\",\"target\":[\"https:\/\/www.suno.com.br\/noticias\/dolar-fecha-estavel-alta-semana\/\"]}]},{\"@type\":\"ImageObject\",\"inLanguage\":\"pt-BR\",\"@id\":\"https:\/\/www.suno.com.br\/noticias\/dolar-fecha-estavel-alta-semana\/#primaryimage\",\"url\":\"https:\/\/files.sunoresearch.com.br\/n\/uploads\/2023\/05\/dolar-real.jpg\",\"contentUrl\":\"https:\/\/files.sunoresearch.com.br\/n\/uploads\/2023\/05\/dolar-real.jpg\",\"width\":1200,\"height\":800,\"caption\":\"KNCR11 aumenta dividendos e vai pagar maior valor em 27 meses. Foto: iStock\"},{\"@type\":\"BreadcrumbList\",\"@id\":\"https:\/\/www.suno.com.br\/noticias\/dolar-fecha-estavel-alta-semana\/#breadcrumb\",\"itemListElement\":[{\"@type\":\"ListItem\",\"position\":1,\"name\":\"Not\u00edcias\",\"item\":\"https:\/\/www.suno.com.br\/noticias\/\"},{\"@type\":\"ListItem\",\"position\":2,\"name\":\"Mercado\",\"item\":\"https:\/\/www.suno.com.br\/noticias\/mercado\/\"},{\"@type\":\"ListItem\",\"position\":3,\"name\":\"D\u00f3lar fecha est\u00e1vel na sess\u00e3o, mas tem alta na semana\"}]},{\"@type\":\"WebSite\",\"@id\":\"https:\/\/www.suno.com.br\/noticias\/#website\",\"url\":\"https:\/\/www.suno.com.br\/noticias\/\",\"name\":\"Suno Not\u00edcias\",\"description\":\"Seu portal de informa\u00e7\u00e3o sobre o mundo dos investimentos\",\"publisher\":{\"@id\":\"https:\/\/www.suno.com.br\/noticias\/#organization\"},\"potentialAction\":[{\"@type\":\"SearchAction\",\"target\":{\"@type\":\"EntryPoint\",\"urlTemplate\":\"https:\/\/www.suno.com.br\/noticias\/?s={search_term_string}\"},\"query-input\":{\"@type\":\"PropertyValueSpecification\",\"valueRequired\":true,\"valueName\":\"search_term_string\"}}],\"inLanguage\":\"pt-BR\"},{\"@type\":\"Organization\",\"@id\":\"https:\/\/www.suno.com.br\/noticias\/#organization\",\"name\":\"Suno Not\u00edcias\",\"url\":\"https:\/\/www.suno.com.br\/noticias\/\",\"logo\":{\"@type\":\"ImageObject\",\"inLanguage\":\"pt-BR\",\"@id\":\"https:\/\/www.suno.com.br\/noticias\/#\/schema\/logo\/image\/\",\"url\":\"https:\/\/files.sunoresearch.com.br\/n\/uploads\/2021\/09\/suno-logo.png\",\"contentUrl\":\"https:\/\/files.sunoresearch.com.br\/n\/uploads\/2021\/09\/suno-logo.png\",\"width\":180,\"height\":180,\"caption\":\"Suno Not\u00edcias\"},\"image\":{\"@id\":\"https:\/\/www.suno.com.br\/noticias\/#\/schema\/logo\/image\/\"},\"sameAs\":[\"https:\/\/facebook.com\/sunoresearch\",\"https:\/\/x.com\/sunoresearch\",\"https:\/\/www.instagram.com\/suno\",\"https:\/\/www.linkedin.com\/company\/suno-research\/\",\"https:\/\/www.youtube.com\/c\/sunoresearch\"]},{\"@type\":\"Person\",\"@id\":\"https:\/\/www.suno.com.br\/noticias\/#\/schema\/person\/829bbe8d57f84333b966b96229c6bf5f\",\"name\":\"Marco Ant\u00f4nio Lopes\",\"image\":{\"@type\":\"ImageObject\",\"inLanguage\":\"pt-BR\",\"@id\":\"https:\/\/www.suno.com.br\/noticias\/#\/schema\/person\/image\/\",\"url\":\"https:\/\/secure.gravatar.com\/avatar\/385167b012fbc1cde32c5446ee253313?s=96&r=g\",\"contentUrl\":\"https:\/\/secure.gravatar.com\/avatar\/385167b012fbc1cde32c5446ee253313?s=96&r=g\",\"caption\":\"Marco Ant\u00f4nio Lopes\"},\"description\":\"Jornalista, \u00e9 editor no Suno Not\u00edcias. Trabalhou nas revistas Playboy, Super, Veja Comer &amp; Beber, Homem Vogue e Universo Masculino, al\u00e9m dos portais Abril.com, R7, nas editorias de Home, Esportes, Hora 7, Entretenimento e Geral, e Eu Quero Investir. Autor do livro Bruce Lee: Definitivo (Editora Conrad). Colaborou nas revistas Nova, Veja SP, Grandes Guerras, Placar, Bizz, Casa Claudia e Quatro Rodas.\",\"url\":\"https:\/\/www.suno.com.br\/noticias\/author\/marco-lopes\/\"}]}<\/script>\n<!-- \/ Yoast SEO plugin. -->","yoast_head_json":{"title":"D\u00f3lar fecha est\u00e1vel no dia, mas tem alta na semana","description":"O d\u00f3lar terminou o preg\u00e3o em baixa de 0,02%, a R$ 4,9828, no acumulado da semana a moeda americana acumulou ganho em rela\u00e7\u00e3o ao real","robots":{"index":"index","follow":"follow","max-snippet":"max-snippet:-1","max-image-preview":"max-image-preview:large","max-video-preview":"max-video-preview:-1"},"canonical":"https:\/\/www.suno.com.br\/noticias\/dolar-fecha-estavel-alta-semana\/","og_locale":"pt_BR","og_type":"article","og_title":"D\u00f3lar fecha est\u00e1vel no dia, mas tem alta na semana","og_description":"O d\u00f3lar terminou o preg\u00e3o em baixa de 0,02%, a R$ 4,9828, no acumulado da semana a moeda americana acumulou ganho em rela\u00e7\u00e3o ao real","og_url":"https:\/\/www.suno.com.br\/noticias\/dolar-fecha-estavel-alta-semana\/","og_site_name":"Suno Not\u00edcias","article_publisher":"https:\/\/facebook.com\/sunoresearch","og_image":[{"width":1200,"height":800,"url":"https:\/\/files.sunoresearch.com.br\/n\/uploads\/2023\/05\/dolar-real.jpg","type":"image\/jpeg"}],"author":"Marco Ant\u00f4nio Lopes","twitter_card":"summary_large_image","twitter_creator":"@sunoresearch","twitter_site":"@sunoresearch","twitter_misc":{"Escrito por":"Marco Ant\u00f4nio Lopes","Est. tempo de leitura":"4 minutos"},"schema":{"@context":"https:\/\/schema.org","@graph":[{"@type":"NewsArticle","@id":"https:\/\/www.suno.com.br\/noticias\/dolar-fecha-estavel-alta-semana\/#article","isPartOf":{"@id":"https:\/\/www.suno.com.br\/noticias\/dolar-fecha-estavel-alta-semana\/"},"author":{"name":"Marco Ant\u00f4nio Lopes","@id":"https:\/\/www.suno.com.br\/noticias\/#\/schema\/person\/829bbe8d57f84333b966b96229c6bf5f"},"headline":"D\u00f3lar fecha est\u00e1vel na sess\u00e3o, mas tem alta na semana","datePublished":"2023-09-08T22:35:10+00:00","dateModified":"2023-09-08T22:35:14+00:00","mainEntityOfPage":{"@id":"https:\/\/www.suno.com.br\/noticias\/dolar-fecha-estavel-alta-semana\/"},"wordCount":628,"publisher":{"@id":"https:\/\/www.suno.com.br\/noticias\/#organization"},"image":{"@id":"https:\/\/www.suno.com.br\/noticias\/dolar-fecha-estavel-alta-semana\/#primaryimage"},"thumbnailUrl":"https:\/\/files.sunoresearch.com.br\/n\/uploads\/2023\/05\/dolar-real.jpg","keywords":["d\u00f3lar"],"articleSection":["Mercado"],"inLanguage":"pt-BR"},{"@type":"WebPage","@id":"https:\/\/www.suno.com.br\/noticias\/dolar-fecha-estavel-alta-semana\/","url":"https:\/\/www.suno.com.br\/noticias\/dolar-fecha-estavel-alta-semana\/","name":"D\u00f3lar fecha est\u00e1vel no dia, mas tem alta na semana","isPartOf":{"@id":"https:\/\/www.suno.com.br\/noticias\/#website"},"primaryImageOfPage":{"@id":"https:\/\/www.suno.com.br\/noticias\/dolar-fecha-estavel-alta-semana\/#primaryimage"},"image":{"@id":"https:\/\/www.suno.com.br\/noticias\/dolar-fecha-estavel-alta-semana\/#primaryimage"},"thumbnailUrl":"https:\/\/files.sunoresearch.com.br\/n\/uploads\/2023\/05\/dolar-real.jpg","datePublished":"2023-09-08T22:35:10+00:00","dateModified":"2023-09-08T22:35:14+00:00","description":"O d\u00f3lar terminou o preg\u00e3o em baixa de 0,02%, a R$ 4,9828, no acumulado da semana a moeda americana acumulou ganho em rela\u00e7\u00e3o ao real","breadcrumb":{"@id":"https:\/\/www.suno.com.br\/noticias\/dolar-fecha-estavel-alta-semana\/#breadcrumb"},"inLanguage":"pt-BR","potentialAction":[{"@type":"ReadAction","target":["https:\/\/www.suno.com.br\/noticias\/dolar-fecha-estavel-alta-semana\/"]}]},{"@type":"ImageObject","inLanguage":"pt-BR","@id":"https:\/\/www.suno.com.br\/noticias\/dolar-fecha-estavel-alta-semana\/#primaryimage","url":"https:\/\/files.sunoresearch.com.br\/n\/uploads\/2023\/05\/dolar-real.jpg","contentUrl":"https:\/\/files.sunoresearch.com.br\/n\/uploads\/2023\/05\/dolar-real.jpg","width":1200,"height":800,"caption":"KNCR11 aumenta dividendos e vai pagar maior valor em 27 meses. Foto: iStock"},{"@type":"BreadcrumbList","@id":"https:\/\/www.suno.com.br\/noticias\/dolar-fecha-estavel-alta-semana\/#breadcrumb","itemListElement":[{"@type":"ListItem","position":1,"name":"Not\u00edcias","item":"https:\/\/www.suno.com.br\/noticias\/"},{"@type":"ListItem","position":2,"name":"Mercado","item":"https:\/\/www.suno.com.br\/noticias\/mercado\/"},{"@type":"ListItem","position":3,"name":"D\u00f3lar fecha est\u00e1vel na sess\u00e3o, mas tem alta na semana"}]},{"@type":"WebSite","@id":"https:\/\/www.suno.com.br\/noticias\/#website","url":"https:\/\/www.suno.com.br\/noticias\/","name":"Suno Not\u00edcias","description":"Seu portal de informa\u00e7\u00e3o sobre o mundo dos investimentos","publisher":{"@id":"https:\/\/www.suno.com.br\/noticias\/#organization"},"potentialAction":[{"@type":"SearchAction","target":{"@type":"EntryPoint","urlTemplate":"https:\/\/www.suno.com.br\/noticias\/?s={search_term_string}"},"query-input":{"@type":"PropertyValueSpecification","valueRequired":true,"valueName":"search_term_string"}}],"inLanguage":"pt-BR"},{"@type":"Organization","@id":"https:\/\/www.suno.com.br\/noticias\/#organization","name":"Suno Not\u00edcias","url":"https:\/\/www.suno.com.br\/noticias\/","logo":{"@type":"ImageObject","inLanguage":"pt-BR","@id":"https:\/\/www.suno.com.br\/noticias\/#\/schema\/logo\/image\/","url":"https:\/\/files.sunoresearch.com.br\/n\/uploads\/2021\/09\/suno-logo.png","contentUrl":"https:\/\/files.sunoresearch.com.br\/n\/uploads\/2021\/09\/suno-logo.png","width":180,"height":180,"caption":"Suno Not\u00edcias"},"image":{"@id":"https:\/\/www.suno.com.br\/noticias\/#\/schema\/logo\/image\/"},"sameAs":["https:\/\/facebook.com\/sunoresearch","https:\/\/x.com\/sunoresearch","https:\/\/www.instagram.com\/suno","https:\/\/www.linkedin.com\/company\/suno-research\/","https:\/\/www.youtube.com\/c\/sunoresearch"]},{"@type":"Person","@id":"https:\/\/www.suno.com.br\/noticias\/#\/schema\/person\/829bbe8d57f84333b966b96229c6bf5f","name":"Marco Ant\u00f4nio Lopes","image":{"@type":"ImageObject","inLanguage":"pt-BR","@id":"https:\/\/www.suno.com.br\/noticias\/#\/schema\/person\/image\/","url":"https:\/\/secure.gravatar.com\/avatar\/385167b012fbc1cde32c5446ee253313?s=96&r=g","contentUrl":"https:\/\/secure.gravatar.com\/avatar\/385167b012fbc1cde32c5446ee253313?s=96&r=g","caption":"Marco Ant\u00f4nio Lopes"},"description":"Jornalista, \u00e9 editor no Suno Not\u00edcias. Trabalhou nas revistas Playboy, Super, Veja Comer &amp; Beber, Homem Vogue e Universo Masculino, al\u00e9m dos portais Abril.com, R7, nas editorias de Home, Esportes, Hora 7, Entretenimento e Geral, e Eu Quero Investir. Autor do livro Bruce Lee: Definitivo (Editora Conrad). Colaborou nas revistas Nova, Veja SP, Grandes Guerras, Placar, Bizz, Casa Claudia e Quatro Rodas.","url":"https:\/\/www.suno.com.br\/noticias\/author\/marco-lopes\/"}]}},"default_loop_html":"<div class=\"cardsPage__listCard__boxs\"><div class=\"cardsPage__listCard__boxs__img\"><a href=\"https:\/\/www.suno.com.br\/noticias\/dolar-fecha-estavel-alta-semana\/\"><img class=\"mask\" src=\"https:\/\/www.suno.com.br\/noticias\/wp-content\/themes\/suno\/resources\/images\/spotlight\/spotlight1img\/bg-mask.png\" alt=\"Image Mask\"\/><img src=\"https:\/\/files.sunoresearch.com.br\/n\/uploads\/2023\/05\/dolar-real-400x200.jpg\" alt=\"D\u00f3lar fecha est\u00e1vel na sess\u00e3o, mas tem alta na semana\"\/><\/a><span class=\"spotlightCategory\"><a href=\"https:\/\/www.suno.com.br\/noticias\/mercado\/\">Mercado<\/a><\/span><\/div><div class=\"cardsPage__listCard__boxs__content\"><a href=\"https:\/\/www.suno.com.br\/noticias\/dolar-fecha-estavel-alta-semana\/\"><h2 class=\"content__title\">D\u00f3lar fecha est\u00e1vel na sess\u00e3o, mas tem alta na semana<\/h2><\/a><div class=\"newsContent__article__meta\"><div class=\"newsContent__article__meta__authorBox\"><a href=\"https:\/\/www.suno.com.br\/noticias\/author\/marco-lopes\/\" class=\"authorBox__avatar noMobi\"><img src=\"https:\/\/secure.gravatar.com\/avatar\/385167b012fbc1cde32c5446ee253313?s=96&#038;r=g\" alt=\"Marco Ant\u00f4nio Lopes\"><\/a><div class=\"authorBox__name\"><span>por\n\t\t\t<a href=\"https:\/\/www.suno.com.br\/noticias\/author\/marco-lopes\/\"><span itemprop=\"author\">Marco Ant\u00f4nio Lopes<\/span><\/a><\/span><time datetime=\"2023-09-08T19:35:10-03:00\" itemprop=\"datePublished\">08\/09\/2023 19:35<\/time><\/div><\/div><\/div><\/div><\/div>","single_layout":"posts","amp_enabled":true,"_links":{"self":[{"href":"https:\/\/www.suno.com.br\/noticias\/wp-json\/wp\/v2\/posts\/453741"}],"collection":[{"href":"https:\/\/www.suno.com.br\/noticias\/wp-json\/wp\/v2\/posts"}],"about":[{"href":"https:\/\/www.suno.com.br\/noticias\/wp-json\/wp\/v2\/types\/post"}],"author":[{"embeddable":true,"href":"https:\/\/www.suno.com.br\/noticias\/wp-json\/wp\/v2\/users\/98"}],"replies":[{"embeddable":true,"href":"https:\/\/www.suno.com.br\/noticias\/wp-json\/wp\/v2\/comments?post=453741"}],"version-history":[{"count":2,"href":"https:\/\/www.suno.com.br\/noticias\/wp-json\/wp\/v2\/posts\/453741\/revisions"}],"predecessor-version":[{"id":453753,"href":"https:\/\/www.suno.com.br\/noticias\/wp-json\/wp\/v2\/posts\/453741\/revisions\/453753"}],"wp:featuredmedia":[{"embeddable":true,"href":"https:\/\/www.suno.com.br\/noticias\/wp-json\/wp\/v2\/media\/408451"}],"wp:attachment":[{"href":"https:\/\/www.suno.com.br\/noticias\/wp-json\/wp\/v2\/media?parent=453741"}],"wp:term":[{"taxonomy":"category","embeddable":true,"href":"https:\/\/www.suno.com.br\/noticias\/wp-json\/wp\/v2\/categories?post=453741"},{"taxonomy":"post_tag","embeddable":true,"href":"https:\/\/www.suno.com.br\/noticias\/wp-json\/wp\/v2\/tags?post=453741"},{"taxonomy":"suno_strategy","embeddable":true,"href":"https:\/\/www.suno.com.br\/noticias\/wp-json\/wp\/v2\/suno_strategy?post=453741"}],"curies":[{"name":"wp","href":"https:\/\/api.w.org\/{rel}","templated":true}]}}