{"id":45369,"date":"2019-11-21T19:10:19","date_gmt":"2019-11-21T21:10:19","guid":{"rendered":"https:\/\/www.suno.com.br\/noticias\/?p=45369"},"modified":"2019-11-21T19:10:19","modified_gmt":"2019-11-21T21:10:19","slug":"guerra-comercial-china-otimista-acordo","status":"publish","type":"post","link":"https:\/\/www.suno.com.br\/noticias\/guerra-comercial-china-otimista-acordo\/","title":{"rendered":"Guerra comercial: China est\u00e1 &#8220;cautelosamente otimista&#8221; com acordo"},"content":{"rendered":"<p>O l\u00edder das negocia\u00e7\u00f5es comerciais da <strong>China<\/strong> declarou que est\u00e1 &#8220;cautelosamente otimista&#8221; sobre a possibilidade de fechar um acordo da &#8220;fase um&#8221; da <a href=\"https:\/\/www.suno.com.br\/artigos\/a-guerra-comercial\/\">guerra comercial<\/a> com os <strong>Estados<\/strong> <strong>Unidos<\/strong>. A informa\u00e7\u00e3o foi divulgada pela ag\u00eancia &#8220;Bloomberg&#8221; de not\u00edcias.<\/p>\t<div class=\"wrapper-featured-image\">\n\t\t<figure class=\"spotlightImg\">\n\n\t\t\t<picture>\n\t\t\t\t<source media=\"(max-width: 768px)\" srcset=\"https:\/\/files.sunoresearch.com.br\/n\/uploads\/2019\/08\/38c14748-guerra-comercial-400x200.webp\">\n\t\t\t\t<img loading=\"lazy\" decoding=\"async\" class=\"newsContent__article__imgCapa lazyloadDisabled newsContent__article__imgCapa--noCaption\" src=\"https:\/\/files.sunoresearch.com.br\/n\/uploads\/2019\/08\/38c14748-guerra-comercial-800x450.webp\" width=\"800\" height=\"450\" alt=\"Guerra comercial: China est\u00e1 &#8220;cautelosamente otimista&#8221; com acordo\" fetchpriority=high \/>\n\t\t\t<\/picture>\n\n\t\t\t<figcaption class=\"wp-caption-text wp-caption-text--hide\">China: Ap\u00f3s fechamento de consulado, rea\u00e7\u00e3o aos EUA \u00e9 necess\u00e1ria<\/figcaption>\n\t\t<\/figure>\n\t<\/div>\n\n\n\n<p>O vice-primeiro-ministro da <strong>China<\/strong>, <strong>Liu<\/strong> <strong>He<\/strong>, fez a afirma\u00e7\u00e3o sobre a <strong>guerra comercial<\/strong> em discurso na \u00faltima quarta-feira (20) em evento em <strong>Pequim<\/strong> antes do come\u00e7o do <strong>F\u00f3rum<\/strong> <strong>da Nova<\/strong> <strong>Economia<\/strong> organizado pela &#8220;Bloomberg&#8221;.<\/p>\n<p>Liu tamb\u00e9m pediu que o principal negociador <strong>norte-americano<\/strong> v\u00e1 at\u00e9 a <strong>China<\/strong> para dar continuidade \u00e0s negocia\u00e7\u00f5es ainda em novembro, o convite ainda n\u00e3o foi aceito.<\/p>\n<p><a href=\"https:\/\/lp.suno.com.br\/black-friday-2019\/?utm_source=noticias&amp;utm_medium=link\">Black Friday Suno \u2013 as melhores an\u00e1lises sobre investimentos com descontos incr\u00edveis! Cadastre-se para ser o primeiro a saber<\/a><\/p>\n<p>Em discurso no <strong>F\u00f3rum<\/strong> nesta quinta (21), o <strong>ex-Secret\u00e1rio<\/strong> de <strong>Estado<\/strong> <strong>dos<\/strong> <strong>EUA<\/strong>, <strong>Henry Kissinger<\/strong>, afirmou que o governo norte-americano e o gigante asi\u00e1tico estariam \u00e0 beira de uma &#8220;<strong>Guerra<\/strong> <strong>Fria<\/strong>&#8221; al\u00e9m de alertar com que o conflito poderia ser pior que a <strong>Primeira<\/strong> <strong>Guerra<\/strong> <strong>Mundial<\/strong> caso n\u00e3o seja contido.<\/p>\n<p>Al\u00e9m de <strong>Kissinger<\/strong>, o <strong>ex-secret\u00e1rio<\/strong> do <strong>Tesouro dos EUA<\/strong>, <strong>Henry Paulson<\/strong>, tamb\u00e9m falou sobre os perigos de distanciamento entre as maiores economias do mundo.<\/p>\n<h2>Guerra comercial<\/h2>\n<p>O <strong>Minist\u00e9rio do Com\u00e9rcio da China<\/strong> informou nesta quinta (21) que <strong>Pequim<\/strong> est\u00e1 trabalhando para resolver a<strong> guerra comercial<\/strong> com os <strong>Estados Unidos<\/strong>.<\/p>\n<p>A declara\u00e7\u00e3o foi do porta-voz do minist\u00e9rio, <strong>Gao Feng<\/strong>, e foi feita ap\u00f3s o presidente norte-americano, <strong><a href=\"https:\/\/www.suno.com.br\/tudo-sobre\/donald-trump\/\">Donald Trump<\/a><\/strong>, afirmar que a <strong>China<\/strong> n\u00e3o fez concess\u00f5es suficientes e por isso hesita em fechar um acordo.<\/p>\n<p>&#8220;Eu posso lhe dizer isso. A <strong>China<\/strong> preferia mais fazer um acordo comercial do que eu. Eu n\u00e3o acho que eles est\u00e3o subindo ao n\u00edvel que eu quero&#8221;, disse <strong>Trump<\/strong>.<\/p>\n<p><a href=\"https:\/\/lp.suno.com.br\/black-friday-2019\/?utm_source=noticias&amp;utm_medium=link\">Black Friday Suno \u2013 as melhores an\u00e1lises sobre investimentos com descontos incr\u00edveis! Cadastre-se para ser o primeiro a saber<\/a><\/p>\n<p>Por sua vez, <strong>Feng<\/strong> salientou que o pa\u00eds asi\u00e1tico est\u00e1 comprometido a trabalhar para fechar um acordo com o <strong>Washington<\/strong>. <strong>Gao<\/strong> comentou ainda que quer um acordo que &#8220;atenda aos interesses de todos&#8221;.<\/p>\n<p>Na \u00faltima ter\u00e7a-feira (19), <strong>Trump<\/strong> declarou que aumentar\u00e1 as tarifas sobre as importa\u00e7\u00f5es de produtos chineses caso n\u00e3o seja fechado nenhum acordo comercial com <strong>Pequim<\/strong> para acabar com a atual guerra comercial retaliat\u00f3ria que vem travando as economias de ambos pa\u00edses.<\/p>\n<p>&#8220;Se n\u00f3s n\u00e3o conseguirmos um acordo com a <strong>China<\/strong>, eu simplesmente aumentarei ainda mais as tarifas&#8221;, disse <strong>Trump<\/strong> sobre a <strong>guerra comercial<\/strong>.<\/p>\n","protected":false},"excerpt":{"rendered":"<p>O l\u00edder das negocia\u00e7\u00f5es comerciais da China declarou que est\u00e1 &#8220;cautelosamente otimista&#8221; sobre a possibilidade de fechar um acordo da &#8220;fase um&#8221; da guerra comercial com os Estados Unidos. A informa\u00e7\u00e3o foi divulgada pela ag\u00eancia &#8220;Bloomberg&#8221; de not\u00edcias. China: Ap\u00f3s fechamento de consulado, rea\u00e7\u00e3o aos EUA \u00e9 necess\u00e1ria O vice-primeiro-ministro da China, Liu He, fez [&hellip;]<\/p>\n","protected":false},"author":23,"featured_media":33391,"comment_status":"closed","ping_status":"closed","sticky":false,"template":"","format":"standard","meta":[],"categories":[63],"tags":[711,793,980],"suno_strategy":[],"class_list":["post-45369","post","type-post","status-publish","format-standard","has-post-thumbnail","hentry","category-internacional","tag-china","tag-estados-unidos-eua","tag-guerra-comercial"],"yoast_head":"<!-- This site is optimized with the Yoast SEO plugin v24.4 - https:\/\/yoast.com\/wordpress\/plugins\/seo\/ -->\n<title>Guerra comercial: China est\u00e1 &quot;cautelosamente otimista&quot; com acordo<\/title>\n<meta name=\"description\" content=\"A China declarou que est\u00e1 &quot;cautelosamente otimista sobre um acordo da guerra comercial com os EUA. Clique para mais.\" \/>\n<meta name=\"robots\" content=\"index, follow, max-snippet:-1, max-image-preview:large, max-video-preview:-1\" \/>\n<link rel=\"canonical\" href=\"https:\/\/www.suno.com.br\/noticias\/guerra-comercial-china-otimista-acordo\/\" \/>\n<meta property=\"og:locale\" content=\"pt_BR\" \/>\n<meta property=\"og:type\" content=\"article\" \/>\n<meta property=\"og:title\" content=\"Guerra comercial: China est\u00e1 &quot;cautelosamente otimista&quot; com acordo\" \/>\n<meta property=\"og:description\" content=\"A China declarou que est\u00e1 &quot;cautelosamente otimista sobre um acordo da guerra comercial com os EUA. Clique para mais.\" \/>\n<meta property=\"og:url\" content=\"https:\/\/www.suno.com.br\/noticias\/guerra-comercial-china-otimista-acordo\/\" \/>\n<meta property=\"og:site_name\" content=\"Suno Not\u00edcias\" \/>\n<meta property=\"article:publisher\" content=\"https:\/\/facebook.com\/sunoresearch\" \/>\n<meta property=\"og:image\" content=\"https:\/\/files.sunoresearch.com.br\/n\/uploads\/2019\/08\/38c14748-guerra-comercial.jpg\" \/>\n\t<meta property=\"og:image:width\" content=\"3265\" \/>\n\t<meta property=\"og:image:height\" content=\"1935\" \/>\n\t<meta property=\"og:image:type\" content=\"image\/jpeg\" \/>\n<meta name=\"author\" content=\"Rafael Lara\" \/>\n<meta name=\"twitter:card\" content=\"summary_large_image\" \/>\n<meta name=\"twitter:creator\" content=\"@sunoresearch\" \/>\n<meta name=\"twitter:site\" content=\"@sunoresearch\" \/>\n<meta name=\"twitter:label1\" content=\"Escrito por\" \/>\n\t<meta name=\"twitter:data1\" content=\"Rafael Lara\" \/>\n\t<meta name=\"twitter:label2\" content=\"Est. tempo de leitura\" \/>\n\t<meta name=\"twitter:data2\" content=\"2 minutos\" \/>\n<script type=\"application\/ld+json\" class=\"yoast-schema-graph\">{\"@context\":\"https:\/\/schema.org\",\"@graph\":[{\"@type\":\"NewsArticle\",\"@id\":\"https:\/\/www.suno.com.br\/noticias\/guerra-comercial-china-otimista-acordo\/#article\",\"isPartOf\":{\"@id\":\"https:\/\/www.suno.com.br\/noticias\/guerra-comercial-china-otimista-acordo\/\"},\"author\":{\"name\":\"Rafael Lara\",\"@id\":\"https:\/\/www.suno.com.br\/noticias\/#\/schema\/person\/098743caeed97b37f51315c9576c4078\"},\"headline\":\"Guerra comercial: China est\u00e1 &#8220;cautelosamente otimista&#8221; com acordo\",\"datePublished\":\"2019-11-21T21:10:19+00:00\",\"mainEntityOfPage\":{\"@id\":\"https:\/\/www.suno.com.br\/noticias\/guerra-comercial-china-otimista-acordo\/\"},\"wordCount\":440,\"publisher\":{\"@id\":\"https:\/\/www.suno.com.br\/noticias\/#organization\"},\"image\":{\"@id\":\"https:\/\/www.suno.com.br\/noticias\/guerra-comercial-china-otimista-acordo\/#primaryimage\"},\"thumbnailUrl\":\"https:\/\/files.sunoresearch.com.br\/n\/uploads\/2019\/08\/38c14748-guerra-comercial-scaled.webp\",\"keywords\":[\"China\",\"Estados Unidos (EUA)\",\"guerra comercial\"],\"articleSection\":[\"Internacional\"],\"inLanguage\":\"pt-BR\"},{\"@type\":\"WebPage\",\"@id\":\"https:\/\/www.suno.com.br\/noticias\/guerra-comercial-china-otimista-acordo\/\",\"url\":\"https:\/\/www.suno.com.br\/noticias\/guerra-comercial-china-otimista-acordo\/\",\"name\":\"Guerra comercial: China est\u00e1 \\\"cautelosamente otimista\\\" com acordo\",\"isPartOf\":{\"@id\":\"https:\/\/www.suno.com.br\/noticias\/#website\"},\"primaryImageOfPage\":{\"@id\":\"https:\/\/www.suno.com.br\/noticias\/guerra-comercial-china-otimista-acordo\/#primaryimage\"},\"image\":{\"@id\":\"https:\/\/www.suno.com.br\/noticias\/guerra-comercial-china-otimista-acordo\/#primaryimage\"},\"thumbnailUrl\":\"https:\/\/files.sunoresearch.com.br\/n\/uploads\/2019\/08\/38c14748-guerra-comercial-scaled.webp\",\"datePublished\":\"2019-11-21T21:10:19+00:00\",\"description\":\"A China declarou que est\u00e1 \\\"cautelosamente otimista sobre um acordo da guerra comercial com os EUA. Clique para mais.\",\"breadcrumb\":{\"@id\":\"https:\/\/www.suno.com.br\/noticias\/guerra-comercial-china-otimista-acordo\/#breadcrumb\"},\"inLanguage\":\"pt-BR\",\"potentialAction\":[{\"@type\":\"ReadAction\",\"target\":[\"https:\/\/www.suno.com.br\/noticias\/guerra-comercial-china-otimista-acordo\/\"]}]},{\"@type\":\"ImageObject\",\"inLanguage\":\"pt-BR\",\"@id\":\"https:\/\/www.suno.com.br\/noticias\/guerra-comercial-china-otimista-acordo\/#primaryimage\",\"url\":\"https:\/\/files.sunoresearch.com.br\/n\/uploads\/2019\/08\/38c14748-guerra-comercial-scaled.webp\",\"contentUrl\":\"https:\/\/files.sunoresearch.com.br\/n\/uploads\/2019\/08\/38c14748-guerra-comercial-scaled.webp\",\"width\":2560,\"height\":1517,\"caption\":\"China: Ap\u00f3s fechamento de consulado, rea\u00e7\u00e3o aos EUA \u00e9 necess\u00e1ria\"},{\"@type\":\"BreadcrumbList\",\"@id\":\"https:\/\/www.suno.com.br\/noticias\/guerra-comercial-china-otimista-acordo\/#breadcrumb\",\"itemListElement\":[{\"@type\":\"ListItem\",\"position\":1,\"name\":\"Not\u00edcias\",\"item\":\"https:\/\/www.suno.com.br\/noticias\/\"},{\"@type\":\"ListItem\",\"position\":2,\"name\":\"Internacional\",\"item\":\"https:\/\/www.suno.com.br\/noticias\/internacional\/\"},{\"@type\":\"ListItem\",\"position\":3,\"name\":\"Guerra comercial: China est\u00e1 &#8220;cautelosamente otimista&#8221; com acordo\"}]},{\"@type\":\"WebSite\",\"@id\":\"https:\/\/www.suno.com.br\/noticias\/#website\",\"url\":\"https:\/\/www.suno.com.br\/noticias\/\",\"name\":\"Suno Not\u00edcias\",\"description\":\"Seu portal de informa\u00e7\u00e3o sobre o mundo dos investimentos\",\"publisher\":{\"@id\":\"https:\/\/www.suno.com.br\/noticias\/#organization\"},\"potentialAction\":[{\"@type\":\"SearchAction\",\"target\":{\"@type\":\"EntryPoint\",\"urlTemplate\":\"https:\/\/www.suno.com.br\/noticias\/?s={search_term_string}\"},\"query-input\":{\"@type\":\"PropertyValueSpecification\",\"valueRequired\":true,\"valueName\":\"search_term_string\"}}],\"inLanguage\":\"pt-BR\"},{\"@type\":\"Organization\",\"@id\":\"https:\/\/www.suno.com.br\/noticias\/#organization\",\"name\":\"Suno Not\u00edcias\",\"url\":\"https:\/\/www.suno.com.br\/noticias\/\",\"logo\":{\"@type\":\"ImageObject\",\"inLanguage\":\"pt-BR\",\"@id\":\"https:\/\/www.suno.com.br\/noticias\/#\/schema\/logo\/image\/\",\"url\":\"https:\/\/files.sunoresearch.com.br\/n\/uploads\/2021\/09\/suno-logo.png\",\"contentUrl\":\"https:\/\/files.sunoresearch.com.br\/n\/uploads\/2021\/09\/suno-logo.png\",\"width\":180,\"height\":180,\"caption\":\"Suno Not\u00edcias\"},\"image\":{\"@id\":\"https:\/\/www.suno.com.br\/noticias\/#\/schema\/logo\/image\/\"},\"sameAs\":[\"https:\/\/facebook.com\/sunoresearch\",\"https:\/\/x.com\/sunoresearch\",\"https:\/\/www.instagram.com\/suno\",\"https:\/\/www.linkedin.com\/company\/suno-research\/\",\"https:\/\/www.youtube.com\/c\/sunoresearch\"]},{\"@type\":\"Person\",\"@id\":\"https:\/\/www.suno.com.br\/noticias\/#\/schema\/person\/098743caeed97b37f51315c9576c4078\",\"name\":\"Rafael Lara\",\"image\":{\"@type\":\"ImageObject\",\"inLanguage\":\"pt-BR\",\"@id\":\"https:\/\/www.suno.com.br\/noticias\/#\/schema\/person\/image\/\",\"url\":\"https:\/\/secure.gravatar.com\/avatar\/dfc254ab9bb2ea1895d98b9e9dae4bdd?s=96&r=g\",\"contentUrl\":\"https:\/\/secure.gravatar.com\/avatar\/dfc254ab9bb2ea1895d98b9e9dae4bdd?s=96&r=g\",\"caption\":\"Rafael Lara\"},\"description\":\"Rafael Lara cursa jornalismo na Faculdade C\u00e1sper L\u00edbero. Escreve sobre pol\u00edtica, economia e neg\u00f3cios para o portal Suno Not\u00edcias. Antes, colaborou na TV Gazeta na produ\u00e7\u00e3o do programa Edi\u00e7\u00e3o Extra.\",\"url\":\"https:\/\/www.suno.com.br\/noticias\/author\/rafael\/\"}]}<\/script>\n<!-- \/ Yoast SEO plugin. -->","yoast_head_json":{"title":"Guerra comercial: China est\u00e1 \"cautelosamente otimista\" com acordo","description":"A China declarou que est\u00e1 \"cautelosamente otimista sobre um acordo da guerra comercial com os EUA. Clique para mais.","robots":{"index":"index","follow":"follow","max-snippet":"max-snippet:-1","max-image-preview":"max-image-preview:large","max-video-preview":"max-video-preview:-1"},"canonical":"https:\/\/www.suno.com.br\/noticias\/guerra-comercial-china-otimista-acordo\/","og_locale":"pt_BR","og_type":"article","og_title":"Guerra comercial: China est\u00e1 \"cautelosamente otimista\" com acordo","og_description":"A China declarou que est\u00e1 \"cautelosamente otimista sobre um acordo da guerra comercial com os EUA. Clique para mais.","og_url":"https:\/\/www.suno.com.br\/noticias\/guerra-comercial-china-otimista-acordo\/","og_site_name":"Suno Not\u00edcias","article_publisher":"https:\/\/facebook.com\/sunoresearch","og_image":[{"width":3265,"height":1935,"url":"https:\/\/files.sunoresearch.com.br\/n\/uploads\/2019\/08\/38c14748-guerra-comercial.jpg","type":"image\/jpeg"}],"author":"Rafael Lara","twitter_card":"summary_large_image","twitter_creator":"@sunoresearch","twitter_site":"@sunoresearch","twitter_misc":{"Escrito por":"Rafael Lara","Est. tempo de leitura":"2 minutos"},"schema":{"@context":"https:\/\/schema.org","@graph":[{"@type":"NewsArticle","@id":"https:\/\/www.suno.com.br\/noticias\/guerra-comercial-china-otimista-acordo\/#article","isPartOf":{"@id":"https:\/\/www.suno.com.br\/noticias\/guerra-comercial-china-otimista-acordo\/"},"author":{"name":"Rafael Lara","@id":"https:\/\/www.suno.com.br\/noticias\/#\/schema\/person\/098743caeed97b37f51315c9576c4078"},"headline":"Guerra comercial: China est\u00e1 &#8220;cautelosamente otimista&#8221; com acordo","datePublished":"2019-11-21T21:10:19+00:00","mainEntityOfPage":{"@id":"https:\/\/www.suno.com.br\/noticias\/guerra-comercial-china-otimista-acordo\/"},"wordCount":440,"publisher":{"@id":"https:\/\/www.suno.com.br\/noticias\/#organization"},"image":{"@id":"https:\/\/www.suno.com.br\/noticias\/guerra-comercial-china-otimista-acordo\/#primaryimage"},"thumbnailUrl":"https:\/\/files.sunoresearch.com.br\/n\/uploads\/2019\/08\/38c14748-guerra-comercial-scaled.webp","keywords":["China","Estados Unidos (EUA)","guerra comercial"],"articleSection":["Internacional"],"inLanguage":"pt-BR"},{"@type":"WebPage","@id":"https:\/\/www.suno.com.br\/noticias\/guerra-comercial-china-otimista-acordo\/","url":"https:\/\/www.suno.com.br\/noticias\/guerra-comercial-china-otimista-acordo\/","name":"Guerra comercial: China est\u00e1 \"cautelosamente otimista\" com acordo","isPartOf":{"@id":"https:\/\/www.suno.com.br\/noticias\/#website"},"primaryImageOfPage":{"@id":"https:\/\/www.suno.com.br\/noticias\/guerra-comercial-china-otimista-acordo\/#primaryimage"},"image":{"@id":"https:\/\/www.suno.com.br\/noticias\/guerra-comercial-china-otimista-acordo\/#primaryimage"},"thumbnailUrl":"https:\/\/files.sunoresearch.com.br\/n\/uploads\/2019\/08\/38c14748-guerra-comercial-scaled.webp","datePublished":"2019-11-21T21:10:19+00:00","description":"A China declarou que est\u00e1 \"cautelosamente otimista sobre um acordo da guerra comercial com os EUA. Clique para mais.","breadcrumb":{"@id":"https:\/\/www.suno.com.br\/noticias\/guerra-comercial-china-otimista-acordo\/#breadcrumb"},"inLanguage":"pt-BR","potentialAction":[{"@type":"ReadAction","target":["https:\/\/www.suno.com.br\/noticias\/guerra-comercial-china-otimista-acordo\/"]}]},{"@type":"ImageObject","inLanguage":"pt-BR","@id":"https:\/\/www.suno.com.br\/noticias\/guerra-comercial-china-otimista-acordo\/#primaryimage","url":"https:\/\/files.sunoresearch.com.br\/n\/uploads\/2019\/08\/38c14748-guerra-comercial-scaled.webp","contentUrl":"https:\/\/files.sunoresearch.com.br\/n\/uploads\/2019\/08\/38c14748-guerra-comercial-scaled.webp","width":2560,"height":1517,"caption":"China: Ap\u00f3s fechamento de consulado, rea\u00e7\u00e3o aos EUA \u00e9 necess\u00e1ria"},{"@type":"BreadcrumbList","@id":"https:\/\/www.suno.com.br\/noticias\/guerra-comercial-china-otimista-acordo\/#breadcrumb","itemListElement":[{"@type":"ListItem","position":1,"name":"Not\u00edcias","item":"https:\/\/www.suno.com.br\/noticias\/"},{"@type":"ListItem","position":2,"name":"Internacional","item":"https:\/\/www.suno.com.br\/noticias\/internacional\/"},{"@type":"ListItem","position":3,"name":"Guerra comercial: China est\u00e1 &#8220;cautelosamente otimista&#8221; com acordo"}]},{"@type":"WebSite","@id":"https:\/\/www.suno.com.br\/noticias\/#website","url":"https:\/\/www.suno.com.br\/noticias\/","name":"Suno Not\u00edcias","description":"Seu portal de informa\u00e7\u00e3o sobre o mundo dos investimentos","publisher":{"@id":"https:\/\/www.suno.com.br\/noticias\/#organization"},"potentialAction":[{"@type":"SearchAction","target":{"@type":"EntryPoint","urlTemplate":"https:\/\/www.suno.com.br\/noticias\/?s={search_term_string}"},"query-input":{"@type":"PropertyValueSpecification","valueRequired":true,"valueName":"search_term_string"}}],"inLanguage":"pt-BR"},{"@type":"Organization","@id":"https:\/\/www.suno.com.br\/noticias\/#organization","name":"Suno Not\u00edcias","url":"https:\/\/www.suno.com.br\/noticias\/","logo":{"@type":"ImageObject","inLanguage":"pt-BR","@id":"https:\/\/www.suno.com.br\/noticias\/#\/schema\/logo\/image\/","url":"https:\/\/files.sunoresearch.com.br\/n\/uploads\/2021\/09\/suno-logo.png","contentUrl":"https:\/\/files.sunoresearch.com.br\/n\/uploads\/2021\/09\/suno-logo.png","width":180,"height":180,"caption":"Suno Not\u00edcias"},"image":{"@id":"https:\/\/www.suno.com.br\/noticias\/#\/schema\/logo\/image\/"},"sameAs":["https:\/\/facebook.com\/sunoresearch","https:\/\/x.com\/sunoresearch","https:\/\/www.instagram.com\/suno","https:\/\/www.linkedin.com\/company\/suno-research\/","https:\/\/www.youtube.com\/c\/sunoresearch"]},{"@type":"Person","@id":"https:\/\/www.suno.com.br\/noticias\/#\/schema\/person\/098743caeed97b37f51315c9576c4078","name":"Rafael Lara","image":{"@type":"ImageObject","inLanguage":"pt-BR","@id":"https:\/\/www.suno.com.br\/noticias\/#\/schema\/person\/image\/","url":"https:\/\/secure.gravatar.com\/avatar\/dfc254ab9bb2ea1895d98b9e9dae4bdd?s=96&r=g","contentUrl":"https:\/\/secure.gravatar.com\/avatar\/dfc254ab9bb2ea1895d98b9e9dae4bdd?s=96&r=g","caption":"Rafael Lara"},"description":"Rafael Lara cursa jornalismo na Faculdade C\u00e1sper L\u00edbero. Escreve sobre pol\u00edtica, economia e neg\u00f3cios para o portal Suno Not\u00edcias. Antes, colaborou na TV Gazeta na produ\u00e7\u00e3o do programa Edi\u00e7\u00e3o Extra.","url":"https:\/\/www.suno.com.br\/noticias\/author\/rafael\/"}]}},"default_loop_html":"<div class=\"cardsPage__listCard__boxs\"><div class=\"cardsPage__listCard__boxs__img\"><a href=\"https:\/\/www.suno.com.br\/noticias\/guerra-comercial-china-otimista-acordo\/\"><img class=\"mask\" src=\"https:\/\/www.suno.com.br\/noticias\/wp-content\/themes\/suno\/resources\/images\/spotlight\/spotlight1img\/bg-mask.png\" alt=\"Image Mask\"\/><img src=\"https:\/\/files.sunoresearch.com.br\/n\/uploads\/2019\/08\/38c14748-guerra-comercial-400x200.webp\" alt=\"Guerra comercial: China est\u00e1 &#8220;cautelosamente otimista&#8221; com acordo\"\/><\/a><span class=\"spotlightCategory\"><a href=\"https:\/\/www.suno.com.br\/noticias\/internacional\/\">Internacional<\/a><\/span><\/div><div class=\"cardsPage__listCard__boxs__content\"><a href=\"https:\/\/www.suno.com.br\/noticias\/guerra-comercial-china-otimista-acordo\/\"><h2 class=\"content__title\">Guerra comercial: China est\u00e1 &#8220;cautelosamente otimista&#8221; com acordo<\/h2><\/a><div class=\"newsContent__article__meta\"><div class=\"newsContent__article__meta__authorBox\"><a href=\"https:\/\/www.suno.com.br\/noticias\/author\/rafael\/\" class=\"authorBox__avatar noMobi\"><img src=\"https:\/\/secure.gravatar.com\/avatar\/dfc254ab9bb2ea1895d98b9e9dae4bdd?s=96&#038;r=g\" alt=\"Rafael Lara\"><\/a><div class=\"authorBox__name\"><span>por\n\t\t\t<a href=\"https:\/\/www.suno.com.br\/noticias\/author\/rafael\/\"><span itemprop=\"author\">Rafael Lara<\/span><\/a><\/span><time datetime=\"2019-11-21T19:10:19-03:00\" itemprop=\"datePublished\">21\/11\/2019 19:10<\/time><\/div><\/div><\/div><\/div><\/div>","single_layout":"posts","amp_enabled":true,"_links":{"self":[{"href":"https:\/\/www.suno.com.br\/noticias\/wp-json\/wp\/v2\/posts\/45369"}],"collection":[{"href":"https:\/\/www.suno.com.br\/noticias\/wp-json\/wp\/v2\/posts"}],"about":[{"href":"https:\/\/www.suno.com.br\/noticias\/wp-json\/wp\/v2\/types\/post"}],"author":[{"embeddable":true,"href":"https:\/\/www.suno.com.br\/noticias\/wp-json\/wp\/v2\/users\/23"}],"replies":[{"embeddable":true,"href":"https:\/\/www.suno.com.br\/noticias\/wp-json\/wp\/v2\/comments?post=45369"}],"version-history":[{"count":0,"href":"https:\/\/www.suno.com.br\/noticias\/wp-json\/wp\/v2\/posts\/45369\/revisions"}],"wp:featuredmedia":[{"embeddable":true,"href":"https:\/\/www.suno.com.br\/noticias\/wp-json\/wp\/v2\/media\/33391"}],"wp:attachment":[{"href":"https:\/\/www.suno.com.br\/noticias\/wp-json\/wp\/v2\/media?parent=45369"}],"wp:term":[{"taxonomy":"category","embeddable":true,"href":"https:\/\/www.suno.com.br\/noticias\/wp-json\/wp\/v2\/categories?post=45369"},{"taxonomy":"post_tag","embeddable":true,"href":"https:\/\/www.suno.com.br\/noticias\/wp-json\/wp\/v2\/tags?post=45369"},{"taxonomy":"suno_strategy","embeddable":true,"href":"https:\/\/www.suno.com.br\/noticias\/wp-json\/wp\/v2\/suno_strategy?post=45369"}],"curies":[{"name":"wp","href":"https:\/\/api.w.org\/{rel}","templated":true}]}}