{"id":453607,"date":"2023-09-08T17:37:55","date_gmt":"2023-09-08T20:37:55","guid":{"rendered":"https:\/\/www.suno.com.br\/noticias\/?p=453607"},"modified":"2023-09-08T17:38:27","modified_gmt":"2023-09-08T20:38:27","slug":"americanas-amer3-b3-abre-processo-conselho-auditoria-va","status":"publish","type":"post","link":"https:\/\/www.suno.com.br\/noticias\/americanas-amer3-b3-abre-processo-conselho-auditoria-va\/","title":{"rendered":"Americanas (AMER3): B3 abre processo contra conselho e comit\u00ea de auditoria, diz jornal\u00a0"},"content":{"rendered":"<p>A B3 (B3SA3) decidiu abrir um processo para analisar poss\u00edveis san\u00e7\u00f5es \u00e0<strong> Americanas<\/strong> (AMER3) e aos membros de seu <a class=\"suno-keyword\" data-force=\"no\" data-priority=\"1\" href=\"https:\/\/www.suno.com.br\/artigos\/conselho-administracao\/\" target=\"_blank\" rel=\"noopener\">conselho de administra\u00e7\u00e3o<\/a>, auditoria e ex-diretores por falhas no sistema de risco e controle da varejista, informa o Valor Econ\u00f4mico.\u00a0<\/p>\t<div class=\"wrapper-featured-image\">\n\t\t<figure class=\"spotlightImg\">\n\n\t\t\t<picture>\n\t\t\t\t<source media=\"(max-width: 768px)\" srcset=\"https:\/\/files.sunoresearch.com.br\/n\/uploads\/2023\/04\/americanas-amer3-fachada-loja-crise-foto-divulgacao-400x200.jpg\">\n\t\t\t\t<img loading=\"lazy\" decoding=\"async\" class=\"newsContent__article__imgCapa lazyloadDisabled \" src=\"https:\/\/files.sunoresearch.com.br\/n\/uploads\/2023\/04\/americanas-amer3-fachada-loja-crise-foto-divulgacao-800x450.jpg\" width=\"800\" height=\"450\" alt=\"Americanas (AMER3): B3 abre processo contra conselho e comit\u00ea de auditoria, diz jornal\u00a0\" fetchpriority=high \/>\n\t\t\t<\/picture>\n\n\t\t\t<figcaption class=\"wp-caption-text wp-caption-text--show\">Americanas (AMER3) - Foto: Divulga\u00e7\u00e3o<\/figcaption>\n\t\t<\/figure>\n\t<\/div>\n\n\n\n\n\n\n<p>O processo tem como objetivo analisar o funcionamento interno do comit\u00ea de auditoria para identificar <a class=\"suno-keyword\" data-force=\"no\" data-priority=\"1\" href=\"https:\/\/www.suno.com.br\/artigos\/riscos-financeiros\/\" target=\"_blank\" rel=\"noopener\">riscos financeiros<\/a> e operacionais.&nbsp;<\/p>\n\n\n\t<p>\n\t\t<a href=\"https:\/\/lp.suno.com.br\/planilha-da-vida-financeira\/\" target=\"_blank\" data-element=\"shortcode-suno-banner\" title=\"Banner SUNO, clique e saiba mais\">\n\t\t\t<picture>\n\t\t\t\t<source media=\"(max-width: 500px)\" srcset=\"https:\/\/files.sunoresearch.com.br\/n\/uploads\/2023\/04\/400x300-Planilha-vida-financeira-true.png\">\n\t\t\t\t<img class=\"newsContent__article__imgCapa newsContent__article__imgCapa--banner\"\n\t\t\t\t\tsrc=\"https:\/\/files.sunoresearch.com.br\/n\/uploads\/2023\/04\/1420x240-Planilha-vida-financeira-true.png\"\n\t\t\t\t\tdata-promo-id=\"106682\"\t\t\t\t\t\t\t\t\t\twidth='1420' height='240'\t\t\t\t\talt=\"https:\/\/files.sunoresearch.com.br\/n\/uploads\/2023\/04\/1420x240-Planilha-vida-financeira-true.png\"\n\t\t\t\t>\n\t\t\t<\/picture>\n\t\t<\/a>\n\t<\/p>\n\n\n\n\n\n<p>Dependendo do resultado da<strong> investiga\u00e7\u00e3o da B3<\/strong>, a Americanas pode receber san\u00e7\u00f5es como multa, suspens\u00e3o ou at\u00e9 sa\u00edda compuls\u00f3ria do <a class=\"suno-keyword\" data-force=\"no\" data-priority=\"1\" href=\"https:\/\/www.suno.com.br\/artigos\/novo-mercado\/\" target=\"_blank\" rel=\"noopener\">Novo Mercado<\/a> \u2014\u00a0 listagem de empresas de capital aberto que possuem uma boa governan\u00e7a.\u00a0<\/p>\n\n\n\n<p>De acordo com fontes ouvidas pelo Valor, a investiga\u00e7\u00e3o abrange o per\u00edodo de atua\u00e7\u00e3o do <strong>comit\u00ea de auditoria<\/strong> da B2W em 2021 e envolve integrantes do conselho da empresa. <\/p>\n\n\n\n<h2 class=\"wp-block-heading\">Americanas e regulamento da B3<\/h2>\n\n\n\n<p>No regulamento do Novo Mercado, a Americanas precisava ter divulgado anualmente um relat\u00f3rio resumido do <strong>comit\u00ea de auditoria<\/strong> e informar suas atividades trimestralmente, com produ\u00e7\u00e3o de atas. Isso teria motivado, segundo fontes, um dos questionamentos da\u00a0 B3 ao comit\u00ea.\u00a0 A Americanas pode ter passado anos sem lavrar atas de suas reuni\u00f5es.<\/p>\n\n\n\n<p>Segundo a\u00a0 Americanas,\u00a0o procedimento foi instaurado pela B3 em 31 de mar\u00e7o de 2023, ainda &#8220;num cen\u00e1rio f\u00e1tico incipiente&#8221;.<\/p>\n\n\n\n<p>&#8220;Relevante notar que o procedimento foi instaurado num momento em que n\u00e3o se sabia o que exatamente tinha ocorrido e qual sua dimens\u00e3o. O andamento das investiga\u00e7\u00f5es permitiu \u00e0 companhia publicar o <a class=\"suno-keyword\" data-force=\"no\" data-priority=\"1\" href=\"https:\/\/www.suno.com.br\/artigos\/fato-relevante\/\" target=\"_blank\" rel=\"noopener\">Fato Relevante<\/a> de 13 de junho de 2023, reconhecendo ter sido v\u00edtima de fraude e trazendo a p\u00fablico provas concretas de quem foram os seus respectivos respons\u00e1veis\u201d, informou a companhia ao Valor Econ\u00f4mico.\u00a0<\/p>\n\n\n\n<h2 class=\"wp-block-heading\">Americanas: negocia\u00e7\u00f5es de dela\u00e7\u00e3o premiada est\u00e3o em curso, diz procurador<\/h2>\n\n\n\n<p>Em agosto, o procurador do Minist\u00e9rio P\u00fablico Federal (MPF) Jos\u00e9 Maria Panoeiro, respons\u00e1vel pela investiga\u00e7\u00e3o da fraude cont\u00e1bil que levou ao rombo de mais de R$ 20 bilh\u00f5es da Americanas, disse que existem negocia\u00e7\u00f5es em curso para acordos de dela\u00e7\u00e3o premiada na condu\u00e7\u00e3o das investiga\u00e7\u00f5es.<\/p>\n\n\n\n<p>Em audi\u00eancia p\u00fablica da&nbsp;<strong>Comiss\u00e3o de Inqu\u00e9rito Parlamentar (CPI)<\/strong>&nbsp;da C\u00e2mara dos Deputados que investiga o caso, Panoeiro disse que, no caso da&nbsp;<strong>varejista<\/strong>, as apura\u00e7\u00f5es mostram possibilidade de delito de a\u00e7\u00e3o criminosa, associa\u00e7\u00e3o criminosa, falsidade ideol\u00f3gica e&nbsp;<a href=\"https:\/\/www.suno.com.br\/artigos\/insider-trading\/\">insider trading<\/a>.<\/p>\n\n\n\t<p>\n\t\t<a href=\"https:\/\/lp.suno.com.br\/ebook-como-analisar-uma-acao\/\" target=\"_blank\" data-element=\"shortcode-suno-banner\" title=\"Banner SUNO, clique e saiba mais\">\n\t\t\t<picture>\n\t\t\t\t<source media=\"(max-width: 500px)\" srcset=\"https:\/\/files.sunoresearch.com.br\/n\/uploads\/2023\/03\/Ebook-Acoes-Mobile.jpg\">\n\t\t\t\t<img class=\"newsContent__article__imgCapa newsContent__article__imgCapa--banner\"\n\t\t\t\t\tsrc=\"https:\/\/files.sunoresearch.com.br\/n\/uploads\/2023\/03\/Ebook-Acoes-Desktop.jpg\"\n\t\t\t\t\tdata-promo-id=\"378302\"\t\t\t\t\t\t\t\t\t\twidth='1420' height='286'\t\t\t\t\talt=\"https:\/\/files.sunoresearch.com.br\/n\/uploads\/2023\/03\/Ebook-Acoes-Desktop.jpg\"\n\t\t\t\t>\n\t\t\t<\/picture>\n\t\t<\/a>\n\t<\/p>\n\n\n\n\n\n<p>\u201cCostumo dizer que, em delitos de empresas, a cadeia decis\u00f3ria da companhia normalmente \u00e9 envolvida\u201d, disse ele aos parlamentares.<\/p>\n\n\n\n<p>Para ele, cargos como os de CEO, diretor presidente, diretor financeiro, diretor de controladoria e de rela\u00e7\u00f5es com o mercado s\u00e3o exemplos de executivos que, pela sua experi\u00eancia, teriam conhecimento de uma fraude da magnitude da Americanas.<\/p>\n\n\n\n<p>\u201cFicam perguntas sobre o conhecimento e participa\u00e7\u00e3o a <strong>acionistas de refer\u00eancia da Americanas<\/strong>\u201d, afirmou Panoeiro.<\/p>\n\n\n\n<p>Ele disse que, no entanto, as investiga\u00e7\u00f5es est\u00e3o em curso e que ainda n\u00e3o houve indiciamentos. \u201cMais cedo ou mais tarde algumas medidas cautelares devem ser necess\u00e1rias\u201d, afirmou.<\/p>\n\n\n\n<p>Acrescentou ainda que acredita que o acesso a mensagens que envolvem a diretoria da companhia e o\u00a0<a href=\"https:\/\/www.suno.com.br\/artigos\/conselho-administracao\/\">conselho de administra\u00e7\u00e3o<\/a>\u00a0e processos sobre bancos t\u00eam, at\u00e9 agora, per\u00edodo de tempo limitado. A seu ver, por\u00e9m, \u00e9 preciso haver investiga\u00e7\u00f5es anteriores. \u201cA uni\u00e3o de B2W com Americanas precisa ser investigada\u201d, disse.<\/p>\n\n\n\n<p>O procurador entende que, quando o <strong>rombo da Americanas<\/strong> veio \u00e0 tona, a companhia j\u00e1 se preparava para trazer as informa\u00e7\u00f5es ao p\u00fablico. \u201cJ\u00e1 havia um c\u00e1lculo\u201d, diz. A seu ver, \u00e9 preciso saber se as pr\u00e1ticas datam de antes da fus\u00e3o das duas empresas.<\/p>\n\n\n\n<h2 class=\"wp-block-heading\">Companhia demitiu mais de 9 mil funcion\u00e1rios em oito meses<\/h2>\n\n\n\n<p>A&nbsp;Americanas informou ao mercado que desligou 1.448 funcion\u00e1rios na semana entre os dias 14 e 20 de agosto, de acordo com um documento divulgado na&nbsp;<a href=\"https:\/\/www.suno.com.br\/artigos\/cvm\/\">Comiss\u00e3o de Valores Mobili\u00e1rios (CVM)<\/a>. Desde o esc\u00e2ndalo de rombo cont\u00e1bil de R$ 20 bilh\u00f5es e a&nbsp;<a href=\"https:\/\/www.suno.com.br\/artigos\/recuperacao-judicial\/\" target=\"_blank\" rel=\"noreferrer noopener\">recupera\u00e7\u00e3o judicial<\/a>&nbsp;em janeiro, a varejista contabiliza mais de 9 mil demiss\u00f5es.<\/p>\n\n\n\n<p>Na semana em quest\u00e3o, a&nbsp;<strong>varejista&nbsp;<\/strong>tamb\u00e9m informou 2 desligamentos na ST Importa\u00e7\u00f5es, incluindo os desligamentos volunt\u00e1rios, isto \u00e9, por iniciativa do funcion\u00e1rio. At\u00e9 o \u00faltimo domingo (20), a varejista tinha 33.948 colaboradores.<\/p>\n\n\n\n<p>\u201cO quadro de&nbsp;<strong>funcion\u00e1rios da Americanas<\/strong>&nbsp;\u00e9 sazonal por natureza, variando conforme oscila\u00e7\u00f5es do mercado de varejo e com picos nas \u00e9pocas de datas comemorativas, como P\u00e1scoa, Black Friday e Natal. O n\u00famero absoluto de desligamentos permanece em linha com os per\u00edodos anteriores \u00e0 decreta\u00e7\u00e3o da recupera\u00e7\u00e3o judicial\u201d, informou a Americanas.<\/p>\n\n\n\n\t<div data-element=\"shortcode-read-more\" class=\"readToo\">\n\t\t\t\t<span class=\"readToo__title\">Leia mais<\/span>\n\t\t\t\t<ul class=\"readToo__list\">\n\t\t\t<li><a href=\"https:\/\/www.suno.com.br\/noticias\/americanas-amer3-justica-bradesco-acionistas-gpj\/\">Americanas (AMER3): Justi\u00e7a aceita recurso do Bradesco (BBDC4) sobre patrim\u00f4nio de acionistas<\/a><\/li><li><a href=\"https:\/\/www.suno.com.br\/noticias\/cade-vibra-vbbr3-americanas-amer3-parceria-fim-mal\/\">Cade aprova fim da parceria entre Vibra (VBBR3) e Americanas (AMER3) em lojas de conveni\u00eancia<\/a><\/li>\t\t<\/ul>\n\t<\/div>\n\n\n\n\n<p>Entre os dias 14 e 20 de agosto, a varejista efetuou R$ 370 milh\u00f5es em pagamentos e somou R$ 432 milh\u00f5es em recebimentos.<\/p>\n\n\n\n<p>Al\u00e9m disso, a Americanas informou que o n\u00famero total de lojas somava 1.806 at\u00e9 o \u00faltimo dia 20 de agosto, correspondente a 96% do per\u00edodo anterior ao deferimento da&nbsp;<strong>recupera\u00e7\u00e3o judicial<\/strong>. \u201cHouve o encerramento de tr\u00eas lojas durante a semana base deste relat\u00f3rio, representando 0,16% do total de lojas ativas\u201d, disse.<\/p>\n\n\n\n<p>Em nota enviada ao Suno Not\u00edcias, a Americanas informou que realizou o desligamento de&nbsp;<strong>colaboradores da Americanas<\/strong>&nbsp;diante da reestrutura\u00e7\u00e3o de algumas frentes de neg\u00f3cio em seu plano de transforma\u00e7\u00e3o.<\/p>\n\n\n\n<p>\u201cA&nbsp;<strong>Americanas<\/strong>&nbsp;continua focada na manuten\u00e7\u00e3o de suas opera\u00e7\u00f5es e no aumento de sua efici\u00eancia e refor\u00e7a seu comprometimento com a transpar\u00eancia na rela\u00e7\u00e3o com os sindicatos e o cumprimento integral e tempestivo de suas obriga\u00e7\u00f5es trabalhistas, na forma da legisla\u00e7\u00e3o vigente\u201d, destacou.<\/p>\n\n\n\n\n\t<p>\n\t\t<a href=\"https:\/\/lp.suno.com.br\/planilha-da-vida-financeira\/\" target=\"_blank\" data-element=\"shortcode-suno-banner\" title=\"Banner SUNO, clique e saiba mais\">\n\t\t\t<picture>\n\t\t\t\t<source media=\"(max-width: 500px)\" srcset=\"https:\/\/files.sunoresearch.com.br\/n\/uploads\/2023\/04\/400x300-Planilha-vida-financeira-true.png\">\n\t\t\t\t<img class=\"newsContent__article__imgCapa newsContent__article__imgCapa--banner\"\n\t\t\t\t\tsrc=\"https:\/\/files.sunoresearch.com.br\/n\/uploads\/2023\/04\/1420x240-Planilha-vida-financeira-true.png\"\n\t\t\t\t\tdata-promo-id=\"383123\"\t\t\t\t\t\t\t\t\t\twidth='1420' height='240'\t\t\t\t\talt=\"https:\/\/files.sunoresearch.com.br\/n\/uploads\/2023\/04\/1420x240-Planilha-vida-financeira-true.png\"\n\t\t\t\t>\n\t\t\t<\/picture>\n\t\t<\/a>\n\t<\/p>\n\n\n","protected":false},"excerpt":{"rendered":"<p>A B3 (B3SA3) decidiu abrir um processo para analisar poss\u00edveis san\u00e7\u00f5es \u00e0 Americanas (AMER3) e aos membros de seu conselho de administra\u00e7\u00e3o, auditoria e ex-diretores por falhas no sistema de risco e controle da varejista, informa o Valor Econ\u00f4mico.\u00a0 Americanas (AMER3) &#8211; Foto: Divulga\u00e7\u00e3o O processo tem como objetivo analisar o funcionamento interno do comit\u00ea [&hellip;]<\/p>\n","protected":false},"author":301,"featured_media":397195,"comment_status":"closed","ping_status":"closed","sticky":false,"template":"","format":"standard","meta":[],"categories":[60],"tags":[286,106605,367],"suno_strategy":[],"class_list":["post-453607","post","type-post","status-publish","format-standard","has-post-thumbnail","hentry","category-mercado","tag-acoes","tag-americanas-s-a-amer3","tag-b3-b3sa3"],"yoast_head":"<!-- This site is optimized with the Yoast SEO plugin v24.4 - https:\/\/yoast.com\/wordpress\/plugins\/seo\/ -->\n<title>Americanas (AMER3): B3 abre processo contra conselho, diz site<\/title>\n<meta name=\"description\" content=\"A B3 decidiu abrir um processo para analisar poss\u00edveis san\u00e7\u00f5es a Americanas (AMER3) e aos membros de seu conselho de administra\u00e7\u00e3o.\" \/>\n<meta name=\"robots\" content=\"index, follow, max-snippet:-1, max-image-preview:large, max-video-preview:-1\" \/>\n<link rel=\"canonical\" href=\"https:\/\/www.suno.com.br\/noticias\/americanas-amer3-b3-abre-processo-conselho-auditoria-va\/\" \/>\n<meta property=\"og:locale\" content=\"pt_BR\" \/>\n<meta property=\"og:type\" content=\"article\" \/>\n<meta property=\"og:title\" content=\"Americanas (AMER3): B3 abre processo contra conselho, diz site\" \/>\n<meta property=\"og:description\" content=\"A B3 decidiu abrir um processo para analisar poss\u00edveis san\u00e7\u00f5es a Americanas (AMER3) e aos membros de seu conselho de administra\u00e7\u00e3o.\" \/>\n<meta property=\"og:url\" content=\"https:\/\/www.suno.com.br\/noticias\/americanas-amer3-b3-abre-processo-conselho-auditoria-va\/\" \/>\n<meta property=\"og:site_name\" content=\"Suno Not\u00edcias\" \/>\n<meta property=\"article:publisher\" content=\"https:\/\/facebook.com\/sunoresearch\" \/>\n<meta property=\"og:image\" content=\"https:\/\/files.sunoresearch.com.br\/n\/uploads\/2023\/04\/americanas-amer3-fachada-loja-crise-foto-divulgacao.jpg\" \/>\n\t<meta property=\"og:image:width\" content=\"1250\" \/>\n\t<meta property=\"og:image:height\" content=\"833\" \/>\n\t<meta property=\"og:image:type\" content=\"image\/jpeg\" \/>\n<meta name=\"author\" content=\"Vin\u00edcius Alves\" \/>\n<meta name=\"twitter:card\" content=\"summary_large_image\" \/>\n<meta name=\"twitter:creator\" content=\"@sunoresearch\" \/>\n<meta name=\"twitter:site\" content=\"@sunoresearch\" \/>\n<meta name=\"twitter:label1\" content=\"Escrito por\" \/>\n\t<meta name=\"twitter:data1\" content=\"Vin\u00edcius Alves\" \/>\n\t<meta name=\"twitter:label2\" content=\"Est. tempo de leitura\" \/>\n\t<meta name=\"twitter:data2\" content=\"5 minutos\" \/>\n<script type=\"application\/ld+json\" class=\"yoast-schema-graph\">{\"@context\":\"https:\/\/schema.org\",\"@graph\":[{\"@type\":\"NewsArticle\",\"@id\":\"https:\/\/www.suno.com.br\/noticias\/americanas-amer3-b3-abre-processo-conselho-auditoria-va\/#article\",\"isPartOf\":{\"@id\":\"https:\/\/www.suno.com.br\/noticias\/americanas-amer3-b3-abre-processo-conselho-auditoria-va\/\"},\"author\":{\"name\":\"Vin\u00edcius Alves\",\"@id\":\"https:\/\/www.suno.com.br\/noticias\/#\/schema\/person\/4a180549702d0e236b3e420862bcded3\"},\"headline\":\"Americanas (AMER3): B3 abre processo contra conselho e comit\u00ea de auditoria, diz jornal\u00a0\",\"datePublished\":\"2023-09-08T20:37:55+00:00\",\"dateModified\":\"2023-09-08T20:38:27+00:00\",\"mainEntityOfPage\":{\"@id\":\"https:\/\/www.suno.com.br\/noticias\/americanas-amer3-b3-abre-processo-conselho-auditoria-va\/\"},\"wordCount\":967,\"publisher\":{\"@id\":\"https:\/\/www.suno.com.br\/noticias\/#organization\"},\"image\":{\"@id\":\"https:\/\/www.suno.com.br\/noticias\/americanas-amer3-b3-abre-processo-conselho-auditoria-va\/#primaryimage\"},\"thumbnailUrl\":\"https:\/\/files.sunoresearch.com.br\/n\/uploads\/2023\/04\/americanas-amer3-fachada-loja-crise-foto-divulgacao.jpg\",\"keywords\":[\"A\u00e7\u00f5es\",\"Americanas (AMER3)\",\"B3 (B3SA3)\"],\"articleSection\":[\"Mercado\"],\"inLanguage\":\"pt-BR\"},{\"@type\":\"WebPage\",\"@id\":\"https:\/\/www.suno.com.br\/noticias\/americanas-amer3-b3-abre-processo-conselho-auditoria-va\/\",\"url\":\"https:\/\/www.suno.com.br\/noticias\/americanas-amer3-b3-abre-processo-conselho-auditoria-va\/\",\"name\":\"Americanas (AMER3): B3 abre processo contra conselho, diz site\",\"isPartOf\":{\"@id\":\"https:\/\/www.suno.com.br\/noticias\/#website\"},\"primaryImageOfPage\":{\"@id\":\"https:\/\/www.suno.com.br\/noticias\/americanas-amer3-b3-abre-processo-conselho-auditoria-va\/#primaryimage\"},\"image\":{\"@id\":\"https:\/\/www.suno.com.br\/noticias\/americanas-amer3-b3-abre-processo-conselho-auditoria-va\/#primaryimage\"},\"thumbnailUrl\":\"https:\/\/files.sunoresearch.com.br\/n\/uploads\/2023\/04\/americanas-amer3-fachada-loja-crise-foto-divulgacao.jpg\",\"datePublished\":\"2023-09-08T20:37:55+00:00\",\"dateModified\":\"2023-09-08T20:38:27+00:00\",\"description\":\"A B3 decidiu abrir um processo para analisar poss\u00edveis san\u00e7\u00f5es a Americanas (AMER3) e aos membros de seu conselho de administra\u00e7\u00e3o.\",\"breadcrumb\":{\"@id\":\"https:\/\/www.suno.com.br\/noticias\/americanas-amer3-b3-abre-processo-conselho-auditoria-va\/#breadcrumb\"},\"inLanguage\":\"pt-BR\",\"potentialAction\":[{\"@type\":\"ReadAction\",\"target\":[\"https:\/\/www.suno.com.br\/noticias\/americanas-amer3-b3-abre-processo-conselho-auditoria-va\/\"]}]},{\"@type\":\"ImageObject\",\"inLanguage\":\"pt-BR\",\"@id\":\"https:\/\/www.suno.com.br\/noticias\/americanas-amer3-b3-abre-processo-conselho-auditoria-va\/#primaryimage\",\"url\":\"https:\/\/files.sunoresearch.com.br\/n\/uploads\/2023\/04\/americanas-amer3-fachada-loja-crise-foto-divulgacao.jpg\",\"contentUrl\":\"https:\/\/files.sunoresearch.com.br\/n\/uploads\/2023\/04\/americanas-amer3-fachada-loja-crise-foto-divulgacao.jpg\",\"width\":1250,\"height\":833,\"caption\":\"Americanas (AMER3) - Foto: Divulga\u00e7\u00e3o\"},{\"@type\":\"BreadcrumbList\",\"@id\":\"https:\/\/www.suno.com.br\/noticias\/americanas-amer3-b3-abre-processo-conselho-auditoria-va\/#breadcrumb\",\"itemListElement\":[{\"@type\":\"ListItem\",\"position\":1,\"name\":\"Not\u00edcias\",\"item\":\"https:\/\/www.suno.com.br\/noticias\/\"},{\"@type\":\"ListItem\",\"position\":2,\"name\":\"Mercado\",\"item\":\"https:\/\/www.suno.com.br\/noticias\/mercado\/\"},{\"@type\":\"ListItem\",\"position\":3,\"name\":\"Americanas (AMER3): B3 abre processo contra conselho e comit\u00ea de auditoria, diz jornal\u00a0\"}]},{\"@type\":\"WebSite\",\"@id\":\"https:\/\/www.suno.com.br\/noticias\/#website\",\"url\":\"https:\/\/www.suno.com.br\/noticias\/\",\"name\":\"Suno Not\u00edcias\",\"description\":\"Seu portal de informa\u00e7\u00e3o sobre o mundo dos investimentos\",\"publisher\":{\"@id\":\"https:\/\/www.suno.com.br\/noticias\/#organization\"},\"potentialAction\":[{\"@type\":\"SearchAction\",\"target\":{\"@type\":\"EntryPoint\",\"urlTemplate\":\"https:\/\/www.suno.com.br\/noticias\/?s={search_term_string}\"},\"query-input\":{\"@type\":\"PropertyValueSpecification\",\"valueRequired\":true,\"valueName\":\"search_term_string\"}}],\"inLanguage\":\"pt-BR\"},{\"@type\":\"Organization\",\"@id\":\"https:\/\/www.suno.com.br\/noticias\/#organization\",\"name\":\"Suno Not\u00edcias\",\"url\":\"https:\/\/www.suno.com.br\/noticias\/\",\"logo\":{\"@type\":\"ImageObject\",\"inLanguage\":\"pt-BR\",\"@id\":\"https:\/\/www.suno.com.br\/noticias\/#\/schema\/logo\/image\/\",\"url\":\"https:\/\/files.sunoresearch.com.br\/n\/uploads\/2021\/09\/suno-logo.png\",\"contentUrl\":\"https:\/\/files.sunoresearch.com.br\/n\/uploads\/2021\/09\/suno-logo.png\",\"width\":180,\"height\":180,\"caption\":\"Suno Not\u00edcias\"},\"image\":{\"@id\":\"https:\/\/www.suno.com.br\/noticias\/#\/schema\/logo\/image\/\"},\"sameAs\":[\"https:\/\/facebook.com\/sunoresearch\",\"https:\/\/x.com\/sunoresearch\",\"https:\/\/www.instagram.com\/suno\",\"https:\/\/www.linkedin.com\/company\/suno-research\/\",\"https:\/\/www.youtube.com\/c\/sunoresearch\"]},{\"@type\":\"Person\",\"@id\":\"https:\/\/www.suno.com.br\/noticias\/#\/schema\/person\/4a180549702d0e236b3e420862bcded3\",\"name\":\"Vin\u00edcius Alves\",\"image\":{\"@type\":\"ImageObject\",\"inLanguage\":\"pt-BR\",\"@id\":\"https:\/\/www.suno.com.br\/noticias\/#\/schema\/person\/image\/\",\"url\":\"https:\/\/secure.gravatar.com\/avatar\/a95b7fe6d1b813f7907d4f476d5a39e1?s=96&r=g\",\"contentUrl\":\"https:\/\/secure.gravatar.com\/avatar\/a95b7fe6d1b813f7907d4f476d5a39e1?s=96&r=g\",\"caption\":\"Vin\u00edcius Alves\"},\"description\":\"Jornalista formado na Faculdade C\u00e1sper L\u00edbero. Com passagens pela Ag\u00eancia Estado, InfoMoney e Editora Globo.\",\"url\":\"https:\/\/www.suno.com.br\/noticias\/author\/vini08correiagmail-com\/\"}]}<\/script>\n<!-- \/ Yoast SEO plugin. -->","yoast_head_json":{"title":"Americanas (AMER3): B3 abre processo contra conselho, diz site","description":"A B3 decidiu abrir um processo para analisar poss\u00edveis san\u00e7\u00f5es a Americanas (AMER3) e aos membros de seu conselho de administra\u00e7\u00e3o.","robots":{"index":"index","follow":"follow","max-snippet":"max-snippet:-1","max-image-preview":"max-image-preview:large","max-video-preview":"max-video-preview:-1"},"canonical":"https:\/\/www.suno.com.br\/noticias\/americanas-amer3-b3-abre-processo-conselho-auditoria-va\/","og_locale":"pt_BR","og_type":"article","og_title":"Americanas (AMER3): B3 abre processo contra conselho, diz site","og_description":"A B3 decidiu abrir um processo para analisar poss\u00edveis san\u00e7\u00f5es a Americanas (AMER3) e aos membros de seu conselho de administra\u00e7\u00e3o.","og_url":"https:\/\/www.suno.com.br\/noticias\/americanas-amer3-b3-abre-processo-conselho-auditoria-va\/","og_site_name":"Suno Not\u00edcias","article_publisher":"https:\/\/facebook.com\/sunoresearch","og_image":[{"width":1250,"height":833,"url":"https:\/\/files.sunoresearch.com.br\/n\/uploads\/2023\/04\/americanas-amer3-fachada-loja-crise-foto-divulgacao.jpg","type":"image\/jpeg"}],"author":"Vin\u00edcius Alves","twitter_card":"summary_large_image","twitter_creator":"@sunoresearch","twitter_site":"@sunoresearch","twitter_misc":{"Escrito por":"Vin\u00edcius Alves","Est. tempo de leitura":"5 minutos"},"schema":{"@context":"https:\/\/schema.org","@graph":[{"@type":"NewsArticle","@id":"https:\/\/www.suno.com.br\/noticias\/americanas-amer3-b3-abre-processo-conselho-auditoria-va\/#article","isPartOf":{"@id":"https:\/\/www.suno.com.br\/noticias\/americanas-amer3-b3-abre-processo-conselho-auditoria-va\/"},"author":{"name":"Vin\u00edcius Alves","@id":"https:\/\/www.suno.com.br\/noticias\/#\/schema\/person\/4a180549702d0e236b3e420862bcded3"},"headline":"Americanas (AMER3): B3 abre processo contra conselho e comit\u00ea de auditoria, diz jornal\u00a0","datePublished":"2023-09-08T20:37:55+00:00","dateModified":"2023-09-08T20:38:27+00:00","mainEntityOfPage":{"@id":"https:\/\/www.suno.com.br\/noticias\/americanas-amer3-b3-abre-processo-conselho-auditoria-va\/"},"wordCount":967,"publisher":{"@id":"https:\/\/www.suno.com.br\/noticias\/#organization"},"image":{"@id":"https:\/\/www.suno.com.br\/noticias\/americanas-amer3-b3-abre-processo-conselho-auditoria-va\/#primaryimage"},"thumbnailUrl":"https:\/\/files.sunoresearch.com.br\/n\/uploads\/2023\/04\/americanas-amer3-fachada-loja-crise-foto-divulgacao.jpg","keywords":["A\u00e7\u00f5es","Americanas (AMER3)","B3 (B3SA3)"],"articleSection":["Mercado"],"inLanguage":"pt-BR"},{"@type":"WebPage","@id":"https:\/\/www.suno.com.br\/noticias\/americanas-amer3-b3-abre-processo-conselho-auditoria-va\/","url":"https:\/\/www.suno.com.br\/noticias\/americanas-amer3-b3-abre-processo-conselho-auditoria-va\/","name":"Americanas (AMER3): B3 abre processo contra conselho, diz site","isPartOf":{"@id":"https:\/\/www.suno.com.br\/noticias\/#website"},"primaryImageOfPage":{"@id":"https:\/\/www.suno.com.br\/noticias\/americanas-amer3-b3-abre-processo-conselho-auditoria-va\/#primaryimage"},"image":{"@id":"https:\/\/www.suno.com.br\/noticias\/americanas-amer3-b3-abre-processo-conselho-auditoria-va\/#primaryimage"},"thumbnailUrl":"https:\/\/files.sunoresearch.com.br\/n\/uploads\/2023\/04\/americanas-amer3-fachada-loja-crise-foto-divulgacao.jpg","datePublished":"2023-09-08T20:37:55+00:00","dateModified":"2023-09-08T20:38:27+00:00","description":"A B3 decidiu abrir um processo para analisar poss\u00edveis san\u00e7\u00f5es a Americanas (AMER3) e aos membros de seu conselho de administra\u00e7\u00e3o.","breadcrumb":{"@id":"https:\/\/www.suno.com.br\/noticias\/americanas-amer3-b3-abre-processo-conselho-auditoria-va\/#breadcrumb"},"inLanguage":"pt-BR","potentialAction":[{"@type":"ReadAction","target":["https:\/\/www.suno.com.br\/noticias\/americanas-amer3-b3-abre-processo-conselho-auditoria-va\/"]}]},{"@type":"ImageObject","inLanguage":"pt-BR","@id":"https:\/\/www.suno.com.br\/noticias\/americanas-amer3-b3-abre-processo-conselho-auditoria-va\/#primaryimage","url":"https:\/\/files.sunoresearch.com.br\/n\/uploads\/2023\/04\/americanas-amer3-fachada-loja-crise-foto-divulgacao.jpg","contentUrl":"https:\/\/files.sunoresearch.com.br\/n\/uploads\/2023\/04\/americanas-amer3-fachada-loja-crise-foto-divulgacao.jpg","width":1250,"height":833,"caption":"Americanas (AMER3) - Foto: Divulga\u00e7\u00e3o"},{"@type":"BreadcrumbList","@id":"https:\/\/www.suno.com.br\/noticias\/americanas-amer3-b3-abre-processo-conselho-auditoria-va\/#breadcrumb","itemListElement":[{"@type":"ListItem","position":1,"name":"Not\u00edcias","item":"https:\/\/www.suno.com.br\/noticias\/"},{"@type":"ListItem","position":2,"name":"Mercado","item":"https:\/\/www.suno.com.br\/noticias\/mercado\/"},{"@type":"ListItem","position":3,"name":"Americanas (AMER3): B3 abre processo contra conselho e comit\u00ea de auditoria, diz jornal\u00a0"}]},{"@type":"WebSite","@id":"https:\/\/www.suno.com.br\/noticias\/#website","url":"https:\/\/www.suno.com.br\/noticias\/","name":"Suno Not\u00edcias","description":"Seu portal de informa\u00e7\u00e3o sobre o mundo dos investimentos","publisher":{"@id":"https:\/\/www.suno.com.br\/noticias\/#organization"},"potentialAction":[{"@type":"SearchAction","target":{"@type":"EntryPoint","urlTemplate":"https:\/\/www.suno.com.br\/noticias\/?s={search_term_string}"},"query-input":{"@type":"PropertyValueSpecification","valueRequired":true,"valueName":"search_term_string"}}],"inLanguage":"pt-BR"},{"@type":"Organization","@id":"https:\/\/www.suno.com.br\/noticias\/#organization","name":"Suno Not\u00edcias","url":"https:\/\/www.suno.com.br\/noticias\/","logo":{"@type":"ImageObject","inLanguage":"pt-BR","@id":"https:\/\/www.suno.com.br\/noticias\/#\/schema\/logo\/image\/","url":"https:\/\/files.sunoresearch.com.br\/n\/uploads\/2021\/09\/suno-logo.png","contentUrl":"https:\/\/files.sunoresearch.com.br\/n\/uploads\/2021\/09\/suno-logo.png","width":180,"height":180,"caption":"Suno Not\u00edcias"},"image":{"@id":"https:\/\/www.suno.com.br\/noticias\/#\/schema\/logo\/image\/"},"sameAs":["https:\/\/facebook.com\/sunoresearch","https:\/\/x.com\/sunoresearch","https:\/\/www.instagram.com\/suno","https:\/\/www.linkedin.com\/company\/suno-research\/","https:\/\/www.youtube.com\/c\/sunoresearch"]},{"@type":"Person","@id":"https:\/\/www.suno.com.br\/noticias\/#\/schema\/person\/4a180549702d0e236b3e420862bcded3","name":"Vin\u00edcius Alves","image":{"@type":"ImageObject","inLanguage":"pt-BR","@id":"https:\/\/www.suno.com.br\/noticias\/#\/schema\/person\/image\/","url":"https:\/\/secure.gravatar.com\/avatar\/a95b7fe6d1b813f7907d4f476d5a39e1?s=96&r=g","contentUrl":"https:\/\/secure.gravatar.com\/avatar\/a95b7fe6d1b813f7907d4f476d5a39e1?s=96&r=g","caption":"Vin\u00edcius Alves"},"description":"Jornalista formado na Faculdade C\u00e1sper L\u00edbero. Com passagens pela Ag\u00eancia Estado, InfoMoney e Editora Globo.","url":"https:\/\/www.suno.com.br\/noticias\/author\/vini08correiagmail-com\/"}]}},"default_loop_html":"<div class=\"cardsPage__listCard__boxs\"><div class=\"cardsPage__listCard__boxs__img\"><a href=\"https:\/\/www.suno.com.br\/noticias\/americanas-amer3-b3-abre-processo-conselho-auditoria-va\/\"><img class=\"mask\" src=\"https:\/\/www.suno.com.br\/noticias\/wp-content\/themes\/suno\/resources\/images\/spotlight\/spotlight1img\/bg-mask.png\" alt=\"Image Mask\"\/><img src=\"https:\/\/files.sunoresearch.com.br\/n\/uploads\/2023\/04\/americanas-amer3-fachada-loja-crise-foto-divulgacao-400x200.jpg\" alt=\"Americanas (AMER3): B3 abre processo contra conselho e comit\u00ea de auditoria, diz jornal\u00a0\"\/><\/a><span class=\"spotlightCategory\"><a href=\"https:\/\/www.suno.com.br\/noticias\/mercado\/\">Mercado<\/a><\/span><\/div><div class=\"cardsPage__listCard__boxs__content\"><a href=\"https:\/\/www.suno.com.br\/noticias\/americanas-amer3-b3-abre-processo-conselho-auditoria-va\/\"><h2 class=\"content__title\">Americanas (AMER3): B3 abre processo contra conselho e comit\u00ea de auditoria, diz jornal\u00a0<\/h2><\/a><div class=\"newsContent__article__meta\"><div class=\"newsContent__article__meta__authorBox\"><a href=\"https:\/\/www.suno.com.br\/noticias\/author\/marco-lopes\/\" class=\"authorBox__avatar noMobi\"><img src=\"https:\/\/secure.gravatar.com\/avatar\/385167b012fbc1cde32c5446ee253313?s=96&#038;r=g\" alt=\"Marco Ant\u00f4nio Lopes\"><\/a><div class=\"authorBox__name\"><span>por\n\t\t\t<a href=\"https:\/\/www.suno.com.br\/noticias\/author\/marco-lopes\/\"><span itemprop=\"author\">Marco Ant\u00f4nio Lopes<\/span><\/a><\/span><time datetime=\"2023-09-08T17:37:55-03:00\" itemprop=\"datePublished\">08\/09\/2023 17:37<\/time><\/div><\/div><\/div><\/div><\/div>","single_layout":"posts","amp_enabled":true,"_links":{"self":[{"href":"https:\/\/www.suno.com.br\/noticias\/wp-json\/wp\/v2\/posts\/453607"}],"collection":[{"href":"https:\/\/www.suno.com.br\/noticias\/wp-json\/wp\/v2\/posts"}],"about":[{"href":"https:\/\/www.suno.com.br\/noticias\/wp-json\/wp\/v2\/types\/post"}],"author":[{"embeddable":true,"href":"https:\/\/www.suno.com.br\/noticias\/wp-json\/wp\/v2\/users\/301"}],"replies":[{"embeddable":true,"href":"https:\/\/www.suno.com.br\/noticias\/wp-json\/wp\/v2\/comments?post=453607"}],"version-history":[{"count":3,"href":"https:\/\/www.suno.com.br\/noticias\/wp-json\/wp\/v2\/posts\/453607\/revisions"}],"predecessor-version":[{"id":453695,"href":"https:\/\/www.suno.com.br\/noticias\/wp-json\/wp\/v2\/posts\/453607\/revisions\/453695"}],"wp:featuredmedia":[{"embeddable":true,"href":"https:\/\/www.suno.com.br\/noticias\/wp-json\/wp\/v2\/media\/397195"}],"wp:attachment":[{"href":"https:\/\/www.suno.com.br\/noticias\/wp-json\/wp\/v2\/media?parent=453607"}],"wp:term":[{"taxonomy":"category","embeddable":true,"href":"https:\/\/www.suno.com.br\/noticias\/wp-json\/wp\/v2\/categories?post=453607"},{"taxonomy":"post_tag","embeddable":true,"href":"https:\/\/www.suno.com.br\/noticias\/wp-json\/wp\/v2\/tags?post=453607"},{"taxonomy":"suno_strategy","embeddable":true,"href":"https:\/\/www.suno.com.br\/noticias\/wp-json\/wp\/v2\/suno_strategy?post=453607"}],"curies":[{"name":"wp","href":"https:\/\/api.w.org\/{rel}","templated":true}]}}