{"id":453581,"date":"2023-09-08T17:11:45","date_gmt":"2023-09-08T20:11:45","guid":{"rendered":"https:\/\/www.suno.com.br\/noticias\/?p=453581"},"modified":"2023-09-08T17:21:11","modified_gmt":"2023-09-08T20:21:11","slug":"tim-tims3-telefonica-vivt3-xp-recomenda-acoes-preco-alvo-va","status":"publish","type":"post","link":"https:\/\/www.suno.com.br\/noticias\/tim-tims3-telefonica-vivt3-xp-recomenda-acoes-preco-alvo-va\/","title":{"rendered":"TIM (TIMS3) e Telef\u00f4nica (VIVT3), dona da Vivo: XP eleva pre\u00e7o-alvo, com bons resultados no 2T23"},"content":{"rendered":"<p>A XP Investimentos atualizou as suas recomenda\u00e7\u00f5es para <strong>TIM <\/strong>(TIMS3) e <a class=\"suno-keyword\" data-force=\"yes\" data-priority=\"2\" href=\"https:\/\/www.suno.com.br\/acoes\/VIVT3\/\" target=\"_blank\" rel=\"noopener\">Telef\u00f4nica Brasil (VIVT3)<\/a>, dona da Vivo, passando de neutra para compra. Segundo os analistas, as duas empresas registraram bons resultados nos \u00faltimos trimestres.<\/p>\t<div class=\"wrapper-featured-image\">\n\t\t<figure class=\"spotlightImg\">\n\n\t\t\t<picture>\n\t\t\t\t<source media=\"(max-width: 768px)\" srcset=\"https:\/\/files.sunoresearch.com.br\/n\/uploads\/2021\/02\/8974f501-tim-400x200.jpeg\">\n\t\t\t\t<img loading=\"lazy\" decoding=\"async\" class=\"newsContent__article__imgCapa lazyloadDisabled \" src=\"https:\/\/files.sunoresearch.com.br\/n\/uploads\/2021\/02\/8974f501-tim-800x450.jpeg\" width=\"800\" height=\"450\" alt=\"TIM (TIMS3) e Telef\u00f4nica (VIVT3), dona da Vivo: XP eleva pre\u00e7o-alvo, com bons resultados no 2T23\" fetchpriority=high \/>\n\t\t\t<\/picture>\n\n\t\t\t<figcaption class=\"wp-caption-text wp-caption-text--show\">TIM (TIMS3). Foto: divulga\u00e7\u00e3o.<\/figcaption>\n\t\t<\/figure>\n\t<\/div>\n\n\n\n\n\n\n<p>\u201cEm nossa an\u00e1lise, o <strong>desempenho s\u00f3lido da TIM e da Vivo<\/strong> reportados nos \u00faltimos trimestres, valida a tese de investimento que temos defendido no setor. Muitos dos desafios hist\u00f3ricos que afastaram os investidores da ind\u00fastria de telecomunica\u00e7\u00f5es agora foram superados, principalmente com a consolida\u00e7\u00e3o do mercado\u201d, diz a XP.\u00a0<\/p>\n\n\n\t<p>\n\t\t<a href=\"https:\/\/lp.suno.com.br\/planilha-da-vida-financeira\/\" target=\"_blank\" data-element=\"shortcode-suno-banner\" title=\"Banner SUNO, clique e saiba mais\">\n\t\t\t<picture>\n\t\t\t\t<source media=\"(max-width: 500px)\" srcset=\"https:\/\/files.sunoresearch.com.br\/n\/uploads\/2023\/04\/400x300-Planilha-vida-financeira-true.png\">\n\t\t\t\t<img class=\"newsContent__article__imgCapa newsContent__article__imgCapa--banner\"\n\t\t\t\t\tsrc=\"https:\/\/files.sunoresearch.com.br\/n\/uploads\/2023\/04\/1420x240-Planilha-vida-financeira-true.png\"\n\t\t\t\t\tdata-promo-id=\"106682\"\t\t\t\t\t\t\t\t\t\twidth='1420' height='240'\t\t\t\t\talt=\"https:\/\/files.sunoresearch.com.br\/n\/uploads\/2023\/04\/1420x240-Planilha-vida-financeira-true.png\"\n\t\t\t\t>\n\t\t\t<\/picture>\n\t\t<\/a>\n\t<\/p>\n\n\n\n\n\n<p>De acordo com a equipe da XP, existem \u201cventos favor\u00e1veis\u201d no <strong>setor de telecom<\/strong> como a consolida\u00e7\u00e3o do mercado e melhora das redes de infraestrutura. \u201cEssas iniciativas ainda est\u00e3o em seus est\u00e1gios iniciais e progredindo lentamente, mas mostram potencial para a implementa\u00e7\u00e3o de redes 5G.\u201d<\/p>\n\n\n\n<p>Associado a isso, a XP aponta as participa\u00e7\u00f5es adicionais provenientes da <a class=\"suno-keyword\" data-force=\"yes\" data-priority=\"2\" href=\"https:\/\/www.suno.com.br\/acoes\/OIBR3\/\" target=\"_blank\" rel=\"noopener\">Oi (OIBR3)<\/a> que aumentaram o <a class=\"suno-keyword\" data-force=\"no\" data-priority=\"1\" href=\"https:\/\/www.suno.com.br\/artigos\/retorno-capital-investido\/\" target=\"_blank\" rel=\"noopener\">retorno sobre o capital investido<\/a> e efici\u00eancia.\u00a0<\/p>\n\n\n\n<h2 class=\"wp-block-heading\">TIM: XP coloca empresa no \u201ctop pick\u201d do setor <\/h2>\n\n\n\n<p>A XP classifica a TIM como top pick do setor de telecomunica\u00e7\u00f5es. Com isso, analistas da casa recomendam a compra das <strong>a\u00e7\u00f5es da TIM<\/strong>, com pre\u00e7o-alvo de R$ 21 \u00a0\u2014 o que representa um potencial de 43% de valoriza\u00e7\u00e3o.\u00a0<\/p>\n\n\n\n<p>Para embasar a recomenda\u00e7\u00e3o, a XP destaca que a TIM tem uma hist\u00f3ria de <a class=\"suno-keyword\" target=\"_blank\" data-force=\"no\" data-priority=\"1\" href=\"https:\/\/www.suno.com.br\/artigos\/capital-proprio\/\" rel=\"noopener\">capital pr\u00f3prio<\/a> atraente, combinado por pagamento de <strong>dividendos elevados<\/strong> (dividend yiel em 6,6% para 2023). Al\u00e9m disso, h\u00e1 uma perspectiva de redu\u00e7\u00e3o da d\u00edvida.<\/p>\n\n\n\n<p>\u201cAtualmente, a a\u00e7\u00e3o est\u00e1 sendo negociada a uma avalia\u00e7\u00e3o atrativa de cerca de 12,3 vezes o <a class=\"suno-keyword\" data-force=\"no\" data-priority=\"1\" href=\"https:\/\/www.suno.com.br\/artigos\/lpa-lucro-por-acao\/\" target=\"_blank\" rel=\"noopener\">lucro por a\u00e7\u00e3o<\/a> (P\/E) estimado para 2024\u201d, apontam analistas da XP.&nbsp;<\/p>\n\n\n\n\t<div data-element=\"shortcode-read-more\" class=\"readToo\">\n\t\t\t\t<span class=\"readToo__title\">Leia mais<\/span>\n\t\t\t\t<ul class=\"readToo__list\">\n\t\t\t<li><a href=\"https:\/\/www.suno.com.br\/noticias\/xp-primeiros-dividendos-bilionarios-evm\/\">XP pagar\u00e1 seus primeiros dividendos desde o IPO &#8211; e ser\u00e3o bilion\u00e1rios<\/a><\/li><li><a href=\"https:\/\/www.suno.com.br\/noticias\/telefonica-vivt3-tim-tims3-btg-previas-2t23\/\">Telef\u00f4nica (VIVT3) e TIM (TIMS3): BTG projeta alta no lucro das teles no 2T23<\/a><\/li>\t\t<\/ul>\n\t<\/div>\n\n\n\n\n<p>A XP espera um crescimento de 11,9% no Ebitda (lucro antes dos juros, impostos,\u00a0<a href=\"https:\/\/www.suno.com.br\/artigos\/depreciacao-amortizacao\/\" target=\"_blank\" rel=\"noreferrer noopener\">deprecia\u00e7\u00e3o e amortiza\u00e7\u00e3o<\/a>) na base anual de compara\u00e7\u00e3o, com um CAGR de 7,6% de 2022 at\u00e9 2025. <\/p>\n\n\n\n<p>Em rela\u00e7\u00e3o a <a class=\"suno-keyword\" target=\"_blank\" data-force=\"no\" data-priority=\"1\" href=\"https:\/\/www.suno.com.br\/guias\/dividendos\/\" rel=\"noopener\">dividendos<\/a>, analistas projetam R$ 2,3 bilh\u00f5es em 2023. \u201cEsperamos um crescimento cont\u00ednuo no dividend yield, atingindo aproximadamente 8,0% at\u00e9 2025.<\/p>\n\n\n\n<h2 class=\"wp-block-heading\">TIM: lucro salta mais que o dobro no 2T23<\/h2>\n\n\n\n<p>A&nbsp;<strong><a href=\"https:\/\/www.suno.com.br\/acoes\/tims3\/\">TIM&nbsp;<\/a>(TIMS3)<\/strong>&nbsp;apurou&nbsp;<a href=\"https:\/\/www.suno.com.br\/artigos\/lucro-liquido\/\" target=\"_blank\" rel=\"noreferrer noopener\">lucro l\u00edquido<\/a>&nbsp;normalizado de R$ 638 milh\u00f5es no segundo trimestre de 2023, alta de 104% em rela\u00e7\u00e3o ao mesmo per\u00edodo de 2022. O salto foi resultado do aumento da receita tanto na internet m\u00f3vel quanto fixa, e ajudado tamb\u00e9m por um&nbsp;<a href=\"https:\/\/www.suno.com.br\/artigos\/credito-fiscal\/\" target=\"_blank\" rel=\"noreferrer noopener\">cr\u00e9dito fiscal<\/a>.<\/p>\n\n\n\n<p>O&nbsp;<strong>Ebitda da TIM<\/strong> normalizado atingiu R$ 2,914 bilh\u00f5es, avan\u00e7o de 17,2% na mesma base de compara\u00e7\u00e3o. A&nbsp;<a href=\"https:\/\/www.suno.com.br\/artigos\/margem-ebitda\/\" target=\"_blank\" rel=\"noreferrer noopener\">margem Ebitda<\/a>&nbsp;cresceu 3,4 pontos porcentuais, chegando a 49,7%.<\/p>\n\n\n\n<p>A&nbsp;<strong>receita l\u00edquida da TIM<\/strong>&nbsp;foi a R$ 5,863 bilh\u00f5es, expans\u00e3o de 9,2%.<\/p>\n\n\n\n<p>A receita com servi\u00e7os m\u00f3veis da TIM puxou para cima o faturamento total, com alta de 9,7%, para R$ 5,372 bilh\u00f5es, influenciada por aumento nos pre\u00e7os dos planos e ganho de clientes. No pr\u00e9-pago, a receita aumentou 11,8%, e no p\u00f3s-pago teve alta de 10,5%. A receita m\u00e9dia por usu\u00e1rio (Arpu, na sigla em ingl\u00eas) m\u00f3vel cresceu 13%.<\/p>\n\n\n\n<p>J\u00e1 a&nbsp;<strong>receita com servi\u00e7os fixos<\/strong>&nbsp;<strong>da TIM<\/strong>&nbsp;subiu 6,5%, para R$ 323 milh\u00f5es, com aumento da base de clientes de&nbsp;<strong>banda larga<\/strong>.<\/p>\n\n\n\n<h2 class=\"wp-block-heading\">Telef\u00f4nica Brasil: ap\u00f3s 2T23, XP recomenda compra<\/h2>\n\n\n\n<p>Em rela\u00e7\u00e3o \u00e0 Telef\u00f4nica Brasil, a XP tamb\u00e9m recomenda <strong>compra das a\u00e7\u00f5es<\/strong>, com pre\u00e7o-alvo de R$ 54 \u00a0\u2014 o que representa uma valoriza\u00e7\u00e3o de 29%.\u00a0<\/p>\n\n\n\n<p>A XP destaca que a companhia se consolidou no setor de telefonia m\u00f3vel, permitindo aumentos de pre\u00e7os acima da infla\u00e7\u00e3o. Ainda \u00e9 citado o crescimento do neg\u00f3cio de FTHH (fibra \u00f3ptica).&nbsp;<\/p>\n\n\n\t<p>\n\t\t<a href=\"https:\/\/lp.suno.com.br\/ebook-como-analisar-uma-acao\/\" target=\"_blank\" data-element=\"shortcode-suno-banner\" title=\"Banner SUNO, clique e saiba mais\">\n\t\t\t<picture>\n\t\t\t\t<source media=\"(max-width: 500px)\" srcset=\"https:\/\/files.sunoresearch.com.br\/n\/uploads\/2023\/03\/Ebook-Acoes-Mobile.jpg\">\n\t\t\t\t<img class=\"newsContent__article__imgCapa newsContent__article__imgCapa--banner\"\n\t\t\t\t\tsrc=\"https:\/\/files.sunoresearch.com.br\/n\/uploads\/2023\/03\/Ebook-Acoes-Desktop.jpg\"\n\t\t\t\t\tdata-promo-id=\"378302\"\t\t\t\t\t\t\t\t\t\twidth='1420' height='286'\t\t\t\t\talt=\"https:\/\/files.sunoresearch.com.br\/n\/uploads\/2023\/03\/Ebook-Acoes-Desktop.jpg\"\n\t\t\t\t>\n\t\t\t<\/picture>\n\t\t<\/a>\n\t<\/p>\n\n\n\n\n\n<p>\u201cA Vivo conseguiu manter sua lideran\u00e7a na telefonia m\u00f3vel, tendo uma grande predomin\u00e2ncia tanto em p\u00f3s-pago (com uma participa\u00e7\u00e3o de mercado de 41,9%) quanto em pr\u00e9-pago (com uma participa\u00e7\u00e3o de mercado de 35,2%)\u201d, explica a XP.&nbsp;<\/p>\n\n\n\n<p>Segundo analistas, a companhia tamb\u00e9m tem uma avalia\u00e7\u00e3o atrativa, com negocia\u00e7\u00f5es a 13,3 vezes o <a class=\"suno-keyword\" target=\"_blank\" data-force=\"no\" data-priority=\"1\" href=\"https:\/\/www.suno.com.br\/artigos\/lpa-lucro-por-acao\/\" rel=\"noopener\">lucro por a\u00e7\u00e3o<\/a> (P\/E) e 3,6 vezes o Ebitda&nbsp; para 2024.&nbsp;<\/p>\n\n\n\n<h2 class=\"wp-block-heading\">Telef\u00f4nica teve lucro bilion\u00e1rio no 2T23<\/h2>\n\n\n\n<p>A&nbsp;<a href=\"https:\/\/www.suno.com.br\/acoes\/VIVT3\/\" target=\"_blank\" rel=\"noreferrer noopener\"><strong>Telef\u00f4nica<\/strong>&nbsp;(VIVT3)<\/a>&nbsp;divulgou seus resultados do segundo trimestre de 2023 (2T23). A empresa propriet\u00e1ria da Vivo teve um <a class=\"suno-keyword\" target=\"_blank\" data-force=\"no\" data-priority=\"1\" href=\"https:\/\/www.suno.com.br\/artigos\/lucro-liquido\/\" rel=\"noopener\">lucro l\u00edquido<\/a> de R$ 1,121 bilh\u00e3o nesse per\u00edodo.<\/p>\n\n\n\n<p>O&nbsp;<strong>lucro da Telef\u00f4nica<\/strong>&nbsp;no 2T23 foi 50,3% maior que o divulgado no mesmo per\u00edodo do ano passado. Esse n\u00famero tamb\u00e9m superou em 22,5% a estimativa do mercado financeiro do consenso Refinitiv, que era de R$ 915 milh\u00f5es.<\/p>\n\n\n\n<p>A empresa atribui esse lucro ao forte avan\u00e7o do Ebit (lucro antes de juros e impostos) da empresa no segundo trimestre deste ano, 26,8% superior ao registrado no 2T22. Al\u00e9m disso, tamb\u00e9m impactou positivamente o&nbsp;<strong>resultado da Telef\u00f4nica<\/strong>&nbsp;a redu\u00e7\u00e3o das&nbsp;<a href=\"https:\/\/www.suno.com.br\/artigos\/despesas-financeiras\/\" target=\"_blank\" rel=\"noreferrer noopener\">despesas financeiras<\/a>.<\/p>\n\n\n\n<p>J\u00e1 o Ebtida da&nbsp;<strong>Telef\u00f4nica no 2T23<\/strong>&nbsp;foi de R$ 5,085 bilh\u00f5es no segundo trimestre de 2023, com alta de 11,1% em rela\u00e7\u00e3o ao per\u00edodo an\u00e1logo em 2022. Nesse ponto, a proje\u00e7\u00e3o do Refinitiv era de R$ 4,97 bilh\u00f5es.<\/p>\n\n\n\n<p>A&nbsp;<strong><a href=\"https:\/\/www.suno.com.br\/artigos\/margem-ebitda\/\" target=\"_blank\" rel=\"noreferrer noopener\">margem Ebitda<\/a>&nbsp;da Telef\u00f4nica<\/strong>&nbsp;alcan\u00e7ou a marca de 39,9%, o que corresponde a um crescimento anual de 1,2 ponto percentual. Enquanto isso, foram R$ 12,733 bilh\u00f5es em receitas l\u00edquidas somadas no 2T23, com avan\u00e7o de 7,6% em rela\u00e7\u00e3o ao segundo trimestre do ano passado.<\/p>\n\n\n\n<p>A receita de&nbsp;<strong>servi\u00e7o m\u00f3vel da Telef\u00f4nica<\/strong>&nbsp;cresceu 10,4%, principalmente em raz\u00e3o da receita de p\u00f3s-pago, com o crescimento da quantidade de clientes, n\u00edvel de cancelamento na m\u00ednima hist\u00f3rica e pelos reajustes de valor realizados anualmente.<\/p>\n\n\n\n<p>A receita oriunda de pr\u00e9-pago teve uma baixa de 1,6% no 2T23, quando comparada ao segundo trimestre de 2022.<\/p>\n\n\n\n<h2 class=\"wp-block-heading\">Cota\u00e7\u00e3o <\/h2>\n\n\n\n<p>Nesta tarde de sexta-feira, as a\u00e7\u00f5es da <strong>TIM<\/strong> (TIMS3) registram alta de 0,70%, cotadas a R$ 14,48, enquanto a Telef\u00f4nica Brasil (VIVT3) sobe 0,41%, a R$ 41,90. <\/p>\n\n\n\n\n\t<p>\n\t\t<a href=\"https:\/\/lp.suno.com.br\/planilha-da-vida-financeira\/\" target=\"_blank\" data-element=\"shortcode-suno-banner\" title=\"Banner SUNO, clique e saiba mais\">\n\t\t\t<picture>\n\t\t\t\t<source media=\"(max-width: 500px)\" srcset=\"https:\/\/files.sunoresearch.com.br\/n\/uploads\/2023\/04\/400x300-Planilha-vida-financeira-true.png\">\n\t\t\t\t<img class=\"newsContent__article__imgCapa newsContent__article__imgCapa--banner\"\n\t\t\t\t\tsrc=\"https:\/\/files.sunoresearch.com.br\/n\/uploads\/2023\/04\/1420x240-Planilha-vida-financeira-true.png\"\n\t\t\t\t\tdata-promo-id=\"383123\"\t\t\t\t\t\t\t\t\t\twidth='1420' height='240'\t\t\t\t\talt=\"https:\/\/files.sunoresearch.com.br\/n\/uploads\/2023\/04\/1420x240-Planilha-vida-financeira-true.png\"\n\t\t\t\t>\n\t\t\t<\/picture>\n\t\t<\/a>\n\t<\/p>\n\n\n","protected":false},"excerpt":{"rendered":"<p>A XP Investimentos atualizou as suas recomenda\u00e7\u00f5es para TIM (TIMS3) e Telef\u00f4nica Brasil (VIVT3), dona da Vivo, passando de neutra para compra. Segundo os analistas, as duas empresas registraram bons resultados nos \u00faltimos trimestres. TIM (TIMS3). Foto: divulga\u00e7\u00e3o. \u201cEm nossa an\u00e1lise, o desempenho s\u00f3lido da TIM e da Vivo reportados nos \u00faltimos trimestres, valida a [&hellip;]<\/p>\n","protected":false},"author":301,"featured_media":117646,"comment_status":"closed","ping_status":"closed","sticky":false,"template":"","format":"standard","meta":[],"categories":[60],"tags":[286,659,663,1141,888],"suno_strategy":[],"class_list":["post-453581","post","type-post","status-publish","format-standard","has-post-thumbnail","hentry","category-mercado","tag-acoes","tag-telefonica-vivt3","tag-tim-tims3","tag-vivo","tag-xp-investimentos"],"yoast_head":"<!-- This site is optimized with the Yoast SEO plugin v24.4 - https:\/\/yoast.com\/wordpress\/plugins\/seo\/ -->\n<title>TIM (TIMS3) e Telef\u00f4nica (VIVT3): ap\u00f3s bom 2T23, XP recomenda compra<\/title>\n<meta name=\"description\" content=\"A XP Investimentos atualizou as suas recomenda\u00e7\u00f5es para TIM (TIMS3) e Telef\u00f4nica Brasil (VIVT3), dona da Vivo, passando de neutra para compra.\" \/>\n<meta name=\"robots\" content=\"index, follow, max-snippet:-1, max-image-preview:large, max-video-preview:-1\" \/>\n<link rel=\"canonical\" href=\"https:\/\/www.suno.com.br\/noticias\/tim-tims3-telefonica-vivt3-xp-recomenda-acoes-preco-alvo-va\/\" \/>\n<meta property=\"og:locale\" content=\"pt_BR\" \/>\n<meta property=\"og:type\" content=\"article\" \/>\n<meta property=\"og:title\" content=\"TIM (TIMS3) e Telef\u00f4nica (VIVT3): ap\u00f3s bom 2T23, XP recomenda compra\" \/>\n<meta property=\"og:description\" content=\"A XP Investimentos atualizou as suas recomenda\u00e7\u00f5es para TIM (TIMS3) e Telef\u00f4nica Brasil (VIVT3), dona da Vivo, passando de neutra para compra.\" \/>\n<meta property=\"og:url\" content=\"https:\/\/www.suno.com.br\/noticias\/tim-tims3-telefonica-vivt3-xp-recomenda-acoes-preco-alvo-va\/\" \/>\n<meta property=\"og:site_name\" content=\"Suno Not\u00edcias\" \/>\n<meta property=\"article:publisher\" content=\"https:\/\/facebook.com\/sunoresearch\" \/>\n<meta property=\"og:image\" content=\"https:\/\/files.sunoresearch.com.br\/n\/uploads\/2021\/02\/8974f501-tim-scaled.jpeg\" \/>\n\t<meta property=\"og:image:width\" content=\"2560\" \/>\n\t<meta property=\"og:image:height\" content=\"1707\" \/>\n\t<meta property=\"og:image:type\" content=\"image\/jpeg\" \/>\n<meta name=\"author\" content=\"Vin\u00edcius Alves\" \/>\n<meta name=\"twitter:card\" content=\"summary_large_image\" \/>\n<meta name=\"twitter:creator\" content=\"@sunoresearch\" \/>\n<meta name=\"twitter:site\" content=\"@sunoresearch\" \/>\n<meta name=\"twitter:label1\" content=\"Escrito por\" \/>\n\t<meta name=\"twitter:data1\" content=\"Vin\u00edcius Alves\" \/>\n\t<meta name=\"twitter:label2\" content=\"Est. tempo de leitura\" \/>\n\t<meta name=\"twitter:data2\" content=\"5 minutos\" \/>\n<script type=\"application\/ld+json\" class=\"yoast-schema-graph\">{\"@context\":\"https:\/\/schema.org\",\"@graph\":[{\"@type\":\"NewsArticle\",\"@id\":\"https:\/\/www.suno.com.br\/noticias\/tim-tims3-telefonica-vivt3-xp-recomenda-acoes-preco-alvo-va\/#article\",\"isPartOf\":{\"@id\":\"https:\/\/www.suno.com.br\/noticias\/tim-tims3-telefonica-vivt3-xp-recomenda-acoes-preco-alvo-va\/\"},\"author\":{\"name\":\"Vin\u00edcius Alves\",\"@id\":\"https:\/\/www.suno.com.br\/noticias\/#\/schema\/person\/4a180549702d0e236b3e420862bcded3\"},\"headline\":\"TIM (TIMS3) e Telef\u00f4nica (VIVT3), dona da Vivo: XP eleva pre\u00e7o-alvo, com bons resultados no 2T23\",\"datePublished\":\"2023-09-08T20:11:45+00:00\",\"dateModified\":\"2023-09-08T20:21:11+00:00\",\"mainEntityOfPage\":{\"@id\":\"https:\/\/www.suno.com.br\/noticias\/tim-tims3-telefonica-vivt3-xp-recomenda-acoes-preco-alvo-va\/\"},\"wordCount\":1025,\"publisher\":{\"@id\":\"https:\/\/www.suno.com.br\/noticias\/#organization\"},\"image\":{\"@id\":\"https:\/\/www.suno.com.br\/noticias\/tim-tims3-telefonica-vivt3-xp-recomenda-acoes-preco-alvo-va\/#primaryimage\"},\"thumbnailUrl\":\"https:\/\/files.sunoresearch.com.br\/n\/uploads\/2021\/02\/8974f501-tim-scaled.jpeg\",\"keywords\":[\"A\u00e7\u00f5es\",\"Telef\u00f4nica (VIVT3)\",\"TIM (TIMS3)\",\"Vivo\",\"XP Investimentos\"],\"articleSection\":[\"Mercado\"],\"inLanguage\":\"pt-BR\"},{\"@type\":\"WebPage\",\"@id\":\"https:\/\/www.suno.com.br\/noticias\/tim-tims3-telefonica-vivt3-xp-recomenda-acoes-preco-alvo-va\/\",\"url\":\"https:\/\/www.suno.com.br\/noticias\/tim-tims3-telefonica-vivt3-xp-recomenda-acoes-preco-alvo-va\/\",\"name\":\"TIM (TIMS3) e Telef\u00f4nica (VIVT3): ap\u00f3s bom 2T23, XP recomenda compra\",\"isPartOf\":{\"@id\":\"https:\/\/www.suno.com.br\/noticias\/#website\"},\"primaryImageOfPage\":{\"@id\":\"https:\/\/www.suno.com.br\/noticias\/tim-tims3-telefonica-vivt3-xp-recomenda-acoes-preco-alvo-va\/#primaryimage\"},\"image\":{\"@id\":\"https:\/\/www.suno.com.br\/noticias\/tim-tims3-telefonica-vivt3-xp-recomenda-acoes-preco-alvo-va\/#primaryimage\"},\"thumbnailUrl\":\"https:\/\/files.sunoresearch.com.br\/n\/uploads\/2021\/02\/8974f501-tim-scaled.jpeg\",\"datePublished\":\"2023-09-08T20:11:45+00:00\",\"dateModified\":\"2023-09-08T20:21:11+00:00\",\"description\":\"A XP Investimentos atualizou as suas recomenda\u00e7\u00f5es para TIM (TIMS3) e Telef\u00f4nica Brasil (VIVT3), dona da Vivo, passando de neutra para compra.\",\"breadcrumb\":{\"@id\":\"https:\/\/www.suno.com.br\/noticias\/tim-tims3-telefonica-vivt3-xp-recomenda-acoes-preco-alvo-va\/#breadcrumb\"},\"inLanguage\":\"pt-BR\",\"potentialAction\":[{\"@type\":\"ReadAction\",\"target\":[\"https:\/\/www.suno.com.br\/noticias\/tim-tims3-telefonica-vivt3-xp-recomenda-acoes-preco-alvo-va\/\"]}]},{\"@type\":\"ImageObject\",\"inLanguage\":\"pt-BR\",\"@id\":\"https:\/\/www.suno.com.br\/noticias\/tim-tims3-telefonica-vivt3-xp-recomenda-acoes-preco-alvo-va\/#primaryimage\",\"url\":\"https:\/\/files.sunoresearch.com.br\/n\/uploads\/2021\/02\/8974f501-tim-scaled.jpeg\",\"contentUrl\":\"https:\/\/files.sunoresearch.com.br\/n\/uploads\/2021\/02\/8974f501-tim-scaled.jpeg\",\"width\":2560,\"height\":1707,\"caption\":\"TIM (TIMS3). Foto: divulga\u00e7\u00e3o.\"},{\"@type\":\"BreadcrumbList\",\"@id\":\"https:\/\/www.suno.com.br\/noticias\/tim-tims3-telefonica-vivt3-xp-recomenda-acoes-preco-alvo-va\/#breadcrumb\",\"itemListElement\":[{\"@type\":\"ListItem\",\"position\":1,\"name\":\"Not\u00edcias\",\"item\":\"https:\/\/www.suno.com.br\/noticias\/\"},{\"@type\":\"ListItem\",\"position\":2,\"name\":\"Mercado\",\"item\":\"https:\/\/www.suno.com.br\/noticias\/mercado\/\"},{\"@type\":\"ListItem\",\"position\":3,\"name\":\"TIM (TIMS3) e Telef\u00f4nica (VIVT3), dona da Vivo: XP eleva pre\u00e7o-alvo, com bons resultados no 2T23\"}]},{\"@type\":\"WebSite\",\"@id\":\"https:\/\/www.suno.com.br\/noticias\/#website\",\"url\":\"https:\/\/www.suno.com.br\/noticias\/\",\"name\":\"Suno Not\u00edcias\",\"description\":\"Seu portal de informa\u00e7\u00e3o sobre o mundo dos investimentos\",\"publisher\":{\"@id\":\"https:\/\/www.suno.com.br\/noticias\/#organization\"},\"potentialAction\":[{\"@type\":\"SearchAction\",\"target\":{\"@type\":\"EntryPoint\",\"urlTemplate\":\"https:\/\/www.suno.com.br\/noticias\/?s={search_term_string}\"},\"query-input\":{\"@type\":\"PropertyValueSpecification\",\"valueRequired\":true,\"valueName\":\"search_term_string\"}}],\"inLanguage\":\"pt-BR\"},{\"@type\":\"Organization\",\"@id\":\"https:\/\/www.suno.com.br\/noticias\/#organization\",\"name\":\"Suno Not\u00edcias\",\"url\":\"https:\/\/www.suno.com.br\/noticias\/\",\"logo\":{\"@type\":\"ImageObject\",\"inLanguage\":\"pt-BR\",\"@id\":\"https:\/\/www.suno.com.br\/noticias\/#\/schema\/logo\/image\/\",\"url\":\"https:\/\/files.sunoresearch.com.br\/n\/uploads\/2021\/09\/suno-logo.png\",\"contentUrl\":\"https:\/\/files.sunoresearch.com.br\/n\/uploads\/2021\/09\/suno-logo.png\",\"width\":180,\"height\":180,\"caption\":\"Suno Not\u00edcias\"},\"image\":{\"@id\":\"https:\/\/www.suno.com.br\/noticias\/#\/schema\/logo\/image\/\"},\"sameAs\":[\"https:\/\/facebook.com\/sunoresearch\",\"https:\/\/x.com\/sunoresearch\",\"https:\/\/www.instagram.com\/suno\",\"https:\/\/www.linkedin.com\/company\/suno-research\/\",\"https:\/\/www.youtube.com\/c\/sunoresearch\"]},{\"@type\":\"Person\",\"@id\":\"https:\/\/www.suno.com.br\/noticias\/#\/schema\/person\/4a180549702d0e236b3e420862bcded3\",\"name\":\"Vin\u00edcius Alves\",\"image\":{\"@type\":\"ImageObject\",\"inLanguage\":\"pt-BR\",\"@id\":\"https:\/\/www.suno.com.br\/noticias\/#\/schema\/person\/image\/\",\"url\":\"https:\/\/secure.gravatar.com\/avatar\/a95b7fe6d1b813f7907d4f476d5a39e1?s=96&r=g\",\"contentUrl\":\"https:\/\/secure.gravatar.com\/avatar\/a95b7fe6d1b813f7907d4f476d5a39e1?s=96&r=g\",\"caption\":\"Vin\u00edcius Alves\"},\"description\":\"Jornalista formado na Faculdade C\u00e1sper L\u00edbero. Com passagens pela Ag\u00eancia Estado, InfoMoney e Editora Globo.\",\"url\":\"https:\/\/www.suno.com.br\/noticias\/author\/vini08correiagmail-com\/\"}]}<\/script>\n<!-- \/ Yoast SEO plugin. -->","yoast_head_json":{"title":"TIM (TIMS3) e Telef\u00f4nica (VIVT3): ap\u00f3s bom 2T23, XP recomenda compra","description":"A XP Investimentos atualizou as suas recomenda\u00e7\u00f5es para TIM (TIMS3) e Telef\u00f4nica Brasil (VIVT3), dona da Vivo, passando de neutra para compra.","robots":{"index":"index","follow":"follow","max-snippet":"max-snippet:-1","max-image-preview":"max-image-preview:large","max-video-preview":"max-video-preview:-1"},"canonical":"https:\/\/www.suno.com.br\/noticias\/tim-tims3-telefonica-vivt3-xp-recomenda-acoes-preco-alvo-va\/","og_locale":"pt_BR","og_type":"article","og_title":"TIM (TIMS3) e Telef\u00f4nica (VIVT3): ap\u00f3s bom 2T23, XP recomenda compra","og_description":"A XP Investimentos atualizou as suas recomenda\u00e7\u00f5es para TIM (TIMS3) e Telef\u00f4nica Brasil (VIVT3), dona da Vivo, passando de neutra para compra.","og_url":"https:\/\/www.suno.com.br\/noticias\/tim-tims3-telefonica-vivt3-xp-recomenda-acoes-preco-alvo-va\/","og_site_name":"Suno Not\u00edcias","article_publisher":"https:\/\/facebook.com\/sunoresearch","og_image":[{"width":2560,"height":1707,"url":"https:\/\/files.sunoresearch.com.br\/n\/uploads\/2021\/02\/8974f501-tim-scaled.jpeg","type":"image\/jpeg"}],"author":"Vin\u00edcius Alves","twitter_card":"summary_large_image","twitter_creator":"@sunoresearch","twitter_site":"@sunoresearch","twitter_misc":{"Escrito por":"Vin\u00edcius Alves","Est. tempo de leitura":"5 minutos"},"schema":{"@context":"https:\/\/schema.org","@graph":[{"@type":"NewsArticle","@id":"https:\/\/www.suno.com.br\/noticias\/tim-tims3-telefonica-vivt3-xp-recomenda-acoes-preco-alvo-va\/#article","isPartOf":{"@id":"https:\/\/www.suno.com.br\/noticias\/tim-tims3-telefonica-vivt3-xp-recomenda-acoes-preco-alvo-va\/"},"author":{"name":"Vin\u00edcius Alves","@id":"https:\/\/www.suno.com.br\/noticias\/#\/schema\/person\/4a180549702d0e236b3e420862bcded3"},"headline":"TIM (TIMS3) e Telef\u00f4nica (VIVT3), dona da Vivo: XP eleva pre\u00e7o-alvo, com bons resultados no 2T23","datePublished":"2023-09-08T20:11:45+00:00","dateModified":"2023-09-08T20:21:11+00:00","mainEntityOfPage":{"@id":"https:\/\/www.suno.com.br\/noticias\/tim-tims3-telefonica-vivt3-xp-recomenda-acoes-preco-alvo-va\/"},"wordCount":1025,"publisher":{"@id":"https:\/\/www.suno.com.br\/noticias\/#organization"},"image":{"@id":"https:\/\/www.suno.com.br\/noticias\/tim-tims3-telefonica-vivt3-xp-recomenda-acoes-preco-alvo-va\/#primaryimage"},"thumbnailUrl":"https:\/\/files.sunoresearch.com.br\/n\/uploads\/2021\/02\/8974f501-tim-scaled.jpeg","keywords":["A\u00e7\u00f5es","Telef\u00f4nica (VIVT3)","TIM (TIMS3)","Vivo","XP Investimentos"],"articleSection":["Mercado"],"inLanguage":"pt-BR"},{"@type":"WebPage","@id":"https:\/\/www.suno.com.br\/noticias\/tim-tims3-telefonica-vivt3-xp-recomenda-acoes-preco-alvo-va\/","url":"https:\/\/www.suno.com.br\/noticias\/tim-tims3-telefonica-vivt3-xp-recomenda-acoes-preco-alvo-va\/","name":"TIM (TIMS3) e Telef\u00f4nica (VIVT3): ap\u00f3s bom 2T23, XP recomenda compra","isPartOf":{"@id":"https:\/\/www.suno.com.br\/noticias\/#website"},"primaryImageOfPage":{"@id":"https:\/\/www.suno.com.br\/noticias\/tim-tims3-telefonica-vivt3-xp-recomenda-acoes-preco-alvo-va\/#primaryimage"},"image":{"@id":"https:\/\/www.suno.com.br\/noticias\/tim-tims3-telefonica-vivt3-xp-recomenda-acoes-preco-alvo-va\/#primaryimage"},"thumbnailUrl":"https:\/\/files.sunoresearch.com.br\/n\/uploads\/2021\/02\/8974f501-tim-scaled.jpeg","datePublished":"2023-09-08T20:11:45+00:00","dateModified":"2023-09-08T20:21:11+00:00","description":"A XP Investimentos atualizou as suas recomenda\u00e7\u00f5es para TIM (TIMS3) e Telef\u00f4nica Brasil (VIVT3), dona da Vivo, passando de neutra para compra.","breadcrumb":{"@id":"https:\/\/www.suno.com.br\/noticias\/tim-tims3-telefonica-vivt3-xp-recomenda-acoes-preco-alvo-va\/#breadcrumb"},"inLanguage":"pt-BR","potentialAction":[{"@type":"ReadAction","target":["https:\/\/www.suno.com.br\/noticias\/tim-tims3-telefonica-vivt3-xp-recomenda-acoes-preco-alvo-va\/"]}]},{"@type":"ImageObject","inLanguage":"pt-BR","@id":"https:\/\/www.suno.com.br\/noticias\/tim-tims3-telefonica-vivt3-xp-recomenda-acoes-preco-alvo-va\/#primaryimage","url":"https:\/\/files.sunoresearch.com.br\/n\/uploads\/2021\/02\/8974f501-tim-scaled.jpeg","contentUrl":"https:\/\/files.sunoresearch.com.br\/n\/uploads\/2021\/02\/8974f501-tim-scaled.jpeg","width":2560,"height":1707,"caption":"TIM (TIMS3). Foto: divulga\u00e7\u00e3o."},{"@type":"BreadcrumbList","@id":"https:\/\/www.suno.com.br\/noticias\/tim-tims3-telefonica-vivt3-xp-recomenda-acoes-preco-alvo-va\/#breadcrumb","itemListElement":[{"@type":"ListItem","position":1,"name":"Not\u00edcias","item":"https:\/\/www.suno.com.br\/noticias\/"},{"@type":"ListItem","position":2,"name":"Mercado","item":"https:\/\/www.suno.com.br\/noticias\/mercado\/"},{"@type":"ListItem","position":3,"name":"TIM (TIMS3) e Telef\u00f4nica (VIVT3), dona da Vivo: XP eleva pre\u00e7o-alvo, com bons resultados no 2T23"}]},{"@type":"WebSite","@id":"https:\/\/www.suno.com.br\/noticias\/#website","url":"https:\/\/www.suno.com.br\/noticias\/","name":"Suno Not\u00edcias","description":"Seu portal de informa\u00e7\u00e3o sobre o mundo dos investimentos","publisher":{"@id":"https:\/\/www.suno.com.br\/noticias\/#organization"},"potentialAction":[{"@type":"SearchAction","target":{"@type":"EntryPoint","urlTemplate":"https:\/\/www.suno.com.br\/noticias\/?s={search_term_string}"},"query-input":{"@type":"PropertyValueSpecification","valueRequired":true,"valueName":"search_term_string"}}],"inLanguage":"pt-BR"},{"@type":"Organization","@id":"https:\/\/www.suno.com.br\/noticias\/#organization","name":"Suno Not\u00edcias","url":"https:\/\/www.suno.com.br\/noticias\/","logo":{"@type":"ImageObject","inLanguage":"pt-BR","@id":"https:\/\/www.suno.com.br\/noticias\/#\/schema\/logo\/image\/","url":"https:\/\/files.sunoresearch.com.br\/n\/uploads\/2021\/09\/suno-logo.png","contentUrl":"https:\/\/files.sunoresearch.com.br\/n\/uploads\/2021\/09\/suno-logo.png","width":180,"height":180,"caption":"Suno Not\u00edcias"},"image":{"@id":"https:\/\/www.suno.com.br\/noticias\/#\/schema\/logo\/image\/"},"sameAs":["https:\/\/facebook.com\/sunoresearch","https:\/\/x.com\/sunoresearch","https:\/\/www.instagram.com\/suno","https:\/\/www.linkedin.com\/company\/suno-research\/","https:\/\/www.youtube.com\/c\/sunoresearch"]},{"@type":"Person","@id":"https:\/\/www.suno.com.br\/noticias\/#\/schema\/person\/4a180549702d0e236b3e420862bcded3","name":"Vin\u00edcius Alves","image":{"@type":"ImageObject","inLanguage":"pt-BR","@id":"https:\/\/www.suno.com.br\/noticias\/#\/schema\/person\/image\/","url":"https:\/\/secure.gravatar.com\/avatar\/a95b7fe6d1b813f7907d4f476d5a39e1?s=96&r=g","contentUrl":"https:\/\/secure.gravatar.com\/avatar\/a95b7fe6d1b813f7907d4f476d5a39e1?s=96&r=g","caption":"Vin\u00edcius Alves"},"description":"Jornalista formado na Faculdade C\u00e1sper L\u00edbero. Com passagens pela Ag\u00eancia Estado, InfoMoney e Editora Globo.","url":"https:\/\/www.suno.com.br\/noticias\/author\/vini08correiagmail-com\/"}]}},"default_loop_html":"<div class=\"cardsPage__listCard__boxs\"><div class=\"cardsPage__listCard__boxs__img\"><a href=\"https:\/\/www.suno.com.br\/noticias\/tim-tims3-telefonica-vivt3-xp-recomenda-acoes-preco-alvo-va\/\"><img class=\"mask\" src=\"https:\/\/www.suno.com.br\/noticias\/wp-content\/themes\/suno\/resources\/images\/spotlight\/spotlight1img\/bg-mask.png\" alt=\"Image Mask\"\/><img src=\"https:\/\/files.sunoresearch.com.br\/n\/uploads\/2021\/02\/8974f501-tim-400x200.jpeg\" alt=\"TIM (TIMS3) e Telef\u00f4nica (VIVT3), dona da Vivo: XP eleva pre\u00e7o-alvo, com bons resultados no 2T23\"\/><\/a><span class=\"spotlightCategory\"><a href=\"https:\/\/www.suno.com.br\/noticias\/mercado\/\">Mercado<\/a><\/span><\/div><div class=\"cardsPage__listCard__boxs__content\"><a href=\"https:\/\/www.suno.com.br\/noticias\/tim-tims3-telefonica-vivt3-xp-recomenda-acoes-preco-alvo-va\/\"><h2 class=\"content__title\">TIM (TIMS3) e Telef\u00f4nica (VIVT3), dona da Vivo: XP eleva pre\u00e7o-alvo, com bons resultados no 2T23<\/h2><\/a><div class=\"newsContent__article__meta\"><div class=\"newsContent__article__meta__authorBox\"><a href=\"https:\/\/www.suno.com.br\/noticias\/author\/allan-ravagnani\/\" class=\"authorBox__avatar noMobi\"><img src=\"https:\/\/files.sunoresearch.com.br\/n\/uploads\/2023\/06\/allan-usuario-150x150.png\" alt=\"Allan Ravagnani\"><\/a><div class=\"authorBox__name\"><span>por\n\t\t\t<a href=\"https:\/\/www.suno.com.br\/noticias\/author\/allan-ravagnani\/\"><span itemprop=\"author\">Allan Ravagnani<\/span><\/a><\/span><time datetime=\"2023-09-08T17:11:45-03:00\" itemprop=\"datePublished\">08\/09\/2023 17:11<\/time><\/div><\/div><\/div><\/div><\/div>","single_layout":"posts","amp_enabled":true,"_links":{"self":[{"href":"https:\/\/www.suno.com.br\/noticias\/wp-json\/wp\/v2\/posts\/453581"}],"collection":[{"href":"https:\/\/www.suno.com.br\/noticias\/wp-json\/wp\/v2\/posts"}],"about":[{"href":"https:\/\/www.suno.com.br\/noticias\/wp-json\/wp\/v2\/types\/post"}],"author":[{"embeddable":true,"href":"https:\/\/www.suno.com.br\/noticias\/wp-json\/wp\/v2\/users\/301"}],"replies":[{"embeddable":true,"href":"https:\/\/www.suno.com.br\/noticias\/wp-json\/wp\/v2\/comments?post=453581"}],"version-history":[{"count":3,"href":"https:\/\/www.suno.com.br\/noticias\/wp-json\/wp\/v2\/posts\/453581\/revisions"}],"predecessor-version":[{"id":453686,"href":"https:\/\/www.suno.com.br\/noticias\/wp-json\/wp\/v2\/posts\/453581\/revisions\/453686"}],"wp:featuredmedia":[{"embeddable":true,"href":"https:\/\/www.suno.com.br\/noticias\/wp-json\/wp\/v2\/media\/117646"}],"wp:attachment":[{"href":"https:\/\/www.suno.com.br\/noticias\/wp-json\/wp\/v2\/media?parent=453581"}],"wp:term":[{"taxonomy":"category","embeddable":true,"href":"https:\/\/www.suno.com.br\/noticias\/wp-json\/wp\/v2\/categories?post=453581"},{"taxonomy":"post_tag","embeddable":true,"href":"https:\/\/www.suno.com.br\/noticias\/wp-json\/wp\/v2\/tags?post=453581"},{"taxonomy":"suno_strategy","embeddable":true,"href":"https:\/\/www.suno.com.br\/noticias\/wp-json\/wp\/v2\/suno_strategy?post=453581"}],"curies":[{"name":"wp","href":"https:\/\/api.w.org\/{rel}","templated":true}]}}