{"id":453565,"date":"2023-09-08T20:02:51","date_gmt":"2023-09-08T23:02:51","guid":{"rendered":"https:\/\/www.suno.com.br\/noticias\/?p=453565"},"modified":"2023-09-08T21:14:16","modified_gmt":"2023-09-09T00:14:16","slug":"fundos-tributacao-exclusivos-previdencia-privada-ar","status":"publish","type":"post","link":"https:\/\/www.suno.com.br\/noticias\/fundos-tributacao-exclusivos-previdencia-privada-ar\/","title":{"rendered":"Tributa\u00e7\u00e3o de fundos exclusivos joga luz nos fundos de previd\u00eancia privada. Gestora explica por qu\u00ea"},"content":{"rendered":"<p>A Medida Provis\u00f3ria que determina a taxa\u00e7\u00e3o dos <a class=\"suno-keyword\" data-force=\"no\" data-priority=\"1\" href=\"https:\/\/www.suno.com.br\/artigos\/fundos-exclusivos\/\" target=\"_blank\" rel=\"noopener\">fundos exclusivos<\/a> e fechados, conhecida como MP da taxa\u00e7\u00e3o dos bilion\u00e1rios, tem jogado luz nos <strong>fundos<\/strong> de previd\u00eancia privada, segundo an\u00e1lise da s\u00f3cia fundadora da Semeare Investimentos, Carolina Volcov.<\/p>\t<div class=\"wrapper-featured-image\">\n\t\t<figure class=\"spotlightImg\">\n\n\t\t\t<picture>\n\t\t\t\t<source media=\"(max-width: 768px)\" srcset=\"https:\/\/files.sunoresearch.com.br\/n\/uploads\/2023\/07\/Fundos-de-investimento-400x200.jpg\">\n\t\t\t\t<img loading=\"lazy\" decoding=\"async\" class=\"newsContent__article__imgCapa lazyloadDisabled \" src=\"https:\/\/files.sunoresearch.com.br\/n\/uploads\/2023\/07\/Fundos-de-investimento-800x450.jpg\" width=\"800\" height=\"450\" alt=\"Tributa\u00e7\u00e3o de fundos exclusivos joga luz nos fundos de previd\u00eancia privada. Gestora explica por qu\u00ea\" fetchpriority=high \/>\n\t\t\t<\/picture>\n\n\t\t\t<figcaption class=\"wp-caption-text wp-caption-text--show\">SNME11 anuncia novos dividendos e retorno ser\u00e1 de 1,17% ao m\u00eas. Foto: Pixabay<\/figcaption>\n\t\t<\/figure>\n\t<\/div>\n\n\n\n\n\n\n\n\t<p>\n\t\t<a href=\"https:\/\/lp.suno.com.br\/plataforma-de-controle-de-investimentos\/\" target=\"_blank\" data-element=\"shortcode-suno-banner\" title=\"Banner SUNO, clique e saiba mais\">\n\t\t\t<picture>\n\t\t\t\t<source media=\"(max-width: 500px)\" srcset=\"https:\/\/files.sunoresearch.com.br\/n\/uploads\/2023\/03\/400x300-Controle-de-Investimentos.png\">\n\t\t\t\t<img class=\"newsContent__article__imgCapa newsContent__article__imgCapa--banner\"\n\t\t\t\t\tsrc=\"https:\/\/files.sunoresearch.com.br\/n\/uploads\/2023\/03\/1420x240-Controle-de-Investimentos.png\"\n\t\t\t\t\tdata-promo-id=\"383162\"\t\t\t\t\t\t\t\t\t\twidth='1420' height='240'\t\t\t\t\talt=\"https:\/\/files.sunoresearch.com.br\/n\/uploads\/2023\/03\/1420x240-Controle-de-Investimentos.png\"\n\t\t\t\t>\n\t\t\t<\/picture>\n\t\t<\/a>\n\t<\/p>\n\n\n\n\n\n<p>\u201cO que ningu\u00e9m vem falando \u00e9 sobre os <strong>fundos de previd\u00eancia privada<\/strong>. Esses s\u00e3o, todos, exclusivos das seguradoras nacionais, mas abertos para participantes e n\u00e3o cotistas, e o m\u00ednimo exigido para aplica\u00e7\u00e3o \u00e9 de R$ 100,00. A CVM (Comiss\u00e3o de Valores Mobili\u00e1rios) trata a legisla\u00e7\u00e3o dos fundos de previd\u00eancia privada separadamente, justamente para seguir regras previdentes, dentro da etimologia da palavra\u201d, diz Volcov.<\/p>\n\n\n\n<p>Segundo a gestora, a grande <strong>vantagem desses fundos de previd\u00eancia <\/strong>\u00e9 que nesse tipo n\u00e3o h\u00e1 incid\u00eancia de come-cotas, al\u00e9m de o investidor poder alterar a estrat\u00e9gia do fundo (de <a class=\"suno-keyword\" data-force=\"no\" data-priority=\"2\" href=\"https:\/\/www.suno.com.br\/guias\/investimento-renda-fixa\/\" target=\"_blank\" rel=\"noopener\">Renda Fixa<\/a> para Multimercado, por exemplo) sem precisar resgatar, pagar imposto para reaplicar em outra estrat\u00e9gia dentro de fundos da pr\u00f3pria previd\u00eancia privada, com o intuito de que <a class=\"suno-keyword\" data-force=\"no\" data-priority=\"1\" href=\"https:\/\/www.suno.com.br\/artigos\/seu-dinheiro\/\" target=\"_blank\" rel=\"noopener\">seu dinheiro<\/a> esteja aderente ao cen\u00e1rio econ\u00f4mico.<\/p>\n\n\n\n<p>A <strong>previd\u00eancia privada<\/strong> representa, hoje, quase 30% do PIB nacional, o que corresponde a cerca de R$ 2,5 trilh\u00f5es aplicados em um segmento que cresceu, em m\u00e9dia, 25% nos \u00faltimos 10 anos. Em alguns pa\u00edses a poupan\u00e7a previdenci\u00e1ria supera o pr\u00f3prio PIB, casos da Austr\u00e1lia, Holanda e Dinamarca.<\/p>\n\n\n\n<h2 class=\"wp-block-heading\">Fundos de Previd\u00eancia Privada:  vantagens v\u00e3o al\u00e9m da rentabilidade<\/h2>\n\n\n\n<p>Volcov cita que no Brasil, os fundos de Previd\u00eancia Privada v\u00e3o al\u00e9m de rentabilidade. O direcionamento para esse produto com intuito de aposentadoria se d\u00e1 pelo fato de ele oferecer a efici\u00eancia tribut\u00e1ria citada acima e incentivo fiscal, no caso do <a href=\"https:\/\/www.suno.com.br\/artigos\/pgbl\/\">PGBL,<\/a> em que pessoas f\u00edsicas e jur\u00eddicas podem utilizar o valor nele aplicado para diminuir a base de c\u00e1lculo do <a class=\"suno-keyword\" data-force=\"no\" data-priority=\"2\" href=\"https:\/\/www.suno.com.br\/guias\/imposto-de-renda-guia\/\" target=\"_blank\" rel=\"noopener\">imposto de renda<\/a> a ser pago na declara\u00e7\u00e3o de ajuste anual.<\/p>\n\n\n\n<p>Por isso, no momento do resgate a incid\u00eancia do imposto se dar\u00e1 sobre o total aplicado e n\u00e3o somente sobre a rentabilidade, como no <a href=\"https:\/\/www.suno.com.br\/artigos\/vgbl\/\">VGBL<\/a>.<\/p>\n\n\n\n<p>\u201cOutra vantagem \u00e9 a de n\u00e3o transitar pelo invent\u00e1rio fazendo com que os herdeiros acessem o recurso em at\u00e9 30 dias da abertura do sinistro, e esses acessem o recurso rapidamente, no momento da morte do participante, muitas vezes para custear o valor do invent\u00e1rio e fazer a manuten\u00e7\u00e3o das contas do dia a dia em um momento t\u00e3o complicado\u201d, completa.<\/p>\n\n\n\t<p>\n\t\t<a href=\"\" target=\"_blank\" data-element=\"shortcode-suno-banner\" title=\"Banner SUNO, clique e saiba mais\">\n\t\t\t<picture>\n\t\t\t\t<source media=\"(max-width: 500px)\" srcset=\"\">\n\t\t\t\t<img class=\"newsContent__article__imgCapa newsContent__article__imgCapa--banner\"\n\t\t\t\t\tsrc=\"\"\n\t\t\t\t\tdata-promo-id=\"77014\"\t\t\t\t\t\t\t\t\t\t\t\t\t\t\talt=\"\"\n\t\t\t\t>\n\t\t\t<\/picture>\n\t\t<\/a>\n\t<\/p>\n\n\n\n\n\n<h2 class=\"wp-block-heading\">Tributa\u00e7\u00e3o dos fundos<\/h2>\n\n\n\n<p>Os fundos chamados abertos s\u00e3o condominiais, ou seja, neles existem diversos cotistas que fazem suas aplica\u00e7\u00f5es, que podem ser a partir de R$ 100,00. Os investidores pegam carona na estrat\u00e9gia do gestor do fundo e, assim, se beneficiam da rentabilidade gerada por ele.<\/p>\n\n\n\n<p>Nesses casos dos fundos abertos, exceto os de a\u00e7\u00f5es (FIAs), existe uma antecipa\u00e7\u00e3o do pagamento de imposto sobre a <strong>rentabilidade<\/strong> gerada, que \u00e9 chamado de come-cotas.<\/p>\n\n\n\n<p>Essa antecipa\u00e7\u00e3o de tributa\u00e7\u00e3o acontece a cada seis meses, todo \u00faltimo dia do m\u00eas de maio e novembro de cada ano, tributando 15% sobre a rentabilidade para os fundos de <a class=\"suno-keyword\" target=\"_blank\" data-force=\"no\" data-priority=\"1\" href=\"https:\/\/www.suno.com.br\/artigos\/longo-prazo\/\" rel=\"noopener\">longo prazo<\/a> e 20% nos de <a class=\"suno-keyword\" target=\"_blank\" data-force=\"no\" data-priority=\"1\" href=\"https:\/\/www.suno.com.br\/artigos\/curto-prazo\/\" rel=\"noopener\">curto prazo<\/a>.<\/p>\n\n\n\n<h2 class=\"wp-block-heading\">Exclusivos e fechados<\/h2>\n\n\n\n<p>No caso dos <a class=\"suno-keyword\" target=\"_blank\" data-force=\"no\" data-priority=\"1\" href=\"https:\/\/www.suno.com.br\/artigos\/fundos-exclusivos\/\" rel=\"noopener\">fundos exclusivos<\/a> e fechados, n\u00e3o h\u00e1 antecipa\u00e7\u00e3o de imposto, ou seja, a tributa\u00e7\u00e3o s\u00f3 acontece no momento do resgate e foi isso que a MP veio para mudar.<\/p>\n\n\n\n<p>Como o pr\u00f3prio nome da classe diz, o cotista \u00e9 exclusivo no fundo e n\u00e3o divide as suas cotas com outras pessoas (a n\u00e3o ser que ele autorize) como os de condom\u00ednios abertos, e que por causa dos altos custos de estrutura\u00e7\u00e3o s\u00f3 s\u00e3o vantajosos a partir de uma aplica\u00e7\u00e3o de R$ 10 milh\u00f5es.<\/p>\n\n\n\n<p>Esse barulho todo se d\u00e1 por com indigna\u00e7\u00e3o e questionamento de quem n\u00e3o tem R$ 10 milh\u00f5es para aplicar e est\u00e1 antecipando imposto, ou seja, n\u00e3o acham justo quem tem mais dinheiro pagar menos imposto.<\/p>\n\n\n\t<p>\n\t\t<a href=\"https:\/\/lp.suno.com.br\/ebook-investindo-em-fiis\/\" target=\"_blank\" data-element=\"shortcode-suno-banner\" title=\"Banner SUNO, clique e saiba mais\">\n\t\t\t<picture>\n\t\t\t\t<source media=\"(max-width: 500px)\" srcset=\"https:\/\/files.sunoresearch.com.br\/n\/uploads\/2023\/07\/Ebook-Fundos-Imobiliarios-Mobile.jpg\">\n\t\t\t\t<img class=\"newsContent__article__imgCapa newsContent__article__imgCapa--banner\"\n\t\t\t\t\tsrc=\"https:\/\/files.sunoresearch.com.br\/n\/uploads\/2023\/07\/Ebook-Fundos-Imobiliarios-Desktop.jpg\"\n\t\t\t\t\tdata-promo-id=\"378301\"\t\t\t\t\t\t\t\t\t\twidth='1420' height='286'\t\t\t\t\talt=\"https:\/\/files.sunoresearch.com.br\/n\/uploads\/2023\/07\/Ebook-Fundos-Imobiliarios-Desktop.jpg\"\n\t\t\t\t>\n\t\t\t<\/picture>\n\t\t<\/a>\n\t<\/p>\n\n\n\n\n\n<p>Essa reflex\u00e3o nos leva para a conta m\u00e1gica dos <a class=\"suno-keyword\" data-force=\"no\" data-priority=\"2\" href=\"https:\/\/www.suno.com.br\/artigos\/juros-compostos-magia\/\" target=\"_blank\" rel=\"noopener\">juros compostos<\/a> e sua potencialidade quando n\u00e3o h\u00e1 antecipa\u00e7\u00e3o de imposto durante o per\u00edodo acumula\u00e7\u00e3o de recurso dentro do fundo &#8211; fazendo com que a rentabilidade incida tamb\u00e9m sobre o imposto que n\u00e3o foi pago e, assim, o volume aplicado no fundo cres\u00e7a exponencialmente.<\/p>\n\n\n\n<p>\u201cA indigna\u00e7\u00e3o que qualquer mudan\u00e7a causa, que \u00e9 o barulho que est\u00e1 sendo feito com a tributa\u00e7\u00e3o dos <a class=\"suno-keyword\" data-force=\"no\" data-priority=\"1\" href=\"https:\/\/www.suno.com.br\/artigos\/fundos-exclusivos\/\" target=\"_blank\" rel=\"noopener\">fundos exclusivos<\/a> e fechados, tira a capacidade de an\u00e1lise e percep\u00e7\u00e3o sobre o momento presente e suas alternativas, caso da previd\u00eancia privada como alternativa para a taxa\u00e7\u00e3o dos <strong>fundos<\/strong> exclusivos dos milion\u00e1rios\u201d, completa a gestora.<\/p>\n\n\n\t<p>\n\t\t<a href=\"https:\/\/lp.suno.com.br\/planilha-da-vida-financeira\/\" target=\"_blank\" data-element=\"shortcode-suno-banner\" title=\"Banner SUNO, clique e saiba mais\">\n\t\t\t<picture>\n\t\t\t\t<source media=\"(max-width: 500px)\" srcset=\"https:\/\/files.sunoresearch.com.br\/n\/uploads\/2023\/04\/400x300-Planilha-vida-financeira-true.png\">\n\t\t\t\t<img class=\"newsContent__article__imgCapa newsContent__article__imgCapa--banner\"\n\t\t\t\t\tsrc=\"https:\/\/files.sunoresearch.com.br\/n\/uploads\/2023\/04\/1420x240-Planilha-vida-financeira-true.png\"\n\t\t\t\t\tdata-promo-id=\"383123\"\t\t\t\t\t\t\t\t\t\twidth='1420' height='240'\t\t\t\t\talt=\"https:\/\/files.sunoresearch.com.br\/n\/uploads\/2023\/04\/1420x240-Planilha-vida-financeira-true.png\"\n\t\t\t\t>\n\t\t\t<\/picture>\n\t\t<\/a>\n\t<\/p>\n\n\n","protected":false},"excerpt":{"rendered":"<p>A Medida Provis\u00f3ria que determina a taxa\u00e7\u00e3o dos fundos exclusivos e fechados, conhecida como MP da taxa\u00e7\u00e3o dos bilion\u00e1rios, tem jogado luz nos fundos de previd\u00eancia privada, segundo an\u00e1lise da s\u00f3cia fundadora da Semeare Investimentos, Carolina Volcov. SNME11 anuncia novos dividendos e retorno ser\u00e1 de 1,17% ao m\u00eas. Foto: Pixabay \u201cO que ningu\u00e9m vem falando [&hellip;]<\/p>\n","protected":false},"author":305,"featured_media":431826,"comment_status":"closed","ping_status":"closed","sticky":false,"template":"","format":"standard","meta":[],"categories":[66],"tags":[1545,106328,313,106047,1822,106895,322],"suno_strategy":[],"class_list":["post-453565","post","type-post","status-publish","format-standard","has-post-thumbnail","hentry","category-fiis","tag-fundos-de-acoes","tag-fundos-de-credito","tag-fundos-de-investimento","tag-fundos-internacionais","tag-fundos-multimercado","tag-previdencia","tag-previdencia-social"],"yoast_head":"<!-- This site is optimized with the Yoast SEO plugin v24.4 - https:\/\/yoast.com\/wordpress\/plugins\/seo\/ -->\n<title>Tributa\u00e7\u00e3o de fundos d\u00e1 luz aos fundos de previd\u00eancia privada, diz gestora<\/title>\n<meta name=\"description\" content=\"A MP que taxa fundos exclusivos tem jogado luz nos fundos de previd\u00eancia privada, diz s\u00f3cia da Semeare Investimentos, Carolina Volcov. Entenda\" \/>\n<meta name=\"robots\" content=\"index, follow, max-snippet:-1, max-image-preview:large, max-video-preview:-1\" \/>\n<link rel=\"canonical\" href=\"https:\/\/www.suno.com.br\/noticias\/fundos-tributacao-exclusivos-previdencia-privada-ar\/\" \/>\n<meta property=\"og:locale\" content=\"pt_BR\" \/>\n<meta property=\"og:type\" content=\"article\" \/>\n<meta property=\"og:title\" content=\"Tributa\u00e7\u00e3o de fundos d\u00e1 luz aos fundos de previd\u00eancia privada, diz gestora\" \/>\n<meta property=\"og:description\" content=\"A MP que taxa fundos exclusivos tem jogado luz nos fundos de previd\u00eancia privada, diz s\u00f3cia da Semeare Investimentos, Carolina Volcov. Entenda\" \/>\n<meta property=\"og:url\" content=\"https:\/\/www.suno.com.br\/noticias\/fundos-tributacao-exclusivos-previdencia-privada-ar\/\" \/>\n<meta property=\"og:site_name\" content=\"Suno Not\u00edcias\" \/>\n<meta property=\"article:publisher\" content=\"https:\/\/facebook.com\/sunoresearch\" \/>\n<meta property=\"og:image\" content=\"https:\/\/files.sunoresearch.com.br\/n\/uploads\/2023\/07\/Fundos-de-investimento.jpg\" \/>\n\t<meta property=\"og:image:width\" content=\"1280\" \/>\n\t<meta property=\"og:image:height\" content=\"853\" \/>\n\t<meta property=\"og:image:type\" content=\"image\/jpeg\" \/>\n<meta name=\"author\" content=\"Allan Ravagnani\" \/>\n<meta name=\"twitter:card\" content=\"summary_large_image\" \/>\n<meta name=\"twitter:creator\" content=\"@sunoresearch\" \/>\n<meta name=\"twitter:site\" content=\"@sunoresearch\" \/>\n<meta name=\"twitter:label1\" content=\"Escrito por\" \/>\n\t<meta name=\"twitter:data1\" content=\"Allan Ravagnani\" \/>\n\t<meta name=\"twitter:label2\" content=\"Est. tempo de leitura\" \/>\n\t<meta name=\"twitter:data2\" content=\"5 minutos\" \/>\n<script type=\"application\/ld+json\" class=\"yoast-schema-graph\">{\"@context\":\"https:\/\/schema.org\",\"@graph\":[{\"@type\":\"NewsArticle\",\"@id\":\"https:\/\/www.suno.com.br\/noticias\/fundos-tributacao-exclusivos-previdencia-privada-ar\/#article\",\"isPartOf\":{\"@id\":\"https:\/\/www.suno.com.br\/noticias\/fundos-tributacao-exclusivos-previdencia-privada-ar\/\"},\"author\":{\"name\":\"Allan Ravagnani\",\"@id\":\"https:\/\/www.suno.com.br\/noticias\/#\/schema\/person\/ff470fe052a717a4b7c2a467a4a084c2\"},\"headline\":\"Tributa\u00e7\u00e3o de fundos exclusivos joga luz nos fundos de previd\u00eancia privada. Gestora explica por qu\u00ea\",\"datePublished\":\"2023-09-08T23:02:51+00:00\",\"dateModified\":\"2023-09-09T00:14:16+00:00\",\"mainEntityOfPage\":{\"@id\":\"https:\/\/www.suno.com.br\/noticias\/fundos-tributacao-exclusivos-previdencia-privada-ar\/\"},\"wordCount\":825,\"publisher\":{\"@id\":\"https:\/\/www.suno.com.br\/noticias\/#organization\"},\"image\":{\"@id\":\"https:\/\/www.suno.com.br\/noticias\/fundos-tributacao-exclusivos-previdencia-privada-ar\/#primaryimage\"},\"thumbnailUrl\":\"https:\/\/files.sunoresearch.com.br\/n\/uploads\/2023\/07\/Fundos-de-investimento.jpg\",\"keywords\":[\"Fundos de a\u00e7\u00f5es\",\"Fundos de cr\u00e9dito\",\"Fundos de investimento\",\"Fundos internacionais\",\"Fundos multimercado\",\"Previd\u00eancia\",\"Previd\u00eancia Social\"],\"articleSection\":[\"FIIs\"],\"inLanguage\":\"pt-BR\"},{\"@type\":\"WebPage\",\"@id\":\"https:\/\/www.suno.com.br\/noticias\/fundos-tributacao-exclusivos-previdencia-privada-ar\/\",\"url\":\"https:\/\/www.suno.com.br\/noticias\/fundos-tributacao-exclusivos-previdencia-privada-ar\/\",\"name\":\"Tributa\u00e7\u00e3o de fundos d\u00e1 luz aos fundos de previd\u00eancia privada, diz gestora\",\"isPartOf\":{\"@id\":\"https:\/\/www.suno.com.br\/noticias\/#website\"},\"primaryImageOfPage\":{\"@id\":\"https:\/\/www.suno.com.br\/noticias\/fundos-tributacao-exclusivos-previdencia-privada-ar\/#primaryimage\"},\"image\":{\"@id\":\"https:\/\/www.suno.com.br\/noticias\/fundos-tributacao-exclusivos-previdencia-privada-ar\/#primaryimage\"},\"thumbnailUrl\":\"https:\/\/files.sunoresearch.com.br\/n\/uploads\/2023\/07\/Fundos-de-investimento.jpg\",\"datePublished\":\"2023-09-08T23:02:51+00:00\",\"dateModified\":\"2023-09-09T00:14:16+00:00\",\"description\":\"A MP que taxa fundos exclusivos tem jogado luz nos fundos de previd\u00eancia privada, diz s\u00f3cia da Semeare Investimentos, Carolina Volcov. Entenda\",\"breadcrumb\":{\"@id\":\"https:\/\/www.suno.com.br\/noticias\/fundos-tributacao-exclusivos-previdencia-privada-ar\/#breadcrumb\"},\"inLanguage\":\"pt-BR\",\"potentialAction\":[{\"@type\":\"ReadAction\",\"target\":[\"https:\/\/www.suno.com.br\/noticias\/fundos-tributacao-exclusivos-previdencia-privada-ar\/\"]}]},{\"@type\":\"ImageObject\",\"inLanguage\":\"pt-BR\",\"@id\":\"https:\/\/www.suno.com.br\/noticias\/fundos-tributacao-exclusivos-previdencia-privada-ar\/#primaryimage\",\"url\":\"https:\/\/files.sunoresearch.com.br\/n\/uploads\/2023\/07\/Fundos-de-investimento.jpg\",\"contentUrl\":\"https:\/\/files.sunoresearch.com.br\/n\/uploads\/2023\/07\/Fundos-de-investimento.jpg\",\"width\":1280,\"height\":853,\"caption\":\"SNME11 anuncia novos dividendos e retorno ser\u00e1 de 1,17% ao m\u00eas. Foto: Pixabay\"},{\"@type\":\"BreadcrumbList\",\"@id\":\"https:\/\/www.suno.com.br\/noticias\/fundos-tributacao-exclusivos-previdencia-privada-ar\/#breadcrumb\",\"itemListElement\":[{\"@type\":\"ListItem\",\"position\":1,\"name\":\"Not\u00edcias\",\"item\":\"https:\/\/www.suno.com.br\/noticias\/\"},{\"@type\":\"ListItem\",\"position\":2,\"name\":\"FIIs\",\"item\":\"https:\/\/www.suno.com.br\/noticias\/fiis\/\"},{\"@type\":\"ListItem\",\"position\":3,\"name\":\"Tributa\u00e7\u00e3o de fundos exclusivos joga luz nos fundos de previd\u00eancia privada. Gestora explica por qu\u00ea\"}]},{\"@type\":\"WebSite\",\"@id\":\"https:\/\/www.suno.com.br\/noticias\/#website\",\"url\":\"https:\/\/www.suno.com.br\/noticias\/\",\"name\":\"Suno Not\u00edcias\",\"description\":\"Seu portal de informa\u00e7\u00e3o sobre o mundo dos investimentos\",\"publisher\":{\"@id\":\"https:\/\/www.suno.com.br\/noticias\/#organization\"},\"potentialAction\":[{\"@type\":\"SearchAction\",\"target\":{\"@type\":\"EntryPoint\",\"urlTemplate\":\"https:\/\/www.suno.com.br\/noticias\/?s={search_term_string}\"},\"query-input\":{\"@type\":\"PropertyValueSpecification\",\"valueRequired\":true,\"valueName\":\"search_term_string\"}}],\"inLanguage\":\"pt-BR\"},{\"@type\":\"Organization\",\"@id\":\"https:\/\/www.suno.com.br\/noticias\/#organization\",\"name\":\"Suno Not\u00edcias\",\"url\":\"https:\/\/www.suno.com.br\/noticias\/\",\"logo\":{\"@type\":\"ImageObject\",\"inLanguage\":\"pt-BR\",\"@id\":\"https:\/\/www.suno.com.br\/noticias\/#\/schema\/logo\/image\/\",\"url\":\"https:\/\/files.sunoresearch.com.br\/n\/uploads\/2021\/09\/suno-logo.png\",\"contentUrl\":\"https:\/\/files.sunoresearch.com.br\/n\/uploads\/2021\/09\/suno-logo.png\",\"width\":180,\"height\":180,\"caption\":\"Suno Not\u00edcias\"},\"image\":{\"@id\":\"https:\/\/www.suno.com.br\/noticias\/#\/schema\/logo\/image\/\"},\"sameAs\":[\"https:\/\/facebook.com\/sunoresearch\",\"https:\/\/x.com\/sunoresearch\",\"https:\/\/www.instagram.com\/suno\",\"https:\/\/www.linkedin.com\/company\/suno-research\/\",\"https:\/\/www.youtube.com\/c\/sunoresearch\"]},{\"@type\":\"Person\",\"@id\":\"https:\/\/www.suno.com.br\/noticias\/#\/schema\/person\/ff470fe052a717a4b7c2a467a4a084c2\",\"name\":\"Allan Ravagnani\",\"image\":{\"@type\":\"ImageObject\",\"inLanguage\":\"pt-BR\",\"@id\":\"https:\/\/www.suno.com.br\/noticias\/#\/schema\/person\/image\/\",\"url\":\"https:\/\/secure.gravatar.com\/avatar\/6ff047fc08f82f36fd10bcae9caa7303?s=96&r=g\",\"contentUrl\":\"https:\/\/secure.gravatar.com\/avatar\/6ff047fc08f82f36fd10bcae9caa7303?s=96&r=g\",\"caption\":\"Allan Ravagnani\"},\"description\":\"Jornalista com especializa\u00e7\u00f5es em macroeconomia, finan\u00e7as e ci\u00eancia pol\u00edtica. Foi editor no site Intelig\u00eancia Financeira e atuou nos ve\u00edculos TC Mover (Traders Club), Valor Econ\u00f4mico, CMA Markets, Terra e Folha de S.Paulo. Atualmente, \u00e9 colaborador do Suno Not\u00edcias.\",\"url\":\"https:\/\/www.suno.com.br\/noticias\/author\/allan-ravagnani\/\"}]}<\/script>\n<!-- \/ Yoast SEO plugin. -->","yoast_head_json":{"title":"Tributa\u00e7\u00e3o de fundos d\u00e1 luz aos fundos de previd\u00eancia privada, diz gestora","description":"A MP que taxa fundos exclusivos tem jogado luz nos fundos de previd\u00eancia privada, diz s\u00f3cia da Semeare Investimentos, Carolina Volcov. Entenda","robots":{"index":"index","follow":"follow","max-snippet":"max-snippet:-1","max-image-preview":"max-image-preview:large","max-video-preview":"max-video-preview:-1"},"canonical":"https:\/\/www.suno.com.br\/noticias\/fundos-tributacao-exclusivos-previdencia-privada-ar\/","og_locale":"pt_BR","og_type":"article","og_title":"Tributa\u00e7\u00e3o de fundos d\u00e1 luz aos fundos de previd\u00eancia privada, diz gestora","og_description":"A MP que taxa fundos exclusivos tem jogado luz nos fundos de previd\u00eancia privada, diz s\u00f3cia da Semeare Investimentos, Carolina Volcov. Entenda","og_url":"https:\/\/www.suno.com.br\/noticias\/fundos-tributacao-exclusivos-previdencia-privada-ar\/","og_site_name":"Suno Not\u00edcias","article_publisher":"https:\/\/facebook.com\/sunoresearch","og_image":[{"width":1280,"height":853,"url":"https:\/\/files.sunoresearch.com.br\/n\/uploads\/2023\/07\/Fundos-de-investimento.jpg","type":"image\/jpeg"}],"author":"Allan Ravagnani","twitter_card":"summary_large_image","twitter_creator":"@sunoresearch","twitter_site":"@sunoresearch","twitter_misc":{"Escrito por":"Allan Ravagnani","Est. tempo de leitura":"5 minutos"},"schema":{"@context":"https:\/\/schema.org","@graph":[{"@type":"NewsArticle","@id":"https:\/\/www.suno.com.br\/noticias\/fundos-tributacao-exclusivos-previdencia-privada-ar\/#article","isPartOf":{"@id":"https:\/\/www.suno.com.br\/noticias\/fundos-tributacao-exclusivos-previdencia-privada-ar\/"},"author":{"name":"Allan Ravagnani","@id":"https:\/\/www.suno.com.br\/noticias\/#\/schema\/person\/ff470fe052a717a4b7c2a467a4a084c2"},"headline":"Tributa\u00e7\u00e3o de fundos exclusivos joga luz nos fundos de previd\u00eancia privada. Gestora explica por qu\u00ea","datePublished":"2023-09-08T23:02:51+00:00","dateModified":"2023-09-09T00:14:16+00:00","mainEntityOfPage":{"@id":"https:\/\/www.suno.com.br\/noticias\/fundos-tributacao-exclusivos-previdencia-privada-ar\/"},"wordCount":825,"publisher":{"@id":"https:\/\/www.suno.com.br\/noticias\/#organization"},"image":{"@id":"https:\/\/www.suno.com.br\/noticias\/fundos-tributacao-exclusivos-previdencia-privada-ar\/#primaryimage"},"thumbnailUrl":"https:\/\/files.sunoresearch.com.br\/n\/uploads\/2023\/07\/Fundos-de-investimento.jpg","keywords":["Fundos de a\u00e7\u00f5es","Fundos de cr\u00e9dito","Fundos de investimento","Fundos internacionais","Fundos multimercado","Previd\u00eancia","Previd\u00eancia Social"],"articleSection":["FIIs"],"inLanguage":"pt-BR"},{"@type":"WebPage","@id":"https:\/\/www.suno.com.br\/noticias\/fundos-tributacao-exclusivos-previdencia-privada-ar\/","url":"https:\/\/www.suno.com.br\/noticias\/fundos-tributacao-exclusivos-previdencia-privada-ar\/","name":"Tributa\u00e7\u00e3o de fundos d\u00e1 luz aos fundos de previd\u00eancia privada, diz gestora","isPartOf":{"@id":"https:\/\/www.suno.com.br\/noticias\/#website"},"primaryImageOfPage":{"@id":"https:\/\/www.suno.com.br\/noticias\/fundos-tributacao-exclusivos-previdencia-privada-ar\/#primaryimage"},"image":{"@id":"https:\/\/www.suno.com.br\/noticias\/fundos-tributacao-exclusivos-previdencia-privada-ar\/#primaryimage"},"thumbnailUrl":"https:\/\/files.sunoresearch.com.br\/n\/uploads\/2023\/07\/Fundos-de-investimento.jpg","datePublished":"2023-09-08T23:02:51+00:00","dateModified":"2023-09-09T00:14:16+00:00","description":"A MP que taxa fundos exclusivos tem jogado luz nos fundos de previd\u00eancia privada, diz s\u00f3cia da Semeare Investimentos, Carolina Volcov. Entenda","breadcrumb":{"@id":"https:\/\/www.suno.com.br\/noticias\/fundos-tributacao-exclusivos-previdencia-privada-ar\/#breadcrumb"},"inLanguage":"pt-BR","potentialAction":[{"@type":"ReadAction","target":["https:\/\/www.suno.com.br\/noticias\/fundos-tributacao-exclusivos-previdencia-privada-ar\/"]}]},{"@type":"ImageObject","inLanguage":"pt-BR","@id":"https:\/\/www.suno.com.br\/noticias\/fundos-tributacao-exclusivos-previdencia-privada-ar\/#primaryimage","url":"https:\/\/files.sunoresearch.com.br\/n\/uploads\/2023\/07\/Fundos-de-investimento.jpg","contentUrl":"https:\/\/files.sunoresearch.com.br\/n\/uploads\/2023\/07\/Fundos-de-investimento.jpg","width":1280,"height":853,"caption":"SNME11 anuncia novos dividendos e retorno ser\u00e1 de 1,17% ao m\u00eas. Foto: Pixabay"},{"@type":"BreadcrumbList","@id":"https:\/\/www.suno.com.br\/noticias\/fundos-tributacao-exclusivos-previdencia-privada-ar\/#breadcrumb","itemListElement":[{"@type":"ListItem","position":1,"name":"Not\u00edcias","item":"https:\/\/www.suno.com.br\/noticias\/"},{"@type":"ListItem","position":2,"name":"FIIs","item":"https:\/\/www.suno.com.br\/noticias\/fiis\/"},{"@type":"ListItem","position":3,"name":"Tributa\u00e7\u00e3o de fundos exclusivos joga luz nos fundos de previd\u00eancia privada. Gestora explica por qu\u00ea"}]},{"@type":"WebSite","@id":"https:\/\/www.suno.com.br\/noticias\/#website","url":"https:\/\/www.suno.com.br\/noticias\/","name":"Suno Not\u00edcias","description":"Seu portal de informa\u00e7\u00e3o sobre o mundo dos investimentos","publisher":{"@id":"https:\/\/www.suno.com.br\/noticias\/#organization"},"potentialAction":[{"@type":"SearchAction","target":{"@type":"EntryPoint","urlTemplate":"https:\/\/www.suno.com.br\/noticias\/?s={search_term_string}"},"query-input":{"@type":"PropertyValueSpecification","valueRequired":true,"valueName":"search_term_string"}}],"inLanguage":"pt-BR"},{"@type":"Organization","@id":"https:\/\/www.suno.com.br\/noticias\/#organization","name":"Suno Not\u00edcias","url":"https:\/\/www.suno.com.br\/noticias\/","logo":{"@type":"ImageObject","inLanguage":"pt-BR","@id":"https:\/\/www.suno.com.br\/noticias\/#\/schema\/logo\/image\/","url":"https:\/\/files.sunoresearch.com.br\/n\/uploads\/2021\/09\/suno-logo.png","contentUrl":"https:\/\/files.sunoresearch.com.br\/n\/uploads\/2021\/09\/suno-logo.png","width":180,"height":180,"caption":"Suno Not\u00edcias"},"image":{"@id":"https:\/\/www.suno.com.br\/noticias\/#\/schema\/logo\/image\/"},"sameAs":["https:\/\/facebook.com\/sunoresearch","https:\/\/x.com\/sunoresearch","https:\/\/www.instagram.com\/suno","https:\/\/www.linkedin.com\/company\/suno-research\/","https:\/\/www.youtube.com\/c\/sunoresearch"]},{"@type":"Person","@id":"https:\/\/www.suno.com.br\/noticias\/#\/schema\/person\/ff470fe052a717a4b7c2a467a4a084c2","name":"Allan Ravagnani","image":{"@type":"ImageObject","inLanguage":"pt-BR","@id":"https:\/\/www.suno.com.br\/noticias\/#\/schema\/person\/image\/","url":"https:\/\/secure.gravatar.com\/avatar\/6ff047fc08f82f36fd10bcae9caa7303?s=96&r=g","contentUrl":"https:\/\/secure.gravatar.com\/avatar\/6ff047fc08f82f36fd10bcae9caa7303?s=96&r=g","caption":"Allan Ravagnani"},"description":"Jornalista com especializa\u00e7\u00f5es em macroeconomia, finan\u00e7as e ci\u00eancia pol\u00edtica. Foi editor no site Intelig\u00eancia Financeira e atuou nos ve\u00edculos TC Mover (Traders Club), Valor Econ\u00f4mico, CMA Markets, Terra e Folha de S.Paulo. Atualmente, \u00e9 colaborador do Suno Not\u00edcias.","url":"https:\/\/www.suno.com.br\/noticias\/author\/allan-ravagnani\/"}]}},"default_loop_html":"<div class=\"cardsPage__listCard__boxs\"><div class=\"cardsPage__listCard__boxs__img\"><a href=\"https:\/\/www.suno.com.br\/noticias\/fundos-tributacao-exclusivos-previdencia-privada-ar\/\"><img class=\"mask\" src=\"https:\/\/www.suno.com.br\/noticias\/wp-content\/themes\/suno\/resources\/images\/spotlight\/spotlight1img\/bg-mask.png\" alt=\"Image Mask\"\/><img src=\"https:\/\/files.sunoresearch.com.br\/n\/uploads\/2023\/07\/Fundos-de-investimento-400x200.jpg\" alt=\"Tributa\u00e7\u00e3o de fundos exclusivos joga luz nos fundos de previd\u00eancia privada. Gestora explica por qu\u00ea\"\/><\/a><span class=\"spotlightCategory\"><a href=\"https:\/\/www.suno.com.br\/noticias\/fiis\/\">FIIs<\/a><\/span><\/div><div class=\"cardsPage__listCard__boxs__content\"><a href=\"https:\/\/www.suno.com.br\/noticias\/fundos-tributacao-exclusivos-previdencia-privada-ar\/\"><h2 class=\"content__title\">Tributa\u00e7\u00e3o de fundos exclusivos joga luz nos fundos de previd\u00eancia privada. Gestora explica por qu\u00ea<\/h2><\/a><div class=\"newsContent__article__meta\"><div class=\"newsContent__article__meta__authorBox\"><a href=\"https:\/\/www.suno.com.br\/noticias\/author\/allan-ravagnani\/\" class=\"authorBox__avatar noMobi\"><img src=\"https:\/\/files.sunoresearch.com.br\/n\/uploads\/2023\/06\/allan-usuario-150x150.png\" alt=\"Allan Ravagnani\"><\/a><div class=\"authorBox__name\"><span>por\n\t\t\t<a href=\"https:\/\/www.suno.com.br\/noticias\/author\/allan-ravagnani\/\"><span itemprop=\"author\">Allan Ravagnani<\/span><\/a><\/span><time datetime=\"2023-09-08T20:02:51-03:00\" itemprop=\"datePublished\">08\/09\/2023 20:02<\/time><\/div><\/div><\/div><\/div><\/div>","single_layout":"posts","amp_enabled":true,"_links":{"self":[{"href":"https:\/\/www.suno.com.br\/noticias\/wp-json\/wp\/v2\/posts\/453565"}],"collection":[{"href":"https:\/\/www.suno.com.br\/noticias\/wp-json\/wp\/v2\/posts"}],"about":[{"href":"https:\/\/www.suno.com.br\/noticias\/wp-json\/wp\/v2\/types\/post"}],"author":[{"embeddable":true,"href":"https:\/\/www.suno.com.br\/noticias\/wp-json\/wp\/v2\/users\/305"}],"replies":[{"embeddable":true,"href":"https:\/\/www.suno.com.br\/noticias\/wp-json\/wp\/v2\/comments?post=453565"}],"version-history":[{"count":2,"href":"https:\/\/www.suno.com.br\/noticias\/wp-json\/wp\/v2\/posts\/453565\/revisions"}],"predecessor-version":[{"id":453824,"href":"https:\/\/www.suno.com.br\/noticias\/wp-json\/wp\/v2\/posts\/453565\/revisions\/453824"}],"wp:featuredmedia":[{"embeddable":true,"href":"https:\/\/www.suno.com.br\/noticias\/wp-json\/wp\/v2\/media\/431826"}],"wp:attachment":[{"href":"https:\/\/www.suno.com.br\/noticias\/wp-json\/wp\/v2\/media?parent=453565"}],"wp:term":[{"taxonomy":"category","embeddable":true,"href":"https:\/\/www.suno.com.br\/noticias\/wp-json\/wp\/v2\/categories?post=453565"},{"taxonomy":"post_tag","embeddable":true,"href":"https:\/\/www.suno.com.br\/noticias\/wp-json\/wp\/v2\/tags?post=453565"},{"taxonomy":"suno_strategy","embeddable":true,"href":"https:\/\/www.suno.com.br\/noticias\/wp-json\/wp\/v2\/suno_strategy?post=453565"}],"curies":[{"name":"wp","href":"https:\/\/api.w.org\/{rel}","templated":true}]}}