{"id":453497,"date":"2023-09-08T13:20:51","date_gmt":"2023-09-08T16:20:51","guid":{"rendered":"https:\/\/www.suno.com.br\/noticias\/?p=453497"},"modified":"2023-09-08T20:09:22","modified_gmt":"2023-09-08T23:09:22","slug":"fundos-de-investimento-volume-gestores-460-bilhoes-evm","status":"publish","type":"post","link":"https:\/\/www.suno.com.br\/noticias\/fundos-de-investimento-volume-gestores-460-bilhoes-evm\/","title":{"rendered":"Fundos de Investimento: volume administrado por gestores sobe para R$ 460 bilh\u00f5es"},"content":{"rendered":"<p>Dados da <a class=\"suno-keyword\" data-force=\"no\" data-priority=\"2\" href=\"https:\/\/www.suno.com.br\/artigos\/anbima\/\" target=\"_blank\" rel=\"noopener\">Associa\u00e7\u00e3o Brasileira das Entidades dos Mercados Financeiro e de Capitais (ANBIMA)<\/a> mostram que o volume administrado por gestores de <strong>fundos de investimento<\/strong> subiu 8,3% no semestre, totalizando R$ 460,4 bilh\u00f5es.<\/p>\t<div class=\"wrapper-featured-image\">\n\t\t<figure class=\"spotlightImg\">\n\n\t\t\t<picture>\n\t\t\t\t<source media=\"(max-width: 768px)\" srcset=\"https:\/\/files.sunoresearch.com.br\/n\/uploads\/2021\/01\/58353c75-brasil-deve-ser-a-9a-maior-economia-do-mundo-no-fim-da-decada-400x200.webp\">\n\t\t\t\t<img loading=\"lazy\" decoding=\"async\" class=\"newsContent__article__imgCapa lazyloadDisabled \" src=\"https:\/\/files.sunoresearch.com.br\/n\/uploads\/2021\/01\/58353c75-brasil-deve-ser-a-9a-maior-economia-do-mundo-no-fim-da-decada-800x450.webp\" width=\"800\" height=\"450\" alt=\"Fundos de Investimento: volume administrado por gestores sobe para R$ 460 bilh\u00f5es\" fetchpriority=high \/>\n\t\t\t<\/picture>\n\n\t\t\t<figcaption class=\"wp-caption-text wp-caption-text--show\">Os n\u00fameros mostram que entrada de 36 novas institui\u00e7\u00f5es que gerem fundos de investimento - totalizando R$ 58 bilh\u00f5es a mais - contribuiu para o crescimento do volume financeiro - Foto: Pixabay<\/figcaption>\n\t\t<\/figure>\n\t<\/div>\n\n\n\n\n\n\t<p>\n\t\t<a href=\"https:\/\/lp.suno.com.br\/planilha-da-vida-financeira\/\" target=\"_blank\" data-element=\"shortcode-suno-banner\" title=\"Banner SUNO, clique e saiba mais\">\n\t\t\t<picture>\n\t\t\t\t<source media=\"(max-width: 500px)\" srcset=\"https:\/\/files.sunoresearch.com.br\/n\/uploads\/2023\/04\/400x300-Planilha-vida-financeira-true.png\">\n\t\t\t\t<img class=\"newsContent__article__imgCapa newsContent__article__imgCapa--banner\"\n\t\t\t\t\tsrc=\"https:\/\/files.sunoresearch.com.br\/n\/uploads\/2023\/04\/1420x240-Planilha-vida-financeira-true.png\"\n\t\t\t\t\tdata-promo-id=\"106682\"\t\t\t\t\t\t\t\t\t\twidth='1420' height='240'\t\t\t\t\talt=\"https:\/\/files.sunoresearch.com.br\/n\/uploads\/2023\/04\/1420x240-Planilha-vida-financeira-true.png\"\n\t\t\t\t>\n\t\t\t<\/picture>\n\t\t<\/a>\n\t<\/p>\n\n\n\n\n\n\n\n<p>Os n\u00fameros indicam que entrada de 36 novas institui\u00e7\u00f5es de fundos de investimento &#8211; totalizando R$ 58 bilh\u00f5es a mais &#8211; contribuiu para o crescimento do volume financeiro.<\/p>\n\n\n\n<p>A ANBIMA aponta que o montante aumentou em todas as classes, com destaque para a renda fixa, que avan\u00e7ou 11,1%, passando de R$ 160,5 bilh\u00f5es para R$ 178,3 bilh\u00f5es entre dezembro de 2022 e junho de 2023.<\/p>\n\n\n\n<p>\u201cEm um cen\u00e1rio de Selic alta, \u00e9 natural que os gestores busquem diversifica\u00e7\u00e3o, rentabilidade e seguran\u00e7a em produtos menos arrojados, ampliado a participa\u00e7\u00e3o da renda fixa na composi\u00e7\u00e3o das carteiras\u201d, afirma Fernando Vallada, diretor da ANBIMA.<\/p>\n\n\n\n<p>No caso dos <strong>fundos de renda fixa<\/strong> &#8211; incluindo <a class=\"suno-keyword\" target=\"_blank\" data-force=\"no\" data-priority=\"1\" href=\"https:\/\/www.suno.com.br\/artigos\/titulos-publicos\/\" rel=\"noopener\">t\u00edtulos p\u00fablicos<\/a> e FIDCs &#8211; houve maior peso no volume financeiro, respondendo por 61,2% do crescimento entre todos os ativos de renda fixa.<\/p>\n\n\n\n<p>J\u00e1 o patrim\u00f4nio l\u00edquido da renda vari\u00e1vel aumentou 4,4%, de R$ 135,9 bilh\u00f5es em dezembro de 2022 para R$ 141,9 bilh\u00f5es no final do primeiro semestre deste ano. <\/p>\n\n\n\n<p>Os <strong>Fundos de A\u00e7\u00f5es<\/strong> tiveram um leve recuo de 0,3% e totalizam R\uff04 84,6 bilh\u00f5es.<\/p>\n\n\n\n<p>\u201cA aplica\u00e7\u00e3o em a\u00e7\u00f5es foi estimulada pelo Ibovespa, que terminou o semestre em alta, frente ao otimismo pela queda da taxa de juros, que se confirmou no in\u00edcio de agosto, pela redu\u00e7\u00e3o nos pre\u00e7os e pelo arcabou\u00e7o fiscal&#8221;, explica Vallada.<\/p>\n\n\n\n\t<div data-element=\"shortcode-read-more\" class=\"readToo\">\n\t\t\t\t<span class=\"readToo__title\">Leia mais<\/span>\n\t\t\t\t<ul class=\"readToo__list\">\n\t\t\t<li><a href=\"https:\/\/www.suno.com.br\/noticias\/petrobras-petr4-novo-recorde-refinarias-evm\/\">Petrobras (PETR4) atinge novo recorde de fator de utiliza\u00e7\u00e3o nas refinarias<\/a><\/li><li><a href=\"https:\/\/www.suno.com.br\/noticias\/ibovespa-ao-vivo-o-que-acontece-no-mercado-nesta-sexta-feira-8-apos-feriado-nacional\/\">Ibovespa cai pressionado pela forte queda da Vale (VALE3) e baixa da Petrobras (PETR4); Marfrig (MRFG3) lidera ganhos e Ita\u00fa (ITUB4) sobe<\/a><\/li><li><a href=\"https:\/\/www.suno.com.br\/noticias\/fundo-verde-stuhlberger-agosto-bolsa-brasileira-evm\/\">Fundo Verde: ap\u00f3s &#8216;agosto sangrento&#8217;, Stuhlberger aumenta aposta em bolsa brasileira<\/a><\/li>\t\t<\/ul>\n\t<\/div>\n\n\n\n\n<p>&#8220;Os fundos de a\u00e7\u00f5es, por outro lado, demoram um pouco mais para refletir esse movimento do mercado j\u00e1 que os juros ainda est\u00e3o na casa dos dois d\u00edgitos, tornando, muitas vezes, o investimento, menos rent\u00e1vel em rela\u00e7\u00e3o \u00e0 pr\u00f3pria Selic\u201d, segue.<\/p>\n\n\n\n<h2 class=\"wp-block-heading\">Produtos isentos de Imposto de Renda<\/h2>\n\n\n\n<p>O balan\u00e7o de volumes financeiros da entidade tamb\u00e9m mostra que <strong>produtos isentos de imposto de renda<\/strong> cresceram 24%, totalizando R$ 35,2 bilh\u00f5es. <\/p>\n\n\n\n<p>As <strong>Deb\u00eantures incentivadas<\/strong>, por exemplo, avan\u00e7aram 44,7%, chegando a R$ 7,1 bilh\u00f5es. As <strong>LCIs<\/strong> e <strong>LCAs<\/strong> (Letras de Cr\u00e9dito Imobili\u00e1rio e do Agroneg\u00f3cio, respectivamente) registraram varia\u00e7\u00f5es positivas de 47,5% e 15,5%, totalizando R$ 5,8 bilh\u00f5es e R$ 7,5 bilh\u00f5es, respectivamente.<\/p>\n\n\n\t<p>\n\t\t<a href=\"https:\/\/lp.suno.com.br\/ebook-como-analisar-uma-acao\/\" target=\"_blank\" data-element=\"shortcode-suno-banner\" title=\"Banner SUNO, clique e saiba mais\">\n\t\t\t<picture>\n\t\t\t\t<source media=\"(max-width: 500px)\" srcset=\"https:\/\/files.sunoresearch.com.br\/n\/uploads\/2023\/03\/Ebook-Acoes-Mobile.jpg\">\n\t\t\t\t<img class=\"newsContent__article__imgCapa newsContent__article__imgCapa--banner\"\n\t\t\t\t\tsrc=\"https:\/\/files.sunoresearch.com.br\/n\/uploads\/2023\/03\/Ebook-Acoes-Desktop.jpg\"\n\t\t\t\t\tdata-promo-id=\"378302\"\t\t\t\t\t\t\t\t\t\twidth='1420' height='286'\t\t\t\t\talt=\"https:\/\/files.sunoresearch.com.br\/n\/uploads\/2023\/03\/Ebook-Acoes-Desktop.jpg\"\n\t\t\t\t>\n\t\t\t<\/picture>\n\t\t<\/a>\n\t<\/p>\n\n\n\n\n\n<p>As <strong>opera\u00e7\u00f5es compromissadas<\/strong> recuaram 10,1%, para R\uff04 3,3 bilh\u00f5es, enquanto <strong>deb\u00eantures tradicionais<\/strong> registraram queda de 7,8%, fechando o semestre com volume financeiro de R\uff04 11,4 bilh\u00f5es.<\/p>\n\n\n\n<h2 class=\"wp-block-heading\">Fundos de investimento imobili\u00e1rio e multimercados crescem<\/h2>\n\n\n\n<p>Os dados da ANBIMA ainda revelam que os produtos h\u00edbridos foram puxados pelos fundos <strong>multimercados<\/strong>, considerando que o volume aplicado mostrou alta de 8,4%, para atuais R$ 125,6 bilh\u00f5es em junho.<\/p>\n\n\n\n<p>O volume investido em <strong>fundos imobili\u00e1rios (FIIs)<\/strong> aumentou 13,7%, chegando a R$ 15,1 bilh\u00f5es. <\/p>\n\n\n\n<p>Os <strong>ETFs<\/strong> (Exchange Trade Funds), por sua vez, avan\u00e7aram 27,7%, totalizando R\uff04 1,7 bilh\u00e3o.<\/p>\n\n\n\n<p>\u201cAs expectativas sobre a redu\u00e7\u00e3o da taxa de juros, que permearam o notici\u00e1rio econ\u00f4mico no semestre, e perspectivas positivas a respeito do novo governo deram f\u00f4lego a produtos mais arrojados como os multimercados\u201d, ressalta Vallada sobre a mudan\u00e7a nos <strong>fundos de investimento<\/strong>.<\/p>\n\n\n\t<p>\n\t\t<a href=\"https:\/\/lp.suno.com.br\/planilha-da-vida-financeira\/\" target=\"_blank\" data-element=\"shortcode-suno-banner\" title=\"Banner SUNO, clique e saiba mais\">\n\t\t\t<picture>\n\t\t\t\t<source media=\"(max-width: 500px)\" srcset=\"https:\/\/files.sunoresearch.com.br\/n\/uploads\/2023\/04\/400x300-Planilha-vida-financeira-true.png\">\n\t\t\t\t<img class=\"newsContent__article__imgCapa newsContent__article__imgCapa--banner\"\n\t\t\t\t\tsrc=\"https:\/\/files.sunoresearch.com.br\/n\/uploads\/2023\/04\/1420x240-Planilha-vida-financeira-true.png\"\n\t\t\t\t\tdata-promo-id=\"383123\"\t\t\t\t\t\t\t\t\t\twidth='1420' height='240'\t\t\t\t\talt=\"https:\/\/files.sunoresearch.com.br\/n\/uploads\/2023\/04\/1420x240-Planilha-vida-financeira-true.png\"\n\t\t\t\t>\n\t\t\t<\/picture>\n\t\t<\/a>\n\t<\/p>\n\n\n","protected":false},"excerpt":{"rendered":"<p>Dados da Associa\u00e7\u00e3o Brasileira das Entidades dos Mercados Financeiro e de Capitais (ANBIMA) mostram que o volume administrado por gestores de fundos de investimento subiu 8,3% no semestre, totalizando R$ 460,4 bilh\u00f5es. Os n\u00fameros mostram que entrada de 36 novas institui\u00e7\u00f5es que gerem fundos de investimento &#8211; totalizando R$ 58 bilh\u00f5es a mais &#8211; contribuiu [&hellip;]<\/p>\n","protected":false},"author":73,"featured_media":112238,"comment_status":"closed","ping_status":"closed","sticky":false,"template":"","format":"standard","meta":[],"categories":[60],"tags":[],"suno_strategy":[],"class_list":["post-453497","post","type-post","status-publish","format-standard","has-post-thumbnail","hentry","category-mercado"],"yoast_head":"<!-- This site is optimized with the Yoast SEO plugin v24.4 - https:\/\/yoast.com\/wordpress\/plugins\/seo\/ -->\n<title>Fundos de Investimento: Volume administrado sobe para R$ 460 bilh\u00f5es<\/title>\n<meta name=\"description\" content=\"Executivos da Anbima destacam influ\u00eancia de queda de juros e redu\u00e7\u00e3o de ru\u00eddos no governo para melhora de capta\u00e7\u00e3o de fundos de investimento\" \/>\n<meta name=\"robots\" content=\"index, follow, max-snippet:-1, max-image-preview:large, max-video-preview:-1\" \/>\n<link rel=\"canonical\" href=\"https:\/\/www.suno.com.br\/noticias\/fundos-de-investimento-volume-gestores-460-bilhoes-evm\/\" \/>\n<meta property=\"og:locale\" content=\"pt_BR\" \/>\n<meta property=\"og:type\" content=\"article\" \/>\n<meta property=\"og:title\" content=\"Fundos de Investimento: Volume administrado sobe para R$ 460 bilh\u00f5es\" \/>\n<meta property=\"og:description\" content=\"Executivos da Anbima destacam influ\u00eancia de queda de juros e redu\u00e7\u00e3o de ru\u00eddos no governo para melhora de capta\u00e7\u00e3o de fundos de investimento\" \/>\n<meta property=\"og:url\" content=\"https:\/\/www.suno.com.br\/noticias\/fundos-de-investimento-volume-gestores-460-bilhoes-evm\/\" \/>\n<meta property=\"og:site_name\" content=\"Suno Not\u00edcias\" \/>\n<meta property=\"article:publisher\" content=\"https:\/\/facebook.com\/sunoresearch\" \/>\n<meta property=\"og:image\" content=\"https:\/\/files.sunoresearch.com.br\/n\/uploads\/2021\/01\/58353c75-brasil-deve-ser-a-9a-maior-economia-do-mundo-no-fim-da-decada.jpg\" \/>\n\t<meta property=\"og:image:width\" content=\"1200\" \/>\n\t<meta property=\"og:image:height\" content=\"812\" \/>\n\t<meta property=\"og:image:type\" content=\"image\/jpeg\" \/>\n<meta name=\"author\" content=\"Eduardo Vargas\" \/>\n<meta name=\"twitter:card\" content=\"summary_large_image\" \/>\n<meta name=\"twitter:creator\" content=\"@sunoresearch\" \/>\n<meta name=\"twitter:site\" content=\"@sunoresearch\" \/>\n<meta name=\"twitter:label1\" content=\"Escrito por\" \/>\n\t<meta name=\"twitter:data1\" content=\"Eduardo Vargas\" \/>\n\t<meta name=\"twitter:label2\" content=\"Est. tempo de leitura\" \/>\n\t<meta name=\"twitter:data2\" content=\"3 minutos\" \/>\n<script type=\"application\/ld+json\" class=\"yoast-schema-graph\">{\"@context\":\"https:\/\/schema.org\",\"@graph\":[{\"@type\":\"NewsArticle\",\"@id\":\"https:\/\/www.suno.com.br\/noticias\/fundos-de-investimento-volume-gestores-460-bilhoes-evm\/#article\",\"isPartOf\":{\"@id\":\"https:\/\/www.suno.com.br\/noticias\/fundos-de-investimento-volume-gestores-460-bilhoes-evm\/\"},\"author\":{\"name\":\"Eduardo Vargas\",\"@id\":\"https:\/\/www.suno.com.br\/noticias\/#\/schema\/person\/7f4d362bf3518e76090143ae77bb49a5\"},\"headline\":\"Fundos de Investimento: volume administrado por gestores sobe para R$ 460 bilh\u00f5es\",\"datePublished\":\"2023-09-08T16:20:51+00:00\",\"dateModified\":\"2023-09-08T23:09:22+00:00\",\"mainEntityOfPage\":{\"@id\":\"https:\/\/www.suno.com.br\/noticias\/fundos-de-investimento-volume-gestores-460-bilhoes-evm\/\"},\"wordCount\":538,\"publisher\":{\"@id\":\"https:\/\/www.suno.com.br\/noticias\/#organization\"},\"image\":{\"@id\":\"https:\/\/www.suno.com.br\/noticias\/fundos-de-investimento-volume-gestores-460-bilhoes-evm\/#primaryimage\"},\"thumbnailUrl\":\"https:\/\/files.sunoresearch.com.br\/n\/uploads\/2021\/01\/58353c75-brasil-deve-ser-a-9a-maior-economia-do-mundo-no-fim-da-decada-jpg.webp\",\"articleSection\":[\"Mercado\"],\"inLanguage\":\"pt-BR\"},{\"@type\":\"WebPage\",\"@id\":\"https:\/\/www.suno.com.br\/noticias\/fundos-de-investimento-volume-gestores-460-bilhoes-evm\/\",\"url\":\"https:\/\/www.suno.com.br\/noticias\/fundos-de-investimento-volume-gestores-460-bilhoes-evm\/\",\"name\":\"Fundos de Investimento: Volume administrado sobe para R$ 460 bilh\u00f5es\",\"isPartOf\":{\"@id\":\"https:\/\/www.suno.com.br\/noticias\/#website\"},\"primaryImageOfPage\":{\"@id\":\"https:\/\/www.suno.com.br\/noticias\/fundos-de-investimento-volume-gestores-460-bilhoes-evm\/#primaryimage\"},\"image\":{\"@id\":\"https:\/\/www.suno.com.br\/noticias\/fundos-de-investimento-volume-gestores-460-bilhoes-evm\/#primaryimage\"},\"thumbnailUrl\":\"https:\/\/files.sunoresearch.com.br\/n\/uploads\/2021\/01\/58353c75-brasil-deve-ser-a-9a-maior-economia-do-mundo-no-fim-da-decada-jpg.webp\",\"datePublished\":\"2023-09-08T16:20:51+00:00\",\"dateModified\":\"2023-09-08T23:09:22+00:00\",\"description\":\"Executivos da Anbima destacam influ\u00eancia de queda de juros e redu\u00e7\u00e3o de ru\u00eddos no governo para melhora de capta\u00e7\u00e3o de fundos de investimento\",\"breadcrumb\":{\"@id\":\"https:\/\/www.suno.com.br\/noticias\/fundos-de-investimento-volume-gestores-460-bilhoes-evm\/#breadcrumb\"},\"inLanguage\":\"pt-BR\",\"potentialAction\":[{\"@type\":\"ReadAction\",\"target\":[\"https:\/\/www.suno.com.br\/noticias\/fundos-de-investimento-volume-gestores-460-bilhoes-evm\/\"]}]},{\"@type\":\"ImageObject\",\"inLanguage\":\"pt-BR\",\"@id\":\"https:\/\/www.suno.com.br\/noticias\/fundos-de-investimento-volume-gestores-460-bilhoes-evm\/#primaryimage\",\"url\":\"https:\/\/files.sunoresearch.com.br\/n\/uploads\/2021\/01\/58353c75-brasil-deve-ser-a-9a-maior-economia-do-mundo-no-fim-da-decada-jpg.webp\",\"contentUrl\":\"https:\/\/files.sunoresearch.com.br\/n\/uploads\/2021\/01\/58353c75-brasil-deve-ser-a-9a-maior-economia-do-mundo-no-fim-da-decada-jpg.webp\",\"width\":1200,\"height\":812,\"caption\":\"Os n\u00fameros mostram que entrada de 36 novas institui\u00e7\u00f5es que gerem fundos de investimento - totalizando R$ 58 bilh\u00f5es a mais - contribuiu para o crescimento do volume financeiro - Foto: Pixabay\"},{\"@type\":\"BreadcrumbList\",\"@id\":\"https:\/\/www.suno.com.br\/noticias\/fundos-de-investimento-volume-gestores-460-bilhoes-evm\/#breadcrumb\",\"itemListElement\":[{\"@type\":\"ListItem\",\"position\":1,\"name\":\"Not\u00edcias\",\"item\":\"https:\/\/www.suno.com.br\/noticias\/\"},{\"@type\":\"ListItem\",\"position\":2,\"name\":\"Mercado\",\"item\":\"https:\/\/www.suno.com.br\/noticias\/mercado\/\"},{\"@type\":\"ListItem\",\"position\":3,\"name\":\"Fundos de Investimento: volume administrado por gestores sobe para R$ 460 bilh\u00f5es\"}]},{\"@type\":\"WebSite\",\"@id\":\"https:\/\/www.suno.com.br\/noticias\/#website\",\"url\":\"https:\/\/www.suno.com.br\/noticias\/\",\"name\":\"Suno Not\u00edcias\",\"description\":\"Seu portal de informa\u00e7\u00e3o sobre o mundo dos investimentos\",\"publisher\":{\"@id\":\"https:\/\/www.suno.com.br\/noticias\/#organization\"},\"potentialAction\":[{\"@type\":\"SearchAction\",\"target\":{\"@type\":\"EntryPoint\",\"urlTemplate\":\"https:\/\/www.suno.com.br\/noticias\/?s={search_term_string}\"},\"query-input\":{\"@type\":\"PropertyValueSpecification\",\"valueRequired\":true,\"valueName\":\"search_term_string\"}}],\"inLanguage\":\"pt-BR\"},{\"@type\":\"Organization\",\"@id\":\"https:\/\/www.suno.com.br\/noticias\/#organization\",\"name\":\"Suno Not\u00edcias\",\"url\":\"https:\/\/www.suno.com.br\/noticias\/\",\"logo\":{\"@type\":\"ImageObject\",\"inLanguage\":\"pt-BR\",\"@id\":\"https:\/\/www.suno.com.br\/noticias\/#\/schema\/logo\/image\/\",\"url\":\"https:\/\/files.sunoresearch.com.br\/n\/uploads\/2021\/09\/suno-logo.png\",\"contentUrl\":\"https:\/\/files.sunoresearch.com.br\/n\/uploads\/2021\/09\/suno-logo.png\",\"width\":180,\"height\":180,\"caption\":\"Suno Not\u00edcias\"},\"image\":{\"@id\":\"https:\/\/www.suno.com.br\/noticias\/#\/schema\/logo\/image\/\"},\"sameAs\":[\"https:\/\/facebook.com\/sunoresearch\",\"https:\/\/x.com\/sunoresearch\",\"https:\/\/www.instagram.com\/suno\",\"https:\/\/www.linkedin.com\/company\/suno-research\/\",\"https:\/\/www.youtube.com\/c\/sunoresearch\"]},{\"@type\":\"Person\",\"@id\":\"https:\/\/www.suno.com.br\/noticias\/#\/schema\/person\/7f4d362bf3518e76090143ae77bb49a5\",\"name\":\"Eduardo Vargas\",\"image\":{\"@type\":\"ImageObject\",\"inLanguage\":\"pt-BR\",\"@id\":\"https:\/\/www.suno.com.br\/noticias\/#\/schema\/person\/image\/\",\"url\":\"https:\/\/secure.gravatar.com\/avatar\/dac340933427a22924c9f99d1eb2e3f2?s=96&r=g\",\"contentUrl\":\"https:\/\/secure.gravatar.com\/avatar\/dac340933427a22924c9f99d1eb2e3f2?s=96&r=g\",\"caption\":\"Eduardo Vargas\"},\"description\":\"Jornalista formado pela UFSC, cobre macroeconomia, neg\u00f3cios e startups para o Suno Not\u00edcias, escrevendo principalmente not\u00edcias sobre o mercado financeiro e a bolsa de valores. No YouTube e no Instagram, \u00e9 respons\u00e1vel pela produ\u00e7\u00e3o de Reels e Shorts do Suno Not\u00edcias. Anteriormente, trabalhou cobrindo economia e cotidiano no ND+ e para o ND, maior jornal impresso de Santa Catarina. Cursou um semestre letivo de Estudos de M\u00eddia na Universidad de Buenos Aires.\",\"url\":\"https:\/\/www.suno.com.br\/noticias\/author\/eduardo-vargas\/\"}]}<\/script>\n<!-- \/ Yoast SEO plugin. -->","yoast_head_json":{"title":"Fundos de Investimento: Volume administrado sobe para R$ 460 bilh\u00f5es","description":"Executivos da Anbima destacam influ\u00eancia de queda de juros e redu\u00e7\u00e3o de ru\u00eddos no governo para melhora de capta\u00e7\u00e3o de fundos de investimento","robots":{"index":"index","follow":"follow","max-snippet":"max-snippet:-1","max-image-preview":"max-image-preview:large","max-video-preview":"max-video-preview:-1"},"canonical":"https:\/\/www.suno.com.br\/noticias\/fundos-de-investimento-volume-gestores-460-bilhoes-evm\/","og_locale":"pt_BR","og_type":"article","og_title":"Fundos de Investimento: Volume administrado sobe para R$ 460 bilh\u00f5es","og_description":"Executivos da Anbima destacam influ\u00eancia de queda de juros e redu\u00e7\u00e3o de ru\u00eddos no governo para melhora de capta\u00e7\u00e3o de fundos de investimento","og_url":"https:\/\/www.suno.com.br\/noticias\/fundos-de-investimento-volume-gestores-460-bilhoes-evm\/","og_site_name":"Suno Not\u00edcias","article_publisher":"https:\/\/facebook.com\/sunoresearch","og_image":[{"width":1200,"height":812,"url":"https:\/\/files.sunoresearch.com.br\/n\/uploads\/2021\/01\/58353c75-brasil-deve-ser-a-9a-maior-economia-do-mundo-no-fim-da-decada.jpg","type":"image\/jpeg"}],"author":"Eduardo Vargas","twitter_card":"summary_large_image","twitter_creator":"@sunoresearch","twitter_site":"@sunoresearch","twitter_misc":{"Escrito por":"Eduardo Vargas","Est. tempo de leitura":"3 minutos"},"schema":{"@context":"https:\/\/schema.org","@graph":[{"@type":"NewsArticle","@id":"https:\/\/www.suno.com.br\/noticias\/fundos-de-investimento-volume-gestores-460-bilhoes-evm\/#article","isPartOf":{"@id":"https:\/\/www.suno.com.br\/noticias\/fundos-de-investimento-volume-gestores-460-bilhoes-evm\/"},"author":{"name":"Eduardo Vargas","@id":"https:\/\/www.suno.com.br\/noticias\/#\/schema\/person\/7f4d362bf3518e76090143ae77bb49a5"},"headline":"Fundos de Investimento: volume administrado por gestores sobe para R$ 460 bilh\u00f5es","datePublished":"2023-09-08T16:20:51+00:00","dateModified":"2023-09-08T23:09:22+00:00","mainEntityOfPage":{"@id":"https:\/\/www.suno.com.br\/noticias\/fundos-de-investimento-volume-gestores-460-bilhoes-evm\/"},"wordCount":538,"publisher":{"@id":"https:\/\/www.suno.com.br\/noticias\/#organization"},"image":{"@id":"https:\/\/www.suno.com.br\/noticias\/fundos-de-investimento-volume-gestores-460-bilhoes-evm\/#primaryimage"},"thumbnailUrl":"https:\/\/files.sunoresearch.com.br\/n\/uploads\/2021\/01\/58353c75-brasil-deve-ser-a-9a-maior-economia-do-mundo-no-fim-da-decada-jpg.webp","articleSection":["Mercado"],"inLanguage":"pt-BR"},{"@type":"WebPage","@id":"https:\/\/www.suno.com.br\/noticias\/fundos-de-investimento-volume-gestores-460-bilhoes-evm\/","url":"https:\/\/www.suno.com.br\/noticias\/fundos-de-investimento-volume-gestores-460-bilhoes-evm\/","name":"Fundos de Investimento: Volume administrado sobe para R$ 460 bilh\u00f5es","isPartOf":{"@id":"https:\/\/www.suno.com.br\/noticias\/#website"},"primaryImageOfPage":{"@id":"https:\/\/www.suno.com.br\/noticias\/fundos-de-investimento-volume-gestores-460-bilhoes-evm\/#primaryimage"},"image":{"@id":"https:\/\/www.suno.com.br\/noticias\/fundos-de-investimento-volume-gestores-460-bilhoes-evm\/#primaryimage"},"thumbnailUrl":"https:\/\/files.sunoresearch.com.br\/n\/uploads\/2021\/01\/58353c75-brasil-deve-ser-a-9a-maior-economia-do-mundo-no-fim-da-decada-jpg.webp","datePublished":"2023-09-08T16:20:51+00:00","dateModified":"2023-09-08T23:09:22+00:00","description":"Executivos da Anbima destacam influ\u00eancia de queda de juros e redu\u00e7\u00e3o de ru\u00eddos no governo para melhora de capta\u00e7\u00e3o de fundos de investimento","breadcrumb":{"@id":"https:\/\/www.suno.com.br\/noticias\/fundos-de-investimento-volume-gestores-460-bilhoes-evm\/#breadcrumb"},"inLanguage":"pt-BR","potentialAction":[{"@type":"ReadAction","target":["https:\/\/www.suno.com.br\/noticias\/fundos-de-investimento-volume-gestores-460-bilhoes-evm\/"]}]},{"@type":"ImageObject","inLanguage":"pt-BR","@id":"https:\/\/www.suno.com.br\/noticias\/fundos-de-investimento-volume-gestores-460-bilhoes-evm\/#primaryimage","url":"https:\/\/files.sunoresearch.com.br\/n\/uploads\/2021\/01\/58353c75-brasil-deve-ser-a-9a-maior-economia-do-mundo-no-fim-da-decada-jpg.webp","contentUrl":"https:\/\/files.sunoresearch.com.br\/n\/uploads\/2021\/01\/58353c75-brasil-deve-ser-a-9a-maior-economia-do-mundo-no-fim-da-decada-jpg.webp","width":1200,"height":812,"caption":"Os n\u00fameros mostram que entrada de 36 novas institui\u00e7\u00f5es que gerem fundos de investimento - totalizando R$ 58 bilh\u00f5es a mais - contribuiu para o crescimento do volume financeiro - Foto: Pixabay"},{"@type":"BreadcrumbList","@id":"https:\/\/www.suno.com.br\/noticias\/fundos-de-investimento-volume-gestores-460-bilhoes-evm\/#breadcrumb","itemListElement":[{"@type":"ListItem","position":1,"name":"Not\u00edcias","item":"https:\/\/www.suno.com.br\/noticias\/"},{"@type":"ListItem","position":2,"name":"Mercado","item":"https:\/\/www.suno.com.br\/noticias\/mercado\/"},{"@type":"ListItem","position":3,"name":"Fundos de Investimento: volume administrado por gestores sobe para R$ 460 bilh\u00f5es"}]},{"@type":"WebSite","@id":"https:\/\/www.suno.com.br\/noticias\/#website","url":"https:\/\/www.suno.com.br\/noticias\/","name":"Suno Not\u00edcias","description":"Seu portal de informa\u00e7\u00e3o sobre o mundo dos investimentos","publisher":{"@id":"https:\/\/www.suno.com.br\/noticias\/#organization"},"potentialAction":[{"@type":"SearchAction","target":{"@type":"EntryPoint","urlTemplate":"https:\/\/www.suno.com.br\/noticias\/?s={search_term_string}"},"query-input":{"@type":"PropertyValueSpecification","valueRequired":true,"valueName":"search_term_string"}}],"inLanguage":"pt-BR"},{"@type":"Organization","@id":"https:\/\/www.suno.com.br\/noticias\/#organization","name":"Suno Not\u00edcias","url":"https:\/\/www.suno.com.br\/noticias\/","logo":{"@type":"ImageObject","inLanguage":"pt-BR","@id":"https:\/\/www.suno.com.br\/noticias\/#\/schema\/logo\/image\/","url":"https:\/\/files.sunoresearch.com.br\/n\/uploads\/2021\/09\/suno-logo.png","contentUrl":"https:\/\/files.sunoresearch.com.br\/n\/uploads\/2021\/09\/suno-logo.png","width":180,"height":180,"caption":"Suno Not\u00edcias"},"image":{"@id":"https:\/\/www.suno.com.br\/noticias\/#\/schema\/logo\/image\/"},"sameAs":["https:\/\/facebook.com\/sunoresearch","https:\/\/x.com\/sunoresearch","https:\/\/www.instagram.com\/suno","https:\/\/www.linkedin.com\/company\/suno-research\/","https:\/\/www.youtube.com\/c\/sunoresearch"]},{"@type":"Person","@id":"https:\/\/www.suno.com.br\/noticias\/#\/schema\/person\/7f4d362bf3518e76090143ae77bb49a5","name":"Eduardo Vargas","image":{"@type":"ImageObject","inLanguage":"pt-BR","@id":"https:\/\/www.suno.com.br\/noticias\/#\/schema\/person\/image\/","url":"https:\/\/secure.gravatar.com\/avatar\/dac340933427a22924c9f99d1eb2e3f2?s=96&r=g","contentUrl":"https:\/\/secure.gravatar.com\/avatar\/dac340933427a22924c9f99d1eb2e3f2?s=96&r=g","caption":"Eduardo Vargas"},"description":"Jornalista formado pela UFSC, cobre macroeconomia, neg\u00f3cios e startups para o Suno Not\u00edcias, escrevendo principalmente not\u00edcias sobre o mercado financeiro e a bolsa de valores. No YouTube e no Instagram, \u00e9 respons\u00e1vel pela produ\u00e7\u00e3o de Reels e Shorts do Suno Not\u00edcias. Anteriormente, trabalhou cobrindo economia e cotidiano no ND+ e para o ND, maior jornal impresso de Santa Catarina. Cursou um semestre letivo de Estudos de M\u00eddia na Universidad de Buenos Aires.","url":"https:\/\/www.suno.com.br\/noticias\/author\/eduardo-vargas\/"}]}},"default_loop_html":"<div class=\"cardsPage__listCard__boxs\"><div class=\"cardsPage__listCard__boxs__img\"><a href=\"https:\/\/www.suno.com.br\/noticias\/fundos-de-investimento-volume-gestores-460-bilhoes-evm\/\"><img class=\"mask\" src=\"https:\/\/www.suno.com.br\/noticias\/wp-content\/themes\/suno\/resources\/images\/spotlight\/spotlight1img\/bg-mask.png\" alt=\"Image Mask\"\/><img src=\"https:\/\/files.sunoresearch.com.br\/n\/uploads\/2021\/01\/58353c75-brasil-deve-ser-a-9a-maior-economia-do-mundo-no-fim-da-decada-400x200.webp\" alt=\"Fundos de Investimento: volume administrado por gestores sobe para R$ 460 bilh\u00f5es\"\/><\/a><span class=\"spotlightCategory\"><a href=\"https:\/\/www.suno.com.br\/noticias\/mercado\/\">Mercado<\/a><\/span><\/div><div class=\"cardsPage__listCard__boxs__content\"><a href=\"https:\/\/www.suno.com.br\/noticias\/fundos-de-investimento-volume-gestores-460-bilhoes-evm\/\"><h2 class=\"content__title\">Fundos de Investimento: volume administrado por gestores sobe para R$ 460 bilh\u00f5es<\/h2><\/a><div class=\"newsContent__article__meta\"><div class=\"newsContent__article__meta__authorBox\"><a href=\"https:\/\/www.suno.com.br\/noticias\/author\/eduardo-vargas\/\" class=\"authorBox__avatar noMobi\"><img src=\"https:\/\/secure.gravatar.com\/avatar\/dac340933427a22924c9f99d1eb2e3f2?s=96&#038;r=g\" alt=\"Eduardo Vargas\"><\/a><div class=\"authorBox__name\"><span>por\n\t\t\t<a href=\"https:\/\/www.suno.com.br\/noticias\/author\/eduardo-vargas\/\"><span itemprop=\"author\">Eduardo Vargas<\/span><\/a><\/span><time datetime=\"2023-09-08T13:20:51-03:00\" itemprop=\"datePublished\">08\/09\/2023 13:20<\/time><\/div><\/div><\/div><\/div><\/div>","single_layout":"posts","amp_enabled":true,"_links":{"self":[{"href":"https:\/\/www.suno.com.br\/noticias\/wp-json\/wp\/v2\/posts\/453497"}],"collection":[{"href":"https:\/\/www.suno.com.br\/noticias\/wp-json\/wp\/v2\/posts"}],"about":[{"href":"https:\/\/www.suno.com.br\/noticias\/wp-json\/wp\/v2\/types\/post"}],"author":[{"embeddable":true,"href":"https:\/\/www.suno.com.br\/noticias\/wp-json\/wp\/v2\/users\/73"}],"replies":[{"embeddable":true,"href":"https:\/\/www.suno.com.br\/noticias\/wp-json\/wp\/v2\/comments?post=453497"}],"version-history":[{"count":2,"href":"https:\/\/www.suno.com.br\/noticias\/wp-json\/wp\/v2\/posts\/453497\/revisions"}],"predecessor-version":[{"id":453775,"href":"https:\/\/www.suno.com.br\/noticias\/wp-json\/wp\/v2\/posts\/453497\/revisions\/453775"}],"wp:featuredmedia":[{"embeddable":true,"href":"https:\/\/www.suno.com.br\/noticias\/wp-json\/wp\/v2\/media\/112238"}],"wp:attachment":[{"href":"https:\/\/www.suno.com.br\/noticias\/wp-json\/wp\/v2\/media?parent=453497"}],"wp:term":[{"taxonomy":"category","embeddable":true,"href":"https:\/\/www.suno.com.br\/noticias\/wp-json\/wp\/v2\/categories?post=453497"},{"taxonomy":"post_tag","embeddable":true,"href":"https:\/\/www.suno.com.br\/noticias\/wp-json\/wp\/v2\/tags?post=453497"},{"taxonomy":"suno_strategy","embeddable":true,"href":"https:\/\/www.suno.com.br\/noticias\/wp-json\/wp\/v2\/suno_strategy?post=453497"}],"curies":[{"name":"wp","href":"https:\/\/api.w.org\/{rel}","templated":true}]}}