{"id":453390,"date":"2023-09-08T10:41:08","date_gmt":"2023-09-08T13:41:08","guid":{"rendered":"https:\/\/www.suno.com.br\/noticias\/?p=453390"},"modified":"2023-09-08T10:41:15","modified_gmt":"2023-09-08T13:41:15","slug":"weg-wege3-producao-tintas-industriais-gpj","status":"publish","type":"post","link":"https:\/\/www.suno.com.br\/noticias\/weg-wege3-producao-tintas-industriais-gpj\/","title":{"rendered":"Weg (WEGE3) expandir\u00e1 capacidade de produ\u00e7\u00e3o de tintas industriais no Brasil, diz jornal"},"content":{"rendered":"<p>A <a href=\"https:\/\/www.suno.com.br\/acoes\/WEGE3\/\"><strong>Weg<\/strong> (WEGE3)<\/a> anunciou que vai investir R$ 70 milh\u00f5es para expandir a capacidade de produ\u00e7\u00e3o de tintas l\u00edquidas industriais no Brasil at\u00e9 2024, segundo informa\u00e7\u00f5es do jornal Valor Econ\u00f4mico.<\/p>\t<div class=\"wrapper-featured-image\">\n\t\t<figure class=\"spotlightImg\">\n\n\t\t\t<picture>\n\t\t\t\t<source media=\"(max-width: 768px)\" srcset=\"https:\/\/files.sunoresearch.com.br\/n\/uploads\/2022\/12\/Weg-wege3-400x200.jpg\">\n\t\t\t\t<img loading=\"lazy\" decoding=\"async\" class=\"newsContent__article__imgCapa lazyloadDisabled \" src=\"https:\/\/files.sunoresearch.com.br\/n\/uploads\/2022\/12\/Weg-wege3-800x450.jpg\" width=\"800\" height=\"450\" alt=\"Weg (WEGE3) expandir\u00e1 capacidade de produ\u00e7\u00e3o de tintas industriais no Brasil, diz jornal\" fetchpriority=high \/>\n\t\t\t<\/picture>\n\n\t\t\t<figcaption class=\"wp-caption-text wp-caption-text--show\">Weg (WEGE3) - Foto: Divulga\u00e7\u00e3o\n<\/figcaption>\n\t\t<\/figure>\n\t<\/div>\n\n\n\n\n\n\n\n\t<p>\n\t\t<a href=\"https:\/\/lp.suno.com.br\/planilha-da-vida-financeira\/\" target=\"_blank\" data-element=\"shortcode-suno-banner\" title=\"Banner SUNO, clique e saiba mais\">\n\t\t\t<picture>\n\t\t\t\t<source media=\"(max-width: 500px)\" srcset=\"https:\/\/files.sunoresearch.com.br\/n\/uploads\/2023\/04\/400x300-Planilha-vida-financeira-true.png\">\n\t\t\t\t<img class=\"newsContent__article__imgCapa newsContent__article__imgCapa--banner\"\n\t\t\t\t\tsrc=\"https:\/\/files.sunoresearch.com.br\/n\/uploads\/2023\/04\/1420x240-Planilha-vida-financeira-true.png\"\n\t\t\t\t\tdata-promo-id=\"106682\"\t\t\t\t\t\t\t\t\t\twidth='1420' height='240'\t\t\t\t\talt=\"https:\/\/files.sunoresearch.com.br\/n\/uploads\/2023\/04\/1420x240-Planilha-vida-financeira-true.png\"\n\t\t\t\t>\n\t\t\t<\/picture>\n\t\t<\/a>\n\t<\/p>\n\n\n\n\n\n<p>De acordo com a publica\u00e7\u00e3o, al\u00e9m da constru\u00e7\u00e3o de uma nova unidade de produ\u00e7\u00e3o, que deve ampliar a <a href=\"https:\/\/www.suno.com.br\/artigos\/capacidade-produtiva\/\">capacidade produtiva<\/a> atual em quase 70%, o projeto inclui ainda um novo centro de distribui\u00e7\u00e3o log\u00edstica com aproximadamente 6,4 mil metros quadrados de \u00e1rea constru\u00edda. O local ser\u00e1 projetado de forma a permitir o aumento gradual da capacidade e atender \u00e0s necessidades futuras de expans\u00e3o da Weg, apurou o Valor.<\/p>\n\n\n\n<p>Ainda conforme o jornal, os investimentos ser\u00e3o realizados no parque fabril de Guaramirim, em Santa Catarina, sede da unidade de tintas e vernizes, e deve ampliar a <a href=\"https:\/\/www.suno.com.br\/artigos\/capacidade-produtiva\/\">capacidade produtiva<\/a> e log\u00edstica para atender \u00e0 crescente demanda.<\/p>\n\n\n\n<p>O Valor lembrou que o bra\u00e7o de tintas e vernizes industriais da Weg iniciou as atividades em 1983 e, al\u00e9m da sede catarinense, possui unidades produtivas em Mau\u00e1 (SP), Buenos Aires e Atotonilco de Tula, no M\u00e9xico.  <\/p>\n\n\n\n\t<div data-element=\"shortcode-read-more\" class=\"readToo\">\n\t\t\t\t<span class=\"readToo__title\">Leia mais<\/span>\n\t\t\t\t<ul class=\"readToo__list\">\n\t\t\t<li><a href=\"https:\/\/www.suno.com.br\/noticias\/weg-wege3-mexico-expandir-negocios-gpj\/\">Weg (WEGE3) adquire terreno no M\u00e9xico por US$ 40 milh\u00f5es e mira expans\u00e3o de neg\u00f3cios no pa\u00eds<\/a><\/li><li><a href=\"https:\/\/www.suno.com.br\/noticias\/weg-wege3-investe-novas-fabricas-santa-catarina-va\/\">Weg (WEGE3) investe R$ 87 milh\u00f5es em novas f\u00e1bricas em Santa Catarina<\/a><\/li>\t\t<\/ul>\n\t<\/div>\n\n\n\n\t<p>\n\t\t<a href=\"https:\/\/lp.suno.com.br\/ebook-como-analisar-uma-acao\/\" target=\"_blank\" data-element=\"shortcode-suno-banner\" title=\"Banner SUNO, clique e saiba mais\">\n\t\t\t<picture>\n\t\t\t\t<source media=\"(max-width: 500px)\" srcset=\"https:\/\/files.sunoresearch.com.br\/n\/uploads\/2023\/03\/Ebook-Acoes-Mobile.jpg\">\n\t\t\t\t<img class=\"newsContent__article__imgCapa newsContent__article__imgCapa--banner\"\n\t\t\t\t\tsrc=\"https:\/\/files.sunoresearch.com.br\/n\/uploads\/2023\/03\/Ebook-Acoes-Desktop.jpg\"\n\t\t\t\t\tdata-promo-id=\"378302\"\t\t\t\t\t\t\t\t\t\twidth='1420' height='286'\t\t\t\t\talt=\"https:\/\/files.sunoresearch.com.br\/n\/uploads\/2023\/03\/Ebook-Acoes-Desktop.jpg\"\n\t\t\t\t>\n\t\t\t<\/picture>\n\t\t<\/a>\n\t<\/p>\n\n\n\n\n\n<h2 class=\"wp-block-heading\">Weg (WEGE3) anuncia expans\u00e3o no M\u00e9xico. Como isso vai gerar ganhos exatamente? Analistas explicam<\/h2>\n\n\n\n<p>No fim do m\u00eas passado, a\u00a0Weg\u00a0anunciou aquisi\u00e7\u00e3o de um terreno na cidade de Atotonilco de Tula, estado de Hidalgo, no M\u00e9xico, por US$ 40 milh\u00f5es, para expans\u00e3o na produ\u00e7\u00e3o. Analistas do BTG Pactual avaliam a aquisi\u00e7\u00e3o como favor\u00e1vel, pois d\u00e1 continuidade \u00e0 estrat\u00e9gia de\u00a0<a href=\"https:\/\/www.suno.com.br\/artigos\/longo-prazo\/\" target=\"_blank\" rel=\"noreferrer noopener\">longo prazo<\/a>\u00a0da Weg em alcan\u00e7ar\u00a0<a href=\"https:\/\/www.suno.com.br\/artigos\/integracao-vertical\/\" target=\"_blank\" rel=\"noreferrer noopener\">integra\u00e7\u00e3o vertical<\/a>\u00a0em seu centro regional de produ\u00e7\u00e3o. Dessa forma, o banco recomenda compra das a\u00e7\u00f5es.\u00a0<\/p>\n\n\n\n<p>O M\u00e9xico \u00e9 o principal centro de<strong>\u00a0produ\u00e7\u00e3o da Weg<\/strong>\u00a0fora do Brasil. A equipe do BTG refor\u00e7a que, conforme a\u00a0<a href=\"https:\/\/www.suno.com.br\/artigos\/integracao-vertical\/\" target=\"_blank\" rel=\"noreferrer noopener\">integra\u00e7\u00e3o vertical<\/a>\u00a0avan\u00e7ar, \u00e9 esperada maior rentabilidade na regi\u00e3o, reduzindo a diferen\u00e7a em rela\u00e7\u00e3o \u00e0 unidade brasileira.<\/p>\n\n\n\n<p>Segundo o&nbsp;<strong>BTG<\/strong>, a companhia explicou que a proximidade do terreno com&nbsp; a maior planta de fabrica\u00e7\u00e3o no pa\u00eds facilitar\u00e1 a integra\u00e7\u00e3o dos processos de produ\u00e7\u00e3o e log\u00edsticos.&nbsp;<\/p>\n\n\n\n<p>A Weg opera no M\u00e9xico desde 2000 e atualmente possui 5 f\u00e1bricas no pa\u00eds: duas em Huehuetoca, focadas em motores el\u00e9tricos e transformadores; duas em Tizayuca, especializada na fabrica\u00e7\u00e3o de transformadores; e duas em Atotonilco de Tula, dedicadas \u00e0 produ\u00e7\u00e3o de motores el\u00e9tricos, pain\u00e9is el\u00e9tricos e revestimentos industriais.<\/p>\n\n\n\n<h2 class=\"wp-block-heading\">Weg: analistas elogiam decis\u00e3o de expans\u00e3o e integra\u00e7\u00e3o&nbsp;<\/h2>\n\n\n\n<p>Para o BTG, a expans\u00e3o da capacidade de&nbsp;<strong>produ\u00e7\u00e3o da Weg<\/strong>&nbsp;\u00e9 favor\u00e1vel. Um dos benef\u00edcios, segundo analistas, ser\u00e1 a maior&nbsp;<a href=\"https:\/\/www.suno.com.br\/artigos\/integracao-vertical\/\" target=\"_blank\" rel=\"noreferrer noopener\">integra\u00e7\u00e3o vertical<\/a>&nbsp;fora do Brasil, ponto-chave para rentabilidade a longo prazo al\u00e9m de refor\u00e7ar a estrat\u00e9gia da companhia em alocar capital em locais com maior retorno marginal sobre capital investido.&nbsp;<\/p>\n\n\n\n<p>A expans\u00e3o confirma ainda a forte\u00a0<strong>demanda no M\u00e9xico<\/strong>\u00a0e na regi\u00e3o do USMCA, impulsionada por pacotes de controle inflacion\u00e1rio e de infraestrutura\u00a0anunciados pelo governo mexicano.\u00a0<\/p>\n\n\n\n<p>\u201cNo geral, a expans\u00e3o da presen\u00e7a no M\u00e9xico contribui para o nosso otimismo em rela\u00e7\u00e3o ao crescimento sustent\u00e1vel da receita. Dito isso, nossas principais preocupa\u00e7\u00f5es de&nbsp;<a target=\"_blank\" href=\"https:\/\/www.suno.com.br\/artigos\/curto-prazo\/\" rel=\"noreferrer noopener\">curto prazo<\/a>&nbsp;giram em torno do impacto potencial no resultado final da Reforma Tribut\u00e1ria no Brasil\u201d, diz o BTG.&nbsp;<\/p>\n\n\n\n<p>O BTG recomenda compra das a\u00e7\u00f5es, com pre\u00e7o-alvo de R$ 50.<\/p>\n\n\n\n<h2 class=\"wp-block-heading\">Weg: Lucro salta 50%, para R$ 1,36 bilh\u00e3o<\/h2>\n\n\n\n<p>A&nbsp;<a href=\"https:\/\/www.suno.com.br\/acoes\/wege3\/\" target=\"_blank\" rel=\"noreferrer noopener\"><strong>Weg<\/strong>(WEGE3)<\/a>&nbsp;reportou&nbsp;<a href=\"https:\/\/www.suno.com.br\/artigos\/lucro-liquido\/\" target=\"_blank\" rel=\"noreferrer noopener\">lucro l\u00edquido<\/a>&nbsp;de R$ 1,368 bilh\u00e3o no segundo trimestre de 2023 (2T23).<\/p>\n\n\n\n<p>Com isso, o&nbsp;<strong>lucro da Weg<\/strong>&nbsp;fica 49,9% superior ao reportado em igual etapa de 2022.<\/p>\n\n\n\n<p>O lucro antes juros, impostos,&nbsp;<a href=\"https:\/\/www.suno.com.br\/artigos\/depreciacao-amortizacao\/\" target=\"_blank\" rel=\"noreferrer noopener\">deprecia\u00e7\u00e3o e amortiza\u00e7\u00e3o<\/a>&nbsp;(Ebitda, na sigla em ingl\u00eas) da&nbsp;<strong>Weg no 2T23<\/strong>&nbsp;foi de R$ 1,833 bilh\u00e3o, representando alta de 46% na base anual.<\/p>\n\n\n\n<p>A\u00a0<a href=\"https:\/\/www.suno.com.br\/artigos\/margem-ebitda\/\" target=\"_blank\" rel=\"noreferrer noopener\">margem Ebitda<\/a>, por sua vez, foi de 22,4%, mostrando um avan\u00e7o de 4,9 pontos percentuais (p.p.) frente a margem registrada em 2T22.<\/p>\n\n\n\n<p>A&nbsp;<a target=\"_blank\" href=\"https:\/\/www.suno.com.br\/artigos\/o-que-receita-liquida\/\" rel=\"noreferrer noopener\">receita l\u00edquida<\/a>&nbsp;foi de R$ 8,171 bilh\u00f5es, representando alta de 13,7% na base anual.<\/p>\n\n\n\n<p>Ainda segundo o&nbsp;<strong>resultado da Weg<\/strong>&nbsp;o&nbsp;<a href=\"https:\/\/www.suno.com.br\/artigos\/retorno-capital-investido\/\" target=\"_blank\" rel=\"noreferrer noopener\">retorno sobre o capital investido<\/a>&nbsp;(ROIC) foi de 34,4% no trimestre, crescimento de 7,5 pontos percentuais em rela\u00e7\u00e3o ao 2T22.<\/p>\n\n\n\n<p>\u201cA acomoda\u00e7\u00e3o dos pre\u00e7os das principais mat\u00e9rias-primas que comp\u00f5em nossa estrutura de custos, principalmente o a\u00e7o e o cobre, em conjunto com a altera\u00e7\u00e3o do&nbsp;<a href=\"https:\/\/www.suno.com.br\/artigos\/mix-de-produtos\/\" target=\"_blank\" rel=\"noreferrer noopener\">mix de produtos<\/a>&nbsp;vendidos, crescente melhora no desempenho das opera\u00e7\u00f5es no exterior e a constante busca por&nbsp;<a href=\"https:\/\/www.suno.com.br\/artigos\/eficiencia-operacional\/\" target=\"_blank\" rel=\"noreferrer noopener\">efici\u00eancia operacional<\/a>&nbsp;e ganhos de produtividade foram fatores importantes para a evolu\u00e7\u00e3o da&nbsp;<a href=\"https:\/\/www.suno.com.br\/artigos\/margem-bruta-entenda-sua-importancia\/\" target=\"_blank\" rel=\"noreferrer noopener\">margem bruta<\/a>&nbsp;no trimestre\u201d, diz a administra\u00e7\u00e3o no&nbsp;<strong>balan\u00e7o da WEG<\/strong>.<\/p>\n\n\n\n<h2 class=\"wp-block-heading\">Desempenho das a\u00e7\u00f5es da Weg<\/h2>\n\n\n\n<div class=\"pluginQuotation\">\n  <p class=\"ticker\">\n    Cota\u00e7\u00e3o <span>WEGE3<\/span>\n  <\/p>\n  <div class=\"info\">\n    <div class=\"leftSide\">\n      Gr\u00e1fico gerado em: 08\/09\/2023    <\/div>\n\t\t\t\t\t<div class=\"rightSide\">\n\t\t\t\t\t<span class=\"period\">\n\t\t\t\t\t\t1 Dia\t\t\t\t\t<\/span>\n\t\t\t<\/div>\n\t\t  <\/div>\n\n  <div id=\"chart-24a6c5ab886fbfff6885177762f8b0f2\" data-block-hash=\"24a6c5ab886fbfff6885177762f8b0f2\"  class=\"chart\" style=\"width:100%;height:400px;\"><\/div>\n\n  <div class=\"pluginQuotation__footer\">\n    <div class=\"dataChart\">\n\n      <div class=\"dataChart__div1 variation\">\n        <div class=\"value-positive\">\n          0,06 (+0,02%)        <\/div>\n        <div class=\"text\">\n          Varia\u00e7\u00e3o do per\u00edodo\n        <\/div>\n      <\/div>\n\n      <div class=\"dataChart__div2 minMax\">\n        <div class=\"value\">\n          R$\u00a035,32        <\/div>\n        <div class=\"text\">\n          M\u00ednima\n        <\/div>\n      <\/div>\n\n      <div class=\"dataChart__div3 minMax\">\n        <div class=\"value\">\n          R$\u00a035,45        <\/div>\n        <div class=\"text\">\n          M\u00e1xima\n        <\/div>\n      <\/div>\n\n\t\t\t<div class=\"dataChart__div4 rightSide\">\n\t\t\t\t<div class=\"analiticaSource\">\n\t\t\t\t\t<span>\n\t\t\t\t\t\tFonte:\n\t\t\t\t\t<\/span>\n\t\t\t\t\t<img decoding=\"async\" class=\"analiticaLogo\" src=\"https:\/\/www.suno.com.br\/noticias\/wp-content\/plugins\/suno-block-ticker-quotation\/src\/suno-analitica-logo.png\" alt=\"Logo Suno Anal\u00edtica\" \/>\n\t\t\t\t<\/div>\n\n\t\t\t\t<a href=\"https:\/\/www.suno.com.br\/analitica\/acoes\/WEGE3\" target=\"_blank\">\n\t\t\t\t\t<span>\n\t\t\t\t\t\tVer mais cota\u00e7\u00f5es\n\t\t\t\t\t<\/span>\n\t\t\t\t\t<svg xmlns=\"http:\/\/www.w3.org\/2000\/svg\" width=\"9\" height=\"8\" viewBox=\"0 0 9 8\" fill=\"none\">\n\t\t\t\t\t\t<path d=\"M4.20996 0L3.50496 0.705L6.29496 3.5H0.209961V4.5H6.29496L3.50496 7.295L4.20996 8L8.20996 4L4.20996 0Z\" fill=\"#D42126\" \/>\n\t\t\t\t\t<\/svg>\n\t\t\t\t<\/a>\n    <\/div>\n\n    <\/div>\n  <\/div>\n<\/div>\n\n\n<script type=\"text\/javascript\">\n  let chart_24a6c5ab886fbfff6885177762f8b0f2 = document.getElementById('chart-24a6c5ab886fbfff6885177762f8b0f2');\n  let data_json_24a6c5ab886fbfff6885177762f8b0f2 = \"[{\\\"date\\\":\\\"08\\\\\\\/09\\\\\\\/23 10:02\\\",\\\"value\\\":35.43},{\\\"date\\\":\\\"08\\\\\\\/09\\\\\\\/23 10:04\\\",\\\"value\\\":35.32},{\\\"date\\\":\\\"08\\\\\\\/09\\\\\\\/23 10:06\\\",\\\"value\\\":35.32},{\\\"date\\\":\\\"08\\\\\\\/09\\\\\\\/23 10:08\\\",\\\"value\\\":35.45}]\";\n  let isPositive_24a6c5ab886fbfff6885177762f8b0f2 = true;\n\n  let color_24a6c5ab886fbfff6885177762f8b0f2 = isPositive_24a6c5ab886fbfff6885177762f8b0f2 ? '#3AB53A' : '#D92C2D';\n\n  let data_24a6c5ab886fbfff6885177762f8b0f2 = JSON.parse(data_json_24a6c5ab886fbfff6885177762f8b0f2);\n\n  const result_24a6c5ab886fbfff6885177762f8b0f2 = {\n    date: [],\n    value: [],\n  };\n\n  data_24a6c5ab886fbfff6885177762f8b0f2.forEach((item) => {\n    result_24a6c5ab886fbfff6885177762f8b0f2.date.push(item.date);\n    result_24a6c5ab886fbfff6885177762f8b0f2.value.push(Number(item.value));\n  });\n\n  let option_24a6c5ab886fbfff6885177762f8b0f2 = {\n    \/\/ variavel de cor global\n    color: [color_24a6c5ab886fbfff6885177762f8b0f2],\n    title: {\n      text: '',\n    },\n    tooltip: {\n      trigger: 'axis',\n      axisPointer: {\n        type: 'cross',\n        label: {\n          \/\/ cor dos valores em X e Y\n          backgroundColor: color_24a6c5ab886fbfff6885177762f8b0f2,\n          formatter: (value) => {\n            if (typeof value.value === 'number') {\n              return Number(value.value).toLocaleString('pt-br', {\n                style: 'currency',\n                currency: 'BRL'\n              });\n            }\n            return value.value;\n          },\n        },\n      },\n      valueFormatter: (value) => Number(value).toLocaleString('pt-br', {\n        style: 'currency',\n        currency: 'BRL'\n      }),\n    },\n    legend: {\n      \/\/ data: ['Valor de Fechamento'],\n      show: false,\n    },\n    toolbox: {\n      feature: {\n        saveAsImage: {\n          show: false,\n        },\n      },\n    },\n    grid: {\n      left: '0px',\n      right: '0px',\n      bottom: '0px',\n      containLabel: true,\n    },\n    xAxis: [{\n      type: 'category',\n      data: result_24a6c5ab886fbfff6885177762f8b0f2.date,\n      boundaryGap: true,\n    }],\n    yAxis: [{\n      type: 'value',\n      min: Math.min(...result_24a6c5ab886fbfff6885177762f8b0f2.value),\n      max: Math.max(...result_24a6c5ab886fbfff6885177762f8b0f2.value),\n      axisLabel: {\n        formatter: (value) => value.toLocaleString('pt-br', {\n          style: 'currency',\n          currency: 'BRL'\n        }),\n      },\n    }],\n    series: [{\n      name: 'Valor de Fechamento',\n      type: 'line',\n      stack: 'Total',\n      \/\/ cor do grafico\n      areaStyle: {},\n      emphasis: {\n        focus: 'series',\n      },\n      data: result_24a6c5ab886fbfff6885177762f8b0f2.value,\n      \/\/ cor da linha\n      lineStyle: {\n        color: color_24a6c5ab886fbfff6885177762f8b0f2,\n      },\n    }, ],\n  };\n\n\twindow.chart_24a6c5ab886fbfff6885177762f8b0f2 = {\n\t\tel: chart_24a6c5ab886fbfff6885177762f8b0f2,\n\t\toption: option_24a6c5ab886fbfff6885177762f8b0f2\t};\n\n\n<\/script>\n\n\n\t<p>\n\t\t<a href=\"https:\/\/lp.suno.com.br\/planilha-da-vida-financeira\/\" target=\"_blank\" data-element=\"shortcode-suno-banner\" title=\"Banner SUNO, clique e saiba mais\">\n\t\t\t<picture>\n\t\t\t\t<source media=\"(max-width: 500px)\" srcset=\"https:\/\/files.sunoresearch.com.br\/n\/uploads\/2023\/04\/400x300-Planilha-vida-financeira-true.png\">\n\t\t\t\t<img class=\"newsContent__article__imgCapa newsContent__article__imgCapa--banner\"\n\t\t\t\t\tsrc=\"https:\/\/files.sunoresearch.com.br\/n\/uploads\/2023\/04\/1420x240-Planilha-vida-financeira-true.png\"\n\t\t\t\t\tdata-promo-id=\"383123\"\t\t\t\t\t\t\t\t\t\twidth='1420' height='240'\t\t\t\t\talt=\"https:\/\/files.sunoresearch.com.br\/n\/uploads\/2023\/04\/1420x240-Planilha-vida-financeira-true.png\"\n\t\t\t\t>\n\t\t\t<\/picture>\n\t\t<\/a>\n\t<\/p>\n\n\n","protected":false},"excerpt":{"rendered":"<p>A Weg (WEGE3) anunciou que vai investir R$ 70 milh\u00f5es para expandir a capacidade de produ\u00e7\u00e3o de tintas l\u00edquidas industriais no Brasil at\u00e9 2024, segundo informa\u00e7\u00f5es do jornal Valor Econ\u00f4mico. Weg (WEGE3) &#8211; Foto: Divulga\u00e7\u00e3o De acordo com a publica\u00e7\u00e3o, al\u00e9m da constru\u00e7\u00e3o de uma nova unidade de produ\u00e7\u00e3o, que deve ampliar a capacidade produtiva [&hellip;]<\/p>\n","protected":false},"author":313,"featured_media":336059,"comment_status":"closed","ping_status":"closed","sticky":false,"template":"","format":"standard","meta":[],"categories":[64],"tags":[681],"suno_strategy":[],"class_list":["post-453390","post","type-post","status-publish","format-standard","has-post-thumbnail","hentry","category-negocios","tag-weg-wege3"],"yoast_head":"<!-- This site is optimized with the Yoast SEO plugin v24.4 - https:\/\/yoast.com\/wordpress\/plugins\/seo\/ -->\n<title>Weg (WEGE3) expandir\u00e1 produ\u00e7\u00e3o de tintas industriais no Brasil<\/title>\n<meta name=\"description\" content=\"A Weg anunciou que vai investir R$ 70 milh\u00f5es para expandir a capacidade de produ\u00e7\u00e3o de tintas l\u00edquidas industriais no Brasil at\u00e9 2024.\" \/>\n<meta name=\"robots\" content=\"index, follow, max-snippet:-1, max-image-preview:large, max-video-preview:-1\" \/>\n<link rel=\"canonical\" href=\"https:\/\/www.suno.com.br\/noticias\/weg-wege3-producao-tintas-industriais-gpj\/\" \/>\n<meta property=\"og:locale\" content=\"pt_BR\" \/>\n<meta property=\"og:type\" content=\"article\" \/>\n<meta property=\"og:title\" content=\"Weg (WEGE3) expandir\u00e1 produ\u00e7\u00e3o de tintas industriais no Brasil\" \/>\n<meta property=\"og:description\" content=\"A Weg anunciou que vai investir R$ 70 milh\u00f5es para expandir a capacidade de produ\u00e7\u00e3o de tintas l\u00edquidas industriais no Brasil at\u00e9 2024.\" \/>\n<meta property=\"og:url\" content=\"https:\/\/www.suno.com.br\/noticias\/weg-wege3-producao-tintas-industriais-gpj\/\" \/>\n<meta property=\"og:site_name\" content=\"Suno Not\u00edcias\" \/>\n<meta property=\"article:publisher\" content=\"https:\/\/facebook.com\/sunoresearch\" \/>\n<meta property=\"og:image\" content=\"https:\/\/files.sunoresearch.com.br\/n\/uploads\/2022\/12\/Weg-wege3.jpg\" \/>\n\t<meta property=\"og:image:width\" content=\"2560\" \/>\n\t<meta property=\"og:image:height\" content=\"1708\" \/>\n\t<meta property=\"og:image:type\" content=\"image\/jpeg\" \/>\n<meta name=\"author\" content=\"Giovanni Porf\u00edrio Jacomino\" \/>\n<meta name=\"twitter:card\" content=\"summary_large_image\" \/>\n<meta name=\"twitter:creator\" content=\"@sunoresearch\" \/>\n<meta name=\"twitter:site\" content=\"@sunoresearch\" \/>\n<meta name=\"twitter:label1\" content=\"Escrito por\" \/>\n\t<meta name=\"twitter:data1\" content=\"Giovanni Porf\u00edrio Jacomino\" \/>\n\t<meta name=\"twitter:label2\" content=\"Est. tempo de leitura\" \/>\n\t<meta name=\"twitter:data2\" content=\"4 minutos\" \/>\n<script type=\"application\/ld+json\" class=\"yoast-schema-graph\">{\"@context\":\"https:\/\/schema.org\",\"@graph\":[{\"@type\":\"NewsArticle\",\"@id\":\"https:\/\/www.suno.com.br\/noticias\/weg-wege3-producao-tintas-industriais-gpj\/#article\",\"isPartOf\":{\"@id\":\"https:\/\/www.suno.com.br\/noticias\/weg-wege3-producao-tintas-industriais-gpj\/\"},\"author\":{\"name\":\"Giovanni Porf\u00edrio Jacomino\",\"@id\":\"https:\/\/www.suno.com.br\/noticias\/#\/schema\/person\/d0f32748bbca4bee871fa191ee4e2d40\"},\"headline\":\"Weg (WEGE3) expandir\u00e1 capacidade de produ\u00e7\u00e3o de tintas industriais no Brasil, diz jornal\",\"datePublished\":\"2023-09-08T13:41:08+00:00\",\"dateModified\":\"2023-09-08T13:41:15+00:00\",\"mainEntityOfPage\":{\"@id\":\"https:\/\/www.suno.com.br\/noticias\/weg-wege3-producao-tintas-industriais-gpj\/\"},\"wordCount\":845,\"publisher\":{\"@id\":\"https:\/\/www.suno.com.br\/noticias\/#organization\"},\"image\":{\"@id\":\"https:\/\/www.suno.com.br\/noticias\/weg-wege3-producao-tintas-industriais-gpj\/#primaryimage\"},\"thumbnailUrl\":\"https:\/\/files.sunoresearch.com.br\/n\/uploads\/2022\/12\/Weg-wege3.jpg\",\"keywords\":[\"Weg (WEGE3)\"],\"articleSection\":[\"Neg\u00f3cios\"],\"inLanguage\":\"pt-BR\"},{\"@type\":\"WebPage\",\"@id\":\"https:\/\/www.suno.com.br\/noticias\/weg-wege3-producao-tintas-industriais-gpj\/\",\"url\":\"https:\/\/www.suno.com.br\/noticias\/weg-wege3-producao-tintas-industriais-gpj\/\",\"name\":\"Weg (WEGE3) expandir\u00e1 produ\u00e7\u00e3o de tintas industriais no Brasil\",\"isPartOf\":{\"@id\":\"https:\/\/www.suno.com.br\/noticias\/#website\"},\"primaryImageOfPage\":{\"@id\":\"https:\/\/www.suno.com.br\/noticias\/weg-wege3-producao-tintas-industriais-gpj\/#primaryimage\"},\"image\":{\"@id\":\"https:\/\/www.suno.com.br\/noticias\/weg-wege3-producao-tintas-industriais-gpj\/#primaryimage\"},\"thumbnailUrl\":\"https:\/\/files.sunoresearch.com.br\/n\/uploads\/2022\/12\/Weg-wege3.jpg\",\"datePublished\":\"2023-09-08T13:41:08+00:00\",\"dateModified\":\"2023-09-08T13:41:15+00:00\",\"description\":\"A Weg anunciou que vai investir R$ 70 milh\u00f5es para expandir a capacidade de produ\u00e7\u00e3o de tintas l\u00edquidas industriais no Brasil at\u00e9 2024.\",\"breadcrumb\":{\"@id\":\"https:\/\/www.suno.com.br\/noticias\/weg-wege3-producao-tintas-industriais-gpj\/#breadcrumb\"},\"inLanguage\":\"pt-BR\",\"potentialAction\":[{\"@type\":\"ReadAction\",\"target\":[\"https:\/\/www.suno.com.br\/noticias\/weg-wege3-producao-tintas-industriais-gpj\/\"]}]},{\"@type\":\"ImageObject\",\"inLanguage\":\"pt-BR\",\"@id\":\"https:\/\/www.suno.com.br\/noticias\/weg-wege3-producao-tintas-industriais-gpj\/#primaryimage\",\"url\":\"https:\/\/files.sunoresearch.com.br\/n\/uploads\/2022\/12\/Weg-wege3.jpg\",\"contentUrl\":\"https:\/\/files.sunoresearch.com.br\/n\/uploads\/2022\/12\/Weg-wege3.jpg\",\"width\":2560,\"height\":1708,\"caption\":\"Weg (WEGE3) - Foto: Divulga\u00e7\u00e3o\"},{\"@type\":\"BreadcrumbList\",\"@id\":\"https:\/\/www.suno.com.br\/noticias\/weg-wege3-producao-tintas-industriais-gpj\/#breadcrumb\",\"itemListElement\":[{\"@type\":\"ListItem\",\"position\":1,\"name\":\"Not\u00edcias\",\"item\":\"https:\/\/www.suno.com.br\/noticias\/\"},{\"@type\":\"ListItem\",\"position\":2,\"name\":\"Neg\u00f3cios\",\"item\":\"https:\/\/www.suno.com.br\/noticias\/negocios\/\"},{\"@type\":\"ListItem\",\"position\":3,\"name\":\"Weg (WEGE3) expandir\u00e1 capacidade de produ\u00e7\u00e3o de tintas industriais no Brasil, diz jornal\"}]},{\"@type\":\"WebSite\",\"@id\":\"https:\/\/www.suno.com.br\/noticias\/#website\",\"url\":\"https:\/\/www.suno.com.br\/noticias\/\",\"name\":\"Suno Not\u00edcias\",\"description\":\"Seu portal de informa\u00e7\u00e3o sobre o mundo dos investimentos\",\"publisher\":{\"@id\":\"https:\/\/www.suno.com.br\/noticias\/#organization\"},\"potentialAction\":[{\"@type\":\"SearchAction\",\"target\":{\"@type\":\"EntryPoint\",\"urlTemplate\":\"https:\/\/www.suno.com.br\/noticias\/?s={search_term_string}\"},\"query-input\":{\"@type\":\"PropertyValueSpecification\",\"valueRequired\":true,\"valueName\":\"search_term_string\"}}],\"inLanguage\":\"pt-BR\"},{\"@type\":\"Organization\",\"@id\":\"https:\/\/www.suno.com.br\/noticias\/#organization\",\"name\":\"Suno Not\u00edcias\",\"url\":\"https:\/\/www.suno.com.br\/noticias\/\",\"logo\":{\"@type\":\"ImageObject\",\"inLanguage\":\"pt-BR\",\"@id\":\"https:\/\/www.suno.com.br\/noticias\/#\/schema\/logo\/image\/\",\"url\":\"https:\/\/files.sunoresearch.com.br\/n\/uploads\/2021\/09\/suno-logo.png\",\"contentUrl\":\"https:\/\/files.sunoresearch.com.br\/n\/uploads\/2021\/09\/suno-logo.png\",\"width\":180,\"height\":180,\"caption\":\"Suno Not\u00edcias\"},\"image\":{\"@id\":\"https:\/\/www.suno.com.br\/noticias\/#\/schema\/logo\/image\/\"},\"sameAs\":[\"https:\/\/facebook.com\/sunoresearch\",\"https:\/\/x.com\/sunoresearch\",\"https:\/\/www.instagram.com\/suno\",\"https:\/\/www.linkedin.com\/company\/suno-research\/\",\"https:\/\/www.youtube.com\/c\/sunoresearch\"]},{\"@type\":\"Person\",\"@id\":\"https:\/\/www.suno.com.br\/noticias\/#\/schema\/person\/d0f32748bbca4bee871fa191ee4e2d40\",\"name\":\"Giovanni Porf\u00edrio Jacomino\",\"image\":{\"@type\":\"ImageObject\",\"inLanguage\":\"pt-BR\",\"@id\":\"https:\/\/www.suno.com.br\/noticias\/#\/schema\/person\/image\/\",\"url\":\"https:\/\/secure.gravatar.com\/avatar\/efb32e19b730a121cb7a80f41ffec01a?s=96&r=g\",\"contentUrl\":\"https:\/\/secure.gravatar.com\/avatar\/efb32e19b730a121cb7a80f41ffec01a?s=96&r=g\",\"caption\":\"Giovanni Porf\u00edrio Jacomino\"},\"description\":\"Giovanni Porf\u00edrio Jacomino \u00e9 jornalista formado pela Universidade Estadual de Londrina (UEL) e p\u00f3s-graduado em Produ\u00e7\u00e3o e Pr\u00e1ticas Jornal\u00edsticas na Contemporaneidade na Faculdade C\u00e1sper L\u00edbero (FCL). Foi editor web no Startupi e no Finsiders, atuando ainda como editor no TC Mover, portal de not\u00edcias da TradersClub, fazendo a cobertura de assuntos relacionados ao mercado financeiro interno e externo. Atualmente, \u00e9 Rep\u00f3rter do Suno Not\u00edcias.\",\"url\":\"https:\/\/www.suno.com.br\/noticias\/author\/giovanni-porfiriosuno-com-br\/\"}]}<\/script>\n<!-- \/ Yoast SEO plugin. -->","yoast_head_json":{"title":"Weg (WEGE3) expandir\u00e1 produ\u00e7\u00e3o de tintas industriais no Brasil","description":"A Weg anunciou que vai investir R$ 70 milh\u00f5es para expandir a capacidade de produ\u00e7\u00e3o de tintas l\u00edquidas industriais no Brasil at\u00e9 2024.","robots":{"index":"index","follow":"follow","max-snippet":"max-snippet:-1","max-image-preview":"max-image-preview:large","max-video-preview":"max-video-preview:-1"},"canonical":"https:\/\/www.suno.com.br\/noticias\/weg-wege3-producao-tintas-industriais-gpj\/","og_locale":"pt_BR","og_type":"article","og_title":"Weg (WEGE3) expandir\u00e1 produ\u00e7\u00e3o de tintas industriais no Brasil","og_description":"A Weg anunciou que vai investir R$ 70 milh\u00f5es para expandir a capacidade de produ\u00e7\u00e3o de tintas l\u00edquidas industriais no Brasil at\u00e9 2024.","og_url":"https:\/\/www.suno.com.br\/noticias\/weg-wege3-producao-tintas-industriais-gpj\/","og_site_name":"Suno Not\u00edcias","article_publisher":"https:\/\/facebook.com\/sunoresearch","og_image":[{"width":2560,"height":1708,"url":"https:\/\/files.sunoresearch.com.br\/n\/uploads\/2022\/12\/Weg-wege3.jpg","type":"image\/jpeg"}],"author":"Giovanni Porf\u00edrio Jacomino","twitter_card":"summary_large_image","twitter_creator":"@sunoresearch","twitter_site":"@sunoresearch","twitter_misc":{"Escrito por":"Giovanni Porf\u00edrio Jacomino","Est. tempo de leitura":"4 minutos"},"schema":{"@context":"https:\/\/schema.org","@graph":[{"@type":"NewsArticle","@id":"https:\/\/www.suno.com.br\/noticias\/weg-wege3-producao-tintas-industriais-gpj\/#article","isPartOf":{"@id":"https:\/\/www.suno.com.br\/noticias\/weg-wege3-producao-tintas-industriais-gpj\/"},"author":{"name":"Giovanni Porf\u00edrio Jacomino","@id":"https:\/\/www.suno.com.br\/noticias\/#\/schema\/person\/d0f32748bbca4bee871fa191ee4e2d40"},"headline":"Weg (WEGE3) expandir\u00e1 capacidade de produ\u00e7\u00e3o de tintas industriais no Brasil, diz jornal","datePublished":"2023-09-08T13:41:08+00:00","dateModified":"2023-09-08T13:41:15+00:00","mainEntityOfPage":{"@id":"https:\/\/www.suno.com.br\/noticias\/weg-wege3-producao-tintas-industriais-gpj\/"},"wordCount":845,"publisher":{"@id":"https:\/\/www.suno.com.br\/noticias\/#organization"},"image":{"@id":"https:\/\/www.suno.com.br\/noticias\/weg-wege3-producao-tintas-industriais-gpj\/#primaryimage"},"thumbnailUrl":"https:\/\/files.sunoresearch.com.br\/n\/uploads\/2022\/12\/Weg-wege3.jpg","keywords":["Weg (WEGE3)"],"articleSection":["Neg\u00f3cios"],"inLanguage":"pt-BR"},{"@type":"WebPage","@id":"https:\/\/www.suno.com.br\/noticias\/weg-wege3-producao-tintas-industriais-gpj\/","url":"https:\/\/www.suno.com.br\/noticias\/weg-wege3-producao-tintas-industriais-gpj\/","name":"Weg (WEGE3) expandir\u00e1 produ\u00e7\u00e3o de tintas industriais no Brasil","isPartOf":{"@id":"https:\/\/www.suno.com.br\/noticias\/#website"},"primaryImageOfPage":{"@id":"https:\/\/www.suno.com.br\/noticias\/weg-wege3-producao-tintas-industriais-gpj\/#primaryimage"},"image":{"@id":"https:\/\/www.suno.com.br\/noticias\/weg-wege3-producao-tintas-industriais-gpj\/#primaryimage"},"thumbnailUrl":"https:\/\/files.sunoresearch.com.br\/n\/uploads\/2022\/12\/Weg-wege3.jpg","datePublished":"2023-09-08T13:41:08+00:00","dateModified":"2023-09-08T13:41:15+00:00","description":"A Weg anunciou que vai investir R$ 70 milh\u00f5es para expandir a capacidade de produ\u00e7\u00e3o de tintas l\u00edquidas industriais no Brasil at\u00e9 2024.","breadcrumb":{"@id":"https:\/\/www.suno.com.br\/noticias\/weg-wege3-producao-tintas-industriais-gpj\/#breadcrumb"},"inLanguage":"pt-BR","potentialAction":[{"@type":"ReadAction","target":["https:\/\/www.suno.com.br\/noticias\/weg-wege3-producao-tintas-industriais-gpj\/"]}]},{"@type":"ImageObject","inLanguage":"pt-BR","@id":"https:\/\/www.suno.com.br\/noticias\/weg-wege3-producao-tintas-industriais-gpj\/#primaryimage","url":"https:\/\/files.sunoresearch.com.br\/n\/uploads\/2022\/12\/Weg-wege3.jpg","contentUrl":"https:\/\/files.sunoresearch.com.br\/n\/uploads\/2022\/12\/Weg-wege3.jpg","width":2560,"height":1708,"caption":"Weg (WEGE3) - Foto: Divulga\u00e7\u00e3o"},{"@type":"BreadcrumbList","@id":"https:\/\/www.suno.com.br\/noticias\/weg-wege3-producao-tintas-industriais-gpj\/#breadcrumb","itemListElement":[{"@type":"ListItem","position":1,"name":"Not\u00edcias","item":"https:\/\/www.suno.com.br\/noticias\/"},{"@type":"ListItem","position":2,"name":"Neg\u00f3cios","item":"https:\/\/www.suno.com.br\/noticias\/negocios\/"},{"@type":"ListItem","position":3,"name":"Weg (WEGE3) expandir\u00e1 capacidade de produ\u00e7\u00e3o de tintas industriais no Brasil, diz jornal"}]},{"@type":"WebSite","@id":"https:\/\/www.suno.com.br\/noticias\/#website","url":"https:\/\/www.suno.com.br\/noticias\/","name":"Suno Not\u00edcias","description":"Seu portal de informa\u00e7\u00e3o sobre o mundo dos investimentos","publisher":{"@id":"https:\/\/www.suno.com.br\/noticias\/#organization"},"potentialAction":[{"@type":"SearchAction","target":{"@type":"EntryPoint","urlTemplate":"https:\/\/www.suno.com.br\/noticias\/?s={search_term_string}"},"query-input":{"@type":"PropertyValueSpecification","valueRequired":true,"valueName":"search_term_string"}}],"inLanguage":"pt-BR"},{"@type":"Organization","@id":"https:\/\/www.suno.com.br\/noticias\/#organization","name":"Suno Not\u00edcias","url":"https:\/\/www.suno.com.br\/noticias\/","logo":{"@type":"ImageObject","inLanguage":"pt-BR","@id":"https:\/\/www.suno.com.br\/noticias\/#\/schema\/logo\/image\/","url":"https:\/\/files.sunoresearch.com.br\/n\/uploads\/2021\/09\/suno-logo.png","contentUrl":"https:\/\/files.sunoresearch.com.br\/n\/uploads\/2021\/09\/suno-logo.png","width":180,"height":180,"caption":"Suno Not\u00edcias"},"image":{"@id":"https:\/\/www.suno.com.br\/noticias\/#\/schema\/logo\/image\/"},"sameAs":["https:\/\/facebook.com\/sunoresearch","https:\/\/x.com\/sunoresearch","https:\/\/www.instagram.com\/suno","https:\/\/www.linkedin.com\/company\/suno-research\/","https:\/\/www.youtube.com\/c\/sunoresearch"]},{"@type":"Person","@id":"https:\/\/www.suno.com.br\/noticias\/#\/schema\/person\/d0f32748bbca4bee871fa191ee4e2d40","name":"Giovanni Porf\u00edrio Jacomino","image":{"@type":"ImageObject","inLanguage":"pt-BR","@id":"https:\/\/www.suno.com.br\/noticias\/#\/schema\/person\/image\/","url":"https:\/\/secure.gravatar.com\/avatar\/efb32e19b730a121cb7a80f41ffec01a?s=96&r=g","contentUrl":"https:\/\/secure.gravatar.com\/avatar\/efb32e19b730a121cb7a80f41ffec01a?s=96&r=g","caption":"Giovanni Porf\u00edrio Jacomino"},"description":"Giovanni Porf\u00edrio Jacomino \u00e9 jornalista formado pela Universidade Estadual de Londrina (UEL) e p\u00f3s-graduado em Produ\u00e7\u00e3o e Pr\u00e1ticas Jornal\u00edsticas na Contemporaneidade na Faculdade C\u00e1sper L\u00edbero (FCL). Foi editor web no Startupi e no Finsiders, atuando ainda como editor no TC Mover, portal de not\u00edcias da TradersClub, fazendo a cobertura de assuntos relacionados ao mercado financeiro interno e externo. Atualmente, \u00e9 Rep\u00f3rter do Suno Not\u00edcias.","url":"https:\/\/www.suno.com.br\/noticias\/author\/giovanni-porfiriosuno-com-br\/"}]}},"default_loop_html":"<div class=\"cardsPage__listCard__boxs\"><div class=\"cardsPage__listCard__boxs__img\"><a href=\"https:\/\/www.suno.com.br\/noticias\/weg-wege3-producao-tintas-industriais-gpj\/\"><img class=\"mask\" src=\"https:\/\/www.suno.com.br\/noticias\/wp-content\/themes\/suno\/resources\/images\/spotlight\/spotlight1img\/bg-mask.png\" alt=\"Image Mask\"\/><img src=\"https:\/\/files.sunoresearch.com.br\/n\/uploads\/2022\/12\/Weg-wege3-400x200.jpg\" alt=\"Weg (WEGE3) expandir\u00e1 capacidade de produ\u00e7\u00e3o de tintas industriais no Brasil, diz jornal\"\/><\/a><span class=\"spotlightCategory\"><a href=\"https:\/\/www.suno.com.br\/noticias\/negocios\/\">Neg\u00f3cios<\/a><\/span><\/div><div class=\"cardsPage__listCard__boxs__content\"><a href=\"https:\/\/www.suno.com.br\/noticias\/weg-wege3-producao-tintas-industriais-gpj\/\"><h2 class=\"content__title\">Weg (WEGE3) expandir\u00e1 capacidade de produ\u00e7\u00e3o de tintas industriais no Brasil, diz jornal<\/h2><\/a><div class=\"newsContent__article__meta\"><div class=\"newsContent__article__meta__authorBox\"><a href=\"https:\/\/www.suno.com.br\/noticias\/author\/vini08correiagmail-com\/\" class=\"authorBox__avatar noMobi\"><img src=\"https:\/\/files.sunoresearch.com.br\/n\/uploads\/2026\/04\/WhatsApp-Image-2026-04-20-at-19.35.48-150x150.webp\" alt=\"Vin\u00edcius Alves\"><\/a><div class=\"authorBox__name\"><span>por\n\t\t\t<a href=\"https:\/\/www.suno.com.br\/noticias\/author\/vini08correiagmail-com\/\"><span itemprop=\"author\">Vin\u00edcius Alves<\/span><\/a><\/span><time datetime=\"2023-09-08T10:41:08-03:00\" itemprop=\"datePublished\">08\/09\/2023 10:41<\/time><\/div><\/div><\/div><\/div><\/div>","single_layout":"posts","amp_enabled":true,"_links":{"self":[{"href":"https:\/\/www.suno.com.br\/noticias\/wp-json\/wp\/v2\/posts\/453390"}],"collection":[{"href":"https:\/\/www.suno.com.br\/noticias\/wp-json\/wp\/v2\/posts"}],"about":[{"href":"https:\/\/www.suno.com.br\/noticias\/wp-json\/wp\/v2\/types\/post"}],"author":[{"embeddable":true,"href":"https:\/\/www.suno.com.br\/noticias\/wp-json\/wp\/v2\/users\/313"}],"replies":[{"embeddable":true,"href":"https:\/\/www.suno.com.br\/noticias\/wp-json\/wp\/v2\/comments?post=453390"}],"version-history":[{"count":3,"href":"https:\/\/www.suno.com.br\/noticias\/wp-json\/wp\/v2\/posts\/453390\/revisions"}],"predecessor-version":[{"id":453422,"href":"https:\/\/www.suno.com.br\/noticias\/wp-json\/wp\/v2\/posts\/453390\/revisions\/453422"}],"wp:featuredmedia":[{"embeddable":true,"href":"https:\/\/www.suno.com.br\/noticias\/wp-json\/wp\/v2\/media\/336059"}],"wp:attachment":[{"href":"https:\/\/www.suno.com.br\/noticias\/wp-json\/wp\/v2\/media?parent=453390"}],"wp:term":[{"taxonomy":"category","embeddable":true,"href":"https:\/\/www.suno.com.br\/noticias\/wp-json\/wp\/v2\/categories?post=453390"},{"taxonomy":"post_tag","embeddable":true,"href":"https:\/\/www.suno.com.br\/noticias\/wp-json\/wp\/v2\/tags?post=453390"},{"taxonomy":"suno_strategy","embeddable":true,"href":"https:\/\/www.suno.com.br\/noticias\/wp-json\/wp\/v2\/suno_strategy?post=453390"}],"curies":[{"name":"wp","href":"https:\/\/api.w.org\/{rel}","templated":true}]}}