{"id":453386,"date":"2023-09-08T10:53:18","date_gmt":"2023-09-08T13:53:18","guid":{"rendered":"https:\/\/www.suno.com.br\/noticias\/?p=453386"},"modified":"2023-09-08T13:19:20","modified_gmt":"2023-09-08T16:19:20","slug":"dolar-cai-feriado-yellen-china-g20-cpf","status":"publish","type":"post","link":"https:\/\/www.suno.com.br\/noticias\/dolar-cai-feriado-yellen-china-g20-cpf\/","title":{"rendered":"D\u00f3lar cai p\u00f3s-feriado e com Yellen fala sobre China nos bastidores do G20"},"content":{"rendered":"<p>Nesta sexta-feira (8) entre feriado e final de semana, o <strong>d\u00f3lar <\/strong>come\u00e7ou o dia em leve queda ante o real. A curva descendente para economias associadas a commodities (como o d\u00f3lar canadense e australiano) est\u00e1 atrelado \u00e0 devolu\u00e7\u00e3o de parte dos ganhos acumulados ao longo das \u00faltimas semanas. Al\u00e9m disso, os Tresuries projetam uma retra\u00e7\u00e3o t\u00edmida nas taxas de juros.<\/p>\t<div class=\"wrapper-featured-image\">\n\t\t<figure class=\"spotlightImg\">\n\n\t\t\t<picture>\n\t\t\t\t<source media=\"(max-width: 768px)\" srcset=\"https:\/\/files.sunoresearch.com.br\/n\/uploads\/2023\/03\/29955932696_5219d821c5_k-400x200.jpg\">\n\t\t\t\t<img loading=\"lazy\" decoding=\"async\" class=\"newsContent__article__imgCapa lazyloadDisabled \" src=\"https:\/\/files.sunoresearch.com.br\/n\/uploads\/2023\/03\/29955932696_5219d821c5_k-800x450.jpg\" width=\"800\" height=\"450\" alt=\"D\u00f3lar cai p\u00f3s-feriado e com Yellen fala sobre China nos bastidores do G20\" fetchpriority=high \/>\n\t\t\t<\/picture>\n\n\t\t\t<figcaption class=\"wp-caption-text wp-caption-text--show\">Janet Yellen, secret\u00e1ria do Tesouro dos Estados Unidos -Foto: World Bank\/Flickr<\/figcaption>\n\t\t<\/figure>\n\t<\/div>\n\n\n\n\n\n\n\n\t<p>\n\t\t<a href=\"https:\/\/lp.suno.com.br\/ebook-como-analisar-uma-acao\/\" target=\"_blank\" data-element=\"shortcode-suno-banner\" title=\"Banner SUNO, clique e saiba mais\">\n\t\t\t<picture>\n\t\t\t\t<source media=\"(max-width: 500px)\" srcset=\"https:\/\/files.sunoresearch.com.br\/n\/uploads\/2023\/03\/Ebook-Acoes-Mobile.jpg\">\n\t\t\t\t<img class=\"newsContent__article__imgCapa newsContent__article__imgCapa--banner\"\n\t\t\t\t\tsrc=\"https:\/\/files.sunoresearch.com.br\/n\/uploads\/2023\/03\/Ebook-Acoes-Desktop.jpg\"\n\t\t\t\t\tdata-promo-id=\"378302\"\t\t\t\t\t\t\t\t\t\twidth='1420' height='286'\t\t\t\t\talt=\"https:\/\/files.sunoresearch.com.br\/n\/uploads\/2023\/03\/Ebook-Acoes-Desktop.jpg\"\n\t\t\t\t>\n\t\t\t<\/picture>\n\t\t<\/a>\n\t<\/p>\n\n\n\n\n\n<h2 class=\"wp-block-heading\">Taxas de juros acompanham o d\u00f3lar<\/h2>\n\n\n\n<p>Os <a class=\"suno-keyword\" target=\"_blank\" data-force=\"no\" data-priority=\"1\" href=\"https:\/\/www.suno.com.br\/artigos\/juros-futuros\/\" rel=\"noopener\">juros futuros<\/a> t\u00eam vi\u00e9s de baixa nesta sexta-feira (8) p\u00f3s-feriado, a partir do miolo da curva. A queda segue o ritmo da <strong>cota\u00e7\u00e3o do d\u00f3lar hoje. <\/strong><\/p>\n\n\n\n<p>Os juros curtos operam est\u00e1veis, em dia de agenda mais fraca. As aten\u00e7\u00f5es j\u00e1 ficam na divulga\u00e7\u00e3o do \u00cdndice Nacional de Pre\u00e7os ao Consumidor Amplo (IPCA), na ter\u00e7a-feira seguinte (12). <\/p>\n\n\n\n<p>Como pano de fundo, seguem preocupa\u00e7\u00f5es de piora fiscal e de desacelera\u00e7\u00e3o da economia chinesa, ap\u00f3s queda firme das exporta\u00e7\u00f5es e importa\u00e7\u00f5es no pa\u00eds.<\/p>\n\n\n\n<p>\u00c0s 9h09, a taxa do contrato de dep\u00f3sito interfinanceiro (DI) para janeiro de 2025 marcava m\u00ednima de 10,555%, de 10,599% no ajuste anterior.<\/p>\n\n\n\n<p>O DI para janeiro de 2027 recuava para 10,460%, de 10,508%, e o para janeiro de 2029 ca\u00eda para 10,960%, de 11,003% no ajuste de quarta-feira.<\/p>\n\n\n\n\t<div data-element=\"shortcode-read-more\" class=\"readToo\">\n\t\t\t\t<span class=\"readToo__title\">Leia mais<\/span>\n\t\t\t\t<ul class=\"readToo__list\">\n\t\t\t<li><a href=\"https:\/\/www.suno.com.br\/noticias\/weg-wege3-producao-tintas-industriais-gpj\/\">Weg (WEGE3) expandir\u00e1 capacidade de produ\u00e7\u00e3o de tintas industriais no Brasil, diz jornal<\/a><\/li><li><a href=\"https:\/\/www.suno.com.br\/noticias\/natura-ntco3-oferta-aquisicao-notes-cpf\/\">Natura (NTCO3) far\u00e1 oferta de at\u00e9 US$ 860 milh\u00f5es para aquisi\u00e7\u00e3o de notes<\/a><\/li><li><a href=\"https:\/\/www.suno.com.br\/noticias\/casino-pao-de-acucar-pcar3-cnova-gpj\/\">Casino prop\u00f5e in\u00edcio de conversas para compra de fatia do P\u00e3o de A\u00e7\u00facar (PCAR3) na Cnova<\/a><\/li>\t\t<\/ul>\n\t<\/div>\n\n\n\n\n<h2 class=\"wp-block-heading\">Yellen n\u00e3o v\u00ea impactos diretos da China nos EUA<\/h2>\n\n\n\n<p>No exterior, a secret\u00e1ria do Tesouro norte-americano, <a class=\"suno-keyword\" target=\"_blank\" data-force=\"no\" data-priority=\"2\" href=\"https:\/\/www.suno.com.br\/tudo-sobre\/janet-yellen\/\" rel=\"noopener\">Janet Yellen<\/a>, afirmou est\u00e3o monitorando a stua\u00e7\u00e3o da China, mas &#8220;n\u00e3o v\u00ea impactos diretos&#8221; na desacelera\u00e7\u00e3o da pot\u00eancia nos Estados Unidos. <\/p>\n\n\n\n<p>Em coletiva de imprensa nos bastidores do encontro do G2O, na \u00cdndia, Yellen pontuou que os pa\u00edses da \u00c1sia s\u00e3o os mais vulner\u00e1veis \u00e0s dificuldades de crescimento enfrentados pela China. <\/p>\n\n\n\n<p>A secret\u00e1ria disse que &#8220;a economia global est\u00e1 resiliente&#8221;, apesar da proje\u00e7\u00e3o de crescimento ainda em desacelera\u00e7\u00e3o por um bom per\u00edodo de tempo. <\/p>\n\n\n\n<p>Segundo Yellen, as na\u00e7\u00f5es ainda enfrentam outros riscos, como a guerra na Ucr\u00e2nia e crise dos alimentos. A autoridade tamb\u00e9m criticou a retirada da R\u00fassia do acordo de gr\u00e3os, classificando a a\u00e7\u00e3o como &#8220;preocupante&#8221;, e reiterou o apoio do G20 \u00e0 Ucr\u00e2nia, por meio de &#8220;iniciativas multilaterais amplas&#8221;.<\/p>\n\n\n\n<p>Yellen acrescentou que, al\u00e9m dos compromissos do G20, deve se reunir com autoridades indianas para &#8220;desenvolver&#8221; o relacionamento bilateral entre EUA e \u00cdndia.<\/p>\n\n\n\n<p>Questionada sobre a proibi\u00e7\u00e3o do uso de iPhones em empresas e ag\u00eancias estatais da China, Yellen preferiu n\u00e3o comentar sobre o assunto.<\/p>\n\n\n\n<h2 class=\"wp-block-heading\">Cota\u00e7\u00e3o do d\u00f3lar hoje<\/h2>\n\n\n\n<p>Enquanto isso, o <strong>d\u00f3lar hoje<\/strong>, \u00e0s 9h27, ca\u00eda 0,18% no mercado \u00e0 vista, para R$ 4,9748, enquanto a moeda para outubro era calculada em -0,16%, a R$ 4,9895.<\/p>\n\n\n\n<p><em>Com informa\u00e7\u00f5es de Estad\u00e3o Conte\u00fado.<\/em><\/p>\n\n\n\t<p>\n\t\t<a href=\"https:\/\/lp.suno.com.br\/planilha-da-vida-financeira\/\" target=\"_blank\" data-element=\"shortcode-suno-banner\" title=\"Banner SUNO, clique e saiba mais\">\n\t\t\t<picture>\n\t\t\t\t<source media=\"(max-width: 500px)\" srcset=\"https:\/\/files.sunoresearch.com.br\/n\/uploads\/2023\/04\/400x300-Planilha-vida-financeira-true.png\">\n\t\t\t\t<img class=\"newsContent__article__imgCapa newsContent__article__imgCapa--banner\"\n\t\t\t\t\tsrc=\"https:\/\/files.sunoresearch.com.br\/n\/uploads\/2023\/04\/1420x240-Planilha-vida-financeira-true.png\"\n\t\t\t\t\tdata-promo-id=\"383123\"\t\t\t\t\t\t\t\t\t\twidth='1420' height='240'\t\t\t\t\talt=\"https:\/\/files.sunoresearch.com.br\/n\/uploads\/2023\/04\/1420x240-Planilha-vida-financeira-true.png\"\n\t\t\t\t>\n\t\t\t<\/picture>\n\t\t<\/a>\n\t<\/p>\n\n\n","protected":false},"excerpt":{"rendered":"<p>Nesta sexta-feira (8) entre feriado e final de semana, o d\u00f3lar come\u00e7ou o dia em leve queda ante o real. A curva descendente para economias associadas a commodities (como o d\u00f3lar canadense e australiano) est\u00e1 atrelado \u00e0 devolu\u00e7\u00e3o de parte dos ganhos acumulados ao longo das \u00faltimas semanas. Al\u00e9m disso, os Tresuries projetam uma retra\u00e7\u00e3o [&hellip;]<\/p>\n","protected":false},"author":283,"featured_media":375369,"comment_status":"closed","ping_status":"closed","sticky":false,"template":"","format":"standard","meta":[],"categories":[60],"tags":[711,326,1852,793,801,105308,2197],"suno_strategy":[],"class_list":["post-453386","post","type-post","status-publish","format-standard","has-post-thumbnail","hentry","category-mercado","tag-china","tag-dolar","tag-dolar-futuro","tag-estados-unidos-eua","tag-g20","tag-janet-yellen","tag-juros-futuros"],"yoast_head":"<!-- This site is optimized with the Yoast SEO plugin v24.4 - https:\/\/yoast.com\/wordpress\/plugins\/seo\/ -->\n<title>D\u00f3lar cai p\u00f3s-feriado e Yellen fala sobre China nos bastidores do G20<\/title>\n<meta name=\"description\" content=\"Nesta sexta-feira, o d\u00f3lar come\u00e7ou o dia em leve queda ante o real, enquanto os Tresuries projetam uma retra\u00e7\u00e3o t\u00edmida nas taxas de juros.\" \/>\n<meta name=\"robots\" content=\"index, follow, max-snippet:-1, max-image-preview:large, max-video-preview:-1\" \/>\n<link rel=\"canonical\" href=\"https:\/\/www.suno.com.br\/noticias\/dolar-cai-feriado-yellen-china-g20-cpf\/\" \/>\n<meta property=\"og:locale\" content=\"pt_BR\" \/>\n<meta property=\"og:type\" content=\"article\" \/>\n<meta property=\"og:title\" content=\"D\u00f3lar cai p\u00f3s-feriado e Yellen fala sobre China nos bastidores do G20\" \/>\n<meta property=\"og:description\" content=\"Nesta sexta-feira, o d\u00f3lar come\u00e7ou o dia em leve queda ante o real, enquanto os Tresuries projetam uma retra\u00e7\u00e3o t\u00edmida nas taxas de juros.\" \/>\n<meta property=\"og:url\" content=\"https:\/\/www.suno.com.br\/noticias\/dolar-cai-feriado-yellen-china-g20-cpf\/\" \/>\n<meta property=\"og:site_name\" content=\"Suno Not\u00edcias\" \/>\n<meta property=\"article:publisher\" content=\"https:\/\/facebook.com\/sunoresearch\" \/>\n<meta property=\"og:image\" content=\"https:\/\/files.sunoresearch.com.br\/n\/uploads\/2023\/03\/29955932696_5219d821c5_k.jpg\" \/>\n\t<meta property=\"og:image:width\" content=\"1200\" \/>\n\t<meta property=\"og:image:height\" content=\"799\" \/>\n\t<meta property=\"og:image:type\" content=\"image\/jpeg\" \/>\n<meta name=\"author\" content=\"Camila Paim\" \/>\n<meta name=\"twitter:card\" content=\"summary_large_image\" \/>\n<meta name=\"twitter:creator\" content=\"@sunoresearch\" \/>\n<meta name=\"twitter:site\" content=\"@sunoresearch\" \/>\n<meta name=\"twitter:label1\" content=\"Escrito por\" \/>\n\t<meta name=\"twitter:data1\" content=\"Camila Paim\" \/>\n\t<meta name=\"twitter:label2\" content=\"Est. tempo de leitura\" \/>\n\t<meta name=\"twitter:data2\" content=\"3 minutos\" \/>\n<script type=\"application\/ld+json\" class=\"yoast-schema-graph\">{\"@context\":\"https:\/\/schema.org\",\"@graph\":[{\"@type\":\"NewsArticle\",\"@id\":\"https:\/\/www.suno.com.br\/noticias\/dolar-cai-feriado-yellen-china-g20-cpf\/#article\",\"isPartOf\":{\"@id\":\"https:\/\/www.suno.com.br\/noticias\/dolar-cai-feriado-yellen-china-g20-cpf\/\"},\"author\":{\"name\":\"Camila Paim\",\"@id\":\"https:\/\/www.suno.com.br\/noticias\/#\/schema\/person\/f341d3ae5d1cc685176c9a5327cdfdbb\"},\"headline\":\"D\u00f3lar cai p\u00f3s-feriado e com Yellen fala sobre China nos bastidores do G20\",\"datePublished\":\"2023-09-08T13:53:18+00:00\",\"dateModified\":\"2023-09-08T16:19:20+00:00\",\"mainEntityOfPage\":{\"@id\":\"https:\/\/www.suno.com.br\/noticias\/dolar-cai-feriado-yellen-china-g20-cpf\/\"},\"wordCount\":479,\"publisher\":{\"@id\":\"https:\/\/www.suno.com.br\/noticias\/#organization\"},\"image\":{\"@id\":\"https:\/\/www.suno.com.br\/noticias\/dolar-cai-feriado-yellen-china-g20-cpf\/#primaryimage\"},\"thumbnailUrl\":\"https:\/\/files.sunoresearch.com.br\/n\/uploads\/2023\/03\/29955932696_5219d821c5_k.jpg\",\"keywords\":[\"China\",\"d\u00f3lar\",\"d\u00f3lar futuro\",\"Estados Unidos (EUA)\",\"G20\",\"Janet Yellen\",\"juros futuros\"],\"articleSection\":[\"Mercado\"],\"inLanguage\":\"pt-BR\"},{\"@type\":\"WebPage\",\"@id\":\"https:\/\/www.suno.com.br\/noticias\/dolar-cai-feriado-yellen-china-g20-cpf\/\",\"url\":\"https:\/\/www.suno.com.br\/noticias\/dolar-cai-feriado-yellen-china-g20-cpf\/\",\"name\":\"D\u00f3lar cai p\u00f3s-feriado e Yellen fala sobre China nos bastidores do G20\",\"isPartOf\":{\"@id\":\"https:\/\/www.suno.com.br\/noticias\/#website\"},\"primaryImageOfPage\":{\"@id\":\"https:\/\/www.suno.com.br\/noticias\/dolar-cai-feriado-yellen-china-g20-cpf\/#primaryimage\"},\"image\":{\"@id\":\"https:\/\/www.suno.com.br\/noticias\/dolar-cai-feriado-yellen-china-g20-cpf\/#primaryimage\"},\"thumbnailUrl\":\"https:\/\/files.sunoresearch.com.br\/n\/uploads\/2023\/03\/29955932696_5219d821c5_k.jpg\",\"datePublished\":\"2023-09-08T13:53:18+00:00\",\"dateModified\":\"2023-09-08T16:19:20+00:00\",\"description\":\"Nesta sexta-feira, o d\u00f3lar come\u00e7ou o dia em leve queda ante o real, enquanto os Tresuries projetam uma retra\u00e7\u00e3o t\u00edmida nas taxas de juros.\",\"breadcrumb\":{\"@id\":\"https:\/\/www.suno.com.br\/noticias\/dolar-cai-feriado-yellen-china-g20-cpf\/#breadcrumb\"},\"inLanguage\":\"pt-BR\",\"potentialAction\":[{\"@type\":\"ReadAction\",\"target\":[\"https:\/\/www.suno.com.br\/noticias\/dolar-cai-feriado-yellen-china-g20-cpf\/\"]}]},{\"@type\":\"ImageObject\",\"inLanguage\":\"pt-BR\",\"@id\":\"https:\/\/www.suno.com.br\/noticias\/dolar-cai-feriado-yellen-china-g20-cpf\/#primaryimage\",\"url\":\"https:\/\/files.sunoresearch.com.br\/n\/uploads\/2023\/03\/29955932696_5219d821c5_k.jpg\",\"contentUrl\":\"https:\/\/files.sunoresearch.com.br\/n\/uploads\/2023\/03\/29955932696_5219d821c5_k.jpg\",\"width\":1200,\"height\":799,\"caption\":\"Janet Yellen, secret\u00e1ria do Tesouro dos Estados Unidos -Foto: World Bank\/Flickr\"},{\"@type\":\"BreadcrumbList\",\"@id\":\"https:\/\/www.suno.com.br\/noticias\/dolar-cai-feriado-yellen-china-g20-cpf\/#breadcrumb\",\"itemListElement\":[{\"@type\":\"ListItem\",\"position\":1,\"name\":\"Not\u00edcias\",\"item\":\"https:\/\/www.suno.com.br\/noticias\/\"},{\"@type\":\"ListItem\",\"position\":2,\"name\":\"Mercado\",\"item\":\"https:\/\/www.suno.com.br\/noticias\/mercado\/\"},{\"@type\":\"ListItem\",\"position\":3,\"name\":\"D\u00f3lar cai p\u00f3s-feriado e com Yellen fala sobre China nos bastidores do G20\"}]},{\"@type\":\"WebSite\",\"@id\":\"https:\/\/www.suno.com.br\/noticias\/#website\",\"url\":\"https:\/\/www.suno.com.br\/noticias\/\",\"name\":\"Suno Not\u00edcias\",\"description\":\"Seu portal de informa\u00e7\u00e3o sobre o mundo dos investimentos\",\"publisher\":{\"@id\":\"https:\/\/www.suno.com.br\/noticias\/#organization\"},\"potentialAction\":[{\"@type\":\"SearchAction\",\"target\":{\"@type\":\"EntryPoint\",\"urlTemplate\":\"https:\/\/www.suno.com.br\/noticias\/?s={search_term_string}\"},\"query-input\":{\"@type\":\"PropertyValueSpecification\",\"valueRequired\":true,\"valueName\":\"search_term_string\"}}],\"inLanguage\":\"pt-BR\"},{\"@type\":\"Organization\",\"@id\":\"https:\/\/www.suno.com.br\/noticias\/#organization\",\"name\":\"Suno Not\u00edcias\",\"url\":\"https:\/\/www.suno.com.br\/noticias\/\",\"logo\":{\"@type\":\"ImageObject\",\"inLanguage\":\"pt-BR\",\"@id\":\"https:\/\/www.suno.com.br\/noticias\/#\/schema\/logo\/image\/\",\"url\":\"https:\/\/files.sunoresearch.com.br\/n\/uploads\/2021\/09\/suno-logo.png\",\"contentUrl\":\"https:\/\/files.sunoresearch.com.br\/n\/uploads\/2021\/09\/suno-logo.png\",\"width\":180,\"height\":180,\"caption\":\"Suno Not\u00edcias\"},\"image\":{\"@id\":\"https:\/\/www.suno.com.br\/noticias\/#\/schema\/logo\/image\/\"},\"sameAs\":[\"https:\/\/facebook.com\/sunoresearch\",\"https:\/\/x.com\/sunoresearch\",\"https:\/\/www.instagram.com\/suno\",\"https:\/\/www.linkedin.com\/company\/suno-research\/\",\"https:\/\/www.youtube.com\/c\/sunoresearch\"]},{\"@type\":\"Person\",\"@id\":\"https:\/\/www.suno.com.br\/noticias\/#\/schema\/person\/f341d3ae5d1cc685176c9a5327cdfdbb\",\"name\":\"Camila Paim\",\"image\":{\"@type\":\"ImageObject\",\"inLanguage\":\"pt-BR\",\"@id\":\"https:\/\/www.suno.com.br\/noticias\/#\/schema\/person\/image\/\",\"url\":\"https:\/\/secure.gravatar.com\/avatar\/f33728e65febb1aa7ecf6792956f9b20?s=96&r=g\",\"contentUrl\":\"https:\/\/secure.gravatar.com\/avatar\/f33728e65febb1aa7ecf6792956f9b20?s=96&r=g\",\"caption\":\"Camila Paim\"},\"description\":\"Jornalista formada pela USP, tem experi\u00eancia em reda\u00e7\u00f5es, SEO, Branded Content e Webdesign. Com passagem pelo Jornal da USP, Empiricus e C6 Bank, hoje \u00e9 rep\u00f3rter no Suno Not\u00edcias cobrindo macroeconomia, finan\u00e7as pessoais e startups.\",\"url\":\"https:\/\/www.suno.com.br\/noticias\/author\/camila-figueiredosuno-com-br\/\"}]}<\/script>\n<!-- \/ Yoast SEO plugin. -->","yoast_head_json":{"title":"D\u00f3lar cai p\u00f3s-feriado e Yellen fala sobre China nos bastidores do G20","description":"Nesta sexta-feira, o d\u00f3lar come\u00e7ou o dia em leve queda ante o real, enquanto os Tresuries projetam uma retra\u00e7\u00e3o t\u00edmida nas taxas de juros.","robots":{"index":"index","follow":"follow","max-snippet":"max-snippet:-1","max-image-preview":"max-image-preview:large","max-video-preview":"max-video-preview:-1"},"canonical":"https:\/\/www.suno.com.br\/noticias\/dolar-cai-feriado-yellen-china-g20-cpf\/","og_locale":"pt_BR","og_type":"article","og_title":"D\u00f3lar cai p\u00f3s-feriado e Yellen fala sobre China nos bastidores do G20","og_description":"Nesta sexta-feira, o d\u00f3lar come\u00e7ou o dia em leve queda ante o real, enquanto os Tresuries projetam uma retra\u00e7\u00e3o t\u00edmida nas taxas de juros.","og_url":"https:\/\/www.suno.com.br\/noticias\/dolar-cai-feriado-yellen-china-g20-cpf\/","og_site_name":"Suno Not\u00edcias","article_publisher":"https:\/\/facebook.com\/sunoresearch","og_image":[{"width":1200,"height":799,"url":"https:\/\/files.sunoresearch.com.br\/n\/uploads\/2023\/03\/29955932696_5219d821c5_k.jpg","type":"image\/jpeg"}],"author":"Camila Paim","twitter_card":"summary_large_image","twitter_creator":"@sunoresearch","twitter_site":"@sunoresearch","twitter_misc":{"Escrito por":"Camila Paim","Est. tempo de leitura":"3 minutos"},"schema":{"@context":"https:\/\/schema.org","@graph":[{"@type":"NewsArticle","@id":"https:\/\/www.suno.com.br\/noticias\/dolar-cai-feriado-yellen-china-g20-cpf\/#article","isPartOf":{"@id":"https:\/\/www.suno.com.br\/noticias\/dolar-cai-feriado-yellen-china-g20-cpf\/"},"author":{"name":"Camila Paim","@id":"https:\/\/www.suno.com.br\/noticias\/#\/schema\/person\/f341d3ae5d1cc685176c9a5327cdfdbb"},"headline":"D\u00f3lar cai p\u00f3s-feriado e com Yellen fala sobre China nos bastidores do G20","datePublished":"2023-09-08T13:53:18+00:00","dateModified":"2023-09-08T16:19:20+00:00","mainEntityOfPage":{"@id":"https:\/\/www.suno.com.br\/noticias\/dolar-cai-feriado-yellen-china-g20-cpf\/"},"wordCount":479,"publisher":{"@id":"https:\/\/www.suno.com.br\/noticias\/#organization"},"image":{"@id":"https:\/\/www.suno.com.br\/noticias\/dolar-cai-feriado-yellen-china-g20-cpf\/#primaryimage"},"thumbnailUrl":"https:\/\/files.sunoresearch.com.br\/n\/uploads\/2023\/03\/29955932696_5219d821c5_k.jpg","keywords":["China","d\u00f3lar","d\u00f3lar futuro","Estados Unidos (EUA)","G20","Janet Yellen","juros futuros"],"articleSection":["Mercado"],"inLanguage":"pt-BR"},{"@type":"WebPage","@id":"https:\/\/www.suno.com.br\/noticias\/dolar-cai-feriado-yellen-china-g20-cpf\/","url":"https:\/\/www.suno.com.br\/noticias\/dolar-cai-feriado-yellen-china-g20-cpf\/","name":"D\u00f3lar cai p\u00f3s-feriado e Yellen fala sobre China nos bastidores do G20","isPartOf":{"@id":"https:\/\/www.suno.com.br\/noticias\/#website"},"primaryImageOfPage":{"@id":"https:\/\/www.suno.com.br\/noticias\/dolar-cai-feriado-yellen-china-g20-cpf\/#primaryimage"},"image":{"@id":"https:\/\/www.suno.com.br\/noticias\/dolar-cai-feriado-yellen-china-g20-cpf\/#primaryimage"},"thumbnailUrl":"https:\/\/files.sunoresearch.com.br\/n\/uploads\/2023\/03\/29955932696_5219d821c5_k.jpg","datePublished":"2023-09-08T13:53:18+00:00","dateModified":"2023-09-08T16:19:20+00:00","description":"Nesta sexta-feira, o d\u00f3lar come\u00e7ou o dia em leve queda ante o real, enquanto os Tresuries projetam uma retra\u00e7\u00e3o t\u00edmida nas taxas de juros.","breadcrumb":{"@id":"https:\/\/www.suno.com.br\/noticias\/dolar-cai-feriado-yellen-china-g20-cpf\/#breadcrumb"},"inLanguage":"pt-BR","potentialAction":[{"@type":"ReadAction","target":["https:\/\/www.suno.com.br\/noticias\/dolar-cai-feriado-yellen-china-g20-cpf\/"]}]},{"@type":"ImageObject","inLanguage":"pt-BR","@id":"https:\/\/www.suno.com.br\/noticias\/dolar-cai-feriado-yellen-china-g20-cpf\/#primaryimage","url":"https:\/\/files.sunoresearch.com.br\/n\/uploads\/2023\/03\/29955932696_5219d821c5_k.jpg","contentUrl":"https:\/\/files.sunoresearch.com.br\/n\/uploads\/2023\/03\/29955932696_5219d821c5_k.jpg","width":1200,"height":799,"caption":"Janet Yellen, secret\u00e1ria do Tesouro dos Estados Unidos -Foto: World Bank\/Flickr"},{"@type":"BreadcrumbList","@id":"https:\/\/www.suno.com.br\/noticias\/dolar-cai-feriado-yellen-china-g20-cpf\/#breadcrumb","itemListElement":[{"@type":"ListItem","position":1,"name":"Not\u00edcias","item":"https:\/\/www.suno.com.br\/noticias\/"},{"@type":"ListItem","position":2,"name":"Mercado","item":"https:\/\/www.suno.com.br\/noticias\/mercado\/"},{"@type":"ListItem","position":3,"name":"D\u00f3lar cai p\u00f3s-feriado e com Yellen fala sobre China nos bastidores do G20"}]},{"@type":"WebSite","@id":"https:\/\/www.suno.com.br\/noticias\/#website","url":"https:\/\/www.suno.com.br\/noticias\/","name":"Suno Not\u00edcias","description":"Seu portal de informa\u00e7\u00e3o sobre o mundo dos investimentos","publisher":{"@id":"https:\/\/www.suno.com.br\/noticias\/#organization"},"potentialAction":[{"@type":"SearchAction","target":{"@type":"EntryPoint","urlTemplate":"https:\/\/www.suno.com.br\/noticias\/?s={search_term_string}"},"query-input":{"@type":"PropertyValueSpecification","valueRequired":true,"valueName":"search_term_string"}}],"inLanguage":"pt-BR"},{"@type":"Organization","@id":"https:\/\/www.suno.com.br\/noticias\/#organization","name":"Suno Not\u00edcias","url":"https:\/\/www.suno.com.br\/noticias\/","logo":{"@type":"ImageObject","inLanguage":"pt-BR","@id":"https:\/\/www.suno.com.br\/noticias\/#\/schema\/logo\/image\/","url":"https:\/\/files.sunoresearch.com.br\/n\/uploads\/2021\/09\/suno-logo.png","contentUrl":"https:\/\/files.sunoresearch.com.br\/n\/uploads\/2021\/09\/suno-logo.png","width":180,"height":180,"caption":"Suno Not\u00edcias"},"image":{"@id":"https:\/\/www.suno.com.br\/noticias\/#\/schema\/logo\/image\/"},"sameAs":["https:\/\/facebook.com\/sunoresearch","https:\/\/x.com\/sunoresearch","https:\/\/www.instagram.com\/suno","https:\/\/www.linkedin.com\/company\/suno-research\/","https:\/\/www.youtube.com\/c\/sunoresearch"]},{"@type":"Person","@id":"https:\/\/www.suno.com.br\/noticias\/#\/schema\/person\/f341d3ae5d1cc685176c9a5327cdfdbb","name":"Camila Paim","image":{"@type":"ImageObject","inLanguage":"pt-BR","@id":"https:\/\/www.suno.com.br\/noticias\/#\/schema\/person\/image\/","url":"https:\/\/secure.gravatar.com\/avatar\/f33728e65febb1aa7ecf6792956f9b20?s=96&r=g","contentUrl":"https:\/\/secure.gravatar.com\/avatar\/f33728e65febb1aa7ecf6792956f9b20?s=96&r=g","caption":"Camila Paim"},"description":"Jornalista formada pela USP, tem experi\u00eancia em reda\u00e7\u00f5es, SEO, Branded Content e Webdesign. Com passagem pelo Jornal da USP, Empiricus e C6 Bank, hoje \u00e9 rep\u00f3rter no Suno Not\u00edcias cobrindo macroeconomia, finan\u00e7as pessoais e startups.","url":"https:\/\/www.suno.com.br\/noticias\/author\/camila-figueiredosuno-com-br\/"}]}},"default_loop_html":"<div class=\"cardsPage__listCard__boxs\"><div class=\"cardsPage__listCard__boxs__img\"><a href=\"https:\/\/www.suno.com.br\/noticias\/dolar-cai-feriado-yellen-china-g20-cpf\/\"><img class=\"mask\" src=\"https:\/\/www.suno.com.br\/noticias\/wp-content\/themes\/suno\/resources\/images\/spotlight\/spotlight1img\/bg-mask.png\" alt=\"Image Mask\"\/><img src=\"https:\/\/files.sunoresearch.com.br\/n\/uploads\/2023\/03\/29955932696_5219d821c5_k-400x200.jpg\" alt=\"D\u00f3lar cai p\u00f3s-feriado e com Yellen fala sobre China nos bastidores do G20\"\/><\/a><span class=\"spotlightCategory\"><a href=\"https:\/\/www.suno.com.br\/noticias\/mercado\/\">Mercado<\/a><\/span><\/div><div class=\"cardsPage__listCard__boxs__content\"><a href=\"https:\/\/www.suno.com.br\/noticias\/dolar-cai-feriado-yellen-china-g20-cpf\/\"><h2 class=\"content__title\">D\u00f3lar cai p\u00f3s-feriado e com Yellen fala sobre China nos bastidores do G20<\/h2><\/a><div class=\"newsContent__article__meta\"><div class=\"newsContent__article__meta__authorBox\"><a href=\"https:\/\/www.suno.com.br\/noticias\/author\/giovanni-porfiriosuno-com-br\/\" class=\"authorBox__avatar noMobi\"><img src=\"https:\/\/files.sunoresearch.com.br\/n\/uploads\/2024\/05\/DSCF4115-1-1-150x150.webp\" alt=\"Giovanni Porf\u00edrio Jacomino\"><\/a><div class=\"authorBox__name\"><span>por\n\t\t\t<a href=\"https:\/\/www.suno.com.br\/noticias\/author\/giovanni-porfiriosuno-com-br\/\"><span itemprop=\"author\">Giovanni Porf\u00edrio Jacomino<\/span><\/a><\/span><time datetime=\"2023-09-08T10:53:18-03:00\" itemprop=\"datePublished\">08\/09\/2023 10:53<\/time><\/div><\/div><\/div><\/div><\/div>","single_layout":"posts","amp_enabled":true,"_links":{"self":[{"href":"https:\/\/www.suno.com.br\/noticias\/wp-json\/wp\/v2\/posts\/453386"}],"collection":[{"href":"https:\/\/www.suno.com.br\/noticias\/wp-json\/wp\/v2\/posts"}],"about":[{"href":"https:\/\/www.suno.com.br\/noticias\/wp-json\/wp\/v2\/types\/post"}],"author":[{"embeddable":true,"href":"https:\/\/www.suno.com.br\/noticias\/wp-json\/wp\/v2\/users\/283"}],"replies":[{"embeddable":true,"href":"https:\/\/www.suno.com.br\/noticias\/wp-json\/wp\/v2\/comments?post=453386"}],"version-history":[{"count":3,"href":"https:\/\/www.suno.com.br\/noticias\/wp-json\/wp\/v2\/posts\/453386\/revisions"}],"predecessor-version":[{"id":453535,"href":"https:\/\/www.suno.com.br\/noticias\/wp-json\/wp\/v2\/posts\/453386\/revisions\/453535"}],"wp:featuredmedia":[{"embeddable":true,"href":"https:\/\/www.suno.com.br\/noticias\/wp-json\/wp\/v2\/media\/375369"}],"wp:attachment":[{"href":"https:\/\/www.suno.com.br\/noticias\/wp-json\/wp\/v2\/media?parent=453386"}],"wp:term":[{"taxonomy":"category","embeddable":true,"href":"https:\/\/www.suno.com.br\/noticias\/wp-json\/wp\/v2\/categories?post=453386"},{"taxonomy":"post_tag","embeddable":true,"href":"https:\/\/www.suno.com.br\/noticias\/wp-json\/wp\/v2\/tags?post=453386"},{"taxonomy":"suno_strategy","embeddable":true,"href":"https:\/\/www.suno.com.br\/noticias\/wp-json\/wp\/v2\/suno_strategy?post=453386"}],"curies":[{"name":"wp","href":"https:\/\/api.w.org\/{rel}","templated":true}]}}