{"id":453378,"date":"2023-09-08T11:21:36","date_gmt":"2023-09-08T14:21:36","guid":{"rendered":"https:\/\/www.suno.com.br\/noticias\/?p=453378"},"modified":"2023-09-08T11:21:43","modified_gmt":"2023-09-08T14:21:43","slug":"destaques-elet3-braskem-e-mais-va","status":"publish","type":"post","link":"https:\/\/www.suno.com.br\/noticias\/destaques-elet3-braskem-e-mais-va\/","title":{"rendered":"Eletrobras (ELET3), Braskem (BRKM5) e Enauta (ENAT3) protagonizam o mercado nesta sexta; veja destaques"},"content":{"rendered":"<p>A informa\u00e7\u00e3o de que a <strong>Eletrobras<\/strong> (ELET3) concluiu a assinatura de contrato para a venda do complexo termoel\u00e9trico de Candiota para o grupo \u00c2mbar Energia est\u00e1 entre os destaques desta sexta-feira (08).<\/p>\t<div class=\"wrapper-featured-image\">\n\t\t<figure class=\"spotlightImg\">\n\n\t\t\t<picture>\n\t\t\t\t<source media=\"(max-width: 768px)\" srcset=\"https:\/\/files.sunoresearch.com.br\/n\/uploads\/2023\/05\/pregao-bolsa-b3-400x200.jpg\">\n\t\t\t\t<img loading=\"lazy\" decoding=\"async\" class=\"newsContent__article__imgCapa lazyloadDisabled \" src=\"https:\/\/files.sunoresearch.com.br\/n\/uploads\/2023\/05\/pregao-bolsa-b3-800x450.jpg\" width=\"800\" height=\"450\" alt=\"Eletrobras (ELET3), Braskem (BRKM5) e Enauta (ENAT3) protagonizam o mercado nesta sexta; veja destaques\" fetchpriority=high \/>\n\t\t\t<\/picture>\n\n\t\t\t<figcaption class=\"wp-caption-text wp-caption-text--show\">Mercado. Foto: iStock<\/figcaption>\n\t\t<\/figure>\n\t<\/div>\n\n\n\n\n\n\t<p>\n\t\t<a href=\"https:\/\/lp.suno.com.br\/planilha-da-vida-financeira\/\" target=\"_blank\" data-element=\"shortcode-suno-banner\" title=\"Banner SUNO, clique e saiba mais\">\n\t\t\t<picture>\n\t\t\t\t<source media=\"(max-width: 500px)\" srcset=\"https:\/\/files.sunoresearch.com.br\/n\/uploads\/2023\/04\/400x300-Planilha-vida-financeira-true.png\">\n\t\t\t\t<img class=\"newsContent__article__imgCapa newsContent__article__imgCapa--banner\"\n\t\t\t\t\tsrc=\"https:\/\/files.sunoresearch.com.br\/n\/uploads\/2023\/04\/1420x240-Planilha-vida-financeira-true.png\"\n\t\t\t\t\tdata-promo-id=\"106682\"\t\t\t\t\t\t\t\t\t\twidth='1420' height='240'\t\t\t\t\talt=\"https:\/\/files.sunoresearch.com.br\/n\/uploads\/2023\/04\/1420x240-Planilha-vida-financeira-true.png\"\n\t\t\t\t>\n\t\t\t<\/picture>\n\t\t<\/a>\n\t<\/p>\n\n\n\n\n\n<p>Tamb\u00e9m est\u00e1 entre os<strong> destaques do <a class=\"suno-keyword\" data-force=\"no\" data-priority=\"2\" href=\"https:\/\/www.suno.com.br\/guias\/mercado-financeiro\/\" target=\"_blank\" rel=\"noopener\">mercado financeiro<\/a> <\/strong>a <a class=\"suno-keyword\" data-force=\"yes\" data-priority=\"2\" href=\"https:\/\/www.suno.com.br\/acoes\/BRKM5\/\" target=\"_blank\" rel=\"noopener\">Braskem (BRKM5)<\/a>, ap\u00f3s pretender lan\u00e7ar sua segunda emiss\u00e3o de d\u00edvida externa do ano, segundo fontes ouvidas pelo Valor Econ\u00f4mico.&nbsp;<\/p>\n\n\n\n<p>A <a class=\"suno-keyword\" data-force=\"yes\" data-priority=\"2\" href=\"https:\/\/www.suno.com.br\/acoes\/ENAT3\/\" target=\"_blank\" rel=\"noopener\">Enauta (ENAT3)<\/a> tamb\u00e9m \u00e9 destaque hoje, depois de aprovar a realiza\u00e7\u00e3o de sua&nbsp; 2\u00aa emiss\u00e3o de deb\u00eantures simples.<\/p>\n\n\n\n<p>Veja os <strong>destaques do mercado financeiro<\/strong> de hoje:<\/p>\n\n\n\n<h2 class=\"wp-block-heading\">Eletrobras <\/h2>\n\n\n\n<p>A <a class=\"suno-keyword\" data-force=\"yes\" data-priority=\"2\" href=\"https:\/\/www.suno.com.br\/acoes\/ELET3\/\" target=\"_blank\" rel=\"noopener\">Eletrobras (<strong>ELET3<\/strong>)<\/a> informou que concluiu a assinatura de contrato para a venda do complexo termoel\u00e9trico de Candiota, o \u00fanico ativo a carv\u00e3o do grupo, para o grupo \u00c2mbar Energia, pelo valor de R$ 72 milh\u00f5es.<\/p>\n\n\n\n<p>A companhia comunicou tamb\u00e9m evolu\u00e7\u00e3o de duas negocia\u00e7\u00f5es com o grupo \u00c2mbar Energia por ativos detidos em conjunto com a el\u00e9trica.<\/p>\n\n\n\t<div data-element=\"shortcode-read-more\" class=\"knowMore\">\n\t\t\t\t<span class=\"knowMore__title\">Leia mais<\/span>\n\t\t\t\t<a class=\"knowMore__link\" href=\"https:\/\/www.suno.com.br\/noticias\/eletrobras-elet3-candiota-ambar-energia-gpj\/\">\n\t\t\tEletrobras (ELET3) vende Candiota para grupo \u00c2mbar Energia por R$ 72 milh\u00f5es\t\t<\/a>\n\t<\/div>\n\n\n\n\n<h2 class=\"wp-block-heading\">Braskem<\/h2>\n\n\n\n<p>A <strong>Braskem (BRKM5)<\/strong> deu in\u00edcio \u00e0s apresenta\u00e7\u00f5es a investidores para lan\u00e7ar sua segunda emiss\u00e3o de d\u00edvida externa do ano, informa o Valor Econ\u00f4mico. Segundo o jornal, a precifica\u00e7\u00e3o deve ocorrer nesta sexta-feira (08).&nbsp;<\/p>\n\n\n\n<p>A companhia busca at\u00e9 US$ 1 bilh\u00e3o com a oferta de t\u00edtulos com prazos de sete anos, dizem fontes ouvidas pelo Valor.&nbsp;<\/p>\n\n\n\n<h2 class=\"wp-block-heading\">Enauta<\/h2>\n\n\n\n<p>Em comunicado, a <a class=\"suno-keyword\" data-force=\"yes\" data-priority=\"2\" href=\"https:\/\/www.suno.com.br\/acoes\/ENAT3\/\" target=\"_blank\" rel=\"noopener\"><strong>Enauta (ENAT3)<\/strong><\/a> divulgou que seu <a class=\"suno-keyword\" data-force=\"no\" data-priority=\"1\" href=\"https:\/\/www.suno.com.br\/artigos\/conselho-administracao\/\" target=\"_blank\" rel=\"noopener\">conselho de administra\u00e7\u00e3o<\/a> aprovou a realiza\u00e7\u00e3o da&nbsp; 2\u00aa emiss\u00e3o de deb\u00eantures simples, n\u00e3o convers\u00edveis, da esp\u00e9cie com garantia real, com garantia adicional fidejuss\u00f3ria, em at\u00e9 tr\u00eas s\u00e9ries no valor total de R$ 1,1 bilh\u00e3o.&nbsp;<\/p>\n\n\n\n<p>Segundo a empresa, os recursos relacionados \u00e0s deb\u00eantures da segunda s\u00e9rie captados ser\u00e3o utilizados exclusivamente para o refor\u00e7o do capital de giro.&nbsp;<\/p>\n\n\n\n<h2 class=\"wp-block-heading\">Vamos <\/h2>\n\n\n\n<p>A <a class=\"suno-keyword\" data-force=\"yes\" data-priority=\"2\" href=\"https:\/\/www.suno.com.br\/acoes\/vamo3\/\" target=\"_blank\" rel=\"noopener\"><strong>Vamos (VAMO3)<\/strong><\/a> anunciou um acordo para aquisi\u00e7\u00e3o da frota de caminh\u00f5es do Grupo Petr\u00f3polis, por meio de proposta vinculante, no contexto do <a class=\"suno-keyword\" data-force=\"no\" data-priority=\"1\" href=\"https:\/\/www.suno.com.br\/artigos\/plano-de-recuperacao\/\" target=\"_blank\" rel=\"noopener\">plano de recupera\u00e7\u00e3o judicial<\/a> da Petr\u00f3polis.&nbsp;<\/p>\n\n\n\n<p>A empresa ir\u00e1 adquirir 2.926 caminh\u00f5es, dos quais 2.392 ativos \u2013 76% modelos de fabrica\u00e7\u00e3o a partir de 2019 \u2013 ser\u00e3o locados pela Petr\u00f3polis em contratos de loca\u00e7\u00e3o de <a class=\"suno-keyword\" data-force=\"no\" data-priority=\"1\" href=\"https:\/\/www.suno.com.br\/artigos\/longo-prazo\/\" target=\"_blank\" rel=\"noopener\">longo prazo<\/a>, corrigidos anualmente por infla\u00e7\u00e3o. Os demais 534 caminh\u00f5es a serem adquiridos ser\u00e3o vendidos no <a class=\"suno-keyword\" data-force=\"no\" data-priority=\"1\" href=\"https:\/\/www.suno.com.br\/artigos\/mercado-secundario\/\" target=\"_blank\" rel=\"noopener\">mercado secund\u00e1rio<\/a>.&nbsp;<\/p>\n\n\n\t<div data-element=\"shortcode-read-more\" class=\"knowMore\">\n\t\t\t\t<span class=\"knowMore__title\">Leia mais<\/span>\n\t\t\t\t<a class=\"knowMore__link\" href=\"https:\/\/www.suno.com.br\/noticias\/vamos-vamo3-caminhoes-petropolis-gpj\/\">\n\t\t\tVamos (VAMO3) compra frota de caminh\u00f5es do Grupo Petr\u00f3polis por R$ 576 milh\u00f5es\t\t<\/a>\n\t<\/div>\n\n\n\n\n<h2 class=\"wp-block-heading\">Allian\u00e7a Sa\u00fade&nbsp;<\/h2>\n\n\n\n<p>A <strong>Allian\u00e7a Sa\u00fade (AALR3)<\/strong> assinou um memorando de entendimentos vinculante com a Unimed Nacional, com o objetivo de criar uma rede de laborat\u00f3rios para o processamento de exames de an\u00e1lises cl\u00ednicas, conhecida no segmento de sa\u00fade como N\u00facleo T\u00e9cnico Operacional (NTO).<\/p>\n\n\n\t<p>\n\t\t<a href=\"https:\/\/lp.suno.com.br\/ebook-como-analisar-uma-acao\/\" target=\"_blank\" data-element=\"shortcode-suno-banner\" title=\"Banner SUNO, clique e saiba mais\">\n\t\t\t<picture>\n\t\t\t\t<source media=\"(max-width: 500px)\" srcset=\"https:\/\/files.sunoresearch.com.br\/n\/uploads\/2023\/03\/Ebook-Acoes-Mobile.jpg\">\n\t\t\t\t<img class=\"newsContent__article__imgCapa newsContent__article__imgCapa--banner\"\n\t\t\t\t\tsrc=\"https:\/\/files.sunoresearch.com.br\/n\/uploads\/2023\/03\/Ebook-Acoes-Desktop.jpg\"\n\t\t\t\t\tdata-promo-id=\"378302\"\t\t\t\t\t\t\t\t\t\twidth='1420' height='286'\t\t\t\t\talt=\"https:\/\/files.sunoresearch.com.br\/n\/uploads\/2023\/03\/Ebook-Acoes-Desktop.jpg\"\n\t\t\t\t>\n\t\t\t<\/picture>\n\t\t<\/a>\n\t<\/p>\n\n\n\n\n\n<p>Allian\u00e7a informou que ter\u00e1 participa\u00e7\u00e3o de 51% da sociedade, e a Unimed, os 49% restantes.<\/p>\n\n\n\n<h2 class=\"wp-block-heading\">Loja Quero-Quero&nbsp;<\/h2>\n\n\n\n<p>A <strong>Loja Quero-Quero (LJQQ3)<\/strong> informou que o fundo Alaska e a LAPB Gest\u00e3o de Recursos Financeiras aumentaram a participa\u00e7\u00e3o em <a class=\"suno-keyword\" data-force=\"no\" data-priority=\"1\" href=\"https:\/\/www.suno.com.br\/artigos\/o-que-sao-acoes-ordinarias-preferenciais-e-units\/\" target=\"_blank\" rel=\"noopener\">a\u00e7\u00f5es ordin\u00e1rias<\/a> de emiss\u00e3o da companhia, atingindo 20,27% do total das a\u00e7\u00f5es, totalizando 37.968.725 <a class=\"suno-keyword\" target=\"_blank\" data-force=\"no\" data-priority=\"1\" href=\"https:\/\/www.suno.com.br\/artigos\/o-que-sao-acoes-ordinarias-preferenciais-e-units\/\" rel=\"noopener\">a\u00e7\u00f5es ordin\u00e1rias<\/a>.&nbsp;<\/p>\n\n\n\n<h2 class=\"wp-block-heading\">Aura Minerals&nbsp;<\/h2>\n\n\n\n<p>A <a class=\"suno-keyword\" data-force=\"yes\" data-priority=\"2\" href=\"https:\/\/www.suno.com.br\/acoes\/aura33\/\" target=\"_blank\" rel=\"noopener\"><strong>Aura Minerals (AURA33)<\/strong><\/a> afirmou que seu <a class=\"suno-keyword\" data-force=\"no\" data-priority=\"1\" href=\"https:\/\/www.suno.com.br\/artigos\/conselho-administracao\/\" target=\"_blank\" rel=\"noopener\">conselho de administra\u00e7\u00e3o<\/a> aprovou o&nbsp; estudo de viabilidade para o Projeto Borborema localizado em Currais Novos, no Rio Grande do Norte. Al\u00e9m disso, foi aprovado a contrata\u00e7\u00e3o de&nbsp; uma linha de cr\u00e9dito de US$ 100 milh\u00f5es junto ao Santander para dar in\u00edcio ao projeto.&nbsp;<\/p>\n\n\n\n<h2 class=\"wp-block-heading\">Nestl\u00e9<\/h2>\n\n\n\n<p>A multinacional de alimentos <strong>Nestl\u00e9<\/strong> anunciou nesta quinta-feira (7) a compra do Grupo CRM, dono das marcas de chocolates <strong>Kopenhagen<\/strong> e Brasil Cacau, que pertencia ao fundo americano Advent. O valor do neg\u00f3cio n\u00e3o foi revelado, mas \u00e9 estimado em cerca de R$ 4,5 bilh\u00f5es.<\/p>\n\n\n\t<div data-element=\"shortcode-read-more\" class=\"knowMore\">\n\t\t\t\t<span class=\"knowMore__title\">Leia mais<\/span>\n\t\t\t\t<a class=\"knowMore__link\" href=\"https:\/\/www.suno.com.br\/noticias\/nestle-anuncia-a-compra-da-kopenhagen-por-r-45-bilhoes-ar\/\">\n\t\t\tNestl\u00e9 anuncia a compra da Kopenhagen por R$ 4,5 bilh\u00f5es\t\t<\/a>\n\t<\/div>\n\n\n\n\n<p>Os destaques do <a class=\"suno-keyword\" data-force=\"no\" data-priority=\"2\" href=\"https:\/\/www.suno.com.br\/guias\/mercado-financeiro\/\" target=\"_blank\" rel=\"noopener\">mercado financeiro<\/a> do Suno Not\u00edcias mostram os principais acontecimentos que prometem movimentar o mercado durante o dia, como a <strong>Eletrobras <\/strong>(ELET3), que deve estar no foco dos investidores ao longo do dia.<\/p>\n\n\n\n\n\t<p>\n\t\t<a href=\"https:\/\/lp.suno.com.br\/planilha-da-vida-financeira\/\" target=\"_blank\" data-element=\"shortcode-suno-banner\" title=\"Banner SUNO, clique e saiba mais\">\n\t\t\t<picture>\n\t\t\t\t<source media=\"(max-width: 500px)\" srcset=\"https:\/\/files.sunoresearch.com.br\/n\/uploads\/2023\/04\/400x300-Planilha-vida-financeira-true.png\">\n\t\t\t\t<img class=\"newsContent__article__imgCapa newsContent__article__imgCapa--banner\"\n\t\t\t\t\tsrc=\"https:\/\/files.sunoresearch.com.br\/n\/uploads\/2023\/04\/1420x240-Planilha-vida-financeira-true.png\"\n\t\t\t\t\tdata-promo-id=\"383123\"\t\t\t\t\t\t\t\t\t\twidth='1420' height='240'\t\t\t\t\talt=\"https:\/\/files.sunoresearch.com.br\/n\/uploads\/2023\/04\/1420x240-Planilha-vida-financeira-true.png\"\n\t\t\t\t>\n\t\t\t<\/picture>\n\t\t<\/a>\n\t<\/p>\n\n\n","protected":false},"excerpt":{"rendered":"<p>A informa\u00e7\u00e3o de que a Eletrobras (ELET3) concluiu a assinatura de contrato para a venda do complexo termoel\u00e9trico de Candiota para o grupo \u00c2mbar Energia est\u00e1 entre os destaques desta sexta-feira (08). Mercado. Foto: iStock Tamb\u00e9m est\u00e1 entre os destaques do mercado financeiro a Braskem (BRKM5), ap\u00f3s pretender lan\u00e7ar sua segunda emiss\u00e3o de d\u00edvida externa [&hellip;]<\/p>\n","protected":false},"author":301,"featured_media":406479,"comment_status":"closed","ping_status":"closed","sticky":false,"template":"","format":"standard","meta":[],"categories":[60],"tags":[92617,107089,395,455,86780,85476,1159,105973],"suno_strategy":[],"class_list":["post-453378","post","type-post","status-publish","format-standard","has-post-thumbnail","hentry","category-mercado","tag-alliar-aalr3","tag-aura-minerals-aura33","tag-braskem-brkm3-brkm5-brkm6","tag-eletrobras-elet3-elet5-elet6","tag-enauta-enat3","tag-lojas-quero-quero-ljqq3","tag-nestle","tag-vamos-vamo3"],"yoast_head":"<!-- This site is optimized with the Yoast SEO plugin v24.4 - https:\/\/yoast.com\/wordpress\/plugins\/seo\/ -->\n<title>Eletrobras (ELET3), Braskem (BRKM5): vejas destaques hoje<\/title>\n<meta name=\"description\" content=\"A informa\u00e7\u00e3o de que a Eletrobras (ELET3) concluiu contrato para a venda deCandiota est\u00e1 entre os destaques de hoje (08).\" \/>\n<meta name=\"robots\" content=\"index, follow, max-snippet:-1, max-image-preview:large, max-video-preview:-1\" \/>\n<link rel=\"canonical\" href=\"https:\/\/www.suno.com.br\/noticias\/destaques-elet3-braskem-e-mais-va\/\" \/>\n<meta property=\"og:locale\" content=\"pt_BR\" \/>\n<meta property=\"og:type\" content=\"article\" \/>\n<meta property=\"og:title\" content=\"Eletrobras (ELET3), Braskem (BRKM5): vejas destaques hoje\" \/>\n<meta property=\"og:description\" content=\"A informa\u00e7\u00e3o de que a Eletrobras (ELET3) concluiu contrato para a venda deCandiota est\u00e1 entre os destaques de hoje (08).\" \/>\n<meta property=\"og:url\" content=\"https:\/\/www.suno.com.br\/noticias\/destaques-elet3-braskem-e-mais-va\/\" \/>\n<meta property=\"og:site_name\" content=\"Suno Not\u00edcias\" \/>\n<meta property=\"article:publisher\" content=\"https:\/\/facebook.com\/sunoresearch\" \/>\n<meta property=\"og:image\" content=\"https:\/\/files.sunoresearch.com.br\/n\/uploads\/2023\/05\/pregao-bolsa-b3.jpg\" \/>\n\t<meta property=\"og:image:width\" content=\"1200\" \/>\n\t<meta property=\"og:image:height\" content=\"801\" \/>\n\t<meta property=\"og:image:type\" content=\"image\/jpeg\" \/>\n<meta name=\"author\" content=\"Vin\u00edcius Alves\" \/>\n<meta name=\"twitter:card\" content=\"summary_large_image\" \/>\n<meta name=\"twitter:creator\" content=\"@sunoresearch\" \/>\n<meta name=\"twitter:site\" content=\"@sunoresearch\" \/>\n<meta name=\"twitter:label1\" content=\"Escrito por\" \/>\n\t<meta name=\"twitter:data1\" content=\"Vin\u00edcius Alves\" \/>\n\t<meta name=\"twitter:label2\" content=\"Est. tempo de leitura\" \/>\n\t<meta name=\"twitter:data2\" content=\"4 minutos\" \/>\n<script type=\"application\/ld+json\" class=\"yoast-schema-graph\">{\"@context\":\"https:\/\/schema.org\",\"@graph\":[{\"@type\":\"NewsArticle\",\"@id\":\"https:\/\/www.suno.com.br\/noticias\/destaques-elet3-braskem-e-mais-va\/#article\",\"isPartOf\":{\"@id\":\"https:\/\/www.suno.com.br\/noticias\/destaques-elet3-braskem-e-mais-va\/\"},\"author\":{\"name\":\"Vin\u00edcius Alves\",\"@id\":\"https:\/\/www.suno.com.br\/noticias\/#\/schema\/person\/4a180549702d0e236b3e420862bcded3\"},\"headline\":\"Eletrobras (ELET3), Braskem (BRKM5) e Enauta (ENAT3) protagonizam o mercado nesta sexta; veja destaques\",\"datePublished\":\"2023-09-08T14:21:36+00:00\",\"dateModified\":\"2023-09-08T14:21:43+00:00\",\"mainEntityOfPage\":{\"@id\":\"https:\/\/www.suno.com.br\/noticias\/destaques-elet3-braskem-e-mais-va\/\"},\"wordCount\":676,\"publisher\":{\"@id\":\"https:\/\/www.suno.com.br\/noticias\/#organization\"},\"image\":{\"@id\":\"https:\/\/www.suno.com.br\/noticias\/destaques-elet3-braskem-e-mais-va\/#primaryimage\"},\"thumbnailUrl\":\"https:\/\/files.sunoresearch.com.br\/n\/uploads\/2023\/05\/pregao-bolsa-b3.jpg\",\"keywords\":[\"Alliar (AALR3)\",\"Aura Minerals (AURA33)\",\"Braskem (BRKM3\/BRKM5\/BRKM6)\",\"Eletrobras (ELET3\/ELET5\/ELET6)\",\"Enauta (ENAT3)\",\"Lojas Quero-Quero (LJQQ3)\",\"Nestl\u00e9\",\"Vamos (VAMO3)\"],\"articleSection\":[\"Mercado\"],\"inLanguage\":\"pt-BR\"},{\"@type\":\"WebPage\",\"@id\":\"https:\/\/www.suno.com.br\/noticias\/destaques-elet3-braskem-e-mais-va\/\",\"url\":\"https:\/\/www.suno.com.br\/noticias\/destaques-elet3-braskem-e-mais-va\/\",\"name\":\"Eletrobras (ELET3), Braskem (BRKM5): vejas destaques hoje\",\"isPartOf\":{\"@id\":\"https:\/\/www.suno.com.br\/noticias\/#website\"},\"primaryImageOfPage\":{\"@id\":\"https:\/\/www.suno.com.br\/noticias\/destaques-elet3-braskem-e-mais-va\/#primaryimage\"},\"image\":{\"@id\":\"https:\/\/www.suno.com.br\/noticias\/destaques-elet3-braskem-e-mais-va\/#primaryimage\"},\"thumbnailUrl\":\"https:\/\/files.sunoresearch.com.br\/n\/uploads\/2023\/05\/pregao-bolsa-b3.jpg\",\"datePublished\":\"2023-09-08T14:21:36+00:00\",\"dateModified\":\"2023-09-08T14:21:43+00:00\",\"description\":\"A informa\u00e7\u00e3o de que a Eletrobras (ELET3) concluiu contrato para a venda deCandiota est\u00e1 entre os destaques de hoje (08).\",\"breadcrumb\":{\"@id\":\"https:\/\/www.suno.com.br\/noticias\/destaques-elet3-braskem-e-mais-va\/#breadcrumb\"},\"inLanguage\":\"pt-BR\",\"potentialAction\":[{\"@type\":\"ReadAction\",\"target\":[\"https:\/\/www.suno.com.br\/noticias\/destaques-elet3-braskem-e-mais-va\/\"]}]},{\"@type\":\"ImageObject\",\"inLanguage\":\"pt-BR\",\"@id\":\"https:\/\/www.suno.com.br\/noticias\/destaques-elet3-braskem-e-mais-va\/#primaryimage\",\"url\":\"https:\/\/files.sunoresearch.com.br\/n\/uploads\/2023\/05\/pregao-bolsa-b3.jpg\",\"contentUrl\":\"https:\/\/files.sunoresearch.com.br\/n\/uploads\/2023\/05\/pregao-bolsa-b3.jpg\",\"width\":1200,\"height\":801,\"caption\":\"Mercado. Foto: iStock\"},{\"@type\":\"BreadcrumbList\",\"@id\":\"https:\/\/www.suno.com.br\/noticias\/destaques-elet3-braskem-e-mais-va\/#breadcrumb\",\"itemListElement\":[{\"@type\":\"ListItem\",\"position\":1,\"name\":\"Not\u00edcias\",\"item\":\"https:\/\/www.suno.com.br\/noticias\/\"},{\"@type\":\"ListItem\",\"position\":2,\"name\":\"Mercado\",\"item\":\"https:\/\/www.suno.com.br\/noticias\/mercado\/\"},{\"@type\":\"ListItem\",\"position\":3,\"name\":\"Eletrobras (ELET3), Braskem (BRKM5) e Enauta (ENAT3) protagonizam o mercado nesta sexta; veja destaques\"}]},{\"@type\":\"WebSite\",\"@id\":\"https:\/\/www.suno.com.br\/noticias\/#website\",\"url\":\"https:\/\/www.suno.com.br\/noticias\/\",\"name\":\"Suno Not\u00edcias\",\"description\":\"Seu portal de informa\u00e7\u00e3o sobre o mundo dos investimentos\",\"publisher\":{\"@id\":\"https:\/\/www.suno.com.br\/noticias\/#organization\"},\"potentialAction\":[{\"@type\":\"SearchAction\",\"target\":{\"@type\":\"EntryPoint\",\"urlTemplate\":\"https:\/\/www.suno.com.br\/noticias\/?s={search_term_string}\"},\"query-input\":{\"@type\":\"PropertyValueSpecification\",\"valueRequired\":true,\"valueName\":\"search_term_string\"}}],\"inLanguage\":\"pt-BR\"},{\"@type\":\"Organization\",\"@id\":\"https:\/\/www.suno.com.br\/noticias\/#organization\",\"name\":\"Suno Not\u00edcias\",\"url\":\"https:\/\/www.suno.com.br\/noticias\/\",\"logo\":{\"@type\":\"ImageObject\",\"inLanguage\":\"pt-BR\",\"@id\":\"https:\/\/www.suno.com.br\/noticias\/#\/schema\/logo\/image\/\",\"url\":\"https:\/\/files.sunoresearch.com.br\/n\/uploads\/2021\/09\/suno-logo.png\",\"contentUrl\":\"https:\/\/files.sunoresearch.com.br\/n\/uploads\/2021\/09\/suno-logo.png\",\"width\":180,\"height\":180,\"caption\":\"Suno Not\u00edcias\"},\"image\":{\"@id\":\"https:\/\/www.suno.com.br\/noticias\/#\/schema\/logo\/image\/\"},\"sameAs\":[\"https:\/\/facebook.com\/sunoresearch\",\"https:\/\/x.com\/sunoresearch\",\"https:\/\/www.instagram.com\/suno\",\"https:\/\/www.linkedin.com\/company\/suno-research\/\",\"https:\/\/www.youtube.com\/c\/sunoresearch\"]},{\"@type\":\"Person\",\"@id\":\"https:\/\/www.suno.com.br\/noticias\/#\/schema\/person\/4a180549702d0e236b3e420862bcded3\",\"name\":\"Vin\u00edcius Alves\",\"image\":{\"@type\":\"ImageObject\",\"inLanguage\":\"pt-BR\",\"@id\":\"https:\/\/www.suno.com.br\/noticias\/#\/schema\/person\/image\/\",\"url\":\"https:\/\/secure.gravatar.com\/avatar\/a95b7fe6d1b813f7907d4f476d5a39e1?s=96&r=g\",\"contentUrl\":\"https:\/\/secure.gravatar.com\/avatar\/a95b7fe6d1b813f7907d4f476d5a39e1?s=96&r=g\",\"caption\":\"Vin\u00edcius Alves\"},\"description\":\"Jornalista formado na Faculdade C\u00e1sper L\u00edbero. Com passagens pela Ag\u00eancia Estado, InfoMoney e Editora Globo.\",\"url\":\"https:\/\/www.suno.com.br\/noticias\/author\/vini08correiagmail-com\/\"}]}<\/script>\n<!-- \/ Yoast SEO plugin. -->","yoast_head_json":{"title":"Eletrobras (ELET3), Braskem (BRKM5): vejas destaques hoje","description":"A informa\u00e7\u00e3o de que a Eletrobras (ELET3) concluiu contrato para a venda deCandiota est\u00e1 entre os destaques de hoje (08).","robots":{"index":"index","follow":"follow","max-snippet":"max-snippet:-1","max-image-preview":"max-image-preview:large","max-video-preview":"max-video-preview:-1"},"canonical":"https:\/\/www.suno.com.br\/noticias\/destaques-elet3-braskem-e-mais-va\/","og_locale":"pt_BR","og_type":"article","og_title":"Eletrobras (ELET3), Braskem (BRKM5): vejas destaques hoje","og_description":"A informa\u00e7\u00e3o de que a Eletrobras (ELET3) concluiu contrato para a venda deCandiota est\u00e1 entre os destaques de hoje (08).","og_url":"https:\/\/www.suno.com.br\/noticias\/destaques-elet3-braskem-e-mais-va\/","og_site_name":"Suno Not\u00edcias","article_publisher":"https:\/\/facebook.com\/sunoresearch","og_image":[{"width":1200,"height":801,"url":"https:\/\/files.sunoresearch.com.br\/n\/uploads\/2023\/05\/pregao-bolsa-b3.jpg","type":"image\/jpeg"}],"author":"Vin\u00edcius Alves","twitter_card":"summary_large_image","twitter_creator":"@sunoresearch","twitter_site":"@sunoresearch","twitter_misc":{"Escrito por":"Vin\u00edcius Alves","Est. tempo de leitura":"4 minutos"},"schema":{"@context":"https:\/\/schema.org","@graph":[{"@type":"NewsArticle","@id":"https:\/\/www.suno.com.br\/noticias\/destaques-elet3-braskem-e-mais-va\/#article","isPartOf":{"@id":"https:\/\/www.suno.com.br\/noticias\/destaques-elet3-braskem-e-mais-va\/"},"author":{"name":"Vin\u00edcius Alves","@id":"https:\/\/www.suno.com.br\/noticias\/#\/schema\/person\/4a180549702d0e236b3e420862bcded3"},"headline":"Eletrobras (ELET3), Braskem (BRKM5) e Enauta (ENAT3) protagonizam o mercado nesta sexta; veja destaques","datePublished":"2023-09-08T14:21:36+00:00","dateModified":"2023-09-08T14:21:43+00:00","mainEntityOfPage":{"@id":"https:\/\/www.suno.com.br\/noticias\/destaques-elet3-braskem-e-mais-va\/"},"wordCount":676,"publisher":{"@id":"https:\/\/www.suno.com.br\/noticias\/#organization"},"image":{"@id":"https:\/\/www.suno.com.br\/noticias\/destaques-elet3-braskem-e-mais-va\/#primaryimage"},"thumbnailUrl":"https:\/\/files.sunoresearch.com.br\/n\/uploads\/2023\/05\/pregao-bolsa-b3.jpg","keywords":["Alliar (AALR3)","Aura Minerals (AURA33)","Braskem (BRKM3\/BRKM5\/BRKM6)","Eletrobras (ELET3\/ELET5\/ELET6)","Enauta (ENAT3)","Lojas Quero-Quero (LJQQ3)","Nestl\u00e9","Vamos (VAMO3)"],"articleSection":["Mercado"],"inLanguage":"pt-BR"},{"@type":"WebPage","@id":"https:\/\/www.suno.com.br\/noticias\/destaques-elet3-braskem-e-mais-va\/","url":"https:\/\/www.suno.com.br\/noticias\/destaques-elet3-braskem-e-mais-va\/","name":"Eletrobras (ELET3), Braskem (BRKM5): vejas destaques hoje","isPartOf":{"@id":"https:\/\/www.suno.com.br\/noticias\/#website"},"primaryImageOfPage":{"@id":"https:\/\/www.suno.com.br\/noticias\/destaques-elet3-braskem-e-mais-va\/#primaryimage"},"image":{"@id":"https:\/\/www.suno.com.br\/noticias\/destaques-elet3-braskem-e-mais-va\/#primaryimage"},"thumbnailUrl":"https:\/\/files.sunoresearch.com.br\/n\/uploads\/2023\/05\/pregao-bolsa-b3.jpg","datePublished":"2023-09-08T14:21:36+00:00","dateModified":"2023-09-08T14:21:43+00:00","description":"A informa\u00e7\u00e3o de que a Eletrobras (ELET3) concluiu contrato para a venda deCandiota est\u00e1 entre os destaques de hoje (08).","breadcrumb":{"@id":"https:\/\/www.suno.com.br\/noticias\/destaques-elet3-braskem-e-mais-va\/#breadcrumb"},"inLanguage":"pt-BR","potentialAction":[{"@type":"ReadAction","target":["https:\/\/www.suno.com.br\/noticias\/destaques-elet3-braskem-e-mais-va\/"]}]},{"@type":"ImageObject","inLanguage":"pt-BR","@id":"https:\/\/www.suno.com.br\/noticias\/destaques-elet3-braskem-e-mais-va\/#primaryimage","url":"https:\/\/files.sunoresearch.com.br\/n\/uploads\/2023\/05\/pregao-bolsa-b3.jpg","contentUrl":"https:\/\/files.sunoresearch.com.br\/n\/uploads\/2023\/05\/pregao-bolsa-b3.jpg","width":1200,"height":801,"caption":"Mercado. Foto: iStock"},{"@type":"BreadcrumbList","@id":"https:\/\/www.suno.com.br\/noticias\/destaques-elet3-braskem-e-mais-va\/#breadcrumb","itemListElement":[{"@type":"ListItem","position":1,"name":"Not\u00edcias","item":"https:\/\/www.suno.com.br\/noticias\/"},{"@type":"ListItem","position":2,"name":"Mercado","item":"https:\/\/www.suno.com.br\/noticias\/mercado\/"},{"@type":"ListItem","position":3,"name":"Eletrobras (ELET3), Braskem (BRKM5) e Enauta (ENAT3) protagonizam o mercado nesta sexta; veja destaques"}]},{"@type":"WebSite","@id":"https:\/\/www.suno.com.br\/noticias\/#website","url":"https:\/\/www.suno.com.br\/noticias\/","name":"Suno Not\u00edcias","description":"Seu portal de informa\u00e7\u00e3o sobre o mundo dos investimentos","publisher":{"@id":"https:\/\/www.suno.com.br\/noticias\/#organization"},"potentialAction":[{"@type":"SearchAction","target":{"@type":"EntryPoint","urlTemplate":"https:\/\/www.suno.com.br\/noticias\/?s={search_term_string}"},"query-input":{"@type":"PropertyValueSpecification","valueRequired":true,"valueName":"search_term_string"}}],"inLanguage":"pt-BR"},{"@type":"Organization","@id":"https:\/\/www.suno.com.br\/noticias\/#organization","name":"Suno Not\u00edcias","url":"https:\/\/www.suno.com.br\/noticias\/","logo":{"@type":"ImageObject","inLanguage":"pt-BR","@id":"https:\/\/www.suno.com.br\/noticias\/#\/schema\/logo\/image\/","url":"https:\/\/files.sunoresearch.com.br\/n\/uploads\/2021\/09\/suno-logo.png","contentUrl":"https:\/\/files.sunoresearch.com.br\/n\/uploads\/2021\/09\/suno-logo.png","width":180,"height":180,"caption":"Suno Not\u00edcias"},"image":{"@id":"https:\/\/www.suno.com.br\/noticias\/#\/schema\/logo\/image\/"},"sameAs":["https:\/\/facebook.com\/sunoresearch","https:\/\/x.com\/sunoresearch","https:\/\/www.instagram.com\/suno","https:\/\/www.linkedin.com\/company\/suno-research\/","https:\/\/www.youtube.com\/c\/sunoresearch"]},{"@type":"Person","@id":"https:\/\/www.suno.com.br\/noticias\/#\/schema\/person\/4a180549702d0e236b3e420862bcded3","name":"Vin\u00edcius Alves","image":{"@type":"ImageObject","inLanguage":"pt-BR","@id":"https:\/\/www.suno.com.br\/noticias\/#\/schema\/person\/image\/","url":"https:\/\/secure.gravatar.com\/avatar\/a95b7fe6d1b813f7907d4f476d5a39e1?s=96&r=g","contentUrl":"https:\/\/secure.gravatar.com\/avatar\/a95b7fe6d1b813f7907d4f476d5a39e1?s=96&r=g","caption":"Vin\u00edcius Alves"},"description":"Jornalista formado na Faculdade C\u00e1sper L\u00edbero. Com passagens pela Ag\u00eancia Estado, InfoMoney e Editora Globo.","url":"https:\/\/www.suno.com.br\/noticias\/author\/vini08correiagmail-com\/"}]}},"default_loop_html":"<div class=\"cardsPage__listCard__boxs\"><div class=\"cardsPage__listCard__boxs__img\"><a href=\"https:\/\/www.suno.com.br\/noticias\/destaques-elet3-braskem-e-mais-va\/\"><img class=\"mask\" src=\"https:\/\/www.suno.com.br\/noticias\/wp-content\/themes\/suno\/resources\/images\/spotlight\/spotlight1img\/bg-mask.png\" alt=\"Image Mask\"\/><img src=\"https:\/\/files.sunoresearch.com.br\/n\/uploads\/2023\/05\/pregao-bolsa-b3-400x200.jpg\" alt=\"Eletrobras (ELET3), Braskem (BRKM5) e Enauta (ENAT3) protagonizam o mercado nesta sexta; veja destaques\"\/><\/a><span class=\"spotlightCategory\"><a href=\"https:\/\/www.suno.com.br\/noticias\/mercado\/\">Mercado<\/a><\/span><\/div><div class=\"cardsPage__listCard__boxs__content\"><a href=\"https:\/\/www.suno.com.br\/noticias\/destaques-elet3-braskem-e-mais-va\/\"><h2 class=\"content__title\">Eletrobras (ELET3), Braskem (BRKM5) e Enauta (ENAT3) protagonizam o mercado nesta sexta; veja destaques<\/h2><\/a><div class=\"newsContent__article__meta\"><div class=\"newsContent__article__meta__authorBox\"><a href=\"https:\/\/www.suno.com.br\/noticias\/author\/vini08correiagmail-com\/\" class=\"authorBox__avatar noMobi\"><img src=\"https:\/\/files.sunoresearch.com.br\/n\/uploads\/2026\/04\/WhatsApp-Image-2026-04-20-at-19.35.48-150x150.webp\" alt=\"Vin\u00edcius Alves\"><\/a><div class=\"authorBox__name\"><span>por\n\t\t\t<a href=\"https:\/\/www.suno.com.br\/noticias\/author\/vini08correiagmail-com\/\"><span itemprop=\"author\">Vin\u00edcius Alves<\/span><\/a><\/span><time datetime=\"2023-09-08T11:21:36-03:00\" itemprop=\"datePublished\">08\/09\/2023 11:21<\/time><\/div><\/div><\/div><\/div><\/div>","single_layout":"posts","amp_enabled":true,"_links":{"self":[{"href":"https:\/\/www.suno.com.br\/noticias\/wp-json\/wp\/v2\/posts\/453378"}],"collection":[{"href":"https:\/\/www.suno.com.br\/noticias\/wp-json\/wp\/v2\/posts"}],"about":[{"href":"https:\/\/www.suno.com.br\/noticias\/wp-json\/wp\/v2\/types\/post"}],"author":[{"embeddable":true,"href":"https:\/\/www.suno.com.br\/noticias\/wp-json\/wp\/v2\/users\/301"}],"replies":[{"embeddable":true,"href":"https:\/\/www.suno.com.br\/noticias\/wp-json\/wp\/v2\/comments?post=453378"}],"version-history":[{"count":3,"href":"https:\/\/www.suno.com.br\/noticias\/wp-json\/wp\/v2\/posts\/453378\/revisions"}],"predecessor-version":[{"id":453449,"href":"https:\/\/www.suno.com.br\/noticias\/wp-json\/wp\/v2\/posts\/453378\/revisions\/453449"}],"wp:featuredmedia":[{"embeddable":true,"href":"https:\/\/www.suno.com.br\/noticias\/wp-json\/wp\/v2\/media\/406479"}],"wp:attachment":[{"href":"https:\/\/www.suno.com.br\/noticias\/wp-json\/wp\/v2\/media?parent=453378"}],"wp:term":[{"taxonomy":"category","embeddable":true,"href":"https:\/\/www.suno.com.br\/noticias\/wp-json\/wp\/v2\/categories?post=453378"},{"taxonomy":"post_tag","embeddable":true,"href":"https:\/\/www.suno.com.br\/noticias\/wp-json\/wp\/v2\/tags?post=453378"},{"taxonomy":"suno_strategy","embeddable":true,"href":"https:\/\/www.suno.com.br\/noticias\/wp-json\/wp\/v2\/suno_strategy?post=453378"}],"curies":[{"name":"wp","href":"https:\/\/api.w.org\/{rel}","templated":true}]}}