{"id":453365,"date":"2023-09-08T10:29:07","date_gmt":"2023-09-08T13:29:07","guid":{"rendered":"https:\/\/www.suno.com.br\/noticias\/?p=453365"},"modified":"2023-09-08T10:32:10","modified_gmt":"2023-09-08T13:32:10","slug":"natura-ntco3-oferta-aquisicao-notes-cpf","status":"publish","type":"post","link":"https:\/\/www.suno.com.br\/noticias\/natura-ntco3-oferta-aquisicao-notes-cpf\/","title":{"rendered":"Natura (NTCO3) far\u00e1 oferta de at\u00e9 US$ 860 milh\u00f5es para aquisi\u00e7\u00e3o de notes"},"content":{"rendered":"<p>A<strong> Natura (NTCO3)<\/strong> divulgou que ir\u00e1 realizar duas ofertas p\u00fablicas de aquisi\u00e7\u00e3o no mercado internacional pela Natura &amp;Co Luxembourg Holdings. Ao todo, as emiss\u00f5es podem chegar at\u00e9 US$ 860 milh\u00f5es para aquisi\u00e7\u00e3o de notes (t\u00edtulos de d\u00edvida). <\/p>\t<div class=\"wrapper-featured-image\">\n\t\t<figure class=\"spotlightImg\">\n\n\t\t\t<picture>\n\t\t\t\t<source media=\"(max-width: 768px)\" srcset=\"https:\/\/files.sunoresearch.com.br\/n\/uploads\/2021\/03\/fb35d009-natura-400x200.webp\">\n\t\t\t\t<img loading=\"lazy\" decoding=\"async\" class=\"newsContent__article__imgCapa lazyloadDisabled \" src=\"https:\/\/files.sunoresearch.com.br\/n\/uploads\/2021\/03\/fb35d009-natura-800x450.webp\" width=\"800\" height=\"450\" alt=\"Natura (NTCO3) far\u00e1 oferta de at\u00e9 US$ 860 milh\u00f5es para aquisi\u00e7\u00e3o de notes\" fetchpriority=high \/>\n\t\t\t<\/picture>\n\n\t\t\t<figcaption class=\"wp-caption-text wp-caption-text--show\">Natura (NTCO3). Foto: Divulga\u00e7\u00e3o<\/figcaption>\n\t\t<\/figure>\n\t<\/div>\n\n\n\n\n\n\n\n\t<p>\n\t\t<a href=\"\" target=\"_blank\" data-element=\"shortcode-suno-banner\" title=\"Banner SUNO, clique e saiba mais\">\n\t\t\t<picture>\n\t\t\t\t<source media=\"(max-width: 500px)\" srcset=\"\">\n\t\t\t\t<img class=\"newsContent__article__imgCapa newsContent__article__imgCapa--banner\"\n\t\t\t\t\tsrc=\"\"\n\t\t\t\t\tdata-promo-id=\"288021\"\t\t\t\t\t\t\t\t\t\t\t\t\t\t\talt=\"\"\n\t\t\t\t>\n\t\t\t<\/picture>\n\t\t<\/a>\n\t<\/p>\n\n\n\n\n\n<p>De acordo com o <a class=\"suno-keyword\" data-force=\"no\" data-priority=\"1\" href=\"https:\/\/www.suno.com.br\/artigos\/fato-relevante\/\" target=\"_blank\" rel=\"noopener\">Fato Relevante<\/a> publicado nesta sexta-feira (8), a reuni\u00e3o do <a class=\"suno-keyword\" data-force=\"no\" data-priority=\"1\" href=\"https:\/\/www.suno.com.br\/artigos\/conselho-administracao\/\" target=\"_blank\" rel=\"noopener\">Conselho de Administra\u00e7\u00e3o<\/a> da Natura deliberou por duas ofertas, conhecida como Tender Offers:<\/p>\n\n\n\n<ul class=\"wp-block-list\">\n<li>A primeira oferta ser\u00e1 de at\u00e9 US$500 milh\u00f5es pelas 4,125% Sustainability-Linked Notes due 2028, ou &#8220;<strong>2028 Notes<\/strong>&#8221; \u2013 com vencimento em 2028; <\/li>\n\n\n\n<li>A segunda oferta \u00e9 de at\u00e9 US$360 milh\u00f5es em rela\u00e7\u00e3o \u00e0s 6.000% Senior Notes due 2029 (&#8220;<strong>2029 Notes<\/strong>&#8220;) \u2013 com validade em 2029.<\/li>\n<\/ul>\n\n\n\n<p>Al\u00e9m disso, o conselho tratou do consentimento para aprova\u00e7\u00e3o de mudan\u00e7as nos termos e condi\u00e7\u00f5es dos documentos (Indentures) que regem os t\u00edtulos de d\u00edvidas (notes) emitidos pela holding Natura &amp;Co Luxembourg das 2028 Notes e 2029 Notes.<\/p>\n\n\n\n<p>Tamb\u00e9m foi autorizado aos diretores da empresa que tomem todas as medidas necess\u00e1rias para realizar as <strong>ofertas de compra <\/strong>e solicitar consentimento dos titulares das <strong>notes<\/strong>. Isso inclui a negocia\u00e7\u00e3o dos termos, a assinatura de contratos e a contrata\u00e7\u00e3o de servi\u00e7os necess\u00e1rios.<\/p>\n\n\n\t<p>\n\t\t<a href=\"https:\/\/lp.suno.com.br\/ebook-como-analisar-uma-acao\/\" target=\"_blank\" data-element=\"shortcode-suno-banner\" title=\"Banner SUNO, clique e saiba mais\">\n\t\t\t<picture>\n\t\t\t\t<source media=\"(max-width: 500px)\" srcset=\"https:\/\/files.sunoresearch.com.br\/n\/uploads\/2023\/03\/Ebook-Acoes-Mobile.jpg\">\n\t\t\t\t<img class=\"newsContent__article__imgCapa newsContent__article__imgCapa--banner\"\n\t\t\t\t\tsrc=\"https:\/\/files.sunoresearch.com.br\/n\/uploads\/2023\/03\/Ebook-Acoes-Desktop.jpg\"\n\t\t\t\t\tdata-promo-id=\"378302\"\t\t\t\t\t\t\t\t\t\twidth='1420' height='286'\t\t\t\t\talt=\"https:\/\/files.sunoresearch.com.br\/n\/uploads\/2023\/03\/Ebook-Acoes-Desktop.jpg\"\n\t\t\t\t>\n\t\t\t<\/picture>\n\t\t<\/a>\n\t<\/p>\n\n\n\n\n\n<h2 class=\"wp-block-heading\">Natura contrata Morgan Stanley para venda de The Body Shop<\/h2>\n\n\n\n<p>Recentemente, a <strong>Natura <\/strong>(NTCO3) anunciou a venda da rede de lojas de cosm\u00e9ticos e produtos de higiene pessoal, The Body Shop. Para a realiza\u00e7\u00e3o da venda, o banco americano com sede em Nova York foi contactado. <\/p>\n\n\n\n<p>The Body Shop&nbsp;foi comprada pela Natura em meados de 2017, e agora sua venda deve seguir dentro do plano de desinvestimentos da empresa \u2013 a fim de \u2018limpar\u2019 o balan\u00e7o financeiro, simplificar o neg\u00f3cio e focar no&nbsp;<a href=\"https:\/\/www.suno.com.br\/artigos\/core-business\/\" target=\"_blank\" rel=\"noreferrer noopener\">core business<\/a>.<\/p>\n\n\n\n<p>Alguns meses antes, a Natura embolsou US$ 2,6 bilh\u00f5es tamb\u00e9m vendeu a Aesop, em opera\u00e7\u00e3o para a L\u2019Oreal \u2013  com assessoria do mesmo, Morgan Stanley.<\/p>\n\n\n\n<p>O contrato com o Morgan Stanley para vender o ativo da <strong>Natura<\/strong> (NTCO3), contudo, ainda \u00e9 amplo e deve \u201cexplorar as alternativas\u201d, segundo fontes a par do tema.<\/p>\n\n\n\n<div class=\"pluginQuotation\">\n  <p class=\"ticker\">\n    Cota\u00e7\u00e3o <span>NTCO3<\/span>\n  <\/p>\n  <div class=\"info\">\n    <div class=\"leftSide\">\n      Gr\u00e1fico gerado em: 08\/09\/2023    <\/div>\n\t\t\t\t\t<div class=\"rightSide\">\n\t\t\t\t\t<span class=\"period\">\n\t\t\t\t\t\t5 Dias\t\t\t\t\t<\/span>\n\t\t\t<\/div>\n\t\t  <\/div>\n\n  <div id=\"chart-5cf2b93d523c50fe651d8ff46f47e978\" data-block-hash=\"5cf2b93d523c50fe651d8ff46f47e978\"  class=\"chart\" style=\"width:100%;height:400px;\"><\/div>\n\n  <div class=\"pluginQuotation__footer\">\n    <div class=\"dataChart\">\n\n      <div class=\"dataChart__div1 variation\">\n        <div class=\"value-negative\">\n          -2,67 (-0,41%)        <\/div>\n        <div class=\"text\">\n          Varia\u00e7\u00e3o do per\u00edodo\n        <\/div>\n      <\/div>\n\n      <div class=\"dataChart__div2 minMax\">\n        <div class=\"value\">\n          R$\u00a014,92        <\/div>\n        <div class=\"text\">\n          M\u00ednima\n        <\/div>\n      <\/div>\n\n      <div class=\"dataChart__div3 minMax\">\n        <div class=\"value\">\n          R$\u00a015,52        <\/div>\n        <div class=\"text\">\n          M\u00e1xima\n        <\/div>\n      <\/div>\n\n\t\t\t<div class=\"dataChart__div4 rightSide\">\n\t\t\t\t<div class=\"analiticaSource\">\n\t\t\t\t\t<span>\n\t\t\t\t\t\tFonte:\n\t\t\t\t\t<\/span>\n\t\t\t\t\t<img decoding=\"async\" class=\"analiticaLogo\" src=\"https:\/\/www.suno.com.br\/noticias\/wp-content\/plugins\/suno-block-ticker-quotation\/src\/suno-analitica-logo.png\" alt=\"Logo Suno Anal\u00edtica\" \/>\n\t\t\t\t<\/div>\n\n\t\t\t\t<a href=\"https:\/\/www.suno.com.br\/analitica\/acoes\/NTCO3\" target=\"_blank\">\n\t\t\t\t\t<span>\n\t\t\t\t\t\tVer mais cota\u00e7\u00f5es\n\t\t\t\t\t<\/span>\n\t\t\t\t\t<svg xmlns=\"http:\/\/www.w3.org\/2000\/svg\" width=\"9\" height=\"8\" viewBox=\"0 0 9 8\" fill=\"none\">\n\t\t\t\t\t\t<path d=\"M4.20996 0L3.50496 0.705L6.29496 3.5H0.209961V4.5H6.29496L3.50496 7.295L4.20996 8L8.20996 4L4.20996 0Z\" fill=\"#D42126\" \/>\n\t\t\t\t\t<\/svg>\n\t\t\t\t<\/a>\n    <\/div>\n\n    <\/div>\n  <\/div>\n<\/div>\n\n\n<script type=\"text\/javascript\">\n  let chart_5cf2b93d523c50fe651d8ff46f47e978 = document.getElementById('chart-5cf2b93d523c50fe651d8ff46f47e978');\n  let data_json_5cf2b93d523c50fe651d8ff46f47e978 = \"[{\\\"date\\\":\\\"04\\\\\\\/09\\\\\\\/23 10:00\\\",\\\"value\\\":15.33},{\\\"date\\\":\\\"04\\\\\\\/09\\\\\\\/23 10:10\\\",\\\"value\\\":15.27},{\\\"date\\\":\\\"04\\\\\\\/09\\\\\\\/23 13:00\\\",\\\"value\\\":15.48},{\\\"date\\\":\\\"04\\\\\\\/09\\\\\\\/23 13:10\\\",\\\"value\\\":15.5},{\\\"date\\\":\\\"04\\\\\\\/09\\\\\\\/23 13:20\\\",\\\"value\\\":15.52},{\\\"date\\\":\\\"04\\\\\\\/09\\\\\\\/23 13:30\\\",\\\"value\\\":15.52},{\\\"date\\\":\\\"04\\\\\\\/09\\\\\\\/23 13:40\\\",\\\"value\\\":15.52},{\\\"date\\\":\\\"05\\\\\\\/09\\\\\\\/23 10:10\\\",\\\"value\\\":15.13},{\\\"date\\\":\\\"05\\\\\\\/09\\\\\\\/23 10:20\\\",\\\"value\\\":15.01},{\\\"date\\\":\\\"05\\\\\\\/09\\\\\\\/23 10:30\\\",\\\"value\\\":15.15},{\\\"date\\\":\\\"05\\\\\\\/09\\\\\\\/23 10:40\\\",\\\"value\\\":15.17},{\\\"date\\\":\\\"05\\\\\\\/09\\\\\\\/23 10:50\\\",\\\"value\\\":15.22},{\\\"date\\\":\\\"05\\\\\\\/09\\\\\\\/23 12:30\\\",\\\"value\\\":15.13},{\\\"date\\\":\\\"05\\\\\\\/09\\\\\\\/23 12:40\\\",\\\"value\\\":15.14},{\\\"date\\\":\\\"05\\\\\\\/09\\\\\\\/23 12:50\\\",\\\"value\\\":15.12},{\\\"date\\\":\\\"05\\\\\\\/09\\\\\\\/23 13:00\\\",\\\"value\\\":15.13},{\\\"date\\\":\\\"05\\\\\\\/09\\\\\\\/23 13:10\\\",\\\"value\\\":15.13},{\\\"date\\\":\\\"05\\\\\\\/09\\\\\\\/23 13:20\\\",\\\"value\\\":15.12},{\\\"date\\\":\\\"05\\\\\\\/09\\\\\\\/23 13:30\\\",\\\"value\\\":15.15},{\\\"date\\\":\\\"05\\\\\\\/09\\\\\\\/23 13:40\\\",\\\"value\\\":15.17},{\\\"date\\\":\\\"05\\\\\\\/09\\\\\\\/23 15:50\\\",\\\"value\\\":15.2},{\\\"date\\\":\\\"05\\\\\\\/09\\\\\\\/23 16:00\\\",\\\"value\\\":15.18},{\\\"date\\\":\\\"05\\\\\\\/09\\\\\\\/23 16:10\\\",\\\"value\\\":15.23},{\\\"date\\\":\\\"05\\\\\\\/09\\\\\\\/23 16:20\\\",\\\"value\\\":15.27},{\\\"date\\\":\\\"05\\\\\\\/09\\\\\\\/23 16:30\\\",\\\"value\\\":15.36},{\\\"date\\\":\\\"05\\\\\\\/09\\\\\\\/23 16:40\\\",\\\"value\\\":15.38},{\\\"date\\\":\\\"05\\\\\\\/09\\\\\\\/23 16:50\\\",\\\"value\\\":15.3},{\\\"date\\\":\\\"05\\\\\\\/09\\\\\\\/23 17:30\\\",\\\"value\\\":15.26},{\\\"date\\\":\\\"05\\\\\\\/09\\\\\\\/23 17:40\\\",\\\"value\\\":15.26},{\\\"date\\\":\\\"06\\\\\\\/09\\\\\\\/23 10:10\\\",\\\"value\\\":15.29},{\\\"date\\\":\\\"06\\\\\\\/09\\\\\\\/23 10:20\\\",\\\"value\\\":15.26},{\\\"date\\\":\\\"06\\\\\\\/09\\\\\\\/23 10:30\\\",\\\"value\\\":15.32},{\\\"date\\\":\\\"06\\\\\\\/09\\\\\\\/23 10:40\\\",\\\"value\\\":15.26},{\\\"date\\\":\\\"06\\\\\\\/09\\\\\\\/23 10:50\\\",\\\"value\\\":15.29},{\\\"date\\\":\\\"06\\\\\\\/09\\\\\\\/23 11:00\\\",\\\"value\\\":15.28},{\\\"date\\\":\\\"06\\\\\\\/09\\\\\\\/23 11:10\\\",\\\"value\\\":15.26},{\\\"date\\\":\\\"06\\\\\\\/09\\\\\\\/23 11:20\\\",\\\"value\\\":15.33},{\\\"date\\\":\\\"06\\\\\\\/09\\\\\\\/23 11:30\\\",\\\"value\\\":15.21},{\\\"date\\\":\\\"06\\\\\\\/09\\\\\\\/23 11:40\\\",\\\"value\\\":15.25},{\\\"date\\\":\\\"06\\\\\\\/09\\\\\\\/23 11:50\\\",\\\"value\\\":15.21},{\\\"date\\\":\\\"06\\\\\\\/09\\\\\\\/23 12:00\\\",\\\"value\\\":15.17},{\\\"date\\\":\\\"06\\\\\\\/09\\\\\\\/23 12:10\\\",\\\"value\\\":15.14},{\\\"date\\\":\\\"06\\\\\\\/09\\\\\\\/23 12:20\\\",\\\"value\\\":15.22},{\\\"date\\\":\\\"06\\\\\\\/09\\\\\\\/23 12:30\\\",\\\"value\\\":15.21},{\\\"date\\\":\\\"06\\\\\\\/09\\\\\\\/23 12:40\\\",\\\"value\\\":15.18},{\\\"date\\\":\\\"06\\\\\\\/09\\\\\\\/23 12:50\\\",\\\"value\\\":15.22},{\\\"date\\\":\\\"06\\\\\\\/09\\\\\\\/23 13:00\\\",\\\"value\\\":15.2},{\\\"date\\\":\\\"06\\\\\\\/09\\\\\\\/23 13:10\\\",\\\"value\\\":15.16},{\\\"date\\\":\\\"06\\\\\\\/09\\\\\\\/23 13:20\\\",\\\"value\\\":15.18},{\\\"date\\\":\\\"06\\\\\\\/09\\\\\\\/23 13:30\\\",\\\"value\\\":15.17},{\\\"date\\\":\\\"06\\\\\\\/09\\\\\\\/23 13:40\\\",\\\"value\\\":15.05},{\\\"date\\\":\\\"06\\\\\\\/09\\\\\\\/23 13:50\\\",\\\"value\\\":15.02},{\\\"date\\\":\\\"08\\\\\\\/09\\\\\\\/23 10:10\\\",\\\"value\\\":14.92}]\";\n  let isPositive_5cf2b93d523c50fe651d8ff46f47e978 = \"\";\n\n  let color_5cf2b93d523c50fe651d8ff46f47e978 = isPositive_5cf2b93d523c50fe651d8ff46f47e978 ? '#3AB53A' : '#D92C2D';\n\n  let data_5cf2b93d523c50fe651d8ff46f47e978 = JSON.parse(data_json_5cf2b93d523c50fe651d8ff46f47e978);\n\n  const result_5cf2b93d523c50fe651d8ff46f47e978 = {\n    date: [],\n    value: [],\n  };\n\n  data_5cf2b93d523c50fe651d8ff46f47e978.forEach((item) => {\n    result_5cf2b93d523c50fe651d8ff46f47e978.date.push(item.date);\n    result_5cf2b93d523c50fe651d8ff46f47e978.value.push(Number(item.value));\n  });\n\n  let option_5cf2b93d523c50fe651d8ff46f47e978 = {\n    \/\/ variavel de cor global\n    color: [color_5cf2b93d523c50fe651d8ff46f47e978],\n    title: {\n      text: '',\n    },\n    tooltip: {\n      trigger: 'axis',\n      axisPointer: {\n        type: 'cross',\n        label: {\n          \/\/ cor dos valores em X e Y\n          backgroundColor: color_5cf2b93d523c50fe651d8ff46f47e978,\n          formatter: (value) => {\n            if (typeof value.value === 'number') {\n              return Number(value.value).toLocaleString('pt-br', {\n                style: 'currency',\n                currency: 'BRL'\n              });\n            }\n            return value.value;\n          },\n        },\n      },\n      valueFormatter: (value) => Number(value).toLocaleString('pt-br', {\n        style: 'currency',\n        currency: 'BRL'\n      }),\n    },\n    legend: {\n      \/\/ data: ['Valor de Fechamento'],\n      show: false,\n    },\n    toolbox: {\n      feature: {\n        saveAsImage: {\n          show: false,\n        },\n      },\n    },\n    grid: {\n      left: '0px',\n      right: '0px',\n      bottom: '0px',\n      containLabel: true,\n    },\n    xAxis: [{\n      type: 'category',\n      data: result_5cf2b93d523c50fe651d8ff46f47e978.date,\n      boundaryGap: true,\n    }],\n    yAxis: [{\n      type: 'value',\n      min: Math.min(...result_5cf2b93d523c50fe651d8ff46f47e978.value),\n      max: Math.max(...result_5cf2b93d523c50fe651d8ff46f47e978.value),\n      axisLabel: {\n        formatter: (value) => value.toLocaleString('pt-br', {\n          style: 'currency',\n          currency: 'BRL'\n        }),\n      },\n    }],\n    series: [{\n      name: 'Valor de Fechamento',\n      type: 'line',\n      stack: 'Total',\n      \/\/ cor do grafico\n      areaStyle: {},\n      emphasis: {\n        focus: 'series',\n      },\n      data: result_5cf2b93d523c50fe651d8ff46f47e978.value,\n      \/\/ cor da linha\n      lineStyle: {\n        color: color_5cf2b93d523c50fe651d8ff46f47e978,\n      },\n    }, ],\n  };\n\n\twindow.chart_5cf2b93d523c50fe651d8ff46f47e978 = {\n\t\tel: chart_5cf2b93d523c50fe651d8ff46f47e978,\n\t\toption: option_5cf2b93d523c50fe651d8ff46f47e978\t};\n\n\n<\/script>\n\n\n\t<p>\n\t\t<a href=\"https:\/\/lp.suno.com.br\/plataforma-de-controle-de-investimentos\/\" target=\"_blank\" data-element=\"shortcode-suno-banner\" title=\"Banner SUNO, clique e saiba mais\">\n\t\t\t<picture>\n\t\t\t\t<source media=\"(max-width: 500px)\" srcset=\"https:\/\/files.sunoresearch.com.br\/n\/uploads\/2023\/03\/400x300-Controle-de-Investimentos.png\">\n\t\t\t\t<img class=\"newsContent__article__imgCapa newsContent__article__imgCapa--banner\"\n\t\t\t\t\tsrc=\"https:\/\/files.sunoresearch.com.br\/n\/uploads\/2023\/03\/1420x240-Controle-de-Investimentos.png\"\n\t\t\t\t\tdata-promo-id=\"383162\"\t\t\t\t\t\t\t\t\t\twidth='1420' height='240'\t\t\t\t\talt=\"https:\/\/files.sunoresearch.com.br\/n\/uploads\/2023\/03\/1420x240-Controle-de-Investimentos.png\"\n\t\t\t\t>\n\t\t\t<\/picture>\n\t\t<\/a>\n\t<\/p>\n\n\n","protected":false},"excerpt":{"rendered":"<p>A Natura (NTCO3) divulgou que ir\u00e1 realizar duas ofertas p\u00fablicas de aquisi\u00e7\u00e3o no mercado internacional pela Natura &amp;Co Luxembourg Holdings. Ao todo, as emiss\u00f5es podem chegar at\u00e9 US$ 860 milh\u00f5es para aquisi\u00e7\u00e3o de notes (t\u00edtulos de d\u00edvida). Natura (NTCO3). Foto: Divulga\u00e7\u00e3o De acordo com o Fato Relevante publicado nesta sexta-feira (8), a reuni\u00e3o do Conselho [&hellip;]<\/p>\n","protected":false},"author":283,"featured_media":130410,"comment_status":"closed","ping_status":"closed","sticky":false,"template":"","format":"standard","meta":[],"categories":[64],"tags":[574,2135],"suno_strategy":[],"class_list":["post-453365","post","type-post","status-publish","format-standard","has-post-thumbnail","hentry","category-negocios","tag-natura-ntco3","tag-titulos-de-divida"],"yoast_head":"<!-- This site is optimized with the Yoast SEO plugin v24.4 - https:\/\/yoast.com\/wordpress\/plugins\/seo\/ -->\n<title>Natura (NTCO3) far\u00e1 oferta de US$ 860 milh\u00f5es para aquisi\u00e7\u00e3o de notes<\/title>\n<meta name=\"description\" content=\"A Natura anunciou hoje (8) duas ofertas p\u00fablicas de at\u00e9 US$ 860 milh\u00f5es para compra de t\u00edtulos de d\u00edvida internacionais. Leia mais.\" \/>\n<meta name=\"robots\" content=\"index, follow, max-snippet:-1, max-image-preview:large, max-video-preview:-1\" \/>\n<link rel=\"canonical\" href=\"https:\/\/www.suno.com.br\/noticias\/natura-ntco3-oferta-aquisicao-notes-cpf\/\" \/>\n<meta property=\"og:locale\" content=\"pt_BR\" \/>\n<meta property=\"og:type\" content=\"article\" \/>\n<meta property=\"og:title\" content=\"Natura (NTCO3) far\u00e1 oferta de US$ 860 milh\u00f5es para aquisi\u00e7\u00e3o de notes\" \/>\n<meta property=\"og:description\" content=\"A Natura anunciou hoje (8) duas ofertas p\u00fablicas de at\u00e9 US$ 860 milh\u00f5es para compra de t\u00edtulos de d\u00edvida internacionais. Leia mais.\" \/>\n<meta property=\"og:url\" content=\"https:\/\/www.suno.com.br\/noticias\/natura-ntco3-oferta-aquisicao-notes-cpf\/\" \/>\n<meta property=\"og:site_name\" content=\"Suno Not\u00edcias\" \/>\n<meta property=\"article:publisher\" content=\"https:\/\/facebook.com\/sunoresearch\" \/>\n<meta property=\"og:image\" content=\"https:\/\/files.sunoresearch.com.br\/n\/uploads\/2021\/03\/fb35d009-natura.jpg\" \/>\n\t<meta property=\"og:image:width\" content=\"1200\" \/>\n\t<meta property=\"og:image:height\" content=\"800\" \/>\n\t<meta property=\"og:image:type\" content=\"image\/jpeg\" \/>\n<meta name=\"author\" content=\"Camila Paim\" \/>\n<meta name=\"twitter:card\" content=\"summary_large_image\" \/>\n<meta name=\"twitter:creator\" content=\"@sunoresearch\" \/>\n<meta name=\"twitter:site\" content=\"@sunoresearch\" \/>\n<meta name=\"twitter:label1\" content=\"Escrito por\" \/>\n\t<meta name=\"twitter:data1\" content=\"Camila Paim\" \/>\n\t<meta name=\"twitter:label2\" content=\"Est. tempo de leitura\" \/>\n\t<meta name=\"twitter:data2\" content=\"2 minutos\" \/>\n<script type=\"application\/ld+json\" class=\"yoast-schema-graph\">{\"@context\":\"https:\/\/schema.org\",\"@graph\":[{\"@type\":\"NewsArticle\",\"@id\":\"https:\/\/www.suno.com.br\/noticias\/natura-ntco3-oferta-aquisicao-notes-cpf\/#article\",\"isPartOf\":{\"@id\":\"https:\/\/www.suno.com.br\/noticias\/natura-ntco3-oferta-aquisicao-notes-cpf\/\"},\"author\":{\"name\":\"Camila Paim\",\"@id\":\"https:\/\/www.suno.com.br\/noticias\/#\/schema\/person\/f341d3ae5d1cc685176c9a5327cdfdbb\"},\"headline\":\"Natura (NTCO3) far\u00e1 oferta de at\u00e9 US$ 860 milh\u00f5es para aquisi\u00e7\u00e3o de notes\",\"datePublished\":\"2023-09-08T13:29:07+00:00\",\"dateModified\":\"2023-09-08T13:32:10+00:00\",\"mainEntityOfPage\":{\"@id\":\"https:\/\/www.suno.com.br\/noticias\/natura-ntco3-oferta-aquisicao-notes-cpf\/\"},\"wordCount\":365,\"publisher\":{\"@id\":\"https:\/\/www.suno.com.br\/noticias\/#organization\"},\"image\":{\"@id\":\"https:\/\/www.suno.com.br\/noticias\/natura-ntco3-oferta-aquisicao-notes-cpf\/#primaryimage\"},\"thumbnailUrl\":\"https:\/\/files.sunoresearch.com.br\/n\/uploads\/2021\/03\/fb35d009-natura-jpg.webp\",\"keywords\":[\"Natura (NTCO3)\",\"t\u00edtulos de d\u00edvida\"],\"articleSection\":[\"Neg\u00f3cios\"],\"inLanguage\":\"pt-BR\"},{\"@type\":\"WebPage\",\"@id\":\"https:\/\/www.suno.com.br\/noticias\/natura-ntco3-oferta-aquisicao-notes-cpf\/\",\"url\":\"https:\/\/www.suno.com.br\/noticias\/natura-ntco3-oferta-aquisicao-notes-cpf\/\",\"name\":\"Natura (NTCO3) far\u00e1 oferta de US$ 860 milh\u00f5es para aquisi\u00e7\u00e3o de notes\",\"isPartOf\":{\"@id\":\"https:\/\/www.suno.com.br\/noticias\/#website\"},\"primaryImageOfPage\":{\"@id\":\"https:\/\/www.suno.com.br\/noticias\/natura-ntco3-oferta-aquisicao-notes-cpf\/#primaryimage\"},\"image\":{\"@id\":\"https:\/\/www.suno.com.br\/noticias\/natura-ntco3-oferta-aquisicao-notes-cpf\/#primaryimage\"},\"thumbnailUrl\":\"https:\/\/files.sunoresearch.com.br\/n\/uploads\/2021\/03\/fb35d009-natura-jpg.webp\",\"datePublished\":\"2023-09-08T13:29:07+00:00\",\"dateModified\":\"2023-09-08T13:32:10+00:00\",\"description\":\"A Natura anunciou hoje (8) duas ofertas p\u00fablicas de at\u00e9 US$ 860 milh\u00f5es para compra de t\u00edtulos de d\u00edvida internacionais. Leia mais.\",\"breadcrumb\":{\"@id\":\"https:\/\/www.suno.com.br\/noticias\/natura-ntco3-oferta-aquisicao-notes-cpf\/#breadcrumb\"},\"inLanguage\":\"pt-BR\",\"potentialAction\":[{\"@type\":\"ReadAction\",\"target\":[\"https:\/\/www.suno.com.br\/noticias\/natura-ntco3-oferta-aquisicao-notes-cpf\/\"]}]},{\"@type\":\"ImageObject\",\"inLanguage\":\"pt-BR\",\"@id\":\"https:\/\/www.suno.com.br\/noticias\/natura-ntco3-oferta-aquisicao-notes-cpf\/#primaryimage\",\"url\":\"https:\/\/files.sunoresearch.com.br\/n\/uploads\/2021\/03\/fb35d009-natura-jpg.webp\",\"contentUrl\":\"https:\/\/files.sunoresearch.com.br\/n\/uploads\/2021\/03\/fb35d009-natura-jpg.webp\",\"width\":1200,\"height\":800,\"caption\":\"Natura (NTCO3). Foto: Divulga\u00e7\u00e3o\"},{\"@type\":\"BreadcrumbList\",\"@id\":\"https:\/\/www.suno.com.br\/noticias\/natura-ntco3-oferta-aquisicao-notes-cpf\/#breadcrumb\",\"itemListElement\":[{\"@type\":\"ListItem\",\"position\":1,\"name\":\"Not\u00edcias\",\"item\":\"https:\/\/www.suno.com.br\/noticias\/\"},{\"@type\":\"ListItem\",\"position\":2,\"name\":\"Neg\u00f3cios\",\"item\":\"https:\/\/www.suno.com.br\/noticias\/negocios\/\"},{\"@type\":\"ListItem\",\"position\":3,\"name\":\"Natura (NTCO3) far\u00e1 oferta de at\u00e9 US$ 860 milh\u00f5es para aquisi\u00e7\u00e3o de notes\"}]},{\"@type\":\"WebSite\",\"@id\":\"https:\/\/www.suno.com.br\/noticias\/#website\",\"url\":\"https:\/\/www.suno.com.br\/noticias\/\",\"name\":\"Suno Not\u00edcias\",\"description\":\"Seu portal de informa\u00e7\u00e3o sobre o mundo dos investimentos\",\"publisher\":{\"@id\":\"https:\/\/www.suno.com.br\/noticias\/#organization\"},\"potentialAction\":[{\"@type\":\"SearchAction\",\"target\":{\"@type\":\"EntryPoint\",\"urlTemplate\":\"https:\/\/www.suno.com.br\/noticias\/?s={search_term_string}\"},\"query-input\":{\"@type\":\"PropertyValueSpecification\",\"valueRequired\":true,\"valueName\":\"search_term_string\"}}],\"inLanguage\":\"pt-BR\"},{\"@type\":\"Organization\",\"@id\":\"https:\/\/www.suno.com.br\/noticias\/#organization\",\"name\":\"Suno Not\u00edcias\",\"url\":\"https:\/\/www.suno.com.br\/noticias\/\",\"logo\":{\"@type\":\"ImageObject\",\"inLanguage\":\"pt-BR\",\"@id\":\"https:\/\/www.suno.com.br\/noticias\/#\/schema\/logo\/image\/\",\"url\":\"https:\/\/files.sunoresearch.com.br\/n\/uploads\/2021\/09\/suno-logo.png\",\"contentUrl\":\"https:\/\/files.sunoresearch.com.br\/n\/uploads\/2021\/09\/suno-logo.png\",\"width\":180,\"height\":180,\"caption\":\"Suno Not\u00edcias\"},\"image\":{\"@id\":\"https:\/\/www.suno.com.br\/noticias\/#\/schema\/logo\/image\/\"},\"sameAs\":[\"https:\/\/facebook.com\/sunoresearch\",\"https:\/\/x.com\/sunoresearch\",\"https:\/\/www.instagram.com\/suno\",\"https:\/\/www.linkedin.com\/company\/suno-research\/\",\"https:\/\/www.youtube.com\/c\/sunoresearch\"]},{\"@type\":\"Person\",\"@id\":\"https:\/\/www.suno.com.br\/noticias\/#\/schema\/person\/f341d3ae5d1cc685176c9a5327cdfdbb\",\"name\":\"Camila Paim\",\"image\":{\"@type\":\"ImageObject\",\"inLanguage\":\"pt-BR\",\"@id\":\"https:\/\/www.suno.com.br\/noticias\/#\/schema\/person\/image\/\",\"url\":\"https:\/\/secure.gravatar.com\/avatar\/f33728e65febb1aa7ecf6792956f9b20?s=96&r=g\",\"contentUrl\":\"https:\/\/secure.gravatar.com\/avatar\/f33728e65febb1aa7ecf6792956f9b20?s=96&r=g\",\"caption\":\"Camila Paim\"},\"description\":\"Jornalista formada pela USP, tem experi\u00eancia em reda\u00e7\u00f5es, SEO, Branded Content e Webdesign. Com passagem pelo Jornal da USP, Empiricus e C6 Bank, hoje \u00e9 rep\u00f3rter no Suno Not\u00edcias cobrindo macroeconomia, finan\u00e7as pessoais e startups.\",\"url\":\"https:\/\/www.suno.com.br\/noticias\/author\/camila-figueiredosuno-com-br\/\"}]}<\/script>\n<!-- \/ Yoast SEO plugin. -->","yoast_head_json":{"title":"Natura (NTCO3) far\u00e1 oferta de US$ 860 milh\u00f5es para aquisi\u00e7\u00e3o de notes","description":"A Natura anunciou hoje (8) duas ofertas p\u00fablicas de at\u00e9 US$ 860 milh\u00f5es para compra de t\u00edtulos de d\u00edvida internacionais. Leia mais.","robots":{"index":"index","follow":"follow","max-snippet":"max-snippet:-1","max-image-preview":"max-image-preview:large","max-video-preview":"max-video-preview:-1"},"canonical":"https:\/\/www.suno.com.br\/noticias\/natura-ntco3-oferta-aquisicao-notes-cpf\/","og_locale":"pt_BR","og_type":"article","og_title":"Natura (NTCO3) far\u00e1 oferta de US$ 860 milh\u00f5es para aquisi\u00e7\u00e3o de notes","og_description":"A Natura anunciou hoje (8) duas ofertas p\u00fablicas de at\u00e9 US$ 860 milh\u00f5es para compra de t\u00edtulos de d\u00edvida internacionais. Leia mais.","og_url":"https:\/\/www.suno.com.br\/noticias\/natura-ntco3-oferta-aquisicao-notes-cpf\/","og_site_name":"Suno Not\u00edcias","article_publisher":"https:\/\/facebook.com\/sunoresearch","og_image":[{"width":1200,"height":800,"url":"https:\/\/files.sunoresearch.com.br\/n\/uploads\/2021\/03\/fb35d009-natura.jpg","type":"image\/jpeg"}],"author":"Camila Paim","twitter_card":"summary_large_image","twitter_creator":"@sunoresearch","twitter_site":"@sunoresearch","twitter_misc":{"Escrito por":"Camila Paim","Est. tempo de leitura":"2 minutos"},"schema":{"@context":"https:\/\/schema.org","@graph":[{"@type":"NewsArticle","@id":"https:\/\/www.suno.com.br\/noticias\/natura-ntco3-oferta-aquisicao-notes-cpf\/#article","isPartOf":{"@id":"https:\/\/www.suno.com.br\/noticias\/natura-ntco3-oferta-aquisicao-notes-cpf\/"},"author":{"name":"Camila Paim","@id":"https:\/\/www.suno.com.br\/noticias\/#\/schema\/person\/f341d3ae5d1cc685176c9a5327cdfdbb"},"headline":"Natura (NTCO3) far\u00e1 oferta de at\u00e9 US$ 860 milh\u00f5es para aquisi\u00e7\u00e3o de notes","datePublished":"2023-09-08T13:29:07+00:00","dateModified":"2023-09-08T13:32:10+00:00","mainEntityOfPage":{"@id":"https:\/\/www.suno.com.br\/noticias\/natura-ntco3-oferta-aquisicao-notes-cpf\/"},"wordCount":365,"publisher":{"@id":"https:\/\/www.suno.com.br\/noticias\/#organization"},"image":{"@id":"https:\/\/www.suno.com.br\/noticias\/natura-ntco3-oferta-aquisicao-notes-cpf\/#primaryimage"},"thumbnailUrl":"https:\/\/files.sunoresearch.com.br\/n\/uploads\/2021\/03\/fb35d009-natura-jpg.webp","keywords":["Natura (NTCO3)","t\u00edtulos de d\u00edvida"],"articleSection":["Neg\u00f3cios"],"inLanguage":"pt-BR"},{"@type":"WebPage","@id":"https:\/\/www.suno.com.br\/noticias\/natura-ntco3-oferta-aquisicao-notes-cpf\/","url":"https:\/\/www.suno.com.br\/noticias\/natura-ntco3-oferta-aquisicao-notes-cpf\/","name":"Natura (NTCO3) far\u00e1 oferta de US$ 860 milh\u00f5es para aquisi\u00e7\u00e3o de notes","isPartOf":{"@id":"https:\/\/www.suno.com.br\/noticias\/#website"},"primaryImageOfPage":{"@id":"https:\/\/www.suno.com.br\/noticias\/natura-ntco3-oferta-aquisicao-notes-cpf\/#primaryimage"},"image":{"@id":"https:\/\/www.suno.com.br\/noticias\/natura-ntco3-oferta-aquisicao-notes-cpf\/#primaryimage"},"thumbnailUrl":"https:\/\/files.sunoresearch.com.br\/n\/uploads\/2021\/03\/fb35d009-natura-jpg.webp","datePublished":"2023-09-08T13:29:07+00:00","dateModified":"2023-09-08T13:32:10+00:00","description":"A Natura anunciou hoje (8) duas ofertas p\u00fablicas de at\u00e9 US$ 860 milh\u00f5es para compra de t\u00edtulos de d\u00edvida internacionais. Leia mais.","breadcrumb":{"@id":"https:\/\/www.suno.com.br\/noticias\/natura-ntco3-oferta-aquisicao-notes-cpf\/#breadcrumb"},"inLanguage":"pt-BR","potentialAction":[{"@type":"ReadAction","target":["https:\/\/www.suno.com.br\/noticias\/natura-ntco3-oferta-aquisicao-notes-cpf\/"]}]},{"@type":"ImageObject","inLanguage":"pt-BR","@id":"https:\/\/www.suno.com.br\/noticias\/natura-ntco3-oferta-aquisicao-notes-cpf\/#primaryimage","url":"https:\/\/files.sunoresearch.com.br\/n\/uploads\/2021\/03\/fb35d009-natura-jpg.webp","contentUrl":"https:\/\/files.sunoresearch.com.br\/n\/uploads\/2021\/03\/fb35d009-natura-jpg.webp","width":1200,"height":800,"caption":"Natura (NTCO3). Foto: Divulga\u00e7\u00e3o"},{"@type":"BreadcrumbList","@id":"https:\/\/www.suno.com.br\/noticias\/natura-ntco3-oferta-aquisicao-notes-cpf\/#breadcrumb","itemListElement":[{"@type":"ListItem","position":1,"name":"Not\u00edcias","item":"https:\/\/www.suno.com.br\/noticias\/"},{"@type":"ListItem","position":2,"name":"Neg\u00f3cios","item":"https:\/\/www.suno.com.br\/noticias\/negocios\/"},{"@type":"ListItem","position":3,"name":"Natura (NTCO3) far\u00e1 oferta de at\u00e9 US$ 860 milh\u00f5es para aquisi\u00e7\u00e3o de notes"}]},{"@type":"WebSite","@id":"https:\/\/www.suno.com.br\/noticias\/#website","url":"https:\/\/www.suno.com.br\/noticias\/","name":"Suno Not\u00edcias","description":"Seu portal de informa\u00e7\u00e3o sobre o mundo dos investimentos","publisher":{"@id":"https:\/\/www.suno.com.br\/noticias\/#organization"},"potentialAction":[{"@type":"SearchAction","target":{"@type":"EntryPoint","urlTemplate":"https:\/\/www.suno.com.br\/noticias\/?s={search_term_string}"},"query-input":{"@type":"PropertyValueSpecification","valueRequired":true,"valueName":"search_term_string"}}],"inLanguage":"pt-BR"},{"@type":"Organization","@id":"https:\/\/www.suno.com.br\/noticias\/#organization","name":"Suno Not\u00edcias","url":"https:\/\/www.suno.com.br\/noticias\/","logo":{"@type":"ImageObject","inLanguage":"pt-BR","@id":"https:\/\/www.suno.com.br\/noticias\/#\/schema\/logo\/image\/","url":"https:\/\/files.sunoresearch.com.br\/n\/uploads\/2021\/09\/suno-logo.png","contentUrl":"https:\/\/files.sunoresearch.com.br\/n\/uploads\/2021\/09\/suno-logo.png","width":180,"height":180,"caption":"Suno Not\u00edcias"},"image":{"@id":"https:\/\/www.suno.com.br\/noticias\/#\/schema\/logo\/image\/"},"sameAs":["https:\/\/facebook.com\/sunoresearch","https:\/\/x.com\/sunoresearch","https:\/\/www.instagram.com\/suno","https:\/\/www.linkedin.com\/company\/suno-research\/","https:\/\/www.youtube.com\/c\/sunoresearch"]},{"@type":"Person","@id":"https:\/\/www.suno.com.br\/noticias\/#\/schema\/person\/f341d3ae5d1cc685176c9a5327cdfdbb","name":"Camila Paim","image":{"@type":"ImageObject","inLanguage":"pt-BR","@id":"https:\/\/www.suno.com.br\/noticias\/#\/schema\/person\/image\/","url":"https:\/\/secure.gravatar.com\/avatar\/f33728e65febb1aa7ecf6792956f9b20?s=96&r=g","contentUrl":"https:\/\/secure.gravatar.com\/avatar\/f33728e65febb1aa7ecf6792956f9b20?s=96&r=g","caption":"Camila Paim"},"description":"Jornalista formada pela USP, tem experi\u00eancia em reda\u00e7\u00f5es, SEO, Branded Content e Webdesign. Com passagem pelo Jornal da USP, Empiricus e C6 Bank, hoje \u00e9 rep\u00f3rter no Suno Not\u00edcias cobrindo macroeconomia, finan\u00e7as pessoais e startups.","url":"https:\/\/www.suno.com.br\/noticias\/author\/camila-figueiredosuno-com-br\/"}]}},"default_loop_html":"<div class=\"cardsPage__listCard__boxs\"><div class=\"cardsPage__listCard__boxs__img\"><a href=\"https:\/\/www.suno.com.br\/noticias\/natura-ntco3-oferta-aquisicao-notes-cpf\/\"><img class=\"mask\" src=\"https:\/\/www.suno.com.br\/noticias\/wp-content\/themes\/suno\/resources\/images\/spotlight\/spotlight1img\/bg-mask.png\" alt=\"Image Mask\"\/><img src=\"https:\/\/files.sunoresearch.com.br\/n\/uploads\/2021\/03\/fb35d009-natura-400x200.webp\" alt=\"Natura (NTCO3) far\u00e1 oferta de at\u00e9 US$ 860 milh\u00f5es para aquisi\u00e7\u00e3o de notes\"\/><\/a><span class=\"spotlightCategory\"><a href=\"https:\/\/www.suno.com.br\/noticias\/negocios\/\">Neg\u00f3cios<\/a><\/span><\/div><div class=\"cardsPage__listCard__boxs__content\"><a href=\"https:\/\/www.suno.com.br\/noticias\/natura-ntco3-oferta-aquisicao-notes-cpf\/\"><h2 class=\"content__title\">Natura (NTCO3) far\u00e1 oferta de at\u00e9 US$ 860 milh\u00f5es para aquisi\u00e7\u00e3o de notes<\/h2><\/a><div class=\"newsContent__article__meta\"><div class=\"newsContent__article__meta__authorBox\"><a href=\"https:\/\/www.suno.com.br\/noticias\/author\/camila-figueiredosuno-com-br\/\" class=\"authorBox__avatar noMobi\"><img src=\"https:\/\/files.sunoresearch.com.br\/n\/uploads\/2024\/05\/camila-paim-square-150x150.jpg\" alt=\"Camila Paim\"><\/a><div class=\"authorBox__name\"><span>por\n\t\t\t<a href=\"https:\/\/www.suno.com.br\/noticias\/author\/camila-figueiredosuno-com-br\/\"><span itemprop=\"author\">Camila Paim<\/span><\/a><\/span><time datetime=\"2023-09-08T10:29:07-03:00\" itemprop=\"datePublished\">08\/09\/2023 10:29<\/time><\/div><\/div><\/div><\/div><\/div>","single_layout":"posts","amp_enabled":true,"_links":{"self":[{"href":"https:\/\/www.suno.com.br\/noticias\/wp-json\/wp\/v2\/posts\/453365"}],"collection":[{"href":"https:\/\/www.suno.com.br\/noticias\/wp-json\/wp\/v2\/posts"}],"about":[{"href":"https:\/\/www.suno.com.br\/noticias\/wp-json\/wp\/v2\/types\/post"}],"author":[{"embeddable":true,"href":"https:\/\/www.suno.com.br\/noticias\/wp-json\/wp\/v2\/users\/283"}],"replies":[{"embeddable":true,"href":"https:\/\/www.suno.com.br\/noticias\/wp-json\/wp\/v2\/comments?post=453365"}],"version-history":[{"count":3,"href":"https:\/\/www.suno.com.br\/noticias\/wp-json\/wp\/v2\/posts\/453365\/revisions"}],"predecessor-version":[{"id":453408,"href":"https:\/\/www.suno.com.br\/noticias\/wp-json\/wp\/v2\/posts\/453365\/revisions\/453408"}],"wp:featuredmedia":[{"embeddable":true,"href":"https:\/\/www.suno.com.br\/noticias\/wp-json\/wp\/v2\/media\/130410"}],"wp:attachment":[{"href":"https:\/\/www.suno.com.br\/noticias\/wp-json\/wp\/v2\/media?parent=453365"}],"wp:term":[{"taxonomy":"category","embeddable":true,"href":"https:\/\/www.suno.com.br\/noticias\/wp-json\/wp\/v2\/categories?post=453365"},{"taxonomy":"post_tag","embeddable":true,"href":"https:\/\/www.suno.com.br\/noticias\/wp-json\/wp\/v2\/tags?post=453365"},{"taxonomy":"suno_strategy","embeddable":true,"href":"https:\/\/www.suno.com.br\/noticias\/wp-json\/wp\/v2\/suno_strategy?post=453365"}],"curies":[{"name":"wp","href":"https:\/\/api.w.org\/{rel}","templated":true}]}}