{"id":45336,"date":"2019-11-21T16:17:18","date_gmt":"2019-11-21T18:17:18","guid":{"rendered":"https:\/\/www.suno.com.br\/noticias\/?p=45336"},"modified":"2021-06-01T22:03:32","modified_gmt":"2021-06-02T01:03:32","slug":"caged-brasil-empregos-formais-outubro","status":"publish","type":"post","link":"https:\/\/www.suno.com.br\/noticias\/caged-brasil-empregos-formais-outubro\/","title":{"rendered":"Caged: Brasil gera 70,8 mil empregos formais em outubro"},"content":{"rendered":"<p>De acordo com o <a href=\"https:\/\/www.suno.com.br\/artigos\/caged\/\">Cadastro Geral de Empregados e Desempregados (Caged)<\/a>, o Brasil registrou 70.852 novos <strong>empregos<\/strong> <strong>formais <\/strong>com <strong>carteiras assinadas<\/strong> no m\u00eas de outubro. O resultado equivale ao s\u00e9timo m\u00eas consecutivo com mais admiss\u00f5es do que desligamentos com carteira assinada.<\/p>\t<div class=\"wrapper-featured-image\">\n\t\t<figure class=\"spotlightImg\">\n\n\t\t\t<picture>\n\t\t\t\t<source media=\"(max-width: 768px)\" srcset=\"https:\/\/files.sunoresearch.com.br\/n\/uploads\/2018\/11\/ff108050-carteira-de-trabalho-400x200.webp\">\n\t\t\t\t<img loading=\"lazy\" decoding=\"async\" class=\"newsContent__article__imgCapa lazyloadDisabled newsContent__article__imgCapa--noCaption\" src=\"https:\/\/files.sunoresearch.com.br\/n\/uploads\/2018\/11\/ff108050-carteira-de-trabalho-800x450.webp\" width=\"800\" height=\"450\" alt=\"Caged: Brasil gera 70,8 mil empregos formais em outubro\" fetchpriority=high \/>\n\t\t\t<\/picture>\n\n\t\t\t<figcaption class=\"wp-caption-text wp-caption-text--hide\">Caged: Brasil cria 394,9 mil vagas em outubro<\/figcaption>\n\t\t<\/figure>\n\t<\/div>\n\n\n\n<p>No acumulado do ano, segundo o <strong>Caged<\/strong>, foram 841.589 empregos e o saldo foi positivo em 562.186 postos de trabalho. Em outubro foram 1.365.054 <strong>contrata\u00e7\u00f5es<\/strong> e 1.294.202 <strong>demiss\u00f5es<\/strong>.<\/p>\n<p><a href=\"https:\/\/lp.suno.com.br\/black-friday-2019\/?utm_source=noticias&amp;utm_medium=link\">Black Friday Suno \u2013 as melhores an\u00e1lises sobre investimentos com descontos incr\u00edveis! Cadastre-se para ser o primeiro a saber<\/a><\/p>\n<h2>Com\u00e9rcio \u00e9 destaque entre setores<\/h2>\n<p>Em <strong>seis<\/strong> dos <b>nove <\/b>setores da <strong>Economia<\/strong> houve cria\u00e7\u00e3o de vagas de empregos. Foram eles:<\/p>\n<ul>\n<li><strong>Com\u00e9rcio: <\/strong>+43.972<\/li>\n<li><strong>Ind\u00fastria de Transforma\u00e7\u00e3o: <\/strong>+8.946<\/li>\n<li><strong>Servi\u00e7os: <\/strong>+19.123<\/li>\n<li><strong>Agropecu\u00e1ria: <\/strong>+4.463<\/li>\n<li><strong>Constru\u00e7\u00e3o Civil: <\/strong>+7.294<\/li>\n<li><strong>Extrativa Mineral: <\/strong>+344<\/li>\n<\/ul>\n<p>J\u00e1 outros <strong>tr\u00eas<\/strong> setores apresentaram <strong>resultados negativos<\/strong> no per\u00edodo. Foram eles:<\/p>\n<ul>\n<li><strong>Agropecu\u00e1ria<\/strong> : -7.819<\/li>\n<li><strong>Servi\u00e7os Industriais de Utilidade P\u00fablica: &#8211;<\/strong>581<\/li>\n<li><strong> Administra\u00e7\u00e3o P\u00fablica: <\/strong>-427<strong>.<\/strong><\/li>\n<\/ul>\n<h2>Melhor setembro desde 2013<\/h2>\n<p>O <strong>Caged<\/strong> havia informado que o <strong>Brasil<\/strong> gerou 157.213 vagas de empregos formais em setembro de 2019. O resultado \u00e9 o melhor do m\u00eas de setembro desde 2013, quando registrou saldo positivo de 211.068 vagas.<\/p>\n<p><a href=\"https:\/\/www.suno.com.br\/noticias\/caged-brasil-setembro-2013-empregos-formais\/\">Saiba mais: Caged: Brasil registra melhor setembro desde 2013 em empregos formais<\/a><\/p>\n<p>No m\u00eas, o <strong>Caged<\/strong> registrou 1.341.716 contrata\u00e7\u00f5es que contrap\u00f5em com as 1.184.503 demiss\u00f5es tamb\u00e9m ocorridas no mesmo per\u00edodo.<\/p>\n<p>A <strong>economia brasileira<\/strong> voltou a gerar empregos com carteira assinada em 2018, quando foram abertas 529.554 vagas formais, ap\u00f3s tr\u00eas anos seguidos de demiss\u00f5es.<\/p>\n<p>No ano, foram criados 761.776 empregos com carteira assinada, de acordo com o Governo Federal. Por conta disso, houve uma eleva\u00e7\u00e3o de 5,93% em rela\u00e7\u00e3o ao mesmo per\u00edodo em 2018, quando foram abertas 719.089 vagas.<\/p>\n<p>O saldo tamb\u00e9m foi o maior do per\u00edodo de nove meses desde 2013. O n\u00famero registrado foi de 1.323.461 vagas formais abertas.<\/p>\n<p>No per\u00edodo dos \u00faltimos 12 meses, de acordo com o <strong>Caged<\/strong>, foram gerados 548.297 postos formais de trabalho. O estoque de empregos formais na economia atingiu o valor de 39,172 milh\u00f5es no fim de setembro, n\u00famero acima dos 38.624 milh\u00f5es de empregos formais em setembro de 2018.<\/p>\n","protected":false},"excerpt":{"rendered":"<p>De acordo com o Cadastro Geral de Empregados e Desempregados (Caged), o Brasil registrou 70.852 novos empregos formais com carteiras assinadas no m\u00eas de outubro. O resultado equivale ao s\u00e9timo m\u00eas consecutivo com mais admiss\u00f5es do que desligamentos com carteira assinada. Caged: Brasil cria 394,9 mil vagas em outubro No acumulado do ano, segundo o [&hellip;]<\/p>\n","protected":false},"author":23,"featured_media":7420,"comment_status":"closed","ping_status":"closed","sticky":false,"template":"","format":"standard","meta":[],"categories":[62],"tags":[1261,1796],"suno_strategy":[],"class_list":["post-45336","post","type-post","status-publish","format-standard","has-post-thumbnail","hentry","category-economia","tag-caged","tag-emprego"],"yoast_head":"<!-- This site is optimized with the Yoast SEO plugin v24.4 - https:\/\/yoast.com\/wordpress\/plugins\/seo\/ -->\n<title>Caged: Brasil gera 70,8 mil empregos formais em outubro<\/title>\n<meta name=\"description\" content=\"De acordo com o Caged, os empregos formais registraram 70.852 trabalhos com carteiras assinadas no m\u00eas de outubro. Clique para saber mais.\" \/>\n<meta name=\"robots\" content=\"index, follow, max-snippet:-1, max-image-preview:large, max-video-preview:-1\" \/>\n<link rel=\"canonical\" href=\"https:\/\/www.suno.com.br\/noticias\/caged-brasil-empregos-formais-outubro\/\" \/>\n<meta property=\"og:locale\" content=\"pt_BR\" \/>\n<meta property=\"og:type\" content=\"article\" \/>\n<meta property=\"og:title\" content=\"Caged: Brasil gera 70,8 mil empregos formais em outubro\" \/>\n<meta property=\"og:description\" content=\"De acordo com o Caged, os empregos formais registraram 70.852 trabalhos com carteiras assinadas no m\u00eas de outubro. Clique para saber mais.\" \/>\n<meta property=\"og:url\" content=\"https:\/\/www.suno.com.br\/noticias\/caged-brasil-empregos-formais-outubro\/\" \/>\n<meta property=\"og:site_name\" content=\"Suno Not\u00edcias\" \/>\n<meta property=\"article:publisher\" content=\"https:\/\/facebook.com\/sunoresearch\" \/>\n<meta property=\"og:image\" content=\"https:\/\/files.sunoresearch.com.br\/n\/uploads\/2018\/11\/ff108050-carteira-de-trabalho.jpg\" \/>\n\t<meta property=\"og:image:width\" content=\"1024\" \/>\n\t<meta property=\"og:image:height\" content=\"680\" \/>\n\t<meta property=\"og:image:type\" content=\"image\/jpeg\" \/>\n<meta name=\"author\" content=\"Rafael Lara\" \/>\n<meta name=\"twitter:card\" content=\"summary_large_image\" \/>\n<meta name=\"twitter:creator\" content=\"@sunoresearch\" \/>\n<meta name=\"twitter:site\" content=\"@sunoresearch\" \/>\n<meta name=\"twitter:label1\" content=\"Escrito por\" \/>\n\t<meta name=\"twitter:data1\" content=\"Rafael Lara\" \/>\n\t<meta name=\"twitter:label2\" content=\"Est. tempo de leitura\" \/>\n\t<meta name=\"twitter:data2\" content=\"2 minutos\" \/>\n<script type=\"application\/ld+json\" class=\"yoast-schema-graph\">{\"@context\":\"https:\/\/schema.org\",\"@graph\":[{\"@type\":\"NewsArticle\",\"@id\":\"https:\/\/www.suno.com.br\/noticias\/caged-brasil-empregos-formais-outubro\/#article\",\"isPartOf\":{\"@id\":\"https:\/\/www.suno.com.br\/noticias\/caged-brasil-empregos-formais-outubro\/\"},\"author\":{\"name\":\"Rafael Lara\",\"@id\":\"https:\/\/www.suno.com.br\/noticias\/#\/schema\/person\/098743caeed97b37f51315c9576c4078\"},\"headline\":\"Caged: Brasil gera 70,8 mil empregos formais em outubro\",\"datePublished\":\"2019-11-21T18:17:18+00:00\",\"dateModified\":\"2021-06-02T01:03:32+00:00\",\"mainEntityOfPage\":{\"@id\":\"https:\/\/www.suno.com.br\/noticias\/caged-brasil-empregos-formais-outubro\/\"},\"wordCount\":361,\"publisher\":{\"@id\":\"https:\/\/www.suno.com.br\/noticias\/#organization\"},\"image\":{\"@id\":\"https:\/\/www.suno.com.br\/noticias\/caged-brasil-empregos-formais-outubro\/#primaryimage\"},\"thumbnailUrl\":\"https:\/\/files.sunoresearch.com.br\/n\/uploads\/2018\/11\/ff108050-carteira-de-trabalho-jpg.webp\",\"keywords\":[\"Caged\",\"Emprego\"],\"articleSection\":[\"Economia\"],\"inLanguage\":\"pt-BR\"},{\"@type\":\"WebPage\",\"@id\":\"https:\/\/www.suno.com.br\/noticias\/caged-brasil-empregos-formais-outubro\/\",\"url\":\"https:\/\/www.suno.com.br\/noticias\/caged-brasil-empregos-formais-outubro\/\",\"name\":\"Caged: Brasil gera 70,8 mil empregos formais em outubro\",\"isPartOf\":{\"@id\":\"https:\/\/www.suno.com.br\/noticias\/#website\"},\"primaryImageOfPage\":{\"@id\":\"https:\/\/www.suno.com.br\/noticias\/caged-brasil-empregos-formais-outubro\/#primaryimage\"},\"image\":{\"@id\":\"https:\/\/www.suno.com.br\/noticias\/caged-brasil-empregos-formais-outubro\/#primaryimage\"},\"thumbnailUrl\":\"https:\/\/files.sunoresearch.com.br\/n\/uploads\/2018\/11\/ff108050-carteira-de-trabalho-jpg.webp\",\"datePublished\":\"2019-11-21T18:17:18+00:00\",\"dateModified\":\"2021-06-02T01:03:32+00:00\",\"description\":\"De acordo com o Caged, os empregos formais registraram 70.852 trabalhos com carteiras assinadas no m\u00eas de outubro. Clique para saber mais.\",\"breadcrumb\":{\"@id\":\"https:\/\/www.suno.com.br\/noticias\/caged-brasil-empregos-formais-outubro\/#breadcrumb\"},\"inLanguage\":\"pt-BR\",\"potentialAction\":[{\"@type\":\"ReadAction\",\"target\":[\"https:\/\/www.suno.com.br\/noticias\/caged-brasil-empregos-formais-outubro\/\"]}]},{\"@type\":\"ImageObject\",\"inLanguage\":\"pt-BR\",\"@id\":\"https:\/\/www.suno.com.br\/noticias\/caged-brasil-empregos-formais-outubro\/#primaryimage\",\"url\":\"https:\/\/files.sunoresearch.com.br\/n\/uploads\/2018\/11\/ff108050-carteira-de-trabalho-jpg.webp\",\"contentUrl\":\"https:\/\/files.sunoresearch.com.br\/n\/uploads\/2018\/11\/ff108050-carteira-de-trabalho-jpg.webp\",\"width\":1024,\"height\":680,\"caption\":\"Caged: Brasil cria 394,9 mil vagas em outubro\"},{\"@type\":\"BreadcrumbList\",\"@id\":\"https:\/\/www.suno.com.br\/noticias\/caged-brasil-empregos-formais-outubro\/#breadcrumb\",\"itemListElement\":[{\"@type\":\"ListItem\",\"position\":1,\"name\":\"Not\u00edcias\",\"item\":\"https:\/\/www.suno.com.br\/noticias\/\"},{\"@type\":\"ListItem\",\"position\":2,\"name\":\"Economia\",\"item\":\"https:\/\/www.suno.com.br\/noticias\/economia\/\"},{\"@type\":\"ListItem\",\"position\":3,\"name\":\"Caged: Brasil gera 70,8 mil empregos formais em outubro\"}]},{\"@type\":\"WebSite\",\"@id\":\"https:\/\/www.suno.com.br\/noticias\/#website\",\"url\":\"https:\/\/www.suno.com.br\/noticias\/\",\"name\":\"Suno Not\u00edcias\",\"description\":\"Seu portal de informa\u00e7\u00e3o sobre o mundo dos investimentos\",\"publisher\":{\"@id\":\"https:\/\/www.suno.com.br\/noticias\/#organization\"},\"potentialAction\":[{\"@type\":\"SearchAction\",\"target\":{\"@type\":\"EntryPoint\",\"urlTemplate\":\"https:\/\/www.suno.com.br\/noticias\/?s={search_term_string}\"},\"query-input\":{\"@type\":\"PropertyValueSpecification\",\"valueRequired\":true,\"valueName\":\"search_term_string\"}}],\"inLanguage\":\"pt-BR\"},{\"@type\":\"Organization\",\"@id\":\"https:\/\/www.suno.com.br\/noticias\/#organization\",\"name\":\"Suno Not\u00edcias\",\"url\":\"https:\/\/www.suno.com.br\/noticias\/\",\"logo\":{\"@type\":\"ImageObject\",\"inLanguage\":\"pt-BR\",\"@id\":\"https:\/\/www.suno.com.br\/noticias\/#\/schema\/logo\/image\/\",\"url\":\"https:\/\/files.sunoresearch.com.br\/n\/uploads\/2021\/09\/suno-logo.png\",\"contentUrl\":\"https:\/\/files.sunoresearch.com.br\/n\/uploads\/2021\/09\/suno-logo.png\",\"width\":180,\"height\":180,\"caption\":\"Suno Not\u00edcias\"},\"image\":{\"@id\":\"https:\/\/www.suno.com.br\/noticias\/#\/schema\/logo\/image\/\"},\"sameAs\":[\"https:\/\/facebook.com\/sunoresearch\",\"https:\/\/x.com\/sunoresearch\",\"https:\/\/www.instagram.com\/suno\",\"https:\/\/www.linkedin.com\/company\/suno-research\/\",\"https:\/\/www.youtube.com\/c\/sunoresearch\"]},{\"@type\":\"Person\",\"@id\":\"https:\/\/www.suno.com.br\/noticias\/#\/schema\/person\/098743caeed97b37f51315c9576c4078\",\"name\":\"Rafael Lara\",\"image\":{\"@type\":\"ImageObject\",\"inLanguage\":\"pt-BR\",\"@id\":\"https:\/\/www.suno.com.br\/noticias\/#\/schema\/person\/image\/\",\"url\":\"https:\/\/secure.gravatar.com\/avatar\/dfc254ab9bb2ea1895d98b9e9dae4bdd?s=96&r=g\",\"contentUrl\":\"https:\/\/secure.gravatar.com\/avatar\/dfc254ab9bb2ea1895d98b9e9dae4bdd?s=96&r=g\",\"caption\":\"Rafael Lara\"},\"description\":\"Rafael Lara cursa jornalismo na Faculdade C\u00e1sper L\u00edbero. Escreve sobre pol\u00edtica, economia e neg\u00f3cios para o portal Suno Not\u00edcias. Antes, colaborou na TV Gazeta na produ\u00e7\u00e3o do programa Edi\u00e7\u00e3o Extra.\",\"url\":\"https:\/\/www.suno.com.br\/noticias\/author\/rafael\/\"}]}<\/script>\n<!-- \/ Yoast SEO plugin. -->","yoast_head_json":{"title":"Caged: Brasil gera 70,8 mil empregos formais em outubro","description":"De acordo com o Caged, os empregos formais registraram 70.852 trabalhos com carteiras assinadas no m\u00eas de outubro. Clique para saber mais.","robots":{"index":"index","follow":"follow","max-snippet":"max-snippet:-1","max-image-preview":"max-image-preview:large","max-video-preview":"max-video-preview:-1"},"canonical":"https:\/\/www.suno.com.br\/noticias\/caged-brasil-empregos-formais-outubro\/","og_locale":"pt_BR","og_type":"article","og_title":"Caged: Brasil gera 70,8 mil empregos formais em outubro","og_description":"De acordo com o Caged, os empregos formais registraram 70.852 trabalhos com carteiras assinadas no m\u00eas de outubro. Clique para saber mais.","og_url":"https:\/\/www.suno.com.br\/noticias\/caged-brasil-empregos-formais-outubro\/","og_site_name":"Suno Not\u00edcias","article_publisher":"https:\/\/facebook.com\/sunoresearch","og_image":[{"width":1024,"height":680,"url":"https:\/\/files.sunoresearch.com.br\/n\/uploads\/2018\/11\/ff108050-carteira-de-trabalho.jpg","type":"image\/jpeg"}],"author":"Rafael Lara","twitter_card":"summary_large_image","twitter_creator":"@sunoresearch","twitter_site":"@sunoresearch","twitter_misc":{"Escrito por":"Rafael Lara","Est. tempo de leitura":"2 minutos"},"schema":{"@context":"https:\/\/schema.org","@graph":[{"@type":"NewsArticle","@id":"https:\/\/www.suno.com.br\/noticias\/caged-brasil-empregos-formais-outubro\/#article","isPartOf":{"@id":"https:\/\/www.suno.com.br\/noticias\/caged-brasil-empregos-formais-outubro\/"},"author":{"name":"Rafael Lara","@id":"https:\/\/www.suno.com.br\/noticias\/#\/schema\/person\/098743caeed97b37f51315c9576c4078"},"headline":"Caged: Brasil gera 70,8 mil empregos formais em outubro","datePublished":"2019-11-21T18:17:18+00:00","dateModified":"2021-06-02T01:03:32+00:00","mainEntityOfPage":{"@id":"https:\/\/www.suno.com.br\/noticias\/caged-brasil-empregos-formais-outubro\/"},"wordCount":361,"publisher":{"@id":"https:\/\/www.suno.com.br\/noticias\/#organization"},"image":{"@id":"https:\/\/www.suno.com.br\/noticias\/caged-brasil-empregos-formais-outubro\/#primaryimage"},"thumbnailUrl":"https:\/\/files.sunoresearch.com.br\/n\/uploads\/2018\/11\/ff108050-carteira-de-trabalho-jpg.webp","keywords":["Caged","Emprego"],"articleSection":["Economia"],"inLanguage":"pt-BR"},{"@type":"WebPage","@id":"https:\/\/www.suno.com.br\/noticias\/caged-brasil-empregos-formais-outubro\/","url":"https:\/\/www.suno.com.br\/noticias\/caged-brasil-empregos-formais-outubro\/","name":"Caged: Brasil gera 70,8 mil empregos formais em outubro","isPartOf":{"@id":"https:\/\/www.suno.com.br\/noticias\/#website"},"primaryImageOfPage":{"@id":"https:\/\/www.suno.com.br\/noticias\/caged-brasil-empregos-formais-outubro\/#primaryimage"},"image":{"@id":"https:\/\/www.suno.com.br\/noticias\/caged-brasil-empregos-formais-outubro\/#primaryimage"},"thumbnailUrl":"https:\/\/files.sunoresearch.com.br\/n\/uploads\/2018\/11\/ff108050-carteira-de-trabalho-jpg.webp","datePublished":"2019-11-21T18:17:18+00:00","dateModified":"2021-06-02T01:03:32+00:00","description":"De acordo com o Caged, os empregos formais registraram 70.852 trabalhos com carteiras assinadas no m\u00eas de outubro. Clique para saber mais.","breadcrumb":{"@id":"https:\/\/www.suno.com.br\/noticias\/caged-brasil-empregos-formais-outubro\/#breadcrumb"},"inLanguage":"pt-BR","potentialAction":[{"@type":"ReadAction","target":["https:\/\/www.suno.com.br\/noticias\/caged-brasil-empregos-formais-outubro\/"]}]},{"@type":"ImageObject","inLanguage":"pt-BR","@id":"https:\/\/www.suno.com.br\/noticias\/caged-brasil-empregos-formais-outubro\/#primaryimage","url":"https:\/\/files.sunoresearch.com.br\/n\/uploads\/2018\/11\/ff108050-carteira-de-trabalho-jpg.webp","contentUrl":"https:\/\/files.sunoresearch.com.br\/n\/uploads\/2018\/11\/ff108050-carteira-de-trabalho-jpg.webp","width":1024,"height":680,"caption":"Caged: Brasil cria 394,9 mil vagas em outubro"},{"@type":"BreadcrumbList","@id":"https:\/\/www.suno.com.br\/noticias\/caged-brasil-empregos-formais-outubro\/#breadcrumb","itemListElement":[{"@type":"ListItem","position":1,"name":"Not\u00edcias","item":"https:\/\/www.suno.com.br\/noticias\/"},{"@type":"ListItem","position":2,"name":"Economia","item":"https:\/\/www.suno.com.br\/noticias\/economia\/"},{"@type":"ListItem","position":3,"name":"Caged: Brasil gera 70,8 mil empregos formais em outubro"}]},{"@type":"WebSite","@id":"https:\/\/www.suno.com.br\/noticias\/#website","url":"https:\/\/www.suno.com.br\/noticias\/","name":"Suno Not\u00edcias","description":"Seu portal de informa\u00e7\u00e3o sobre o mundo dos investimentos","publisher":{"@id":"https:\/\/www.suno.com.br\/noticias\/#organization"},"potentialAction":[{"@type":"SearchAction","target":{"@type":"EntryPoint","urlTemplate":"https:\/\/www.suno.com.br\/noticias\/?s={search_term_string}"},"query-input":{"@type":"PropertyValueSpecification","valueRequired":true,"valueName":"search_term_string"}}],"inLanguage":"pt-BR"},{"@type":"Organization","@id":"https:\/\/www.suno.com.br\/noticias\/#organization","name":"Suno Not\u00edcias","url":"https:\/\/www.suno.com.br\/noticias\/","logo":{"@type":"ImageObject","inLanguage":"pt-BR","@id":"https:\/\/www.suno.com.br\/noticias\/#\/schema\/logo\/image\/","url":"https:\/\/files.sunoresearch.com.br\/n\/uploads\/2021\/09\/suno-logo.png","contentUrl":"https:\/\/files.sunoresearch.com.br\/n\/uploads\/2021\/09\/suno-logo.png","width":180,"height":180,"caption":"Suno Not\u00edcias"},"image":{"@id":"https:\/\/www.suno.com.br\/noticias\/#\/schema\/logo\/image\/"},"sameAs":["https:\/\/facebook.com\/sunoresearch","https:\/\/x.com\/sunoresearch","https:\/\/www.instagram.com\/suno","https:\/\/www.linkedin.com\/company\/suno-research\/","https:\/\/www.youtube.com\/c\/sunoresearch"]},{"@type":"Person","@id":"https:\/\/www.suno.com.br\/noticias\/#\/schema\/person\/098743caeed97b37f51315c9576c4078","name":"Rafael Lara","image":{"@type":"ImageObject","inLanguage":"pt-BR","@id":"https:\/\/www.suno.com.br\/noticias\/#\/schema\/person\/image\/","url":"https:\/\/secure.gravatar.com\/avatar\/dfc254ab9bb2ea1895d98b9e9dae4bdd?s=96&r=g","contentUrl":"https:\/\/secure.gravatar.com\/avatar\/dfc254ab9bb2ea1895d98b9e9dae4bdd?s=96&r=g","caption":"Rafael Lara"},"description":"Rafael Lara cursa jornalismo na Faculdade C\u00e1sper L\u00edbero. Escreve sobre pol\u00edtica, economia e neg\u00f3cios para o portal Suno Not\u00edcias. Antes, colaborou na TV Gazeta na produ\u00e7\u00e3o do programa Edi\u00e7\u00e3o Extra.","url":"https:\/\/www.suno.com.br\/noticias\/author\/rafael\/"}]}},"default_loop_html":"<div class=\"cardsPage__listCard__boxs\"><div class=\"cardsPage__listCard__boxs__img\"><a href=\"https:\/\/www.suno.com.br\/noticias\/caged-brasil-empregos-formais-outubro\/\"><img class=\"mask\" src=\"https:\/\/www.suno.com.br\/noticias\/wp-content\/themes\/suno\/resources\/images\/spotlight\/spotlight1img\/bg-mask.png\" alt=\"Image Mask\"\/><img src=\"https:\/\/files.sunoresearch.com.br\/n\/uploads\/2018\/11\/ff108050-carteira-de-trabalho-400x200.webp\" alt=\"Caged: Brasil gera 70,8 mil empregos formais em outubro\"\/><\/a><span class=\"spotlightCategory\"><a href=\"https:\/\/www.suno.com.br\/noticias\/economia\/\">Economia<\/a><\/span><\/div><div class=\"cardsPage__listCard__boxs__content\"><a href=\"https:\/\/www.suno.com.br\/noticias\/caged-brasil-empregos-formais-outubro\/\"><h2 class=\"content__title\">Caged: Brasil gera 70,8 mil empregos formais em outubro<\/h2><\/a><div class=\"newsContent__article__meta\"><div class=\"newsContent__article__meta__authorBox\"><a href=\"https:\/\/www.suno.com.br\/noticias\/author\/rafael\/\" class=\"authorBox__avatar noMobi\"><img src=\"https:\/\/secure.gravatar.com\/avatar\/dfc254ab9bb2ea1895d98b9e9dae4bdd?s=96&#038;r=g\" alt=\"Rafael Lara\"><\/a><div class=\"authorBox__name\"><span>por\n\t\t\t<a href=\"https:\/\/www.suno.com.br\/noticias\/author\/rafael\/\"><span itemprop=\"author\">Rafael Lara<\/span><\/a><\/span><time datetime=\"2019-11-21T16:17:18-03:00\" itemprop=\"datePublished\">21\/11\/2019 16:17<\/time><\/div><\/div><\/div><\/div><\/div>","single_layout":"posts","amp_enabled":true,"_links":{"self":[{"href":"https:\/\/www.suno.com.br\/noticias\/wp-json\/wp\/v2\/posts\/45336"}],"collection":[{"href":"https:\/\/www.suno.com.br\/noticias\/wp-json\/wp\/v2\/posts"}],"about":[{"href":"https:\/\/www.suno.com.br\/noticias\/wp-json\/wp\/v2\/types\/post"}],"author":[{"embeddable":true,"href":"https:\/\/www.suno.com.br\/noticias\/wp-json\/wp\/v2\/users\/23"}],"replies":[{"embeddable":true,"href":"https:\/\/www.suno.com.br\/noticias\/wp-json\/wp\/v2\/comments?post=45336"}],"version-history":[{"count":1,"href":"https:\/\/www.suno.com.br\/noticias\/wp-json\/wp\/v2\/posts\/45336\/revisions"}],"predecessor-version":[{"id":153885,"href":"https:\/\/www.suno.com.br\/noticias\/wp-json\/wp\/v2\/posts\/45336\/revisions\/153885"}],"wp:featuredmedia":[{"embeddable":true,"href":"https:\/\/www.suno.com.br\/noticias\/wp-json\/wp\/v2\/media\/7420"}],"wp:attachment":[{"href":"https:\/\/www.suno.com.br\/noticias\/wp-json\/wp\/v2\/media?parent=45336"}],"wp:term":[{"taxonomy":"category","embeddable":true,"href":"https:\/\/www.suno.com.br\/noticias\/wp-json\/wp\/v2\/categories?post=45336"},{"taxonomy":"post_tag","embeddable":true,"href":"https:\/\/www.suno.com.br\/noticias\/wp-json\/wp\/v2\/tags?post=45336"},{"taxonomy":"suno_strategy","embeddable":true,"href":"https:\/\/www.suno.com.br\/noticias\/wp-json\/wp\/v2\/suno_strategy?post=45336"}],"curies":[{"name":"wp","href":"https:\/\/api.w.org\/{rel}","templated":true}]}}