{"id":45308,"date":"2019-11-21T13:16:08","date_gmt":"2019-11-21T15:16:08","guid":{"rendered":"https:\/\/www.suno.com.br\/noticias\/?p=45308"},"modified":"2021-02-17T19:05:55","modified_gmt":"2021-02-17T22:05:55","slug":"br-distribuidora-demissao-voluntaria-suspenso-pela-justica","status":"publish","type":"post","link":"https:\/\/www.suno.com.br\/noticias\/br-distribuidora-demissao-voluntaria-suspenso-pela-justica\/","title":{"rendered":"BR Distribuidora tem programa de demiss\u00e3o volunt\u00e1ria suspenso pela Justi\u00e7a"},"content":{"rendered":"<p>A BR Distribuidora (<strong>BRDT3<\/strong>) informou nesta quinta-feira (21) que o seu <strong>programa de demiss\u00e3o volunt\u00e1ria (PDV)<\/strong> foi suspenso pela Justi\u00e7a. A companhia anunciou que tomar\u00e1 todas as medidas poss\u00edveis para assegurar os direitos de todos que j\u00e1 se inscreveram no programa.<\/p>\t<div class=\"wrapper-featured-image\">\n\t\t<figure class=\"spotlightImg\">\n\n\t\t\t<picture>\n\t\t\t\t<source media=\"(max-width: 768px)\" srcset=\"https:\/\/files.sunoresearch.com.br\/n\/uploads\/2019\/11\/9261ecfd-br-distribuidora-400x200.webp\">\n\t\t\t\t<img loading=\"lazy\" decoding=\"async\" class=\"newsContent__article__imgCapa lazyloadDisabled newsContent__article__imgCapa--noCaption\" src=\"https:\/\/files.sunoresearch.com.br\/n\/uploads\/2019\/11\/9261ecfd-br-distribuidora-800x450.webp\" width=\"800\" height=\"450\" alt=\"BR Distribuidora tem programa de demiss\u00e3o volunt\u00e1ria suspenso pela Justi\u00e7a\" fetchpriority=high \/>\n\t\t\t<\/picture>\n\n\t\t\t<figcaption class=\"wp-caption-text wp-caption-text--hide\"> Vibra (VBBR3)<\/figcaption>\n\t\t<\/figure>\n\t<\/div>\n\n\n\n<p>A <strong>BR Distribuidora<\/strong> anunciou que recebeu na \u00faltima ter\u00e7a-feira (19) os detalhes sobre a decis\u00e3o liminar proferida pela 67\u00aa Vara do Trabalho no Rio de Janeiro.<\/p>\n<p><a href=\"https:\/\/lp.suno.com.br\/black-friday-2019\/?utm_source=noticias&amp;utm_medium=link\">Black Friday Suno \u2013 as melhores an\u00e1lises sobre investimentos com descontos incr\u00edveis! Cadastre-se para ser o primeiro a saber<\/a><\/p>\n<p>A decis\u00e3o atendeu ao pedido do Sindicato dos Trabalhadores no Com\u00e9rcio de Min\u00e9rios e Derivados de Petr\u00f3leo do Estado do Rio de Janeiro (<strong>Sitramico\/RJ<\/strong>), paralisando o programa de desligamentos.<\/p>\n<p>De acordo com a companhia, o projeto de transforma\u00e7\u00e3o organizacional seguir\u00e1 normalmente, com a implanta\u00e7\u00e3o de uma nova estrutura na empresa a partir do in\u00edcio do ano que vem, al\u00e9m de ajustes funcionais que j\u00e1 est\u00e3o em andamento.<\/p>\n<h2>BR Distribuidora tem alta de 23,9% no lucro l\u00edquido<\/h2>\n<p>A BR Distribuidora reportou uma alta de 23,9% no <a href=\"https:\/\/www.suno.com.br\/artigos\/lucro-liquido\/\">lucro l\u00edquido<\/a> do terceiro trimestre deste ano em rela\u00e7\u00e3o ao mesmo per\u00edodo do ano passado. O valor apresentando foi de R$ 1,33 bilh\u00e3o. Vale ressaltar que esse \u00e9 o primeiro balan\u00e7o da companhia depois de sua privatiza\u00e7\u00e3o.<\/p>\n\t<p>\n\t\t<a href=\"https:\/\/lp2.suno.com.br\/pv\/bolsa-para-iniciantes?utm_campaign=_SNC757A2733_rs.mpr26---meu-primeiro-rendimento---venda---not\u00edcias&#038;utm_source=suno-not\u00edcias&#038;utm_medium=banner.noticias\" target=\"_blank\" data-element=\"shortcode-suno-banner\" title=\"Banner SUNO, clique e saiba mais\">\n\t\t\t<picture>\n\t\t\t\t<source media=\"(max-width: 500px)\" srcset=\"https:\/\/files.sunoresearch.com.br\/n\/uploads\/2026\/04\/400x300-Banner-Materias-01-png.webp\">\n\t\t\t\t<img class=\"newsContent__article__imgCapa newsContent__article__imgCapa--banner\"\n\t\t\t\t\tsrc=\"https:\/\/files.sunoresearch.com.br\/n\/uploads\/2026\/04\/1420x240-Banner-Materias-01-png.webp\"\n\t\t\t\t\tdata-promo-id=\"647482\"\t\t\t\t\t\t\t\t\t\twidth='1420' height='240'\t\t\t\t\talt=\"https:\/\/files.sunoresearch.com.br\/n\/uploads\/2026\/04\/1420x240-Banner-Materias-01-png.webp\"\n\t\t\t\t>\n\t\t\t<\/picture>\n\t\t<\/a>\n\t<\/p>\n\n\n<p>De acordo com a BR Distribuidora, o resultado trimestral foi alavancado pelos receb\u00edveis da Amazonas Energia (R$ 1,44 bilh\u00e3o). Esse fator foi destacado pela empresa como um importante passo na gest\u00e3o de caixa.<\/p>\n<p>No entanto, a <strong><a href=\"https:\/\/www.suno.com.br\/artigos\/o-que-receita-liquida\/\">receita l\u00edquida<\/a> <\/strong>da empresa diminuiu 7,9% por conta dos menores volumes de produtos vendidos agregados a baixa de 3,7% nos pre\u00e7os m\u00e9dios. J\u00e1 o <strong><a href=\"https:\/\/www.suno.com.br\/artigos\/ebitda\/\">Ebitda <\/a><\/strong><a href=\"https:\/\/www.suno.com.br\/artigos\/ebitda\/\">(lucro antes de juros, impostos, deprecia\u00e7\u00e3o e amortiza\u00e7\u00e3o)<\/a> ajustado foi de R$ 771 milh\u00f5es.<\/p>\n<p><a href=\"https:\/\/www.suno.com.br\/noticias\/amazonas-energia-creditos-itau-pagar-br-distribuidora\/\">Saiba mais: Amazonas Energia cede cr\u00e9ditos ao Ita\u00fa para pagar BR Distribuidora<\/a><\/p>\n<p>O volume de vendas para o mercado de grandes consumidores da companhia foi de 2,528 bilh\u00f5es de litros entre julho e setembro, com uma baixa de 14,5% em compara\u00e7\u00e3o ao mesmo per\u00edodo de 2018.<\/p>\n<p>De acordo com a <strong>BR Distribuidora<\/strong>, a queda foi motivada tamb\u00e9m pela sa\u00edda de um cliente do portf\u00f3lio da companhia, ocorrida no primeiro trimestre, al\u00e9m de um menor n\u00edvel de atividade das empresas \u00e1reas.<\/p>\n","protected":false},"excerpt":{"rendered":"<p>A BR Distribuidora (BRDT3) informou nesta quinta-feira (21) que o seu programa de demiss\u00e3o volunt\u00e1ria (PDV) foi suspenso pela Justi\u00e7a. A companhia anunciou que tomar\u00e1 todas as medidas poss\u00edveis para assegurar os direitos de todos que j\u00e1 se inscreveram no programa. Vibra (VBBR3) A BR Distribuidora anunciou que recebeu na \u00faltima ter\u00e7a-feira (19) os detalhes [&hellip;]<\/p>\n","protected":false},"author":24,"featured_media":44170,"comment_status":"closed","ping_status":"closed","sticky":false,"template":"","format":"standard","meta":[],"categories":[64],"tags":[2059,596],"suno_strategy":[],"class_list":["post-45308","post","type-post","status-publish","format-standard","has-post-thumbnail","hentry","category-negocios","tag-programa-de-demissao-voluntaria-pdv","tag-vibra-energia-vbbr3"],"yoast_head":"<!-- This site is optimized with the Yoast SEO plugin v24.4 - https:\/\/yoast.com\/wordpress\/plugins\/seo\/ -->\n<title>BR Distribuidora tem demiss\u00e3o volunt\u00e1ria suspensa pela Justi\u00e7a<\/title>\n<meta name=\"description\" content=\"A BR Distribuidora informou, nesta quinta-feira (21), que o seu programa de demiss\u00e3o volunt\u00e1ria (PDV) foi suspenso pela Justi\u00e7a. Saiba mais.\" \/>\n<meta name=\"robots\" content=\"index, follow, max-snippet:-1, max-image-preview:large, max-video-preview:-1\" \/>\n<link rel=\"canonical\" href=\"https:\/\/www.suno.com.br\/noticias\/br-distribuidora-demissao-voluntaria-suspenso-pela-justica\/\" \/>\n<meta property=\"og:locale\" content=\"pt_BR\" \/>\n<meta property=\"og:type\" content=\"article\" \/>\n<meta property=\"og:title\" content=\"BR Distribuidora tem demiss\u00e3o volunt\u00e1ria suspensa pela Justi\u00e7a\" \/>\n<meta property=\"og:description\" content=\"A BR Distribuidora informou, nesta quinta-feira (21), que o seu programa de demiss\u00e3o volunt\u00e1ria (PDV) foi suspenso pela Justi\u00e7a. Saiba mais.\" \/>\n<meta property=\"og:url\" content=\"https:\/\/www.suno.com.br\/noticias\/br-distribuidora-demissao-voluntaria-suspenso-pela-justica\/\" \/>\n<meta property=\"og:site_name\" content=\"Suno Not\u00edcias\" \/>\n<meta property=\"article:publisher\" content=\"https:\/\/facebook.com\/sunoresearch\" \/>\n<meta property=\"og:image\" content=\"https:\/\/files.sunoresearch.com.br\/n\/uploads\/2019\/11\/9261ecfd-br-distribuidora-1024x683.jpg\" \/>\n\t<meta property=\"og:image:width\" content=\"1024\" \/>\n\t<meta property=\"og:image:height\" content=\"683\" \/>\n\t<meta property=\"og:image:type\" content=\"image\/jpeg\" \/>\n<meta name=\"author\" content=\"Jader Lazarini\" \/>\n<meta name=\"twitter:card\" content=\"summary_large_image\" \/>\n<meta name=\"twitter:creator\" content=\"@sunoresearch\" \/>\n<meta name=\"twitter:site\" content=\"@sunoresearch\" \/>\n<meta name=\"twitter:label1\" content=\"Escrito por\" \/>\n\t<meta name=\"twitter:data1\" content=\"Jader Lazarini\" \/>\n\t<meta name=\"twitter:label2\" content=\"Est. tempo de leitura\" \/>\n\t<meta name=\"twitter:data2\" content=\"2 minutos\" \/>\n<script type=\"application\/ld+json\" class=\"yoast-schema-graph\">{\"@context\":\"https:\/\/schema.org\",\"@graph\":[{\"@type\":\"NewsArticle\",\"@id\":\"https:\/\/www.suno.com.br\/noticias\/br-distribuidora-demissao-voluntaria-suspenso-pela-justica\/#article\",\"isPartOf\":{\"@id\":\"https:\/\/www.suno.com.br\/noticias\/br-distribuidora-demissao-voluntaria-suspenso-pela-justica\/\"},\"author\":{\"name\":\"Jader Lazarini\",\"@id\":\"https:\/\/www.suno.com.br\/noticias\/#\/schema\/person\/918d79de1f0281f01599b93f9ea6e23f\"},\"headline\":\"BR Distribuidora tem programa de demiss\u00e3o volunt\u00e1ria suspenso pela Justi\u00e7a\",\"datePublished\":\"2019-11-21T15:16:08+00:00\",\"dateModified\":\"2021-02-17T22:05:55+00:00\",\"mainEntityOfPage\":{\"@id\":\"https:\/\/www.suno.com.br\/noticias\/br-distribuidora-demissao-voluntaria-suspenso-pela-justica\/\"},\"wordCount\":409,\"publisher\":{\"@id\":\"https:\/\/www.suno.com.br\/noticias\/#organization\"},\"image\":{\"@id\":\"https:\/\/www.suno.com.br\/noticias\/br-distribuidora-demissao-voluntaria-suspenso-pela-justica\/#primaryimage\"},\"thumbnailUrl\":\"https:\/\/files.sunoresearch.com.br\/n\/uploads\/2019\/11\/9261ecfd-br-distribuidora-scaled.webp\",\"keywords\":[\"Programa de demiss\u00e3o volunt\u00e1ria (PDV)\",\"Vibra Energia (VBBR3)\"],\"articleSection\":[\"Neg\u00f3cios\"],\"inLanguage\":\"pt-BR\"},{\"@type\":\"WebPage\",\"@id\":\"https:\/\/www.suno.com.br\/noticias\/br-distribuidora-demissao-voluntaria-suspenso-pela-justica\/\",\"url\":\"https:\/\/www.suno.com.br\/noticias\/br-distribuidora-demissao-voluntaria-suspenso-pela-justica\/\",\"name\":\"BR Distribuidora tem demiss\u00e3o volunt\u00e1ria suspensa pela Justi\u00e7a\",\"isPartOf\":{\"@id\":\"https:\/\/www.suno.com.br\/noticias\/#website\"},\"primaryImageOfPage\":{\"@id\":\"https:\/\/www.suno.com.br\/noticias\/br-distribuidora-demissao-voluntaria-suspenso-pela-justica\/#primaryimage\"},\"image\":{\"@id\":\"https:\/\/www.suno.com.br\/noticias\/br-distribuidora-demissao-voluntaria-suspenso-pela-justica\/#primaryimage\"},\"thumbnailUrl\":\"https:\/\/files.sunoresearch.com.br\/n\/uploads\/2019\/11\/9261ecfd-br-distribuidora-scaled.webp\",\"datePublished\":\"2019-11-21T15:16:08+00:00\",\"dateModified\":\"2021-02-17T22:05:55+00:00\",\"description\":\"A BR Distribuidora informou, nesta quinta-feira (21), que o seu programa de demiss\u00e3o volunt\u00e1ria (PDV) foi suspenso pela Justi\u00e7a. Saiba mais.\",\"breadcrumb\":{\"@id\":\"https:\/\/www.suno.com.br\/noticias\/br-distribuidora-demissao-voluntaria-suspenso-pela-justica\/#breadcrumb\"},\"inLanguage\":\"pt-BR\",\"potentialAction\":[{\"@type\":\"ReadAction\",\"target\":[\"https:\/\/www.suno.com.br\/noticias\/br-distribuidora-demissao-voluntaria-suspenso-pela-justica\/\"]}]},{\"@type\":\"ImageObject\",\"inLanguage\":\"pt-BR\",\"@id\":\"https:\/\/www.suno.com.br\/noticias\/br-distribuidora-demissao-voluntaria-suspenso-pela-justica\/#primaryimage\",\"url\":\"https:\/\/files.sunoresearch.com.br\/n\/uploads\/2019\/11\/9261ecfd-br-distribuidora-scaled.webp\",\"contentUrl\":\"https:\/\/files.sunoresearch.com.br\/n\/uploads\/2019\/11\/9261ecfd-br-distribuidora-scaled.webp\",\"width\":2560,\"height\":1707,\"caption\":\"Vibra (VBBR3)\"},{\"@type\":\"BreadcrumbList\",\"@id\":\"https:\/\/www.suno.com.br\/noticias\/br-distribuidora-demissao-voluntaria-suspenso-pela-justica\/#breadcrumb\",\"itemListElement\":[{\"@type\":\"ListItem\",\"position\":1,\"name\":\"Not\u00edcias\",\"item\":\"https:\/\/www.suno.com.br\/noticias\/\"},{\"@type\":\"ListItem\",\"position\":2,\"name\":\"Neg\u00f3cios\",\"item\":\"https:\/\/www.suno.com.br\/noticias\/negocios\/\"},{\"@type\":\"ListItem\",\"position\":3,\"name\":\"BR Distribuidora tem programa de demiss\u00e3o volunt\u00e1ria suspenso pela Justi\u00e7a\"}]},{\"@type\":\"WebSite\",\"@id\":\"https:\/\/www.suno.com.br\/noticias\/#website\",\"url\":\"https:\/\/www.suno.com.br\/noticias\/\",\"name\":\"Suno Not\u00edcias\",\"description\":\"Seu portal de informa\u00e7\u00e3o sobre o mundo dos investimentos\",\"publisher\":{\"@id\":\"https:\/\/www.suno.com.br\/noticias\/#organization\"},\"potentialAction\":[{\"@type\":\"SearchAction\",\"target\":{\"@type\":\"EntryPoint\",\"urlTemplate\":\"https:\/\/www.suno.com.br\/noticias\/?s={search_term_string}\"},\"query-input\":{\"@type\":\"PropertyValueSpecification\",\"valueRequired\":true,\"valueName\":\"search_term_string\"}}],\"inLanguage\":\"pt-BR\"},{\"@type\":\"Organization\",\"@id\":\"https:\/\/www.suno.com.br\/noticias\/#organization\",\"name\":\"Suno Not\u00edcias\",\"url\":\"https:\/\/www.suno.com.br\/noticias\/\",\"logo\":{\"@type\":\"ImageObject\",\"inLanguage\":\"pt-BR\",\"@id\":\"https:\/\/www.suno.com.br\/noticias\/#\/schema\/logo\/image\/\",\"url\":\"https:\/\/files.sunoresearch.com.br\/n\/uploads\/2021\/09\/suno-logo.png\",\"contentUrl\":\"https:\/\/files.sunoresearch.com.br\/n\/uploads\/2021\/09\/suno-logo.png\",\"width\":180,\"height\":180,\"caption\":\"Suno Not\u00edcias\"},\"image\":{\"@id\":\"https:\/\/www.suno.com.br\/noticias\/#\/schema\/logo\/image\/\"},\"sameAs\":[\"https:\/\/facebook.com\/sunoresearch\",\"https:\/\/x.com\/sunoresearch\",\"https:\/\/www.instagram.com\/suno\",\"https:\/\/www.linkedin.com\/company\/suno-research\/\",\"https:\/\/www.youtube.com\/c\/sunoresearch\"]},{\"@type\":\"Person\",\"@id\":\"https:\/\/www.suno.com.br\/noticias\/#\/schema\/person\/918d79de1f0281f01599b93f9ea6e23f\",\"name\":\"Jader Lazarini\",\"image\":{\"@type\":\"ImageObject\",\"inLanguage\":\"pt-BR\",\"@id\":\"https:\/\/www.suno.com.br\/noticias\/#\/schema\/person\/image\/\",\"url\":\"https:\/\/secure.gravatar.com\/avatar\/3c1ad8caa51589841baeb923fcddea97?s=96&r=g\",\"contentUrl\":\"https:\/\/secure.gravatar.com\/avatar\/3c1ad8caa51589841baeb923fcddea97?s=96&r=g\",\"caption\":\"Jader Lazarini\"},\"description\":\"Jader Lazarini escreve sobre investimentos, finan\u00e7as, economia e neg\u00f3cios. \u00c9 bacharel em Rela\u00e7\u00f5es Internacionais e analista CNPI (2619).\",\"url\":\"https:\/\/www.suno.com.br\/noticias\/author\/jader-lazarini\/\"}]}<\/script>\n<!-- \/ Yoast SEO plugin. -->","yoast_head_json":{"title":"BR Distribuidora tem demiss\u00e3o volunt\u00e1ria suspensa pela Justi\u00e7a","description":"A BR Distribuidora informou, nesta quinta-feira (21), que o seu programa de demiss\u00e3o volunt\u00e1ria (PDV) foi suspenso pela Justi\u00e7a. Saiba mais.","robots":{"index":"index","follow":"follow","max-snippet":"max-snippet:-1","max-image-preview":"max-image-preview:large","max-video-preview":"max-video-preview:-1"},"canonical":"https:\/\/www.suno.com.br\/noticias\/br-distribuidora-demissao-voluntaria-suspenso-pela-justica\/","og_locale":"pt_BR","og_type":"article","og_title":"BR Distribuidora tem demiss\u00e3o volunt\u00e1ria suspensa pela Justi\u00e7a","og_description":"A BR Distribuidora informou, nesta quinta-feira (21), que o seu programa de demiss\u00e3o volunt\u00e1ria (PDV) foi suspenso pela Justi\u00e7a. Saiba mais.","og_url":"https:\/\/www.suno.com.br\/noticias\/br-distribuidora-demissao-voluntaria-suspenso-pela-justica\/","og_site_name":"Suno Not\u00edcias","article_publisher":"https:\/\/facebook.com\/sunoresearch","og_image":[{"width":1024,"height":683,"url":"https:\/\/files.sunoresearch.com.br\/n\/uploads\/2019\/11\/9261ecfd-br-distribuidora-1024x683.jpg","type":"image\/jpeg"}],"author":"Jader Lazarini","twitter_card":"summary_large_image","twitter_creator":"@sunoresearch","twitter_site":"@sunoresearch","twitter_misc":{"Escrito por":"Jader Lazarini","Est. tempo de leitura":"2 minutos"},"schema":{"@context":"https:\/\/schema.org","@graph":[{"@type":"NewsArticle","@id":"https:\/\/www.suno.com.br\/noticias\/br-distribuidora-demissao-voluntaria-suspenso-pela-justica\/#article","isPartOf":{"@id":"https:\/\/www.suno.com.br\/noticias\/br-distribuidora-demissao-voluntaria-suspenso-pela-justica\/"},"author":{"name":"Jader Lazarini","@id":"https:\/\/www.suno.com.br\/noticias\/#\/schema\/person\/918d79de1f0281f01599b93f9ea6e23f"},"headline":"BR Distribuidora tem programa de demiss\u00e3o volunt\u00e1ria suspenso pela Justi\u00e7a","datePublished":"2019-11-21T15:16:08+00:00","dateModified":"2021-02-17T22:05:55+00:00","mainEntityOfPage":{"@id":"https:\/\/www.suno.com.br\/noticias\/br-distribuidora-demissao-voluntaria-suspenso-pela-justica\/"},"wordCount":409,"publisher":{"@id":"https:\/\/www.suno.com.br\/noticias\/#organization"},"image":{"@id":"https:\/\/www.suno.com.br\/noticias\/br-distribuidora-demissao-voluntaria-suspenso-pela-justica\/#primaryimage"},"thumbnailUrl":"https:\/\/files.sunoresearch.com.br\/n\/uploads\/2019\/11\/9261ecfd-br-distribuidora-scaled.webp","keywords":["Programa de demiss\u00e3o volunt\u00e1ria (PDV)","Vibra Energia (VBBR3)"],"articleSection":["Neg\u00f3cios"],"inLanguage":"pt-BR"},{"@type":"WebPage","@id":"https:\/\/www.suno.com.br\/noticias\/br-distribuidora-demissao-voluntaria-suspenso-pela-justica\/","url":"https:\/\/www.suno.com.br\/noticias\/br-distribuidora-demissao-voluntaria-suspenso-pela-justica\/","name":"BR Distribuidora tem demiss\u00e3o volunt\u00e1ria suspensa pela Justi\u00e7a","isPartOf":{"@id":"https:\/\/www.suno.com.br\/noticias\/#website"},"primaryImageOfPage":{"@id":"https:\/\/www.suno.com.br\/noticias\/br-distribuidora-demissao-voluntaria-suspenso-pela-justica\/#primaryimage"},"image":{"@id":"https:\/\/www.suno.com.br\/noticias\/br-distribuidora-demissao-voluntaria-suspenso-pela-justica\/#primaryimage"},"thumbnailUrl":"https:\/\/files.sunoresearch.com.br\/n\/uploads\/2019\/11\/9261ecfd-br-distribuidora-scaled.webp","datePublished":"2019-11-21T15:16:08+00:00","dateModified":"2021-02-17T22:05:55+00:00","description":"A BR Distribuidora informou, nesta quinta-feira (21), que o seu programa de demiss\u00e3o volunt\u00e1ria (PDV) foi suspenso pela Justi\u00e7a. Saiba mais.","breadcrumb":{"@id":"https:\/\/www.suno.com.br\/noticias\/br-distribuidora-demissao-voluntaria-suspenso-pela-justica\/#breadcrumb"},"inLanguage":"pt-BR","potentialAction":[{"@type":"ReadAction","target":["https:\/\/www.suno.com.br\/noticias\/br-distribuidora-demissao-voluntaria-suspenso-pela-justica\/"]}]},{"@type":"ImageObject","inLanguage":"pt-BR","@id":"https:\/\/www.suno.com.br\/noticias\/br-distribuidora-demissao-voluntaria-suspenso-pela-justica\/#primaryimage","url":"https:\/\/files.sunoresearch.com.br\/n\/uploads\/2019\/11\/9261ecfd-br-distribuidora-scaled.webp","contentUrl":"https:\/\/files.sunoresearch.com.br\/n\/uploads\/2019\/11\/9261ecfd-br-distribuidora-scaled.webp","width":2560,"height":1707,"caption":"Vibra (VBBR3)"},{"@type":"BreadcrumbList","@id":"https:\/\/www.suno.com.br\/noticias\/br-distribuidora-demissao-voluntaria-suspenso-pela-justica\/#breadcrumb","itemListElement":[{"@type":"ListItem","position":1,"name":"Not\u00edcias","item":"https:\/\/www.suno.com.br\/noticias\/"},{"@type":"ListItem","position":2,"name":"Neg\u00f3cios","item":"https:\/\/www.suno.com.br\/noticias\/negocios\/"},{"@type":"ListItem","position":3,"name":"BR Distribuidora tem programa de demiss\u00e3o volunt\u00e1ria suspenso pela Justi\u00e7a"}]},{"@type":"WebSite","@id":"https:\/\/www.suno.com.br\/noticias\/#website","url":"https:\/\/www.suno.com.br\/noticias\/","name":"Suno Not\u00edcias","description":"Seu portal de informa\u00e7\u00e3o sobre o mundo dos investimentos","publisher":{"@id":"https:\/\/www.suno.com.br\/noticias\/#organization"},"potentialAction":[{"@type":"SearchAction","target":{"@type":"EntryPoint","urlTemplate":"https:\/\/www.suno.com.br\/noticias\/?s={search_term_string}"},"query-input":{"@type":"PropertyValueSpecification","valueRequired":true,"valueName":"search_term_string"}}],"inLanguage":"pt-BR"},{"@type":"Organization","@id":"https:\/\/www.suno.com.br\/noticias\/#organization","name":"Suno Not\u00edcias","url":"https:\/\/www.suno.com.br\/noticias\/","logo":{"@type":"ImageObject","inLanguage":"pt-BR","@id":"https:\/\/www.suno.com.br\/noticias\/#\/schema\/logo\/image\/","url":"https:\/\/files.sunoresearch.com.br\/n\/uploads\/2021\/09\/suno-logo.png","contentUrl":"https:\/\/files.sunoresearch.com.br\/n\/uploads\/2021\/09\/suno-logo.png","width":180,"height":180,"caption":"Suno Not\u00edcias"},"image":{"@id":"https:\/\/www.suno.com.br\/noticias\/#\/schema\/logo\/image\/"},"sameAs":["https:\/\/facebook.com\/sunoresearch","https:\/\/x.com\/sunoresearch","https:\/\/www.instagram.com\/suno","https:\/\/www.linkedin.com\/company\/suno-research\/","https:\/\/www.youtube.com\/c\/sunoresearch"]},{"@type":"Person","@id":"https:\/\/www.suno.com.br\/noticias\/#\/schema\/person\/918d79de1f0281f01599b93f9ea6e23f","name":"Jader Lazarini","image":{"@type":"ImageObject","inLanguage":"pt-BR","@id":"https:\/\/www.suno.com.br\/noticias\/#\/schema\/person\/image\/","url":"https:\/\/secure.gravatar.com\/avatar\/3c1ad8caa51589841baeb923fcddea97?s=96&r=g","contentUrl":"https:\/\/secure.gravatar.com\/avatar\/3c1ad8caa51589841baeb923fcddea97?s=96&r=g","caption":"Jader Lazarini"},"description":"Jader Lazarini escreve sobre investimentos, finan\u00e7as, economia e neg\u00f3cios. \u00c9 bacharel em Rela\u00e7\u00f5es Internacionais e analista CNPI (2619).","url":"https:\/\/www.suno.com.br\/noticias\/author\/jader-lazarini\/"}]}},"default_loop_html":"<div class=\"cardsPage__listCard__boxs\"><div class=\"cardsPage__listCard__boxs__img\"><a href=\"https:\/\/www.suno.com.br\/noticias\/br-distribuidora-demissao-voluntaria-suspenso-pela-justica\/\"><img class=\"mask\" src=\"https:\/\/www.suno.com.br\/noticias\/wp-content\/themes\/suno\/resources\/images\/spotlight\/spotlight1img\/bg-mask.png\" alt=\"Image Mask\"\/><img src=\"https:\/\/files.sunoresearch.com.br\/n\/uploads\/2019\/11\/9261ecfd-br-distribuidora-400x200.webp\" alt=\"BR Distribuidora tem programa de demiss\u00e3o volunt\u00e1ria suspenso pela Justi\u00e7a\"\/><\/a><span class=\"spotlightCategory\"><a href=\"https:\/\/www.suno.com.br\/noticias\/negocios\/\">Neg\u00f3cios<\/a><\/span><\/div><div class=\"cardsPage__listCard__boxs__content\"><a href=\"https:\/\/www.suno.com.br\/noticias\/br-distribuidora-demissao-voluntaria-suspenso-pela-justica\/\"><h2 class=\"content__title\">BR Distribuidora tem programa de demiss\u00e3o volunt\u00e1ria suspenso pela Justi\u00e7a<\/h2><\/a><div class=\"newsContent__article__meta\"><div class=\"newsContent__article__meta__authorBox\"><a href=\"https:\/\/www.suno.com.br\/noticias\/author\/jader-lazarini\/\" class=\"authorBox__avatar noMobi\"><img src=\"https:\/\/files.sunoresearch.com.br\/n\/uploads\/2021\/01\/178e6598-foto-perfil-2-150x150.jpg\" alt=\"Jader Lazarini\"><\/a><div class=\"authorBox__name\"><span>por\n\t\t\t<a href=\"https:\/\/www.suno.com.br\/noticias\/author\/jader-lazarini\/\"><span itemprop=\"author\">Jader Lazarini<\/span><\/a><\/span><time datetime=\"2019-11-21T13:16:08-03:00\" itemprop=\"datePublished\">21\/11\/2019 13:16<\/time><\/div><\/div><\/div><\/div><\/div>","single_layout":"posts","amp_enabled":true,"_links":{"self":[{"href":"https:\/\/www.suno.com.br\/noticias\/wp-json\/wp\/v2\/posts\/45308"}],"collection":[{"href":"https:\/\/www.suno.com.br\/noticias\/wp-json\/wp\/v2\/posts"}],"about":[{"href":"https:\/\/www.suno.com.br\/noticias\/wp-json\/wp\/v2\/types\/post"}],"author":[{"embeddable":true,"href":"https:\/\/www.suno.com.br\/noticias\/wp-json\/wp\/v2\/users\/24"}],"replies":[{"embeddable":true,"href":"https:\/\/www.suno.com.br\/noticias\/wp-json\/wp\/v2\/comments?post=45308"}],"version-history":[{"count":0,"href":"https:\/\/www.suno.com.br\/noticias\/wp-json\/wp\/v2\/posts\/45308\/revisions"}],"wp:featuredmedia":[{"embeddable":true,"href":"https:\/\/www.suno.com.br\/noticias\/wp-json\/wp\/v2\/media\/44170"}],"wp:attachment":[{"href":"https:\/\/www.suno.com.br\/noticias\/wp-json\/wp\/v2\/media?parent=45308"}],"wp:term":[{"taxonomy":"category","embeddable":true,"href":"https:\/\/www.suno.com.br\/noticias\/wp-json\/wp\/v2\/categories?post=45308"},{"taxonomy":"post_tag","embeddable":true,"href":"https:\/\/www.suno.com.br\/noticias\/wp-json\/wp\/v2\/tags?post=45308"},{"taxonomy":"suno_strategy","embeddable":true,"href":"https:\/\/www.suno.com.br\/noticias\/wp-json\/wp\/v2\/suno_strategy?post=45308"}],"curies":[{"name":"wp","href":"https:\/\/api.w.org\/{rel}","templated":true}]}}