{"id":452752,"date":"2023-09-06T13:07:43","date_gmt":"2023-09-06T16:07:43","guid":{"rendered":"https:\/\/www.suno.com.br\/noticias\/?p=452752"},"modified":"2023-09-06T13:07:51","modified_gmt":"2023-09-06T16:07:51","slug":"123milhas-cpi-negocio-socio-pede-desculpas-gpj","status":"publish","type":"post","link":"https:\/\/www.suno.com.br\/noticias\/123milhas-cpi-negocio-socio-pede-desculpas-gpj\/","title":{"rendered":"123milhas: s\u00f3cio pede desculpas em CPI e cita modelo de neg\u00f3cio &#8216;equivocado&#8217;"},"content":{"rendered":"<p>Em depoimento na manh\u00e3 desta quarta-feira (6) \u00e0 Comiss\u00e3o Parlamentar de Inqu\u00e9rito (CPI) das pir\u00e2mides financeiras, o s\u00f3cio da <strong>123milhas<\/strong>, Ramiro J\u00falio Soares Madureira, pediu desculpas aos clientes e fornecedores pelo calote nas viagens e justificou que a empresa, que parou de emitir as passagens de sua linha promocional, a &#8220;promo&#8221;, no \u00faltimo dia 18 de agosto, se equivocou ao planejar o produto.<\/p>\t<div class=\"wrapper-featured-image\">\n\t\t<figure class=\"spotlightImg\">\n\n\t\t\t<picture>\n\t\t\t\t<source media=\"(max-width: 768px)\" srcset=\"https:\/\/files.sunoresearch.com.br\/n\/uploads\/2023\/08\/123milhas-viagem-400x200.jpg\">\n\t\t\t\t<img loading=\"lazy\" decoding=\"async\" class=\"newsContent__article__imgCapa lazyloadDisabled \" src=\"https:\/\/files.sunoresearch.com.br\/n\/uploads\/2023\/08\/123milhas-viagem-800x450.jpg\" width=\"800\" height=\"450\" alt=\"123milhas: s\u00f3cio pede desculpas em CPI e cita modelo de neg\u00f3cio &#8216;equivocado&#8217;\" fetchpriority=high \/>\n\t\t\t<\/picture>\n\n\t\t\t<figcaption class=\"wp-caption-text wp-caption-text--show\">123milhas - Foto: Reprodu\u00e7\u00e3o\/ 123milhas<\/figcaption>\n\t\t<\/figure>\n\t<\/div>\n\n\n\n\n\n\n\n\t<p>\n\t\t<a href=\"https:\/\/lp.suno.com.br\/planilha-da-vida-financeira\/\" target=\"_blank\" data-element=\"shortcode-suno-banner\" title=\"Banner SUNO, clique e saiba mais\">\n\t\t\t<picture>\n\t\t\t\t<source media=\"(max-width: 500px)\" srcset=\"https:\/\/files.sunoresearch.com.br\/n\/uploads\/2023\/04\/400x300-Planilha-vida-financeira-true.png\">\n\t\t\t\t<img class=\"newsContent__article__imgCapa newsContent__article__imgCapa--banner\"\n\t\t\t\t\tsrc=\"https:\/\/files.sunoresearch.com.br\/n\/uploads\/2023\/04\/1420x240-Planilha-vida-financeira-true.png\"\n\t\t\t\t\tdata-promo-id=\"106682\"\t\t\t\t\t\t\t\t\t\twidth='1420' height='240'\t\t\t\t\talt=\"https:\/\/files.sunoresearch.com.br\/n\/uploads\/2023\/04\/1420x240-Planilha-vida-financeira-true.png\"\n\t\t\t\t>\n\t\t\t<\/picture>\n\t\t<\/a>\n\t<\/p>\n\n\n\n\n\n<p>\u201cAo contr\u00e1rio do que prev\u00edamos, o mercado tem se comportado permanentemente como se estivesse em alta temporada, e isso abalou n\u00e3o s\u00f3 os fundamentos da linha promo, como de toda a 123milhas\u201d, disse Madureira, acrescentando que o objetivo da companhia a partir de agora \u00e9 saldar as <strong>d\u00edvidas da 123milhas <\/strong>com todos os credores por meio da <a href=\"https:\/\/www.suno.com.br\/artigos\/recuperacao-judicial\/\"><strong>recupera\u00e7\u00e3o judicial<\/strong><\/a>, aprovada pela Justi\u00e7a na semana passada.<\/p>\n\n\n\n<p>Madureira faltou duas vezes ao depoimento at\u00e9 comparecer sob risco de ser levado coercitivamente pela <strong>Pol\u00edcia Federal<\/strong>. Outros s\u00f3cios, diretores e funcion\u00e1rios da 123milhas tamb\u00e9m devem participar das oitivas da CPI nesta quarta-feira.<\/p>\n\n\n\n\t<div data-element=\"shortcode-read-more\" class=\"readToo\">\n\t\t\t\t<span class=\"readToo__title\">Leia mais<\/span>\n\t\t\t\t<ul class=\"readToo__list\">\n\t\t\t<li><a href=\"https:\/\/www.suno.com.br\/noticias\/123milhas-recuperacao-judicial-aceito-reclamacoes-mal\/\">123milhas: pedido de recupera\u00e7\u00e3o judicial \u00e9 aceito pela Justi\u00e7a<\/a><\/li><li><a href=\"https:\/\/www.suno.com.br\/noticias\/123milhas-azul-azul4-crise-coluna-gpj\/\">123milhas acusa Azul (AZUL4) de ser uma das culpadas por sua crise, diz coluna<\/a><\/li><li><a href=\"https:\/\/www.suno.com.br\/noticias\/123milhas-revela-prejuizo-bilionario-1o-semestre-ano\/\">123milhas revela preju\u00edzo de R$ 1,671 bi no 1\u00ba semestre do ano<\/a><\/li>\t\t<\/ul>\n\t<\/div>\n\n\n\n\n<p>Ainda de acordo com o s\u00f3cio, a expectativa era de atrair novos clientes com a promo\u00e7\u00e3o, reduzir os gastos com marketing e que esses consumidores comprassem tamb\u00e9m outros produtos na plataforma. Segundo ele, o produto foi elaborado com base em tecnologia e estudos t\u00e9cnicos.<\/p>\n\n\n\n<p>&#8220;Acredit\u00e1vamos que o custo do &#8216;promo&#8217; diminuiria com o tempo, a medida que ganh\u00e1vamos efici\u00eancia e que o mercado de avia\u00e7\u00e3o superaria os efeitos da pandemia&#8221;, afirmou.<\/p>\n\n\n\n<p>Na linha promo, o cliente adquiria a passagem com anteced\u00eancia, mas a viagem poderia ocorrer num per\u00edodo de tempo, e ele s\u00f3 sabia exatamente a data e o hor\u00e1rio do voo quando j\u00e1 estava pr\u00f3ximo \u00e0 viagem. &#8220;O melhor momento para comprar passagens \u00e9 entre 30 e 45 dias da viagem, quando se encontram os melhores pre\u00e7os&#8221;, acrescentou o <strong>s\u00f3cio da 123milhas<\/strong>.<\/p>\n\n\n\t<p>\n\t\t<a href=\"https:\/\/lp.suno.com.br\/ebook-como-analisar-uma-acao\/\" target=\"_blank\" data-element=\"shortcode-suno-banner\" title=\"Banner SUNO, clique e saiba mais\">\n\t\t\t<picture>\n\t\t\t\t<source media=\"(max-width: 500px)\" srcset=\"https:\/\/files.sunoresearch.com.br\/n\/uploads\/2023\/03\/Ebook-Acoes-Mobile.jpg\">\n\t\t\t\t<img class=\"newsContent__article__imgCapa newsContent__article__imgCapa--banner\"\n\t\t\t\t\tsrc=\"https:\/\/files.sunoresearch.com.br\/n\/uploads\/2023\/03\/Ebook-Acoes-Desktop.jpg\"\n\t\t\t\t\tdata-promo-id=\"378302\"\t\t\t\t\t\t\t\t\t\twidth='1420' height='286'\t\t\t\t\talt=\"https:\/\/files.sunoresearch.com.br\/n\/uploads\/2023\/03\/Ebook-Acoes-Desktop.jpg\"\n\t\t\t\t>\n\t\t\t<\/picture>\n\t\t<\/a>\n\t<\/p>\n\n\n\n\n\n<h2 class=\"wp-block-heading\">123milhas: Procon-SP pede informa\u00e7\u00f5es para definir como tratar reclama\u00e7\u00f5es<\/h2>\n\n\n\n<p>O Procon-SP est\u00e1 requerendo informa\u00e7\u00f5es \u00e0&nbsp;123milhas&nbsp;para entender como a empresa ir\u00e1 se organizar para atender os consumidores e quais ser\u00e3o os crit\u00e9rios de tratamento das reclama\u00e7\u00f5es registradas em sua plataforma, a partir da aceita\u00e7\u00e3o do pedido de&nbsp;<a href=\"https:\/\/www.suno.com.br\/artigos\/recuperacao-judicial\/\">recupera\u00e7\u00e3o judicial<\/a>, ocorrido no fim de agosto pela ju\u00edza Cl\u00e1udia Helena Batista, da 1\u00aa Vara Empresarial de Belo Horizonte.<\/p>\n\n\n\n<p>Para o \u00f3rg\u00e3o paulista, a decis\u00e3o representa uma mudan\u00e7a importante ao colocar o consumidor como um dos grupos preferenciais a serem ressarcidos, considerando que a empresa atua diretamente no&nbsp;<strong>varejo<\/strong>, ou seja, tem neste segmento o seu principal fator de capta\u00e7\u00e3o de recursos. Por conta disso, s\u00e3o as pessoas que compraram os servi\u00e7os as maiores impactadas com a suspens\u00e3o das emiss\u00f5es dos pacotes de viagem j\u00e1 adquiridos.<\/p>\n\n\n\n<p>\u201cA partir da entrada da&nbsp;<strong>123milhas em recupera\u00e7\u00e3o judicial<\/strong>, o&nbsp;<strong>Procon-SP<\/strong>&nbsp;agora se preocupa em como auxiliar os mais de 5 mil consumidores que registraram suas reclama\u00e7\u00f5es e que precisam da melhor orienta\u00e7\u00e3o sobre como proceder, em fun\u00e7\u00e3o desta nova configura\u00e7\u00e3o jur\u00eddica\u201d, explica Luiz Orsatti Filho, diretor Executivo interino do Procon-SP.<\/p>\n\n\n\n<p>\u201cTrata-se de uma decis\u00e3o de extrema relev\u00e2ncia e que pode ditar novos paradigmas, considerando que a 123 Milhas \u00e9 uma&nbsp;<strong>empresa de varejo<\/strong>, ou seja, que se relaciona com um grande n\u00famero de clientes, amplificando as consequ\u00eancias de suas atitudes. E com o agravante de, neste caso espec\u00edfico, se tratar de um grupo que adquiriu os pacotes promocionais mais baratos, ou seja, s\u00e3o potencialmente consumidores mais vulner\u00e1veis, que precisam ainda mais do apoio dos \u00f3rg\u00e3os de defesa como o Procon-SP\u2019, completa o executivo.<\/p>\n\n\n\n<p>Al\u00e9m do tratamento das reclama\u00e7\u00f5es registradas em sua plataforma, o Procon-SP multou a 123milhas em mais de R$ 2,5 milh\u00f5es e compartilhou informa\u00e7\u00f5es com o&nbsp;<strong>Minist\u00e9rio P\u00fablico,<\/strong>&nbsp;contribuindo para refor\u00e7ar a atua\u00e7\u00e3o do \u00f3rg\u00e3o junto ao&nbsp;<strong>Poder Judici\u00e1rio<\/strong>&nbsp;na defesa dos interesses dos consumidores.<\/p>\n\n\n\n<p>A iniciativa do Procon-SP tamb\u00e9m atende a outro aspecto da decis\u00e3o sobre a&nbsp;<strong>recupera\u00e7\u00e3o judicial<\/strong>, quando afirma que, \u201cno processo, poder\u00e3o intervir todos os \u00f3rg\u00e3os colaboradores que possam informar, mediar e apresentar propostas e fiscalizar etapas processuais\u201d.<\/p>\n\n\n\n<p>\u201cAl\u00e9m do potencial de indicar um novo caminho para casos de grande impacto, especialmente no segmento de varejo, a decis\u00e3o evidencia a import\u00e2ncia e a necessidade de os consumidores, sempre, formalizarem suas reclama\u00e7\u00f5es junto a \u00f3rg\u00e3os oficiais quando enfrentarem problemas em suas rela\u00e7\u00f5es de consumo, pela relev\u00e2ncia e representatividade que possuem para oferecer orienta\u00e7\u00e3o qualificada e serem reconhecidos pela Justi\u00e7a\u201d, completa Orsatti.<\/p>\n\n\n\n<p>A solicita\u00e7\u00e3o a ser encaminhada \u00e0 <strong>123milhas <\/strong>vai ser para que os esclarecimentos sejam feitos presencialmente, permitindo um di\u00e1logo mais amplo para o encaminhamento mais \u00e1gil de solu\u00e7\u00f5es para as demandas dos consumidores paulistas.<\/p>\n\n\n\n<p><em>Com informa\u00e7\u00f5es de Estad\u00e3o Conte\u00fado<\/em><\/p>\n\n\n\t<p>\n\t\t<a href=\"https:\/\/lp.suno.com.br\/planilha-da-vida-financeira\/\" target=\"_blank\" data-element=\"shortcode-suno-banner\" title=\"Banner SUNO, clique e saiba mais\">\n\t\t\t<picture>\n\t\t\t\t<source media=\"(max-width: 500px)\" srcset=\"https:\/\/files.sunoresearch.com.br\/n\/uploads\/2023\/04\/400x300-Planilha-vida-financeira-true.png\">\n\t\t\t\t<img class=\"newsContent__article__imgCapa newsContent__article__imgCapa--banner\"\n\t\t\t\t\tsrc=\"https:\/\/files.sunoresearch.com.br\/n\/uploads\/2023\/04\/1420x240-Planilha-vida-financeira-true.png\"\n\t\t\t\t\tdata-promo-id=\"383123\"\t\t\t\t\t\t\t\t\t\twidth='1420' height='240'\t\t\t\t\talt=\"https:\/\/files.sunoresearch.com.br\/n\/uploads\/2023\/04\/1420x240-Planilha-vida-financeira-true.png\"\n\t\t\t\t>\n\t\t\t<\/picture>\n\t\t<\/a>\n\t<\/p>\n\n\n","protected":false},"excerpt":{"rendered":"<p>Em depoimento na manh\u00e3 desta quarta-feira (6) \u00e0 Comiss\u00e3o Parlamentar de Inqu\u00e9rito (CPI) das pir\u00e2mides financeiras, o s\u00f3cio da 123milhas, Ramiro J\u00falio Soares Madureira, pediu desculpas aos clientes e fornecedores pelo calote nas viagens e justificou que a empresa, que parou de emitir as passagens de sua linha promocional, a &#8220;promo&#8221;, no \u00faltimo dia 18 [&hellip;]<\/p>\n","protected":false},"author":313,"featured_media":448313,"comment_status":"closed","ping_status":"closed","sticky":false,"template":"","format":"standard","meta":[],"categories":[62],"tags":[1245],"suno_strategy":[],"class_list":["post-452752","post","type-post","status-publish","format-standard","has-post-thumbnail","hentry","category-economia","tag-setor-de-servicos"],"yoast_head":"<!-- This site is optimized with the Yoast SEO plugin v24.4 - https:\/\/yoast.com\/wordpress\/plugins\/seo\/ -->\n<title>123milhas: s\u00f3cio pede desculpas e cita modelo de neg\u00f3cio &#039;equivocado&#039;<\/title>\n<meta name=\"description\" content=\"Em depoimento \u00e0 CPI, o s\u00f3cio da 123milhas, Ramiro J\u00falio Soares Madureira, pediu desculpas aos clientes e fornecedores pelo calote nas viagens.\" \/>\n<meta name=\"robots\" content=\"index, follow, max-snippet:-1, max-image-preview:large, max-video-preview:-1\" \/>\n<link rel=\"canonical\" href=\"https:\/\/www.suno.com.br\/noticias\/123milhas-cpi-negocio-socio-pede-desculpas-gpj\/\" \/>\n<meta property=\"og:locale\" content=\"pt_BR\" \/>\n<meta property=\"og:type\" content=\"article\" \/>\n<meta property=\"og:title\" content=\"123milhas: s\u00f3cio pede desculpas e cita modelo de neg\u00f3cio &#039;equivocado&#039;\" \/>\n<meta property=\"og:description\" content=\"Em depoimento \u00e0 CPI, o s\u00f3cio da 123milhas, Ramiro J\u00falio Soares Madureira, pediu desculpas aos clientes e fornecedores pelo calote nas viagens.\" \/>\n<meta property=\"og:url\" content=\"https:\/\/www.suno.com.br\/noticias\/123milhas-cpi-negocio-socio-pede-desculpas-gpj\/\" \/>\n<meta property=\"og:site_name\" content=\"Suno Not\u00edcias\" \/>\n<meta property=\"article:publisher\" content=\"https:\/\/facebook.com\/sunoresearch\" \/>\n<meta property=\"og:image\" content=\"https:\/\/files.sunoresearch.com.br\/n\/uploads\/2023\/08\/123milhas-viagem.jpg\" \/>\n\t<meta property=\"og:image:width\" content=\"1200\" \/>\n\t<meta property=\"og:image:height\" content=\"800\" \/>\n\t<meta property=\"og:image:type\" content=\"image\/jpeg\" \/>\n<meta name=\"author\" content=\"Giovanni Porf\u00edrio Jacomino\" \/>\n<meta name=\"twitter:card\" content=\"summary_large_image\" \/>\n<meta name=\"twitter:creator\" content=\"@sunoresearch\" \/>\n<meta name=\"twitter:site\" content=\"@sunoresearch\" \/>\n<meta name=\"twitter:label1\" content=\"Escrito por\" \/>\n\t<meta name=\"twitter:data1\" content=\"Giovanni Porf\u00edrio Jacomino\" \/>\n\t<meta name=\"twitter:label2\" content=\"Est. tempo de leitura\" \/>\n\t<meta name=\"twitter:data2\" content=\"5 minutos\" \/>\n<script type=\"application\/ld+json\" class=\"yoast-schema-graph\">{\"@context\":\"https:\/\/schema.org\",\"@graph\":[{\"@type\":\"NewsArticle\",\"@id\":\"https:\/\/www.suno.com.br\/noticias\/123milhas-cpi-negocio-socio-pede-desculpas-gpj\/#article\",\"isPartOf\":{\"@id\":\"https:\/\/www.suno.com.br\/noticias\/123milhas-cpi-negocio-socio-pede-desculpas-gpj\/\"},\"author\":{\"name\":\"Giovanni Porf\u00edrio Jacomino\",\"@id\":\"https:\/\/www.suno.com.br\/noticias\/#\/schema\/person\/d0f32748bbca4bee871fa191ee4e2d40\"},\"headline\":\"123milhas: s\u00f3cio pede desculpas em CPI e cita modelo de neg\u00f3cio &#8216;equivocado&#8217;\",\"datePublished\":\"2023-09-06T16:07:43+00:00\",\"dateModified\":\"2023-09-06T16:07:51+00:00\",\"mainEntityOfPage\":{\"@id\":\"https:\/\/www.suno.com.br\/noticias\/123milhas-cpi-negocio-socio-pede-desculpas-gpj\/\"},\"wordCount\":856,\"publisher\":{\"@id\":\"https:\/\/www.suno.com.br\/noticias\/#organization\"},\"image\":{\"@id\":\"https:\/\/www.suno.com.br\/noticias\/123milhas-cpi-negocio-socio-pede-desculpas-gpj\/#primaryimage\"},\"thumbnailUrl\":\"https:\/\/files.sunoresearch.com.br\/n\/uploads\/2023\/08\/123milhas-viagem.jpg\",\"keywords\":[\"setor de servi\u00e7os\"],\"articleSection\":[\"Economia\"],\"inLanguage\":\"pt-BR\"},{\"@type\":\"WebPage\",\"@id\":\"https:\/\/www.suno.com.br\/noticias\/123milhas-cpi-negocio-socio-pede-desculpas-gpj\/\",\"url\":\"https:\/\/www.suno.com.br\/noticias\/123milhas-cpi-negocio-socio-pede-desculpas-gpj\/\",\"name\":\"123milhas: s\u00f3cio pede desculpas e cita modelo de neg\u00f3cio 'equivocado'\",\"isPartOf\":{\"@id\":\"https:\/\/www.suno.com.br\/noticias\/#website\"},\"primaryImageOfPage\":{\"@id\":\"https:\/\/www.suno.com.br\/noticias\/123milhas-cpi-negocio-socio-pede-desculpas-gpj\/#primaryimage\"},\"image\":{\"@id\":\"https:\/\/www.suno.com.br\/noticias\/123milhas-cpi-negocio-socio-pede-desculpas-gpj\/#primaryimage\"},\"thumbnailUrl\":\"https:\/\/files.sunoresearch.com.br\/n\/uploads\/2023\/08\/123milhas-viagem.jpg\",\"datePublished\":\"2023-09-06T16:07:43+00:00\",\"dateModified\":\"2023-09-06T16:07:51+00:00\",\"description\":\"Em depoimento \u00e0 CPI, o s\u00f3cio da 123milhas, Ramiro J\u00falio Soares Madureira, pediu desculpas aos clientes e fornecedores pelo calote nas viagens.\",\"breadcrumb\":{\"@id\":\"https:\/\/www.suno.com.br\/noticias\/123milhas-cpi-negocio-socio-pede-desculpas-gpj\/#breadcrumb\"},\"inLanguage\":\"pt-BR\",\"potentialAction\":[{\"@type\":\"ReadAction\",\"target\":[\"https:\/\/www.suno.com.br\/noticias\/123milhas-cpi-negocio-socio-pede-desculpas-gpj\/\"]}]},{\"@type\":\"ImageObject\",\"inLanguage\":\"pt-BR\",\"@id\":\"https:\/\/www.suno.com.br\/noticias\/123milhas-cpi-negocio-socio-pede-desculpas-gpj\/#primaryimage\",\"url\":\"https:\/\/files.sunoresearch.com.br\/n\/uploads\/2023\/08\/123milhas-viagem.jpg\",\"contentUrl\":\"https:\/\/files.sunoresearch.com.br\/n\/uploads\/2023\/08\/123milhas-viagem.jpg\",\"width\":1200,\"height\":800,\"caption\":\"123milhas - Foto: Reprodu\u00e7\u00e3o\/ 123milhas\"},{\"@type\":\"BreadcrumbList\",\"@id\":\"https:\/\/www.suno.com.br\/noticias\/123milhas-cpi-negocio-socio-pede-desculpas-gpj\/#breadcrumb\",\"itemListElement\":[{\"@type\":\"ListItem\",\"position\":1,\"name\":\"Not\u00edcias\",\"item\":\"https:\/\/www.suno.com.br\/noticias\/\"},{\"@type\":\"ListItem\",\"position\":2,\"name\":\"Economia\",\"item\":\"https:\/\/www.suno.com.br\/noticias\/economia\/\"},{\"@type\":\"ListItem\",\"position\":3,\"name\":\"123milhas: s\u00f3cio pede desculpas em CPI e cita modelo de neg\u00f3cio &#8216;equivocado&#8217;\"}]},{\"@type\":\"WebSite\",\"@id\":\"https:\/\/www.suno.com.br\/noticias\/#website\",\"url\":\"https:\/\/www.suno.com.br\/noticias\/\",\"name\":\"Suno Not\u00edcias\",\"description\":\"Seu portal de informa\u00e7\u00e3o sobre o mundo dos investimentos\",\"publisher\":{\"@id\":\"https:\/\/www.suno.com.br\/noticias\/#organization\"},\"potentialAction\":[{\"@type\":\"SearchAction\",\"target\":{\"@type\":\"EntryPoint\",\"urlTemplate\":\"https:\/\/www.suno.com.br\/noticias\/?s={search_term_string}\"},\"query-input\":{\"@type\":\"PropertyValueSpecification\",\"valueRequired\":true,\"valueName\":\"search_term_string\"}}],\"inLanguage\":\"pt-BR\"},{\"@type\":\"Organization\",\"@id\":\"https:\/\/www.suno.com.br\/noticias\/#organization\",\"name\":\"Suno Not\u00edcias\",\"url\":\"https:\/\/www.suno.com.br\/noticias\/\",\"logo\":{\"@type\":\"ImageObject\",\"inLanguage\":\"pt-BR\",\"@id\":\"https:\/\/www.suno.com.br\/noticias\/#\/schema\/logo\/image\/\",\"url\":\"https:\/\/files.sunoresearch.com.br\/n\/uploads\/2021\/09\/suno-logo.png\",\"contentUrl\":\"https:\/\/files.sunoresearch.com.br\/n\/uploads\/2021\/09\/suno-logo.png\",\"width\":180,\"height\":180,\"caption\":\"Suno Not\u00edcias\"},\"image\":{\"@id\":\"https:\/\/www.suno.com.br\/noticias\/#\/schema\/logo\/image\/\"},\"sameAs\":[\"https:\/\/facebook.com\/sunoresearch\",\"https:\/\/x.com\/sunoresearch\",\"https:\/\/www.instagram.com\/suno\",\"https:\/\/www.linkedin.com\/company\/suno-research\/\",\"https:\/\/www.youtube.com\/c\/sunoresearch\"]},{\"@type\":\"Person\",\"@id\":\"https:\/\/www.suno.com.br\/noticias\/#\/schema\/person\/d0f32748bbca4bee871fa191ee4e2d40\",\"name\":\"Giovanni Porf\u00edrio Jacomino\",\"image\":{\"@type\":\"ImageObject\",\"inLanguage\":\"pt-BR\",\"@id\":\"https:\/\/www.suno.com.br\/noticias\/#\/schema\/person\/image\/\",\"url\":\"https:\/\/secure.gravatar.com\/avatar\/efb32e19b730a121cb7a80f41ffec01a?s=96&r=g\",\"contentUrl\":\"https:\/\/secure.gravatar.com\/avatar\/efb32e19b730a121cb7a80f41ffec01a?s=96&r=g\",\"caption\":\"Giovanni Porf\u00edrio Jacomino\"},\"description\":\"Giovanni Porf\u00edrio Jacomino \u00e9 jornalista formado pela Universidade Estadual de Londrina (UEL) e p\u00f3s-graduado em Produ\u00e7\u00e3o e Pr\u00e1ticas Jornal\u00edsticas na Contemporaneidade na Faculdade C\u00e1sper L\u00edbero (FCL). Foi editor web no Startupi e no Finsiders, atuando ainda como editor no TC Mover, portal de not\u00edcias da TradersClub, fazendo a cobertura de assuntos relacionados ao mercado financeiro interno e externo. Atualmente, \u00e9 Rep\u00f3rter do Suno Not\u00edcias.\",\"url\":\"https:\/\/www.suno.com.br\/noticias\/author\/giovanni-porfiriosuno-com-br\/\"}]}<\/script>\n<!-- \/ Yoast SEO plugin. -->","yoast_head_json":{"title":"123milhas: s\u00f3cio pede desculpas e cita modelo de neg\u00f3cio 'equivocado'","description":"Em depoimento \u00e0 CPI, o s\u00f3cio da 123milhas, Ramiro J\u00falio Soares Madureira, pediu desculpas aos clientes e fornecedores pelo calote nas viagens.","robots":{"index":"index","follow":"follow","max-snippet":"max-snippet:-1","max-image-preview":"max-image-preview:large","max-video-preview":"max-video-preview:-1"},"canonical":"https:\/\/www.suno.com.br\/noticias\/123milhas-cpi-negocio-socio-pede-desculpas-gpj\/","og_locale":"pt_BR","og_type":"article","og_title":"123milhas: s\u00f3cio pede desculpas e cita modelo de neg\u00f3cio 'equivocado'","og_description":"Em depoimento \u00e0 CPI, o s\u00f3cio da 123milhas, Ramiro J\u00falio Soares Madureira, pediu desculpas aos clientes e fornecedores pelo calote nas viagens.","og_url":"https:\/\/www.suno.com.br\/noticias\/123milhas-cpi-negocio-socio-pede-desculpas-gpj\/","og_site_name":"Suno Not\u00edcias","article_publisher":"https:\/\/facebook.com\/sunoresearch","og_image":[{"width":1200,"height":800,"url":"https:\/\/files.sunoresearch.com.br\/n\/uploads\/2023\/08\/123milhas-viagem.jpg","type":"image\/jpeg"}],"author":"Giovanni Porf\u00edrio Jacomino","twitter_card":"summary_large_image","twitter_creator":"@sunoresearch","twitter_site":"@sunoresearch","twitter_misc":{"Escrito por":"Giovanni Porf\u00edrio Jacomino","Est. tempo de leitura":"5 minutos"},"schema":{"@context":"https:\/\/schema.org","@graph":[{"@type":"NewsArticle","@id":"https:\/\/www.suno.com.br\/noticias\/123milhas-cpi-negocio-socio-pede-desculpas-gpj\/#article","isPartOf":{"@id":"https:\/\/www.suno.com.br\/noticias\/123milhas-cpi-negocio-socio-pede-desculpas-gpj\/"},"author":{"name":"Giovanni Porf\u00edrio Jacomino","@id":"https:\/\/www.suno.com.br\/noticias\/#\/schema\/person\/d0f32748bbca4bee871fa191ee4e2d40"},"headline":"123milhas: s\u00f3cio pede desculpas em CPI e cita modelo de neg\u00f3cio &#8216;equivocado&#8217;","datePublished":"2023-09-06T16:07:43+00:00","dateModified":"2023-09-06T16:07:51+00:00","mainEntityOfPage":{"@id":"https:\/\/www.suno.com.br\/noticias\/123milhas-cpi-negocio-socio-pede-desculpas-gpj\/"},"wordCount":856,"publisher":{"@id":"https:\/\/www.suno.com.br\/noticias\/#organization"},"image":{"@id":"https:\/\/www.suno.com.br\/noticias\/123milhas-cpi-negocio-socio-pede-desculpas-gpj\/#primaryimage"},"thumbnailUrl":"https:\/\/files.sunoresearch.com.br\/n\/uploads\/2023\/08\/123milhas-viagem.jpg","keywords":["setor de servi\u00e7os"],"articleSection":["Economia"],"inLanguage":"pt-BR"},{"@type":"WebPage","@id":"https:\/\/www.suno.com.br\/noticias\/123milhas-cpi-negocio-socio-pede-desculpas-gpj\/","url":"https:\/\/www.suno.com.br\/noticias\/123milhas-cpi-negocio-socio-pede-desculpas-gpj\/","name":"123milhas: s\u00f3cio pede desculpas e cita modelo de neg\u00f3cio 'equivocado'","isPartOf":{"@id":"https:\/\/www.suno.com.br\/noticias\/#website"},"primaryImageOfPage":{"@id":"https:\/\/www.suno.com.br\/noticias\/123milhas-cpi-negocio-socio-pede-desculpas-gpj\/#primaryimage"},"image":{"@id":"https:\/\/www.suno.com.br\/noticias\/123milhas-cpi-negocio-socio-pede-desculpas-gpj\/#primaryimage"},"thumbnailUrl":"https:\/\/files.sunoresearch.com.br\/n\/uploads\/2023\/08\/123milhas-viagem.jpg","datePublished":"2023-09-06T16:07:43+00:00","dateModified":"2023-09-06T16:07:51+00:00","description":"Em depoimento \u00e0 CPI, o s\u00f3cio da 123milhas, Ramiro J\u00falio Soares Madureira, pediu desculpas aos clientes e fornecedores pelo calote nas viagens.","breadcrumb":{"@id":"https:\/\/www.suno.com.br\/noticias\/123milhas-cpi-negocio-socio-pede-desculpas-gpj\/#breadcrumb"},"inLanguage":"pt-BR","potentialAction":[{"@type":"ReadAction","target":["https:\/\/www.suno.com.br\/noticias\/123milhas-cpi-negocio-socio-pede-desculpas-gpj\/"]}]},{"@type":"ImageObject","inLanguage":"pt-BR","@id":"https:\/\/www.suno.com.br\/noticias\/123milhas-cpi-negocio-socio-pede-desculpas-gpj\/#primaryimage","url":"https:\/\/files.sunoresearch.com.br\/n\/uploads\/2023\/08\/123milhas-viagem.jpg","contentUrl":"https:\/\/files.sunoresearch.com.br\/n\/uploads\/2023\/08\/123milhas-viagem.jpg","width":1200,"height":800,"caption":"123milhas - Foto: Reprodu\u00e7\u00e3o\/ 123milhas"},{"@type":"BreadcrumbList","@id":"https:\/\/www.suno.com.br\/noticias\/123milhas-cpi-negocio-socio-pede-desculpas-gpj\/#breadcrumb","itemListElement":[{"@type":"ListItem","position":1,"name":"Not\u00edcias","item":"https:\/\/www.suno.com.br\/noticias\/"},{"@type":"ListItem","position":2,"name":"Economia","item":"https:\/\/www.suno.com.br\/noticias\/economia\/"},{"@type":"ListItem","position":3,"name":"123milhas: s\u00f3cio pede desculpas em CPI e cita modelo de neg\u00f3cio &#8216;equivocado&#8217;"}]},{"@type":"WebSite","@id":"https:\/\/www.suno.com.br\/noticias\/#website","url":"https:\/\/www.suno.com.br\/noticias\/","name":"Suno Not\u00edcias","description":"Seu portal de informa\u00e7\u00e3o sobre o mundo dos investimentos","publisher":{"@id":"https:\/\/www.suno.com.br\/noticias\/#organization"},"potentialAction":[{"@type":"SearchAction","target":{"@type":"EntryPoint","urlTemplate":"https:\/\/www.suno.com.br\/noticias\/?s={search_term_string}"},"query-input":{"@type":"PropertyValueSpecification","valueRequired":true,"valueName":"search_term_string"}}],"inLanguage":"pt-BR"},{"@type":"Organization","@id":"https:\/\/www.suno.com.br\/noticias\/#organization","name":"Suno Not\u00edcias","url":"https:\/\/www.suno.com.br\/noticias\/","logo":{"@type":"ImageObject","inLanguage":"pt-BR","@id":"https:\/\/www.suno.com.br\/noticias\/#\/schema\/logo\/image\/","url":"https:\/\/files.sunoresearch.com.br\/n\/uploads\/2021\/09\/suno-logo.png","contentUrl":"https:\/\/files.sunoresearch.com.br\/n\/uploads\/2021\/09\/suno-logo.png","width":180,"height":180,"caption":"Suno Not\u00edcias"},"image":{"@id":"https:\/\/www.suno.com.br\/noticias\/#\/schema\/logo\/image\/"},"sameAs":["https:\/\/facebook.com\/sunoresearch","https:\/\/x.com\/sunoresearch","https:\/\/www.instagram.com\/suno","https:\/\/www.linkedin.com\/company\/suno-research\/","https:\/\/www.youtube.com\/c\/sunoresearch"]},{"@type":"Person","@id":"https:\/\/www.suno.com.br\/noticias\/#\/schema\/person\/d0f32748bbca4bee871fa191ee4e2d40","name":"Giovanni Porf\u00edrio Jacomino","image":{"@type":"ImageObject","inLanguage":"pt-BR","@id":"https:\/\/www.suno.com.br\/noticias\/#\/schema\/person\/image\/","url":"https:\/\/secure.gravatar.com\/avatar\/efb32e19b730a121cb7a80f41ffec01a?s=96&r=g","contentUrl":"https:\/\/secure.gravatar.com\/avatar\/efb32e19b730a121cb7a80f41ffec01a?s=96&r=g","caption":"Giovanni Porf\u00edrio Jacomino"},"description":"Giovanni Porf\u00edrio Jacomino \u00e9 jornalista formado pela Universidade Estadual de Londrina (UEL) e p\u00f3s-graduado em Produ\u00e7\u00e3o e Pr\u00e1ticas Jornal\u00edsticas na Contemporaneidade na Faculdade C\u00e1sper L\u00edbero (FCL). Foi editor web no Startupi e no Finsiders, atuando ainda como editor no TC Mover, portal de not\u00edcias da TradersClub, fazendo a cobertura de assuntos relacionados ao mercado financeiro interno e externo. Atualmente, \u00e9 Rep\u00f3rter do Suno Not\u00edcias.","url":"https:\/\/www.suno.com.br\/noticias\/author\/giovanni-porfiriosuno-com-br\/"}]}},"default_loop_html":"<div class=\"cardsPage__listCard__boxs\"><div class=\"cardsPage__listCard__boxs__img\"><a href=\"https:\/\/www.suno.com.br\/noticias\/123milhas-cpi-negocio-socio-pede-desculpas-gpj\/\"><img class=\"mask\" src=\"https:\/\/www.suno.com.br\/noticias\/wp-content\/themes\/suno\/resources\/images\/spotlight\/spotlight1img\/bg-mask.png\" alt=\"Image Mask\"\/><img src=\"https:\/\/files.sunoresearch.com.br\/n\/uploads\/2023\/08\/123milhas-viagem-400x200.jpg\" alt=\"123milhas: s\u00f3cio pede desculpas em CPI e cita modelo de neg\u00f3cio &#8216;equivocado&#8217;\"\/><\/a><span class=\"spotlightCategory\"><a href=\"https:\/\/www.suno.com.br\/noticias\/economia\/\">Economia<\/a><\/span><\/div><div class=\"cardsPage__listCard__boxs__content\"><a href=\"https:\/\/www.suno.com.br\/noticias\/123milhas-cpi-negocio-socio-pede-desculpas-gpj\/\"><h2 class=\"content__title\">123milhas: s\u00f3cio pede desculpas em CPI e cita modelo de neg\u00f3cio &#8216;equivocado&#8217;<\/h2><\/a><div class=\"newsContent__article__meta\"><div class=\"newsContent__article__meta__authorBox\"><a href=\"https:\/\/www.suno.com.br\/noticias\/author\/redacao-suno\/\" class=\"authorBox__avatar noMobi\"><img src=\"https:\/\/files.sunoresearch.com.br\/n\/uploads\/2020\/08\/0ace682d-redacao-1-150x150.webp\" alt=\"Reda\u00e7\u00e3o Suno Not\u00edcias\"><\/a><div class=\"authorBox__name\"><span>por\n\t\t\t<a href=\"https:\/\/www.suno.com.br\/noticias\/author\/redacao-suno\/\"><span itemprop=\"author\">Reda\u00e7\u00e3o Suno Not\u00edcias<\/span><\/a><\/span><time datetime=\"2023-09-06T13:07:43-03:00\" itemprop=\"datePublished\">06\/09\/2023 13:07<\/time><\/div><\/div><\/div><\/div><\/div>","single_layout":"posts","amp_enabled":true,"_links":{"self":[{"href":"https:\/\/www.suno.com.br\/noticias\/wp-json\/wp\/v2\/posts\/452752"}],"collection":[{"href":"https:\/\/www.suno.com.br\/noticias\/wp-json\/wp\/v2\/posts"}],"about":[{"href":"https:\/\/www.suno.com.br\/noticias\/wp-json\/wp\/v2\/types\/post"}],"author":[{"embeddable":true,"href":"https:\/\/www.suno.com.br\/noticias\/wp-json\/wp\/v2\/users\/313"}],"replies":[{"embeddable":true,"href":"https:\/\/www.suno.com.br\/noticias\/wp-json\/wp\/v2\/comments?post=452752"}],"version-history":[{"count":2,"href":"https:\/\/www.suno.com.br\/noticias\/wp-json\/wp\/v2\/posts\/452752\/revisions"}],"predecessor-version":[{"id":452788,"href":"https:\/\/www.suno.com.br\/noticias\/wp-json\/wp\/v2\/posts\/452752\/revisions\/452788"}],"wp:featuredmedia":[{"embeddable":true,"href":"https:\/\/www.suno.com.br\/noticias\/wp-json\/wp\/v2\/media\/448313"}],"wp:attachment":[{"href":"https:\/\/www.suno.com.br\/noticias\/wp-json\/wp\/v2\/media?parent=452752"}],"wp:term":[{"taxonomy":"category","embeddable":true,"href":"https:\/\/www.suno.com.br\/noticias\/wp-json\/wp\/v2\/categories?post=452752"},{"taxonomy":"post_tag","embeddable":true,"href":"https:\/\/www.suno.com.br\/noticias\/wp-json\/wp\/v2\/tags?post=452752"},{"taxonomy":"suno_strategy","embeddable":true,"href":"https:\/\/www.suno.com.br\/noticias\/wp-json\/wp\/v2\/suno_strategy?post=452752"}],"curies":[{"name":"wp","href":"https:\/\/api.w.org\/{rel}","templated":true}]}}