{"id":45245,"date":"2019-11-21T09:08:58","date_gmt":"2019-11-21T11:08:58","guid":{"rendered":"https:\/\/www.suno.com.br\/noticias\/?p=45245"},"modified":"2021-06-13T23:41:02","modified_gmt":"2021-06-14T02:41:02","slug":"grubisich-braskem-preso-em-ny","status":"publish","type":"post","link":"https:\/\/www.suno.com.br\/noticias\/grubisich-braskem-preso-em-ny\/","title":{"rendered":"Jos\u00e9 Carlos Grubisich, ex-presidente da Braskem, \u00e9 preso em NY"},"content":{"rendered":"<p><strong>Jos\u00e9 Carlos Grubisich<\/strong>, ex-presidente da Braskem (<strong>BRKM6<\/strong>), foi preso na \u00faltima ter\u00e7a (19), no Aeroporto JFK, em Nova Iork, sob acusa\u00e7\u00e3o de comandar um esquema de lavagem de dinheiro, falsifica\u00e7\u00e3o de documentos e pagamento de propinas.<\/p>\t<div class=\"wrapper-featured-image\">\n\t\t<figure class=\"spotlightImg\">\n\n\t\t\t<picture>\n\t\t\t\t<source media=\"(max-width: 768px)\" srcset=\"https:\/\/files.sunoresearch.com.br\/n\/uploads\/2019\/11\/7d43d6ed-jos\u00e9-carlos-grubisich-400x200.webp\">\n\t\t\t\t<img loading=\"lazy\" decoding=\"async\" class=\"newsContent__article__imgCapa lazyloadDisabled newsContent__article__imgCapa--noCaption\" src=\"https:\/\/files.sunoresearch.com.br\/n\/uploads\/2019\/11\/7d43d6ed-jos\u00e9-carlos-grubisich-800x450.webp\" width=\"800\" height=\"450\" alt=\"Jos\u00e9 Carlos Grubisich, ex-presidente da Braskem, \u00e9 preso em NY\" fetchpriority=high \/>\n\t\t\t<\/picture>\n\n\t\t\t<figcaption class=\"wp-caption-text wp-caption-text--hide\">Jos\u00e9 Carlos Grubisich, ex-presidente da Braskem, \u00e9 preso em NY<\/figcaption>\n\t\t<\/figure>\n\t<\/div>\n\n\n\n<p>O ex-executivo da <strong>Braskem<\/strong> foi detido assim que pisou em solo norte-americano, com sua esposa, ap\u00f3s oito meses da conclus\u00e3o das den\u00fancias, segundo o <strong>Departamento de Justi\u00e7a (DoJ) <\/strong>estadunidense.<\/p>\n<p><a href=\"https:\/\/lp.suno.com.br\/black-friday-2019\/?utm_source=noticias&amp;utm_medium=link\">Black Friday Suno \u2013 as melhores an\u00e1lises sobre investimentos com descontos incr\u00edveis! Cadastre-se para ser o primeiro a saber<\/a><\/p>\n<p>Segundo o DoJ, o processo foi mantido em segredo de justi\u00e7a at\u00e9 que Grubisich fosse preso nos <strong>Estados Unidos<\/strong>. Segundo a organiza\u00e7\u00e3o, o brasileiro est\u00e1 envolvido no direcionamento de US$ 250 milh\u00f5es (R$ 1,05 bilh\u00e3o na cota\u00e7\u00e3o atual) para um fundo com o objetivo de financiar atos de corrup\u00e7\u00e3o.<\/p>\n<p>Os detalhes do processo foram divulgados por volta das 18h30 da \u00faltima ter\u00e7a. De acordo com o DoJ, as investiga\u00e7\u00f5es foram iniciadas em 2015 e se referem a transfer\u00eancias ilegais de recursos de 2002 a 2014. Parte das acusa\u00e7\u00f5es envolvem a <strong>Odebrecht<\/strong>.<\/p>\n<p><a href=\"https:\/\/www.suno.com.br\/noticias\/braskem-pesadelo-maceio\/\">Confira: Braskem enfrenta pesadelo de Macei\u00f3 para voltar ao jogo<\/a><\/p>\n<p>A acusa\u00e7\u00e3o salienta que, por mais que Grubusich tenha comandado a <strong>Braskem<\/strong> entre 2002 e 2008, tornou-se membro do <a href=\"https:\/\/www.suno.com.br\/artigos\/conselho-administracao\/\">Conselho de Administra\u00e7\u00e3o<\/a> da companhia at\u00e9 2012. A partir disso, trabalhou por mais dois anos como consultou externo do Grupo Odebrecht.<\/p>\n<h2>Departamento de Justi\u00e7a acusa ex-CEO da Braskem<\/h2>\n<p>Segundo o DoJ, o executivo foi preso pois o risco de fuga \u00e9 alto. <strong>Grubisich<\/strong> \u00e9 brasileiro, e o Brasil n\u00e3o possui acordo de extradi\u00e7\u00e3o de cidad\u00e3os que est\u00e3o sendo investigados em outros pa\u00edses. Em Nova Iork, ele est\u00e1 sendo defendido pelo advogado Daniel Stein, do escrit\u00f3rio Meyer Brown. O escrit\u00f3rio Toron, Torihara e Szafir Advogados, de S\u00e3o Paulo, tamb\u00e9m participa do caso.<\/p>\n\t<p>\n\t\t<a href=\"https:\/\/lp.suno.com.br\/ebook-como-analisar-uma-acao\/\" target=\"_blank\" data-element=\"shortcode-suno-banner\" title=\"Banner SUNO, clique e saiba mais\">\n\t\t\t<picture>\n\t\t\t\t<source media=\"(max-width: 500px)\" srcset=\"https:\/\/files.sunoresearch.com.br\/n\/uploads\/2023\/12\/Ebook-Acoes-Mobile.jpg\">\n\t\t\t\t<img class=\"newsContent__article__imgCapa newsContent__article__imgCapa--banner\"\n\t\t\t\t\tsrc=\"https:\/\/files.sunoresearch.com.br\/n\/uploads\/2023\/12\/Ebook-Acoes-Desktop.webp\"\n\t\t\t\t\tdata-promo-id=\"311260\"\t\t\t\t\t\t\t\t\t\twidth='1420' height='286'\t\t\t\t\talt=\"https:\/\/files.sunoresearch.com.br\/n\/uploads\/2023\/12\/Ebook-Acoes-Desktop.webp\"\n\t\t\t\t>\n\t\t\t<\/picture>\n\t\t<\/a>\n\t<\/p>\n\n\n<p>Segundo o &#8220;O Estado de S.Paulo&#8221;, durante uma audi\u00eancia ocorrida na \u00faltima quarta-feira (20), Grubisich orientou a sua esposa a utilizar seus im\u00f3veis como garantia para uma eventual fian\u00e7a. Al\u00e9m disso, o executivo a pediu que procurasse os advogados dos empres\u00e1rios <strong>Joesley<\/strong> e<strong> Wesley Batista<\/strong>, tamb\u00e9m presentes em casos de corrup\u00e7\u00e3o, para pedir ajuda.<\/p>\n<p>J\u00e1 na ter\u00e7a, o primeiro pedido de soltura sob fian\u00e7a foi negado. Segundo o advogado Alberto Toron, que defende o executivo aqui no Brasil, a pr\u00f3xima delibera\u00e7\u00e3o sobre o processo ser\u00e1 realizada entre esta quinta-feira (21) e a pr\u00f3xima segunda-feira (25).<\/p>\n<p>O advogado afirma ter &#8220;estranhado&#8221; a opera\u00e7\u00e3o nos EUA, uma vez que as acusa\u00e7\u00f5es do DoJ s\u00e3o fundamentadas em fatos ocorridos no Brasil, onde o executivo n\u00e3o responde pelas acusa\u00e7\u00f5es. A justificativa da organiza\u00e7\u00e3o, segundo ele, \u00e9 que foram assinados livros que afetam a regula\u00e7\u00e3o da <a href=\"https:\/\/www.suno.com.br\/artigos\/sec\/\"><strong>Securities and Exchange Comission (SEC)<\/strong><\/a>, o \u00f3rg\u00e3o regulador do mercado financeiro norte-americano.<\/p>\n<p><a href=\"https:\/\/www.suno.com.br\/noticias\/braskem-reduz-metade-previsao-avanco-mercado-resinas-brasil\/\">Saiba mais: Braskem reduz pela metade previs\u00e3o de avan\u00e7o do mercado de resinas<\/a><\/p>\n<p>O DoJ, por meio do documento processual, afirma que, na \u00e9poca em que Grubisich era CEO da petroqu\u00edmica, &#8220;concordou em falsificar parte dos balan\u00e7os e arquivos da Braskem para esconder o esquema de corrup\u00e7\u00e3o, tendo assinado documentos falsos que foram submetidos \u00e0 <strong>SEC<\/strong>&#8220;.<\/p>\n<p>Os detalhes do processo ainda mostram que, com o objetivo de esconder o destino das propinas, o executivo orientou a falsifica\u00e7\u00e3o de balan\u00e7os da <strong>Braskem<\/strong>, registrando os pagamentos de propinas a companhias de fachada controladas pela petroqu\u00edmica como \u201ccomiss\u00f5es\u201d.<\/p>\n","protected":false},"excerpt":{"rendered":"<p>Jos\u00e9 Carlos Grubisich, ex-presidente da Braskem (BRKM6), foi preso na \u00faltima ter\u00e7a (19), no Aeroporto JFK, em Nova Iork, sob acusa\u00e7\u00e3o de comandar um esquema de lavagem de dinheiro, falsifica\u00e7\u00e3o de documentos e pagamento de propinas. Jos\u00e9 Carlos Grubisich, ex-presidente da Braskem, \u00e9 preso em NY O ex-executivo da Braskem foi detido assim que pisou [&hellip;]<\/p>\n","protected":false},"author":24,"featured_media":45251,"comment_status":"closed","ping_status":"closed","sticky":false,"template":"","format":"standard","meta":[],"categories":[64],"tags":[395,793,783],"suno_strategy":[],"class_list":["post-45245","post","type-post","status-publish","format-standard","has-post-thumbnail","hentry","category-negocios","tag-braskem-brkm3-brkm5-brkm6","tag-estados-unidos-eua","tag-odebrecht"],"yoast_head":"<!-- This site is optimized with the Yoast SEO plugin v24.4 - https:\/\/yoast.com\/wordpress\/plugins\/seo\/ -->\n<title>Jos\u00e9 Carlos Grubisich, ex-presidente da Braskem, \u00e9 preso em NY<\/title>\n<meta name=\"description\" content=\"O ex-presidente da Braskem foi preso na \u00faltima ter\u00e7a no Aeroporto JFK, em Nova Iork, sob acusa\u00e7oes do Departamento de Justi\u00e7a. Saiba mais.\" \/>\n<meta name=\"robots\" content=\"index, follow, max-snippet:-1, max-image-preview:large, max-video-preview:-1\" \/>\n<link rel=\"canonical\" href=\"https:\/\/www.suno.com.br\/noticias\/grubisich-braskem-preso-em-ny\/\" \/>\n<meta property=\"og:locale\" content=\"pt_BR\" \/>\n<meta property=\"og:type\" content=\"article\" \/>\n<meta property=\"og:title\" content=\"Jos\u00e9 Carlos Grubisich, ex-presidente da Braskem, \u00e9 preso em NY\" \/>\n<meta property=\"og:description\" content=\"O ex-presidente da Braskem foi preso na \u00faltima ter\u00e7a no Aeroporto JFK, em Nova Iork, sob acusa\u00e7oes do Departamento de Justi\u00e7a. Saiba mais.\" \/>\n<meta property=\"og:url\" content=\"https:\/\/www.suno.com.br\/noticias\/grubisich-braskem-preso-em-ny\/\" \/>\n<meta property=\"og:site_name\" content=\"Suno Not\u00edcias\" \/>\n<meta property=\"article:publisher\" content=\"https:\/\/facebook.com\/sunoresearch\" \/>\n<meta property=\"og:image\" content=\"https:\/\/files.sunoresearch.com.br\/n\/uploads\/2019\/11\/7d43d6ed-jos\u00e9-carlos-grubisich.jpg\" \/>\n\t<meta property=\"og:image:width\" content=\"2400\" \/>\n\t<meta property=\"og:image:height\" content=\"1600\" \/>\n\t<meta property=\"og:image:type\" content=\"image\/jpeg\" \/>\n<meta name=\"author\" content=\"Jader Lazarini\" \/>\n<meta name=\"twitter:card\" content=\"summary_large_image\" \/>\n<meta name=\"twitter:creator\" content=\"@sunoresearch\" \/>\n<meta name=\"twitter:site\" content=\"@sunoresearch\" \/>\n<meta name=\"twitter:label1\" content=\"Escrito por\" \/>\n\t<meta name=\"twitter:data1\" content=\"Jader Lazarini\" \/>\n\t<meta name=\"twitter:label2\" content=\"Est. tempo de leitura\" \/>\n\t<meta name=\"twitter:data2\" content=\"3 minutos\" \/>\n<script type=\"application\/ld+json\" class=\"yoast-schema-graph\">{\"@context\":\"https:\/\/schema.org\",\"@graph\":[{\"@type\":\"NewsArticle\",\"@id\":\"https:\/\/www.suno.com.br\/noticias\/grubisich-braskem-preso-em-ny\/#article\",\"isPartOf\":{\"@id\":\"https:\/\/www.suno.com.br\/noticias\/grubisich-braskem-preso-em-ny\/\"},\"author\":{\"name\":\"Jader Lazarini\",\"@id\":\"https:\/\/www.suno.com.br\/noticias\/#\/schema\/person\/918d79de1f0281f01599b93f9ea6e23f\"},\"headline\":\"Jos\u00e9 Carlos Grubisich, ex-presidente da Braskem, \u00e9 preso em NY\",\"datePublished\":\"2019-11-21T11:08:58+00:00\",\"dateModified\":\"2021-06-14T02:41:02+00:00\",\"mainEntityOfPage\":{\"@id\":\"https:\/\/www.suno.com.br\/noticias\/grubisich-braskem-preso-em-ny\/\"},\"wordCount\":601,\"publisher\":{\"@id\":\"https:\/\/www.suno.com.br\/noticias\/#organization\"},\"image\":{\"@id\":\"https:\/\/www.suno.com.br\/noticias\/grubisich-braskem-preso-em-ny\/#primaryimage\"},\"thumbnailUrl\":\"https:\/\/files.sunoresearch.com.br\/n\/uploads\/2019\/11\/7d43d6ed-jos\u00e9-carlos-grubisich-jpg.webp\",\"keywords\":[\"Braskem (BRKM3\/BRKM5\/BRKM6)\",\"Estados Unidos (EUA)\",\"Odebrecht\"],\"articleSection\":[\"Neg\u00f3cios\"],\"inLanguage\":\"pt-BR\"},{\"@type\":\"WebPage\",\"@id\":\"https:\/\/www.suno.com.br\/noticias\/grubisich-braskem-preso-em-ny\/\",\"url\":\"https:\/\/www.suno.com.br\/noticias\/grubisich-braskem-preso-em-ny\/\",\"name\":\"Jos\u00e9 Carlos Grubisich, ex-presidente da Braskem, \u00e9 preso em NY\",\"isPartOf\":{\"@id\":\"https:\/\/www.suno.com.br\/noticias\/#website\"},\"primaryImageOfPage\":{\"@id\":\"https:\/\/www.suno.com.br\/noticias\/grubisich-braskem-preso-em-ny\/#primaryimage\"},\"image\":{\"@id\":\"https:\/\/www.suno.com.br\/noticias\/grubisich-braskem-preso-em-ny\/#primaryimage\"},\"thumbnailUrl\":\"https:\/\/files.sunoresearch.com.br\/n\/uploads\/2019\/11\/7d43d6ed-jos\u00e9-carlos-grubisich-jpg.webp\",\"datePublished\":\"2019-11-21T11:08:58+00:00\",\"dateModified\":\"2021-06-14T02:41:02+00:00\",\"description\":\"O ex-presidente da Braskem foi preso na \u00faltima ter\u00e7a no Aeroporto JFK, em Nova Iork, sob acusa\u00e7oes do Departamento de Justi\u00e7a. Saiba mais.\",\"breadcrumb\":{\"@id\":\"https:\/\/www.suno.com.br\/noticias\/grubisich-braskem-preso-em-ny\/#breadcrumb\"},\"inLanguage\":\"pt-BR\",\"potentialAction\":[{\"@type\":\"ReadAction\",\"target\":[\"https:\/\/www.suno.com.br\/noticias\/grubisich-braskem-preso-em-ny\/\"]}]},{\"@type\":\"ImageObject\",\"inLanguage\":\"pt-BR\",\"@id\":\"https:\/\/www.suno.com.br\/noticias\/grubisich-braskem-preso-em-ny\/#primaryimage\",\"url\":\"https:\/\/files.sunoresearch.com.br\/n\/uploads\/2019\/11\/7d43d6ed-jos\u00e9-carlos-grubisich-jpg.webp\",\"contentUrl\":\"https:\/\/files.sunoresearch.com.br\/n\/uploads\/2019\/11\/7d43d6ed-jos\u00e9-carlos-grubisich-jpg.webp\",\"width\":2400,\"height\":1600,\"caption\":\"Jos\u00e9 Carlos Grubisich, ex-presidente da Braskem, \u00e9 preso em NY\"},{\"@type\":\"BreadcrumbList\",\"@id\":\"https:\/\/www.suno.com.br\/noticias\/grubisich-braskem-preso-em-ny\/#breadcrumb\",\"itemListElement\":[{\"@type\":\"ListItem\",\"position\":1,\"name\":\"Not\u00edcias\",\"item\":\"https:\/\/www.suno.com.br\/noticias\/\"},{\"@type\":\"ListItem\",\"position\":2,\"name\":\"Neg\u00f3cios\",\"item\":\"https:\/\/www.suno.com.br\/noticias\/negocios\/\"},{\"@type\":\"ListItem\",\"position\":3,\"name\":\"Jos\u00e9 Carlos Grubisich, ex-presidente da Braskem, \u00e9 preso em NY\"}]},{\"@type\":\"WebSite\",\"@id\":\"https:\/\/www.suno.com.br\/noticias\/#website\",\"url\":\"https:\/\/www.suno.com.br\/noticias\/\",\"name\":\"Suno Not\u00edcias\",\"description\":\"Seu portal de informa\u00e7\u00e3o sobre o mundo dos investimentos\",\"publisher\":{\"@id\":\"https:\/\/www.suno.com.br\/noticias\/#organization\"},\"potentialAction\":[{\"@type\":\"SearchAction\",\"target\":{\"@type\":\"EntryPoint\",\"urlTemplate\":\"https:\/\/www.suno.com.br\/noticias\/?s={search_term_string}\"},\"query-input\":{\"@type\":\"PropertyValueSpecification\",\"valueRequired\":true,\"valueName\":\"search_term_string\"}}],\"inLanguage\":\"pt-BR\"},{\"@type\":\"Organization\",\"@id\":\"https:\/\/www.suno.com.br\/noticias\/#organization\",\"name\":\"Suno Not\u00edcias\",\"url\":\"https:\/\/www.suno.com.br\/noticias\/\",\"logo\":{\"@type\":\"ImageObject\",\"inLanguage\":\"pt-BR\",\"@id\":\"https:\/\/www.suno.com.br\/noticias\/#\/schema\/logo\/image\/\",\"url\":\"https:\/\/files.sunoresearch.com.br\/n\/uploads\/2021\/09\/suno-logo.png\",\"contentUrl\":\"https:\/\/files.sunoresearch.com.br\/n\/uploads\/2021\/09\/suno-logo.png\",\"width\":180,\"height\":180,\"caption\":\"Suno Not\u00edcias\"},\"image\":{\"@id\":\"https:\/\/www.suno.com.br\/noticias\/#\/schema\/logo\/image\/\"},\"sameAs\":[\"https:\/\/facebook.com\/sunoresearch\",\"https:\/\/x.com\/sunoresearch\",\"https:\/\/www.instagram.com\/suno\",\"https:\/\/www.linkedin.com\/company\/suno-research\/\",\"https:\/\/www.youtube.com\/c\/sunoresearch\"]},{\"@type\":\"Person\",\"@id\":\"https:\/\/www.suno.com.br\/noticias\/#\/schema\/person\/918d79de1f0281f01599b93f9ea6e23f\",\"name\":\"Jader Lazarini\",\"image\":{\"@type\":\"ImageObject\",\"inLanguage\":\"pt-BR\",\"@id\":\"https:\/\/www.suno.com.br\/noticias\/#\/schema\/person\/image\/\",\"url\":\"https:\/\/secure.gravatar.com\/avatar\/3c1ad8caa51589841baeb923fcddea97?s=96&r=g\",\"contentUrl\":\"https:\/\/secure.gravatar.com\/avatar\/3c1ad8caa51589841baeb923fcddea97?s=96&r=g\",\"caption\":\"Jader Lazarini\"},\"description\":\"Jader Lazarini escreve sobre investimentos, finan\u00e7as, economia e neg\u00f3cios. \u00c9 bacharel em Rela\u00e7\u00f5es Internacionais e analista CNPI (2619).\",\"url\":\"https:\/\/www.suno.com.br\/noticias\/author\/jader-lazarini\/\"}]}<\/script>\n<!-- \/ Yoast SEO plugin. -->","yoast_head_json":{"title":"Jos\u00e9 Carlos Grubisich, ex-presidente da Braskem, \u00e9 preso em NY","description":"O ex-presidente da Braskem foi preso na \u00faltima ter\u00e7a no Aeroporto JFK, em Nova Iork, sob acusa\u00e7oes do Departamento de Justi\u00e7a. Saiba mais.","robots":{"index":"index","follow":"follow","max-snippet":"max-snippet:-1","max-image-preview":"max-image-preview:large","max-video-preview":"max-video-preview:-1"},"canonical":"https:\/\/www.suno.com.br\/noticias\/grubisich-braskem-preso-em-ny\/","og_locale":"pt_BR","og_type":"article","og_title":"Jos\u00e9 Carlos Grubisich, ex-presidente da Braskem, \u00e9 preso em NY","og_description":"O ex-presidente da Braskem foi preso na \u00faltima ter\u00e7a no Aeroporto JFK, em Nova Iork, sob acusa\u00e7oes do Departamento de Justi\u00e7a. Saiba mais.","og_url":"https:\/\/www.suno.com.br\/noticias\/grubisich-braskem-preso-em-ny\/","og_site_name":"Suno Not\u00edcias","article_publisher":"https:\/\/facebook.com\/sunoresearch","og_image":[{"width":2400,"height":1600,"url":"https:\/\/files.sunoresearch.com.br\/n\/uploads\/2019\/11\/7d43d6ed-jos\u00e9-carlos-grubisich.jpg","type":"image\/jpeg"}],"author":"Jader Lazarini","twitter_card":"summary_large_image","twitter_creator":"@sunoresearch","twitter_site":"@sunoresearch","twitter_misc":{"Escrito por":"Jader Lazarini","Est. tempo de leitura":"3 minutos"},"schema":{"@context":"https:\/\/schema.org","@graph":[{"@type":"NewsArticle","@id":"https:\/\/www.suno.com.br\/noticias\/grubisich-braskem-preso-em-ny\/#article","isPartOf":{"@id":"https:\/\/www.suno.com.br\/noticias\/grubisich-braskem-preso-em-ny\/"},"author":{"name":"Jader Lazarini","@id":"https:\/\/www.suno.com.br\/noticias\/#\/schema\/person\/918d79de1f0281f01599b93f9ea6e23f"},"headline":"Jos\u00e9 Carlos Grubisich, ex-presidente da Braskem, \u00e9 preso em NY","datePublished":"2019-11-21T11:08:58+00:00","dateModified":"2021-06-14T02:41:02+00:00","mainEntityOfPage":{"@id":"https:\/\/www.suno.com.br\/noticias\/grubisich-braskem-preso-em-ny\/"},"wordCount":601,"publisher":{"@id":"https:\/\/www.suno.com.br\/noticias\/#organization"},"image":{"@id":"https:\/\/www.suno.com.br\/noticias\/grubisich-braskem-preso-em-ny\/#primaryimage"},"thumbnailUrl":"https:\/\/files.sunoresearch.com.br\/n\/uploads\/2019\/11\/7d43d6ed-jos\u00e9-carlos-grubisich-jpg.webp","keywords":["Braskem (BRKM3\/BRKM5\/BRKM6)","Estados Unidos (EUA)","Odebrecht"],"articleSection":["Neg\u00f3cios"],"inLanguage":"pt-BR"},{"@type":"WebPage","@id":"https:\/\/www.suno.com.br\/noticias\/grubisich-braskem-preso-em-ny\/","url":"https:\/\/www.suno.com.br\/noticias\/grubisich-braskem-preso-em-ny\/","name":"Jos\u00e9 Carlos Grubisich, ex-presidente da Braskem, \u00e9 preso em NY","isPartOf":{"@id":"https:\/\/www.suno.com.br\/noticias\/#website"},"primaryImageOfPage":{"@id":"https:\/\/www.suno.com.br\/noticias\/grubisich-braskem-preso-em-ny\/#primaryimage"},"image":{"@id":"https:\/\/www.suno.com.br\/noticias\/grubisich-braskem-preso-em-ny\/#primaryimage"},"thumbnailUrl":"https:\/\/files.sunoresearch.com.br\/n\/uploads\/2019\/11\/7d43d6ed-jos\u00e9-carlos-grubisich-jpg.webp","datePublished":"2019-11-21T11:08:58+00:00","dateModified":"2021-06-14T02:41:02+00:00","description":"O ex-presidente da Braskem foi preso na \u00faltima ter\u00e7a no Aeroporto JFK, em Nova Iork, sob acusa\u00e7oes do Departamento de Justi\u00e7a. Saiba mais.","breadcrumb":{"@id":"https:\/\/www.suno.com.br\/noticias\/grubisich-braskem-preso-em-ny\/#breadcrumb"},"inLanguage":"pt-BR","potentialAction":[{"@type":"ReadAction","target":["https:\/\/www.suno.com.br\/noticias\/grubisich-braskem-preso-em-ny\/"]}]},{"@type":"ImageObject","inLanguage":"pt-BR","@id":"https:\/\/www.suno.com.br\/noticias\/grubisich-braskem-preso-em-ny\/#primaryimage","url":"https:\/\/files.sunoresearch.com.br\/n\/uploads\/2019\/11\/7d43d6ed-jos\u00e9-carlos-grubisich-jpg.webp","contentUrl":"https:\/\/files.sunoresearch.com.br\/n\/uploads\/2019\/11\/7d43d6ed-jos\u00e9-carlos-grubisich-jpg.webp","width":2400,"height":1600,"caption":"Jos\u00e9 Carlos Grubisich, ex-presidente da Braskem, \u00e9 preso em NY"},{"@type":"BreadcrumbList","@id":"https:\/\/www.suno.com.br\/noticias\/grubisich-braskem-preso-em-ny\/#breadcrumb","itemListElement":[{"@type":"ListItem","position":1,"name":"Not\u00edcias","item":"https:\/\/www.suno.com.br\/noticias\/"},{"@type":"ListItem","position":2,"name":"Neg\u00f3cios","item":"https:\/\/www.suno.com.br\/noticias\/negocios\/"},{"@type":"ListItem","position":3,"name":"Jos\u00e9 Carlos Grubisich, ex-presidente da Braskem, \u00e9 preso em NY"}]},{"@type":"WebSite","@id":"https:\/\/www.suno.com.br\/noticias\/#website","url":"https:\/\/www.suno.com.br\/noticias\/","name":"Suno Not\u00edcias","description":"Seu portal de informa\u00e7\u00e3o sobre o mundo dos investimentos","publisher":{"@id":"https:\/\/www.suno.com.br\/noticias\/#organization"},"potentialAction":[{"@type":"SearchAction","target":{"@type":"EntryPoint","urlTemplate":"https:\/\/www.suno.com.br\/noticias\/?s={search_term_string}"},"query-input":{"@type":"PropertyValueSpecification","valueRequired":true,"valueName":"search_term_string"}}],"inLanguage":"pt-BR"},{"@type":"Organization","@id":"https:\/\/www.suno.com.br\/noticias\/#organization","name":"Suno Not\u00edcias","url":"https:\/\/www.suno.com.br\/noticias\/","logo":{"@type":"ImageObject","inLanguage":"pt-BR","@id":"https:\/\/www.suno.com.br\/noticias\/#\/schema\/logo\/image\/","url":"https:\/\/files.sunoresearch.com.br\/n\/uploads\/2021\/09\/suno-logo.png","contentUrl":"https:\/\/files.sunoresearch.com.br\/n\/uploads\/2021\/09\/suno-logo.png","width":180,"height":180,"caption":"Suno Not\u00edcias"},"image":{"@id":"https:\/\/www.suno.com.br\/noticias\/#\/schema\/logo\/image\/"},"sameAs":["https:\/\/facebook.com\/sunoresearch","https:\/\/x.com\/sunoresearch","https:\/\/www.instagram.com\/suno","https:\/\/www.linkedin.com\/company\/suno-research\/","https:\/\/www.youtube.com\/c\/sunoresearch"]},{"@type":"Person","@id":"https:\/\/www.suno.com.br\/noticias\/#\/schema\/person\/918d79de1f0281f01599b93f9ea6e23f","name":"Jader Lazarini","image":{"@type":"ImageObject","inLanguage":"pt-BR","@id":"https:\/\/www.suno.com.br\/noticias\/#\/schema\/person\/image\/","url":"https:\/\/secure.gravatar.com\/avatar\/3c1ad8caa51589841baeb923fcddea97?s=96&r=g","contentUrl":"https:\/\/secure.gravatar.com\/avatar\/3c1ad8caa51589841baeb923fcddea97?s=96&r=g","caption":"Jader Lazarini"},"description":"Jader Lazarini escreve sobre investimentos, finan\u00e7as, economia e neg\u00f3cios. \u00c9 bacharel em Rela\u00e7\u00f5es Internacionais e analista CNPI (2619).","url":"https:\/\/www.suno.com.br\/noticias\/author\/jader-lazarini\/"}]}},"default_loop_html":"<div class=\"cardsPage__listCard__boxs\"><div class=\"cardsPage__listCard__boxs__img\"><a href=\"https:\/\/www.suno.com.br\/noticias\/grubisich-braskem-preso-em-ny\/\"><img class=\"mask\" src=\"https:\/\/www.suno.com.br\/noticias\/wp-content\/themes\/suno\/resources\/images\/spotlight\/spotlight1img\/bg-mask.png\" alt=\"Image Mask\"\/><img src=\"https:\/\/files.sunoresearch.com.br\/n\/uploads\/2019\/11\/7d43d6ed-jos\u00e9-carlos-grubisich-400x200.webp\" alt=\"Jos\u00e9 Carlos Grubisich, ex-presidente da Braskem, \u00e9 preso em NY\"\/><\/a><span class=\"spotlightCategory\"><a href=\"https:\/\/www.suno.com.br\/noticias\/negocios\/\">Neg\u00f3cios<\/a><\/span><\/div><div class=\"cardsPage__listCard__boxs__content\"><a href=\"https:\/\/www.suno.com.br\/noticias\/grubisich-braskem-preso-em-ny\/\"><h2 class=\"content__title\">Jos\u00e9 Carlos Grubisich, ex-presidente da Braskem, \u00e9 preso em NY<\/h2><\/a><div class=\"newsContent__article__meta\"><div class=\"newsContent__article__meta__authorBox\"><a href=\"https:\/\/www.suno.com.br\/noticias\/author\/jader-lazarini\/\" class=\"authorBox__avatar noMobi\"><img src=\"https:\/\/files.sunoresearch.com.br\/n\/uploads\/2021\/01\/178e6598-foto-perfil-2-150x150.jpg\" alt=\"Jader Lazarini\"><\/a><div class=\"authorBox__name\"><span>por\n\t\t\t<a href=\"https:\/\/www.suno.com.br\/noticias\/author\/jader-lazarini\/\"><span itemprop=\"author\">Jader Lazarini<\/span><\/a><\/span><time datetime=\"2019-11-21T09:08:58-03:00\" itemprop=\"datePublished\">21\/11\/2019 09:08<\/time><\/div><\/div><\/div><\/div><\/div>","single_layout":"posts","amp_enabled":true,"_links":{"self":[{"href":"https:\/\/www.suno.com.br\/noticias\/wp-json\/wp\/v2\/posts\/45245"}],"collection":[{"href":"https:\/\/www.suno.com.br\/noticias\/wp-json\/wp\/v2\/posts"}],"about":[{"href":"https:\/\/www.suno.com.br\/noticias\/wp-json\/wp\/v2\/types\/post"}],"author":[{"embeddable":true,"href":"https:\/\/www.suno.com.br\/noticias\/wp-json\/wp\/v2\/users\/24"}],"replies":[{"embeddable":true,"href":"https:\/\/www.suno.com.br\/noticias\/wp-json\/wp\/v2\/comments?post=45245"}],"version-history":[{"count":1,"href":"https:\/\/www.suno.com.br\/noticias\/wp-json\/wp\/v2\/posts\/45245\/revisions"}],"predecessor-version":[{"id":157246,"href":"https:\/\/www.suno.com.br\/noticias\/wp-json\/wp\/v2\/posts\/45245\/revisions\/157246"}],"wp:featuredmedia":[{"embeddable":true,"href":"https:\/\/www.suno.com.br\/noticias\/wp-json\/wp\/v2\/media\/45251"}],"wp:attachment":[{"href":"https:\/\/www.suno.com.br\/noticias\/wp-json\/wp\/v2\/media?parent=45245"}],"wp:term":[{"taxonomy":"category","embeddable":true,"href":"https:\/\/www.suno.com.br\/noticias\/wp-json\/wp\/v2\/categories?post=45245"},{"taxonomy":"post_tag","embeddable":true,"href":"https:\/\/www.suno.com.br\/noticias\/wp-json\/wp\/v2\/tags?post=45245"},{"taxonomy":"suno_strategy","embeddable":true,"href":"https:\/\/www.suno.com.br\/noticias\/wp-json\/wp\/v2\/suno_strategy?post=45245"}],"curies":[{"name":"wp","href":"https:\/\/api.w.org\/{rel}","templated":true}]}}