{"id":452421,"date":"2023-09-05T19:29:47","date_gmt":"2023-09-05T22:29:47","guid":{"rendered":"https:\/\/www.suno.com.br\/noticias\/?p=452421"},"modified":"2023-09-05T19:56:32","modified_gmt":"2023-09-05T22:56:32","slug":"light-ligt3-desiste-recuperacao-judicial-jvj","status":"publish","type":"post","link":"https:\/\/www.suno.com.br\/noticias\/light-ligt3-desiste-recuperacao-judicial-jvj\/","title":{"rendered":"Light (LIGT3) desiste de recupera\u00e7\u00e3o judicial, diz jornal"},"content":{"rendered":"<p>O <a class=\"suno-keyword\" data-force=\"no\" data-priority=\"1\" href=\"https:\/\/www.suno.com.br\/artigos\/conselho-administracao\/\" target=\"_blank\" rel=\"noopener\">conselho de administra\u00e7\u00e3o<\/a> da<strong> <a class=\"suno-keyword\" data-force=\"yes\" data-priority=\"2\" href=\"https:\/\/www.suno.com.br\/acoes\/LIGT3\/\" target=\"_blank\" rel=\"noopener\">Light<\/a><\/strong><a class=\"suno-keyword\" data-force=\"yes\" data-priority=\"2\" href=\"https:\/\/www.suno.com.br\/acoes\/LIGT3\/\" target=\"_blank\" rel=\"noopener\"> (LIGT3)<\/a> desistiu do seu pedido de recupera\u00e7\u00e3o judicial, informa a coluna de Lauro Jardim, no jornal O Globo, not\u00edcia confirmada pela Folha de S. Paulo nesta ter\u00e7a-feira (5).<\/p>\t<div class=\"wrapper-featured-image\">\n\t\t<figure class=\"spotlightImg\">\n\n\t\t\t<picture>\n\t\t\t\t<source media=\"(max-width: 768px)\" srcset=\"https:\/\/files.sunoresearch.com.br\/n\/uploads\/2023\/02\/light-LIGT3-1-400x200.jpg\">\n\t\t\t\t<img loading=\"lazy\" decoding=\"async\" class=\"newsContent__article__imgCapa lazyloadDisabled \" src=\"https:\/\/files.sunoresearch.com.br\/n\/uploads\/2023\/02\/light-LIGT3-1-800x450.jpg\" width=\"800\" height=\"450\" alt=\"Light (LIGT3) desiste de recupera\u00e7\u00e3o judicial, diz jornal\" fetchpriority=high \/>\n\t\t\t<\/picture>\n\n\t\t\t<figcaption class=\"wp-caption-text wp-caption-text--show\">Light (LIGT3). Foto: Divulga\u00e7\u00e3o.<\/figcaption>\n\t\t<\/figure>\n\t<\/div>\n\n\n\n\n\n\t<p>\n\t\t<a href=\"https:\/\/lp2.suno.com.br\/cl\/black-friday-2025\/?utm_campaign=_SNCDF0E4858_\" target=\"_blank\" data-element=\"shortcode-suno-banner\" title=\"Banner SUNO, clique e saiba mais\">\n\t\t\t<picture>\n\t\t\t\t<source media=\"(max-width: 500px)\" srcset=\"https:\/\/files.sunoresearch.com.br\/n\/uploads\/2025\/10\/Artigos-e-Noticias-Banner-Home-artigos-01-Mobile_-400x300-1-png.webp\">\n\t\t\t\t<img class=\"newsContent__article__imgCapa newsContent__article__imgCapa--banner\"\n\t\t\t\t\tsrc=\"https:\/\/files.sunoresearch.com.br\/n\/uploads\/2025\/10\/Artigos-e-Noticias-Banner-Home-artigos-01-Desktop_-1420x240-1-png.webp\"\n\t\t\t\t\tdata-promo-id=\"311259\"\t\t\t\t\t\t\t\t\t\twidth='1420' height='240'\t\t\t\t\talt=\"https:\/\/files.sunoresearch.com.br\/n\/uploads\/2025\/10\/Artigos-e-Noticias-Banner-Home-artigos-01-Desktop_-1420x240-1-png.webp\"\n\t\t\t\t>\n\t\t\t<\/picture>\n\t\t<\/a>\n\t<\/p>\n\n\n\n\n\n<p>O pedido de recupera\u00e7\u00e3o judicial foi realizado em maio de 2023 e enviado para a 3\u00aa Vara Empresarial do Rio de Janeiro. A <strong>d\u00edvida da Light<\/strong> atualmente est\u00e1 na casa dos R$ 11 bilh\u00f5es.<\/p>\n\n\n\n<p>A Light ainda n\u00e3o divulgou oficialmente a <strong>suspens\u00e3o do pedido<\/strong>. A partir do momento em que a empresa anunciar a desist\u00eancia de maneira formal, ela vai passar a realizar a negocia\u00e7\u00e3o desses valores de forma direta com seus credores.<\/p>\n\n\n\t<div data-element=\"shortcode-read-more\" class=\"knowMore\">\n\t\t\t\t<span class=\"knowMore__title\">Leia mais<\/span>\n\t\t\t\t<a class=\"knowMore__link\" href=\"https:\/\/www.suno.com.br\/noticias\/genial-carteiras-ibovespa-dividendos-vale-vale3-engie-egie3-va\/\">\n\t\t\tGenial muda carteiras do Ibovespa e de dividendos, mas mant\u00e9m Vale (VALE3) e Engie (EGIE3); veja recomenda\u00e7\u00f5es\t\t<\/a>\n\t<\/div>\n\n\n\n\n<p>O pedido de <strong>recupera\u00e7\u00e3o judicial da Light<\/strong> foi aceito pela Justi\u00e7a ap\u00f3s 48 horas da solicita\u00e7\u00e3o. Foi contestado por credores, uma vez que a legisla\u00e7\u00e3o n\u00e3o permite que concession\u00e1rias de servi\u00e7o p\u00fablico possam fazer essa solicita\u00e7\u00e3o para sanar suas d\u00edvidas.<\/p>\n\n\n\n<h2 class=\"wp-block-heading\">Pedido de recupera\u00e7\u00e3o judicial <\/h2>\n\n\n\n<p>Em julho de 2023, a Light apresentou seu novo <a class=\"suno-keyword\" target=\"_blank\" data-force=\"no\" data-priority=\"1\" href=\"https:\/\/www.suno.com.br\/artigos\/plano-de-recuperacao\/\" rel=\"noopener\">plano de recupera\u00e7\u00e3o judicial<\/a>. Na ocasi\u00e3o, a empresa explicou os principais pontos do plano, por meio de <a class=\"suno-keyword\" target=\"_blank\" data-force=\"no\" data-priority=\"1\" href=\"https:\/\/www.suno.com.br\/artigos\/fato-relevante\/\" rel=\"noopener\">fato relevante<\/a> divulgado ao mercado.<\/p>\n\n\n\n<p>\u201cO plano estabelece os termos e condi\u00e7\u00f5es propostos relativamente \u00e0s principais medidas que poder\u00e3o ser adotadas visando a supera\u00e7\u00e3o da atual situa\u00e7\u00e3o econ\u00f4mico-financeira da companhia e seus eventuais reflexos em algumas de suas subsidi\u00e1rias, a manuten\u00e7\u00e3o dos servi\u00e7os prestados no \u00e2mbito das concess\u00f5es de titularidade do <strong>Grupo Light<\/strong>, a continuidade de suas atividades, a preserva\u00e7\u00e3o de valor e a promo\u00e7\u00e3o de sua fun\u00e7\u00e3o social\u201d, disse a empresa, em fato relevante.<\/p>\n\n\n\n<p>A companhia havia proposto quatro alternativas de recupera\u00e7\u00e3o total de cr\u00e9ditos, assim como 2 com desconto de at\u00e9 60%, totalizando seis op\u00e7\u00f5es de pagamento.<\/p>\n\n\n\n<p>Uma das op\u00e7\u00f5es previa o recebimento \u00e0 vista de cr\u00e9ditos no valor de at\u00e9 R$ 10.000,00 por credor que detinha t\u00edtulos de d\u00edvida, principalmente os debenturistas. Ou seja, seria uma medida voltada a cerca de 25 mil investidores <a class=\"suno-keyword\" data-force=\"no\" data-priority=\"2\" href=\"https:\/\/www.suno.com.br\/artigos\/pessoa-fisica\/\" target=\"_blank\" rel=\"noopener\">pessoas f\u00edsicas<\/a> que adquiriram deb\u00eantures da Light.<\/p>\n\n\n\n<p>Al\u00e9m disso, a Light tamb\u00e9m trouxe a possibilidade de capitaliza\u00e7\u00e3o de cr\u00e9ditos quirograf\u00e1rios dos credores, de modo que estes receberiam <strong>a\u00e7\u00f5es da Light<\/strong> que ainda seriam emitidas.<\/p>\n\n\n\n<p>De qualquer modo, a <strong>Light<\/strong> teria desistido do processo de recupera\u00e7\u00e3o judicial, conforme apontaram as fontes pr\u00f3ximas ao assunto.<\/p>\n\n\n\t<p>\n\t\t<a href=\"https:\/\/lp.suno.com.br\/ebook-como-analisar-uma-acao\/\" target=\"_blank\" data-element=\"shortcode-suno-banner\" title=\"Banner SUNO, clique e saiba mais\">\n\t\t\t<picture>\n\t\t\t\t<source media=\"(max-width: 500px)\" srcset=\"https:\/\/files.sunoresearch.com.br\/n\/uploads\/2023\/12\/Ebook-Acoes-Mobile.jpg\">\n\t\t\t\t<img class=\"newsContent__article__imgCapa newsContent__article__imgCapa--banner\"\n\t\t\t\t\tsrc=\"https:\/\/files.sunoresearch.com.br\/n\/uploads\/2023\/12\/Ebook-Acoes-Desktop.webp\"\n\t\t\t\t\tdata-promo-id=\"311260\"\t\t\t\t\t\t\t\t\t\twidth='1420' height='286'\t\t\t\t\talt=\"https:\/\/files.sunoresearch.com.br\/n\/uploads\/2023\/12\/Ebook-Acoes-Desktop.webp\"\n\t\t\t\t>\n\t\t\t<\/picture>\n\t\t<\/a>\n\t<\/p>\n\n\n","protected":false},"excerpt":{"rendered":"<p>O conselho de administra\u00e7\u00e3o da Light (LIGT3) desistiu do seu pedido de recupera\u00e7\u00e3o judicial, informa a coluna de Lauro Jardim, no jornal O Globo, not\u00edcia confirmada pela Folha de S. Paulo nesta ter\u00e7a-feira (5). Light (LIGT3). Foto: Divulga\u00e7\u00e3o. O pedido de recupera\u00e7\u00e3o judicial foi realizado em maio de 2023 e enviado para a 3\u00aa Vara [&hellip;]<\/p>\n","protected":false},"author":173,"featured_media":360141,"comment_status":"closed","ping_status":"closed","sticky":false,"template":"","format":"standard","meta":[],"categories":[64],"tags":[41531,314],"suno_strategy":[],"class_list":["post-452421","post","type-post","status-publish","format-standard","has-post-thumbnail","hentry","category-negocios","tag-light-ligt3","tag-recuperacao-judicial"],"yoast_head":"<!-- This site is optimized with the Yoast SEO plugin v24.4 - https:\/\/yoast.com\/wordpress\/plugins\/seo\/ -->\n<title>Light (LIGT3) desiste de recupera\u00e7\u00e3o judicial, diz jornal; e agora?<\/title>\n<meta name=\"description\" content=\"A Light (LIGT3) desistiu de sua recupera\u00e7\u00e3o judicial, diz O Globo. Confira detalhes da recupera\u00e7\u00e3o judicial da Light.\" \/>\n<meta name=\"robots\" content=\"index, follow, max-snippet:-1, max-image-preview:large, max-video-preview:-1\" \/>\n<link rel=\"canonical\" href=\"https:\/\/www.suno.com.br\/noticias\/light-ligt3-desiste-recuperacao-judicial-jvj\/\" \/>\n<meta property=\"og:locale\" content=\"pt_BR\" \/>\n<meta property=\"og:type\" content=\"article\" \/>\n<meta property=\"og:title\" content=\"Light (LIGT3) desiste de recupera\u00e7\u00e3o judicial, diz jornal; e agora?\" \/>\n<meta property=\"og:description\" content=\"A Light (LIGT3) desistiu de sua recupera\u00e7\u00e3o judicial, diz O Globo. Confira detalhes da recupera\u00e7\u00e3o judicial da Light.\" \/>\n<meta property=\"og:url\" content=\"https:\/\/www.suno.com.br\/noticias\/light-ligt3-desiste-recuperacao-judicial-jvj\/\" \/>\n<meta property=\"og:site_name\" content=\"Suno Not\u00edcias\" \/>\n<meta property=\"article:publisher\" content=\"https:\/\/facebook.com\/sunoresearch\" \/>\n<meta property=\"og:image\" content=\"https:\/\/files.sunoresearch.com.br\/n\/uploads\/2023\/02\/light-LIGT3-1.jpg\" \/>\n\t<meta property=\"og:image:width\" content=\"1200\" \/>\n\t<meta property=\"og:image:height\" content=\"900\" \/>\n\t<meta property=\"og:image:type\" content=\"image\/jpeg\" \/>\n<meta name=\"author\" content=\"Jo\u00e3o Vitor\" \/>\n<meta name=\"twitter:card\" content=\"summary_large_image\" \/>\n<meta name=\"twitter:creator\" content=\"@sunoresearch\" \/>\n<meta name=\"twitter:site\" content=\"@sunoresearch\" \/>\n<meta name=\"twitter:label1\" content=\"Escrito por\" \/>\n\t<meta name=\"twitter:data1\" content=\"Jo\u00e3o Vitor\" \/>\n\t<meta name=\"twitter:label2\" content=\"Est. tempo de leitura\" \/>\n\t<meta name=\"twitter:data2\" content=\"3 minutos\" \/>\n<script type=\"application\/ld+json\" class=\"yoast-schema-graph\">{\"@context\":\"https:\/\/schema.org\",\"@graph\":[{\"@type\":\"NewsArticle\",\"@id\":\"https:\/\/www.suno.com.br\/noticias\/light-ligt3-desiste-recuperacao-judicial-jvj\/#article\",\"isPartOf\":{\"@id\":\"https:\/\/www.suno.com.br\/noticias\/light-ligt3-desiste-recuperacao-judicial-jvj\/\"},\"author\":{\"name\":\"Jo\u00e3o Vitor\",\"@id\":\"https:\/\/www.suno.com.br\/noticias\/#\/schema\/person\/87fc6973867c52dd884811905c43afba\"},\"headline\":\"Light (LIGT3) desiste de recupera\u00e7\u00e3o judicial, diz jornal\",\"datePublished\":\"2023-09-05T22:29:47+00:00\",\"dateModified\":\"2023-09-05T22:56:32+00:00\",\"mainEntityOfPage\":{\"@id\":\"https:\/\/www.suno.com.br\/noticias\/light-ligt3-desiste-recuperacao-judicial-jvj\/\"},\"wordCount\":425,\"publisher\":{\"@id\":\"https:\/\/www.suno.com.br\/noticias\/#organization\"},\"image\":{\"@id\":\"https:\/\/www.suno.com.br\/noticias\/light-ligt3-desiste-recuperacao-judicial-jvj\/#primaryimage\"},\"thumbnailUrl\":\"https:\/\/files.sunoresearch.com.br\/n\/uploads\/2023\/02\/light-LIGT3-1.jpg\",\"keywords\":[\"Light (LIGT3)\",\"recupera\u00e7\u00e3o judicial\"],\"articleSection\":[\"Neg\u00f3cios\"],\"inLanguage\":\"pt-BR\"},{\"@type\":\"WebPage\",\"@id\":\"https:\/\/www.suno.com.br\/noticias\/light-ligt3-desiste-recuperacao-judicial-jvj\/\",\"url\":\"https:\/\/www.suno.com.br\/noticias\/light-ligt3-desiste-recuperacao-judicial-jvj\/\",\"name\":\"Light (LIGT3) desiste de recupera\u00e7\u00e3o judicial, diz jornal; e agora?\",\"isPartOf\":{\"@id\":\"https:\/\/www.suno.com.br\/noticias\/#website\"},\"primaryImageOfPage\":{\"@id\":\"https:\/\/www.suno.com.br\/noticias\/light-ligt3-desiste-recuperacao-judicial-jvj\/#primaryimage\"},\"image\":{\"@id\":\"https:\/\/www.suno.com.br\/noticias\/light-ligt3-desiste-recuperacao-judicial-jvj\/#primaryimage\"},\"thumbnailUrl\":\"https:\/\/files.sunoresearch.com.br\/n\/uploads\/2023\/02\/light-LIGT3-1.jpg\",\"datePublished\":\"2023-09-05T22:29:47+00:00\",\"dateModified\":\"2023-09-05T22:56:32+00:00\",\"description\":\"A Light (LIGT3) desistiu de sua recupera\u00e7\u00e3o judicial, diz O Globo. Confira detalhes da recupera\u00e7\u00e3o judicial da Light.\",\"breadcrumb\":{\"@id\":\"https:\/\/www.suno.com.br\/noticias\/light-ligt3-desiste-recuperacao-judicial-jvj\/#breadcrumb\"},\"inLanguage\":\"pt-BR\",\"potentialAction\":[{\"@type\":\"ReadAction\",\"target\":[\"https:\/\/www.suno.com.br\/noticias\/light-ligt3-desiste-recuperacao-judicial-jvj\/\"]}]},{\"@type\":\"ImageObject\",\"inLanguage\":\"pt-BR\",\"@id\":\"https:\/\/www.suno.com.br\/noticias\/light-ligt3-desiste-recuperacao-judicial-jvj\/#primaryimage\",\"url\":\"https:\/\/files.sunoresearch.com.br\/n\/uploads\/2023\/02\/light-LIGT3-1.jpg\",\"contentUrl\":\"https:\/\/files.sunoresearch.com.br\/n\/uploads\/2023\/02\/light-LIGT3-1.jpg\",\"width\":1200,\"height\":900,\"caption\":\"Light (LIGT3). Foto: Divulga\u00e7\u00e3o.\"},{\"@type\":\"BreadcrumbList\",\"@id\":\"https:\/\/www.suno.com.br\/noticias\/light-ligt3-desiste-recuperacao-judicial-jvj\/#breadcrumb\",\"itemListElement\":[{\"@type\":\"ListItem\",\"position\":1,\"name\":\"Not\u00edcias\",\"item\":\"https:\/\/www.suno.com.br\/noticias\/\"},{\"@type\":\"ListItem\",\"position\":2,\"name\":\"Neg\u00f3cios\",\"item\":\"https:\/\/www.suno.com.br\/noticias\/negocios\/\"},{\"@type\":\"ListItem\",\"position\":3,\"name\":\"Light (LIGT3) desiste de recupera\u00e7\u00e3o judicial, diz jornal\"}]},{\"@type\":\"WebSite\",\"@id\":\"https:\/\/www.suno.com.br\/noticias\/#website\",\"url\":\"https:\/\/www.suno.com.br\/noticias\/\",\"name\":\"Suno Not\u00edcias\",\"description\":\"Seu portal de informa\u00e7\u00e3o sobre o mundo dos investimentos\",\"publisher\":{\"@id\":\"https:\/\/www.suno.com.br\/noticias\/#organization\"},\"potentialAction\":[{\"@type\":\"SearchAction\",\"target\":{\"@type\":\"EntryPoint\",\"urlTemplate\":\"https:\/\/www.suno.com.br\/noticias\/?s={search_term_string}\"},\"query-input\":{\"@type\":\"PropertyValueSpecification\",\"valueRequired\":true,\"valueName\":\"search_term_string\"}}],\"inLanguage\":\"pt-BR\"},{\"@type\":\"Organization\",\"@id\":\"https:\/\/www.suno.com.br\/noticias\/#organization\",\"name\":\"Suno Not\u00edcias\",\"url\":\"https:\/\/www.suno.com.br\/noticias\/\",\"logo\":{\"@type\":\"ImageObject\",\"inLanguage\":\"pt-BR\",\"@id\":\"https:\/\/www.suno.com.br\/noticias\/#\/schema\/logo\/image\/\",\"url\":\"https:\/\/files.sunoresearch.com.br\/n\/uploads\/2021\/09\/suno-logo.png\",\"contentUrl\":\"https:\/\/files.sunoresearch.com.br\/n\/uploads\/2021\/09\/suno-logo.png\",\"width\":180,\"height\":180,\"caption\":\"Suno Not\u00edcias\"},\"image\":{\"@id\":\"https:\/\/www.suno.com.br\/noticias\/#\/schema\/logo\/image\/\"},\"sameAs\":[\"https:\/\/facebook.com\/sunoresearch\",\"https:\/\/x.com\/sunoresearch\",\"https:\/\/www.instagram.com\/suno\",\"https:\/\/www.linkedin.com\/company\/suno-research\/\",\"https:\/\/www.youtube.com\/c\/sunoresearch\"]},{\"@type\":\"Person\",\"@id\":\"https:\/\/www.suno.com.br\/noticias\/#\/schema\/person\/87fc6973867c52dd884811905c43afba\",\"name\":\"Jo\u00e3o Vitor\",\"image\":{\"@type\":\"ImageObject\",\"inLanguage\":\"pt-BR\",\"@id\":\"https:\/\/www.suno.com.br\/noticias\/#\/schema\/person\/image\/\",\"url\":\"https:\/\/secure.gravatar.com\/avatar\/2843227ca03ccf8cc7ccca45204c127e?s=96&r=g\",\"contentUrl\":\"https:\/\/secure.gravatar.com\/avatar\/2843227ca03ccf8cc7ccca45204c127e?s=96&r=g\",\"caption\":\"Jo\u00e3o Vitor\"},\"description\":\"Redator profissional, com atua\u00e7\u00e3o no mercado editorial na produ\u00e7\u00e3o de not\u00edcias e conte\u00fados sobre o mercado de a\u00e7\u00f5es, fundos imobili\u00e1rios e economia popular. Graduando em Engenharia Qu\u00edmica pela Unesp, tamb\u00e9m j\u00e1 atuou como consultor financeiro.\",\"url\":\"https:\/\/www.suno.com.br\/noticias\/author\/joao-vitor-jacintho\/\"}]}<\/script>\n<!-- \/ Yoast SEO plugin. -->","yoast_head_json":{"title":"Light (LIGT3) desiste de recupera\u00e7\u00e3o judicial, diz jornal; e agora?","description":"A Light (LIGT3) desistiu de sua recupera\u00e7\u00e3o judicial, diz O Globo. Confira detalhes da recupera\u00e7\u00e3o judicial da Light.","robots":{"index":"index","follow":"follow","max-snippet":"max-snippet:-1","max-image-preview":"max-image-preview:large","max-video-preview":"max-video-preview:-1"},"canonical":"https:\/\/www.suno.com.br\/noticias\/light-ligt3-desiste-recuperacao-judicial-jvj\/","og_locale":"pt_BR","og_type":"article","og_title":"Light (LIGT3) desiste de recupera\u00e7\u00e3o judicial, diz jornal; e agora?","og_description":"A Light (LIGT3) desistiu de sua recupera\u00e7\u00e3o judicial, diz O Globo. Confira detalhes da recupera\u00e7\u00e3o judicial da Light.","og_url":"https:\/\/www.suno.com.br\/noticias\/light-ligt3-desiste-recuperacao-judicial-jvj\/","og_site_name":"Suno Not\u00edcias","article_publisher":"https:\/\/facebook.com\/sunoresearch","og_image":[{"width":1200,"height":900,"url":"https:\/\/files.sunoresearch.com.br\/n\/uploads\/2023\/02\/light-LIGT3-1.jpg","type":"image\/jpeg"}],"author":"Jo\u00e3o Vitor","twitter_card":"summary_large_image","twitter_creator":"@sunoresearch","twitter_site":"@sunoresearch","twitter_misc":{"Escrito por":"Jo\u00e3o Vitor","Est. tempo de leitura":"3 minutos"},"schema":{"@context":"https:\/\/schema.org","@graph":[{"@type":"NewsArticle","@id":"https:\/\/www.suno.com.br\/noticias\/light-ligt3-desiste-recuperacao-judicial-jvj\/#article","isPartOf":{"@id":"https:\/\/www.suno.com.br\/noticias\/light-ligt3-desiste-recuperacao-judicial-jvj\/"},"author":{"name":"Jo\u00e3o Vitor","@id":"https:\/\/www.suno.com.br\/noticias\/#\/schema\/person\/87fc6973867c52dd884811905c43afba"},"headline":"Light (LIGT3) desiste de recupera\u00e7\u00e3o judicial, diz jornal","datePublished":"2023-09-05T22:29:47+00:00","dateModified":"2023-09-05T22:56:32+00:00","mainEntityOfPage":{"@id":"https:\/\/www.suno.com.br\/noticias\/light-ligt3-desiste-recuperacao-judicial-jvj\/"},"wordCount":425,"publisher":{"@id":"https:\/\/www.suno.com.br\/noticias\/#organization"},"image":{"@id":"https:\/\/www.suno.com.br\/noticias\/light-ligt3-desiste-recuperacao-judicial-jvj\/#primaryimage"},"thumbnailUrl":"https:\/\/files.sunoresearch.com.br\/n\/uploads\/2023\/02\/light-LIGT3-1.jpg","keywords":["Light (LIGT3)","recupera\u00e7\u00e3o judicial"],"articleSection":["Neg\u00f3cios"],"inLanguage":"pt-BR"},{"@type":"WebPage","@id":"https:\/\/www.suno.com.br\/noticias\/light-ligt3-desiste-recuperacao-judicial-jvj\/","url":"https:\/\/www.suno.com.br\/noticias\/light-ligt3-desiste-recuperacao-judicial-jvj\/","name":"Light (LIGT3) desiste de recupera\u00e7\u00e3o judicial, diz jornal; e agora?","isPartOf":{"@id":"https:\/\/www.suno.com.br\/noticias\/#website"},"primaryImageOfPage":{"@id":"https:\/\/www.suno.com.br\/noticias\/light-ligt3-desiste-recuperacao-judicial-jvj\/#primaryimage"},"image":{"@id":"https:\/\/www.suno.com.br\/noticias\/light-ligt3-desiste-recuperacao-judicial-jvj\/#primaryimage"},"thumbnailUrl":"https:\/\/files.sunoresearch.com.br\/n\/uploads\/2023\/02\/light-LIGT3-1.jpg","datePublished":"2023-09-05T22:29:47+00:00","dateModified":"2023-09-05T22:56:32+00:00","description":"A Light (LIGT3) desistiu de sua recupera\u00e7\u00e3o judicial, diz O Globo. Confira detalhes da recupera\u00e7\u00e3o judicial da Light.","breadcrumb":{"@id":"https:\/\/www.suno.com.br\/noticias\/light-ligt3-desiste-recuperacao-judicial-jvj\/#breadcrumb"},"inLanguage":"pt-BR","potentialAction":[{"@type":"ReadAction","target":["https:\/\/www.suno.com.br\/noticias\/light-ligt3-desiste-recuperacao-judicial-jvj\/"]}]},{"@type":"ImageObject","inLanguage":"pt-BR","@id":"https:\/\/www.suno.com.br\/noticias\/light-ligt3-desiste-recuperacao-judicial-jvj\/#primaryimage","url":"https:\/\/files.sunoresearch.com.br\/n\/uploads\/2023\/02\/light-LIGT3-1.jpg","contentUrl":"https:\/\/files.sunoresearch.com.br\/n\/uploads\/2023\/02\/light-LIGT3-1.jpg","width":1200,"height":900,"caption":"Light (LIGT3). Foto: Divulga\u00e7\u00e3o."},{"@type":"BreadcrumbList","@id":"https:\/\/www.suno.com.br\/noticias\/light-ligt3-desiste-recuperacao-judicial-jvj\/#breadcrumb","itemListElement":[{"@type":"ListItem","position":1,"name":"Not\u00edcias","item":"https:\/\/www.suno.com.br\/noticias\/"},{"@type":"ListItem","position":2,"name":"Neg\u00f3cios","item":"https:\/\/www.suno.com.br\/noticias\/negocios\/"},{"@type":"ListItem","position":3,"name":"Light (LIGT3) desiste de recupera\u00e7\u00e3o judicial, diz jornal"}]},{"@type":"WebSite","@id":"https:\/\/www.suno.com.br\/noticias\/#website","url":"https:\/\/www.suno.com.br\/noticias\/","name":"Suno Not\u00edcias","description":"Seu portal de informa\u00e7\u00e3o sobre o mundo dos investimentos","publisher":{"@id":"https:\/\/www.suno.com.br\/noticias\/#organization"},"potentialAction":[{"@type":"SearchAction","target":{"@type":"EntryPoint","urlTemplate":"https:\/\/www.suno.com.br\/noticias\/?s={search_term_string}"},"query-input":{"@type":"PropertyValueSpecification","valueRequired":true,"valueName":"search_term_string"}}],"inLanguage":"pt-BR"},{"@type":"Organization","@id":"https:\/\/www.suno.com.br\/noticias\/#organization","name":"Suno Not\u00edcias","url":"https:\/\/www.suno.com.br\/noticias\/","logo":{"@type":"ImageObject","inLanguage":"pt-BR","@id":"https:\/\/www.suno.com.br\/noticias\/#\/schema\/logo\/image\/","url":"https:\/\/files.sunoresearch.com.br\/n\/uploads\/2021\/09\/suno-logo.png","contentUrl":"https:\/\/files.sunoresearch.com.br\/n\/uploads\/2021\/09\/suno-logo.png","width":180,"height":180,"caption":"Suno Not\u00edcias"},"image":{"@id":"https:\/\/www.suno.com.br\/noticias\/#\/schema\/logo\/image\/"},"sameAs":["https:\/\/facebook.com\/sunoresearch","https:\/\/x.com\/sunoresearch","https:\/\/www.instagram.com\/suno","https:\/\/www.linkedin.com\/company\/suno-research\/","https:\/\/www.youtube.com\/c\/sunoresearch"]},{"@type":"Person","@id":"https:\/\/www.suno.com.br\/noticias\/#\/schema\/person\/87fc6973867c52dd884811905c43afba","name":"Jo\u00e3o Vitor","image":{"@type":"ImageObject","inLanguage":"pt-BR","@id":"https:\/\/www.suno.com.br\/noticias\/#\/schema\/person\/image\/","url":"https:\/\/secure.gravatar.com\/avatar\/2843227ca03ccf8cc7ccca45204c127e?s=96&r=g","contentUrl":"https:\/\/secure.gravatar.com\/avatar\/2843227ca03ccf8cc7ccca45204c127e?s=96&r=g","caption":"Jo\u00e3o Vitor"},"description":"Redator profissional, com atua\u00e7\u00e3o no mercado editorial na produ\u00e7\u00e3o de not\u00edcias e conte\u00fados sobre o mercado de a\u00e7\u00f5es, fundos imobili\u00e1rios e economia popular. Graduando em Engenharia Qu\u00edmica pela Unesp, tamb\u00e9m j\u00e1 atuou como consultor financeiro.","url":"https:\/\/www.suno.com.br\/noticias\/author\/joao-vitor-jacintho\/"}]}},"default_loop_html":"<div class=\"cardsPage__listCard__boxs\"><div class=\"cardsPage__listCard__boxs__img\"><a href=\"https:\/\/www.suno.com.br\/noticias\/light-ligt3-desiste-recuperacao-judicial-jvj\/\"><img class=\"mask\" src=\"https:\/\/www.suno.com.br\/noticias\/wp-content\/themes\/suno\/resources\/images\/spotlight\/spotlight1img\/bg-mask.png\" alt=\"Image Mask\"\/><img src=\"https:\/\/files.sunoresearch.com.br\/n\/uploads\/2023\/02\/light-LIGT3-1-400x200.jpg\" alt=\"Light (LIGT3) desiste de recupera\u00e7\u00e3o judicial, diz jornal\"\/><\/a><span class=\"spotlightCategory\"><a href=\"https:\/\/www.suno.com.br\/noticias\/negocios\/\">Neg\u00f3cios<\/a><\/span><\/div><div class=\"cardsPage__listCard__boxs__content\"><a href=\"https:\/\/www.suno.com.br\/noticias\/light-ligt3-desiste-recuperacao-judicial-jvj\/\"><h2 class=\"content__title\">Light (LIGT3) desiste de recupera\u00e7\u00e3o judicial, diz jornal<\/h2><\/a><div class=\"newsContent__article__meta\"><div class=\"newsContent__article__meta__authorBox\"><a href=\"https:\/\/www.suno.com.br\/noticias\/author\/joao-vitor-jacintho\/\" class=\"authorBox__avatar noMobi\"><img src=\"https:\/\/secure.gravatar.com\/avatar\/2843227ca03ccf8cc7ccca45204c127e?s=96&#038;r=g\" alt=\"Jo\u00e3o Vitor Jacintho\"><\/a><div class=\"authorBox__name\"><span>por\n\t\t\t<a href=\"https:\/\/www.suno.com.br\/noticias\/author\/joao-vitor-jacintho\/\"><span itemprop=\"author\">Jo\u00e3o Vitor Jacintho<\/span><\/a><\/span><time datetime=\"2023-09-05T19:29:47-03:00\" itemprop=\"datePublished\">05\/09\/2023 19:29<\/time><\/div><\/div><\/div><\/div><\/div>","single_layout":"posts","amp_enabled":true,"_links":{"self":[{"href":"https:\/\/www.suno.com.br\/noticias\/wp-json\/wp\/v2\/posts\/452421"}],"collection":[{"href":"https:\/\/www.suno.com.br\/noticias\/wp-json\/wp\/v2\/posts"}],"about":[{"href":"https:\/\/www.suno.com.br\/noticias\/wp-json\/wp\/v2\/types\/post"}],"author":[{"embeddable":true,"href":"https:\/\/www.suno.com.br\/noticias\/wp-json\/wp\/v2\/users\/173"}],"replies":[{"embeddable":true,"href":"https:\/\/www.suno.com.br\/noticias\/wp-json\/wp\/v2\/comments?post=452421"}],"version-history":[{"count":3,"href":"https:\/\/www.suno.com.br\/noticias\/wp-json\/wp\/v2\/posts\/452421\/revisions"}],"predecessor-version":[{"id":452442,"href":"https:\/\/www.suno.com.br\/noticias\/wp-json\/wp\/v2\/posts\/452421\/revisions\/452442"}],"wp:featuredmedia":[{"embeddable":true,"href":"https:\/\/www.suno.com.br\/noticias\/wp-json\/wp\/v2\/media\/360141"}],"wp:attachment":[{"href":"https:\/\/www.suno.com.br\/noticias\/wp-json\/wp\/v2\/media?parent=452421"}],"wp:term":[{"taxonomy":"category","embeddable":true,"href":"https:\/\/www.suno.com.br\/noticias\/wp-json\/wp\/v2\/categories?post=452421"},{"taxonomy":"post_tag","embeddable":true,"href":"https:\/\/www.suno.com.br\/noticias\/wp-json\/wp\/v2\/tags?post=452421"},{"taxonomy":"suno_strategy","embeddable":true,"href":"https:\/\/www.suno.com.br\/noticias\/wp-json\/wp\/v2\/suno_strategy?post=452421"}],"curies":[{"name":"wp","href":"https:\/\/api.w.org\/{rel}","templated":true}]}}