{"id":452077,"date":"2023-09-05T12:22:53","date_gmt":"2023-09-05T15:22:53","guid":{"rendered":"https:\/\/www.suno.com.br\/noticias\/?p=452077"},"modified":"2023-09-05T12:22:57","modified_gmt":"2023-09-05T15:22:57","slug":"campos-neto-segunda-fase-desinflacao-dificil-evm","status":"publish","type":"post","link":"https:\/\/www.suno.com.br\/noticias\/campos-neto-segunda-fase-desinflacao-dificil-evm\/","title":{"rendered":"Campos Neto: Segunda fase de desinfla\u00e7\u00e3o \u00e9 mais dif\u00edcil, com redu\u00e7\u00e3o de n\u00facleos"},"content":{"rendered":"<p>O presidente do Banco Central, <a class=\"suno-keyword\" data-force=\"no\" data-priority=\"2\" href=\"https:\/\/www.suno.com.br\/tudo-sobre\/roberto-campos-neto\/\" target=\"_blank\" rel=\"noopener\">Roberto <strong>Campos Neto<\/strong><\/a>, disse nesta ter\u00e7a (5), que o mundo est\u00e1 passando por uma &#8220;segunda fase&#8221; do seu processo de desinfla\u00e7\u00e3o ap\u00f3s a pandemia. Essa etapa, explicou, \u00e9 caracterizada pela necessidade de um esfor\u00e7o adicional para reduzir os n\u00facleos de infla\u00e7\u00e3o, com uma taxa de sacrif\u00edcio da economia tamb\u00e9m potencialmente maior.<\/p>\t<div class=\"wrapper-featured-image\">\n\t\t<figure class=\"spotlightImg\">\n\n\t\t\t<picture>\n\t\t\t\t<source media=\"(max-width: 768px)\" srcset=\"https:\/\/files.sunoresearch.com.br\/n\/uploads\/2023\/02\/roberto-campos-neto-roda-viva-banco-central-foto-tvcultura-400x200.jpg\">\n\t\t\t\t<img loading=\"lazy\" decoding=\"async\" class=\"newsContent__article__imgCapa lazyloadDisabled \" src=\"https:\/\/files.sunoresearch.com.br\/n\/uploads\/2023\/02\/roberto-campos-neto-roda-viva-banco-central-foto-tvcultura-800x450.jpg\" width=\"800\" height=\"450\" alt=\"Campos Neto: Segunda fase de desinfla\u00e7\u00e3o \u00e9 mais dif\u00edcil, com redu\u00e7\u00e3o de n\u00facleos\" fetchpriority=high \/>\n\t\t\t<\/picture>\n\n\t\t\t<figcaption class=\"wp-caption-text wp-caption-text--show\">Roberto Campos Neto. Foto: TV Cultura<\/figcaption>\n\t\t<\/figure>\n\t<\/div>\n\n\n\n\n\n\n<p>&#8220;A gente tem esse <i>last mile<\/i> \u00faltima milha, que est\u00e1 acontecendo em v\u00e1rios lugares do mundo e, no Brasil, tamb\u00e9m tem o <i>last mile<\/i>. Eu acho que \u00e9 importante perseverar, porque, se n\u00e3o perseverar nesse momento, pode fazer com que o processo <strong>inflacion\u00e1rio <\/strong>volte&#8221;, afirmou Campos Neto, em evento organizado pelo Julius Baer Group no per\u00edodo da manh\u00e3, em S\u00e3o Paulo.<\/p>\n\n\n\n<p>Com a <strong>infla\u00e7\u00e3o <\/strong>mais baixa e a necessidade de um sacrif\u00edcio adicional na economia para promover a converg\u00eancia final \u00e0 meta, Campos Neto considera que a sociedade come\u00e7a a discutir se \u00e9 ideal fazer esses sacrif\u00edcios para levar a infla\u00e7\u00e3o ao alvo.<\/p>\n\n\n\n<p>&#8220;\u00c9 natural que, quando voc\u00ea chega a esse ponto, sociedade e classe pol\u00edtica comecem a questionar qual \u00e9 o n\u00edvel de sacrif\u00edcio que voc\u00ea quer fazer para atingir a meta&#8221;, disse.<\/p>\n\n\n\n<p>Antes, o <strong>presidente do BC<\/strong> voltou a repetir que a pandemia ocasionou um forte aumento na demanda por bens, que ainda n\u00e3o retornou \u00e0 tend\u00eancia pr\u00e9-pandemia.<\/p>\n\n\n\n<p>Para Campos Neto, isso explica em parte a infla\u00e7\u00e3o persistente no mundo, j\u00e1 que a produ\u00e7\u00e3o de bens consome mais energia. Ele tamb\u00e9m repetiu que a resposta de <a class=\"suno-keyword\" data-force=\"no\" data-priority=\"1\" href=\"https:\/\/www.suno.com.br\/artigos\/politica-fiscal\/\" target=\"_blank\" rel=\"noopener\">pol\u00edtica fiscal<\/a> e monet\u00e1ria \u00e0 pandemia foi &#8220;muito intensa&#8221; no mundo todo.<\/p>\n\n\n\n<h2 class=\"wp-block-heading\">Campos Neto sobre pol\u00edtica fiscal<\/h2>\n\n\n\n<p>O presidente do Banco Central disse ainda que as autoridades monet\u00e1rias do mundo est\u00e3o fazendo os ajustes necess\u00e1rios para perseguir a \u00faltima etapa do processo de <strong>desinfla\u00e7\u00e3o<\/strong>, mas a <strong><a class=\"suno-keyword\" data-force=\"no\" data-priority=\"1\" href=\"https:\/\/www.suno.com.br\/artigos\/politica-fiscal\/\" target=\"_blank\" rel=\"noopener\">pol\u00edtica fiscal<\/a> <\/strong>continua dificultando o processo.<\/p>\n\n\n\n<p>&#8220;A parte monet\u00e1ria fez o ajuste ou est\u00e1 fazendo, mas a parte fiscal, nem tanto&#8221;, afirmou.<\/p>\n\n\n\n<p>Para Campos Neto, o crescimento dos Estados Unidos, por exemplo, tem se mantido forte devido \u00e0 <a class=\"suno-keyword\" target=\"_blank\" data-force=\"no\" data-priority=\"1\" href=\"https:\/\/www.suno.com.br\/artigos\/politica-fiscal\/\" rel=\"noopener\">pol\u00edtica fiscal<\/a> expansionista. Com a queda esperada para os gastos em 2024 e a o aumento de juros promovido pelo Federal Reserve (Fed, o banco central norte-americano), o presidente do BC afirma que pode haver uma desacelera\u00e7\u00e3o &#8220;contratada&#8221; no ano que vem.<\/p>\n\n\n\n<p>Sobre os ajustes de juros no mundo, ele destacou que, ao contr\u00e1rio do Brasil, o mundo desenvolvido n\u00e3o havia testado seu sistema de metas antes da pandemia. Ap\u00f3s a crise, mesmo os bancos centrais desenvolvidos passaram a preferir conduzir a <a class=\"suno-keyword\" target=\"_blank\" data-force=\"no\" data-priority=\"1\" href=\"https:\/\/www.suno.com.br\/artigos\/politica-monetaria\/\" rel=\"noopener\">pol\u00edtica monet\u00e1ria<\/a> como emergentes, elevando os juros mais para evitar perda de credibilidade, afirmou.<\/p>\n\n\n\n<p>&#8220;O que a crise mostrou \u00e9 que o mundo desenvolvido come\u00e7ou a se sentir como emergente, pensando que talvez seja melhor elevar um pouco mais os juros, porque, se tiver de parar e depois voltar, vai perder credibilidade&#8221;, afirmou Campos Neto.<\/p>\n\n\n\n<p>Com Estad\u00e3o Conte\u00fado<\/p>\n","protected":false},"excerpt":{"rendered":"<p>O presidente do Banco Central, Roberto Campos Neto, disse nesta ter\u00e7a (5), que o mundo est\u00e1 passando por uma &#8220;segunda fase&#8221; do seu processo de desinfla\u00e7\u00e3o ap\u00f3s a pandemia. Essa etapa, explicou, \u00e9 caracterizada pela necessidade de um esfor\u00e7o adicional para reduzir os n\u00facleos de infla\u00e7\u00e3o, com uma taxa de sacrif\u00edcio da economia tamb\u00e9m potencialmente [&hellip;]<\/p>\n","protected":false},"author":73,"featured_media":363540,"comment_status":"closed","ping_status":"closed","sticky":false,"template":"","format":"standard","meta":[],"categories":[62],"tags":[106444,1842,1113],"suno_strategy":[],"class_list":["post-452077","post","type-post","status-publish","format-standard","has-post-thumbnail","hentry","category-economia","tag-agencias","tag-banco-central-bc","tag-roberto-campos-neto"],"yoast_head":"<!-- This site is optimized with the Yoast SEO plugin v24.4 - https:\/\/yoast.com\/wordpress\/plugins\/seo\/ -->\n<title>Campos Neto: Segunda fase de desinfla\u00e7\u00e3o \u00e9 mais dif\u00edcil, com redu\u00e7\u00e3o de n\u00facleos<\/title>\n<meta name=\"description\" content=\"Campos Neto considera que a sociedade come\u00e7a a discutir se \u00e9 ideal fazer esses sacrif\u00edcios para levar a infla\u00e7\u00e3o ao alvo\" \/>\n<meta name=\"robots\" content=\"index, follow, max-snippet:-1, max-image-preview:large, max-video-preview:-1\" \/>\n<link rel=\"canonical\" href=\"https:\/\/www.suno.com.br\/noticias\/campos-neto-segunda-fase-desinflacao-dificil-evm\/\" \/>\n<meta property=\"og:locale\" content=\"pt_BR\" \/>\n<meta property=\"og:type\" content=\"article\" \/>\n<meta property=\"og:title\" content=\"Campos Neto: Segunda fase de desinfla\u00e7\u00e3o \u00e9 mais dif\u00edcil, com redu\u00e7\u00e3o de n\u00facleos\" \/>\n<meta property=\"og:description\" content=\"Campos Neto considera que a sociedade come\u00e7a a discutir se \u00e9 ideal fazer esses sacrif\u00edcios para levar a infla\u00e7\u00e3o ao alvo\" \/>\n<meta property=\"og:url\" content=\"https:\/\/www.suno.com.br\/noticias\/campos-neto-segunda-fase-desinflacao-dificil-evm\/\" \/>\n<meta property=\"og:site_name\" content=\"Suno Not\u00edcias\" \/>\n<meta property=\"article:publisher\" content=\"https:\/\/facebook.com\/sunoresearch\" \/>\n<meta property=\"og:image\" content=\"https:\/\/files.sunoresearch.com.br\/n\/uploads\/2023\/02\/roberto-campos-neto-roda-viva-banco-central-foto-tvcultura.jpg\" \/>\n\t<meta property=\"og:image:width\" content=\"1200\" \/>\n\t<meta property=\"og:image:height\" content=\"675\" \/>\n\t<meta property=\"og:image:type\" content=\"image\/jpeg\" \/>\n<meta name=\"author\" content=\"Eduardo Vargas\" \/>\n<meta name=\"twitter:card\" content=\"summary_large_image\" \/>\n<meta name=\"twitter:creator\" content=\"@sunoresearch\" \/>\n<meta name=\"twitter:site\" content=\"@sunoresearch\" \/>\n<meta name=\"twitter:label1\" content=\"Escrito por\" \/>\n\t<meta name=\"twitter:data1\" content=\"Eduardo Vargas\" \/>\n\t<meta name=\"twitter:label2\" content=\"Est. tempo de leitura\" \/>\n\t<meta name=\"twitter:data2\" content=\"3 minutos\" \/>\n<script type=\"application\/ld+json\" class=\"yoast-schema-graph\">{\"@context\":\"https:\/\/schema.org\",\"@graph\":[{\"@type\":\"NewsArticle\",\"@id\":\"https:\/\/www.suno.com.br\/noticias\/campos-neto-segunda-fase-desinflacao-dificil-evm\/#article\",\"isPartOf\":{\"@id\":\"https:\/\/www.suno.com.br\/noticias\/campos-neto-segunda-fase-desinflacao-dificil-evm\/\"},\"author\":{\"name\":\"Eduardo Vargas\",\"@id\":\"https:\/\/www.suno.com.br\/noticias\/#\/schema\/person\/7f4d362bf3518e76090143ae77bb49a5\"},\"headline\":\"Campos Neto: Segunda fase de desinfla\u00e7\u00e3o \u00e9 mais dif\u00edcil, com redu\u00e7\u00e3o de n\u00facleos\",\"datePublished\":\"2023-09-05T15:22:53+00:00\",\"dateModified\":\"2023-09-05T15:22:57+00:00\",\"mainEntityOfPage\":{\"@id\":\"https:\/\/www.suno.com.br\/noticias\/campos-neto-segunda-fase-desinflacao-dificil-evm\/\"},\"wordCount\":520,\"publisher\":{\"@id\":\"https:\/\/www.suno.com.br\/noticias\/#organization\"},\"image\":{\"@id\":\"https:\/\/www.suno.com.br\/noticias\/campos-neto-segunda-fase-desinflacao-dificil-evm\/#primaryimage\"},\"thumbnailUrl\":\"https:\/\/files.sunoresearch.com.br\/n\/uploads\/2023\/02\/roberto-campos-neto-roda-viva-banco-central-foto-tvcultura.jpg\",\"keywords\":[\"Ag\u00eancias\",\"Banco Central (BC)\",\"Roberto Campos Neto\"],\"articleSection\":[\"Economia\"],\"inLanguage\":\"pt-BR\"},{\"@type\":\"WebPage\",\"@id\":\"https:\/\/www.suno.com.br\/noticias\/campos-neto-segunda-fase-desinflacao-dificil-evm\/\",\"url\":\"https:\/\/www.suno.com.br\/noticias\/campos-neto-segunda-fase-desinflacao-dificil-evm\/\",\"name\":\"Campos Neto: Segunda fase de desinfla\u00e7\u00e3o \u00e9 mais dif\u00edcil, com redu\u00e7\u00e3o de n\u00facleos\",\"isPartOf\":{\"@id\":\"https:\/\/www.suno.com.br\/noticias\/#website\"},\"primaryImageOfPage\":{\"@id\":\"https:\/\/www.suno.com.br\/noticias\/campos-neto-segunda-fase-desinflacao-dificil-evm\/#primaryimage\"},\"image\":{\"@id\":\"https:\/\/www.suno.com.br\/noticias\/campos-neto-segunda-fase-desinflacao-dificil-evm\/#primaryimage\"},\"thumbnailUrl\":\"https:\/\/files.sunoresearch.com.br\/n\/uploads\/2023\/02\/roberto-campos-neto-roda-viva-banco-central-foto-tvcultura.jpg\",\"datePublished\":\"2023-09-05T15:22:53+00:00\",\"dateModified\":\"2023-09-05T15:22:57+00:00\",\"description\":\"Campos Neto considera que a sociedade come\u00e7a a discutir se \u00e9 ideal fazer esses sacrif\u00edcios para levar a infla\u00e7\u00e3o ao alvo\",\"breadcrumb\":{\"@id\":\"https:\/\/www.suno.com.br\/noticias\/campos-neto-segunda-fase-desinflacao-dificil-evm\/#breadcrumb\"},\"inLanguage\":\"pt-BR\",\"potentialAction\":[{\"@type\":\"ReadAction\",\"target\":[\"https:\/\/www.suno.com.br\/noticias\/campos-neto-segunda-fase-desinflacao-dificil-evm\/\"]}]},{\"@type\":\"ImageObject\",\"inLanguage\":\"pt-BR\",\"@id\":\"https:\/\/www.suno.com.br\/noticias\/campos-neto-segunda-fase-desinflacao-dificil-evm\/#primaryimage\",\"url\":\"https:\/\/files.sunoresearch.com.br\/n\/uploads\/2023\/02\/roberto-campos-neto-roda-viva-banco-central-foto-tvcultura.jpg\",\"contentUrl\":\"https:\/\/files.sunoresearch.com.br\/n\/uploads\/2023\/02\/roberto-campos-neto-roda-viva-banco-central-foto-tvcultura.jpg\",\"width\":1200,\"height\":675,\"caption\":\"Roberto Campos Neto. Foto: TV Cultura\"},{\"@type\":\"BreadcrumbList\",\"@id\":\"https:\/\/www.suno.com.br\/noticias\/campos-neto-segunda-fase-desinflacao-dificil-evm\/#breadcrumb\",\"itemListElement\":[{\"@type\":\"ListItem\",\"position\":1,\"name\":\"Not\u00edcias\",\"item\":\"https:\/\/www.suno.com.br\/noticias\/\"},{\"@type\":\"ListItem\",\"position\":2,\"name\":\"Economia\",\"item\":\"https:\/\/www.suno.com.br\/noticias\/economia\/\"},{\"@type\":\"ListItem\",\"position\":3,\"name\":\"Campos Neto: Segunda fase de desinfla\u00e7\u00e3o \u00e9 mais dif\u00edcil, com redu\u00e7\u00e3o de n\u00facleos\"}]},{\"@type\":\"WebSite\",\"@id\":\"https:\/\/www.suno.com.br\/noticias\/#website\",\"url\":\"https:\/\/www.suno.com.br\/noticias\/\",\"name\":\"Suno Not\u00edcias\",\"description\":\"Seu portal de informa\u00e7\u00e3o sobre o mundo dos investimentos\",\"publisher\":{\"@id\":\"https:\/\/www.suno.com.br\/noticias\/#organization\"},\"potentialAction\":[{\"@type\":\"SearchAction\",\"target\":{\"@type\":\"EntryPoint\",\"urlTemplate\":\"https:\/\/www.suno.com.br\/noticias\/?s={search_term_string}\"},\"query-input\":{\"@type\":\"PropertyValueSpecification\",\"valueRequired\":true,\"valueName\":\"search_term_string\"}}],\"inLanguage\":\"pt-BR\"},{\"@type\":\"Organization\",\"@id\":\"https:\/\/www.suno.com.br\/noticias\/#organization\",\"name\":\"Suno Not\u00edcias\",\"url\":\"https:\/\/www.suno.com.br\/noticias\/\",\"logo\":{\"@type\":\"ImageObject\",\"inLanguage\":\"pt-BR\",\"@id\":\"https:\/\/www.suno.com.br\/noticias\/#\/schema\/logo\/image\/\",\"url\":\"https:\/\/files.sunoresearch.com.br\/n\/uploads\/2021\/09\/suno-logo.png\",\"contentUrl\":\"https:\/\/files.sunoresearch.com.br\/n\/uploads\/2021\/09\/suno-logo.png\",\"width\":180,\"height\":180,\"caption\":\"Suno Not\u00edcias\"},\"image\":{\"@id\":\"https:\/\/www.suno.com.br\/noticias\/#\/schema\/logo\/image\/\"},\"sameAs\":[\"https:\/\/facebook.com\/sunoresearch\",\"https:\/\/x.com\/sunoresearch\",\"https:\/\/www.instagram.com\/suno\",\"https:\/\/www.linkedin.com\/company\/suno-research\/\",\"https:\/\/www.youtube.com\/c\/sunoresearch\"]},{\"@type\":\"Person\",\"@id\":\"https:\/\/www.suno.com.br\/noticias\/#\/schema\/person\/7f4d362bf3518e76090143ae77bb49a5\",\"name\":\"Eduardo Vargas\",\"image\":{\"@type\":\"ImageObject\",\"inLanguage\":\"pt-BR\",\"@id\":\"https:\/\/www.suno.com.br\/noticias\/#\/schema\/person\/image\/\",\"url\":\"https:\/\/secure.gravatar.com\/avatar\/dac340933427a22924c9f99d1eb2e3f2?s=96&r=g\",\"contentUrl\":\"https:\/\/secure.gravatar.com\/avatar\/dac340933427a22924c9f99d1eb2e3f2?s=96&r=g\",\"caption\":\"Eduardo Vargas\"},\"description\":\"Jornalista formado pela UFSC, cobre macroeconomia, neg\u00f3cios e startups para o Suno Not\u00edcias, escrevendo principalmente not\u00edcias sobre o mercado financeiro e a bolsa de valores. No YouTube e no Instagram, \u00e9 respons\u00e1vel pela produ\u00e7\u00e3o de Reels e Shorts do Suno Not\u00edcias. Anteriormente, trabalhou cobrindo economia e cotidiano no ND+ e para o ND, maior jornal impresso de Santa Catarina. Cursou um semestre letivo de Estudos de M\u00eddia na Universidad de Buenos Aires.\",\"url\":\"https:\/\/www.suno.com.br\/noticias\/author\/eduardo-vargas\/\"}]}<\/script>\n<!-- \/ Yoast SEO plugin. -->","yoast_head_json":{"title":"Campos Neto: Segunda fase de desinfla\u00e7\u00e3o \u00e9 mais dif\u00edcil, com redu\u00e7\u00e3o de n\u00facleos","description":"Campos Neto considera que a sociedade come\u00e7a a discutir se \u00e9 ideal fazer esses sacrif\u00edcios para levar a infla\u00e7\u00e3o ao alvo","robots":{"index":"index","follow":"follow","max-snippet":"max-snippet:-1","max-image-preview":"max-image-preview:large","max-video-preview":"max-video-preview:-1"},"canonical":"https:\/\/www.suno.com.br\/noticias\/campos-neto-segunda-fase-desinflacao-dificil-evm\/","og_locale":"pt_BR","og_type":"article","og_title":"Campos Neto: Segunda fase de desinfla\u00e7\u00e3o \u00e9 mais dif\u00edcil, com redu\u00e7\u00e3o de n\u00facleos","og_description":"Campos Neto considera que a sociedade come\u00e7a a discutir se \u00e9 ideal fazer esses sacrif\u00edcios para levar a infla\u00e7\u00e3o ao alvo","og_url":"https:\/\/www.suno.com.br\/noticias\/campos-neto-segunda-fase-desinflacao-dificil-evm\/","og_site_name":"Suno Not\u00edcias","article_publisher":"https:\/\/facebook.com\/sunoresearch","og_image":[{"width":1200,"height":675,"url":"https:\/\/files.sunoresearch.com.br\/n\/uploads\/2023\/02\/roberto-campos-neto-roda-viva-banco-central-foto-tvcultura.jpg","type":"image\/jpeg"}],"author":"Eduardo Vargas","twitter_card":"summary_large_image","twitter_creator":"@sunoresearch","twitter_site":"@sunoresearch","twitter_misc":{"Escrito por":"Eduardo Vargas","Est. tempo de leitura":"3 minutos"},"schema":{"@context":"https:\/\/schema.org","@graph":[{"@type":"NewsArticle","@id":"https:\/\/www.suno.com.br\/noticias\/campos-neto-segunda-fase-desinflacao-dificil-evm\/#article","isPartOf":{"@id":"https:\/\/www.suno.com.br\/noticias\/campos-neto-segunda-fase-desinflacao-dificil-evm\/"},"author":{"name":"Eduardo Vargas","@id":"https:\/\/www.suno.com.br\/noticias\/#\/schema\/person\/7f4d362bf3518e76090143ae77bb49a5"},"headline":"Campos Neto: Segunda fase de desinfla\u00e7\u00e3o \u00e9 mais dif\u00edcil, com redu\u00e7\u00e3o de n\u00facleos","datePublished":"2023-09-05T15:22:53+00:00","dateModified":"2023-09-05T15:22:57+00:00","mainEntityOfPage":{"@id":"https:\/\/www.suno.com.br\/noticias\/campos-neto-segunda-fase-desinflacao-dificil-evm\/"},"wordCount":520,"publisher":{"@id":"https:\/\/www.suno.com.br\/noticias\/#organization"},"image":{"@id":"https:\/\/www.suno.com.br\/noticias\/campos-neto-segunda-fase-desinflacao-dificil-evm\/#primaryimage"},"thumbnailUrl":"https:\/\/files.sunoresearch.com.br\/n\/uploads\/2023\/02\/roberto-campos-neto-roda-viva-banco-central-foto-tvcultura.jpg","keywords":["Ag\u00eancias","Banco Central (BC)","Roberto Campos Neto"],"articleSection":["Economia"],"inLanguage":"pt-BR"},{"@type":"WebPage","@id":"https:\/\/www.suno.com.br\/noticias\/campos-neto-segunda-fase-desinflacao-dificil-evm\/","url":"https:\/\/www.suno.com.br\/noticias\/campos-neto-segunda-fase-desinflacao-dificil-evm\/","name":"Campos Neto: Segunda fase de desinfla\u00e7\u00e3o \u00e9 mais dif\u00edcil, com redu\u00e7\u00e3o de n\u00facleos","isPartOf":{"@id":"https:\/\/www.suno.com.br\/noticias\/#website"},"primaryImageOfPage":{"@id":"https:\/\/www.suno.com.br\/noticias\/campos-neto-segunda-fase-desinflacao-dificil-evm\/#primaryimage"},"image":{"@id":"https:\/\/www.suno.com.br\/noticias\/campos-neto-segunda-fase-desinflacao-dificil-evm\/#primaryimage"},"thumbnailUrl":"https:\/\/files.sunoresearch.com.br\/n\/uploads\/2023\/02\/roberto-campos-neto-roda-viva-banco-central-foto-tvcultura.jpg","datePublished":"2023-09-05T15:22:53+00:00","dateModified":"2023-09-05T15:22:57+00:00","description":"Campos Neto considera que a sociedade come\u00e7a a discutir se \u00e9 ideal fazer esses sacrif\u00edcios para levar a infla\u00e7\u00e3o ao alvo","breadcrumb":{"@id":"https:\/\/www.suno.com.br\/noticias\/campos-neto-segunda-fase-desinflacao-dificil-evm\/#breadcrumb"},"inLanguage":"pt-BR","potentialAction":[{"@type":"ReadAction","target":["https:\/\/www.suno.com.br\/noticias\/campos-neto-segunda-fase-desinflacao-dificil-evm\/"]}]},{"@type":"ImageObject","inLanguage":"pt-BR","@id":"https:\/\/www.suno.com.br\/noticias\/campos-neto-segunda-fase-desinflacao-dificil-evm\/#primaryimage","url":"https:\/\/files.sunoresearch.com.br\/n\/uploads\/2023\/02\/roberto-campos-neto-roda-viva-banco-central-foto-tvcultura.jpg","contentUrl":"https:\/\/files.sunoresearch.com.br\/n\/uploads\/2023\/02\/roberto-campos-neto-roda-viva-banco-central-foto-tvcultura.jpg","width":1200,"height":675,"caption":"Roberto Campos Neto. Foto: TV Cultura"},{"@type":"BreadcrumbList","@id":"https:\/\/www.suno.com.br\/noticias\/campos-neto-segunda-fase-desinflacao-dificil-evm\/#breadcrumb","itemListElement":[{"@type":"ListItem","position":1,"name":"Not\u00edcias","item":"https:\/\/www.suno.com.br\/noticias\/"},{"@type":"ListItem","position":2,"name":"Economia","item":"https:\/\/www.suno.com.br\/noticias\/economia\/"},{"@type":"ListItem","position":3,"name":"Campos Neto: Segunda fase de desinfla\u00e7\u00e3o \u00e9 mais dif\u00edcil, com redu\u00e7\u00e3o de n\u00facleos"}]},{"@type":"WebSite","@id":"https:\/\/www.suno.com.br\/noticias\/#website","url":"https:\/\/www.suno.com.br\/noticias\/","name":"Suno Not\u00edcias","description":"Seu portal de informa\u00e7\u00e3o sobre o mundo dos investimentos","publisher":{"@id":"https:\/\/www.suno.com.br\/noticias\/#organization"},"potentialAction":[{"@type":"SearchAction","target":{"@type":"EntryPoint","urlTemplate":"https:\/\/www.suno.com.br\/noticias\/?s={search_term_string}"},"query-input":{"@type":"PropertyValueSpecification","valueRequired":true,"valueName":"search_term_string"}}],"inLanguage":"pt-BR"},{"@type":"Organization","@id":"https:\/\/www.suno.com.br\/noticias\/#organization","name":"Suno Not\u00edcias","url":"https:\/\/www.suno.com.br\/noticias\/","logo":{"@type":"ImageObject","inLanguage":"pt-BR","@id":"https:\/\/www.suno.com.br\/noticias\/#\/schema\/logo\/image\/","url":"https:\/\/files.sunoresearch.com.br\/n\/uploads\/2021\/09\/suno-logo.png","contentUrl":"https:\/\/files.sunoresearch.com.br\/n\/uploads\/2021\/09\/suno-logo.png","width":180,"height":180,"caption":"Suno Not\u00edcias"},"image":{"@id":"https:\/\/www.suno.com.br\/noticias\/#\/schema\/logo\/image\/"},"sameAs":["https:\/\/facebook.com\/sunoresearch","https:\/\/x.com\/sunoresearch","https:\/\/www.instagram.com\/suno","https:\/\/www.linkedin.com\/company\/suno-research\/","https:\/\/www.youtube.com\/c\/sunoresearch"]},{"@type":"Person","@id":"https:\/\/www.suno.com.br\/noticias\/#\/schema\/person\/7f4d362bf3518e76090143ae77bb49a5","name":"Eduardo Vargas","image":{"@type":"ImageObject","inLanguage":"pt-BR","@id":"https:\/\/www.suno.com.br\/noticias\/#\/schema\/person\/image\/","url":"https:\/\/secure.gravatar.com\/avatar\/dac340933427a22924c9f99d1eb2e3f2?s=96&r=g","contentUrl":"https:\/\/secure.gravatar.com\/avatar\/dac340933427a22924c9f99d1eb2e3f2?s=96&r=g","caption":"Eduardo Vargas"},"description":"Jornalista formado pela UFSC, cobre macroeconomia, neg\u00f3cios e startups para o Suno Not\u00edcias, escrevendo principalmente not\u00edcias sobre o mercado financeiro e a bolsa de valores. No YouTube e no Instagram, \u00e9 respons\u00e1vel pela produ\u00e7\u00e3o de Reels e Shorts do Suno Not\u00edcias. Anteriormente, trabalhou cobrindo economia e cotidiano no ND+ e para o ND, maior jornal impresso de Santa Catarina. Cursou um semestre letivo de Estudos de M\u00eddia na Universidad de Buenos Aires.","url":"https:\/\/www.suno.com.br\/noticias\/author\/eduardo-vargas\/"}]}},"default_loop_html":"<div class=\"cardsPage__listCard__boxs\"><div class=\"cardsPage__listCard__boxs__img\"><a href=\"https:\/\/www.suno.com.br\/noticias\/campos-neto-segunda-fase-desinflacao-dificil-evm\/\"><img class=\"mask\" src=\"https:\/\/www.suno.com.br\/noticias\/wp-content\/themes\/suno\/resources\/images\/spotlight\/spotlight1img\/bg-mask.png\" alt=\"Image Mask\"\/><img src=\"https:\/\/files.sunoresearch.com.br\/n\/uploads\/2023\/02\/roberto-campos-neto-roda-viva-banco-central-foto-tvcultura-400x200.jpg\" alt=\"Campos Neto: Segunda fase de desinfla\u00e7\u00e3o \u00e9 mais dif\u00edcil, com redu\u00e7\u00e3o de n\u00facleos\"\/><\/a><span class=\"spotlightCategory\"><a href=\"https:\/\/www.suno.com.br\/noticias\/economia\/\">Economia<\/a><\/span><\/div><div class=\"cardsPage__listCard__boxs__content\"><a href=\"https:\/\/www.suno.com.br\/noticias\/campos-neto-segunda-fase-desinflacao-dificil-evm\/\"><h2 class=\"content__title\">Campos Neto: Segunda fase de desinfla\u00e7\u00e3o \u00e9 mais dif\u00edcil, com redu\u00e7\u00e3o de n\u00facleos<\/h2><\/a><div class=\"newsContent__article__meta\"><div class=\"newsContent__article__meta__authorBox\"><a href=\"https:\/\/www.suno.com.br\/noticias\/author\/eduardo-vargas\/\" class=\"authorBox__avatar noMobi\"><img src=\"https:\/\/secure.gravatar.com\/avatar\/dac340933427a22924c9f99d1eb2e3f2?s=96&#038;r=g\" alt=\"Eduardo Vargas\"><\/a><div class=\"authorBox__name\"><span>por\n\t\t\t<a href=\"https:\/\/www.suno.com.br\/noticias\/author\/eduardo-vargas\/\"><span itemprop=\"author\">Eduardo Vargas<\/span><\/a><\/span><time datetime=\"2023-09-05T12:22:53-03:00\" itemprop=\"datePublished\">05\/09\/2023 12:22<\/time><\/div><\/div><\/div><\/div><\/div>","single_layout":"posts","amp_enabled":true,"_links":{"self":[{"href":"https:\/\/www.suno.com.br\/noticias\/wp-json\/wp\/v2\/posts\/452077"}],"collection":[{"href":"https:\/\/www.suno.com.br\/noticias\/wp-json\/wp\/v2\/posts"}],"about":[{"href":"https:\/\/www.suno.com.br\/noticias\/wp-json\/wp\/v2\/types\/post"}],"author":[{"embeddable":true,"href":"https:\/\/www.suno.com.br\/noticias\/wp-json\/wp\/v2\/users\/73"}],"replies":[{"embeddable":true,"href":"https:\/\/www.suno.com.br\/noticias\/wp-json\/wp\/v2\/comments?post=452077"}],"version-history":[{"count":3,"href":"https:\/\/www.suno.com.br\/noticias\/wp-json\/wp\/v2\/posts\/452077\/revisions"}],"predecessor-version":[{"id":452100,"href":"https:\/\/www.suno.com.br\/noticias\/wp-json\/wp\/v2\/posts\/452077\/revisions\/452100"}],"wp:featuredmedia":[{"embeddable":true,"href":"https:\/\/www.suno.com.br\/noticias\/wp-json\/wp\/v2\/media\/363540"}],"wp:attachment":[{"href":"https:\/\/www.suno.com.br\/noticias\/wp-json\/wp\/v2\/media?parent=452077"}],"wp:term":[{"taxonomy":"category","embeddable":true,"href":"https:\/\/www.suno.com.br\/noticias\/wp-json\/wp\/v2\/categories?post=452077"},{"taxonomy":"post_tag","embeddable":true,"href":"https:\/\/www.suno.com.br\/noticias\/wp-json\/wp\/v2\/tags?post=452077"},{"taxonomy":"suno_strategy","embeddable":true,"href":"https:\/\/www.suno.com.br\/noticias\/wp-json\/wp\/v2\/suno_strategy?post=452077"}],"curies":[{"name":"wp","href":"https:\/\/api.w.org\/{rel}","templated":true}]}}