{"id":45204,"date":"2019-11-19T17:50:18","date_gmt":"2019-11-19T19:50:18","guid":{"rendered":"https:\/\/www.suno.com.br\/noticias\/?p=45204"},"modified":"2019-11-21T22:07:26","modified_gmt":"2019-11-22T00:07:26","slug":"guerra-comercial-eua-aumentarao-tarifas-china","status":"publish","type":"post","link":"https:\/\/www.suno.com.br\/noticias\/guerra-comercial-eua-aumentarao-tarifas-china\/","title":{"rendered":"Guerra comercial: EUA aumentar\u00e3o tarifas se n\u00e3o tiver acordo com China"},"content":{"rendered":"<p>O presidente dos <strong>Estados<\/strong> <strong>Unidos<\/strong>, <a href=\"https:\/\/www.suno.com.br\/tudo-sobre\/donald-trump\/\"><strong>Donald<\/strong> <strong>Trump<\/strong><\/a>, declarou nesta ter\u00e7a-feira (19), que aumentar\u00e1 as tarifas sobre as importa\u00e7\u00f5es de produtos chineses caso n\u00e3o seja fechado nenhum acordo comercial com <strong>Pequim<\/strong> para acabar com a atual <a href=\"https:\/\/www.suno.com.br\/artigos\/a-guerra-comercial\/\">guerra comercial<\/a> retaliat\u00f3ria que vem travando as economias de ambos pa\u00edses.<\/p>\t<div class=\"wrapper-featured-image\">\n\t\t<figure class=\"spotlightImg\">\n\n\t\t\t<picture>\n\t\t\t\t<source media=\"(max-width: 768px)\" srcset=\"https:\/\/files.sunoresearch.com.br\/n\/uploads\/2019\/08\/38c14748-guerra-comercial-400x200.webp\">\n\t\t\t\t<img loading=\"lazy\" decoding=\"async\" class=\"newsContent__article__imgCapa lazyloadDisabled newsContent__article__imgCapa--noCaption\" src=\"https:\/\/files.sunoresearch.com.br\/n\/uploads\/2019\/08\/38c14748-guerra-comercial-800x450.webp\" width=\"800\" height=\"450\" alt=\"Guerra comercial: EUA aumentar\u00e3o tarifas se n\u00e3o tiver acordo com China\" fetchpriority=high \/>\n\t\t\t<\/picture>\n\n\t\t\t<figcaption class=\"wp-caption-text wp-caption-text--hide\">China: Ap\u00f3s fechamento de consulado, rea\u00e7\u00e3o aos EUA \u00e9 necess\u00e1ria<\/figcaption>\n\t\t<\/figure>\n\t<\/div>\n\n\n\n<p>&#8220;Se n\u00f3s n\u00e3o conseguirmos um acordo com a <strong>China<\/strong>, eu simplesmente aumentarei ainda mais as <strong>tarifas<\/strong>&#8220;, afirmou <strong>Trump<\/strong> que tamb\u00e9m disse que a China ter\u00e1 que fechar um acordo para encerrar a <strong>guerra comercial<\/strong>.<\/p>\n<p><a href=\"https:\/\/lp.suno.com.br\/black-friday-2019\/?utm_source=noticias&amp;utm_medium=link\">Black Friday Suno \u2013 as melhores an\u00e1lises sobre investimentos com descontos incr\u00edveis! Cadastre-se para ser o primeiro a saber<\/a><\/p>\n<h2>Guerra comercial<\/h2>\n<p>A <strong>Xinhua<\/strong>, a ag\u00eancia estatal de not\u00edcias da <strong>China<\/strong>, divulgou no \u00faltimo domingo (17) que o pa\u00eds asi\u00e1tico e os<strong> Estados Unidos<\/strong> tiveram &#8220;negocia\u00e7\u00f5es construtivas&#8221;.<\/p>\n<p>Os representantes discutiram as quest\u00f5es centrais da primeira fase de um poss\u00edvel<strong> acordo comercial<\/strong> entre as duas maiores pot\u00eancias do planeta. Al\u00e9m disso, ambos os pa\u00edses concordaram em manter uma comunica\u00e7\u00e3o pr\u00f3xima.<\/p>\n<p><a href=\"https:\/\/www.suno.com.br\/noticias\/china-eua-guerra-comercial-disputa-acordo\/\">Confira: China e EUA tiveram negocia\u00e7\u00f5es construtivas sobre acordo comercial<\/a><\/p>\n<p>Segundo a ag\u00eancia, as negocia\u00e7\u00f5es foram feitas pelo telefone com o vice-primeiro-ministro da <strong>China<\/strong>, <strong>Liu<\/strong> <strong>He<\/strong>, o representante comercial dos <strong>EUA<\/strong>, <strong>Robert Lighthizer<\/strong>, al\u00e9m do secret\u00e1rio do Tesouro americano, Steven Mnunchin.<\/p>\n<p><a href=\"https:\/\/www.suno.com.br\/noticias\/bc-autoriza-capital-estrangeiro-xp-investimentos\/\">Confira e leia tamb\u00e9m: Banco Central autoriza at\u00e9 100% de capital estrangeiro na XP Investimentos, diz jornal<\/a><\/p>\n<p>O secret\u00e1rio de Com\u00e9rcio norte-americano, <strong>Wilbur<\/strong> <strong>Ross<\/strong>, indicou na \u00faltima sexta-feira (15), \u00e0 FOX TV, que o pa\u00eds poder\u00e1, em breve, estabelecer um panorama de acordo com os asi\u00e1ticos.<\/p>\n<p><a href=\"https:\/\/www.suno.com.br\/noticias\/guerra-comercial-china-acordo-trump\/\">Leia tamb\u00e9m: Guerra comercial: China est\u00e1 desesperada por acordo, diz Trump<\/a><\/p>\n<p>No entanto, o ex-conselheiro econ\u00f4mico da Casa Branca, Gary Cohn, disse \u00e0 rede norte-americana <strong>CNBC<\/strong>, na \u00faltima segunda-feira (18), acreditar que o presidente <strong>Trump<\/strong> seguir\u00e1 em frente com as tarifas no dia 15 de dezembro se os <strong>EUA<\/strong> e a <strong>China<\/strong> n\u00e3o chegarem a um acordo sobre a <strong>guerra<\/strong> <strong>comercial<\/strong> at\u00e9 ent\u00e3o.<\/p>\n","protected":false},"excerpt":{"rendered":"<p>O presidente dos Estados Unidos, Donald Trump, declarou nesta ter\u00e7a-feira (19), que aumentar\u00e1 as tarifas sobre as importa\u00e7\u00f5es de produtos chineses caso n\u00e3o seja fechado nenhum acordo comercial com Pequim para acabar com a atual guerra comercial retaliat\u00f3ria que vem travando as economias de ambos pa\u00edses. China: Ap\u00f3s fechamento de consulado, rea\u00e7\u00e3o aos EUA \u00e9 [&hellip;]<\/p>\n","protected":false},"author":23,"featured_media":33391,"comment_status":"closed","ping_status":"closed","sticky":false,"template":"","format":"standard","meta":[],"categories":[63],"tags":[724,793,980],"suno_strategy":[],"class_list":["post-45204","post","type-post","status-publish","format-standard","has-post-thumbnail","hentry","category-internacional","tag-donald-trump","tag-estados-unidos-eua","tag-guerra-comercial"],"yoast_head":"<!-- This site is optimized with the Yoast SEO plugin v24.4 - https:\/\/yoast.com\/wordpress\/plugins\/seo\/ -->\n<title>Guerra comercial: EUA aumentar\u00e3o tarifas se n\u00e3o tiver acordo com China<\/title>\n<meta name=\"description\" content=\"Trump declarou que aumentar\u00e1 tarifas sobre importa\u00e7\u00f5es de produtos chineses caso n\u00e3o tenha acordo sobre guerra comercial. Clique para mais.\" \/>\n<meta name=\"robots\" content=\"index, follow, max-snippet:-1, max-image-preview:large, max-video-preview:-1\" \/>\n<link rel=\"canonical\" href=\"https:\/\/www.suno.com.br\/noticias\/guerra-comercial-eua-aumentarao-tarifas-china\/\" \/>\n<meta property=\"og:locale\" content=\"pt_BR\" \/>\n<meta property=\"og:type\" content=\"article\" \/>\n<meta property=\"og:title\" content=\"Guerra comercial: EUA aumentar\u00e3o tarifas se n\u00e3o tiver acordo com China\" \/>\n<meta property=\"og:description\" content=\"Trump declarou que aumentar\u00e1 tarifas sobre importa\u00e7\u00f5es de produtos chineses caso n\u00e3o tenha acordo sobre guerra comercial. Clique para mais.\" \/>\n<meta property=\"og:url\" content=\"https:\/\/www.suno.com.br\/noticias\/guerra-comercial-eua-aumentarao-tarifas-china\/\" \/>\n<meta property=\"og:site_name\" content=\"Suno Not\u00edcias\" \/>\n<meta property=\"article:publisher\" content=\"https:\/\/facebook.com\/sunoresearch\" \/>\n<meta property=\"og:image\" content=\"https:\/\/files.sunoresearch.com.br\/n\/uploads\/2019\/08\/38c14748-guerra-comercial.jpg\" \/>\n\t<meta property=\"og:image:width\" content=\"3265\" \/>\n\t<meta property=\"og:image:height\" content=\"1935\" \/>\n\t<meta property=\"og:image:type\" content=\"image\/jpeg\" \/>\n<meta name=\"author\" content=\"Rafael Lara\" \/>\n<meta name=\"twitter:card\" content=\"summary_large_image\" \/>\n<meta name=\"twitter:creator\" content=\"@sunoresearch\" \/>\n<meta name=\"twitter:site\" content=\"@sunoresearch\" \/>\n<meta name=\"twitter:label1\" content=\"Escrito por\" \/>\n\t<meta name=\"twitter:data1\" content=\"Rafael Lara\" \/>\n\t<meta name=\"twitter:label2\" content=\"Est. tempo de leitura\" \/>\n\t<meta name=\"twitter:data2\" content=\"2 minutos\" \/>\n<script type=\"application\/ld+json\" class=\"yoast-schema-graph\">{\"@context\":\"https:\/\/schema.org\",\"@graph\":[{\"@type\":\"NewsArticle\",\"@id\":\"https:\/\/www.suno.com.br\/noticias\/guerra-comercial-eua-aumentarao-tarifas-china\/#article\",\"isPartOf\":{\"@id\":\"https:\/\/www.suno.com.br\/noticias\/guerra-comercial-eua-aumentarao-tarifas-china\/\"},\"author\":{\"name\":\"Rafael Lara\",\"@id\":\"https:\/\/www.suno.com.br\/noticias\/#\/schema\/person\/098743caeed97b37f51315c9576c4078\"},\"headline\":\"Guerra comercial: EUA aumentar\u00e3o tarifas se n\u00e3o tiver acordo com China\",\"datePublished\":\"2019-11-19T19:50:18+00:00\",\"dateModified\":\"2019-11-22T00:07:26+00:00\",\"mainEntityOfPage\":{\"@id\":\"https:\/\/www.suno.com.br\/noticias\/guerra-comercial-eua-aumentarao-tarifas-china\/\"},\"wordCount\":350,\"publisher\":{\"@id\":\"https:\/\/www.suno.com.br\/noticias\/#organization\"},\"image\":{\"@id\":\"https:\/\/www.suno.com.br\/noticias\/guerra-comercial-eua-aumentarao-tarifas-china\/#primaryimage\"},\"thumbnailUrl\":\"https:\/\/files.sunoresearch.com.br\/n\/uploads\/2019\/08\/38c14748-guerra-comercial-scaled.webp\",\"keywords\":[\"Donald Trump\",\"Estados Unidos (EUA)\",\"guerra comercial\"],\"articleSection\":[\"Internacional\"],\"inLanguage\":\"pt-BR\"},{\"@type\":\"WebPage\",\"@id\":\"https:\/\/www.suno.com.br\/noticias\/guerra-comercial-eua-aumentarao-tarifas-china\/\",\"url\":\"https:\/\/www.suno.com.br\/noticias\/guerra-comercial-eua-aumentarao-tarifas-china\/\",\"name\":\"Guerra comercial: EUA aumentar\u00e3o tarifas se n\u00e3o tiver acordo com China\",\"isPartOf\":{\"@id\":\"https:\/\/www.suno.com.br\/noticias\/#website\"},\"primaryImageOfPage\":{\"@id\":\"https:\/\/www.suno.com.br\/noticias\/guerra-comercial-eua-aumentarao-tarifas-china\/#primaryimage\"},\"image\":{\"@id\":\"https:\/\/www.suno.com.br\/noticias\/guerra-comercial-eua-aumentarao-tarifas-china\/#primaryimage\"},\"thumbnailUrl\":\"https:\/\/files.sunoresearch.com.br\/n\/uploads\/2019\/08\/38c14748-guerra-comercial-scaled.webp\",\"datePublished\":\"2019-11-19T19:50:18+00:00\",\"dateModified\":\"2019-11-22T00:07:26+00:00\",\"description\":\"Trump declarou que aumentar\u00e1 tarifas sobre importa\u00e7\u00f5es de produtos chineses caso n\u00e3o tenha acordo sobre guerra comercial. Clique para mais.\",\"breadcrumb\":{\"@id\":\"https:\/\/www.suno.com.br\/noticias\/guerra-comercial-eua-aumentarao-tarifas-china\/#breadcrumb\"},\"inLanguage\":\"pt-BR\",\"potentialAction\":[{\"@type\":\"ReadAction\",\"target\":[\"https:\/\/www.suno.com.br\/noticias\/guerra-comercial-eua-aumentarao-tarifas-china\/\"]}]},{\"@type\":\"ImageObject\",\"inLanguage\":\"pt-BR\",\"@id\":\"https:\/\/www.suno.com.br\/noticias\/guerra-comercial-eua-aumentarao-tarifas-china\/#primaryimage\",\"url\":\"https:\/\/files.sunoresearch.com.br\/n\/uploads\/2019\/08\/38c14748-guerra-comercial-scaled.webp\",\"contentUrl\":\"https:\/\/files.sunoresearch.com.br\/n\/uploads\/2019\/08\/38c14748-guerra-comercial-scaled.webp\",\"width\":2560,\"height\":1517,\"caption\":\"China: Ap\u00f3s fechamento de consulado, rea\u00e7\u00e3o aos EUA \u00e9 necess\u00e1ria\"},{\"@type\":\"BreadcrumbList\",\"@id\":\"https:\/\/www.suno.com.br\/noticias\/guerra-comercial-eua-aumentarao-tarifas-china\/#breadcrumb\",\"itemListElement\":[{\"@type\":\"ListItem\",\"position\":1,\"name\":\"Not\u00edcias\",\"item\":\"https:\/\/www.suno.com.br\/noticias\/\"},{\"@type\":\"ListItem\",\"position\":2,\"name\":\"Internacional\",\"item\":\"https:\/\/www.suno.com.br\/noticias\/internacional\/\"},{\"@type\":\"ListItem\",\"position\":3,\"name\":\"Guerra comercial: EUA aumentar\u00e3o tarifas se n\u00e3o tiver acordo com China\"}]},{\"@type\":\"WebSite\",\"@id\":\"https:\/\/www.suno.com.br\/noticias\/#website\",\"url\":\"https:\/\/www.suno.com.br\/noticias\/\",\"name\":\"Suno Not\u00edcias\",\"description\":\"Seu portal de informa\u00e7\u00e3o sobre o mundo dos investimentos\",\"publisher\":{\"@id\":\"https:\/\/www.suno.com.br\/noticias\/#organization\"},\"potentialAction\":[{\"@type\":\"SearchAction\",\"target\":{\"@type\":\"EntryPoint\",\"urlTemplate\":\"https:\/\/www.suno.com.br\/noticias\/?s={search_term_string}\"},\"query-input\":{\"@type\":\"PropertyValueSpecification\",\"valueRequired\":true,\"valueName\":\"search_term_string\"}}],\"inLanguage\":\"pt-BR\"},{\"@type\":\"Organization\",\"@id\":\"https:\/\/www.suno.com.br\/noticias\/#organization\",\"name\":\"Suno Not\u00edcias\",\"url\":\"https:\/\/www.suno.com.br\/noticias\/\",\"logo\":{\"@type\":\"ImageObject\",\"inLanguage\":\"pt-BR\",\"@id\":\"https:\/\/www.suno.com.br\/noticias\/#\/schema\/logo\/image\/\",\"url\":\"https:\/\/files.sunoresearch.com.br\/n\/uploads\/2021\/09\/suno-logo.png\",\"contentUrl\":\"https:\/\/files.sunoresearch.com.br\/n\/uploads\/2021\/09\/suno-logo.png\",\"width\":180,\"height\":180,\"caption\":\"Suno Not\u00edcias\"},\"image\":{\"@id\":\"https:\/\/www.suno.com.br\/noticias\/#\/schema\/logo\/image\/\"},\"sameAs\":[\"https:\/\/facebook.com\/sunoresearch\",\"https:\/\/x.com\/sunoresearch\",\"https:\/\/www.instagram.com\/suno\",\"https:\/\/www.linkedin.com\/company\/suno-research\/\",\"https:\/\/www.youtube.com\/c\/sunoresearch\"]},{\"@type\":\"Person\",\"@id\":\"https:\/\/www.suno.com.br\/noticias\/#\/schema\/person\/098743caeed97b37f51315c9576c4078\",\"name\":\"Rafael Lara\",\"image\":{\"@type\":\"ImageObject\",\"inLanguage\":\"pt-BR\",\"@id\":\"https:\/\/www.suno.com.br\/noticias\/#\/schema\/person\/image\/\",\"url\":\"https:\/\/secure.gravatar.com\/avatar\/dfc254ab9bb2ea1895d98b9e9dae4bdd?s=96&r=g\",\"contentUrl\":\"https:\/\/secure.gravatar.com\/avatar\/dfc254ab9bb2ea1895d98b9e9dae4bdd?s=96&r=g\",\"caption\":\"Rafael Lara\"},\"description\":\"Rafael Lara cursa jornalismo na Faculdade C\u00e1sper L\u00edbero. Escreve sobre pol\u00edtica, economia e neg\u00f3cios para o portal Suno Not\u00edcias. Antes, colaborou na TV Gazeta na produ\u00e7\u00e3o do programa Edi\u00e7\u00e3o Extra.\",\"url\":\"https:\/\/www.suno.com.br\/noticias\/author\/rafael\/\"}]}<\/script>\n<!-- \/ Yoast SEO plugin. -->","yoast_head_json":{"title":"Guerra comercial: EUA aumentar\u00e3o tarifas se n\u00e3o tiver acordo com China","description":"Trump declarou que aumentar\u00e1 tarifas sobre importa\u00e7\u00f5es de produtos chineses caso n\u00e3o tenha acordo sobre guerra comercial. Clique para mais.","robots":{"index":"index","follow":"follow","max-snippet":"max-snippet:-1","max-image-preview":"max-image-preview:large","max-video-preview":"max-video-preview:-1"},"canonical":"https:\/\/www.suno.com.br\/noticias\/guerra-comercial-eua-aumentarao-tarifas-china\/","og_locale":"pt_BR","og_type":"article","og_title":"Guerra comercial: EUA aumentar\u00e3o tarifas se n\u00e3o tiver acordo com China","og_description":"Trump declarou que aumentar\u00e1 tarifas sobre importa\u00e7\u00f5es de produtos chineses caso n\u00e3o tenha acordo sobre guerra comercial. Clique para mais.","og_url":"https:\/\/www.suno.com.br\/noticias\/guerra-comercial-eua-aumentarao-tarifas-china\/","og_site_name":"Suno Not\u00edcias","article_publisher":"https:\/\/facebook.com\/sunoresearch","og_image":[{"width":3265,"height":1935,"url":"https:\/\/files.sunoresearch.com.br\/n\/uploads\/2019\/08\/38c14748-guerra-comercial.jpg","type":"image\/jpeg"}],"author":"Rafael Lara","twitter_card":"summary_large_image","twitter_creator":"@sunoresearch","twitter_site":"@sunoresearch","twitter_misc":{"Escrito por":"Rafael Lara","Est. tempo de leitura":"2 minutos"},"schema":{"@context":"https:\/\/schema.org","@graph":[{"@type":"NewsArticle","@id":"https:\/\/www.suno.com.br\/noticias\/guerra-comercial-eua-aumentarao-tarifas-china\/#article","isPartOf":{"@id":"https:\/\/www.suno.com.br\/noticias\/guerra-comercial-eua-aumentarao-tarifas-china\/"},"author":{"name":"Rafael Lara","@id":"https:\/\/www.suno.com.br\/noticias\/#\/schema\/person\/098743caeed97b37f51315c9576c4078"},"headline":"Guerra comercial: EUA aumentar\u00e3o tarifas se n\u00e3o tiver acordo com China","datePublished":"2019-11-19T19:50:18+00:00","dateModified":"2019-11-22T00:07:26+00:00","mainEntityOfPage":{"@id":"https:\/\/www.suno.com.br\/noticias\/guerra-comercial-eua-aumentarao-tarifas-china\/"},"wordCount":350,"publisher":{"@id":"https:\/\/www.suno.com.br\/noticias\/#organization"},"image":{"@id":"https:\/\/www.suno.com.br\/noticias\/guerra-comercial-eua-aumentarao-tarifas-china\/#primaryimage"},"thumbnailUrl":"https:\/\/files.sunoresearch.com.br\/n\/uploads\/2019\/08\/38c14748-guerra-comercial-scaled.webp","keywords":["Donald Trump","Estados Unidos (EUA)","guerra comercial"],"articleSection":["Internacional"],"inLanguage":"pt-BR"},{"@type":"WebPage","@id":"https:\/\/www.suno.com.br\/noticias\/guerra-comercial-eua-aumentarao-tarifas-china\/","url":"https:\/\/www.suno.com.br\/noticias\/guerra-comercial-eua-aumentarao-tarifas-china\/","name":"Guerra comercial: EUA aumentar\u00e3o tarifas se n\u00e3o tiver acordo com China","isPartOf":{"@id":"https:\/\/www.suno.com.br\/noticias\/#website"},"primaryImageOfPage":{"@id":"https:\/\/www.suno.com.br\/noticias\/guerra-comercial-eua-aumentarao-tarifas-china\/#primaryimage"},"image":{"@id":"https:\/\/www.suno.com.br\/noticias\/guerra-comercial-eua-aumentarao-tarifas-china\/#primaryimage"},"thumbnailUrl":"https:\/\/files.sunoresearch.com.br\/n\/uploads\/2019\/08\/38c14748-guerra-comercial-scaled.webp","datePublished":"2019-11-19T19:50:18+00:00","dateModified":"2019-11-22T00:07:26+00:00","description":"Trump declarou que aumentar\u00e1 tarifas sobre importa\u00e7\u00f5es de produtos chineses caso n\u00e3o tenha acordo sobre guerra comercial. Clique para mais.","breadcrumb":{"@id":"https:\/\/www.suno.com.br\/noticias\/guerra-comercial-eua-aumentarao-tarifas-china\/#breadcrumb"},"inLanguage":"pt-BR","potentialAction":[{"@type":"ReadAction","target":["https:\/\/www.suno.com.br\/noticias\/guerra-comercial-eua-aumentarao-tarifas-china\/"]}]},{"@type":"ImageObject","inLanguage":"pt-BR","@id":"https:\/\/www.suno.com.br\/noticias\/guerra-comercial-eua-aumentarao-tarifas-china\/#primaryimage","url":"https:\/\/files.sunoresearch.com.br\/n\/uploads\/2019\/08\/38c14748-guerra-comercial-scaled.webp","contentUrl":"https:\/\/files.sunoresearch.com.br\/n\/uploads\/2019\/08\/38c14748-guerra-comercial-scaled.webp","width":2560,"height":1517,"caption":"China: Ap\u00f3s fechamento de consulado, rea\u00e7\u00e3o aos EUA \u00e9 necess\u00e1ria"},{"@type":"BreadcrumbList","@id":"https:\/\/www.suno.com.br\/noticias\/guerra-comercial-eua-aumentarao-tarifas-china\/#breadcrumb","itemListElement":[{"@type":"ListItem","position":1,"name":"Not\u00edcias","item":"https:\/\/www.suno.com.br\/noticias\/"},{"@type":"ListItem","position":2,"name":"Internacional","item":"https:\/\/www.suno.com.br\/noticias\/internacional\/"},{"@type":"ListItem","position":3,"name":"Guerra comercial: EUA aumentar\u00e3o tarifas se n\u00e3o tiver acordo com China"}]},{"@type":"WebSite","@id":"https:\/\/www.suno.com.br\/noticias\/#website","url":"https:\/\/www.suno.com.br\/noticias\/","name":"Suno Not\u00edcias","description":"Seu portal de informa\u00e7\u00e3o sobre o mundo dos investimentos","publisher":{"@id":"https:\/\/www.suno.com.br\/noticias\/#organization"},"potentialAction":[{"@type":"SearchAction","target":{"@type":"EntryPoint","urlTemplate":"https:\/\/www.suno.com.br\/noticias\/?s={search_term_string}"},"query-input":{"@type":"PropertyValueSpecification","valueRequired":true,"valueName":"search_term_string"}}],"inLanguage":"pt-BR"},{"@type":"Organization","@id":"https:\/\/www.suno.com.br\/noticias\/#organization","name":"Suno Not\u00edcias","url":"https:\/\/www.suno.com.br\/noticias\/","logo":{"@type":"ImageObject","inLanguage":"pt-BR","@id":"https:\/\/www.suno.com.br\/noticias\/#\/schema\/logo\/image\/","url":"https:\/\/files.sunoresearch.com.br\/n\/uploads\/2021\/09\/suno-logo.png","contentUrl":"https:\/\/files.sunoresearch.com.br\/n\/uploads\/2021\/09\/suno-logo.png","width":180,"height":180,"caption":"Suno Not\u00edcias"},"image":{"@id":"https:\/\/www.suno.com.br\/noticias\/#\/schema\/logo\/image\/"},"sameAs":["https:\/\/facebook.com\/sunoresearch","https:\/\/x.com\/sunoresearch","https:\/\/www.instagram.com\/suno","https:\/\/www.linkedin.com\/company\/suno-research\/","https:\/\/www.youtube.com\/c\/sunoresearch"]},{"@type":"Person","@id":"https:\/\/www.suno.com.br\/noticias\/#\/schema\/person\/098743caeed97b37f51315c9576c4078","name":"Rafael Lara","image":{"@type":"ImageObject","inLanguage":"pt-BR","@id":"https:\/\/www.suno.com.br\/noticias\/#\/schema\/person\/image\/","url":"https:\/\/secure.gravatar.com\/avatar\/dfc254ab9bb2ea1895d98b9e9dae4bdd?s=96&r=g","contentUrl":"https:\/\/secure.gravatar.com\/avatar\/dfc254ab9bb2ea1895d98b9e9dae4bdd?s=96&r=g","caption":"Rafael Lara"},"description":"Rafael Lara cursa jornalismo na Faculdade C\u00e1sper L\u00edbero. Escreve sobre pol\u00edtica, economia e neg\u00f3cios para o portal Suno Not\u00edcias. Antes, colaborou na TV Gazeta na produ\u00e7\u00e3o do programa Edi\u00e7\u00e3o Extra.","url":"https:\/\/www.suno.com.br\/noticias\/author\/rafael\/"}]}},"default_loop_html":"<div class=\"cardsPage__listCard__boxs\"><div class=\"cardsPage__listCard__boxs__img\"><a href=\"https:\/\/www.suno.com.br\/noticias\/guerra-comercial-eua-aumentarao-tarifas-china\/\"><img class=\"mask\" src=\"https:\/\/www.suno.com.br\/noticias\/wp-content\/themes\/suno\/resources\/images\/spotlight\/spotlight1img\/bg-mask.png\" alt=\"Image Mask\"\/><img src=\"https:\/\/files.sunoresearch.com.br\/n\/uploads\/2019\/08\/38c14748-guerra-comercial-400x200.webp\" alt=\"Guerra comercial: EUA aumentar\u00e3o tarifas se n\u00e3o tiver acordo com China\"\/><\/a><span class=\"spotlightCategory\"><a href=\"https:\/\/www.suno.com.br\/noticias\/internacional\/\">Internacional<\/a><\/span><\/div><div class=\"cardsPage__listCard__boxs__content\"><a href=\"https:\/\/www.suno.com.br\/noticias\/guerra-comercial-eua-aumentarao-tarifas-china\/\"><h2 class=\"content__title\">Guerra comercial: EUA aumentar\u00e3o tarifas se n\u00e3o tiver acordo com China<\/h2><\/a><div class=\"newsContent__article__meta\"><div class=\"newsContent__article__meta__authorBox\"><a href=\"https:\/\/www.suno.com.br\/noticias\/author\/rafael\/\" class=\"authorBox__avatar noMobi\"><img src=\"https:\/\/secure.gravatar.com\/avatar\/dfc254ab9bb2ea1895d98b9e9dae4bdd?s=96&#038;r=g\" alt=\"Rafael Lara\"><\/a><div class=\"authorBox__name\"><span>por\n\t\t\t<a href=\"https:\/\/www.suno.com.br\/noticias\/author\/rafael\/\"><span itemprop=\"author\">Rafael Lara<\/span><\/a><\/span><time datetime=\"2019-11-19T17:50:18-03:00\" itemprop=\"datePublished\">19\/11\/2019 17:50<\/time><\/div><\/div><\/div><\/div><\/div>","single_layout":"posts","amp_enabled":true,"_links":{"self":[{"href":"https:\/\/www.suno.com.br\/noticias\/wp-json\/wp\/v2\/posts\/45204"}],"collection":[{"href":"https:\/\/www.suno.com.br\/noticias\/wp-json\/wp\/v2\/posts"}],"about":[{"href":"https:\/\/www.suno.com.br\/noticias\/wp-json\/wp\/v2\/types\/post"}],"author":[{"embeddable":true,"href":"https:\/\/www.suno.com.br\/noticias\/wp-json\/wp\/v2\/users\/23"}],"replies":[{"embeddable":true,"href":"https:\/\/www.suno.com.br\/noticias\/wp-json\/wp\/v2\/comments?post=45204"}],"version-history":[{"count":0,"href":"https:\/\/www.suno.com.br\/noticias\/wp-json\/wp\/v2\/posts\/45204\/revisions"}],"wp:featuredmedia":[{"embeddable":true,"href":"https:\/\/www.suno.com.br\/noticias\/wp-json\/wp\/v2\/media\/33391"}],"wp:attachment":[{"href":"https:\/\/www.suno.com.br\/noticias\/wp-json\/wp\/v2\/media?parent=45204"}],"wp:term":[{"taxonomy":"category","embeddable":true,"href":"https:\/\/www.suno.com.br\/noticias\/wp-json\/wp\/v2\/categories?post=45204"},{"taxonomy":"post_tag","embeddable":true,"href":"https:\/\/www.suno.com.br\/noticias\/wp-json\/wp\/v2\/tags?post=45204"},{"taxonomy":"suno_strategy","embeddable":true,"href":"https:\/\/www.suno.com.br\/noticias\/wp-json\/wp\/v2\/suno_strategy?post=45204"}],"curies":[{"name":"wp","href":"https:\/\/api.w.org\/{rel}","templated":true}]}}