{"id":451951,"date":"2023-09-05T10:33:58","date_gmt":"2023-09-05T13:33:58","guid":{"rendered":"https:\/\/www.suno.com.br\/noticias\/?p=451951"},"modified":"2023-09-05T10:36:11","modified_gmt":"2023-09-05T13:36:11","slug":"via-viia3-lanca-oferta-de-acoes-gpj","status":"publish","type":"post","link":"https:\/\/www.suno.com.br\/noticias\/via-viia3-lanca-oferta-de-acoes-gpj\/","title":{"rendered":"Via (VIIA3) lan\u00e7a oferta de a\u00e7\u00f5es avaliada em quase R$ 1 bilh\u00e3o"},"content":{"rendered":"<p>A <a href=\"https:\/\/www.suno.com.br\/acoes\/viia3\/\" target=\"_blank\" rel=\"noreferrer noopener\"><strong>Via<\/strong>\u00a0(VIIA3)<\/a>\u00a0anunciou nesta ter\u00e7a-feira (5) que vai emitir 778.649.283 <a href=\"https:\/\/www.suno.com.br\/artigos\/o-que-sao-acoes-ordinarias-preferenciais-e-units\/\">a\u00e7\u00f5es ordin\u00e1rias<\/a> por meio de uma oferta p\u00fablica prim\u00e1ria de a\u00e7\u00f5es, o que corresponde a R$ 981 milh\u00f5es com base no pre\u00e7o de fechamento de R$ 1,26 da \u00faltima segunda-feira (4).<\/p>\t<div class=\"wrapper-featured-image\">\n\t\t<figure class=\"spotlightImg\">\n\n\t\t\t<picture>\n\t\t\t\t<source media=\"(max-width: 768px)\" srcset=\"https:\/\/files.sunoresearch.com.br\/n\/uploads\/2022\/10\/Casas-Bahia-via-400x200.jpg\">\n\t\t\t\t<img loading=\"lazy\" decoding=\"async\" class=\"newsContent__article__imgCapa lazyloadDisabled \" src=\"https:\/\/files.sunoresearch.com.br\/n\/uploads\/2022\/10\/Casas-Bahia-via-800x450.jpg\" width=\"800\" height=\"450\" alt=\"Via (VIIA3) lan\u00e7a oferta de a\u00e7\u00f5es avaliada em quase R$ 1 bilh\u00e3o\" fetchpriority=high \/>\n\t\t\t<\/picture>\n\n\t\t\t<figcaption class=\"wp-caption-text wp-caption-text--show\">Via (VIIA3). Foto: Divulga\u00e7\u00e3o. <\/figcaption>\n\t\t<\/figure>\n\t<\/div>\n\n\n\n\n\n\n\n\t<p>\n\t\t<a href=\"\" target=\"_blank\" data-element=\"shortcode-suno-banner\" title=\"Banner SUNO, clique e saiba mais\">\n\t\t\t<picture>\n\t\t\t\t<source media=\"(max-width: 500px)\" srcset=\"\">\n\t\t\t\t<img class=\"newsContent__article__imgCapa newsContent__article__imgCapa--banner\"\n\t\t\t\t\tsrc=\"\"\n\t\t\t\t\tdata-promo-id=\"250707\"\t\t\t\t\t\t\t\t\t\t\t\t\t\t\talt=\"\"\n\t\t\t\t>\n\t\t\t<\/picture>\n\t\t<\/a>\n\t<\/p>\n\n\n\n\n\n<p>Adicionalmente, segundo a Via, ser\u00e3o entregues at\u00e9 622.919.426 <a href=\"https:\/\/www.suno.com.br\/artigos\/bonus-de-subscricao\/\">b\u00f4nus de subscri\u00e7\u00e3o<\/a> aos subscritores das a\u00e7\u00f5es, que ser\u00e3o ofertados e alocados aos subscritores em lotes de 5 a\u00e7\u00f5es.<\/p>\n\n\n\n<p>A fixa\u00e7\u00e3o do pre\u00e7o por a\u00e7\u00e3o ser\u00e1 realizada em 13 de setembro, com o in\u00edcio de negocia\u00e7\u00e3o das a\u00e7\u00f5es e dos b\u00f4nus de subscri\u00e7\u00e3o no dia 15. A liquida\u00e7\u00e3o ocorre no dia 18 e o cr\u00e9dito dos b\u00f4nus de subscri\u00e7\u00e3o, no dia 19.<\/p>\n\n\n\n<p>&#8220;A companhia pretende utilizar a totalidade dos recursos l\u00edquidos provenientes da oferta para promover a melhora da <a href=\"https:\/\/www.suno.com.br\/artigos\/indicadores-estrutura-capital\/\">estrutura de capital<\/a>, incluindo o investimento nas cotas subordinadas da opera\u00e7\u00e3o de <strong>FIDC<\/strong> da <strong>carteira de credi\u00e1rio<\/strong>&#8220;, disse a Via.<\/p>\n\n\n\n<p>Ainda de acordo com a varejista, as a\u00e7\u00f5es da oferta prim\u00e1ria ser\u00e3o destinadas exclusivamente \u00e0 coloca\u00e7\u00e3o perante os acionistas e as a\u00e7\u00f5es remanescentes da oferta priorit\u00e1ria (se houver) ser\u00e3o destinadas \u00e0 coloca\u00e7\u00e3o perante investidores profissionais.<\/p>\n\n\n\n<p>&#8220;N\u00e3o ser\u00e1 admitida distribui\u00e7\u00e3o parcial no \u00e2mbito da oferta. Assim, caso n\u00e3o haja demanda para a subscri\u00e7\u00e3o das a\u00e7\u00f5es inicialmente ofertadas por parte dos acionistas e\/ou dos investidores profissionais at\u00e9 a data da conclus\u00e3o do procedimento de <strong>bookbuilding<\/strong>, nos termos do contrato de coloca\u00e7\u00e3o, a oferta ser\u00e1 cancelada&#8221;, acrescentou.<\/p>\n\n\n\n<p>A oferta ter\u00e1 coordena\u00e7\u00e3o do <strong>UBS Brasil<\/strong> (coordenador l\u00edder), do <strong>Bradesco BBI<\/strong>, <a href=\"https:\/\/www.suno.com.br\/acoes\/BPAC11\/\">BTG Pactual (BPAC11)<\/a>, <strong>Ita\u00fa BBA<\/strong> e <strong><a href=\"https:\/\/www.suno.com.br\/acoes\/sanb11\/\" target=\"_blank\" rel=\"noreferrer noopener\">Santander Brasil (SANB11)<\/a><\/strong>.<\/p>\n\n\n\t<div data-element=\"shortcode-read-more\" class=\"knowMore\">\n\t\t\t\t<span class=\"knowMore__title\">Leia mais<\/span>\n\t\t\t\t<a class=\"knowMore__link\" href=\"https:\/\/www.suno.com.br\/noticias\/via-viia3-oferta-de-acoes-gpj\/\">\n\t\t\tVia (VIIA3) engaja bancos para potencial oferta de a\u00e7\u00f5es avaliada em R$ 1 bilh\u00e3o\t\t<\/a>\n\t<\/div>\n\n\n\n\t<p>\n\t\t<a href=\"https:\/\/lp.suno.com.br\/planilha-controle-gastos\/\" target=\"_blank\" data-element=\"shortcode-suno-banner\" title=\"Banner SUNO, clique e saiba mais\">\n\t\t\t<picture>\n\t\t\t\t<source media=\"(max-width: 500px)\" srcset=\"https:\/\/files.sunoresearch.com.br\/n\/uploads\/2023\/03\/400x300-Planilha-controle-de-gastos.png\">\n\t\t\t\t<img class=\"newsContent__article__imgCapa newsContent__article__imgCapa--banner\"\n\t\t\t\t\tsrc=\"https:\/\/files.sunoresearch.com.br\/n\/uploads\/2023\/03\/1420x240-Planilha-controle-de-gastos.png\"\n\t\t\t\t\tdata-promo-id=\"101751\"\t\t\t\t\t\t\t\t\t\twidth='1420' height='240'\t\t\t\t\talt=\"https:\/\/files.sunoresearch.com.br\/n\/uploads\/2023\/03\/1420x240-Planilha-controle-de-gastos.png\"\n\t\t\t\t>\n\t\t\t<\/picture>\n\t\t<\/a>\n\t<\/p>\n\n\n\n\n\n<h2 class=\"wp-block-heading\">Via (VIIA3) convoca assembleia para decidir sobre aumento de capital e mudan\u00e7a de nome<\/h2>\n\n\n\n<p>A\u00a0Via\u00a0convocou pela segunda vez uma assembleia geral extraordin\u00e1ria para votar sobre a altera\u00e7\u00e3o do valor m\u00e1ximo do capital social da empresa para at\u00e9 R$ 3 bilh\u00f5es, al\u00e9m da mudan\u00e7a do nome de Via para <strong>Grupo Casas Bahia.<\/strong><\/p>\n\n\n\n<p>Marcada para o dia 12 de setembro (pr\u00f3xima ter\u00e7a-feira), a assembleia ser\u00e1 instalada com a presen\u00e7a de qualquer n\u00famero de acionistas, n\u00e3o sendo necess\u00e1ria a presen\u00e7a de, no m\u00ednimo, dois ter\u00e7os do capital com direito ao voto, disse a Via.<\/p>\n\n\n\t<p>\n\t\t<a href=\"https:\/\/lp.suno.com.br\/ebook-como-analisar-uma-acao\/\" target=\"_blank\" data-element=\"shortcode-suno-banner\" title=\"Banner SUNO, clique e saiba mais\">\n\t\t\t<picture>\n\t\t\t\t<source media=\"(max-width: 500px)\" srcset=\"https:\/\/files.sunoresearch.com.br\/n\/uploads\/2023\/03\/Ebook-Acoes-Mobile-1.jpg\">\n\t\t\t\t<img class=\"newsContent__article__imgCapa newsContent__article__imgCapa--banner\"\n\t\t\t\t\tsrc=\"https:\/\/files.sunoresearch.com.br\/n\/uploads\/2023\/03\/Ebook-Acoes-Desktop-1.jpg\"\n\t\t\t\t\tdata-promo-id=\"171998\"\t\t\t\t\t\t\t\t\t\twidth='1420' height='286'\t\t\t\t\talt=\"https:\/\/files.sunoresearch.com.br\/n\/uploads\/2023\/03\/Ebook-Acoes-Desktop-1.jpg\"\n\t\t\t\t>\n\t\t\t<\/picture>\n\t\t<\/a>\n\t<\/p>\n\n\n\n\n\n<h2 class=\"wp-block-heading\">Via (VIIA3): melhora operacional poder\u00e1 ser sentida apenas em 2025, diz analista. E o Magazine Luiza (MGLU3)?<\/h2>\n\n\n\n<p>A redu\u00e7\u00e3o nas taxas de juros, prevista para os pr\u00f3ximos meses, pode ser favor\u00e1vel tanto para\u00a0Via\u00a0quanto para\u00a0<a href=\"https:\/\/www.suno.com.br\/acoes\/MGLU3\/\"><strong>Magazine Luiza (MGLU3)<\/strong><\/a>. Entretanto, fatores microecon\u00f4micos fornecem uma vis\u00e3o mais neutra para as companhias, com um vi\u00e9s mais positivo no\u00a0<a href=\"https:\/\/www.suno.com.br\/artigos\/longo-prazo\/\">longo prazo<\/a>\u00a0para a dona das Casas Bahia. A Via pode sentir os efeitos de uma melhora operacional apenas em 2025, segundo o analista Gabriel Costa, da Toro Investimentos.<\/p>\n\n\n\n<p>Do ponto de vista macroecon\u00f4mico, tanto para a Via quanto para o Magazine Luiza, o cen\u00e1rio para o restante do ano \u00e9 favor\u00e1vel, com as&nbsp;<strong>redu\u00e7\u00f5es de juros<\/strong>&nbsp;podendo beneficiar ambas as empresas, seja pela&nbsp;<strong>redu\u00e7\u00e3o do custo da d\u00edvida<\/strong>&nbsp;ou pela melhora do consumo das fam\u00edlias, disse o analista da&nbsp;<strong>Toro Investimentos.<\/strong><\/p>\n\n\n\n<p>Por\u00e9m, quando considerados&nbsp;<strong>fatores microecon\u00f4micos<\/strong>&nbsp;dos neg\u00f3cios, as perspectivas j\u00e1 n\u00e3o s\u00e3o t\u00e3o positivas.<\/p>\n\n\n\n<p>\u201cDo lado do Magazine Luiza, observamos uma piora significativa dos&nbsp;<strong>resultados operacionais<\/strong>&nbsp;e aumento no preju\u00edzo l\u00edquido ano a ano. Dif\u00edcil precisar quando vir\u00e1 uma melhora expressiva. A Via, por sua vez, tamb\u00e9m reportou resultados fracos, mas o mercado est\u00e1 atento \u00e0 possibilidade de&nbsp;<strong>aumento de capital<\/strong>&nbsp;robusto proposta pela companhia, juntamente com um plano de transforma\u00e7\u00e3o do neg\u00f3cio. Ainda assim, os efeitos de uma&nbsp;<strong>melhora operacional da Via&nbsp;<\/strong>podem ser sentidos somente a partir de 2025\u2033, destacou Costa.<\/p>\n\n\n\n<p>Diante deste cen\u00e1rio, um estudo da&nbsp;<strong>Quantum Axis&nbsp;<\/strong>mostrou o comportamento das a\u00e7\u00f5es das principais&nbsp;varejistas&nbsp;do pa\u00eds no acumulado do ano, compreendendo o intervalo entre os dias 2\/1\/2023 e 14\/08\/2023.<\/p>\n\n\n\n<p>Para o levantamento, a empresa de intelig\u00eancia de mercado selecionou as&nbsp;<strong>varejistas<\/strong>&nbsp;com maior repercuss\u00e3o na imprensa nos \u00faltimos tempos, especialmente durante a \u00faltima temporada de balan\u00e7os. Nesse per\u00edodo, a<a href=\"https:\/\/www.suno.com.br\/artigos\/taxa-de-retorno\/#:~:text=A%20taxa%20de%20retorno%20mede,imobili%C3%A1rios%2C%20e%20qualquer%20outro%20tipo.\">&nbsp;taxa de retorno&nbsp;<\/a>da Magazine Luiza foi de +3,65%, enquanto a da Via ficou em -28,33%.<\/p>\n\n\n\n<p>No levantamento, ainda h\u00e1 outras janelas de tempo, como 12, 24 e 36 meses, que calculam a diferen\u00e7a entre o pre\u00e7o de fechamento atual no Ibovespa e a quantidade de meses para tr\u00e1s. Confira:<\/p>\n\n\n\n<ul class=\"wp-block-list\">\n<li>Magazine Luiza (MGLU3): -6,58% (entre 12\/08\/22 e 14\/08\/2023); -86,42% (entre 12\/08\/2021 e 14\/08\/2023) e -86,11% (entre 11\/08\/2020 e 14\/08\/2023);<\/li>\n\n\n\n<li><strong>Via<\/strong>\u00a0(VIIA3): -38,35% (entre 12\/08\/22 e 14\/08\/2023); -86,79% (entre 12\/08\/2021 e 14\/08\/2023) e -91,03% (entre 11\/08\/2020 e 14\/08\/2023).<\/li>\n<\/ul>\n\n\n\t<p>\n\t\t<a href=\"https:\/\/lp.suno.com.br\/planilha-de-controle-de-investimentos\/\" target=\"_blank\" data-element=\"shortcode-suno-banner\" title=\"Banner SUNO, clique e saiba mais\">\n\t\t\t<picture>\n\t\t\t\t<source media=\"(max-width: 500px)\" srcset=\"https:\/\/files.sunoresearch.com.br\/n\/uploads\/2023\/03\/400x300-Controle-de-Investimentos.png\">\n\t\t\t\t<img class=\"newsContent__article__imgCapa newsContent__article__imgCapa--banner\"\n\t\t\t\t\tsrc=\"https:\/\/files.sunoresearch.com.br\/n\/uploads\/2023\/03\/1420x240-Controle-de-Investimentos.png\"\n\t\t\t\t\tdata-promo-id=\"75934\"\t\t\t\t\t\t\t\t\t\twidth='1420' height='240'\t\t\t\t\talt=\"https:\/\/files.sunoresearch.com.br\/n\/uploads\/2023\/03\/1420x240-Controle-de-Investimentos.png\"\n\t\t\t\t>\n\t\t\t<\/picture>\n\t\t<\/a>\n\t<\/p>\n\n\n","protected":false},"excerpt":{"rendered":"<p>A Via\u00a0(VIIA3)\u00a0anunciou nesta ter\u00e7a-feira (5) que vai emitir 778.649.283 a\u00e7\u00f5es ordin\u00e1rias por meio de uma oferta p\u00fablica prim\u00e1ria de a\u00e7\u00f5es, o que corresponde a R$ 981 milh\u00f5es com base no pre\u00e7o de fechamento de R$ 1,26 da \u00faltima segunda-feira (4). Via (VIIA3). Foto: Divulga\u00e7\u00e3o. Adicionalmente, segundo a Via, ser\u00e3o entregues at\u00e9 622.919.426 b\u00f4nus de subscri\u00e7\u00e3o [&hellip;]<\/p>\n","protected":false},"author":313,"featured_media":310780,"comment_status":"closed","ping_status":"closed","sticky":false,"template":"","format":"standard","meta":[],"categories":[64],"tags":[286,548,106935],"suno_strategy":[],"class_list":["post-451951","post","type-post","status-publish","format-standard","has-post-thumbnail","hentry","category-negocios","tag-acoes","tag-magazine-luiza-mglu3","tag-via-viia3"],"yoast_head":"<!-- This site is optimized with the Yoast SEO plugin v24.4 - https:\/\/yoast.com\/wordpress\/plugins\/seo\/ -->\n<title>Via (VIIA3) lan\u00e7a oferta de a\u00e7\u00f5es avaliada em quase R$ 1 bilh\u00e3o<\/title>\n<meta name=\"description\" content=\"A Via\u00a0anunciou nesta ter\u00e7a-feira (5) que vai emitir 778.649.283 a\u00e7\u00f5es ordin\u00e1rias por meio de uma oferta p\u00fablica prim\u00e1ria de a\u00e7\u00f5es.\" \/>\n<meta name=\"robots\" content=\"index, follow, max-snippet:-1, max-image-preview:large, max-video-preview:-1\" \/>\n<link rel=\"canonical\" href=\"https:\/\/www.suno.com.br\/noticias\/via-viia3-lanca-oferta-de-acoes-gpj\/\" \/>\n<meta property=\"og:locale\" content=\"pt_BR\" \/>\n<meta property=\"og:type\" content=\"article\" \/>\n<meta property=\"og:title\" content=\"Via (VIIA3) lan\u00e7a oferta de a\u00e7\u00f5es avaliada em quase R$ 1 bilh\u00e3o\" \/>\n<meta property=\"og:description\" content=\"A Via\u00a0anunciou nesta ter\u00e7a-feira (5) que vai emitir 778.649.283 a\u00e7\u00f5es ordin\u00e1rias por meio de uma oferta p\u00fablica prim\u00e1ria de a\u00e7\u00f5es.\" \/>\n<meta property=\"og:url\" content=\"https:\/\/www.suno.com.br\/noticias\/via-viia3-lanca-oferta-de-acoes-gpj\/\" \/>\n<meta property=\"og:site_name\" content=\"Suno Not\u00edcias\" \/>\n<meta property=\"article:publisher\" content=\"https:\/\/facebook.com\/sunoresearch\" \/>\n<meta property=\"og:image\" content=\"https:\/\/files.sunoresearch.com.br\/n\/uploads\/2022\/10\/Casas-Bahia-via.jpg\" \/>\n\t<meta property=\"og:image:width\" content=\"2048\" \/>\n\t<meta property=\"og:image:height\" content=\"1155\" \/>\n\t<meta property=\"og:image:type\" content=\"image\/jpeg\" \/>\n<meta name=\"author\" content=\"Giovanni Porf\u00edrio Jacomino\" \/>\n<meta name=\"twitter:card\" content=\"summary_large_image\" \/>\n<meta name=\"twitter:creator\" content=\"@sunoresearch\" \/>\n<meta name=\"twitter:site\" content=\"@sunoresearch\" \/>\n<meta name=\"twitter:label1\" content=\"Escrito por\" \/>\n\t<meta name=\"twitter:data1\" content=\"Giovanni Porf\u00edrio Jacomino\" \/>\n\t<meta name=\"twitter:label2\" content=\"Est. tempo de leitura\" \/>\n\t<meta name=\"twitter:data2\" content=\"5 minutos\" \/>\n<script type=\"application\/ld+json\" class=\"yoast-schema-graph\">{\"@context\":\"https:\/\/schema.org\",\"@graph\":[{\"@type\":\"NewsArticle\",\"@id\":\"https:\/\/www.suno.com.br\/noticias\/via-viia3-lanca-oferta-de-acoes-gpj\/#article\",\"isPartOf\":{\"@id\":\"https:\/\/www.suno.com.br\/noticias\/via-viia3-lanca-oferta-de-acoes-gpj\/\"},\"author\":{\"name\":\"Giovanni Porf\u00edrio Jacomino\",\"@id\":\"https:\/\/www.suno.com.br\/noticias\/#\/schema\/person\/d0f32748bbca4bee871fa191ee4e2d40\"},\"headline\":\"Via (VIIA3) lan\u00e7a oferta de a\u00e7\u00f5es avaliada em quase R$ 1 bilh\u00e3o\",\"datePublished\":\"2023-09-05T13:33:58+00:00\",\"dateModified\":\"2023-09-05T13:36:11+00:00\",\"mainEntityOfPage\":{\"@id\":\"https:\/\/www.suno.com.br\/noticias\/via-viia3-lanca-oferta-de-acoes-gpj\/\"},\"wordCount\":833,\"publisher\":{\"@id\":\"https:\/\/www.suno.com.br\/noticias\/#organization\"},\"image\":{\"@id\":\"https:\/\/www.suno.com.br\/noticias\/via-viia3-lanca-oferta-de-acoes-gpj\/#primaryimage\"},\"thumbnailUrl\":\"https:\/\/files.sunoresearch.com.br\/n\/uploads\/2022\/10\/Casas-Bahia-via.jpg\",\"keywords\":[\"A\u00e7\u00f5es\",\"Magazine Luiza (MGLU3)\",\"Via (VIIA3)\"],\"articleSection\":[\"Neg\u00f3cios\"],\"inLanguage\":\"pt-BR\"},{\"@type\":\"WebPage\",\"@id\":\"https:\/\/www.suno.com.br\/noticias\/via-viia3-lanca-oferta-de-acoes-gpj\/\",\"url\":\"https:\/\/www.suno.com.br\/noticias\/via-viia3-lanca-oferta-de-acoes-gpj\/\",\"name\":\"Via (VIIA3) lan\u00e7a oferta de a\u00e7\u00f5es avaliada em quase R$ 1 bilh\u00e3o\",\"isPartOf\":{\"@id\":\"https:\/\/www.suno.com.br\/noticias\/#website\"},\"primaryImageOfPage\":{\"@id\":\"https:\/\/www.suno.com.br\/noticias\/via-viia3-lanca-oferta-de-acoes-gpj\/#primaryimage\"},\"image\":{\"@id\":\"https:\/\/www.suno.com.br\/noticias\/via-viia3-lanca-oferta-de-acoes-gpj\/#primaryimage\"},\"thumbnailUrl\":\"https:\/\/files.sunoresearch.com.br\/n\/uploads\/2022\/10\/Casas-Bahia-via.jpg\",\"datePublished\":\"2023-09-05T13:33:58+00:00\",\"dateModified\":\"2023-09-05T13:36:11+00:00\",\"description\":\"A Via\u00a0anunciou nesta ter\u00e7a-feira (5) que vai emitir 778.649.283 a\u00e7\u00f5es ordin\u00e1rias por meio de uma oferta p\u00fablica prim\u00e1ria de a\u00e7\u00f5es.\",\"breadcrumb\":{\"@id\":\"https:\/\/www.suno.com.br\/noticias\/via-viia3-lanca-oferta-de-acoes-gpj\/#breadcrumb\"},\"inLanguage\":\"pt-BR\",\"potentialAction\":[{\"@type\":\"ReadAction\",\"target\":[\"https:\/\/www.suno.com.br\/noticias\/via-viia3-lanca-oferta-de-acoes-gpj\/\"]}]},{\"@type\":\"ImageObject\",\"inLanguage\":\"pt-BR\",\"@id\":\"https:\/\/www.suno.com.br\/noticias\/via-viia3-lanca-oferta-de-acoes-gpj\/#primaryimage\",\"url\":\"https:\/\/files.sunoresearch.com.br\/n\/uploads\/2022\/10\/Casas-Bahia-via.jpg\",\"contentUrl\":\"https:\/\/files.sunoresearch.com.br\/n\/uploads\/2022\/10\/Casas-Bahia-via.jpg\",\"width\":2048,\"height\":1155,\"caption\":\"Via (VIIA3). Foto: Divulga\u00e7\u00e3o.\"},{\"@type\":\"BreadcrumbList\",\"@id\":\"https:\/\/www.suno.com.br\/noticias\/via-viia3-lanca-oferta-de-acoes-gpj\/#breadcrumb\",\"itemListElement\":[{\"@type\":\"ListItem\",\"position\":1,\"name\":\"Not\u00edcias\",\"item\":\"https:\/\/www.suno.com.br\/noticias\/\"},{\"@type\":\"ListItem\",\"position\":2,\"name\":\"Neg\u00f3cios\",\"item\":\"https:\/\/www.suno.com.br\/noticias\/negocios\/\"},{\"@type\":\"ListItem\",\"position\":3,\"name\":\"Via (VIIA3) lan\u00e7a oferta de a\u00e7\u00f5es avaliada em quase R$ 1 bilh\u00e3o\"}]},{\"@type\":\"WebSite\",\"@id\":\"https:\/\/www.suno.com.br\/noticias\/#website\",\"url\":\"https:\/\/www.suno.com.br\/noticias\/\",\"name\":\"Suno Not\u00edcias\",\"description\":\"Seu portal de informa\u00e7\u00e3o sobre o mundo dos investimentos\",\"publisher\":{\"@id\":\"https:\/\/www.suno.com.br\/noticias\/#organization\"},\"potentialAction\":[{\"@type\":\"SearchAction\",\"target\":{\"@type\":\"EntryPoint\",\"urlTemplate\":\"https:\/\/www.suno.com.br\/noticias\/?s={search_term_string}\"},\"query-input\":{\"@type\":\"PropertyValueSpecification\",\"valueRequired\":true,\"valueName\":\"search_term_string\"}}],\"inLanguage\":\"pt-BR\"},{\"@type\":\"Organization\",\"@id\":\"https:\/\/www.suno.com.br\/noticias\/#organization\",\"name\":\"Suno Not\u00edcias\",\"url\":\"https:\/\/www.suno.com.br\/noticias\/\",\"logo\":{\"@type\":\"ImageObject\",\"inLanguage\":\"pt-BR\",\"@id\":\"https:\/\/www.suno.com.br\/noticias\/#\/schema\/logo\/image\/\",\"url\":\"https:\/\/files.sunoresearch.com.br\/n\/uploads\/2021\/09\/suno-logo.png\",\"contentUrl\":\"https:\/\/files.sunoresearch.com.br\/n\/uploads\/2021\/09\/suno-logo.png\",\"width\":180,\"height\":180,\"caption\":\"Suno Not\u00edcias\"},\"image\":{\"@id\":\"https:\/\/www.suno.com.br\/noticias\/#\/schema\/logo\/image\/\"},\"sameAs\":[\"https:\/\/facebook.com\/sunoresearch\",\"https:\/\/x.com\/sunoresearch\",\"https:\/\/www.instagram.com\/suno\",\"https:\/\/www.linkedin.com\/company\/suno-research\/\",\"https:\/\/www.youtube.com\/c\/sunoresearch\"]},{\"@type\":\"Person\",\"@id\":\"https:\/\/www.suno.com.br\/noticias\/#\/schema\/person\/d0f32748bbca4bee871fa191ee4e2d40\",\"name\":\"Giovanni Porf\u00edrio Jacomino\",\"image\":{\"@type\":\"ImageObject\",\"inLanguage\":\"pt-BR\",\"@id\":\"https:\/\/www.suno.com.br\/noticias\/#\/schema\/person\/image\/\",\"url\":\"https:\/\/secure.gravatar.com\/avatar\/efb32e19b730a121cb7a80f41ffec01a?s=96&r=g\",\"contentUrl\":\"https:\/\/secure.gravatar.com\/avatar\/efb32e19b730a121cb7a80f41ffec01a?s=96&r=g\",\"caption\":\"Giovanni Porf\u00edrio Jacomino\"},\"description\":\"Giovanni Porf\u00edrio Jacomino \u00e9 jornalista formado pela Universidade Estadual de Londrina (UEL) e p\u00f3s-graduado em Produ\u00e7\u00e3o e Pr\u00e1ticas Jornal\u00edsticas na Contemporaneidade na Faculdade C\u00e1sper L\u00edbero (FCL). Foi editor web no Startupi e no Finsiders, atuando ainda como editor no TC Mover, portal de not\u00edcias da TradersClub, fazendo a cobertura de assuntos relacionados ao mercado financeiro interno e externo. Atualmente, \u00e9 Rep\u00f3rter do Suno Not\u00edcias.\",\"url\":\"https:\/\/www.suno.com.br\/noticias\/author\/giovanni-porfiriosuno-com-br\/\"}]}<\/script>\n<!-- \/ Yoast SEO plugin. -->","yoast_head_json":{"title":"Via (VIIA3) lan\u00e7a oferta de a\u00e7\u00f5es avaliada em quase R$ 1 bilh\u00e3o","description":"A Via\u00a0anunciou nesta ter\u00e7a-feira (5) que vai emitir 778.649.283 a\u00e7\u00f5es ordin\u00e1rias por meio de uma oferta p\u00fablica prim\u00e1ria de a\u00e7\u00f5es.","robots":{"index":"index","follow":"follow","max-snippet":"max-snippet:-1","max-image-preview":"max-image-preview:large","max-video-preview":"max-video-preview:-1"},"canonical":"https:\/\/www.suno.com.br\/noticias\/via-viia3-lanca-oferta-de-acoes-gpj\/","og_locale":"pt_BR","og_type":"article","og_title":"Via (VIIA3) lan\u00e7a oferta de a\u00e7\u00f5es avaliada em quase R$ 1 bilh\u00e3o","og_description":"A Via\u00a0anunciou nesta ter\u00e7a-feira (5) que vai emitir 778.649.283 a\u00e7\u00f5es ordin\u00e1rias por meio de uma oferta p\u00fablica prim\u00e1ria de a\u00e7\u00f5es.","og_url":"https:\/\/www.suno.com.br\/noticias\/via-viia3-lanca-oferta-de-acoes-gpj\/","og_site_name":"Suno Not\u00edcias","article_publisher":"https:\/\/facebook.com\/sunoresearch","og_image":[{"width":2048,"height":1155,"url":"https:\/\/files.sunoresearch.com.br\/n\/uploads\/2022\/10\/Casas-Bahia-via.jpg","type":"image\/jpeg"}],"author":"Giovanni Porf\u00edrio Jacomino","twitter_card":"summary_large_image","twitter_creator":"@sunoresearch","twitter_site":"@sunoresearch","twitter_misc":{"Escrito por":"Giovanni Porf\u00edrio Jacomino","Est. tempo de leitura":"5 minutos"},"schema":{"@context":"https:\/\/schema.org","@graph":[{"@type":"NewsArticle","@id":"https:\/\/www.suno.com.br\/noticias\/via-viia3-lanca-oferta-de-acoes-gpj\/#article","isPartOf":{"@id":"https:\/\/www.suno.com.br\/noticias\/via-viia3-lanca-oferta-de-acoes-gpj\/"},"author":{"name":"Giovanni Porf\u00edrio Jacomino","@id":"https:\/\/www.suno.com.br\/noticias\/#\/schema\/person\/d0f32748bbca4bee871fa191ee4e2d40"},"headline":"Via (VIIA3) lan\u00e7a oferta de a\u00e7\u00f5es avaliada em quase R$ 1 bilh\u00e3o","datePublished":"2023-09-05T13:33:58+00:00","dateModified":"2023-09-05T13:36:11+00:00","mainEntityOfPage":{"@id":"https:\/\/www.suno.com.br\/noticias\/via-viia3-lanca-oferta-de-acoes-gpj\/"},"wordCount":833,"publisher":{"@id":"https:\/\/www.suno.com.br\/noticias\/#organization"},"image":{"@id":"https:\/\/www.suno.com.br\/noticias\/via-viia3-lanca-oferta-de-acoes-gpj\/#primaryimage"},"thumbnailUrl":"https:\/\/files.sunoresearch.com.br\/n\/uploads\/2022\/10\/Casas-Bahia-via.jpg","keywords":["A\u00e7\u00f5es","Magazine Luiza (MGLU3)","Via (VIIA3)"],"articleSection":["Neg\u00f3cios"],"inLanguage":"pt-BR"},{"@type":"WebPage","@id":"https:\/\/www.suno.com.br\/noticias\/via-viia3-lanca-oferta-de-acoes-gpj\/","url":"https:\/\/www.suno.com.br\/noticias\/via-viia3-lanca-oferta-de-acoes-gpj\/","name":"Via (VIIA3) lan\u00e7a oferta de a\u00e7\u00f5es avaliada em quase R$ 1 bilh\u00e3o","isPartOf":{"@id":"https:\/\/www.suno.com.br\/noticias\/#website"},"primaryImageOfPage":{"@id":"https:\/\/www.suno.com.br\/noticias\/via-viia3-lanca-oferta-de-acoes-gpj\/#primaryimage"},"image":{"@id":"https:\/\/www.suno.com.br\/noticias\/via-viia3-lanca-oferta-de-acoes-gpj\/#primaryimage"},"thumbnailUrl":"https:\/\/files.sunoresearch.com.br\/n\/uploads\/2022\/10\/Casas-Bahia-via.jpg","datePublished":"2023-09-05T13:33:58+00:00","dateModified":"2023-09-05T13:36:11+00:00","description":"A Via\u00a0anunciou nesta ter\u00e7a-feira (5) que vai emitir 778.649.283 a\u00e7\u00f5es ordin\u00e1rias por meio de uma oferta p\u00fablica prim\u00e1ria de a\u00e7\u00f5es.","breadcrumb":{"@id":"https:\/\/www.suno.com.br\/noticias\/via-viia3-lanca-oferta-de-acoes-gpj\/#breadcrumb"},"inLanguage":"pt-BR","potentialAction":[{"@type":"ReadAction","target":["https:\/\/www.suno.com.br\/noticias\/via-viia3-lanca-oferta-de-acoes-gpj\/"]}]},{"@type":"ImageObject","inLanguage":"pt-BR","@id":"https:\/\/www.suno.com.br\/noticias\/via-viia3-lanca-oferta-de-acoes-gpj\/#primaryimage","url":"https:\/\/files.sunoresearch.com.br\/n\/uploads\/2022\/10\/Casas-Bahia-via.jpg","contentUrl":"https:\/\/files.sunoresearch.com.br\/n\/uploads\/2022\/10\/Casas-Bahia-via.jpg","width":2048,"height":1155,"caption":"Via (VIIA3). Foto: Divulga\u00e7\u00e3o."},{"@type":"BreadcrumbList","@id":"https:\/\/www.suno.com.br\/noticias\/via-viia3-lanca-oferta-de-acoes-gpj\/#breadcrumb","itemListElement":[{"@type":"ListItem","position":1,"name":"Not\u00edcias","item":"https:\/\/www.suno.com.br\/noticias\/"},{"@type":"ListItem","position":2,"name":"Neg\u00f3cios","item":"https:\/\/www.suno.com.br\/noticias\/negocios\/"},{"@type":"ListItem","position":3,"name":"Via (VIIA3) lan\u00e7a oferta de a\u00e7\u00f5es avaliada em quase R$ 1 bilh\u00e3o"}]},{"@type":"WebSite","@id":"https:\/\/www.suno.com.br\/noticias\/#website","url":"https:\/\/www.suno.com.br\/noticias\/","name":"Suno Not\u00edcias","description":"Seu portal de informa\u00e7\u00e3o sobre o mundo dos investimentos","publisher":{"@id":"https:\/\/www.suno.com.br\/noticias\/#organization"},"potentialAction":[{"@type":"SearchAction","target":{"@type":"EntryPoint","urlTemplate":"https:\/\/www.suno.com.br\/noticias\/?s={search_term_string}"},"query-input":{"@type":"PropertyValueSpecification","valueRequired":true,"valueName":"search_term_string"}}],"inLanguage":"pt-BR"},{"@type":"Organization","@id":"https:\/\/www.suno.com.br\/noticias\/#organization","name":"Suno Not\u00edcias","url":"https:\/\/www.suno.com.br\/noticias\/","logo":{"@type":"ImageObject","inLanguage":"pt-BR","@id":"https:\/\/www.suno.com.br\/noticias\/#\/schema\/logo\/image\/","url":"https:\/\/files.sunoresearch.com.br\/n\/uploads\/2021\/09\/suno-logo.png","contentUrl":"https:\/\/files.sunoresearch.com.br\/n\/uploads\/2021\/09\/suno-logo.png","width":180,"height":180,"caption":"Suno Not\u00edcias"},"image":{"@id":"https:\/\/www.suno.com.br\/noticias\/#\/schema\/logo\/image\/"},"sameAs":["https:\/\/facebook.com\/sunoresearch","https:\/\/x.com\/sunoresearch","https:\/\/www.instagram.com\/suno","https:\/\/www.linkedin.com\/company\/suno-research\/","https:\/\/www.youtube.com\/c\/sunoresearch"]},{"@type":"Person","@id":"https:\/\/www.suno.com.br\/noticias\/#\/schema\/person\/d0f32748bbca4bee871fa191ee4e2d40","name":"Giovanni Porf\u00edrio Jacomino","image":{"@type":"ImageObject","inLanguage":"pt-BR","@id":"https:\/\/www.suno.com.br\/noticias\/#\/schema\/person\/image\/","url":"https:\/\/secure.gravatar.com\/avatar\/efb32e19b730a121cb7a80f41ffec01a?s=96&r=g","contentUrl":"https:\/\/secure.gravatar.com\/avatar\/efb32e19b730a121cb7a80f41ffec01a?s=96&r=g","caption":"Giovanni Porf\u00edrio Jacomino"},"description":"Giovanni Porf\u00edrio Jacomino \u00e9 jornalista formado pela Universidade Estadual de Londrina (UEL) e p\u00f3s-graduado em Produ\u00e7\u00e3o e Pr\u00e1ticas Jornal\u00edsticas na Contemporaneidade na Faculdade C\u00e1sper L\u00edbero (FCL). Foi editor web no Startupi e no Finsiders, atuando ainda como editor no TC Mover, portal de not\u00edcias da TradersClub, fazendo a cobertura de assuntos relacionados ao mercado financeiro interno e externo. Atualmente, \u00e9 Rep\u00f3rter do Suno Not\u00edcias.","url":"https:\/\/www.suno.com.br\/noticias\/author\/giovanni-porfiriosuno-com-br\/"}]}},"default_loop_html":"<div class=\"cardsPage__listCard__boxs\"><div class=\"cardsPage__listCard__boxs__img\"><a href=\"https:\/\/www.suno.com.br\/noticias\/via-viia3-lanca-oferta-de-acoes-gpj\/\"><img class=\"mask\" src=\"https:\/\/www.suno.com.br\/noticias\/wp-content\/themes\/suno\/resources\/images\/spotlight\/spotlight1img\/bg-mask.png\" alt=\"Image Mask\"\/><img src=\"https:\/\/files.sunoresearch.com.br\/n\/uploads\/2022\/10\/Casas-Bahia-via-400x200.jpg\" alt=\"Via (VIIA3) lan\u00e7a oferta de a\u00e7\u00f5es avaliada em quase R$ 1 bilh\u00e3o\"\/><\/a><span class=\"spotlightCategory\"><a href=\"https:\/\/www.suno.com.br\/noticias\/negocios\/\">Neg\u00f3cios<\/a><\/span><\/div><div class=\"cardsPage__listCard__boxs__content\"><a href=\"https:\/\/www.suno.com.br\/noticias\/via-viia3-lanca-oferta-de-acoes-gpj\/\"><h2 class=\"content__title\">Via (VIIA3) lan\u00e7a oferta de a\u00e7\u00f5es avaliada em quase R$ 1 bilh\u00e3o<\/h2><\/a><div class=\"newsContent__article__meta\"><div class=\"newsContent__article__meta__authorBox\"><a href=\"https:\/\/www.suno.com.br\/noticias\/author\/giovanni-porfiriosuno-com-br\/\" class=\"authorBox__avatar noMobi\"><img src=\"https:\/\/files.sunoresearch.com.br\/n\/uploads\/2024\/05\/DSCF4115-1-1-150x150.webp\" alt=\"Giovanni Porf\u00edrio Jacomino\"><\/a><div class=\"authorBox__name\"><span>por\n\t\t\t<a href=\"https:\/\/www.suno.com.br\/noticias\/author\/giovanni-porfiriosuno-com-br\/\"><span itemprop=\"author\">Giovanni Porf\u00edrio Jacomino<\/span><\/a><\/span><time datetime=\"2023-09-05T10:33:58-03:00\" itemprop=\"datePublished\">05\/09\/2023 10:33<\/time><\/div><\/div><\/div><\/div><\/div>","single_layout":"posts","amp_enabled":true,"_links":{"self":[{"href":"https:\/\/www.suno.com.br\/noticias\/wp-json\/wp\/v2\/posts\/451951"}],"collection":[{"href":"https:\/\/www.suno.com.br\/noticias\/wp-json\/wp\/v2\/posts"}],"about":[{"href":"https:\/\/www.suno.com.br\/noticias\/wp-json\/wp\/v2\/types\/post"}],"author":[{"embeddable":true,"href":"https:\/\/www.suno.com.br\/noticias\/wp-json\/wp\/v2\/users\/313"}],"replies":[{"embeddable":true,"href":"https:\/\/www.suno.com.br\/noticias\/wp-json\/wp\/v2\/comments?post=451951"}],"version-history":[{"count":3,"href":"https:\/\/www.suno.com.br\/noticias\/wp-json\/wp\/v2\/posts\/451951\/revisions"}],"predecessor-version":[{"id":451996,"href":"https:\/\/www.suno.com.br\/noticias\/wp-json\/wp\/v2\/posts\/451951\/revisions\/451996"}],"wp:featuredmedia":[{"embeddable":true,"href":"https:\/\/www.suno.com.br\/noticias\/wp-json\/wp\/v2\/media\/310780"}],"wp:attachment":[{"href":"https:\/\/www.suno.com.br\/noticias\/wp-json\/wp\/v2\/media?parent=451951"}],"wp:term":[{"taxonomy":"category","embeddable":true,"href":"https:\/\/www.suno.com.br\/noticias\/wp-json\/wp\/v2\/categories?post=451951"},{"taxonomy":"post_tag","embeddable":true,"href":"https:\/\/www.suno.com.br\/noticias\/wp-json\/wp\/v2\/tags?post=451951"},{"taxonomy":"suno_strategy","embeddable":true,"href":"https:\/\/www.suno.com.br\/noticias\/wp-json\/wp\/v2\/suno_strategy?post=451951"}],"curies":[{"name":"wp","href":"https:\/\/api.w.org\/{rel}","templated":true}]}}