{"id":451850,"date":"2023-09-05T08:28:10","date_gmt":"2023-09-05T11:28:10","guid":{"rendered":"https:\/\/www.suno.com.br\/noticias\/?p=451850"},"modified":"2023-09-05T14:06:27","modified_gmt":"2023-09-05T17:06:27","slug":"cosern-csrn3-dividendos-coelba-jcp-gpj","status":"publish","type":"post","link":"https:\/\/www.suno.com.br\/noticias\/cosern-csrn3-dividendos-coelba-jcp-gpj\/","title":{"rendered":"Cosern (CSRN3) e Coelba (CEEB3) anunciam pagamento de dividendos e JCP no total de R$ 311 milh\u00f5es"},"content":{"rendered":"<p>Em comunicado na segunda-feira (4), a\u00a0<a href=\"https:\/\/www.suno.com.br\/acoes\/CSRN3\/\" target=\"_blank\" rel=\"noreferrer noopener\"><strong>Cosern<\/strong>\u00a0(CSRN3)<\/a>\u00a0anunciou o pagamento de <a href=\"https:\/\/www.suno.com.br\/guias\/dividendos\/\">dividendos<\/a> intermedi\u00e1rios e a <a href=\"https:\/\/www.suno.com.br\/acoes\/ceeb3\/\" target=\"_blank\" rel=\"noreferrer noopener\">Coelba (CEEB3)<\/a> vai distribuir <a href=\"https:\/\/www.suno.com.br\/artigos\/entenda-o-jcp\/\">juros sobre capital pr\u00f3prio<\/a>.<\/p>\t<div class=\"wrapper-featured-image\">\n\t\t<figure class=\"spotlightImg\">\n\n\t\t\t<picture>\n\t\t\t\t<source media=\"(max-width: 768px)\" srcset=\"https:\/\/files.sunoresearch.com.br\/n\/uploads\/2021\/04\/e394fe78-column-high-voltage-2392632_1280-400x200.webp\">\n\t\t\t\t<img loading=\"lazy\" decoding=\"async\" class=\"newsContent__article__imgCapa lazyloadDisabled \" src=\"https:\/\/files.sunoresearch.com.br\/n\/uploads\/2021\/04\/e394fe78-column-high-voltage-2392632_1280-800x450.webp\" width=\"800\" height=\"450\" alt=\"Cosern (CSRN3) e Coelba (CEEB3) anunciam pagamento de dividendos e JCP no total de R$ 311 milh\u00f5es\" fetchpriority=high \/>\n\t\t\t<\/picture>\n\n\t\t\t<figcaption class=\"wp-caption-text wp-caption-text--show\">Cosern (CSRN3). Foto: Pixabay.<\/figcaption>\n\t\t<\/figure>\n\t<\/div>\n\n\n\n\n\n\n\n\t<p>\n\t\t<a href=\"https:\/\/lp.suno.com.br\/planilha-da-vida-financeira\/\" target=\"_blank\" data-element=\"shortcode-suno-banner\" title=\"Banner SUNO, clique e saiba mais\">\n\t\t\t<picture>\n\t\t\t\t<source media=\"(max-width: 500px)\" srcset=\"https:\/\/files.sunoresearch.com.br\/n\/uploads\/2023\/04\/400x300-Planilha-vida-financeira-true.png\">\n\t\t\t\t<img class=\"newsContent__article__imgCapa newsContent__article__imgCapa--banner\"\n\t\t\t\t\tsrc=\"https:\/\/files.sunoresearch.com.br\/n\/uploads\/2023\/04\/1420x240-Planilha-vida-financeira-true.png\"\n\t\t\t\t\tdata-promo-id=\"106682\"\t\t\t\t\t\t\t\t\t\twidth='1420' height='240'\t\t\t\t\talt=\"https:\/\/files.sunoresearch.com.br\/n\/uploads\/2023\/04\/1420x240-Planilha-vida-financeira-true.png\"\n\t\t\t\t>\n\t\t\t<\/picture>\n\t\t<\/a>\n\t<\/p>\n\n\n\n\n\n<p>A Cosern pagar\u00e1 R$ 194 milh\u00f5es em\u00a0dividendos intermedi\u00e1rios e a Coelba ir\u00e1 distribuir R$ 117,6 milh\u00f5es em JCP &#8211; total de R$ 311,6 milh\u00f5es.<\/p>\n\n\n\n<p>O valor dos<strong>&nbsp;proventos da Cosern<\/strong>&nbsp;ser\u00e1 de R$ 1,1285184179 por a\u00e7\u00e3o ordin\u00e1ria e R$ 1,2413702597 por a\u00e7\u00e3o preferencial classe A e R$ 1,2413702597 por a\u00e7\u00e3o preferencial classe B, que ser\u00e3o pagos a partir de 15 de setembro.<\/p>\n\n\n\n<p>Apenas os investidores com&nbsp;<strong>a\u00e7\u00f5es da Cosern<\/strong>&nbsp;no dia 31 de julho de 2023 t\u00eam direito de receber os rendimentos. A partir de 1 de agosto, as a\u00e7\u00f5es passaram a ser negociadas ex-direito.<\/p>\n\n\n\n<p>J\u00e1 o valor dos&nbsp;<strong>proventos da Coelba<\/strong>&nbsp;ser\u00e1 de R$ R$ 0,4350887307 por a\u00e7\u00e3o ordin\u00e1ria, R$ 0,4350887307 por a\u00e7\u00e3o preferencial classe A e R$ 0,4785976038 por a\u00e7\u00e3o preferencial classe B, que ser\u00e3o pagos a partir de 15 de setembro.<\/p>\n\n\n\n<p>Apenas os investidores com&nbsp;<strong>a\u00e7\u00f5es da Coelba<\/strong>&nbsp;no dia 3 de julho de 2023 t\u00eam direito de receber os rendimentos. A partir do dia 4 de julho, as a\u00e7\u00f5es passaram a ser negociadas ex-direito.<\/p>\n\n\n\t<p>\n\t\t<a href=\"https:\/\/lp.suno.com.br\/ebook-como-analisar-uma-acao\/\" target=\"_blank\" data-element=\"shortcode-suno-banner\" title=\"Banner SUNO, clique e saiba mais\">\n\t\t\t<picture>\n\t\t\t\t<source media=\"(max-width: 500px)\" srcset=\"https:\/\/files.sunoresearch.com.br\/n\/uploads\/2023\/03\/Ebook-Acoes-Mobile.jpg\">\n\t\t\t\t<img class=\"newsContent__article__imgCapa newsContent__article__imgCapa--banner\"\n\t\t\t\t\tsrc=\"https:\/\/files.sunoresearch.com.br\/n\/uploads\/2023\/03\/Ebook-Acoes-Desktop.jpg\"\n\t\t\t\t\tdata-promo-id=\"378302\"\t\t\t\t\t\t\t\t\t\twidth='1420' height='286'\t\t\t\t\talt=\"https:\/\/files.sunoresearch.com.br\/n\/uploads\/2023\/03\/Ebook-Acoes-Desktop.jpg\"\n\t\t\t\t>\n\t\t\t<\/picture>\n\t\t<\/a>\n\t<\/p>\n\n\n\n\n\n<h2 class=\"wp-block-heading\" id=\"h-dividendos-da-cosern\">Dividendos intermedi\u00e1rios da Cosern<\/h2>\n\n\n\n<ul class=\"wp-block-list\">\n<li>Valor total: R$ 194.000.000,00<\/li>\n\n\n\n<li>Valor por a\u00e7\u00e3o: R$ 1,1285184179 por a\u00e7\u00e3o ordin\u00e1ria, R$ 1,2413702597 por a\u00e7\u00e3o preferencial classe A e R$ 1,2413702597 por a\u00e7\u00e3o preferencial classe B<\/li>\n\n\n\n<li>Data de corte: 31 de julho de 2023<\/li>\n\n\n\n<li>Data do pagamento: 15 de setembro de 2023<\/li>\n<\/ul>\n\n\n\n<h2 class=\"wp-block-heading\">Juros sobre capital pr\u00f3prio da Coelba<\/h2>\n\n\n\n<ul class=\"wp-block-list\">\n<li>Valor total: R$ 117.641.000,00<\/li>\n\n\n\n<li>Valor por a\u00e7\u00e3o: R$ 0,4350887307 por a\u00e7\u00e3o ordin\u00e1ria, R$ 0,4350887307 por a\u00e7\u00e3o preferencial classe A e R$ 0,4785976038 por a\u00e7\u00e3o preferencial classe B<\/li>\n\n\n\n<li>Data de corte: 3 de julho de 2023<\/li>\n\n\n\n<li>Data do pagamento: 15 de setembro de 2023<\/li>\n<\/ul>\n\n\n\n<h2 class=\"wp-block-heading\">Desempenho das a\u00e7\u00f5es da Cosern<\/h2>\n\n\n\n<p>No preg\u00e3o de segunda-feira (4), a cota\u00e7\u00e3o das a\u00e7\u00f5es da<strong>&nbsp;Cosern<\/strong>&nbsp;subiram 4,24%, cotadas a R$ 26,58.<\/p>\n\n\n\n<div class=\"pluginQuotation\">\n  <p class=\"ticker\">\n    Cota\u00e7\u00e3o <span>CSRN3<\/span>\n  <\/p>\n  <div class=\"info\">\n    <div class=\"leftSide\">\n      Gr\u00e1fico gerado em: 05\/09\/2023    <\/div>\n\t\t\t\t\t<div class=\"rightSide\">\n\t\t\t\t\t<span class=\"period\">\n\t\t\t\t\t\t1 M\u00eas\t\t\t\t\t<\/span>\n\t\t\t<\/div>\n\t\t  <\/div>\n\n  <div id=\"chart-1a7a447a3748ea7ce4740ff3938b5f5f\" data-block-hash=\"1a7a447a3748ea7ce4740ff3938b5f5f\"  class=\"chart\" style=\"width:100%;height:400px;\"><\/div>\n\n  <div class=\"pluginQuotation__footer\">\n    <div class=\"dataChart\">\n\n      <div class=\"dataChart__div1 variation\">\n        <div class=\"value-negative\">\n          -12,97 (-3,80%)        <\/div>\n        <div class=\"text\">\n          Varia\u00e7\u00e3o do per\u00edodo\n        <\/div>\n      <\/div>\n\n      <div class=\"dataChart__div2 minMax\">\n        <div class=\"value\">\n          R$\u00a025,47        <\/div>\n        <div class=\"text\">\n          M\u00ednima\n        <\/div>\n      <\/div>\n\n      <div class=\"dataChart__div3 minMax\">\n        <div class=\"value\">\n          R$\u00a029,30        <\/div>\n        <div class=\"text\">\n          M\u00e1xima\n        <\/div>\n      <\/div>\n\n\t\t\t<div class=\"dataChart__div4 rightSide\">\n\t\t\t\t<div class=\"analiticaSource\">\n\t\t\t\t\t<span>\n\t\t\t\t\t\tFonte:\n\t\t\t\t\t<\/span>\n\t\t\t\t\t<img decoding=\"async\" class=\"analiticaLogo\" src=\"https:\/\/www.suno.com.br\/noticias\/wp-content\/plugins\/suno-block-ticker-quotation\/src\/suno-analitica-logo.png\" alt=\"Logo Suno Anal\u00edtica\" \/>\n\t\t\t\t<\/div>\n\n\t\t\t\t<a href=\"https:\/\/www.suno.com.br\/analitica\/acoes\/CSRN3\" target=\"_blank\">\n\t\t\t\t\t<span>\n\t\t\t\t\t\tVer mais cota\u00e7\u00f5es\n\t\t\t\t\t<\/span>\n\t\t\t\t\t<svg xmlns=\"http:\/\/www.w3.org\/2000\/svg\" width=\"9\" height=\"8\" viewBox=\"0 0 9 8\" fill=\"none\">\n\t\t\t\t\t\t<path d=\"M4.20996 0L3.50496 0.705L6.29496 3.5H0.209961V4.5H6.29496L3.50496 7.295L4.20996 8L8.20996 4L4.20996 0Z\" fill=\"#D42126\" \/>\n\t\t\t\t\t<\/svg>\n\t\t\t\t<\/a>\n    <\/div>\n\n    <\/div>\n  <\/div>\n<\/div>\n\n\n<script type=\"text\/javascript\">\n  let chart_1a7a447a3748ea7ce4740ff3938b5f5f = document.getElementById('chart-1a7a447a3748ea7ce4740ff3938b5f5f');\n  let data_json_1a7a447a3748ea7ce4740ff3938b5f5f = \"[{\\\"date\\\":\\\"07\\\\\\\/08\\\\\\\/23 \\\",\\\"value\\\":29.3},{\\\"date\\\":\\\"10\\\\\\\/08\\\\\\\/23 \\\",\\\"value\\\":27.9},{\\\"date\\\":\\\"11\\\\\\\/08\\\\\\\/23 \\\",\\\"value\\\":28.5},{\\\"date\\\":\\\"14\\\\\\\/08\\\\\\\/23 \\\",\\\"value\\\":27},{\\\"date\\\":\\\"15\\\\\\\/08\\\\\\\/23 \\\",\\\"value\\\":27.2},{\\\"date\\\":\\\"25\\\\\\\/08\\\\\\\/23 \\\",\\\"value\\\":27.2},{\\\"date\\\":\\\"29\\\\\\\/08\\\\\\\/23 \\\",\\\"value\\\":27.44},{\\\"date\\\":\\\"30\\\\\\\/08\\\\\\\/23 \\\",\\\"value\\\":25.47},{\\\"date\\\":\\\"31\\\\\\\/08\\\\\\\/23 \\\",\\\"value\\\":26.18},{\\\"date\\\":\\\"01\\\\\\\/09\\\\\\\/23 \\\",\\\"value\\\":25.5}]\";\n  let isPositive_1a7a447a3748ea7ce4740ff3938b5f5f = \"\";\n\n  let color_1a7a447a3748ea7ce4740ff3938b5f5f = isPositive_1a7a447a3748ea7ce4740ff3938b5f5f ? '#3AB53A' : '#D92C2D';\n\n  let data_1a7a447a3748ea7ce4740ff3938b5f5f = JSON.parse(data_json_1a7a447a3748ea7ce4740ff3938b5f5f);\n\n  const result_1a7a447a3748ea7ce4740ff3938b5f5f = {\n    date: [],\n    value: [],\n  };\n\n  data_1a7a447a3748ea7ce4740ff3938b5f5f.forEach((item) => {\n    result_1a7a447a3748ea7ce4740ff3938b5f5f.date.push(item.date);\n    result_1a7a447a3748ea7ce4740ff3938b5f5f.value.push(Number(item.value));\n  });\n\n  let option_1a7a447a3748ea7ce4740ff3938b5f5f = {\n    \/\/ variavel de cor global\n    color: [color_1a7a447a3748ea7ce4740ff3938b5f5f],\n    title: {\n      text: '',\n    },\n    tooltip: {\n      trigger: 'axis',\n      axisPointer: {\n        type: 'cross',\n        label: {\n          \/\/ cor dos valores em X e Y\n          backgroundColor: color_1a7a447a3748ea7ce4740ff3938b5f5f,\n          formatter: (value) => {\n            if (typeof value.value === 'number') {\n              return Number(value.value).toLocaleString('pt-br', {\n                style: 'currency',\n                currency: 'BRL'\n              });\n            }\n            return value.value;\n          },\n        },\n      },\n      valueFormatter: (value) => Number(value).toLocaleString('pt-br', {\n        style: 'currency',\n        currency: 'BRL'\n      }),\n    },\n    legend: {\n      \/\/ data: ['Valor de Fechamento'],\n      show: false,\n    },\n    toolbox: {\n      feature: {\n        saveAsImage: {\n          show: false,\n        },\n      },\n    },\n    grid: {\n      left: '0px',\n      right: '0px',\n      bottom: '0px',\n      containLabel: true,\n    },\n    xAxis: [{\n      type: 'category',\n      data: result_1a7a447a3748ea7ce4740ff3938b5f5f.date,\n      boundaryGap: true,\n    }],\n    yAxis: [{\n      type: 'value',\n      min: Math.min(...result_1a7a447a3748ea7ce4740ff3938b5f5f.value),\n      max: Math.max(...result_1a7a447a3748ea7ce4740ff3938b5f5f.value),\n      axisLabel: {\n        formatter: (value) => value.toLocaleString('pt-br', {\n          style: 'currency',\n          currency: 'BRL'\n        }),\n      },\n    }],\n    series: [{\n      name: 'Valor de Fechamento',\n      type: 'line',\n      stack: 'Total',\n      \/\/ cor do grafico\n      areaStyle: {},\n      emphasis: {\n        focus: 'series',\n      },\n      data: result_1a7a447a3748ea7ce4740ff3938b5f5f.value,\n      \/\/ cor da linha\n      lineStyle: {\n        color: color_1a7a447a3748ea7ce4740ff3938b5f5f,\n      },\n    }, ],\n  };\n\n\twindow.chart_1a7a447a3748ea7ce4740ff3938b5f5f = {\n\t\tel: chart_1a7a447a3748ea7ce4740ff3938b5f5f,\n\t\toption: option_1a7a447a3748ea7ce4740ff3938b5f5f\t};\n\n\n<\/script>\n\n\n\t<p>\n\t\t<a href=\"https:\/\/lp.suno.com.br\/planilha-da-vida-financeira\/\" target=\"_blank\" data-element=\"shortcode-suno-banner\" title=\"Banner SUNO, clique e saiba mais\">\n\t\t\t<picture>\n\t\t\t\t<source media=\"(max-width: 500px)\" srcset=\"https:\/\/files.sunoresearch.com.br\/n\/uploads\/2023\/04\/400x300-Planilha-vida-financeira-true.png\">\n\t\t\t\t<img class=\"newsContent__article__imgCapa newsContent__article__imgCapa--banner\"\n\t\t\t\t\tsrc=\"https:\/\/files.sunoresearch.com.br\/n\/uploads\/2023\/04\/1420x240-Planilha-vida-financeira-true.png\"\n\t\t\t\t\tdata-promo-id=\"383123\"\t\t\t\t\t\t\t\t\t\twidth='1420' height='240'\t\t\t\t\talt=\"https:\/\/files.sunoresearch.com.br\/n\/uploads\/2023\/04\/1420x240-Planilha-vida-financeira-true.png\"\n\t\t\t\t>\n\t\t\t<\/picture>\n\t\t<\/a>\n\t<\/p>\n\n\n\n\n\n<p><a href=\"https:\/\/lp.suno.com.br\/planilha-da-vida-financeira\/\" target=\"_blank\" rel=\"noreferrer noopener\"><strong><\/strong><\/a><\/p>\n","protected":false},"excerpt":{"rendered":"<p>Em comunicado na segunda-feira (4), a\u00a0Cosern\u00a0(CSRN3)\u00a0anunciou o pagamento de dividendos intermedi\u00e1rios e a Coelba (CEEB3) vai distribuir juros sobre capital pr\u00f3prio. Cosern (CSRN3). Foto: Pixabay. A Cosern pagar\u00e1 R$ 194 milh\u00f5es em\u00a0dividendos intermedi\u00e1rios e a Coelba ir\u00e1 distribuir R$ 117,6 milh\u00f5es em JCP &#8211; total de R$ 311,6 milh\u00f5es. O valor dos&nbsp;proventos da Cosern&nbsp;ser\u00e1 de [&hellip;]<\/p>\n","protected":false},"author":313,"featured_media":139581,"comment_status":"closed","ping_status":"closed","sticky":false,"template":"","format":"standard","meta":[],"categories":[64],"tags":[426,434,295,1957],"suno_strategy":[],"class_list":["post-451850","post","type-post","status-publish","format-standard","has-post-thumbnail","hentry","category-negocios","tag-coelba-ceeb3-ceeb5","tag-cosern-csrn3-csrn5-csrn6","tag-dividendos","tag-juros-sobre-capital-proprio-jcp"],"yoast_head":"<!-- This site is optimized with the Yoast SEO plugin v24.4 - https:\/\/yoast.com\/wordpress\/plugins\/seo\/ -->\n<title>Cosern (CSRN3) pagar\u00e1 dividendos e Coelba (CEEB3), JCP<\/title>\n<meta name=\"description\" content=\"Em comunicado na segunda-feira (4), a\u00a0Cosern\u00a0anunciou o pagamento de dividendos intermedi\u00e1rios e a Coelba (CEEB3), de JCP.\" \/>\n<meta name=\"robots\" content=\"index, follow, max-snippet:-1, max-image-preview:large, max-video-preview:-1\" \/>\n<link rel=\"canonical\" href=\"https:\/\/www.suno.com.br\/noticias\/cosern-csrn3-dividendos-coelba-jcp-gpj\/\" \/>\n<meta property=\"og:locale\" content=\"pt_BR\" \/>\n<meta property=\"og:type\" content=\"article\" \/>\n<meta property=\"og:title\" content=\"Cosern (CSRN3) pagar\u00e1 dividendos e Coelba (CEEB3), JCP\" \/>\n<meta property=\"og:description\" content=\"Em comunicado na segunda-feira (4), a\u00a0Cosern\u00a0anunciou o pagamento de dividendos intermedi\u00e1rios e a Coelba (CEEB3), de JCP.\" \/>\n<meta property=\"og:url\" content=\"https:\/\/www.suno.com.br\/noticias\/cosern-csrn3-dividendos-coelba-jcp-gpj\/\" \/>\n<meta property=\"og:site_name\" content=\"Suno Not\u00edcias\" \/>\n<meta property=\"article:publisher\" content=\"https:\/\/facebook.com\/sunoresearch\" \/>\n<meta property=\"og:image\" content=\"https:\/\/files.sunoresearch.com.br\/n\/uploads\/2021\/04\/e394fe78-column-high-voltage-2392632_1280.jpg\" \/>\n\t<meta property=\"og:image:width\" content=\"1280\" \/>\n\t<meta property=\"og:image:height\" content=\"852\" \/>\n\t<meta property=\"og:image:type\" content=\"image\/jpeg\" \/>\n<meta name=\"author\" content=\"Giovanni Porf\u00edrio Jacomino\" \/>\n<meta name=\"twitter:card\" content=\"summary_large_image\" \/>\n<meta name=\"twitter:creator\" content=\"@sunoresearch\" \/>\n<meta name=\"twitter:site\" content=\"@sunoresearch\" \/>\n<meta name=\"twitter:label1\" content=\"Escrito por\" \/>\n\t<meta name=\"twitter:data1\" content=\"Giovanni Porf\u00edrio Jacomino\" \/>\n\t<meta name=\"twitter:label2\" content=\"Est. tempo de leitura\" \/>\n\t<meta name=\"twitter:data2\" content=\"2 minutos\" \/>\n<script type=\"application\/ld+json\" class=\"yoast-schema-graph\">{\"@context\":\"https:\/\/schema.org\",\"@graph\":[{\"@type\":\"NewsArticle\",\"@id\":\"https:\/\/www.suno.com.br\/noticias\/cosern-csrn3-dividendos-coelba-jcp-gpj\/#article\",\"isPartOf\":{\"@id\":\"https:\/\/www.suno.com.br\/noticias\/cosern-csrn3-dividendos-coelba-jcp-gpj\/\"},\"author\":{\"name\":\"Giovanni Porf\u00edrio Jacomino\",\"@id\":\"https:\/\/www.suno.com.br\/noticias\/#\/schema\/person\/d0f32748bbca4bee871fa191ee4e2d40\"},\"headline\":\"Cosern (CSRN3) e Coelba (CEEB3) anunciam pagamento de dividendos e JCP no total de R$ 311 milh\u00f5es\",\"datePublished\":\"2023-09-05T11:28:10+00:00\",\"dateModified\":\"2023-09-05T17:06:27+00:00\",\"mainEntityOfPage\":{\"@id\":\"https:\/\/www.suno.com.br\/noticias\/cosern-csrn3-dividendos-coelba-jcp-gpj\/\"},\"wordCount\":348,\"publisher\":{\"@id\":\"https:\/\/www.suno.com.br\/noticias\/#organization\"},\"image\":{\"@id\":\"https:\/\/www.suno.com.br\/noticias\/cosern-csrn3-dividendos-coelba-jcp-gpj\/#primaryimage\"},\"thumbnailUrl\":\"https:\/\/files.sunoresearch.com.br\/n\/uploads\/2021\/04\/e394fe78-column-high-voltage-2392632_1280-jpg.webp\",\"keywords\":[\"Coelba (CEEB3\/CEEB5)\",\"Cosern (CSRN3\/CSRN5\/CSRN6)\",\"dividendos\",\"juros sobre capital pr\u00f3prio (JCP)\"],\"articleSection\":[\"Neg\u00f3cios\"],\"inLanguage\":\"pt-BR\"},{\"@type\":\"WebPage\",\"@id\":\"https:\/\/www.suno.com.br\/noticias\/cosern-csrn3-dividendos-coelba-jcp-gpj\/\",\"url\":\"https:\/\/www.suno.com.br\/noticias\/cosern-csrn3-dividendos-coelba-jcp-gpj\/\",\"name\":\"Cosern (CSRN3) pagar\u00e1 dividendos e Coelba (CEEB3), JCP\",\"isPartOf\":{\"@id\":\"https:\/\/www.suno.com.br\/noticias\/#website\"},\"primaryImageOfPage\":{\"@id\":\"https:\/\/www.suno.com.br\/noticias\/cosern-csrn3-dividendos-coelba-jcp-gpj\/#primaryimage\"},\"image\":{\"@id\":\"https:\/\/www.suno.com.br\/noticias\/cosern-csrn3-dividendos-coelba-jcp-gpj\/#primaryimage\"},\"thumbnailUrl\":\"https:\/\/files.sunoresearch.com.br\/n\/uploads\/2021\/04\/e394fe78-column-high-voltage-2392632_1280-jpg.webp\",\"datePublished\":\"2023-09-05T11:28:10+00:00\",\"dateModified\":\"2023-09-05T17:06:27+00:00\",\"description\":\"Em comunicado na segunda-feira (4), a\u00a0Cosern\u00a0anunciou o pagamento de dividendos intermedi\u00e1rios e a Coelba (CEEB3), de JCP.\",\"breadcrumb\":{\"@id\":\"https:\/\/www.suno.com.br\/noticias\/cosern-csrn3-dividendos-coelba-jcp-gpj\/#breadcrumb\"},\"inLanguage\":\"pt-BR\",\"potentialAction\":[{\"@type\":\"ReadAction\",\"target\":[\"https:\/\/www.suno.com.br\/noticias\/cosern-csrn3-dividendos-coelba-jcp-gpj\/\"]}]},{\"@type\":\"ImageObject\",\"inLanguage\":\"pt-BR\",\"@id\":\"https:\/\/www.suno.com.br\/noticias\/cosern-csrn3-dividendos-coelba-jcp-gpj\/#primaryimage\",\"url\":\"https:\/\/files.sunoresearch.com.br\/n\/uploads\/2021\/04\/e394fe78-column-high-voltage-2392632_1280-jpg.webp\",\"contentUrl\":\"https:\/\/files.sunoresearch.com.br\/n\/uploads\/2021\/04\/e394fe78-column-high-voltage-2392632_1280-jpg.webp\",\"width\":1280,\"height\":852,\"caption\":\"Cosern (CSRN3). Foto: Pixabay.\"},{\"@type\":\"BreadcrumbList\",\"@id\":\"https:\/\/www.suno.com.br\/noticias\/cosern-csrn3-dividendos-coelba-jcp-gpj\/#breadcrumb\",\"itemListElement\":[{\"@type\":\"ListItem\",\"position\":1,\"name\":\"Not\u00edcias\",\"item\":\"https:\/\/www.suno.com.br\/noticias\/\"},{\"@type\":\"ListItem\",\"position\":2,\"name\":\"Neg\u00f3cios\",\"item\":\"https:\/\/www.suno.com.br\/noticias\/negocios\/\"},{\"@type\":\"ListItem\",\"position\":3,\"name\":\"Cosern (CSRN3) e Coelba (CEEB3) anunciam pagamento de dividendos e JCP no total de R$ 311 milh\u00f5es\"}]},{\"@type\":\"WebSite\",\"@id\":\"https:\/\/www.suno.com.br\/noticias\/#website\",\"url\":\"https:\/\/www.suno.com.br\/noticias\/\",\"name\":\"Suno Not\u00edcias\",\"description\":\"Seu portal de informa\u00e7\u00e3o sobre o mundo dos investimentos\",\"publisher\":{\"@id\":\"https:\/\/www.suno.com.br\/noticias\/#organization\"},\"potentialAction\":[{\"@type\":\"SearchAction\",\"target\":{\"@type\":\"EntryPoint\",\"urlTemplate\":\"https:\/\/www.suno.com.br\/noticias\/?s={search_term_string}\"},\"query-input\":{\"@type\":\"PropertyValueSpecification\",\"valueRequired\":true,\"valueName\":\"search_term_string\"}}],\"inLanguage\":\"pt-BR\"},{\"@type\":\"Organization\",\"@id\":\"https:\/\/www.suno.com.br\/noticias\/#organization\",\"name\":\"Suno Not\u00edcias\",\"url\":\"https:\/\/www.suno.com.br\/noticias\/\",\"logo\":{\"@type\":\"ImageObject\",\"inLanguage\":\"pt-BR\",\"@id\":\"https:\/\/www.suno.com.br\/noticias\/#\/schema\/logo\/image\/\",\"url\":\"https:\/\/files.sunoresearch.com.br\/n\/uploads\/2021\/09\/suno-logo.png\",\"contentUrl\":\"https:\/\/files.sunoresearch.com.br\/n\/uploads\/2021\/09\/suno-logo.png\",\"width\":180,\"height\":180,\"caption\":\"Suno Not\u00edcias\"},\"image\":{\"@id\":\"https:\/\/www.suno.com.br\/noticias\/#\/schema\/logo\/image\/\"},\"sameAs\":[\"https:\/\/facebook.com\/sunoresearch\",\"https:\/\/x.com\/sunoresearch\",\"https:\/\/www.instagram.com\/suno\",\"https:\/\/www.linkedin.com\/company\/suno-research\/\",\"https:\/\/www.youtube.com\/c\/sunoresearch\"]},{\"@type\":\"Person\",\"@id\":\"https:\/\/www.suno.com.br\/noticias\/#\/schema\/person\/d0f32748bbca4bee871fa191ee4e2d40\",\"name\":\"Giovanni Porf\u00edrio Jacomino\",\"image\":{\"@type\":\"ImageObject\",\"inLanguage\":\"pt-BR\",\"@id\":\"https:\/\/www.suno.com.br\/noticias\/#\/schema\/person\/image\/\",\"url\":\"https:\/\/secure.gravatar.com\/avatar\/efb32e19b730a121cb7a80f41ffec01a?s=96&r=g\",\"contentUrl\":\"https:\/\/secure.gravatar.com\/avatar\/efb32e19b730a121cb7a80f41ffec01a?s=96&r=g\",\"caption\":\"Giovanni Porf\u00edrio Jacomino\"},\"description\":\"Giovanni Porf\u00edrio Jacomino \u00e9 jornalista formado pela Universidade Estadual de Londrina (UEL) e p\u00f3s-graduado em Produ\u00e7\u00e3o e Pr\u00e1ticas Jornal\u00edsticas na Contemporaneidade na Faculdade C\u00e1sper L\u00edbero (FCL). Foi editor web no Startupi e no Finsiders, atuando ainda como editor no TC Mover, portal de not\u00edcias da TradersClub, fazendo a cobertura de assuntos relacionados ao mercado financeiro interno e externo. Atualmente, \u00e9 Rep\u00f3rter do Suno Not\u00edcias.\",\"url\":\"https:\/\/www.suno.com.br\/noticias\/author\/giovanni-porfiriosuno-com-br\/\"}]}<\/script>\n<!-- \/ Yoast SEO plugin. -->","yoast_head_json":{"title":"Cosern (CSRN3) pagar\u00e1 dividendos e Coelba (CEEB3), JCP","description":"Em comunicado na segunda-feira (4), a\u00a0Cosern\u00a0anunciou o pagamento de dividendos intermedi\u00e1rios e a Coelba (CEEB3), de JCP.","robots":{"index":"index","follow":"follow","max-snippet":"max-snippet:-1","max-image-preview":"max-image-preview:large","max-video-preview":"max-video-preview:-1"},"canonical":"https:\/\/www.suno.com.br\/noticias\/cosern-csrn3-dividendos-coelba-jcp-gpj\/","og_locale":"pt_BR","og_type":"article","og_title":"Cosern (CSRN3) pagar\u00e1 dividendos e Coelba (CEEB3), JCP","og_description":"Em comunicado na segunda-feira (4), a\u00a0Cosern\u00a0anunciou o pagamento de dividendos intermedi\u00e1rios e a Coelba (CEEB3), de JCP.","og_url":"https:\/\/www.suno.com.br\/noticias\/cosern-csrn3-dividendos-coelba-jcp-gpj\/","og_site_name":"Suno Not\u00edcias","article_publisher":"https:\/\/facebook.com\/sunoresearch","og_image":[{"width":1280,"height":852,"url":"https:\/\/files.sunoresearch.com.br\/n\/uploads\/2021\/04\/e394fe78-column-high-voltage-2392632_1280.jpg","type":"image\/jpeg"}],"author":"Giovanni Porf\u00edrio Jacomino","twitter_card":"summary_large_image","twitter_creator":"@sunoresearch","twitter_site":"@sunoresearch","twitter_misc":{"Escrito por":"Giovanni Porf\u00edrio Jacomino","Est. tempo de leitura":"2 minutos"},"schema":{"@context":"https:\/\/schema.org","@graph":[{"@type":"NewsArticle","@id":"https:\/\/www.suno.com.br\/noticias\/cosern-csrn3-dividendos-coelba-jcp-gpj\/#article","isPartOf":{"@id":"https:\/\/www.suno.com.br\/noticias\/cosern-csrn3-dividendos-coelba-jcp-gpj\/"},"author":{"name":"Giovanni Porf\u00edrio Jacomino","@id":"https:\/\/www.suno.com.br\/noticias\/#\/schema\/person\/d0f32748bbca4bee871fa191ee4e2d40"},"headline":"Cosern (CSRN3) e Coelba (CEEB3) anunciam pagamento de dividendos e JCP no total de R$ 311 milh\u00f5es","datePublished":"2023-09-05T11:28:10+00:00","dateModified":"2023-09-05T17:06:27+00:00","mainEntityOfPage":{"@id":"https:\/\/www.suno.com.br\/noticias\/cosern-csrn3-dividendos-coelba-jcp-gpj\/"},"wordCount":348,"publisher":{"@id":"https:\/\/www.suno.com.br\/noticias\/#organization"},"image":{"@id":"https:\/\/www.suno.com.br\/noticias\/cosern-csrn3-dividendos-coelba-jcp-gpj\/#primaryimage"},"thumbnailUrl":"https:\/\/files.sunoresearch.com.br\/n\/uploads\/2021\/04\/e394fe78-column-high-voltage-2392632_1280-jpg.webp","keywords":["Coelba (CEEB3\/CEEB5)","Cosern (CSRN3\/CSRN5\/CSRN6)","dividendos","juros sobre capital pr\u00f3prio (JCP)"],"articleSection":["Neg\u00f3cios"],"inLanguage":"pt-BR"},{"@type":"WebPage","@id":"https:\/\/www.suno.com.br\/noticias\/cosern-csrn3-dividendos-coelba-jcp-gpj\/","url":"https:\/\/www.suno.com.br\/noticias\/cosern-csrn3-dividendos-coelba-jcp-gpj\/","name":"Cosern (CSRN3) pagar\u00e1 dividendos e Coelba (CEEB3), JCP","isPartOf":{"@id":"https:\/\/www.suno.com.br\/noticias\/#website"},"primaryImageOfPage":{"@id":"https:\/\/www.suno.com.br\/noticias\/cosern-csrn3-dividendos-coelba-jcp-gpj\/#primaryimage"},"image":{"@id":"https:\/\/www.suno.com.br\/noticias\/cosern-csrn3-dividendos-coelba-jcp-gpj\/#primaryimage"},"thumbnailUrl":"https:\/\/files.sunoresearch.com.br\/n\/uploads\/2021\/04\/e394fe78-column-high-voltage-2392632_1280-jpg.webp","datePublished":"2023-09-05T11:28:10+00:00","dateModified":"2023-09-05T17:06:27+00:00","description":"Em comunicado na segunda-feira (4), a\u00a0Cosern\u00a0anunciou o pagamento de dividendos intermedi\u00e1rios e a Coelba (CEEB3), de JCP.","breadcrumb":{"@id":"https:\/\/www.suno.com.br\/noticias\/cosern-csrn3-dividendos-coelba-jcp-gpj\/#breadcrumb"},"inLanguage":"pt-BR","potentialAction":[{"@type":"ReadAction","target":["https:\/\/www.suno.com.br\/noticias\/cosern-csrn3-dividendos-coelba-jcp-gpj\/"]}]},{"@type":"ImageObject","inLanguage":"pt-BR","@id":"https:\/\/www.suno.com.br\/noticias\/cosern-csrn3-dividendos-coelba-jcp-gpj\/#primaryimage","url":"https:\/\/files.sunoresearch.com.br\/n\/uploads\/2021\/04\/e394fe78-column-high-voltage-2392632_1280-jpg.webp","contentUrl":"https:\/\/files.sunoresearch.com.br\/n\/uploads\/2021\/04\/e394fe78-column-high-voltage-2392632_1280-jpg.webp","width":1280,"height":852,"caption":"Cosern (CSRN3). Foto: Pixabay."},{"@type":"BreadcrumbList","@id":"https:\/\/www.suno.com.br\/noticias\/cosern-csrn3-dividendos-coelba-jcp-gpj\/#breadcrumb","itemListElement":[{"@type":"ListItem","position":1,"name":"Not\u00edcias","item":"https:\/\/www.suno.com.br\/noticias\/"},{"@type":"ListItem","position":2,"name":"Neg\u00f3cios","item":"https:\/\/www.suno.com.br\/noticias\/negocios\/"},{"@type":"ListItem","position":3,"name":"Cosern (CSRN3) e Coelba (CEEB3) anunciam pagamento de dividendos e JCP no total de R$ 311 milh\u00f5es"}]},{"@type":"WebSite","@id":"https:\/\/www.suno.com.br\/noticias\/#website","url":"https:\/\/www.suno.com.br\/noticias\/","name":"Suno Not\u00edcias","description":"Seu portal de informa\u00e7\u00e3o sobre o mundo dos investimentos","publisher":{"@id":"https:\/\/www.suno.com.br\/noticias\/#organization"},"potentialAction":[{"@type":"SearchAction","target":{"@type":"EntryPoint","urlTemplate":"https:\/\/www.suno.com.br\/noticias\/?s={search_term_string}"},"query-input":{"@type":"PropertyValueSpecification","valueRequired":true,"valueName":"search_term_string"}}],"inLanguage":"pt-BR"},{"@type":"Organization","@id":"https:\/\/www.suno.com.br\/noticias\/#organization","name":"Suno Not\u00edcias","url":"https:\/\/www.suno.com.br\/noticias\/","logo":{"@type":"ImageObject","inLanguage":"pt-BR","@id":"https:\/\/www.suno.com.br\/noticias\/#\/schema\/logo\/image\/","url":"https:\/\/files.sunoresearch.com.br\/n\/uploads\/2021\/09\/suno-logo.png","contentUrl":"https:\/\/files.sunoresearch.com.br\/n\/uploads\/2021\/09\/suno-logo.png","width":180,"height":180,"caption":"Suno Not\u00edcias"},"image":{"@id":"https:\/\/www.suno.com.br\/noticias\/#\/schema\/logo\/image\/"},"sameAs":["https:\/\/facebook.com\/sunoresearch","https:\/\/x.com\/sunoresearch","https:\/\/www.instagram.com\/suno","https:\/\/www.linkedin.com\/company\/suno-research\/","https:\/\/www.youtube.com\/c\/sunoresearch"]},{"@type":"Person","@id":"https:\/\/www.suno.com.br\/noticias\/#\/schema\/person\/d0f32748bbca4bee871fa191ee4e2d40","name":"Giovanni Porf\u00edrio Jacomino","image":{"@type":"ImageObject","inLanguage":"pt-BR","@id":"https:\/\/www.suno.com.br\/noticias\/#\/schema\/person\/image\/","url":"https:\/\/secure.gravatar.com\/avatar\/efb32e19b730a121cb7a80f41ffec01a?s=96&r=g","contentUrl":"https:\/\/secure.gravatar.com\/avatar\/efb32e19b730a121cb7a80f41ffec01a?s=96&r=g","caption":"Giovanni Porf\u00edrio Jacomino"},"description":"Giovanni Porf\u00edrio Jacomino \u00e9 jornalista formado pela Universidade Estadual de Londrina (UEL) e p\u00f3s-graduado em Produ\u00e7\u00e3o e Pr\u00e1ticas Jornal\u00edsticas na Contemporaneidade na Faculdade C\u00e1sper L\u00edbero (FCL). Foi editor web no Startupi e no Finsiders, atuando ainda como editor no TC Mover, portal de not\u00edcias da TradersClub, fazendo a cobertura de assuntos relacionados ao mercado financeiro interno e externo. Atualmente, \u00e9 Rep\u00f3rter do Suno Not\u00edcias.","url":"https:\/\/www.suno.com.br\/noticias\/author\/giovanni-porfiriosuno-com-br\/"}]}},"default_loop_html":"<div class=\"cardsPage__listCard__boxs\"><div class=\"cardsPage__listCard__boxs__img\"><a href=\"https:\/\/www.suno.com.br\/noticias\/cosern-csrn3-dividendos-coelba-jcp-gpj\/\"><img class=\"mask\" src=\"https:\/\/www.suno.com.br\/noticias\/wp-content\/themes\/suno\/resources\/images\/spotlight\/spotlight1img\/bg-mask.png\" alt=\"Image Mask\"\/><img src=\"https:\/\/files.sunoresearch.com.br\/n\/uploads\/2021\/04\/e394fe78-column-high-voltage-2392632_1280-400x200.webp\" alt=\"Cosern (CSRN3) e Coelba (CEEB3) anunciam pagamento de dividendos e JCP no total de R$ 311 milh\u00f5es\"\/><\/a><span class=\"spotlightCategory\"><a href=\"https:\/\/www.suno.com.br\/noticias\/negocios\/\">Neg\u00f3cios<\/a><\/span><\/div><div class=\"cardsPage__listCard__boxs__content\"><a href=\"https:\/\/www.suno.com.br\/noticias\/cosern-csrn3-dividendos-coelba-jcp-gpj\/\"><h2 class=\"content__title\">Cosern (CSRN3) e Coelba (CEEB3) anunciam pagamento de dividendos e JCP no total de R$ 311 milh\u00f5es<\/h2><\/a><div class=\"newsContent__article__meta\"><div class=\"newsContent__article__meta__authorBox\"><a href=\"https:\/\/www.suno.com.br\/noticias\/author\/giovanni-porfiriosuno-com-br\/\" class=\"authorBox__avatar noMobi\"><img src=\"https:\/\/files.sunoresearch.com.br\/n\/uploads\/2024\/05\/DSCF4115-1-1-150x150.webp\" alt=\"Giovanni Porf\u00edrio Jacomino\"><\/a><div class=\"authorBox__name\"><span>por\n\t\t\t<a href=\"https:\/\/www.suno.com.br\/noticias\/author\/giovanni-porfiriosuno-com-br\/\"><span itemprop=\"author\">Giovanni Porf\u00edrio Jacomino<\/span><\/a><\/span><time datetime=\"2023-09-05T08:28:10-03:00\" itemprop=\"datePublished\">05\/09\/2023 08:28<\/time><\/div><\/div><\/div><\/div><\/div>","single_layout":"posts","amp_enabled":true,"_links":{"self":[{"href":"https:\/\/www.suno.com.br\/noticias\/wp-json\/wp\/v2\/posts\/451850"}],"collection":[{"href":"https:\/\/www.suno.com.br\/noticias\/wp-json\/wp\/v2\/posts"}],"about":[{"href":"https:\/\/www.suno.com.br\/noticias\/wp-json\/wp\/v2\/types\/post"}],"author":[{"embeddable":true,"href":"https:\/\/www.suno.com.br\/noticias\/wp-json\/wp\/v2\/users\/313"}],"replies":[{"embeddable":true,"href":"https:\/\/www.suno.com.br\/noticias\/wp-json\/wp\/v2\/comments?post=451850"}],"version-history":[{"count":3,"href":"https:\/\/www.suno.com.br\/noticias\/wp-json\/wp\/v2\/posts\/451850\/revisions"}],"predecessor-version":[{"id":452177,"href":"https:\/\/www.suno.com.br\/noticias\/wp-json\/wp\/v2\/posts\/451850\/revisions\/452177"}],"wp:featuredmedia":[{"embeddable":true,"href":"https:\/\/www.suno.com.br\/noticias\/wp-json\/wp\/v2\/media\/139581"}],"wp:attachment":[{"href":"https:\/\/www.suno.com.br\/noticias\/wp-json\/wp\/v2\/media?parent=451850"}],"wp:term":[{"taxonomy":"category","embeddable":true,"href":"https:\/\/www.suno.com.br\/noticias\/wp-json\/wp\/v2\/categories?post=451850"},{"taxonomy":"post_tag","embeddable":true,"href":"https:\/\/www.suno.com.br\/noticias\/wp-json\/wp\/v2\/tags?post=451850"},{"taxonomy":"suno_strategy","embeddable":true,"href":"https:\/\/www.suno.com.br\/noticias\/wp-json\/wp\/v2\/suno_strategy?post=451850"}],"curies":[{"name":"wp","href":"https:\/\/api.w.org\/{rel}","templated":true}]}}