{"id":451780,"date":"2023-09-04T20:50:50","date_gmt":"2023-09-04T23:50:50","guid":{"rendered":"https:\/\/www.suno.com.br\/noticias\/?p=451780"},"modified":"2023-09-04T21:53:10","modified_gmt":"2023-09-05T00:53:10","slug":"fundos-imobiliarios-recomendados-setembro-itau-bba-jvj","status":"publish","type":"post","link":"https:\/\/www.suno.com.br\/noticias\/fundos-imobiliarios-recomendados-setembro-itau-bba-jvj\/","title":{"rendered":"KNCR11 e KNRI11 est\u00e3o entre os fundos imobili\u00e1rios recomendados pelo Ita\u00fa BBA; veja a lista de setembro"},"content":{"rendered":"<p>O Ita\u00fa BBA divulgou sua nova <a class=\"suno-keyword\" data-force=\"no\" data-priority=\"1\" href=\"https:\/\/www.suno.com.br\/artigos\/carteira-recomendada\/\" target=\"_blank\" rel=\"noopener\">carteira recomendada<\/a> de<strong> fundos imobili\u00e1rios<\/strong> para o m\u00eas de setembro, destacando quais s\u00e3o os melhores FIIs para investir de acordo com a vis\u00e3o da institui\u00e7\u00e3o.<\/p>\t<div class=\"wrapper-featured-image\">\n\t\t<figure class=\"spotlightImg\">\n\n\t\t\t<picture>\n\t\t\t\t<source media=\"(max-width: 768px)\" srcset=\"https:\/\/files.sunoresearch.com.br\/n\/uploads\/2023\/07\/mercado-altas-400x200.jpg\">\n\t\t\t\t<img loading=\"lazy\" decoding=\"async\" class=\"newsContent__article__imgCapa lazyloadDisabled \" src=\"https:\/\/files.sunoresearch.com.br\/n\/uploads\/2023\/07\/mercado-altas-800x450.jpg\" width=\"800\" height=\"450\" alt=\"KNCR11 e KNRI11 est\u00e3o entre os fundos imobili\u00e1rios recomendados pelo Ita\u00fa BBA; veja a lista de setembro\" fetchpriority=high \/>\n\t\t\t<\/picture>\n\n\t\t\t<figcaption class=\"wp-caption-text wp-caption-text--show\">Foto: iSTock<\/figcaption>\n\t\t<\/figure>\n\t<\/div>\n\n\n\n\n\n\t<p>\n\t\t<a href=\"https:\/\/lp2.suno.com.br\/cl\/black-friday-2025\/?utm_campaign=_SNCDF0E4858_\" target=\"_blank\" data-element=\"shortcode-suno-banner\" title=\"Banner SUNO, clique e saiba mais\">\n\t\t\t<picture>\n\t\t\t\t<source media=\"(max-width: 500px)\" srcset=\"https:\/\/files.sunoresearch.com.br\/n\/uploads\/2025\/10\/Artigos-e-Noticias-Banner-Home-artigos-01-Mobile_-400x300-1-png.webp\">\n\t\t\t\t<img class=\"newsContent__article__imgCapa newsContent__article__imgCapa--banner\"\n\t\t\t\t\tsrc=\"https:\/\/files.sunoresearch.com.br\/n\/uploads\/2025\/10\/Artigos-e-Noticias-Banner-Home-artigos-01-Desktop_-1420x240-1-png.webp\"\n\t\t\t\t\tdata-promo-id=\"311259\"\t\t\t\t\t\t\t\t\t\twidth='1420' height='240'\t\t\t\t\talt=\"https:\/\/files.sunoresearch.com.br\/n\/uploads\/2025\/10\/Artigos-e-Noticias-Banner-Home-artigos-01-Desktop_-1420x240-1-png.webp\"\n\t\t\t\t>\n\t\t\t<\/picture>\n\t\t<\/a>\n\t<\/p>\n\n\n\n\n\n<p>Do m\u00eas de agosto para setembro, a nova <strong>carteira de fundos imobili\u00e1rios<\/strong> do Ita\u00fa BBA n\u00e3o passou por altera\u00e7\u00f5es.<\/p>\n\n\n\n<p>Por setor, a <strong>carteira de FIIs <\/strong>est\u00e1 concentrada em ativos financeiros, que representam 40% do portf\u00f3lio. Outro segmento bastante presente \u00e9 o de galp\u00f5es log\u00edsticos, com 30%. Os outros 30% est\u00e3o distribu\u00eddos entre renda urbana (7,5%), <a class=\"suno-keyword\" data-force=\"no\" data-priority=\"1\" href=\"https:\/\/www.suno.com.br\/artigos\/lajes-corporativas\/\" target=\"_blank\" rel=\"noopener\">lajes corporativas<\/a> (15%) e shoppings centers (7,5%).<\/p>\n\n\n\t<div data-element=\"shortcode-read-more\" class=\"knowMore\">\n\t\t\t\t<span class=\"knowMore__title\">Leia mais<\/span>\n\t\t\t\t<a class=\"knowMore__link\" href=\"https:\/\/www.suno.com.br\/noticias\/fundos-imobiliarios-hoje-04092023-xpml11-bcff11-visc11-jvj\/\">\n\t\t\tXPML11 sobe pela 5\u00aa vez seguida, VISC11 lidera perdas e BCFF11 avan\u00e7a em dia de IFIX est\u00e1vel\t\t<\/a>\n\t<\/div>\n\n\n\n\n<p>Confira a seguir a carteira atualizada para o m\u00eas de setembro, assim como o peso de cada um dos 12 ativos:<\/p>\n\n\n\n<ul class=\"wp-block-list\">\n<li>KNIP11 &#8211; 10,0%<\/li>\n\n\n\n<li>KNCR11 &#8211; 10,0%<\/li>\n\n\n\n<li>KNHY11 &#8211; 10,0%<\/li>\n\n\n\n<li>HGCR11 &#8211; 10,0%<\/li>\n\n\n\n<li>BRCO11 &#8211; 7,5%<\/li>\n\n\n\n<li>KNRI11 &#8211; 7,5%<\/li>\n\n\n\n<li>LVBI11 &#8211; 7,5%<\/li>\n\n\n\n<li>VILG11 &#8211; 7,5%<\/li>\n\n\n\n<li>PVBI11 &#8211; 7,5%<\/li>\n\n\n\n<li>RBRP11 &#8211; 7,5%<\/li>\n\n\n\n<li>HGRU11 &#8211; 7,5%<\/li>\n\n\n\n<li>HSML11 &#8211; 7,5%<\/li>\n<\/ul>\n\n\n\n<h2 class=\"wp-block-heading\"><a><\/a>Como foi o desempenho da carteira de fundos imobili\u00e1rios em agosto?<\/h2>\n\n\n\n<p>O relat\u00f3rio assinado pelos CNPIs Larissa Nappo e Marcelo Potenza aponta que agosto foi um m\u00eas em que a carteira recomendada \u201crevelou uma trajet\u00f3ria marcada pela resili\u00eancia e acelera\u00e7\u00e3o constante\u201d.<\/p>\n\n\n\n<p>\u201cAo longo dos \u00faltimos seis meses, esse conjunto de ativos apresentou um padr\u00e3o not\u00e1vel de crescimento, marcando o sexto m\u00eas consecutivo de ganhos. Com isso, nossa carteira abriu uma diferen\u00e7a de +0,98% em rela\u00e7\u00e3o ao seu principal benchmark, o \u00cdndice de Fundos de Investimentos Imobili\u00e1rios (IFIX): registramos alta de 1,41% em nosso portf\u00f3lio, contra uma queda de 0,49% para o IFIX\u201d, destacaram os analistas.<\/p>\n\n\n\n<p>Em 2023, a <strong>Carteira Renda do Ita\u00fa com Im\u00f3veis<\/strong> tem uma alta de 17,03%, enquanto o IFIX registrou um avan\u00e7o de 12,06% no mesmo per\u00edodo.<\/p>\n\n\n\n<p>Os fundos imobili\u00e1rios de shoppings e os Fundo de Fundos (FOFs) foram os protagonistas de agosto e est\u00e3o entre os melhores desempenhos de 2023.<\/p>\n\n\n\n<p>No m\u00eas de agosto, o <a class=\"suno-keyword\" data-force=\"yes\" data-priority=\"2\" href=\"https:\/\/www.suno.com.br\/fundos-imobiliarios\/brco11\/\" target=\"_blank\" rel=\"noopener\"><strong>BRCO11<\/strong><\/a> teve alta de 4,97% e se destacou entre os melhores desempenhos, assim como os FIIs de ativos financeiros: <a class=\"suno-keyword\" data-force=\"yes\" data-priority=\"2\" href=\"https:\/\/www.suno.com.br\/fundos-imobiliarios\/hgcr11\/\" target=\"_blank\" rel=\"noopener\">HGCR11<\/a>, <a class=\"suno-keyword\" data-force=\"yes\" data-priority=\"2\" href=\"https:\/\/www.suno.com.br\/fundos-imobiliarios\/knhy11\/\" target=\"_blank\" rel=\"noopener\">KNHY11<\/a>, <a class=\"suno-keyword\" data-force=\"yes\" data-priority=\"2\" href=\"https:\/\/www.suno.com.br\/fundos-imobiliarios\/kncr11\/\" target=\"_blank\" rel=\"noopener\"><strong>KNCR11<\/strong><\/a> e <a class=\"suno-keyword\" data-force=\"yes\" data-priority=\"2\" href=\"https:\/\/www.suno.com.br\/fundos-imobiliarios\/knip11\/\" target=\"_blank\" rel=\"noopener\"><strong>KNIP11<\/strong><\/a>.<\/p>\n\n\n\n<p>O objetivo da Carteira Renda com im\u00f3veis \u00e9 trazer uma renda relativamente previs\u00edvel e \u201cnavegar com certa tranquilidade por momentos de mercado mais turbulentos, como o que estamos vivendo atualmente\u201d, destaca o Ita\u00fa sobre os<strong> fundos imobili\u00e1rios <\/strong>escolhidos. Ele aponta que o p\u00fablico-alvo s\u00e3o os investidores que est\u00e3o em busca de uma <a class=\"suno-keyword\" target=\"_blank\" data-force=\"no\" data-priority=\"1\" href=\"https:\/\/www.suno.com.br\/artigos\/renda-mensal\/\" rel=\"noopener\">renda mensal<\/a> recorrente com riscos menores em rela\u00e7\u00e3o ao IFIX.<\/p>\n","protected":false},"excerpt":{"rendered":"<p>O Ita\u00fa BBA divulgou sua nova carteira recomendada de fundos imobili\u00e1rios para o m\u00eas de setembro, destacando quais s\u00e3o os melhores FIIs para investir de acordo com a vis\u00e3o da institui\u00e7\u00e3o. Foto: iSTock Do m\u00eas de agosto para setembro, a nova carteira de fundos imobili\u00e1rios do Ita\u00fa BBA n\u00e3o passou por altera\u00e7\u00f5es. Por setor, a [&hellip;]<\/p>\n","protected":false},"author":173,"featured_media":431699,"comment_status":"closed","ping_status":"closed","sticky":false,"template":"","format":"standard","meta":[],"categories":[66],"tags":[106084,315,2305,105728,105886,106772,106199,105440],"suno_strategy":[],"class_list":["post-451780","post","type-post","status-publish","format-standard","has-post-thumbnail","hentry","category-fiis","tag-brco11","tag-fundos-imobiliarios-fiis","tag-hgru11","tag-hsml11","tag-kncr11","tag-knri11","tag-pvbi11","tag-rbrp11"],"yoast_head":"<!-- This site is optimized with the Yoast SEO plugin v24.4 - https:\/\/yoast.com\/wordpress\/plugins\/seo\/ -->\n<title>KNCR11 e KNRI11 est\u00e3o entre os fundos imobili\u00e1rios recomendados<\/title>\n<meta name=\"description\" content=\"KNCR11 e KNRI11 est\u00e3o entre os fundos imobili\u00e1rios recomendados pelo Ita\u00fa BBA para setembro. Confira a lista completa de FIIs.\" \/>\n<meta name=\"robots\" content=\"index, follow, max-snippet:-1, max-image-preview:large, max-video-preview:-1\" \/>\n<link rel=\"canonical\" href=\"https:\/\/www.suno.com.br\/noticias\/fundos-imobiliarios-recomendados-setembro-itau-bba-jvj\/\" \/>\n<meta property=\"og:locale\" content=\"pt_BR\" \/>\n<meta property=\"og:type\" content=\"article\" \/>\n<meta property=\"og:title\" content=\"KNCR11 e KNRI11 est\u00e3o entre os fundos imobili\u00e1rios recomendados\" \/>\n<meta property=\"og:description\" content=\"KNCR11 e KNRI11 est\u00e3o entre os fundos imobili\u00e1rios recomendados pelo Ita\u00fa BBA para setembro. Confira a lista completa de FIIs.\" \/>\n<meta property=\"og:url\" content=\"https:\/\/www.suno.com.br\/noticias\/fundos-imobiliarios-recomendados-setembro-itau-bba-jvj\/\" \/>\n<meta property=\"og:site_name\" content=\"Suno Not\u00edcias\" \/>\n<meta property=\"article:publisher\" content=\"https:\/\/facebook.com\/sunoresearch\" \/>\n<meta property=\"og:image\" content=\"https:\/\/files.sunoresearch.com.br\/n\/uploads\/2023\/07\/mercado-altas.jpg\" \/>\n\t<meta property=\"og:image:width\" content=\"1200\" \/>\n\t<meta property=\"og:image:height\" content=\"800\" \/>\n\t<meta property=\"og:image:type\" content=\"image\/jpeg\" \/>\n<meta name=\"author\" content=\"Jo\u00e3o Vitor\" \/>\n<meta name=\"twitter:card\" content=\"summary_large_image\" \/>\n<meta name=\"twitter:creator\" content=\"@sunoresearch\" \/>\n<meta name=\"twitter:site\" content=\"@sunoresearch\" \/>\n<meta name=\"twitter:label1\" content=\"Escrito por\" \/>\n\t<meta name=\"twitter:data1\" content=\"Jo\u00e3o Vitor\" \/>\n\t<meta name=\"twitter:label2\" content=\"Est. tempo de leitura\" \/>\n\t<meta name=\"twitter:data2\" content=\"3 minutos\" \/>\n<script type=\"application\/ld+json\" class=\"yoast-schema-graph\">{\"@context\":\"https:\/\/schema.org\",\"@graph\":[{\"@type\":\"NewsArticle\",\"@id\":\"https:\/\/www.suno.com.br\/noticias\/fundos-imobiliarios-recomendados-setembro-itau-bba-jvj\/#article\",\"isPartOf\":{\"@id\":\"https:\/\/www.suno.com.br\/noticias\/fundos-imobiliarios-recomendados-setembro-itau-bba-jvj\/\"},\"author\":{\"name\":\"Jo\u00e3o Vitor\",\"@id\":\"https:\/\/www.suno.com.br\/noticias\/#\/schema\/person\/87fc6973867c52dd884811905c43afba\"},\"headline\":\"KNCR11 e KNRI11 est\u00e3o entre os fundos imobili\u00e1rios recomendados pelo Ita\u00fa BBA; veja a lista de setembro\",\"datePublished\":\"2023-09-04T23:50:50+00:00\",\"dateModified\":\"2023-09-05T00:53:10+00:00\",\"mainEntityOfPage\":{\"@id\":\"https:\/\/www.suno.com.br\/noticias\/fundos-imobiliarios-recomendados-setembro-itau-bba-jvj\/\"},\"wordCount\":429,\"publisher\":{\"@id\":\"https:\/\/www.suno.com.br\/noticias\/#organization\"},\"image\":{\"@id\":\"https:\/\/www.suno.com.br\/noticias\/fundos-imobiliarios-recomendados-setembro-itau-bba-jvj\/#primaryimage\"},\"thumbnailUrl\":\"https:\/\/files.sunoresearch.com.br\/n\/uploads\/2023\/07\/mercado-altas.jpg\",\"keywords\":[\"BRCO11\",\"Fundos Imobili\u00e1rios (FIIs)\",\"HGRU11\",\"HSML11\",\"KNCR11\",\"KNRI11\",\"PVBI11\",\"RBRP11\"],\"articleSection\":[\"FIIs\"],\"inLanguage\":\"pt-BR\"},{\"@type\":\"WebPage\",\"@id\":\"https:\/\/www.suno.com.br\/noticias\/fundos-imobiliarios-recomendados-setembro-itau-bba-jvj\/\",\"url\":\"https:\/\/www.suno.com.br\/noticias\/fundos-imobiliarios-recomendados-setembro-itau-bba-jvj\/\",\"name\":\"KNCR11 e KNRI11 est\u00e3o entre os fundos imobili\u00e1rios recomendados\",\"isPartOf\":{\"@id\":\"https:\/\/www.suno.com.br\/noticias\/#website\"},\"primaryImageOfPage\":{\"@id\":\"https:\/\/www.suno.com.br\/noticias\/fundos-imobiliarios-recomendados-setembro-itau-bba-jvj\/#primaryimage\"},\"image\":{\"@id\":\"https:\/\/www.suno.com.br\/noticias\/fundos-imobiliarios-recomendados-setembro-itau-bba-jvj\/#primaryimage\"},\"thumbnailUrl\":\"https:\/\/files.sunoresearch.com.br\/n\/uploads\/2023\/07\/mercado-altas.jpg\",\"datePublished\":\"2023-09-04T23:50:50+00:00\",\"dateModified\":\"2023-09-05T00:53:10+00:00\",\"description\":\"KNCR11 e KNRI11 est\u00e3o entre os fundos imobili\u00e1rios recomendados pelo Ita\u00fa BBA para setembro. Confira a lista completa de FIIs.\",\"breadcrumb\":{\"@id\":\"https:\/\/www.suno.com.br\/noticias\/fundos-imobiliarios-recomendados-setembro-itau-bba-jvj\/#breadcrumb\"},\"inLanguage\":\"pt-BR\",\"potentialAction\":[{\"@type\":\"ReadAction\",\"target\":[\"https:\/\/www.suno.com.br\/noticias\/fundos-imobiliarios-recomendados-setembro-itau-bba-jvj\/\"]}]},{\"@type\":\"ImageObject\",\"inLanguage\":\"pt-BR\",\"@id\":\"https:\/\/www.suno.com.br\/noticias\/fundos-imobiliarios-recomendados-setembro-itau-bba-jvj\/#primaryimage\",\"url\":\"https:\/\/files.sunoresearch.com.br\/n\/uploads\/2023\/07\/mercado-altas.jpg\",\"contentUrl\":\"https:\/\/files.sunoresearch.com.br\/n\/uploads\/2023\/07\/mercado-altas.jpg\",\"width\":1200,\"height\":800,\"caption\":\"Foto: iSTock\"},{\"@type\":\"BreadcrumbList\",\"@id\":\"https:\/\/www.suno.com.br\/noticias\/fundos-imobiliarios-recomendados-setembro-itau-bba-jvj\/#breadcrumb\",\"itemListElement\":[{\"@type\":\"ListItem\",\"position\":1,\"name\":\"Not\u00edcias\",\"item\":\"https:\/\/www.suno.com.br\/noticias\/\"},{\"@type\":\"ListItem\",\"position\":2,\"name\":\"FIIs\",\"item\":\"https:\/\/www.suno.com.br\/noticias\/fiis\/\"},{\"@type\":\"ListItem\",\"position\":3,\"name\":\"KNCR11 e KNRI11 est\u00e3o entre os fundos imobili\u00e1rios recomendados pelo Ita\u00fa BBA; veja a lista de setembro\"}]},{\"@type\":\"WebSite\",\"@id\":\"https:\/\/www.suno.com.br\/noticias\/#website\",\"url\":\"https:\/\/www.suno.com.br\/noticias\/\",\"name\":\"Suno Not\u00edcias\",\"description\":\"Seu portal de informa\u00e7\u00e3o sobre o mundo dos investimentos\",\"publisher\":{\"@id\":\"https:\/\/www.suno.com.br\/noticias\/#organization\"},\"potentialAction\":[{\"@type\":\"SearchAction\",\"target\":{\"@type\":\"EntryPoint\",\"urlTemplate\":\"https:\/\/www.suno.com.br\/noticias\/?s={search_term_string}\"},\"query-input\":{\"@type\":\"PropertyValueSpecification\",\"valueRequired\":true,\"valueName\":\"search_term_string\"}}],\"inLanguage\":\"pt-BR\"},{\"@type\":\"Organization\",\"@id\":\"https:\/\/www.suno.com.br\/noticias\/#organization\",\"name\":\"Suno Not\u00edcias\",\"url\":\"https:\/\/www.suno.com.br\/noticias\/\",\"logo\":{\"@type\":\"ImageObject\",\"inLanguage\":\"pt-BR\",\"@id\":\"https:\/\/www.suno.com.br\/noticias\/#\/schema\/logo\/image\/\",\"url\":\"https:\/\/files.sunoresearch.com.br\/n\/uploads\/2021\/09\/suno-logo.png\",\"contentUrl\":\"https:\/\/files.sunoresearch.com.br\/n\/uploads\/2021\/09\/suno-logo.png\",\"width\":180,\"height\":180,\"caption\":\"Suno Not\u00edcias\"},\"image\":{\"@id\":\"https:\/\/www.suno.com.br\/noticias\/#\/schema\/logo\/image\/\"},\"sameAs\":[\"https:\/\/facebook.com\/sunoresearch\",\"https:\/\/x.com\/sunoresearch\",\"https:\/\/www.instagram.com\/suno\",\"https:\/\/www.linkedin.com\/company\/suno-research\/\",\"https:\/\/www.youtube.com\/c\/sunoresearch\"]},{\"@type\":\"Person\",\"@id\":\"https:\/\/www.suno.com.br\/noticias\/#\/schema\/person\/87fc6973867c52dd884811905c43afba\",\"name\":\"Jo\u00e3o Vitor\",\"image\":{\"@type\":\"ImageObject\",\"inLanguage\":\"pt-BR\",\"@id\":\"https:\/\/www.suno.com.br\/noticias\/#\/schema\/person\/image\/\",\"url\":\"https:\/\/secure.gravatar.com\/avatar\/2843227ca03ccf8cc7ccca45204c127e?s=96&r=g\",\"contentUrl\":\"https:\/\/secure.gravatar.com\/avatar\/2843227ca03ccf8cc7ccca45204c127e?s=96&r=g\",\"caption\":\"Jo\u00e3o Vitor\"},\"description\":\"Redator profissional, com atua\u00e7\u00e3o no mercado editorial na produ\u00e7\u00e3o de not\u00edcias e conte\u00fados sobre o mercado de a\u00e7\u00f5es, fundos imobili\u00e1rios e economia popular. Graduando em Engenharia Qu\u00edmica pela Unesp, tamb\u00e9m j\u00e1 atuou como consultor financeiro.\",\"url\":\"https:\/\/www.suno.com.br\/noticias\/author\/joao-vitor-jacintho\/\"}]}<\/script>\n<!-- \/ Yoast SEO plugin. -->","yoast_head_json":{"title":"KNCR11 e KNRI11 est\u00e3o entre os fundos imobili\u00e1rios recomendados","description":"KNCR11 e KNRI11 est\u00e3o entre os fundos imobili\u00e1rios recomendados pelo Ita\u00fa BBA para setembro. Confira a lista completa de FIIs.","robots":{"index":"index","follow":"follow","max-snippet":"max-snippet:-1","max-image-preview":"max-image-preview:large","max-video-preview":"max-video-preview:-1"},"canonical":"https:\/\/www.suno.com.br\/noticias\/fundos-imobiliarios-recomendados-setembro-itau-bba-jvj\/","og_locale":"pt_BR","og_type":"article","og_title":"KNCR11 e KNRI11 est\u00e3o entre os fundos imobili\u00e1rios recomendados","og_description":"KNCR11 e KNRI11 est\u00e3o entre os fundos imobili\u00e1rios recomendados pelo Ita\u00fa BBA para setembro. Confira a lista completa de FIIs.","og_url":"https:\/\/www.suno.com.br\/noticias\/fundos-imobiliarios-recomendados-setembro-itau-bba-jvj\/","og_site_name":"Suno Not\u00edcias","article_publisher":"https:\/\/facebook.com\/sunoresearch","og_image":[{"width":1200,"height":800,"url":"https:\/\/files.sunoresearch.com.br\/n\/uploads\/2023\/07\/mercado-altas.jpg","type":"image\/jpeg"}],"author":"Jo\u00e3o Vitor","twitter_card":"summary_large_image","twitter_creator":"@sunoresearch","twitter_site":"@sunoresearch","twitter_misc":{"Escrito por":"Jo\u00e3o Vitor","Est. tempo de leitura":"3 minutos"},"schema":{"@context":"https:\/\/schema.org","@graph":[{"@type":"NewsArticle","@id":"https:\/\/www.suno.com.br\/noticias\/fundos-imobiliarios-recomendados-setembro-itau-bba-jvj\/#article","isPartOf":{"@id":"https:\/\/www.suno.com.br\/noticias\/fundos-imobiliarios-recomendados-setembro-itau-bba-jvj\/"},"author":{"name":"Jo\u00e3o Vitor","@id":"https:\/\/www.suno.com.br\/noticias\/#\/schema\/person\/87fc6973867c52dd884811905c43afba"},"headline":"KNCR11 e KNRI11 est\u00e3o entre os fundos imobili\u00e1rios recomendados pelo Ita\u00fa BBA; veja a lista de setembro","datePublished":"2023-09-04T23:50:50+00:00","dateModified":"2023-09-05T00:53:10+00:00","mainEntityOfPage":{"@id":"https:\/\/www.suno.com.br\/noticias\/fundos-imobiliarios-recomendados-setembro-itau-bba-jvj\/"},"wordCount":429,"publisher":{"@id":"https:\/\/www.suno.com.br\/noticias\/#organization"},"image":{"@id":"https:\/\/www.suno.com.br\/noticias\/fundos-imobiliarios-recomendados-setembro-itau-bba-jvj\/#primaryimage"},"thumbnailUrl":"https:\/\/files.sunoresearch.com.br\/n\/uploads\/2023\/07\/mercado-altas.jpg","keywords":["BRCO11","Fundos Imobili\u00e1rios (FIIs)","HGRU11","HSML11","KNCR11","KNRI11","PVBI11","RBRP11"],"articleSection":["FIIs"],"inLanguage":"pt-BR"},{"@type":"WebPage","@id":"https:\/\/www.suno.com.br\/noticias\/fundos-imobiliarios-recomendados-setembro-itau-bba-jvj\/","url":"https:\/\/www.suno.com.br\/noticias\/fundos-imobiliarios-recomendados-setembro-itau-bba-jvj\/","name":"KNCR11 e KNRI11 est\u00e3o entre os fundos imobili\u00e1rios recomendados","isPartOf":{"@id":"https:\/\/www.suno.com.br\/noticias\/#website"},"primaryImageOfPage":{"@id":"https:\/\/www.suno.com.br\/noticias\/fundos-imobiliarios-recomendados-setembro-itau-bba-jvj\/#primaryimage"},"image":{"@id":"https:\/\/www.suno.com.br\/noticias\/fundos-imobiliarios-recomendados-setembro-itau-bba-jvj\/#primaryimage"},"thumbnailUrl":"https:\/\/files.sunoresearch.com.br\/n\/uploads\/2023\/07\/mercado-altas.jpg","datePublished":"2023-09-04T23:50:50+00:00","dateModified":"2023-09-05T00:53:10+00:00","description":"KNCR11 e KNRI11 est\u00e3o entre os fundos imobili\u00e1rios recomendados pelo Ita\u00fa BBA para setembro. Confira a lista completa de FIIs.","breadcrumb":{"@id":"https:\/\/www.suno.com.br\/noticias\/fundos-imobiliarios-recomendados-setembro-itau-bba-jvj\/#breadcrumb"},"inLanguage":"pt-BR","potentialAction":[{"@type":"ReadAction","target":["https:\/\/www.suno.com.br\/noticias\/fundos-imobiliarios-recomendados-setembro-itau-bba-jvj\/"]}]},{"@type":"ImageObject","inLanguage":"pt-BR","@id":"https:\/\/www.suno.com.br\/noticias\/fundos-imobiliarios-recomendados-setembro-itau-bba-jvj\/#primaryimage","url":"https:\/\/files.sunoresearch.com.br\/n\/uploads\/2023\/07\/mercado-altas.jpg","contentUrl":"https:\/\/files.sunoresearch.com.br\/n\/uploads\/2023\/07\/mercado-altas.jpg","width":1200,"height":800,"caption":"Foto: iSTock"},{"@type":"BreadcrumbList","@id":"https:\/\/www.suno.com.br\/noticias\/fundos-imobiliarios-recomendados-setembro-itau-bba-jvj\/#breadcrumb","itemListElement":[{"@type":"ListItem","position":1,"name":"Not\u00edcias","item":"https:\/\/www.suno.com.br\/noticias\/"},{"@type":"ListItem","position":2,"name":"FIIs","item":"https:\/\/www.suno.com.br\/noticias\/fiis\/"},{"@type":"ListItem","position":3,"name":"KNCR11 e KNRI11 est\u00e3o entre os fundos imobili\u00e1rios recomendados pelo Ita\u00fa BBA; veja a lista de setembro"}]},{"@type":"WebSite","@id":"https:\/\/www.suno.com.br\/noticias\/#website","url":"https:\/\/www.suno.com.br\/noticias\/","name":"Suno Not\u00edcias","description":"Seu portal de informa\u00e7\u00e3o sobre o mundo dos investimentos","publisher":{"@id":"https:\/\/www.suno.com.br\/noticias\/#organization"},"potentialAction":[{"@type":"SearchAction","target":{"@type":"EntryPoint","urlTemplate":"https:\/\/www.suno.com.br\/noticias\/?s={search_term_string}"},"query-input":{"@type":"PropertyValueSpecification","valueRequired":true,"valueName":"search_term_string"}}],"inLanguage":"pt-BR"},{"@type":"Organization","@id":"https:\/\/www.suno.com.br\/noticias\/#organization","name":"Suno Not\u00edcias","url":"https:\/\/www.suno.com.br\/noticias\/","logo":{"@type":"ImageObject","inLanguage":"pt-BR","@id":"https:\/\/www.suno.com.br\/noticias\/#\/schema\/logo\/image\/","url":"https:\/\/files.sunoresearch.com.br\/n\/uploads\/2021\/09\/suno-logo.png","contentUrl":"https:\/\/files.sunoresearch.com.br\/n\/uploads\/2021\/09\/suno-logo.png","width":180,"height":180,"caption":"Suno Not\u00edcias"},"image":{"@id":"https:\/\/www.suno.com.br\/noticias\/#\/schema\/logo\/image\/"},"sameAs":["https:\/\/facebook.com\/sunoresearch","https:\/\/x.com\/sunoresearch","https:\/\/www.instagram.com\/suno","https:\/\/www.linkedin.com\/company\/suno-research\/","https:\/\/www.youtube.com\/c\/sunoresearch"]},{"@type":"Person","@id":"https:\/\/www.suno.com.br\/noticias\/#\/schema\/person\/87fc6973867c52dd884811905c43afba","name":"Jo\u00e3o Vitor","image":{"@type":"ImageObject","inLanguage":"pt-BR","@id":"https:\/\/www.suno.com.br\/noticias\/#\/schema\/person\/image\/","url":"https:\/\/secure.gravatar.com\/avatar\/2843227ca03ccf8cc7ccca45204c127e?s=96&r=g","contentUrl":"https:\/\/secure.gravatar.com\/avatar\/2843227ca03ccf8cc7ccca45204c127e?s=96&r=g","caption":"Jo\u00e3o Vitor"},"description":"Redator profissional, com atua\u00e7\u00e3o no mercado editorial na produ\u00e7\u00e3o de not\u00edcias e conte\u00fados sobre o mercado de a\u00e7\u00f5es, fundos imobili\u00e1rios e economia popular. Graduando em Engenharia Qu\u00edmica pela Unesp, tamb\u00e9m j\u00e1 atuou como consultor financeiro.","url":"https:\/\/www.suno.com.br\/noticias\/author\/joao-vitor-jacintho\/"}]}},"default_loop_html":"<div class=\"cardsPage__listCard__boxs\"><div class=\"cardsPage__listCard__boxs__img\"><a href=\"https:\/\/www.suno.com.br\/noticias\/fundos-imobiliarios-recomendados-setembro-itau-bba-jvj\/\"><img class=\"mask\" src=\"https:\/\/www.suno.com.br\/noticias\/wp-content\/themes\/suno\/resources\/images\/spotlight\/spotlight1img\/bg-mask.png\" alt=\"Image Mask\"\/><img src=\"https:\/\/files.sunoresearch.com.br\/n\/uploads\/2023\/07\/mercado-altas-400x200.jpg\" alt=\"KNCR11 e KNRI11 est\u00e3o entre os fundos imobili\u00e1rios recomendados pelo Ita\u00fa BBA; veja a lista de setembro\"\/><\/a><span class=\"spotlightCategory\"><a href=\"https:\/\/www.suno.com.br\/noticias\/fiis\/\">FIIs<\/a><\/span><\/div><div class=\"cardsPage__listCard__boxs__content\"><a href=\"https:\/\/www.suno.com.br\/noticias\/fundos-imobiliarios-recomendados-setembro-itau-bba-jvj\/\"><h2 class=\"content__title\">KNCR11 e KNRI11 est\u00e3o entre os fundos imobili\u00e1rios recomendados pelo Ita\u00fa BBA; veja a lista de setembro<\/h2><\/a><div class=\"newsContent__article__meta\"><div class=\"newsContent__article__meta__authorBox\"><a href=\"https:\/\/www.suno.com.br\/noticias\/author\/joao-vitor-jacintho\/\" class=\"authorBox__avatar noMobi\"><img src=\"https:\/\/secure.gravatar.com\/avatar\/2843227ca03ccf8cc7ccca45204c127e?s=96&#038;r=g\" alt=\"Jo\u00e3o Vitor Jacintho\"><\/a><div class=\"authorBox__name\"><span>por\n\t\t\t<a href=\"https:\/\/www.suno.com.br\/noticias\/author\/joao-vitor-jacintho\/\"><span itemprop=\"author\">Jo\u00e3o Vitor Jacintho<\/span><\/a><\/span><time datetime=\"2023-09-04T20:50:50-03:00\" itemprop=\"datePublished\">04\/09\/2023 20:50<\/time><\/div><\/div><\/div><\/div><\/div>","single_layout":"posts","amp_enabled":true,"_links":{"self":[{"href":"https:\/\/www.suno.com.br\/noticias\/wp-json\/wp\/v2\/posts\/451780"}],"collection":[{"href":"https:\/\/www.suno.com.br\/noticias\/wp-json\/wp\/v2\/posts"}],"about":[{"href":"https:\/\/www.suno.com.br\/noticias\/wp-json\/wp\/v2\/types\/post"}],"author":[{"embeddable":true,"href":"https:\/\/www.suno.com.br\/noticias\/wp-json\/wp\/v2\/users\/173"}],"replies":[{"embeddable":true,"href":"https:\/\/www.suno.com.br\/noticias\/wp-json\/wp\/v2\/comments?post=451780"}],"version-history":[{"count":3,"href":"https:\/\/www.suno.com.br\/noticias\/wp-json\/wp\/v2\/posts\/451780\/revisions"}],"predecessor-version":[{"id":451819,"href":"https:\/\/www.suno.com.br\/noticias\/wp-json\/wp\/v2\/posts\/451780\/revisions\/451819"}],"wp:featuredmedia":[{"embeddable":true,"href":"https:\/\/www.suno.com.br\/noticias\/wp-json\/wp\/v2\/media\/431699"}],"wp:attachment":[{"href":"https:\/\/www.suno.com.br\/noticias\/wp-json\/wp\/v2\/media?parent=451780"}],"wp:term":[{"taxonomy":"category","embeddable":true,"href":"https:\/\/www.suno.com.br\/noticias\/wp-json\/wp\/v2\/categories?post=451780"},{"taxonomy":"post_tag","embeddable":true,"href":"https:\/\/www.suno.com.br\/noticias\/wp-json\/wp\/v2\/tags?post=451780"},{"taxonomy":"suno_strategy","embeddable":true,"href":"https:\/\/www.suno.com.br\/noticias\/wp-json\/wp\/v2\/suno_strategy?post=451780"}],"curies":[{"name":"wp","href":"https:\/\/api.w.org\/{rel}","templated":true}]}}