{"id":451476,"date":"2023-09-04T13:05:54","date_gmt":"2023-09-04T16:05:54","guid":{"rendered":"https:\/\/www.suno.com.br\/noticias\/?p=451476"},"modified":"2023-09-04T13:37:46","modified_gmt":"2023-09-04T16:37:46","slug":"pix-12-bilhao-maior-da-historia-valor-evm","status":"publish","type":"post","link":"https:\/\/www.suno.com.br\/noticias\/pix-12-bilhao-maior-da-historia-valor-evm\/","title":{"rendered":"Pix de R$ 1,2 bilh\u00e3o foi o maior desde lan\u00e7amento; valor m\u00e9dio de transa\u00e7\u00f5es \u00e9 de R$ 200"},"content":{"rendered":"<p>O Banco Central publicou nesta segunda-feira (4) o &#8220;Relat\u00f3rio de Gest\u00e3o do <strong>Pix <\/strong>&#8211; Concep\u00e7\u00e3o e primeiros anos de funcionamento 2020-2022&#8243;, com as principais estat\u00edsticas do instrumento at\u00e9 o ano passado.<\/p>\t<div class=\"wrapper-featured-image\">\n\t\t<figure class=\"spotlightImg\">\n\n\t\t\t<picture>\n\t\t\t\t<source media=\"(max-width: 768px)\" srcset=\"https:\/\/files.sunoresearch.com.br\/n\/uploads\/2023\/09\/pix-400x200.jpg\">\n\t\t\t\t<img loading=\"lazy\" decoding=\"async\" class=\"newsContent__article__imgCapa lazyloadDisabled \" src=\"https:\/\/files.sunoresearch.com.br\/n\/uploads\/2023\/09\/pix-800x450.jpg\" width=\"800\" height=\"450\" alt=\"Pix de R$ 1,2 bilh\u00e3o foi o maior desde lan\u00e7amento; valor m\u00e9dio de transa\u00e7\u00f5es \u00e9 de R$ 200\" fetchpriority=high \/>\n\t\t\t<\/picture>\n\n\t\t\t<figcaption class=\"wp-caption-text wp-caption-text--show\">Pix - Foto: Banco Central<\/figcaption>\n\t\t<\/figure>\n\t<\/div>\n\n\n\n\n\n\t<p>\n\t\t<a href=\"\" target=\"_blank\" data-element=\"shortcode-suno-banner\" title=\"Banner SUNO, clique e saiba mais\">\n\t\t\t<picture>\n\t\t\t\t<source media=\"(max-width: 500px)\" srcset=\"\">\n\t\t\t\t<img class=\"newsContent__article__imgCapa newsContent__article__imgCapa--banner\"\n\t\t\t\t\tsrc=\"\"\n\t\t\t\t\tdata-promo-id=\"240038\"\t\t\t\t\t\t\t\t\t\t\t\t\t\t\talt=\"\"\n\t\t\t\t>\n\t\t\t<\/picture>\n\t\t<\/a>\n\t<\/p>\n\n\n\n\n\n\n\n<p>O documento mostra, por exemplo, que <strong>a maior transa\u00e7\u00e3o j\u00e1 realizada pelo Pix<\/strong> teve o valor de R$ 1,2 bilh\u00e3o, em dezembro de 2022. O valor m\u00e9dio das opera\u00e7\u00f5es naquele m\u00eas, por\u00e9m, foi de R$ 257.<\/p>\n\n\n\n<p>Considerando ainda esses n\u00fameros com mais de nove meses de defasagem, o BC afirma que o valor m\u00e9dio das opera\u00e7\u00f5es de <a class=\"suno-keyword\" data-force=\"no\" data-priority=\"2\" href=\"https:\/\/www.suno.com.br\/artigos\/pessoa-fisica\/\" target=\"_blank\" rel=\"noopener\">pessoas f\u00edsicas<\/a> desde o <strong>lan\u00e7amento do Pix<\/strong> \u00e9 de R$ 200.<\/p>\n\n\n\n<p>Os dados publicados nesta segunda-feira se referem ao fim do ano passado, quando 133 milh\u00f5es de <a class=\"suno-keyword\" target=\"_blank\" data-force=\"no\" data-priority=\"2\" href=\"https:\/\/www.suno.com.br\/artigos\/pessoa-fisica\/\" rel=\"noopener\">pessoas f\u00edsicas<\/a> e 11,9 milh\u00f5es em empresas usavam o instrumento.<\/p>\n\n\n\n<p>Na compara\u00e7\u00e3o com dezembro de 2021, o valor transacionado na plataforma de pagamentos em tempo real saltou de R$ 718 bilh\u00f5es para R$ 1,2 trilh\u00e3o.<\/p>\n\n\n\n<p>&#8220;Mesmo que o uso do <strong>Pix <\/strong>j\u00e1 esteja consolidado pela popula\u00e7\u00e3o enquanto instrumento de transfer\u00eancia entre contas, e que sua infraestrutura j\u00e1 permita diversas outras inova\u00e7\u00f5es, ainda falta superar alguns obst\u00e1culos. Parte dessas barreiras est\u00e1 relacionada aos h\u00e1bitos de uso dos pagadores j\u00e1 acostumados a escolher outros instrumentos de pagamento no seu dia a dia, principalmente para o pagamento de contas e para a realiza\u00e7\u00e3o de compras&#8221;, completou o BC, no documento.<\/p>\n\n\n\n<p>Com Estad\u00e3o Conte\u00fado<\/p>\n\n\n\t<p>\n\t\t<a href=\"https:\/\/lp.suno.com.br\/ebook-gratuito-investindo-no-exterior\/\" target=\"_blank\" data-element=\"shortcode-suno-banner\" title=\"Banner SUNO, clique e saiba mais\">\n\t\t\t<picture>\n\t\t\t\t<source media=\"(max-width: 500px)\" srcset=\"https:\/\/files.sunoresearch.com.br\/n\/uploads\/2023\/03\/400x300-Investindo-no-exterior.png\">\n\t\t\t\t<img class=\"newsContent__article__imgCapa newsContent__article__imgCapa--banner\"\n\t\t\t\t\tsrc=\"https:\/\/files.sunoresearch.com.br\/n\/uploads\/2023\/03\/1420x240-Investindo-no-exterior.png\"\n\t\t\t\t\tdata-promo-id=\"383161\"\t\t\t\t\t\t\t\t\t\twidth='1420' height='240'\t\t\t\t\talt=\"https:\/\/files.sunoresearch.com.br\/n\/uploads\/2023\/03\/1420x240-Investindo-no-exterior.png\"\n\t\t\t\t>\n\t\t\t<\/picture>\n\t\t<\/a>\n\t<\/p>\n\n\n","protected":false},"excerpt":{"rendered":"<p>O Banco Central publicou nesta segunda-feira (4) o &#8220;Relat\u00f3rio de Gest\u00e3o do Pix &#8211; Concep\u00e7\u00e3o e primeiros anos de funcionamento 2020-2022&#8243;, com as principais estat\u00edsticas do instrumento at\u00e9 o ano passado. Pix &#8211; Foto: Banco Central O documento mostra, por exemplo, que a maior transa\u00e7\u00e3o j\u00e1 realizada pelo Pix teve o valor de R$ 1,2 [&hellip;]<\/p>\n","protected":false},"author":73,"featured_media":451500,"comment_status":"closed","ping_status":"closed","sticky":false,"template":"","format":"standard","meta":[],"categories":[62],"tags":[106444,2637],"suno_strategy":[],"class_list":["post-451476","post","type-post","status-publish","format-standard","has-post-thumbnail","hentry","category-economia","tag-agencias","tag-pix"],"yoast_head":"<!-- This site is optimized with the Yoast SEO plugin v24.4 - https:\/\/yoast.com\/wordpress\/plugins\/seo\/ -->\n<title>Pix de R$ 1,2 bilh\u00e3o foi o maior da hist\u00f3ria e valor m\u00e9dio de transa\u00e7\u00f5es \u00e9 de R$ 200<\/title>\n<meta name=\"description\" content=\"O Banco Central publicou nesta segunda (4) o &quot;Relat\u00f3rio de Gest\u00e3o do Pix - Concep\u00e7\u00e3o e primeiros anos de funcionamento 2020-2022&quot;\" \/>\n<meta name=\"robots\" content=\"index, follow, max-snippet:-1, max-image-preview:large, max-video-preview:-1\" \/>\n<link rel=\"canonical\" href=\"https:\/\/www.suno.com.br\/noticias\/pix-12-bilhao-maior-da-historia-valor-evm\/\" \/>\n<meta property=\"og:locale\" content=\"pt_BR\" \/>\n<meta property=\"og:type\" content=\"article\" \/>\n<meta property=\"og:title\" content=\"Pix de R$ 1,2 bilh\u00e3o foi o maior da hist\u00f3ria e valor m\u00e9dio de transa\u00e7\u00f5es \u00e9 de R$ 200\" \/>\n<meta property=\"og:description\" content=\"O Banco Central publicou nesta segunda (4) o &quot;Relat\u00f3rio de Gest\u00e3o do Pix - Concep\u00e7\u00e3o e primeiros anos de funcionamento 2020-2022&quot;\" \/>\n<meta property=\"og:url\" content=\"https:\/\/www.suno.com.br\/noticias\/pix-12-bilhao-maior-da-historia-valor-evm\/\" \/>\n<meta property=\"og:site_name\" content=\"Suno Not\u00edcias\" \/>\n<meta property=\"article:publisher\" content=\"https:\/\/facebook.com\/sunoresearch\" \/>\n<meta property=\"og:image\" content=\"https:\/\/files.sunoresearch.com.br\/n\/uploads\/2023\/09\/pix.jpg\" \/>\n\t<meta property=\"og:image:width\" content=\"1460\" \/>\n\t<meta property=\"og:image:height\" content=\"972\" \/>\n\t<meta property=\"og:image:type\" content=\"image\/jpeg\" \/>\n<meta name=\"author\" content=\"Eduardo Vargas\" \/>\n<meta name=\"twitter:card\" content=\"summary_large_image\" \/>\n<meta name=\"twitter:creator\" content=\"@sunoresearch\" \/>\n<meta name=\"twitter:site\" content=\"@sunoresearch\" \/>\n<meta name=\"twitter:label1\" content=\"Escrito por\" \/>\n\t<meta name=\"twitter:data1\" content=\"Eduardo Vargas\" \/>\n\t<meta name=\"twitter:label2\" content=\"Est. tempo de leitura\" \/>\n\t<meta name=\"twitter:data2\" content=\"2 minutos\" \/>\n<script type=\"application\/ld+json\" class=\"yoast-schema-graph\">{\"@context\":\"https:\/\/schema.org\",\"@graph\":[{\"@type\":\"NewsArticle\",\"@id\":\"https:\/\/www.suno.com.br\/noticias\/pix-12-bilhao-maior-da-historia-valor-evm\/#article\",\"isPartOf\":{\"@id\":\"https:\/\/www.suno.com.br\/noticias\/pix-12-bilhao-maior-da-historia-valor-evm\/\"},\"author\":{\"name\":\"Eduardo Vargas\",\"@id\":\"https:\/\/www.suno.com.br\/noticias\/#\/schema\/person\/7f4d362bf3518e76090143ae77bb49a5\"},\"headline\":\"Pix de R$ 1,2 bilh\u00e3o foi o maior desde lan\u00e7amento; valor m\u00e9dio de transa\u00e7\u00f5es \u00e9 de R$ 200\",\"datePublished\":\"2023-09-04T16:05:54+00:00\",\"dateModified\":\"2023-09-04T16:37:46+00:00\",\"mainEntityOfPage\":{\"@id\":\"https:\/\/www.suno.com.br\/noticias\/pix-12-bilhao-maior-da-historia-valor-evm\/\"},\"wordCount\":268,\"publisher\":{\"@id\":\"https:\/\/www.suno.com.br\/noticias\/#organization\"},\"image\":{\"@id\":\"https:\/\/www.suno.com.br\/noticias\/pix-12-bilhao-maior-da-historia-valor-evm\/#primaryimage\"},\"thumbnailUrl\":\"https:\/\/files.sunoresearch.com.br\/n\/uploads\/2023\/09\/pix.jpg\",\"keywords\":[\"Ag\u00eancias\",\"PIX\"],\"articleSection\":[\"Economia\"],\"inLanguage\":\"pt-BR\"},{\"@type\":\"WebPage\",\"@id\":\"https:\/\/www.suno.com.br\/noticias\/pix-12-bilhao-maior-da-historia-valor-evm\/\",\"url\":\"https:\/\/www.suno.com.br\/noticias\/pix-12-bilhao-maior-da-historia-valor-evm\/\",\"name\":\"Pix de R$ 1,2 bilh\u00e3o foi o maior da hist\u00f3ria e valor m\u00e9dio de transa\u00e7\u00f5es \u00e9 de R$ 200\",\"isPartOf\":{\"@id\":\"https:\/\/www.suno.com.br\/noticias\/#website\"},\"primaryImageOfPage\":{\"@id\":\"https:\/\/www.suno.com.br\/noticias\/pix-12-bilhao-maior-da-historia-valor-evm\/#primaryimage\"},\"image\":{\"@id\":\"https:\/\/www.suno.com.br\/noticias\/pix-12-bilhao-maior-da-historia-valor-evm\/#primaryimage\"},\"thumbnailUrl\":\"https:\/\/files.sunoresearch.com.br\/n\/uploads\/2023\/09\/pix.jpg\",\"datePublished\":\"2023-09-04T16:05:54+00:00\",\"dateModified\":\"2023-09-04T16:37:46+00:00\",\"description\":\"O Banco Central publicou nesta segunda (4) o \\\"Relat\u00f3rio de Gest\u00e3o do Pix - Concep\u00e7\u00e3o e primeiros anos de funcionamento 2020-2022\\\"\",\"breadcrumb\":{\"@id\":\"https:\/\/www.suno.com.br\/noticias\/pix-12-bilhao-maior-da-historia-valor-evm\/#breadcrumb\"},\"inLanguage\":\"pt-BR\",\"potentialAction\":[{\"@type\":\"ReadAction\",\"target\":[\"https:\/\/www.suno.com.br\/noticias\/pix-12-bilhao-maior-da-historia-valor-evm\/\"]}]},{\"@type\":\"ImageObject\",\"inLanguage\":\"pt-BR\",\"@id\":\"https:\/\/www.suno.com.br\/noticias\/pix-12-bilhao-maior-da-historia-valor-evm\/#primaryimage\",\"url\":\"https:\/\/files.sunoresearch.com.br\/n\/uploads\/2023\/09\/pix.jpg\",\"contentUrl\":\"https:\/\/files.sunoresearch.com.br\/n\/uploads\/2023\/09\/pix.jpg\",\"width\":1460,\"height\":972,\"caption\":\"Pix - Foto: Banco Central\"},{\"@type\":\"BreadcrumbList\",\"@id\":\"https:\/\/www.suno.com.br\/noticias\/pix-12-bilhao-maior-da-historia-valor-evm\/#breadcrumb\",\"itemListElement\":[{\"@type\":\"ListItem\",\"position\":1,\"name\":\"Not\u00edcias\",\"item\":\"https:\/\/www.suno.com.br\/noticias\/\"},{\"@type\":\"ListItem\",\"position\":2,\"name\":\"Economia\",\"item\":\"https:\/\/www.suno.com.br\/noticias\/economia\/\"},{\"@type\":\"ListItem\",\"position\":3,\"name\":\"Pix de R$ 1,2 bilh\u00e3o foi o maior desde lan\u00e7amento; valor m\u00e9dio de transa\u00e7\u00f5es \u00e9 de R$ 200\"}]},{\"@type\":\"WebSite\",\"@id\":\"https:\/\/www.suno.com.br\/noticias\/#website\",\"url\":\"https:\/\/www.suno.com.br\/noticias\/\",\"name\":\"Suno Not\u00edcias\",\"description\":\"Seu portal de informa\u00e7\u00e3o sobre o mundo dos investimentos\",\"publisher\":{\"@id\":\"https:\/\/www.suno.com.br\/noticias\/#organization\"},\"potentialAction\":[{\"@type\":\"SearchAction\",\"target\":{\"@type\":\"EntryPoint\",\"urlTemplate\":\"https:\/\/www.suno.com.br\/noticias\/?s={search_term_string}\"},\"query-input\":{\"@type\":\"PropertyValueSpecification\",\"valueRequired\":true,\"valueName\":\"search_term_string\"}}],\"inLanguage\":\"pt-BR\"},{\"@type\":\"Organization\",\"@id\":\"https:\/\/www.suno.com.br\/noticias\/#organization\",\"name\":\"Suno Not\u00edcias\",\"url\":\"https:\/\/www.suno.com.br\/noticias\/\",\"logo\":{\"@type\":\"ImageObject\",\"inLanguage\":\"pt-BR\",\"@id\":\"https:\/\/www.suno.com.br\/noticias\/#\/schema\/logo\/image\/\",\"url\":\"https:\/\/files.sunoresearch.com.br\/n\/uploads\/2021\/09\/suno-logo.png\",\"contentUrl\":\"https:\/\/files.sunoresearch.com.br\/n\/uploads\/2021\/09\/suno-logo.png\",\"width\":180,\"height\":180,\"caption\":\"Suno Not\u00edcias\"},\"image\":{\"@id\":\"https:\/\/www.suno.com.br\/noticias\/#\/schema\/logo\/image\/\"},\"sameAs\":[\"https:\/\/facebook.com\/sunoresearch\",\"https:\/\/x.com\/sunoresearch\",\"https:\/\/www.instagram.com\/suno\",\"https:\/\/www.linkedin.com\/company\/suno-research\/\",\"https:\/\/www.youtube.com\/c\/sunoresearch\"]},{\"@type\":\"Person\",\"@id\":\"https:\/\/www.suno.com.br\/noticias\/#\/schema\/person\/7f4d362bf3518e76090143ae77bb49a5\",\"name\":\"Eduardo Vargas\",\"image\":{\"@type\":\"ImageObject\",\"inLanguage\":\"pt-BR\",\"@id\":\"https:\/\/www.suno.com.br\/noticias\/#\/schema\/person\/image\/\",\"url\":\"https:\/\/secure.gravatar.com\/avatar\/dac340933427a22924c9f99d1eb2e3f2?s=96&r=g\",\"contentUrl\":\"https:\/\/secure.gravatar.com\/avatar\/dac340933427a22924c9f99d1eb2e3f2?s=96&r=g\",\"caption\":\"Eduardo Vargas\"},\"description\":\"Jornalista formado pela UFSC, cobre macroeconomia, neg\u00f3cios e startups para o Suno Not\u00edcias, escrevendo principalmente not\u00edcias sobre o mercado financeiro e a bolsa de valores. No YouTube e no Instagram, \u00e9 respons\u00e1vel pela produ\u00e7\u00e3o de Reels e Shorts do Suno Not\u00edcias. Anteriormente, trabalhou cobrindo economia e cotidiano no ND+ e para o ND, maior jornal impresso de Santa Catarina. Cursou um semestre letivo de Estudos de M\u00eddia na Universidad de Buenos Aires.\",\"url\":\"https:\/\/www.suno.com.br\/noticias\/author\/eduardo-vargas\/\"}]}<\/script>\n<!-- \/ Yoast SEO plugin. -->","yoast_head_json":{"title":"Pix de R$ 1,2 bilh\u00e3o foi o maior da hist\u00f3ria e valor m\u00e9dio de transa\u00e7\u00f5es \u00e9 de R$ 200","description":"O Banco Central publicou nesta segunda (4) o \"Relat\u00f3rio de Gest\u00e3o do Pix - Concep\u00e7\u00e3o e primeiros anos de funcionamento 2020-2022\"","robots":{"index":"index","follow":"follow","max-snippet":"max-snippet:-1","max-image-preview":"max-image-preview:large","max-video-preview":"max-video-preview:-1"},"canonical":"https:\/\/www.suno.com.br\/noticias\/pix-12-bilhao-maior-da-historia-valor-evm\/","og_locale":"pt_BR","og_type":"article","og_title":"Pix de R$ 1,2 bilh\u00e3o foi o maior da hist\u00f3ria e valor m\u00e9dio de transa\u00e7\u00f5es \u00e9 de R$ 200","og_description":"O Banco Central publicou nesta segunda (4) o \"Relat\u00f3rio de Gest\u00e3o do Pix - Concep\u00e7\u00e3o e primeiros anos de funcionamento 2020-2022\"","og_url":"https:\/\/www.suno.com.br\/noticias\/pix-12-bilhao-maior-da-historia-valor-evm\/","og_site_name":"Suno Not\u00edcias","article_publisher":"https:\/\/facebook.com\/sunoresearch","og_image":[{"width":1460,"height":972,"url":"https:\/\/files.sunoresearch.com.br\/n\/uploads\/2023\/09\/pix.jpg","type":"image\/jpeg"}],"author":"Eduardo Vargas","twitter_card":"summary_large_image","twitter_creator":"@sunoresearch","twitter_site":"@sunoresearch","twitter_misc":{"Escrito por":"Eduardo Vargas","Est. tempo de leitura":"2 minutos"},"schema":{"@context":"https:\/\/schema.org","@graph":[{"@type":"NewsArticle","@id":"https:\/\/www.suno.com.br\/noticias\/pix-12-bilhao-maior-da-historia-valor-evm\/#article","isPartOf":{"@id":"https:\/\/www.suno.com.br\/noticias\/pix-12-bilhao-maior-da-historia-valor-evm\/"},"author":{"name":"Eduardo Vargas","@id":"https:\/\/www.suno.com.br\/noticias\/#\/schema\/person\/7f4d362bf3518e76090143ae77bb49a5"},"headline":"Pix de R$ 1,2 bilh\u00e3o foi o maior desde lan\u00e7amento; valor m\u00e9dio de transa\u00e7\u00f5es \u00e9 de R$ 200","datePublished":"2023-09-04T16:05:54+00:00","dateModified":"2023-09-04T16:37:46+00:00","mainEntityOfPage":{"@id":"https:\/\/www.suno.com.br\/noticias\/pix-12-bilhao-maior-da-historia-valor-evm\/"},"wordCount":268,"publisher":{"@id":"https:\/\/www.suno.com.br\/noticias\/#organization"},"image":{"@id":"https:\/\/www.suno.com.br\/noticias\/pix-12-bilhao-maior-da-historia-valor-evm\/#primaryimage"},"thumbnailUrl":"https:\/\/files.sunoresearch.com.br\/n\/uploads\/2023\/09\/pix.jpg","keywords":["Ag\u00eancias","PIX"],"articleSection":["Economia"],"inLanguage":"pt-BR"},{"@type":"WebPage","@id":"https:\/\/www.suno.com.br\/noticias\/pix-12-bilhao-maior-da-historia-valor-evm\/","url":"https:\/\/www.suno.com.br\/noticias\/pix-12-bilhao-maior-da-historia-valor-evm\/","name":"Pix de R$ 1,2 bilh\u00e3o foi o maior da hist\u00f3ria e valor m\u00e9dio de transa\u00e7\u00f5es \u00e9 de R$ 200","isPartOf":{"@id":"https:\/\/www.suno.com.br\/noticias\/#website"},"primaryImageOfPage":{"@id":"https:\/\/www.suno.com.br\/noticias\/pix-12-bilhao-maior-da-historia-valor-evm\/#primaryimage"},"image":{"@id":"https:\/\/www.suno.com.br\/noticias\/pix-12-bilhao-maior-da-historia-valor-evm\/#primaryimage"},"thumbnailUrl":"https:\/\/files.sunoresearch.com.br\/n\/uploads\/2023\/09\/pix.jpg","datePublished":"2023-09-04T16:05:54+00:00","dateModified":"2023-09-04T16:37:46+00:00","description":"O Banco Central publicou nesta segunda (4) o \"Relat\u00f3rio de Gest\u00e3o do Pix - Concep\u00e7\u00e3o e primeiros anos de funcionamento 2020-2022\"","breadcrumb":{"@id":"https:\/\/www.suno.com.br\/noticias\/pix-12-bilhao-maior-da-historia-valor-evm\/#breadcrumb"},"inLanguage":"pt-BR","potentialAction":[{"@type":"ReadAction","target":["https:\/\/www.suno.com.br\/noticias\/pix-12-bilhao-maior-da-historia-valor-evm\/"]}]},{"@type":"ImageObject","inLanguage":"pt-BR","@id":"https:\/\/www.suno.com.br\/noticias\/pix-12-bilhao-maior-da-historia-valor-evm\/#primaryimage","url":"https:\/\/files.sunoresearch.com.br\/n\/uploads\/2023\/09\/pix.jpg","contentUrl":"https:\/\/files.sunoresearch.com.br\/n\/uploads\/2023\/09\/pix.jpg","width":1460,"height":972,"caption":"Pix - Foto: Banco Central"},{"@type":"BreadcrumbList","@id":"https:\/\/www.suno.com.br\/noticias\/pix-12-bilhao-maior-da-historia-valor-evm\/#breadcrumb","itemListElement":[{"@type":"ListItem","position":1,"name":"Not\u00edcias","item":"https:\/\/www.suno.com.br\/noticias\/"},{"@type":"ListItem","position":2,"name":"Economia","item":"https:\/\/www.suno.com.br\/noticias\/economia\/"},{"@type":"ListItem","position":3,"name":"Pix de R$ 1,2 bilh\u00e3o foi o maior desde lan\u00e7amento; valor m\u00e9dio de transa\u00e7\u00f5es \u00e9 de R$ 200"}]},{"@type":"WebSite","@id":"https:\/\/www.suno.com.br\/noticias\/#website","url":"https:\/\/www.suno.com.br\/noticias\/","name":"Suno Not\u00edcias","description":"Seu portal de informa\u00e7\u00e3o sobre o mundo dos investimentos","publisher":{"@id":"https:\/\/www.suno.com.br\/noticias\/#organization"},"potentialAction":[{"@type":"SearchAction","target":{"@type":"EntryPoint","urlTemplate":"https:\/\/www.suno.com.br\/noticias\/?s={search_term_string}"},"query-input":{"@type":"PropertyValueSpecification","valueRequired":true,"valueName":"search_term_string"}}],"inLanguage":"pt-BR"},{"@type":"Organization","@id":"https:\/\/www.suno.com.br\/noticias\/#organization","name":"Suno Not\u00edcias","url":"https:\/\/www.suno.com.br\/noticias\/","logo":{"@type":"ImageObject","inLanguage":"pt-BR","@id":"https:\/\/www.suno.com.br\/noticias\/#\/schema\/logo\/image\/","url":"https:\/\/files.sunoresearch.com.br\/n\/uploads\/2021\/09\/suno-logo.png","contentUrl":"https:\/\/files.sunoresearch.com.br\/n\/uploads\/2021\/09\/suno-logo.png","width":180,"height":180,"caption":"Suno Not\u00edcias"},"image":{"@id":"https:\/\/www.suno.com.br\/noticias\/#\/schema\/logo\/image\/"},"sameAs":["https:\/\/facebook.com\/sunoresearch","https:\/\/x.com\/sunoresearch","https:\/\/www.instagram.com\/suno","https:\/\/www.linkedin.com\/company\/suno-research\/","https:\/\/www.youtube.com\/c\/sunoresearch"]},{"@type":"Person","@id":"https:\/\/www.suno.com.br\/noticias\/#\/schema\/person\/7f4d362bf3518e76090143ae77bb49a5","name":"Eduardo Vargas","image":{"@type":"ImageObject","inLanguage":"pt-BR","@id":"https:\/\/www.suno.com.br\/noticias\/#\/schema\/person\/image\/","url":"https:\/\/secure.gravatar.com\/avatar\/dac340933427a22924c9f99d1eb2e3f2?s=96&r=g","contentUrl":"https:\/\/secure.gravatar.com\/avatar\/dac340933427a22924c9f99d1eb2e3f2?s=96&r=g","caption":"Eduardo Vargas"},"description":"Jornalista formado pela UFSC, cobre macroeconomia, neg\u00f3cios e startups para o Suno Not\u00edcias, escrevendo principalmente not\u00edcias sobre o mercado financeiro e a bolsa de valores. No YouTube e no Instagram, \u00e9 respons\u00e1vel pela produ\u00e7\u00e3o de Reels e Shorts do Suno Not\u00edcias. Anteriormente, trabalhou cobrindo economia e cotidiano no ND+ e para o ND, maior jornal impresso de Santa Catarina. Cursou um semestre letivo de Estudos de M\u00eddia na Universidad de Buenos Aires.","url":"https:\/\/www.suno.com.br\/noticias\/author\/eduardo-vargas\/"}]}},"default_loop_html":"<div class=\"cardsPage__listCard__boxs\"><div class=\"cardsPage__listCard__boxs__img\"><a href=\"https:\/\/www.suno.com.br\/noticias\/pix-12-bilhao-maior-da-historia-valor-evm\/\"><img class=\"mask\" src=\"https:\/\/www.suno.com.br\/noticias\/wp-content\/themes\/suno\/resources\/images\/spotlight\/spotlight1img\/bg-mask.png\" alt=\"Image Mask\"\/><img src=\"https:\/\/files.sunoresearch.com.br\/n\/uploads\/2023\/09\/pix-400x200.jpg\" alt=\"Pix de R$ 1,2 bilh\u00e3o foi o maior desde lan\u00e7amento; valor m\u00e9dio de transa\u00e7\u00f5es \u00e9 de R$ 200\"\/><\/a><span class=\"spotlightCategory\"><a href=\"https:\/\/www.suno.com.br\/noticias\/economia\/\">Economia<\/a><\/span><\/div><div class=\"cardsPage__listCard__boxs__content\"><a href=\"https:\/\/www.suno.com.br\/noticias\/pix-12-bilhao-maior-da-historia-valor-evm\/\"><h2 class=\"content__title\">Pix de R$ 1,2 bilh\u00e3o foi o maior desde lan\u00e7amento; valor m\u00e9dio de transa\u00e7\u00f5es \u00e9 de R$ 200<\/h2><\/a><div class=\"newsContent__article__meta\"><div class=\"newsContent__article__meta__authorBox\"><a href=\"https:\/\/www.suno.com.br\/noticias\/author\/eduardo-vargas\/\" class=\"authorBox__avatar noMobi\"><img src=\"https:\/\/secure.gravatar.com\/avatar\/dac340933427a22924c9f99d1eb2e3f2?s=96&#038;r=g\" alt=\"Eduardo Vargas\"><\/a><div class=\"authorBox__name\"><span>por\n\t\t\t<a href=\"https:\/\/www.suno.com.br\/noticias\/author\/eduardo-vargas\/\"><span itemprop=\"author\">Eduardo Vargas<\/span><\/a><\/span><time datetime=\"2023-09-04T13:05:54-03:00\" itemprop=\"datePublished\">04\/09\/2023 13:05<\/time><\/div><\/div><\/div><\/div><\/div>","single_layout":"posts","amp_enabled":true,"_links":{"self":[{"href":"https:\/\/www.suno.com.br\/noticias\/wp-json\/wp\/v2\/posts\/451476"}],"collection":[{"href":"https:\/\/www.suno.com.br\/noticias\/wp-json\/wp\/v2\/posts"}],"about":[{"href":"https:\/\/www.suno.com.br\/noticias\/wp-json\/wp\/v2\/types\/post"}],"author":[{"embeddable":true,"href":"https:\/\/www.suno.com.br\/noticias\/wp-json\/wp\/v2\/users\/73"}],"replies":[{"embeddable":true,"href":"https:\/\/www.suno.com.br\/noticias\/wp-json\/wp\/v2\/comments?post=451476"}],"version-history":[{"count":2,"href":"https:\/\/www.suno.com.br\/noticias\/wp-json\/wp\/v2\/posts\/451476\/revisions"}],"predecessor-version":[{"id":451514,"href":"https:\/\/www.suno.com.br\/noticias\/wp-json\/wp\/v2\/posts\/451476\/revisions\/451514"}],"wp:featuredmedia":[{"embeddable":true,"href":"https:\/\/www.suno.com.br\/noticias\/wp-json\/wp\/v2\/media\/451500"}],"wp:attachment":[{"href":"https:\/\/www.suno.com.br\/noticias\/wp-json\/wp\/v2\/media?parent=451476"}],"wp:term":[{"taxonomy":"category","embeddable":true,"href":"https:\/\/www.suno.com.br\/noticias\/wp-json\/wp\/v2\/categories?post=451476"},{"taxonomy":"post_tag","embeddable":true,"href":"https:\/\/www.suno.com.br\/noticias\/wp-json\/wp\/v2\/tags?post=451476"},{"taxonomy":"suno_strategy","embeddable":true,"href":"https:\/\/www.suno.com.br\/noticias\/wp-json\/wp\/v2\/suno_strategy?post=451476"}],"curies":[{"name":"wp","href":"https:\/\/api.w.org\/{rel}","templated":true}]}}