{"id":451271,"date":"2023-09-04T09:29:13","date_gmt":"2023-09-04T12:29:13","guid":{"rendered":"https:\/\/www.suno.com.br\/noticias\/?p=451271"},"modified":"2023-09-04T09:31:12","modified_gmt":"2023-09-04T12:31:12","slug":"via-viia3-assembleia-aumento-capital-mudanca-nome-gpj","status":"publish","type":"post","link":"https:\/\/www.suno.com.br\/noticias\/via-viia3-assembleia-aumento-capital-mudanca-nome-gpj\/","title":{"rendered":"Via (VIIA3) convoca assembleia para decidir sobre aumento de capital e mudan\u00e7a de nome"},"content":{"rendered":"<p>A <a href=\"https:\/\/www.suno.com.br\/acoes\/viia3\/\" target=\"_blank\" rel=\"noreferrer noopener\"><strong>Via<\/strong>\u00a0(VIIA3)<\/a> convocou pela segunda vez uma assembleia geral extraordin\u00e1ria para votar sobre a altera\u00e7\u00e3o do valor m\u00e1ximo do capital social da empresa para at\u00e9 R$ 3 bilh\u00f5es, al\u00e9m da mudan\u00e7a do nome de Via para Grupo Casas Bahia.<\/p>\t<div class=\"wrapper-featured-image\">\n\t\t<figure class=\"spotlightImg\">\n\n\t\t\t<picture>\n\t\t\t\t<source media=\"(max-width: 768px)\" srcset=\"https:\/\/files.sunoresearch.com.br\/n\/uploads\/2023\/07\/via-viia3-casas-bahia-400x200.jpg\">\n\t\t\t\t<img loading=\"lazy\" decoding=\"async\" class=\"newsContent__article__imgCapa lazyloadDisabled \" src=\"https:\/\/files.sunoresearch.com.br\/n\/uploads\/2023\/07\/via-viia3-casas-bahia-800x450.jpg\" width=\"800\" height=\"450\" alt=\"Via (VIIA3) convoca assembleia para decidir sobre aumento de capital e mudan\u00e7a de nome\" fetchpriority=high \/>\n\t\t\t<\/picture>\n\n\t\t\t<figcaption class=\"wp-caption-text wp-caption-text--show\">Casas Bahia (BHIA3). Foto: Divulga\u00e7\u00e3o\/ Casas Bahia.<\/figcaption>\n\t\t<\/figure>\n\t<\/div>\n\n\n\n\n\n\n\n\t<p>\n\t\t<a href=\"\" target=\"_blank\" data-element=\"shortcode-suno-banner\" title=\"Banner SUNO, clique e saiba mais\">\n\t\t\t<picture>\n\t\t\t\t<source media=\"(max-width: 500px)\" srcset=\"\">\n\t\t\t\t<img class=\"newsContent__article__imgCapa newsContent__article__imgCapa--banner\"\n\t\t\t\t\tsrc=\"\"\n\t\t\t\t\tdata-promo-id=\"250707\"\t\t\t\t\t\t\t\t\t\t\t\t\t\t\talt=\"\"\n\t\t\t\t>\n\t\t\t<\/picture>\n\t\t<\/a>\n\t<\/p>\n\n\n\n\n\n<p>Marcada para o dia 12 de setembro (pr\u00f3xima ter\u00e7a-feira), a assembleia ser\u00e1 instalada com a presen\u00e7a de qualquer n\u00famero de acionistas, n\u00e3o sendo necess\u00e1ria a presen\u00e7a de, no m\u00ednimo, dois ter\u00e7os do capital com direito ao voto, disse a Via.<\/p>\n\n\n\n\t<div data-element=\"shortcode-read-more\" class=\"readToo\">\n\t\t\t\t<span class=\"readToo__title\">Leia mais<\/span>\n\t\t\t\t<ul class=\"readToo__list\">\n\t\t\t<li><a href=\"https:\/\/www.suno.com.br\/noticias\/shein-shopee-compras-50-dolares-taxadas-cpf\/\">Shein, Shopee, AliExpress: Compras abaixo de US$ 50 podem ser taxadas<\/a><\/li><li><a href=\"https:\/\/www.suno.com.br\/noticias\/santander-sanb11-anuncia-encerramento-de-transferencias-via-doc-diz-jornal\/\">Santander (SANB11) anuncia encerramento de transfer\u00eancias via DOC, diz jornal<\/a><\/li>\t\t<\/ul>\n\t<\/div>\n\n\n\n\t<p>\n\t\t<a href=\"https:\/\/lp.suno.com.br\/planilha-controle-gastos\/\" target=\"_blank\" data-element=\"shortcode-suno-banner\" title=\"Banner SUNO, clique e saiba mais\">\n\t\t\t<picture>\n\t\t\t\t<source media=\"(max-width: 500px)\" srcset=\"https:\/\/files.sunoresearch.com.br\/n\/uploads\/2023\/03\/400x300-Planilha-controle-de-gastos.png\">\n\t\t\t\t<img class=\"newsContent__article__imgCapa newsContent__article__imgCapa--banner\"\n\t\t\t\t\tsrc=\"https:\/\/files.sunoresearch.com.br\/n\/uploads\/2023\/03\/1420x240-Planilha-controle-de-gastos.png\"\n\t\t\t\t\tdata-promo-id=\"101751\"\t\t\t\t\t\t\t\t\t\twidth='1420' height='240'\t\t\t\t\talt=\"https:\/\/files.sunoresearch.com.br\/n\/uploads\/2023\/03\/1420x240-Planilha-controle-de-gastos.png\"\n\t\t\t\t>\n\t\t\t<\/picture>\n\t\t<\/a>\n\t<\/p>\n\n\n\n\n\n<h2 class=\"wp-block-heading\">Via (VIIA3) engaja bancos para potencial oferta de a\u00e7\u00f5es avaliada em R$ 1 bilh\u00e3o<\/h2>\n\n\n\n<p>A\u00a0<strong>Via<\/strong>\u00a0comunicou no fim da semana passada que engajou o Bradesco BBI,\u00a0<a href=\"https:\/\/www.suno.com.br\/acoes\/BPAC11\/\">BTG Pactual (BPAC11)<\/a>, UBS Brasil,\u00a0<a href=\"https:\/\/www.suno.com.br\/acoes\/ITUB4\/\">Ita\u00fa Unibanco (ITUB4)<\/a>\u00a0e\u00a0<a href=\"https:\/\/www.suno.com.br\/acoes\/SANB11\/\">Santander (SANB11)<\/a>, bem como suas respectivas afiliadas, para a coordena\u00e7\u00e3o de uma potencial oferta p\u00fablica de distribui\u00e7\u00e3o prim\u00e1ria de a\u00e7\u00f5es. <\/p>\n\n\n\n<p>A varejista espera captar R$ 1 bilh\u00e3o com a opera\u00e7\u00e3o, que poder\u00e1 ser acrescida de lote de a\u00e7\u00f5es adicionais.<\/p>\n\n\n\n<p>\u201cA potencial oferta ter\u00e1 como objetivo captar recursos para promover a melhora da&nbsp;<strong><a href=\"https:\/\/www.suno.com.br\/artigos\/indicadores-estrutura-capital\/\">estrutura de capital<\/a>&nbsp;<\/strong>da companhia, incluindo o refor\u00e7o do capital de giro e o investimento em cotas subordinadas da opera\u00e7\u00e3o de FIDC da carteira de credi\u00e1rio\u201d, disse a Via em&nbsp;<a href=\"https:\/\/www.suno.com.br\/artigos\/fato-relevante\/\">fato relevante<\/a>.<\/p>\n\n\n\n<p>Ainda segundo a empresa, os acionistas de refer\u00eancia&nbsp;<strong>Goldentree Fundo de Investimento em A\u00e7\u00f5es<\/strong>,&nbsp;<strong>Michael Klein<\/strong>&nbsp;e&nbsp;<strong>Twinsf Fundo de Investimento Multimercado Cr\u00e9dito Privado \u2013 Investimento no Exterior&nbsp;<\/strong>manifestaram a inten\u00e7\u00e3o de exercer os respectivos direitos de prioridade na potencial oferta.<\/p>\n\n\n\n<p>No comunicado, a varejista informou tamb\u00e9m que a efetiva realiza\u00e7\u00e3o da potencial oferta, bem como a defini\u00e7\u00e3o de seus termos e condi\u00e7\u00f5es, est\u00e1 sujeita, entre outros fatores, \u00e0 obten\u00e7\u00e3o das aprova\u00e7\u00f5es necess\u00e1rias, incluindo as respectivas aprova\u00e7\u00f5es societ\u00e1rias aplic\u00e1veis, bem como \u00e0s condi\u00e7\u00f5es pol\u00edticas e macroecon\u00f4micas nacionais e internacionais e ao interesse dos investidores, dentre outros fatores alheios \u00e0 vontade da companhia.<\/p>\n\n\n\n<p>\u201cPortanto, nesta data, n\u00e3o est\u00e1 sendo realizada qualquer&nbsp;<strong>oferta p\u00fablica de distribui\u00e7\u00e3o de a\u00e7\u00f5es<\/strong>&nbsp;e\/ou de quaisquer outros valores mobili\u00e1rios de emiss\u00e3o da companhia em qualquer jurisdi\u00e7\u00e3o. Caso efetivada, a potencial oferta ser\u00e1 conduzida em conformidade com a legisla\u00e7\u00e3o e regulamenta\u00e7\u00e3o aplic\u00e1veis\u201d, destacou a&nbsp;<strong>Via.<\/strong><\/p>\n\n\n\t<p>\n\t\t<a href=\"https:\/\/lp.suno.com.br\/ebook-como-analisar-uma-acao\/\" target=\"_blank\" data-element=\"shortcode-suno-banner\" title=\"Banner SUNO, clique e saiba mais\">\n\t\t\t<picture>\n\t\t\t\t<source media=\"(max-width: 500px)\" srcset=\"https:\/\/files.sunoresearch.com.br\/n\/uploads\/2023\/03\/Ebook-Acoes-Mobile-1.jpg\">\n\t\t\t\t<img class=\"newsContent__article__imgCapa newsContent__article__imgCapa--banner\"\n\t\t\t\t\tsrc=\"https:\/\/files.sunoresearch.com.br\/n\/uploads\/2023\/03\/Ebook-Acoes-Desktop-1.jpg\"\n\t\t\t\t\tdata-promo-id=\"171998\"\t\t\t\t\t\t\t\t\t\twidth='1420' height='286'\t\t\t\t\talt=\"https:\/\/files.sunoresearch.com.br\/n\/uploads\/2023\/03\/Ebook-Acoes-Desktop-1.jpg\"\n\t\t\t\t>\n\t\t\t<\/picture>\n\t\t<\/a>\n\t<\/p>\n\n\n\n\n\n<h2 class=\"wp-block-heading\">Via (VIIA3): melhora operacional poder\u00e1 ser sentida apenas em 2025, diz analista. E o Magazine Luiza (MGLU3)?<\/h2>\n\n\n\n<p>A redu\u00e7\u00e3o nas taxas de juros, prevista para os pr\u00f3ximos meses, pode ser favor\u00e1vel tanto para\u00a0<a href=\"https:\/\/www.suno.com.br\/acoes\/viia3\/\" target=\"_blank\" rel=\"noreferrer noopener\"><strong>Via\u00a0(VIIA3)<\/strong><\/a>\u00a0quanto para\u00a0<a href=\"https:\/\/www.suno.com.br\/acoes\/MGLU3\/\"><strong>Magazine Luiza (MGLU3)<\/strong><\/a>. Entretanto, fatores microecon\u00f4micos fornecem uma vis\u00e3o mais neutra para as companhias, com um vi\u00e9s mais positivo no <a href=\"https:\/\/www.suno.com.br\/artigos\/longo-prazo\/\">longo prazo<\/a> para a dona das Casas Bahia. A Via pode sentir os efeitos de uma melhora operacional apenas em 2025, segundo o analista Gabriel Costa, da Toro Investimentos.<\/p>\n\n\n\n<p>Do ponto de vista macroecon\u00f4mico, tanto para a Via quanto para o Magazine Luiza, o cen\u00e1rio para o restante do ano \u00e9 favor\u00e1vel, com as&nbsp;<strong>redu\u00e7\u00f5es de juros<\/strong>&nbsp;podendo beneficiar ambas as empresas, seja pela&nbsp;<strong>redu\u00e7\u00e3o do custo da d\u00edvida<\/strong>&nbsp;ou pela melhora do consumo das fam\u00edlias, disse o analista da&nbsp;<strong>Toro Investimentos.<\/strong><\/p>\n\n\n\n<p>Por\u00e9m, quando considerados&nbsp;<strong>fatores microecon\u00f4micos<\/strong>&nbsp;dos neg\u00f3cios, as perspectivas j\u00e1 n\u00e3o s\u00e3o t\u00e3o positivas.<\/p>\n\n\n\n<p>\u201cDo lado do Magazine Luiza, observamos uma piora significativa dos&nbsp;<strong>resultados operacionais<\/strong>&nbsp;e aumento no preju\u00edzo l\u00edquido ano a ano. Dif\u00edcil precisar quando vir\u00e1 uma melhora expressiva. A Via, por sua vez, tamb\u00e9m reportou resultados fracos, mas o mercado est\u00e1 atento \u00e0 possibilidade de&nbsp;<strong>aumento de capital<\/strong>&nbsp;robusto proposta pela companhia, juntamente com um plano de transforma\u00e7\u00e3o do neg\u00f3cio. Ainda assim, os efeitos de uma&nbsp;<strong>melhora operacional da Via&nbsp;<\/strong>podem ser sentidos somente a partir de 2025\u2033, destacou Costa.<\/p>\n\n\n\n<p>Diante deste cen\u00e1rio, um estudo da&nbsp;<strong>Quantum Axis&nbsp;<\/strong>mostrou o comportamento das a\u00e7\u00f5es das principais&nbsp;varejistas&nbsp;do pa\u00eds no acumulado do ano, compreendendo o intervalo entre os dias 2\/1\/2023 e 14\/08\/2023.<\/p>\n\n\n\n<p>Para o levantamento, a empresa de intelig\u00eancia de mercado selecionou as&nbsp;<strong>varejistas<\/strong>&nbsp;com maior repercuss\u00e3o na imprensa nos \u00faltimos tempos, especialmente durante a \u00faltima temporada de balan\u00e7os. Nesse per\u00edodo, a<a href=\"https:\/\/www.suno.com.br\/artigos\/taxa-de-retorno\/#:~:text=A%20taxa%20de%20retorno%20mede,imobili%C3%A1rios%2C%20e%20qualquer%20outro%20tipo.\">&nbsp;taxa de retorno&nbsp;<\/a>da Magazine Luiza foi de +3,65%, enquanto a da Via ficou em -28,33%.<\/p>\n\n\n\n<p>No levantamento, ainda h\u00e1 outras janelas de tempo, como 12, 24 e 36 meses, que calculam a diferen\u00e7a entre o pre\u00e7o de fechamento atual no Ibovespa e a quantidade de meses para tr\u00e1s. Confira:<\/p>\n\n\n\n<ul class=\"wp-block-list\">\n<li>Magazine Luiza (MGLU3): -6,58% (entre 12\/08\/22 e 14\/08\/2023); -86,42% (entre 12\/08\/2021 e 14\/08\/2023) e -86,11% (entre 11\/08\/2020 e 14\/08\/2023);<\/li>\n\n\n\n<li><strong>Via<\/strong>\u00a0(VIIA3): -38,35% (entre 12\/08\/22 e 14\/08\/2023); -86,79% (entre 12\/08\/2021 e 14\/08\/2023) e -91,03% (entre 11\/08\/2020 e 14\/08\/2023).<\/li>\n<\/ul>\n\n\n\n<h2 class=\"wp-block-heading\">Desempenho das a\u00e7\u00f5es da Via<\/h2>\n\n\n\n<div class=\"pluginQuotation\">\n  <p class=\"ticker\">\n    Cota\u00e7\u00e3o <span>VIIA3<\/span>\n  <\/p>\n  <div class=\"info\">\n    <div class=\"leftSide\">\n      Gr\u00e1fico gerado em: 04\/09\/2023    <\/div>\n\t\t\t\t\t<div class=\"rightSide\">\n\t\t\t\t\t<span class=\"period\">\n\t\t\t\t\t\t1 Dia\t\t\t\t\t<\/span>\n\t\t\t<\/div>\n\t\t  <\/div>\n\n  <div id=\"chart-228af100fcf5be3d1618f399a3c9dc1a\" data-block-hash=\"228af100fcf5be3d1618f399a3c9dc1a\"  class=\"chart\" style=\"width:100%;height:400px;\"><\/div>\n\n  <div class=\"pluginQuotation__footer\">\n    <div class=\"dataChart\">\n\n      <div class=\"dataChart__div1 variation\">\n        <div class=\"value-negative\">\n          -2,27 (-0,03%)        <\/div>\n        <div class=\"text\">\n          Varia\u00e7\u00e3o do per\u00edodo\n        <\/div>\n      <\/div>\n\n      <div class=\"dataChart__div2 minMax\">\n        <div class=\"value\">\n          R$\u00a01,26        <\/div>\n        <div class=\"text\">\n          M\u00ednima\n        <\/div>\n      <\/div>\n\n      <div class=\"dataChart__div3 minMax\">\n        <div class=\"value\">\n          R$\u00a01,32        <\/div>\n        <div class=\"text\">\n          M\u00e1xima\n        <\/div>\n      <\/div>\n\n\t\t\t<div class=\"dataChart__div4 rightSide\">\n\t\t\t\t<div class=\"analiticaSource\">\n\t\t\t\t\t<span>\n\t\t\t\t\t\tFonte:\n\t\t\t\t\t<\/span>\n\t\t\t\t\t<img decoding=\"async\" class=\"analiticaLogo\" src=\"https:\/\/www.suno.com.br\/noticias\/wp-content\/plugins\/suno-block-ticker-quotation\/src\/suno-analitica-logo.png\" alt=\"Logo Suno Anal\u00edtica\" \/>\n\t\t\t\t<\/div>\n\n\t\t\t\t<a href=\"https:\/\/www.suno.com.br\/analitica\/acoes\/VIIA3\" target=\"_blank\">\n\t\t\t\t\t<span>\n\t\t\t\t\t\tVer mais cota\u00e7\u00f5es\n\t\t\t\t\t<\/span>\n\t\t\t\t\t<svg xmlns=\"http:\/\/www.w3.org\/2000\/svg\" width=\"9\" height=\"8\" viewBox=\"0 0 9 8\" fill=\"none\">\n\t\t\t\t\t\t<path d=\"M4.20996 0L3.50496 0.705L6.29496 3.5H0.209961V4.5H6.29496L3.50496 7.295L4.20996 8L8.20996 4L4.20996 0Z\" fill=\"#D42126\" \/>\n\t\t\t\t\t<\/svg>\n\t\t\t\t<\/a>\n    <\/div>\n\n    <\/div>\n  <\/div>\n<\/div>\n\n\n<script type=\"text\/javascript\">\n  let chart_228af100fcf5be3d1618f399a3c9dc1a = document.getElementById('chart-228af100fcf5be3d1618f399a3c9dc1a');\n  let data_json_228af100fcf5be3d1618f399a3c9dc1a = \"[{\\\"date\\\":\\\"01\\\\\\\/09\\\\\\\/23 10:08\\\",\\\"value\\\":1.32},{\\\"date\\\":\\\"01\\\\\\\/09\\\\\\\/23 12:32\\\",\\\"value\\\":1.29},{\\\"date\\\":\\\"01\\\\\\\/09\\\\\\\/23 12:34\\\",\\\"value\\\":1.29},{\\\"date\\\":\\\"01\\\\\\\/09\\\\\\\/23 12:36\\\",\\\"value\\\":1.29},{\\\"date\\\":\\\"01\\\\\\\/09\\\\\\\/23 12:38\\\",\\\"value\\\":1.29},{\\\"date\\\":\\\"01\\\\\\\/09\\\\\\\/23 12:40\\\",\\\"value\\\":1.28},{\\\"date\\\":\\\"01\\\\\\\/09\\\\\\\/23 12:42\\\",\\\"value\\\":1.28},{\\\"date\\\":\\\"01\\\\\\\/09\\\\\\\/23 12:44\\\",\\\"value\\\":1.28},{\\\"date\\\":\\\"01\\\\\\\/09\\\\\\\/23 12:46\\\",\\\"value\\\":1.29},{\\\"date\\\":\\\"01\\\\\\\/09\\\\\\\/23 12:48\\\",\\\"value\\\":1.29},{\\\"date\\\":\\\"01\\\\\\\/09\\\\\\\/23 12:50\\\",\\\"value\\\":1.28},{\\\"date\\\":\\\"01\\\\\\\/09\\\\\\\/23 12:52\\\",\\\"value\\\":1.29},{\\\"date\\\":\\\"01\\\\\\\/09\\\\\\\/23 12:54\\\",\\\"value\\\":1.27},{\\\"date\\\":\\\"01\\\\\\\/09\\\\\\\/23 12:56\\\",\\\"value\\\":1.28},{\\\"date\\\":\\\"01\\\\\\\/09\\\\\\\/23 12:58\\\",\\\"value\\\":1.28},{\\\"date\\\":\\\"01\\\\\\\/09\\\\\\\/23 13:00\\\",\\\"value\\\":1.28},{\\\"date\\\":\\\"01\\\\\\\/09\\\\\\\/23 13:02\\\",\\\"value\\\":1.27},{\\\"date\\\":\\\"01\\\\\\\/09\\\\\\\/23 13:04\\\",\\\"value\\\":1.27},{\\\"date\\\":\\\"01\\\\\\\/09\\\\\\\/23 13:06\\\",\\\"value\\\":1.27},{\\\"date\\\":\\\"01\\\\\\\/09\\\\\\\/23 13:08\\\",\\\"value\\\":1.27},{\\\"date\\\":\\\"01\\\\\\\/09\\\\\\\/23 13:10\\\",\\\"value\\\":1.26},{\\\"date\\\":\\\"01\\\\\\\/09\\\\\\\/23 13:12\\\",\\\"value\\\":1.27},{\\\"date\\\":\\\"01\\\\\\\/09\\\\\\\/23 13:14\\\",\\\"value\\\":1.28},{\\\"date\\\":\\\"01\\\\\\\/09\\\\\\\/23 13:16\\\",\\\"value\\\":1.27},{\\\"date\\\":\\\"01\\\\\\\/09\\\\\\\/23 13:18\\\",\\\"value\\\":1.27},{\\\"date\\\":\\\"01\\\\\\\/09\\\\\\\/23 13:20\\\",\\\"value\\\":1.28},{\\\"date\\\":\\\"01\\\\\\\/09\\\\\\\/23 13:22\\\",\\\"value\\\":1.27},{\\\"date\\\":\\\"01\\\\\\\/09\\\\\\\/23 13:24\\\",\\\"value\\\":1.27},{\\\"date\\\":\\\"01\\\\\\\/09\\\\\\\/23 13:26\\\",\\\"value\\\":1.28},{\\\"date\\\":\\\"01\\\\\\\/09\\\\\\\/23 13:28\\\",\\\"value\\\":1.27},{\\\"date\\\":\\\"01\\\\\\\/09\\\\\\\/23 13:30\\\",\\\"value\\\":1.28},{\\\"date\\\":\\\"01\\\\\\\/09\\\\\\\/23 13:32\\\",\\\"value\\\":1.28},{\\\"date\\\":\\\"01\\\\\\\/09\\\\\\\/23 13:34\\\",\\\"value\\\":1.27},{\\\"date\\\":\\\"01\\\\\\\/09\\\\\\\/23 13:36\\\",\\\"value\\\":1.27},{\\\"date\\\":\\\"01\\\\\\\/09\\\\\\\/23 13:38\\\",\\\"value\\\":1.27},{\\\"date\\\":\\\"01\\\\\\\/09\\\\\\\/23 13:40\\\",\\\"value\\\":1.26},{\\\"date\\\":\\\"01\\\\\\\/09\\\\\\\/23 13:42\\\",\\\"value\\\":1.27},{\\\"date\\\":\\\"01\\\\\\\/09\\\\\\\/23 13:44\\\",\\\"value\\\":1.26},{\\\"date\\\":\\\"01\\\\\\\/09\\\\\\\/23 13:46\\\",\\\"value\\\":1.27},{\\\"date\\\":\\\"01\\\\\\\/09\\\\\\\/23 13:48\\\",\\\"value\\\":1.27},{\\\"date\\\":\\\"01\\\\\\\/09\\\\\\\/23 13:50\\\",\\\"value\\\":1.27},{\\\"date\\\":\\\"01\\\\\\\/09\\\\\\\/23 13:52\\\",\\\"value\\\":1.26},{\\\"date\\\":\\\"01\\\\\\\/09\\\\\\\/23 13:54\\\",\\\"value\\\":1.26},{\\\"date\\\":\\\"01\\\\\\\/09\\\\\\\/23 13:56\\\",\\\"value\\\":1.28},{\\\"date\\\":\\\"01\\\\\\\/09\\\\\\\/23 13:58\\\",\\\"value\\\":1.28},{\\\"date\\\":\\\"01\\\\\\\/09\\\\\\\/23 14:00\\\",\\\"value\\\":1.28},{\\\"date\\\":\\\"01\\\\\\\/09\\\\\\\/23 14:02\\\",\\\"value\\\":1.27},{\\\"date\\\":\\\"01\\\\\\\/09\\\\\\\/23 14:04\\\",\\\"value\\\":1.28},{\\\"date\\\":\\\"01\\\\\\\/09\\\\\\\/23 14:06\\\",\\\"value\\\":1.28},{\\\"date\\\":\\\"01\\\\\\\/09\\\\\\\/23 14:08\\\",\\\"value\\\":1.28},{\\\"date\\\":\\\"01\\\\\\\/09\\\\\\\/23 14:10\\\",\\\"value\\\":1.28},{\\\"date\\\":\\\"01\\\\\\\/09\\\\\\\/23 14:12\\\",\\\"value\\\":1.27},{\\\"date\\\":\\\"01\\\\\\\/09\\\\\\\/23 15:24\\\",\\\"value\\\":1.29},{\\\"date\\\":\\\"01\\\\\\\/09\\\\\\\/23 15:26\\\",\\\"value\\\":1.29},{\\\"date\\\":\\\"01\\\\\\\/09\\\\\\\/23 15:28\\\",\\\"value\\\":1.29},{\\\"date\\\":\\\"01\\\\\\\/09\\\\\\\/23 15:30\\\",\\\"value\\\":1.29},{\\\"date\\\":\\\"01\\\\\\\/09\\\\\\\/23 15:32\\\",\\\"value\\\":1.29},{\\\"date\\\":\\\"01\\\\\\\/09\\\\\\\/23 15:34\\\",\\\"value\\\":1.29},{\\\"date\\\":\\\"01\\\\\\\/09\\\\\\\/23 15:36\\\",\\\"value\\\":1.29},{\\\"date\\\":\\\"01\\\\\\\/09\\\\\\\/23 15:38\\\",\\\"value\\\":1.28},{\\\"date\\\":\\\"01\\\\\\\/09\\\\\\\/23 15:40\\\",\\\"value\\\":1.29},{\\\"date\\\":\\\"01\\\\\\\/09\\\\\\\/23 15:42\\\",\\\"value\\\":1.29},{\\\"date\\\":\\\"01\\\\\\\/09\\\\\\\/23 15:44\\\",\\\"value\\\":1.29},{\\\"date\\\":\\\"01\\\\\\\/09\\\\\\\/23 15:46\\\",\\\"value\\\":1.29},{\\\"date\\\":\\\"01\\\\\\\/09\\\\\\\/23 15:48\\\",\\\"value\\\":1.28},{\\\"date\\\":\\\"01\\\\\\\/09\\\\\\\/23 15:50\\\",\\\"value\\\":1.29},{\\\"date\\\":\\\"01\\\\\\\/09\\\\\\\/23 15:52\\\",\\\"value\\\":1.28},{\\\"date\\\":\\\"01\\\\\\\/09\\\\\\\/23 15:54\\\",\\\"value\\\":1.29},{\\\"date\\\":\\\"01\\\\\\\/09\\\\\\\/23 15:56\\\",\\\"value\\\":1.28},{\\\"date\\\":\\\"01\\\\\\\/09\\\\\\\/23 15:58\\\",\\\"value\\\":1.29},{\\\"date\\\":\\\"01\\\\\\\/09\\\\\\\/23 16:00\\\",\\\"value\\\":1.29},{\\\"date\\\":\\\"01\\\\\\\/09\\\\\\\/23 16:02\\\",\\\"value\\\":1.29},{\\\"date\\\":\\\"01\\\\\\\/09\\\\\\\/23 16:04\\\",\\\"value\\\":1.28},{\\\"date\\\":\\\"01\\\\\\\/09\\\\\\\/23 16:06\\\",\\\"value\\\":1.29},{\\\"date\\\":\\\"01\\\\\\\/09\\\\\\\/23 16:08\\\",\\\"value\\\":1.29}]\";\n  let isPositive_228af100fcf5be3d1618f399a3c9dc1a = \"\";\n\n  let color_228af100fcf5be3d1618f399a3c9dc1a = isPositive_228af100fcf5be3d1618f399a3c9dc1a ? '#3AB53A' : '#D92C2D';\n\n  let data_228af100fcf5be3d1618f399a3c9dc1a = JSON.parse(data_json_228af100fcf5be3d1618f399a3c9dc1a);\n\n  const result_228af100fcf5be3d1618f399a3c9dc1a = {\n    date: [],\n    value: [],\n  };\n\n  data_228af100fcf5be3d1618f399a3c9dc1a.forEach((item) => {\n    result_228af100fcf5be3d1618f399a3c9dc1a.date.push(item.date);\n    result_228af100fcf5be3d1618f399a3c9dc1a.value.push(Number(item.value));\n  });\n\n  let option_228af100fcf5be3d1618f399a3c9dc1a = {\n    \/\/ variavel de cor global\n    color: [color_228af100fcf5be3d1618f399a3c9dc1a],\n    title: {\n      text: '',\n    },\n    tooltip: {\n      trigger: 'axis',\n      axisPointer: {\n        type: 'cross',\n        label: {\n          \/\/ cor dos valores em X e Y\n          backgroundColor: color_228af100fcf5be3d1618f399a3c9dc1a,\n          formatter: (value) => {\n            if (typeof value.value === 'number') {\n              return Number(value.value).toLocaleString('pt-br', {\n                style: 'currency',\n                currency: 'BRL'\n              });\n            }\n            return value.value;\n          },\n        },\n      },\n      valueFormatter: (value) => Number(value).toLocaleString('pt-br', {\n        style: 'currency',\n        currency: 'BRL'\n      }),\n    },\n    legend: {\n      \/\/ data: ['Valor de Fechamento'],\n      show: false,\n    },\n    toolbox: {\n      feature: {\n        saveAsImage: {\n          show: false,\n        },\n      },\n    },\n    grid: {\n      left: '0px',\n      right: '0px',\n      bottom: '0px',\n      containLabel: true,\n    },\n    xAxis: [{\n      type: 'category',\n      data: result_228af100fcf5be3d1618f399a3c9dc1a.date,\n      boundaryGap: true,\n    }],\n    yAxis: [{\n      type: 'value',\n      min: Math.min(...result_228af100fcf5be3d1618f399a3c9dc1a.value),\n      max: Math.max(...result_228af100fcf5be3d1618f399a3c9dc1a.value),\n      axisLabel: {\n        formatter: (value) => value.toLocaleString('pt-br', {\n          style: 'currency',\n          currency: 'BRL'\n        }),\n      },\n    }],\n    series: [{\n      name: 'Valor de Fechamento',\n      type: 'line',\n      stack: 'Total',\n      \/\/ cor do grafico\n      areaStyle: {},\n      emphasis: {\n        focus: 'series',\n      },\n      data: result_228af100fcf5be3d1618f399a3c9dc1a.value,\n      \/\/ cor da linha\n      lineStyle: {\n        color: color_228af100fcf5be3d1618f399a3c9dc1a,\n      },\n    }, ],\n  };\n\n\twindow.chart_228af100fcf5be3d1618f399a3c9dc1a = {\n\t\tel: chart_228af100fcf5be3d1618f399a3c9dc1a,\n\t\toption: option_228af100fcf5be3d1618f399a3c9dc1a\t};\n\n\n<\/script>\n\n\n\t<p>\n\t\t<a href=\"https:\/\/lp.suno.com.br\/planilha-de-controle-de-investimentos\/\" target=\"_blank\" data-element=\"shortcode-suno-banner\" title=\"Banner SUNO, clique e saiba mais\">\n\t\t\t<picture>\n\t\t\t\t<source media=\"(max-width: 500px)\" srcset=\"https:\/\/files.sunoresearch.com.br\/n\/uploads\/2023\/03\/400x300-Controle-de-Investimentos.png\">\n\t\t\t\t<img class=\"newsContent__article__imgCapa newsContent__article__imgCapa--banner\"\n\t\t\t\t\tsrc=\"https:\/\/files.sunoresearch.com.br\/n\/uploads\/2023\/03\/1420x240-Controle-de-Investimentos.png\"\n\t\t\t\t\tdata-promo-id=\"75934\"\t\t\t\t\t\t\t\t\t\twidth='1420' height='240'\t\t\t\t\talt=\"https:\/\/files.sunoresearch.com.br\/n\/uploads\/2023\/03\/1420x240-Controle-de-Investimentos.png\"\n\t\t\t\t>\n\t\t\t<\/picture>\n\t\t<\/a>\n\t<\/p>\n\n\n","protected":false},"excerpt":{"rendered":"<p>A Via\u00a0(VIIA3) convocou pela segunda vez uma assembleia geral extraordin\u00e1ria para votar sobre a altera\u00e7\u00e3o do valor m\u00e1ximo do capital social da empresa para at\u00e9 R$ 3 bilh\u00f5es, al\u00e9m da mudan\u00e7a do nome de Via para Grupo Casas Bahia. Casas Bahia (BHIA3). Foto: Divulga\u00e7\u00e3o\/ Casas Bahia. Marcada para o dia 12 de setembro (pr\u00f3xima ter\u00e7a-feira), [&hellip;]<\/p>\n","protected":false},"author":313,"featured_media":429977,"comment_status":"closed","ping_status":"closed","sticky":false,"template":"","format":"standard","meta":[],"categories":[64],"tags":[106935],"suno_strategy":[],"class_list":["post-451271","post","type-post","status-publish","format-standard","has-post-thumbnail","hentry","category-negocios","tag-via-viia3"],"yoast_head":"<!-- This site is optimized with the Yoast SEO plugin v24.4 - https:\/\/yoast.com\/wordpress\/plugins\/seo\/ -->\n<title>Via (VIIA3) convoca assembleia para decidir sobre aumento de capital<\/title>\n<meta name=\"description\" content=\"Na assembleia geral extraordin\u00e1ria, a Via\u00a0(VIIA3) tamb\u00e9m decidir\u00e1 sobre a mudan\u00e7a do nome de Via para Grupo Casas Bahia.\" \/>\n<meta name=\"robots\" content=\"index, follow, max-snippet:-1, max-image-preview:large, max-video-preview:-1\" \/>\n<link rel=\"canonical\" href=\"https:\/\/www.suno.com.br\/noticias\/via-viia3-assembleia-aumento-capital-mudanca-nome-gpj\/\" \/>\n<meta property=\"og:locale\" content=\"pt_BR\" \/>\n<meta property=\"og:type\" content=\"article\" \/>\n<meta property=\"og:title\" content=\"Via (VIIA3) convoca assembleia para decidir sobre aumento de capital\" \/>\n<meta property=\"og:description\" content=\"Na assembleia geral extraordin\u00e1ria, a Via\u00a0(VIIA3) tamb\u00e9m decidir\u00e1 sobre a mudan\u00e7a do nome de Via para Grupo Casas Bahia.\" \/>\n<meta property=\"og:url\" content=\"https:\/\/www.suno.com.br\/noticias\/via-viia3-assembleia-aumento-capital-mudanca-nome-gpj\/\" \/>\n<meta property=\"og:site_name\" content=\"Suno Not\u00edcias\" \/>\n<meta property=\"article:publisher\" content=\"https:\/\/facebook.com\/sunoresearch\" \/>\n<meta property=\"og:image\" content=\"https:\/\/files.sunoresearch.com.br\/n\/uploads\/2023\/07\/via-viia3-casas-bahia.jpg\" \/>\n\t<meta property=\"og:image:width\" content=\"1200\" \/>\n\t<meta property=\"og:image:height\" content=\"800\" \/>\n\t<meta property=\"og:image:type\" content=\"image\/jpeg\" \/>\n<meta name=\"author\" content=\"Giovanni Porf\u00edrio Jacomino\" \/>\n<meta name=\"twitter:card\" content=\"summary_large_image\" \/>\n<meta name=\"twitter:creator\" content=\"@sunoresearch\" \/>\n<meta name=\"twitter:site\" content=\"@sunoresearch\" \/>\n<meta name=\"twitter:label1\" content=\"Escrito por\" \/>\n\t<meta name=\"twitter:data1\" content=\"Giovanni Porf\u00edrio Jacomino\" \/>\n\t<meta name=\"twitter:label2\" content=\"Est. tempo de leitura\" \/>\n\t<meta name=\"twitter:data2\" content=\"5 minutos\" \/>\n<script type=\"application\/ld+json\" class=\"yoast-schema-graph\">{\"@context\":\"https:\/\/schema.org\",\"@graph\":[{\"@type\":\"NewsArticle\",\"@id\":\"https:\/\/www.suno.com.br\/noticias\/via-viia3-assembleia-aumento-capital-mudanca-nome-gpj\/#article\",\"isPartOf\":{\"@id\":\"https:\/\/www.suno.com.br\/noticias\/via-viia3-assembleia-aumento-capital-mudanca-nome-gpj\/\"},\"author\":{\"name\":\"Giovanni Porf\u00edrio Jacomino\",\"@id\":\"https:\/\/www.suno.com.br\/noticias\/#\/schema\/person\/d0f32748bbca4bee871fa191ee4e2d40\"},\"headline\":\"Via (VIIA3) convoca assembleia para decidir sobre aumento de capital e mudan\u00e7a de nome\",\"datePublished\":\"2023-09-04T12:29:13+00:00\",\"dateModified\":\"2023-09-04T12:31:12+00:00\",\"mainEntityOfPage\":{\"@id\":\"https:\/\/www.suno.com.br\/noticias\/via-viia3-assembleia-aumento-capital-mudanca-nome-gpj\/\"},\"wordCount\":853,\"publisher\":{\"@id\":\"https:\/\/www.suno.com.br\/noticias\/#organization\"},\"image\":{\"@id\":\"https:\/\/www.suno.com.br\/noticias\/via-viia3-assembleia-aumento-capital-mudanca-nome-gpj\/#primaryimage\"},\"thumbnailUrl\":\"https:\/\/files.sunoresearch.com.br\/n\/uploads\/2023\/07\/via-viia3-casas-bahia.jpg\",\"keywords\":[\"Via (VIIA3)\"],\"articleSection\":[\"Neg\u00f3cios\"],\"inLanguage\":\"pt-BR\"},{\"@type\":\"WebPage\",\"@id\":\"https:\/\/www.suno.com.br\/noticias\/via-viia3-assembleia-aumento-capital-mudanca-nome-gpj\/\",\"url\":\"https:\/\/www.suno.com.br\/noticias\/via-viia3-assembleia-aumento-capital-mudanca-nome-gpj\/\",\"name\":\"Via (VIIA3) convoca assembleia para decidir sobre aumento de capital\",\"isPartOf\":{\"@id\":\"https:\/\/www.suno.com.br\/noticias\/#website\"},\"primaryImageOfPage\":{\"@id\":\"https:\/\/www.suno.com.br\/noticias\/via-viia3-assembleia-aumento-capital-mudanca-nome-gpj\/#primaryimage\"},\"image\":{\"@id\":\"https:\/\/www.suno.com.br\/noticias\/via-viia3-assembleia-aumento-capital-mudanca-nome-gpj\/#primaryimage\"},\"thumbnailUrl\":\"https:\/\/files.sunoresearch.com.br\/n\/uploads\/2023\/07\/via-viia3-casas-bahia.jpg\",\"datePublished\":\"2023-09-04T12:29:13+00:00\",\"dateModified\":\"2023-09-04T12:31:12+00:00\",\"description\":\"Na assembleia geral extraordin\u00e1ria, a Via\u00a0(VIIA3) tamb\u00e9m decidir\u00e1 sobre a mudan\u00e7a do nome de Via para Grupo Casas Bahia.\",\"breadcrumb\":{\"@id\":\"https:\/\/www.suno.com.br\/noticias\/via-viia3-assembleia-aumento-capital-mudanca-nome-gpj\/#breadcrumb\"},\"inLanguage\":\"pt-BR\",\"potentialAction\":[{\"@type\":\"ReadAction\",\"target\":[\"https:\/\/www.suno.com.br\/noticias\/via-viia3-assembleia-aumento-capital-mudanca-nome-gpj\/\"]}]},{\"@type\":\"ImageObject\",\"inLanguage\":\"pt-BR\",\"@id\":\"https:\/\/www.suno.com.br\/noticias\/via-viia3-assembleia-aumento-capital-mudanca-nome-gpj\/#primaryimage\",\"url\":\"https:\/\/files.sunoresearch.com.br\/n\/uploads\/2023\/07\/via-viia3-casas-bahia.jpg\",\"contentUrl\":\"https:\/\/files.sunoresearch.com.br\/n\/uploads\/2023\/07\/via-viia3-casas-bahia.jpg\",\"width\":1200,\"height\":800,\"caption\":\"Casas Bahia (BHIA3). Foto: Divulga\u00e7\u00e3o\/ Casas Bahia.\"},{\"@type\":\"BreadcrumbList\",\"@id\":\"https:\/\/www.suno.com.br\/noticias\/via-viia3-assembleia-aumento-capital-mudanca-nome-gpj\/#breadcrumb\",\"itemListElement\":[{\"@type\":\"ListItem\",\"position\":1,\"name\":\"Not\u00edcias\",\"item\":\"https:\/\/www.suno.com.br\/noticias\/\"},{\"@type\":\"ListItem\",\"position\":2,\"name\":\"Neg\u00f3cios\",\"item\":\"https:\/\/www.suno.com.br\/noticias\/negocios\/\"},{\"@type\":\"ListItem\",\"position\":3,\"name\":\"Via (VIIA3) convoca assembleia para decidir sobre aumento de capital e mudan\u00e7a de nome\"}]},{\"@type\":\"WebSite\",\"@id\":\"https:\/\/www.suno.com.br\/noticias\/#website\",\"url\":\"https:\/\/www.suno.com.br\/noticias\/\",\"name\":\"Suno Not\u00edcias\",\"description\":\"Seu portal de informa\u00e7\u00e3o sobre o mundo dos investimentos\",\"publisher\":{\"@id\":\"https:\/\/www.suno.com.br\/noticias\/#organization\"},\"potentialAction\":[{\"@type\":\"SearchAction\",\"target\":{\"@type\":\"EntryPoint\",\"urlTemplate\":\"https:\/\/www.suno.com.br\/noticias\/?s={search_term_string}\"},\"query-input\":{\"@type\":\"PropertyValueSpecification\",\"valueRequired\":true,\"valueName\":\"search_term_string\"}}],\"inLanguage\":\"pt-BR\"},{\"@type\":\"Organization\",\"@id\":\"https:\/\/www.suno.com.br\/noticias\/#organization\",\"name\":\"Suno Not\u00edcias\",\"url\":\"https:\/\/www.suno.com.br\/noticias\/\",\"logo\":{\"@type\":\"ImageObject\",\"inLanguage\":\"pt-BR\",\"@id\":\"https:\/\/www.suno.com.br\/noticias\/#\/schema\/logo\/image\/\",\"url\":\"https:\/\/files.sunoresearch.com.br\/n\/uploads\/2021\/09\/suno-logo.png\",\"contentUrl\":\"https:\/\/files.sunoresearch.com.br\/n\/uploads\/2021\/09\/suno-logo.png\",\"width\":180,\"height\":180,\"caption\":\"Suno Not\u00edcias\"},\"image\":{\"@id\":\"https:\/\/www.suno.com.br\/noticias\/#\/schema\/logo\/image\/\"},\"sameAs\":[\"https:\/\/facebook.com\/sunoresearch\",\"https:\/\/x.com\/sunoresearch\",\"https:\/\/www.instagram.com\/suno\",\"https:\/\/www.linkedin.com\/company\/suno-research\/\",\"https:\/\/www.youtube.com\/c\/sunoresearch\"]},{\"@type\":\"Person\",\"@id\":\"https:\/\/www.suno.com.br\/noticias\/#\/schema\/person\/d0f32748bbca4bee871fa191ee4e2d40\",\"name\":\"Giovanni Porf\u00edrio Jacomino\",\"image\":{\"@type\":\"ImageObject\",\"inLanguage\":\"pt-BR\",\"@id\":\"https:\/\/www.suno.com.br\/noticias\/#\/schema\/person\/image\/\",\"url\":\"https:\/\/secure.gravatar.com\/avatar\/efb32e19b730a121cb7a80f41ffec01a?s=96&r=g\",\"contentUrl\":\"https:\/\/secure.gravatar.com\/avatar\/efb32e19b730a121cb7a80f41ffec01a?s=96&r=g\",\"caption\":\"Giovanni Porf\u00edrio Jacomino\"},\"description\":\"Giovanni Porf\u00edrio Jacomino \u00e9 jornalista formado pela Universidade Estadual de Londrina (UEL) e p\u00f3s-graduado em Produ\u00e7\u00e3o e Pr\u00e1ticas Jornal\u00edsticas na Contemporaneidade na Faculdade C\u00e1sper L\u00edbero (FCL). Foi editor web no Startupi e no Finsiders, atuando ainda como editor no TC Mover, portal de not\u00edcias da TradersClub, fazendo a cobertura de assuntos relacionados ao mercado financeiro interno e externo. Atualmente, \u00e9 Rep\u00f3rter do Suno Not\u00edcias.\",\"url\":\"https:\/\/www.suno.com.br\/noticias\/author\/giovanni-porfiriosuno-com-br\/\"}]}<\/script>\n<!-- \/ Yoast SEO plugin. -->","yoast_head_json":{"title":"Via (VIIA3) convoca assembleia para decidir sobre aumento de capital","description":"Na assembleia geral extraordin\u00e1ria, a Via\u00a0(VIIA3) tamb\u00e9m decidir\u00e1 sobre a mudan\u00e7a do nome de Via para Grupo Casas Bahia.","robots":{"index":"index","follow":"follow","max-snippet":"max-snippet:-1","max-image-preview":"max-image-preview:large","max-video-preview":"max-video-preview:-1"},"canonical":"https:\/\/www.suno.com.br\/noticias\/via-viia3-assembleia-aumento-capital-mudanca-nome-gpj\/","og_locale":"pt_BR","og_type":"article","og_title":"Via (VIIA3) convoca assembleia para decidir sobre aumento de capital","og_description":"Na assembleia geral extraordin\u00e1ria, a Via\u00a0(VIIA3) tamb\u00e9m decidir\u00e1 sobre a mudan\u00e7a do nome de Via para Grupo Casas Bahia.","og_url":"https:\/\/www.suno.com.br\/noticias\/via-viia3-assembleia-aumento-capital-mudanca-nome-gpj\/","og_site_name":"Suno Not\u00edcias","article_publisher":"https:\/\/facebook.com\/sunoresearch","og_image":[{"width":1200,"height":800,"url":"https:\/\/files.sunoresearch.com.br\/n\/uploads\/2023\/07\/via-viia3-casas-bahia.jpg","type":"image\/jpeg"}],"author":"Giovanni Porf\u00edrio Jacomino","twitter_card":"summary_large_image","twitter_creator":"@sunoresearch","twitter_site":"@sunoresearch","twitter_misc":{"Escrito por":"Giovanni Porf\u00edrio Jacomino","Est. tempo de leitura":"5 minutos"},"schema":{"@context":"https:\/\/schema.org","@graph":[{"@type":"NewsArticle","@id":"https:\/\/www.suno.com.br\/noticias\/via-viia3-assembleia-aumento-capital-mudanca-nome-gpj\/#article","isPartOf":{"@id":"https:\/\/www.suno.com.br\/noticias\/via-viia3-assembleia-aumento-capital-mudanca-nome-gpj\/"},"author":{"name":"Giovanni Porf\u00edrio Jacomino","@id":"https:\/\/www.suno.com.br\/noticias\/#\/schema\/person\/d0f32748bbca4bee871fa191ee4e2d40"},"headline":"Via (VIIA3) convoca assembleia para decidir sobre aumento de capital e mudan\u00e7a de nome","datePublished":"2023-09-04T12:29:13+00:00","dateModified":"2023-09-04T12:31:12+00:00","mainEntityOfPage":{"@id":"https:\/\/www.suno.com.br\/noticias\/via-viia3-assembleia-aumento-capital-mudanca-nome-gpj\/"},"wordCount":853,"publisher":{"@id":"https:\/\/www.suno.com.br\/noticias\/#organization"},"image":{"@id":"https:\/\/www.suno.com.br\/noticias\/via-viia3-assembleia-aumento-capital-mudanca-nome-gpj\/#primaryimage"},"thumbnailUrl":"https:\/\/files.sunoresearch.com.br\/n\/uploads\/2023\/07\/via-viia3-casas-bahia.jpg","keywords":["Via (VIIA3)"],"articleSection":["Neg\u00f3cios"],"inLanguage":"pt-BR"},{"@type":"WebPage","@id":"https:\/\/www.suno.com.br\/noticias\/via-viia3-assembleia-aumento-capital-mudanca-nome-gpj\/","url":"https:\/\/www.suno.com.br\/noticias\/via-viia3-assembleia-aumento-capital-mudanca-nome-gpj\/","name":"Via (VIIA3) convoca assembleia para decidir sobre aumento de capital","isPartOf":{"@id":"https:\/\/www.suno.com.br\/noticias\/#website"},"primaryImageOfPage":{"@id":"https:\/\/www.suno.com.br\/noticias\/via-viia3-assembleia-aumento-capital-mudanca-nome-gpj\/#primaryimage"},"image":{"@id":"https:\/\/www.suno.com.br\/noticias\/via-viia3-assembleia-aumento-capital-mudanca-nome-gpj\/#primaryimage"},"thumbnailUrl":"https:\/\/files.sunoresearch.com.br\/n\/uploads\/2023\/07\/via-viia3-casas-bahia.jpg","datePublished":"2023-09-04T12:29:13+00:00","dateModified":"2023-09-04T12:31:12+00:00","description":"Na assembleia geral extraordin\u00e1ria, a Via\u00a0(VIIA3) tamb\u00e9m decidir\u00e1 sobre a mudan\u00e7a do nome de Via para Grupo Casas Bahia.","breadcrumb":{"@id":"https:\/\/www.suno.com.br\/noticias\/via-viia3-assembleia-aumento-capital-mudanca-nome-gpj\/#breadcrumb"},"inLanguage":"pt-BR","potentialAction":[{"@type":"ReadAction","target":["https:\/\/www.suno.com.br\/noticias\/via-viia3-assembleia-aumento-capital-mudanca-nome-gpj\/"]}]},{"@type":"ImageObject","inLanguage":"pt-BR","@id":"https:\/\/www.suno.com.br\/noticias\/via-viia3-assembleia-aumento-capital-mudanca-nome-gpj\/#primaryimage","url":"https:\/\/files.sunoresearch.com.br\/n\/uploads\/2023\/07\/via-viia3-casas-bahia.jpg","contentUrl":"https:\/\/files.sunoresearch.com.br\/n\/uploads\/2023\/07\/via-viia3-casas-bahia.jpg","width":1200,"height":800,"caption":"Casas Bahia (BHIA3). Foto: Divulga\u00e7\u00e3o\/ Casas Bahia."},{"@type":"BreadcrumbList","@id":"https:\/\/www.suno.com.br\/noticias\/via-viia3-assembleia-aumento-capital-mudanca-nome-gpj\/#breadcrumb","itemListElement":[{"@type":"ListItem","position":1,"name":"Not\u00edcias","item":"https:\/\/www.suno.com.br\/noticias\/"},{"@type":"ListItem","position":2,"name":"Neg\u00f3cios","item":"https:\/\/www.suno.com.br\/noticias\/negocios\/"},{"@type":"ListItem","position":3,"name":"Via (VIIA3) convoca assembleia para decidir sobre aumento de capital e mudan\u00e7a de nome"}]},{"@type":"WebSite","@id":"https:\/\/www.suno.com.br\/noticias\/#website","url":"https:\/\/www.suno.com.br\/noticias\/","name":"Suno Not\u00edcias","description":"Seu portal de informa\u00e7\u00e3o sobre o mundo dos investimentos","publisher":{"@id":"https:\/\/www.suno.com.br\/noticias\/#organization"},"potentialAction":[{"@type":"SearchAction","target":{"@type":"EntryPoint","urlTemplate":"https:\/\/www.suno.com.br\/noticias\/?s={search_term_string}"},"query-input":{"@type":"PropertyValueSpecification","valueRequired":true,"valueName":"search_term_string"}}],"inLanguage":"pt-BR"},{"@type":"Organization","@id":"https:\/\/www.suno.com.br\/noticias\/#organization","name":"Suno Not\u00edcias","url":"https:\/\/www.suno.com.br\/noticias\/","logo":{"@type":"ImageObject","inLanguage":"pt-BR","@id":"https:\/\/www.suno.com.br\/noticias\/#\/schema\/logo\/image\/","url":"https:\/\/files.sunoresearch.com.br\/n\/uploads\/2021\/09\/suno-logo.png","contentUrl":"https:\/\/files.sunoresearch.com.br\/n\/uploads\/2021\/09\/suno-logo.png","width":180,"height":180,"caption":"Suno Not\u00edcias"},"image":{"@id":"https:\/\/www.suno.com.br\/noticias\/#\/schema\/logo\/image\/"},"sameAs":["https:\/\/facebook.com\/sunoresearch","https:\/\/x.com\/sunoresearch","https:\/\/www.instagram.com\/suno","https:\/\/www.linkedin.com\/company\/suno-research\/","https:\/\/www.youtube.com\/c\/sunoresearch"]},{"@type":"Person","@id":"https:\/\/www.suno.com.br\/noticias\/#\/schema\/person\/d0f32748bbca4bee871fa191ee4e2d40","name":"Giovanni Porf\u00edrio Jacomino","image":{"@type":"ImageObject","inLanguage":"pt-BR","@id":"https:\/\/www.suno.com.br\/noticias\/#\/schema\/person\/image\/","url":"https:\/\/secure.gravatar.com\/avatar\/efb32e19b730a121cb7a80f41ffec01a?s=96&r=g","contentUrl":"https:\/\/secure.gravatar.com\/avatar\/efb32e19b730a121cb7a80f41ffec01a?s=96&r=g","caption":"Giovanni Porf\u00edrio Jacomino"},"description":"Giovanni Porf\u00edrio Jacomino \u00e9 jornalista formado pela Universidade Estadual de Londrina (UEL) e p\u00f3s-graduado em Produ\u00e7\u00e3o e Pr\u00e1ticas Jornal\u00edsticas na Contemporaneidade na Faculdade C\u00e1sper L\u00edbero (FCL). Foi editor web no Startupi e no Finsiders, atuando ainda como editor no TC Mover, portal de not\u00edcias da TradersClub, fazendo a cobertura de assuntos relacionados ao mercado financeiro interno e externo. Atualmente, \u00e9 Rep\u00f3rter do Suno Not\u00edcias.","url":"https:\/\/www.suno.com.br\/noticias\/author\/giovanni-porfiriosuno-com-br\/"}]}},"default_loop_html":"<div class=\"cardsPage__listCard__boxs\"><div class=\"cardsPage__listCard__boxs__img\"><a href=\"https:\/\/www.suno.com.br\/noticias\/via-viia3-assembleia-aumento-capital-mudanca-nome-gpj\/\"><img class=\"mask\" src=\"https:\/\/www.suno.com.br\/noticias\/wp-content\/themes\/suno\/resources\/images\/spotlight\/spotlight1img\/bg-mask.png\" alt=\"Image Mask\"\/><img src=\"https:\/\/files.sunoresearch.com.br\/n\/uploads\/2023\/07\/via-viia3-casas-bahia-400x200.jpg\" alt=\"Via (VIIA3) convoca assembleia para decidir sobre aumento de capital e mudan\u00e7a de nome\"\/><\/a><span class=\"spotlightCategory\"><a href=\"https:\/\/www.suno.com.br\/noticias\/negocios\/\">Neg\u00f3cios<\/a><\/span><\/div><div class=\"cardsPage__listCard__boxs__content\"><a href=\"https:\/\/www.suno.com.br\/noticias\/via-viia3-assembleia-aumento-capital-mudanca-nome-gpj\/\"><h2 class=\"content__title\">Via (VIIA3) convoca assembleia para decidir sobre aumento de capital e mudan\u00e7a de nome<\/h2><\/a><div class=\"newsContent__article__meta\"><div class=\"newsContent__article__meta__authorBox\"><a href=\"https:\/\/www.suno.com.br\/noticias\/author\/redacao-suno\/\" class=\"authorBox__avatar noMobi\"><img src=\"https:\/\/files.sunoresearch.com.br\/n\/uploads\/2020\/08\/0ace682d-redacao-1-150x150.webp\" alt=\"Reda\u00e7\u00e3o Suno Not\u00edcias\"><\/a><div class=\"authorBox__name\"><span>por\n\t\t\t<a href=\"https:\/\/www.suno.com.br\/noticias\/author\/redacao-suno\/\"><span itemprop=\"author\">Reda\u00e7\u00e3o Suno Not\u00edcias<\/span><\/a><\/span><time datetime=\"2023-09-04T09:29:13-03:00\" itemprop=\"datePublished\">04\/09\/2023 09:29<\/time><\/div><\/div><\/div><\/div><\/div>","single_layout":"posts","amp_enabled":true,"_links":{"self":[{"href":"https:\/\/www.suno.com.br\/noticias\/wp-json\/wp\/v2\/posts\/451271"}],"collection":[{"href":"https:\/\/www.suno.com.br\/noticias\/wp-json\/wp\/v2\/posts"}],"about":[{"href":"https:\/\/www.suno.com.br\/noticias\/wp-json\/wp\/v2\/types\/post"}],"author":[{"embeddable":true,"href":"https:\/\/www.suno.com.br\/noticias\/wp-json\/wp\/v2\/users\/313"}],"replies":[{"embeddable":true,"href":"https:\/\/www.suno.com.br\/noticias\/wp-json\/wp\/v2\/comments?post=451271"}],"version-history":[{"count":3,"href":"https:\/\/www.suno.com.br\/noticias\/wp-json\/wp\/v2\/posts\/451271\/revisions"}],"predecessor-version":[{"id":451292,"href":"https:\/\/www.suno.com.br\/noticias\/wp-json\/wp\/v2\/posts\/451271\/revisions\/451292"}],"wp:featuredmedia":[{"embeddable":true,"href":"https:\/\/www.suno.com.br\/noticias\/wp-json\/wp\/v2\/media\/429977"}],"wp:attachment":[{"href":"https:\/\/www.suno.com.br\/noticias\/wp-json\/wp\/v2\/media?parent=451271"}],"wp:term":[{"taxonomy":"category","embeddable":true,"href":"https:\/\/www.suno.com.br\/noticias\/wp-json\/wp\/v2\/categories?post=451271"},{"taxonomy":"post_tag","embeddable":true,"href":"https:\/\/www.suno.com.br\/noticias\/wp-json\/wp\/v2\/tags?post=451271"},{"taxonomy":"suno_strategy","embeddable":true,"href":"https:\/\/www.suno.com.br\/noticias\/wp-json\/wp\/v2\/suno_strategy?post=451271"}],"curies":[{"name":"wp","href":"https:\/\/api.w.org\/{rel}","templated":true}]}}