{"id":451205,"date":"2023-09-04T07:34:08","date_gmt":"2023-09-04T10:34:08","guid":{"rendered":"https:\/\/www.suno.com.br\/noticias\/?p=451205"},"modified":"2023-09-04T07:43:28","modified_gmt":"2023-09-04T10:43:28","slug":"eletrobras-elet3-encerra-oferta-furnas-gpj","status":"publish","type":"post","link":"https:\/\/www.suno.com.br\/noticias\/eletrobras-elet3-encerra-oferta-furnas-gpj\/","title":{"rendered":"Eletrobras (ELET3) encerra oferta de Furnas avaliada em R$ 3,5 bilh\u00f5es"},"content":{"rendered":"<p>A <a href=\"https:\/\/www.suno.com.br\/acoes\/ELET3\/\" target=\"_blank\" rel=\"noreferrer noopener\"><strong>Eletrobras&nbsp;<\/strong>(ELET3)<\/a>&nbsp;informou que encerrou a oferta de Furnas, subsidi\u00e1ria integral da companhia, referente \u00e0 sua primeira emiss\u00e3o de notas comerciais escriturais, no valor de R$ 3,5 bilh\u00f5es.<\/p>\t<div class=\"wrapper-featured-image\">\n\t\t<figure class=\"spotlightImg\">\n\n\t\t\t<picture>\n\t\t\t\t<source media=\"(max-width: 768px)\" srcset=\"https:\/\/files.sunoresearch.com.br\/n\/uploads\/2021\/01\/bfe4a653-333672741-400x200.webp\">\n\t\t\t\t<img loading=\"lazy\" decoding=\"async\" class=\"newsContent__article__imgCapa lazyloadDisabled \" src=\"https:\/\/files.sunoresearch.com.br\/n\/uploads\/2021\/01\/bfe4a653-333672741-800x450.webp\" width=\"800\" height=\"450\" alt=\"Eletrobras (ELET3) encerra oferta de Furnas avaliada em R$ 3,5 bilh\u00f5es\" fetchpriority=high \/>\n\t\t\t<\/picture>\n\n\t\t\t<figcaption class=\"wp-caption-text wp-caption-text--show\">Eletrobras (ELET3)  - Foto: Divulga\u00e7\u00e3o.<\/figcaption>\n\t\t<\/figure>\n\t<\/div>\n\n\n\n\n\n\n\n\t<p>\n\t\t<a href=\"\" target=\"_blank\" data-element=\"shortcode-suno-banner\" title=\"Banner SUNO, clique e saiba mais\">\n\t\t\t<picture>\n\t\t\t\t<source media=\"(max-width: 500px)\" srcset=\"\">\n\t\t\t\t<img class=\"newsContent__article__imgCapa newsContent__article__imgCapa--banner\"\n\t\t\t\t\tsrc=\"\"\n\t\t\t\t\tdata-promo-id=\"265372\"\t\t\t\t\t\t\t\t\t\t\t\t\t\t\talt=\"\"\n\t\t\t\t>\n\t\t\t<\/picture>\n\t\t<\/a>\n\t<\/p>\n\n\n\n\n\n<p>Em comunicado, a Eletrobras informou que a <strong>distribui\u00e7\u00e3o p\u00fablica<\/strong> ocorreu em cinco s\u00e9ries, sendo:<\/p>\n\n\n\n<ul class=\"wp-block-list\">\n<li>R$ 500 milh\u00f5es na primeira s\u00e9rie;<\/li>\n\n\n\n<li>R$ 500 milh\u00f5es na segunda s\u00e9rie;<\/li>\n\n\n\n<li>R$ 1 bilh\u00e3o na terceira s\u00e9rie;<\/li>\n\n\n\n<li>R$ 500 milh\u00f5es na quarta s\u00e9rie;<\/li>\n\n\n\n<li>R$ 1 bilh\u00e3o na quinta s\u00e9rie;<\/li>\n<\/ul>\n\n\n\n\t<div data-element=\"shortcode-read-more\" class=\"readToo\">\n\t\t\t\t<span class=\"readToo__title\">Leia mais<\/span>\n\t\t\t\t<ul class=\"readToo__list\">\n\t\t\t<li><a href=\"https:\/\/www.suno.com.br\/noticias\/bluefit-comparada-por-mubadala-saiba-mais\/\">Bluefit \u00e9 comprada por Mubadala, fundo soberano de Abu Dhabi; Saiba valor da opera\u00e7\u00e3o<\/a><\/li><li><a href=\"https:\/\/www.suno.com.br\/noticias\/cooperativas-credito-vira-alternativa-bancos\/\">Cooperativas de cr\u00e9dito aumentam volume de dep\u00f3sitos; \u00c9 uma alternativa aos bancos?<\/a><\/li>\t\t<\/ul>\n\t<\/div>\n\n\n\n\n<h2 class=\"wp-block-heading\">Eletrobras (ELET3) anuncia oferta bilion\u00e1ria de deb\u00eantures; Confira o valor<\/h2>\n\n\n\n<p>O&nbsp;<a href=\"https:\/\/www.suno.com.br\/artigos\/conselho-administracao\/\" target=\"_blank\" rel=\"noreferrer noopener\">conselho de administra\u00e7\u00e3o<\/a>&nbsp;da&nbsp;Eletrobras aprovou a sua 4\u00aa emiss\u00e3o de deb\u00eantures, no valor de R$ 7 bilh\u00f5es, conforme comunicado ao mercado no fim do m\u00eas passado.<\/p>\n\n\n\n<p>As&nbsp;<strong>deb\u00eantures da Eletrobras<\/strong>&nbsp;s\u00e3o do tipo simples, n\u00e3o convers\u00edveis em a\u00e7\u00f5es, da esp\u00e9cie quirograf\u00e1ria e contar\u00e1 com duas s\u00e9ries.<\/p>\n\n\n\n<p>A Eletrobras vai emitir 7 milh\u00f5es de deb\u00eantures, com&nbsp;<a href=\"https:\/\/www.suno.com.br\/artigos\/valor-nominal\/\" target=\"_blank\" rel=\"noreferrer noopener\">valor nominal<\/a>&nbsp;unit\u00e1rio de R$ 1.000,00. A primeira s\u00e9rie contar\u00e1 com a emiss\u00e3o de R$ 4 bilh\u00f5es em deb\u00eantures, enquanto na segunda s\u00e9rie o valor ser\u00e1 de R$ 3 bilh\u00f5es.<\/p>\n\n\n\n<p>A&nbsp;<strong>remunera\u00e7\u00e3o das deb\u00eantures da Eletrobras<\/strong>&nbsp;ainda ser\u00e1 definida conforme o procedimento de coleta de inten\u00e7\u00f5es de investimento, organizado pelas institui\u00e7\u00f5es contratadas pela companhia para realizar a estrutura\u00e7\u00e3o e distribui\u00e7\u00e3o da oferta.<\/p>\n\n\n\n<h2 class=\"wp-block-heading\"><a><\/a>Remunera\u00e7\u00e3o das deb\u00eantures da Eletrobras<\/h2>\n\n\n\n<p>O <a href=\"https:\/\/www.suno.com.br\/artigos\/valor-nominal\/\">valor nominal<\/a> unit\u00e1rio das deb\u00eantures da primeira s\u00e9rie vai ser atualizado pela varia\u00e7\u00e3o do \u00cdndice Nacional de Pre\u00e7os ao Consumidor Amplo (IPCA). J\u00e1 o valor nominal unit\u00e1rio das deb\u00eantures da segunda s\u00e9rie n\u00e3o ser\u00e1 atualizado monetariamente.<\/p>\n\n\n\n<p>As deb\u00eantures da primeira s\u00e9rie da Eletrobras ter\u00e3o prazo de vencimento de 8 anos, incidindo&nbsp;<a target=\"_blank\" href=\"https:\/\/www.suno.com.br\/artigos\/juros-remuneratorios\/\" rel=\"noreferrer noopener\">juros remunerat\u00f3rios<\/a>&nbsp;prefixados. H\u00e1 duas possibilidades para esses juros, mas ficar\u00e1 com o que for maior entre eles:<\/p>\n\n\n\n<ul class=\"wp-block-list\">\n<li>Percentual da taxa interna de retorno do Tesouro IPCA+ com juros semestrais (NTN-B 2030), somado a um spread de 1,30% ao ano;<\/li>\n\n\n\n<li>6,50% ao ano.<\/li>\n<\/ul>\n\n\n\n<p>As deb\u00eantures da segunda s\u00e9rie da&nbsp;<strong>oferta da Eletrobras<\/strong>&nbsp;ter\u00e3o um prazo de vencimento de 5 anos, com <a href=\"https:\/\/www.suno.com.br\/artigos\/juros-remuneratorios\/\">juros remunerat\u00f3rios<\/a> de 100% da varia\u00e7\u00e3o acumulada da&nbsp;<a href=\"https:\/\/www.suno.com.br\/artigos\/taxa-di\/\" target=\"_blank\" rel=\"noreferrer noopener\">Taxa DI<\/a>&nbsp;somado a uma taxa que ainda ser\u00e1 definida, mas com limite de at\u00e9 2,15% ao ano.<\/p>\n\n\n\n<p>O dinheiro obtido na primeira s\u00e9rie ser\u00e1 usado para reembolsar gastos, despesas ou d\u00edvidas da implanta\u00e7\u00e3o de projetos de investimento, associados aos pagamentos de bonifica\u00e7\u00f5es das outorgas de algumas usinas hidrel\u00e9tricas da Companhia Hidro El\u00e9trica do S\u00e3o Francisco ou das Centrais El\u00e9tricas do Norte do Brasil.<\/p>\n\n\n\n<p>J\u00e1 os recursos da segunda s\u00e9rie v\u00e3o ser utilizados para a gest\u00e3o ordin\u00e1ria dos neg\u00f3cios da <strong>Eletrobras<\/strong>, em linha com o framework que ser\u00e1 elaborado pela empresa.<\/p>\n\n\n\t<p>\n\t\t<a href=\"https:\/\/lp.suno.com.br\/ebook-como-analisar-uma-acao\/\" target=\"_blank\" data-element=\"shortcode-suno-banner\" title=\"Banner SUNO, clique e saiba mais\">\n\t\t\t<picture>\n\t\t\t\t<source media=\"(max-width: 500px)\" srcset=\"https:\/\/files.sunoresearch.com.br\/n\/uploads\/2023\/03\/Ebook-Acoes-Mobile.jpg\">\n\t\t\t\t<img class=\"newsContent__article__imgCapa newsContent__article__imgCapa--banner\"\n\t\t\t\t\tsrc=\"https:\/\/files.sunoresearch.com.br\/n\/uploads\/2023\/03\/Ebook-Acoes-Desktop.jpg\"\n\t\t\t\t\tdata-promo-id=\"378302\"\t\t\t\t\t\t\t\t\t\twidth='1420' height='286'\t\t\t\t\talt=\"https:\/\/files.sunoresearch.com.br\/n\/uploads\/2023\/03\/Ebook-Acoes-Desktop.jpg\"\n\t\t\t\t>\n\t\t\t<\/picture>\n\t\t<\/a>\n\t<\/p>\n\n\n\n\n\n<h2 class=\"wp-block-heading\">Desempenho das a\u00e7\u00f5es da Eletrobras<\/h2>\n\n\n\n<div class=\"pluginQuotation\">\n  <p class=\"ticker\">\n    Cota\u00e7\u00e3o <span>ELET3<\/span>\n  <\/p>\n  <div class=\"info\">\n    <div class=\"leftSide\">\n      Gr\u00e1fico gerado em: 04\/09\/2023    <\/div>\n\t\t\t\t\t<div class=\"rightSide\">\n\t\t\t\t\t<span class=\"period\">\n\t\t\t\t\t\t1 Dia\t\t\t\t\t<\/span>\n\t\t\t<\/div>\n\t\t  <\/div>\n\n  <div id=\"chart-a67d6715c111ba5765e05be1e5e505dc\" data-block-hash=\"a67d6715c111ba5765e05be1e5e505dc\"  class=\"chart\" style=\"width:100%;height:400px;\"><\/div>\n\n  <div class=\"pluginQuotation__footer\">\n    <div class=\"dataChart\">\n\n      <div class=\"dataChart__div1 variation\">\n        <div class=\"value-negative\">\n          -0,06 (-0,02%)        <\/div>\n        <div class=\"text\">\n          Varia\u00e7\u00e3o do per\u00edodo\n        <\/div>\n      <\/div>\n\n      <div class=\"dataChart__div2 minMax\">\n        <div class=\"value\">\n          R$\u00a035,23        <\/div>\n        <div class=\"text\">\n          M\u00ednima\n        <\/div>\n      <\/div>\n\n      <div class=\"dataChart__div3 minMax\">\n        <div class=\"value\">\n          R$\u00a035,64        <\/div>\n        <div class=\"text\">\n          M\u00e1xima\n        <\/div>\n      <\/div>\n\n\t\t\t<div class=\"dataChart__div4 rightSide\">\n\t\t\t\t<div class=\"analiticaSource\">\n\t\t\t\t\t<span>\n\t\t\t\t\t\tFonte:\n\t\t\t\t\t<\/span>\n\t\t\t\t\t<img decoding=\"async\" class=\"analiticaLogo\" src=\"https:\/\/www.suno.com.br\/noticias\/wp-content\/plugins\/suno-block-ticker-quotation\/src\/suno-analitica-logo.png\" alt=\"Logo Suno Anal\u00edtica\" \/>\n\t\t\t\t<\/div>\n\n\t\t\t\t<a href=\"https:\/\/www.suno.com.br\/analitica\/acoes\/ELET3\" target=\"_blank\">\n\t\t\t\t\t<span>\n\t\t\t\t\t\tVer mais cota\u00e7\u00f5es\n\t\t\t\t\t<\/span>\n\t\t\t\t\t<svg xmlns=\"http:\/\/www.w3.org\/2000\/svg\" width=\"9\" height=\"8\" viewBox=\"0 0 9 8\" fill=\"none\">\n\t\t\t\t\t\t<path d=\"M4.20996 0L3.50496 0.705L6.29496 3.5H0.209961V4.5H6.29496L3.50496 7.295L4.20996 8L8.20996 4L4.20996 0Z\" fill=\"#D42126\" \/>\n\t\t\t\t\t<\/svg>\n\t\t\t\t<\/a>\n    <\/div>\n\n    <\/div>\n  <\/div>\n<\/div>\n\n\n<script type=\"text\/javascript\">\n  let chart_a67d6715c111ba5765e05be1e5e505dc = document.getElementById('chart-a67d6715c111ba5765e05be1e5e505dc');\n  let data_json_a67d6715c111ba5765e05be1e5e505dc = \"[{\\\"date\\\":\\\"01\\\\\\\/09\\\\\\\/23 10:02\\\",\\\"value\\\":35.41},{\\\"date\\\":\\\"01\\\\\\\/09\\\\\\\/23 10:04\\\",\\\"value\\\":35.44},{\\\"date\\\":\\\"01\\\\\\\/09\\\\\\\/23 10:06\\\",\\\"value\\\":35.33},{\\\"date\\\":\\\"01\\\\\\\/09\\\\\\\/23 10:08\\\",\\\"value\\\":35.29},{\\\"date\\\":\\\"01\\\\\\\/09\\\\\\\/23 10:10\\\",\\\"value\\\":35.23},{\\\"date\\\":\\\"01\\\\\\\/09\\\\\\\/23 10:12\\\",\\\"value\\\":35.26},{\\\"date\\\":\\\"01\\\\\\\/09\\\\\\\/23 10:14\\\",\\\"value\\\":35.28},{\\\"date\\\":\\\"01\\\\\\\/09\\\\\\\/23 10:16\\\",\\\"value\\\":35.26},{\\\"date\\\":\\\"01\\\\\\\/09\\\\\\\/23 12:34\\\",\\\"value\\\":35.62},{\\\"date\\\":\\\"01\\\\\\\/09\\\\\\\/23 12:36\\\",\\\"value\\\":35.64},{\\\"date\\\":\\\"01\\\\\\\/09\\\\\\\/23 12:38\\\",\\\"value\\\":35.6},{\\\"date\\\":\\\"01\\\\\\\/09\\\\\\\/23 12:40\\\",\\\"value\\\":35.6},{\\\"date\\\":\\\"01\\\\\\\/09\\\\\\\/23 12:42\\\",\\\"value\\\":35.59},{\\\"date\\\":\\\"01\\\\\\\/09\\\\\\\/23 12:44\\\",\\\"value\\\":35.57},{\\\"date\\\":\\\"01\\\\\\\/09\\\\\\\/23 12:46\\\",\\\"value\\\":35.62},{\\\"date\\\":\\\"01\\\\\\\/09\\\\\\\/23 12:48\\\",\\\"value\\\":35.6},{\\\"date\\\":\\\"01\\\\\\\/09\\\\\\\/23 12:50\\\",\\\"value\\\":35.63},{\\\"date\\\":\\\"01\\\\\\\/09\\\\\\\/23 12:52\\\",\\\"value\\\":35.61},{\\\"date\\\":\\\"01\\\\\\\/09\\\\\\\/23 12:54\\\",\\\"value\\\":35.61},{\\\"date\\\":\\\"01\\\\\\\/09\\\\\\\/23 12:56\\\",\\\"value\\\":35.59},{\\\"date\\\":\\\"01\\\\\\\/09\\\\\\\/23 12:58\\\",\\\"value\\\":35.6},{\\\"date\\\":\\\"01\\\\\\\/09\\\\\\\/23 13:00\\\",\\\"value\\\":35.58},{\\\"date\\\":\\\"01\\\\\\\/09\\\\\\\/23 13:02\\\",\\\"value\\\":35.54},{\\\"date\\\":\\\"01\\\\\\\/09\\\\\\\/23 13:04\\\",\\\"value\\\":35.54},{\\\"date\\\":\\\"01\\\\\\\/09\\\\\\\/23 13:06\\\",\\\"value\\\":35.56},{\\\"date\\\":\\\"01\\\\\\\/09\\\\\\\/23 13:08\\\",\\\"value\\\":35.55},{\\\"date\\\":\\\"01\\\\\\\/09\\\\\\\/23 13:10\\\",\\\"value\\\":35.52},{\\\"date\\\":\\\"01\\\\\\\/09\\\\\\\/23 13:12\\\",\\\"value\\\":35.54},{\\\"date\\\":\\\"01\\\\\\\/09\\\\\\\/23 13:14\\\",\\\"value\\\":35.56},{\\\"date\\\":\\\"01\\\\\\\/09\\\\\\\/23 13:16\\\",\\\"value\\\":35.55},{\\\"date\\\":\\\"01\\\\\\\/09\\\\\\\/23 13:18\\\",\\\"value\\\":35.55},{\\\"date\\\":\\\"01\\\\\\\/09\\\\\\\/23 13:20\\\",\\\"value\\\":35.53},{\\\"date\\\":\\\"01\\\\\\\/09\\\\\\\/23 13:22\\\",\\\"value\\\":35.52},{\\\"date\\\":\\\"01\\\\\\\/09\\\\\\\/23 13:24\\\",\\\"value\\\":35.53},{\\\"date\\\":\\\"01\\\\\\\/09\\\\\\\/23 13:26\\\",\\\"value\\\":35.54},{\\\"date\\\":\\\"01\\\\\\\/09\\\\\\\/23 13:28\\\",\\\"value\\\":35.52},{\\\"date\\\":\\\"01\\\\\\\/09\\\\\\\/23 13:30\\\",\\\"value\\\":35.54},{\\\"date\\\":\\\"01\\\\\\\/09\\\\\\\/23 13:32\\\",\\\"value\\\":35.55},{\\\"date\\\":\\\"01\\\\\\\/09\\\\\\\/23 13:34\\\",\\\"value\\\":35.53},{\\\"date\\\":\\\"01\\\\\\\/09\\\\\\\/23 13:36\\\",\\\"value\\\":35.52},{\\\"date\\\":\\\"01\\\\\\\/09\\\\\\\/23 13:38\\\",\\\"value\\\":35.51},{\\\"date\\\":\\\"01\\\\\\\/09\\\\\\\/23 13:40\\\",\\\"value\\\":35.39},{\\\"date\\\":\\\"01\\\\\\\/09\\\\\\\/23 13:42\\\",\\\"value\\\":35.51},{\\\"date\\\":\\\"01\\\\\\\/09\\\\\\\/23 13:44\\\",\\\"value\\\":35.49},{\\\"date\\\":\\\"01\\\\\\\/09\\\\\\\/23 13:46\\\",\\\"value\\\":35.39}]\";\n  let isPositive_a67d6715c111ba5765e05be1e5e505dc = \"\";\n\n  let color_a67d6715c111ba5765e05be1e5e505dc = isPositive_a67d6715c111ba5765e05be1e5e505dc ? '#3AB53A' : '#D92C2D';\n\n  let data_a67d6715c111ba5765e05be1e5e505dc = JSON.parse(data_json_a67d6715c111ba5765e05be1e5e505dc);\n\n  const result_a67d6715c111ba5765e05be1e5e505dc = {\n    date: [],\n    value: [],\n  };\n\n  data_a67d6715c111ba5765e05be1e5e505dc.forEach((item) => {\n    result_a67d6715c111ba5765e05be1e5e505dc.date.push(item.date);\n    result_a67d6715c111ba5765e05be1e5e505dc.value.push(Number(item.value));\n  });\n\n  let option_a67d6715c111ba5765e05be1e5e505dc = {\n    \/\/ variavel de cor global\n    color: [color_a67d6715c111ba5765e05be1e5e505dc],\n    title: {\n      text: '',\n    },\n    tooltip: {\n      trigger: 'axis',\n      axisPointer: {\n        type: 'cross',\n        label: {\n          \/\/ cor dos valores em X e Y\n          backgroundColor: color_a67d6715c111ba5765e05be1e5e505dc,\n          formatter: (value) => {\n            if (typeof value.value === 'number') {\n              return Number(value.value).toLocaleString('pt-br', {\n                style: 'currency',\n                currency: 'BRL'\n              });\n            }\n            return value.value;\n          },\n        },\n      },\n      valueFormatter: (value) => Number(value).toLocaleString('pt-br', {\n        style: 'currency',\n        currency: 'BRL'\n      }),\n    },\n    legend: {\n      \/\/ data: ['Valor de Fechamento'],\n      show: false,\n    },\n    toolbox: {\n      feature: {\n        saveAsImage: {\n          show: false,\n        },\n      },\n    },\n    grid: {\n      left: '0px',\n      right: '0px',\n      bottom: '0px',\n      containLabel: true,\n    },\n    xAxis: [{\n      type: 'category',\n      data: result_a67d6715c111ba5765e05be1e5e505dc.date,\n      boundaryGap: true,\n    }],\n    yAxis: [{\n      type: 'value',\n      min: Math.min(...result_a67d6715c111ba5765e05be1e5e505dc.value),\n      max: Math.max(...result_a67d6715c111ba5765e05be1e5e505dc.value),\n      axisLabel: {\n        formatter: (value) => value.toLocaleString('pt-br', {\n          style: 'currency',\n          currency: 'BRL'\n        }),\n      },\n    }],\n    series: [{\n      name: 'Valor de Fechamento',\n      type: 'line',\n      stack: 'Total',\n      \/\/ cor do grafico\n      areaStyle: {},\n      emphasis: {\n        focus: 'series',\n      },\n      data: result_a67d6715c111ba5765e05be1e5e505dc.value,\n      \/\/ cor da linha\n      lineStyle: {\n        color: color_a67d6715c111ba5765e05be1e5e505dc,\n      },\n    }, ],\n  };\n\n\twindow.chart_a67d6715c111ba5765e05be1e5e505dc = {\n\t\tel: chart_a67d6715c111ba5765e05be1e5e505dc,\n\t\toption: option_a67d6715c111ba5765e05be1e5e505dc\t};\n\n\n<\/script>\n\n\n\t<p>\n\t\t<a href=\"https:\/\/lp.suno.com.br\/plataforma-de-controle-de-investimentos\/\" target=\"_blank\" data-element=\"shortcode-suno-banner\" title=\"Banner SUNO, clique e saiba mais\">\n\t\t\t<picture>\n\t\t\t\t<source media=\"(max-width: 500px)\" srcset=\"https:\/\/files.sunoresearch.com.br\/n\/uploads\/2023\/03\/400x300-Controle-de-Investimentos.png\">\n\t\t\t\t<img class=\"newsContent__article__imgCapa newsContent__article__imgCapa--banner\"\n\t\t\t\t\tsrc=\"https:\/\/files.sunoresearch.com.br\/n\/uploads\/2023\/03\/1420x240-Controle-de-Investimentos.png\"\n\t\t\t\t\tdata-promo-id=\"383162\"\t\t\t\t\t\t\t\t\t\twidth='1420' height='240'\t\t\t\t\talt=\"https:\/\/files.sunoresearch.com.br\/n\/uploads\/2023\/03\/1420x240-Controle-de-Investimentos.png\"\n\t\t\t\t>\n\t\t\t<\/picture>\n\t\t<\/a>\n\t<\/p>\n\n\n","protected":false},"excerpt":{"rendered":"<p>A Eletrobras&nbsp;(ELET3)&nbsp;informou que encerrou a oferta de Furnas, subsidi\u00e1ria integral da companhia, referente \u00e0 sua primeira emiss\u00e3o de notas comerciais escriturais, no valor de R$ 3,5 bilh\u00f5es. Eletrobras (ELET3) &#8211; Foto: Divulga\u00e7\u00e3o. Em comunicado, a Eletrobras informou que a distribui\u00e7\u00e3o p\u00fablica ocorreu em cinco s\u00e9ries, sendo: Eletrobras (ELET3) anuncia oferta bilion\u00e1ria de deb\u00eantures; Confira o [&hellip;]<\/p>\n","protected":false},"author":313,"featured_media":115791,"comment_status":"closed","ping_status":"closed","sticky":false,"template":"","format":"standard","meta":[],"categories":[64],"tags":[286,455],"suno_strategy":[],"class_list":["post-451205","post","type-post","status-publish","format-standard","has-post-thumbnail","hentry","category-negocios","tag-acoes","tag-eletrobras-elet3-elet5-elet6"],"yoast_head":"<!-- This site is optimized with the Yoast SEO plugin v24.4 - https:\/\/yoast.com\/wordpress\/plugins\/seo\/ -->\n<title>Eletrobras (ELET3) encerra oferta de Furnas avaliada em R$ 3,5 bilh\u00f5es<\/title>\n<meta name=\"description\" content=\"A Eletrobras\u00a0informou que encerrou a oferta de Furnas, subsidi\u00e1ria integral, referente \u00e0 sua primeira emiss\u00e3o de notas comerciais escriturais.\" \/>\n<meta name=\"robots\" content=\"index, follow, max-snippet:-1, max-image-preview:large, max-video-preview:-1\" \/>\n<link rel=\"canonical\" href=\"https:\/\/www.suno.com.br\/noticias\/eletrobras-elet3-encerra-oferta-furnas-gpj\/\" \/>\n<meta property=\"og:locale\" content=\"pt_BR\" \/>\n<meta property=\"og:type\" content=\"article\" \/>\n<meta property=\"og:title\" content=\"Eletrobras (ELET3) encerra oferta de Furnas avaliada em R$ 3,5 bilh\u00f5es\" \/>\n<meta property=\"og:description\" content=\"A Eletrobras\u00a0informou que encerrou a oferta de Furnas, subsidi\u00e1ria integral, referente \u00e0 sua primeira emiss\u00e3o de notas comerciais escriturais.\" \/>\n<meta property=\"og:url\" content=\"https:\/\/www.suno.com.br\/noticias\/eletrobras-elet3-encerra-oferta-furnas-gpj\/\" \/>\n<meta property=\"og:site_name\" content=\"Suno Not\u00edcias\" \/>\n<meta property=\"article:publisher\" content=\"https:\/\/facebook.com\/sunoresearch\" \/>\n<meta property=\"og:image\" content=\"https:\/\/files.sunoresearch.com.br\/n\/uploads\/2021\/01\/bfe4a653-333672741.jpg\" \/>\n\t<meta property=\"og:image:width\" content=\"1200\" \/>\n\t<meta property=\"og:image:height\" content=\"800\" \/>\n\t<meta property=\"og:image:type\" content=\"image\/jpeg\" \/>\n<meta name=\"author\" content=\"Giovanni Porf\u00edrio Jacomino\" \/>\n<meta name=\"twitter:card\" content=\"summary_large_image\" \/>\n<meta name=\"twitter:creator\" content=\"@sunoresearch\" \/>\n<meta name=\"twitter:site\" content=\"@sunoresearch\" \/>\n<meta name=\"twitter:label1\" content=\"Escrito por\" \/>\n\t<meta name=\"twitter:data1\" content=\"Giovanni Porf\u00edrio Jacomino\" \/>\n\t<meta name=\"twitter:label2\" content=\"Est. tempo de leitura\" \/>\n\t<meta name=\"twitter:data2\" content=\"3 minutos\" \/>\n<script type=\"application\/ld+json\" class=\"yoast-schema-graph\">{\"@context\":\"https:\/\/schema.org\",\"@graph\":[{\"@type\":\"NewsArticle\",\"@id\":\"https:\/\/www.suno.com.br\/noticias\/eletrobras-elet3-encerra-oferta-furnas-gpj\/#article\",\"isPartOf\":{\"@id\":\"https:\/\/www.suno.com.br\/noticias\/eletrobras-elet3-encerra-oferta-furnas-gpj\/\"},\"author\":{\"name\":\"Giovanni Porf\u00edrio Jacomino\",\"@id\":\"https:\/\/www.suno.com.br\/noticias\/#\/schema\/person\/d0f32748bbca4bee871fa191ee4e2d40\"},\"headline\":\"Eletrobras (ELET3) encerra oferta de Furnas avaliada em R$ 3,5 bilh\u00f5es\",\"datePublished\":\"2023-09-04T10:34:08+00:00\",\"dateModified\":\"2023-09-04T10:43:28+00:00\",\"mainEntityOfPage\":{\"@id\":\"https:\/\/www.suno.com.br\/noticias\/eletrobras-elet3-encerra-oferta-furnas-gpj\/\"},\"wordCount\":521,\"publisher\":{\"@id\":\"https:\/\/www.suno.com.br\/noticias\/#organization\"},\"image\":{\"@id\":\"https:\/\/www.suno.com.br\/noticias\/eletrobras-elet3-encerra-oferta-furnas-gpj\/#primaryimage\"},\"thumbnailUrl\":\"https:\/\/files.sunoresearch.com.br\/n\/uploads\/2021\/01\/bfe4a653-333672741-jpg.webp\",\"keywords\":[\"A\u00e7\u00f5es\",\"Eletrobras (ELET3\/ELET5\/ELET6)\"],\"articleSection\":[\"Neg\u00f3cios\"],\"inLanguage\":\"pt-BR\"},{\"@type\":\"WebPage\",\"@id\":\"https:\/\/www.suno.com.br\/noticias\/eletrobras-elet3-encerra-oferta-furnas-gpj\/\",\"url\":\"https:\/\/www.suno.com.br\/noticias\/eletrobras-elet3-encerra-oferta-furnas-gpj\/\",\"name\":\"Eletrobras (ELET3) encerra oferta de Furnas avaliada em R$ 3,5 bilh\u00f5es\",\"isPartOf\":{\"@id\":\"https:\/\/www.suno.com.br\/noticias\/#website\"},\"primaryImageOfPage\":{\"@id\":\"https:\/\/www.suno.com.br\/noticias\/eletrobras-elet3-encerra-oferta-furnas-gpj\/#primaryimage\"},\"image\":{\"@id\":\"https:\/\/www.suno.com.br\/noticias\/eletrobras-elet3-encerra-oferta-furnas-gpj\/#primaryimage\"},\"thumbnailUrl\":\"https:\/\/files.sunoresearch.com.br\/n\/uploads\/2021\/01\/bfe4a653-333672741-jpg.webp\",\"datePublished\":\"2023-09-04T10:34:08+00:00\",\"dateModified\":\"2023-09-04T10:43:28+00:00\",\"description\":\"A Eletrobras\u00a0informou que encerrou a oferta de Furnas, subsidi\u00e1ria integral, referente \u00e0 sua primeira emiss\u00e3o de notas comerciais escriturais.\",\"breadcrumb\":{\"@id\":\"https:\/\/www.suno.com.br\/noticias\/eletrobras-elet3-encerra-oferta-furnas-gpj\/#breadcrumb\"},\"inLanguage\":\"pt-BR\",\"potentialAction\":[{\"@type\":\"ReadAction\",\"target\":[\"https:\/\/www.suno.com.br\/noticias\/eletrobras-elet3-encerra-oferta-furnas-gpj\/\"]}]},{\"@type\":\"ImageObject\",\"inLanguage\":\"pt-BR\",\"@id\":\"https:\/\/www.suno.com.br\/noticias\/eletrobras-elet3-encerra-oferta-furnas-gpj\/#primaryimage\",\"url\":\"https:\/\/files.sunoresearch.com.br\/n\/uploads\/2021\/01\/bfe4a653-333672741-jpg.webp\",\"contentUrl\":\"https:\/\/files.sunoresearch.com.br\/n\/uploads\/2021\/01\/bfe4a653-333672741-jpg.webp\",\"width\":1200,\"height\":800,\"caption\":\"Eletrobras (ELET3) - Foto: Divulga\u00e7\u00e3o.\"},{\"@type\":\"BreadcrumbList\",\"@id\":\"https:\/\/www.suno.com.br\/noticias\/eletrobras-elet3-encerra-oferta-furnas-gpj\/#breadcrumb\",\"itemListElement\":[{\"@type\":\"ListItem\",\"position\":1,\"name\":\"Not\u00edcias\",\"item\":\"https:\/\/www.suno.com.br\/noticias\/\"},{\"@type\":\"ListItem\",\"position\":2,\"name\":\"Neg\u00f3cios\",\"item\":\"https:\/\/www.suno.com.br\/noticias\/negocios\/\"},{\"@type\":\"ListItem\",\"position\":3,\"name\":\"Eletrobras (ELET3) encerra oferta de Furnas avaliada em R$ 3,5 bilh\u00f5es\"}]},{\"@type\":\"WebSite\",\"@id\":\"https:\/\/www.suno.com.br\/noticias\/#website\",\"url\":\"https:\/\/www.suno.com.br\/noticias\/\",\"name\":\"Suno Not\u00edcias\",\"description\":\"Seu portal de informa\u00e7\u00e3o sobre o mundo dos investimentos\",\"publisher\":{\"@id\":\"https:\/\/www.suno.com.br\/noticias\/#organization\"},\"potentialAction\":[{\"@type\":\"SearchAction\",\"target\":{\"@type\":\"EntryPoint\",\"urlTemplate\":\"https:\/\/www.suno.com.br\/noticias\/?s={search_term_string}\"},\"query-input\":{\"@type\":\"PropertyValueSpecification\",\"valueRequired\":true,\"valueName\":\"search_term_string\"}}],\"inLanguage\":\"pt-BR\"},{\"@type\":\"Organization\",\"@id\":\"https:\/\/www.suno.com.br\/noticias\/#organization\",\"name\":\"Suno Not\u00edcias\",\"url\":\"https:\/\/www.suno.com.br\/noticias\/\",\"logo\":{\"@type\":\"ImageObject\",\"inLanguage\":\"pt-BR\",\"@id\":\"https:\/\/www.suno.com.br\/noticias\/#\/schema\/logo\/image\/\",\"url\":\"https:\/\/files.sunoresearch.com.br\/n\/uploads\/2021\/09\/suno-logo.png\",\"contentUrl\":\"https:\/\/files.sunoresearch.com.br\/n\/uploads\/2021\/09\/suno-logo.png\",\"width\":180,\"height\":180,\"caption\":\"Suno Not\u00edcias\"},\"image\":{\"@id\":\"https:\/\/www.suno.com.br\/noticias\/#\/schema\/logo\/image\/\"},\"sameAs\":[\"https:\/\/facebook.com\/sunoresearch\",\"https:\/\/x.com\/sunoresearch\",\"https:\/\/www.instagram.com\/suno\",\"https:\/\/www.linkedin.com\/company\/suno-research\/\",\"https:\/\/www.youtube.com\/c\/sunoresearch\"]},{\"@type\":\"Person\",\"@id\":\"https:\/\/www.suno.com.br\/noticias\/#\/schema\/person\/d0f32748bbca4bee871fa191ee4e2d40\",\"name\":\"Giovanni Porf\u00edrio Jacomino\",\"image\":{\"@type\":\"ImageObject\",\"inLanguage\":\"pt-BR\",\"@id\":\"https:\/\/www.suno.com.br\/noticias\/#\/schema\/person\/image\/\",\"url\":\"https:\/\/secure.gravatar.com\/avatar\/efb32e19b730a121cb7a80f41ffec01a?s=96&r=g\",\"contentUrl\":\"https:\/\/secure.gravatar.com\/avatar\/efb32e19b730a121cb7a80f41ffec01a?s=96&r=g\",\"caption\":\"Giovanni Porf\u00edrio Jacomino\"},\"description\":\"Giovanni Porf\u00edrio Jacomino \u00e9 jornalista formado pela Universidade Estadual de Londrina (UEL) e p\u00f3s-graduado em Produ\u00e7\u00e3o e Pr\u00e1ticas Jornal\u00edsticas na Contemporaneidade na Faculdade C\u00e1sper L\u00edbero (FCL). Foi editor web no Startupi e no Finsiders, atuando ainda como editor no TC Mover, portal de not\u00edcias da TradersClub, fazendo a cobertura de assuntos relacionados ao mercado financeiro interno e externo. Atualmente, \u00e9 Rep\u00f3rter do Suno Not\u00edcias.\",\"url\":\"https:\/\/www.suno.com.br\/noticias\/author\/giovanni-porfiriosuno-com-br\/\"}]}<\/script>\n<!-- \/ Yoast SEO plugin. -->","yoast_head_json":{"title":"Eletrobras (ELET3) encerra oferta de Furnas avaliada em R$ 3,5 bilh\u00f5es","description":"A Eletrobras\u00a0informou que encerrou a oferta de Furnas, subsidi\u00e1ria integral, referente \u00e0 sua primeira emiss\u00e3o de notas comerciais escriturais.","robots":{"index":"index","follow":"follow","max-snippet":"max-snippet:-1","max-image-preview":"max-image-preview:large","max-video-preview":"max-video-preview:-1"},"canonical":"https:\/\/www.suno.com.br\/noticias\/eletrobras-elet3-encerra-oferta-furnas-gpj\/","og_locale":"pt_BR","og_type":"article","og_title":"Eletrobras (ELET3) encerra oferta de Furnas avaliada em R$ 3,5 bilh\u00f5es","og_description":"A Eletrobras\u00a0informou que encerrou a oferta de Furnas, subsidi\u00e1ria integral, referente \u00e0 sua primeira emiss\u00e3o de notas comerciais escriturais.","og_url":"https:\/\/www.suno.com.br\/noticias\/eletrobras-elet3-encerra-oferta-furnas-gpj\/","og_site_name":"Suno Not\u00edcias","article_publisher":"https:\/\/facebook.com\/sunoresearch","og_image":[{"width":1200,"height":800,"url":"https:\/\/files.sunoresearch.com.br\/n\/uploads\/2021\/01\/bfe4a653-333672741.jpg","type":"image\/jpeg"}],"author":"Giovanni Porf\u00edrio Jacomino","twitter_card":"summary_large_image","twitter_creator":"@sunoresearch","twitter_site":"@sunoresearch","twitter_misc":{"Escrito por":"Giovanni Porf\u00edrio Jacomino","Est. tempo de leitura":"3 minutos"},"schema":{"@context":"https:\/\/schema.org","@graph":[{"@type":"NewsArticle","@id":"https:\/\/www.suno.com.br\/noticias\/eletrobras-elet3-encerra-oferta-furnas-gpj\/#article","isPartOf":{"@id":"https:\/\/www.suno.com.br\/noticias\/eletrobras-elet3-encerra-oferta-furnas-gpj\/"},"author":{"name":"Giovanni Porf\u00edrio Jacomino","@id":"https:\/\/www.suno.com.br\/noticias\/#\/schema\/person\/d0f32748bbca4bee871fa191ee4e2d40"},"headline":"Eletrobras (ELET3) encerra oferta de Furnas avaliada em R$ 3,5 bilh\u00f5es","datePublished":"2023-09-04T10:34:08+00:00","dateModified":"2023-09-04T10:43:28+00:00","mainEntityOfPage":{"@id":"https:\/\/www.suno.com.br\/noticias\/eletrobras-elet3-encerra-oferta-furnas-gpj\/"},"wordCount":521,"publisher":{"@id":"https:\/\/www.suno.com.br\/noticias\/#organization"},"image":{"@id":"https:\/\/www.suno.com.br\/noticias\/eletrobras-elet3-encerra-oferta-furnas-gpj\/#primaryimage"},"thumbnailUrl":"https:\/\/files.sunoresearch.com.br\/n\/uploads\/2021\/01\/bfe4a653-333672741-jpg.webp","keywords":["A\u00e7\u00f5es","Eletrobras (ELET3\/ELET5\/ELET6)"],"articleSection":["Neg\u00f3cios"],"inLanguage":"pt-BR"},{"@type":"WebPage","@id":"https:\/\/www.suno.com.br\/noticias\/eletrobras-elet3-encerra-oferta-furnas-gpj\/","url":"https:\/\/www.suno.com.br\/noticias\/eletrobras-elet3-encerra-oferta-furnas-gpj\/","name":"Eletrobras (ELET3) encerra oferta de Furnas avaliada em R$ 3,5 bilh\u00f5es","isPartOf":{"@id":"https:\/\/www.suno.com.br\/noticias\/#website"},"primaryImageOfPage":{"@id":"https:\/\/www.suno.com.br\/noticias\/eletrobras-elet3-encerra-oferta-furnas-gpj\/#primaryimage"},"image":{"@id":"https:\/\/www.suno.com.br\/noticias\/eletrobras-elet3-encerra-oferta-furnas-gpj\/#primaryimage"},"thumbnailUrl":"https:\/\/files.sunoresearch.com.br\/n\/uploads\/2021\/01\/bfe4a653-333672741-jpg.webp","datePublished":"2023-09-04T10:34:08+00:00","dateModified":"2023-09-04T10:43:28+00:00","description":"A Eletrobras\u00a0informou que encerrou a oferta de Furnas, subsidi\u00e1ria integral, referente \u00e0 sua primeira emiss\u00e3o de notas comerciais escriturais.","breadcrumb":{"@id":"https:\/\/www.suno.com.br\/noticias\/eletrobras-elet3-encerra-oferta-furnas-gpj\/#breadcrumb"},"inLanguage":"pt-BR","potentialAction":[{"@type":"ReadAction","target":["https:\/\/www.suno.com.br\/noticias\/eletrobras-elet3-encerra-oferta-furnas-gpj\/"]}]},{"@type":"ImageObject","inLanguage":"pt-BR","@id":"https:\/\/www.suno.com.br\/noticias\/eletrobras-elet3-encerra-oferta-furnas-gpj\/#primaryimage","url":"https:\/\/files.sunoresearch.com.br\/n\/uploads\/2021\/01\/bfe4a653-333672741-jpg.webp","contentUrl":"https:\/\/files.sunoresearch.com.br\/n\/uploads\/2021\/01\/bfe4a653-333672741-jpg.webp","width":1200,"height":800,"caption":"Eletrobras (ELET3) - Foto: Divulga\u00e7\u00e3o."},{"@type":"BreadcrumbList","@id":"https:\/\/www.suno.com.br\/noticias\/eletrobras-elet3-encerra-oferta-furnas-gpj\/#breadcrumb","itemListElement":[{"@type":"ListItem","position":1,"name":"Not\u00edcias","item":"https:\/\/www.suno.com.br\/noticias\/"},{"@type":"ListItem","position":2,"name":"Neg\u00f3cios","item":"https:\/\/www.suno.com.br\/noticias\/negocios\/"},{"@type":"ListItem","position":3,"name":"Eletrobras (ELET3) encerra oferta de Furnas avaliada em R$ 3,5 bilh\u00f5es"}]},{"@type":"WebSite","@id":"https:\/\/www.suno.com.br\/noticias\/#website","url":"https:\/\/www.suno.com.br\/noticias\/","name":"Suno Not\u00edcias","description":"Seu portal de informa\u00e7\u00e3o sobre o mundo dos investimentos","publisher":{"@id":"https:\/\/www.suno.com.br\/noticias\/#organization"},"potentialAction":[{"@type":"SearchAction","target":{"@type":"EntryPoint","urlTemplate":"https:\/\/www.suno.com.br\/noticias\/?s={search_term_string}"},"query-input":{"@type":"PropertyValueSpecification","valueRequired":true,"valueName":"search_term_string"}}],"inLanguage":"pt-BR"},{"@type":"Organization","@id":"https:\/\/www.suno.com.br\/noticias\/#organization","name":"Suno Not\u00edcias","url":"https:\/\/www.suno.com.br\/noticias\/","logo":{"@type":"ImageObject","inLanguage":"pt-BR","@id":"https:\/\/www.suno.com.br\/noticias\/#\/schema\/logo\/image\/","url":"https:\/\/files.sunoresearch.com.br\/n\/uploads\/2021\/09\/suno-logo.png","contentUrl":"https:\/\/files.sunoresearch.com.br\/n\/uploads\/2021\/09\/suno-logo.png","width":180,"height":180,"caption":"Suno Not\u00edcias"},"image":{"@id":"https:\/\/www.suno.com.br\/noticias\/#\/schema\/logo\/image\/"},"sameAs":["https:\/\/facebook.com\/sunoresearch","https:\/\/x.com\/sunoresearch","https:\/\/www.instagram.com\/suno","https:\/\/www.linkedin.com\/company\/suno-research\/","https:\/\/www.youtube.com\/c\/sunoresearch"]},{"@type":"Person","@id":"https:\/\/www.suno.com.br\/noticias\/#\/schema\/person\/d0f32748bbca4bee871fa191ee4e2d40","name":"Giovanni Porf\u00edrio Jacomino","image":{"@type":"ImageObject","inLanguage":"pt-BR","@id":"https:\/\/www.suno.com.br\/noticias\/#\/schema\/person\/image\/","url":"https:\/\/secure.gravatar.com\/avatar\/efb32e19b730a121cb7a80f41ffec01a?s=96&r=g","contentUrl":"https:\/\/secure.gravatar.com\/avatar\/efb32e19b730a121cb7a80f41ffec01a?s=96&r=g","caption":"Giovanni Porf\u00edrio Jacomino"},"description":"Giovanni Porf\u00edrio Jacomino \u00e9 jornalista formado pela Universidade Estadual de Londrina (UEL) e p\u00f3s-graduado em Produ\u00e7\u00e3o e Pr\u00e1ticas Jornal\u00edsticas na Contemporaneidade na Faculdade C\u00e1sper L\u00edbero (FCL). Foi editor web no Startupi e no Finsiders, atuando ainda como editor no TC Mover, portal de not\u00edcias da TradersClub, fazendo a cobertura de assuntos relacionados ao mercado financeiro interno e externo. Atualmente, \u00e9 Rep\u00f3rter do Suno Not\u00edcias.","url":"https:\/\/www.suno.com.br\/noticias\/author\/giovanni-porfiriosuno-com-br\/"}]}},"default_loop_html":"<div class=\"cardsPage__listCard__boxs\"><div class=\"cardsPage__listCard__boxs__img\"><a href=\"https:\/\/www.suno.com.br\/noticias\/eletrobras-elet3-encerra-oferta-furnas-gpj\/\"><img class=\"mask\" src=\"https:\/\/www.suno.com.br\/noticias\/wp-content\/themes\/suno\/resources\/images\/spotlight\/spotlight1img\/bg-mask.png\" alt=\"Image Mask\"\/><img src=\"https:\/\/files.sunoresearch.com.br\/n\/uploads\/2021\/01\/bfe4a653-333672741-400x200.webp\" alt=\"Eletrobras (ELET3) encerra oferta de Furnas avaliada em R$ 3,5 bilh\u00f5es\"\/><\/a><span class=\"spotlightCategory\"><a href=\"https:\/\/www.suno.com.br\/noticias\/negocios\/\">Neg\u00f3cios<\/a><\/span><\/div><div class=\"cardsPage__listCard__boxs__content\"><a href=\"https:\/\/www.suno.com.br\/noticias\/eletrobras-elet3-encerra-oferta-furnas-gpj\/\"><h2 class=\"content__title\">Eletrobras (ELET3) encerra oferta de Furnas avaliada em R$ 3,5 bilh\u00f5es<\/h2><\/a><div class=\"newsContent__article__meta\"><div class=\"newsContent__article__meta__authorBox\"><a href=\"https:\/\/www.suno.com.br\/noticias\/author\/redacao-suno\/\" class=\"authorBox__avatar noMobi\"><img src=\"https:\/\/files.sunoresearch.com.br\/n\/uploads\/2020\/08\/0ace682d-redacao-1-150x150.webp\" alt=\"Reda\u00e7\u00e3o Suno Not\u00edcias\"><\/a><div class=\"authorBox__name\"><span>por\n\t\t\t<a href=\"https:\/\/www.suno.com.br\/noticias\/author\/redacao-suno\/\"><span itemprop=\"author\">Reda\u00e7\u00e3o Suno Not\u00edcias<\/span><\/a><\/span><time datetime=\"2023-09-04T07:34:08-03:00\" itemprop=\"datePublished\">04\/09\/2023 07:34<\/time><\/div><\/div><\/div><\/div><\/div>","single_layout":"posts","amp_enabled":true,"_links":{"self":[{"href":"https:\/\/www.suno.com.br\/noticias\/wp-json\/wp\/v2\/posts\/451205"}],"collection":[{"href":"https:\/\/www.suno.com.br\/noticias\/wp-json\/wp\/v2\/posts"}],"about":[{"href":"https:\/\/www.suno.com.br\/noticias\/wp-json\/wp\/v2\/types\/post"}],"author":[{"embeddable":true,"href":"https:\/\/www.suno.com.br\/noticias\/wp-json\/wp\/v2\/users\/313"}],"replies":[{"embeddable":true,"href":"https:\/\/www.suno.com.br\/noticias\/wp-json\/wp\/v2\/comments?post=451205"}],"version-history":[{"count":3,"href":"https:\/\/www.suno.com.br\/noticias\/wp-json\/wp\/v2\/posts\/451205\/revisions"}],"predecessor-version":[{"id":451226,"href":"https:\/\/www.suno.com.br\/noticias\/wp-json\/wp\/v2\/posts\/451205\/revisions\/451226"}],"wp:featuredmedia":[{"embeddable":true,"href":"https:\/\/www.suno.com.br\/noticias\/wp-json\/wp\/v2\/media\/115791"}],"wp:attachment":[{"href":"https:\/\/www.suno.com.br\/noticias\/wp-json\/wp\/v2\/media?parent=451205"}],"wp:term":[{"taxonomy":"category","embeddable":true,"href":"https:\/\/www.suno.com.br\/noticias\/wp-json\/wp\/v2\/categories?post=451205"},{"taxonomy":"post_tag","embeddable":true,"href":"https:\/\/www.suno.com.br\/noticias\/wp-json\/wp\/v2\/tags?post=451205"},{"taxonomy":"suno_strategy","embeddable":true,"href":"https:\/\/www.suno.com.br\/noticias\/wp-json\/wp\/v2\/suno_strategy?post=451205"}],"curies":[{"name":"wp","href":"https:\/\/api.w.org\/{rel}","templated":true}]}}