{"id":451204,"date":"2023-09-04T07:57:53","date_gmt":"2023-09-04T10:57:53","guid":{"rendered":"https:\/\/www.suno.com.br\/noticias\/?p=451204"},"modified":"2023-09-04T07:57:59","modified_gmt":"2023-09-04T10:57:59","slug":"santander-sanb11-anuncia-encerramento-de-transferencias-via-doc-diz-jornal","status":"publish","type":"post","link":"https:\/\/www.suno.com.br\/noticias\/santander-sanb11-anuncia-encerramento-de-transferencias-via-doc-diz-jornal\/","title":{"rendered":"Santander (SANB11) anuncia encerramento de transfer\u00eancias via DOC, diz jornal"},"content":{"rendered":"<p>O\u00a0<a href=\"https:\/\/www.suno.com.br\/acoes\/SANB11\/\" target=\"_blank\" rel=\"noreferrer noopener\"><strong>Santander\u00a0<\/strong>(SANB11)<\/a> encerrou as transfer\u00eancias via Documento de Ordem de Cr\u00e9dito (DOC) para clientes pessoas f\u00edsica e jur\u00eddica, informou o jornal O Estado de S. Paulo. A medida antecipa a decis\u00e3o da Federa\u00e7\u00e3o Brasileira de Bancos (Febraban) de que os bancos associados deixem de oferecer o servi\u00e7o at\u00e9 29 de fevereiro de 2024.<\/p>\t<div class=\"wrapper-featured-image\">\n\t\t<figure class=\"spotlightImg\">\n\n\t\t\t<picture>\n\t\t\t\t<source media=\"(max-width: 768px)\" srcset=\"https:\/\/files.sunoresearch.com.br\/n\/uploads\/2019\/07\/06776d6b-santander-400x200.webp\">\n\t\t\t\t<img loading=\"lazy\" decoding=\"async\" class=\"newsContent__article__imgCapa lazyloadDisabled \" src=\"https:\/\/files.sunoresearch.com.br\/n\/uploads\/2019\/07\/06776d6b-santander-800x450.webp\" width=\"800\" height=\"450\" alt=\"Santander (SANB11) anuncia encerramento de transfer\u00eancias via DOC, diz jornal\" fetchpriority=high \/>\n\t\t\t<\/picture>\n\n\t\t\t<figcaption class=\"wp-caption-text wp-caption-text--show\">Santander (SANB11). Foto: Divulga\u00e7\u00e3o.<\/figcaption>\n\t\t<\/figure>\n\t<\/div>\n\n\n\n\n\n\n\n\t<p>\n\t\t<a href=\"https:\/\/lp.suno.com.br\/planilha-da-vida-financeira\/\" target=\"_blank\" data-element=\"shortcode-suno-banner\" title=\"Banner SUNO, clique e saiba mais\">\n\t\t\t<picture>\n\t\t\t\t<source media=\"(max-width: 500px)\" srcset=\"https:\/\/files.sunoresearch.com.br\/n\/uploads\/2023\/04\/400x300-Planilha-vida-financeira-true.png\">\n\t\t\t\t<img class=\"newsContent__article__imgCapa newsContent__article__imgCapa--banner\"\n\t\t\t\t\tsrc=\"https:\/\/files.sunoresearch.com.br\/n\/uploads\/2023\/04\/1420x240-Planilha-vida-financeira-true.png\"\n\t\t\t\t\tdata-promo-id=\"106682\"\t\t\t\t\t\t\t\t\t\twidth='1420' height='240'\t\t\t\t\talt=\"https:\/\/files.sunoresearch.com.br\/n\/uploads\/2023\/04\/1420x240-Planilha-vida-financeira-true.png\"\n\t\t\t\t>\n\t\t\t<\/picture>\n\t\t<\/a>\n\t<\/p>\n\n\n\n\n\n<p>A partir deste m\u00eas, apenas as transfer\u00eancias via <strong>TED<\/strong> e <strong>Pix<\/strong> est\u00e3o dispon\u00edveis aos clientes do Santander. O banco informou que todos os agendamentos de <strong>DOC<\/strong> realizados at\u00e9 agosto ser\u00e3o efetuados normalmente at\u00e9 28 de fevereiro de 2024.<\/p>\n\n\n\n<p>O Santander \u00e9 o segundo banco a antecipar o fim do DOC &#8211; o <a href=\"https:\/\/www.suno.com.br\/acoes\/itub4\/\" target=\"_blank\" rel=\"noreferrer noopener\">Ita\u00fa (ITUB4)<\/a> foi o primeiro. De acordo a Febraban, 15 de janeiro de 2024 ser\u00e1 o \u00faltimo dia para que os bancos ofertem o envio e agendamento de DOC. Em 29 de fevereiro, portanto, se encerram as transfer\u00eancias via DOC agendadas previamente.<\/p>\n\n\n\n\t<div data-element=\"shortcode-read-more\" class=\"readToo\">\n\t\t\t\t<span class=\"readToo__title\">Leia mais<\/span>\n\t\t\t\t<ul class=\"readToo__list\">\n\t\t\t<li><a href=\"https:\/\/www.suno.com.br\/noticias\/eletrobras-elet3-encerra-oferta-furnas-gpj\/\">Eletrobras (ELET3) encerra oferta de Furnas avaliada em R$ 3,5 bilh\u00f5es<\/a><\/li><li><a href=\"https:\/\/www.suno.com.br\/noticias\/bluefit-comparada-por-mubadala-saiba-mais\/\">Bluefit \u00e9 comprada por Mubadala, fundo soberano de Abu Dhabi; Saiba valor da opera\u00e7\u00e3o<\/a><\/li>\t\t<\/ul>\n\t<\/div>\n\n\n\n\t<p>\n\t\t<a href=\"https:\/\/lp.suno.com.br\/ebook-como-analisar-uma-acao\/\" target=\"_blank\" data-element=\"shortcode-suno-banner\" title=\"Banner SUNO, clique e saiba mais\">\n\t\t\t<picture>\n\t\t\t\t<source media=\"(max-width: 500px)\" srcset=\"https:\/\/files.sunoresearch.com.br\/n\/uploads\/2023\/03\/Ebook-Acoes-Mobile.jpg\">\n\t\t\t\t<img class=\"newsContent__article__imgCapa newsContent__article__imgCapa--banner\"\n\t\t\t\t\tsrc=\"https:\/\/files.sunoresearch.com.br\/n\/uploads\/2023\/03\/Ebook-Acoes-Desktop.jpg\"\n\t\t\t\t\tdata-promo-id=\"378302\"\t\t\t\t\t\t\t\t\t\twidth='1420' height='286'\t\t\t\t\talt=\"https:\/\/files.sunoresearch.com.br\/n\/uploads\/2023\/03\/Ebook-Acoes-Desktop.jpg\"\n\t\t\t\t>\n\t\t\t<\/picture>\n\t\t<\/a>\n\t<\/p>\n\n\n\n\n\n<h2 class=\"wp-block-heading\">Lucro do Santander (SANB11) desaba 45% em um ano, ao atingir R$ 2,3 bilh\u00f5es no 2T23<\/h2>\n\n\n\n<p>O\u00a0Santander anotou um\u00a0<a href=\"https:\/\/www.suno.com.br\/artigos\/lucro-liquido\/\" target=\"_blank\" rel=\"noreferrer noopener\">lucro l\u00edquido<\/a>\u00a0recorrente de R$ 2,309 bilh\u00f5es no segundo trimestre de 2023 (2T23), segundo balan\u00e7o divulgado na manh\u00e3 desta quarta-feira (26), antes da abertura do preg\u00e3o. Com isso, o lucro do banco recuou 45% na compara\u00e7\u00e3o anual, mas cresceu 7,9% frente aos primeiros tr\u00eas meses do ano.<\/p>\n\n\n\n<p>J\u00e1 o&nbsp;<strong>lucro l\u00edquido societ\u00e1rio do Santander<\/strong>&nbsp;ficou em R$ 2,147 bilh\u00f5es entre os meses de abril e junho deste ano, queda de 46,9% em um ano, mas aumento de 4,1% na base trimestral.<\/p>\n\n\n\n<p>A rentabilidade medida pelo \u00edndice de retorno sobre o patrim\u00f4nio (ROE) do Santander no 2T23 \u2013 excluindo \u00e1gio \u2013 foi de 11,2% ante 10,6% no primeiro trimestre, melhora de 0,7 pontos percentuais (p.p).<\/p>\n\n\n\n<p>A&nbsp;<strong>carteira de cr\u00e9dito do Santander<\/strong>&nbsp;chegou a R$ 499,2 bilh\u00f5es, queda de 0,2% no trimestre e alta de 6,6% no ano, com destaque para o crescimento de 6,5% na linha de varejo e 9,7% de grandes empresas.<\/p>\n\n\n\n<p>As receitas de servi\u00e7os e&nbsp;<a href=\"https:\/\/www.suno.com.br\/artigos\/tarifas-bancaria\/\" target=\"_blank\" rel=\"noreferrer noopener\">tarifas banc\u00e1rias<\/a>&nbsp;alcan\u00e7aram R$ 4,810 bilh\u00f5es, alta de 0,1% na compara\u00e7\u00e3o anual e aumento de 2,4% na base trimestral, beneficiadas por maiores receitas de corretagem e coloca\u00e7\u00e3o de t\u00edtulos, seguros e cart\u00f5es.<\/p>\n\n\n\n<p>A margem financeira bruta do banco foi de R$ 13,579 bilh\u00f5es no segundo trimestre, ficando est\u00e1vel na base anual, aumentando 3,3% em rela\u00e7\u00e3o ao primeiro trimestre.<\/p>\n\n\n\n<p>No comunicado de resultados, o diretor-presidente do banco,&nbsp;<strong>M\u00e1rio Le\u00e3o<\/strong>, disse que a institui\u00e7\u00e3o come\u00e7ou a sentir os efeitos positivos de maior seletividade de cr\u00e9dito aplicada a partir do final do quarto trimestre de 2021.<\/p>\n\n\n\n<p>\u201cMesmo com uma seletividade na origina\u00e7\u00e3o, que resulta em spreads menores dado o foco em clientes com melhor perfil de riscos, observamos um aumento novamente da margem com clientes no trimestre, principalmente por volumes\u201d, destacou.<\/p>\n\n\n\n<h2 class=\"wp-block-heading\">Desempenho das a\u00e7\u00f5es do Santander<\/h2>\n\n\n\n<div class=\"pluginQuotation\">\n  <p class=\"ticker\">\n    Cota\u00e7\u00e3o <span>SANB11<\/span>\n  <\/p>\n  <div class=\"info\">\n    <div class=\"leftSide\">\n      Gr\u00e1fico gerado em: 04\/09\/2023    <\/div>\n\t\t\t\t\t<div class=\"rightSide\">\n\t\t\t\t\t<span class=\"period\">\n\t\t\t\t\t\t1 Dia\t\t\t\t\t<\/span>\n\t\t\t<\/div>\n\t\t  <\/div>\n\n  <div id=\"chart-ff7beb85fe7ac5026760dd1d30d1cafe\" data-block-hash=\"ff7beb85fe7ac5026760dd1d30d1cafe\"  class=\"chart\" style=\"width:100%;height:400px;\"><\/div>\n\n  <div class=\"pluginQuotation__footer\">\n    <div class=\"dataChart\">\n\n      <div class=\"dataChart__div1 variation\">\n        <div class=\"value-negative\">\n          -0,33 (-0,09%)        <\/div>\n        <div class=\"text\">\n          Varia\u00e7\u00e3o do per\u00edodo\n        <\/div>\n      <\/div>\n\n      <div class=\"dataChart__div2 minMax\">\n        <div class=\"value\">\n          R$\u00a027,21        <\/div>\n        <div class=\"text\">\n          M\u00ednima\n        <\/div>\n      <\/div>\n\n      <div class=\"dataChart__div3 minMax\">\n        <div class=\"value\">\n          R$\u00a027,48        <\/div>\n        <div class=\"text\">\n          M\u00e1xima\n        <\/div>\n      <\/div>\n\n\t\t\t<div class=\"dataChart__div4 rightSide\">\n\t\t\t\t<div class=\"analiticaSource\">\n\t\t\t\t\t<span>\n\t\t\t\t\t\tFonte:\n\t\t\t\t\t<\/span>\n\t\t\t\t\t<img decoding=\"async\" class=\"analiticaLogo\" src=\"https:\/\/www.suno.com.br\/noticias\/wp-content\/plugins\/suno-block-ticker-quotation\/src\/suno-analitica-logo.png\" alt=\"Logo Suno Anal\u00edtica\" \/>\n\t\t\t\t<\/div>\n\n\t\t\t\t<a href=\"https:\/\/www.suno.com.br\/analitica\/acoes\/SANB11\" target=\"_blank\">\n\t\t\t\t\t<span>\n\t\t\t\t\t\tVer mais cota\u00e7\u00f5es\n\t\t\t\t\t<\/span>\n\t\t\t\t\t<svg xmlns=\"http:\/\/www.w3.org\/2000\/svg\" width=\"9\" height=\"8\" viewBox=\"0 0 9 8\" fill=\"none\">\n\t\t\t\t\t\t<path d=\"M4.20996 0L3.50496 0.705L6.29496 3.5H0.209961V4.5H6.29496L3.50496 7.295L4.20996 8L8.20996 4L4.20996 0Z\" fill=\"#D42126\" \/>\n\t\t\t\t\t<\/svg>\n\t\t\t\t<\/a>\n    <\/div>\n\n    <\/div>\n  <\/div>\n<\/div>\n\n\n<script type=\"text\/javascript\">\n  let chart_ff7beb85fe7ac5026760dd1d30d1cafe = document.getElementById('chart-ff7beb85fe7ac5026760dd1d30d1cafe');\n  let data_json_ff7beb85fe7ac5026760dd1d30d1cafe = \"[{\\\"date\\\":\\\"01\\\\\\\/09\\\\\\\/23 10:00\\\",\\\"value\\\":27.43},{\\\"date\\\":\\\"01\\\\\\\/09\\\\\\\/23 10:02\\\",\\\"value\\\":27.38},{\\\"date\\\":\\\"01\\\\\\\/09\\\\\\\/23 10:04\\\",\\\"value\\\":27.32},{\\\"date\\\":\\\"01\\\\\\\/09\\\\\\\/23 10:06\\\",\\\"value\\\":27.33},{\\\"date\\\":\\\"01\\\\\\\/09\\\\\\\/23 10:08\\\",\\\"value\\\":27.36},{\\\"date\\\":\\\"01\\\\\\\/09\\\\\\\/23 10:10\\\",\\\"value\\\":27.35},{\\\"date\\\":\\\"01\\\\\\\/09\\\\\\\/23 10:12\\\",\\\"value\\\":27.36},{\\\"date\\\":\\\"01\\\\\\\/09\\\\\\\/23 10:14\\\",\\\"value\\\":27.42},{\\\"date\\\":\\\"01\\\\\\\/09\\\\\\\/23 10:16\\\",\\\"value\\\":27.48},{\\\"date\\\":\\\"01\\\\\\\/09\\\\\\\/23 10:18\\\",\\\"value\\\":27.43},{\\\"date\\\":\\\"01\\\\\\\/09\\\\\\\/23 12:36\\\",\\\"value\\\":27.21},{\\\"date\\\":\\\"01\\\\\\\/09\\\\\\\/23 12:38\\\",\\\"value\\\":27.22},{\\\"date\\\":\\\"01\\\\\\\/09\\\\\\\/23 12:40\\\",\\\"value\\\":27.23},{\\\"date\\\":\\\"01\\\\\\\/09\\\\\\\/23 12:42\\\",\\\"value\\\":27.25},{\\\"date\\\":\\\"01\\\\\\\/09\\\\\\\/23 12:44\\\",\\\"value\\\":27.24},{\\\"date\\\":\\\"01\\\\\\\/09\\\\\\\/23 12:46\\\",\\\"value\\\":27.28},{\\\"date\\\":\\\"01\\\\\\\/09\\\\\\\/23 12:48\\\",\\\"value\\\":27.28},{\\\"date\\\":\\\"01\\\\\\\/09\\\\\\\/23 12:50\\\",\\\"value\\\":27.29},{\\\"date\\\":\\\"01\\\\\\\/09\\\\\\\/23 12:52\\\",\\\"value\\\":27.28},{\\\"date\\\":\\\"01\\\\\\\/09\\\\\\\/23 12:54\\\",\\\"value\\\":27.28},{\\\"date\\\":\\\"01\\\\\\\/09\\\\\\\/23 12:56\\\",\\\"value\\\":27.3},{\\\"date\\\":\\\"01\\\\\\\/09\\\\\\\/23 12:58\\\",\\\"value\\\":27.3},{\\\"date\\\":\\\"01\\\\\\\/09\\\\\\\/23 13:00\\\",\\\"value\\\":27.27},{\\\"date\\\":\\\"01\\\\\\\/09\\\\\\\/23 13:02\\\",\\\"value\\\":27.28},{\\\"date\\\":\\\"01\\\\\\\/09\\\\\\\/23 13:04\\\",\\\"value\\\":27.28},{\\\"date\\\":\\\"01\\\\\\\/09\\\\\\\/23 13:06\\\",\\\"value\\\":27.29},{\\\"date\\\":\\\"01\\\\\\\/09\\\\\\\/23 13:08\\\",\\\"value\\\":27.28},{\\\"date\\\":\\\"01\\\\\\\/09\\\\\\\/23 13:10\\\",\\\"value\\\":27.29},{\\\"date\\\":\\\"01\\\\\\\/09\\\\\\\/23 13:12\\\",\\\"value\\\":27.31},{\\\"date\\\":\\\"01\\\\\\\/09\\\\\\\/23 13:14\\\",\\\"value\\\":27.3},{\\\"date\\\":\\\"01\\\\\\\/09\\\\\\\/23 13:16\\\",\\\"value\\\":27.33},{\\\"date\\\":\\\"01\\\\\\\/09\\\\\\\/23 13:18\\\",\\\"value\\\":27.34},{\\\"date\\\":\\\"01\\\\\\\/09\\\\\\\/23 13:20\\\",\\\"value\\\":27.36},{\\\"date\\\":\\\"01\\\\\\\/09\\\\\\\/23 13:22\\\",\\\"value\\\":27.37},{\\\"date\\\":\\\"01\\\\\\\/09\\\\\\\/23 13:24\\\",\\\"value\\\":27.38},{\\\"date\\\":\\\"01\\\\\\\/09\\\\\\\/23 13:26\\\",\\\"value\\\":27.38},{\\\"date\\\":\\\"01\\\\\\\/09\\\\\\\/23 13:28\\\",\\\"value\\\":27.38},{\\\"date\\\":\\\"01\\\\\\\/09\\\\\\\/23 13:30\\\",\\\"value\\\":27.39},{\\\"date\\\":\\\"01\\\\\\\/09\\\\\\\/23 13:32\\\",\\\"value\\\":27.39},{\\\"date\\\":\\\"01\\\\\\\/09\\\\\\\/23 13:34\\\",\\\"value\\\":27.4},{\\\"date\\\":\\\"01\\\\\\\/09\\\\\\\/23 13:36\\\",\\\"value\\\":27.35},{\\\"date\\\":\\\"01\\\\\\\/09\\\\\\\/23 13:38\\\",\\\"value\\\":27.35},{\\\"date\\\":\\\"01\\\\\\\/09\\\\\\\/23 13:40\\\",\\\"value\\\":27.34},{\\\"date\\\":\\\"01\\\\\\\/09\\\\\\\/23 13:42\\\",\\\"value\\\":27.31},{\\\"date\\\":\\\"01\\\\\\\/09\\\\\\\/23 13:44\\\",\\\"value\\\":27.29},{\\\"date\\\":\\\"01\\\\\\\/09\\\\\\\/23 13:46\\\",\\\"value\\\":27.32},{\\\"date\\\":\\\"01\\\\\\\/09\\\\\\\/23 13:48\\\",\\\"value\\\":27.34}]\";\n  let isPositive_ff7beb85fe7ac5026760dd1d30d1cafe = \"\";\n\n  let color_ff7beb85fe7ac5026760dd1d30d1cafe = isPositive_ff7beb85fe7ac5026760dd1d30d1cafe ? '#3AB53A' : '#D92C2D';\n\n  let data_ff7beb85fe7ac5026760dd1d30d1cafe = JSON.parse(data_json_ff7beb85fe7ac5026760dd1d30d1cafe);\n\n  const result_ff7beb85fe7ac5026760dd1d30d1cafe = {\n    date: [],\n    value: [],\n  };\n\n  data_ff7beb85fe7ac5026760dd1d30d1cafe.forEach((item) => {\n    result_ff7beb85fe7ac5026760dd1d30d1cafe.date.push(item.date);\n    result_ff7beb85fe7ac5026760dd1d30d1cafe.value.push(Number(item.value));\n  });\n\n  let option_ff7beb85fe7ac5026760dd1d30d1cafe = {\n    \/\/ variavel de cor global\n    color: [color_ff7beb85fe7ac5026760dd1d30d1cafe],\n    title: {\n      text: '',\n    },\n    tooltip: {\n      trigger: 'axis',\n      axisPointer: {\n        type: 'cross',\n        label: {\n          \/\/ cor dos valores em X e Y\n          backgroundColor: color_ff7beb85fe7ac5026760dd1d30d1cafe,\n          formatter: (value) => {\n            if (typeof value.value === 'number') {\n              return Number(value.value).toLocaleString('pt-br', {\n                style: 'currency',\n                currency: 'BRL'\n              });\n            }\n            return value.value;\n          },\n        },\n      },\n      valueFormatter: (value) => Number(value).toLocaleString('pt-br', {\n        style: 'currency',\n        currency: 'BRL'\n      }),\n    },\n    legend: {\n      \/\/ data: ['Valor de Fechamento'],\n      show: false,\n    },\n    toolbox: {\n      feature: {\n        saveAsImage: {\n          show: false,\n        },\n      },\n    },\n    grid: {\n      left: '0px',\n      right: '0px',\n      bottom: '0px',\n      containLabel: true,\n    },\n    xAxis: [{\n      type: 'category',\n      data: result_ff7beb85fe7ac5026760dd1d30d1cafe.date,\n      boundaryGap: true,\n    }],\n    yAxis: [{\n      type: 'value',\n      min: Math.min(...result_ff7beb85fe7ac5026760dd1d30d1cafe.value),\n      max: Math.max(...result_ff7beb85fe7ac5026760dd1d30d1cafe.value),\n      axisLabel: {\n        formatter: (value) => value.toLocaleString('pt-br', {\n          style: 'currency',\n          currency: 'BRL'\n        }),\n      },\n    }],\n    series: [{\n      name: 'Valor de Fechamento',\n      type: 'line',\n      stack: 'Total',\n      \/\/ cor do grafico\n      areaStyle: {},\n      emphasis: {\n        focus: 'series',\n      },\n      data: result_ff7beb85fe7ac5026760dd1d30d1cafe.value,\n      \/\/ cor da linha\n      lineStyle: {\n        color: color_ff7beb85fe7ac5026760dd1d30d1cafe,\n      },\n    }, ],\n  };\n\n\twindow.chart_ff7beb85fe7ac5026760dd1d30d1cafe = {\n\t\tel: chart_ff7beb85fe7ac5026760dd1d30d1cafe,\n\t\toption: option_ff7beb85fe7ac5026760dd1d30d1cafe\t};\n\n\n<\/script>\n\n\n\n<p><em>Com informa\u00e7\u00f5es de Estad\u00e3o Conte\u00fado<\/em><\/p>\n\n\n\t<p>\n\t\t<a href=\"https:\/\/lp.suno.com.br\/planilha-da-vida-financeira\/\" target=\"_blank\" data-element=\"shortcode-suno-banner\" title=\"Banner SUNO, clique e saiba mais\">\n\t\t\t<picture>\n\t\t\t\t<source media=\"(max-width: 500px)\" srcset=\"https:\/\/files.sunoresearch.com.br\/n\/uploads\/2023\/04\/400x300-Planilha-vida-financeira-true.png\">\n\t\t\t\t<img class=\"newsContent__article__imgCapa newsContent__article__imgCapa--banner\"\n\t\t\t\t\tsrc=\"https:\/\/files.sunoresearch.com.br\/n\/uploads\/2023\/04\/1420x240-Planilha-vida-financeira-true.png\"\n\t\t\t\t\tdata-promo-id=\"383123\"\t\t\t\t\t\t\t\t\t\twidth='1420' height='240'\t\t\t\t\talt=\"https:\/\/files.sunoresearch.com.br\/n\/uploads\/2023\/04\/1420x240-Planilha-vida-financeira-true.png\"\n\t\t\t\t>\n\t\t\t<\/picture>\n\t\t<\/a>\n\t<\/p>\n\n\n","protected":false},"excerpt":{"rendered":"<p>O\u00a0Santander\u00a0(SANB11) encerrou as transfer\u00eancias via Documento de Ordem de Cr\u00e9dito (DOC) para clientes pessoas f\u00edsica e jur\u00eddica, informou o jornal O Estado de S. Paulo. A medida antecipa a decis\u00e3o da Federa\u00e7\u00e3o Brasileira de Bancos (Febraban) de que os bancos associados deixem de oferecer o servi\u00e7o at\u00e9 29 de fevereiro de 2024. Santander (SANB11). Foto: [&hellip;]<\/p>\n","protected":false},"author":43,"featured_media":29724,"comment_status":"closed","ping_status":"closed","sticky":false,"template":"","format":"standard","meta":[],"categories":[64],"tags":[624],"suno_strategy":[],"class_list":["post-451204","post","type-post","status-publish","format-standard","has-post-thumbnail","hentry","category-negocios","tag-santander-sanb11-sanb3-sanb4"],"yoast_head":"<!-- This site is optimized with the Yoast SEO plugin v24.4 - https:\/\/yoast.com\/wordpress\/plugins\/seo\/ -->\n<title>Santander (SANB11) anuncia encerramento de transfer\u00eancias via DOC<\/title>\n<meta name=\"description\" content=\"O\u00a0Santander\u00a0encerrou as transfer\u00eancias via Documento de Ordem de Cr\u00e9dito (DOC) para clientes pessoas f\u00edsica e jur\u00eddica.\" \/>\n<meta name=\"robots\" content=\"index, follow, max-snippet:-1, max-image-preview:large, max-video-preview:-1\" \/>\n<link rel=\"canonical\" href=\"https:\/\/www.suno.com.br\/noticias\/santander-sanb11-anuncia-encerramento-de-transferencias-via-doc-diz-jornal\/\" \/>\n<meta property=\"og:locale\" content=\"pt_BR\" \/>\n<meta property=\"og:type\" content=\"article\" \/>\n<meta property=\"og:title\" content=\"Santander (SANB11) anuncia encerramento de transfer\u00eancias via DOC\" \/>\n<meta property=\"og:description\" content=\"O\u00a0Santander\u00a0encerrou as transfer\u00eancias via Documento de Ordem de Cr\u00e9dito (DOC) para clientes pessoas f\u00edsica e jur\u00eddica.\" \/>\n<meta property=\"og:url\" content=\"https:\/\/www.suno.com.br\/noticias\/santander-sanb11-anuncia-encerramento-de-transferencias-via-doc-diz-jornal\/\" \/>\n<meta property=\"og:site_name\" content=\"Suno Not\u00edcias\" \/>\n<meta property=\"article:publisher\" content=\"https:\/\/facebook.com\/sunoresearch\" \/>\n<meta property=\"article:author\" content=\"https:\/\/www.facebook.com\/sunonoticias\/\" \/>\n<meta property=\"og:image\" content=\"https:\/\/files.sunoresearch.com.br\/n\/uploads\/2019\/07\/06776d6b-santander.jpg\" \/>\n\t<meta property=\"og:image:width\" content=\"2949\" \/>\n\t<meta property=\"og:image:height\" content=\"1729\" \/>\n\t<meta property=\"og:image:type\" content=\"image\/jpeg\" \/>\n<meta name=\"author\" content=\"Reda\u00e7\u00e3o Suno Not\u00edcias\" \/>\n<meta name=\"twitter:card\" content=\"summary_large_image\" \/>\n<meta name=\"twitter:creator\" content=\"@https:\/\/twitter.com\/sunoresearch\" \/>\n<meta name=\"twitter:site\" content=\"@sunoresearch\" \/>\n<meta name=\"twitter:label1\" content=\"Escrito por\" \/>\n\t<meta name=\"twitter:data1\" content=\"Reda\u00e7\u00e3o Suno Not\u00edcias\" \/>\n\t<meta name=\"twitter:label2\" content=\"Est. tempo de leitura\" \/>\n\t<meta name=\"twitter:data2\" content=\"3 minutos\" \/>\n<script type=\"application\/ld+json\" class=\"yoast-schema-graph\">{\"@context\":\"https:\/\/schema.org\",\"@graph\":[{\"@type\":\"NewsArticle\",\"@id\":\"https:\/\/www.suno.com.br\/noticias\/santander-sanb11-anuncia-encerramento-de-transferencias-via-doc-diz-jornal\/#article\",\"isPartOf\":{\"@id\":\"https:\/\/www.suno.com.br\/noticias\/santander-sanb11-anuncia-encerramento-de-transferencias-via-doc-diz-jornal\/\"},\"author\":{\"name\":\"Reda\u00e7\u00e3o Suno Not\u00edcias\",\"@id\":\"https:\/\/www.suno.com.br\/noticias\/#\/schema\/person\/c1b1bd3727fa852bd045e9dbff3673ea\"},\"headline\":\"Santander (SANB11) anuncia encerramento de transfer\u00eancias via DOC, diz jornal\",\"datePublished\":\"2023-09-04T10:57:53+00:00\",\"dateModified\":\"2023-09-04T10:57:59+00:00\",\"mainEntityOfPage\":{\"@id\":\"https:\/\/www.suno.com.br\/noticias\/santander-sanb11-anuncia-encerramento-de-transferencias-via-doc-diz-jornal\/\"},\"wordCount\":504,\"publisher\":{\"@id\":\"https:\/\/www.suno.com.br\/noticias\/#organization\"},\"image\":{\"@id\":\"https:\/\/www.suno.com.br\/noticias\/santander-sanb11-anuncia-encerramento-de-transferencias-via-doc-diz-jornal\/#primaryimage\"},\"thumbnailUrl\":\"https:\/\/files.sunoresearch.com.br\/n\/uploads\/2019\/07\/06776d6b-santander-scaled.webp\",\"keywords\":[\"Santander (SANB11\/SANB3\/SANB4)\"],\"articleSection\":[\"Neg\u00f3cios\"],\"inLanguage\":\"pt-BR\"},{\"@type\":\"WebPage\",\"@id\":\"https:\/\/www.suno.com.br\/noticias\/santander-sanb11-anuncia-encerramento-de-transferencias-via-doc-diz-jornal\/\",\"url\":\"https:\/\/www.suno.com.br\/noticias\/santander-sanb11-anuncia-encerramento-de-transferencias-via-doc-diz-jornal\/\",\"name\":\"Santander (SANB11) anuncia encerramento de transfer\u00eancias via DOC\",\"isPartOf\":{\"@id\":\"https:\/\/www.suno.com.br\/noticias\/#website\"},\"primaryImageOfPage\":{\"@id\":\"https:\/\/www.suno.com.br\/noticias\/santander-sanb11-anuncia-encerramento-de-transferencias-via-doc-diz-jornal\/#primaryimage\"},\"image\":{\"@id\":\"https:\/\/www.suno.com.br\/noticias\/santander-sanb11-anuncia-encerramento-de-transferencias-via-doc-diz-jornal\/#primaryimage\"},\"thumbnailUrl\":\"https:\/\/files.sunoresearch.com.br\/n\/uploads\/2019\/07\/06776d6b-santander-scaled.webp\",\"datePublished\":\"2023-09-04T10:57:53+00:00\",\"dateModified\":\"2023-09-04T10:57:59+00:00\",\"description\":\"O\u00a0Santander\u00a0encerrou as transfer\u00eancias via Documento de Ordem de Cr\u00e9dito (DOC) para clientes pessoas f\u00edsica e jur\u00eddica.\",\"breadcrumb\":{\"@id\":\"https:\/\/www.suno.com.br\/noticias\/santander-sanb11-anuncia-encerramento-de-transferencias-via-doc-diz-jornal\/#breadcrumb\"},\"inLanguage\":\"pt-BR\",\"potentialAction\":[{\"@type\":\"ReadAction\",\"target\":[\"https:\/\/www.suno.com.br\/noticias\/santander-sanb11-anuncia-encerramento-de-transferencias-via-doc-diz-jornal\/\"]}]},{\"@type\":\"ImageObject\",\"inLanguage\":\"pt-BR\",\"@id\":\"https:\/\/www.suno.com.br\/noticias\/santander-sanb11-anuncia-encerramento-de-transferencias-via-doc-diz-jornal\/#primaryimage\",\"url\":\"https:\/\/files.sunoresearch.com.br\/n\/uploads\/2019\/07\/06776d6b-santander-scaled.webp\",\"contentUrl\":\"https:\/\/files.sunoresearch.com.br\/n\/uploads\/2019\/07\/06776d6b-santander-scaled.webp\",\"width\":2560,\"height\":1501,\"caption\":\"Santander (SANB11). Foto: Divulga\u00e7\u00e3o.\"},{\"@type\":\"BreadcrumbList\",\"@id\":\"https:\/\/www.suno.com.br\/noticias\/santander-sanb11-anuncia-encerramento-de-transferencias-via-doc-diz-jornal\/#breadcrumb\",\"itemListElement\":[{\"@type\":\"ListItem\",\"position\":1,\"name\":\"Not\u00edcias\",\"item\":\"https:\/\/www.suno.com.br\/noticias\/\"},{\"@type\":\"ListItem\",\"position\":2,\"name\":\"Neg\u00f3cios\",\"item\":\"https:\/\/www.suno.com.br\/noticias\/negocios\/\"},{\"@type\":\"ListItem\",\"position\":3,\"name\":\"Santander (SANB11) anuncia encerramento de transfer\u00eancias via DOC, diz jornal\"}]},{\"@type\":\"WebSite\",\"@id\":\"https:\/\/www.suno.com.br\/noticias\/#website\",\"url\":\"https:\/\/www.suno.com.br\/noticias\/\",\"name\":\"Suno Not\u00edcias\",\"description\":\"Seu portal de informa\u00e7\u00e3o sobre o mundo dos investimentos\",\"publisher\":{\"@id\":\"https:\/\/www.suno.com.br\/noticias\/#organization\"},\"potentialAction\":[{\"@type\":\"SearchAction\",\"target\":{\"@type\":\"EntryPoint\",\"urlTemplate\":\"https:\/\/www.suno.com.br\/noticias\/?s={search_term_string}\"},\"query-input\":{\"@type\":\"PropertyValueSpecification\",\"valueRequired\":true,\"valueName\":\"search_term_string\"}}],\"inLanguage\":\"pt-BR\"},{\"@type\":\"Organization\",\"@id\":\"https:\/\/www.suno.com.br\/noticias\/#organization\",\"name\":\"Suno Not\u00edcias\",\"url\":\"https:\/\/www.suno.com.br\/noticias\/\",\"logo\":{\"@type\":\"ImageObject\",\"inLanguage\":\"pt-BR\",\"@id\":\"https:\/\/www.suno.com.br\/noticias\/#\/schema\/logo\/image\/\",\"url\":\"https:\/\/files.sunoresearch.com.br\/n\/uploads\/2021\/09\/suno-logo.png\",\"contentUrl\":\"https:\/\/files.sunoresearch.com.br\/n\/uploads\/2021\/09\/suno-logo.png\",\"width\":180,\"height\":180,\"caption\":\"Suno Not\u00edcias\"},\"image\":{\"@id\":\"https:\/\/www.suno.com.br\/noticias\/#\/schema\/logo\/image\/\"},\"sameAs\":[\"https:\/\/facebook.com\/sunoresearch\",\"https:\/\/x.com\/sunoresearch\",\"https:\/\/www.instagram.com\/suno\",\"https:\/\/www.linkedin.com\/company\/suno-research\/\",\"https:\/\/www.youtube.com\/c\/sunoresearch\"]},{\"@type\":\"Person\",\"@id\":\"https:\/\/www.suno.com.br\/noticias\/#\/schema\/person\/c1b1bd3727fa852bd045e9dbff3673ea\",\"name\":\"Reda\u00e7\u00e3o Suno Not\u00edcias\",\"image\":{\"@type\":\"ImageObject\",\"inLanguage\":\"pt-BR\",\"@id\":\"https:\/\/www.suno.com.br\/noticias\/#\/schema\/person\/image\/\",\"url\":\"https:\/\/secure.gravatar.com\/avatar\/b8104b9b5a71985d5238ee59fbe418af?s=96&r=g\",\"contentUrl\":\"https:\/\/secure.gravatar.com\/avatar\/b8104b9b5a71985d5238ee59fbe418af?s=96&r=g\",\"caption\":\"Reda\u00e7\u00e3o Suno Not\u00edcias\"},\"description\":\"O Suno Not\u00edcias \u00e9 um portal de informa\u00e7\u00f5es sobre Mercado Financeiro, Pol\u00edtica, Neg\u00f3cios, Economia e Finan\u00e7as Pessoais.\",\"sameAs\":[\"https:\/\/www.suno.com.br\/noticias\",\"https:\/\/www.facebook.com\/sunonoticias\/\",\"https:\/\/www.instagram.com\/sunonoticias\/\",\"https:\/\/x.com\/https:\/\/twitter.com\/sunoresearch\",\"https:\/\/www.youtube.com\/sunonoticias\"],\"url\":\"https:\/\/www.suno.com.br\/noticias\/author\/redacao-suno\/\"}]}<\/script>\n<!-- \/ Yoast SEO plugin. -->","yoast_head_json":{"title":"Santander (SANB11) anuncia encerramento de transfer\u00eancias via DOC","description":"O\u00a0Santander\u00a0encerrou as transfer\u00eancias via Documento de Ordem de Cr\u00e9dito (DOC) para clientes pessoas f\u00edsica e jur\u00eddica.","robots":{"index":"index","follow":"follow","max-snippet":"max-snippet:-1","max-image-preview":"max-image-preview:large","max-video-preview":"max-video-preview:-1"},"canonical":"https:\/\/www.suno.com.br\/noticias\/santander-sanb11-anuncia-encerramento-de-transferencias-via-doc-diz-jornal\/","og_locale":"pt_BR","og_type":"article","og_title":"Santander (SANB11) anuncia encerramento de transfer\u00eancias via DOC","og_description":"O\u00a0Santander\u00a0encerrou as transfer\u00eancias via Documento de Ordem de Cr\u00e9dito (DOC) para clientes pessoas f\u00edsica e jur\u00eddica.","og_url":"https:\/\/www.suno.com.br\/noticias\/santander-sanb11-anuncia-encerramento-de-transferencias-via-doc-diz-jornal\/","og_site_name":"Suno Not\u00edcias","article_publisher":"https:\/\/facebook.com\/sunoresearch","article_author":"https:\/\/www.facebook.com\/sunonoticias\/","og_image":[{"width":2949,"height":1729,"url":"https:\/\/files.sunoresearch.com.br\/n\/uploads\/2019\/07\/06776d6b-santander.jpg","type":"image\/jpeg"}],"author":"Reda\u00e7\u00e3o Suno Not\u00edcias","twitter_card":"summary_large_image","twitter_creator":"@https:\/\/twitter.com\/sunoresearch","twitter_site":"@sunoresearch","twitter_misc":{"Escrito por":"Reda\u00e7\u00e3o Suno Not\u00edcias","Est. tempo de leitura":"3 minutos"},"schema":{"@context":"https:\/\/schema.org","@graph":[{"@type":"NewsArticle","@id":"https:\/\/www.suno.com.br\/noticias\/santander-sanb11-anuncia-encerramento-de-transferencias-via-doc-diz-jornal\/#article","isPartOf":{"@id":"https:\/\/www.suno.com.br\/noticias\/santander-sanb11-anuncia-encerramento-de-transferencias-via-doc-diz-jornal\/"},"author":{"name":"Reda\u00e7\u00e3o Suno Not\u00edcias","@id":"https:\/\/www.suno.com.br\/noticias\/#\/schema\/person\/c1b1bd3727fa852bd045e9dbff3673ea"},"headline":"Santander (SANB11) anuncia encerramento de transfer\u00eancias via DOC, diz jornal","datePublished":"2023-09-04T10:57:53+00:00","dateModified":"2023-09-04T10:57:59+00:00","mainEntityOfPage":{"@id":"https:\/\/www.suno.com.br\/noticias\/santander-sanb11-anuncia-encerramento-de-transferencias-via-doc-diz-jornal\/"},"wordCount":504,"publisher":{"@id":"https:\/\/www.suno.com.br\/noticias\/#organization"},"image":{"@id":"https:\/\/www.suno.com.br\/noticias\/santander-sanb11-anuncia-encerramento-de-transferencias-via-doc-diz-jornal\/#primaryimage"},"thumbnailUrl":"https:\/\/files.sunoresearch.com.br\/n\/uploads\/2019\/07\/06776d6b-santander-scaled.webp","keywords":["Santander (SANB11\/SANB3\/SANB4)"],"articleSection":["Neg\u00f3cios"],"inLanguage":"pt-BR"},{"@type":"WebPage","@id":"https:\/\/www.suno.com.br\/noticias\/santander-sanb11-anuncia-encerramento-de-transferencias-via-doc-diz-jornal\/","url":"https:\/\/www.suno.com.br\/noticias\/santander-sanb11-anuncia-encerramento-de-transferencias-via-doc-diz-jornal\/","name":"Santander (SANB11) anuncia encerramento de transfer\u00eancias via DOC","isPartOf":{"@id":"https:\/\/www.suno.com.br\/noticias\/#website"},"primaryImageOfPage":{"@id":"https:\/\/www.suno.com.br\/noticias\/santander-sanb11-anuncia-encerramento-de-transferencias-via-doc-diz-jornal\/#primaryimage"},"image":{"@id":"https:\/\/www.suno.com.br\/noticias\/santander-sanb11-anuncia-encerramento-de-transferencias-via-doc-diz-jornal\/#primaryimage"},"thumbnailUrl":"https:\/\/files.sunoresearch.com.br\/n\/uploads\/2019\/07\/06776d6b-santander-scaled.webp","datePublished":"2023-09-04T10:57:53+00:00","dateModified":"2023-09-04T10:57:59+00:00","description":"O\u00a0Santander\u00a0encerrou as transfer\u00eancias via Documento de Ordem de Cr\u00e9dito (DOC) para clientes pessoas f\u00edsica e jur\u00eddica.","breadcrumb":{"@id":"https:\/\/www.suno.com.br\/noticias\/santander-sanb11-anuncia-encerramento-de-transferencias-via-doc-diz-jornal\/#breadcrumb"},"inLanguage":"pt-BR","potentialAction":[{"@type":"ReadAction","target":["https:\/\/www.suno.com.br\/noticias\/santander-sanb11-anuncia-encerramento-de-transferencias-via-doc-diz-jornal\/"]}]},{"@type":"ImageObject","inLanguage":"pt-BR","@id":"https:\/\/www.suno.com.br\/noticias\/santander-sanb11-anuncia-encerramento-de-transferencias-via-doc-diz-jornal\/#primaryimage","url":"https:\/\/files.sunoresearch.com.br\/n\/uploads\/2019\/07\/06776d6b-santander-scaled.webp","contentUrl":"https:\/\/files.sunoresearch.com.br\/n\/uploads\/2019\/07\/06776d6b-santander-scaled.webp","width":2560,"height":1501,"caption":"Santander (SANB11). Foto: Divulga\u00e7\u00e3o."},{"@type":"BreadcrumbList","@id":"https:\/\/www.suno.com.br\/noticias\/santander-sanb11-anuncia-encerramento-de-transferencias-via-doc-diz-jornal\/#breadcrumb","itemListElement":[{"@type":"ListItem","position":1,"name":"Not\u00edcias","item":"https:\/\/www.suno.com.br\/noticias\/"},{"@type":"ListItem","position":2,"name":"Neg\u00f3cios","item":"https:\/\/www.suno.com.br\/noticias\/negocios\/"},{"@type":"ListItem","position":3,"name":"Santander (SANB11) anuncia encerramento de transfer\u00eancias via DOC, diz jornal"}]},{"@type":"WebSite","@id":"https:\/\/www.suno.com.br\/noticias\/#website","url":"https:\/\/www.suno.com.br\/noticias\/","name":"Suno Not\u00edcias","description":"Seu portal de informa\u00e7\u00e3o sobre o mundo dos investimentos","publisher":{"@id":"https:\/\/www.suno.com.br\/noticias\/#organization"},"potentialAction":[{"@type":"SearchAction","target":{"@type":"EntryPoint","urlTemplate":"https:\/\/www.suno.com.br\/noticias\/?s={search_term_string}"},"query-input":{"@type":"PropertyValueSpecification","valueRequired":true,"valueName":"search_term_string"}}],"inLanguage":"pt-BR"},{"@type":"Organization","@id":"https:\/\/www.suno.com.br\/noticias\/#organization","name":"Suno Not\u00edcias","url":"https:\/\/www.suno.com.br\/noticias\/","logo":{"@type":"ImageObject","inLanguage":"pt-BR","@id":"https:\/\/www.suno.com.br\/noticias\/#\/schema\/logo\/image\/","url":"https:\/\/files.sunoresearch.com.br\/n\/uploads\/2021\/09\/suno-logo.png","contentUrl":"https:\/\/files.sunoresearch.com.br\/n\/uploads\/2021\/09\/suno-logo.png","width":180,"height":180,"caption":"Suno Not\u00edcias"},"image":{"@id":"https:\/\/www.suno.com.br\/noticias\/#\/schema\/logo\/image\/"},"sameAs":["https:\/\/facebook.com\/sunoresearch","https:\/\/x.com\/sunoresearch","https:\/\/www.instagram.com\/suno","https:\/\/www.linkedin.com\/company\/suno-research\/","https:\/\/www.youtube.com\/c\/sunoresearch"]},{"@type":"Person","@id":"https:\/\/www.suno.com.br\/noticias\/#\/schema\/person\/c1b1bd3727fa852bd045e9dbff3673ea","name":"Reda\u00e7\u00e3o Suno Not\u00edcias","image":{"@type":"ImageObject","inLanguage":"pt-BR","@id":"https:\/\/www.suno.com.br\/noticias\/#\/schema\/person\/image\/","url":"https:\/\/secure.gravatar.com\/avatar\/b8104b9b5a71985d5238ee59fbe418af?s=96&r=g","contentUrl":"https:\/\/secure.gravatar.com\/avatar\/b8104b9b5a71985d5238ee59fbe418af?s=96&r=g","caption":"Reda\u00e7\u00e3o Suno Not\u00edcias"},"description":"O Suno Not\u00edcias \u00e9 um portal de informa\u00e7\u00f5es sobre Mercado Financeiro, Pol\u00edtica, Neg\u00f3cios, Economia e Finan\u00e7as Pessoais.","sameAs":["https:\/\/www.suno.com.br\/noticias","https:\/\/www.facebook.com\/sunonoticias\/","https:\/\/www.instagram.com\/sunonoticias\/","https:\/\/x.com\/https:\/\/twitter.com\/sunoresearch","https:\/\/www.youtube.com\/sunonoticias"],"url":"https:\/\/www.suno.com.br\/noticias\/author\/redacao-suno\/"}]}},"default_loop_html":"<div class=\"cardsPage__listCard__boxs\"><div class=\"cardsPage__listCard__boxs__img\"><a href=\"https:\/\/www.suno.com.br\/noticias\/santander-sanb11-anuncia-encerramento-de-transferencias-via-doc-diz-jornal\/\"><img class=\"mask\" src=\"https:\/\/www.suno.com.br\/noticias\/wp-content\/themes\/suno\/resources\/images\/spotlight\/spotlight1img\/bg-mask.png\" alt=\"Image Mask\"\/><img src=\"https:\/\/files.sunoresearch.com.br\/n\/uploads\/2019\/07\/06776d6b-santander-400x200.webp\" alt=\"Santander (SANB11) anuncia encerramento de transfer\u00eancias via DOC, diz jornal\"\/><\/a><span class=\"spotlightCategory\"><a href=\"https:\/\/www.suno.com.br\/noticias\/negocios\/\">Neg\u00f3cios<\/a><\/span><\/div><div class=\"cardsPage__listCard__boxs__content\"><a href=\"https:\/\/www.suno.com.br\/noticias\/santander-sanb11-anuncia-encerramento-de-transferencias-via-doc-diz-jornal\/\"><h2 class=\"content__title\">Santander (SANB11) anuncia encerramento de transfer\u00eancias via DOC, diz jornal<\/h2><\/a><div class=\"newsContent__article__meta\"><div class=\"newsContent__article__meta__authorBox\"><a href=\"https:\/\/www.suno.com.br\/noticias\/author\/redacao-suno\/\" class=\"authorBox__avatar noMobi\"><img src=\"https:\/\/files.sunoresearch.com.br\/n\/uploads\/2020\/08\/0ace682d-redacao-1-150x150.webp\" alt=\"Reda\u00e7\u00e3o Suno Not\u00edcias\"><\/a><div class=\"authorBox__name\"><span>por\n\t\t\t<a href=\"https:\/\/www.suno.com.br\/noticias\/author\/redacao-suno\/\"><span itemprop=\"author\">Reda\u00e7\u00e3o Suno Not\u00edcias<\/span><\/a><\/span><time datetime=\"2023-09-04T07:57:53-03:00\" itemprop=\"datePublished\">04\/09\/2023 07:57<\/time><\/div><\/div><\/div><\/div><\/div>","single_layout":"posts","amp_enabled":true,"_links":{"self":[{"href":"https:\/\/www.suno.com.br\/noticias\/wp-json\/wp\/v2\/posts\/451204"}],"collection":[{"href":"https:\/\/www.suno.com.br\/noticias\/wp-json\/wp\/v2\/posts"}],"about":[{"href":"https:\/\/www.suno.com.br\/noticias\/wp-json\/wp\/v2\/types\/post"}],"author":[{"embeddable":true,"href":"https:\/\/www.suno.com.br\/noticias\/wp-json\/wp\/v2\/users\/43"}],"replies":[{"embeddable":true,"href":"https:\/\/www.suno.com.br\/noticias\/wp-json\/wp\/v2\/comments?post=451204"}],"version-history":[{"count":3,"href":"https:\/\/www.suno.com.br\/noticias\/wp-json\/wp\/v2\/posts\/451204\/revisions"}],"predecessor-version":[{"id":451233,"href":"https:\/\/www.suno.com.br\/noticias\/wp-json\/wp\/v2\/posts\/451204\/revisions\/451233"}],"wp:featuredmedia":[{"embeddable":true,"href":"https:\/\/www.suno.com.br\/noticias\/wp-json\/wp\/v2\/media\/29724"}],"wp:attachment":[{"href":"https:\/\/www.suno.com.br\/noticias\/wp-json\/wp\/v2\/media?parent=451204"}],"wp:term":[{"taxonomy":"category","embeddable":true,"href":"https:\/\/www.suno.com.br\/noticias\/wp-json\/wp\/v2\/categories?post=451204"},{"taxonomy":"post_tag","embeddable":true,"href":"https:\/\/www.suno.com.br\/noticias\/wp-json\/wp\/v2\/tags?post=451204"},{"taxonomy":"suno_strategy","embeddable":true,"href":"https:\/\/www.suno.com.br\/noticias\/wp-json\/wp\/v2\/suno_strategy?post=451204"}],"curies":[{"name":"wp","href":"https:\/\/api.w.org\/{rel}","templated":true}]}}