{"id":451194,"date":"2023-09-04T07:00:00","date_gmt":"2023-09-04T10:00:00","guid":{"rendered":"https:\/\/www.suno.com.br\/noticias\/?p=451194"},"modified":"2023-09-04T07:31:35","modified_gmt":"2023-09-04T10:31:35","slug":"o-que-vai-movimentar-mercado-financeiro-na-semana-fb","status":"publish","type":"post","link":"https:\/\/www.suno.com.br\/noticias\/o-que-vai-movimentar-mercado-financeiro-na-semana-fb\/","title":{"rendered":"Focus p\u00f3s-PIB, Lula no G20, livro bege do Fed: saiba o que vai rolar na semana e movimentar o mercado financeiro"},"content":{"rendered":"<p>O movimento do <strong>mercado financeiro<\/strong> tende a ser menor esta semana com o feriado brasileiro em&nbsp; 7 de setembro, Dia da Independ\u00eancia, e nos Estados Unidos hoje (4), onde se comemora o Dia do Trabalho.&nbsp;&nbsp;<\/p>\t<div class=\"wrapper-featured-image\">\n\t\t<figure class=\"spotlightImg\">\n\n\t\t\t<picture>\n\t\t\t\t<source media=\"(max-width: 768px)\" srcset=\"https:\/\/files.sunoresearch.com.br\/n\/uploads\/2023\/08\/pexels-artem-podrez-5716016-400x200.jpg\">\n\t\t\t\t<img loading=\"lazy\" decoding=\"async\" class=\"newsContent__article__imgCapa lazyloadDisabled \" src=\"https:\/\/files.sunoresearch.com.br\/n\/uploads\/2023\/08\/pexels-artem-podrez-5716016-800x450.jpg\" width=\"800\" height=\"450\" alt=\"Focus p\u00f3s-PIB, Lula no G20, livro bege do Fed: saiba o que vai rolar na semana e movimentar o mercado financeiro\" fetchpriority=high \/>\n\t\t\t<\/picture>\n\n\t\t\t<figcaption class=\"wp-caption-text wp-caption-text--show\">Mercado.Foto: Pexels<\/figcaption>\n\t\t<\/figure>\n\t<\/div>\n\n\n\n\n\n\t<p>\n\t\t<a href=\"https:\/\/lp.suno.com.br\/planilha-da-vida-financeira\/\" target=\"_blank\" data-element=\"shortcode-suno-banner\" title=\"Banner SUNO, clique e saiba mais\">\n\t\t\t<picture>\n\t\t\t\t<source media=\"(max-width: 500px)\" srcset=\"https:\/\/files.sunoresearch.com.br\/n\/uploads\/2023\/04\/400x300-Planilha-vida-financeira-true.png\">\n\t\t\t\t<img class=\"newsContent__article__imgCapa newsContent__article__imgCapa--banner\"\n\t\t\t\t\tsrc=\"https:\/\/files.sunoresearch.com.br\/n\/uploads\/2023\/04\/1420x240-Planilha-vida-financeira-true.png\"\n\t\t\t\t\tdata-promo-id=\"106682\"\t\t\t\t\t\t\t\t\t\twidth='1420' height='240'\t\t\t\t\talt=\"https:\/\/files.sunoresearch.com.br\/n\/uploads\/2023\/04\/1420x240-Planilha-vida-financeira-true.png\"\n\t\t\t\t>\n\t\t\t<\/picture>\n\t\t<\/a>\n\t<\/p>\n\n\n\n\n\n\n\n<p>Por aqui, nesta segunda-feira, o destaque \u00e9 para a divulga\u00e7\u00e3o do <a class=\"suno-keyword\" target=\"_blank\" data-force=\"no\" data-priority=\"2\" href=\"https:\/\/www.suno.com.br\/artigos\/boletim-focus\/\" rel=\"noopener\">boletim Focus<\/a>, ap\u00f3s o resultado do Produto Interno Bruto (<strong>PIB<\/strong>), que veio acima do esperado.&nbsp;<\/p>\n\n\n\t<div data-element=\"shortcode-read-more\" class=\"knowMore\">\n\t\t\t\t<span class=\"knowMore__title\">Leia mais<\/span>\n\t\t\t\t<a class=\"knowMore__link\" href=\"https:\/\/www.suno.com.br\/noticias\/pib-avanca-09-segundo-trimestre-2023-cpf\/\">\n\t\t\tPIB avan\u00e7a 0,9% no trimestre e acumula alta de 3,7% no primeiro semestre de 2023\t\t<\/a>\n\t<\/div>\n\n\n\n\n<p>Al\u00e9m disso, o Banco Central (BC) vai publicar hoje, \u00e0s 10 horas, o \u201cRelat\u00f3rio de Gest\u00e3o do Pix \u2013 Concep\u00e7\u00e3o e primeiros anos de funcionamento 2020-2022\u201d. O documento e o meio de pagamento ser\u00e3o tema tamb\u00e9m da live semanal do BC no mesmo dia, \u00e0s 14 horas, com a presen\u00e7a do diretor de Organiza\u00e7\u00e3o do Sistema Financeiro e de Resolu\u00e7\u00e3o, Renato Gomes<\/p>\n\n\n\n<p>Segundo o BC, o <strong>relat\u00f3rio sobre o Pix<\/strong> traz uma radiografia do servi\u00e7o de pagamento instant\u00e2neo criado pelo \u00f3rg\u00e3o.<\/p>\n\n\n\n<p>Veja o que mais vai rolar na semana no Brasil e no mundo.<\/p>\n\n\n\n<h2 class=\"wp-block-heading\">Agenda do Brasil<\/h2>\n\n\n\n<p>No cen\u00e1rio pol\u00edtico, dever\u00e1 ser apresentado na quarta-feira (6), na C\u00e2mara dos Deputados, o projeto de <strong>minirreforma eleitoral<\/strong>, que deve ser aprovado no mesmo dia pelo grupo de trabalho criado para alterar a legisla\u00e7\u00e3o eleitoral brasileira.<\/p>\n\n\n\n<p>A expectativa dos parlamentares \u00e9 votar a mat\u00e9ria nos plen\u00e1rios da C\u00e2mara e do Senado e sancionar o texto at\u00e9 o dia 5 de outubro para que as regras possam valer nas elei\u00e7\u00f5es municipais de 2024. Isso porque a lei exige que qualquer mudan\u00e7a nas regras eleitorais deve ser sancionada um ano antes do pr\u00f3ximo pleito.<\/p>\n\n\n\n<p>Ainda nesta segunda-feira, uma reuni\u00e3o fechada entre os integrantes do grupo de trabalho da minirreforma eleitoral foi marcada para discutir os temas que estar\u00e3o presentes no projeto.<\/p>\n\n\n\n<p>Com o feriado, o presidente da <strong>C\u00e2mara dos Deputados<\/strong>, <strong>Arthur Lira<\/strong> (PP-AL), antecipou a cobran\u00e7a da presen\u00e7a dos parlamentares, em Bras\u00edlia, tamb\u00e9m para esta segunda-feira, podendo cortar o ponto de quem faltar \u00e0 sess\u00e3o.<\/p>\n\n\n\t<p>\n\t\t<a href=\"https:\/\/lp.suno.com.br\/ebook-como-analisar-uma-acao\/\" target=\"_blank\" data-element=\"shortcode-suno-banner\" title=\"Banner SUNO, clique e saiba mais\">\n\t\t\t<picture>\n\t\t\t\t<source media=\"(max-width: 500px)\" srcset=\"https:\/\/files.sunoresearch.com.br\/n\/uploads\/2023\/03\/Ebook-Acoes-Mobile.jpg\">\n\t\t\t\t<img class=\"newsContent__article__imgCapa newsContent__article__imgCapa--banner\"\n\t\t\t\t\tsrc=\"https:\/\/files.sunoresearch.com.br\/n\/uploads\/2023\/03\/Ebook-Acoes-Desktop.jpg\"\n\t\t\t\t\tdata-promo-id=\"378302\"\t\t\t\t\t\t\t\t\t\twidth='1420' height='286'\t\t\t\t\talt=\"https:\/\/files.sunoresearch.com.br\/n\/uploads\/2023\/03\/Ebook-Acoes-Desktop.jpg\"\n\t\t\t\t>\n\t\t\t<\/picture>\n\t\t<\/a>\n\t<\/p>\n\n\n\n\n\n<p>Ainda no \u00e2mbito do executivo, o debate fiscal deve ganhar mais \u201ccor\u201d esta semana, ap\u00f3s o envio do <strong>projeto de Lei Or\u00e7ament\u00e1ria Anual (PLOA) de 2024<\/strong> para o Congresso Nacional na semana passada.<\/p>\n\n\n\n<p>J\u00e1 na quinta-feira (7), o presidente Luiz In\u00e1cio <strong>Lula<\/strong> da Silva embarca para Nova D\u00e9li, capital da \u00cdndia, onde ir\u00e1 acontecer a C\u00fapula do <strong>G20<\/strong>. Ele presidir\u00e1 o encontro. \u00c9 a primeira vez que o Brasil lidera o evento. <\/p>\n\n\n\t<div data-element=\"shortcode-read-more\" class=\"knowMore\">\n\t\t\t\t<span class=\"knowMore__title\">Leia mais<\/span>\n\t\t\t\t<a class=\"knowMore__link\" href=\"https:\/\/www.suno.com.br\/noticias\/lula-assume-presidencia-g20-saiba-mais\/\">\n\t\t\tLula assume presid\u00eancia do G20; \u00c9 a primeira vez que o Brasil lidera c\u00fapula\t\t<\/a>\n\t<\/div>\n\n\n\n\n<p>Na <strong>agenda econ\u00f4mica,<\/strong> o mercado aguarda as divulga\u00e7\u00f5es:<\/p>\n\n\n\n<ul class=\"wp-block-list\">\n<li>\u00cdndice de Pre\u00e7os ao Consumidor (IPC-Fipe) de agosto nesta segunda (4); <\/li>\n\n\n\n<li>Dados de produ\u00e7\u00e3o industrial de julho, na ter\u00e7a-feira (5); <\/li>\n\n\n\n<li>IGP-DI de julho e os dados da produ\u00e7\u00e3o automobil\u00edstica da ANFAVEA, ambos na quarta-feira (6).<\/li>\n<\/ul>\n\n\n\n<h2 class=\"wp-block-heading\">Agenda econ\u00f4mica e financeira dos Estados Unidos<\/h2>\n\n\n\n<p>Para os <strong>EUA<\/strong>, os investidores devem repercutir o <a class=\"suno-keyword\" target=\"_blank\" data-force=\"no\" data-priority=\"2\" href=\"https:\/\/www.suno.com.br\/artigos\/pmi\/\" rel=\"noopener\">\u00edndice PMI<\/a> e ISM do setor de servi\u00e7os de agosto, assim como o resultado da Balan\u00e7a Comercial de julho.&nbsp;<\/p>\n\n\n\n<p>O evento mais aguardado, no entanto, \u00e9 a divulga\u00e7\u00e3o do <strong>livro bege<\/strong> pelo Fed. na quarta-feira.<\/p>\n\n\n\n<p>O <strong>livro bege do Fed<\/strong> \u00e9 um documento relevante para a pol\u00edtica monet\u00e1rio dos EUA, contendo uma s\u00e9rie de informa\u00e7\u00f5es qualitativas sobre a atividade econ\u00f4mica do pa\u00eds.<\/p>\n\n\n\n<h2 class=\"wp-block-heading\">Mercado asi\u00e1tico<\/h2>\n\n\n\n<p>Os <strong>mercados asi\u00e1ticos<\/strong> come\u00e7aram a semana com altas. O destaque fica com o <strong>\u00edndice Hang Seng<\/strong>, em Hong Kong, que foi fechada na fechada na sexta por alerta de tuf\u00e3o. Com a estimativa da OCDE de crescimento resiliente da China em 2023, de 5,4% (3% no ano passado) e 5,1% em 2024, divulgada neste domingo (3), o mercado reagiu com otimismo. Os dados do mercado de trabalho norte-americano, medidos pelo payroll, ajudaram o <strong>\u00edndice NIkkei de T\u00f3quio<\/strong>, que renovou sua m\u00e1xima em 33 anos<\/p>\n\n\n\n<p>Confira como foi o fechamento dos principais \u00edndices asi\u00e1ticos hoje:<\/p>\n\n\n\n<figure class=\"wp-block-table\"><table><tbody><tr><td>\u00cdndice<\/td><td>Resultado (04\/09)<\/td><\/tr><tr><td>Nikkei (T\u00f3quio)<\/td><td>+0,70%<\/td><\/tr><tr><td>Hang Seng (Hong Kong)<\/td><td>+2,51%<\/td><\/tr><tr><td>Taiex (Taiwan)<\/td><td>+0,87%<\/td><\/tr><tr><td>Kospi (Coreia)<\/td><td>+0,81%<\/td><\/tr><tr><td>Xangai (China)<\/td><td>+1,40%<\/td><\/tr><tr><td>Shenzhen (China)<\/td><td>+1,44%<\/td><\/tr><\/tbody><\/table><\/figure>\n\n\n\n<p>Para saber mais o que vai movimentar o <strong>mercado financeiro<\/strong>, acompanhe o Suno Not\u00edcias.<\/p>\n\n\n\n<p><em>Com informa\u00e7\u00f5es da Ag\u00eancia Brasil, Estad\u00e3o Conte\u00fado e AFP<\/em><\/p>\n\n\n\t<p>\n\t\t<a href=\"https:\/\/lp.suno.com.br\/planilha-da-vida-financeira\/\" target=\"_blank\" data-element=\"shortcode-suno-banner\" title=\"Banner SUNO, clique e saiba mais\">\n\t\t\t<picture>\n\t\t\t\t<source media=\"(max-width: 500px)\" srcset=\"https:\/\/files.sunoresearch.com.br\/n\/uploads\/2023\/04\/400x300-Planilha-vida-financeira-true.png\">\n\t\t\t\t<img class=\"newsContent__article__imgCapa newsContent__article__imgCapa--banner\"\n\t\t\t\t\tsrc=\"https:\/\/files.sunoresearch.com.br\/n\/uploads\/2023\/04\/1420x240-Planilha-vida-financeira-true.png\"\n\t\t\t\t\tdata-promo-id=\"383123\"\t\t\t\t\t\t\t\t\t\twidth='1420' height='240'\t\t\t\t\talt=\"https:\/\/files.sunoresearch.com.br\/n\/uploads\/2023\/04\/1420x240-Planilha-vida-financeira-true.png\"\n\t\t\t\t>\n\t\t\t<\/picture>\n\t\t<\/a>\n\t<\/p>\n\n\n","protected":false},"excerpt":{"rendered":"<p>O movimento do mercado financeiro tende a ser menor esta semana com o feriado brasileiro em&nbsp; 7 de setembro, Dia da Independ\u00eancia, e nos Estados Unidos hoje (4), onde se comemora o Dia do Trabalho.&nbsp;&nbsp; Mercado.Foto: Pexels Por aqui, nesta segunda-feira, o destaque \u00e9 para a divulga\u00e7\u00e3o do boletim Focus, ap\u00f3s o resultado do Produto [&hellip;]<\/p>\n","protected":false},"author":266,"featured_media":444093,"comment_status":"closed","ping_status":"closed","sticky":false,"template":"","format":"standard","meta":[],"categories":[60],"tags":[2108,834,801,709,1635,1128,807],"suno_strategy":[],"class_list":["post-451194","post","type-post","status-publish","format-standard","has-post-thumbnail","hentry","category-mercado","tag-agenda-da-semana","tag-boletim-focus","tag-g20","tag-lula","tag-mercado-financeiro","tag-orcamento-publico","tag-produto-interno-bruto-pib"],"yoast_head":"<!-- This site is optimized with the Yoast SEO plugin v24.4 - https:\/\/yoast.com\/wordpress\/plugins\/seo\/ -->\n<title>Focus p\u00f3s-PIB, Lula no G20: o que vai movimentar o mercado financeiro<\/title>\n<meta name=\"description\" content=\"O movimento do mercado financeiro tende a ser menor devido aos feriados no Brasil e nos EUA, mas a agenda precisa de aten\u00e7\u00e3o dos investidores.\" \/>\n<meta name=\"robots\" content=\"index, follow, max-snippet:-1, max-image-preview:large, max-video-preview:-1\" \/>\n<link rel=\"canonical\" href=\"https:\/\/www.suno.com.br\/noticias\/o-que-vai-movimentar-mercado-financeiro-na-semana-fb\/\" \/>\n<meta property=\"og:locale\" content=\"pt_BR\" \/>\n<meta property=\"og:type\" content=\"article\" \/>\n<meta property=\"og:title\" content=\"Focus p\u00f3s-PIB, Lula no G20: o que vai movimentar o mercado financeiro\" \/>\n<meta property=\"og:description\" content=\"O movimento do mercado financeiro tende a ser menor devido aos feriados no Brasil e nos EUA, mas a agenda precisa de aten\u00e7\u00e3o dos investidores.\" \/>\n<meta property=\"og:url\" content=\"https:\/\/www.suno.com.br\/noticias\/o-que-vai-movimentar-mercado-financeiro-na-semana-fb\/\" \/>\n<meta property=\"og:site_name\" content=\"Suno Not\u00edcias\" \/>\n<meta property=\"article:publisher\" content=\"https:\/\/facebook.com\/sunoresearch\" \/>\n<meta property=\"og:image\" content=\"https:\/\/files.sunoresearch.com.br\/n\/uploads\/2023\/08\/pexels-artem-podrez-5716016.jpg\" \/>\n\t<meta property=\"og:image:width\" content=\"1200\" \/>\n\t<meta property=\"og:image:height\" content=\"675\" \/>\n\t<meta property=\"og:image:type\" content=\"image\/jpeg\" \/>\n<meta name=\"author\" content=\"Fernanda Bompan\" \/>\n<meta name=\"twitter:card\" content=\"summary_large_image\" \/>\n<meta name=\"twitter:creator\" content=\"@sunoresearch\" \/>\n<meta name=\"twitter:site\" content=\"@sunoresearch\" \/>\n<meta name=\"twitter:label1\" content=\"Escrito por\" \/>\n\t<meta name=\"twitter:data1\" content=\"Fernanda Bompan\" \/>\n\t<meta name=\"twitter:label2\" content=\"Est. tempo de leitura\" \/>\n\t<meta name=\"twitter:data2\" content=\"4 minutos\" \/>\n<script type=\"application\/ld+json\" class=\"yoast-schema-graph\">{\"@context\":\"https:\/\/schema.org\",\"@graph\":[{\"@type\":\"NewsArticle\",\"@id\":\"https:\/\/www.suno.com.br\/noticias\/o-que-vai-movimentar-mercado-financeiro-na-semana-fb\/#article\",\"isPartOf\":{\"@id\":\"https:\/\/www.suno.com.br\/noticias\/o-que-vai-movimentar-mercado-financeiro-na-semana-fb\/\"},\"author\":{\"name\":\"Fernanda Bompan\",\"@id\":\"https:\/\/www.suno.com.br\/noticias\/#\/schema\/person\/1f832c1c0e64406f37dbc20563c01a26\"},\"headline\":\"Focus p\u00f3s-PIB, Lula no G20, livro bege do Fed: saiba o que vai rolar na semana e movimentar o mercado financeiro\",\"datePublished\":\"2023-09-04T10:00:00+00:00\",\"dateModified\":\"2023-09-04T10:31:35+00:00\",\"mainEntityOfPage\":{\"@id\":\"https:\/\/www.suno.com.br\/noticias\/o-que-vai-movimentar-mercado-financeiro-na-semana-fb\/\"},\"wordCount\":718,\"publisher\":{\"@id\":\"https:\/\/www.suno.com.br\/noticias\/#organization\"},\"image\":{\"@id\":\"https:\/\/www.suno.com.br\/noticias\/o-que-vai-movimentar-mercado-financeiro-na-semana-fb\/#primaryimage\"},\"thumbnailUrl\":\"https:\/\/files.sunoresearch.com.br\/n\/uploads\/2023\/08\/pexels-artem-podrez-5716016.jpg\",\"keywords\":[\"agenda da semana\",\"Boletim Focus\",\"G20\",\"Lula\",\"mercado financeiro\",\"Or\u00e7amento P\u00fablico\",\"Produto Interno Bruto (PIB)\"],\"articleSection\":[\"Mercado\"],\"inLanguage\":\"pt-BR\"},{\"@type\":\"WebPage\",\"@id\":\"https:\/\/www.suno.com.br\/noticias\/o-que-vai-movimentar-mercado-financeiro-na-semana-fb\/\",\"url\":\"https:\/\/www.suno.com.br\/noticias\/o-que-vai-movimentar-mercado-financeiro-na-semana-fb\/\",\"name\":\"Focus p\u00f3s-PIB, Lula no G20: o que vai movimentar o mercado financeiro\",\"isPartOf\":{\"@id\":\"https:\/\/www.suno.com.br\/noticias\/#website\"},\"primaryImageOfPage\":{\"@id\":\"https:\/\/www.suno.com.br\/noticias\/o-que-vai-movimentar-mercado-financeiro-na-semana-fb\/#primaryimage\"},\"image\":{\"@id\":\"https:\/\/www.suno.com.br\/noticias\/o-que-vai-movimentar-mercado-financeiro-na-semana-fb\/#primaryimage\"},\"thumbnailUrl\":\"https:\/\/files.sunoresearch.com.br\/n\/uploads\/2023\/08\/pexels-artem-podrez-5716016.jpg\",\"datePublished\":\"2023-09-04T10:00:00+00:00\",\"dateModified\":\"2023-09-04T10:31:35+00:00\",\"description\":\"O movimento do mercado financeiro tende a ser menor devido aos feriados no Brasil e nos EUA, mas a agenda precisa de aten\u00e7\u00e3o dos investidores.\",\"breadcrumb\":{\"@id\":\"https:\/\/www.suno.com.br\/noticias\/o-que-vai-movimentar-mercado-financeiro-na-semana-fb\/#breadcrumb\"},\"inLanguage\":\"pt-BR\",\"potentialAction\":[{\"@type\":\"ReadAction\",\"target\":[\"https:\/\/www.suno.com.br\/noticias\/o-que-vai-movimentar-mercado-financeiro-na-semana-fb\/\"]}]},{\"@type\":\"ImageObject\",\"inLanguage\":\"pt-BR\",\"@id\":\"https:\/\/www.suno.com.br\/noticias\/o-que-vai-movimentar-mercado-financeiro-na-semana-fb\/#primaryimage\",\"url\":\"https:\/\/files.sunoresearch.com.br\/n\/uploads\/2023\/08\/pexels-artem-podrez-5716016.jpg\",\"contentUrl\":\"https:\/\/files.sunoresearch.com.br\/n\/uploads\/2023\/08\/pexels-artem-podrez-5716016.jpg\",\"width\":1200,\"height\":675,\"caption\":\"Mercado.Foto: Pexels\"},{\"@type\":\"BreadcrumbList\",\"@id\":\"https:\/\/www.suno.com.br\/noticias\/o-que-vai-movimentar-mercado-financeiro-na-semana-fb\/#breadcrumb\",\"itemListElement\":[{\"@type\":\"ListItem\",\"position\":1,\"name\":\"Not\u00edcias\",\"item\":\"https:\/\/www.suno.com.br\/noticias\/\"},{\"@type\":\"ListItem\",\"position\":2,\"name\":\"Mercado\",\"item\":\"https:\/\/www.suno.com.br\/noticias\/mercado\/\"},{\"@type\":\"ListItem\",\"position\":3,\"name\":\"Focus p\u00f3s-PIB, Lula no G20, livro bege do Fed: saiba o que vai rolar na semana e movimentar o mercado financeiro\"}]},{\"@type\":\"WebSite\",\"@id\":\"https:\/\/www.suno.com.br\/noticias\/#website\",\"url\":\"https:\/\/www.suno.com.br\/noticias\/\",\"name\":\"Suno Not\u00edcias\",\"description\":\"Seu portal de informa\u00e7\u00e3o sobre o mundo dos investimentos\",\"publisher\":{\"@id\":\"https:\/\/www.suno.com.br\/noticias\/#organization\"},\"potentialAction\":[{\"@type\":\"SearchAction\",\"target\":{\"@type\":\"EntryPoint\",\"urlTemplate\":\"https:\/\/www.suno.com.br\/noticias\/?s={search_term_string}\"},\"query-input\":{\"@type\":\"PropertyValueSpecification\",\"valueRequired\":true,\"valueName\":\"search_term_string\"}}],\"inLanguage\":\"pt-BR\"},{\"@type\":\"Organization\",\"@id\":\"https:\/\/www.suno.com.br\/noticias\/#organization\",\"name\":\"Suno Not\u00edcias\",\"url\":\"https:\/\/www.suno.com.br\/noticias\/\",\"logo\":{\"@type\":\"ImageObject\",\"inLanguage\":\"pt-BR\",\"@id\":\"https:\/\/www.suno.com.br\/noticias\/#\/schema\/logo\/image\/\",\"url\":\"https:\/\/files.sunoresearch.com.br\/n\/uploads\/2021\/09\/suno-logo.png\",\"contentUrl\":\"https:\/\/files.sunoresearch.com.br\/n\/uploads\/2021\/09\/suno-logo.png\",\"width\":180,\"height\":180,\"caption\":\"Suno Not\u00edcias\"},\"image\":{\"@id\":\"https:\/\/www.suno.com.br\/noticias\/#\/schema\/logo\/image\/\"},\"sameAs\":[\"https:\/\/facebook.com\/sunoresearch\",\"https:\/\/x.com\/sunoresearch\",\"https:\/\/www.instagram.com\/suno\",\"https:\/\/www.linkedin.com\/company\/suno-research\/\",\"https:\/\/www.youtube.com\/c\/sunoresearch\"]},{\"@type\":\"Person\",\"@id\":\"https:\/\/www.suno.com.br\/noticias\/#\/schema\/person\/1f832c1c0e64406f37dbc20563c01a26\",\"name\":\"Fernanda Bompan\",\"image\":{\"@type\":\"ImageObject\",\"inLanguage\":\"pt-BR\",\"@id\":\"https:\/\/www.suno.com.br\/noticias\/#\/schema\/person\/image\/\",\"url\":\"https:\/\/secure.gravatar.com\/avatar\/963efa2e75b13e4118442129692cb5cb?s=96&r=g\",\"contentUrl\":\"https:\/\/secure.gravatar.com\/avatar\/963efa2e75b13e4118442129692cb5cb?s=96&r=g\",\"caption\":\"Fernanda Bompan\"},\"description\":\"Fernanda Bompan \u00e9 jornalista e acumula 15 anos de experi\u00eancia na cobertura das editorias de economia, finan\u00e7as e neg\u00f3cios, com passagens por Gazeta Mercantil, DCI, Valor Econ\u00f4mico e Finsiders. Ainda\u00a0atuou em assessorias de imprensa e na cria\u00e7\u00e3o de conte\u00fado para redes sociais de fundos de investimento.\",\"url\":\"https:\/\/www.suno.com.br\/noticias\/author\/fernanda-bompansuno-com-br\/\"}]}<\/script>\n<!-- \/ Yoast SEO plugin. -->","yoast_head_json":{"title":"Focus p\u00f3s-PIB, Lula no G20: o que vai movimentar o mercado financeiro","description":"O movimento do mercado financeiro tende a ser menor devido aos feriados no Brasil e nos EUA, mas a agenda precisa de aten\u00e7\u00e3o dos investidores.","robots":{"index":"index","follow":"follow","max-snippet":"max-snippet:-1","max-image-preview":"max-image-preview:large","max-video-preview":"max-video-preview:-1"},"canonical":"https:\/\/www.suno.com.br\/noticias\/o-que-vai-movimentar-mercado-financeiro-na-semana-fb\/","og_locale":"pt_BR","og_type":"article","og_title":"Focus p\u00f3s-PIB, Lula no G20: o que vai movimentar o mercado financeiro","og_description":"O movimento do mercado financeiro tende a ser menor devido aos feriados no Brasil e nos EUA, mas a agenda precisa de aten\u00e7\u00e3o dos investidores.","og_url":"https:\/\/www.suno.com.br\/noticias\/o-que-vai-movimentar-mercado-financeiro-na-semana-fb\/","og_site_name":"Suno Not\u00edcias","article_publisher":"https:\/\/facebook.com\/sunoresearch","og_image":[{"width":1200,"height":675,"url":"https:\/\/files.sunoresearch.com.br\/n\/uploads\/2023\/08\/pexels-artem-podrez-5716016.jpg","type":"image\/jpeg"}],"author":"Fernanda Bompan","twitter_card":"summary_large_image","twitter_creator":"@sunoresearch","twitter_site":"@sunoresearch","twitter_misc":{"Escrito por":"Fernanda Bompan","Est. tempo de leitura":"4 minutos"},"schema":{"@context":"https:\/\/schema.org","@graph":[{"@type":"NewsArticle","@id":"https:\/\/www.suno.com.br\/noticias\/o-que-vai-movimentar-mercado-financeiro-na-semana-fb\/#article","isPartOf":{"@id":"https:\/\/www.suno.com.br\/noticias\/o-que-vai-movimentar-mercado-financeiro-na-semana-fb\/"},"author":{"name":"Fernanda Bompan","@id":"https:\/\/www.suno.com.br\/noticias\/#\/schema\/person\/1f832c1c0e64406f37dbc20563c01a26"},"headline":"Focus p\u00f3s-PIB, Lula no G20, livro bege do Fed: saiba o que vai rolar na semana e movimentar o mercado financeiro","datePublished":"2023-09-04T10:00:00+00:00","dateModified":"2023-09-04T10:31:35+00:00","mainEntityOfPage":{"@id":"https:\/\/www.suno.com.br\/noticias\/o-que-vai-movimentar-mercado-financeiro-na-semana-fb\/"},"wordCount":718,"publisher":{"@id":"https:\/\/www.suno.com.br\/noticias\/#organization"},"image":{"@id":"https:\/\/www.suno.com.br\/noticias\/o-que-vai-movimentar-mercado-financeiro-na-semana-fb\/#primaryimage"},"thumbnailUrl":"https:\/\/files.sunoresearch.com.br\/n\/uploads\/2023\/08\/pexels-artem-podrez-5716016.jpg","keywords":["agenda da semana","Boletim Focus","G20","Lula","mercado financeiro","Or\u00e7amento P\u00fablico","Produto Interno Bruto (PIB)"],"articleSection":["Mercado"],"inLanguage":"pt-BR"},{"@type":"WebPage","@id":"https:\/\/www.suno.com.br\/noticias\/o-que-vai-movimentar-mercado-financeiro-na-semana-fb\/","url":"https:\/\/www.suno.com.br\/noticias\/o-que-vai-movimentar-mercado-financeiro-na-semana-fb\/","name":"Focus p\u00f3s-PIB, Lula no G20: o que vai movimentar o mercado financeiro","isPartOf":{"@id":"https:\/\/www.suno.com.br\/noticias\/#website"},"primaryImageOfPage":{"@id":"https:\/\/www.suno.com.br\/noticias\/o-que-vai-movimentar-mercado-financeiro-na-semana-fb\/#primaryimage"},"image":{"@id":"https:\/\/www.suno.com.br\/noticias\/o-que-vai-movimentar-mercado-financeiro-na-semana-fb\/#primaryimage"},"thumbnailUrl":"https:\/\/files.sunoresearch.com.br\/n\/uploads\/2023\/08\/pexels-artem-podrez-5716016.jpg","datePublished":"2023-09-04T10:00:00+00:00","dateModified":"2023-09-04T10:31:35+00:00","description":"O movimento do mercado financeiro tende a ser menor devido aos feriados no Brasil e nos EUA, mas a agenda precisa de aten\u00e7\u00e3o dos investidores.","breadcrumb":{"@id":"https:\/\/www.suno.com.br\/noticias\/o-que-vai-movimentar-mercado-financeiro-na-semana-fb\/#breadcrumb"},"inLanguage":"pt-BR","potentialAction":[{"@type":"ReadAction","target":["https:\/\/www.suno.com.br\/noticias\/o-que-vai-movimentar-mercado-financeiro-na-semana-fb\/"]}]},{"@type":"ImageObject","inLanguage":"pt-BR","@id":"https:\/\/www.suno.com.br\/noticias\/o-que-vai-movimentar-mercado-financeiro-na-semana-fb\/#primaryimage","url":"https:\/\/files.sunoresearch.com.br\/n\/uploads\/2023\/08\/pexels-artem-podrez-5716016.jpg","contentUrl":"https:\/\/files.sunoresearch.com.br\/n\/uploads\/2023\/08\/pexels-artem-podrez-5716016.jpg","width":1200,"height":675,"caption":"Mercado.Foto: Pexels"},{"@type":"BreadcrumbList","@id":"https:\/\/www.suno.com.br\/noticias\/o-que-vai-movimentar-mercado-financeiro-na-semana-fb\/#breadcrumb","itemListElement":[{"@type":"ListItem","position":1,"name":"Not\u00edcias","item":"https:\/\/www.suno.com.br\/noticias\/"},{"@type":"ListItem","position":2,"name":"Mercado","item":"https:\/\/www.suno.com.br\/noticias\/mercado\/"},{"@type":"ListItem","position":3,"name":"Focus p\u00f3s-PIB, Lula no G20, livro bege do Fed: saiba o que vai rolar na semana e movimentar o mercado financeiro"}]},{"@type":"WebSite","@id":"https:\/\/www.suno.com.br\/noticias\/#website","url":"https:\/\/www.suno.com.br\/noticias\/","name":"Suno Not\u00edcias","description":"Seu portal de informa\u00e7\u00e3o sobre o mundo dos investimentos","publisher":{"@id":"https:\/\/www.suno.com.br\/noticias\/#organization"},"potentialAction":[{"@type":"SearchAction","target":{"@type":"EntryPoint","urlTemplate":"https:\/\/www.suno.com.br\/noticias\/?s={search_term_string}"},"query-input":{"@type":"PropertyValueSpecification","valueRequired":true,"valueName":"search_term_string"}}],"inLanguage":"pt-BR"},{"@type":"Organization","@id":"https:\/\/www.suno.com.br\/noticias\/#organization","name":"Suno Not\u00edcias","url":"https:\/\/www.suno.com.br\/noticias\/","logo":{"@type":"ImageObject","inLanguage":"pt-BR","@id":"https:\/\/www.suno.com.br\/noticias\/#\/schema\/logo\/image\/","url":"https:\/\/files.sunoresearch.com.br\/n\/uploads\/2021\/09\/suno-logo.png","contentUrl":"https:\/\/files.sunoresearch.com.br\/n\/uploads\/2021\/09\/suno-logo.png","width":180,"height":180,"caption":"Suno Not\u00edcias"},"image":{"@id":"https:\/\/www.suno.com.br\/noticias\/#\/schema\/logo\/image\/"},"sameAs":["https:\/\/facebook.com\/sunoresearch","https:\/\/x.com\/sunoresearch","https:\/\/www.instagram.com\/suno","https:\/\/www.linkedin.com\/company\/suno-research\/","https:\/\/www.youtube.com\/c\/sunoresearch"]},{"@type":"Person","@id":"https:\/\/www.suno.com.br\/noticias\/#\/schema\/person\/1f832c1c0e64406f37dbc20563c01a26","name":"Fernanda Bompan","image":{"@type":"ImageObject","inLanguage":"pt-BR","@id":"https:\/\/www.suno.com.br\/noticias\/#\/schema\/person\/image\/","url":"https:\/\/secure.gravatar.com\/avatar\/963efa2e75b13e4118442129692cb5cb?s=96&r=g","contentUrl":"https:\/\/secure.gravatar.com\/avatar\/963efa2e75b13e4118442129692cb5cb?s=96&r=g","caption":"Fernanda Bompan"},"description":"Fernanda Bompan \u00e9 jornalista e acumula 15 anos de experi\u00eancia na cobertura das editorias de economia, finan\u00e7as e neg\u00f3cios, com passagens por Gazeta Mercantil, DCI, Valor Econ\u00f4mico e Finsiders. Ainda\u00a0atuou em assessorias de imprensa e na cria\u00e7\u00e3o de conte\u00fado para redes sociais de fundos de investimento.","url":"https:\/\/www.suno.com.br\/noticias\/author\/fernanda-bompansuno-com-br\/"}]}},"default_loop_html":"<div class=\"cardsPage__listCard__boxs\"><div class=\"cardsPage__listCard__boxs__img\"><a href=\"https:\/\/www.suno.com.br\/noticias\/o-que-vai-movimentar-mercado-financeiro-na-semana-fb\/\"><img class=\"mask\" src=\"https:\/\/www.suno.com.br\/noticias\/wp-content\/themes\/suno\/resources\/images\/spotlight\/spotlight1img\/bg-mask.png\" alt=\"Image Mask\"\/><img src=\"https:\/\/files.sunoresearch.com.br\/n\/uploads\/2023\/08\/pexels-artem-podrez-5716016-400x200.jpg\" alt=\"Focus p\u00f3s-PIB, Lula no G20, livro bege do Fed: saiba o que vai rolar na semana e movimentar o mercado financeiro\"\/><\/a><span class=\"spotlightCategory\"><a href=\"https:\/\/www.suno.com.br\/noticias\/mercado\/\">Mercado<\/a><\/span><\/div><div class=\"cardsPage__listCard__boxs__content\"><a href=\"https:\/\/www.suno.com.br\/noticias\/o-que-vai-movimentar-mercado-financeiro-na-semana-fb\/\"><h2 class=\"content__title\">Focus p\u00f3s-PIB, Lula no G20, livro bege do Fed: saiba o que vai rolar na semana e movimentar o mercado financeiro<\/h2><\/a><div class=\"newsContent__article__meta\"><div class=\"newsContent__article__meta__authorBox\"><a href=\"https:\/\/www.suno.com.br\/noticias\/author\/fernanda-bompansuno-com-br\/\" class=\"authorBox__avatar noMobi\"><img src=\"https:\/\/secure.gravatar.com\/avatar\/963efa2e75b13e4118442129692cb5cb?s=96&#038;r=g\" alt=\"Fernanda Bompan\"><\/a><div class=\"authorBox__name\"><span>por\n\t\t\t<a href=\"https:\/\/www.suno.com.br\/noticias\/author\/fernanda-bompansuno-com-br\/\"><span itemprop=\"author\">Fernanda Bompan<\/span><\/a><\/span><time datetime=\"2023-09-04T07:00:00-03:00\" itemprop=\"datePublished\">04\/09\/2023 07:00<\/time><\/div><\/div><\/div><\/div><\/div>","single_layout":"posts","amp_enabled":true,"_links":{"self":[{"href":"https:\/\/www.suno.com.br\/noticias\/wp-json\/wp\/v2\/posts\/451194"}],"collection":[{"href":"https:\/\/www.suno.com.br\/noticias\/wp-json\/wp\/v2\/posts"}],"about":[{"href":"https:\/\/www.suno.com.br\/noticias\/wp-json\/wp\/v2\/types\/post"}],"author":[{"embeddable":true,"href":"https:\/\/www.suno.com.br\/noticias\/wp-json\/wp\/v2\/users\/266"}],"replies":[{"embeddable":true,"href":"https:\/\/www.suno.com.br\/noticias\/wp-json\/wp\/v2\/comments?post=451194"}],"version-history":[{"count":3,"href":"https:\/\/www.suno.com.br\/noticias\/wp-json\/wp\/v2\/posts\/451194\/revisions"}],"predecessor-version":[{"id":451217,"href":"https:\/\/www.suno.com.br\/noticias\/wp-json\/wp\/v2\/posts\/451194\/revisions\/451217"}],"wp:featuredmedia":[{"embeddable":true,"href":"https:\/\/www.suno.com.br\/noticias\/wp-json\/wp\/v2\/media\/444093"}],"wp:attachment":[{"href":"https:\/\/www.suno.com.br\/noticias\/wp-json\/wp\/v2\/media?parent=451194"}],"wp:term":[{"taxonomy":"category","embeddable":true,"href":"https:\/\/www.suno.com.br\/noticias\/wp-json\/wp\/v2\/categories?post=451194"},{"taxonomy":"post_tag","embeddable":true,"href":"https:\/\/www.suno.com.br\/noticias\/wp-json\/wp\/v2\/tags?post=451194"},{"taxonomy":"suno_strategy","embeddable":true,"href":"https:\/\/www.suno.com.br\/noticias\/wp-json\/wp\/v2\/suno_strategy?post=451194"}],"curies":[{"name":"wp","href":"https:\/\/api.w.org\/{rel}","templated":true}]}}