{"id":451005,"date":"2023-09-02T11:33:56","date_gmt":"2023-09-02T14:33:56","guid":{"rendered":"https:\/\/www.suno.com.br\/noticias\/?p=451005"},"modified":"2023-09-02T11:39:02","modified_gmt":"2023-09-02T14:39:02","slug":"123milhas-procon-sp-informacoes-reclamacoes-gpj","status":"publish","type":"post","link":"https:\/\/www.suno.com.br\/noticias\/123milhas-procon-sp-informacoes-reclamacoes-gpj\/","title":{"rendered":"123milhas: Procon-SP pede informa\u00e7\u00f5es para definir como tratar reclama\u00e7\u00f5es"},"content":{"rendered":"<p>O Procon-SP est\u00e1 requerendo informa\u00e7\u00f5es \u00e0 <strong>123milhas <\/strong>para entender como a empresa ir\u00e1 se organizar para atender os consumidores e quais ser\u00e3o os crit\u00e9rios de tratamento das reclama\u00e7\u00f5es registradas em sua plataforma, a partir da aceita\u00e7\u00e3o do pedido de <a href=\"https:\/\/www.suno.com.br\/artigos\/recuperacao-judicial\/\">recupera\u00e7\u00e3o judicial<\/a>, ocorrido na quinta-feira (31) pela ju\u00edza Cl\u00e1udia Helena Batista, da 1\u00aa Vara Empresarial de Belo Horizonte.<\/p>\t<div class=\"wrapper-featured-image\">\n\t\t<figure class=\"spotlightImg\">\n\n\t\t\t<picture>\n\t\t\t\t<source media=\"(max-width: 768px)\" srcset=\"https:\/\/files.sunoresearch.com.br\/n\/uploads\/2023\/08\/123milhas-1-e1694697309338-400x200.jpg\">\n\t\t\t\t<img loading=\"lazy\" decoding=\"async\" class=\"newsContent__article__imgCapa lazyloadDisabled \" src=\"https:\/\/files.sunoresearch.com.br\/n\/uploads\/2023\/08\/123milhas-1-e1694697309338-800x450.jpg\" width=\"800\" height=\"450\" alt=\"123milhas: Procon-SP pede informa\u00e7\u00f5es para definir como tratar reclama\u00e7\u00f5es\" fetchpriority=high \/>\n\t\t\t<\/picture>\n\n\t\t\t<figcaption class=\"wp-caption-text wp-caption-text--show\">123milhas - Foto: Divulga\u00e7\u00e3o.<\/figcaption>\n\t\t<\/figure>\n\t<\/div>\n\n\n\n\n\n\n\n\t<p>\n\t\t<a href=\"https:\/\/lp.suno.com.br\/planilha-da-vida-financeira\/\" target=\"_blank\" data-element=\"shortcode-suno-banner\" title=\"Banner SUNO, clique e saiba mais\">\n\t\t\t<picture>\n\t\t\t\t<source media=\"(max-width: 500px)\" srcset=\"https:\/\/files.sunoresearch.com.br\/n\/uploads\/2023\/04\/400x300-Planilha-vida-financeira-true.png\">\n\t\t\t\t<img class=\"newsContent__article__imgCapa newsContent__article__imgCapa--banner\"\n\t\t\t\t\tsrc=\"https:\/\/files.sunoresearch.com.br\/n\/uploads\/2023\/04\/1420x240-Planilha-vida-financeira-true.png\"\n\t\t\t\t\tdata-promo-id=\"106682\"\t\t\t\t\t\t\t\t\t\twidth='1420' height='240'\t\t\t\t\talt=\"https:\/\/files.sunoresearch.com.br\/n\/uploads\/2023\/04\/1420x240-Planilha-vida-financeira-true.png\"\n\t\t\t\t>\n\t\t\t<\/picture>\n\t\t<\/a>\n\t<\/p>\n\n\n\n\n\n<p>Para o \u00f3rg\u00e3o paulista, a decis\u00e3o representa uma mudan\u00e7a importante ao colocar o consumidor como um dos grupos preferenciais a serem ressarcidos, considerando que a empresa atua diretamente no <strong>varejo<\/strong>, ou seja, tem neste segmento o seu principal fator de capta\u00e7\u00e3o de recursos. Por conta disso, s\u00e3o as pessoas que compraram os servi\u00e7os as maiores impactadas com a suspens\u00e3o das emiss\u00f5es dos pacotes de viagem j\u00e1 adquiridos.<\/p>\n\n\n\n<p>\u201cA partir da entrada da <strong>123milhas em recupera\u00e7\u00e3o judicial<\/strong>, o <strong>Procon-SP<\/strong> agora se preocupa em como auxiliar os mais de 5 mil consumidores que registraram suas reclama\u00e7\u00f5es e que precisam da melhor orienta\u00e7\u00e3o sobre como proceder, em fun\u00e7\u00e3o desta nova configura\u00e7\u00e3o jur\u00eddica\u201d, explica Luiz Orsatti Filho, diretor Executivo interino do Procon-SP.<\/p>\n\n\n\n<p>\u201cTrata-se de uma decis\u00e3o de extrema relev\u00e2ncia e que pode ditar novos paradigmas, considerando que a 123 Milhas \u00e9 uma <strong>empresa de varejo<\/strong>, ou seja, que se relaciona com um grande n\u00famero de clientes, amplificando as consequ\u00eancias de suas atitudes. E com o agravante de, neste caso espec\u00edfico, se tratar de um grupo que adquiriu os pacotes promocionais mais baratos, ou seja, s\u00e3o potencialmente consumidores mais vulner\u00e1veis, que precisam ainda mais do apoio dos \u00f3rg\u00e3os de defesa como o Procon-SP\u2019, completa o executivo.<\/p>\n\n\n\n<p>Al\u00e9m do tratamento das reclama\u00e7\u00f5es registradas em sua plataforma, o Procon-SP multou a 123milhas em mais de R$ 2,5 milh\u00f5es e compartilhou informa\u00e7\u00f5es com o <strong>Minist\u00e9rio P\u00fablico,<\/strong> contribuindo para refor\u00e7ar a atua\u00e7\u00e3o do \u00f3rg\u00e3o junto ao <strong>Poder Judici\u00e1rio<\/strong> na defesa dos interesses dos consumidores.<\/p>\n\n\n\n<p>A iniciativa do Procon-SP tamb\u00e9m atende a outro aspecto da decis\u00e3o sobre a <strong>recupera\u00e7\u00e3o judicial<\/strong>, quando afirma que, \u201cno processo, poder\u00e3o intervir todos os \u00f3rg\u00e3os colaboradores que possam informar, mediar e apresentar propostas e fiscalizar etapas processuais\u201d.<\/p>\n\n\n\n<p>\u201cAl\u00e9m do potencial de indicar um novo caminho para casos de grande impacto, especialmente no segmento de varejo, a decis\u00e3o evidencia a import\u00e2ncia e a necessidade de os consumidores, sempre, formalizarem suas reclama\u00e7\u00f5es junto a \u00f3rg\u00e3os oficiais quando enfrentarem problemas em suas rela\u00e7\u00f5es de consumo, pela relev\u00e2ncia e representatividade que possuem para oferecer orienta\u00e7\u00e3o qualificada e serem reconhecidos pela Justi\u00e7a\u201d, completa Orsatti.<\/p>\n\n\n\n<p>A solicita\u00e7\u00e3o a ser encaminhada \u00e0 123milhas vai ser para que os esclarecimentos sejam feitos presencialmente, permitindo um di\u00e1logo mais amplo para o encaminhamento mais \u00e1gil de solu\u00e7\u00f5es para as demandas dos consumidores paulistas.<\/p>\n\n\n\n\t<div data-element=\"shortcode-read-more\" class=\"readToo\">\n\t\t\t\t<span class=\"readToo__title\">Leia mais<\/span>\n\t\t\t\t<ul class=\"readToo__list\">\n\t\t\t<li><a href=\"https:\/\/www.suno.com.br\/noticias\/123milhas-azul-azul4-crise-coluna-gpj\/\">123milhas acusa Azul (AZUL4) de ser uma das culpadas por sua crise, diz coluna<\/a><\/li><li><a href=\"https:\/\/www.suno.com.br\/noticias\/123milhas-revela-prejuizo-bilionario-1o-semestre-ano\/\">123milhas revela preju\u00edzo de R$ 1,671 bi no 1\u00ba semestre do ano<\/a><\/li>\t\t<\/ul>\n\t<\/div>\n\n\n\n\n<h2 class=\"wp-block-heading\">123milhas: pedido de recupera\u00e7\u00e3o judicial \u00e9 aceito pela Justi\u00e7a<\/h2>\n\n\n\n<p>A ju\u00edza Claudia Helena Batista, da 1\u00aa Vara Empresarial da Comarca de Belo Horizonte, deferiu o pedido de\u00a0<a href=\"https:\/\/www.suno.com.br\/artigos\/recuperacao-judicial\/\" target=\"_blank\" rel=\"noreferrer noopener\">recupera\u00e7\u00e3o judicial<\/a>\u00a0da empresa\u00a0<strong>123Milhas<\/strong>. Segundo a decis\u00e3o, o plano de recupera\u00e7\u00e3o deve ser apresentado no prazo de 60 dias\u00a0e deve conter medidas para repara\u00e7\u00e3o aos consumidores.\u00a0<\/p>\n\n\n\n<p>\u201cEm se tratando de pedido de&nbsp;<strong>Recupera\u00e7\u00e3o Judicial<\/strong>&nbsp;de empresas cujo objeto principal \u00e9 a atua\u00e7\u00e3o no mercado consumerista que goza de especial prote\u00e7\u00e3o legal de car\u00e1ter p\u00fablico, o Plano de Recupera\u00e7\u00e3o a ser apresentado ao ju\u00edzo deve conter medidas de repara\u00e7\u00e3o ao universo dos credores consumeristas pelos danos causados em todo territ\u00f3rio nacional\u201d, informa a ju\u00edza, na sua decis\u00e3o.&nbsp;<\/p>\n\n\n\n<p>A 123Milhas, bem como as s\u00f3cias&nbsp;<strong>HotMilhas<\/strong>&nbsp;e Novum Investimentos, dever\u00e3o apresentar em 48 horas a sua&nbsp;planilha de credores. Os credores t\u00eam o prazo de 15 dias para apresentar \u00e0 Administra\u00e7\u00e3o Judicial suas habilita\u00e7\u00f5es ou diverg\u00eancias em rela\u00e7\u00e3o aos cr\u00e9ditos relacionados.&nbsp;<\/p>\n\n\n\n<p>O pedido de&nbsp;<strong>recupera\u00e7\u00e3o judicial da 123Milhas<\/strong>&nbsp;foi apresentado ao Tribunal de Justi\u00e7a de Minas Gerais na \u00faltima ter\u00e7a-feira (29). Segundo a empresa, a&nbsp;<a target=\"_blank\" href=\"https:\/\/www.suno.com.br\/artigos\/recuperacao-judicial\/\" rel=\"noreferrer noopener\">recupera\u00e7\u00e3o judicial<\/a>&nbsp;tem como objetivo assegurar o cumprimento dos compromissos assumidos com clientes, ex-colaboradores e fornecedores. A ag\u00eancia de viagens suspendeu a emiss\u00e3o de passagens para embarques previstos entre setembro e dezembro deste ano, por \u201cmotivos alheios \u00e0 sua vontade\u201d.<\/p>\n\n\n\n<p>Tamb\u00e9m foi deferido o pedido de entidades de defesa do consumidor e de \u00f3rg\u00e3os p\u00fablicos para participar no processo de\u00a0<a href=\"https:\/\/www.suno.com.br\/artigos\/recuperacao-judicial\/\" target=\"_blank\" rel=\"noreferrer noopener\">recupera\u00e7\u00e3o judicial<\/a>\u00a0como<em>\u00a0amicus curie<\/em>\u00a0podendo apresentar sugest\u00f5es, requerimentos e audi\u00eancias p\u00fablicas.<\/p>\n\n\n\t<p>\n\t\t<a href=\"https:\/\/lp.suno.com.br\/ebook-como-analisar-uma-acao\/\" target=\"_blank\" data-element=\"shortcode-suno-banner\" title=\"Banner SUNO, clique e saiba mais\">\n\t\t\t<picture>\n\t\t\t\t<source media=\"(max-width: 500px)\" srcset=\"https:\/\/files.sunoresearch.com.br\/n\/uploads\/2023\/03\/Ebook-Acoes-Mobile.jpg\">\n\t\t\t\t<img class=\"newsContent__article__imgCapa newsContent__article__imgCapa--banner\"\n\t\t\t\t\tsrc=\"https:\/\/files.sunoresearch.com.br\/n\/uploads\/2023\/03\/Ebook-Acoes-Desktop.jpg\"\n\t\t\t\t\tdata-promo-id=\"378302\"\t\t\t\t\t\t\t\t\t\twidth='1420' height='286'\t\t\t\t\talt=\"https:\/\/files.sunoresearch.com.br\/n\/uploads\/2023\/03\/Ebook-Acoes-Desktop.jpg\"\n\t\t\t\t>\n\t\t\t<\/picture>\n\t\t<\/a>\n\t<\/p>\n\n\n\n\n\n<h2 class=\"wp-block-heading\">N\u00famero de reclama\u00e7\u00f5es sobre a 123milhas em agosto \u00e9 o maior de 2023 no Reclame Aqui<\/h2>\n\n\n\n<p>Os&nbsp;<strong>clientes da 123milhas<\/strong>&nbsp;continuam a expressar seu descontentamento com a decis\u00e3o da empresa de suspender pacotes de datas flex\u00edveis. Nos canais destinados a queixas dos consumidores, como o Reclame Aqui, a quantidade de reclama\u00e7\u00f5es sobre a empresa em agosto j\u00e1 \u00e9 a maior registrada em um m\u00eas em 2023.<\/p>\n\n\n\n<p>O&nbsp;<strong>Reclame Aqui&nbsp;<\/strong>afirma que foram publicadas 15.483 reclama\u00e7\u00f5es entre sexta-feira, 18, quando a suspens\u00e3o dos pacotes foi anunciada pela 123milhas, at\u00e9 a ter\u00e7a-feira, 29. O total de reclama\u00e7\u00f5es do m\u00eas de agosto chegou a 17.303, n\u00famero que corresponde a mais de cinco vezes o total registrado em julho, de 3.039.<\/p>\n\n\n\n<p>Em 2023, o m\u00eas com maior n\u00famero de reclama\u00e7\u00f5es sobre a empresa at\u00e9 ent\u00e3o tinha sido janeiro, com 6.473 queixas registradas.<\/p>\n\n\n\n<p>Os principais motivos das&nbsp;<strong>reclama\u00e7\u00f5es contra a 123 milhas<\/strong>&nbsp;na plataforma em agosto foram \u201cestorno do valor pago\u201d e \u201cpropaganda enganosa\u201d.<\/p>\n\n\n\n<p>A 123milhas informou no dia 18 deste m\u00eas a suspens\u00e3o de pacotes com datas flex\u00edveis, afetando milhares de clientes com passagens compradas e viagens marcadas entre setembro e dezembro.<\/p>\n\n\n\n<p>Na \u00faltima segunda-feira, 28, a ag\u00eancia informou que iniciou um plano de reestrutura\u00e7\u00e3o \u201ccom redu\u00e7\u00e3o do tamanho da equipe para se adequar ao novo contexto da empresa no mercado\u201d, sem informar quantos funcion\u00e1rios foram demitidos.<\/p>\n\n\n\n<p>Na ter\u00e7a, 29, a 123milhas deu entrada no processo de&nbsp;<a target=\"_blank\" href=\"https:\/\/www.suno.com.br\/artigos\/recuperacao-judicial\/\" rel=\"noreferrer noopener\">recupera\u00e7\u00e3o judicial<\/a>&nbsp;na 1\u00aa Vara Empresarial da Comarca de Belo Horizonte, em Minas Gerais.<\/p>\n\n\n\n<p>Em nota, a empresa afirmou que o processo tem como objetivo \u201cassegurar o cumprimento dos compromissos assumidos com clientes, ex-colaboradores e fornecedores\u201d e que a&nbsp;<a target=\"_blank\" href=\"https:\/\/www.suno.com.br\/artigos\/recuperacao-judicial\/\" rel=\"noreferrer noopener\">recupera\u00e7\u00e3o judicial<\/a>&nbsp;\u201cpermitir\u00e1 concentrar em um s\u00f3 ju\u00edzo todos os valores devidos\u201d.<\/p>\n\n\n\n<p>O Procon-SP, por sua vez, registrou o total de 5.685 reclama\u00e7\u00f5es sobre a empresa em agosto, at\u00e9 o \u00faltimo dia 29. Apenas cerca de 200 dessas reclama\u00e7\u00f5es tinham sido registradas at\u00e9 o fim de semana em que a&nbsp;<strong>123milhas<\/strong>&nbsp;fez o an\u00fancio dos cancelamentos. Em julho, o n\u00famero total de reclama\u00e7\u00f5es contra a empresa foi de 247.<\/p>\n\n\n\n<p><em>Com Ag\u00eancia Brasil e Estad\u00e3o Conte\u00fado<\/em><\/p>\n\n\n\t<p>\n\t\t<a href=\"https:\/\/lp.suno.com.br\/planilha-da-vida-financeira\/\" target=\"_blank\" data-element=\"shortcode-suno-banner\" title=\"Banner SUNO, clique e saiba mais\">\n\t\t\t<picture>\n\t\t\t\t<source media=\"(max-width: 500px)\" srcset=\"https:\/\/files.sunoresearch.com.br\/n\/uploads\/2023\/04\/400x300-Planilha-vida-financeira-true.png\">\n\t\t\t\t<img class=\"newsContent__article__imgCapa newsContent__article__imgCapa--banner\"\n\t\t\t\t\tsrc=\"https:\/\/files.sunoresearch.com.br\/n\/uploads\/2023\/04\/1420x240-Planilha-vida-financeira-true.png\"\n\t\t\t\t\tdata-promo-id=\"383123\"\t\t\t\t\t\t\t\t\t\twidth='1420' height='240'\t\t\t\t\talt=\"https:\/\/files.sunoresearch.com.br\/n\/uploads\/2023\/04\/1420x240-Planilha-vida-financeira-true.png\"\n\t\t\t\t>\n\t\t\t<\/picture>\n\t\t<\/a>\n\t<\/p>\n\n\n","protected":false},"excerpt":{"rendered":"<p>O Procon-SP est\u00e1 requerendo informa\u00e7\u00f5es \u00e0 123milhas para entender como a empresa ir\u00e1 se organizar para atender os consumidores e quais ser\u00e3o os crit\u00e9rios de tratamento das reclama\u00e7\u00f5es registradas em sua plataforma, a partir da aceita\u00e7\u00e3o do pedido de recupera\u00e7\u00e3o judicial, ocorrido na quinta-feira (31) pela ju\u00edza Cl\u00e1udia Helena Batista, da 1\u00aa Vara Empresarial de [&hellip;]<\/p>\n","protected":false},"author":43,"featured_media":445456,"comment_status":"closed","ping_status":"closed","sticky":false,"template":"","format":"standard","meta":[],"categories":[62],"tags":[1245],"suno_strategy":[],"class_list":["post-451005","post","type-post","status-publish","format-standard","has-post-thumbnail","hentry","category-economia","tag-setor-de-servicos"],"yoast_head":"<!-- This site is optimized with the Yoast SEO plugin v24.4 - https:\/\/yoast.com\/wordpress\/plugins\/seo\/ -->\n<title>123milhas: Procon pede informa\u00e7\u00f5es para definir como tratar reclama\u00e7\u00f5es<\/title>\n<meta name=\"description\" content=\"O Procon-SP est\u00e1 requerendo informa\u00e7\u00f5es \u00e0 123milhas para entender como a empresa ir\u00e1 se organizar para atender os consumidores.\" \/>\n<meta name=\"robots\" content=\"index, follow, max-snippet:-1, max-image-preview:large, max-video-preview:-1\" \/>\n<link rel=\"canonical\" href=\"https:\/\/www.suno.com.br\/noticias\/123milhas-procon-sp-informacoes-reclamacoes-gpj\/\" \/>\n<meta property=\"og:locale\" content=\"pt_BR\" \/>\n<meta property=\"og:type\" content=\"article\" \/>\n<meta property=\"og:title\" content=\"123milhas: Procon pede informa\u00e7\u00f5es para definir como tratar reclama\u00e7\u00f5es\" \/>\n<meta property=\"og:description\" content=\"O Procon-SP est\u00e1 requerendo informa\u00e7\u00f5es \u00e0 123milhas para entender como a empresa ir\u00e1 se organizar para atender os consumidores.\" \/>\n<meta property=\"og:url\" content=\"https:\/\/www.suno.com.br\/noticias\/123milhas-procon-sp-informacoes-reclamacoes-gpj\/\" \/>\n<meta property=\"og:site_name\" content=\"Suno Not\u00edcias\" \/>\n<meta property=\"article:publisher\" content=\"https:\/\/facebook.com\/sunoresearch\" \/>\n<meta property=\"article:author\" content=\"https:\/\/www.facebook.com\/sunonoticias\/\" \/>\n<meta property=\"og:image\" content=\"https:\/\/files.sunoresearch.com.br\/n\/uploads\/2023\/08\/123milhas-1.jpg\" \/>\n\t<meta property=\"og:image:width\" content=\"1450\" \/>\n\t<meta property=\"og:image:height\" content=\"816\" \/>\n\t<meta property=\"og:image:type\" content=\"image\/jpeg\" \/>\n<meta name=\"author\" content=\"Reda\u00e7\u00e3o Suno Not\u00edcias\" \/>\n<meta name=\"twitter:card\" content=\"summary_large_image\" \/>\n<meta name=\"twitter:creator\" content=\"@https:\/\/twitter.com\/sunoresearch\" \/>\n<meta name=\"twitter:site\" content=\"@sunoresearch\" \/>\n<meta name=\"twitter:label1\" content=\"Escrito por\" \/>\n\t<meta name=\"twitter:data1\" content=\"Reda\u00e7\u00e3o Suno Not\u00edcias\" \/>\n\t<meta name=\"twitter:label2\" content=\"Est. tempo de leitura\" \/>\n\t<meta name=\"twitter:data2\" content=\"6 minutos\" \/>\n<script type=\"application\/ld+json\" class=\"yoast-schema-graph\">{\"@context\":\"https:\/\/schema.org\",\"@graph\":[{\"@type\":\"NewsArticle\",\"@id\":\"https:\/\/www.suno.com.br\/noticias\/123milhas-procon-sp-informacoes-reclamacoes-gpj\/#article\",\"isPartOf\":{\"@id\":\"https:\/\/www.suno.com.br\/noticias\/123milhas-procon-sp-informacoes-reclamacoes-gpj\/\"},\"author\":{\"name\":\"Reda\u00e7\u00e3o Suno Not\u00edcias\",\"@id\":\"https:\/\/www.suno.com.br\/noticias\/#\/schema\/person\/c1b1bd3727fa852bd045e9dbff3673ea\"},\"headline\":\"123milhas: Procon-SP pede informa\u00e7\u00f5es para definir como tratar reclama\u00e7\u00f5es\",\"datePublished\":\"2023-09-02T14:33:56+00:00\",\"dateModified\":\"2023-09-02T14:39:02+00:00\",\"mainEntityOfPage\":{\"@id\":\"https:\/\/www.suno.com.br\/noticias\/123milhas-procon-sp-informacoes-reclamacoes-gpj\/\"},\"wordCount\":1173,\"publisher\":{\"@id\":\"https:\/\/www.suno.com.br\/noticias\/#organization\"},\"image\":{\"@id\":\"https:\/\/www.suno.com.br\/noticias\/123milhas-procon-sp-informacoes-reclamacoes-gpj\/#primaryimage\"},\"thumbnailUrl\":\"https:\/\/files.sunoresearch.com.br\/n\/uploads\/2023\/08\/123milhas-1-e1694697309338.jpg\",\"keywords\":[\"setor de servi\u00e7os\"],\"articleSection\":[\"Economia\"],\"inLanguage\":\"pt-BR\"},{\"@type\":\"WebPage\",\"@id\":\"https:\/\/www.suno.com.br\/noticias\/123milhas-procon-sp-informacoes-reclamacoes-gpj\/\",\"url\":\"https:\/\/www.suno.com.br\/noticias\/123milhas-procon-sp-informacoes-reclamacoes-gpj\/\",\"name\":\"123milhas: Procon pede informa\u00e7\u00f5es para definir como tratar reclama\u00e7\u00f5es\",\"isPartOf\":{\"@id\":\"https:\/\/www.suno.com.br\/noticias\/#website\"},\"primaryImageOfPage\":{\"@id\":\"https:\/\/www.suno.com.br\/noticias\/123milhas-procon-sp-informacoes-reclamacoes-gpj\/#primaryimage\"},\"image\":{\"@id\":\"https:\/\/www.suno.com.br\/noticias\/123milhas-procon-sp-informacoes-reclamacoes-gpj\/#primaryimage\"},\"thumbnailUrl\":\"https:\/\/files.sunoresearch.com.br\/n\/uploads\/2023\/08\/123milhas-1-e1694697309338.jpg\",\"datePublished\":\"2023-09-02T14:33:56+00:00\",\"dateModified\":\"2023-09-02T14:39:02+00:00\",\"description\":\"O Procon-SP est\u00e1 requerendo informa\u00e7\u00f5es \u00e0 123milhas para entender como a empresa ir\u00e1 se organizar para atender os consumidores.\",\"breadcrumb\":{\"@id\":\"https:\/\/www.suno.com.br\/noticias\/123milhas-procon-sp-informacoes-reclamacoes-gpj\/#breadcrumb\"},\"inLanguage\":\"pt-BR\",\"potentialAction\":[{\"@type\":\"ReadAction\",\"target\":[\"https:\/\/www.suno.com.br\/noticias\/123milhas-procon-sp-informacoes-reclamacoes-gpj\/\"]}]},{\"@type\":\"ImageObject\",\"inLanguage\":\"pt-BR\",\"@id\":\"https:\/\/www.suno.com.br\/noticias\/123milhas-procon-sp-informacoes-reclamacoes-gpj\/#primaryimage\",\"url\":\"https:\/\/files.sunoresearch.com.br\/n\/uploads\/2023\/08\/123milhas-1-e1694697309338.jpg\",\"contentUrl\":\"https:\/\/files.sunoresearch.com.br\/n\/uploads\/2023\/08\/123milhas-1-e1694697309338.jpg\",\"width\":1200,\"height\":675,\"caption\":\"123milhas - Foto: Divulga\u00e7\u00e3o.\"},{\"@type\":\"BreadcrumbList\",\"@id\":\"https:\/\/www.suno.com.br\/noticias\/123milhas-procon-sp-informacoes-reclamacoes-gpj\/#breadcrumb\",\"itemListElement\":[{\"@type\":\"ListItem\",\"position\":1,\"name\":\"Not\u00edcias\",\"item\":\"https:\/\/www.suno.com.br\/noticias\/\"},{\"@type\":\"ListItem\",\"position\":2,\"name\":\"Economia\",\"item\":\"https:\/\/www.suno.com.br\/noticias\/economia\/\"},{\"@type\":\"ListItem\",\"position\":3,\"name\":\"123milhas: Procon-SP pede informa\u00e7\u00f5es para definir como tratar reclama\u00e7\u00f5es\"}]},{\"@type\":\"WebSite\",\"@id\":\"https:\/\/www.suno.com.br\/noticias\/#website\",\"url\":\"https:\/\/www.suno.com.br\/noticias\/\",\"name\":\"Suno Not\u00edcias\",\"description\":\"Seu portal de informa\u00e7\u00e3o sobre o mundo dos investimentos\",\"publisher\":{\"@id\":\"https:\/\/www.suno.com.br\/noticias\/#organization\"},\"potentialAction\":[{\"@type\":\"SearchAction\",\"target\":{\"@type\":\"EntryPoint\",\"urlTemplate\":\"https:\/\/www.suno.com.br\/noticias\/?s={search_term_string}\"},\"query-input\":{\"@type\":\"PropertyValueSpecification\",\"valueRequired\":true,\"valueName\":\"search_term_string\"}}],\"inLanguage\":\"pt-BR\"},{\"@type\":\"Organization\",\"@id\":\"https:\/\/www.suno.com.br\/noticias\/#organization\",\"name\":\"Suno Not\u00edcias\",\"url\":\"https:\/\/www.suno.com.br\/noticias\/\",\"logo\":{\"@type\":\"ImageObject\",\"inLanguage\":\"pt-BR\",\"@id\":\"https:\/\/www.suno.com.br\/noticias\/#\/schema\/logo\/image\/\",\"url\":\"https:\/\/files.sunoresearch.com.br\/n\/uploads\/2021\/09\/suno-logo.png\",\"contentUrl\":\"https:\/\/files.sunoresearch.com.br\/n\/uploads\/2021\/09\/suno-logo.png\",\"width\":180,\"height\":180,\"caption\":\"Suno Not\u00edcias\"},\"image\":{\"@id\":\"https:\/\/www.suno.com.br\/noticias\/#\/schema\/logo\/image\/\"},\"sameAs\":[\"https:\/\/facebook.com\/sunoresearch\",\"https:\/\/x.com\/sunoresearch\",\"https:\/\/www.instagram.com\/suno\",\"https:\/\/www.linkedin.com\/company\/suno-research\/\",\"https:\/\/www.youtube.com\/c\/sunoresearch\"]},{\"@type\":\"Person\",\"@id\":\"https:\/\/www.suno.com.br\/noticias\/#\/schema\/person\/c1b1bd3727fa852bd045e9dbff3673ea\",\"name\":\"Reda\u00e7\u00e3o Suno Not\u00edcias\",\"image\":{\"@type\":\"ImageObject\",\"inLanguage\":\"pt-BR\",\"@id\":\"https:\/\/www.suno.com.br\/noticias\/#\/schema\/person\/image\/\",\"url\":\"https:\/\/secure.gravatar.com\/avatar\/b8104b9b5a71985d5238ee59fbe418af?s=96&r=g\",\"contentUrl\":\"https:\/\/secure.gravatar.com\/avatar\/b8104b9b5a71985d5238ee59fbe418af?s=96&r=g\",\"caption\":\"Reda\u00e7\u00e3o Suno Not\u00edcias\"},\"description\":\"O Suno Not\u00edcias \u00e9 um portal de informa\u00e7\u00f5es sobre Mercado Financeiro, Pol\u00edtica, Neg\u00f3cios, Economia e Finan\u00e7as Pessoais.\",\"sameAs\":[\"https:\/\/www.suno.com.br\/noticias\",\"https:\/\/www.facebook.com\/sunonoticias\/\",\"https:\/\/www.instagram.com\/sunonoticias\/\",\"https:\/\/x.com\/https:\/\/twitter.com\/sunoresearch\",\"https:\/\/www.youtube.com\/sunonoticias\"],\"url\":\"https:\/\/www.suno.com.br\/noticias\/author\/redacao-suno\/\"}]}<\/script>\n<!-- \/ Yoast SEO plugin. -->","yoast_head_json":{"title":"123milhas: Procon pede informa\u00e7\u00f5es para definir como tratar reclama\u00e7\u00f5es","description":"O Procon-SP est\u00e1 requerendo informa\u00e7\u00f5es \u00e0 123milhas para entender como a empresa ir\u00e1 se organizar para atender os consumidores.","robots":{"index":"index","follow":"follow","max-snippet":"max-snippet:-1","max-image-preview":"max-image-preview:large","max-video-preview":"max-video-preview:-1"},"canonical":"https:\/\/www.suno.com.br\/noticias\/123milhas-procon-sp-informacoes-reclamacoes-gpj\/","og_locale":"pt_BR","og_type":"article","og_title":"123milhas: Procon pede informa\u00e7\u00f5es para definir como tratar reclama\u00e7\u00f5es","og_description":"O Procon-SP est\u00e1 requerendo informa\u00e7\u00f5es \u00e0 123milhas para entender como a empresa ir\u00e1 se organizar para atender os consumidores.","og_url":"https:\/\/www.suno.com.br\/noticias\/123milhas-procon-sp-informacoes-reclamacoes-gpj\/","og_site_name":"Suno Not\u00edcias","article_publisher":"https:\/\/facebook.com\/sunoresearch","article_author":"https:\/\/www.facebook.com\/sunonoticias\/","og_image":[{"width":1450,"height":816,"url":"https:\/\/files.sunoresearch.com.br\/n\/uploads\/2023\/08\/123milhas-1.jpg","type":"image\/jpeg"}],"author":"Reda\u00e7\u00e3o Suno Not\u00edcias","twitter_card":"summary_large_image","twitter_creator":"@https:\/\/twitter.com\/sunoresearch","twitter_site":"@sunoresearch","twitter_misc":{"Escrito por":"Reda\u00e7\u00e3o Suno Not\u00edcias","Est. tempo de leitura":"6 minutos"},"schema":{"@context":"https:\/\/schema.org","@graph":[{"@type":"NewsArticle","@id":"https:\/\/www.suno.com.br\/noticias\/123milhas-procon-sp-informacoes-reclamacoes-gpj\/#article","isPartOf":{"@id":"https:\/\/www.suno.com.br\/noticias\/123milhas-procon-sp-informacoes-reclamacoes-gpj\/"},"author":{"name":"Reda\u00e7\u00e3o Suno Not\u00edcias","@id":"https:\/\/www.suno.com.br\/noticias\/#\/schema\/person\/c1b1bd3727fa852bd045e9dbff3673ea"},"headline":"123milhas: Procon-SP pede informa\u00e7\u00f5es para definir como tratar reclama\u00e7\u00f5es","datePublished":"2023-09-02T14:33:56+00:00","dateModified":"2023-09-02T14:39:02+00:00","mainEntityOfPage":{"@id":"https:\/\/www.suno.com.br\/noticias\/123milhas-procon-sp-informacoes-reclamacoes-gpj\/"},"wordCount":1173,"publisher":{"@id":"https:\/\/www.suno.com.br\/noticias\/#organization"},"image":{"@id":"https:\/\/www.suno.com.br\/noticias\/123milhas-procon-sp-informacoes-reclamacoes-gpj\/#primaryimage"},"thumbnailUrl":"https:\/\/files.sunoresearch.com.br\/n\/uploads\/2023\/08\/123milhas-1-e1694697309338.jpg","keywords":["setor de servi\u00e7os"],"articleSection":["Economia"],"inLanguage":"pt-BR"},{"@type":"WebPage","@id":"https:\/\/www.suno.com.br\/noticias\/123milhas-procon-sp-informacoes-reclamacoes-gpj\/","url":"https:\/\/www.suno.com.br\/noticias\/123milhas-procon-sp-informacoes-reclamacoes-gpj\/","name":"123milhas: Procon pede informa\u00e7\u00f5es para definir como tratar reclama\u00e7\u00f5es","isPartOf":{"@id":"https:\/\/www.suno.com.br\/noticias\/#website"},"primaryImageOfPage":{"@id":"https:\/\/www.suno.com.br\/noticias\/123milhas-procon-sp-informacoes-reclamacoes-gpj\/#primaryimage"},"image":{"@id":"https:\/\/www.suno.com.br\/noticias\/123milhas-procon-sp-informacoes-reclamacoes-gpj\/#primaryimage"},"thumbnailUrl":"https:\/\/files.sunoresearch.com.br\/n\/uploads\/2023\/08\/123milhas-1-e1694697309338.jpg","datePublished":"2023-09-02T14:33:56+00:00","dateModified":"2023-09-02T14:39:02+00:00","description":"O Procon-SP est\u00e1 requerendo informa\u00e7\u00f5es \u00e0 123milhas para entender como a empresa ir\u00e1 se organizar para atender os consumidores.","breadcrumb":{"@id":"https:\/\/www.suno.com.br\/noticias\/123milhas-procon-sp-informacoes-reclamacoes-gpj\/#breadcrumb"},"inLanguage":"pt-BR","potentialAction":[{"@type":"ReadAction","target":["https:\/\/www.suno.com.br\/noticias\/123milhas-procon-sp-informacoes-reclamacoes-gpj\/"]}]},{"@type":"ImageObject","inLanguage":"pt-BR","@id":"https:\/\/www.suno.com.br\/noticias\/123milhas-procon-sp-informacoes-reclamacoes-gpj\/#primaryimage","url":"https:\/\/files.sunoresearch.com.br\/n\/uploads\/2023\/08\/123milhas-1-e1694697309338.jpg","contentUrl":"https:\/\/files.sunoresearch.com.br\/n\/uploads\/2023\/08\/123milhas-1-e1694697309338.jpg","width":1200,"height":675,"caption":"123milhas - Foto: Divulga\u00e7\u00e3o."},{"@type":"BreadcrumbList","@id":"https:\/\/www.suno.com.br\/noticias\/123milhas-procon-sp-informacoes-reclamacoes-gpj\/#breadcrumb","itemListElement":[{"@type":"ListItem","position":1,"name":"Not\u00edcias","item":"https:\/\/www.suno.com.br\/noticias\/"},{"@type":"ListItem","position":2,"name":"Economia","item":"https:\/\/www.suno.com.br\/noticias\/economia\/"},{"@type":"ListItem","position":3,"name":"123milhas: Procon-SP pede informa\u00e7\u00f5es para definir como tratar reclama\u00e7\u00f5es"}]},{"@type":"WebSite","@id":"https:\/\/www.suno.com.br\/noticias\/#website","url":"https:\/\/www.suno.com.br\/noticias\/","name":"Suno Not\u00edcias","description":"Seu portal de informa\u00e7\u00e3o sobre o mundo dos investimentos","publisher":{"@id":"https:\/\/www.suno.com.br\/noticias\/#organization"},"potentialAction":[{"@type":"SearchAction","target":{"@type":"EntryPoint","urlTemplate":"https:\/\/www.suno.com.br\/noticias\/?s={search_term_string}"},"query-input":{"@type":"PropertyValueSpecification","valueRequired":true,"valueName":"search_term_string"}}],"inLanguage":"pt-BR"},{"@type":"Organization","@id":"https:\/\/www.suno.com.br\/noticias\/#organization","name":"Suno Not\u00edcias","url":"https:\/\/www.suno.com.br\/noticias\/","logo":{"@type":"ImageObject","inLanguage":"pt-BR","@id":"https:\/\/www.suno.com.br\/noticias\/#\/schema\/logo\/image\/","url":"https:\/\/files.sunoresearch.com.br\/n\/uploads\/2021\/09\/suno-logo.png","contentUrl":"https:\/\/files.sunoresearch.com.br\/n\/uploads\/2021\/09\/suno-logo.png","width":180,"height":180,"caption":"Suno Not\u00edcias"},"image":{"@id":"https:\/\/www.suno.com.br\/noticias\/#\/schema\/logo\/image\/"},"sameAs":["https:\/\/facebook.com\/sunoresearch","https:\/\/x.com\/sunoresearch","https:\/\/www.instagram.com\/suno","https:\/\/www.linkedin.com\/company\/suno-research\/","https:\/\/www.youtube.com\/c\/sunoresearch"]},{"@type":"Person","@id":"https:\/\/www.suno.com.br\/noticias\/#\/schema\/person\/c1b1bd3727fa852bd045e9dbff3673ea","name":"Reda\u00e7\u00e3o Suno Not\u00edcias","image":{"@type":"ImageObject","inLanguage":"pt-BR","@id":"https:\/\/www.suno.com.br\/noticias\/#\/schema\/person\/image\/","url":"https:\/\/secure.gravatar.com\/avatar\/b8104b9b5a71985d5238ee59fbe418af?s=96&r=g","contentUrl":"https:\/\/secure.gravatar.com\/avatar\/b8104b9b5a71985d5238ee59fbe418af?s=96&r=g","caption":"Reda\u00e7\u00e3o Suno Not\u00edcias"},"description":"O Suno Not\u00edcias \u00e9 um portal de informa\u00e7\u00f5es sobre Mercado Financeiro, Pol\u00edtica, Neg\u00f3cios, Economia e Finan\u00e7as Pessoais.","sameAs":["https:\/\/www.suno.com.br\/noticias","https:\/\/www.facebook.com\/sunonoticias\/","https:\/\/www.instagram.com\/sunonoticias\/","https:\/\/x.com\/https:\/\/twitter.com\/sunoresearch","https:\/\/www.youtube.com\/sunonoticias"],"url":"https:\/\/www.suno.com.br\/noticias\/author\/redacao-suno\/"}]}},"default_loop_html":"<div class=\"cardsPage__listCard__boxs\"><div class=\"cardsPage__listCard__boxs__img\"><a href=\"https:\/\/www.suno.com.br\/noticias\/123milhas-procon-sp-informacoes-reclamacoes-gpj\/\"><img class=\"mask\" src=\"https:\/\/www.suno.com.br\/noticias\/wp-content\/themes\/suno\/resources\/images\/spotlight\/spotlight1img\/bg-mask.png\" alt=\"Image Mask\"\/><img src=\"https:\/\/files.sunoresearch.com.br\/n\/uploads\/2023\/08\/123milhas-1-e1694697309338-400x200.jpg\" alt=\"123milhas: Procon-SP pede informa\u00e7\u00f5es para definir como tratar reclama\u00e7\u00f5es\"\/><\/a><span class=\"spotlightCategory\"><a href=\"https:\/\/www.suno.com.br\/noticias\/economia\/\">Economia<\/a><\/span><\/div><div class=\"cardsPage__listCard__boxs__content\"><a href=\"https:\/\/www.suno.com.br\/noticias\/123milhas-procon-sp-informacoes-reclamacoes-gpj\/\"><h2 class=\"content__title\">123milhas: Procon-SP pede informa\u00e7\u00f5es para definir como tratar reclama\u00e7\u00f5es<\/h2><\/a><div class=\"newsContent__article__meta\"><div class=\"newsContent__article__meta__authorBox\"><a href=\"https:\/\/www.suno.com.br\/noticias\/author\/redacao-suno\/\" class=\"authorBox__avatar noMobi\"><img src=\"https:\/\/files.sunoresearch.com.br\/n\/uploads\/2020\/08\/0ace682d-redacao-1-150x150.webp\" alt=\"Reda\u00e7\u00e3o Suno Not\u00edcias\"><\/a><div class=\"authorBox__name\"><span>por\n\t\t\t<a href=\"https:\/\/www.suno.com.br\/noticias\/author\/redacao-suno\/\"><span itemprop=\"author\">Reda\u00e7\u00e3o Suno Not\u00edcias<\/span><\/a><\/span><time datetime=\"2023-09-02T11:33:56-03:00\" itemprop=\"datePublished\">02\/09\/2023 11:33<\/time><\/div><\/div><\/div><\/div><\/div>","single_layout":"posts","amp_enabled":true,"_links":{"self":[{"href":"https:\/\/www.suno.com.br\/noticias\/wp-json\/wp\/v2\/posts\/451005"}],"collection":[{"href":"https:\/\/www.suno.com.br\/noticias\/wp-json\/wp\/v2\/posts"}],"about":[{"href":"https:\/\/www.suno.com.br\/noticias\/wp-json\/wp\/v2\/types\/post"}],"author":[{"embeddable":true,"href":"https:\/\/www.suno.com.br\/noticias\/wp-json\/wp\/v2\/users\/43"}],"replies":[{"embeddable":true,"href":"https:\/\/www.suno.com.br\/noticias\/wp-json\/wp\/v2\/comments?post=451005"}],"version-history":[{"count":3,"href":"https:\/\/www.suno.com.br\/noticias\/wp-json\/wp\/v2\/posts\/451005\/revisions"}],"predecessor-version":[{"id":451019,"href":"https:\/\/www.suno.com.br\/noticias\/wp-json\/wp\/v2\/posts\/451005\/revisions\/451019"}],"wp:featuredmedia":[{"embeddable":true,"href":"https:\/\/www.suno.com.br\/noticias\/wp-json\/wp\/v2\/media\/445456"}],"wp:attachment":[{"href":"https:\/\/www.suno.com.br\/noticias\/wp-json\/wp\/v2\/media?parent=451005"}],"wp:term":[{"taxonomy":"category","embeddable":true,"href":"https:\/\/www.suno.com.br\/noticias\/wp-json\/wp\/v2\/categories?post=451005"},{"taxonomy":"post_tag","embeddable":true,"href":"https:\/\/www.suno.com.br\/noticias\/wp-json\/wp\/v2\/tags?post=451005"},{"taxonomy":"suno_strategy","embeddable":true,"href":"https:\/\/www.suno.com.br\/noticias\/wp-json\/wp\/v2\/suno_strategy?post=451005"}],"curies":[{"name":"wp","href":"https:\/\/api.w.org\/{rel}","templated":true}]}}