{"id":450985,"date":"2023-09-02T11:17:16","date_gmt":"2023-09-02T14:17:16","guid":{"rendered":"https:\/\/www.suno.com.br\/noticias\/?p=450985"},"modified":"2023-09-02T11:28:40","modified_gmt":"2023-09-02T14:28:40","slug":"cimed-faturamento-mensal-primeira-vez-gpj","status":"publish","type":"post","link":"https:\/\/www.suno.com.br\/noticias\/cimed-faturamento-mensal-primeira-vez-gpj\/","title":{"rendered":"Cimed\u00a0ultrapassa R$ 309 milh\u00f5es de faturamento mensal pela primeira vez em sua hist\u00f3ria"},"content":{"rendered":"<p>A <strong>Cimed<\/strong>, uma das maiores farmac\u00eauticas do pa\u00eds, fechou o m\u00eas com faturamento recorde de R$ 309 milh\u00f5es pela primeira vez em sua hist\u00f3ria. O resultado \u00e9 fruto de uma s\u00e9rie de fatores, incluindo o grande sucesso da marca de hidratante labial Carmed em collab com a marca de doces Fini. <\/p>\t<div class=\"wrapper-featured-image\">\n\t\t<figure class=\"spotlightImg\">\n\n\t\t\t<picture>\n\t\t\t\t<source media=\"(max-width: 768px)\" srcset=\"https:\/\/files.sunoresearch.com.br\/n\/uploads\/2023\/09\/Making-Off-Cimed_Day01-30-1-1-scaled-1-400x200.jpg\">\n\t\t\t\t<img loading=\"lazy\" decoding=\"async\" class=\"newsContent__article__imgCapa lazyloadDisabled \" src=\"https:\/\/files.sunoresearch.com.br\/n\/uploads\/2023\/09\/Making-Off-Cimed_Day01-30-1-1-scaled-1-800x450.jpg\" width=\"800\" height=\"450\" alt=\"Cimed\u00a0ultrapassa R$ 309 milh\u00f5es de faturamento mensal pela primeira vez em sua hist\u00f3ria\" fetchpriority=high \/>\n\t\t\t<\/picture>\n\n\t\t\t<figcaption class=\"wp-caption-text wp-caption-text--show\">Cimed. Foto: Divulga\u00e7\u00e3o.<\/figcaption>\n\t\t<\/figure>\n\t<\/div>\n\n\n\n\n\n\n\n\t<p>\n\t\t<a href=\"https:\/\/lp.suno.com.br\/planilha-da-vida-financeira\/\" target=\"_blank\" data-element=\"shortcode-suno-banner\" title=\"Banner SUNO, clique e saiba mais\">\n\t\t\t<picture>\n\t\t\t\t<source media=\"(max-width: 500px)\" srcset=\"https:\/\/files.sunoresearch.com.br\/n\/uploads\/2023\/04\/400x300-Planilha-vida-financeira-true.png\">\n\t\t\t\t<img class=\"newsContent__article__imgCapa newsContent__article__imgCapa--banner\"\n\t\t\t\t\tsrc=\"https:\/\/files.sunoresearch.com.br\/n\/uploads\/2023\/04\/1420x240-Planilha-vida-financeira-true.png\"\n\t\t\t\t\tdata-promo-id=\"106682\"\t\t\t\t\t\t\t\t\t\twidth='1420' height='240'\t\t\t\t\talt=\"https:\/\/files.sunoresearch.com.br\/n\/uploads\/2023\/04\/1420x240-Planilha-vida-financeira-true.png\"\n\t\t\t\t>\n\t\t\t<\/picture>\n\t\t<\/a>\n\t<\/p>\n\n\n\n\n\n<p>Com apenas quatro meses de lan\u00e7amento, o produto j\u00e1 atingiu a barreira dos R$ 100 milh\u00f5es em faturamento e ganhou o pr\u00eamio de melhor collab pela <strong>Licensing Con<\/strong>.<\/p>\n\n\n\n<p>Al\u00e9m disso, a farmac\u00eautica tamb\u00e9m colhe os frutos da campanha Lavitan Sa\u00fade em Dobro, veiculada em rede nacional no programa <strong>Doming\u00e3o com Huck<\/strong>, que fez a marca crescer 80,2% em rela\u00e7\u00e3o ao mesmo per\u00edodo de julho.<\/p>\n\n\n\n<p>\u201cMais um m\u00eas em que estamos batendo recorde de faturamento e cada vez mais perto do nosso objetivo de fechar o ano com R$ 3 bilh\u00f5es. Essa conquista \u00e9 fruto de muito trabalho e planejamento de todo o time\u00a0Cimed\u00a0e dos nossos parceiros do varejo independente\u201d, conta <a href=\"https:\/\/www.suno.com.br\/tudo-sobre\/joao-adibe\/\">Jo\u00e3o Adibe<\/a> Marques, Presidente da\u00a0Cimed.<\/p>\n\n\n\n\t<div data-element=\"shortcode-read-more\" class=\"readToo\">\n\t\t\t\t<span class=\"readToo__title\">Leia mais<\/span>\n\t\t\t\t<ul class=\"readToo__list\">\n\t\t\t<li><a href=\"https:\/\/www.suno.com.br\/noticias\/taesa-taee11-licenca-ambiental-obras-sc-evm\/\">Taesa (TAEE11) recebe licen\u00e7a ambiental para obras em SC<\/a><\/li><li><a href=\"https:\/\/www.suno.com.br\/noticias\/xp-primeiros-dividendos-bilionarios-evm\/\">XP pagar\u00e1 seus primeiros dividendos desde o IPO &#8211; e ser\u00e3o bilion\u00e1rios<\/a><\/li>\t\t<\/ul>\n\t<\/div>\n\n\n\n\t<p>\n\t\t<a href=\"https:\/\/lp.suno.com.br\/ebook-como-analisar-uma-acao\/\" target=\"_blank\" data-element=\"shortcode-suno-banner\" title=\"Banner SUNO, clique e saiba mais\">\n\t\t\t<picture>\n\t\t\t\t<source media=\"(max-width: 500px)\" srcset=\"https:\/\/files.sunoresearch.com.br\/n\/uploads\/2023\/03\/Ebook-Acoes-Mobile.jpg\">\n\t\t\t\t<img class=\"newsContent__article__imgCapa newsContent__article__imgCapa--banner\"\n\t\t\t\t\tsrc=\"https:\/\/files.sunoresearch.com.br\/n\/uploads\/2023\/03\/Ebook-Acoes-Desktop.jpg\"\n\t\t\t\t\tdata-promo-id=\"378302\"\t\t\t\t\t\t\t\t\t\twidth='1420' height='286'\t\t\t\t\talt=\"https:\/\/files.sunoresearch.com.br\/n\/uploads\/2023\/03\/Ebook-Acoes-Desktop.jpg\"\n\t\t\t\t>\n\t\t\t<\/picture>\n\t\t<\/a>\n\t<\/p>\n\n\n\n\n\n<h2 class=\"wp-block-heading\">Parceria entre&nbsp;Cimed&nbsp;e Fini recebe pr\u00eamio de melhor collab do ano pela Licensing Con<\/h2>\n\n\n\n<p>A&nbsp;Cimed recebeu no \u00faltimo dia 24 de agosto o Pr\u00eamio Licensing Con &#8211; Marcas e Personagens de melhor collab com o produto <strong>Carmed Fini.<\/strong> Sucesso de vendas e viral nas redes sociais, a <strong>parceria da&nbsp;Cimed&nbsp;com a Fini<\/strong>, marca l\u00edder em balas de gelatina e regaliz no Pa\u00eds, superou as expectativas e j\u00e1 faturou mais de R\uff04 90 milh\u00f5es em vendas, em apenas quatro meses. <\/p>\n\n\n\n<p>Em julho de 2022 a Carmed tinha 9% de market share e agora, em 2023, tem 42% do mercado, o que fez crescer tamb\u00e9m a categoria de cuidados com os l\u00e1bios no pa\u00eds em 90%.<\/p>\n\n\n\n<p>O <strong>Pr\u00eamio Licensing Con<\/strong> \u00e9 uma iniciativa do EP Grupo que destaca anualmente as inova\u00e7\u00f5es do mercado brasileiro de licensing. O processo de sele\u00e7\u00e3o dos indicados \u00e9 realizado por meio de curadoria interna e os projetos selecionados s\u00e3o avaliados por uma comiss\u00e3o de experts do setor. <\/p>\n\n\n\n<p>Para a edi\u00e7\u00e3o 2023, o per\u00edodo avaliado foi entre julho de 2022 e junho de 2023 e os jurados convidados contemplam olhares relevantes sobre os mais diversos segmentos de neg\u00f3cios mas, sempre, com experi\u00eancias espec\u00edficas no mercado de marcas e personagens.<\/p>\n\n\n\n<p>\u201cFicamos muito honrados em receber esse pr\u00eamio que chancela o trabalho das marcas e que transformou o produto em um case de sucesso. O co-branding \u00e9 uma grande tend\u00eancia no mercado e com certeza trouxe resultados positivos para ambas as marcas. Juntamos a hidrata\u00e7\u00e3o profunda di\u00e1ria que o consumidor j\u00e1 conhece com uma marca que \u00e9 l\u00edder no segmento e t\u00e3o reconhecida como a Fini, em uma collab de desejo\u201d, conta Fernando Sodr\u00e9, Diretor de Marketing da&nbsp;<strong>Cimed.<\/strong><\/p>\n\n\n\t<p>\n\t\t<a href=\"https:\/\/lp.suno.com.br\/planilha-da-vida-financeira\/\" target=\"_blank\" data-element=\"shortcode-suno-banner\" title=\"Banner SUNO, clique e saiba mais\">\n\t\t\t<picture>\n\t\t\t\t<source media=\"(max-width: 500px)\" srcset=\"https:\/\/files.sunoresearch.com.br\/n\/uploads\/2023\/04\/400x300-Planilha-vida-financeira-true.png\">\n\t\t\t\t<img class=\"newsContent__article__imgCapa newsContent__article__imgCapa--banner\"\n\t\t\t\t\tsrc=\"https:\/\/files.sunoresearch.com.br\/n\/uploads\/2023\/04\/1420x240-Planilha-vida-financeira-true.png\"\n\t\t\t\t\tdata-promo-id=\"383123\"\t\t\t\t\t\t\t\t\t\twidth='1420' height='240'\t\t\t\t\talt=\"https:\/\/files.sunoresearch.com.br\/n\/uploads\/2023\/04\/1420x240-Planilha-vida-financeira-true.png\"\n\t\t\t\t>\n\t\t\t<\/picture>\n\t\t<\/a>\n\t<\/p>\n\n\n","protected":false},"excerpt":{"rendered":"<p>A Cimed, uma das maiores farmac\u00eauticas do pa\u00eds, fechou o m\u00eas com faturamento recorde de R$ 309 milh\u00f5es pela primeira vez em sua hist\u00f3ria. O resultado \u00e9 fruto de uma s\u00e9rie de fatores, incluindo o grande sucesso da marca de hidratante labial Carmed em collab com a marca de doces Fini. Cimed. Foto: Divulga\u00e7\u00e3o. Com [&hellip;]<\/p>\n","protected":false},"author":43,"featured_media":450998,"comment_status":"closed","ping_status":"closed","sticky":false,"template":"","format":"standard","meta":[],"categories":[64],"tags":[1245],"suno_strategy":[],"class_list":["post-450985","post","type-post","status-publish","format-standard","has-post-thumbnail","hentry","category-negocios","tag-setor-de-servicos"],"yoast_head":"<!-- This site is optimized with the Yoast SEO plugin v24.4 - https:\/\/yoast.com\/wordpress\/plugins\/seo\/ -->\n<title>Cimed\u00a0ultrapassa R$ 309 milh\u00f5es de faturamento mensal pela 1\u00aa vez<\/title>\n<meta name=\"description\" content=\"A Cimed, uma das maiores farmac\u00eauticas do pa\u00eds, fechou o m\u00eas com faturamento recorde de R$ 309 milh\u00f5es pela primeira vez em sua hist\u00f3ria.\" \/>\n<meta name=\"robots\" content=\"index, follow, max-snippet:-1, max-image-preview:large, max-video-preview:-1\" \/>\n<link rel=\"canonical\" href=\"https:\/\/www.suno.com.br\/noticias\/cimed-faturamento-mensal-primeira-vez-gpj\/\" \/>\n<meta property=\"og:locale\" content=\"pt_BR\" \/>\n<meta property=\"og:type\" content=\"article\" \/>\n<meta property=\"og:title\" content=\"Cimed\u00a0ultrapassa R$ 309 milh\u00f5es de faturamento mensal pela 1\u00aa vez\" \/>\n<meta property=\"og:description\" content=\"A Cimed, uma das maiores farmac\u00eauticas do pa\u00eds, fechou o m\u00eas com faturamento recorde de R$ 309 milh\u00f5es pela primeira vez em sua hist\u00f3ria.\" \/>\n<meta property=\"og:url\" content=\"https:\/\/www.suno.com.br\/noticias\/cimed-faturamento-mensal-primeira-vez-gpj\/\" \/>\n<meta property=\"og:site_name\" content=\"Suno Not\u00edcias\" \/>\n<meta property=\"article:publisher\" content=\"https:\/\/facebook.com\/sunoresearch\" \/>\n<meta property=\"article:author\" content=\"https:\/\/www.facebook.com\/sunonoticias\/\" \/>\n<meta property=\"og:image\" content=\"https:\/\/files.sunoresearch.com.br\/n\/uploads\/2023\/09\/Making-Off-Cimed_Day01-30-1-1-scaled-1.jpg\" \/>\n\t<meta property=\"og:image:width\" content=\"1920\" \/>\n\t<meta property=\"og:image:height\" content=\"1280\" \/>\n\t<meta property=\"og:image:type\" content=\"image\/jpeg\" \/>\n<meta name=\"author\" content=\"Reda\u00e7\u00e3o Suno Not\u00edcias\" \/>\n<meta name=\"twitter:card\" content=\"summary_large_image\" \/>\n<meta name=\"twitter:creator\" content=\"@https:\/\/twitter.com\/sunoresearch\" \/>\n<meta name=\"twitter:site\" content=\"@sunoresearch\" \/>\n<meta name=\"twitter:label1\" content=\"Escrito por\" \/>\n\t<meta name=\"twitter:data1\" content=\"Reda\u00e7\u00e3o Suno Not\u00edcias\" \/>\n\t<meta name=\"twitter:label2\" content=\"Est. tempo de leitura\" \/>\n\t<meta name=\"twitter:data2\" content=\"3 minutos\" \/>\n<script type=\"application\/ld+json\" class=\"yoast-schema-graph\">{\"@context\":\"https:\/\/schema.org\",\"@graph\":[{\"@type\":\"NewsArticle\",\"@id\":\"https:\/\/www.suno.com.br\/noticias\/cimed-faturamento-mensal-primeira-vez-gpj\/#article\",\"isPartOf\":{\"@id\":\"https:\/\/www.suno.com.br\/noticias\/cimed-faturamento-mensal-primeira-vez-gpj\/\"},\"author\":{\"name\":\"Reda\u00e7\u00e3o Suno Not\u00edcias\",\"@id\":\"https:\/\/www.suno.com.br\/noticias\/#\/schema\/person\/c1b1bd3727fa852bd045e9dbff3673ea\"},\"headline\":\"Cimed\u00a0ultrapassa R$ 309 milh\u00f5es de faturamento mensal pela primeira vez em sua hist\u00f3ria\",\"datePublished\":\"2023-09-02T14:17:16+00:00\",\"dateModified\":\"2023-09-02T14:28:40+00:00\",\"mainEntityOfPage\":{\"@id\":\"https:\/\/www.suno.com.br\/noticias\/cimed-faturamento-mensal-primeira-vez-gpj\/\"},\"wordCount\":504,\"publisher\":{\"@id\":\"https:\/\/www.suno.com.br\/noticias\/#organization\"},\"image\":{\"@id\":\"https:\/\/www.suno.com.br\/noticias\/cimed-faturamento-mensal-primeira-vez-gpj\/#primaryimage\"},\"thumbnailUrl\":\"https:\/\/files.sunoresearch.com.br\/n\/uploads\/2023\/09\/Making-Off-Cimed_Day01-30-1-1-scaled-1.jpg\",\"keywords\":[\"setor de servi\u00e7os\"],\"articleSection\":[\"Neg\u00f3cios\"],\"inLanguage\":\"pt-BR\"},{\"@type\":\"WebPage\",\"@id\":\"https:\/\/www.suno.com.br\/noticias\/cimed-faturamento-mensal-primeira-vez-gpj\/\",\"url\":\"https:\/\/www.suno.com.br\/noticias\/cimed-faturamento-mensal-primeira-vez-gpj\/\",\"name\":\"Cimed\u00a0ultrapassa R$ 309 milh\u00f5es de faturamento mensal pela 1\u00aa vez\",\"isPartOf\":{\"@id\":\"https:\/\/www.suno.com.br\/noticias\/#website\"},\"primaryImageOfPage\":{\"@id\":\"https:\/\/www.suno.com.br\/noticias\/cimed-faturamento-mensal-primeira-vez-gpj\/#primaryimage\"},\"image\":{\"@id\":\"https:\/\/www.suno.com.br\/noticias\/cimed-faturamento-mensal-primeira-vez-gpj\/#primaryimage\"},\"thumbnailUrl\":\"https:\/\/files.sunoresearch.com.br\/n\/uploads\/2023\/09\/Making-Off-Cimed_Day01-30-1-1-scaled-1.jpg\",\"datePublished\":\"2023-09-02T14:17:16+00:00\",\"dateModified\":\"2023-09-02T14:28:40+00:00\",\"description\":\"A Cimed, uma das maiores farmac\u00eauticas do pa\u00eds, fechou o m\u00eas com faturamento recorde de R$ 309 milh\u00f5es pela primeira vez em sua hist\u00f3ria.\",\"breadcrumb\":{\"@id\":\"https:\/\/www.suno.com.br\/noticias\/cimed-faturamento-mensal-primeira-vez-gpj\/#breadcrumb\"},\"inLanguage\":\"pt-BR\",\"potentialAction\":[{\"@type\":\"ReadAction\",\"target\":[\"https:\/\/www.suno.com.br\/noticias\/cimed-faturamento-mensal-primeira-vez-gpj\/\"]}]},{\"@type\":\"ImageObject\",\"inLanguage\":\"pt-BR\",\"@id\":\"https:\/\/www.suno.com.br\/noticias\/cimed-faturamento-mensal-primeira-vez-gpj\/#primaryimage\",\"url\":\"https:\/\/files.sunoresearch.com.br\/n\/uploads\/2023\/09\/Making-Off-Cimed_Day01-30-1-1-scaled-1.jpg\",\"contentUrl\":\"https:\/\/files.sunoresearch.com.br\/n\/uploads\/2023\/09\/Making-Off-Cimed_Day01-30-1-1-scaled-1.jpg\",\"width\":1920,\"height\":1280,\"caption\":\"Cimed. Foto: Divulga\u00e7\u00e3o.\"},{\"@type\":\"BreadcrumbList\",\"@id\":\"https:\/\/www.suno.com.br\/noticias\/cimed-faturamento-mensal-primeira-vez-gpj\/#breadcrumb\",\"itemListElement\":[{\"@type\":\"ListItem\",\"position\":1,\"name\":\"Not\u00edcias\",\"item\":\"https:\/\/www.suno.com.br\/noticias\/\"},{\"@type\":\"ListItem\",\"position\":2,\"name\":\"Neg\u00f3cios\",\"item\":\"https:\/\/www.suno.com.br\/noticias\/negocios\/\"},{\"@type\":\"ListItem\",\"position\":3,\"name\":\"Cimed\u00a0ultrapassa R$ 309 milh\u00f5es de faturamento mensal pela primeira vez em sua hist\u00f3ria\"}]},{\"@type\":\"WebSite\",\"@id\":\"https:\/\/www.suno.com.br\/noticias\/#website\",\"url\":\"https:\/\/www.suno.com.br\/noticias\/\",\"name\":\"Suno Not\u00edcias\",\"description\":\"Seu portal de informa\u00e7\u00e3o sobre o mundo dos investimentos\",\"publisher\":{\"@id\":\"https:\/\/www.suno.com.br\/noticias\/#organization\"},\"potentialAction\":[{\"@type\":\"SearchAction\",\"target\":{\"@type\":\"EntryPoint\",\"urlTemplate\":\"https:\/\/www.suno.com.br\/noticias\/?s={search_term_string}\"},\"query-input\":{\"@type\":\"PropertyValueSpecification\",\"valueRequired\":true,\"valueName\":\"search_term_string\"}}],\"inLanguage\":\"pt-BR\"},{\"@type\":\"Organization\",\"@id\":\"https:\/\/www.suno.com.br\/noticias\/#organization\",\"name\":\"Suno Not\u00edcias\",\"url\":\"https:\/\/www.suno.com.br\/noticias\/\",\"logo\":{\"@type\":\"ImageObject\",\"inLanguage\":\"pt-BR\",\"@id\":\"https:\/\/www.suno.com.br\/noticias\/#\/schema\/logo\/image\/\",\"url\":\"https:\/\/files.sunoresearch.com.br\/n\/uploads\/2021\/09\/suno-logo.png\",\"contentUrl\":\"https:\/\/files.sunoresearch.com.br\/n\/uploads\/2021\/09\/suno-logo.png\",\"width\":180,\"height\":180,\"caption\":\"Suno Not\u00edcias\"},\"image\":{\"@id\":\"https:\/\/www.suno.com.br\/noticias\/#\/schema\/logo\/image\/\"},\"sameAs\":[\"https:\/\/facebook.com\/sunoresearch\",\"https:\/\/x.com\/sunoresearch\",\"https:\/\/www.instagram.com\/suno\",\"https:\/\/www.linkedin.com\/company\/suno-research\/\",\"https:\/\/www.youtube.com\/c\/sunoresearch\"]},{\"@type\":\"Person\",\"@id\":\"https:\/\/www.suno.com.br\/noticias\/#\/schema\/person\/c1b1bd3727fa852bd045e9dbff3673ea\",\"name\":\"Reda\u00e7\u00e3o Suno Not\u00edcias\",\"image\":{\"@type\":\"ImageObject\",\"inLanguage\":\"pt-BR\",\"@id\":\"https:\/\/www.suno.com.br\/noticias\/#\/schema\/person\/image\/\",\"url\":\"https:\/\/secure.gravatar.com\/avatar\/b8104b9b5a71985d5238ee59fbe418af?s=96&r=g\",\"contentUrl\":\"https:\/\/secure.gravatar.com\/avatar\/b8104b9b5a71985d5238ee59fbe418af?s=96&r=g\",\"caption\":\"Reda\u00e7\u00e3o Suno Not\u00edcias\"},\"description\":\"O Suno Not\u00edcias \u00e9 um portal de informa\u00e7\u00f5es sobre Mercado Financeiro, Pol\u00edtica, Neg\u00f3cios, Economia e Finan\u00e7as Pessoais.\",\"sameAs\":[\"https:\/\/www.suno.com.br\/noticias\",\"https:\/\/www.facebook.com\/sunonoticias\/\",\"https:\/\/www.instagram.com\/sunonoticias\/\",\"https:\/\/x.com\/https:\/\/twitter.com\/sunoresearch\",\"https:\/\/www.youtube.com\/sunonoticias\"],\"url\":\"https:\/\/www.suno.com.br\/noticias\/author\/redacao-suno\/\"}]}<\/script>\n<!-- \/ Yoast SEO plugin. -->","yoast_head_json":{"title":"Cimed\u00a0ultrapassa R$ 309 milh\u00f5es de faturamento mensal pela 1\u00aa vez","description":"A Cimed, uma das maiores farmac\u00eauticas do pa\u00eds, fechou o m\u00eas com faturamento recorde de R$ 309 milh\u00f5es pela primeira vez em sua hist\u00f3ria.","robots":{"index":"index","follow":"follow","max-snippet":"max-snippet:-1","max-image-preview":"max-image-preview:large","max-video-preview":"max-video-preview:-1"},"canonical":"https:\/\/www.suno.com.br\/noticias\/cimed-faturamento-mensal-primeira-vez-gpj\/","og_locale":"pt_BR","og_type":"article","og_title":"Cimed\u00a0ultrapassa R$ 309 milh\u00f5es de faturamento mensal pela 1\u00aa vez","og_description":"A Cimed, uma das maiores farmac\u00eauticas do pa\u00eds, fechou o m\u00eas com faturamento recorde de R$ 309 milh\u00f5es pela primeira vez em sua hist\u00f3ria.","og_url":"https:\/\/www.suno.com.br\/noticias\/cimed-faturamento-mensal-primeira-vez-gpj\/","og_site_name":"Suno Not\u00edcias","article_publisher":"https:\/\/facebook.com\/sunoresearch","article_author":"https:\/\/www.facebook.com\/sunonoticias\/","og_image":[{"width":1920,"height":1280,"url":"https:\/\/files.sunoresearch.com.br\/n\/uploads\/2023\/09\/Making-Off-Cimed_Day01-30-1-1-scaled-1.jpg","type":"image\/jpeg"}],"author":"Reda\u00e7\u00e3o Suno Not\u00edcias","twitter_card":"summary_large_image","twitter_creator":"@https:\/\/twitter.com\/sunoresearch","twitter_site":"@sunoresearch","twitter_misc":{"Escrito por":"Reda\u00e7\u00e3o Suno Not\u00edcias","Est. tempo de leitura":"3 minutos"},"schema":{"@context":"https:\/\/schema.org","@graph":[{"@type":"NewsArticle","@id":"https:\/\/www.suno.com.br\/noticias\/cimed-faturamento-mensal-primeira-vez-gpj\/#article","isPartOf":{"@id":"https:\/\/www.suno.com.br\/noticias\/cimed-faturamento-mensal-primeira-vez-gpj\/"},"author":{"name":"Reda\u00e7\u00e3o Suno Not\u00edcias","@id":"https:\/\/www.suno.com.br\/noticias\/#\/schema\/person\/c1b1bd3727fa852bd045e9dbff3673ea"},"headline":"Cimed\u00a0ultrapassa R$ 309 milh\u00f5es de faturamento mensal pela primeira vez em sua hist\u00f3ria","datePublished":"2023-09-02T14:17:16+00:00","dateModified":"2023-09-02T14:28:40+00:00","mainEntityOfPage":{"@id":"https:\/\/www.suno.com.br\/noticias\/cimed-faturamento-mensal-primeira-vez-gpj\/"},"wordCount":504,"publisher":{"@id":"https:\/\/www.suno.com.br\/noticias\/#organization"},"image":{"@id":"https:\/\/www.suno.com.br\/noticias\/cimed-faturamento-mensal-primeira-vez-gpj\/#primaryimage"},"thumbnailUrl":"https:\/\/files.sunoresearch.com.br\/n\/uploads\/2023\/09\/Making-Off-Cimed_Day01-30-1-1-scaled-1.jpg","keywords":["setor de servi\u00e7os"],"articleSection":["Neg\u00f3cios"],"inLanguage":"pt-BR"},{"@type":"WebPage","@id":"https:\/\/www.suno.com.br\/noticias\/cimed-faturamento-mensal-primeira-vez-gpj\/","url":"https:\/\/www.suno.com.br\/noticias\/cimed-faturamento-mensal-primeira-vez-gpj\/","name":"Cimed\u00a0ultrapassa R$ 309 milh\u00f5es de faturamento mensal pela 1\u00aa vez","isPartOf":{"@id":"https:\/\/www.suno.com.br\/noticias\/#website"},"primaryImageOfPage":{"@id":"https:\/\/www.suno.com.br\/noticias\/cimed-faturamento-mensal-primeira-vez-gpj\/#primaryimage"},"image":{"@id":"https:\/\/www.suno.com.br\/noticias\/cimed-faturamento-mensal-primeira-vez-gpj\/#primaryimage"},"thumbnailUrl":"https:\/\/files.sunoresearch.com.br\/n\/uploads\/2023\/09\/Making-Off-Cimed_Day01-30-1-1-scaled-1.jpg","datePublished":"2023-09-02T14:17:16+00:00","dateModified":"2023-09-02T14:28:40+00:00","description":"A Cimed, uma das maiores farmac\u00eauticas do pa\u00eds, fechou o m\u00eas com faturamento recorde de R$ 309 milh\u00f5es pela primeira vez em sua hist\u00f3ria.","breadcrumb":{"@id":"https:\/\/www.suno.com.br\/noticias\/cimed-faturamento-mensal-primeira-vez-gpj\/#breadcrumb"},"inLanguage":"pt-BR","potentialAction":[{"@type":"ReadAction","target":["https:\/\/www.suno.com.br\/noticias\/cimed-faturamento-mensal-primeira-vez-gpj\/"]}]},{"@type":"ImageObject","inLanguage":"pt-BR","@id":"https:\/\/www.suno.com.br\/noticias\/cimed-faturamento-mensal-primeira-vez-gpj\/#primaryimage","url":"https:\/\/files.sunoresearch.com.br\/n\/uploads\/2023\/09\/Making-Off-Cimed_Day01-30-1-1-scaled-1.jpg","contentUrl":"https:\/\/files.sunoresearch.com.br\/n\/uploads\/2023\/09\/Making-Off-Cimed_Day01-30-1-1-scaled-1.jpg","width":1920,"height":1280,"caption":"Cimed. Foto: Divulga\u00e7\u00e3o."},{"@type":"BreadcrumbList","@id":"https:\/\/www.suno.com.br\/noticias\/cimed-faturamento-mensal-primeira-vez-gpj\/#breadcrumb","itemListElement":[{"@type":"ListItem","position":1,"name":"Not\u00edcias","item":"https:\/\/www.suno.com.br\/noticias\/"},{"@type":"ListItem","position":2,"name":"Neg\u00f3cios","item":"https:\/\/www.suno.com.br\/noticias\/negocios\/"},{"@type":"ListItem","position":3,"name":"Cimed\u00a0ultrapassa R$ 309 milh\u00f5es de faturamento mensal pela primeira vez em sua hist\u00f3ria"}]},{"@type":"WebSite","@id":"https:\/\/www.suno.com.br\/noticias\/#website","url":"https:\/\/www.suno.com.br\/noticias\/","name":"Suno Not\u00edcias","description":"Seu portal de informa\u00e7\u00e3o sobre o mundo dos investimentos","publisher":{"@id":"https:\/\/www.suno.com.br\/noticias\/#organization"},"potentialAction":[{"@type":"SearchAction","target":{"@type":"EntryPoint","urlTemplate":"https:\/\/www.suno.com.br\/noticias\/?s={search_term_string}"},"query-input":{"@type":"PropertyValueSpecification","valueRequired":true,"valueName":"search_term_string"}}],"inLanguage":"pt-BR"},{"@type":"Organization","@id":"https:\/\/www.suno.com.br\/noticias\/#organization","name":"Suno Not\u00edcias","url":"https:\/\/www.suno.com.br\/noticias\/","logo":{"@type":"ImageObject","inLanguage":"pt-BR","@id":"https:\/\/www.suno.com.br\/noticias\/#\/schema\/logo\/image\/","url":"https:\/\/files.sunoresearch.com.br\/n\/uploads\/2021\/09\/suno-logo.png","contentUrl":"https:\/\/files.sunoresearch.com.br\/n\/uploads\/2021\/09\/suno-logo.png","width":180,"height":180,"caption":"Suno Not\u00edcias"},"image":{"@id":"https:\/\/www.suno.com.br\/noticias\/#\/schema\/logo\/image\/"},"sameAs":["https:\/\/facebook.com\/sunoresearch","https:\/\/x.com\/sunoresearch","https:\/\/www.instagram.com\/suno","https:\/\/www.linkedin.com\/company\/suno-research\/","https:\/\/www.youtube.com\/c\/sunoresearch"]},{"@type":"Person","@id":"https:\/\/www.suno.com.br\/noticias\/#\/schema\/person\/c1b1bd3727fa852bd045e9dbff3673ea","name":"Reda\u00e7\u00e3o Suno Not\u00edcias","image":{"@type":"ImageObject","inLanguage":"pt-BR","@id":"https:\/\/www.suno.com.br\/noticias\/#\/schema\/person\/image\/","url":"https:\/\/secure.gravatar.com\/avatar\/b8104b9b5a71985d5238ee59fbe418af?s=96&r=g","contentUrl":"https:\/\/secure.gravatar.com\/avatar\/b8104b9b5a71985d5238ee59fbe418af?s=96&r=g","caption":"Reda\u00e7\u00e3o Suno Not\u00edcias"},"description":"O Suno Not\u00edcias \u00e9 um portal de informa\u00e7\u00f5es sobre Mercado Financeiro, Pol\u00edtica, Neg\u00f3cios, Economia e Finan\u00e7as Pessoais.","sameAs":["https:\/\/www.suno.com.br\/noticias","https:\/\/www.facebook.com\/sunonoticias\/","https:\/\/www.instagram.com\/sunonoticias\/","https:\/\/x.com\/https:\/\/twitter.com\/sunoresearch","https:\/\/www.youtube.com\/sunonoticias"],"url":"https:\/\/www.suno.com.br\/noticias\/author\/redacao-suno\/"}]}},"default_loop_html":"<div class=\"cardsPage__listCard__boxs\"><div class=\"cardsPage__listCard__boxs__img\"><a href=\"https:\/\/www.suno.com.br\/noticias\/cimed-faturamento-mensal-primeira-vez-gpj\/\"><img class=\"mask\" src=\"https:\/\/www.suno.com.br\/noticias\/wp-content\/themes\/suno\/resources\/images\/spotlight\/spotlight1img\/bg-mask.png\" alt=\"Image Mask\"\/><img src=\"https:\/\/files.sunoresearch.com.br\/n\/uploads\/2023\/09\/Making-Off-Cimed_Day01-30-1-1-scaled-1-400x200.jpg\" alt=\"Cimed\u00a0ultrapassa R$ 309 milh\u00f5es de faturamento mensal pela primeira vez em sua hist\u00f3ria\"\/><\/a><span class=\"spotlightCategory\"><a href=\"https:\/\/www.suno.com.br\/noticias\/negocios\/\">Neg\u00f3cios<\/a><\/span><\/div><div class=\"cardsPage__listCard__boxs__content\"><a href=\"https:\/\/www.suno.com.br\/noticias\/cimed-faturamento-mensal-primeira-vez-gpj\/\"><h2 class=\"content__title\">Cimed\u00a0ultrapassa R$ 309 milh\u00f5es de faturamento mensal pela primeira vez em sua hist\u00f3ria<\/h2><\/a><div class=\"newsContent__article__meta\"><div class=\"newsContent__article__meta__authorBox\"><a href=\"https:\/\/www.suno.com.br\/noticias\/author\/eduardo-vargas\/\" class=\"authorBox__avatar noMobi\"><img src=\"https:\/\/secure.gravatar.com\/avatar\/dac340933427a22924c9f99d1eb2e3f2?s=96&#038;r=g\" alt=\"Eduardo Vargas\"><\/a><div class=\"authorBox__name\"><span>por\n\t\t\t<a href=\"https:\/\/www.suno.com.br\/noticias\/author\/eduardo-vargas\/\"><span itemprop=\"author\">Eduardo Vargas<\/span><\/a><\/span><time datetime=\"2023-09-02T11:17:16-03:00\" itemprop=\"datePublished\">02\/09\/2023 11:17<\/time><\/div><\/div><\/div><\/div><\/div>","single_layout":"posts","amp_enabled":true,"_links":{"self":[{"href":"https:\/\/www.suno.com.br\/noticias\/wp-json\/wp\/v2\/posts\/450985"}],"collection":[{"href":"https:\/\/www.suno.com.br\/noticias\/wp-json\/wp\/v2\/posts"}],"about":[{"href":"https:\/\/www.suno.com.br\/noticias\/wp-json\/wp\/v2\/types\/post"}],"author":[{"embeddable":true,"href":"https:\/\/www.suno.com.br\/noticias\/wp-json\/wp\/v2\/users\/43"}],"replies":[{"embeddable":true,"href":"https:\/\/www.suno.com.br\/noticias\/wp-json\/wp\/v2\/comments?post=450985"}],"version-history":[{"count":4,"href":"https:\/\/www.suno.com.br\/noticias\/wp-json\/wp\/v2\/posts\/450985\/revisions"}],"predecessor-version":[{"id":451010,"href":"https:\/\/www.suno.com.br\/noticias\/wp-json\/wp\/v2\/posts\/450985\/revisions\/451010"}],"wp:featuredmedia":[{"embeddable":true,"href":"https:\/\/www.suno.com.br\/noticias\/wp-json\/wp\/v2\/media\/450998"}],"wp:attachment":[{"href":"https:\/\/www.suno.com.br\/noticias\/wp-json\/wp\/v2\/media?parent=450985"}],"wp:term":[{"taxonomy":"category","embeddable":true,"href":"https:\/\/www.suno.com.br\/noticias\/wp-json\/wp\/v2\/categories?post=450985"},{"taxonomy":"post_tag","embeddable":true,"href":"https:\/\/www.suno.com.br\/noticias\/wp-json\/wp\/v2\/tags?post=450985"},{"taxonomy":"suno_strategy","embeddable":true,"href":"https:\/\/www.suno.com.br\/noticias\/wp-json\/wp\/v2\/suno_strategy?post=450985"}],"curies":[{"name":"wp","href":"https:\/\/api.w.org\/{rel}","templated":true}]}}