{"id":45097,"date":"2019-11-19T10:30:29","date_gmt":"2019-11-19T12:30:29","guid":{"rendered":"https:\/\/www.suno.com.br\/noticias\/?p=45097"},"modified":"2019-11-19T10:30:29","modified_gmt":"2019-11-19T12:30:29","slug":"huawei-5g-leilao-instalar","status":"publish","type":"post","link":"https:\/\/www.suno.com.br\/noticias\/huawei-5g-leilao-instalar\/","title":{"rendered":"Bolsonaro diz que Huawei quer instalar 5G no Brasil"},"content":{"rendered":"<p>O presidente da Rep\u00fablica, <strong>Jair Bolsonaro<\/strong>, afirmou, na \u00faltima segunda-feira (18), ap\u00f3s a reuni\u00e3o com o presidente-executivo da Huawei no Brasil, que a empresa asi\u00e1tica quer instalar <strong>5G<\/strong> no Pa\u00eds.<\/p>\t<div class=\"wrapper-featured-image\">\n\t\t<figure class=\"spotlightImg\">\n\n\t\t\t<picture>\n\t\t\t\t<source media=\"(max-width: 768px)\" srcset=\"https:\/\/files.sunoresearch.com.br\/n\/uploads\/2019\/09\/2e7d7afd-huawei-400x200.webp\">\n\t\t\t\t<img loading=\"lazy\" decoding=\"async\" class=\"newsContent__article__imgCapa lazyloadDisabled newsContent__article__imgCapa--noCaption\" src=\"https:\/\/files.sunoresearch.com.br\/n\/uploads\/2019\/09\/2e7d7afd-huawei-800x450.webp\" width=\"800\" height=\"450\" alt=\"Bolsonaro diz que Huawei quer instalar 5G no Brasil\" fetchpriority=high \/>\n\t\t\t<\/picture>\n\n\t\t\t<figcaption class=\"wp-caption-text wp-caption-text--hide\">Tump est\u00e0 planejando proibir para a gigante tecnol\u00f3gica chinesa Huawei de fazer neg\u00f3cios com o governo dos EUA. Clique aqui e saiba mais.<\/figcaption>\n\t\t<\/figure>\n\t<\/div>\n\n\n\n<p>O encontro aconteceu no Pal\u00e1cio do Planalto e foi proposto pelo executivo da <strong>Huawei<\/strong>. De acordo com o presidente, o assunto foi apenas sobre o desejo da empresa asi\u00e1tica de instalar o 5G, n\u00e3o foi debatido o leil\u00e3o de tecnologia que acontecer\u00e1 no segundo semestre de 2020.<\/p>\n<p>&#8220;N\u00e3o foi feita a proposta, ele apenas mostrou que quer 5G e como a empresa est\u00e1 no Brasil. A palavra leil\u00e3o eu n\u00e3o ouvi na reuni\u00e3o. Se ele falou, eu estava desatento&#8221;, salientou Bolsonaro.<\/p>\n<p><a href=\"http:\/\/bit.ly\/33ZNYfZ\">Black Friday Suno \u2013 as melhores an\u00e1lises sobre investimentos com descontos incr\u00edveis! Cadastre-se para ser o primeiro a saber<\/a><\/p>\n<p>O presidente informou ainda que h\u00e1 outra empresa que tamb\u00e9m quer instalar a tecnologia no Brasil.<\/p>\n<p>&#8220;Fiquei sabendo que tem uma empresa sul-coreana que tamb\u00e9m est\u00e1 em condi\u00e7\u00f5es para operar 5G. A melhor oferta a gente vai&#8230; a gente vai olhar para o lado do que, da oferta, n\u00e9? E conectividade, ai sim&#8221;, disse o presidente.<\/p>\n<p>A tecnologia 5G tem estado no centro da disputa comercial entre China e Estados Unidos, por isso, os norte-americanos tem pressionado o Brasil para excluir a asi\u00e1tica do leil\u00e3o.<\/p>\n<h2>Leil\u00e3o do 5G<\/h2>\n<p>A <strong>Ag\u00eancia Nacional de Telecomunica\u00e7\u00f5es (Anatel)<\/strong> decidiu realocar as frequ\u00eancias 2,3 GHz e 3,5 GHz ao 5G. A Anatel ainda est\u00e1 definindo as regras para o leil\u00e3o que est\u00e1 previsto para o segundo semestre de 2020. As operadoras <strong>Oi<\/strong>, <strong>Vivo<\/strong> e <strong>Tim<\/strong> demonstraram interesse em participar do <strong>leil\u00e3o<\/strong>.<\/p>\n\t<p>\n\t\t<a href=\"https:\/\/lp.suno.com.br\/ebook-como-analisar-uma-acao\/\" target=\"_blank\" data-element=\"shortcode-suno-banner\" title=\"Banner SUNO, clique e saiba mais\">\n\t\t\t<picture>\n\t\t\t\t<source media=\"(max-width: 500px)\" srcset=\"https:\/\/files.sunoresearch.com.br\/n\/uploads\/2023\/03\/Ebook-Acoes-Mobile.jpg\">\n\t\t\t\t<img class=\"newsContent__article__imgCapa newsContent__article__imgCapa--banner\"\n\t\t\t\t\tsrc=\"https:\/\/files.sunoresearch.com.br\/n\/uploads\/2023\/03\/Ebook-Acoes-Desktop.jpg\"\n\t\t\t\t\tdata-promo-id=\"378302\"\t\t\t\t\t\t\t\t\t\twidth='1420' height='286'\t\t\t\t\talt=\"https:\/\/files.sunoresearch.com.br\/n\/uploads\/2023\/03\/Ebook-Acoes-Desktop.jpg\"\n\t\t\t\t>\n\t\t\t<\/picture>\n\t\t<\/a>\n\t<\/p>\n\n\n<p>As operadoras manifestaram, no in\u00edcio do m\u00eas de novembro, seus desejos de que o leil\u00e3o da internet 5G seja adiado.<\/p>\n<p>O leil\u00e3o estava originalmente previsto para mar\u00e7o de 2020, contudo, a data exata n\u00e3o havia sido definida pela Anatel, as companhias j\u00e1 esperam um atraso. Para a Oi, uma poss\u00edvel posterga\u00e7\u00e3o ajudaria as companhias a se recuperarem ap\u00f3s os investimentos feitos nas redes 4G.<\/p>\n<p><a href=\"\/\/www.suno.com.br\/noticias\/huawei-eua-pressiona-brasil-tecnologia-5g\/\">Confira Tamb\u00e9m: Huawei: EUA pressiona o Brasil contra a entrada da tecnologia 5G<\/a><\/p>\n<p>Vivo e TIM declararam que preferem que o leil\u00e3o demore um pouco para que isso resulte em regras melhores ao setor. A <a href=\"https:\/\/www.youtube.com\/watch?v=7CLXveQkakg\"><strong>Huawei<\/strong><\/a>, a Nokia e empresa sul-coreana, mencionada por Bolsonaro, tamb\u00e9m demonstraram interesse.<\/p>\n","protected":false},"excerpt":{"rendered":"<p>O presidente da Rep\u00fablica, Jair Bolsonaro, afirmou, na \u00faltima segunda-feira (18), ap\u00f3s a reuni\u00e3o com o presidente-executivo da Huawei no Brasil, que a empresa asi\u00e1tica quer instalar 5G no Pa\u00eds. Tump est\u00e0 planejando proibir para a gigante tecnol\u00f3gica chinesa Huawei de fazer neg\u00f3cios com o governo dos EUA. Clique aqui e saiba mais. O encontro [&hellip;]<\/p>\n","protected":false},"author":15,"featured_media":38334,"comment_status":"closed","ping_status":"closed","sticky":false,"template":"","format":"standard","meta":[],"categories":[64],"tags":[826],"suno_strategy":[],"class_list":["post-45097","post","type-post","status-publish","format-standard","has-post-thumbnail","hentry","category-negocios","tag-huawei"],"yoast_head":"<!-- This site is optimized with the Yoast SEO plugin v24.4 - https:\/\/yoast.com\/wordpress\/plugins\/seo\/ -->\n<title>Bolsonaro diz que Huawei quer instalar 5G no Brasil<\/title>\n<meta name=\"description\" content=\"O presidente Bolsonaro afirmou ap\u00f3s a reuni\u00e3o com o presidente-executivo da Huawei no Brasil, que a empresa quer instalar 5G\" \/>\n<meta name=\"robots\" content=\"index, follow, max-snippet:-1, max-image-preview:large, max-video-preview:-1\" \/>\n<link rel=\"canonical\" href=\"https:\/\/www.suno.com.br\/noticias\/huawei-5g-leilao-instalar\/\" \/>\n<meta property=\"og:locale\" content=\"pt_BR\" \/>\n<meta property=\"og:type\" content=\"article\" \/>\n<meta property=\"og:title\" content=\"Bolsonaro diz que Huawei quer instalar 5G no Brasil\" \/>\n<meta property=\"og:description\" content=\"O presidente Bolsonaro afirmou ap\u00f3s a reuni\u00e3o com o presidente-executivo da Huawei no Brasil, que a empresa quer instalar 5G\" \/>\n<meta property=\"og:url\" content=\"https:\/\/www.suno.com.br\/noticias\/huawei-5g-leilao-instalar\/\" \/>\n<meta property=\"og:site_name\" content=\"Suno Not\u00edcias\" \/>\n<meta property=\"article:publisher\" content=\"https:\/\/facebook.com\/sunoresearch\" \/>\n<meta property=\"og:image\" content=\"https:\/\/files.sunoresearch.com.br\/n\/uploads\/2019\/09\/2e7d7afd-huawei.jpg\" \/>\n\t<meta property=\"og:image:width\" content=\"4500\" \/>\n\t<meta property=\"og:image:height\" content=\"3000\" \/>\n\t<meta property=\"og:image:type\" content=\"image\/jpeg\" \/>\n<meta name=\"author\" content=\"Poliana Santos\" \/>\n<meta name=\"twitter:card\" content=\"summary_large_image\" \/>\n<meta name=\"twitter:creator\" content=\"@sunoresearch\" \/>\n<meta name=\"twitter:site\" content=\"@sunoresearch\" \/>\n<meta name=\"twitter:label1\" content=\"Escrito por\" \/>\n\t<meta name=\"twitter:data1\" content=\"Poliana Santos\" \/>\n\t<meta name=\"twitter:label2\" content=\"Est. tempo de leitura\" \/>\n\t<meta name=\"twitter:data2\" content=\"2 minutos\" \/>\n<script type=\"application\/ld+json\" class=\"yoast-schema-graph\">{\"@context\":\"https:\/\/schema.org\",\"@graph\":[{\"@type\":\"NewsArticle\",\"@id\":\"https:\/\/www.suno.com.br\/noticias\/huawei-5g-leilao-instalar\/#article\",\"isPartOf\":{\"@id\":\"https:\/\/www.suno.com.br\/noticias\/huawei-5g-leilao-instalar\/\"},\"author\":{\"name\":\"Poliana Santos\",\"@id\":\"https:\/\/www.suno.com.br\/noticias\/#\/schema\/person\/02ec1f752758247878a2bf4abee1aeda\"},\"headline\":\"Bolsonaro diz que Huawei quer instalar 5G no Brasil\",\"datePublished\":\"2019-11-19T12:30:29+00:00\",\"mainEntityOfPage\":{\"@id\":\"https:\/\/www.suno.com.br\/noticias\/huawei-5g-leilao-instalar\/\"},\"wordCount\":422,\"publisher\":{\"@id\":\"https:\/\/www.suno.com.br\/noticias\/#organization\"},\"image\":{\"@id\":\"https:\/\/www.suno.com.br\/noticias\/huawei-5g-leilao-instalar\/#primaryimage\"},\"thumbnailUrl\":\"https:\/\/files.sunoresearch.com.br\/n\/uploads\/2019\/09\/2e7d7afd-huawei-scaled.webp\",\"keywords\":[\"Huawei\"],\"articleSection\":[\"Neg\u00f3cios\"],\"inLanguage\":\"pt-BR\"},{\"@type\":\"WebPage\",\"@id\":\"https:\/\/www.suno.com.br\/noticias\/huawei-5g-leilao-instalar\/\",\"url\":\"https:\/\/www.suno.com.br\/noticias\/huawei-5g-leilao-instalar\/\",\"name\":\"Bolsonaro diz que Huawei quer instalar 5G no Brasil\",\"isPartOf\":{\"@id\":\"https:\/\/www.suno.com.br\/noticias\/#website\"},\"primaryImageOfPage\":{\"@id\":\"https:\/\/www.suno.com.br\/noticias\/huawei-5g-leilao-instalar\/#primaryimage\"},\"image\":{\"@id\":\"https:\/\/www.suno.com.br\/noticias\/huawei-5g-leilao-instalar\/#primaryimage\"},\"thumbnailUrl\":\"https:\/\/files.sunoresearch.com.br\/n\/uploads\/2019\/09\/2e7d7afd-huawei-scaled.webp\",\"datePublished\":\"2019-11-19T12:30:29+00:00\",\"description\":\"O presidente Bolsonaro afirmou ap\u00f3s a reuni\u00e3o com o presidente-executivo da Huawei no Brasil, que a empresa quer instalar 5G\",\"breadcrumb\":{\"@id\":\"https:\/\/www.suno.com.br\/noticias\/huawei-5g-leilao-instalar\/#breadcrumb\"},\"inLanguage\":\"pt-BR\",\"potentialAction\":[{\"@type\":\"ReadAction\",\"target\":[\"https:\/\/www.suno.com.br\/noticias\/huawei-5g-leilao-instalar\/\"]}]},{\"@type\":\"ImageObject\",\"inLanguage\":\"pt-BR\",\"@id\":\"https:\/\/www.suno.com.br\/noticias\/huawei-5g-leilao-instalar\/#primaryimage\",\"url\":\"https:\/\/files.sunoresearch.com.br\/n\/uploads\/2019\/09\/2e7d7afd-huawei-scaled.webp\",\"contentUrl\":\"https:\/\/files.sunoresearch.com.br\/n\/uploads\/2019\/09\/2e7d7afd-huawei-scaled.webp\",\"width\":2560,\"height\":1707,\"caption\":\"Tump est\u00e0 planejando proibir para a gigante tecnol\u00f3gica chinesa Huawei de fazer neg\u00f3cios com o governo dos EUA. Clique aqui e saiba mais.\"},{\"@type\":\"BreadcrumbList\",\"@id\":\"https:\/\/www.suno.com.br\/noticias\/huawei-5g-leilao-instalar\/#breadcrumb\",\"itemListElement\":[{\"@type\":\"ListItem\",\"position\":1,\"name\":\"Not\u00edcias\",\"item\":\"https:\/\/www.suno.com.br\/noticias\/\"},{\"@type\":\"ListItem\",\"position\":2,\"name\":\"Neg\u00f3cios\",\"item\":\"https:\/\/www.suno.com.br\/noticias\/negocios\/\"},{\"@type\":\"ListItem\",\"position\":3,\"name\":\"Bolsonaro diz que Huawei quer instalar 5G no Brasil\"}]},{\"@type\":\"WebSite\",\"@id\":\"https:\/\/www.suno.com.br\/noticias\/#website\",\"url\":\"https:\/\/www.suno.com.br\/noticias\/\",\"name\":\"Suno Not\u00edcias\",\"description\":\"Seu portal de informa\u00e7\u00e3o sobre o mundo dos investimentos\",\"publisher\":{\"@id\":\"https:\/\/www.suno.com.br\/noticias\/#organization\"},\"potentialAction\":[{\"@type\":\"SearchAction\",\"target\":{\"@type\":\"EntryPoint\",\"urlTemplate\":\"https:\/\/www.suno.com.br\/noticias\/?s={search_term_string}\"},\"query-input\":{\"@type\":\"PropertyValueSpecification\",\"valueRequired\":true,\"valueName\":\"search_term_string\"}}],\"inLanguage\":\"pt-BR\"},{\"@type\":\"Organization\",\"@id\":\"https:\/\/www.suno.com.br\/noticias\/#organization\",\"name\":\"Suno Not\u00edcias\",\"url\":\"https:\/\/www.suno.com.br\/noticias\/\",\"logo\":{\"@type\":\"ImageObject\",\"inLanguage\":\"pt-BR\",\"@id\":\"https:\/\/www.suno.com.br\/noticias\/#\/schema\/logo\/image\/\",\"url\":\"https:\/\/files.sunoresearch.com.br\/n\/uploads\/2021\/09\/suno-logo.png\",\"contentUrl\":\"https:\/\/files.sunoresearch.com.br\/n\/uploads\/2021\/09\/suno-logo.png\",\"width\":180,\"height\":180,\"caption\":\"Suno Not\u00edcias\"},\"image\":{\"@id\":\"https:\/\/www.suno.com.br\/noticias\/#\/schema\/logo\/image\/\"},\"sameAs\":[\"https:\/\/facebook.com\/sunoresearch\",\"https:\/\/x.com\/sunoresearch\",\"https:\/\/www.instagram.com\/suno\",\"https:\/\/www.linkedin.com\/company\/suno-research\/\",\"https:\/\/www.youtube.com\/c\/sunoresearch\"]},{\"@type\":\"Person\",\"@id\":\"https:\/\/www.suno.com.br\/noticias\/#\/schema\/person\/02ec1f752758247878a2bf4abee1aeda\",\"name\":\"Poliana Santos\",\"image\":{\"@type\":\"ImageObject\",\"inLanguage\":\"pt-BR\",\"@id\":\"https:\/\/www.suno.com.br\/noticias\/#\/schema\/person\/image\/\",\"url\":\"https:\/\/secure.gravatar.com\/avatar\/0645bd32f23d87b2130f2b2dff1d3f8d?s=96&r=g\",\"contentUrl\":\"https:\/\/secure.gravatar.com\/avatar\/0645bd32f23d87b2130f2b2dff1d3f8d?s=96&r=g\",\"caption\":\"Poliana Santos\"},\"description\":\"Rep\u00f3rter no Suno Not\u00edcias, com cobertura em mercado financeiro, economia, finan\u00e7as pessoais, renda fixa e varejo. Jornalista formada pela Faculdade C\u00e1sper L\u00edbero e possui passagem na R\u00e1dio Gazeta AM com a produ\u00e7\u00e3o de conte\u00fado sobre economia, pol\u00edtica, sa\u00fade, moda e m\u00fasica. Possui certificado de conclus\u00e3o do curso de An\u00e1lise de Balan\u00e7os pela Funda\u00e7\u00e3o Bradesco, Agenda Brasil pela FAAP, Educa\u00e7\u00e3o Pol\u00edtica por Alexandre Garcia e do Tesouro Direto e Mercado de A\u00e7\u00f5es pela B3.\",\"url\":\"https:\/\/www.suno.com.br\/noticias\/author\/poliana-santos\/\"}]}<\/script>\n<!-- \/ Yoast SEO plugin. -->","yoast_head_json":{"title":"Bolsonaro diz que Huawei quer instalar 5G no Brasil","description":"O presidente Bolsonaro afirmou ap\u00f3s a reuni\u00e3o com o presidente-executivo da Huawei no Brasil, que a empresa quer instalar 5G","robots":{"index":"index","follow":"follow","max-snippet":"max-snippet:-1","max-image-preview":"max-image-preview:large","max-video-preview":"max-video-preview:-1"},"canonical":"https:\/\/www.suno.com.br\/noticias\/huawei-5g-leilao-instalar\/","og_locale":"pt_BR","og_type":"article","og_title":"Bolsonaro diz que Huawei quer instalar 5G no Brasil","og_description":"O presidente Bolsonaro afirmou ap\u00f3s a reuni\u00e3o com o presidente-executivo da Huawei no Brasil, que a empresa quer instalar 5G","og_url":"https:\/\/www.suno.com.br\/noticias\/huawei-5g-leilao-instalar\/","og_site_name":"Suno Not\u00edcias","article_publisher":"https:\/\/facebook.com\/sunoresearch","og_image":[{"width":4500,"height":3000,"url":"https:\/\/files.sunoresearch.com.br\/n\/uploads\/2019\/09\/2e7d7afd-huawei.jpg","type":"image\/jpeg"}],"author":"Poliana Santos","twitter_card":"summary_large_image","twitter_creator":"@sunoresearch","twitter_site":"@sunoresearch","twitter_misc":{"Escrito por":"Poliana Santos","Est. tempo de leitura":"2 minutos"},"schema":{"@context":"https:\/\/schema.org","@graph":[{"@type":"NewsArticle","@id":"https:\/\/www.suno.com.br\/noticias\/huawei-5g-leilao-instalar\/#article","isPartOf":{"@id":"https:\/\/www.suno.com.br\/noticias\/huawei-5g-leilao-instalar\/"},"author":{"name":"Poliana Santos","@id":"https:\/\/www.suno.com.br\/noticias\/#\/schema\/person\/02ec1f752758247878a2bf4abee1aeda"},"headline":"Bolsonaro diz que Huawei quer instalar 5G no Brasil","datePublished":"2019-11-19T12:30:29+00:00","mainEntityOfPage":{"@id":"https:\/\/www.suno.com.br\/noticias\/huawei-5g-leilao-instalar\/"},"wordCount":422,"publisher":{"@id":"https:\/\/www.suno.com.br\/noticias\/#organization"},"image":{"@id":"https:\/\/www.suno.com.br\/noticias\/huawei-5g-leilao-instalar\/#primaryimage"},"thumbnailUrl":"https:\/\/files.sunoresearch.com.br\/n\/uploads\/2019\/09\/2e7d7afd-huawei-scaled.webp","keywords":["Huawei"],"articleSection":["Neg\u00f3cios"],"inLanguage":"pt-BR"},{"@type":"WebPage","@id":"https:\/\/www.suno.com.br\/noticias\/huawei-5g-leilao-instalar\/","url":"https:\/\/www.suno.com.br\/noticias\/huawei-5g-leilao-instalar\/","name":"Bolsonaro diz que Huawei quer instalar 5G no Brasil","isPartOf":{"@id":"https:\/\/www.suno.com.br\/noticias\/#website"},"primaryImageOfPage":{"@id":"https:\/\/www.suno.com.br\/noticias\/huawei-5g-leilao-instalar\/#primaryimage"},"image":{"@id":"https:\/\/www.suno.com.br\/noticias\/huawei-5g-leilao-instalar\/#primaryimage"},"thumbnailUrl":"https:\/\/files.sunoresearch.com.br\/n\/uploads\/2019\/09\/2e7d7afd-huawei-scaled.webp","datePublished":"2019-11-19T12:30:29+00:00","description":"O presidente Bolsonaro afirmou ap\u00f3s a reuni\u00e3o com o presidente-executivo da Huawei no Brasil, que a empresa quer instalar 5G","breadcrumb":{"@id":"https:\/\/www.suno.com.br\/noticias\/huawei-5g-leilao-instalar\/#breadcrumb"},"inLanguage":"pt-BR","potentialAction":[{"@type":"ReadAction","target":["https:\/\/www.suno.com.br\/noticias\/huawei-5g-leilao-instalar\/"]}]},{"@type":"ImageObject","inLanguage":"pt-BR","@id":"https:\/\/www.suno.com.br\/noticias\/huawei-5g-leilao-instalar\/#primaryimage","url":"https:\/\/files.sunoresearch.com.br\/n\/uploads\/2019\/09\/2e7d7afd-huawei-scaled.webp","contentUrl":"https:\/\/files.sunoresearch.com.br\/n\/uploads\/2019\/09\/2e7d7afd-huawei-scaled.webp","width":2560,"height":1707,"caption":"Tump est\u00e0 planejando proibir para a gigante tecnol\u00f3gica chinesa Huawei de fazer neg\u00f3cios com o governo dos EUA. Clique aqui e saiba mais."},{"@type":"BreadcrumbList","@id":"https:\/\/www.suno.com.br\/noticias\/huawei-5g-leilao-instalar\/#breadcrumb","itemListElement":[{"@type":"ListItem","position":1,"name":"Not\u00edcias","item":"https:\/\/www.suno.com.br\/noticias\/"},{"@type":"ListItem","position":2,"name":"Neg\u00f3cios","item":"https:\/\/www.suno.com.br\/noticias\/negocios\/"},{"@type":"ListItem","position":3,"name":"Bolsonaro diz que Huawei quer instalar 5G no Brasil"}]},{"@type":"WebSite","@id":"https:\/\/www.suno.com.br\/noticias\/#website","url":"https:\/\/www.suno.com.br\/noticias\/","name":"Suno Not\u00edcias","description":"Seu portal de informa\u00e7\u00e3o sobre o mundo dos investimentos","publisher":{"@id":"https:\/\/www.suno.com.br\/noticias\/#organization"},"potentialAction":[{"@type":"SearchAction","target":{"@type":"EntryPoint","urlTemplate":"https:\/\/www.suno.com.br\/noticias\/?s={search_term_string}"},"query-input":{"@type":"PropertyValueSpecification","valueRequired":true,"valueName":"search_term_string"}}],"inLanguage":"pt-BR"},{"@type":"Organization","@id":"https:\/\/www.suno.com.br\/noticias\/#organization","name":"Suno Not\u00edcias","url":"https:\/\/www.suno.com.br\/noticias\/","logo":{"@type":"ImageObject","inLanguage":"pt-BR","@id":"https:\/\/www.suno.com.br\/noticias\/#\/schema\/logo\/image\/","url":"https:\/\/files.sunoresearch.com.br\/n\/uploads\/2021\/09\/suno-logo.png","contentUrl":"https:\/\/files.sunoresearch.com.br\/n\/uploads\/2021\/09\/suno-logo.png","width":180,"height":180,"caption":"Suno Not\u00edcias"},"image":{"@id":"https:\/\/www.suno.com.br\/noticias\/#\/schema\/logo\/image\/"},"sameAs":["https:\/\/facebook.com\/sunoresearch","https:\/\/x.com\/sunoresearch","https:\/\/www.instagram.com\/suno","https:\/\/www.linkedin.com\/company\/suno-research\/","https:\/\/www.youtube.com\/c\/sunoresearch"]},{"@type":"Person","@id":"https:\/\/www.suno.com.br\/noticias\/#\/schema\/person\/02ec1f752758247878a2bf4abee1aeda","name":"Poliana Santos","image":{"@type":"ImageObject","inLanguage":"pt-BR","@id":"https:\/\/www.suno.com.br\/noticias\/#\/schema\/person\/image\/","url":"https:\/\/secure.gravatar.com\/avatar\/0645bd32f23d87b2130f2b2dff1d3f8d?s=96&r=g","contentUrl":"https:\/\/secure.gravatar.com\/avatar\/0645bd32f23d87b2130f2b2dff1d3f8d?s=96&r=g","caption":"Poliana Santos"},"description":"Rep\u00f3rter no Suno Not\u00edcias, com cobertura em mercado financeiro, economia, finan\u00e7as pessoais, renda fixa e varejo. Jornalista formada pela Faculdade C\u00e1sper L\u00edbero e possui passagem na R\u00e1dio Gazeta AM com a produ\u00e7\u00e3o de conte\u00fado sobre economia, pol\u00edtica, sa\u00fade, moda e m\u00fasica. Possui certificado de conclus\u00e3o do curso de An\u00e1lise de Balan\u00e7os pela Funda\u00e7\u00e3o Bradesco, Agenda Brasil pela FAAP, Educa\u00e7\u00e3o Pol\u00edtica por Alexandre Garcia e do Tesouro Direto e Mercado de A\u00e7\u00f5es pela B3.","url":"https:\/\/www.suno.com.br\/noticias\/author\/poliana-santos\/"}]}},"default_loop_html":"<div class=\"cardsPage__listCard__boxs\"><div class=\"cardsPage__listCard__boxs__img\"><a href=\"https:\/\/www.suno.com.br\/noticias\/huawei-5g-leilao-instalar\/\"><img class=\"mask\" src=\"https:\/\/www.suno.com.br\/noticias\/wp-content\/themes\/suno\/resources\/images\/spotlight\/spotlight1img\/bg-mask.png\" alt=\"Image Mask\"\/><img src=\"https:\/\/files.sunoresearch.com.br\/n\/uploads\/2019\/09\/2e7d7afd-huawei-400x200.webp\" alt=\"Bolsonaro diz que Huawei quer instalar 5G no Brasil\"\/><\/a><span class=\"spotlightCategory\"><a href=\"https:\/\/www.suno.com.br\/noticias\/negocios\/\">Neg\u00f3cios<\/a><\/span><\/div><div class=\"cardsPage__listCard__boxs__content\"><a href=\"https:\/\/www.suno.com.br\/noticias\/huawei-5g-leilao-instalar\/\"><h2 class=\"content__title\">Bolsonaro diz que Huawei quer instalar 5G no Brasil<\/h2><\/a><div class=\"newsContent__article__meta\"><div class=\"newsContent__article__meta__authorBox\"><a href=\"https:\/\/www.suno.com.br\/noticias\/author\/poliana-santos\/\" class=\"authorBox__avatar noMobi\"><img src=\"https:\/\/files.sunoresearch.com.br\/n\/uploads\/2020\/08\/7ef34026-whatsapp-image-2020-08-03-at-12.37.57-150x150.webp\" alt=\"Poliana Santos\"><\/a><div class=\"authorBox__name\"><span>por\n\t\t\t<a href=\"https:\/\/www.suno.com.br\/noticias\/author\/poliana-santos\/\"><span itemprop=\"author\">Poliana Santos<\/span><\/a><\/span><time datetime=\"2019-11-19T10:30:29-03:00\" itemprop=\"datePublished\">19\/11\/2019 10:30<\/time><\/div><\/div><\/div><\/div><\/div>","single_layout":"posts","amp_enabled":true,"_links":{"self":[{"href":"https:\/\/www.suno.com.br\/noticias\/wp-json\/wp\/v2\/posts\/45097"}],"collection":[{"href":"https:\/\/www.suno.com.br\/noticias\/wp-json\/wp\/v2\/posts"}],"about":[{"href":"https:\/\/www.suno.com.br\/noticias\/wp-json\/wp\/v2\/types\/post"}],"author":[{"embeddable":true,"href":"https:\/\/www.suno.com.br\/noticias\/wp-json\/wp\/v2\/users\/15"}],"replies":[{"embeddable":true,"href":"https:\/\/www.suno.com.br\/noticias\/wp-json\/wp\/v2\/comments?post=45097"}],"version-history":[{"count":0,"href":"https:\/\/www.suno.com.br\/noticias\/wp-json\/wp\/v2\/posts\/45097\/revisions"}],"wp:featuredmedia":[{"embeddable":true,"href":"https:\/\/www.suno.com.br\/noticias\/wp-json\/wp\/v2\/media\/38334"}],"wp:attachment":[{"href":"https:\/\/www.suno.com.br\/noticias\/wp-json\/wp\/v2\/media?parent=45097"}],"wp:term":[{"taxonomy":"category","embeddable":true,"href":"https:\/\/www.suno.com.br\/noticias\/wp-json\/wp\/v2\/categories?post=45097"},{"taxonomy":"post_tag","embeddable":true,"href":"https:\/\/www.suno.com.br\/noticias\/wp-json\/wp\/v2\/tags?post=45097"},{"taxonomy":"suno_strategy","embeddable":true,"href":"https:\/\/www.suno.com.br\/noticias\/wp-json\/wp\/v2\/suno_strategy?post=45097"}],"curies":[{"name":"wp","href":"https:\/\/api.w.org\/{rel}","templated":true}]}}