{"id":450849,"date":"2023-09-01T20:27:54","date_gmt":"2023-09-01T23:27:54","guid":{"rendered":"https:\/\/www.suno.com.br\/noticias\/?p=450849"},"modified":"2023-09-01T20:27:56","modified_gmt":"2023-09-01T23:27:56","slug":"dolar-cai-semana-pib-semana-alta","status":"publish","type":"post","link":"https:\/\/www.suno.com.br\/noticias\/dolar-cai-semana-pib-semana-alta\/","title":{"rendered":"D\u00f3lar recua dia ap\u00f3s PIB, mas sobe na semana"},"content":{"rendered":"<p>Ap\u00f3s a arrancada da quinta-feira, 31, quando subiu 1,68% e flertou com os R$ 5,00 nas m\u00e1ximas, o <strong>d\u00f3lar<\/strong> \u00e0 vista apresentou leve recuo na sess\u00e3o desta sexta-feira, 1\u00ba de setembro. Passado o efeito de fatores t\u00e9cnicos sobre a forma\u00e7\u00e3o da taxa de c\u00e2mbio, como rolagem de contratos no segmento futuro e forma\u00e7\u00e3o da \u00faltima taxa ptax de agosto, houve uma acomoda\u00e7\u00e3o, com ajustes de posi\u00e7\u00f5es e realiza\u00e7\u00e3o de lucros.<\/p>\t<div class=\"wrapper-featured-image\">\n\t\t<figure class=\"spotlightImg\">\n\n\t\t\t<picture>\n\t\t\t\t<source media=\"(max-width: 768px)\" srcset=\"https:\/\/files.sunoresearch.com.br\/n\/uploads\/2023\/05\/dolar-100-us-eua-dinheiro-400x200.jpg\">\n\t\t\t\t<img loading=\"lazy\" decoding=\"async\" class=\"newsContent__article__imgCapa lazyloadDisabled \" src=\"https:\/\/files.sunoresearch.com.br\/n\/uploads\/2023\/05\/dolar-100-us-eua-dinheiro-800x450.jpg\" width=\"800\" height=\"450\" alt=\"D\u00f3lar recua dia ap\u00f3s PIB, mas sobe na semana\" fetchpriority=high \/>\n\t\t\t<\/picture>\n\n\t\t\t<figcaption class=\"wp-caption-text wp-caption-text--show\">D\u00f3lar - Foto: iStock<\/figcaption>\n\t\t<\/figure>\n\t<\/div>\n\n\n\n\n\n\t<p>\n\t\t<a href=\"\" target=\"_blank\" data-element=\"shortcode-suno-banner\" title=\"Banner SUNO, clique e saiba mais\">\n\t\t\t<picture>\n\t\t\t\t<source media=\"(max-width: 500px)\" srcset=\"\">\n\t\t\t\t<img class=\"newsContent__article__imgCapa newsContent__article__imgCapa--banner\"\n\t\t\t\t\tsrc=\"\"\n\t\t\t\t\tdata-promo-id=\"240038\"\t\t\t\t\t\t\t\t\t\t\t\t\t\t\talt=\"\"\n\t\t\t\t>\n\t\t\t<\/picture>\n\t\t<\/a>\n\t<\/p>\n\n\n\n\n\n\n\n<p>Segundo operadores, a alta das commodities, em meio a dados positivos da ind\u00fastria da China, que anunciou medidas de apoio ao setor imobili\u00e1rio, e o resultado mais forte do que o esperado do <a class=\"suno-keyword\" target=\"_blank\" data-force=\"no\" data-priority=\"2\" href=\"https:\/\/www.suno.com.br\/artigos\/pib-produto-interno-bruto\/\" rel=\"noopener\">Produto Interno Bruto (PIB)<\/a> brasileiro no segundo trimestre abriram espa\u00e7o para <strong>queda do d\u00f3lar<\/strong>. Moedas pares do real, como peso chileno, peso colombiano e rand sul-africano tamb\u00e9m se valorizaram.<\/p>\n\n\n\n<p>Nas primeiras horas de negocia\u00e7\u00e3o, a <strong>divisa dos EUA<\/strong> amea\u00e7ou romper o piso de R$ 4,90 com o exterior, na esteira da divulga\u00e7\u00e3o do relat\u00f3rio de emprego nos EUA, e tocou m\u00ednima a R$ 4,9005. O ritmo de baixa diminuiu ainda pela manh\u00e3 e, com m\u00e1xima a R$ 4,9481, o d\u00f3lar \u00e0 vista encerrou o dia cotado a R$ 4,9405, em queda de 0,21%. Na semana, contudo, a moeda acumula valoriza\u00e7\u00e3o de 1,33%, atribu\u00edda, em parte, ao aumento dos pr\u00eamios de risco em raz\u00e3o de d\u00favidas sobre a gest\u00e3o da <a class=\"suno-keyword\" target=\"_blank\" data-force=\"no\" data-priority=\"1\" href=\"https:\/\/www.suno.com.br\/artigos\/politica-fiscal\/\" rel=\"noopener\">pol\u00edtica fiscal<\/a>. <\/p>\n\n\n\n<p>Consultor econ\u00f4mico da Remessa Online, Andr\u00e9 Galhardo observa que houve desconforto com os vetos do presidente Luiz In\u00e1cio Lula da Silva na san\u00e7\u00e3o do novo arcabou\u00e7o fiscal, o que ajudou a impulsionar o d\u00f3lar no mercado local. Foi vetado por Lula o item que impedia a Lei de Diretrizes Or\u00e7ament\u00e1rias (LDO) de excluir despesa do c\u00e1lculo da <a class=\"suno-keyword\" target=\"_blank\" data-force=\"no\" data-priority=\"1\" href=\"https:\/\/www.suno.com.br\/artigos\/meta-fiscal\/\" rel=\"noopener\">meta fiscal<\/a> &#8211; o que trouxe preocupa\u00e7\u00f5es em torno de aumento de gastos. <\/p>\n\n\n\n<p>Para o consultor, houve certo exagero, contudo, na rea\u00e7\u00e3o dos investidores ao Projeto de Lei Or\u00e7ament\u00e1ria Anual (PLOA), divulgado na quinta, em que o governo estipula ampliar as receitas em R$ 168 bilh\u00f5es para cumprir a <a class=\"suno-keyword\" target=\"_blank\" data-force=\"no\" data-priority=\"1\" href=\"https:\/\/www.suno.com.br\/artigos\/meta-fiscal\/\" rel=\"noopener\">meta fiscal<\/a> de <a class=\"suno-keyword\" target=\"_blank\" data-force=\"no\" data-priority=\"1\" href=\"https:\/\/www.suno.com.br\/artigos\/deficit-primario\/\" rel=\"noopener\">d\u00e9ficit prim\u00e1rio<\/a> zero em rela\u00e7\u00e3o ao PIB em 2024. <\/p>\n\n\n\n<p>&#8220;N\u00e3o entendo por que o mercado ficou em polvorosa com o or\u00e7amento, que veio em linha com o esperado. O governo tem que perseguir uma meta. Existe dificuldade em ampliar receitas, mas, se o resultado j\u00e1 for melhor na margem, o cen\u00e1rio se torna mais benigno&#8221;, afirma Galhardo, para quem o mercado pode se &#8220;acalmar em rela\u00e7\u00e3o ao or\u00e7amento nas pr\u00f3ximas semanas&#8221;, o que pode beneficiar o real.<\/p>\n\n\n\n<p>Pela manh\u00e3, o IBGE divulgou que o PIB do segundo trimestre subiu 0,9% em rela\u00e7\u00e3o ao primeiro, acima da mediana de analistas ouvidos pelo Proje\u00e7\u00f5es Broadcast (0,3%). Na compara\u00e7\u00e3o anual, houve alta de 3,40%, tamb\u00e9m superior \u00e0 mediana (2,7%).<\/p>\n\n\n\t<p>\n\t\t<a href=\"https:\/\/lp.suno.com.br\/ebook-gratuito-investindo-no-exterior\/\" target=\"_blank\" data-element=\"shortcode-suno-banner\" title=\"Banner SUNO, clique e saiba mais\">\n\t\t\t<picture>\n\t\t\t\t<source media=\"(max-width: 500px)\" srcset=\"https:\/\/files.sunoresearch.com.br\/n\/uploads\/2023\/03\/400x300-Investindo-no-exterior.png\">\n\t\t\t\t<img class=\"newsContent__article__imgCapa newsContent__article__imgCapa--banner\"\n\t\t\t\t\tsrc=\"https:\/\/files.sunoresearch.com.br\/n\/uploads\/2023\/03\/1420x240-Investindo-no-exterior.png\"\n\t\t\t\t\tdata-promo-id=\"383161\"\t\t\t\t\t\t\t\t\t\twidth='1420' height='240'\t\t\t\t\talt=\"https:\/\/files.sunoresearch.com.br\/n\/uploads\/2023\/03\/1420x240-Investindo-no-exterior.png\"\n\t\t\t\t>\n\t\t\t<\/picture>\n\t\t<\/a>\n\t<\/p>\n\n\n\n\n\n<p>Casas como BTG Pactual, JP Morgan e Bradesco revisaram para cima as estimativas para crescimento do PIB neste ano. O ministro da Fazenda, Fernando Haddad, disse que a pasta vai revisar a estimativa para o PIB neste ano, atualmente de 2,5%. Segundo o ministro, a economia brasileira deve encerrar este ano com crescimento em torno de 3%. <\/p>\n\n\n\n<p>No exterior, o <a class=\"suno-keyword\" target=\"_blank\" data-force=\"no\" data-priority=\"1\" href=\"https:\/\/www.suno.com.br\/artigos\/dxy\/\" rel=\"noopener\">\u00edndice DXY<\/a> &#8211; term\u00f4metro do<strong> comportamento do d\u00f3lar<\/strong> frente a moedas fortes &#8211; operava em alta firme no fim da tarde, ao redor de 104,200 pontos. <\/p>\n\n\n\n<p>Pela manh\u00e3, o Dollar Index recuou e tocou m\u00ednima aos 103,272 pontos com a divulga\u00e7\u00e3o do payroll. Houve cria\u00e7\u00e3o de 187 mil vagas nos EUA em agosto, acima do esperado (175 mil). Mas sal\u00e1rio m\u00e9dio cresceu aqu\u00e9m das expectativas e taxa de desprego subiu de 3,5% para 3,8% &#8211; pontos que sugerem press\u00f5es inflacion\u00e1rias menores e, em consequ\u00eancia, fim da alta de juros nos EUA. <\/p>\n\n\n\n<p>Dados mais fortes da ind\u00fastria dos EUA em agosto e declara\u00e7\u00f5es da presidente do Fed de Cleveland, Loretta Mester, deram for\u00e7a novamente ao DXY. Segundo Mester, h\u00e1 d\u00favida se os juros dos EUA est\u00e3o nos n\u00edveis restritivos necess\u00e1rios para conter a infla\u00e7\u00e3o, o que tamb\u00e9m deve causar impacto no d\u00f3lar.<\/p>\n\n\n\n<p><em>Com Estad\u00e3o Conte\u00fado<\/em><\/p>\n\n\n\t<p>\n\t\t<a href=\"https:\/\/lp.suno.com.br\/planilha-da-vida-financeira\/\" target=\"_blank\" data-element=\"shortcode-suno-banner\" title=\"Banner SUNO, clique e saiba mais\">\n\t\t\t<picture>\n\t\t\t\t<source media=\"(max-width: 500px)\" srcset=\"https:\/\/files.sunoresearch.com.br\/n\/uploads\/2023\/04\/400x300-Planilha-vida-financeira-true.png\">\n\t\t\t\t<img class=\"newsContent__article__imgCapa newsContent__article__imgCapa--banner\"\n\t\t\t\t\tsrc=\"https:\/\/files.sunoresearch.com.br\/n\/uploads\/2023\/04\/1420x240-Planilha-vida-financeira-true.png\"\n\t\t\t\t\tdata-promo-id=\"383123\"\t\t\t\t\t\t\t\t\t\twidth='1420' height='240'\t\t\t\t\talt=\"https:\/\/files.sunoresearch.com.br\/n\/uploads\/2023\/04\/1420x240-Planilha-vida-financeira-true.png\"\n\t\t\t\t>\n\t\t\t<\/picture>\n\t\t<\/a>\n\t<\/p>\n\n\n","protected":false},"excerpt":{"rendered":"<p>Ap\u00f3s a arrancada da quinta-feira, 31, quando subiu 1,68% e flertou com os R$ 5,00 nas m\u00e1ximas, o d\u00f3lar \u00e0 vista apresentou leve recuo na sess\u00e3o desta sexta-feira, 1\u00ba de setembro. Passado o efeito de fatores t\u00e9cnicos sobre a forma\u00e7\u00e3o da taxa de c\u00e2mbio, como rolagem de contratos no segmento futuro e forma\u00e7\u00e3o da \u00faltima [&hellip;]<\/p>\n","protected":false},"author":43,"featured_media":408461,"comment_status":"closed","ping_status":"closed","sticky":false,"template":"","format":"standard","meta":[],"categories":[60],"tags":[326,807],"suno_strategy":[],"class_list":["post-450849","post","type-post","status-publish","format-standard","has-post-thumbnail","hentry","category-mercado","tag-dolar","tag-produto-interno-bruto-pib"],"yoast_head":"<!-- This site is optimized with the Yoast SEO plugin v24.4 - https:\/\/yoast.com\/wordpress\/plugins\/seo\/ -->\n<title>D\u00f3lar recua dia ap\u00f3s PIB, mas sobe na semana<\/title>\n<meta name=\"description\" content=\"Ap\u00f3s a arrancada da quinta (31), quando flertou com os R$ 5, o d\u00f3lar \u00e0 vista apresentou leve recuo na sess\u00e3o desta sexta-feira (1\u00ba)\" \/>\n<meta name=\"robots\" content=\"index, follow, max-snippet:-1, max-image-preview:large, max-video-preview:-1\" \/>\n<link rel=\"canonical\" href=\"https:\/\/www.suno.com.br\/noticias\/dolar-cai-semana-pib-semana-alta\/\" \/>\n<meta property=\"og:locale\" content=\"pt_BR\" \/>\n<meta property=\"og:type\" content=\"article\" \/>\n<meta property=\"og:title\" content=\"D\u00f3lar recua dia ap\u00f3s PIB, mas sobe na semana\" \/>\n<meta property=\"og:description\" content=\"Ap\u00f3s a arrancada da quinta (31), quando flertou com os R$ 5, o d\u00f3lar \u00e0 vista apresentou leve recuo na sess\u00e3o desta sexta-feira (1\u00ba)\" \/>\n<meta property=\"og:url\" content=\"https:\/\/www.suno.com.br\/noticias\/dolar-cai-semana-pib-semana-alta\/\" \/>\n<meta property=\"og:site_name\" content=\"Suno Not\u00edcias\" \/>\n<meta property=\"article:publisher\" content=\"https:\/\/facebook.com\/sunoresearch\" \/>\n<meta property=\"article:author\" content=\"https:\/\/www.facebook.com\/sunonoticias\/\" \/>\n<meta property=\"og:image\" content=\"https:\/\/files.sunoresearch.com.br\/n\/uploads\/2023\/05\/dolar-100-us-eua-dinheiro.jpg\" \/>\n\t<meta property=\"og:image:width\" content=\"1200\" \/>\n\t<meta property=\"og:image:height\" content=\"800\" \/>\n\t<meta property=\"og:image:type\" content=\"image\/jpeg\" \/>\n<meta name=\"author\" content=\"Reda\u00e7\u00e3o Suno Not\u00edcias\" \/>\n<meta name=\"twitter:card\" content=\"summary_large_image\" \/>\n<meta name=\"twitter:creator\" content=\"@https:\/\/twitter.com\/sunoresearch\" \/>\n<meta name=\"twitter:site\" content=\"@sunoresearch\" \/>\n<meta name=\"twitter:label1\" content=\"Escrito por\" \/>\n\t<meta name=\"twitter:data1\" content=\"Reda\u00e7\u00e3o Suno Not\u00edcias\" \/>\n\t<meta name=\"twitter:label2\" content=\"Est. tempo de leitura\" \/>\n\t<meta name=\"twitter:data2\" content=\"4 minutos\" \/>\n<script type=\"application\/ld+json\" class=\"yoast-schema-graph\">{\"@context\":\"https:\/\/schema.org\",\"@graph\":[{\"@type\":\"NewsArticle\",\"@id\":\"https:\/\/www.suno.com.br\/noticias\/dolar-cai-semana-pib-semana-alta\/#article\",\"isPartOf\":{\"@id\":\"https:\/\/www.suno.com.br\/noticias\/dolar-cai-semana-pib-semana-alta\/\"},\"author\":{\"name\":\"Reda\u00e7\u00e3o Suno Not\u00edcias\",\"@id\":\"https:\/\/www.suno.com.br\/noticias\/#\/schema\/person\/c1b1bd3727fa852bd045e9dbff3673ea\"},\"headline\":\"D\u00f3lar recua dia ap\u00f3s PIB, mas sobe na semana\",\"datePublished\":\"2023-09-01T23:27:54+00:00\",\"dateModified\":\"2023-09-01T23:27:56+00:00\",\"mainEntityOfPage\":{\"@id\":\"https:\/\/www.suno.com.br\/noticias\/dolar-cai-semana-pib-semana-alta\/\"},\"wordCount\":725,\"publisher\":{\"@id\":\"https:\/\/www.suno.com.br\/noticias\/#organization\"},\"image\":{\"@id\":\"https:\/\/www.suno.com.br\/noticias\/dolar-cai-semana-pib-semana-alta\/#primaryimage\"},\"thumbnailUrl\":\"https:\/\/files.sunoresearch.com.br\/n\/uploads\/2023\/05\/dolar-100-us-eua-dinheiro.jpg\",\"keywords\":[\"d\u00f3lar\",\"Produto Interno Bruto (PIB)\"],\"articleSection\":[\"Mercado\"],\"inLanguage\":\"pt-BR\"},{\"@type\":\"WebPage\",\"@id\":\"https:\/\/www.suno.com.br\/noticias\/dolar-cai-semana-pib-semana-alta\/\",\"url\":\"https:\/\/www.suno.com.br\/noticias\/dolar-cai-semana-pib-semana-alta\/\",\"name\":\"D\u00f3lar recua dia ap\u00f3s PIB, mas sobe na semana\",\"isPartOf\":{\"@id\":\"https:\/\/www.suno.com.br\/noticias\/#website\"},\"primaryImageOfPage\":{\"@id\":\"https:\/\/www.suno.com.br\/noticias\/dolar-cai-semana-pib-semana-alta\/#primaryimage\"},\"image\":{\"@id\":\"https:\/\/www.suno.com.br\/noticias\/dolar-cai-semana-pib-semana-alta\/#primaryimage\"},\"thumbnailUrl\":\"https:\/\/files.sunoresearch.com.br\/n\/uploads\/2023\/05\/dolar-100-us-eua-dinheiro.jpg\",\"datePublished\":\"2023-09-01T23:27:54+00:00\",\"dateModified\":\"2023-09-01T23:27:56+00:00\",\"description\":\"Ap\u00f3s a arrancada da quinta (31), quando flertou com os R$ 5, o d\u00f3lar \u00e0 vista apresentou leve recuo na sess\u00e3o desta sexta-feira (1\u00ba)\",\"breadcrumb\":{\"@id\":\"https:\/\/www.suno.com.br\/noticias\/dolar-cai-semana-pib-semana-alta\/#breadcrumb\"},\"inLanguage\":\"pt-BR\",\"potentialAction\":[{\"@type\":\"ReadAction\",\"target\":[\"https:\/\/www.suno.com.br\/noticias\/dolar-cai-semana-pib-semana-alta\/\"]}]},{\"@type\":\"ImageObject\",\"inLanguage\":\"pt-BR\",\"@id\":\"https:\/\/www.suno.com.br\/noticias\/dolar-cai-semana-pib-semana-alta\/#primaryimage\",\"url\":\"https:\/\/files.sunoresearch.com.br\/n\/uploads\/2023\/05\/dolar-100-us-eua-dinheiro.jpg\",\"contentUrl\":\"https:\/\/files.sunoresearch.com.br\/n\/uploads\/2023\/05\/dolar-100-us-eua-dinheiro.jpg\",\"width\":1200,\"height\":800,\"caption\":\"D\u00f3lar - Foto: iStock\"},{\"@type\":\"BreadcrumbList\",\"@id\":\"https:\/\/www.suno.com.br\/noticias\/dolar-cai-semana-pib-semana-alta\/#breadcrumb\",\"itemListElement\":[{\"@type\":\"ListItem\",\"position\":1,\"name\":\"Not\u00edcias\",\"item\":\"https:\/\/www.suno.com.br\/noticias\/\"},{\"@type\":\"ListItem\",\"position\":2,\"name\":\"Mercado\",\"item\":\"https:\/\/www.suno.com.br\/noticias\/mercado\/\"},{\"@type\":\"ListItem\",\"position\":3,\"name\":\"D\u00f3lar recua dia ap\u00f3s PIB, mas sobe na semana\"}]},{\"@type\":\"WebSite\",\"@id\":\"https:\/\/www.suno.com.br\/noticias\/#website\",\"url\":\"https:\/\/www.suno.com.br\/noticias\/\",\"name\":\"Suno Not\u00edcias\",\"description\":\"Seu portal de informa\u00e7\u00e3o sobre o mundo dos investimentos\",\"publisher\":{\"@id\":\"https:\/\/www.suno.com.br\/noticias\/#organization\"},\"potentialAction\":[{\"@type\":\"SearchAction\",\"target\":{\"@type\":\"EntryPoint\",\"urlTemplate\":\"https:\/\/www.suno.com.br\/noticias\/?s={search_term_string}\"},\"query-input\":{\"@type\":\"PropertyValueSpecification\",\"valueRequired\":true,\"valueName\":\"search_term_string\"}}],\"inLanguage\":\"pt-BR\"},{\"@type\":\"Organization\",\"@id\":\"https:\/\/www.suno.com.br\/noticias\/#organization\",\"name\":\"Suno Not\u00edcias\",\"url\":\"https:\/\/www.suno.com.br\/noticias\/\",\"logo\":{\"@type\":\"ImageObject\",\"inLanguage\":\"pt-BR\",\"@id\":\"https:\/\/www.suno.com.br\/noticias\/#\/schema\/logo\/image\/\",\"url\":\"https:\/\/files.sunoresearch.com.br\/n\/uploads\/2021\/09\/suno-logo.png\",\"contentUrl\":\"https:\/\/files.sunoresearch.com.br\/n\/uploads\/2021\/09\/suno-logo.png\",\"width\":180,\"height\":180,\"caption\":\"Suno Not\u00edcias\"},\"image\":{\"@id\":\"https:\/\/www.suno.com.br\/noticias\/#\/schema\/logo\/image\/\"},\"sameAs\":[\"https:\/\/facebook.com\/sunoresearch\",\"https:\/\/x.com\/sunoresearch\",\"https:\/\/www.instagram.com\/suno\",\"https:\/\/www.linkedin.com\/company\/suno-research\/\",\"https:\/\/www.youtube.com\/c\/sunoresearch\"]},{\"@type\":\"Person\",\"@id\":\"https:\/\/www.suno.com.br\/noticias\/#\/schema\/person\/c1b1bd3727fa852bd045e9dbff3673ea\",\"name\":\"Reda\u00e7\u00e3o Suno Not\u00edcias\",\"image\":{\"@type\":\"ImageObject\",\"inLanguage\":\"pt-BR\",\"@id\":\"https:\/\/www.suno.com.br\/noticias\/#\/schema\/person\/image\/\",\"url\":\"https:\/\/secure.gravatar.com\/avatar\/b8104b9b5a71985d5238ee59fbe418af?s=96&r=g\",\"contentUrl\":\"https:\/\/secure.gravatar.com\/avatar\/b8104b9b5a71985d5238ee59fbe418af?s=96&r=g\",\"caption\":\"Reda\u00e7\u00e3o Suno Not\u00edcias\"},\"description\":\"O Suno Not\u00edcias \u00e9 um portal de informa\u00e7\u00f5es sobre Mercado Financeiro, Pol\u00edtica, Neg\u00f3cios, Economia e Finan\u00e7as Pessoais.\",\"sameAs\":[\"https:\/\/www.suno.com.br\/noticias\",\"https:\/\/www.facebook.com\/sunonoticias\/\",\"https:\/\/www.instagram.com\/sunonoticias\/\",\"https:\/\/x.com\/https:\/\/twitter.com\/sunoresearch\",\"https:\/\/www.youtube.com\/sunonoticias\"],\"url\":\"https:\/\/www.suno.com.br\/noticias\/author\/redacao-suno\/\"}]}<\/script>\n<!-- \/ Yoast SEO plugin. -->","yoast_head_json":{"title":"D\u00f3lar recua dia ap\u00f3s PIB, mas sobe na semana","description":"Ap\u00f3s a arrancada da quinta (31), quando flertou com os R$ 5, o d\u00f3lar \u00e0 vista apresentou leve recuo na sess\u00e3o desta sexta-feira (1\u00ba)","robots":{"index":"index","follow":"follow","max-snippet":"max-snippet:-1","max-image-preview":"max-image-preview:large","max-video-preview":"max-video-preview:-1"},"canonical":"https:\/\/www.suno.com.br\/noticias\/dolar-cai-semana-pib-semana-alta\/","og_locale":"pt_BR","og_type":"article","og_title":"D\u00f3lar recua dia ap\u00f3s PIB, mas sobe na semana","og_description":"Ap\u00f3s a arrancada da quinta (31), quando flertou com os R$ 5, o d\u00f3lar \u00e0 vista apresentou leve recuo na sess\u00e3o desta sexta-feira (1\u00ba)","og_url":"https:\/\/www.suno.com.br\/noticias\/dolar-cai-semana-pib-semana-alta\/","og_site_name":"Suno Not\u00edcias","article_publisher":"https:\/\/facebook.com\/sunoresearch","article_author":"https:\/\/www.facebook.com\/sunonoticias\/","og_image":[{"width":1200,"height":800,"url":"https:\/\/files.sunoresearch.com.br\/n\/uploads\/2023\/05\/dolar-100-us-eua-dinheiro.jpg","type":"image\/jpeg"}],"author":"Reda\u00e7\u00e3o Suno Not\u00edcias","twitter_card":"summary_large_image","twitter_creator":"@https:\/\/twitter.com\/sunoresearch","twitter_site":"@sunoresearch","twitter_misc":{"Escrito por":"Reda\u00e7\u00e3o Suno Not\u00edcias","Est. tempo de leitura":"4 minutos"},"schema":{"@context":"https:\/\/schema.org","@graph":[{"@type":"NewsArticle","@id":"https:\/\/www.suno.com.br\/noticias\/dolar-cai-semana-pib-semana-alta\/#article","isPartOf":{"@id":"https:\/\/www.suno.com.br\/noticias\/dolar-cai-semana-pib-semana-alta\/"},"author":{"name":"Reda\u00e7\u00e3o Suno Not\u00edcias","@id":"https:\/\/www.suno.com.br\/noticias\/#\/schema\/person\/c1b1bd3727fa852bd045e9dbff3673ea"},"headline":"D\u00f3lar recua dia ap\u00f3s PIB, mas sobe na semana","datePublished":"2023-09-01T23:27:54+00:00","dateModified":"2023-09-01T23:27:56+00:00","mainEntityOfPage":{"@id":"https:\/\/www.suno.com.br\/noticias\/dolar-cai-semana-pib-semana-alta\/"},"wordCount":725,"publisher":{"@id":"https:\/\/www.suno.com.br\/noticias\/#organization"},"image":{"@id":"https:\/\/www.suno.com.br\/noticias\/dolar-cai-semana-pib-semana-alta\/#primaryimage"},"thumbnailUrl":"https:\/\/files.sunoresearch.com.br\/n\/uploads\/2023\/05\/dolar-100-us-eua-dinheiro.jpg","keywords":["d\u00f3lar","Produto Interno Bruto (PIB)"],"articleSection":["Mercado"],"inLanguage":"pt-BR"},{"@type":"WebPage","@id":"https:\/\/www.suno.com.br\/noticias\/dolar-cai-semana-pib-semana-alta\/","url":"https:\/\/www.suno.com.br\/noticias\/dolar-cai-semana-pib-semana-alta\/","name":"D\u00f3lar recua dia ap\u00f3s PIB, mas sobe na semana","isPartOf":{"@id":"https:\/\/www.suno.com.br\/noticias\/#website"},"primaryImageOfPage":{"@id":"https:\/\/www.suno.com.br\/noticias\/dolar-cai-semana-pib-semana-alta\/#primaryimage"},"image":{"@id":"https:\/\/www.suno.com.br\/noticias\/dolar-cai-semana-pib-semana-alta\/#primaryimage"},"thumbnailUrl":"https:\/\/files.sunoresearch.com.br\/n\/uploads\/2023\/05\/dolar-100-us-eua-dinheiro.jpg","datePublished":"2023-09-01T23:27:54+00:00","dateModified":"2023-09-01T23:27:56+00:00","description":"Ap\u00f3s a arrancada da quinta (31), quando flertou com os R$ 5, o d\u00f3lar \u00e0 vista apresentou leve recuo na sess\u00e3o desta sexta-feira (1\u00ba)","breadcrumb":{"@id":"https:\/\/www.suno.com.br\/noticias\/dolar-cai-semana-pib-semana-alta\/#breadcrumb"},"inLanguage":"pt-BR","potentialAction":[{"@type":"ReadAction","target":["https:\/\/www.suno.com.br\/noticias\/dolar-cai-semana-pib-semana-alta\/"]}]},{"@type":"ImageObject","inLanguage":"pt-BR","@id":"https:\/\/www.suno.com.br\/noticias\/dolar-cai-semana-pib-semana-alta\/#primaryimage","url":"https:\/\/files.sunoresearch.com.br\/n\/uploads\/2023\/05\/dolar-100-us-eua-dinheiro.jpg","contentUrl":"https:\/\/files.sunoresearch.com.br\/n\/uploads\/2023\/05\/dolar-100-us-eua-dinheiro.jpg","width":1200,"height":800,"caption":"D\u00f3lar - Foto: iStock"},{"@type":"BreadcrumbList","@id":"https:\/\/www.suno.com.br\/noticias\/dolar-cai-semana-pib-semana-alta\/#breadcrumb","itemListElement":[{"@type":"ListItem","position":1,"name":"Not\u00edcias","item":"https:\/\/www.suno.com.br\/noticias\/"},{"@type":"ListItem","position":2,"name":"Mercado","item":"https:\/\/www.suno.com.br\/noticias\/mercado\/"},{"@type":"ListItem","position":3,"name":"D\u00f3lar recua dia ap\u00f3s PIB, mas sobe na semana"}]},{"@type":"WebSite","@id":"https:\/\/www.suno.com.br\/noticias\/#website","url":"https:\/\/www.suno.com.br\/noticias\/","name":"Suno Not\u00edcias","description":"Seu portal de informa\u00e7\u00e3o sobre o mundo dos investimentos","publisher":{"@id":"https:\/\/www.suno.com.br\/noticias\/#organization"},"potentialAction":[{"@type":"SearchAction","target":{"@type":"EntryPoint","urlTemplate":"https:\/\/www.suno.com.br\/noticias\/?s={search_term_string}"},"query-input":{"@type":"PropertyValueSpecification","valueRequired":true,"valueName":"search_term_string"}}],"inLanguage":"pt-BR"},{"@type":"Organization","@id":"https:\/\/www.suno.com.br\/noticias\/#organization","name":"Suno Not\u00edcias","url":"https:\/\/www.suno.com.br\/noticias\/","logo":{"@type":"ImageObject","inLanguage":"pt-BR","@id":"https:\/\/www.suno.com.br\/noticias\/#\/schema\/logo\/image\/","url":"https:\/\/files.sunoresearch.com.br\/n\/uploads\/2021\/09\/suno-logo.png","contentUrl":"https:\/\/files.sunoresearch.com.br\/n\/uploads\/2021\/09\/suno-logo.png","width":180,"height":180,"caption":"Suno Not\u00edcias"},"image":{"@id":"https:\/\/www.suno.com.br\/noticias\/#\/schema\/logo\/image\/"},"sameAs":["https:\/\/facebook.com\/sunoresearch","https:\/\/x.com\/sunoresearch","https:\/\/www.instagram.com\/suno","https:\/\/www.linkedin.com\/company\/suno-research\/","https:\/\/www.youtube.com\/c\/sunoresearch"]},{"@type":"Person","@id":"https:\/\/www.suno.com.br\/noticias\/#\/schema\/person\/c1b1bd3727fa852bd045e9dbff3673ea","name":"Reda\u00e7\u00e3o Suno Not\u00edcias","image":{"@type":"ImageObject","inLanguage":"pt-BR","@id":"https:\/\/www.suno.com.br\/noticias\/#\/schema\/person\/image\/","url":"https:\/\/secure.gravatar.com\/avatar\/b8104b9b5a71985d5238ee59fbe418af?s=96&r=g","contentUrl":"https:\/\/secure.gravatar.com\/avatar\/b8104b9b5a71985d5238ee59fbe418af?s=96&r=g","caption":"Reda\u00e7\u00e3o Suno Not\u00edcias"},"description":"O Suno Not\u00edcias \u00e9 um portal de informa\u00e7\u00f5es sobre Mercado Financeiro, Pol\u00edtica, Neg\u00f3cios, Economia e Finan\u00e7as Pessoais.","sameAs":["https:\/\/www.suno.com.br\/noticias","https:\/\/www.facebook.com\/sunonoticias\/","https:\/\/www.instagram.com\/sunonoticias\/","https:\/\/x.com\/https:\/\/twitter.com\/sunoresearch","https:\/\/www.youtube.com\/sunonoticias"],"url":"https:\/\/www.suno.com.br\/noticias\/author\/redacao-suno\/"}]}},"default_loop_html":"<div class=\"cardsPage__listCard__boxs\"><div class=\"cardsPage__listCard__boxs__img\"><a href=\"https:\/\/www.suno.com.br\/noticias\/dolar-cai-semana-pib-semana-alta\/\"><img class=\"mask\" src=\"https:\/\/www.suno.com.br\/noticias\/wp-content\/themes\/suno\/resources\/images\/spotlight\/spotlight1img\/bg-mask.png\" alt=\"Image Mask\"\/><img src=\"https:\/\/files.sunoresearch.com.br\/n\/uploads\/2023\/05\/dolar-100-us-eua-dinheiro-400x200.jpg\" alt=\"D\u00f3lar recua dia ap\u00f3s PIB, mas sobe na semana\"\/><\/a><span class=\"spotlightCategory\"><a href=\"https:\/\/www.suno.com.br\/noticias\/mercado\/\">Mercado<\/a><\/span><\/div><div class=\"cardsPage__listCard__boxs__content\"><a href=\"https:\/\/www.suno.com.br\/noticias\/dolar-cai-semana-pib-semana-alta\/\"><h2 class=\"content__title\">D\u00f3lar recua dia ap\u00f3s PIB, mas sobe na semana<\/h2><\/a><div class=\"newsContent__article__meta\"><div class=\"newsContent__article__meta__authorBox\"><a href=\"https:\/\/www.suno.com.br\/noticias\/author\/redacao-suno\/\" class=\"authorBox__avatar noMobi\"><img src=\"https:\/\/files.sunoresearch.com.br\/n\/uploads\/2020\/08\/0ace682d-redacao-1-150x150.webp\" alt=\"Reda\u00e7\u00e3o Suno Not\u00edcias\"><\/a><div class=\"authorBox__name\"><span>por\n\t\t\t<a href=\"https:\/\/www.suno.com.br\/noticias\/author\/redacao-suno\/\"><span itemprop=\"author\">Reda\u00e7\u00e3o Suno Not\u00edcias<\/span><\/a><\/span><time datetime=\"2023-09-01T20:27:54-03:00\" itemprop=\"datePublished\">01\/09\/2023 20:27<\/time><\/div><\/div><\/div><\/div><\/div>","single_layout":"posts","amp_enabled":true,"_links":{"self":[{"href":"https:\/\/www.suno.com.br\/noticias\/wp-json\/wp\/v2\/posts\/450849"}],"collection":[{"href":"https:\/\/www.suno.com.br\/noticias\/wp-json\/wp\/v2\/posts"}],"about":[{"href":"https:\/\/www.suno.com.br\/noticias\/wp-json\/wp\/v2\/types\/post"}],"author":[{"embeddable":true,"href":"https:\/\/www.suno.com.br\/noticias\/wp-json\/wp\/v2\/users\/43"}],"replies":[{"embeddable":true,"href":"https:\/\/www.suno.com.br\/noticias\/wp-json\/wp\/v2\/comments?post=450849"}],"version-history":[{"count":2,"href":"https:\/\/www.suno.com.br\/noticias\/wp-json\/wp\/v2\/posts\/450849\/revisions"}],"predecessor-version":[{"id":450907,"href":"https:\/\/www.suno.com.br\/noticias\/wp-json\/wp\/v2\/posts\/450849\/revisions\/450907"}],"wp:featuredmedia":[{"embeddable":true,"href":"https:\/\/www.suno.com.br\/noticias\/wp-json\/wp\/v2\/media\/408461"}],"wp:attachment":[{"href":"https:\/\/www.suno.com.br\/noticias\/wp-json\/wp\/v2\/media?parent=450849"}],"wp:term":[{"taxonomy":"category","embeddable":true,"href":"https:\/\/www.suno.com.br\/noticias\/wp-json\/wp\/v2\/categories?post=450849"},{"taxonomy":"post_tag","embeddable":true,"href":"https:\/\/www.suno.com.br\/noticias\/wp-json\/wp\/v2\/tags?post=450849"},{"taxonomy":"suno_strategy","embeddable":true,"href":"https:\/\/www.suno.com.br\/noticias\/wp-json\/wp\/v2\/suno_strategy?post=450849"}],"curies":[{"name":"wp","href":"https:\/\/api.w.org\/{rel}","templated":true}]}}