{"id":45064,"date":"2019-11-18T21:07:27","date_gmt":"2019-11-18T23:07:27","guid":{"rendered":"https:\/\/www.suno.com.br\/noticias\/?p=45064"},"modified":"2021-05-30T19:08:26","modified_gmt":"2021-05-30T22:08:26","slug":"associacao-de-shoppings-preve-avanco-de-18-nas-vendas-da-black-friday","status":"publish","type":"post","link":"https:\/\/www.suno.com.br\/noticias\/associacao-de-shoppings-preve-avanco-de-18-nas-vendas-da-black-friday\/","title":{"rendered":"Associa\u00e7\u00e3o de shoppings prev\u00ea avan\u00e7o de 18% nas vendas da Black Friday"},"content":{"rendered":"<p>A<strong> Associa\u00e7\u00e3o Brasileira de Lojistas de Shoppings (Alshop)<\/strong> informou, nesta segunda-feira (18), que prev\u00ea um crescimento de 18% nas <strong>vendas<\/strong> nominais da Black Friday em rela\u00e7\u00e3o ao mesmo per\u00edodo do ano passado.<\/p>\t<div class=\"wrapper-featured-image\">\n\t\t<figure class=\"spotlightImg\">\n\n\t\t\t<picture>\n\t\t\t\t<source media=\"(max-width: 768px)\" srcset=\"https:\/\/files.sunoresearch.com.br\/n\/uploads\/2019\/11\/da81d964-vendas-400x200.webp\">\n\t\t\t\t<img loading=\"lazy\" decoding=\"async\" class=\"newsContent__article__imgCapa lazyloadDisabled newsContent__article__imgCapa--noCaption\" src=\"https:\/\/files.sunoresearch.com.br\/n\/uploads\/2019\/11\/da81d964-vendas-800x450.webp\" width=\"800\" height=\"450\" alt=\"Associa\u00e7\u00e3o de shoppings prev\u00ea avan\u00e7o de 18% nas vendas da Black Friday\" fetchpriority=high \/>\n\t\t\t<\/picture>\n\n\t\t\t<figcaption class=\"wp-caption-text wp-caption-text--hide\"><\/figcaption>\n\t\t<\/figure>\n\t<\/div>\n\n\n\n<p>De acordo com a associa\u00e7\u00e3o, as vendas da <strong>Black Friday<\/strong> devem faturar cerca de R$ 3 bilh\u00f5es. O crescimento das vendas ser\u00e1 impulsionado pela queda da taxa de juros e pela libera\u00e7\u00e3o do saque do <a href=\"https:\/\/www.suno.com.br\/artigos\/fgts\/\">Fundo de Garantia do Tempo de Servi\u00e7o (<strong>FGTS<\/strong>)<\/a>.<\/p>\n<p>\u201cCom o recuo da Selic, o acesso ao cr\u00e9dito melhorou e muitas fam\u00edlias puderam sair do vermelho com a libera\u00e7\u00e3o do FGTS\u201d, afirmou o diretor institucional da Alshop, Lu\u00eds Augusto Ildefonso.<\/p>\n<p><a href=\"http:\/\/bit.ly\/33ZNYfZ\">Black Friday Suno \u2013 as melhores an\u00e1lises sobre investimentos com descontos incr\u00edveis! Cadastre-se para ser o primeiro a saber.<\/a><\/p>\n<p>Entre os segmentos mais procurados est\u00e3o o de eletroeletr\u00f4nicos, vestu\u00e1rio, perfumaria e cosm\u00e9ticos. O evento ocorrer\u00e1 na \u00faltima sexta-feira do m\u00eas, dia 29 de novembro.<\/p>\n<p>\u201cCom a baixa na Selic o acesso ao cr\u00e9dito melhorou, e muitas fam\u00edlias puderam sair do vermelho por conta da libera\u00e7\u00e3o do FGTS. Al\u00e9m disso, podemos estimar um retorno significativo para o varejo com a chegada da Black Friday e Natal que movimentam muito a economia\u201d, afirmou Ildefonso.<\/p>\n<p>Al\u00e9m disso, a associa\u00e7\u00e3o comunicou que as promo\u00e7\u00f5es realizadas pelos supermercados devem contribuir para atrair os consumidores.<\/p>\n<p>O com\u00e9rcio eletr\u00f4nico tamb\u00e9m deve contribuir para o crescimento das vendas. De acordo com a pesquisa, o intuito de compra por meio da internet est\u00e1 58% maior neste ano em compara\u00e7\u00e3o ao mesmo per\u00edodo do ano passado.<\/p>\n<p><a href=\"https:\/\/www.suno.com.br\/noticias\/black-friday-acao-produtos-desconto-oferta\/\">Leia tamb\u00e9m: Confira 4 a\u00e7\u00f5es com pre\u00e7o dos produtos mais comprados na Black Friday<\/a><\/p>\n<p>\u201cA <strong>Black Friday<\/strong> tem se consolidado como a segunda melhor data comercial no Brasil, tanto para o e-commerce como para as lojas f\u00edsicas que, neste ano, podem praticar descontos equivalentes, beneficiando consumidores e, consequentemente, o faturamento do setor\u201d, salientou o diretor institucional.<\/p>\n","protected":false},"excerpt":{"rendered":"<p>A Associa\u00e7\u00e3o Brasileira de Lojistas de Shoppings (Alshop) informou, nesta segunda-feira (18), que prev\u00ea um crescimento de 18% nas vendas nominais da Black Friday em rela\u00e7\u00e3o ao mesmo per\u00edodo do ano passado. De acordo com a associa\u00e7\u00e3o, as vendas da Black Friday devem faturar cerca de R$ 3 bilh\u00f5es. O crescimento das vendas ser\u00e1 impulsionado [&hellip;]<\/p>\n","protected":false},"author":18,"featured_media":45073,"comment_status":"closed","ping_status":"closed","sticky":false,"template":"","format":"standard","meta":[],"categories":[64],"tags":[768,1050],"suno_strategy":[],"class_list":["post-45064","post","type-post","status-publish","format-standard","has-post-thumbnail","hentry","category-negocios","tag-black-friday","tag-shopping-center"],"yoast_head":"<!-- This site is optimized with the Yoast SEO plugin v24.4 - https:\/\/yoast.com\/wordpress\/plugins\/seo\/ -->\n<title>Associa\u00e7\u00e3o de shoppings prev\u00ea alta de 18% nas vendas da Black Friday<\/title>\n<meta name=\"description\" content=\"A Associa\u00e7\u00e3o Brasileira de Lojistas de Shoppings informou que prev\u00ea um crescimento de 18% nas vendas da Black Friday. Clique para saber mais.\" \/>\n<meta name=\"robots\" content=\"index, follow, max-snippet:-1, max-image-preview:large, max-video-preview:-1\" \/>\n<link rel=\"canonical\" href=\"https:\/\/www.suno.com.br\/noticias\/associacao-de-shoppings-preve-avanco-de-18-nas-vendas-da-black-friday\/\" \/>\n<meta property=\"og:locale\" content=\"pt_BR\" \/>\n<meta property=\"og:type\" content=\"article\" \/>\n<meta property=\"og:title\" content=\"Associa\u00e7\u00e3o de shoppings prev\u00ea alta de 18% nas vendas da Black Friday\" \/>\n<meta property=\"og:description\" content=\"A Associa\u00e7\u00e3o Brasileira de Lojistas de Shoppings informou que prev\u00ea um crescimento de 18% nas vendas da Black Friday. Clique para saber mais.\" \/>\n<meta property=\"og:url\" content=\"https:\/\/www.suno.com.br\/noticias\/associacao-de-shoppings-preve-avanco-de-18-nas-vendas-da-black-friday\/\" \/>\n<meta property=\"og:site_name\" content=\"Suno Not\u00edcias\" \/>\n<meta property=\"article:publisher\" content=\"https:\/\/facebook.com\/sunoresearch\" \/>\n<meta property=\"og:image\" content=\"https:\/\/files.sunoresearch.com.br\/n\/uploads\/2019\/11\/da81d964-vendas.jpg\" \/>\n\t<meta property=\"og:image:width\" content=\"984\" \/>\n\t<meta property=\"og:image:height\" content=\"648\" \/>\n\t<meta property=\"og:image:type\" content=\"image\/jpeg\" \/>\n<meta name=\"author\" content=\"Giovanna Oliveira\" \/>\n<meta name=\"twitter:card\" content=\"summary_large_image\" \/>\n<meta name=\"twitter:creator\" content=\"@sunoresearch\" \/>\n<meta name=\"twitter:site\" content=\"@sunoresearch\" \/>\n<meta name=\"twitter:label1\" content=\"Escrito por\" \/>\n\t<meta name=\"twitter:data1\" content=\"Giovanna Oliveira\" \/>\n\t<meta name=\"twitter:label2\" content=\"Est. tempo de leitura\" \/>\n\t<meta name=\"twitter:data2\" content=\"2 minutos\" \/>\n<script type=\"application\/ld+json\" class=\"yoast-schema-graph\">{\"@context\":\"https:\/\/schema.org\",\"@graph\":[{\"@type\":\"NewsArticle\",\"@id\":\"https:\/\/www.suno.com.br\/noticias\/associacao-de-shoppings-preve-avanco-de-18-nas-vendas-da-black-friday\/#article\",\"isPartOf\":{\"@id\":\"https:\/\/www.suno.com.br\/noticias\/associacao-de-shoppings-preve-avanco-de-18-nas-vendas-da-black-friday\/\"},\"author\":{\"name\":\"Giovanna Oliveira\",\"@id\":\"https:\/\/www.suno.com.br\/noticias\/#\/schema\/person\/4e19e3d2575736e5283d58eb3199d120\"},\"headline\":\"Associa\u00e7\u00e3o de shoppings prev\u00ea avan\u00e7o de 18% nas vendas da Black Friday\",\"datePublished\":\"2019-11-18T23:07:27+00:00\",\"dateModified\":\"2021-05-30T22:08:26+00:00\",\"mainEntityOfPage\":{\"@id\":\"https:\/\/www.suno.com.br\/noticias\/associacao-de-shoppings-preve-avanco-de-18-nas-vendas-da-black-friday\/\"},\"wordCount\":350,\"publisher\":{\"@id\":\"https:\/\/www.suno.com.br\/noticias\/#organization\"},\"image\":{\"@id\":\"https:\/\/www.suno.com.br\/noticias\/associacao-de-shoppings-preve-avanco-de-18-nas-vendas-da-black-friday\/#primaryimage\"},\"thumbnailUrl\":\"https:\/\/files.sunoresearch.com.br\/n\/uploads\/2019\/11\/da81d964-vendas-jpg.webp\",\"keywords\":[\"Black Friday\",\"shopping center\"],\"articleSection\":[\"Neg\u00f3cios\"],\"inLanguage\":\"pt-BR\"},{\"@type\":\"WebPage\",\"@id\":\"https:\/\/www.suno.com.br\/noticias\/associacao-de-shoppings-preve-avanco-de-18-nas-vendas-da-black-friday\/\",\"url\":\"https:\/\/www.suno.com.br\/noticias\/associacao-de-shoppings-preve-avanco-de-18-nas-vendas-da-black-friday\/\",\"name\":\"Associa\u00e7\u00e3o de shoppings prev\u00ea alta de 18% nas vendas da Black Friday\",\"isPartOf\":{\"@id\":\"https:\/\/www.suno.com.br\/noticias\/#website\"},\"primaryImageOfPage\":{\"@id\":\"https:\/\/www.suno.com.br\/noticias\/associacao-de-shoppings-preve-avanco-de-18-nas-vendas-da-black-friday\/#primaryimage\"},\"image\":{\"@id\":\"https:\/\/www.suno.com.br\/noticias\/associacao-de-shoppings-preve-avanco-de-18-nas-vendas-da-black-friday\/#primaryimage\"},\"thumbnailUrl\":\"https:\/\/files.sunoresearch.com.br\/n\/uploads\/2019\/11\/da81d964-vendas-jpg.webp\",\"datePublished\":\"2019-11-18T23:07:27+00:00\",\"dateModified\":\"2021-05-30T22:08:26+00:00\",\"description\":\"A Associa\u00e7\u00e3o Brasileira de Lojistas de Shoppings informou que prev\u00ea um crescimento de 18% nas vendas da Black Friday. Clique para saber mais.\",\"breadcrumb\":{\"@id\":\"https:\/\/www.suno.com.br\/noticias\/associacao-de-shoppings-preve-avanco-de-18-nas-vendas-da-black-friday\/#breadcrumb\"},\"inLanguage\":\"pt-BR\",\"potentialAction\":[{\"@type\":\"ReadAction\",\"target\":[\"https:\/\/www.suno.com.br\/noticias\/associacao-de-shoppings-preve-avanco-de-18-nas-vendas-da-black-friday\/\"]}]},{\"@type\":\"ImageObject\",\"inLanguage\":\"pt-BR\",\"@id\":\"https:\/\/www.suno.com.br\/noticias\/associacao-de-shoppings-preve-avanco-de-18-nas-vendas-da-black-friday\/#primaryimage\",\"url\":\"https:\/\/files.sunoresearch.com.br\/n\/uploads\/2019\/11\/da81d964-vendas-jpg.webp\",\"contentUrl\":\"https:\/\/files.sunoresearch.com.br\/n\/uploads\/2019\/11\/da81d964-vendas-jpg.webp\",\"width\":984,\"height\":648,\"caption\":\"Black Friday\"},{\"@type\":\"BreadcrumbList\",\"@id\":\"https:\/\/www.suno.com.br\/noticias\/associacao-de-shoppings-preve-avanco-de-18-nas-vendas-da-black-friday\/#breadcrumb\",\"itemListElement\":[{\"@type\":\"ListItem\",\"position\":1,\"name\":\"Not\u00edcias\",\"item\":\"https:\/\/www.suno.com.br\/noticias\/\"},{\"@type\":\"ListItem\",\"position\":2,\"name\":\"Neg\u00f3cios\",\"item\":\"https:\/\/www.suno.com.br\/noticias\/negocios\/\"},{\"@type\":\"ListItem\",\"position\":3,\"name\":\"Associa\u00e7\u00e3o de shoppings prev\u00ea avan\u00e7o de 18% nas vendas da Black Friday\"}]},{\"@type\":\"WebSite\",\"@id\":\"https:\/\/www.suno.com.br\/noticias\/#website\",\"url\":\"https:\/\/www.suno.com.br\/noticias\/\",\"name\":\"Suno Not\u00edcias\",\"description\":\"Seu portal de informa\u00e7\u00e3o sobre o mundo dos investimentos\",\"publisher\":{\"@id\":\"https:\/\/www.suno.com.br\/noticias\/#organization\"},\"potentialAction\":[{\"@type\":\"SearchAction\",\"target\":{\"@type\":\"EntryPoint\",\"urlTemplate\":\"https:\/\/www.suno.com.br\/noticias\/?s={search_term_string}\"},\"query-input\":{\"@type\":\"PropertyValueSpecification\",\"valueRequired\":true,\"valueName\":\"search_term_string\"}}],\"inLanguage\":\"pt-BR\"},{\"@type\":\"Organization\",\"@id\":\"https:\/\/www.suno.com.br\/noticias\/#organization\",\"name\":\"Suno Not\u00edcias\",\"url\":\"https:\/\/www.suno.com.br\/noticias\/\",\"logo\":{\"@type\":\"ImageObject\",\"inLanguage\":\"pt-BR\",\"@id\":\"https:\/\/www.suno.com.br\/noticias\/#\/schema\/logo\/image\/\",\"url\":\"https:\/\/files.sunoresearch.com.br\/n\/uploads\/2021\/09\/suno-logo.png\",\"contentUrl\":\"https:\/\/files.sunoresearch.com.br\/n\/uploads\/2021\/09\/suno-logo.png\",\"width\":180,\"height\":180,\"caption\":\"Suno Not\u00edcias\"},\"image\":{\"@id\":\"https:\/\/www.suno.com.br\/noticias\/#\/schema\/logo\/image\/\"},\"sameAs\":[\"https:\/\/facebook.com\/sunoresearch\",\"https:\/\/x.com\/sunoresearch\",\"https:\/\/www.instagram.com\/suno\",\"https:\/\/www.linkedin.com\/company\/suno-research\/\",\"https:\/\/www.youtube.com\/c\/sunoresearch\"]},{\"@type\":\"Person\",\"@id\":\"https:\/\/www.suno.com.br\/noticias\/#\/schema\/person\/4e19e3d2575736e5283d58eb3199d120\",\"name\":\"Giovanna Oliveira\",\"image\":{\"@type\":\"ImageObject\",\"inLanguage\":\"pt-BR\",\"@id\":\"https:\/\/www.suno.com.br\/noticias\/#\/schema\/person\/image\/\",\"url\":\"https:\/\/secure.gravatar.com\/avatar\/9a37b3ae208962ac568992d0ffdbc2eb?s=96&r=g\",\"contentUrl\":\"https:\/\/secure.gravatar.com\/avatar\/9a37b3ae208962ac568992d0ffdbc2eb?s=96&r=g\",\"caption\":\"Giovanna Oliveira\"},\"description\":\"Giovanna Oliveira escreve sobre economia e pol\u00edtica. Foi rep\u00f3rter do portal de jornalismo da ESPM-SP e produziu conte\u00fado para a Corinthians TV. \u00c9 estudante da ESPM.\",\"url\":\"https:\/\/www.suno.com.br\/noticias\/author\/giovanna\/\"}]}<\/script>\n<!-- \/ Yoast SEO plugin. -->","yoast_head_json":{"title":"Associa\u00e7\u00e3o de shoppings prev\u00ea alta de 18% nas vendas da Black Friday","description":"A Associa\u00e7\u00e3o Brasileira de Lojistas de Shoppings informou que prev\u00ea um crescimento de 18% nas vendas da Black Friday. Clique para saber mais.","robots":{"index":"index","follow":"follow","max-snippet":"max-snippet:-1","max-image-preview":"max-image-preview:large","max-video-preview":"max-video-preview:-1"},"canonical":"https:\/\/www.suno.com.br\/noticias\/associacao-de-shoppings-preve-avanco-de-18-nas-vendas-da-black-friday\/","og_locale":"pt_BR","og_type":"article","og_title":"Associa\u00e7\u00e3o de shoppings prev\u00ea alta de 18% nas vendas da Black Friday","og_description":"A Associa\u00e7\u00e3o Brasileira de Lojistas de Shoppings informou que prev\u00ea um crescimento de 18% nas vendas da Black Friday. Clique para saber mais.","og_url":"https:\/\/www.suno.com.br\/noticias\/associacao-de-shoppings-preve-avanco-de-18-nas-vendas-da-black-friday\/","og_site_name":"Suno Not\u00edcias","article_publisher":"https:\/\/facebook.com\/sunoresearch","og_image":[{"width":984,"height":648,"url":"https:\/\/files.sunoresearch.com.br\/n\/uploads\/2019\/11\/da81d964-vendas.jpg","type":"image\/jpeg"}],"author":"Giovanna Oliveira","twitter_card":"summary_large_image","twitter_creator":"@sunoresearch","twitter_site":"@sunoresearch","twitter_misc":{"Escrito por":"Giovanna Oliveira","Est. tempo de leitura":"2 minutos"},"schema":{"@context":"https:\/\/schema.org","@graph":[{"@type":"NewsArticle","@id":"https:\/\/www.suno.com.br\/noticias\/associacao-de-shoppings-preve-avanco-de-18-nas-vendas-da-black-friday\/#article","isPartOf":{"@id":"https:\/\/www.suno.com.br\/noticias\/associacao-de-shoppings-preve-avanco-de-18-nas-vendas-da-black-friday\/"},"author":{"name":"Giovanna Oliveira","@id":"https:\/\/www.suno.com.br\/noticias\/#\/schema\/person\/4e19e3d2575736e5283d58eb3199d120"},"headline":"Associa\u00e7\u00e3o de shoppings prev\u00ea avan\u00e7o de 18% nas vendas da Black Friday","datePublished":"2019-11-18T23:07:27+00:00","dateModified":"2021-05-30T22:08:26+00:00","mainEntityOfPage":{"@id":"https:\/\/www.suno.com.br\/noticias\/associacao-de-shoppings-preve-avanco-de-18-nas-vendas-da-black-friday\/"},"wordCount":350,"publisher":{"@id":"https:\/\/www.suno.com.br\/noticias\/#organization"},"image":{"@id":"https:\/\/www.suno.com.br\/noticias\/associacao-de-shoppings-preve-avanco-de-18-nas-vendas-da-black-friday\/#primaryimage"},"thumbnailUrl":"https:\/\/files.sunoresearch.com.br\/n\/uploads\/2019\/11\/da81d964-vendas-jpg.webp","keywords":["Black Friday","shopping center"],"articleSection":["Neg\u00f3cios"],"inLanguage":"pt-BR"},{"@type":"WebPage","@id":"https:\/\/www.suno.com.br\/noticias\/associacao-de-shoppings-preve-avanco-de-18-nas-vendas-da-black-friday\/","url":"https:\/\/www.suno.com.br\/noticias\/associacao-de-shoppings-preve-avanco-de-18-nas-vendas-da-black-friday\/","name":"Associa\u00e7\u00e3o de shoppings prev\u00ea alta de 18% nas vendas da Black Friday","isPartOf":{"@id":"https:\/\/www.suno.com.br\/noticias\/#website"},"primaryImageOfPage":{"@id":"https:\/\/www.suno.com.br\/noticias\/associacao-de-shoppings-preve-avanco-de-18-nas-vendas-da-black-friday\/#primaryimage"},"image":{"@id":"https:\/\/www.suno.com.br\/noticias\/associacao-de-shoppings-preve-avanco-de-18-nas-vendas-da-black-friday\/#primaryimage"},"thumbnailUrl":"https:\/\/files.sunoresearch.com.br\/n\/uploads\/2019\/11\/da81d964-vendas-jpg.webp","datePublished":"2019-11-18T23:07:27+00:00","dateModified":"2021-05-30T22:08:26+00:00","description":"A Associa\u00e7\u00e3o Brasileira de Lojistas de Shoppings informou que prev\u00ea um crescimento de 18% nas vendas da Black Friday. Clique para saber mais.","breadcrumb":{"@id":"https:\/\/www.suno.com.br\/noticias\/associacao-de-shoppings-preve-avanco-de-18-nas-vendas-da-black-friday\/#breadcrumb"},"inLanguage":"pt-BR","potentialAction":[{"@type":"ReadAction","target":["https:\/\/www.suno.com.br\/noticias\/associacao-de-shoppings-preve-avanco-de-18-nas-vendas-da-black-friday\/"]}]},{"@type":"ImageObject","inLanguage":"pt-BR","@id":"https:\/\/www.suno.com.br\/noticias\/associacao-de-shoppings-preve-avanco-de-18-nas-vendas-da-black-friday\/#primaryimage","url":"https:\/\/files.sunoresearch.com.br\/n\/uploads\/2019\/11\/da81d964-vendas-jpg.webp","contentUrl":"https:\/\/files.sunoresearch.com.br\/n\/uploads\/2019\/11\/da81d964-vendas-jpg.webp","width":984,"height":648,"caption":"Black Friday"},{"@type":"BreadcrumbList","@id":"https:\/\/www.suno.com.br\/noticias\/associacao-de-shoppings-preve-avanco-de-18-nas-vendas-da-black-friday\/#breadcrumb","itemListElement":[{"@type":"ListItem","position":1,"name":"Not\u00edcias","item":"https:\/\/www.suno.com.br\/noticias\/"},{"@type":"ListItem","position":2,"name":"Neg\u00f3cios","item":"https:\/\/www.suno.com.br\/noticias\/negocios\/"},{"@type":"ListItem","position":3,"name":"Associa\u00e7\u00e3o de shoppings prev\u00ea avan\u00e7o de 18% nas vendas da Black Friday"}]},{"@type":"WebSite","@id":"https:\/\/www.suno.com.br\/noticias\/#website","url":"https:\/\/www.suno.com.br\/noticias\/","name":"Suno Not\u00edcias","description":"Seu portal de informa\u00e7\u00e3o sobre o mundo dos investimentos","publisher":{"@id":"https:\/\/www.suno.com.br\/noticias\/#organization"},"potentialAction":[{"@type":"SearchAction","target":{"@type":"EntryPoint","urlTemplate":"https:\/\/www.suno.com.br\/noticias\/?s={search_term_string}"},"query-input":{"@type":"PropertyValueSpecification","valueRequired":true,"valueName":"search_term_string"}}],"inLanguage":"pt-BR"},{"@type":"Organization","@id":"https:\/\/www.suno.com.br\/noticias\/#organization","name":"Suno Not\u00edcias","url":"https:\/\/www.suno.com.br\/noticias\/","logo":{"@type":"ImageObject","inLanguage":"pt-BR","@id":"https:\/\/www.suno.com.br\/noticias\/#\/schema\/logo\/image\/","url":"https:\/\/files.sunoresearch.com.br\/n\/uploads\/2021\/09\/suno-logo.png","contentUrl":"https:\/\/files.sunoresearch.com.br\/n\/uploads\/2021\/09\/suno-logo.png","width":180,"height":180,"caption":"Suno Not\u00edcias"},"image":{"@id":"https:\/\/www.suno.com.br\/noticias\/#\/schema\/logo\/image\/"},"sameAs":["https:\/\/facebook.com\/sunoresearch","https:\/\/x.com\/sunoresearch","https:\/\/www.instagram.com\/suno","https:\/\/www.linkedin.com\/company\/suno-research\/","https:\/\/www.youtube.com\/c\/sunoresearch"]},{"@type":"Person","@id":"https:\/\/www.suno.com.br\/noticias\/#\/schema\/person\/4e19e3d2575736e5283d58eb3199d120","name":"Giovanna Oliveira","image":{"@type":"ImageObject","inLanguage":"pt-BR","@id":"https:\/\/www.suno.com.br\/noticias\/#\/schema\/person\/image\/","url":"https:\/\/secure.gravatar.com\/avatar\/9a37b3ae208962ac568992d0ffdbc2eb?s=96&r=g","contentUrl":"https:\/\/secure.gravatar.com\/avatar\/9a37b3ae208962ac568992d0ffdbc2eb?s=96&r=g","caption":"Giovanna Oliveira"},"description":"Giovanna Oliveira escreve sobre economia e pol\u00edtica. Foi rep\u00f3rter do portal de jornalismo da ESPM-SP e produziu conte\u00fado para a Corinthians TV. \u00c9 estudante da ESPM.","url":"https:\/\/www.suno.com.br\/noticias\/author\/giovanna\/"}]}},"default_loop_html":"<div class=\"cardsPage__listCard__boxs\"><div class=\"cardsPage__listCard__boxs__img\"><a href=\"https:\/\/www.suno.com.br\/noticias\/associacao-de-shoppings-preve-avanco-de-18-nas-vendas-da-black-friday\/\"><img class=\"mask\" src=\"https:\/\/www.suno.com.br\/noticias\/wp-content\/themes\/suno\/resources\/images\/spotlight\/spotlight1img\/bg-mask.png\" alt=\"Image Mask\"\/><img src=\"https:\/\/files.sunoresearch.com.br\/n\/uploads\/2019\/11\/da81d964-vendas-400x200.webp\" alt=\"Associa\u00e7\u00e3o de shoppings prev\u00ea avan\u00e7o de 18% nas vendas da Black Friday\"\/><\/a><span class=\"spotlightCategory\"><a href=\"https:\/\/www.suno.com.br\/noticias\/negocios\/\">Neg\u00f3cios<\/a><\/span><\/div><div class=\"cardsPage__listCard__boxs__content\"><a href=\"https:\/\/www.suno.com.br\/noticias\/associacao-de-shoppings-preve-avanco-de-18-nas-vendas-da-black-friday\/\"><h2 class=\"content__title\">Associa\u00e7\u00e3o de shoppings prev\u00ea avan\u00e7o de 18% nas vendas da Black Friday<\/h2><\/a><div class=\"newsContent__article__meta\"><div class=\"newsContent__article__meta__authorBox\"><a href=\"https:\/\/www.suno.com.br\/noticias\/author\/giovanna\/\" class=\"authorBox__avatar noMobi\"><img src=\"https:\/\/files.sunoresearch.com.br\/n\/uploads\/2019\/06\/952a89ca-screenshot_20190608-171507-150x150.webp\" alt=\"Giovanna Oliveira\"><\/a><div class=\"authorBox__name\"><span>por\n\t\t\t<a href=\"https:\/\/www.suno.com.br\/noticias\/author\/giovanna\/\"><span itemprop=\"author\">Giovanna Oliveira<\/span><\/a><\/span><time datetime=\"2019-11-18T21:07:27-03:00\" itemprop=\"datePublished\">18\/11\/2019 21:07<\/time><\/div><\/div><\/div><\/div><\/div>","single_layout":"posts","amp_enabled":true,"_links":{"self":[{"href":"https:\/\/www.suno.com.br\/noticias\/wp-json\/wp\/v2\/posts\/45064"}],"collection":[{"href":"https:\/\/www.suno.com.br\/noticias\/wp-json\/wp\/v2\/posts"}],"about":[{"href":"https:\/\/www.suno.com.br\/noticias\/wp-json\/wp\/v2\/types\/post"}],"author":[{"embeddable":true,"href":"https:\/\/www.suno.com.br\/noticias\/wp-json\/wp\/v2\/users\/18"}],"replies":[{"embeddable":true,"href":"https:\/\/www.suno.com.br\/noticias\/wp-json\/wp\/v2\/comments?post=45064"}],"version-history":[{"count":1,"href":"https:\/\/www.suno.com.br\/noticias\/wp-json\/wp\/v2\/posts\/45064\/revisions"}],"predecessor-version":[{"id":152463,"href":"https:\/\/www.suno.com.br\/noticias\/wp-json\/wp\/v2\/posts\/45064\/revisions\/152463"}],"wp:featuredmedia":[{"embeddable":true,"href":"https:\/\/www.suno.com.br\/noticias\/wp-json\/wp\/v2\/media\/45073"}],"wp:attachment":[{"href":"https:\/\/www.suno.com.br\/noticias\/wp-json\/wp\/v2\/media?parent=45064"}],"wp:term":[{"taxonomy":"category","embeddable":true,"href":"https:\/\/www.suno.com.br\/noticias\/wp-json\/wp\/v2\/categories?post=45064"},{"taxonomy":"post_tag","embeddable":true,"href":"https:\/\/www.suno.com.br\/noticias\/wp-json\/wp\/v2\/tags?post=45064"},{"taxonomy":"suno_strategy","embeddable":true,"href":"https:\/\/www.suno.com.br\/noticias\/wp-json\/wp\/v2\/suno_strategy?post=45064"}],"curies":[{"name":"wp","href":"https:\/\/api.w.org\/{rel}","templated":true}]}}