{"id":4503,"date":"2018-09-27T09:57:12","date_gmt":"2018-09-27T12:57:12","guid":{"rendered":"https:\/\/www.suno.com.br\/noticias\/?p=4503"},"modified":"2018-09-27T09:57:53","modified_gmt":"2018-09-27T12:57:53","slug":"alckmin-critica-ciro-spc","status":"publish","type":"post","link":"https:\/\/www.suno.com.br\/noticias\/alckmin-critica-ciro-spc\/","title":{"rendered":"Assessor econ\u00f4mico de Alckmin critica Ciro e prop\u00f5e plano para combust\u00edveis"},"content":{"rendered":"<p>Em entrevista \u00e0 Bloomberg, o principal assessor econ\u00f4mico da campanha de Geraldo Alckmin (PSDB), P\u00e9rsio Arida, fez cr\u00edticas \u00e0 plataforma de Ciro Gomes (PDT) de negociar d\u00edvidas de consumidores inadimplentes com os bancos para limpar seus nomes, afirmando que causaria preju\u00edzo \u00e0 popula\u00e7\u00e3o.<\/p>\t<div class=\"wrapper-featured-image\">\n\t\t<figure class=\"spotlightImg\">\n\n\t\t\t<picture>\n\t\t\t\t<source media=\"(max-width: 768px)\" srcset=\"https:\/\/files.sunoresearch.com.br\/n\/uploads\/2018\/09\/6b377bcb-geraldo-alckmin-2-400x200.webp\">\n\t\t\t\t<img loading=\"lazy\" decoding=\"async\" class=\"newsContent__article__imgCapa lazyloadDisabled newsContent__article__imgCapa--noCaption\" src=\"https:\/\/files.sunoresearch.com.br\/n\/uploads\/2018\/09\/6b377bcb-geraldo-alckmin-2-800x450.webp\" width=\"800\" height=\"450\" alt=\"Assessor econ\u00f4mico de Alckmin critica Ciro e prop\u00f5e plano para combust\u00edveis\" fetchpriority=high \/>\n\t\t\t<\/picture>\n\n\t\t\t<figcaption class=\"wp-caption-text wp-caption-text--hide\"><\/figcaption>\n\t\t<\/figure>\n\t<\/div>\n\n\n<p>&#8220;Se voc\u00ea der uma anistia a todas as pessoas que s\u00e3o inadimplentes, no minuto seguinte, os bancos v\u00e3o precificar o risco de uma segunda anistia e ent\u00e3o o spread banc\u00e1rio sobe&#8221;, afirmou Arida. O spread a que ele se refere \u00e9 a diferen\u00e7a entre o custo de capta\u00e7\u00e3o dos bancos e a taxa cobrada para empr\u00e9stimos.<\/p>\n<p>&#8220;E como parte dos bancos s\u00e3o p\u00fablicos, a conta da primeira anistia ainda recai sobre a uni\u00e3o. \u00c9 uma medida que vai na contram\u00e3o do que o pa\u00eds precisa, que \u00e9 reduzir o spread banc\u00e1rio e d\u00e9ficit,&#8221; disse ainda, atacando uma das principais propostas de campanha do candidato do PDT, de tirar o nome de inadimplentes do Servi\u00e7o de Prote\u00e7\u00e3o ao Cr\u00e9dito (SPC).<\/p>\n<p>Na entrevista, P\u00e9rsio Arida falou ainda das pol\u00edticas de precifica\u00e7\u00e3o de combust\u00edveis que Alckmin implementaria se eleito. Para ele, \u00e9 necess\u00e1rio que o pre\u00e7o seja modulado pelo c\u00e2mbio e pela cota\u00e7\u00e3o do petr\u00f3leo. &#8220;Gostamos da solu\u00e7\u00e3o europeia, que \u00e9 basicamente ter impostos flex para todos os derivados de petr\u00f3leo, como diesel, gasolina, GLP etc.&#8221;<\/p>\n<p>A ideia \u00e9 que os impostos cobrados sobre o combust\u00edvel variassem de acordo com o c\u00e2mbio e a cota\u00e7\u00e3o internacional, de forma inversamente proporcional. Isso tornaria a arrecada\u00e7\u00e3o inst\u00e1vel mas ajudaria a estabilizar os pre\u00e7os nos postos. No entanto, exigiria conversas com governadores em fun\u00e7\u00e3o das distin\u00e7\u00f5es de impostos estaduais e federais. A vantagem, segundo Arida, \u00e9 que reduz a press\u00e3o sobre os cofres p\u00fablicos.<\/p>\n<p>O economista tamb\u00e9m falou que idealmente os subs\u00eddios ao diesel implementados no governo Temer ap\u00f3s a greve dos caminh\u00f5es devem cessar assim que terminar o prazo estipulado, em 31 de dezembro.<\/p>\n","protected":false},"excerpt":{"rendered":"<p>Em entrevista \u00e0 Bloomberg, o principal assessor econ\u00f4mico da campanha de Geraldo Alckmin (PSDB), P\u00e9rsio Arida, fez cr\u00edticas \u00e0 plataforma de Ciro Gomes (PDT) de negociar d\u00edvidas de consumidores inadimplentes com os bancos para limpar seus nomes, afirmando que causaria preju\u00edzo \u00e0 popula\u00e7\u00e3o. &#8220;Se voc\u00ea der uma anistia a todas as pessoas que s\u00e3o inadimplentes, [&hellip;]<\/p>\n","protected":false},"author":5,"featured_media":4504,"comment_status":"closed","ping_status":"closed","sticky":false,"template":"","format":"standard","meta":[],"categories":[61],"tags":[690,697,713],"suno_strategy":[],"class_list":["post-4503","post","type-post","status-publish","format-standard","has-post-thumbnail","hentry","category-politica","tag-ciro-gomes","tag-eleicoes","tag-geraldo-alckmin"],"yoast_head":"<!-- This site is optimized with the Yoast SEO plugin v24.4 - https:\/\/yoast.com\/wordpress\/plugins\/seo\/ -->\n<title>Assessor econ\u00f4mico de Alckmin critica Ciro e prop\u00f5e plano para combust\u00edveis<\/title>\n<meta name=\"description\" content=\"Segundo P\u00e9rsio Arida, ideia de Ciro para limpar o nome de inadimplentes n\u00e3o \u00e9 pratic\u00e1vel e subs\u00eddio ao diesel tem que acabar. Clique para saber mais.\" \/>\n<meta name=\"robots\" content=\"index, follow, max-snippet:-1, max-image-preview:large, max-video-preview:-1\" \/>\n<link rel=\"canonical\" href=\"https:\/\/www.suno.com.br\/noticias\/alckmin-critica-ciro-spc\/\" \/>\n<meta property=\"og:locale\" content=\"pt_BR\" \/>\n<meta property=\"og:type\" content=\"article\" \/>\n<meta property=\"og:title\" content=\"Assessor econ\u00f4mico de Alckmin critica Ciro e prop\u00f5e plano para combust\u00edveis\" \/>\n<meta property=\"og:description\" content=\"Segundo P\u00e9rsio Arida, ideia de Ciro para limpar o nome de inadimplentes n\u00e3o \u00e9 pratic\u00e1vel e subs\u00eddio ao diesel tem que acabar. Clique para saber mais.\" \/>\n<meta property=\"og:url\" content=\"https:\/\/www.suno.com.br\/noticias\/alckmin-critica-ciro-spc\/\" \/>\n<meta property=\"og:site_name\" content=\"Suno Not\u00edcias\" \/>\n<meta property=\"article:publisher\" content=\"https:\/\/facebook.com\/sunoresearch\" \/>\n<meta property=\"article:author\" content=\"https:\/\/www.linkedin.com\/in\/daniel-quandt-a49985110\/\" \/>\n<meta property=\"og:image\" content=\"https:\/\/files.sunoresearch.com.br\/n\/uploads\/2018\/09\/6b377bcb-geraldo-alckmin-2.jpg\" \/>\n\t<meta property=\"og:image:width\" content=\"1024\" \/>\n\t<meta property=\"og:image:height\" content=\"683\" \/>\n\t<meta property=\"og:image:type\" content=\"image\/jpeg\" \/>\n<meta name=\"author\" content=\"Daniel Quandt\" \/>\n<meta name=\"twitter:card\" content=\"summary_large_image\" \/>\n<meta name=\"twitter:creator\" content=\"@sunoresearch\" \/>\n<meta name=\"twitter:site\" content=\"@sunoresearch\" \/>\n<meta name=\"twitter:label1\" content=\"Escrito por\" \/>\n\t<meta name=\"twitter:data1\" content=\"Daniel Quandt\" \/>\n\t<meta name=\"twitter:label2\" content=\"Est. tempo de leitura\" \/>\n\t<meta name=\"twitter:data2\" content=\"2 minutos\" \/>\n<script type=\"application\/ld+json\" class=\"yoast-schema-graph\">{\"@context\":\"https:\/\/schema.org\",\"@graph\":[{\"@type\":\"NewsArticle\",\"@id\":\"https:\/\/www.suno.com.br\/noticias\/alckmin-critica-ciro-spc\/#article\",\"isPartOf\":{\"@id\":\"https:\/\/www.suno.com.br\/noticias\/alckmin-critica-ciro-spc\/\"},\"author\":{\"name\":\"Daniel Quandt\",\"@id\":\"https:\/\/www.suno.com.br\/noticias\/#\/schema\/person\/eca2bab82984722db00d1e6facd8bb26\"},\"headline\":\"Assessor econ\u00f4mico de Alckmin critica Ciro e prop\u00f5e plano para combust\u00edveis\",\"datePublished\":\"2018-09-27T12:57:12+00:00\",\"dateModified\":\"2018-09-27T12:57:53+00:00\",\"mainEntityOfPage\":{\"@id\":\"https:\/\/www.suno.com.br\/noticias\/alckmin-critica-ciro-spc\/\"},\"wordCount\":363,\"publisher\":{\"@id\":\"https:\/\/www.suno.com.br\/noticias\/#organization\"},\"image\":{\"@id\":\"https:\/\/www.suno.com.br\/noticias\/alckmin-critica-ciro-spc\/#primaryimage\"},\"thumbnailUrl\":\"https:\/\/files.sunoresearch.com.br\/n\/uploads\/2018\/09\/6b377bcb-geraldo-alckmin-2-jpg.webp\",\"keywords\":[\"Ciro Gomes\",\"Elei\u00e7\u00f5es\",\"Geraldo Alckmin\"],\"articleSection\":[\"Pol\u00edtica\"],\"inLanguage\":\"pt-BR\"},{\"@type\":\"WebPage\",\"@id\":\"https:\/\/www.suno.com.br\/noticias\/alckmin-critica-ciro-spc\/\",\"url\":\"https:\/\/www.suno.com.br\/noticias\/alckmin-critica-ciro-spc\/\",\"name\":\"Assessor econ\u00f4mico de Alckmin critica Ciro e prop\u00f5e plano para combust\u00edveis\",\"isPartOf\":{\"@id\":\"https:\/\/www.suno.com.br\/noticias\/#website\"},\"primaryImageOfPage\":{\"@id\":\"https:\/\/www.suno.com.br\/noticias\/alckmin-critica-ciro-spc\/#primaryimage\"},\"image\":{\"@id\":\"https:\/\/www.suno.com.br\/noticias\/alckmin-critica-ciro-spc\/#primaryimage\"},\"thumbnailUrl\":\"https:\/\/files.sunoresearch.com.br\/n\/uploads\/2018\/09\/6b377bcb-geraldo-alckmin-2-jpg.webp\",\"datePublished\":\"2018-09-27T12:57:12+00:00\",\"dateModified\":\"2018-09-27T12:57:53+00:00\",\"description\":\"Segundo P\u00e9rsio Arida, ideia de Ciro para limpar o nome de inadimplentes n\u00e3o \u00e9 pratic\u00e1vel e subs\u00eddio ao diesel tem que acabar. Clique para saber mais.\",\"breadcrumb\":{\"@id\":\"https:\/\/www.suno.com.br\/noticias\/alckmin-critica-ciro-spc\/#breadcrumb\"},\"inLanguage\":\"pt-BR\",\"potentialAction\":[{\"@type\":\"ReadAction\",\"target\":[\"https:\/\/www.suno.com.br\/noticias\/alckmin-critica-ciro-spc\/\"]}]},{\"@type\":\"ImageObject\",\"inLanguage\":\"pt-BR\",\"@id\":\"https:\/\/www.suno.com.br\/noticias\/alckmin-critica-ciro-spc\/#primaryimage\",\"url\":\"https:\/\/files.sunoresearch.com.br\/n\/uploads\/2018\/09\/6b377bcb-geraldo-alckmin-2-jpg.webp\",\"contentUrl\":\"https:\/\/files.sunoresearch.com.br\/n\/uploads\/2018\/09\/6b377bcb-geraldo-alckmin-2-jpg.webp\",\"width\":1024,\"height\":683},{\"@type\":\"BreadcrumbList\",\"@id\":\"https:\/\/www.suno.com.br\/noticias\/alckmin-critica-ciro-spc\/#breadcrumb\",\"itemListElement\":[{\"@type\":\"ListItem\",\"position\":1,\"name\":\"Not\u00edcias\",\"item\":\"https:\/\/www.suno.com.br\/noticias\/\"},{\"@type\":\"ListItem\",\"position\":2,\"name\":\"Pol\u00edtica\",\"item\":\"https:\/\/www.suno.com.br\/noticias\/politica\/\"},{\"@type\":\"ListItem\",\"position\":3,\"name\":\"Assessor econ\u00f4mico de Alckmin critica Ciro e prop\u00f5e plano para combust\u00edveis\"}]},{\"@type\":\"WebSite\",\"@id\":\"https:\/\/www.suno.com.br\/noticias\/#website\",\"url\":\"https:\/\/www.suno.com.br\/noticias\/\",\"name\":\"Suno Not\u00edcias\",\"description\":\"Seu portal de informa\u00e7\u00e3o sobre o mundo dos investimentos\",\"publisher\":{\"@id\":\"https:\/\/www.suno.com.br\/noticias\/#organization\"},\"potentialAction\":[{\"@type\":\"SearchAction\",\"target\":{\"@type\":\"EntryPoint\",\"urlTemplate\":\"https:\/\/www.suno.com.br\/noticias\/?s={search_term_string}\"},\"query-input\":{\"@type\":\"PropertyValueSpecification\",\"valueRequired\":true,\"valueName\":\"search_term_string\"}}],\"inLanguage\":\"pt-BR\"},{\"@type\":\"Organization\",\"@id\":\"https:\/\/www.suno.com.br\/noticias\/#organization\",\"name\":\"Suno Not\u00edcias\",\"url\":\"https:\/\/www.suno.com.br\/noticias\/\",\"logo\":{\"@type\":\"ImageObject\",\"inLanguage\":\"pt-BR\",\"@id\":\"https:\/\/www.suno.com.br\/noticias\/#\/schema\/logo\/image\/\",\"url\":\"https:\/\/files.sunoresearch.com.br\/n\/uploads\/2021\/09\/suno-logo.png\",\"contentUrl\":\"https:\/\/files.sunoresearch.com.br\/n\/uploads\/2021\/09\/suno-logo.png\",\"width\":180,\"height\":180,\"caption\":\"Suno Not\u00edcias\"},\"image\":{\"@id\":\"https:\/\/www.suno.com.br\/noticias\/#\/schema\/logo\/image\/\"},\"sameAs\":[\"https:\/\/facebook.com\/sunoresearch\",\"https:\/\/x.com\/sunoresearch\",\"https:\/\/www.instagram.com\/suno\",\"https:\/\/www.linkedin.com\/company\/suno-research\/\",\"https:\/\/www.youtube.com\/c\/sunoresearch\"]},{\"@type\":\"Person\",\"@id\":\"https:\/\/www.suno.com.br\/noticias\/#\/schema\/person\/eca2bab82984722db00d1e6facd8bb26\",\"name\":\"Daniel Quandt\",\"image\":{\"@type\":\"ImageObject\",\"inLanguage\":\"pt-BR\",\"@id\":\"https:\/\/www.suno.com.br\/noticias\/#\/schema\/person\/image\/\",\"url\":\"https:\/\/secure.gravatar.com\/avatar\/5faf4378f9fbf4557a5836a88d66f99a?s=96&r=g\",\"contentUrl\":\"https:\/\/secure.gravatar.com\/avatar\/5faf4378f9fbf4557a5836a88d66f99a?s=96&r=g\",\"caption\":\"Daniel Quandt\"},\"description\":\"Aluno da Universidade de S\u00e3o Paulo, Daniel Quandt escreve sobre economia, mercado financeiro e pol\u00edtica no portal da Suno Research. J\u00e1 passou pela Ag\u00eancia USP de Inova\u00e7\u00e3o e pela startup de v\u00eddeo em blockchain Paratii, desenvolvendo seu conhecimento da aplica\u00e7\u00e3o de tecnologia de ponta ao mercado.\",\"sameAs\":[\"https:\/\/www.suno.com.br\/\",\"https:\/\/www.linkedin.com\/in\/daniel-quandt-a49985110\/\"],\"url\":\"https:\/\/www.suno.com.br\/noticias\/author\/daniel-quandt\/\"}]}<\/script>\n<!-- \/ Yoast SEO plugin. -->","yoast_head_json":{"title":"Assessor econ\u00f4mico de Alckmin critica Ciro e prop\u00f5e plano para combust\u00edveis","description":"Segundo P\u00e9rsio Arida, ideia de Ciro para limpar o nome de inadimplentes n\u00e3o \u00e9 pratic\u00e1vel e subs\u00eddio ao diesel tem que acabar. Clique para saber mais.","robots":{"index":"index","follow":"follow","max-snippet":"max-snippet:-1","max-image-preview":"max-image-preview:large","max-video-preview":"max-video-preview:-1"},"canonical":"https:\/\/www.suno.com.br\/noticias\/alckmin-critica-ciro-spc\/","og_locale":"pt_BR","og_type":"article","og_title":"Assessor econ\u00f4mico de Alckmin critica Ciro e prop\u00f5e plano para combust\u00edveis","og_description":"Segundo P\u00e9rsio Arida, ideia de Ciro para limpar o nome de inadimplentes n\u00e3o \u00e9 pratic\u00e1vel e subs\u00eddio ao diesel tem que acabar. Clique para saber mais.","og_url":"https:\/\/www.suno.com.br\/noticias\/alckmin-critica-ciro-spc\/","og_site_name":"Suno Not\u00edcias","article_publisher":"https:\/\/facebook.com\/sunoresearch","article_author":"https:\/\/www.linkedin.com\/in\/daniel-quandt-a49985110\/","og_image":[{"width":1024,"height":683,"url":"https:\/\/files.sunoresearch.com.br\/n\/uploads\/2018\/09\/6b377bcb-geraldo-alckmin-2.jpg","type":"image\/jpeg"}],"author":"Daniel Quandt","twitter_card":"summary_large_image","twitter_creator":"@sunoresearch","twitter_site":"@sunoresearch","twitter_misc":{"Escrito por":"Daniel Quandt","Est. tempo de leitura":"2 minutos"},"schema":{"@context":"https:\/\/schema.org","@graph":[{"@type":"NewsArticle","@id":"https:\/\/www.suno.com.br\/noticias\/alckmin-critica-ciro-spc\/#article","isPartOf":{"@id":"https:\/\/www.suno.com.br\/noticias\/alckmin-critica-ciro-spc\/"},"author":{"name":"Daniel Quandt","@id":"https:\/\/www.suno.com.br\/noticias\/#\/schema\/person\/eca2bab82984722db00d1e6facd8bb26"},"headline":"Assessor econ\u00f4mico de Alckmin critica Ciro e prop\u00f5e plano para combust\u00edveis","datePublished":"2018-09-27T12:57:12+00:00","dateModified":"2018-09-27T12:57:53+00:00","mainEntityOfPage":{"@id":"https:\/\/www.suno.com.br\/noticias\/alckmin-critica-ciro-spc\/"},"wordCount":363,"publisher":{"@id":"https:\/\/www.suno.com.br\/noticias\/#organization"},"image":{"@id":"https:\/\/www.suno.com.br\/noticias\/alckmin-critica-ciro-spc\/#primaryimage"},"thumbnailUrl":"https:\/\/files.sunoresearch.com.br\/n\/uploads\/2018\/09\/6b377bcb-geraldo-alckmin-2-jpg.webp","keywords":["Ciro Gomes","Elei\u00e7\u00f5es","Geraldo Alckmin"],"articleSection":["Pol\u00edtica"],"inLanguage":"pt-BR"},{"@type":"WebPage","@id":"https:\/\/www.suno.com.br\/noticias\/alckmin-critica-ciro-spc\/","url":"https:\/\/www.suno.com.br\/noticias\/alckmin-critica-ciro-spc\/","name":"Assessor econ\u00f4mico de Alckmin critica Ciro e prop\u00f5e plano para combust\u00edveis","isPartOf":{"@id":"https:\/\/www.suno.com.br\/noticias\/#website"},"primaryImageOfPage":{"@id":"https:\/\/www.suno.com.br\/noticias\/alckmin-critica-ciro-spc\/#primaryimage"},"image":{"@id":"https:\/\/www.suno.com.br\/noticias\/alckmin-critica-ciro-spc\/#primaryimage"},"thumbnailUrl":"https:\/\/files.sunoresearch.com.br\/n\/uploads\/2018\/09\/6b377bcb-geraldo-alckmin-2-jpg.webp","datePublished":"2018-09-27T12:57:12+00:00","dateModified":"2018-09-27T12:57:53+00:00","description":"Segundo P\u00e9rsio Arida, ideia de Ciro para limpar o nome de inadimplentes n\u00e3o \u00e9 pratic\u00e1vel e subs\u00eddio ao diesel tem que acabar. Clique para saber mais.","breadcrumb":{"@id":"https:\/\/www.suno.com.br\/noticias\/alckmin-critica-ciro-spc\/#breadcrumb"},"inLanguage":"pt-BR","potentialAction":[{"@type":"ReadAction","target":["https:\/\/www.suno.com.br\/noticias\/alckmin-critica-ciro-spc\/"]}]},{"@type":"ImageObject","inLanguage":"pt-BR","@id":"https:\/\/www.suno.com.br\/noticias\/alckmin-critica-ciro-spc\/#primaryimage","url":"https:\/\/files.sunoresearch.com.br\/n\/uploads\/2018\/09\/6b377bcb-geraldo-alckmin-2-jpg.webp","contentUrl":"https:\/\/files.sunoresearch.com.br\/n\/uploads\/2018\/09\/6b377bcb-geraldo-alckmin-2-jpg.webp","width":1024,"height":683},{"@type":"BreadcrumbList","@id":"https:\/\/www.suno.com.br\/noticias\/alckmin-critica-ciro-spc\/#breadcrumb","itemListElement":[{"@type":"ListItem","position":1,"name":"Not\u00edcias","item":"https:\/\/www.suno.com.br\/noticias\/"},{"@type":"ListItem","position":2,"name":"Pol\u00edtica","item":"https:\/\/www.suno.com.br\/noticias\/politica\/"},{"@type":"ListItem","position":3,"name":"Assessor econ\u00f4mico de Alckmin critica Ciro e prop\u00f5e plano para combust\u00edveis"}]},{"@type":"WebSite","@id":"https:\/\/www.suno.com.br\/noticias\/#website","url":"https:\/\/www.suno.com.br\/noticias\/","name":"Suno Not\u00edcias","description":"Seu portal de informa\u00e7\u00e3o sobre o mundo dos investimentos","publisher":{"@id":"https:\/\/www.suno.com.br\/noticias\/#organization"},"potentialAction":[{"@type":"SearchAction","target":{"@type":"EntryPoint","urlTemplate":"https:\/\/www.suno.com.br\/noticias\/?s={search_term_string}"},"query-input":{"@type":"PropertyValueSpecification","valueRequired":true,"valueName":"search_term_string"}}],"inLanguage":"pt-BR"},{"@type":"Organization","@id":"https:\/\/www.suno.com.br\/noticias\/#organization","name":"Suno Not\u00edcias","url":"https:\/\/www.suno.com.br\/noticias\/","logo":{"@type":"ImageObject","inLanguage":"pt-BR","@id":"https:\/\/www.suno.com.br\/noticias\/#\/schema\/logo\/image\/","url":"https:\/\/files.sunoresearch.com.br\/n\/uploads\/2021\/09\/suno-logo.png","contentUrl":"https:\/\/files.sunoresearch.com.br\/n\/uploads\/2021\/09\/suno-logo.png","width":180,"height":180,"caption":"Suno Not\u00edcias"},"image":{"@id":"https:\/\/www.suno.com.br\/noticias\/#\/schema\/logo\/image\/"},"sameAs":["https:\/\/facebook.com\/sunoresearch","https:\/\/x.com\/sunoresearch","https:\/\/www.instagram.com\/suno","https:\/\/www.linkedin.com\/company\/suno-research\/","https:\/\/www.youtube.com\/c\/sunoresearch"]},{"@type":"Person","@id":"https:\/\/www.suno.com.br\/noticias\/#\/schema\/person\/eca2bab82984722db00d1e6facd8bb26","name":"Daniel Quandt","image":{"@type":"ImageObject","inLanguage":"pt-BR","@id":"https:\/\/www.suno.com.br\/noticias\/#\/schema\/person\/image\/","url":"https:\/\/secure.gravatar.com\/avatar\/5faf4378f9fbf4557a5836a88d66f99a?s=96&r=g","contentUrl":"https:\/\/secure.gravatar.com\/avatar\/5faf4378f9fbf4557a5836a88d66f99a?s=96&r=g","caption":"Daniel Quandt"},"description":"Aluno da Universidade de S\u00e3o Paulo, Daniel Quandt escreve sobre economia, mercado financeiro e pol\u00edtica no portal da Suno Research. J\u00e1 passou pela Ag\u00eancia USP de Inova\u00e7\u00e3o e pela startup de v\u00eddeo em blockchain Paratii, desenvolvendo seu conhecimento da aplica\u00e7\u00e3o de tecnologia de ponta ao mercado.","sameAs":["https:\/\/www.suno.com.br\/","https:\/\/www.linkedin.com\/in\/daniel-quandt-a49985110\/"],"url":"https:\/\/www.suno.com.br\/noticias\/author\/daniel-quandt\/"}]}},"default_loop_html":"<div class=\"cardsPage__listCard__boxs\"><div class=\"cardsPage__listCard__boxs__img\"><a href=\"https:\/\/www.suno.com.br\/noticias\/alckmin-critica-ciro-spc\/\"><img class=\"mask\" src=\"https:\/\/www.suno.com.br\/noticias\/wp-content\/themes\/suno\/resources\/images\/spotlight\/spotlight1img\/bg-mask.png\" alt=\"Image Mask\"\/><img src=\"https:\/\/files.sunoresearch.com.br\/n\/uploads\/2018\/09\/6b377bcb-geraldo-alckmin-2-400x200.webp\" alt=\"Assessor econ\u00f4mico de Alckmin critica Ciro e prop\u00f5e plano para combust\u00edveis\"\/><\/a><span class=\"spotlightCategory\"><a href=\"https:\/\/www.suno.com.br\/noticias\/politica\/\">Pol\u00edtica<\/a><\/span><\/div><div class=\"cardsPage__listCard__boxs__content\"><a href=\"https:\/\/www.suno.com.br\/noticias\/alckmin-critica-ciro-spc\/\"><h2 class=\"content__title\">Assessor econ\u00f4mico de Alckmin critica Ciro e prop\u00f5e plano para combust\u00edveis<\/h2><\/a><div class=\"newsContent__article__meta\"><div class=\"newsContent__article__meta__authorBox\"><a href=\"https:\/\/www.suno.com.br\/noticias\/author\/daniel-quandt\/\" class=\"authorBox__avatar noMobi\"><img src=\"https:\/\/secure.gravatar.com\/avatar\/5faf4378f9fbf4557a5836a88d66f99a?s=96&#038;r=g\" alt=\"Daniel Quandt\"><\/a><div class=\"authorBox__name\"><span>por\n\t\t\t<a href=\"https:\/\/www.suno.com.br\/noticias\/author\/daniel-quandt\/\"><span itemprop=\"author\">Daniel Quandt<\/span><\/a><\/span><time datetime=\"2018-09-27T09:57:12-03:00\" itemprop=\"datePublished\">27\/09\/2018 09:57<\/time><\/div><\/div><\/div><\/div><\/div>","single_layout":"posts","amp_enabled":true,"_links":{"self":[{"href":"https:\/\/www.suno.com.br\/noticias\/wp-json\/wp\/v2\/posts\/4503"}],"collection":[{"href":"https:\/\/www.suno.com.br\/noticias\/wp-json\/wp\/v2\/posts"}],"about":[{"href":"https:\/\/www.suno.com.br\/noticias\/wp-json\/wp\/v2\/types\/post"}],"author":[{"embeddable":true,"href":"https:\/\/www.suno.com.br\/noticias\/wp-json\/wp\/v2\/users\/5"}],"replies":[{"embeddable":true,"href":"https:\/\/www.suno.com.br\/noticias\/wp-json\/wp\/v2\/comments?post=4503"}],"version-history":[{"count":0,"href":"https:\/\/www.suno.com.br\/noticias\/wp-json\/wp\/v2\/posts\/4503\/revisions"}],"wp:featuredmedia":[{"embeddable":true,"href":"https:\/\/www.suno.com.br\/noticias\/wp-json\/wp\/v2\/media\/4504"}],"wp:attachment":[{"href":"https:\/\/www.suno.com.br\/noticias\/wp-json\/wp\/v2\/media?parent=4503"}],"wp:term":[{"taxonomy":"category","embeddable":true,"href":"https:\/\/www.suno.com.br\/noticias\/wp-json\/wp\/v2\/categories?post=4503"},{"taxonomy":"post_tag","embeddable":true,"href":"https:\/\/www.suno.com.br\/noticias\/wp-json\/wp\/v2\/tags?post=4503"},{"taxonomy":"suno_strategy","embeddable":true,"href":"https:\/\/www.suno.com.br\/noticias\/wp-json\/wp\/v2\/suno_strategy?post=4503"}],"curies":[{"name":"wp","href":"https:\/\/api.w.org\/{rel}","templated":true}]}}