{"id":45002,"date":"2019-11-18T17:27:01","date_gmt":"2019-11-18T19:27:01","guid":{"rendered":"https:\/\/www.suno.com.br\/noticias\/?p=45002"},"modified":"2019-11-18T18:33:42","modified_gmt":"2019-11-18T20:33:42","slug":"braskem-reduz-metade-previsao-avanco-mercado-resinas-brasil","status":"publish","type":"post","link":"https:\/\/www.suno.com.br\/noticias\/braskem-reduz-metade-previsao-avanco-mercado-resinas-brasil\/","title":{"rendered":"Braskem reduz pela metade previs\u00e3o de avan\u00e7o do mercado de resinas"},"content":{"rendered":"<p>A Braskem (BRKM5) reduziu pela metade a previs\u00e3o de crescimento da demanda de <strong>resinas termopl\u00e1sticas<\/strong> no Brasil para 2019. No in\u00edcio de 2019, a estimativa era de avan\u00e7o entre 4% e 4,5%, no entanto, agora \u00e9 de 2%.<\/p>\t<div class=\"wrapper-featured-image\">\n\t\t<figure class=\"spotlightImg\">\n\n\t\t\t<picture>\n\t\t\t\t<source media=\"(max-width: 768px)\" srcset=\"https:\/\/files.sunoresearch.com.br\/n\/uploads\/2019\/11\/d129f3d4-braskem-400x200.webp\">\n\t\t\t\t<img loading=\"lazy\" decoding=\"async\" class=\"newsContent__article__imgCapa lazyloadDisabled newsContent__article__imgCapa--noCaption\" src=\"https:\/\/files.sunoresearch.com.br\/n\/uploads\/2019\/11\/d129f3d4-braskem-800x450.webp\" width=\"800\" height=\"450\" alt=\"Braskem reduz pela metade previs\u00e3o de avan\u00e7o do mercado de resinas\" fetchpriority=high \/>\n\t\t\t<\/picture>\n\n\t\t\t<figcaption class=\"wp-caption-text wp-caption-text--hide\">Braskem (BRKM5). Foto: Divulga\u00e7\u00e3o.<\/figcaption>\n\t\t<\/figure>\n\t<\/div>\n\n\n\n<p>De acordo com o presidente da <strong>Braskem<\/strong>, Fernando Musa, a previs\u00e3o \u00e9 que o crescimento seja retomado em 2020. O resultado positivo no pr\u00f3ximo ano deve refletir a recupera\u00e7\u00e3o da economia brasileira.<\/p>\n<p>\u201cA opera\u00e7\u00e3o no Brasil segue enfrentando o desafio do ciclo de baixa da ind\u00fastria petroqu\u00edmica e da desacelera\u00e7\u00e3o da economia mundial\u201d, afirmou Musa durante uma teleconfer\u00eancia com analistas.<\/p>\n<p><a href=\"http:\/\/bit.ly\/33ZNYfZ\">Black Friday Suno \u2013 as melhores an\u00e1lises sobre investimentos com descontos incr\u00edveis! Cadastre-se para ser o primeiro a saber.<\/a><\/p>\n<p>Nos nove primeiros meses deste ano, a demanda pelo produto no mercado interno cresceu 1%.<\/p>\n<p>No cen\u00e1rio global, o executivo declarou que n\u00e3o h\u00e1 sinais claros de recupera\u00e7\u00e3o do setor petroqu\u00edmico no pr\u00f3ximo ano. A estagna\u00e7\u00e3o do setor de resina deve continuar como reflexo da expectativa de menor crescimento econ\u00f4mico mundial. Al\u00e9m disso, as novas f\u00e1bricas de polietileno na <strong>China<\/strong> dever\u00e3o contribuir para o desempenho negativo.<\/p>\n<p>\u201cO desafio principal ser\u00e1 a combina\u00e7\u00e3o dos investimentos na China com o ciclo econ\u00f4mico e a guerra comercial entre China e Estados Unidos\u201d, disse Musa.<\/p>\n<h2>Joint venture da Braskem no M\u00e9xico<\/h2>\n<p>O presidente da companhia falou sobre a <strong>Braskem Idesa,<\/strong> uma <strong><a href=\"https:\/\/www.suno.com.br\/artigos\/joint-venture\/\">joint venture<\/a> <\/strong>controlada pela petroqu\u00edmica brasileira no <strong>M\u00e9xico<\/strong>. Segundo Musa, a companhia alcan\u00e7ar\u00e1 finalmente 100% de taxa de opera\u00e7\u00e3o.<\/p>\n<p><a href=\"https:\/\/www.suno.com.br\/noticias\/agenda-do-dia-petrobras-braskem-gerdau-sabesp\/\">Leia tamb\u00e9m: Agenda do Dia: Petrobras; Braskem; Gerdau; Sabesp<\/a><\/p>\n<p><span style=\"font-size: 1.21429rem;\">A empresa est\u00e1 trabalhando na instala\u00e7\u00e3o de um terminal para o recebimento de etano l\u00edquido vindo dos Estados Unidos. O transporte at\u00e9 a unidade da petroqu\u00edmica no M\u00e9xico ocorrer\u00e1 por meio de rodovias. A opera\u00e7\u00e3o deve come\u00e7ar ainda neste ano.<\/span><\/p>\n<p>O projeto possibilitar\u00e1, inicialmente, o recebimento de 12,8 mil barris de etano por dia. A estimativa \u00e9 que o n\u00famero chegue a 25,4 mil barris di\u00e1rios.<\/p>\n<p>Al\u00e9m disso, as linhas de produ\u00e7\u00e3o de polietileno, que utilizam etano importado dos Estados Unidos, chegar\u00e1 a quase 100% de taxa de opera\u00e7\u00e3o. \u201cCom o projeto de \u2018fast track\u2019, esperamos ter mat\u00e9ria-prima para rodar a <strong>Braskem<\/strong> Idesa com 100% da capacidade\u201d, afirmou o CEO.<\/p>\n","protected":false},"excerpt":{"rendered":"<p>A Braskem (BRKM5) reduziu pela metade a previs\u00e3o de crescimento da demanda de resinas termopl\u00e1sticas no Brasil para 2019. No in\u00edcio de 2019, a estimativa era de avan\u00e7o entre 4% e 4,5%, no entanto, agora \u00e9 de 2%. Braskem (BRKM5). Foto: Divulga\u00e7\u00e3o. De acordo com o presidente da Braskem, Fernando Musa, a previs\u00e3o \u00e9 que [&hellip;]<\/p>\n","protected":false},"author":18,"featured_media":45010,"comment_status":"closed","ping_status":"closed","sticky":false,"template":"","format":"standard","meta":[],"categories":[64],"tags":[395,711,897,729],"suno_strategy":[],"class_list":["post-45002","post","type-post","status-publish","format-standard","has-post-thumbnail","hentry","category-negocios","tag-braskem-brkm3-brkm5-brkm6","tag-china","tag-joint-venture","tag-mexico"],"yoast_head":"<!-- This site is optimized with the Yoast SEO plugin v24.4 - https:\/\/yoast.com\/wordpress\/plugins\/seo\/ -->\n<title>Braskem reduz pela metade previs\u00e3o de avan\u00e7o do mercado de resinas<\/title>\n<meta name=\"description\" content=\"A Braskem (BRKM5) reduziu pela metade a previs\u00e3o de crescimento da demanda de resinas termopl\u00e1sticas no Brasil. Clique para saber mais.\" \/>\n<meta name=\"robots\" content=\"index, follow, max-snippet:-1, max-image-preview:large, max-video-preview:-1\" \/>\n<link rel=\"canonical\" href=\"https:\/\/www.suno.com.br\/noticias\/braskem-reduz-metade-previsao-avanco-mercado-resinas-brasil\/\" \/>\n<meta property=\"og:locale\" content=\"pt_BR\" \/>\n<meta property=\"og:type\" content=\"article\" \/>\n<meta property=\"og:title\" content=\"Braskem reduz pela metade previs\u00e3o de avan\u00e7o do mercado de resinas\" \/>\n<meta property=\"og:description\" content=\"A Braskem (BRKM5) reduziu pela metade a previs\u00e3o de crescimento da demanda de resinas termopl\u00e1sticas no Brasil. Clique para saber mais.\" \/>\n<meta property=\"og:url\" content=\"https:\/\/www.suno.com.br\/noticias\/braskem-reduz-metade-previsao-avanco-mercado-resinas-brasil\/\" \/>\n<meta property=\"og:site_name\" content=\"Suno Not\u00edcias\" \/>\n<meta property=\"article:publisher\" content=\"https:\/\/facebook.com\/sunoresearch\" \/>\n<meta property=\"og:image\" content=\"https:\/\/files.sunoresearch.com.br\/n\/uploads\/2019\/11\/d129f3d4-braskem.jpg\" \/>\n\t<meta property=\"og:image:width\" content=\"1086\" \/>\n\t<meta property=\"og:image:height\" content=\"652\" \/>\n\t<meta property=\"og:image:type\" content=\"image\/jpeg\" \/>\n<meta name=\"author\" content=\"Giovanna Oliveira\" \/>\n<meta name=\"twitter:card\" content=\"summary_large_image\" \/>\n<meta name=\"twitter:creator\" content=\"@sunoresearch\" \/>\n<meta name=\"twitter:site\" content=\"@sunoresearch\" \/>\n<meta name=\"twitter:label1\" content=\"Escrito por\" \/>\n\t<meta name=\"twitter:data1\" content=\"Giovanna Oliveira\" \/>\n\t<meta name=\"twitter:label2\" content=\"Est. tempo de leitura\" \/>\n\t<meta name=\"twitter:data2\" content=\"2 minutos\" \/>\n<script type=\"application\/ld+json\" class=\"yoast-schema-graph\">{\"@context\":\"https:\/\/schema.org\",\"@graph\":[{\"@type\":\"NewsArticle\",\"@id\":\"https:\/\/www.suno.com.br\/noticias\/braskem-reduz-metade-previsao-avanco-mercado-resinas-brasil\/#article\",\"isPartOf\":{\"@id\":\"https:\/\/www.suno.com.br\/noticias\/braskem-reduz-metade-previsao-avanco-mercado-resinas-brasil\/\"},\"author\":{\"name\":\"Giovanna Oliveira\",\"@id\":\"https:\/\/www.suno.com.br\/noticias\/#\/schema\/person\/4e19e3d2575736e5283d58eb3199d120\"},\"headline\":\"Braskem reduz pela metade previs\u00e3o de avan\u00e7o do mercado de resinas\",\"datePublished\":\"2019-11-18T19:27:01+00:00\",\"dateModified\":\"2019-11-18T20:33:42+00:00\",\"mainEntityOfPage\":{\"@id\":\"https:\/\/www.suno.com.br\/noticias\/braskem-reduz-metade-previsao-avanco-mercado-resinas-brasil\/\"},\"wordCount\":405,\"publisher\":{\"@id\":\"https:\/\/www.suno.com.br\/noticias\/#organization\"},\"image\":{\"@id\":\"https:\/\/www.suno.com.br\/noticias\/braskem-reduz-metade-previsao-avanco-mercado-resinas-brasil\/#primaryimage\"},\"thumbnailUrl\":\"https:\/\/files.sunoresearch.com.br\/n\/uploads\/2019\/11\/d129f3d4-braskem-jpg.webp\",\"keywords\":[\"Braskem (BRKM3\/BRKM5\/BRKM6)\",\"China\",\"joint venture\",\"M\u00e9xico\"],\"articleSection\":[\"Neg\u00f3cios\"],\"inLanguage\":\"pt-BR\"},{\"@type\":\"WebPage\",\"@id\":\"https:\/\/www.suno.com.br\/noticias\/braskem-reduz-metade-previsao-avanco-mercado-resinas-brasil\/\",\"url\":\"https:\/\/www.suno.com.br\/noticias\/braskem-reduz-metade-previsao-avanco-mercado-resinas-brasil\/\",\"name\":\"Braskem reduz pela metade previs\u00e3o de avan\u00e7o do mercado de resinas\",\"isPartOf\":{\"@id\":\"https:\/\/www.suno.com.br\/noticias\/#website\"},\"primaryImageOfPage\":{\"@id\":\"https:\/\/www.suno.com.br\/noticias\/braskem-reduz-metade-previsao-avanco-mercado-resinas-brasil\/#primaryimage\"},\"image\":{\"@id\":\"https:\/\/www.suno.com.br\/noticias\/braskem-reduz-metade-previsao-avanco-mercado-resinas-brasil\/#primaryimage\"},\"thumbnailUrl\":\"https:\/\/files.sunoresearch.com.br\/n\/uploads\/2019\/11\/d129f3d4-braskem-jpg.webp\",\"datePublished\":\"2019-11-18T19:27:01+00:00\",\"dateModified\":\"2019-11-18T20:33:42+00:00\",\"description\":\"A Braskem (BRKM5) reduziu pela metade a previs\u00e3o de crescimento da demanda de resinas termopl\u00e1sticas no Brasil. Clique para saber mais.\",\"breadcrumb\":{\"@id\":\"https:\/\/www.suno.com.br\/noticias\/braskem-reduz-metade-previsao-avanco-mercado-resinas-brasil\/#breadcrumb\"},\"inLanguage\":\"pt-BR\",\"potentialAction\":[{\"@type\":\"ReadAction\",\"target\":[\"https:\/\/www.suno.com.br\/noticias\/braskem-reduz-metade-previsao-avanco-mercado-resinas-brasil\/\"]}]},{\"@type\":\"ImageObject\",\"inLanguage\":\"pt-BR\",\"@id\":\"https:\/\/www.suno.com.br\/noticias\/braskem-reduz-metade-previsao-avanco-mercado-resinas-brasil\/#primaryimage\",\"url\":\"https:\/\/files.sunoresearch.com.br\/n\/uploads\/2019\/11\/d129f3d4-braskem-jpg.webp\",\"contentUrl\":\"https:\/\/files.sunoresearch.com.br\/n\/uploads\/2019\/11\/d129f3d4-braskem-jpg.webp\",\"width\":1086,\"height\":652,\"caption\":\"Braskem (BRKM5). Foto: Divulga\u00e7\u00e3o.\"},{\"@type\":\"BreadcrumbList\",\"@id\":\"https:\/\/www.suno.com.br\/noticias\/braskem-reduz-metade-previsao-avanco-mercado-resinas-brasil\/#breadcrumb\",\"itemListElement\":[{\"@type\":\"ListItem\",\"position\":1,\"name\":\"Not\u00edcias\",\"item\":\"https:\/\/www.suno.com.br\/noticias\/\"},{\"@type\":\"ListItem\",\"position\":2,\"name\":\"Neg\u00f3cios\",\"item\":\"https:\/\/www.suno.com.br\/noticias\/negocios\/\"},{\"@type\":\"ListItem\",\"position\":3,\"name\":\"Braskem reduz pela metade previs\u00e3o de avan\u00e7o do mercado de resinas\"}]},{\"@type\":\"WebSite\",\"@id\":\"https:\/\/www.suno.com.br\/noticias\/#website\",\"url\":\"https:\/\/www.suno.com.br\/noticias\/\",\"name\":\"Suno Not\u00edcias\",\"description\":\"Seu portal de informa\u00e7\u00e3o sobre o mundo dos investimentos\",\"publisher\":{\"@id\":\"https:\/\/www.suno.com.br\/noticias\/#organization\"},\"potentialAction\":[{\"@type\":\"SearchAction\",\"target\":{\"@type\":\"EntryPoint\",\"urlTemplate\":\"https:\/\/www.suno.com.br\/noticias\/?s={search_term_string}\"},\"query-input\":{\"@type\":\"PropertyValueSpecification\",\"valueRequired\":true,\"valueName\":\"search_term_string\"}}],\"inLanguage\":\"pt-BR\"},{\"@type\":\"Organization\",\"@id\":\"https:\/\/www.suno.com.br\/noticias\/#organization\",\"name\":\"Suno Not\u00edcias\",\"url\":\"https:\/\/www.suno.com.br\/noticias\/\",\"logo\":{\"@type\":\"ImageObject\",\"inLanguage\":\"pt-BR\",\"@id\":\"https:\/\/www.suno.com.br\/noticias\/#\/schema\/logo\/image\/\",\"url\":\"https:\/\/files.sunoresearch.com.br\/n\/uploads\/2021\/09\/suno-logo.png\",\"contentUrl\":\"https:\/\/files.sunoresearch.com.br\/n\/uploads\/2021\/09\/suno-logo.png\",\"width\":180,\"height\":180,\"caption\":\"Suno Not\u00edcias\"},\"image\":{\"@id\":\"https:\/\/www.suno.com.br\/noticias\/#\/schema\/logo\/image\/\"},\"sameAs\":[\"https:\/\/facebook.com\/sunoresearch\",\"https:\/\/x.com\/sunoresearch\",\"https:\/\/www.instagram.com\/suno\",\"https:\/\/www.linkedin.com\/company\/suno-research\/\",\"https:\/\/www.youtube.com\/c\/sunoresearch\"]},{\"@type\":\"Person\",\"@id\":\"https:\/\/www.suno.com.br\/noticias\/#\/schema\/person\/4e19e3d2575736e5283d58eb3199d120\",\"name\":\"Giovanna Oliveira\",\"image\":{\"@type\":\"ImageObject\",\"inLanguage\":\"pt-BR\",\"@id\":\"https:\/\/www.suno.com.br\/noticias\/#\/schema\/person\/image\/\",\"url\":\"https:\/\/secure.gravatar.com\/avatar\/9a37b3ae208962ac568992d0ffdbc2eb?s=96&r=g\",\"contentUrl\":\"https:\/\/secure.gravatar.com\/avatar\/9a37b3ae208962ac568992d0ffdbc2eb?s=96&r=g\",\"caption\":\"Giovanna Oliveira\"},\"description\":\"Giovanna Oliveira escreve sobre economia e pol\u00edtica. Foi rep\u00f3rter do portal de jornalismo da ESPM-SP e produziu conte\u00fado para a Corinthians TV. \u00c9 estudante da ESPM.\",\"url\":\"https:\/\/www.suno.com.br\/noticias\/author\/giovanna\/\"}]}<\/script>\n<!-- \/ Yoast SEO plugin. -->","yoast_head_json":{"title":"Braskem reduz pela metade previs\u00e3o de avan\u00e7o do mercado de resinas","description":"A Braskem (BRKM5) reduziu pela metade a previs\u00e3o de crescimento da demanda de resinas termopl\u00e1sticas no Brasil. Clique para saber mais.","robots":{"index":"index","follow":"follow","max-snippet":"max-snippet:-1","max-image-preview":"max-image-preview:large","max-video-preview":"max-video-preview:-1"},"canonical":"https:\/\/www.suno.com.br\/noticias\/braskem-reduz-metade-previsao-avanco-mercado-resinas-brasil\/","og_locale":"pt_BR","og_type":"article","og_title":"Braskem reduz pela metade previs\u00e3o de avan\u00e7o do mercado de resinas","og_description":"A Braskem (BRKM5) reduziu pela metade a previs\u00e3o de crescimento da demanda de resinas termopl\u00e1sticas no Brasil. Clique para saber mais.","og_url":"https:\/\/www.suno.com.br\/noticias\/braskem-reduz-metade-previsao-avanco-mercado-resinas-brasil\/","og_site_name":"Suno Not\u00edcias","article_publisher":"https:\/\/facebook.com\/sunoresearch","og_image":[{"width":1086,"height":652,"url":"https:\/\/files.sunoresearch.com.br\/n\/uploads\/2019\/11\/d129f3d4-braskem.jpg","type":"image\/jpeg"}],"author":"Giovanna Oliveira","twitter_card":"summary_large_image","twitter_creator":"@sunoresearch","twitter_site":"@sunoresearch","twitter_misc":{"Escrito por":"Giovanna Oliveira","Est. tempo de leitura":"2 minutos"},"schema":{"@context":"https:\/\/schema.org","@graph":[{"@type":"NewsArticle","@id":"https:\/\/www.suno.com.br\/noticias\/braskem-reduz-metade-previsao-avanco-mercado-resinas-brasil\/#article","isPartOf":{"@id":"https:\/\/www.suno.com.br\/noticias\/braskem-reduz-metade-previsao-avanco-mercado-resinas-brasil\/"},"author":{"name":"Giovanna Oliveira","@id":"https:\/\/www.suno.com.br\/noticias\/#\/schema\/person\/4e19e3d2575736e5283d58eb3199d120"},"headline":"Braskem reduz pela metade previs\u00e3o de avan\u00e7o do mercado de resinas","datePublished":"2019-11-18T19:27:01+00:00","dateModified":"2019-11-18T20:33:42+00:00","mainEntityOfPage":{"@id":"https:\/\/www.suno.com.br\/noticias\/braskem-reduz-metade-previsao-avanco-mercado-resinas-brasil\/"},"wordCount":405,"publisher":{"@id":"https:\/\/www.suno.com.br\/noticias\/#organization"},"image":{"@id":"https:\/\/www.suno.com.br\/noticias\/braskem-reduz-metade-previsao-avanco-mercado-resinas-brasil\/#primaryimage"},"thumbnailUrl":"https:\/\/files.sunoresearch.com.br\/n\/uploads\/2019\/11\/d129f3d4-braskem-jpg.webp","keywords":["Braskem (BRKM3\/BRKM5\/BRKM6)","China","joint venture","M\u00e9xico"],"articleSection":["Neg\u00f3cios"],"inLanguage":"pt-BR"},{"@type":"WebPage","@id":"https:\/\/www.suno.com.br\/noticias\/braskem-reduz-metade-previsao-avanco-mercado-resinas-brasil\/","url":"https:\/\/www.suno.com.br\/noticias\/braskem-reduz-metade-previsao-avanco-mercado-resinas-brasil\/","name":"Braskem reduz pela metade previs\u00e3o de avan\u00e7o do mercado de resinas","isPartOf":{"@id":"https:\/\/www.suno.com.br\/noticias\/#website"},"primaryImageOfPage":{"@id":"https:\/\/www.suno.com.br\/noticias\/braskem-reduz-metade-previsao-avanco-mercado-resinas-brasil\/#primaryimage"},"image":{"@id":"https:\/\/www.suno.com.br\/noticias\/braskem-reduz-metade-previsao-avanco-mercado-resinas-brasil\/#primaryimage"},"thumbnailUrl":"https:\/\/files.sunoresearch.com.br\/n\/uploads\/2019\/11\/d129f3d4-braskem-jpg.webp","datePublished":"2019-11-18T19:27:01+00:00","dateModified":"2019-11-18T20:33:42+00:00","description":"A Braskem (BRKM5) reduziu pela metade a previs\u00e3o de crescimento da demanda de resinas termopl\u00e1sticas no Brasil. Clique para saber mais.","breadcrumb":{"@id":"https:\/\/www.suno.com.br\/noticias\/braskem-reduz-metade-previsao-avanco-mercado-resinas-brasil\/#breadcrumb"},"inLanguage":"pt-BR","potentialAction":[{"@type":"ReadAction","target":["https:\/\/www.suno.com.br\/noticias\/braskem-reduz-metade-previsao-avanco-mercado-resinas-brasil\/"]}]},{"@type":"ImageObject","inLanguage":"pt-BR","@id":"https:\/\/www.suno.com.br\/noticias\/braskem-reduz-metade-previsao-avanco-mercado-resinas-brasil\/#primaryimage","url":"https:\/\/files.sunoresearch.com.br\/n\/uploads\/2019\/11\/d129f3d4-braskem-jpg.webp","contentUrl":"https:\/\/files.sunoresearch.com.br\/n\/uploads\/2019\/11\/d129f3d4-braskem-jpg.webp","width":1086,"height":652,"caption":"Braskem (BRKM5). Foto: Divulga\u00e7\u00e3o."},{"@type":"BreadcrumbList","@id":"https:\/\/www.suno.com.br\/noticias\/braskem-reduz-metade-previsao-avanco-mercado-resinas-brasil\/#breadcrumb","itemListElement":[{"@type":"ListItem","position":1,"name":"Not\u00edcias","item":"https:\/\/www.suno.com.br\/noticias\/"},{"@type":"ListItem","position":2,"name":"Neg\u00f3cios","item":"https:\/\/www.suno.com.br\/noticias\/negocios\/"},{"@type":"ListItem","position":3,"name":"Braskem reduz pela metade previs\u00e3o de avan\u00e7o do mercado de resinas"}]},{"@type":"WebSite","@id":"https:\/\/www.suno.com.br\/noticias\/#website","url":"https:\/\/www.suno.com.br\/noticias\/","name":"Suno Not\u00edcias","description":"Seu portal de informa\u00e7\u00e3o sobre o mundo dos investimentos","publisher":{"@id":"https:\/\/www.suno.com.br\/noticias\/#organization"},"potentialAction":[{"@type":"SearchAction","target":{"@type":"EntryPoint","urlTemplate":"https:\/\/www.suno.com.br\/noticias\/?s={search_term_string}"},"query-input":{"@type":"PropertyValueSpecification","valueRequired":true,"valueName":"search_term_string"}}],"inLanguage":"pt-BR"},{"@type":"Organization","@id":"https:\/\/www.suno.com.br\/noticias\/#organization","name":"Suno Not\u00edcias","url":"https:\/\/www.suno.com.br\/noticias\/","logo":{"@type":"ImageObject","inLanguage":"pt-BR","@id":"https:\/\/www.suno.com.br\/noticias\/#\/schema\/logo\/image\/","url":"https:\/\/files.sunoresearch.com.br\/n\/uploads\/2021\/09\/suno-logo.png","contentUrl":"https:\/\/files.sunoresearch.com.br\/n\/uploads\/2021\/09\/suno-logo.png","width":180,"height":180,"caption":"Suno Not\u00edcias"},"image":{"@id":"https:\/\/www.suno.com.br\/noticias\/#\/schema\/logo\/image\/"},"sameAs":["https:\/\/facebook.com\/sunoresearch","https:\/\/x.com\/sunoresearch","https:\/\/www.instagram.com\/suno","https:\/\/www.linkedin.com\/company\/suno-research\/","https:\/\/www.youtube.com\/c\/sunoresearch"]},{"@type":"Person","@id":"https:\/\/www.suno.com.br\/noticias\/#\/schema\/person\/4e19e3d2575736e5283d58eb3199d120","name":"Giovanna Oliveira","image":{"@type":"ImageObject","inLanguage":"pt-BR","@id":"https:\/\/www.suno.com.br\/noticias\/#\/schema\/person\/image\/","url":"https:\/\/secure.gravatar.com\/avatar\/9a37b3ae208962ac568992d0ffdbc2eb?s=96&r=g","contentUrl":"https:\/\/secure.gravatar.com\/avatar\/9a37b3ae208962ac568992d0ffdbc2eb?s=96&r=g","caption":"Giovanna Oliveira"},"description":"Giovanna Oliveira escreve sobre economia e pol\u00edtica. Foi rep\u00f3rter do portal de jornalismo da ESPM-SP e produziu conte\u00fado para a Corinthians TV. \u00c9 estudante da ESPM.","url":"https:\/\/www.suno.com.br\/noticias\/author\/giovanna\/"}]}},"default_loop_html":"<div class=\"cardsPage__listCard__boxs\"><div class=\"cardsPage__listCard__boxs__img\"><a href=\"https:\/\/www.suno.com.br\/noticias\/braskem-reduz-metade-previsao-avanco-mercado-resinas-brasil\/\"><img class=\"mask\" src=\"https:\/\/www.suno.com.br\/noticias\/wp-content\/themes\/suno\/resources\/images\/spotlight\/spotlight1img\/bg-mask.png\" alt=\"Image Mask\"\/><img src=\"https:\/\/files.sunoresearch.com.br\/n\/uploads\/2019\/11\/d129f3d4-braskem-400x200.webp\" alt=\"Braskem reduz pela metade previs\u00e3o de avan\u00e7o do mercado de resinas\"\/><\/a><span class=\"spotlightCategory\"><a href=\"https:\/\/www.suno.com.br\/noticias\/negocios\/\">Neg\u00f3cios<\/a><\/span><\/div><div class=\"cardsPage__listCard__boxs__content\"><a href=\"https:\/\/www.suno.com.br\/noticias\/braskem-reduz-metade-previsao-avanco-mercado-resinas-brasil\/\"><h2 class=\"content__title\">Braskem reduz pela metade previs\u00e3o de avan\u00e7o do mercado de resinas<\/h2><\/a><div class=\"newsContent__article__meta\"><div class=\"newsContent__article__meta__authorBox\"><a href=\"https:\/\/www.suno.com.br\/noticias\/author\/giovanna\/\" class=\"authorBox__avatar noMobi\"><img src=\"https:\/\/files.sunoresearch.com.br\/n\/uploads\/2019\/06\/952a89ca-screenshot_20190608-171507-150x150.webp\" alt=\"Giovanna Oliveira\"><\/a><div class=\"authorBox__name\"><span>por\n\t\t\t<a href=\"https:\/\/www.suno.com.br\/noticias\/author\/giovanna\/\"><span itemprop=\"author\">Giovanna Oliveira<\/span><\/a><\/span><time datetime=\"2019-11-18T17:27:01-03:00\" itemprop=\"datePublished\">18\/11\/2019 17:27<\/time><\/div><\/div><\/div><\/div><\/div>","single_layout":"posts","amp_enabled":true,"_links":{"self":[{"href":"https:\/\/www.suno.com.br\/noticias\/wp-json\/wp\/v2\/posts\/45002"}],"collection":[{"href":"https:\/\/www.suno.com.br\/noticias\/wp-json\/wp\/v2\/posts"}],"about":[{"href":"https:\/\/www.suno.com.br\/noticias\/wp-json\/wp\/v2\/types\/post"}],"author":[{"embeddable":true,"href":"https:\/\/www.suno.com.br\/noticias\/wp-json\/wp\/v2\/users\/18"}],"replies":[{"embeddable":true,"href":"https:\/\/www.suno.com.br\/noticias\/wp-json\/wp\/v2\/comments?post=45002"}],"version-history":[{"count":0,"href":"https:\/\/www.suno.com.br\/noticias\/wp-json\/wp\/v2\/posts\/45002\/revisions"}],"wp:featuredmedia":[{"embeddable":true,"href":"https:\/\/www.suno.com.br\/noticias\/wp-json\/wp\/v2\/media\/45010"}],"wp:attachment":[{"href":"https:\/\/www.suno.com.br\/noticias\/wp-json\/wp\/v2\/media?parent=45002"}],"wp:term":[{"taxonomy":"category","embeddable":true,"href":"https:\/\/www.suno.com.br\/noticias\/wp-json\/wp\/v2\/categories?post=45002"},{"taxonomy":"post_tag","embeddable":true,"href":"https:\/\/www.suno.com.br\/noticias\/wp-json\/wp\/v2\/tags?post=45002"},{"taxonomy":"suno_strategy","embeddable":true,"href":"https:\/\/www.suno.com.br\/noticias\/wp-json\/wp\/v2\/suno_strategy?post=45002"}],"curies":[{"name":"wp","href":"https:\/\/api.w.org\/{rel}","templated":true}]}}