{"id":4497,"date":"2018-09-27T09:22:40","date_gmt":"2018-09-27T12:22:40","guid":{"rendered":"https:\/\/www.suno.com.br\/noticias\/?p=4497"},"modified":"2018-09-27T09:22:40","modified_gmt":"2018-09-27T12:22:40","slug":"resumo-quinta-politica-negocios-2","status":"publish","type":"post","link":"https:\/\/www.suno.com.br\/noticias\/resumo-quinta-politica-negocios-2\/","title":{"rendered":"O que saber nesta quinta-feira em pol\u00edtica, neg\u00f3cios e economia"},"content":{"rendered":"<p>Saiba que assuntos podem movimentar o mercado no campo da pol\u00edtica e dos neg\u00f3cios nesta quinta-feira, 27 de setembro.<\/p>\t<div class=\"wrapper-featured-image\">\n\t\t<figure class=\"spotlightImg\">\n\n\t\t\t<picture>\n\t\t\t\t<source media=\"(max-width: 768px)\" srcset=\"https:\/\/files.sunoresearch.com.br\/n\/uploads\/2018\/09\/87bb060a-resumo-noticias-400x200.webp\">\n\t\t\t\t<img loading=\"lazy\" decoding=\"async\" class=\"newsContent__article__imgCapa lazyloadDisabled newsContent__article__imgCapa--noCaption\" src=\"https:\/\/files.sunoresearch.com.br\/n\/uploads\/2018\/09\/87bb060a-resumo-noticias-800x450.webp\" width=\"800\" height=\"450\" alt=\"O que saber nesta quinta-feira em pol\u00edtica, neg\u00f3cios e economia\" fetchpriority=high \/>\n\t\t\t<\/picture>\n\n\t\t\t<figcaption class=\"wp-caption-text wp-caption-text--hide\"><\/figcaption>\n\t\t<\/figure>\n\t<\/div>\n\n\n<p>Na pol\u00edtica, aten\u00e7\u00e3o para a repercuss\u00e3o do debate presidencial de ontem, no SBT. Embora o nome de Jair Bolsonaro (PSL) mal tenha sido mencionado, e ele n\u00e3o tenha comparecido por ainda estar internado no Hopital Albert Einstein, sua presen\u00e7a pairou sobre o event como um fantasma. Todos os candidatos fora Fernando Haddad (PT) se posicionaram como uma terceira via, uma alternativa \u00e0 polariza\u00e7\u00e3o entre extremos representada pelos dois.<\/p>\n<p>Resta saber como o mercado reagir\u00e1 \u00e0 declara\u00e7\u00e3o de Cabo Daciolo (Patriotas), que &#8220;profetizou&#8221; que vencer\u00e1 as elei\u00e7\u00f5es no primeiro turno com 51% dos votos. O deputado flutua entre 1% e 0% das inten\u00e7\u00f5es de voto, nas pesquisas.<\/p>\n<p>Ainda sobre as elei\u00e7\u00f5es, o Supremo Tribunal Federal (STF) manteve a decis\u00e3o de suspender os t\u00edtulos eleitorais daqueles que n\u00e3o realizaram o cadastramento biom\u00e9trico. S\u00e3o cerca de 3 milh\u00f5es de eleitores afetados. A maioria, algo em torno de 53% deles, est\u00e1 localizada no Norte e Nordeste do pa\u00eds, em regi\u00f5es mais pobres.<\/p>\n<p>No mundo dos neg\u00f3cios, a Petrobras fechou um acordo com a Equinor para gerar energia e\u00f3lica offshore. Tamb\u00e9m no ramo de combust\u00edveis e energia, a Ra\u00edzen deixar\u00e1 de investir cerca de R$2 bilh\u00f5es devido aos subs\u00eddios ao Diesel, que ela <a href=\"https:\/\/www.suno.com.br\/noticias\/raizen-diesel-fim-subsidios\/\">j\u00e1 citou como prejudicial<\/a> a seus lucros.<\/p>\n<p>A reuni\u00e3o do conselho de administra\u00e7\u00e3o da Vale, que teve forte alta na ter\u00e7a e corre\u00e7\u00e3o posterior na quarta, contar\u00e1 com a presen\u00e7a do Ministro da Fazenda, Eduardo Guardia.<\/p>\n<p>O pedido de empregados da Eletrobras contra o leil\u00e3o das Sociedades de Prop\u00f3sito Espec\u00edfico (SPEs) da companhia foi negado pela justi\u00e7a do Rio de Janeiro.<\/p>\n<p>O jornal O Estado de S. Paulo noticiou que o presidente Michel Temer est\u00e1 fazendo o poss\u00edvel para deixar a venda da Embraer e da Braskem conclu\u00edda ou pelo menos encaminhada, sem chance de voltar atr\u00e1s. No entanto, at\u00e9 mesmo a sua base aliada no congresso est\u00e1 apresentando resist\u00eancia \u00e0 movimenta\u00e7\u00e3o.<\/p>\n<p>No cen\u00e1rio econ\u00f4mico, o mercado deve prestar bastante aten\u00e7\u00e3o \u00e0 divulga\u00e7\u00e3o dos dados do PIB dos EUA, assim como falas dos presidentes do Banco Central do Brasil, da zona do euro e dos pr\u00f3prios Estados Unidos.<\/p>\n","protected":false},"excerpt":{"rendered":"<p>Saiba que assuntos podem movimentar o mercado no campo da pol\u00edtica e dos neg\u00f3cios nesta quinta-feira, 27 de setembro. Na pol\u00edtica, aten\u00e7\u00e3o para a repercuss\u00e3o do debate presidencial de ontem, no SBT. Embora o nome de Jair Bolsonaro (PSL) mal tenha sido mencionado, e ele n\u00e3o tenha comparecido por ainda estar internado no Hopital Albert [&hellip;]<\/p>\n","protected":false},"author":5,"featured_media":4499,"comment_status":"closed","ping_status":"closed","sticky":false,"template":"","format":"standard","meta":[],"categories":[61],"tags":[697],"suno_strategy":[],"class_list":["post-4497","post","type-post","status-publish","format-standard","has-post-thumbnail","hentry","category-politica","tag-eleicoes"],"yoast_head":"<!-- This site is optimized with the Yoast SEO plugin v24.4 - https:\/\/yoast.com\/wordpress\/plugins\/seo\/ -->\n<title>O que saber nesta quinta-feira em pol\u00edtica, neg\u00f3cios e economia<\/title>\n<meta name=\"description\" content=\"Debate de presidenci\u00e1veis no SBT ontem, postura da Ra\u00edzen quanto ao diesel e espera pelo PIB dos EUA s\u00e3o alguns dos destaques. Clique para saber mais.\" \/>\n<meta name=\"robots\" content=\"index, follow, max-snippet:-1, max-image-preview:large, max-video-preview:-1\" \/>\n<link rel=\"canonical\" href=\"https:\/\/www.suno.com.br\/noticias\/resumo-quinta-politica-negocios-2\/\" \/>\n<meta property=\"og:locale\" content=\"pt_BR\" \/>\n<meta property=\"og:type\" content=\"article\" \/>\n<meta property=\"og:title\" content=\"O que saber nesta quinta-feira em pol\u00edtica, neg\u00f3cios e economia\" \/>\n<meta property=\"og:description\" content=\"Debate de presidenci\u00e1veis no SBT ontem, postura da Ra\u00edzen quanto ao diesel e espera pelo PIB dos EUA s\u00e3o alguns dos destaques. Clique para saber mais.\" \/>\n<meta property=\"og:url\" content=\"https:\/\/www.suno.com.br\/noticias\/resumo-quinta-politica-negocios-2\/\" \/>\n<meta property=\"og:site_name\" content=\"Suno Not\u00edcias\" \/>\n<meta property=\"article:publisher\" content=\"https:\/\/facebook.com\/sunoresearch\" \/>\n<meta property=\"article:author\" content=\"https:\/\/www.linkedin.com\/in\/daniel-quandt-a49985110\/\" \/>\n<meta property=\"og:image\" content=\"https:\/\/files.sunoresearch.com.br\/n\/uploads\/2018\/09\/87bb060a-resumo-noticias.jpg\" \/>\n\t<meta property=\"og:image:width\" content=\"1920\" \/>\n\t<meta property=\"og:image:height\" content=\"1280\" \/>\n\t<meta property=\"og:image:type\" content=\"image\/jpeg\" \/>\n<meta name=\"author\" content=\"Daniel Quandt\" \/>\n<meta name=\"twitter:card\" content=\"summary_large_image\" \/>\n<meta name=\"twitter:creator\" content=\"@sunoresearch\" \/>\n<meta name=\"twitter:site\" content=\"@sunoresearch\" \/>\n<meta name=\"twitter:label1\" content=\"Escrito por\" \/>\n\t<meta name=\"twitter:data1\" content=\"Daniel Quandt\" \/>\n\t<meta name=\"twitter:label2\" content=\"Est. tempo de leitura\" \/>\n\t<meta name=\"twitter:data2\" content=\"2 minutos\" \/>\n<script type=\"application\/ld+json\" class=\"yoast-schema-graph\">{\"@context\":\"https:\/\/schema.org\",\"@graph\":[{\"@type\":\"NewsArticle\",\"@id\":\"https:\/\/www.suno.com.br\/noticias\/resumo-quinta-politica-negocios-2\/#article\",\"isPartOf\":{\"@id\":\"https:\/\/www.suno.com.br\/noticias\/resumo-quinta-politica-negocios-2\/\"},\"author\":{\"name\":\"Daniel Quandt\",\"@id\":\"https:\/\/www.suno.com.br\/noticias\/#\/schema\/person\/eca2bab82984722db00d1e6facd8bb26\"},\"headline\":\"O que saber nesta quinta-feira em pol\u00edtica, neg\u00f3cios e economia\",\"datePublished\":\"2018-09-27T12:22:40+00:00\",\"mainEntityOfPage\":{\"@id\":\"https:\/\/www.suno.com.br\/noticias\/resumo-quinta-politica-negocios-2\/\"},\"wordCount\":413,\"publisher\":{\"@id\":\"https:\/\/www.suno.com.br\/noticias\/#organization\"},\"image\":{\"@id\":\"https:\/\/www.suno.com.br\/noticias\/resumo-quinta-politica-negocios-2\/#primaryimage\"},\"thumbnailUrl\":\"https:\/\/files.sunoresearch.com.br\/n\/uploads\/2018\/09\/87bb060a-resumo-noticias-jpg.webp\",\"keywords\":[\"Elei\u00e7\u00f5es\"],\"articleSection\":[\"Pol\u00edtica\"],\"inLanguage\":\"pt-BR\"},{\"@type\":\"WebPage\",\"@id\":\"https:\/\/www.suno.com.br\/noticias\/resumo-quinta-politica-negocios-2\/\",\"url\":\"https:\/\/www.suno.com.br\/noticias\/resumo-quinta-politica-negocios-2\/\",\"name\":\"O que saber nesta quinta-feira em pol\u00edtica, neg\u00f3cios e economia\",\"isPartOf\":{\"@id\":\"https:\/\/www.suno.com.br\/noticias\/#website\"},\"primaryImageOfPage\":{\"@id\":\"https:\/\/www.suno.com.br\/noticias\/resumo-quinta-politica-negocios-2\/#primaryimage\"},\"image\":{\"@id\":\"https:\/\/www.suno.com.br\/noticias\/resumo-quinta-politica-negocios-2\/#primaryimage\"},\"thumbnailUrl\":\"https:\/\/files.sunoresearch.com.br\/n\/uploads\/2018\/09\/87bb060a-resumo-noticias-jpg.webp\",\"datePublished\":\"2018-09-27T12:22:40+00:00\",\"description\":\"Debate de presidenci\u00e1veis no SBT ontem, postura da Ra\u00edzen quanto ao diesel e espera pelo PIB dos EUA s\u00e3o alguns dos destaques. Clique para saber mais.\",\"breadcrumb\":{\"@id\":\"https:\/\/www.suno.com.br\/noticias\/resumo-quinta-politica-negocios-2\/#breadcrumb\"},\"inLanguage\":\"pt-BR\",\"potentialAction\":[{\"@type\":\"ReadAction\",\"target\":[\"https:\/\/www.suno.com.br\/noticias\/resumo-quinta-politica-negocios-2\/\"]}]},{\"@type\":\"ImageObject\",\"inLanguage\":\"pt-BR\",\"@id\":\"https:\/\/www.suno.com.br\/noticias\/resumo-quinta-politica-negocios-2\/#primaryimage\",\"url\":\"https:\/\/files.sunoresearch.com.br\/n\/uploads\/2018\/09\/87bb060a-resumo-noticias-jpg.webp\",\"contentUrl\":\"https:\/\/files.sunoresearch.com.br\/n\/uploads\/2018\/09\/87bb060a-resumo-noticias-jpg.webp\",\"width\":1920,\"height\":1280},{\"@type\":\"BreadcrumbList\",\"@id\":\"https:\/\/www.suno.com.br\/noticias\/resumo-quinta-politica-negocios-2\/#breadcrumb\",\"itemListElement\":[{\"@type\":\"ListItem\",\"position\":1,\"name\":\"Not\u00edcias\",\"item\":\"https:\/\/www.suno.com.br\/noticias\/\"},{\"@type\":\"ListItem\",\"position\":2,\"name\":\"Pol\u00edtica\",\"item\":\"https:\/\/www.suno.com.br\/noticias\/politica\/\"},{\"@type\":\"ListItem\",\"position\":3,\"name\":\"O que saber nesta quinta-feira em pol\u00edtica, neg\u00f3cios e economia\"}]},{\"@type\":\"WebSite\",\"@id\":\"https:\/\/www.suno.com.br\/noticias\/#website\",\"url\":\"https:\/\/www.suno.com.br\/noticias\/\",\"name\":\"Suno Not\u00edcias\",\"description\":\"Seu portal de informa\u00e7\u00e3o sobre o mundo dos investimentos\",\"publisher\":{\"@id\":\"https:\/\/www.suno.com.br\/noticias\/#organization\"},\"potentialAction\":[{\"@type\":\"SearchAction\",\"target\":{\"@type\":\"EntryPoint\",\"urlTemplate\":\"https:\/\/www.suno.com.br\/noticias\/?s={search_term_string}\"},\"query-input\":{\"@type\":\"PropertyValueSpecification\",\"valueRequired\":true,\"valueName\":\"search_term_string\"}}],\"inLanguage\":\"pt-BR\"},{\"@type\":\"Organization\",\"@id\":\"https:\/\/www.suno.com.br\/noticias\/#organization\",\"name\":\"Suno Not\u00edcias\",\"url\":\"https:\/\/www.suno.com.br\/noticias\/\",\"logo\":{\"@type\":\"ImageObject\",\"inLanguage\":\"pt-BR\",\"@id\":\"https:\/\/www.suno.com.br\/noticias\/#\/schema\/logo\/image\/\",\"url\":\"https:\/\/files.sunoresearch.com.br\/n\/uploads\/2021\/09\/suno-logo.png\",\"contentUrl\":\"https:\/\/files.sunoresearch.com.br\/n\/uploads\/2021\/09\/suno-logo.png\",\"width\":180,\"height\":180,\"caption\":\"Suno Not\u00edcias\"},\"image\":{\"@id\":\"https:\/\/www.suno.com.br\/noticias\/#\/schema\/logo\/image\/\"},\"sameAs\":[\"https:\/\/facebook.com\/sunoresearch\",\"https:\/\/x.com\/sunoresearch\",\"https:\/\/www.instagram.com\/suno\",\"https:\/\/www.linkedin.com\/company\/suno-research\/\",\"https:\/\/www.youtube.com\/c\/sunoresearch\"]},{\"@type\":\"Person\",\"@id\":\"https:\/\/www.suno.com.br\/noticias\/#\/schema\/person\/eca2bab82984722db00d1e6facd8bb26\",\"name\":\"Daniel Quandt\",\"image\":{\"@type\":\"ImageObject\",\"inLanguage\":\"pt-BR\",\"@id\":\"https:\/\/www.suno.com.br\/noticias\/#\/schema\/person\/image\/\",\"url\":\"https:\/\/secure.gravatar.com\/avatar\/5faf4378f9fbf4557a5836a88d66f99a?s=96&r=g\",\"contentUrl\":\"https:\/\/secure.gravatar.com\/avatar\/5faf4378f9fbf4557a5836a88d66f99a?s=96&r=g\",\"caption\":\"Daniel Quandt\"},\"description\":\"Aluno da Universidade de S\u00e3o Paulo, Daniel Quandt escreve sobre economia, mercado financeiro e pol\u00edtica no portal da Suno Research. J\u00e1 passou pela Ag\u00eancia USP de Inova\u00e7\u00e3o e pela startup de v\u00eddeo em blockchain Paratii, desenvolvendo seu conhecimento da aplica\u00e7\u00e3o de tecnologia de ponta ao mercado.\",\"sameAs\":[\"https:\/\/www.suno.com.br\/\",\"https:\/\/www.linkedin.com\/in\/daniel-quandt-a49985110\/\"],\"url\":\"https:\/\/www.suno.com.br\/noticias\/author\/daniel-quandt\/\"}]}<\/script>\n<!-- \/ Yoast SEO plugin. -->","yoast_head_json":{"title":"O que saber nesta quinta-feira em pol\u00edtica, neg\u00f3cios e economia","description":"Debate de presidenci\u00e1veis no SBT ontem, postura da Ra\u00edzen quanto ao diesel e espera pelo PIB dos EUA s\u00e3o alguns dos destaques. Clique para saber mais.","robots":{"index":"index","follow":"follow","max-snippet":"max-snippet:-1","max-image-preview":"max-image-preview:large","max-video-preview":"max-video-preview:-1"},"canonical":"https:\/\/www.suno.com.br\/noticias\/resumo-quinta-politica-negocios-2\/","og_locale":"pt_BR","og_type":"article","og_title":"O que saber nesta quinta-feira em pol\u00edtica, neg\u00f3cios e economia","og_description":"Debate de presidenci\u00e1veis no SBT ontem, postura da Ra\u00edzen quanto ao diesel e espera pelo PIB dos EUA s\u00e3o alguns dos destaques. Clique para saber mais.","og_url":"https:\/\/www.suno.com.br\/noticias\/resumo-quinta-politica-negocios-2\/","og_site_name":"Suno Not\u00edcias","article_publisher":"https:\/\/facebook.com\/sunoresearch","article_author":"https:\/\/www.linkedin.com\/in\/daniel-quandt-a49985110\/","og_image":[{"width":1920,"height":1280,"url":"https:\/\/files.sunoresearch.com.br\/n\/uploads\/2018\/09\/87bb060a-resumo-noticias.jpg","type":"image\/jpeg"}],"author":"Daniel Quandt","twitter_card":"summary_large_image","twitter_creator":"@sunoresearch","twitter_site":"@sunoresearch","twitter_misc":{"Escrito por":"Daniel Quandt","Est. tempo de leitura":"2 minutos"},"schema":{"@context":"https:\/\/schema.org","@graph":[{"@type":"NewsArticle","@id":"https:\/\/www.suno.com.br\/noticias\/resumo-quinta-politica-negocios-2\/#article","isPartOf":{"@id":"https:\/\/www.suno.com.br\/noticias\/resumo-quinta-politica-negocios-2\/"},"author":{"name":"Daniel Quandt","@id":"https:\/\/www.suno.com.br\/noticias\/#\/schema\/person\/eca2bab82984722db00d1e6facd8bb26"},"headline":"O que saber nesta quinta-feira em pol\u00edtica, neg\u00f3cios e economia","datePublished":"2018-09-27T12:22:40+00:00","mainEntityOfPage":{"@id":"https:\/\/www.suno.com.br\/noticias\/resumo-quinta-politica-negocios-2\/"},"wordCount":413,"publisher":{"@id":"https:\/\/www.suno.com.br\/noticias\/#organization"},"image":{"@id":"https:\/\/www.suno.com.br\/noticias\/resumo-quinta-politica-negocios-2\/#primaryimage"},"thumbnailUrl":"https:\/\/files.sunoresearch.com.br\/n\/uploads\/2018\/09\/87bb060a-resumo-noticias-jpg.webp","keywords":["Elei\u00e7\u00f5es"],"articleSection":["Pol\u00edtica"],"inLanguage":"pt-BR"},{"@type":"WebPage","@id":"https:\/\/www.suno.com.br\/noticias\/resumo-quinta-politica-negocios-2\/","url":"https:\/\/www.suno.com.br\/noticias\/resumo-quinta-politica-negocios-2\/","name":"O que saber nesta quinta-feira em pol\u00edtica, neg\u00f3cios e economia","isPartOf":{"@id":"https:\/\/www.suno.com.br\/noticias\/#website"},"primaryImageOfPage":{"@id":"https:\/\/www.suno.com.br\/noticias\/resumo-quinta-politica-negocios-2\/#primaryimage"},"image":{"@id":"https:\/\/www.suno.com.br\/noticias\/resumo-quinta-politica-negocios-2\/#primaryimage"},"thumbnailUrl":"https:\/\/files.sunoresearch.com.br\/n\/uploads\/2018\/09\/87bb060a-resumo-noticias-jpg.webp","datePublished":"2018-09-27T12:22:40+00:00","description":"Debate de presidenci\u00e1veis no SBT ontem, postura da Ra\u00edzen quanto ao diesel e espera pelo PIB dos EUA s\u00e3o alguns dos destaques. Clique para saber mais.","breadcrumb":{"@id":"https:\/\/www.suno.com.br\/noticias\/resumo-quinta-politica-negocios-2\/#breadcrumb"},"inLanguage":"pt-BR","potentialAction":[{"@type":"ReadAction","target":["https:\/\/www.suno.com.br\/noticias\/resumo-quinta-politica-negocios-2\/"]}]},{"@type":"ImageObject","inLanguage":"pt-BR","@id":"https:\/\/www.suno.com.br\/noticias\/resumo-quinta-politica-negocios-2\/#primaryimage","url":"https:\/\/files.sunoresearch.com.br\/n\/uploads\/2018\/09\/87bb060a-resumo-noticias-jpg.webp","contentUrl":"https:\/\/files.sunoresearch.com.br\/n\/uploads\/2018\/09\/87bb060a-resumo-noticias-jpg.webp","width":1920,"height":1280},{"@type":"BreadcrumbList","@id":"https:\/\/www.suno.com.br\/noticias\/resumo-quinta-politica-negocios-2\/#breadcrumb","itemListElement":[{"@type":"ListItem","position":1,"name":"Not\u00edcias","item":"https:\/\/www.suno.com.br\/noticias\/"},{"@type":"ListItem","position":2,"name":"Pol\u00edtica","item":"https:\/\/www.suno.com.br\/noticias\/politica\/"},{"@type":"ListItem","position":3,"name":"O que saber nesta quinta-feira em pol\u00edtica, neg\u00f3cios e economia"}]},{"@type":"WebSite","@id":"https:\/\/www.suno.com.br\/noticias\/#website","url":"https:\/\/www.suno.com.br\/noticias\/","name":"Suno Not\u00edcias","description":"Seu portal de informa\u00e7\u00e3o sobre o mundo dos investimentos","publisher":{"@id":"https:\/\/www.suno.com.br\/noticias\/#organization"},"potentialAction":[{"@type":"SearchAction","target":{"@type":"EntryPoint","urlTemplate":"https:\/\/www.suno.com.br\/noticias\/?s={search_term_string}"},"query-input":{"@type":"PropertyValueSpecification","valueRequired":true,"valueName":"search_term_string"}}],"inLanguage":"pt-BR"},{"@type":"Organization","@id":"https:\/\/www.suno.com.br\/noticias\/#organization","name":"Suno Not\u00edcias","url":"https:\/\/www.suno.com.br\/noticias\/","logo":{"@type":"ImageObject","inLanguage":"pt-BR","@id":"https:\/\/www.suno.com.br\/noticias\/#\/schema\/logo\/image\/","url":"https:\/\/files.sunoresearch.com.br\/n\/uploads\/2021\/09\/suno-logo.png","contentUrl":"https:\/\/files.sunoresearch.com.br\/n\/uploads\/2021\/09\/suno-logo.png","width":180,"height":180,"caption":"Suno Not\u00edcias"},"image":{"@id":"https:\/\/www.suno.com.br\/noticias\/#\/schema\/logo\/image\/"},"sameAs":["https:\/\/facebook.com\/sunoresearch","https:\/\/x.com\/sunoresearch","https:\/\/www.instagram.com\/suno","https:\/\/www.linkedin.com\/company\/suno-research\/","https:\/\/www.youtube.com\/c\/sunoresearch"]},{"@type":"Person","@id":"https:\/\/www.suno.com.br\/noticias\/#\/schema\/person\/eca2bab82984722db00d1e6facd8bb26","name":"Daniel Quandt","image":{"@type":"ImageObject","inLanguage":"pt-BR","@id":"https:\/\/www.suno.com.br\/noticias\/#\/schema\/person\/image\/","url":"https:\/\/secure.gravatar.com\/avatar\/5faf4378f9fbf4557a5836a88d66f99a?s=96&r=g","contentUrl":"https:\/\/secure.gravatar.com\/avatar\/5faf4378f9fbf4557a5836a88d66f99a?s=96&r=g","caption":"Daniel Quandt"},"description":"Aluno da Universidade de S\u00e3o Paulo, Daniel Quandt escreve sobre economia, mercado financeiro e pol\u00edtica no portal da Suno Research. J\u00e1 passou pela Ag\u00eancia USP de Inova\u00e7\u00e3o e pela startup de v\u00eddeo em blockchain Paratii, desenvolvendo seu conhecimento da aplica\u00e7\u00e3o de tecnologia de ponta ao mercado.","sameAs":["https:\/\/www.suno.com.br\/","https:\/\/www.linkedin.com\/in\/daniel-quandt-a49985110\/"],"url":"https:\/\/www.suno.com.br\/noticias\/author\/daniel-quandt\/"}]}},"default_loop_html":"<div class=\"cardsPage__listCard__boxs\"><div class=\"cardsPage__listCard__boxs__img\"><a href=\"https:\/\/www.suno.com.br\/noticias\/resumo-quinta-politica-negocios-2\/\"><img class=\"mask\" src=\"https:\/\/www.suno.com.br\/noticias\/wp-content\/themes\/suno\/resources\/images\/spotlight\/spotlight1img\/bg-mask.png\" alt=\"Image Mask\"\/><img src=\"https:\/\/files.sunoresearch.com.br\/n\/uploads\/2018\/09\/87bb060a-resumo-noticias-400x200.webp\" alt=\"O que saber nesta quinta-feira em pol\u00edtica, neg\u00f3cios e economia\"\/><\/a><span class=\"spotlightCategory\"><a href=\"https:\/\/www.suno.com.br\/noticias\/politica\/\">Pol\u00edtica<\/a><\/span><\/div><div class=\"cardsPage__listCard__boxs__content\"><a href=\"https:\/\/www.suno.com.br\/noticias\/resumo-quinta-politica-negocios-2\/\"><h2 class=\"content__title\">O que saber nesta quinta-feira em pol\u00edtica, neg\u00f3cios e economia<\/h2><\/a><div class=\"newsContent__article__meta\"><div class=\"newsContent__article__meta__authorBox\"><a href=\"https:\/\/www.suno.com.br\/noticias\/author\/daniel-quandt\/\" class=\"authorBox__avatar noMobi\"><img src=\"https:\/\/secure.gravatar.com\/avatar\/5faf4378f9fbf4557a5836a88d66f99a?s=96&#038;r=g\" alt=\"Daniel Quandt\"><\/a><div class=\"authorBox__name\"><span>por\n\t\t\t<a href=\"https:\/\/www.suno.com.br\/noticias\/author\/daniel-quandt\/\"><span itemprop=\"author\">Daniel Quandt<\/span><\/a><\/span><time datetime=\"2018-09-27T09:22:40-03:00\" itemprop=\"datePublished\">27\/09\/2018 09:22<\/time><\/div><\/div><\/div><\/div><\/div>","single_layout":"posts","amp_enabled":true,"_links":{"self":[{"href":"https:\/\/www.suno.com.br\/noticias\/wp-json\/wp\/v2\/posts\/4497"}],"collection":[{"href":"https:\/\/www.suno.com.br\/noticias\/wp-json\/wp\/v2\/posts"}],"about":[{"href":"https:\/\/www.suno.com.br\/noticias\/wp-json\/wp\/v2\/types\/post"}],"author":[{"embeddable":true,"href":"https:\/\/www.suno.com.br\/noticias\/wp-json\/wp\/v2\/users\/5"}],"replies":[{"embeddable":true,"href":"https:\/\/www.suno.com.br\/noticias\/wp-json\/wp\/v2\/comments?post=4497"}],"version-history":[{"count":0,"href":"https:\/\/www.suno.com.br\/noticias\/wp-json\/wp\/v2\/posts\/4497\/revisions"}],"wp:featuredmedia":[{"embeddable":true,"href":"https:\/\/www.suno.com.br\/noticias\/wp-json\/wp\/v2\/media\/4499"}],"wp:attachment":[{"href":"https:\/\/www.suno.com.br\/noticias\/wp-json\/wp\/v2\/media?parent=4497"}],"wp:term":[{"taxonomy":"category","embeddable":true,"href":"https:\/\/www.suno.com.br\/noticias\/wp-json\/wp\/v2\/categories?post=4497"},{"taxonomy":"post_tag","embeddable":true,"href":"https:\/\/www.suno.com.br\/noticias\/wp-json\/wp\/v2\/tags?post=4497"},{"taxonomy":"suno_strategy","embeddable":true,"href":"https:\/\/www.suno.com.br\/noticias\/wp-json\/wp\/v2\/suno_strategy?post=4497"}],"curies":[{"name":"wp","href":"https:\/\/api.w.org\/{rel}","templated":true}]}}