{"id":449593,"date":"2023-08-31T07:41:13","date_gmt":"2023-08-31T10:41:13","guid":{"rendered":"https:\/\/www.suno.com.br\/noticias\/?p=449593"},"modified":"2023-08-31T07:41:55","modified_gmt":"2023-08-31T10:41:55","slug":"oi-oibr3-reelege-diretora-de-financas-ri-gpj","status":"publish","type":"post","link":"https:\/\/www.suno.com.br\/noticias\/oi-oibr3-reelege-diretora-de-financas-ri-gpj\/","title":{"rendered":"Oi (OIBR3) reelege diretora de finan\u00e7as e de rela\u00e7\u00f5es com investidores"},"content":{"rendered":"<p>A <a href=\"https:\/\/www.suno.com.br\/acoes\/OIBR3\/\"><strong>Oi\u00a0<\/strong>(OIBR3)<\/a> informou que o <a href=\"https:\/\/www.suno.com.br\/artigos\/conselho-administracao\/\">conselho de administra\u00e7\u00e3o<\/a> da companhia reelegeu Cristiane Barretto Sales para os cargos de diretora de finan\u00e7as e de <a href=\"https:\/\/www.suno.com.br\/artigos\/relacoes-com-investidores\/\">rela\u00e7\u00f5es com investidores<\/a>, com mandato at\u00e9 30 de agosto de 2025.<\/p>\t<div class=\"wrapper-featured-image\">\n\t\t<figure class=\"spotlightImg\">\n\n\t\t\t<picture>\n\t\t\t\t<source media=\"(max-width: 768px)\" srcset=\"https:\/\/files.sunoresearch.com.br\/n\/uploads\/2022\/12\/oi-oibr3-oibr4-400x200.jpg\">\n\t\t\t\t<img loading=\"lazy\" decoding=\"async\" class=\"newsContent__article__imgCapa lazyloadDisabled \" src=\"https:\/\/files.sunoresearch.com.br\/n\/uploads\/2022\/12\/oi-oibr3-oibr4-800x450.jpg\" width=\"800\" height=\"450\" alt=\"Oi (OIBR3) reelege diretora de finan\u00e7as e de rela\u00e7\u00f5es com investidores\" fetchpriority=high \/>\n\t\t\t<\/picture>\n\n\t\t\t<figcaption class=\"wp-caption-text wp-caption-text--show\">Oi (OIBR3). Foto: Divulga\u00e7\u00e3o<\/figcaption>\n\t\t<\/figure>\n\t<\/div>\n\n\n\n\n\n\n\n\t<p>\n\t\t<a href=\"\" target=\"_blank\" data-element=\"shortcode-suno-banner\" title=\"Banner SUNO, clique e saiba mais\">\n\t\t\t<picture>\n\t\t\t\t<source media=\"(max-width: 500px)\" srcset=\"\">\n\t\t\t\t<img class=\"newsContent__article__imgCapa newsContent__article__imgCapa--banner\"\n\t\t\t\t\tsrc=\"\"\n\t\t\t\t\tdata-promo-id=\"250705\"\t\t\t\t\t\t\t\t\t\t\t\t\t\t\talt=\"\"\n\t\t\t\t>\n\t\t\t<\/picture>\n\t\t<\/a>\n\t<\/p>\n\n\n\n\n\n<p>Em <a href=\"https:\/\/www.suno.com.br\/artigos\/fato-relevante\/\">fato relevante<\/a> divulgado na quarta-feira (30), a Oi informou que Barretto &#8220;\u00e9 respons\u00e1vel pela continuidade da implementa\u00e7\u00e3o da estrat\u00e9gia financeira da companhia em linha com seus objetivos estrat\u00e9gicos de transforma\u00e7\u00e3o, e \u00eanfase na otimiza\u00e7\u00e3o e simplifica\u00e7\u00e3o de suas opera\u00e7\u00f5es, na forte <a href=\"https:\/\/www.suno.com.br\/artigos\/disciplina-financeira\/\">disciplina financeira<\/a>, no fortalecimento dos controles internos e processos cont\u00e1beis, e na transpar\u00eancia com mercado, sempre alinhado o plano estrat\u00e9gico de transforma\u00e7\u00e3o da Oi&#8221;.<\/p>\n\n\n\n\t<div data-element=\"shortcode-read-more\" class=\"readToo\">\n\t\t\t\t<span class=\"readToo__title\">Leia mais<\/span>\n\t\t\t\t<ul class=\"readToo__list\">\n\t\t\t<li><a href=\"https:\/\/www.suno.com.br\/noticias\/br-properties-brpr3-grupamento-de-acoes-gpj\/\">BR Properties (BRPR3): grupamento de a\u00e7\u00f5es passa a ser efetivo a partir desta quinta (31)<\/a><\/li><li><a href=\"https:\/\/www.suno.com.br\/noticias\/123milhas-revela-prejuizo-bilionario-1o-semestre-ano\/\">123milhas revela preju\u00edzo de R$ 1,671 bi no 1\u00ba semestre do ano<\/a><\/li><li><a href=\"https:\/\/www.suno.com.br\/noticias\/americanas-amer3-balanco-4t22-data-mal\/\">Americanas (AMER3) anuncia data para divulgar balan\u00e7o &#8211; o do 4T22<\/a><\/li>\t\t<\/ul>\n\t<\/div>\n\n\n\n\t<p>\n\t\t<a href=\"https:\/\/lp.suno.com.br\/ebook-como-analisar-uma-acao\/\" target=\"_blank\" data-element=\"shortcode-suno-banner\" title=\"Banner SUNO, clique e saiba mais\">\n\t\t\t<picture>\n\t\t\t\t<source media=\"(max-width: 500px)\" srcset=\"https:\/\/files.sunoresearch.com.br\/n\/uploads\/2023\/03\/Ebook-Acoes-Mobile.jpg\">\n\t\t\t\t<img class=\"newsContent__article__imgCapa newsContent__article__imgCapa--banner\"\n\t\t\t\t\tsrc=\"https:\/\/files.sunoresearch.com.br\/n\/uploads\/2023\/03\/Ebook-Acoes-Desktop.jpg\"\n\t\t\t\t\tdata-promo-id=\"378302\"\t\t\t\t\t\t\t\t\t\twidth='1420' height='286'\t\t\t\t\talt=\"https:\/\/files.sunoresearch.com.br\/n\/uploads\/2023\/03\/Ebook-Acoes-Desktop.jpg\"\n\t\t\t\t>\n\t\t\t<\/picture>\n\t\t<\/a>\n\t<\/p>\n\n\n\n\n\n<h2 class=\"wp-block-heading\">Oi: qual a situa\u00e7\u00e3o atual da companhia, que enfrenta sua segunda recupera\u00e7\u00e3o judicial?<\/h2>\n\n\n\n<p>A desacelera\u00e7\u00e3o econ\u00f4mica gerada pelo ciclo de alta de juros nos \u00faltimos dois anos no Brasil contribuiu para que o n\u00famero de casos de\u00a0<a href=\"https:\/\/www.suno.com.br\/artigos\/recuperacao-judicial\/\">recupera\u00e7\u00e3o judicial<\/a>\u00a0de empresas no Brasil saltasse no primeiro semestre de 2023, um cen\u00e1rio j\u00e1 conhecido pela\u00a0Oi, que solicitou pela segunda vez na hist\u00f3ria no m\u00eas de mar\u00e7o.<\/p>\n\n\n\n<p>Segundo dados do&nbsp;<strong>Serasa Experian&nbsp;<\/strong>divulgados pelo jornal O Estado de S. Paulo em julho, o total de pedidos de&nbsp;<strong>recupera\u00e7\u00e3o judicial&nbsp;<\/strong>chegou a 593 no primeiro semestre deste ano, alta de 52,1% na base anual e o maior volume registrado em tr\u00eas anos. Al\u00e9m da Oi, integra a lista a&nbsp;<strong>Americanas (AMER3)<\/strong>, que entrou com a solicita\u00e7\u00e3o no m\u00eas de janeiro.<\/p>\n\n\n\n<p>\u201cBasicamente, em um intervalo de 2 anos, vimos a&nbsp;<strong><a href=\"https:\/\/www.suno.com.br\/artigos\/taxa-de-juros\/\">taxa b\u00e1sica de juros<\/a>&nbsp;<\/strong>subir de 2% para 13,75%, processo que encarece o cr\u00e9dito corporativo, dificulta a&nbsp;<a href=\"https:\/\/www.suno.com.br\/artigos\/negociacao-de-dividas\/\">negocia\u00e7\u00e3o de d\u00edvidas<\/a>&nbsp;e desaquece a economia. Todos esses fatores colocaram \u00e0 prova a&nbsp;<a href=\"https:\/\/www.suno.com.br\/artigos\/saude-financeira\/\">sa\u00fade financeira<\/a>&nbsp;das empresas e, como consequ\u00eancia, alguns nomes ficaram no meio do caminho\u201d, diz Heitor De Nicola, especialista de renda vari\u00e1vel e s\u00f3cio da Acqua Vero.<\/p>\n\n\n\n<p>No caso da tele, os n\u00fameros do \u00faltimo balan\u00e7o da companhia refletem um momento considerado desafiador, na vis\u00e3o dos analistas.&nbsp;<\/p>\n\n\n\n<p>No segundo trimestre de 2023, a Oi reportou um\u00a0<strong>preju\u00edzo l\u00edquido\u00a0<\/strong>de R$ 845 milh\u00f5es, aumento de 70% em rela\u00e7\u00e3o \u00e0s perdas reportadas no mesmo per\u00edodo de 2022 (R$ 497 milh\u00f5es). O n\u00famero, entretanto, foi 33,4% menor do que o preju\u00edzo registrado no primeiro trimestre, que chegou a R$ 1,267 bilh\u00e3o.\u00a0\u00a0<\/p>\n\n\n\n\t<div data-element=\"shortcode-read-more\" class=\"readToo\">\n\t\t\t\t<span class=\"readToo__title\">Leia mais<\/span>\n\t\t\t\t<ul class=\"readToo__list\">\n\t\t\t<li><a href=\"https:\/\/www.suno.com.br\/noticias\/oi-oibr3-2t23-analistas-analisam-perido-turbulento\/\">Per\u00edodo turbulento na Oi (OIBR3): ap\u00f3s o 2T23, h\u00e1 sinais de melhora para a tele? Analistas respondem<\/a><\/li><li><a href=\"https:\/\/www.suno.com.br\/noticias\/oi-oibr3-resultados-2t23-prejuizo-milionario-jvj\/\">Oi (OIBR3): preju\u00edzo aumenta 70% no 2T23 e atinge R$ 845 milh\u00f5es<\/a><\/li>\t\t<\/ul>\n\t<\/div>\n\n\n\n\n<h2 class=\"wp-block-heading\">Oi: financiamento ajudou a refor\u00e7ar caixa da empresa<\/h2>\n\n\n\n<p>Um dos destaques citados no relat\u00f3rio da&nbsp;<strong>Oi no 2T23<\/strong>&nbsp;foi a primeira tranche do<strong>&nbsp;financiamento DIP<\/strong>, recebida em junho de 2023. O montante, que chegou a US$ 200 milh\u00f5es, ajudou a refor\u00e7ar a posi\u00e7\u00e3o de caixa da empresa, que atualmente est\u00e1 na casa dos R$ 2,6 bilh\u00f5es.&nbsp;<\/p>\n\n\n\n<p>No per\u00edodo, os juros l\u00edquidos tiveram queda com a diminui\u00e7\u00e3o do&nbsp;<strong>endividamento da Oi<\/strong>, em raz\u00e3o dos pr\u00e9-pagamentos feitos no 2T22, depois de conclu\u00eddas as vendas de ativos. Ao todo, segundo a tele, a&nbsp;<strong><a href=\"https:\/\/www.suno.com.br\/artigos\/divida-bruta\/\">d\u00edvida bruta<\/a>&nbsp;da Oi&nbsp;<\/strong>chegou a R$ 23,7 bilh\u00f5es no segundo trimestre, crescimento anual de 12,3%, impactada positivamente devido \u00e0&nbsp;<a href=\"https:\/\/www.suno.com.br\/artigos\/variacao-cambial\/\">varia\u00e7\u00e3o cambial<\/a>.<\/p>\n\n\n\n<p>Assim, De Nicola acredita que, apesar de contribuir para uma melhora dos neg\u00f3cios, a Oi segue com problemas em rela\u00e7\u00e3o aos\u00a0<a href=\"https:\/\/www.suno.com.br\/artigos\/custos-despesas\/\">custos e despesas<\/a>, endividamento e queima de caixa. \u201cO cen\u00e1rio segue turbulento e sem uma perspectiva de melhora no\u00a0<a href=\"https:\/\/www.suno.com.br\/artigos\/curto-prazo\/\">curto prazo<\/a>, mesmo com o refor\u00e7o no caixa da empresa\u201d.<\/p>\n\n\n\n<h2 class=\"wp-block-heading\">Foco est\u00e1 na redu\u00e7\u00e3o do consumo, diz CEO da Oi<\/h2>\n\n\n\n<p>Em teleconfer\u00eancia de resultados logo ap\u00f3s a divulga\u00e7\u00e3o do balan\u00e7o, Rodrigo Abreu, CEO da Oi, informou que o plano de<strong>&nbsp;<a href=\"https:\/\/www.suno.com.br\/artigos\/recuperacao-judicial\/\">recupera\u00e7\u00e3o judicial<\/a><\/strong>&nbsp;da companhia inclui uma s\u00e9rie de passos para manter a opera\u00e7\u00e3o em funcionamento de forma adequada at\u00e9 que todo o processo seja conclu\u00eddo, sem dar maiores detalhes.<\/p>\n\n\n\n<p>Segundo Abreu, o intervalo entre os meses de abril e junho foi um dos primeiros em que a companhia come\u00e7ou a se aproximar de uma compara\u00e7\u00e3o anual mais \u2018limpa\u2019, sobretudo depois da opera\u00e7\u00e3o de venda dos ativos mobile.<\/p>\n\n\n\n<p>Ainda de acordo com o CEO, a partir da entrada do montante via DIP, se discutem ent\u00e3o as condi\u00e7\u00f5es para a entrada de dinheiro novo na companhia. O plano prev\u00ea a entrada de um aporte que garanta a cobertura do consumo operacional, enquanto a Oi n\u00e3o gera&nbsp;<strong>caixa livre<\/strong>.&nbsp;<\/p>\n\n\n\n<p>A expectativa \u00e9 de que esses novos recursos cheguem \u00e0 empresa entre o final do primeiro e in\u00edcio do segundo trimestre de 2024, informou o executivo da Oi, que est\u00e1 focada em reduzir o consumo mais do que qualquer outra coisa no momento.&nbsp;&nbsp;<\/p>\n\n\n\n<p>Segundo Heitor De Nicola, da Acqua Vero, dada a atual situa\u00e7\u00e3o da empresa, \u00e9 dif\u00edcil dizer qual a \u201cmelhor estrat\u00e9gia\u201d neste momento. Para ele, Abreu tem um grande desafio em suas m\u00e3os e, aparentemente, uma estrat\u00e9gia bem definida.&nbsp;<\/p>\n\n\n\n<p>\u201cA&nbsp;<a href=\"https:\/\/www.suno.com.br\/artigos\/recuperacao-judicial\/\">recupera\u00e7\u00e3o judicial<\/a>&nbsp;foi o primeiro passo para a Oi recuperar sua estabilidade, um processo que, segundo o pr\u00f3prio CEO, \u00e9 complexo, dif\u00edcil e doloroso, por\u00e9m necess\u00e1rio. Portanto, \u00e9 fundamental acompanhar de perto o processo de recupera\u00e7\u00e3o judicial, al\u00e9m das novas informa\u00e7\u00f5es sobre e dos pr\u00f3ximos resultados e fatos relevantes para entender a efetividade da estrat\u00e9gia adotada pela Oi\u201d, destacou.<\/p>\n\n\n\n<h2 class=\"wp-block-heading\">Perspectivas para o futuro<\/h2>\n\n\n\n<p>Para o futuro, \u00e9 natural se esperar por uma melhora no cen\u00e1rio da&nbsp;<strong>Oi<\/strong>, sobretudo com a entrada em um ciclo de&nbsp;<strong>queda para os juros<\/strong>&nbsp;para os pr\u00f3ximos meses, diz De Nicola.&nbsp;<\/p>\n\n\n\n<p>Vale lembrar que no in\u00edcio do m\u00eas, o&nbsp;<a href=\"https:\/\/www.suno.com.br\/artigos\/copom\/\">Comit\u00ea de Pol\u00edtica Monet\u00e1ria (Copom)<\/a>, do Banco Central, anunciou o primeiro corte da&nbsp;<strong>taxa Selic<\/strong>&nbsp;desde agosto de 2020. A taxa caiu de 13,75% ao ano para 13,25%. A decis\u00e3o n\u00e3o foi un\u00e2nime, mas chamou a aten\u00e7\u00e3o pela intensidade do ajuste, abrindo caminho para um maior afrouxamento monet\u00e1rio.<\/p>\n\n\n\n<p>\u201cAinda assim, \u00e9 importante lembrar que esse processo leva tempo e deve acontecer de forma gradual para a empresa, \u00e0 medida que a economia comece efetivamente a responder aos est\u00edmulos econ\u00f4micos\u201d, finalizou o especialista.<\/p>\n\n\n\n<h2 class=\"wp-block-heading\">Desempenho das a\u00e7\u00f5es da Oi<\/h2>\n\n\n\n<div class=\"pluginQuotation\">\n  <p class=\"ticker\">\n    Cota\u00e7\u00e3o <span>OIBR3<\/span>\n  <\/p>\n  <div class=\"info\">\n    <div class=\"leftSide\">\n      Gr\u00e1fico gerado em: 31\/08\/2023    <\/div>\n\t\t\t\t\t<div class=\"rightSide\">\n\t\t\t\t\t<span class=\"period\">\n\t\t\t\t\t\t1 Dia\t\t\t\t\t<\/span>\n\t\t\t<\/div>\n\t\t  <\/div>\n\n  <div id=\"chart-2db42aa0cfde1e7ff673d9bc49ff155c\" data-block-hash=\"2db42aa0cfde1e7ff673d9bc49ff155c\"  class=\"chart\" style=\"width:100%;height:400px;\"><\/div>\n\n  <div class=\"pluginQuotation__footer\">\n    <div class=\"dataChart\">\n\n      <div class=\"dataChart__div1 variation\">\n        <div class=\"value-negative\">\n          0,00 (0,00%)        <\/div>\n        <div class=\"text\">\n          Varia\u00e7\u00e3o do per\u00edodo\n        <\/div>\n      <\/div>\n\n      <div class=\"dataChart__div2 minMax\">\n        <div class=\"value\">\n          R$\u00a00,72        <\/div>\n        <div class=\"text\">\n          M\u00ednima\n        <\/div>\n      <\/div>\n\n      <div class=\"dataChart__div3 minMax\">\n        <div class=\"value\">\n          R$\u00a00,73        <\/div>\n        <div class=\"text\">\n          M\u00e1xima\n        <\/div>\n      <\/div>\n\n\t\t\t<div class=\"dataChart__div4 rightSide\">\n\t\t\t\t<div class=\"analiticaSource\">\n\t\t\t\t\t<span>\n\t\t\t\t\t\tFonte:\n\t\t\t\t\t<\/span>\n\t\t\t\t\t<img decoding=\"async\" class=\"analiticaLogo\" src=\"https:\/\/www.suno.com.br\/noticias\/wp-content\/plugins\/suno-block-ticker-quotation\/src\/suno-analitica-logo.png\" alt=\"Logo Suno Anal\u00edtica\" \/>\n\t\t\t\t<\/div>\n\n\t\t\t\t<a href=\"https:\/\/www.suno.com.br\/analitica\/acoes\/OIBR3\" target=\"_blank\">\n\t\t\t\t\t<span>\n\t\t\t\t\t\tVer mais cota\u00e7\u00f5es\n\t\t\t\t\t<\/span>\n\t\t\t\t\t<svg xmlns=\"http:\/\/www.w3.org\/2000\/svg\" width=\"9\" height=\"8\" viewBox=\"0 0 9 8\" fill=\"none\">\n\t\t\t\t\t\t<path d=\"M4.20996 0L3.50496 0.705L6.29496 3.5H0.209961V4.5H6.29496L3.50496 7.295L4.20996 8L8.20996 4L4.20996 0Z\" fill=\"#D42126\" \/>\n\t\t\t\t\t<\/svg>\n\t\t\t\t<\/a>\n    <\/div>\n\n    <\/div>\n  <\/div>\n<\/div>\n\n\n<script type=\"text\/javascript\">\n  let chart_2db42aa0cfde1e7ff673d9bc49ff155c = document.getElementById('chart-2db42aa0cfde1e7ff673d9bc49ff155c');\n  let data_json_2db42aa0cfde1e7ff673d9bc49ff155c = \"[{\\\"date\\\":\\\"30\\\\\\\/08\\\\\\\/23 10:02\\\",\\\"value\\\":0.73},{\\\"date\\\":\\\"30\\\\\\\/08\\\\\\\/23 10:04\\\",\\\"value\\\":0.72},{\\\"date\\\":\\\"30\\\\\\\/08\\\\\\\/23 10:06\\\",\\\"value\\\":0.72},{\\\"date\\\":\\\"30\\\\\\\/08\\\\\\\/23 10:08\\\",\\\"value\\\":0.73},{\\\"date\\\":\\\"30\\\\\\\/08\\\\\\\/23 10:10\\\",\\\"value\\\":0.73},{\\\"date\\\":\\\"30\\\\\\\/08\\\\\\\/23 10:12\\\",\\\"value\\\":0.73},{\\\"date\\\":\\\"30\\\\\\\/08\\\\\\\/23 10:14\\\",\\\"value\\\":0.73},{\\\"date\\\":\\\"30\\\\\\\/08\\\\\\\/23 10:16\\\",\\\"value\\\":0.72},{\\\"date\\\":\\\"30\\\\\\\/08\\\\\\\/23 10:18\\\",\\\"value\\\":0.73},{\\\"date\\\":\\\"30\\\\\\\/08\\\\\\\/23 10:20\\\",\\\"value\\\":0.73},{\\\"date\\\":\\\"30\\\\\\\/08\\\\\\\/23 10:22\\\",\\\"value\\\":0.72},{\\\"date\\\":\\\"30\\\\\\\/08\\\\\\\/23 10:24\\\",\\\"value\\\":0.73},{\\\"date\\\":\\\"30\\\\\\\/08\\\\\\\/23 10:26\\\",\\\"value\\\":0.73},{\\\"date\\\":\\\"30\\\\\\\/08\\\\\\\/23 10:28\\\",\\\"value\\\":0.73},{\\\"date\\\":\\\"30\\\\\\\/08\\\\\\\/23 10:30\\\",\\\"value\\\":0.72},{\\\"date\\\":\\\"30\\\\\\\/08\\\\\\\/23 10:32\\\",\\\"value\\\":0.73},{\\\"date\\\":\\\"30\\\\\\\/08\\\\\\\/23 10:34\\\",\\\"value\\\":0.73},{\\\"date\\\":\\\"30\\\\\\\/08\\\\\\\/23 10:36\\\",\\\"value\\\":0.72},{\\\"date\\\":\\\"30\\\\\\\/08\\\\\\\/23 10:38\\\",\\\"value\\\":0.72},{\\\"date\\\":\\\"30\\\\\\\/08\\\\\\\/23 10:40\\\",\\\"value\\\":0.72},{\\\"date\\\":\\\"30\\\\\\\/08\\\\\\\/23 10:42\\\",\\\"value\\\":0.73},{\\\"date\\\":\\\"30\\\\\\\/08\\\\\\\/23 10:44\\\",\\\"value\\\":0.72},{\\\"date\\\":\\\"30\\\\\\\/08\\\\\\\/23 10:46\\\",\\\"value\\\":0.72},{\\\"date\\\":\\\"30\\\\\\\/08\\\\\\\/23 10:48\\\",\\\"value\\\":0.73},{\\\"date\\\":\\\"30\\\\\\\/08\\\\\\\/23 10:50\\\",\\\"value\\\":0.73},{\\\"date\\\":\\\"30\\\\\\\/08\\\\\\\/23 10:52\\\",\\\"value\\\":0.73},{\\\"date\\\":\\\"30\\\\\\\/08\\\\\\\/23 10:54\\\",\\\"value\\\":0.72},{\\\"date\\\":\\\"30\\\\\\\/08\\\\\\\/23 10:56\\\",\\\"value\\\":0.73},{\\\"date\\\":\\\"30\\\\\\\/08\\\\\\\/23 10:58\\\",\\\"value\\\":0.73},{\\\"date\\\":\\\"30\\\\\\\/08\\\\\\\/23 11:00\\\",\\\"value\\\":0.73},{\\\"date\\\":\\\"30\\\\\\\/08\\\\\\\/23 11:02\\\",\\\"value\\\":0.73},{\\\"date\\\":\\\"30\\\\\\\/08\\\\\\\/23 11:04\\\",\\\"value\\\":0.73},{\\\"date\\\":\\\"30\\\\\\\/08\\\\\\\/23 11:06\\\",\\\"value\\\":0.72},{\\\"date\\\":\\\"30\\\\\\\/08\\\\\\\/23 11:08\\\",\\\"value\\\":0.73},{\\\"date\\\":\\\"30\\\\\\\/08\\\\\\\/23 11:10\\\",\\\"value\\\":0.73},{\\\"date\\\":\\\"30\\\\\\\/08\\\\\\\/23 11:12\\\",\\\"value\\\":0.73},{\\\"date\\\":\\\"30\\\\\\\/08\\\\\\\/23 11:14\\\",\\\"value\\\":0.73},{\\\"date\\\":\\\"30\\\\\\\/08\\\\\\\/23 11:16\\\",\\\"value\\\":0.72},{\\\"date\\\":\\\"30\\\\\\\/08\\\\\\\/23 11:18\\\",\\\"value\\\":0.73},{\\\"date\\\":\\\"30\\\\\\\/08\\\\\\\/23 11:20\\\",\\\"value\\\":0.73},{\\\"date\\\":\\\"30\\\\\\\/08\\\\\\\/23 11:22\\\",\\\"value\\\":0.72},{\\\"date\\\":\\\"30\\\\\\\/08\\\\\\\/23 11:24\\\",\\\"value\\\":0.73},{\\\"date\\\":\\\"30\\\\\\\/08\\\\\\\/23 11:26\\\",\\\"value\\\":0.73},{\\\"date\\\":\\\"30\\\\\\\/08\\\\\\\/23 11:28\\\",\\\"value\\\":0.72},{\\\"date\\\":\\\"30\\\\\\\/08\\\\\\\/23 11:30\\\",\\\"value\\\":0.73},{\\\"date\\\":\\\"30\\\\\\\/08\\\\\\\/23 11:32\\\",\\\"value\\\":0.73},{\\\"date\\\":\\\"30\\\\\\\/08\\\\\\\/23 11:34\\\",\\\"value\\\":0.72},{\\\"date\\\":\\\"30\\\\\\\/08\\\\\\\/23 11:36\\\",\\\"value\\\":0.73},{\\\"date\\\":\\\"30\\\\\\\/08\\\\\\\/23 11:38\\\",\\\"value\\\":0.73},{\\\"date\\\":\\\"30\\\\\\\/08\\\\\\\/23 11:40\\\",\\\"value\\\":0.73},{\\\"date\\\":\\\"30\\\\\\\/08\\\\\\\/23 11:44\\\",\\\"value\\\":0.72},{\\\"date\\\":\\\"30\\\\\\\/08\\\\\\\/23 11:46\\\",\\\"value\\\":0.73},{\\\"date\\\":\\\"30\\\\\\\/08\\\\\\\/23 11:48\\\",\\\"value\\\":0.72},{\\\"date\\\":\\\"30\\\\\\\/08\\\\\\\/23 11:50\\\",\\\"value\\\":0.72},{\\\"date\\\":\\\"30\\\\\\\/08\\\\\\\/23 11:52\\\",\\\"value\\\":0.73},{\\\"date\\\":\\\"30\\\\\\\/08\\\\\\\/23 11:54\\\",\\\"value\\\":0.72},{\\\"date\\\":\\\"30\\\\\\\/08\\\\\\\/23 11:56\\\",\\\"value\\\":0.73},{\\\"date\\\":\\\"30\\\\\\\/08\\\\\\\/23 11:58\\\",\\\"value\\\":0.73},{\\\"date\\\":\\\"30\\\\\\\/08\\\\\\\/23 12:00\\\",\\\"value\\\":0.73},{\\\"date\\\":\\\"30\\\\\\\/08\\\\\\\/23 12:02\\\",\\\"value\\\":0.73},{\\\"date\\\":\\\"30\\\\\\\/08\\\\\\\/23 12:04\\\",\\\"value\\\":0.72},{\\\"date\\\":\\\"30\\\\\\\/08\\\\\\\/23 12:06\\\",\\\"value\\\":0.73},{\\\"date\\\":\\\"30\\\\\\\/08\\\\\\\/23 12:08\\\",\\\"value\\\":0.72},{\\\"date\\\":\\\"30\\\\\\\/08\\\\\\\/23 12:12\\\",\\\"value\\\":0.73},{\\\"date\\\":\\\"30\\\\\\\/08\\\\\\\/23 12:14\\\",\\\"value\\\":0.72},{\\\"date\\\":\\\"30\\\\\\\/08\\\\\\\/23 12:16\\\",\\\"value\\\":0.73},{\\\"date\\\":\\\"30\\\\\\\/08\\\\\\\/23 12:18\\\",\\\"value\\\":0.73},{\\\"date\\\":\\\"30\\\\\\\/08\\\\\\\/23 12:20\\\",\\\"value\\\":0.73},{\\\"date\\\":\\\"30\\\\\\\/08\\\\\\\/23 12:22\\\",\\\"value\\\":0.72},{\\\"date\\\":\\\"30\\\\\\\/08\\\\\\\/23 12:24\\\",\\\"value\\\":0.73},{\\\"date\\\":\\\"30\\\\\\\/08\\\\\\\/23 12:26\\\",\\\"value\\\":0.73},{\\\"date\\\":\\\"30\\\\\\\/08\\\\\\\/23 12:28\\\",\\\"value\\\":0.73},{\\\"date\\\":\\\"30\\\\\\\/08\\\\\\\/23 12:30\\\",\\\"value\\\":0.73},{\\\"date\\\":\\\"30\\\\\\\/08\\\\\\\/23 12:32\\\",\\\"value\\\":0.73},{\\\"date\\\":\\\"30\\\\\\\/08\\\\\\\/23 12:34\\\",\\\"value\\\":0.72},{\\\"date\\\":\\\"30\\\\\\\/08\\\\\\\/23 12:36\\\",\\\"value\\\":0.73},{\\\"date\\\":\\\"30\\\\\\\/08\\\\\\\/23 12:38\\\",\\\"value\\\":0.72},{\\\"date\\\":\\\"30\\\\\\\/08\\\\\\\/23 12:40\\\",\\\"value\\\":0.73},{\\\"date\\\":\\\"30\\\\\\\/08\\\\\\\/23 12:42\\\",\\\"value\\\":0.73},{\\\"date\\\":\\\"30\\\\\\\/08\\\\\\\/23 12:44\\\",\\\"value\\\":0.73},{\\\"date\\\":\\\"30\\\\\\\/08\\\\\\\/23 12:46\\\",\\\"value\\\":0.73},{\\\"date\\\":\\\"30\\\\\\\/08\\\\\\\/23 12:48\\\",\\\"value\\\":0.73},{\\\"date\\\":\\\"30\\\\\\\/08\\\\\\\/23 12:50\\\",\\\"value\\\":0.73},{\\\"date\\\":\\\"30\\\\\\\/08\\\\\\\/23 12:52\\\",\\\"value\\\":0.72},{\\\"date\\\":\\\"30\\\\\\\/08\\\\\\\/23 12:54\\\",\\\"value\\\":0.72},{\\\"date\\\":\\\"30\\\\\\\/08\\\\\\\/23 12:56\\\",\\\"value\\\":0.73},{\\\"date\\\":\\\"30\\\\\\\/08\\\\\\\/23 12:58\\\",\\\"value\\\":0.72},{\\\"date\\\":\\\"30\\\\\\\/08\\\\\\\/23 13:00\\\",\\\"value\\\":0.73},{\\\"date\\\":\\\"30\\\\\\\/08\\\\\\\/23 13:02\\\",\\\"value\\\":0.72},{\\\"date\\\":\\\"30\\\\\\\/08\\\\\\\/23 13:04\\\",\\\"value\\\":0.73},{\\\"date\\\":\\\"30\\\\\\\/08\\\\\\\/23 13:06\\\",\\\"value\\\":0.73},{\\\"date\\\":\\\"30\\\\\\\/08\\\\\\\/23 13:08\\\",\\\"value\\\":0.73},{\\\"date\\\":\\\"30\\\\\\\/08\\\\\\\/23 13:10\\\",\\\"value\\\":0.73},{\\\"date\\\":\\\"30\\\\\\\/08\\\\\\\/23 13:12\\\",\\\"value\\\":0.73},{\\\"date\\\":\\\"30\\\\\\\/08\\\\\\\/23 13:14\\\",\\\"value\\\":0.73},{\\\"date\\\":\\\"30\\\\\\\/08\\\\\\\/23 13:16\\\",\\\"value\\\":0.72},{\\\"date\\\":\\\"30\\\\\\\/08\\\\\\\/23 13:18\\\",\\\"value\\\":0.73},{\\\"date\\\":\\\"30\\\\\\\/08\\\\\\\/23 13:20\\\",\\\"value\\\":0.73},{\\\"date\\\":\\\"30\\\\\\\/08\\\\\\\/23 13:22\\\",\\\"value\\\":0.72},{\\\"date\\\":\\\"30\\\\\\\/08\\\\\\\/23 13:24\\\",\\\"value\\\":0.72},{\\\"date\\\":\\\"30\\\\\\\/08\\\\\\\/23 13:26\\\",\\\"value\\\":0.73},{\\\"date\\\":\\\"30\\\\\\\/08\\\\\\\/23 13:28\\\",\\\"value\\\":0.73},{\\\"date\\\":\\\"30\\\\\\\/08\\\\\\\/23 13:30\\\",\\\"value\\\":0.73},{\\\"date\\\":\\\"30\\\\\\\/08\\\\\\\/23 13:32\\\",\\\"value\\\":0.73},{\\\"date\\\":\\\"30\\\\\\\/08\\\\\\\/23 13:34\\\",\\\"value\\\":0.73},{\\\"date\\\":\\\"30\\\\\\\/08\\\\\\\/23 13:36\\\",\\\"value\\\":0.73},{\\\"date\\\":\\\"30\\\\\\\/08\\\\\\\/23 13:38\\\",\\\"value\\\":0.72},{\\\"date\\\":\\\"30\\\\\\\/08\\\\\\\/23 13:40\\\",\\\"value\\\":0.73},{\\\"date\\\":\\\"30\\\\\\\/08\\\\\\\/23 13:42\\\",\\\"value\\\":0.72},{\\\"date\\\":\\\"30\\\\\\\/08\\\\\\\/23 13:44\\\",\\\"value\\\":0.73},{\\\"date\\\":\\\"30\\\\\\\/08\\\\\\\/23 13:46\\\",\\\"value\\\":0.73},{\\\"date\\\":\\\"30\\\\\\\/08\\\\\\\/23 13:48\\\",\\\"value\\\":0.73},{\\\"date\\\":\\\"30\\\\\\\/08\\\\\\\/23 13:50\\\",\\\"value\\\":0.73},{\\\"date\\\":\\\"30\\\\\\\/08\\\\\\\/23 13:52\\\",\\\"value\\\":0.72},{\\\"date\\\":\\\"30\\\\\\\/08\\\\\\\/23 13:54\\\",\\\"value\\\":0.73},{\\\"date\\\":\\\"30\\\\\\\/08\\\\\\\/23 13:56\\\",\\\"value\\\":0.73},{\\\"date\\\":\\\"30\\\\\\\/08\\\\\\\/23 13:58\\\",\\\"value\\\":0.73},{\\\"date\\\":\\\"30\\\\\\\/08\\\\\\\/23 14:00\\\",\\\"value\\\":0.73},{\\\"date\\\":\\\"30\\\\\\\/08\\\\\\\/23 14:04\\\",\\\"value\\\":0.73},{\\\"date\\\":\\\"30\\\\\\\/08\\\\\\\/23 15:38\\\",\\\"value\\\":0.73},{\\\"date\\\":\\\"30\\\\\\\/08\\\\\\\/23 15:42\\\",\\\"value\\\":0.73},{\\\"date\\\":\\\"30\\\\\\\/08\\\\\\\/23 15:44\\\",\\\"value\\\":0.73},{\\\"date\\\":\\\"30\\\\\\\/08\\\\\\\/23 15:46\\\",\\\"value\\\":0.73},{\\\"date\\\":\\\"30\\\\\\\/08\\\\\\\/23 15:48\\\",\\\"value\\\":0.73},{\\\"date\\\":\\\"30\\\\\\\/08\\\\\\\/23 15:52\\\",\\\"value\\\":0.73},{\\\"date\\\":\\\"30\\\\\\\/08\\\\\\\/23 15:54\\\",\\\"value\\\":0.72},{\\\"date\\\":\\\"30\\\\\\\/08\\\\\\\/23 15:56\\\",\\\"value\\\":0.72},{\\\"date\\\":\\\"30\\\\\\\/08\\\\\\\/23 15:58\\\",\\\"value\\\":0.72},{\\\"date\\\":\\\"30\\\\\\\/08\\\\\\\/23 16:00\\\",\\\"value\\\":0.72},{\\\"date\\\":\\\"30\\\\\\\/08\\\\\\\/23 16:02\\\",\\\"value\\\":0.72},{\\\"date\\\":\\\"30\\\\\\\/08\\\\\\\/23 16:04\\\",\\\"value\\\":0.73},{\\\"date\\\":\\\"30\\\\\\\/08\\\\\\\/23 16:06\\\",\\\"value\\\":0.72},{\\\"date\\\":\\\"30\\\\\\\/08\\\\\\\/23 16:08\\\",\\\"value\\\":0.72},{\\\"date\\\":\\\"30\\\\\\\/08\\\\\\\/23 16:10\\\",\\\"value\\\":0.73},{\\\"date\\\":\\\"30\\\\\\\/08\\\\\\\/23 16:12\\\",\\\"value\\\":0.72},{\\\"date\\\":\\\"30\\\\\\\/08\\\\\\\/23 16:14\\\",\\\"value\\\":0.72},{\\\"date\\\":\\\"30\\\\\\\/08\\\\\\\/23 16:16\\\",\\\"value\\\":0.73},{\\\"date\\\":\\\"30\\\\\\\/08\\\\\\\/23 16:18\\\",\\\"value\\\":0.73}]\";\n  let isPositive_2db42aa0cfde1e7ff673d9bc49ff155c = true;\n\n  let color_2db42aa0cfde1e7ff673d9bc49ff155c = isPositive_2db42aa0cfde1e7ff673d9bc49ff155c ? '#3AB53A' : '#D92C2D';\n\n  let data_2db42aa0cfde1e7ff673d9bc49ff155c = JSON.parse(data_json_2db42aa0cfde1e7ff673d9bc49ff155c);\n\n  const result_2db42aa0cfde1e7ff673d9bc49ff155c = {\n    date: [],\n    value: [],\n  };\n\n  data_2db42aa0cfde1e7ff673d9bc49ff155c.forEach((item) => {\n    result_2db42aa0cfde1e7ff673d9bc49ff155c.date.push(item.date);\n    result_2db42aa0cfde1e7ff673d9bc49ff155c.value.push(Number(item.value));\n  });\n\n  let option_2db42aa0cfde1e7ff673d9bc49ff155c = {\n    \/\/ variavel de cor global\n    color: [color_2db42aa0cfde1e7ff673d9bc49ff155c],\n    title: {\n      text: '',\n    },\n    tooltip: {\n      trigger: 'axis',\n      axisPointer: {\n        type: 'cross',\n        label: {\n          \/\/ cor dos valores em X e Y\n          backgroundColor: color_2db42aa0cfde1e7ff673d9bc49ff155c,\n          formatter: (value) => {\n            if (typeof value.value === 'number') {\n              return Number(value.value).toLocaleString('pt-br', {\n                style: 'currency',\n                currency: 'BRL'\n              });\n            }\n            return value.value;\n          },\n        },\n      },\n      valueFormatter: (value) => Number(value).toLocaleString('pt-br', {\n        style: 'currency',\n        currency: 'BRL'\n      }),\n    },\n    legend: {\n      \/\/ data: ['Valor de Fechamento'],\n      show: false,\n    },\n    toolbox: {\n      feature: {\n        saveAsImage: {\n          show: false,\n        },\n      },\n    },\n    grid: {\n      left: '0px',\n      right: '0px',\n      bottom: '0px',\n      containLabel: true,\n    },\n    xAxis: [{\n      type: 'category',\n      data: result_2db42aa0cfde1e7ff673d9bc49ff155c.date,\n      boundaryGap: true,\n    }],\n    yAxis: [{\n      type: 'value',\n      min: Math.min(...result_2db42aa0cfde1e7ff673d9bc49ff155c.value),\n      max: Math.max(...result_2db42aa0cfde1e7ff673d9bc49ff155c.value),\n      axisLabel: {\n        formatter: (value) => value.toLocaleString('pt-br', {\n          style: 'currency',\n          currency: 'BRL'\n        }),\n      },\n    }],\n    series: [{\n      name: 'Valor de Fechamento',\n      type: 'line',\n      stack: 'Total',\n      \/\/ cor do grafico\n      areaStyle: {},\n      emphasis: {\n        focus: 'series',\n      },\n      data: result_2db42aa0cfde1e7ff673d9bc49ff155c.value,\n      \/\/ cor da linha\n      lineStyle: {\n        color: color_2db42aa0cfde1e7ff673d9bc49ff155c,\n      },\n    }, ],\n  };\n\n\twindow.chart_2db42aa0cfde1e7ff673d9bc49ff155c = {\n\t\tel: chart_2db42aa0cfde1e7ff673d9bc49ff155c,\n\t\toption: option_2db42aa0cfde1e7ff673d9bc49ff155c\t};\n\n\n<\/script>\n\n\n\t<p>\n\t\t<a href=\"https:\/\/lp.suno.com.br\/plataforma-de-controle-de-investimentos\/\" target=\"_blank\" data-element=\"shortcode-suno-banner\" title=\"Banner SUNO, clique e saiba mais\">\n\t\t\t<picture>\n\t\t\t\t<source media=\"(max-width: 500px)\" srcset=\"https:\/\/files.sunoresearch.com.br\/n\/uploads\/2023\/03\/400x300-Controle-de-Investimentos.png\">\n\t\t\t\t<img class=\"newsContent__article__imgCapa newsContent__article__imgCapa--banner\"\n\t\t\t\t\tsrc=\"https:\/\/files.sunoresearch.com.br\/n\/uploads\/2023\/03\/1420x240-Controle-de-Investimentos.png\"\n\t\t\t\t\tdata-promo-id=\"383162\"\t\t\t\t\t\t\t\t\t\twidth='1420' height='240'\t\t\t\t\talt=\"https:\/\/files.sunoresearch.com.br\/n\/uploads\/2023\/03\/1420x240-Controle-de-Investimentos.png\"\n\t\t\t\t>\n\t\t\t<\/picture>\n\t\t<\/a>\n\t<\/p>\n\n\n","protected":false},"excerpt":{"rendered":"<p>A Oi\u00a0(OIBR3) informou que o conselho de administra\u00e7\u00e3o da companhia reelegeu Cristiane Barretto Sales para os cargos de diretora de finan\u00e7as e de rela\u00e7\u00f5es com investidores, com mandato at\u00e9 30 de agosto de 2025. Oi (OIBR3). Foto: Divulga\u00e7\u00e3o Em fato relevante divulgado na quarta-feira (30), a Oi informou que Barretto &#8220;\u00e9 respons\u00e1vel pela continuidade da [&hellip;]<\/p>\n","protected":false},"author":313,"featured_media":328501,"comment_status":"closed","ping_status":"closed","sticky":false,"template":"","format":"standard","meta":[],"categories":[64],"tags":[105816,584],"suno_strategy":[],"class_list":["post-449593","post","type-post","status-publish","format-standard","has-post-thumbnail","hentry","category-negocios","tag-especialistas","tag-oi-oibr3-oibr4"],"yoast_head":"<!-- This site is optimized with the Yoast SEO plugin v24.4 - https:\/\/yoast.com\/wordpress\/plugins\/seo\/ -->\n<title>Oi (OIBR3) reelege diretora de finan\u00e7as e de rela\u00e7\u00f5es com investidores<\/title>\n<meta name=\"description\" content=\"A Oi\u00a0(OIBR3) reelegeu Cristiane Barretto Sales para os cargos de diretora de finan\u00e7as e de RI, com mandato at\u00e9 30 de agosto de 2025.\" \/>\n<meta name=\"robots\" content=\"index, follow, max-snippet:-1, max-image-preview:large, max-video-preview:-1\" \/>\n<link rel=\"canonical\" href=\"https:\/\/www.suno.com.br\/noticias\/oi-oibr3-reelege-diretora-de-financas-ri-gpj\/\" \/>\n<meta property=\"og:locale\" content=\"pt_BR\" \/>\n<meta property=\"og:type\" content=\"article\" \/>\n<meta property=\"og:title\" content=\"Oi (OIBR3) reelege diretora de finan\u00e7as e de rela\u00e7\u00f5es com investidores\" \/>\n<meta property=\"og:description\" content=\"A Oi\u00a0(OIBR3) reelegeu Cristiane Barretto Sales para os cargos de diretora de finan\u00e7as e de RI, com mandato at\u00e9 30 de agosto de 2025.\" \/>\n<meta property=\"og:url\" content=\"https:\/\/www.suno.com.br\/noticias\/oi-oibr3-reelege-diretora-de-financas-ri-gpj\/\" \/>\n<meta property=\"og:site_name\" content=\"Suno Not\u00edcias\" \/>\n<meta property=\"article:publisher\" content=\"https:\/\/facebook.com\/sunoresearch\" \/>\n<meta property=\"og:image\" content=\"https:\/\/files.sunoresearch.com.br\/n\/uploads\/2022\/12\/oi-oibr3-oibr4.jpg\" \/>\n\t<meta property=\"og:image:width\" content=\"1200\" \/>\n\t<meta property=\"og:image:height\" content=\"800\" \/>\n\t<meta property=\"og:image:type\" content=\"image\/jpeg\" \/>\n<meta name=\"author\" content=\"Giovanni Porf\u00edrio Jacomino\" \/>\n<meta name=\"twitter:card\" content=\"summary_large_image\" \/>\n<meta name=\"twitter:creator\" content=\"@sunoresearch\" \/>\n<meta name=\"twitter:site\" content=\"@sunoresearch\" \/>\n<meta name=\"twitter:label1\" content=\"Escrito por\" \/>\n\t<meta name=\"twitter:data1\" content=\"Giovanni Porf\u00edrio Jacomino\" \/>\n\t<meta name=\"twitter:label2\" content=\"Est. tempo de leitura\" \/>\n\t<meta name=\"twitter:data2\" content=\"6 minutos\" \/>\n<script type=\"application\/ld+json\" class=\"yoast-schema-graph\">{\"@context\":\"https:\/\/schema.org\",\"@graph\":[{\"@type\":\"NewsArticle\",\"@id\":\"https:\/\/www.suno.com.br\/noticias\/oi-oibr3-reelege-diretora-de-financas-ri-gpj\/#article\",\"isPartOf\":{\"@id\":\"https:\/\/www.suno.com.br\/noticias\/oi-oibr3-reelege-diretora-de-financas-ri-gpj\/\"},\"author\":{\"name\":\"Giovanni Porf\u00edrio Jacomino\",\"@id\":\"https:\/\/www.suno.com.br\/noticias\/#\/schema\/person\/d0f32748bbca4bee871fa191ee4e2d40\"},\"headline\":\"Oi (OIBR3) reelege diretora de finan\u00e7as e de rela\u00e7\u00f5es com investidores\",\"datePublished\":\"2023-08-31T10:41:13+00:00\",\"dateModified\":\"2023-08-31T10:41:55+00:00\",\"mainEntityOfPage\":{\"@id\":\"https:\/\/www.suno.com.br\/noticias\/oi-oibr3-reelege-diretora-de-financas-ri-gpj\/\"},\"wordCount\":1085,\"publisher\":{\"@id\":\"https:\/\/www.suno.com.br\/noticias\/#organization\"},\"image\":{\"@id\":\"https:\/\/www.suno.com.br\/noticias\/oi-oibr3-reelege-diretora-de-financas-ri-gpj\/#primaryimage\"},\"thumbnailUrl\":\"https:\/\/files.sunoresearch.com.br\/n\/uploads\/2022\/12\/oi-oibr3-oibr4.jpg\",\"keywords\":[\"Especialistas\",\"Oi (OIBR3\/OIBR4)\"],\"articleSection\":[\"Neg\u00f3cios\"],\"inLanguage\":\"pt-BR\"},{\"@type\":\"WebPage\",\"@id\":\"https:\/\/www.suno.com.br\/noticias\/oi-oibr3-reelege-diretora-de-financas-ri-gpj\/\",\"url\":\"https:\/\/www.suno.com.br\/noticias\/oi-oibr3-reelege-diretora-de-financas-ri-gpj\/\",\"name\":\"Oi (OIBR3) reelege diretora de finan\u00e7as e de rela\u00e7\u00f5es com investidores\",\"isPartOf\":{\"@id\":\"https:\/\/www.suno.com.br\/noticias\/#website\"},\"primaryImageOfPage\":{\"@id\":\"https:\/\/www.suno.com.br\/noticias\/oi-oibr3-reelege-diretora-de-financas-ri-gpj\/#primaryimage\"},\"image\":{\"@id\":\"https:\/\/www.suno.com.br\/noticias\/oi-oibr3-reelege-diretora-de-financas-ri-gpj\/#primaryimage\"},\"thumbnailUrl\":\"https:\/\/files.sunoresearch.com.br\/n\/uploads\/2022\/12\/oi-oibr3-oibr4.jpg\",\"datePublished\":\"2023-08-31T10:41:13+00:00\",\"dateModified\":\"2023-08-31T10:41:55+00:00\",\"description\":\"A Oi\u00a0(OIBR3) reelegeu Cristiane Barretto Sales para os cargos de diretora de finan\u00e7as e de RI, com mandato at\u00e9 30 de agosto de 2025.\",\"breadcrumb\":{\"@id\":\"https:\/\/www.suno.com.br\/noticias\/oi-oibr3-reelege-diretora-de-financas-ri-gpj\/#breadcrumb\"},\"inLanguage\":\"pt-BR\",\"potentialAction\":[{\"@type\":\"ReadAction\",\"target\":[\"https:\/\/www.suno.com.br\/noticias\/oi-oibr3-reelege-diretora-de-financas-ri-gpj\/\"]}]},{\"@type\":\"ImageObject\",\"inLanguage\":\"pt-BR\",\"@id\":\"https:\/\/www.suno.com.br\/noticias\/oi-oibr3-reelege-diretora-de-financas-ri-gpj\/#primaryimage\",\"url\":\"https:\/\/files.sunoresearch.com.br\/n\/uploads\/2022\/12\/oi-oibr3-oibr4.jpg\",\"contentUrl\":\"https:\/\/files.sunoresearch.com.br\/n\/uploads\/2022\/12\/oi-oibr3-oibr4.jpg\",\"width\":1200,\"height\":800,\"caption\":\"Oi (OIBR3). Foto: Divulga\u00e7\u00e3o\"},{\"@type\":\"BreadcrumbList\",\"@id\":\"https:\/\/www.suno.com.br\/noticias\/oi-oibr3-reelege-diretora-de-financas-ri-gpj\/#breadcrumb\",\"itemListElement\":[{\"@type\":\"ListItem\",\"position\":1,\"name\":\"Not\u00edcias\",\"item\":\"https:\/\/www.suno.com.br\/noticias\/\"},{\"@type\":\"ListItem\",\"position\":2,\"name\":\"Neg\u00f3cios\",\"item\":\"https:\/\/www.suno.com.br\/noticias\/negocios\/\"},{\"@type\":\"ListItem\",\"position\":3,\"name\":\"Oi (OIBR3) reelege diretora de finan\u00e7as e de rela\u00e7\u00f5es com investidores\"}]},{\"@type\":\"WebSite\",\"@id\":\"https:\/\/www.suno.com.br\/noticias\/#website\",\"url\":\"https:\/\/www.suno.com.br\/noticias\/\",\"name\":\"Suno Not\u00edcias\",\"description\":\"Seu portal de informa\u00e7\u00e3o sobre o mundo dos investimentos\",\"publisher\":{\"@id\":\"https:\/\/www.suno.com.br\/noticias\/#organization\"},\"potentialAction\":[{\"@type\":\"SearchAction\",\"target\":{\"@type\":\"EntryPoint\",\"urlTemplate\":\"https:\/\/www.suno.com.br\/noticias\/?s={search_term_string}\"},\"query-input\":{\"@type\":\"PropertyValueSpecification\",\"valueRequired\":true,\"valueName\":\"search_term_string\"}}],\"inLanguage\":\"pt-BR\"},{\"@type\":\"Organization\",\"@id\":\"https:\/\/www.suno.com.br\/noticias\/#organization\",\"name\":\"Suno Not\u00edcias\",\"url\":\"https:\/\/www.suno.com.br\/noticias\/\",\"logo\":{\"@type\":\"ImageObject\",\"inLanguage\":\"pt-BR\",\"@id\":\"https:\/\/www.suno.com.br\/noticias\/#\/schema\/logo\/image\/\",\"url\":\"https:\/\/files.sunoresearch.com.br\/n\/uploads\/2021\/09\/suno-logo.png\",\"contentUrl\":\"https:\/\/files.sunoresearch.com.br\/n\/uploads\/2021\/09\/suno-logo.png\",\"width\":180,\"height\":180,\"caption\":\"Suno Not\u00edcias\"},\"image\":{\"@id\":\"https:\/\/www.suno.com.br\/noticias\/#\/schema\/logo\/image\/\"},\"sameAs\":[\"https:\/\/facebook.com\/sunoresearch\",\"https:\/\/x.com\/sunoresearch\",\"https:\/\/www.instagram.com\/suno\",\"https:\/\/www.linkedin.com\/company\/suno-research\/\",\"https:\/\/www.youtube.com\/c\/sunoresearch\"]},{\"@type\":\"Person\",\"@id\":\"https:\/\/www.suno.com.br\/noticias\/#\/schema\/person\/d0f32748bbca4bee871fa191ee4e2d40\",\"name\":\"Giovanni Porf\u00edrio Jacomino\",\"image\":{\"@type\":\"ImageObject\",\"inLanguage\":\"pt-BR\",\"@id\":\"https:\/\/www.suno.com.br\/noticias\/#\/schema\/person\/image\/\",\"url\":\"https:\/\/secure.gravatar.com\/avatar\/efb32e19b730a121cb7a80f41ffec01a?s=96&r=g\",\"contentUrl\":\"https:\/\/secure.gravatar.com\/avatar\/efb32e19b730a121cb7a80f41ffec01a?s=96&r=g\",\"caption\":\"Giovanni Porf\u00edrio Jacomino\"},\"description\":\"Giovanni Porf\u00edrio Jacomino \u00e9 jornalista formado pela Universidade Estadual de Londrina (UEL) e p\u00f3s-graduado em Produ\u00e7\u00e3o e Pr\u00e1ticas Jornal\u00edsticas na Contemporaneidade na Faculdade C\u00e1sper L\u00edbero (FCL). Foi editor web no Startupi e no Finsiders, atuando ainda como editor no TC Mover, portal de not\u00edcias da TradersClub, fazendo a cobertura de assuntos relacionados ao mercado financeiro interno e externo. Atualmente, \u00e9 Rep\u00f3rter do Suno Not\u00edcias.\",\"url\":\"https:\/\/www.suno.com.br\/noticias\/author\/giovanni-porfiriosuno-com-br\/\"}]}<\/script>\n<!-- \/ Yoast SEO plugin. -->","yoast_head_json":{"title":"Oi (OIBR3) reelege diretora de finan\u00e7as e de rela\u00e7\u00f5es com investidores","description":"A Oi\u00a0(OIBR3) reelegeu Cristiane Barretto Sales para os cargos de diretora de finan\u00e7as e de RI, com mandato at\u00e9 30 de agosto de 2025.","robots":{"index":"index","follow":"follow","max-snippet":"max-snippet:-1","max-image-preview":"max-image-preview:large","max-video-preview":"max-video-preview:-1"},"canonical":"https:\/\/www.suno.com.br\/noticias\/oi-oibr3-reelege-diretora-de-financas-ri-gpj\/","og_locale":"pt_BR","og_type":"article","og_title":"Oi (OIBR3) reelege diretora de finan\u00e7as e de rela\u00e7\u00f5es com investidores","og_description":"A Oi\u00a0(OIBR3) reelegeu Cristiane Barretto Sales para os cargos de diretora de finan\u00e7as e de RI, com mandato at\u00e9 30 de agosto de 2025.","og_url":"https:\/\/www.suno.com.br\/noticias\/oi-oibr3-reelege-diretora-de-financas-ri-gpj\/","og_site_name":"Suno Not\u00edcias","article_publisher":"https:\/\/facebook.com\/sunoresearch","og_image":[{"width":1200,"height":800,"url":"https:\/\/files.sunoresearch.com.br\/n\/uploads\/2022\/12\/oi-oibr3-oibr4.jpg","type":"image\/jpeg"}],"author":"Giovanni Porf\u00edrio Jacomino","twitter_card":"summary_large_image","twitter_creator":"@sunoresearch","twitter_site":"@sunoresearch","twitter_misc":{"Escrito por":"Giovanni Porf\u00edrio Jacomino","Est. tempo de leitura":"6 minutos"},"schema":{"@context":"https:\/\/schema.org","@graph":[{"@type":"NewsArticle","@id":"https:\/\/www.suno.com.br\/noticias\/oi-oibr3-reelege-diretora-de-financas-ri-gpj\/#article","isPartOf":{"@id":"https:\/\/www.suno.com.br\/noticias\/oi-oibr3-reelege-diretora-de-financas-ri-gpj\/"},"author":{"name":"Giovanni Porf\u00edrio Jacomino","@id":"https:\/\/www.suno.com.br\/noticias\/#\/schema\/person\/d0f32748bbca4bee871fa191ee4e2d40"},"headline":"Oi (OIBR3) reelege diretora de finan\u00e7as e de rela\u00e7\u00f5es com investidores","datePublished":"2023-08-31T10:41:13+00:00","dateModified":"2023-08-31T10:41:55+00:00","mainEntityOfPage":{"@id":"https:\/\/www.suno.com.br\/noticias\/oi-oibr3-reelege-diretora-de-financas-ri-gpj\/"},"wordCount":1085,"publisher":{"@id":"https:\/\/www.suno.com.br\/noticias\/#organization"},"image":{"@id":"https:\/\/www.suno.com.br\/noticias\/oi-oibr3-reelege-diretora-de-financas-ri-gpj\/#primaryimage"},"thumbnailUrl":"https:\/\/files.sunoresearch.com.br\/n\/uploads\/2022\/12\/oi-oibr3-oibr4.jpg","keywords":["Especialistas","Oi (OIBR3\/OIBR4)"],"articleSection":["Neg\u00f3cios"],"inLanguage":"pt-BR"},{"@type":"WebPage","@id":"https:\/\/www.suno.com.br\/noticias\/oi-oibr3-reelege-diretora-de-financas-ri-gpj\/","url":"https:\/\/www.suno.com.br\/noticias\/oi-oibr3-reelege-diretora-de-financas-ri-gpj\/","name":"Oi (OIBR3) reelege diretora de finan\u00e7as e de rela\u00e7\u00f5es com investidores","isPartOf":{"@id":"https:\/\/www.suno.com.br\/noticias\/#website"},"primaryImageOfPage":{"@id":"https:\/\/www.suno.com.br\/noticias\/oi-oibr3-reelege-diretora-de-financas-ri-gpj\/#primaryimage"},"image":{"@id":"https:\/\/www.suno.com.br\/noticias\/oi-oibr3-reelege-diretora-de-financas-ri-gpj\/#primaryimage"},"thumbnailUrl":"https:\/\/files.sunoresearch.com.br\/n\/uploads\/2022\/12\/oi-oibr3-oibr4.jpg","datePublished":"2023-08-31T10:41:13+00:00","dateModified":"2023-08-31T10:41:55+00:00","description":"A Oi\u00a0(OIBR3) reelegeu Cristiane Barretto Sales para os cargos de diretora de finan\u00e7as e de RI, com mandato at\u00e9 30 de agosto de 2025.","breadcrumb":{"@id":"https:\/\/www.suno.com.br\/noticias\/oi-oibr3-reelege-diretora-de-financas-ri-gpj\/#breadcrumb"},"inLanguage":"pt-BR","potentialAction":[{"@type":"ReadAction","target":["https:\/\/www.suno.com.br\/noticias\/oi-oibr3-reelege-diretora-de-financas-ri-gpj\/"]}]},{"@type":"ImageObject","inLanguage":"pt-BR","@id":"https:\/\/www.suno.com.br\/noticias\/oi-oibr3-reelege-diretora-de-financas-ri-gpj\/#primaryimage","url":"https:\/\/files.sunoresearch.com.br\/n\/uploads\/2022\/12\/oi-oibr3-oibr4.jpg","contentUrl":"https:\/\/files.sunoresearch.com.br\/n\/uploads\/2022\/12\/oi-oibr3-oibr4.jpg","width":1200,"height":800,"caption":"Oi (OIBR3). Foto: Divulga\u00e7\u00e3o"},{"@type":"BreadcrumbList","@id":"https:\/\/www.suno.com.br\/noticias\/oi-oibr3-reelege-diretora-de-financas-ri-gpj\/#breadcrumb","itemListElement":[{"@type":"ListItem","position":1,"name":"Not\u00edcias","item":"https:\/\/www.suno.com.br\/noticias\/"},{"@type":"ListItem","position":2,"name":"Neg\u00f3cios","item":"https:\/\/www.suno.com.br\/noticias\/negocios\/"},{"@type":"ListItem","position":3,"name":"Oi (OIBR3) reelege diretora de finan\u00e7as e de rela\u00e7\u00f5es com investidores"}]},{"@type":"WebSite","@id":"https:\/\/www.suno.com.br\/noticias\/#website","url":"https:\/\/www.suno.com.br\/noticias\/","name":"Suno Not\u00edcias","description":"Seu portal de informa\u00e7\u00e3o sobre o mundo dos investimentos","publisher":{"@id":"https:\/\/www.suno.com.br\/noticias\/#organization"},"potentialAction":[{"@type":"SearchAction","target":{"@type":"EntryPoint","urlTemplate":"https:\/\/www.suno.com.br\/noticias\/?s={search_term_string}"},"query-input":{"@type":"PropertyValueSpecification","valueRequired":true,"valueName":"search_term_string"}}],"inLanguage":"pt-BR"},{"@type":"Organization","@id":"https:\/\/www.suno.com.br\/noticias\/#organization","name":"Suno Not\u00edcias","url":"https:\/\/www.suno.com.br\/noticias\/","logo":{"@type":"ImageObject","inLanguage":"pt-BR","@id":"https:\/\/www.suno.com.br\/noticias\/#\/schema\/logo\/image\/","url":"https:\/\/files.sunoresearch.com.br\/n\/uploads\/2021\/09\/suno-logo.png","contentUrl":"https:\/\/files.sunoresearch.com.br\/n\/uploads\/2021\/09\/suno-logo.png","width":180,"height":180,"caption":"Suno Not\u00edcias"},"image":{"@id":"https:\/\/www.suno.com.br\/noticias\/#\/schema\/logo\/image\/"},"sameAs":["https:\/\/facebook.com\/sunoresearch","https:\/\/x.com\/sunoresearch","https:\/\/www.instagram.com\/suno","https:\/\/www.linkedin.com\/company\/suno-research\/","https:\/\/www.youtube.com\/c\/sunoresearch"]},{"@type":"Person","@id":"https:\/\/www.suno.com.br\/noticias\/#\/schema\/person\/d0f32748bbca4bee871fa191ee4e2d40","name":"Giovanni Porf\u00edrio Jacomino","image":{"@type":"ImageObject","inLanguage":"pt-BR","@id":"https:\/\/www.suno.com.br\/noticias\/#\/schema\/person\/image\/","url":"https:\/\/secure.gravatar.com\/avatar\/efb32e19b730a121cb7a80f41ffec01a?s=96&r=g","contentUrl":"https:\/\/secure.gravatar.com\/avatar\/efb32e19b730a121cb7a80f41ffec01a?s=96&r=g","caption":"Giovanni Porf\u00edrio Jacomino"},"description":"Giovanni Porf\u00edrio Jacomino \u00e9 jornalista formado pela Universidade Estadual de Londrina (UEL) e p\u00f3s-graduado em Produ\u00e7\u00e3o e Pr\u00e1ticas Jornal\u00edsticas na Contemporaneidade na Faculdade C\u00e1sper L\u00edbero (FCL). Foi editor web no Startupi e no Finsiders, atuando ainda como editor no TC Mover, portal de not\u00edcias da TradersClub, fazendo a cobertura de assuntos relacionados ao mercado financeiro interno e externo. Atualmente, \u00e9 Rep\u00f3rter do Suno Not\u00edcias.","url":"https:\/\/www.suno.com.br\/noticias\/author\/giovanni-porfiriosuno-com-br\/"}]}},"default_loop_html":"<div class=\"cardsPage__listCard__boxs\"><div class=\"cardsPage__listCard__boxs__img\"><a href=\"https:\/\/www.suno.com.br\/noticias\/oi-oibr3-reelege-diretora-de-financas-ri-gpj\/\"><img class=\"mask\" src=\"https:\/\/www.suno.com.br\/noticias\/wp-content\/themes\/suno\/resources\/images\/spotlight\/spotlight1img\/bg-mask.png\" alt=\"Image Mask\"\/><img src=\"https:\/\/files.sunoresearch.com.br\/n\/uploads\/2022\/12\/oi-oibr3-oibr4-400x200.jpg\" alt=\"Oi (OIBR3) reelege diretora de finan\u00e7as e de rela\u00e7\u00f5es com investidores\"\/><\/a><span class=\"spotlightCategory\"><a href=\"https:\/\/www.suno.com.br\/noticias\/negocios\/\">Neg\u00f3cios<\/a><\/span><\/div><div class=\"cardsPage__listCard__boxs__content\"><a href=\"https:\/\/www.suno.com.br\/noticias\/oi-oibr3-reelege-diretora-de-financas-ri-gpj\/\"><h2 class=\"content__title\">Oi (OIBR3) reelege diretora de finan\u00e7as e de rela\u00e7\u00f5es com investidores<\/h2><\/a><div class=\"newsContent__article__meta\"><div class=\"newsContent__article__meta__authorBox\"><a href=\"https:\/\/www.suno.com.br\/noticias\/author\/joao-vitor-jacintho\/\" class=\"authorBox__avatar noMobi\"><img src=\"https:\/\/secure.gravatar.com\/avatar\/2843227ca03ccf8cc7ccca45204c127e?s=96&#038;r=g\" alt=\"Jo\u00e3o Vitor Jacintho\"><\/a><div class=\"authorBox__name\"><span>por\n\t\t\t<a href=\"https:\/\/www.suno.com.br\/noticias\/author\/joao-vitor-jacintho\/\"><span itemprop=\"author\">Jo\u00e3o Vitor Jacintho<\/span><\/a><\/span><time datetime=\"2023-08-31T07:41:13-03:00\" itemprop=\"datePublished\">31\/08\/2023 07:41<\/time><\/div><\/div><\/div><\/div><\/div>","single_layout":"posts","amp_enabled":true,"_links":{"self":[{"href":"https:\/\/www.suno.com.br\/noticias\/wp-json\/wp\/v2\/posts\/449593"}],"collection":[{"href":"https:\/\/www.suno.com.br\/noticias\/wp-json\/wp\/v2\/posts"}],"about":[{"href":"https:\/\/www.suno.com.br\/noticias\/wp-json\/wp\/v2\/types\/post"}],"author":[{"embeddable":true,"href":"https:\/\/www.suno.com.br\/noticias\/wp-json\/wp\/v2\/users\/313"}],"replies":[{"embeddable":true,"href":"https:\/\/www.suno.com.br\/noticias\/wp-json\/wp\/v2\/comments?post=449593"}],"version-history":[{"count":3,"href":"https:\/\/www.suno.com.br\/noticias\/wp-json\/wp\/v2\/posts\/449593\/revisions"}],"predecessor-version":[{"id":449610,"href":"https:\/\/www.suno.com.br\/noticias\/wp-json\/wp\/v2\/posts\/449593\/revisions\/449610"}],"wp:featuredmedia":[{"embeddable":true,"href":"https:\/\/www.suno.com.br\/noticias\/wp-json\/wp\/v2\/media\/328501"}],"wp:attachment":[{"href":"https:\/\/www.suno.com.br\/noticias\/wp-json\/wp\/v2\/media?parent=449593"}],"wp:term":[{"taxonomy":"category","embeddable":true,"href":"https:\/\/www.suno.com.br\/noticias\/wp-json\/wp\/v2\/categories?post=449593"},{"taxonomy":"post_tag","embeddable":true,"href":"https:\/\/www.suno.com.br\/noticias\/wp-json\/wp\/v2\/tags?post=449593"},{"taxonomy":"suno_strategy","embeddable":true,"href":"https:\/\/www.suno.com.br\/noticias\/wp-json\/wp\/v2\/suno_strategy?post=449593"}],"curies":[{"name":"wp","href":"https:\/\/api.w.org\/{rel}","templated":true}]}}