{"id":449479,"date":"2023-08-30T19:26:54","date_gmt":"2023-08-30T22:26:54","guid":{"rendered":"https:\/\/www.suno.com.br\/noticias\/?p=449479"},"modified":"2023-08-30T19:26:58","modified_gmt":"2023-08-30T22:26:58","slug":"natura-ntco3-venda-aeosp-loreal-mal","status":"publish","type":"post","link":"https:\/\/www.suno.com.br\/noticias\/natura-ntco3-venda-aeosp-loreal-mal\/","title":{"rendered":"Natura (NTCO3) conclui venda da Aesop para L&#8217;oreal por US$ 2,58 bilh\u00f5es"},"content":{"rendered":"<p>A <strong><a href=\"https:\/\/www.suno.com.br\/acoes\/NTCO3\/\" target=\"_blank\" rel=\"noreferrer noopener\">Natura<\/a><\/strong> (NTCO3) anunciou nesta quarta (30) ao mercado a conclus\u00e3o de venda da Aesop para a L\u2019Or\u00e9al. <\/p>\t<div class=\"wrapper-featured-image\">\n\t\t<figure class=\"spotlightImg\">\n\n\t\t\t<picture>\n\t\t\t\t<source media=\"(max-width: 768px)\" srcset=\"https:\/\/files.sunoresearch.com.br\/n\/uploads\/2021\/03\/fb35d009-natura-400x200.webp\">\n\t\t\t\t<img loading=\"lazy\" decoding=\"async\" class=\"newsContent__article__imgCapa lazyloadDisabled \" src=\"https:\/\/files.sunoresearch.com.br\/n\/uploads\/2021\/03\/fb35d009-natura-800x450.webp\" width=\"800\" height=\"450\" alt=\"Natura (NTCO3) conclui venda da Aesop para L&#8217;oreal por US$ 2,58 bilh\u00f5es\" fetchpriority=high \/>\n\t\t\t<\/picture>\n\n\t\t\t<figcaption class=\"wp-caption-text wp-caption-text--show\">Natura (NTCO3). Foto: Divulga\u00e7\u00e3o<\/figcaption>\n\t\t<\/figure>\n\t<\/div>\n\n\n\n\n\n\t<p>\n\t\t<a href=\"https:\/\/lp.suno.com.br\/planilha-da-vida-financeira\/\" target=\"_blank\" data-element=\"shortcode-suno-banner\" title=\"Banner SUNO, clique e saiba mais\">\n\t\t\t<picture>\n\t\t\t\t<source media=\"(max-width: 500px)\" srcset=\"https:\/\/files.sunoresearch.com.br\/n\/uploads\/2023\/04\/400x300-Planilha-vida-financeira-true.png\">\n\t\t\t\t<img class=\"newsContent__article__imgCapa newsContent__article__imgCapa--banner\"\n\t\t\t\t\tsrc=\"https:\/\/files.sunoresearch.com.br\/n\/uploads\/2023\/04\/1420x240-Planilha-vida-financeira-true.png\"\n\t\t\t\t\tdata-promo-id=\"106682\"\t\t\t\t\t\t\t\t\t\twidth='1420' height='240'\t\t\t\t\talt=\"https:\/\/files.sunoresearch.com.br\/n\/uploads\/2023\/04\/1420x240-Planilha-vida-financeira-true.png\"\n\t\t\t\t>\n\t\t\t<\/picture>\n\t\t<\/a>\n\t<\/p>\n\n\n\n\n\n\n\n<p>A&nbsp;<strong>venda da Aesop<\/strong>&nbsp;consistiu em uma transa\u00e7\u00e3o de US$ 2,58 bilh\u00f5es (R$ 12,5 bi) anunciada ainda em meados de abril.<\/p>\n\n\n\n<p>A aprova\u00e7\u00e3o do&nbsp;<a href=\"https:\/\/www.suno.com.br\/artigos\/cade\/\" target=\"_blank\" rel=\"noreferrer noopener\">Conselho Administrativo de Defesa Econ\u00f4mica (Cade)<\/a>&nbsp;veio em maio.<\/p>\n\n\n\n<p>A L\u2019Or\u00e9al Austr\u00e1lia, integralmente detida pela<strong> L\u2019Or\u00e9al<\/strong>, deve adquirir a totalidade do&nbsp;<a href=\"https:\/\/www.suno.com.br\/artigos\/capital-social\/\" target=\"_blank\" rel=\"noreferrer noopener\">capital social<\/a>&nbsp;e votante da Natura Brazil Pty, holding detentora do Grupo Aesop atualmente detida pela Natura Cosm\u00e9ticos.<\/p>\n\n\n\n<p>Na outra ponta, a Natura deve incrementar o caixa e remar na dire\u00e7\u00e3o da desalavancagem financeira, posicionando a empresa com um foco no seu&nbsp;<a href=\"https:\/\/www.suno.com.br\/artigos\/core-business\/\" target=\"_blank\" rel=\"noreferrer noopener\">core business<\/a>&nbsp;e tamb\u00e9m na integra\u00e7\u00e3o dentro da Am\u00e9rica Latina.<\/p>\n\n\n\n<p>A superintend\u00eancia do Cade afirma que a Aesop n\u00e3o \u00e9 uma marca significativa no segmento de beleza e cuidados pessoais no Brasil, independentemente da defini\u00e7\u00e3o de mercado relevante considerada.<\/p>\n\n\n\n<p>\u201cO aumento de concentra\u00e7\u00e3o de mercado resultante da opera\u00e7\u00e3o proposta \u00e9, em todos os cen\u00e1rios analisados, desprez\u00edvel e n\u00e3o desperta quaisquer preocupa\u00e7\u00f5es concorrenciais\u201d, diz o parecer.<\/p>\n\n\n\n<h2 class=\"wp-block-heading\">Veja \u00faltimo balan\u00e7o da Natura<\/h2>\n\n\n\n<p>A companhia&nbsp;Natura apurou preju\u00edzo l\u00edquido de R$ 732 milh\u00f5es no segundo trimestre de 2023. O resultado negativo foi 4,6% menor do que o apresentado no mesmo per\u00edodo do ano passado.<\/p>\n\n\n\n<p>O Ebitda da Natura (Lucros antes de juros, impostos,&nbsp;<a href=\"https:\/\/www.suno.com.br\/artigos\/depreciacao-amortizacao\/\" target=\"_blank\" rel=\"noreferrer noopener\">deprecia\u00e7\u00e3o e amortiza\u00e7\u00e3o<\/a>), por sua vez, foi de R$ 753 milh\u00f5es, alta de 25,8% ante o reportado de abril a junho de 2022.<\/p>\n\n\n\n<p>A <a class=\"suno-keyword\" target=\"_blank\" data-force=\"no\" data-priority=\"1\" href=\"https:\/\/www.suno.com.br\/artigos\/o-que-receita-liquida\/\" rel=\"noopener\">receita l\u00edquida<\/a> consolidada da Natura, por sua vez, foi de R$ 7,8 bilh\u00f5es, uma queda de 4,1% sobre o segundo trimestre do ano anterior. Se considerada varia\u00e7\u00e3o porcentual em moeda constante, por\u00e9m, houve alta de 1,9% nesse indicador.<\/p>\n\n\n\n\t<div data-element=\"shortcode-read-more\" class=\"readToo\">\n\t\t\t\t<span class=\"readToo__title\">Leia mais<\/span>\n\t\t\t\t<ul class=\"readToo__list\">\n\t\t\t<li><a href=\"https:\/\/www.suno.com.br\/noticias\/natura-ntco3-analistas-consideram-positivo-the-body-shop-acoes-sobem\/\">Natura (NTCO3): potencial venda de The Body Shop vai aumentar rentabilidade e analistas veem potencial de 35% de alta; a\u00e7\u00f5es sobem<\/a><\/li><li><a href=\"https:\/\/www.suno.com.br\/noticias\/natura-ntco3-aprova-nova-transacao-societaria-assembleia-veja\/\">Natura (NTCO3) aprova nova transa\u00e7\u00e3o societ\u00e1ria em assembleia; saiba mais<\/a><\/li><li><a href=\"https:\/\/www.suno.com.br\/noticias\/natura-ntco3-1t23-resultado-amplia-prejuizo\/\">Natura (NTCO3) amplia preju\u00edzo para R$ 652 milh\u00f5es no 1T23<\/a><\/li>\t\t<\/ul>\n\t<\/div>\n\n\n\n\t<p>\n\t\t<a href=\"https:\/\/lp.suno.com.br\/ebook-como-analisar-uma-acao\/\" target=\"_blank\" data-element=\"shortcode-suno-banner\" title=\"Banner SUNO, clique e saiba mais\">\n\t\t\t<picture>\n\t\t\t\t<source media=\"(max-width: 500px)\" srcset=\"https:\/\/files.sunoresearch.com.br\/n\/uploads\/2023\/03\/Ebook-Acoes-Mobile.jpg\">\n\t\t\t\t<img class=\"newsContent__article__imgCapa newsContent__article__imgCapa--banner\"\n\t\t\t\t\tsrc=\"https:\/\/files.sunoresearch.com.br\/n\/uploads\/2023\/03\/Ebook-Acoes-Desktop.jpg\"\n\t\t\t\t\tdata-promo-id=\"378302\"\t\t\t\t\t\t\t\t\t\twidth='1420' height='286'\t\t\t\t\talt=\"https:\/\/files.sunoresearch.com.br\/n\/uploads\/2023\/03\/Ebook-Acoes-Desktop.jpg\"\n\t\t\t\t>\n\t\t\t<\/picture>\n\t\t<\/a>\n\t<\/p>\n\n\n\n\n\n<h2 class=\"wp-block-heading\">Conselho autoriza estudo para venda da unidade The Body Shop<\/h2>\n\n\n\n<p>O <a class=\"suno-keyword\" target=\"_blank\" data-force=\"no\" data-priority=\"1\" href=\"https:\/\/www.suno.com.br\/artigos\/conselho-administracao\/\" rel=\"noopener\">conselho de administra\u00e7\u00e3o<\/a> da&nbsp;<strong>Natura<\/strong>&nbsp;&amp; Co Holding autorizou a diretoria da companhia a estudar alternativas estrat\u00e9gicas para a The Body Shop, <strong>subsidi\u00e1ria da Natura<\/strong>, incluindo uma potencial venda deste neg\u00f3cio.<\/p>\n\n\n\n<p>Segundo o documento publicado na Comiss\u00e3o de Valores Mobili\u00e1rios (<strong>CVM<\/strong>), n\u00e3o h\u00e1 qualquer garantia de que a autoriza\u00e7\u00e3o concedida ir\u00e1 resultar em uma transa\u00e7\u00e3o.<\/p>\n\n\n\n<p>\u201cA Natura n\u00e3o pretende comentar ou fornecer atualiza\u00e7\u00f5es sobre esse assunto, a menos que ou at\u00e9 que determine que uma divulga\u00e7\u00e3o adicional \u00e9 apropriada ou necess\u00e1ria com base nos fatos e circunst\u00e2ncias\u201d, diz o <a class=\"suno-keyword\" target=\"_blank\" data-force=\"no\" data-priority=\"1\" href=\"https:\/\/www.suno.com.br\/artigos\/fato-relevante\/\" rel=\"noopener\">fato relevante<\/a>.<\/p>\n\n\n\n<p>Em rela\u00e7\u00e3o \u00e0 unidade&nbsp;<strong>The Body Shop<\/strong>, um dos desafios tem sido reequilibrar a distribui\u00e7\u00e3o para adotar o digital e atacado, simplificar o portf\u00f3lio e revitalizar a diferencia\u00e7\u00e3o da marca.<\/p>\n\n\n\n<p>\u201cO crescimento de <a class=\"suno-keyword\" target=\"_blank\" data-force=\"no\" data-priority=\"1\" href=\"https:\/\/www.suno.com.br\/artigos\/curto-prazo\/\" rel=\"noopener\">curto prazo<\/a> \u00e9 limitado pelo ambiente macroecon\u00f4mico e pelos n\u00edveis de estoque sub\u00f3timos. No entanto, o gerenciamento rigoroso de custos tem proporcionado margens mais altas (excluindo os custos de reestrutura\u00e7\u00e3o), uma tend\u00eancia que esperamos que continue\u201d, afirma o Ita\u00fa BBA em relat\u00f3rio.<\/p>\n\n\n\n<h2 class=\"wp-block-heading\">Ita\u00fa BBA recomenda compra e projeta upside de 35%<\/h2>\n\n\n\n<p>O Ita\u00fa BBA manteve&nbsp;<a href=\"https:\/\/www.suno.com.br\/noticias\/natura-ntco3-analistas-recomendam-acoes-veem-upside-veja-analise-va\/\" target=\"_blank\" rel=\"noreferrer noopener\">recomenda\u00e7\u00e3o de compra<\/a>&nbsp;para as&nbsp;<strong>a\u00e7\u00f5es da Natura<\/strong>&nbsp;(<strong>NTCO3<\/strong>), ap\u00f3s ver sinais de melhoria na rentabilidade. Para os analistas, a unidade de neg\u00f3cios da Natura na Am\u00e9rica Latina \u00e9 um dos principais impulsionadores da gera\u00e7\u00e3o de valor para o futuro da empresa.<\/p>\n\n\n\n<p>\u201cEmbora ainda n\u00e3o tenhamos clareza sobre quando a The Body Shop e a&nbsp;<strong>Avon International<\/strong>&nbsp;retomar\u00e3o o crescimento, elogiamos os esfor\u00e7os da empresa e vemos sinais iniciais de melhoria na rentabilidade\u201d, diz o BBA.<\/p>\n\n\n\n<p>Segundo analistas, a integra\u00e7\u00e3o com a Avon abrir\u00e1 caminho para um maior rentabilidade por causa da otimiza\u00e7\u00e3o do portf\u00f3lio dentro de Home &amp; Style e CFT (Com\u00e9rcio, Fragr\u00e2ncias e Higiene Pessoal), melhorando os retornos.<\/p>\n\n\n\n<p>O BBA, no entanto, destaca riscos associados com a integra\u00e7\u00e3o como desalavancagem operacional. \u201cComo a implementa\u00e7\u00e3o da Fase 2 est\u00e1 prevista para ser conclu\u00edda apenas at\u00e9 o final de 2024, e os custos associados est\u00e3o em jogo, esperamos que as margens de Ebitda (Lucros antes de juros, impostos, <a class=\"suno-keyword\" target=\"_blank\" data-force=\"no\" data-priority=\"1\" href=\"https:\/\/www.suno.com.br\/artigos\/depreciacao-amortizacao\/\" rel=\"noopener\">deprecia\u00e7\u00e3o e amortiza\u00e7\u00e3o<\/a>) se tornem muito mais saud\u00e1veis a partir desse momento, atingindo cerca de 17% at\u00e9 o final de 2027.\u201d<\/p>\n\n\n\n<p>Dessa forma, atualizando as estimativas do segundo trimestre de 2023 e a fase dois de integra\u00e7\u00e3o com a Avon, o banco recomenda compra das a\u00e7\u00f5es, com pre\u00e7o-alvo de R$ 21. O potencial de valoriza\u00e7\u00e3o \u00e9 de 35% no pre\u00e7o atual.<\/p>\n\n\n\n<p>Nesta quarta (30) as a\u00e7\u00f5es da <strong>Natura<\/strong> fecharam em queda de 1,54%, a R$ 15,38.<\/p>\n\n\n\n<div class=\"pluginQuotation\">\n  <p class=\"ticker\">\n    Cota\u00e7\u00e3o <span>NTCO3<\/span>\n  <\/p>\n  <div class=\"info\">\n    <div class=\"leftSide\">\n      Gr\u00e1fico gerado em: 30\/08\/2023    <\/div>\n\t\t\t\t\t<div class=\"rightSide\">\n\t\t\t\t\t<span class=\"period\">\n\t\t\t\t\t\t1 M\u00eas\t\t\t\t\t<\/span>\n\t\t\t<\/div>\n\t\t  <\/div>\n\n  <div id=\"chart-0c9de0400804bc51b5a1f1243b66380e\" data-block-hash=\"0c9de0400804bc51b5a1f1243b66380e\"  class=\"chart\" style=\"width:100%;height:400px;\"><\/div>\n\n  <div class=\"pluginQuotation__footer\">\n    <div class=\"dataChart\">\n\n      <div class=\"dataChart__div1 variation\">\n        <div class=\"value-negative\">\n          -16,09 (-2,94%)        <\/div>\n        <div class=\"text\">\n          Varia\u00e7\u00e3o do per\u00edodo\n        <\/div>\n      <\/div>\n\n      <div class=\"dataChart__div2 minMax\">\n        <div class=\"value\">\n          R$\u00a015,28        <\/div>\n        <div class=\"text\">\n          M\u00ednima\n        <\/div>\n      <\/div>\n\n      <div class=\"dataChart__div3 minMax\">\n        <div class=\"value\">\n          R$\u00a018,34        <\/div>\n        <div class=\"text\">\n          M\u00e1xima\n        <\/div>\n      <\/div>\n\n\t\t\t<div class=\"dataChart__div4 rightSide\">\n\t\t\t\t<div class=\"analiticaSource\">\n\t\t\t\t\t<span>\n\t\t\t\t\t\tFonte:\n\t\t\t\t\t<\/span>\n\t\t\t\t\t<img decoding=\"async\" class=\"analiticaLogo\" src=\"https:\/\/www.suno.com.br\/noticias\/wp-content\/plugins\/suno-block-ticker-quotation\/src\/suno-analitica-logo.png\" alt=\"Logo Suno Anal\u00edtica\" \/>\n\t\t\t\t<\/div>\n\n\t\t\t\t<a href=\"https:\/\/www.suno.com.br\/analitica\/acoes\/NTCO3\" target=\"_blank\">\n\t\t\t\t\t<span>\n\t\t\t\t\t\tVer mais cota\u00e7\u00f5es\n\t\t\t\t\t<\/span>\n\t\t\t\t\t<svg xmlns=\"http:\/\/www.w3.org\/2000\/svg\" width=\"9\" height=\"8\" viewBox=\"0 0 9 8\" fill=\"none\">\n\t\t\t\t\t\t<path d=\"M4.20996 0L3.50496 0.705L6.29496 3.5H0.209961V4.5H6.29496L3.50496 7.295L4.20996 8L8.20996 4L4.20996 0Z\" fill=\"#D42126\" \/>\n\t\t\t\t\t<\/svg>\n\t\t\t\t<\/a>\n    <\/div>\n\n    <\/div>\n  <\/div>\n<\/div>\n\n\n<script type=\"text\/javascript\">\n  let chart_0c9de0400804bc51b5a1f1243b66380e = document.getElementById('chart-0c9de0400804bc51b5a1f1243b66380e');\n  let data_json_0c9de0400804bc51b5a1f1243b66380e = \"[{\\\"date\\\":\\\"31\\\\\\\/07\\\\\\\/23 \\\",\\\"value\\\":18.27},{\\\"date\\\":\\\"01\\\\\\\/08\\\\\\\/23 \\\",\\\"value\\\":18.34},{\\\"date\\\":\\\"02\\\\\\\/08\\\\\\\/23 \\\",\\\"value\\\":18.09},{\\\"date\\\":\\\"03\\\\\\\/08\\\\\\\/23 \\\",\\\"value\\\":17.8},{\\\"date\\\":\\\"04\\\\\\\/08\\\\\\\/23 \\\",\\\"value\\\":17.73},{\\\"date\\\":\\\"07\\\\\\\/08\\\\\\\/23 \\\",\\\"value\\\":17.52},{\\\"date\\\":\\\"08\\\\\\\/08\\\\\\\/23 \\\",\\\"value\\\":17.36},{\\\"date\\\":\\\"09\\\\\\\/08\\\\\\\/23 \\\",\\\"value\\\":17.22},{\\\"date\\\":\\\"10\\\\\\\/08\\\\\\\/23 \\\",\\\"value\\\":17.56},{\\\"date\\\":\\\"11\\\\\\\/08\\\\\\\/23 \\\",\\\"value\\\":17.69},{\\\"date\\\":\\\"14\\\\\\\/08\\\\\\\/23 \\\",\\\"value\\\":17.15},{\\\"date\\\":\\\"15\\\\\\\/08\\\\\\\/23 \\\",\\\"value\\\":18.09},{\\\"date\\\":\\\"16\\\\\\\/08\\\\\\\/23 \\\",\\\"value\\\":16.48},{\\\"date\\\":\\\"17\\\\\\\/08\\\\\\\/23 \\\",\\\"value\\\":16.1},{\\\"date\\\":\\\"18\\\\\\\/08\\\\\\\/23 \\\",\\\"value\\\":16.24},{\\\"date\\\":\\\"21\\\\\\\/08\\\\\\\/23 \\\",\\\"value\\\":15.87},{\\\"date\\\":\\\"22\\\\\\\/08\\\\\\\/23 \\\",\\\"value\\\":16},{\\\"date\\\":\\\"23\\\\\\\/08\\\\\\\/23 \\\",\\\"value\\\":15.82},{\\\"date\\\":\\\"24\\\\\\\/08\\\\\\\/23 \\\",\\\"value\\\":15.54},{\\\"date\\\":\\\"25\\\\\\\/08\\\\\\\/23 \\\",\\\"value\\\":15.28},{\\\"date\\\":\\\"28\\\\\\\/08\\\\\\\/23 \\\",\\\"value\\\":15.62},{\\\"date\\\":\\\"29\\\\\\\/08\\\\\\\/23 \\\",\\\"value\\\":15.62},{\\\"date\\\":\\\"30\\\\\\\/08\\\\\\\/23 \\\",\\\"value\\\":15.33}]\";\n  let isPositive_0c9de0400804bc51b5a1f1243b66380e = \"\";\n\n  let color_0c9de0400804bc51b5a1f1243b66380e = isPositive_0c9de0400804bc51b5a1f1243b66380e ? '#3AB53A' : '#D92C2D';\n\n  let data_0c9de0400804bc51b5a1f1243b66380e = JSON.parse(data_json_0c9de0400804bc51b5a1f1243b66380e);\n\n  const result_0c9de0400804bc51b5a1f1243b66380e = {\n    date: [],\n    value: [],\n  };\n\n  data_0c9de0400804bc51b5a1f1243b66380e.forEach((item) => {\n    result_0c9de0400804bc51b5a1f1243b66380e.date.push(item.date);\n    result_0c9de0400804bc51b5a1f1243b66380e.value.push(Number(item.value));\n  });\n\n  let option_0c9de0400804bc51b5a1f1243b66380e = {\n    \/\/ variavel de cor global\n    color: [color_0c9de0400804bc51b5a1f1243b66380e],\n    title: {\n      text: '',\n    },\n    tooltip: {\n      trigger: 'axis',\n      axisPointer: {\n        type: 'cross',\n        label: {\n          \/\/ cor dos valores em X e Y\n          backgroundColor: color_0c9de0400804bc51b5a1f1243b66380e,\n          formatter: (value) => {\n            if (typeof value.value === 'number') {\n              return Number(value.value).toLocaleString('pt-br', {\n                style: 'currency',\n                currency: 'BRL'\n              });\n            }\n            return value.value;\n          },\n        },\n      },\n      valueFormatter: (value) => Number(value).toLocaleString('pt-br', {\n        style: 'currency',\n        currency: 'BRL'\n      }),\n    },\n    legend: {\n      \/\/ data: ['Valor de Fechamento'],\n      show: false,\n    },\n    toolbox: {\n      feature: {\n        saveAsImage: {\n          show: false,\n        },\n      },\n    },\n    grid: {\n      left: '0px',\n      right: '0px',\n      bottom: '0px',\n      containLabel: true,\n    },\n    xAxis: [{\n      type: 'category',\n      data: result_0c9de0400804bc51b5a1f1243b66380e.date,\n      boundaryGap: true,\n    }],\n    yAxis: [{\n      type: 'value',\n      min: Math.min(...result_0c9de0400804bc51b5a1f1243b66380e.value),\n      max: Math.max(...result_0c9de0400804bc51b5a1f1243b66380e.value),\n      axisLabel: {\n        formatter: (value) => value.toLocaleString('pt-br', {\n          style: 'currency',\n          currency: 'BRL'\n        }),\n      },\n    }],\n    series: [{\n      name: 'Valor de Fechamento',\n      type: 'line',\n      stack: 'Total',\n      \/\/ cor do grafico\n      areaStyle: {},\n      emphasis: {\n        focus: 'series',\n      },\n      data: result_0c9de0400804bc51b5a1f1243b66380e.value,\n      \/\/ cor da linha\n      lineStyle: {\n        color: color_0c9de0400804bc51b5a1f1243b66380e,\n      },\n    }, ],\n  };\n\n\twindow.chart_0c9de0400804bc51b5a1f1243b66380e = {\n\t\tel: chart_0c9de0400804bc51b5a1f1243b66380e,\n\t\toption: option_0c9de0400804bc51b5a1f1243b66380e\t};\n\n\n<\/script>\n\n\n\t<p>\n\t\t<a href=\"https:\/\/lp.suno.com.br\/planilha-da-vida-financeira\/\" target=\"_blank\" data-element=\"shortcode-suno-banner\" title=\"Banner SUNO, clique e saiba mais\">\n\t\t\t<picture>\n\t\t\t\t<source media=\"(max-width: 500px)\" srcset=\"https:\/\/files.sunoresearch.com.br\/n\/uploads\/2023\/04\/400x300-Planilha-vida-financeira-true.png\">\n\t\t\t\t<img class=\"newsContent__article__imgCapa newsContent__article__imgCapa--banner\"\n\t\t\t\t\tsrc=\"https:\/\/files.sunoresearch.com.br\/n\/uploads\/2023\/04\/1420x240-Planilha-vida-financeira-true.png\"\n\t\t\t\t\tdata-promo-id=\"383123\"\t\t\t\t\t\t\t\t\t\twidth='1420' height='240'\t\t\t\t\talt=\"https:\/\/files.sunoresearch.com.br\/n\/uploads\/2023\/04\/1420x240-Planilha-vida-financeira-true.png\"\n\t\t\t\t>\n\t\t\t<\/picture>\n\t\t<\/a>\n\t<\/p>\n\n\n","protected":false},"excerpt":{"rendered":"<p>A Natura (NTCO3) anunciou nesta quarta (30) ao mercado a conclus\u00e3o de venda da Aesop para a L\u2019Or\u00e9al. Natura (NTCO3). Foto: Divulga\u00e7\u00e3o A&nbsp;venda da Aesop&nbsp;consistiu em uma transa\u00e7\u00e3o de US$ 2,58 bilh\u00f5es (R$ 12,5 bi) anunciada ainda em meados de abril. A aprova\u00e7\u00e3o do&nbsp;Conselho Administrativo de Defesa Econ\u00f4mica (Cade)&nbsp;veio em maio. A L\u2019Or\u00e9al Austr\u00e1lia, integralmente [&hellip;]<\/p>\n","protected":false},"author":98,"featured_media":130410,"comment_status":"closed","ping_status":"closed","sticky":false,"template":"","format":"standard","meta":[],"categories":[64],"tags":[286,574],"suno_strategy":[],"class_list":["post-449479","post","type-post","status-publish","format-standard","has-post-thumbnail","hentry","category-negocios","tag-acoes","tag-natura-ntco3"],"yoast_head":"<!-- This site is optimized with the Yoast SEO plugin v24.4 - https:\/\/yoast.com\/wordpress\/plugins\/seo\/ -->\n<title>Natura (NTCO3) conclui venda da Aesop para L&#039;oreal por US$ 2,58 bi<\/title>\n<meta name=\"description\" content=\"A Natura (NTCO3) anunciou nesta quarta (30) ao mercado a conclus\u00e3o de venda da Aesop para a L\u2019Or\u00e9al por US$ 2,58 bilh\u00f5es\" \/>\n<meta name=\"robots\" content=\"index, follow, max-snippet:-1, max-image-preview:large, max-video-preview:-1\" \/>\n<link rel=\"canonical\" href=\"https:\/\/www.suno.com.br\/noticias\/natura-ntco3-venda-aeosp-loreal-mal\/\" \/>\n<meta property=\"og:locale\" content=\"pt_BR\" \/>\n<meta property=\"og:type\" content=\"article\" \/>\n<meta property=\"og:title\" content=\"Natura (NTCO3) conclui venda da Aesop para L&#039;oreal por US$ 2,58 bi\" \/>\n<meta property=\"og:description\" content=\"A Natura (NTCO3) anunciou nesta quarta (30) ao mercado a conclus\u00e3o de venda da Aesop para a L\u2019Or\u00e9al por US$ 2,58 bilh\u00f5es\" \/>\n<meta property=\"og:url\" content=\"https:\/\/www.suno.com.br\/noticias\/natura-ntco3-venda-aeosp-loreal-mal\/\" \/>\n<meta property=\"og:site_name\" content=\"Suno Not\u00edcias\" \/>\n<meta property=\"article:publisher\" content=\"https:\/\/facebook.com\/sunoresearch\" \/>\n<meta property=\"og:image\" content=\"https:\/\/files.sunoresearch.com.br\/n\/uploads\/2021\/03\/fb35d009-natura.jpg\" \/>\n\t<meta property=\"og:image:width\" content=\"1200\" \/>\n\t<meta property=\"og:image:height\" content=\"800\" \/>\n\t<meta property=\"og:image:type\" content=\"image\/jpeg\" \/>\n<meta name=\"author\" content=\"Marco Ant\u00f4nio Lopes\" \/>\n<meta name=\"twitter:card\" content=\"summary_large_image\" \/>\n<meta name=\"twitter:creator\" content=\"@sunoresearch\" \/>\n<meta name=\"twitter:site\" content=\"@sunoresearch\" \/>\n<meta name=\"twitter:label1\" content=\"Escrito por\" \/>\n\t<meta name=\"twitter:data1\" content=\"Marco Ant\u00f4nio Lopes\" \/>\n\t<meta name=\"twitter:label2\" content=\"Est. tempo de leitura\" \/>\n\t<meta name=\"twitter:data2\" content=\"4 minutos\" \/>\n<script type=\"application\/ld+json\" class=\"yoast-schema-graph\">{\"@context\":\"https:\/\/schema.org\",\"@graph\":[{\"@type\":\"NewsArticle\",\"@id\":\"https:\/\/www.suno.com.br\/noticias\/natura-ntco3-venda-aeosp-loreal-mal\/#article\",\"isPartOf\":{\"@id\":\"https:\/\/www.suno.com.br\/noticias\/natura-ntco3-venda-aeosp-loreal-mal\/\"},\"author\":{\"name\":\"Marco Ant\u00f4nio Lopes\",\"@id\":\"https:\/\/www.suno.com.br\/noticias\/#\/schema\/person\/829bbe8d57f84333b966b96229c6bf5f\"},\"headline\":\"Natura (NTCO3) conclui venda da Aesop para L&#8217;oreal por US$ 2,58 bilh\u00f5es\",\"datePublished\":\"2023-08-30T22:26:54+00:00\",\"dateModified\":\"2023-08-30T22:26:58+00:00\",\"mainEntityOfPage\":{\"@id\":\"https:\/\/www.suno.com.br\/noticias\/natura-ntco3-venda-aeosp-loreal-mal\/\"},\"wordCount\":801,\"publisher\":{\"@id\":\"https:\/\/www.suno.com.br\/noticias\/#organization\"},\"image\":{\"@id\":\"https:\/\/www.suno.com.br\/noticias\/natura-ntco3-venda-aeosp-loreal-mal\/#primaryimage\"},\"thumbnailUrl\":\"https:\/\/files.sunoresearch.com.br\/n\/uploads\/2021\/03\/fb35d009-natura-jpg.webp\",\"keywords\":[\"A\u00e7\u00f5es\",\"Natura (NTCO3)\"],\"articleSection\":[\"Neg\u00f3cios\"],\"inLanguage\":\"pt-BR\"},{\"@type\":\"WebPage\",\"@id\":\"https:\/\/www.suno.com.br\/noticias\/natura-ntco3-venda-aeosp-loreal-mal\/\",\"url\":\"https:\/\/www.suno.com.br\/noticias\/natura-ntco3-venda-aeosp-loreal-mal\/\",\"name\":\"Natura (NTCO3) conclui venda da Aesop para L'oreal por US$ 2,58 bi\",\"isPartOf\":{\"@id\":\"https:\/\/www.suno.com.br\/noticias\/#website\"},\"primaryImageOfPage\":{\"@id\":\"https:\/\/www.suno.com.br\/noticias\/natura-ntco3-venda-aeosp-loreal-mal\/#primaryimage\"},\"image\":{\"@id\":\"https:\/\/www.suno.com.br\/noticias\/natura-ntco3-venda-aeosp-loreal-mal\/#primaryimage\"},\"thumbnailUrl\":\"https:\/\/files.sunoresearch.com.br\/n\/uploads\/2021\/03\/fb35d009-natura-jpg.webp\",\"datePublished\":\"2023-08-30T22:26:54+00:00\",\"dateModified\":\"2023-08-30T22:26:58+00:00\",\"description\":\"A Natura (NTCO3) anunciou nesta quarta (30) ao mercado a conclus\u00e3o de venda da Aesop para a L\u2019Or\u00e9al por US$ 2,58 bilh\u00f5es\",\"breadcrumb\":{\"@id\":\"https:\/\/www.suno.com.br\/noticias\/natura-ntco3-venda-aeosp-loreal-mal\/#breadcrumb\"},\"inLanguage\":\"pt-BR\",\"potentialAction\":[{\"@type\":\"ReadAction\",\"target\":[\"https:\/\/www.suno.com.br\/noticias\/natura-ntco3-venda-aeosp-loreal-mal\/\"]}]},{\"@type\":\"ImageObject\",\"inLanguage\":\"pt-BR\",\"@id\":\"https:\/\/www.suno.com.br\/noticias\/natura-ntco3-venda-aeosp-loreal-mal\/#primaryimage\",\"url\":\"https:\/\/files.sunoresearch.com.br\/n\/uploads\/2021\/03\/fb35d009-natura-jpg.webp\",\"contentUrl\":\"https:\/\/files.sunoresearch.com.br\/n\/uploads\/2021\/03\/fb35d009-natura-jpg.webp\",\"width\":1200,\"height\":800,\"caption\":\"Natura (NTCO3). Foto: Divulga\u00e7\u00e3o\"},{\"@type\":\"BreadcrumbList\",\"@id\":\"https:\/\/www.suno.com.br\/noticias\/natura-ntco3-venda-aeosp-loreal-mal\/#breadcrumb\",\"itemListElement\":[{\"@type\":\"ListItem\",\"position\":1,\"name\":\"Not\u00edcias\",\"item\":\"https:\/\/www.suno.com.br\/noticias\/\"},{\"@type\":\"ListItem\",\"position\":2,\"name\":\"Neg\u00f3cios\",\"item\":\"https:\/\/www.suno.com.br\/noticias\/negocios\/\"},{\"@type\":\"ListItem\",\"position\":3,\"name\":\"Natura (NTCO3) conclui venda da Aesop para L&#8217;oreal por US$ 2,58 bilh\u00f5es\"}]},{\"@type\":\"WebSite\",\"@id\":\"https:\/\/www.suno.com.br\/noticias\/#website\",\"url\":\"https:\/\/www.suno.com.br\/noticias\/\",\"name\":\"Suno Not\u00edcias\",\"description\":\"Seu portal de informa\u00e7\u00e3o sobre o mundo dos investimentos\",\"publisher\":{\"@id\":\"https:\/\/www.suno.com.br\/noticias\/#organization\"},\"potentialAction\":[{\"@type\":\"SearchAction\",\"target\":{\"@type\":\"EntryPoint\",\"urlTemplate\":\"https:\/\/www.suno.com.br\/noticias\/?s={search_term_string}\"},\"query-input\":{\"@type\":\"PropertyValueSpecification\",\"valueRequired\":true,\"valueName\":\"search_term_string\"}}],\"inLanguage\":\"pt-BR\"},{\"@type\":\"Organization\",\"@id\":\"https:\/\/www.suno.com.br\/noticias\/#organization\",\"name\":\"Suno Not\u00edcias\",\"url\":\"https:\/\/www.suno.com.br\/noticias\/\",\"logo\":{\"@type\":\"ImageObject\",\"inLanguage\":\"pt-BR\",\"@id\":\"https:\/\/www.suno.com.br\/noticias\/#\/schema\/logo\/image\/\",\"url\":\"https:\/\/files.sunoresearch.com.br\/n\/uploads\/2021\/09\/suno-logo.png\",\"contentUrl\":\"https:\/\/files.sunoresearch.com.br\/n\/uploads\/2021\/09\/suno-logo.png\",\"width\":180,\"height\":180,\"caption\":\"Suno Not\u00edcias\"},\"image\":{\"@id\":\"https:\/\/www.suno.com.br\/noticias\/#\/schema\/logo\/image\/\"},\"sameAs\":[\"https:\/\/facebook.com\/sunoresearch\",\"https:\/\/x.com\/sunoresearch\",\"https:\/\/www.instagram.com\/suno\",\"https:\/\/www.linkedin.com\/company\/suno-research\/\",\"https:\/\/www.youtube.com\/c\/sunoresearch\"]},{\"@type\":\"Person\",\"@id\":\"https:\/\/www.suno.com.br\/noticias\/#\/schema\/person\/829bbe8d57f84333b966b96229c6bf5f\",\"name\":\"Marco Ant\u00f4nio Lopes\",\"image\":{\"@type\":\"ImageObject\",\"inLanguage\":\"pt-BR\",\"@id\":\"https:\/\/www.suno.com.br\/noticias\/#\/schema\/person\/image\/\",\"url\":\"https:\/\/secure.gravatar.com\/avatar\/385167b012fbc1cde32c5446ee253313?s=96&r=g\",\"contentUrl\":\"https:\/\/secure.gravatar.com\/avatar\/385167b012fbc1cde32c5446ee253313?s=96&r=g\",\"caption\":\"Marco Ant\u00f4nio Lopes\"},\"description\":\"Jornalista, \u00e9 editor no Suno Not\u00edcias. Trabalhou nas revistas Playboy, Super, Veja Comer &amp; Beber, Homem Vogue e Universo Masculino, al\u00e9m dos portais Abril.com, R7, nas editorias de Home, Esportes, Hora 7, Entretenimento e Geral, e Eu Quero Investir. Autor do livro Bruce Lee: Definitivo (Editora Conrad). Colaborou nas revistas Nova, Veja SP, Grandes Guerras, Placar, Bizz, Casa Claudia e Quatro Rodas.\",\"url\":\"https:\/\/www.suno.com.br\/noticias\/author\/marco-lopes\/\"}]}<\/script>\n<!-- \/ Yoast SEO plugin. -->","yoast_head_json":{"title":"Natura (NTCO3) conclui venda da Aesop para L'oreal por US$ 2,58 bi","description":"A Natura (NTCO3) anunciou nesta quarta (30) ao mercado a conclus\u00e3o de venda da Aesop para a L\u2019Or\u00e9al por US$ 2,58 bilh\u00f5es","robots":{"index":"index","follow":"follow","max-snippet":"max-snippet:-1","max-image-preview":"max-image-preview:large","max-video-preview":"max-video-preview:-1"},"canonical":"https:\/\/www.suno.com.br\/noticias\/natura-ntco3-venda-aeosp-loreal-mal\/","og_locale":"pt_BR","og_type":"article","og_title":"Natura (NTCO3) conclui venda da Aesop para L'oreal por US$ 2,58 bi","og_description":"A Natura (NTCO3) anunciou nesta quarta (30) ao mercado a conclus\u00e3o de venda da Aesop para a L\u2019Or\u00e9al por US$ 2,58 bilh\u00f5es","og_url":"https:\/\/www.suno.com.br\/noticias\/natura-ntco3-venda-aeosp-loreal-mal\/","og_site_name":"Suno Not\u00edcias","article_publisher":"https:\/\/facebook.com\/sunoresearch","og_image":[{"width":1200,"height":800,"url":"https:\/\/files.sunoresearch.com.br\/n\/uploads\/2021\/03\/fb35d009-natura.jpg","type":"image\/jpeg"}],"author":"Marco Ant\u00f4nio Lopes","twitter_card":"summary_large_image","twitter_creator":"@sunoresearch","twitter_site":"@sunoresearch","twitter_misc":{"Escrito por":"Marco Ant\u00f4nio Lopes","Est. tempo de leitura":"4 minutos"},"schema":{"@context":"https:\/\/schema.org","@graph":[{"@type":"NewsArticle","@id":"https:\/\/www.suno.com.br\/noticias\/natura-ntco3-venda-aeosp-loreal-mal\/#article","isPartOf":{"@id":"https:\/\/www.suno.com.br\/noticias\/natura-ntco3-venda-aeosp-loreal-mal\/"},"author":{"name":"Marco Ant\u00f4nio Lopes","@id":"https:\/\/www.suno.com.br\/noticias\/#\/schema\/person\/829bbe8d57f84333b966b96229c6bf5f"},"headline":"Natura (NTCO3) conclui venda da Aesop para L&#8217;oreal por US$ 2,58 bilh\u00f5es","datePublished":"2023-08-30T22:26:54+00:00","dateModified":"2023-08-30T22:26:58+00:00","mainEntityOfPage":{"@id":"https:\/\/www.suno.com.br\/noticias\/natura-ntco3-venda-aeosp-loreal-mal\/"},"wordCount":801,"publisher":{"@id":"https:\/\/www.suno.com.br\/noticias\/#organization"},"image":{"@id":"https:\/\/www.suno.com.br\/noticias\/natura-ntco3-venda-aeosp-loreal-mal\/#primaryimage"},"thumbnailUrl":"https:\/\/files.sunoresearch.com.br\/n\/uploads\/2021\/03\/fb35d009-natura-jpg.webp","keywords":["A\u00e7\u00f5es","Natura (NTCO3)"],"articleSection":["Neg\u00f3cios"],"inLanguage":"pt-BR"},{"@type":"WebPage","@id":"https:\/\/www.suno.com.br\/noticias\/natura-ntco3-venda-aeosp-loreal-mal\/","url":"https:\/\/www.suno.com.br\/noticias\/natura-ntco3-venda-aeosp-loreal-mal\/","name":"Natura (NTCO3) conclui venda da Aesop para L'oreal por US$ 2,58 bi","isPartOf":{"@id":"https:\/\/www.suno.com.br\/noticias\/#website"},"primaryImageOfPage":{"@id":"https:\/\/www.suno.com.br\/noticias\/natura-ntco3-venda-aeosp-loreal-mal\/#primaryimage"},"image":{"@id":"https:\/\/www.suno.com.br\/noticias\/natura-ntco3-venda-aeosp-loreal-mal\/#primaryimage"},"thumbnailUrl":"https:\/\/files.sunoresearch.com.br\/n\/uploads\/2021\/03\/fb35d009-natura-jpg.webp","datePublished":"2023-08-30T22:26:54+00:00","dateModified":"2023-08-30T22:26:58+00:00","description":"A Natura (NTCO3) anunciou nesta quarta (30) ao mercado a conclus\u00e3o de venda da Aesop para a L\u2019Or\u00e9al por US$ 2,58 bilh\u00f5es","breadcrumb":{"@id":"https:\/\/www.suno.com.br\/noticias\/natura-ntco3-venda-aeosp-loreal-mal\/#breadcrumb"},"inLanguage":"pt-BR","potentialAction":[{"@type":"ReadAction","target":["https:\/\/www.suno.com.br\/noticias\/natura-ntco3-venda-aeosp-loreal-mal\/"]}]},{"@type":"ImageObject","inLanguage":"pt-BR","@id":"https:\/\/www.suno.com.br\/noticias\/natura-ntco3-venda-aeosp-loreal-mal\/#primaryimage","url":"https:\/\/files.sunoresearch.com.br\/n\/uploads\/2021\/03\/fb35d009-natura-jpg.webp","contentUrl":"https:\/\/files.sunoresearch.com.br\/n\/uploads\/2021\/03\/fb35d009-natura-jpg.webp","width":1200,"height":800,"caption":"Natura (NTCO3). Foto: Divulga\u00e7\u00e3o"},{"@type":"BreadcrumbList","@id":"https:\/\/www.suno.com.br\/noticias\/natura-ntco3-venda-aeosp-loreal-mal\/#breadcrumb","itemListElement":[{"@type":"ListItem","position":1,"name":"Not\u00edcias","item":"https:\/\/www.suno.com.br\/noticias\/"},{"@type":"ListItem","position":2,"name":"Neg\u00f3cios","item":"https:\/\/www.suno.com.br\/noticias\/negocios\/"},{"@type":"ListItem","position":3,"name":"Natura (NTCO3) conclui venda da Aesop para L&#8217;oreal por US$ 2,58 bilh\u00f5es"}]},{"@type":"WebSite","@id":"https:\/\/www.suno.com.br\/noticias\/#website","url":"https:\/\/www.suno.com.br\/noticias\/","name":"Suno Not\u00edcias","description":"Seu portal de informa\u00e7\u00e3o sobre o mundo dos investimentos","publisher":{"@id":"https:\/\/www.suno.com.br\/noticias\/#organization"},"potentialAction":[{"@type":"SearchAction","target":{"@type":"EntryPoint","urlTemplate":"https:\/\/www.suno.com.br\/noticias\/?s={search_term_string}"},"query-input":{"@type":"PropertyValueSpecification","valueRequired":true,"valueName":"search_term_string"}}],"inLanguage":"pt-BR"},{"@type":"Organization","@id":"https:\/\/www.suno.com.br\/noticias\/#organization","name":"Suno Not\u00edcias","url":"https:\/\/www.suno.com.br\/noticias\/","logo":{"@type":"ImageObject","inLanguage":"pt-BR","@id":"https:\/\/www.suno.com.br\/noticias\/#\/schema\/logo\/image\/","url":"https:\/\/files.sunoresearch.com.br\/n\/uploads\/2021\/09\/suno-logo.png","contentUrl":"https:\/\/files.sunoresearch.com.br\/n\/uploads\/2021\/09\/suno-logo.png","width":180,"height":180,"caption":"Suno Not\u00edcias"},"image":{"@id":"https:\/\/www.suno.com.br\/noticias\/#\/schema\/logo\/image\/"},"sameAs":["https:\/\/facebook.com\/sunoresearch","https:\/\/x.com\/sunoresearch","https:\/\/www.instagram.com\/suno","https:\/\/www.linkedin.com\/company\/suno-research\/","https:\/\/www.youtube.com\/c\/sunoresearch"]},{"@type":"Person","@id":"https:\/\/www.suno.com.br\/noticias\/#\/schema\/person\/829bbe8d57f84333b966b96229c6bf5f","name":"Marco Ant\u00f4nio Lopes","image":{"@type":"ImageObject","inLanguage":"pt-BR","@id":"https:\/\/www.suno.com.br\/noticias\/#\/schema\/person\/image\/","url":"https:\/\/secure.gravatar.com\/avatar\/385167b012fbc1cde32c5446ee253313?s=96&r=g","contentUrl":"https:\/\/secure.gravatar.com\/avatar\/385167b012fbc1cde32c5446ee253313?s=96&r=g","caption":"Marco Ant\u00f4nio Lopes"},"description":"Jornalista, \u00e9 editor no Suno Not\u00edcias. Trabalhou nas revistas Playboy, Super, Veja Comer &amp; Beber, Homem Vogue e Universo Masculino, al\u00e9m dos portais Abril.com, R7, nas editorias de Home, Esportes, Hora 7, Entretenimento e Geral, e Eu Quero Investir. Autor do livro Bruce Lee: Definitivo (Editora Conrad). Colaborou nas revistas Nova, Veja SP, Grandes Guerras, Placar, Bizz, Casa Claudia e Quatro Rodas.","url":"https:\/\/www.suno.com.br\/noticias\/author\/marco-lopes\/"}]}},"default_loop_html":"<div class=\"cardsPage__listCard__boxs\"><div class=\"cardsPage__listCard__boxs__img\"><a href=\"https:\/\/www.suno.com.br\/noticias\/natura-ntco3-venda-aeosp-loreal-mal\/\"><img class=\"mask\" src=\"https:\/\/www.suno.com.br\/noticias\/wp-content\/themes\/suno\/resources\/images\/spotlight\/spotlight1img\/bg-mask.png\" alt=\"Image Mask\"\/><img src=\"https:\/\/files.sunoresearch.com.br\/n\/uploads\/2021\/03\/fb35d009-natura-400x200.webp\" alt=\"Natura (NTCO3) conclui venda da Aesop para L&#8217;oreal por US$ 2,58 bilh\u00f5es\"\/><\/a><span class=\"spotlightCategory\"><a href=\"https:\/\/www.suno.com.br\/noticias\/negocios\/\">Neg\u00f3cios<\/a><\/span><\/div><div class=\"cardsPage__listCard__boxs__content\"><a href=\"https:\/\/www.suno.com.br\/noticias\/natura-ntco3-venda-aeosp-loreal-mal\/\"><h2 class=\"content__title\">Natura (NTCO3) conclui venda da Aesop para L&#8217;oreal por US$ 2,58 bilh\u00f5es<\/h2><\/a><div class=\"newsContent__article__meta\"><div class=\"newsContent__article__meta__authorBox\"><a href=\"https:\/\/www.suno.com.br\/noticias\/author\/eduardo-vargas\/\" class=\"authorBox__avatar noMobi\"><img src=\"https:\/\/secure.gravatar.com\/avatar\/dac340933427a22924c9f99d1eb2e3f2?s=96&#038;r=g\" alt=\"Eduardo Vargas\"><\/a><div class=\"authorBox__name\"><span>por\n\t\t\t<a href=\"https:\/\/www.suno.com.br\/noticias\/author\/eduardo-vargas\/\"><span itemprop=\"author\">Eduardo Vargas<\/span><\/a><\/span><time datetime=\"2023-08-30T19:26:54-03:00\" itemprop=\"datePublished\">30\/08\/2023 19:26<\/time><\/div><\/div><\/div><\/div><\/div>","single_layout":"posts","amp_enabled":true,"_links":{"self":[{"href":"https:\/\/www.suno.com.br\/noticias\/wp-json\/wp\/v2\/posts\/449479"}],"collection":[{"href":"https:\/\/www.suno.com.br\/noticias\/wp-json\/wp\/v2\/posts"}],"about":[{"href":"https:\/\/www.suno.com.br\/noticias\/wp-json\/wp\/v2\/types\/post"}],"author":[{"embeddable":true,"href":"https:\/\/www.suno.com.br\/noticias\/wp-json\/wp\/v2\/users\/98"}],"replies":[{"embeddable":true,"href":"https:\/\/www.suno.com.br\/noticias\/wp-json\/wp\/v2\/comments?post=449479"}],"version-history":[{"count":2,"href":"https:\/\/www.suno.com.br\/noticias\/wp-json\/wp\/v2\/posts\/449479\/revisions"}],"predecessor-version":[{"id":449485,"href":"https:\/\/www.suno.com.br\/noticias\/wp-json\/wp\/v2\/posts\/449479\/revisions\/449485"}],"wp:featuredmedia":[{"embeddable":true,"href":"https:\/\/www.suno.com.br\/noticias\/wp-json\/wp\/v2\/media\/130410"}],"wp:attachment":[{"href":"https:\/\/www.suno.com.br\/noticias\/wp-json\/wp\/v2\/media?parent=449479"}],"wp:term":[{"taxonomy":"category","embeddable":true,"href":"https:\/\/www.suno.com.br\/noticias\/wp-json\/wp\/v2\/categories?post=449479"},{"taxonomy":"post_tag","embeddable":true,"href":"https:\/\/www.suno.com.br\/noticias\/wp-json\/wp\/v2\/tags?post=449479"},{"taxonomy":"suno_strategy","embeddable":true,"href":"https:\/\/www.suno.com.br\/noticias\/wp-json\/wp\/v2\/suno_strategy?post=449479"}],"curies":[{"name":"wp","href":"https:\/\/api.w.org\/{rel}","templated":true}]}}