{"id":44928,"date":"2019-11-18T10:55:46","date_gmt":"2019-11-18T12:55:46","guid":{"rendered":"https:\/\/www.suno.com.br\/noticias\/?p=44928"},"modified":"2019-11-19T12:43:15","modified_gmt":"2019-11-19T14:43:15","slug":"joint-venture-embraer-boeing-e-nomeada","status":"publish","type":"post","link":"https:\/\/www.suno.com.br\/noticias\/joint-venture-embraer-boeing-e-nomeada\/","title":{"rendered":"Joint venture entre Embraer e Boeing para nova aeronave \u00e9 nomeada"},"content":{"rendered":"<p>A Embraer (<strong>EMBR3<\/strong>) revelou, nesta segunda-feira (18), que sua <strong><a href=\"https:\/\/www.suno.com.br\/artigos\/joint-venture\/\">joint venture<\/a><\/strong> com a Boeing, criada para estimular novos mercados para a aeronave multimiss\u00e3o C-390 MIllennium, foi nomedada de Boeing Embraer &#8211; Defense.<\/p>\t<div class=\"wrapper-featured-image\">\n\t\t<figure class=\"spotlightImg\">\n\n\t\t\t<picture>\n\t\t\t\t<source media=\"(max-width: 768px)\" srcset=\"https:\/\/files.sunoresearch.com.br\/n\/uploads\/2019\/11\/84314229-embraer-400x200.webp\">\n\t\t\t\t<img loading=\"lazy\" decoding=\"async\" class=\"newsContent__article__imgCapa lazyloadDisabled newsContent__article__imgCapa--noCaption\" src=\"https:\/\/files.sunoresearch.com.br\/n\/uploads\/2019\/11\/84314229-embraer-800x450.webp\" width=\"800\" height=\"450\" alt=\"Joint venture entre Embraer e Boeing para nova aeronave \u00e9 nomeada\" fetchpriority=high \/>\n\t\t\t<\/picture>\n\n\t\t\t<figcaption class=\"wp-caption-text wp-caption-text--hide\">Joint venture entre Embraer e Boeing para nova aeronave \u00e9 nomeada <\/figcaption>\n\t\t<\/figure>\n\t<\/div>\n\n\n\n<p>\u201cA <strong>Boeing Embraer \u2013 Defense<\/strong> ir\u00e1 se basear no hist\u00f3rico de colabora\u00e7\u00e3o entre nossas empresas, no setor aeroespacial comercial e de defesa, para agregar maior valor ao <strong>C-390 Millennium<\/strong>, \u00e0 medida que o avi\u00e3o est\u00e1 entrando em servi\u00e7o e ir\u00e1 liderar a pr\u00f3xima gera\u00e7\u00e3o de aeronaves de transporte e mobilidade a\u00e9rea\u201d, disse o presidente da Boeing para a parceria com a Embraer e Opera\u00e7\u00f5es do Grupo, Marc Allen.<\/p>\n<p>O <strong>C-390 Millennium<\/strong> tem um menor custo do ciclo de vida em compara\u00e7\u00e3o com as demais aeronaves do mercado, al\u00e9m de vantagens dos motores a jato para operar em diferentes miss\u00f5es, atrelando maior mobilidade, design robusto, flexibilidade, tecnologia comprovada de ponta e manuten\u00e7\u00e3o mais f\u00e1cil e eficiente.<\/p>\n<p><a href=\"https:\/\/www.suno.com.br\/noticias\/embraer-recall-jatos-executivos-phenom-300\/\">Saiba mais: Embraer anuncia recall dos jatos executivos Phenom 300<\/a><\/p>\n<p>A aeronave pode ser usado para transporte de carga e tropas, reabastecimento a\u00e9reo, lan\u00e7amento a\u00e9reo de carga e paraquedistas, busca e salvamento, combate a\u00e9reo a inc\u00eandios e miss\u00f5es humanit\u00e1rias.<\/p>\n<p>\u201cCom o C-390 Millennium, poderemos oferecer a solu\u00e7\u00e3o adequada para nossos clientes, de acordo com suas necessidades espec\u00edficas\u201d, salientou Jackson Schneider, presidente e CEO da Embraer Defesa &amp; Seguran\u00e7a.<\/p>\n<h2>Embraer e Boeing projetam novas parcerias<\/h2>\n<p>O novo modelo possui a <strong>Certifica\u00e7\u00e3o Civil da Ag\u00eancia Nacional de Avia\u00e7\u00e3o Civil (Anac)<\/strong> desde o ano passado e agora est\u00e1 em processo de constru\u00e7\u00e3o. A parceria do <strong>C-390 Millennium<\/strong> \u00e9 uma das duas joint ventures planejadas entre as companhias.<\/p>\n\t<p>\n\t\t<a href=\"https:\/\/lp.suno.com.br\/cl\/impacto-tarifas-trump\/?utm_source=sunoresearch&#038;utm_medium=banner.noticias&#038;utm_campaign=_SNC903E88AA_\" target=\"_blank\" data-element=\"shortcode-suno-banner\" title=\"Banner SUNO, clique e saiba mais\">\n\t\t\t<picture>\n\t\t\t\t<source media=\"(max-width: 500px)\" srcset=\"https:\/\/files.sunoresearch.com.br\/n\/uploads\/2025\/07\/trump-mobile.webp\">\n\t\t\t\t<img class=\"newsContent__article__imgCapa newsContent__article__imgCapa--banner\"\n\t\t\t\t\tsrc=\"https:\/\/files.sunoresearch.com.br\/n\/uploads\/2025\/07\/trump-banner-desktop.webp\"\n\t\t\t\t\tdata-promo-id=\"613126\"\t\t\t\t\t\t\t\t\t\twidth='1000' height='325'\t\t\t\t\talt=\"https:\/\/files.sunoresearch.com.br\/n\/uploads\/2025\/07\/trump-banner-desktop.webp\"\n\t\t\t\t>\n\t\t\t<\/picture>\n\t\t<\/a>\n\t<\/p>\n\n\n<p>A segunda<strong> joint venture<\/strong>, a Boeing Brasil \u2013 Commercial, ser\u00e1 institu\u00edda pelas opera\u00e7\u00f5es de avia\u00e7\u00e3o comercial da <strong>Embraer<\/strong>, sendo dividida em 80% de participa\u00e7\u00e3o da Boeing e 20% da companhia brasileira.<\/p>\n<p><a href=\"https:\/\/www.suno.com.br\/noticias\/johnson-johnson-multa-reduzida-apos-juiz-errar-calculo\/\">Confira: Johnson &amp; Johnson tem multa reduzida ap\u00f3s juiz errar c\u00e1lculo<\/a><\/p>\n<p>Ambos os projetos continuam sujeitos \u00e0 aprova\u00e7\u00e3o de \u00f3rg\u00e3os regulat\u00f3rios e \u00e0s condi\u00e7\u00f5es habituais de conclus\u00e3o das transa\u00e7\u00f5es. Espera-se que o neg\u00f3cio entre <strong>Embraer<\/strong> e <strong>Boeing<\/strong> seja conclu\u00edda no in\u00edcio de 2020.<\/p>\n","protected":false},"excerpt":{"rendered":"<p>A Embraer (EMBR3) revelou, nesta segunda-feira (18), que sua joint venture com a Boeing, criada para estimular novos mercados para a aeronave multimiss\u00e3o C-390 MIllennium, foi nomedada de Boeing Embraer &#8211; Defense. Joint venture entre Embraer e Boeing para nova aeronave \u00e9 nomeada \u201cA Boeing Embraer \u2013 Defense ir\u00e1 se basear no hist\u00f3rico de colabora\u00e7\u00e3o [&hellip;]<\/p>\n","protected":false},"author":24,"featured_media":44935,"comment_status":"closed","ping_status":"closed","sticky":false,"template":"","format":"standard","meta":[],"categories":[64],"tags":[828,460,897],"suno_strategy":[],"class_list":["post-44928","post","type-post","status-publish","format-standard","has-post-thumbnail","hentry","category-negocios","tag-boeing-boei34","tag-embraer-embr3","tag-joint-venture"],"yoast_head":"<!-- This site is optimized with the Yoast SEO plugin v24.4 - https:\/\/yoast.com\/wordpress\/plugins\/seo\/ -->\n<title>Joint venture entre Embraer e Boeing para nova aeronave \u00e9 nomeada<\/title>\n<meta name=\"description\" content=\"A joint venture entre Embraer e Boeing, criada para estimular novos mercados, foi nomedada de Boeing Embraer - Defense. Saiba mais.\" \/>\n<meta name=\"robots\" content=\"index, follow, max-snippet:-1, max-image-preview:large, max-video-preview:-1\" \/>\n<link rel=\"canonical\" href=\"https:\/\/www.suno.com.br\/noticias\/joint-venture-embraer-boeing-e-nomeada\/\" \/>\n<meta property=\"og:locale\" content=\"pt_BR\" \/>\n<meta property=\"og:type\" content=\"article\" \/>\n<meta property=\"og:title\" content=\"Joint venture entre Embraer e Boeing para nova aeronave \u00e9 nomeada\" \/>\n<meta property=\"og:description\" content=\"A joint venture entre Embraer e Boeing, criada para estimular novos mercados, foi nomedada de Boeing Embraer - Defense. Saiba mais.\" \/>\n<meta property=\"og:url\" content=\"https:\/\/www.suno.com.br\/noticias\/joint-venture-embraer-boeing-e-nomeada\/\" \/>\n<meta property=\"og:site_name\" content=\"Suno Not\u00edcias\" \/>\n<meta property=\"article:publisher\" content=\"https:\/\/facebook.com\/sunoresearch\" \/>\n<meta property=\"og:image\" content=\"https:\/\/files.sunoresearch.com.br\/n\/uploads\/2019\/11\/84314229-embraer.jpg\" \/>\n\t<meta property=\"og:image:width\" content=\"1200\" \/>\n\t<meta property=\"og:image:height\" content=\"800\" \/>\n\t<meta property=\"og:image:type\" content=\"image\/jpeg\" \/>\n<meta name=\"author\" content=\"Jader Lazarini\" \/>\n<meta name=\"twitter:card\" content=\"summary_large_image\" \/>\n<meta name=\"twitter:creator\" content=\"@sunoresearch\" \/>\n<meta name=\"twitter:site\" content=\"@sunoresearch\" \/>\n<meta name=\"twitter:label1\" content=\"Escrito por\" \/>\n\t<meta name=\"twitter:data1\" content=\"Jader Lazarini\" \/>\n\t<meta name=\"twitter:label2\" content=\"Est. tempo de leitura\" \/>\n\t<meta name=\"twitter:data2\" content=\"2 minutos\" \/>\n<script type=\"application\/ld+json\" class=\"yoast-schema-graph\">{\"@context\":\"https:\/\/schema.org\",\"@graph\":[{\"@type\":\"NewsArticle\",\"@id\":\"https:\/\/www.suno.com.br\/noticias\/joint-venture-embraer-boeing-e-nomeada\/#article\",\"isPartOf\":{\"@id\":\"https:\/\/www.suno.com.br\/noticias\/joint-venture-embraer-boeing-e-nomeada\/\"},\"author\":{\"name\":\"Jader Lazarini\",\"@id\":\"https:\/\/www.suno.com.br\/noticias\/#\/schema\/person\/918d79de1f0281f01599b93f9ea6e23f\"},\"headline\":\"Joint venture entre Embraer e Boeing para nova aeronave \u00e9 nomeada\",\"datePublished\":\"2019-11-18T12:55:46+00:00\",\"dateModified\":\"2019-11-19T14:43:15+00:00\",\"mainEntityOfPage\":{\"@id\":\"https:\/\/www.suno.com.br\/noticias\/joint-venture-embraer-boeing-e-nomeada\/\"},\"wordCount\":383,\"publisher\":{\"@id\":\"https:\/\/www.suno.com.br\/noticias\/#organization\"},\"image\":{\"@id\":\"https:\/\/www.suno.com.br\/noticias\/joint-venture-embraer-boeing-e-nomeada\/#primaryimage\"},\"thumbnailUrl\":\"https:\/\/files.sunoresearch.com.br\/n\/uploads\/2019\/11\/84314229-embraer-jpg.webp\",\"keywords\":[\"Boeing (BOEI34)\",\"Embraer (EMBR3)\",\"joint venture\"],\"articleSection\":[\"Neg\u00f3cios\"],\"inLanguage\":\"pt-BR\"},{\"@type\":\"WebPage\",\"@id\":\"https:\/\/www.suno.com.br\/noticias\/joint-venture-embraer-boeing-e-nomeada\/\",\"url\":\"https:\/\/www.suno.com.br\/noticias\/joint-venture-embraer-boeing-e-nomeada\/\",\"name\":\"Joint venture entre Embraer e Boeing para nova aeronave \u00e9 nomeada\",\"isPartOf\":{\"@id\":\"https:\/\/www.suno.com.br\/noticias\/#website\"},\"primaryImageOfPage\":{\"@id\":\"https:\/\/www.suno.com.br\/noticias\/joint-venture-embraer-boeing-e-nomeada\/#primaryimage\"},\"image\":{\"@id\":\"https:\/\/www.suno.com.br\/noticias\/joint-venture-embraer-boeing-e-nomeada\/#primaryimage\"},\"thumbnailUrl\":\"https:\/\/files.sunoresearch.com.br\/n\/uploads\/2019\/11\/84314229-embraer-jpg.webp\",\"datePublished\":\"2019-11-18T12:55:46+00:00\",\"dateModified\":\"2019-11-19T14:43:15+00:00\",\"description\":\"A joint venture entre Embraer e Boeing, criada para estimular novos mercados, foi nomedada de Boeing Embraer - Defense. Saiba mais.\",\"breadcrumb\":{\"@id\":\"https:\/\/www.suno.com.br\/noticias\/joint-venture-embraer-boeing-e-nomeada\/#breadcrumb\"},\"inLanguage\":\"pt-BR\",\"potentialAction\":[{\"@type\":\"ReadAction\",\"target\":[\"https:\/\/www.suno.com.br\/noticias\/joint-venture-embraer-boeing-e-nomeada\/\"]}]},{\"@type\":\"ImageObject\",\"inLanguage\":\"pt-BR\",\"@id\":\"https:\/\/www.suno.com.br\/noticias\/joint-venture-embraer-boeing-e-nomeada\/#primaryimage\",\"url\":\"https:\/\/files.sunoresearch.com.br\/n\/uploads\/2019\/11\/84314229-embraer-jpg.webp\",\"contentUrl\":\"https:\/\/files.sunoresearch.com.br\/n\/uploads\/2019\/11\/84314229-embraer-jpg.webp\",\"width\":1200,\"height\":800,\"caption\":\"Joint venture entre Embraer e Boeing para nova aeronave \u00e9 nomeada\"},{\"@type\":\"BreadcrumbList\",\"@id\":\"https:\/\/www.suno.com.br\/noticias\/joint-venture-embraer-boeing-e-nomeada\/#breadcrumb\",\"itemListElement\":[{\"@type\":\"ListItem\",\"position\":1,\"name\":\"Not\u00edcias\",\"item\":\"https:\/\/www.suno.com.br\/noticias\/\"},{\"@type\":\"ListItem\",\"position\":2,\"name\":\"Neg\u00f3cios\",\"item\":\"https:\/\/www.suno.com.br\/noticias\/negocios\/\"},{\"@type\":\"ListItem\",\"position\":3,\"name\":\"Joint venture entre Embraer e Boeing para nova aeronave \u00e9 nomeada\"}]},{\"@type\":\"WebSite\",\"@id\":\"https:\/\/www.suno.com.br\/noticias\/#website\",\"url\":\"https:\/\/www.suno.com.br\/noticias\/\",\"name\":\"Suno Not\u00edcias\",\"description\":\"Seu portal de informa\u00e7\u00e3o sobre o mundo dos investimentos\",\"publisher\":{\"@id\":\"https:\/\/www.suno.com.br\/noticias\/#organization\"},\"potentialAction\":[{\"@type\":\"SearchAction\",\"target\":{\"@type\":\"EntryPoint\",\"urlTemplate\":\"https:\/\/www.suno.com.br\/noticias\/?s={search_term_string}\"},\"query-input\":{\"@type\":\"PropertyValueSpecification\",\"valueRequired\":true,\"valueName\":\"search_term_string\"}}],\"inLanguage\":\"pt-BR\"},{\"@type\":\"Organization\",\"@id\":\"https:\/\/www.suno.com.br\/noticias\/#organization\",\"name\":\"Suno Not\u00edcias\",\"url\":\"https:\/\/www.suno.com.br\/noticias\/\",\"logo\":{\"@type\":\"ImageObject\",\"inLanguage\":\"pt-BR\",\"@id\":\"https:\/\/www.suno.com.br\/noticias\/#\/schema\/logo\/image\/\",\"url\":\"https:\/\/files.sunoresearch.com.br\/n\/uploads\/2021\/09\/suno-logo.png\",\"contentUrl\":\"https:\/\/files.sunoresearch.com.br\/n\/uploads\/2021\/09\/suno-logo.png\",\"width\":180,\"height\":180,\"caption\":\"Suno Not\u00edcias\"},\"image\":{\"@id\":\"https:\/\/www.suno.com.br\/noticias\/#\/schema\/logo\/image\/\"},\"sameAs\":[\"https:\/\/facebook.com\/sunoresearch\",\"https:\/\/x.com\/sunoresearch\",\"https:\/\/www.instagram.com\/suno\",\"https:\/\/www.linkedin.com\/company\/suno-research\/\",\"https:\/\/www.youtube.com\/c\/sunoresearch\"]},{\"@type\":\"Person\",\"@id\":\"https:\/\/www.suno.com.br\/noticias\/#\/schema\/person\/918d79de1f0281f01599b93f9ea6e23f\",\"name\":\"Jader Lazarini\",\"image\":{\"@type\":\"ImageObject\",\"inLanguage\":\"pt-BR\",\"@id\":\"https:\/\/www.suno.com.br\/noticias\/#\/schema\/person\/image\/\",\"url\":\"https:\/\/secure.gravatar.com\/avatar\/3c1ad8caa51589841baeb923fcddea97?s=96&r=g\",\"contentUrl\":\"https:\/\/secure.gravatar.com\/avatar\/3c1ad8caa51589841baeb923fcddea97?s=96&r=g\",\"caption\":\"Jader Lazarini\"},\"description\":\"Jader Lazarini escreve sobre investimentos, finan\u00e7as, economia e neg\u00f3cios. \u00c9 bacharel em Rela\u00e7\u00f5es Internacionais e analista CNPI (2619).\",\"url\":\"https:\/\/www.suno.com.br\/noticias\/author\/jader-lazarini\/\"}]}<\/script>\n<!-- \/ Yoast SEO plugin. -->","yoast_head_json":{"title":"Joint venture entre Embraer e Boeing para nova aeronave \u00e9 nomeada","description":"A joint venture entre Embraer e Boeing, criada para estimular novos mercados, foi nomedada de Boeing Embraer - Defense. Saiba mais.","robots":{"index":"index","follow":"follow","max-snippet":"max-snippet:-1","max-image-preview":"max-image-preview:large","max-video-preview":"max-video-preview:-1"},"canonical":"https:\/\/www.suno.com.br\/noticias\/joint-venture-embraer-boeing-e-nomeada\/","og_locale":"pt_BR","og_type":"article","og_title":"Joint venture entre Embraer e Boeing para nova aeronave \u00e9 nomeada","og_description":"A joint venture entre Embraer e Boeing, criada para estimular novos mercados, foi nomedada de Boeing Embraer - Defense. Saiba mais.","og_url":"https:\/\/www.suno.com.br\/noticias\/joint-venture-embraer-boeing-e-nomeada\/","og_site_name":"Suno Not\u00edcias","article_publisher":"https:\/\/facebook.com\/sunoresearch","og_image":[{"width":1200,"height":800,"url":"https:\/\/files.sunoresearch.com.br\/n\/uploads\/2019\/11\/84314229-embraer.jpg","type":"image\/jpeg"}],"author":"Jader Lazarini","twitter_card":"summary_large_image","twitter_creator":"@sunoresearch","twitter_site":"@sunoresearch","twitter_misc":{"Escrito por":"Jader Lazarini","Est. tempo de leitura":"2 minutos"},"schema":{"@context":"https:\/\/schema.org","@graph":[{"@type":"NewsArticle","@id":"https:\/\/www.suno.com.br\/noticias\/joint-venture-embraer-boeing-e-nomeada\/#article","isPartOf":{"@id":"https:\/\/www.suno.com.br\/noticias\/joint-venture-embraer-boeing-e-nomeada\/"},"author":{"name":"Jader Lazarini","@id":"https:\/\/www.suno.com.br\/noticias\/#\/schema\/person\/918d79de1f0281f01599b93f9ea6e23f"},"headline":"Joint venture entre Embraer e Boeing para nova aeronave \u00e9 nomeada","datePublished":"2019-11-18T12:55:46+00:00","dateModified":"2019-11-19T14:43:15+00:00","mainEntityOfPage":{"@id":"https:\/\/www.suno.com.br\/noticias\/joint-venture-embraer-boeing-e-nomeada\/"},"wordCount":383,"publisher":{"@id":"https:\/\/www.suno.com.br\/noticias\/#organization"},"image":{"@id":"https:\/\/www.suno.com.br\/noticias\/joint-venture-embraer-boeing-e-nomeada\/#primaryimage"},"thumbnailUrl":"https:\/\/files.sunoresearch.com.br\/n\/uploads\/2019\/11\/84314229-embraer-jpg.webp","keywords":["Boeing (BOEI34)","Embraer (EMBR3)","joint venture"],"articleSection":["Neg\u00f3cios"],"inLanguage":"pt-BR"},{"@type":"WebPage","@id":"https:\/\/www.suno.com.br\/noticias\/joint-venture-embraer-boeing-e-nomeada\/","url":"https:\/\/www.suno.com.br\/noticias\/joint-venture-embraer-boeing-e-nomeada\/","name":"Joint venture entre Embraer e Boeing para nova aeronave \u00e9 nomeada","isPartOf":{"@id":"https:\/\/www.suno.com.br\/noticias\/#website"},"primaryImageOfPage":{"@id":"https:\/\/www.suno.com.br\/noticias\/joint-venture-embraer-boeing-e-nomeada\/#primaryimage"},"image":{"@id":"https:\/\/www.suno.com.br\/noticias\/joint-venture-embraer-boeing-e-nomeada\/#primaryimage"},"thumbnailUrl":"https:\/\/files.sunoresearch.com.br\/n\/uploads\/2019\/11\/84314229-embraer-jpg.webp","datePublished":"2019-11-18T12:55:46+00:00","dateModified":"2019-11-19T14:43:15+00:00","description":"A joint venture entre Embraer e Boeing, criada para estimular novos mercados, foi nomedada de Boeing Embraer - Defense. Saiba mais.","breadcrumb":{"@id":"https:\/\/www.suno.com.br\/noticias\/joint-venture-embraer-boeing-e-nomeada\/#breadcrumb"},"inLanguage":"pt-BR","potentialAction":[{"@type":"ReadAction","target":["https:\/\/www.suno.com.br\/noticias\/joint-venture-embraer-boeing-e-nomeada\/"]}]},{"@type":"ImageObject","inLanguage":"pt-BR","@id":"https:\/\/www.suno.com.br\/noticias\/joint-venture-embraer-boeing-e-nomeada\/#primaryimage","url":"https:\/\/files.sunoresearch.com.br\/n\/uploads\/2019\/11\/84314229-embraer-jpg.webp","contentUrl":"https:\/\/files.sunoresearch.com.br\/n\/uploads\/2019\/11\/84314229-embraer-jpg.webp","width":1200,"height":800,"caption":"Joint venture entre Embraer e Boeing para nova aeronave \u00e9 nomeada"},{"@type":"BreadcrumbList","@id":"https:\/\/www.suno.com.br\/noticias\/joint-venture-embraer-boeing-e-nomeada\/#breadcrumb","itemListElement":[{"@type":"ListItem","position":1,"name":"Not\u00edcias","item":"https:\/\/www.suno.com.br\/noticias\/"},{"@type":"ListItem","position":2,"name":"Neg\u00f3cios","item":"https:\/\/www.suno.com.br\/noticias\/negocios\/"},{"@type":"ListItem","position":3,"name":"Joint venture entre Embraer e Boeing para nova aeronave \u00e9 nomeada"}]},{"@type":"WebSite","@id":"https:\/\/www.suno.com.br\/noticias\/#website","url":"https:\/\/www.suno.com.br\/noticias\/","name":"Suno Not\u00edcias","description":"Seu portal de informa\u00e7\u00e3o sobre o mundo dos investimentos","publisher":{"@id":"https:\/\/www.suno.com.br\/noticias\/#organization"},"potentialAction":[{"@type":"SearchAction","target":{"@type":"EntryPoint","urlTemplate":"https:\/\/www.suno.com.br\/noticias\/?s={search_term_string}"},"query-input":{"@type":"PropertyValueSpecification","valueRequired":true,"valueName":"search_term_string"}}],"inLanguage":"pt-BR"},{"@type":"Organization","@id":"https:\/\/www.suno.com.br\/noticias\/#organization","name":"Suno Not\u00edcias","url":"https:\/\/www.suno.com.br\/noticias\/","logo":{"@type":"ImageObject","inLanguage":"pt-BR","@id":"https:\/\/www.suno.com.br\/noticias\/#\/schema\/logo\/image\/","url":"https:\/\/files.sunoresearch.com.br\/n\/uploads\/2021\/09\/suno-logo.png","contentUrl":"https:\/\/files.sunoresearch.com.br\/n\/uploads\/2021\/09\/suno-logo.png","width":180,"height":180,"caption":"Suno Not\u00edcias"},"image":{"@id":"https:\/\/www.suno.com.br\/noticias\/#\/schema\/logo\/image\/"},"sameAs":["https:\/\/facebook.com\/sunoresearch","https:\/\/x.com\/sunoresearch","https:\/\/www.instagram.com\/suno","https:\/\/www.linkedin.com\/company\/suno-research\/","https:\/\/www.youtube.com\/c\/sunoresearch"]},{"@type":"Person","@id":"https:\/\/www.suno.com.br\/noticias\/#\/schema\/person\/918d79de1f0281f01599b93f9ea6e23f","name":"Jader Lazarini","image":{"@type":"ImageObject","inLanguage":"pt-BR","@id":"https:\/\/www.suno.com.br\/noticias\/#\/schema\/person\/image\/","url":"https:\/\/secure.gravatar.com\/avatar\/3c1ad8caa51589841baeb923fcddea97?s=96&r=g","contentUrl":"https:\/\/secure.gravatar.com\/avatar\/3c1ad8caa51589841baeb923fcddea97?s=96&r=g","caption":"Jader Lazarini"},"description":"Jader Lazarini escreve sobre investimentos, finan\u00e7as, economia e neg\u00f3cios. \u00c9 bacharel em Rela\u00e7\u00f5es Internacionais e analista CNPI (2619).","url":"https:\/\/www.suno.com.br\/noticias\/author\/jader-lazarini\/"}]}},"default_loop_html":"<div class=\"cardsPage__listCard__boxs\"><div class=\"cardsPage__listCard__boxs__img\"><a href=\"https:\/\/www.suno.com.br\/noticias\/joint-venture-embraer-boeing-e-nomeada\/\"><img class=\"mask\" src=\"https:\/\/www.suno.com.br\/noticias\/wp-content\/themes\/suno\/resources\/images\/spotlight\/spotlight1img\/bg-mask.png\" alt=\"Image Mask\"\/><img src=\"https:\/\/files.sunoresearch.com.br\/n\/uploads\/2019\/11\/84314229-embraer-400x200.webp\" alt=\"Joint venture entre Embraer e Boeing para nova aeronave \u00e9 nomeada\"\/><\/a><span class=\"spotlightCategory\"><a href=\"https:\/\/www.suno.com.br\/noticias\/negocios\/\">Neg\u00f3cios<\/a><\/span><\/div><div class=\"cardsPage__listCard__boxs__content\"><a href=\"https:\/\/www.suno.com.br\/noticias\/joint-venture-embraer-boeing-e-nomeada\/\"><h2 class=\"content__title\">Joint venture entre Embraer e Boeing para nova aeronave \u00e9 nomeada<\/h2><\/a><div class=\"newsContent__article__meta\"><div class=\"newsContent__article__meta__authorBox\"><a href=\"https:\/\/www.suno.com.br\/noticias\/author\/jader-lazarini\/\" class=\"authorBox__avatar noMobi\"><img src=\"https:\/\/files.sunoresearch.com.br\/n\/uploads\/2021\/01\/178e6598-foto-perfil-2-150x150.jpg\" alt=\"Jader Lazarini\"><\/a><div class=\"authorBox__name\"><span>por\n\t\t\t<a href=\"https:\/\/www.suno.com.br\/noticias\/author\/jader-lazarini\/\"><span itemprop=\"author\">Jader Lazarini<\/span><\/a><\/span><time datetime=\"2019-11-18T10:55:46-03:00\" itemprop=\"datePublished\">18\/11\/2019 10:55<\/time><\/div><\/div><\/div><\/div><\/div>","single_layout":"posts","amp_enabled":true,"_links":{"self":[{"href":"https:\/\/www.suno.com.br\/noticias\/wp-json\/wp\/v2\/posts\/44928"}],"collection":[{"href":"https:\/\/www.suno.com.br\/noticias\/wp-json\/wp\/v2\/posts"}],"about":[{"href":"https:\/\/www.suno.com.br\/noticias\/wp-json\/wp\/v2\/types\/post"}],"author":[{"embeddable":true,"href":"https:\/\/www.suno.com.br\/noticias\/wp-json\/wp\/v2\/users\/24"}],"replies":[{"embeddable":true,"href":"https:\/\/www.suno.com.br\/noticias\/wp-json\/wp\/v2\/comments?post=44928"}],"version-history":[{"count":0,"href":"https:\/\/www.suno.com.br\/noticias\/wp-json\/wp\/v2\/posts\/44928\/revisions"}],"wp:featuredmedia":[{"embeddable":true,"href":"https:\/\/www.suno.com.br\/noticias\/wp-json\/wp\/v2\/media\/44935"}],"wp:attachment":[{"href":"https:\/\/www.suno.com.br\/noticias\/wp-json\/wp\/v2\/media?parent=44928"}],"wp:term":[{"taxonomy":"category","embeddable":true,"href":"https:\/\/www.suno.com.br\/noticias\/wp-json\/wp\/v2\/categories?post=44928"},{"taxonomy":"post_tag","embeddable":true,"href":"https:\/\/www.suno.com.br\/noticias\/wp-json\/wp\/v2\/tags?post=44928"},{"taxonomy":"suno_strategy","embeddable":true,"href":"https:\/\/www.suno.com.br\/noticias\/wp-json\/wp\/v2\/suno_strategy?post=44928"}],"curies":[{"name":"wp","href":"https:\/\/api.w.org\/{rel}","templated":true}]}}